{"id":999951,"date":"2018-09-29T21:15:05","date_gmt":"2018-09-29T21:15:05","guid":{"rendered":"https:\/\/www.eldigitaldeasturias.com\/noticias\/?p=999951"},"modified":"2018-09-29T21:15:05","modified_gmt":"2018-09-29T21:15:05","slug":"el-ceei-participa-en-una-mision-tecnologica-en-brasil","status":"publish","type":"post","link":"https:\/\/www.eldigitaldeasturias.com\/noticias\/el-ceei-participa-en-una-mision-tecnologica-en-brasil\/","title":{"rendered":"El CEEI participa en una misi\u00f3n tecnol\u00f3gica en Brasil"},"content":{"rendered":"<p><img loading=\"lazy\" decoding=\"async\" class=\"alignleft size-medium wp-image-999952\" src=\"https:\/\/www.eldigitaldeasturias.com\/noticias\/wp-content\/uploads\/2018\/09\/earth-2254769_960_720-360x221.jpg\" alt=\"\" width=\"360\" height=\"221\" srcset=\"https:\/\/www.eldigitaldeasturias.com\/noticias\/wp-content\/uploads\/2018\/09\/earth-2254769_960_720-360x221.jpg 360w, https:\/\/www.eldigitaldeasturias.com\/noticias\/wp-content\/uploads\/2018\/09\/earth-2254769_960_720-768x472.jpg 768w, https:\/\/www.eldigitaldeasturias.com\/noticias\/wp-content\/uploads\/2018\/09\/earth-2254769_960_720-650x399.jpg 650w, https:\/\/www.eldigitaldeasturias.com\/noticias\/wp-content\/uploads\/2018\/09\/earth-2254769_960_720.jpg 960w\" sizes=\"auto, (max-width: 360px) 100vw, 360px\" \/>El Centro Europeo de Empresas e Innovaci\u00f3n (CEEI) participa estos d\u00edas en una misi\u00f3n en Sao Paulo (Brasil) junto con las empresas biotecnol\u00f3gicas asturianas Micrux Fluidic y Bioquochem, que explorar\u00e1n posibles acuerdos de colaboraci\u00f3n para acceder a nuevos mercados.<\/p>\n<p>El programa de trabajo para Sao Paulo incluye la participaci\u00f3n de la delegaci\u00f3n asturiana en un congreso de innovaci\u00f3n e inversi\u00f3n, as\u00ed como visitas a la incubadora de empresas de base tecnol\u00f3gica de Sao Paulo, la agencia de innovaci\u00f3n USP, la plataforma Distrito y la aceleradora Innobra. Tambi\u00e9n se organizar\u00e1n encuentros con emprendedores y firmas de \u00e9xito.<\/p>\n<p>Esta misi\u00f3n favorecer\u00e1 que las compa\u00f1\u00edas asturianas compartan experiencias y exploren nuevos mercados o acuerdos de colaboraci\u00f3n con empresas brasile\u00f1as. Con este fin, Micrux Fluidic, dedicada al desarrollo y comercializaci\u00f3n de sistemas miniaturizados de an\u00e1lisis totalmente port\u00e1tiles, y Bioquochem, que desarrolla equipos port\u00e1tiles para la medici\u00f3n de la capacidad antioxidante, celebrar\u00e1n 22 reuniones.<\/p>\n<p>El viaje a Brasil es una de las acciones previstas en el marco del proyecto comunitario Ryme+, centrado en el desarrollo de la estructura productiva del sudoeste europeo mediante el aumento de la competitividad y el desarrollo tecnol\u00f3gico de sus pymes. Esta iniciativa, financiada con fondos Feder, apoya la orientaci\u00f3n de las peque\u00f1as y medianas compa\u00f1\u00edas hacia mercados extranjeros para que intercambien buenas pr\u00e1cticas y establezcan relaciones comerciales.<\/p>\n<p>Ryme+, que cuenta con el apoyo del Idepa y Asturex, est\u00e1 integrado por un consorcio de nueves socios entre los que se encuentran centros europeos de empresas e innovaci\u00f3n, c\u00e1maras de comercio e industria y empresas de Nouvelle-Aquitaine (Francia), centro y norte de Portugal, Murcia y Asturias.<\/p>\n","protected":false},"excerpt":{"rendered":"<p>El Centro Europeo de Empresas e Innovaci\u00f3n (CEEI) participa estos d\u00edas en una misi\u00f3n en Sao Paulo (Brasil) junto con las empresas biotecnol\u00f3gicas asturianas Micrux Fluidic y Bioquochem, que explorar\u00e1n posibles acuerdos de colaboraci\u00f3n para acceder a nuevos mercados. El programa de trabajo para Sao Paulo incluye la participaci\u00f3n de la delegaci\u00f3n asturiana en un [&hellip;]<\/p>\n","protected":false},"author":1,"featured_media":999952,"comment_status":"closed","ping_status":"closed","sticky":false,"template":"","format":"standard","meta":{"footnotes":""},"categories":[187],"tags":[],"class_list":["post-999951","post","type-post","status-publish","format-standard","has-post-thumbnail","hentry","category-economia"],"aioseo_notices":[],"aioseo_head":"\n\t\t<!-- All in One SEO Pro 4.9.6.2 - aioseo.com -->\n\t<meta name=\"description\" content=\"El Centro Europeo de Empresas e Innovaci\u00f3n (CEEI) participa estos d\u00edas en una misi\u00f3n en Sao Paulo (Brasil) junto con las empresas biotecnol\u00f3gicas asturianas Micrux Fluidic y Bioquochem, que explorar\u00e1n posibles acuerdos de colaboraci\u00f3n para acceder a nuevos mercados. El programa de trabajo para Sao Paulo incluye la participaci\u00f3n de la delegaci\u00f3n asturiana en un\" \/>\n\t<meta name=\"robots\" content=\"max-image-preview:large\" \/>\n\t<meta name=\"author\" content=\"El Digital de Asturias\"\/>\n\t<meta name=\"google-site-verification\" content=\"UA-38556648-1\" \/>\n\t<meta name=\"msvalidate.01\" content=\"7dfe9f3f1b24437ab69f4f2559babe99\" \/>\n\t<meta name=\"keywords\" content=\"econom\u00eda\" \/>\n\t<link rel=\"canonical\" href=\"https:\/\/www.eldigitaldeasturias.com\/noticias\/el-ceei-participa-en-una-mision-tecnologica-en-brasil\/\" \/>\n\t<meta name=\"generator\" content=\"All in One SEO Pro (AIOSEO) 4.9.6.2\" \/>\n\t\t<meta property=\"og:locale\" content=\"es_ES\" \/>\n\t\t<meta property=\"og:site_name\" content=\"El Digital de Asturias\" \/>\n\t\t<meta property=\"og:type\" content=\"article\" \/>\n\t\t<meta property=\"og:title\" content=\"El CEEI participa en una misi\u00f3n tecnol\u00f3gica en Brasil - El Digital de Asturias\" \/>\n\t\t<meta property=\"og:description\" content=\"El Centro Europeo de Empresas e Innovaci\u00f3n (CEEI) participa estos d\u00edas en una misi\u00f3n en Sao Paulo (Brasil) junto con las empresas biotecnol\u00f3gicas asturianas Micrux Fluidic y Bioquochem, que explorar\u00e1n posibles acuerdos de colaboraci\u00f3n para acceder a nuevos mercados. El programa de trabajo para Sao Paulo incluye la participaci\u00f3n de la delegaci\u00f3n asturiana en un\" \/>\n\t\t<meta property=\"og:url\" content=\"https:\/\/www.eldigitaldeasturias.com\/noticias\/el-ceei-participa-en-una-mision-tecnologica-en-brasil\/\" \/>\n\t\t<meta property=\"og:image\" content=\"https:\/\/www.eldigitaldeasturias.com\/noticias\/wp-content\/uploads\/2018\/09\/earth-2254769_960_720.jpg\" \/>\n\t\t<meta property=\"og:image:secure_url\" content=\"https:\/\/www.eldigitaldeasturias.com\/noticias\/wp-content\/uploads\/2018\/09\/earth-2254769_960_720.jpg\" \/>\n\t\t<meta property=\"og:image:width\" content=\"960\" \/>\n\t\t<meta property=\"og:image:height\" content=\"590\" \/>\n\t\t<meta property=\"article:tag\" content=\"econom\u00eda\" \/>\n\t\t<meta property=\"article:published_time\" content=\"2018-09-29T21:15:05+00:00\" \/>\n\t\t<meta property=\"article:modified_time\" content=\"2018-09-29T21:15:05+00:00\" \/>\n\t\t<meta property=\"article:publisher\" content=\"https:\/\/facebook.com\/eldigitaldeasturias\" \/>\n\t\t<meta name=\"twitter:card\" content=\"summary_large_image\" \/>\n\t\t<meta name=\"twitter:title\" content=\"El CEEI participa en una misi\u00f3n tecnol\u00f3gica en Brasil - El Digital de Asturias\" \/>\n\t\t<meta name=\"twitter:description\" content=\"El Centro Europeo de Empresas e Innovaci\u00f3n (CEEI) participa estos d\u00edas en una misi\u00f3n en Sao Paulo (Brasil) junto con las empresas biotecnol\u00f3gicas asturianas Micrux Fluidic y Bioquochem, que explorar\u00e1n posibles acuerdos de colaboraci\u00f3n para acceder a nuevos mercados. El programa de trabajo para Sao Paulo incluye la participaci\u00f3n de la delegaci\u00f3n asturiana en un\" \/>\n\t\t<meta name=\"twitter:image\" content=\"https:\/\/www.eldigitaldeasturias.com\/noticias\/wp-content\/uploads\/2018\/09\/earth-2254769_960_720.jpg\" \/>\n\t\t<meta name=\"twitter:label1\" content=\"Escrito por\" \/>\n\t\t<meta name=\"twitter:data1\" content=\"El Digital de Asturias\" \/>\n\t\t<meta name=\"twitter:label2\" content=\"Tiempo de lectura estimado\" \/>\n\t\t<meta name=\"twitter:data2\" content=\"1 minuto\" \/>\n\t\t<script type=\"application\/ld+json\" class=\"aioseo-schema\">\n\t\t\t{\"@context\":\"https:\\\/\\\/schema.org\",\"@graph\":[{\"@type\":\"BlogPosting\",\"@id\":\"https:\\\/\\\/www.eldigitaldeasturias.com\\\/noticias\\\/el-ceei-participa-en-una-mision-tecnologica-en-brasil\\\/#blogposting\",\"name\":\"El CEEI participa en una misi\\u00f3n tecnol\\u00f3gica en Brasil - El Digital de Asturias\",\"headline\":\"El CEEI participa en una misi\\u00f3n tecnol\\u00f3gica en Brasil\",\"author\":{\"@id\":\"https:\\\/\\\/www.eldigitaldeasturias.com\\\/noticias\\\/author\\\/admin\\\/#author\"},\"publisher\":{\"@id\":\"https:\\\/\\\/www.eldigitaldeasturias.com\\\/noticias\\\/#organization\"},\"image\":{\"@type\":\"ImageObject\",\"url\":\"https:\\\/\\\/www.eldigitaldeasturias.com\\\/noticias\\\/wp-content\\\/uploads\\\/2018\\\/09\\\/earth-2254769_960_720.jpg\",\"width\":960,\"height\":590},\"datePublished\":\"2018-09-29T21:15:05+02:00\",\"dateModified\":\"2018-09-29T21:15:05+02:00\",\"inLanguage\":\"es-ES\",\"mainEntityOfPage\":{\"@id\":\"https:\\\/\\\/www.eldigitaldeasturias.com\\\/noticias\\\/el-ceei-participa-en-una-mision-tecnologica-en-brasil\\\/#webpage\"},\"isPartOf\":{\"@id\":\"https:\\\/\\\/www.eldigitaldeasturias.com\\\/noticias\\\/el-ceei-participa-en-una-mision-tecnologica-en-brasil\\\/#webpage\"},\"articleSection\":\"Econom\\u00eda\"},{\"@type\":\"BreadcrumbList\",\"@id\":\"https:\\\/\\\/www.eldigitaldeasturias.com\\\/noticias\\\/el-ceei-participa-en-una-mision-tecnologica-en-brasil\\\/#breadcrumblist\",\"itemListElement\":[{\"@type\":\"ListItem\",\"@id\":\"https:\\\/\\\/www.eldigitaldeasturias.com\\\/noticias#listItem\",\"position\":1,\"name\":\"Home\",\"item\":\"https:\\\/\\\/www.eldigitaldeasturias.com\\\/noticias\",\"nextItem\":{\"@type\":\"ListItem\",\"@id\":\"https:\\\/\\\/www.eldigitaldeasturias.com\\\/noticias\\\/category\\\/economia\\\/#listItem\",\"name\":\"Econom\\u00eda\"}},{\"@type\":\"ListItem\",\"@id\":\"https:\\\/\\\/www.eldigitaldeasturias.com\\\/noticias\\\/category\\\/economia\\\/#listItem\",\"position\":2,\"name\":\"Econom\\u00eda\",\"item\":\"https:\\\/\\\/www.eldigitaldeasturias.com\\\/noticias\\\/category\\\/economia\\\/\",\"nextItem\":{\"@type\":\"ListItem\",\"@id\":\"https:\\\/\\\/www.eldigitaldeasturias.com\\\/noticias\\\/el-ceei-participa-en-una-mision-tecnologica-en-brasil\\\/#listItem\",\"name\":\"El CEEI participa en una misi\\u00f3n tecnol\\u00f3gica en Brasil\"},\"previousItem\":{\"@type\":\"ListItem\",\"@id\":\"https:\\\/\\\/www.eldigitaldeasturias.com\\\/noticias#listItem\",\"name\":\"Home\"}},{\"@type\":\"ListItem\",\"@id\":\"https:\\\/\\\/www.eldigitaldeasturias.com\\\/noticias\\\/el-ceei-participa-en-una-mision-tecnologica-en-brasil\\\/#listItem\",\"position\":3,\"name\":\"El CEEI participa en una misi\\u00f3n tecnol\\u00f3gica en Brasil\",\"previousItem\":{\"@type\":\"ListItem\",\"@id\":\"https:\\\/\\\/www.eldigitaldeasturias.com\\\/noticias\\\/category\\\/economia\\\/#listItem\",\"name\":\"Econom\\u00eda\"}}]},{\"@type\":\"Organization\",\"@id\":\"https:\\\/\\\/www.eldigitaldeasturias.com\\\/noticias\\\/#organization\",\"name\":\"El Digital de Asturias\",\"description\":\"Hemeroteca\",\"url\":\"https:\\\/\\\/www.eldigitaldeasturias.com\\\/noticias\\\/\",\"email\":\"info@eldigitaldeasturias.com\",\"telephone\":\"+34652131393\",\"logo\":{\"@type\":\"ImageObject\",\"url\":\"https:\\\/\\\/www.eldigitaldeasturias.com\\\/noticias\\\/wp-content\\\/uploads\\\/2020\\\/12\\\/EDA.jpg\",\"@id\":\"https:\\\/\\\/www.eldigitaldeasturias.com\\\/noticias\\\/el-ceei-participa-en-una-mision-tecnologica-en-brasil\\\/#organizationLogo\",\"width\":649,\"height\":297},\"image\":{\"@id\":\"https:\\\/\\\/www.eldigitaldeasturias.com\\\/noticias\\\/el-ceei-participa-en-una-mision-tecnologica-en-brasil\\\/#organizationLogo\"},\"sameAs\":[\"https:\\\/\\\/facebook.com\\\/eldigitaldeasturias\",\"https:\\\/\\\/www.youtube.com\\\/channel\\\/UCZP-2wLEB9Rv6erhFmqVnvg\"],\"address\":{\"@id\":\"https:\\\/\\\/www.eldigitaldeasturias.com\\\/noticias\\\/#postaladdress\",\"@type\":\"PostalAddress\",\"streetAddress\":\"san antonio 4,\",\"postalCode\":\"33430\",\"addressLocality\":\"Cand\\u00e1s\",\"addressRegion\":\"Asturias\",\"addressCountry\":\"ES\"}},{\"@type\":\"Person\",\"@id\":\"https:\\\/\\\/www.eldigitaldeasturias.com\\\/noticias\\\/author\\\/admin\\\/#author\",\"url\":\"https:\\\/\\\/www.eldigitaldeasturias.com\\\/noticias\\\/author\\\/admin\\\/\",\"name\":\"El Digital de Asturias\",\"image\":{\"@type\":\"ImageObject\",\"@id\":\"https:\\\/\\\/www.eldigitaldeasturias.com\\\/noticias\\\/el-ceei-participa-en-una-mision-tecnologica-en-brasil\\\/#authorImage\",\"url\":\"https:\\\/\\\/www.eldigitaldeasturias.com\\\/noticias\\\/wp-content\\\/litespeed\\\/avatar\\\/18677e78aa0546b92d9dbf31ec7d7668.jpg?ver=1777290358\",\"width\":96,\"height\":96,\"caption\":\"El Digital de Asturias\"}},{\"@type\":\"WebPage\",\"@id\":\"https:\\\/\\\/www.eldigitaldeasturias.com\\\/noticias\\\/el-ceei-participa-en-una-mision-tecnologica-en-brasil\\\/#webpage\",\"url\":\"https:\\\/\\\/www.eldigitaldeasturias.com\\\/noticias\\\/el-ceei-participa-en-una-mision-tecnologica-en-brasil\\\/\",\"name\":\"El CEEI participa en una misi\\u00f3n tecnol\\u00f3gica en Brasil - El Digital de Asturias\",\"description\":\"El Centro Europeo de Empresas e Innovaci\\u00f3n (CEEI) participa estos d\\u00edas en una misi\\u00f3n en Sao Paulo (Brasil) junto con las empresas biotecnol\\u00f3gicas asturianas Micrux Fluidic y Bioquochem, que explorar\\u00e1n posibles acuerdos de colaboraci\\u00f3n para acceder a nuevos mercados. El programa de trabajo para Sao Paulo incluye la participaci\\u00f3n de la delegaci\\u00f3n asturiana en un\",\"inLanguage\":\"es-ES\",\"isPartOf\":{\"@id\":\"https:\\\/\\\/www.eldigitaldeasturias.com\\\/noticias\\\/#website\"},\"breadcrumb\":{\"@id\":\"https:\\\/\\\/www.eldigitaldeasturias.com\\\/noticias\\\/el-ceei-participa-en-una-mision-tecnologica-en-brasil\\\/#breadcrumblist\"},\"author\":{\"@id\":\"https:\\\/\\\/www.eldigitaldeasturias.com\\\/noticias\\\/author\\\/admin\\\/#author\"},\"creator\":{\"@id\":\"https:\\\/\\\/www.eldigitaldeasturias.com\\\/noticias\\\/author\\\/admin\\\/#author\"},\"image\":{\"@type\":\"ImageObject\",\"url\":\"https:\\\/\\\/www.eldigitaldeasturias.com\\\/noticias\\\/wp-content\\\/uploads\\\/2018\\\/09\\\/earth-2254769_960_720.jpg\",\"@id\":\"https:\\\/\\\/www.eldigitaldeasturias.com\\\/noticias\\\/el-ceei-participa-en-una-mision-tecnologica-en-brasil\\\/#mainImage\",\"width\":960,\"height\":590},\"primaryImageOfPage\":{\"@id\":\"https:\\\/\\\/www.eldigitaldeasturias.com\\\/noticias\\\/el-ceei-participa-en-una-mision-tecnologica-en-brasil\\\/#mainImage\"},\"datePublished\":\"2018-09-29T21:15:05+02:00\",\"dateModified\":\"2018-09-29T21:15:05+02:00\"},{\"@type\":\"WebSite\",\"@id\":\"https:\\\/\\\/www.eldigitaldeasturias.com\\\/noticias\\\/#website\",\"url\":\"https:\\\/\\\/www.eldigitaldeasturias.com\\\/noticias\\\/\",\"name\":\"El Digital de Asturias - Diario de actualidad y noticias\",\"alternateName\":\"El Digital de Asturias - Diario de actualidad y noticias\",\"description\":\"Hemeroteca\",\"inLanguage\":\"es-ES\",\"publisher\":{\"@id\":\"https:\\\/\\\/www.eldigitaldeasturias.com\\\/noticias\\\/#organization\"}}]}\n\t\t<\/script>\n\t\t<!-- All in One SEO Pro -->\r\n\t\t<title>El CEEI participa en una misi\u00f3n tecnol\u00f3gica en Brasil - El Digital de Asturias<\/title>\n\n","aioseo_head_json":{"title":"El CEEI participa en una misi\u00f3n tecnol\u00f3gica en Brasil - El Digital de Asturias","description":"El Centro Europeo de Empresas e Innovaci\u00f3n (CEEI) participa estos d\u00edas en una misi\u00f3n en Sao Paulo (Brasil) junto con las empresas biotecnol\u00f3gicas asturianas Micrux Fluidic y Bioquochem, que explorar\u00e1n posibles acuerdos de colaboraci\u00f3n para acceder a nuevos mercados. El programa de trabajo para Sao Paulo incluye la participaci\u00f3n de la delegaci\u00f3n asturiana en un","canonical_url":"https:\/\/www.eldigitaldeasturias.com\/noticias\/el-ceei-participa-en-una-mision-tecnologica-en-brasil\/","robots":"max-image-preview:large","keywords":"econom\u00eda","webmasterTools":{"google-site-verification":"UA-38556648-1","msvalidate.01":"7dfe9f3f1b24437ab69f4f2559babe99","miscellaneous":""},"schema":{"@context":"https:\/\/schema.org","@graph":[{"@type":"BlogPosting","@id":"https:\/\/www.eldigitaldeasturias.com\/noticias\/el-ceei-participa-en-una-mision-tecnologica-en-brasil\/#blogposting","name":"El CEEI participa en una misi\u00f3n tecnol\u00f3gica en Brasil - El Digital de Asturias","headline":"El CEEI participa en una misi\u00f3n tecnol\u00f3gica en Brasil","author":{"@id":"https:\/\/www.eldigitaldeasturias.com\/noticias\/author\/admin\/#author"},"publisher":{"@id":"https:\/\/www.eldigitaldeasturias.com\/noticias\/#organization"},"image":{"@type":"ImageObject","url":"https:\/\/www.eldigitaldeasturias.com\/noticias\/wp-content\/uploads\/2018\/09\/earth-2254769_960_720.jpg","width":960,"height":590},"datePublished":"2018-09-29T21:15:05+02:00","dateModified":"2018-09-29T21:15:05+02:00","inLanguage":"es-ES","mainEntityOfPage":{"@id":"https:\/\/www.eldigitaldeasturias.com\/noticias\/el-ceei-participa-en-una-mision-tecnologica-en-brasil\/#webpage"},"isPartOf":{"@id":"https:\/\/www.eldigitaldeasturias.com\/noticias\/el-ceei-participa-en-una-mision-tecnologica-en-brasil\/#webpage"},"articleSection":"Econom\u00eda"},{"@type":"BreadcrumbList","@id":"https:\/\/www.eldigitaldeasturias.com\/noticias\/el-ceei-participa-en-una-mision-tecnologica-en-brasil\/#breadcrumblist","itemListElement":[{"@type":"ListItem","@id":"https:\/\/www.eldigitaldeasturias.com\/noticias#listItem","position":1,"name":"Home","item":"https:\/\/www.eldigitaldeasturias.com\/noticias","nextItem":{"@type":"ListItem","@id":"https:\/\/www.eldigitaldeasturias.com\/noticias\/category\/economia\/#listItem","name":"Econom\u00eda"}},{"@type":"ListItem","@id":"https:\/\/www.eldigitaldeasturias.com\/noticias\/category\/economia\/#listItem","position":2,"name":"Econom\u00eda","item":"https:\/\/www.eldigitaldeasturias.com\/noticias\/category\/economia\/","nextItem":{"@type":"ListItem","@id":"https:\/\/www.eldigitaldeasturias.com\/noticias\/el-ceei-participa-en-una-mision-tecnologica-en-brasil\/#listItem","name":"El CEEI participa en una misi\u00f3n tecnol\u00f3gica en Brasil"},"previousItem":{"@type":"ListItem","@id":"https:\/\/www.eldigitaldeasturias.com\/noticias#listItem","name":"Home"}},{"@type":"ListItem","@id":"https:\/\/www.eldigitaldeasturias.com\/noticias\/el-ceei-participa-en-una-mision-tecnologica-en-brasil\/#listItem","position":3,"name":"El CEEI participa en una misi\u00f3n tecnol\u00f3gica en Brasil","previousItem":{"@type":"ListItem","@id":"https:\/\/www.eldigitaldeasturias.com\/noticias\/category\/economia\/#listItem","name":"Econom\u00eda"}}]},{"@type":"Organization","@id":"https:\/\/www.eldigitaldeasturias.com\/noticias\/#organization","name":"El Digital de Asturias","description":"Hemeroteca","url":"https:\/\/www.eldigitaldeasturias.com\/noticias\/","email":"info@eldigitaldeasturias.com","telephone":"+34652131393","logo":{"@type":"ImageObject","url":"https:\/\/www.eldigitaldeasturias.com\/noticias\/wp-content\/uploads\/2020\/12\/EDA.jpg","@id":"https:\/\/www.eldigitaldeasturias.com\/noticias\/el-ceei-participa-en-una-mision-tecnologica-en-brasil\/#organizationLogo","width":649,"height":297},"image":{"@id":"https:\/\/www.eldigitaldeasturias.com\/noticias\/el-ceei-participa-en-una-mision-tecnologica-en-brasil\/#organizationLogo"},"sameAs":["https:\/\/facebook.com\/eldigitaldeasturias","https:\/\/www.youtube.com\/channel\/UCZP-2wLEB9Rv6erhFmqVnvg"],"address":{"@id":"https:\/\/www.eldigitaldeasturias.com\/noticias\/#postaladdress","@type":"PostalAddress","streetAddress":"san antonio 4,","postalCode":"33430","addressLocality":"Cand\u00e1s","addressRegion":"Asturias","addressCountry":"ES"}},{"@type":"Person","@id":"https:\/\/www.eldigitaldeasturias.com\/noticias\/author\/admin\/#author","url":"https:\/\/www.eldigitaldeasturias.com\/noticias\/author\/admin\/","name":"El Digital de Asturias","image":{"@type":"ImageObject","@id":"https:\/\/www.eldigitaldeasturias.com\/noticias\/el-ceei-participa-en-una-mision-tecnologica-en-brasil\/#authorImage","url":"https:\/\/www.eldigitaldeasturias.com\/noticias\/wp-content\/litespeed\/avatar\/18677e78aa0546b92d9dbf31ec7d7668.jpg?ver=1777290358","width":96,"height":96,"caption":"El Digital de Asturias"}},{"@type":"WebPage","@id":"https:\/\/www.eldigitaldeasturias.com\/noticias\/el-ceei-participa-en-una-mision-tecnologica-en-brasil\/#webpage","url":"https:\/\/www.eldigitaldeasturias.com\/noticias\/el-ceei-participa-en-una-mision-tecnologica-en-brasil\/","name":"El CEEI participa en una misi\u00f3n tecnol\u00f3gica en Brasil - El Digital de Asturias","description":"El Centro Europeo de Empresas e Innovaci\u00f3n (CEEI) participa estos d\u00edas en una misi\u00f3n en Sao Paulo (Brasil) junto con las empresas biotecnol\u00f3gicas asturianas Micrux Fluidic y Bioquochem, que explorar\u00e1n posibles acuerdos de colaboraci\u00f3n para acceder a nuevos mercados. El programa de trabajo para Sao Paulo incluye la participaci\u00f3n de la delegaci\u00f3n asturiana en un","inLanguage":"es-ES","isPartOf":{"@id":"https:\/\/www.eldigitaldeasturias.com\/noticias\/#website"},"breadcrumb":{"@id":"https:\/\/www.eldigitaldeasturias.com\/noticias\/el-ceei-participa-en-una-mision-tecnologica-en-brasil\/#breadcrumblist"},"author":{"@id":"https:\/\/www.eldigitaldeasturias.com\/noticias\/author\/admin\/#author"},"creator":{"@id":"https:\/\/www.eldigitaldeasturias.com\/noticias\/author\/admin\/#author"},"image":{"@type":"ImageObject","url":"https:\/\/www.eldigitaldeasturias.com\/noticias\/wp-content\/uploads\/2018\/09\/earth-2254769_960_720.jpg","@id":"https:\/\/www.eldigitaldeasturias.com\/noticias\/el-ceei-participa-en-una-mision-tecnologica-en-brasil\/#mainImage","width":960,"height":590},"primaryImageOfPage":{"@id":"https:\/\/www.eldigitaldeasturias.com\/noticias\/el-ceei-participa-en-una-mision-tecnologica-en-brasil\/#mainImage"},"datePublished":"2018-09-29T21:15:05+02:00","dateModified":"2018-09-29T21:15:05+02:00"},{"@type":"WebSite","@id":"https:\/\/www.eldigitaldeasturias.com\/noticias\/#website","url":"https:\/\/www.eldigitaldeasturias.com\/noticias\/","name":"El Digital de Asturias - Diario de actualidad y noticias","alternateName":"El Digital de Asturias - Diario de actualidad y noticias","description":"Hemeroteca","inLanguage":"es-ES","publisher":{"@id":"https:\/\/www.eldigitaldeasturias.com\/noticias\/#organization"}}]},"og:locale":"es_ES","og:site_name":"El Digital de Asturias","og:type":"article","og:title":"El CEEI participa en una misi\u00f3n tecnol\u00f3gica en Brasil - El Digital de Asturias","og:description":"El Centro Europeo de Empresas e Innovaci\u00f3n (CEEI) participa estos d\u00edas en una misi\u00f3n en Sao Paulo (Brasil) junto con las empresas biotecnol\u00f3gicas asturianas Micrux Fluidic y Bioquochem, que explorar\u00e1n posibles acuerdos de colaboraci\u00f3n para acceder a nuevos mercados. El programa de trabajo para Sao Paulo incluye la participaci\u00f3n de la delegaci\u00f3n asturiana en un","og:url":"https:\/\/www.eldigitaldeasturias.com\/noticias\/el-ceei-participa-en-una-mision-tecnologica-en-brasil\/","og:image":"https:\/\/www.eldigitaldeasturias.com\/noticias\/wp-content\/uploads\/2018\/09\/earth-2254769_960_720.jpg","og:image:secure_url":"https:\/\/www.eldigitaldeasturias.com\/noticias\/wp-content\/uploads\/2018\/09\/earth-2254769_960_720.jpg","og:image:width":960,"og:image:height":590,"article:tag":["econom\u00eda"],"article:published_time":"2018-09-29T21:15:05+00:00","article:modified_time":"2018-09-29T21:15:05+00:00","article:publisher":"https:\/\/facebook.com\/eldigitaldeasturias","twitter:card":"summary_large_image","twitter:title":"El CEEI participa en una misi\u00f3n tecnol\u00f3gica en Brasil - El Digital de Asturias","twitter:description":"El Centro Europeo de Empresas e Innovaci\u00f3n (CEEI) participa estos d\u00edas en una misi\u00f3n en Sao Paulo (Brasil) junto con las empresas biotecnol\u00f3gicas asturianas Micrux Fluidic y Bioquochem, que explorar\u00e1n posibles acuerdos de colaboraci\u00f3n para acceder a nuevos mercados. El programa de trabajo para Sao Paulo incluye la participaci\u00f3n de la delegaci\u00f3n asturiana en un","twitter:image":"https:\/\/www.eldigitaldeasturias.com\/noticias\/wp-content\/uploads\/2018\/09\/earth-2254769_960_720.jpg","twitter:label1":"Escrito por","twitter:data1":"El Digital de Asturias","twitter:label2":"Tiempo de lectura estimado","twitter:data2":"1 minuto"},"aioseo_meta_data":{"post_id":"999951","title":null,"description":null,"keywords":null,"keyphrases":null,"primary_term":null,"canonical_url":null,"og_title":null,"og_description":null,"og_object_type":"default","og_image_type":"default","og_image_url":null,"og_image_width":null,"og_image_height":null,"og_image_custom_url":null,"og_image_custom_fields":null,"og_video":null,"og_custom_url":null,"og_article_section":null,"og_article_tags":null,"twitter_use_og":false,"twitter_card":"default","twitter_image_type":"default","twitter_image_url":null,"twitter_image_custom_url":null,"twitter_image_custom_fields":null,"twitter_title":null,"twitter_description":null,"schema":{"blockGraphs":[],"customGraphs":[],"default":{"data":{"Article":[],"Course":[],"Dataset":[],"FAQPage":[],"Movie":[],"Person":[],"Product":[],"ProductReview":[],"Car":[],"Recipe":[],"Service":[],"SoftwareApplication":[],"WebPage":[]},"graphName":"","isEnabled":true},"graphs":[],"defaultGraph":"","defaultPostTypeGraph":""},"schema_type":null,"schema_type_options":null,"pillar_content":false,"robots_default":true,"robots_noindex":false,"robots_noarchive":false,"robots_nosnippet":false,"robots_nofollow":false,"robots_noimageindex":false,"robots_noodp":false,"robots_notranslate":false,"robots_max_snippet":null,"robots_max_videopreview":null,"robots_max_imagepreview":"large","priority":null,"frequency":null,"local_seo":null,"seo_analyzer_scan_date":"2025-10-12 13:48:10","breadcrumb_settings":null,"limit_modified_date":false,"open_ai":null,"ai":null,"created":"2020-12-21 11:30:54","updated":"2025-10-12 13:48:10"},"aioseo_breadcrumb":"<div class=\"aioseo-breadcrumbs\"><span class=\"aioseo-breadcrumb\">\n\t<a href=\"https:\/\/www.eldigitaldeasturias.com\/noticias\" title=\"Home\">Home<\/a>\n<\/span><span class=\"aioseo-breadcrumb-separator\">\u2013<\/span><span class=\"aioseo-breadcrumb\">\n\t<a href=\"https:\/\/www.eldigitaldeasturias.com\/noticias\/category\/economia\/\" title=\"Econom\u00eda\">Econom\u00eda<\/a>\n<\/span><span class=\"aioseo-breadcrumb-separator\">\u2013<\/span><span class=\"aioseo-breadcrumb\">\n\t<a href=\"https:\/\/www.eldigitaldeasturias.com\/noticias\/el-ceei-participa-en-una-mision-tecnologica-en-brasil\/\" title=\"El CEEI participa en una misi\u00f3n tecnol\u00f3gica en Brasil\">El CEEI participa en una misi\u00f3n tecnol\u00f3gica en Brasil<\/a>\n<\/span><\/div>","aioseo_breadcrumb_json":[{"label":"Home","link":"https:\/\/www.eldigitaldeasturias.com\/noticias"},{"label":"Econom\u00eda","link":"https:\/\/www.eldigitaldeasturias.com\/noticias\/category\/economia\/"},{"label":"El CEEI participa en una misi\u00f3n tecnol\u00f3gica en Brasil","link":"https:\/\/www.eldigitaldeasturias.com\/noticias\/el-ceei-participa-en-una-mision-tecnologica-en-brasil\/"}],"_links":{"self":[{"href":"https:\/\/www.eldigitaldeasturias.com\/noticias\/wp-json\/wp\/v2\/posts\/999951","targetHints":{"allow":["GET"]}}],"collection":[{"href":"https:\/\/www.eldigitaldeasturias.com\/noticias\/wp-json\/wp\/v2\/posts"}],"about":[{"href":"https:\/\/www.eldigitaldeasturias.com\/noticias\/wp-json\/wp\/v2\/types\/post"}],"author":[{"embeddable":true,"href":"https:\/\/www.eldigitaldeasturias.com\/noticias\/wp-json\/wp\/v2\/users\/1"}],"replies":[{"embeddable":true,"href":"https:\/\/www.eldigitaldeasturias.com\/noticias\/wp-json\/wp\/v2\/comments?post=999951"}],"version-history":[{"count":0,"href":"https:\/\/www.eldigitaldeasturias.com\/noticias\/wp-json\/wp\/v2\/posts\/999951\/revisions"}],"wp:featuredmedia":[{"embeddable":true,"href":"https:\/\/www.eldigitaldeasturias.com\/noticias\/wp-json\/wp\/v2\/media\/999952"}],"wp:attachment":[{"href":"https:\/\/www.eldigitaldeasturias.com\/noticias\/wp-json\/wp\/v2\/media?parent=999951"}],"wp:term":[{"taxonomy":"category","embeddable":true,"href":"https:\/\/www.eldigitaldeasturias.com\/noticias\/wp-json\/wp\/v2\/categories?post=999951"},{"taxonomy":"post_tag","embeddable":true,"href":"https:\/\/www.eldigitaldeasturias.com\/noticias\/wp-json\/wp\/v2\/tags?post=999951"}],"curies":[{"name":"wp","href":"https:\/\/api.w.org\/{rel}","templated":true}]}}