{"id":998960,"date":"2018-09-23T21:05:16","date_gmt":"2018-09-23T21:05:16","guid":{"rendered":"https:\/\/www.eldigitaldeasturias.com\/noticias\/?p=998960"},"modified":"2018-09-23T21:05:16","modified_gmt":"2018-09-23T21:05:16","slug":"julia-pomares-genero-y-trabajo-preocupan-tanto-a-las-potencias-como-a-los-paises-emergentes","status":"publish","type":"post","link":"https:\/\/www.eldigitaldeasturias.com\/noticias\/julia-pomares-genero-y-trabajo-preocupan-tanto-a-las-potencias-como-a-los-paises-emergentes\/","title":{"rendered":"Julia Pomares: \u201cG\u00e9nero y trabajo preocupan tanto a las potencias como a los pa\u00edses emergentes\u201d"},"content":{"rendered":"<p><img loading=\"lazy\" decoding=\"async\" class=\"alignleft size-medium wp-image-985286\" src=\"https:\/\/www.eldigitaldeasturias.com\/noticias\/wp-content\/uploads\/2018\/06\/globalisation-3390877_960_720-360x216.jpg\" alt=\"\" width=\"360\" height=\"216\" srcset=\"https:\/\/www.eldigitaldeasturias.com\/noticias\/wp-content\/uploads\/2018\/06\/globalisation-3390877_960_720-360x216.jpg 360w, https:\/\/www.eldigitaldeasturias.com\/noticias\/wp-content\/uploads\/2018\/06\/globalisation-3390877_960_720-480x288.jpg 480w, https:\/\/www.eldigitaldeasturias.com\/noticias\/wp-content\/uploads\/2018\/06\/globalisation-3390877_960_720-768x461.jpg 768w, https:\/\/www.eldigitaldeasturias.com\/noticias\/wp-content\/uploads\/2018\/06\/globalisation-3390877_960_720-690x414.jpg 690w, https:\/\/www.eldigitaldeasturias.com\/noticias\/wp-content\/uploads\/2018\/06\/globalisation-3390877_960_720-20x12.jpg 20w, https:\/\/www.eldigitaldeasturias.com\/noticias\/wp-content\/uploads\/2018\/06\/globalisation-3390877_960_720.jpg 960w\" sizes=\"auto, (max-width: 360px) 100vw, 360px\" \/>Buenos Aires, 23 sep (dpa) &#8211; Los pa\u00edses industrializados y en desarrollo viven circunstancias muy diferentes pero padecen las mismas problem\u00e1ticas en la equidad econ\u00f3mica de g\u00e9nero, el futuro del trabajo y el impacto de la robotizaci\u00f3n y digitalizaci\u00f3n, advierte la directora ejecutiva de CIPPEC, Julia Pomares.<\/p>\n<p>\u00abLos temas no son m\u00e1s dom\u00e9sticos sino que tienen una dimensi\u00f3n global que afecta a nivel local, y que en realidad hay que pensarlos de esa manera\u00bb, se\u00f1ala Pomares en una entrevista con dpa.<\/p>\n<p>La experta lider\u00f3 desde el Centro de Implementaci\u00f3n de Pol\u00edticas P\u00fablicas para la Equidad y el Crecimiento (CIPPEC), junto al Consejo Argentino para las Relaciones Internacionales (CARI), la edici\u00f3n 2018 del Think 20 (T20), el foro de centros de estudios que presentan recomendaciones al G20.<\/p>\n<p>El T20 hizo tres recomendaciones centrales a la presidencia argentina del G20 de cara a la cumbre de l\u00edderes del 30 de noviembre y 1 de diciembre en Buenos Aires: redise\u00f1ar el sistema multilateral de comercio, cumplir con el Acuerdo de Par\u00eds para luchar contra el cambio clim\u00e1tico y promover un nuevo contrato social que elimine las inequidades globales.<\/p>\n<p>dpa: \u00bfCu\u00e1l es el peso del Think 20 en el marco del G20?<\/p>\n<p>Pomares: El T20 fue adquiriendo una importancia cada vez mayor. En un contexto de tanta incertidumbre y tanta complejidad, tambi\u00e9n de tanta polarizaci\u00f3n, hace que se requiera y se pueda hacer mayor utilidad de recomendaciones de pol\u00edticas que vengan del mundo de los centros de pol\u00edticas p\u00fablicas. Pueden hacer recomendaciones por encima de la polarizaci\u00f3n y plantear posiciones que articulen distintas miradas sin que sea de un lado o del otro. Y ese ha sido un rol bastante fruct\u00edfero que ha tenido el T20, aunque el contexto hace que sea m\u00e1s dif\u00edcil el trabajo porque ten\u00e9s que hacerte escuchar en medio de un ruido muy grande que hay en la opini\u00f3n p\u00fablica.<\/p>\n<p>dpa: \u00bfHay temas que preocupan tanto en los pa\u00edses desarrollados como en los emergentes, de forma transversal?<\/p>\n<p>Pomares: S\u00ed, aunque obviamente afectan de manera distinta. Con el futuro del trabajo, que es el tema central de la presidencia argentina, hicimos un trabajo con otros \u00abthink tanks\u00bb, todos del Sur: Sud\u00e1frica, India, Brasil y Argentina, donde ah\u00ed tratamos de poner sobre la mesa c\u00f3mo va a impactar la robotizaci\u00f3n y la informatizaci\u00f3n en pa\u00edses con una econom\u00eda informal del 40 por ciento, como en el caso argentino, o en el caso de India, y c\u00f3mo hacer para que las decisiones que se tomen en el G20 no sea s\u00f3lo lo que refleje a los pa\u00edses que est\u00e1n liderando esta conversaci\u00f3n, que son los m\u00e1s industrializados. Los temas no son m\u00e1s dom\u00e9sticos sino que tienen una dimensi\u00f3n global que afecta a nivel local, y que en realidad hay que pensarlos de esa manera.<\/p>\n<p>dpa: \u00bfQu\u00e9 temas preocupan en todo el planeta?<\/p>\n<p>Pomares: El tema de la equidad econ\u00f3mica de g\u00e9nero, por ejemplo. El G20 tiene una meta de reducir en un 25 por ciento la brecha de la participaci\u00f3n de la mujer en el mercado laboral para 2025. Es una meta que en Argentina probablemente no se cumpla, porque la brecha se est\u00e1 ampliando, no achic\u00e1ndose, y muchos de los pa\u00edses del G20 tienen esa problem\u00e1tica. Hay un mont\u00f3n de preocupaciones que son similares: El futuro de la educaci\u00f3n y cu\u00e1nto va a cambiar la forma en que hay que ense\u00f1ar, la automatizaci\u00f3n y la econom\u00eda digital, tambi\u00e9n. Hay temas que son locales y globales al mismo tiempo y da la oportunidad para su debate.<\/p>\n<p>dpa: \u00bfEl T20, como el G20, es demasiado masculino?<\/p>\n<p>Pomares: Hay muy pocos \u00abthink tanks\u00bb conducidos por mujeres en el mundo. En el mundo acad\u00e9mico, los directores de departamento en general son varones. Nosotros hicimos varias cosas para ampliar la diversidad, no s\u00f3lo en g\u00e9nero sino tambi\u00e9n en que sean de pa\u00edses desarrollados y en desarrollo y tambi\u00e9n en la cuesti\u00f3n geogr\u00e1fica. Nos pusimos unas reglas en las que no pudiera haber grupos de trabajo que no tuvieran diversidad de g\u00e9nero y de procedencia, hicimos una regla muy estricta para la conferencia en la que en los m\u00e1s de 40 sesiones y eventos no pod\u00eda haber \u00aball male panels\u00bb (paneles solo integrados por varones).<\/p>\n<p>dpa: \u00bfPor qu\u00e9 el G20, que fue tan efectivo para superar la crisis financiera de 2008, le cuesta esta vez afrontar la crisis comercial?<\/p>\n<p>Pomares: No soy especialista en temas globales, pero me parece que en los problemas como el cambio clim\u00e1tico, la seguridad alimentaria es m\u00e1s dif\u00edcil percibir su sentido de urgencia que una crisis financiera internacional. Igual es raro porque el cambio clim\u00e1tico es f\u00e1cil de ver como bien p\u00fablico global pero todav\u00eda ese sentido de urgencia de por qu\u00e9 es necesario el multilateralismo para afrontar estos problemas todav\u00eda falta. Y ese es el mensaje que pusimos en el comunicado del T20.<\/p>\n<p>dpa: \u00bfQu\u00e9 propuestas son las m\u00e1s factibles de empezar a aplicar?<\/p>\n<p>Pomares: Tenemos los tres grandes objetivos, que son m\u00e1s ambiciosos, pero despu\u00e9s en las recomendaciones hay distintos niveles de abstracci\u00f3n, hay algunas que son muy espec\u00edficas y f\u00e1ciles de implementar, como por ejemplo c\u00f3mo pod\u00eda establecer el G20 algunos est\u00e1ndares m\u00ednimos de inteligencia artificial en el mundo del trabajo y c\u00f3mo podr\u00eda regularse algo de eso. Lo mismo en el tema de g\u00e9nero, c\u00f3mo el G20 puede tener sistemas de informaci\u00f3n compartidos para medir los aspectos del rol de la econom\u00eda dom\u00e9stica.<\/p>\n<p>dpa: Rumbo a la cumbre de l\u00edderes, \u00bfqu\u00e9 recomendaciones estiman que van a llegar a manos de los jefes de Estado?<\/p>\n<p>Pomares: Algunas ya llegaron, como esto que se incorpor\u00f3 sobre el futuro del trabajo. Obviamente, las m\u00e1s dif\u00edciles que tienen que ver con comercio, est\u00e1n muy lejos\u2026 La idea es que la conversaci\u00f3n sea continua.<\/p>\n<p>dpa: La presidencia alemana del G20 en 2017 estuvo m\u00e1s enfocada en \u00c1frica, \u00bfampliaron el horizonte a la hora de analizar problem\u00e1ticas?<\/p>\n<p>Pomares: Mantuvimos el trabajo de la cooperaci\u00f3n con \u00c1frica porque hay un grupo de \u00abthink tanks\u00bb muy consolidado que sigui\u00f3 trabajando, pero tratamos de que la mirada de los pa\u00edses en desarrollo no sea s\u00f3lo el grupo de \u00c1frica sino que transversalmente en todos los temas haya personas de distintos or\u00edgenes del Sur. Es dif\u00edcil en t\u00e9rminos de financiamiento, son inversiones que hacen los propios centros de estudios. Por suerte hay algunas organizaciones internacionales que tienen el mandato de que el G20 sea verdaderamente G20, diverso.<\/p>\n<p><i class=\"lang-es\"><span class=\" readonly\" title=\"\">Por Cecilia Caminos y Gabriel Tu\u00f1ez (dpa)<\/span><\/i><\/p>\n","protected":false},"excerpt":{"rendered":"<p>Buenos Aires, 23 sep (dpa) &#8211; Los pa\u00edses industrializados y en desarrollo viven circunstancias muy diferentes pero padecen las mismas problem\u00e1ticas en la equidad econ\u00f3mica de g\u00e9nero, el futuro del trabajo y el impacto de la robotizaci\u00f3n y digitalizaci\u00f3n, advierte la directora ejecutiva de CIPPEC, Julia Pomares. \u00abLos temas no son m\u00e1s dom\u00e9sticos sino que [&hellip;]<\/p>\n","protected":false},"author":1,"featured_media":984057,"comment_status":"closed","ping_status":"closed","sticky":false,"template":"","format":"standard","meta":{"footnotes":""},"categories":[28],"tags":[],"class_list":["post-998960","post","type-post","status-publish","format-standard","has-post-thumbnail","hentry","category-sociedad"],"aioseo_notices":[],"aioseo_head":"\n\t\t<!-- All in One SEO Pro 4.9.6.2 - aioseo.com -->\n\t<meta name=\"description\" content=\"Buenos Aires, 23 sep (dpa) - Los pa\u00edses industrializados y en desarrollo viven circunstancias muy diferentes pero padecen las mismas problem\u00e1ticas en la equidad econ\u00f3mica de g\u00e9nero, el futuro del trabajo y el impacto de la robotizaci\u00f3n y digitalizaci\u00f3n, advierte la directora ejecutiva de CIPPEC, Julia Pomares. &quot;Los temas no son m\u00e1s dom\u00e9sticos sino que\" \/>\n\t<meta name=\"robots\" content=\"max-image-preview:large\" \/>\n\t<meta name=\"author\" content=\"El Digital de Asturias\"\/>\n\t<meta name=\"google-site-verification\" content=\"UA-38556648-1\" \/>\n\t<meta name=\"msvalidate.01\" content=\"7dfe9f3f1b24437ab69f4f2559babe99\" \/>\n\t<meta name=\"keywords\" content=\"sociedad\" \/>\n\t<link rel=\"canonical\" href=\"https:\/\/www.eldigitaldeasturias.com\/noticias\/julia-pomares-genero-y-trabajo-preocupan-tanto-a-las-potencias-como-a-los-paises-emergentes\/\" \/>\n\t<meta name=\"generator\" content=\"All in One SEO Pro (AIOSEO) 4.9.6.2\" \/>\n\t\t<meta property=\"og:locale\" content=\"es_ES\" \/>\n\t\t<meta property=\"og:site_name\" content=\"El Digital de Asturias\" \/>\n\t\t<meta property=\"og:type\" content=\"article\" \/>\n\t\t<meta property=\"og:title\" content=\"Julia Pomares: \u201cG\u00e9nero y trabajo preocupan tanto a las potencias como a los pa\u00edses emergentes\u201d - El Digital de Asturias\" \/>\n\t\t<meta property=\"og:description\" content=\"Buenos Aires, 23 sep (dpa) - Los pa\u00edses industrializados y en desarrollo viven circunstancias muy diferentes pero padecen las mismas problem\u00e1ticas en la equidad econ\u00f3mica de g\u00e9nero, el futuro del trabajo y el impacto de la robotizaci\u00f3n y digitalizaci\u00f3n, advierte la directora ejecutiva de CIPPEC, Julia Pomares. &quot;Los temas no son m\u00e1s dom\u00e9sticos sino que\" \/>\n\t\t<meta property=\"og:url\" content=\"https:\/\/www.eldigitaldeasturias.com\/noticias\/julia-pomares-genero-y-trabajo-preocupan-tanto-a-las-potencias-como-a-los-paises-emergentes\/\" \/>\n\t\t<meta property=\"og:image\" content=\"https:\/\/www.eldigitaldeasturias.com\/noticias\/wp-content\/uploads\/2018\/06\/global-3385060_960_720.jpg\" \/>\n\t\t<meta property=\"og:image:secure_url\" content=\"https:\/\/www.eldigitaldeasturias.com\/noticias\/wp-content\/uploads\/2018\/06\/global-3385060_960_720.jpg\" \/>\n\t\t<meta property=\"og:image:width\" content=\"960\" \/>\n\t\t<meta property=\"og:image:height\" content=\"576\" \/>\n\t\t<meta property=\"article:tag\" content=\"sociedad\" \/>\n\t\t<meta property=\"article:published_time\" content=\"2018-09-23T21:05:16+00:00\" \/>\n\t\t<meta property=\"article:modified_time\" content=\"2018-09-23T21:05:16+00:00\" \/>\n\t\t<meta property=\"article:publisher\" content=\"https:\/\/facebook.com\/eldigitaldeasturias\" \/>\n\t\t<meta name=\"twitter:card\" content=\"summary_large_image\" \/>\n\t\t<meta name=\"twitter:title\" content=\"Julia Pomares: \u201cG\u00e9nero y trabajo preocupan tanto a las potencias como a los pa\u00edses emergentes\u201d - El Digital de Asturias\" \/>\n\t\t<meta name=\"twitter:description\" content=\"Buenos Aires, 23 sep (dpa) - Los pa\u00edses industrializados y en desarrollo viven circunstancias muy diferentes pero padecen las mismas problem\u00e1ticas en la equidad econ\u00f3mica de g\u00e9nero, el futuro del trabajo y el impacto de la robotizaci\u00f3n y digitalizaci\u00f3n, advierte la directora ejecutiva de CIPPEC, Julia Pomares. &quot;Los temas no son m\u00e1s dom\u00e9sticos sino que\" \/>\n\t\t<meta name=\"twitter:image\" content=\"https:\/\/www.eldigitaldeasturias.com\/noticias\/wp-content\/uploads\/2018\/06\/global-3385060_960_720.jpg\" \/>\n\t\t<meta name=\"twitter:label1\" content=\"Escrito por\" \/>\n\t\t<meta name=\"twitter:data1\" content=\"El Digital de Asturias\" \/>\n\t\t<meta name=\"twitter:label2\" content=\"Tiempo de lectura estimado\" \/>\n\t\t<meta name=\"twitter:data2\" content=\"6 minutos\" \/>\n\t\t<script type=\"application\/ld+json\" class=\"aioseo-schema\">\n\t\t\t{\"@context\":\"https:\\\/\\\/schema.org\",\"@graph\":[{\"@type\":\"BlogPosting\",\"@id\":\"https:\\\/\\\/www.eldigitaldeasturias.com\\\/noticias\\\/julia-pomares-genero-y-trabajo-preocupan-tanto-a-las-potencias-como-a-los-paises-emergentes\\\/#blogposting\",\"name\":\"Julia Pomares: \\u201cG\\u00e9nero y trabajo preocupan tanto a las potencias como a los pa\\u00edses emergentes\\u201d - El Digital de Asturias\",\"headline\":\"Julia Pomares: \\u201cG\\u00e9nero y trabajo preocupan tanto a las potencias como a los pa\\u00edses emergentes\\u201d\",\"author\":{\"@id\":\"https:\\\/\\\/www.eldigitaldeasturias.com\\\/noticias\\\/author\\\/admin\\\/#author\"},\"publisher\":{\"@id\":\"https:\\\/\\\/www.eldigitaldeasturias.com\\\/noticias\\\/#organization\"},\"image\":{\"@type\":\"ImageObject\",\"url\":\"https:\\\/\\\/www.eldigitaldeasturias.com\\\/noticias\\\/wp-content\\\/uploads\\\/2018\\\/06\\\/global-3385060_960_720.jpg\",\"width\":960,\"height\":576},\"datePublished\":\"2018-09-23T21:05:16+02:00\",\"dateModified\":\"2018-09-23T21:05:16+02:00\",\"inLanguage\":\"es-ES\",\"mainEntityOfPage\":{\"@id\":\"https:\\\/\\\/www.eldigitaldeasturias.com\\\/noticias\\\/julia-pomares-genero-y-trabajo-preocupan-tanto-a-las-potencias-como-a-los-paises-emergentes\\\/#webpage\"},\"isPartOf\":{\"@id\":\"https:\\\/\\\/www.eldigitaldeasturias.com\\\/noticias\\\/julia-pomares-genero-y-trabajo-preocupan-tanto-a-las-potencias-como-a-los-paises-emergentes\\\/#webpage\"},\"articleSection\":\"Sociedad\"},{\"@type\":\"BreadcrumbList\",\"@id\":\"https:\\\/\\\/www.eldigitaldeasturias.com\\\/noticias\\\/julia-pomares-genero-y-trabajo-preocupan-tanto-a-las-potencias-como-a-los-paises-emergentes\\\/#breadcrumblist\",\"itemListElement\":[{\"@type\":\"ListItem\",\"@id\":\"https:\\\/\\\/www.eldigitaldeasturias.com\\\/noticias#listItem\",\"position\":1,\"name\":\"Home\",\"item\":\"https:\\\/\\\/www.eldigitaldeasturias.com\\\/noticias\",\"nextItem\":{\"@type\":\"ListItem\",\"@id\":\"https:\\\/\\\/www.eldigitaldeasturias.com\\\/noticias\\\/category\\\/sociedad\\\/#listItem\",\"name\":\"Sociedad\"}},{\"@type\":\"ListItem\",\"@id\":\"https:\\\/\\\/www.eldigitaldeasturias.com\\\/noticias\\\/category\\\/sociedad\\\/#listItem\",\"position\":2,\"name\":\"Sociedad\",\"item\":\"https:\\\/\\\/www.eldigitaldeasturias.com\\\/noticias\\\/category\\\/sociedad\\\/\",\"nextItem\":{\"@type\":\"ListItem\",\"@id\":\"https:\\\/\\\/www.eldigitaldeasturias.com\\\/noticias\\\/julia-pomares-genero-y-trabajo-preocupan-tanto-a-las-potencias-como-a-los-paises-emergentes\\\/#listItem\",\"name\":\"Julia Pomares: \\u201cG\\u00e9nero y trabajo preocupan tanto a las potencias como a los pa\\u00edses emergentes\\u201d\"},\"previousItem\":{\"@type\":\"ListItem\",\"@id\":\"https:\\\/\\\/www.eldigitaldeasturias.com\\\/noticias#listItem\",\"name\":\"Home\"}},{\"@type\":\"ListItem\",\"@id\":\"https:\\\/\\\/www.eldigitaldeasturias.com\\\/noticias\\\/julia-pomares-genero-y-trabajo-preocupan-tanto-a-las-potencias-como-a-los-paises-emergentes\\\/#listItem\",\"position\":3,\"name\":\"Julia Pomares: \\u201cG\\u00e9nero y trabajo preocupan tanto a las potencias como a los pa\\u00edses emergentes\\u201d\",\"previousItem\":{\"@type\":\"ListItem\",\"@id\":\"https:\\\/\\\/www.eldigitaldeasturias.com\\\/noticias\\\/category\\\/sociedad\\\/#listItem\",\"name\":\"Sociedad\"}}]},{\"@type\":\"Organization\",\"@id\":\"https:\\\/\\\/www.eldigitaldeasturias.com\\\/noticias\\\/#organization\",\"name\":\"El Digital de Asturias\",\"description\":\"Hemeroteca\",\"url\":\"https:\\\/\\\/www.eldigitaldeasturias.com\\\/noticias\\\/\",\"email\":\"info@eldigitaldeasturias.com\",\"telephone\":\"+34652131393\",\"logo\":{\"@type\":\"ImageObject\",\"url\":\"https:\\\/\\\/www.eldigitaldeasturias.com\\\/noticias\\\/wp-content\\\/uploads\\\/2020\\\/12\\\/EDA.jpg\",\"@id\":\"https:\\\/\\\/www.eldigitaldeasturias.com\\\/noticias\\\/julia-pomares-genero-y-trabajo-preocupan-tanto-a-las-potencias-como-a-los-paises-emergentes\\\/#organizationLogo\",\"width\":649,\"height\":297},\"image\":{\"@id\":\"https:\\\/\\\/www.eldigitaldeasturias.com\\\/noticias\\\/julia-pomares-genero-y-trabajo-preocupan-tanto-a-las-potencias-como-a-los-paises-emergentes\\\/#organizationLogo\"},\"sameAs\":[\"https:\\\/\\\/facebook.com\\\/eldigitaldeasturias\",\"https:\\\/\\\/www.youtube.com\\\/channel\\\/UCZP-2wLEB9Rv6erhFmqVnvg\"],\"address\":{\"@id\":\"https:\\\/\\\/www.eldigitaldeasturias.com\\\/noticias\\\/#postaladdress\",\"@type\":\"PostalAddress\",\"streetAddress\":\"san antonio 4,\",\"postalCode\":\"33430\",\"addressLocality\":\"Cand\\u00e1s\",\"addressRegion\":\"Asturias\",\"addressCountry\":\"ES\"}},{\"@type\":\"Person\",\"@id\":\"https:\\\/\\\/www.eldigitaldeasturias.com\\\/noticias\\\/author\\\/admin\\\/#author\",\"url\":\"https:\\\/\\\/www.eldigitaldeasturias.com\\\/noticias\\\/author\\\/admin\\\/\",\"name\":\"El Digital de Asturias\",\"image\":{\"@type\":\"ImageObject\",\"@id\":\"https:\\\/\\\/www.eldigitaldeasturias.com\\\/noticias\\\/julia-pomares-genero-y-trabajo-preocupan-tanto-a-las-potencias-como-a-los-paises-emergentes\\\/#authorImage\",\"url\":\"https:\\\/\\\/www.eldigitaldeasturias.com\\\/noticias\\\/wp-content\\\/litespeed\\\/avatar\\\/18677e78aa0546b92d9dbf31ec7d7668.jpg?ver=1777290358\",\"width\":96,\"height\":96,\"caption\":\"El Digital de Asturias\"}},{\"@type\":\"WebPage\",\"@id\":\"https:\\\/\\\/www.eldigitaldeasturias.com\\\/noticias\\\/julia-pomares-genero-y-trabajo-preocupan-tanto-a-las-potencias-como-a-los-paises-emergentes\\\/#webpage\",\"url\":\"https:\\\/\\\/www.eldigitaldeasturias.com\\\/noticias\\\/julia-pomares-genero-y-trabajo-preocupan-tanto-a-las-potencias-como-a-los-paises-emergentes\\\/\",\"name\":\"Julia Pomares: \\u201cG\\u00e9nero y trabajo preocupan tanto a las potencias como a los pa\\u00edses emergentes\\u201d - El Digital de Asturias\",\"description\":\"Buenos Aires, 23 sep (dpa) - Los pa\\u00edses industrializados y en desarrollo viven circunstancias muy diferentes pero padecen las mismas problem\\u00e1ticas en la equidad econ\\u00f3mica de g\\u00e9nero, el futuro del trabajo y el impacto de la robotizaci\\u00f3n y digitalizaci\\u00f3n, advierte la directora ejecutiva de CIPPEC, Julia Pomares. \\\"Los temas no son m\\u00e1s dom\\u00e9sticos sino que\",\"inLanguage\":\"es-ES\",\"isPartOf\":{\"@id\":\"https:\\\/\\\/www.eldigitaldeasturias.com\\\/noticias\\\/#website\"},\"breadcrumb\":{\"@id\":\"https:\\\/\\\/www.eldigitaldeasturias.com\\\/noticias\\\/julia-pomares-genero-y-trabajo-preocupan-tanto-a-las-potencias-como-a-los-paises-emergentes\\\/#breadcrumblist\"},\"author\":{\"@id\":\"https:\\\/\\\/www.eldigitaldeasturias.com\\\/noticias\\\/author\\\/admin\\\/#author\"},\"creator\":{\"@id\":\"https:\\\/\\\/www.eldigitaldeasturias.com\\\/noticias\\\/author\\\/admin\\\/#author\"},\"image\":{\"@type\":\"ImageObject\",\"url\":\"https:\\\/\\\/www.eldigitaldeasturias.com\\\/noticias\\\/wp-content\\\/uploads\\\/2018\\\/06\\\/global-3385060_960_720.jpg\",\"@id\":\"https:\\\/\\\/www.eldigitaldeasturias.com\\\/noticias\\\/julia-pomares-genero-y-trabajo-preocupan-tanto-a-las-potencias-como-a-los-paises-emergentes\\\/#mainImage\",\"width\":960,\"height\":576},\"primaryImageOfPage\":{\"@id\":\"https:\\\/\\\/www.eldigitaldeasturias.com\\\/noticias\\\/julia-pomares-genero-y-trabajo-preocupan-tanto-a-las-potencias-como-a-los-paises-emergentes\\\/#mainImage\"},\"datePublished\":\"2018-09-23T21:05:16+02:00\",\"dateModified\":\"2018-09-23T21:05:16+02:00\"},{\"@type\":\"WebSite\",\"@id\":\"https:\\\/\\\/www.eldigitaldeasturias.com\\\/noticias\\\/#website\",\"url\":\"https:\\\/\\\/www.eldigitaldeasturias.com\\\/noticias\\\/\",\"name\":\"El Digital de Asturias - Diario de actualidad y noticias\",\"alternateName\":\"El Digital de Asturias - Diario de actualidad y noticias\",\"description\":\"Hemeroteca\",\"inLanguage\":\"es-ES\",\"publisher\":{\"@id\":\"https:\\\/\\\/www.eldigitaldeasturias.com\\\/noticias\\\/#organization\"}}]}\n\t\t<\/script>\n\t\t<!-- All in One SEO Pro -->\r\n\t\t<title>Julia Pomares: \u201cG\u00e9nero y trabajo preocupan tanto a las potencias como a los pa\u00edses emergentes\u201d - El Digital de Asturias<\/title>\n\n","aioseo_head_json":{"title":"Julia Pomares: \u201cG\u00e9nero y trabajo preocupan tanto a las potencias como a los pa\u00edses emergentes\u201d - El Digital de Asturias","description":"Buenos Aires, 23 sep (dpa) - Los pa\u00edses industrializados y en desarrollo viven circunstancias muy diferentes pero padecen las mismas problem\u00e1ticas en la equidad econ\u00f3mica de g\u00e9nero, el futuro del trabajo y el impacto de la robotizaci\u00f3n y digitalizaci\u00f3n, advierte la directora ejecutiva de CIPPEC, Julia Pomares. \"Los temas no son m\u00e1s dom\u00e9sticos sino que","canonical_url":"https:\/\/www.eldigitaldeasturias.com\/noticias\/julia-pomares-genero-y-trabajo-preocupan-tanto-a-las-potencias-como-a-los-paises-emergentes\/","robots":"max-image-preview:large","keywords":"sociedad","webmasterTools":{"google-site-verification":"UA-38556648-1","msvalidate.01":"7dfe9f3f1b24437ab69f4f2559babe99","miscellaneous":""},"schema":{"@context":"https:\/\/schema.org","@graph":[{"@type":"BlogPosting","@id":"https:\/\/www.eldigitaldeasturias.com\/noticias\/julia-pomares-genero-y-trabajo-preocupan-tanto-a-las-potencias-como-a-los-paises-emergentes\/#blogposting","name":"Julia Pomares: \u201cG\u00e9nero y trabajo preocupan tanto a las potencias como a los pa\u00edses emergentes\u201d - El Digital de Asturias","headline":"Julia Pomares: \u201cG\u00e9nero y trabajo preocupan tanto a las potencias como a los pa\u00edses emergentes\u201d","author":{"@id":"https:\/\/www.eldigitaldeasturias.com\/noticias\/author\/admin\/#author"},"publisher":{"@id":"https:\/\/www.eldigitaldeasturias.com\/noticias\/#organization"},"image":{"@type":"ImageObject","url":"https:\/\/www.eldigitaldeasturias.com\/noticias\/wp-content\/uploads\/2018\/06\/global-3385060_960_720.jpg","width":960,"height":576},"datePublished":"2018-09-23T21:05:16+02:00","dateModified":"2018-09-23T21:05:16+02:00","inLanguage":"es-ES","mainEntityOfPage":{"@id":"https:\/\/www.eldigitaldeasturias.com\/noticias\/julia-pomares-genero-y-trabajo-preocupan-tanto-a-las-potencias-como-a-los-paises-emergentes\/#webpage"},"isPartOf":{"@id":"https:\/\/www.eldigitaldeasturias.com\/noticias\/julia-pomares-genero-y-trabajo-preocupan-tanto-a-las-potencias-como-a-los-paises-emergentes\/#webpage"},"articleSection":"Sociedad"},{"@type":"BreadcrumbList","@id":"https:\/\/www.eldigitaldeasturias.com\/noticias\/julia-pomares-genero-y-trabajo-preocupan-tanto-a-las-potencias-como-a-los-paises-emergentes\/#breadcrumblist","itemListElement":[{"@type":"ListItem","@id":"https:\/\/www.eldigitaldeasturias.com\/noticias#listItem","position":1,"name":"Home","item":"https:\/\/www.eldigitaldeasturias.com\/noticias","nextItem":{"@type":"ListItem","@id":"https:\/\/www.eldigitaldeasturias.com\/noticias\/category\/sociedad\/#listItem","name":"Sociedad"}},{"@type":"ListItem","@id":"https:\/\/www.eldigitaldeasturias.com\/noticias\/category\/sociedad\/#listItem","position":2,"name":"Sociedad","item":"https:\/\/www.eldigitaldeasturias.com\/noticias\/category\/sociedad\/","nextItem":{"@type":"ListItem","@id":"https:\/\/www.eldigitaldeasturias.com\/noticias\/julia-pomares-genero-y-trabajo-preocupan-tanto-a-las-potencias-como-a-los-paises-emergentes\/#listItem","name":"Julia Pomares: \u201cG\u00e9nero y trabajo preocupan tanto a las potencias como a los pa\u00edses emergentes\u201d"},"previousItem":{"@type":"ListItem","@id":"https:\/\/www.eldigitaldeasturias.com\/noticias#listItem","name":"Home"}},{"@type":"ListItem","@id":"https:\/\/www.eldigitaldeasturias.com\/noticias\/julia-pomares-genero-y-trabajo-preocupan-tanto-a-las-potencias-como-a-los-paises-emergentes\/#listItem","position":3,"name":"Julia Pomares: \u201cG\u00e9nero y trabajo preocupan tanto a las potencias como a los pa\u00edses emergentes\u201d","previousItem":{"@type":"ListItem","@id":"https:\/\/www.eldigitaldeasturias.com\/noticias\/category\/sociedad\/#listItem","name":"Sociedad"}}]},{"@type":"Organization","@id":"https:\/\/www.eldigitaldeasturias.com\/noticias\/#organization","name":"El Digital de Asturias","description":"Hemeroteca","url":"https:\/\/www.eldigitaldeasturias.com\/noticias\/","email":"info@eldigitaldeasturias.com","telephone":"+34652131393","logo":{"@type":"ImageObject","url":"https:\/\/www.eldigitaldeasturias.com\/noticias\/wp-content\/uploads\/2020\/12\/EDA.jpg","@id":"https:\/\/www.eldigitaldeasturias.com\/noticias\/julia-pomares-genero-y-trabajo-preocupan-tanto-a-las-potencias-como-a-los-paises-emergentes\/#organizationLogo","width":649,"height":297},"image":{"@id":"https:\/\/www.eldigitaldeasturias.com\/noticias\/julia-pomares-genero-y-trabajo-preocupan-tanto-a-las-potencias-como-a-los-paises-emergentes\/#organizationLogo"},"sameAs":["https:\/\/facebook.com\/eldigitaldeasturias","https:\/\/www.youtube.com\/channel\/UCZP-2wLEB9Rv6erhFmqVnvg"],"address":{"@id":"https:\/\/www.eldigitaldeasturias.com\/noticias\/#postaladdress","@type":"PostalAddress","streetAddress":"san antonio 4,","postalCode":"33430","addressLocality":"Cand\u00e1s","addressRegion":"Asturias","addressCountry":"ES"}},{"@type":"Person","@id":"https:\/\/www.eldigitaldeasturias.com\/noticias\/author\/admin\/#author","url":"https:\/\/www.eldigitaldeasturias.com\/noticias\/author\/admin\/","name":"El Digital de Asturias","image":{"@type":"ImageObject","@id":"https:\/\/www.eldigitaldeasturias.com\/noticias\/julia-pomares-genero-y-trabajo-preocupan-tanto-a-las-potencias-como-a-los-paises-emergentes\/#authorImage","url":"https:\/\/www.eldigitaldeasturias.com\/noticias\/wp-content\/litespeed\/avatar\/18677e78aa0546b92d9dbf31ec7d7668.jpg?ver=1777290358","width":96,"height":96,"caption":"El Digital de Asturias"}},{"@type":"WebPage","@id":"https:\/\/www.eldigitaldeasturias.com\/noticias\/julia-pomares-genero-y-trabajo-preocupan-tanto-a-las-potencias-como-a-los-paises-emergentes\/#webpage","url":"https:\/\/www.eldigitaldeasturias.com\/noticias\/julia-pomares-genero-y-trabajo-preocupan-tanto-a-las-potencias-como-a-los-paises-emergentes\/","name":"Julia Pomares: \u201cG\u00e9nero y trabajo preocupan tanto a las potencias como a los pa\u00edses emergentes\u201d - El Digital de Asturias","description":"Buenos Aires, 23 sep (dpa) - Los pa\u00edses industrializados y en desarrollo viven circunstancias muy diferentes pero padecen las mismas problem\u00e1ticas en la equidad econ\u00f3mica de g\u00e9nero, el futuro del trabajo y el impacto de la robotizaci\u00f3n y digitalizaci\u00f3n, advierte la directora ejecutiva de CIPPEC, Julia Pomares. \"Los temas no son m\u00e1s dom\u00e9sticos sino que","inLanguage":"es-ES","isPartOf":{"@id":"https:\/\/www.eldigitaldeasturias.com\/noticias\/#website"},"breadcrumb":{"@id":"https:\/\/www.eldigitaldeasturias.com\/noticias\/julia-pomares-genero-y-trabajo-preocupan-tanto-a-las-potencias-como-a-los-paises-emergentes\/#breadcrumblist"},"author":{"@id":"https:\/\/www.eldigitaldeasturias.com\/noticias\/author\/admin\/#author"},"creator":{"@id":"https:\/\/www.eldigitaldeasturias.com\/noticias\/author\/admin\/#author"},"image":{"@type":"ImageObject","url":"https:\/\/www.eldigitaldeasturias.com\/noticias\/wp-content\/uploads\/2018\/06\/global-3385060_960_720.jpg","@id":"https:\/\/www.eldigitaldeasturias.com\/noticias\/julia-pomares-genero-y-trabajo-preocupan-tanto-a-las-potencias-como-a-los-paises-emergentes\/#mainImage","width":960,"height":576},"primaryImageOfPage":{"@id":"https:\/\/www.eldigitaldeasturias.com\/noticias\/julia-pomares-genero-y-trabajo-preocupan-tanto-a-las-potencias-como-a-los-paises-emergentes\/#mainImage"},"datePublished":"2018-09-23T21:05:16+02:00","dateModified":"2018-09-23T21:05:16+02:00"},{"@type":"WebSite","@id":"https:\/\/www.eldigitaldeasturias.com\/noticias\/#website","url":"https:\/\/www.eldigitaldeasturias.com\/noticias\/","name":"El Digital de Asturias - Diario de actualidad y noticias","alternateName":"El Digital de Asturias - Diario de actualidad y noticias","description":"Hemeroteca","inLanguage":"es-ES","publisher":{"@id":"https:\/\/www.eldigitaldeasturias.com\/noticias\/#organization"}}]},"og:locale":"es_ES","og:site_name":"El Digital de Asturias","og:type":"article","og:title":"Julia Pomares: \u201cG\u00e9nero y trabajo preocupan tanto a las potencias como a los pa\u00edses emergentes\u201d - El Digital de Asturias","og:description":"Buenos Aires, 23 sep (dpa) - Los pa\u00edses industrializados y en desarrollo viven circunstancias muy diferentes pero padecen las mismas problem\u00e1ticas en la equidad econ\u00f3mica de g\u00e9nero, el futuro del trabajo y el impacto de la robotizaci\u00f3n y digitalizaci\u00f3n, advierte la directora ejecutiva de CIPPEC, Julia Pomares. &quot;Los temas no son m\u00e1s dom\u00e9sticos sino que","og:url":"https:\/\/www.eldigitaldeasturias.com\/noticias\/julia-pomares-genero-y-trabajo-preocupan-tanto-a-las-potencias-como-a-los-paises-emergentes\/","og:image":"https:\/\/www.eldigitaldeasturias.com\/noticias\/wp-content\/uploads\/2018\/06\/global-3385060_960_720.jpg","og:image:secure_url":"https:\/\/www.eldigitaldeasturias.com\/noticias\/wp-content\/uploads\/2018\/06\/global-3385060_960_720.jpg","og:image:width":960,"og:image:height":576,"article:tag":["sociedad"],"article:published_time":"2018-09-23T21:05:16+00:00","article:modified_time":"2018-09-23T21:05:16+00:00","article:publisher":"https:\/\/facebook.com\/eldigitaldeasturias","twitter:card":"summary_large_image","twitter:title":"Julia Pomares: \u201cG\u00e9nero y trabajo preocupan tanto a las potencias como a los pa\u00edses emergentes\u201d - El Digital de Asturias","twitter:description":"Buenos Aires, 23 sep (dpa) - Los pa\u00edses industrializados y en desarrollo viven circunstancias muy diferentes pero padecen las mismas problem\u00e1ticas en la equidad econ\u00f3mica de g\u00e9nero, el futuro del trabajo y el impacto de la robotizaci\u00f3n y digitalizaci\u00f3n, advierte la directora ejecutiva de CIPPEC, Julia Pomares. &quot;Los temas no son m\u00e1s dom\u00e9sticos sino que","twitter:image":"https:\/\/www.eldigitaldeasturias.com\/noticias\/wp-content\/uploads\/2018\/06\/global-3385060_960_720.jpg","twitter:label1":"Escrito por","twitter:data1":"El Digital de Asturias","twitter:label2":"Tiempo de lectura estimado","twitter:data2":"6 minutos"},"aioseo_meta_data":{"post_id":"998960","title":null,"description":null,"keywords":null,"keyphrases":null,"primary_term":null,"canonical_url":null,"og_title":null,"og_description":null,"og_object_type":"default","og_image_type":"default","og_image_url":null,"og_image_width":null,"og_image_height":null,"og_image_custom_url":null,"og_image_custom_fields":null,"og_video":null,"og_custom_url":null,"og_article_section":null,"og_article_tags":null,"twitter_use_og":false,"twitter_card":"default","twitter_image_type":"default","twitter_image_url":null,"twitter_image_custom_url":null,"twitter_image_custom_fields":null,"twitter_title":null,"twitter_description":null,"schema":{"blockGraphs":[],"customGraphs":[],"default":{"data":{"Article":[],"Course":[],"Dataset":[],"FAQPage":[],"Movie":[],"Person":[],"Product":[],"ProductReview":[],"Car":[],"Recipe":[],"Service":[],"SoftwareApplication":[],"WebPage":[]},"graphName":"","isEnabled":true},"graphs":[],"defaultGraph":"","defaultPostTypeGraph":""},"schema_type":null,"schema_type_options":null,"pillar_content":false,"robots_default":true,"robots_noindex":false,"robots_noarchive":false,"robots_nosnippet":false,"robots_nofollow":false,"robots_noimageindex":false,"robots_noodp":false,"robots_notranslate":false,"robots_max_snippet":null,"robots_max_videopreview":null,"robots_max_imagepreview":"large","priority":null,"frequency":null,"local_seo":null,"seo_analyzer_scan_date":"2025-10-12 10:12:10","breadcrumb_settings":null,"limit_modified_date":false,"open_ai":null,"ai":null,"created":"2020-12-21 11:31:36","updated":"2025-10-12 10:12:10"},"aioseo_breadcrumb":"<div class=\"aioseo-breadcrumbs\"><span class=\"aioseo-breadcrumb\">\n\t<a href=\"https:\/\/www.eldigitaldeasturias.com\/noticias\" title=\"Home\">Home<\/a>\n<\/span><span class=\"aioseo-breadcrumb-separator\">\u2013<\/span><span class=\"aioseo-breadcrumb\">\n\t<a href=\"https:\/\/www.eldigitaldeasturias.com\/noticias\/category\/sociedad\/\" title=\"Sociedad\">Sociedad<\/a>\n<\/span><span class=\"aioseo-breadcrumb-separator\">\u2013<\/span><span class=\"aioseo-breadcrumb\">\n\t<a href=\"https:\/\/www.eldigitaldeasturias.com\/noticias\/julia-pomares-genero-y-trabajo-preocupan-tanto-a-las-potencias-como-a-los-paises-emergentes\/\" title=\"Julia Pomares: \u201cG\u00e9nero y trabajo preocupan tanto a las potencias como a los pa\u00edses emergentes\u201d\">Julia Pomares: \u201cG\u00e9nero y trabajo preocupan tanto a las potencias como a los pa\u00edses emergentes\u201d<\/a>\n<\/span><\/div>","aioseo_breadcrumb_json":[{"label":"Home","link":"https:\/\/www.eldigitaldeasturias.com\/noticias"},{"label":"Sociedad","link":"https:\/\/www.eldigitaldeasturias.com\/noticias\/category\/sociedad\/"},{"label":"Julia Pomares: \u201cG\u00e9nero y trabajo preocupan tanto a las potencias como a los pa\u00edses emergentes\u201d","link":"https:\/\/www.eldigitaldeasturias.com\/noticias\/julia-pomares-genero-y-trabajo-preocupan-tanto-a-las-potencias-como-a-los-paises-emergentes\/"}],"_links":{"self":[{"href":"https:\/\/www.eldigitaldeasturias.com\/noticias\/wp-json\/wp\/v2\/posts\/998960","targetHints":{"allow":["GET"]}}],"collection":[{"href":"https:\/\/www.eldigitaldeasturias.com\/noticias\/wp-json\/wp\/v2\/posts"}],"about":[{"href":"https:\/\/www.eldigitaldeasturias.com\/noticias\/wp-json\/wp\/v2\/types\/post"}],"author":[{"embeddable":true,"href":"https:\/\/www.eldigitaldeasturias.com\/noticias\/wp-json\/wp\/v2\/users\/1"}],"replies":[{"embeddable":true,"href":"https:\/\/www.eldigitaldeasturias.com\/noticias\/wp-json\/wp\/v2\/comments?post=998960"}],"version-history":[{"count":0,"href":"https:\/\/www.eldigitaldeasturias.com\/noticias\/wp-json\/wp\/v2\/posts\/998960\/revisions"}],"wp:featuredmedia":[{"embeddable":true,"href":"https:\/\/www.eldigitaldeasturias.com\/noticias\/wp-json\/wp\/v2\/media\/984057"}],"wp:attachment":[{"href":"https:\/\/www.eldigitaldeasturias.com\/noticias\/wp-json\/wp\/v2\/media?parent=998960"}],"wp:term":[{"taxonomy":"category","embeddable":true,"href":"https:\/\/www.eldigitaldeasturias.com\/noticias\/wp-json\/wp\/v2\/categories?post=998960"},{"taxonomy":"post_tag","embeddable":true,"href":"https:\/\/www.eldigitaldeasturias.com\/noticias\/wp-json\/wp\/v2\/tags?post=998960"}],"curies":[{"name":"wp","href":"https:\/\/api.w.org\/{rel}","templated":true}]}}