{"id":982364,"date":"2018-05-28T12:31:12","date_gmt":"2018-05-28T12:31:12","guid":{"rendered":"http:\/\/www.eldigitaldeasturias.com\/noticias\/?p=982364"},"modified":"2018-05-28T12:31:12","modified_gmt":"2018-05-28T12:31:12","slug":"la-conseyeria-deducacion-convoca-los-premios-lliterarios-2018-nasturianu","status":"publish","type":"post","link":"https:\/\/www.eldigitaldeasturias.com\/noticias\/la-conseyeria-deducacion-convoca-los-premios-lliterarios-2018-nasturianu\/","title":{"rendered":"La Conseyer\u00eda d&#8217;Educaci\u00f3n convoca los premios lliterarios 2018 n&#8217;asturianu"},"content":{"rendered":"<p><img loading=\"lazy\" decoding=\"async\" class=\"alignleft size-medium wp-image-954241\" src=\"https:\/\/www.eldigitaldeasturias.com\/noticias\/wp-content\/uploads\/2017\/09\/1506600492_cuanto_cuesta_publicar_un_libro-360x239.jpg\" alt=\"\" width=\"360\" height=\"239\" srcset=\"https:\/\/www.eldigitaldeasturias.com\/noticias\/wp-content\/uploads\/2017\/09\/1506600492_cuanto_cuesta_publicar_un_libro-360x239.jpg 360w, https:\/\/www.eldigitaldeasturias.com\/noticias\/wp-content\/uploads\/2017\/09\/1506600492_cuanto_cuesta_publicar_un_libro-768x509.jpg 768w, https:\/\/www.eldigitaldeasturias.com\/noticias\/wp-content\/uploads\/2017\/09\/1506600492_cuanto_cuesta_publicar_un_libro-650x431.jpg 650w, https:\/\/www.eldigitaldeasturias.com\/noticias\/wp-content\/uploads\/2017\/09\/1506600492_cuanto_cuesta_publicar_un_libro.jpg 800w\" sizes=\"auto, (max-width: 360px) 100vw, 360px\" \/>El mi\u00e9rcoles 23 de mayu public\u00f3se nel Bolet\u00edn Oficial del Princip\u00e1u d&#8217;Asturies (BOPA) la convocatoria de los premios lliterarios n&#8217;asturianu, Xosefa Xovellanos\u201d de novela nel so trent\u00e9sima novena edici\u00f3n; Xuan Mar\u00eda Acebal de poes\u00eda na so vent\u00e9sima cuarta edici\u00f3n; M\u00e1ximo Fuertes Acevedo d&#8217;ensayu nel so vent\u00e9sima cuarta edici\u00f3n; Mar\u00eda Josefa Canellada de lliteratura infantil o xuvenil nel so d\u00e9cima primer edici\u00f3n y Alfonso Iglesias de c\u00f3mic na so d\u00e9cima edici\u00f3n.<\/p>\n<p>Estos premios contrib\u00fain a potenciar, consolidar y arriquecer la creativid\u00e1 de la llingua asturiana nel \u00e1mbitu lliterariu.<\/p>\n<p>A estos premios, que tienen una dotaci\u00f3n econ\u00f3mica de 3.000 euros, pa cad\u00fan de los x\u00e9neros, pueden presentase les persones interesaes, siempre que nun fueren ganadores na anterior edici\u00f3n de cada modalid\u00e1 lliteraria.<\/p>\n<p>Los plazos de presentaci\u00f3n d&#8217;orixinales terminen el 3 de setiembre de 2018 nel casu del premiu \u201cAlfonso Iglesias\u201d de c\u00f3mic, y el 17 de setiembre de 2018 pa les restantes convocatories d&#8217;estos premios.<\/p>\n<p>Tami\u00e9n s\u2019aprueba la convocatoria de subvenciones a medios de comunicaci\u00f3n pa la normalizaci\u00f3n social del asturianu y, nel so \u00e1mbitu, del gallego-asturianu, en r\u00e9xime de concurrencia competitiva. La cuant\u00eda total d&#8217;esta llinia d&#8217;ayudes ye de 90.000 euros.<\/p>\n<p>L&#8217;oxetu d&#8217;esta convocatoria ye la concesi\u00f3n d\u2019ayudes econ\u00f3miques en r\u00e9xime de concurrencia competitiva a empreses period\u00edstiques, radiof\u00f3niques, televisives o d&#8217;Internet, poles inversiones realizaes na producci\u00f3n d&#8217;espacios onde s&#8217;utilice l&#8217;asturianu, o&#8217;l gallego-asturianu nel so \u00e1mbitu, bien de manera habitual n&#8217;informaciones xenerales, bien n&#8217;espacios peri\u00f3dicos y fixos, bien en programes estraordinarios d&#8217;inter\u00e9s especial, pero siempre que tal usu contribuya a la normalizaci\u00f3n y dignificaci\u00f3n del usu social de la llingua y seyan espacios configuraos como propios del mediu de comunicaci\u00f3n y asum\u00edos por \u00e9l.<\/p>\n<p>Van poder solicitar estes subvenciones cualquier empresa privada (persona f\u00edsica o xur\u00eddica) que seya titular d&#8217;un mediu de comunicaci\u00f3n d&#8217;\u00e1mbitu asturianu y que tenga el so domiciliu social, establecimientu o delegaci\u00f3n comercial nel Princip\u00e1u d&#8217;Asturies. El plazu de presentaci\u00f3n de proyectos a esta llinia de subvenciones termina&#8217;l 20 de xunu de 2018, incluy\u00edu.<\/p>\n","protected":false},"excerpt":{"rendered":"<p>El mi\u00e9rcoles 23 de mayu public\u00f3se nel Bolet\u00edn Oficial del Princip\u00e1u d&#8217;Asturies (BOPA) la convocatoria de los premios lliterarios n&#8217;asturianu, Xosefa Xovellanos\u201d de novela nel so trent\u00e9sima novena edici\u00f3n; Xuan Mar\u00eda Acebal de poes\u00eda na so vent\u00e9sima cuarta edici\u00f3n; M\u00e1ximo Fuertes Acevedo d&#8217;ensayu nel so vent\u00e9sima cuarta edici\u00f3n; Mar\u00eda Josefa Canellada de lliteratura infantil o [&hellip;]<\/p>\n","protected":false},"author":1,"featured_media":954241,"comment_status":"closed","ping_status":"closed","sticky":false,"template":"","format":"standard","meta":{"footnotes":""},"categories":[12],"tags":[],"class_list":["post-982364","post","type-post","status-publish","format-standard","has-post-thumbnail","hentry","category-actualidad-asturias"],"aioseo_notices":[],"aioseo_head":"\n\t\t<!-- All in One SEO Pro 4.9.6.2 - aioseo.com -->\n\t<meta name=\"description\" content=\"El mi\u00e9rcoles 23 de mayu public\u00f3se nel Bolet\u00edn Oficial del Princip\u00e1u d&#039;Asturies (BOPA) la convocatoria de los premios lliterarios n&#039;asturianu, Xosefa Xovellanos\u201d de novela nel so trent\u00e9sima novena edici\u00f3n; Xuan Mar\u00eda Acebal de poes\u00eda na so vent\u00e9sima cuarta edici\u00f3n; M\u00e1ximo Fuertes Acevedo d&#039;ensayu nel so vent\u00e9sima cuarta edici\u00f3n; Mar\u00eda Josefa Canellada de lliteratura infantil o\" \/>\n\t<meta name=\"robots\" content=\"max-image-preview:large\" \/>\n\t<meta name=\"author\" content=\"El Digital de Asturias\"\/>\n\t<meta name=\"google-site-verification\" content=\"UA-38556648-1\" \/>\n\t<meta name=\"msvalidate.01\" content=\"7dfe9f3f1b24437ab69f4f2559babe99\" \/>\n\t<meta name=\"keywords\" content=\"actualidad asturias\" \/>\n\t<link rel=\"canonical\" href=\"https:\/\/www.eldigitaldeasturias.com\/noticias\/la-conseyeria-deducacion-convoca-los-premios-lliterarios-2018-nasturianu\/\" \/>\n\t<meta name=\"generator\" content=\"All in One SEO Pro (AIOSEO) 4.9.6.2\" \/>\n\t\t<meta property=\"og:locale\" content=\"es_ES\" \/>\n\t\t<meta property=\"og:site_name\" content=\"El Digital de Asturias\" \/>\n\t\t<meta property=\"og:type\" content=\"article\" \/>\n\t\t<meta property=\"og:title\" content=\"La Conseyer\u00eda d\u2019Educaci\u00f3n convoca los premios lliterarios 2018 n\u2019asturianu - El Digital de Asturias\" \/>\n\t\t<meta property=\"og:description\" content=\"El mi\u00e9rcoles 23 de mayu public\u00f3se nel Bolet\u00edn Oficial del Princip\u00e1u d&#039;Asturies (BOPA) la convocatoria de los premios lliterarios n&#039;asturianu, Xosefa Xovellanos\u201d de novela nel so trent\u00e9sima novena edici\u00f3n; Xuan Mar\u00eda Acebal de poes\u00eda na so vent\u00e9sima cuarta edici\u00f3n; M\u00e1ximo Fuertes Acevedo d&#039;ensayu nel so vent\u00e9sima cuarta edici\u00f3n; Mar\u00eda Josefa Canellada de lliteratura infantil o\" \/>\n\t\t<meta property=\"og:url\" content=\"https:\/\/www.eldigitaldeasturias.com\/noticias\/la-conseyeria-deducacion-convoca-los-premios-lliterarios-2018-nasturianu\/\" \/>\n\t\t<meta property=\"og:image\" content=\"https:\/\/www.eldigitaldeasturias.com\/noticias\/wp-content\/uploads\/2017\/09\/1506600492_cuanto_cuesta_publicar_un_libro.jpg\" \/>\n\t\t<meta property=\"og:image:secure_url\" content=\"https:\/\/www.eldigitaldeasturias.com\/noticias\/wp-content\/uploads\/2017\/09\/1506600492_cuanto_cuesta_publicar_un_libro.jpg\" \/>\n\t\t<meta property=\"og:image:width\" content=\"800\" \/>\n\t\t<meta property=\"og:image:height\" content=\"530\" \/>\n\t\t<meta property=\"article:tag\" content=\"actualidad asturias\" \/>\n\t\t<meta property=\"article:published_time\" content=\"2018-05-28T12:31:12+00:00\" \/>\n\t\t<meta property=\"article:modified_time\" content=\"2018-05-28T12:31:12+00:00\" \/>\n\t\t<meta property=\"article:publisher\" content=\"https:\/\/facebook.com\/eldigitaldeasturias\" \/>\n\t\t<meta name=\"twitter:card\" content=\"summary_large_image\" \/>\n\t\t<meta name=\"twitter:title\" content=\"La Conseyer\u00eda d\u2019Educaci\u00f3n convoca los premios lliterarios 2018 n\u2019asturianu - El Digital de Asturias\" \/>\n\t\t<meta name=\"twitter:description\" content=\"El mi\u00e9rcoles 23 de mayu public\u00f3se nel Bolet\u00edn Oficial del Princip\u00e1u d&#039;Asturies (BOPA) la convocatoria de los premios lliterarios n&#039;asturianu, Xosefa Xovellanos\u201d de novela nel so trent\u00e9sima novena edici\u00f3n; Xuan Mar\u00eda Acebal de poes\u00eda na so vent\u00e9sima cuarta edici\u00f3n; M\u00e1ximo Fuertes Acevedo d&#039;ensayu nel so vent\u00e9sima cuarta edici\u00f3n; Mar\u00eda Josefa Canellada de lliteratura infantil o\" \/>\n\t\t<meta name=\"twitter:image\" content=\"https:\/\/www.eldigitaldeasturias.com\/noticias\/wp-content\/uploads\/2017\/09\/1506600492_cuanto_cuesta_publicar_un_libro.jpg\" \/>\n\t\t<meta name=\"twitter:label1\" content=\"Escrito por\" \/>\n\t\t<meta name=\"twitter:data1\" content=\"El Digital de Asturias\" \/>\n\t\t<meta name=\"twitter:label2\" content=\"Tiempo de lectura estimado\" \/>\n\t\t<meta name=\"twitter:data2\" content=\"2 minutos\" \/>\n\t\t<script type=\"application\/ld+json\" class=\"aioseo-schema\">\n\t\t\t{\"@context\":\"https:\\\/\\\/schema.org\",\"@graph\":[{\"@type\":\"BlogPosting\",\"@id\":\"https:\\\/\\\/www.eldigitaldeasturias.com\\\/noticias\\\/la-conseyeria-deducacion-convoca-los-premios-lliterarios-2018-nasturianu\\\/#blogposting\",\"name\":\"La Conseyer\\u00eda d\\u2019Educaci\\u00f3n convoca los premios lliterarios 2018 n\\u2019asturianu - El Digital de Asturias\",\"headline\":\"La Conseyer\\u00eda d&#8217;Educaci\\u00f3n convoca los premios lliterarios 2018 n&#8217;asturianu\",\"author\":{\"@id\":\"https:\\\/\\\/www.eldigitaldeasturias.com\\\/noticias\\\/author\\\/admin\\\/#author\"},\"publisher\":{\"@id\":\"https:\\\/\\\/www.eldigitaldeasturias.com\\\/noticias\\\/#organization\"},\"image\":{\"@type\":\"ImageObject\",\"url\":\"https:\\\/\\\/www.eldigitaldeasturias.com\\\/noticias\\\/wp-content\\\/uploads\\\/2017\\\/09\\\/1506600492_cuanto_cuesta_publicar_un_libro.jpg\",\"width\":800,\"height\":530},\"datePublished\":\"2018-05-28T12:31:12+02:00\",\"dateModified\":\"2018-05-28T12:31:12+02:00\",\"inLanguage\":\"es-ES\",\"mainEntityOfPage\":{\"@id\":\"https:\\\/\\\/www.eldigitaldeasturias.com\\\/noticias\\\/la-conseyeria-deducacion-convoca-los-premios-lliterarios-2018-nasturianu\\\/#webpage\"},\"isPartOf\":{\"@id\":\"https:\\\/\\\/www.eldigitaldeasturias.com\\\/noticias\\\/la-conseyeria-deducacion-convoca-los-premios-lliterarios-2018-nasturianu\\\/#webpage\"},\"articleSection\":\"Actualidad Asturias\"},{\"@type\":\"BreadcrumbList\",\"@id\":\"https:\\\/\\\/www.eldigitaldeasturias.com\\\/noticias\\\/la-conseyeria-deducacion-convoca-los-premios-lliterarios-2018-nasturianu\\\/#breadcrumblist\",\"itemListElement\":[{\"@type\":\"ListItem\",\"@id\":\"https:\\\/\\\/www.eldigitaldeasturias.com\\\/noticias#listItem\",\"position\":1,\"name\":\"Home\",\"item\":\"https:\\\/\\\/www.eldigitaldeasturias.com\\\/noticias\",\"nextItem\":{\"@type\":\"ListItem\",\"@id\":\"https:\\\/\\\/www.eldigitaldeasturias.com\\\/noticias\\\/category\\\/actualidad-asturias\\\/#listItem\",\"name\":\"Actualidad Asturias\"}},{\"@type\":\"ListItem\",\"@id\":\"https:\\\/\\\/www.eldigitaldeasturias.com\\\/noticias\\\/category\\\/actualidad-asturias\\\/#listItem\",\"position\":2,\"name\":\"Actualidad Asturias\",\"item\":\"https:\\\/\\\/www.eldigitaldeasturias.com\\\/noticias\\\/category\\\/actualidad-asturias\\\/\",\"nextItem\":{\"@type\":\"ListItem\",\"@id\":\"https:\\\/\\\/www.eldigitaldeasturias.com\\\/noticias\\\/la-conseyeria-deducacion-convoca-los-premios-lliterarios-2018-nasturianu\\\/#listItem\",\"name\":\"La Conseyer\\u00eda d&#8217;Educaci\\u00f3n convoca los premios lliterarios 2018 n&#8217;asturianu\"},\"previousItem\":{\"@type\":\"ListItem\",\"@id\":\"https:\\\/\\\/www.eldigitaldeasturias.com\\\/noticias#listItem\",\"name\":\"Home\"}},{\"@type\":\"ListItem\",\"@id\":\"https:\\\/\\\/www.eldigitaldeasturias.com\\\/noticias\\\/la-conseyeria-deducacion-convoca-los-premios-lliterarios-2018-nasturianu\\\/#listItem\",\"position\":3,\"name\":\"La Conseyer\\u00eda d&#8217;Educaci\\u00f3n convoca los premios lliterarios 2018 n&#8217;asturianu\",\"previousItem\":{\"@type\":\"ListItem\",\"@id\":\"https:\\\/\\\/www.eldigitaldeasturias.com\\\/noticias\\\/category\\\/actualidad-asturias\\\/#listItem\",\"name\":\"Actualidad Asturias\"}}]},{\"@type\":\"Organization\",\"@id\":\"https:\\\/\\\/www.eldigitaldeasturias.com\\\/noticias\\\/#organization\",\"name\":\"El Digital de Asturias\",\"description\":\"Hemeroteca\",\"url\":\"https:\\\/\\\/www.eldigitaldeasturias.com\\\/noticias\\\/\",\"email\":\"info@eldigitaldeasturias.com\",\"telephone\":\"+34652131393\",\"logo\":{\"@type\":\"ImageObject\",\"url\":\"https:\\\/\\\/www.eldigitaldeasturias.com\\\/noticias\\\/wp-content\\\/uploads\\\/2020\\\/12\\\/EDA.jpg\",\"@id\":\"https:\\\/\\\/www.eldigitaldeasturias.com\\\/noticias\\\/la-conseyeria-deducacion-convoca-los-premios-lliterarios-2018-nasturianu\\\/#organizationLogo\",\"width\":649,\"height\":297},\"image\":{\"@id\":\"https:\\\/\\\/www.eldigitaldeasturias.com\\\/noticias\\\/la-conseyeria-deducacion-convoca-los-premios-lliterarios-2018-nasturianu\\\/#organizationLogo\"},\"sameAs\":[\"https:\\\/\\\/facebook.com\\\/eldigitaldeasturias\",\"https:\\\/\\\/www.youtube.com\\\/channel\\\/UCZP-2wLEB9Rv6erhFmqVnvg\"],\"address\":{\"@id\":\"https:\\\/\\\/www.eldigitaldeasturias.com\\\/noticias\\\/#postaladdress\",\"@type\":\"PostalAddress\",\"streetAddress\":\"san antonio 4,\",\"postalCode\":\"33430\",\"addressLocality\":\"Cand\\u00e1s\",\"addressRegion\":\"Asturias\",\"addressCountry\":\"ES\"}},{\"@type\":\"Person\",\"@id\":\"https:\\\/\\\/www.eldigitaldeasturias.com\\\/noticias\\\/author\\\/admin\\\/#author\",\"url\":\"https:\\\/\\\/www.eldigitaldeasturias.com\\\/noticias\\\/author\\\/admin\\\/\",\"name\":\"El Digital de Asturias\",\"image\":{\"@type\":\"ImageObject\",\"@id\":\"https:\\\/\\\/www.eldigitaldeasturias.com\\\/noticias\\\/la-conseyeria-deducacion-convoca-los-premios-lliterarios-2018-nasturianu\\\/#authorImage\",\"url\":\"https:\\\/\\\/www.eldigitaldeasturias.com\\\/noticias\\\/wp-content\\\/litespeed\\\/avatar\\\/18677e78aa0546b92d9dbf31ec7d7668.jpg?ver=1776685526\",\"width\":96,\"height\":96,\"caption\":\"El Digital de Asturias\"}},{\"@type\":\"WebPage\",\"@id\":\"https:\\\/\\\/www.eldigitaldeasturias.com\\\/noticias\\\/la-conseyeria-deducacion-convoca-los-premios-lliterarios-2018-nasturianu\\\/#webpage\",\"url\":\"https:\\\/\\\/www.eldigitaldeasturias.com\\\/noticias\\\/la-conseyeria-deducacion-convoca-los-premios-lliterarios-2018-nasturianu\\\/\",\"name\":\"La Conseyer\\u00eda d\\u2019Educaci\\u00f3n convoca los premios lliterarios 2018 n\\u2019asturianu - El Digital de Asturias\",\"description\":\"El mi\\u00e9rcoles 23 de mayu public\\u00f3se nel Bolet\\u00edn Oficial del Princip\\u00e1u d'Asturies (BOPA) la convocatoria de los premios lliterarios n'asturianu, Xosefa Xovellanos\\u201d de novela nel so trent\\u00e9sima novena edici\\u00f3n; Xuan Mar\\u00eda Acebal de poes\\u00eda na so vent\\u00e9sima cuarta edici\\u00f3n; M\\u00e1ximo Fuertes Acevedo d'ensayu nel so vent\\u00e9sima cuarta edici\\u00f3n; Mar\\u00eda Josefa Canellada de lliteratura infantil o\",\"inLanguage\":\"es-ES\",\"isPartOf\":{\"@id\":\"https:\\\/\\\/www.eldigitaldeasturias.com\\\/noticias\\\/#website\"},\"breadcrumb\":{\"@id\":\"https:\\\/\\\/www.eldigitaldeasturias.com\\\/noticias\\\/la-conseyeria-deducacion-convoca-los-premios-lliterarios-2018-nasturianu\\\/#breadcrumblist\"},\"author\":{\"@id\":\"https:\\\/\\\/www.eldigitaldeasturias.com\\\/noticias\\\/author\\\/admin\\\/#author\"},\"creator\":{\"@id\":\"https:\\\/\\\/www.eldigitaldeasturias.com\\\/noticias\\\/author\\\/admin\\\/#author\"},\"image\":{\"@type\":\"ImageObject\",\"url\":\"https:\\\/\\\/www.eldigitaldeasturias.com\\\/noticias\\\/wp-content\\\/uploads\\\/2017\\\/09\\\/1506600492_cuanto_cuesta_publicar_un_libro.jpg\",\"@id\":\"https:\\\/\\\/www.eldigitaldeasturias.com\\\/noticias\\\/la-conseyeria-deducacion-convoca-los-premios-lliterarios-2018-nasturianu\\\/#mainImage\",\"width\":800,\"height\":530},\"primaryImageOfPage\":{\"@id\":\"https:\\\/\\\/www.eldigitaldeasturias.com\\\/noticias\\\/la-conseyeria-deducacion-convoca-los-premios-lliterarios-2018-nasturianu\\\/#mainImage\"},\"datePublished\":\"2018-05-28T12:31:12+02:00\",\"dateModified\":\"2018-05-28T12:31:12+02:00\"},{\"@type\":\"WebSite\",\"@id\":\"https:\\\/\\\/www.eldigitaldeasturias.com\\\/noticias\\\/#website\",\"url\":\"https:\\\/\\\/www.eldigitaldeasturias.com\\\/noticias\\\/\",\"name\":\"El Digital de Asturias - Diario de actualidad y noticias\",\"alternateName\":\"El Digital de Asturias - Diario de actualidad y noticias\",\"description\":\"Hemeroteca\",\"inLanguage\":\"es-ES\",\"publisher\":{\"@id\":\"https:\\\/\\\/www.eldigitaldeasturias.com\\\/noticias\\\/#organization\"}}]}\n\t\t<\/script>\n\t\t<!-- All in One SEO Pro -->\r\n\t\t<title>La Conseyer\u00eda d\u2019Educaci\u00f3n convoca los premios lliterarios 2018 n\u2019asturianu - El Digital de Asturias<\/title>\n\n","aioseo_head_json":{"title":"La Conseyer\u00eda d\u2019Educaci\u00f3n convoca los premios lliterarios 2018 n\u2019asturianu - El Digital de Asturias","description":"El mi\u00e9rcoles 23 de mayu public\u00f3se nel Bolet\u00edn Oficial del Princip\u00e1u d'Asturies (BOPA) la convocatoria de los premios lliterarios n'asturianu, Xosefa Xovellanos\u201d de novela nel so trent\u00e9sima novena edici\u00f3n; Xuan Mar\u00eda Acebal de poes\u00eda na so vent\u00e9sima cuarta edici\u00f3n; M\u00e1ximo Fuertes Acevedo d'ensayu nel so vent\u00e9sima cuarta edici\u00f3n; Mar\u00eda Josefa Canellada de lliteratura infantil o","canonical_url":"https:\/\/www.eldigitaldeasturias.com\/noticias\/la-conseyeria-deducacion-convoca-los-premios-lliterarios-2018-nasturianu\/","robots":"max-image-preview:large","keywords":"actualidad asturias","webmasterTools":{"google-site-verification":"UA-38556648-1","msvalidate.01":"7dfe9f3f1b24437ab69f4f2559babe99","miscellaneous":""},"schema":{"@context":"https:\/\/schema.org","@graph":[{"@type":"BlogPosting","@id":"https:\/\/www.eldigitaldeasturias.com\/noticias\/la-conseyeria-deducacion-convoca-los-premios-lliterarios-2018-nasturianu\/#blogposting","name":"La Conseyer\u00eda d\u2019Educaci\u00f3n convoca los premios lliterarios 2018 n\u2019asturianu - El Digital de Asturias","headline":"La Conseyer\u00eda d&#8217;Educaci\u00f3n convoca los premios lliterarios 2018 n&#8217;asturianu","author":{"@id":"https:\/\/www.eldigitaldeasturias.com\/noticias\/author\/admin\/#author"},"publisher":{"@id":"https:\/\/www.eldigitaldeasturias.com\/noticias\/#organization"},"image":{"@type":"ImageObject","url":"https:\/\/www.eldigitaldeasturias.com\/noticias\/wp-content\/uploads\/2017\/09\/1506600492_cuanto_cuesta_publicar_un_libro.jpg","width":800,"height":530},"datePublished":"2018-05-28T12:31:12+02:00","dateModified":"2018-05-28T12:31:12+02:00","inLanguage":"es-ES","mainEntityOfPage":{"@id":"https:\/\/www.eldigitaldeasturias.com\/noticias\/la-conseyeria-deducacion-convoca-los-premios-lliterarios-2018-nasturianu\/#webpage"},"isPartOf":{"@id":"https:\/\/www.eldigitaldeasturias.com\/noticias\/la-conseyeria-deducacion-convoca-los-premios-lliterarios-2018-nasturianu\/#webpage"},"articleSection":"Actualidad Asturias"},{"@type":"BreadcrumbList","@id":"https:\/\/www.eldigitaldeasturias.com\/noticias\/la-conseyeria-deducacion-convoca-los-premios-lliterarios-2018-nasturianu\/#breadcrumblist","itemListElement":[{"@type":"ListItem","@id":"https:\/\/www.eldigitaldeasturias.com\/noticias#listItem","position":1,"name":"Home","item":"https:\/\/www.eldigitaldeasturias.com\/noticias","nextItem":{"@type":"ListItem","@id":"https:\/\/www.eldigitaldeasturias.com\/noticias\/category\/actualidad-asturias\/#listItem","name":"Actualidad Asturias"}},{"@type":"ListItem","@id":"https:\/\/www.eldigitaldeasturias.com\/noticias\/category\/actualidad-asturias\/#listItem","position":2,"name":"Actualidad Asturias","item":"https:\/\/www.eldigitaldeasturias.com\/noticias\/category\/actualidad-asturias\/","nextItem":{"@type":"ListItem","@id":"https:\/\/www.eldigitaldeasturias.com\/noticias\/la-conseyeria-deducacion-convoca-los-premios-lliterarios-2018-nasturianu\/#listItem","name":"La Conseyer\u00eda d&#8217;Educaci\u00f3n convoca los premios lliterarios 2018 n&#8217;asturianu"},"previousItem":{"@type":"ListItem","@id":"https:\/\/www.eldigitaldeasturias.com\/noticias#listItem","name":"Home"}},{"@type":"ListItem","@id":"https:\/\/www.eldigitaldeasturias.com\/noticias\/la-conseyeria-deducacion-convoca-los-premios-lliterarios-2018-nasturianu\/#listItem","position":3,"name":"La Conseyer\u00eda d&#8217;Educaci\u00f3n convoca los premios lliterarios 2018 n&#8217;asturianu","previousItem":{"@type":"ListItem","@id":"https:\/\/www.eldigitaldeasturias.com\/noticias\/category\/actualidad-asturias\/#listItem","name":"Actualidad Asturias"}}]},{"@type":"Organization","@id":"https:\/\/www.eldigitaldeasturias.com\/noticias\/#organization","name":"El Digital de Asturias","description":"Hemeroteca","url":"https:\/\/www.eldigitaldeasturias.com\/noticias\/","email":"info@eldigitaldeasturias.com","telephone":"+34652131393","logo":{"@type":"ImageObject","url":"https:\/\/www.eldigitaldeasturias.com\/noticias\/wp-content\/uploads\/2020\/12\/EDA.jpg","@id":"https:\/\/www.eldigitaldeasturias.com\/noticias\/la-conseyeria-deducacion-convoca-los-premios-lliterarios-2018-nasturianu\/#organizationLogo","width":649,"height":297},"image":{"@id":"https:\/\/www.eldigitaldeasturias.com\/noticias\/la-conseyeria-deducacion-convoca-los-premios-lliterarios-2018-nasturianu\/#organizationLogo"},"sameAs":["https:\/\/facebook.com\/eldigitaldeasturias","https:\/\/www.youtube.com\/channel\/UCZP-2wLEB9Rv6erhFmqVnvg"],"address":{"@id":"https:\/\/www.eldigitaldeasturias.com\/noticias\/#postaladdress","@type":"PostalAddress","streetAddress":"san antonio 4,","postalCode":"33430","addressLocality":"Cand\u00e1s","addressRegion":"Asturias","addressCountry":"ES"}},{"@type":"Person","@id":"https:\/\/www.eldigitaldeasturias.com\/noticias\/author\/admin\/#author","url":"https:\/\/www.eldigitaldeasturias.com\/noticias\/author\/admin\/","name":"El Digital de Asturias","image":{"@type":"ImageObject","@id":"https:\/\/www.eldigitaldeasturias.com\/noticias\/la-conseyeria-deducacion-convoca-los-premios-lliterarios-2018-nasturianu\/#authorImage","url":"https:\/\/www.eldigitaldeasturias.com\/noticias\/wp-content\/litespeed\/avatar\/18677e78aa0546b92d9dbf31ec7d7668.jpg?ver=1776685526","width":96,"height":96,"caption":"El Digital de Asturias"}},{"@type":"WebPage","@id":"https:\/\/www.eldigitaldeasturias.com\/noticias\/la-conseyeria-deducacion-convoca-los-premios-lliterarios-2018-nasturianu\/#webpage","url":"https:\/\/www.eldigitaldeasturias.com\/noticias\/la-conseyeria-deducacion-convoca-los-premios-lliterarios-2018-nasturianu\/","name":"La Conseyer\u00eda d\u2019Educaci\u00f3n convoca los premios lliterarios 2018 n\u2019asturianu - El Digital de Asturias","description":"El mi\u00e9rcoles 23 de mayu public\u00f3se nel Bolet\u00edn Oficial del Princip\u00e1u d'Asturies (BOPA) la convocatoria de los premios lliterarios n'asturianu, Xosefa Xovellanos\u201d de novela nel so trent\u00e9sima novena edici\u00f3n; Xuan Mar\u00eda Acebal de poes\u00eda na so vent\u00e9sima cuarta edici\u00f3n; M\u00e1ximo Fuertes Acevedo d'ensayu nel so vent\u00e9sima cuarta edici\u00f3n; Mar\u00eda Josefa Canellada de lliteratura infantil o","inLanguage":"es-ES","isPartOf":{"@id":"https:\/\/www.eldigitaldeasturias.com\/noticias\/#website"},"breadcrumb":{"@id":"https:\/\/www.eldigitaldeasturias.com\/noticias\/la-conseyeria-deducacion-convoca-los-premios-lliterarios-2018-nasturianu\/#breadcrumblist"},"author":{"@id":"https:\/\/www.eldigitaldeasturias.com\/noticias\/author\/admin\/#author"},"creator":{"@id":"https:\/\/www.eldigitaldeasturias.com\/noticias\/author\/admin\/#author"},"image":{"@type":"ImageObject","url":"https:\/\/www.eldigitaldeasturias.com\/noticias\/wp-content\/uploads\/2017\/09\/1506600492_cuanto_cuesta_publicar_un_libro.jpg","@id":"https:\/\/www.eldigitaldeasturias.com\/noticias\/la-conseyeria-deducacion-convoca-los-premios-lliterarios-2018-nasturianu\/#mainImage","width":800,"height":530},"primaryImageOfPage":{"@id":"https:\/\/www.eldigitaldeasturias.com\/noticias\/la-conseyeria-deducacion-convoca-los-premios-lliterarios-2018-nasturianu\/#mainImage"},"datePublished":"2018-05-28T12:31:12+02:00","dateModified":"2018-05-28T12:31:12+02:00"},{"@type":"WebSite","@id":"https:\/\/www.eldigitaldeasturias.com\/noticias\/#website","url":"https:\/\/www.eldigitaldeasturias.com\/noticias\/","name":"El Digital de Asturias - Diario de actualidad y noticias","alternateName":"El Digital de Asturias - Diario de actualidad y noticias","description":"Hemeroteca","inLanguage":"es-ES","publisher":{"@id":"https:\/\/www.eldigitaldeasturias.com\/noticias\/#organization"}}]},"og:locale":"es_ES","og:site_name":"El Digital de Asturias","og:type":"article","og:title":"La Conseyer\u00eda d\u2019Educaci\u00f3n convoca los premios lliterarios 2018 n\u2019asturianu - El Digital de Asturias","og:description":"El mi\u00e9rcoles 23 de mayu public\u00f3se nel Bolet\u00edn Oficial del Princip\u00e1u d'Asturies (BOPA) la convocatoria de los premios lliterarios n'asturianu, Xosefa Xovellanos\u201d de novela nel so trent\u00e9sima novena edici\u00f3n; Xuan Mar\u00eda Acebal de poes\u00eda na so vent\u00e9sima cuarta edici\u00f3n; M\u00e1ximo Fuertes Acevedo d'ensayu nel so vent\u00e9sima cuarta edici\u00f3n; Mar\u00eda Josefa Canellada de lliteratura infantil o","og:url":"https:\/\/www.eldigitaldeasturias.com\/noticias\/la-conseyeria-deducacion-convoca-los-premios-lliterarios-2018-nasturianu\/","og:image":"https:\/\/www.eldigitaldeasturias.com\/noticias\/wp-content\/uploads\/2017\/09\/1506600492_cuanto_cuesta_publicar_un_libro.jpg","og:image:secure_url":"https:\/\/www.eldigitaldeasturias.com\/noticias\/wp-content\/uploads\/2017\/09\/1506600492_cuanto_cuesta_publicar_un_libro.jpg","og:image:width":800,"og:image:height":530,"article:tag":["actualidad asturias"],"article:published_time":"2018-05-28T12:31:12+00:00","article:modified_time":"2018-05-28T12:31:12+00:00","article:publisher":"https:\/\/facebook.com\/eldigitaldeasturias","twitter:card":"summary_large_image","twitter:title":"La Conseyer\u00eda d\u2019Educaci\u00f3n convoca los premios lliterarios 2018 n\u2019asturianu - El Digital de Asturias","twitter:description":"El mi\u00e9rcoles 23 de mayu public\u00f3se nel Bolet\u00edn Oficial del Princip\u00e1u d'Asturies (BOPA) la convocatoria de los premios lliterarios n'asturianu, Xosefa Xovellanos\u201d de novela nel so trent\u00e9sima novena edici\u00f3n; Xuan Mar\u00eda Acebal de poes\u00eda na so vent\u00e9sima cuarta edici\u00f3n; M\u00e1ximo Fuertes Acevedo d'ensayu nel so vent\u00e9sima cuarta edici\u00f3n; Mar\u00eda Josefa Canellada de lliteratura infantil o","twitter:image":"https:\/\/www.eldigitaldeasturias.com\/noticias\/wp-content\/uploads\/2017\/09\/1506600492_cuanto_cuesta_publicar_un_libro.jpg","twitter:label1":"Escrito por","twitter:data1":"El Digital de Asturias","twitter:label2":"Tiempo de lectura estimado","twitter:data2":"2 minutos"},"aioseo_meta_data":{"post_id":"982364","title":null,"description":null,"keywords":null,"keyphrases":null,"primary_term":null,"canonical_url":null,"og_title":null,"og_description":null,"og_object_type":"default","og_image_type":"default","og_image_url":null,"og_image_width":null,"og_image_height":null,"og_image_custom_url":null,"og_image_custom_fields":null,"og_video":null,"og_custom_url":null,"og_article_section":null,"og_article_tags":null,"twitter_use_og":false,"twitter_card":"default","twitter_image_type":"default","twitter_image_url":null,"twitter_image_custom_url":null,"twitter_image_custom_fields":null,"twitter_title":null,"twitter_description":null,"schema":{"blockGraphs":[],"customGraphs":[],"default":{"data":{"Article":[],"Course":[],"Dataset":[],"FAQPage":[],"Movie":[],"Person":[],"Product":[],"ProductReview":[],"Car":[],"Recipe":[],"Service":[],"SoftwareApplication":[],"WebPage":[]},"graphName":"","isEnabled":true},"graphs":[],"defaultGraph":"","defaultPostTypeGraph":""},"schema_type":null,"schema_type_options":null,"pillar_content":false,"robots_default":true,"robots_noindex":false,"robots_noarchive":false,"robots_nosnippet":false,"robots_nofollow":false,"robots_noimageindex":false,"robots_noodp":false,"robots_notranslate":false,"robots_max_snippet":null,"robots_max_videopreview":null,"robots_max_imagepreview":"large","priority":null,"frequency":null,"local_seo":null,"seo_analyzer_scan_date":"2025-10-09 01:02:06","breadcrumb_settings":null,"limit_modified_date":false,"open_ai":null,"ai":null,"created":"2020-12-21 11:51:37","updated":"2025-10-09 01:02:06"},"aioseo_breadcrumb":"<div class=\"aioseo-breadcrumbs\"><span class=\"aioseo-breadcrumb\">\n\t<a href=\"https:\/\/www.eldigitaldeasturias.com\/noticias\" title=\"Home\">Home<\/a>\n<\/span><span class=\"aioseo-breadcrumb-separator\">\u2013<\/span><span class=\"aioseo-breadcrumb\">\n\t<a href=\"https:\/\/www.eldigitaldeasturias.com\/noticias\/category\/actualidad-asturias\/\" title=\"Actualidad Asturias\">Actualidad Asturias<\/a>\n<\/span><span class=\"aioseo-breadcrumb-separator\">\u2013<\/span><span class=\"aioseo-breadcrumb\">\n\t<a href=\"https:\/\/www.eldigitaldeasturias.com\/noticias\/la-conseyeria-deducacion-convoca-los-premios-lliterarios-2018-nasturianu\/\" title=\"La Conseyer\u00eda d\u2019Educaci\u00f3n convoca los premios lliterarios 2018 n\u2019asturianu\">La Conseyer\u00eda d\u2019Educaci\u00f3n convoca los premios lliterarios 2018 n\u2019asturianu<\/a>\n<\/span><\/div>","aioseo_breadcrumb_json":[{"label":"Home","link":"https:\/\/www.eldigitaldeasturias.com\/noticias"},{"label":"Actualidad Asturias","link":"https:\/\/www.eldigitaldeasturias.com\/noticias\/category\/actualidad-asturias\/"},{"label":"La Conseyer\u00eda d&#8217;Educaci\u00f3n convoca los premios lliterarios 2018 n&#8217;asturianu","link":"https:\/\/www.eldigitaldeasturias.com\/noticias\/la-conseyeria-deducacion-convoca-los-premios-lliterarios-2018-nasturianu\/"}],"_links":{"self":[{"href":"https:\/\/www.eldigitaldeasturias.com\/noticias\/wp-json\/wp\/v2\/posts\/982364","targetHints":{"allow":["GET"]}}],"collection":[{"href":"https:\/\/www.eldigitaldeasturias.com\/noticias\/wp-json\/wp\/v2\/posts"}],"about":[{"href":"https:\/\/www.eldigitaldeasturias.com\/noticias\/wp-json\/wp\/v2\/types\/post"}],"author":[{"embeddable":true,"href":"https:\/\/www.eldigitaldeasturias.com\/noticias\/wp-json\/wp\/v2\/users\/1"}],"replies":[{"embeddable":true,"href":"https:\/\/www.eldigitaldeasturias.com\/noticias\/wp-json\/wp\/v2\/comments?post=982364"}],"version-history":[{"count":0,"href":"https:\/\/www.eldigitaldeasturias.com\/noticias\/wp-json\/wp\/v2\/posts\/982364\/revisions"}],"wp:featuredmedia":[{"embeddable":true,"href":"https:\/\/www.eldigitaldeasturias.com\/noticias\/wp-json\/wp\/v2\/media\/954241"}],"wp:attachment":[{"href":"https:\/\/www.eldigitaldeasturias.com\/noticias\/wp-json\/wp\/v2\/media?parent=982364"}],"wp:term":[{"taxonomy":"category","embeddable":true,"href":"https:\/\/www.eldigitaldeasturias.com\/noticias\/wp-json\/wp\/v2\/categories?post=982364"},{"taxonomy":"post_tag","embeddable":true,"href":"https:\/\/www.eldigitaldeasturias.com\/noticias\/wp-json\/wp\/v2\/tags?post=982364"}],"curies":[{"name":"wp","href":"https:\/\/api.w.org\/{rel}","templated":true}]}}