{"id":981907,"date":"2018-05-25T14:34:33","date_gmt":"2018-05-25T14:34:33","guid":{"rendered":"http:\/\/www.eldigitaldeasturias.com\/noticias\/?p=981907"},"modified":"2018-05-25T14:34:33","modified_gmt":"2018-05-25T14:34:33","slug":"oviedo-acoge-la-iv-gala-de-premios-cantabrico-excelente-2018","status":"publish","type":"post","link":"https:\/\/www.eldigitaldeasturias.com\/noticias\/oviedo-acoge-la-iv-gala-de-premios-cantabrico-excelente-2018\/","title":{"rendered":"Oviedo acoge la IV Gala de Premios Cant\u00e1brico Excelente 2018"},"content":{"rendered":"<p><img loading=\"lazy\" decoding=\"async\" class=\"alignleft size-medium wp-image-431792\" src=\"https:\/\/www.eldigitaldeasturias.com\/noticias\/wp-content\/uploads\/2013\/10\/agenda-360x238.jpg\" alt=\"\" width=\"360\" height=\"238\" srcset=\"https:\/\/www.eldigitaldeasturias.com\/noticias\/wp-content\/uploads\/2013\/10\/agenda-360x238.jpg 360w, https:\/\/www.eldigitaldeasturias.com\/noticias\/wp-content\/uploads\/2013\/10\/agenda-453x300.jpg 453w, https:\/\/www.eldigitaldeasturias.com\/noticias\/wp-content\/uploads\/2013\/10\/agenda-20x13.jpg 20w, https:\/\/www.eldigitaldeasturias.com\/noticias\/wp-content\/uploads\/2013\/10\/agenda.jpg 500w\" sizes=\"auto, (max-width: 360px) 100vw, 360px\" \/>La IV Gala de Premios Cant\u00e1brico Excelente 2018 que se celebra hoy, el viernes 25 de mayo en el Hotel De la Reconquista de Oviedo, aporta un valor a\u00f1adido al talento profesional, empresarial, cient\u00edfico e innovador de empresarios y destacados profesionales afincados en las comunidades aut\u00f3nomas que conforman la cornisa c\u00e1ntabra como son Galicia, Asturias, Cantabria, Pa\u00eds vasco y Navarra. Los televisivos Miriam Rodr\u00edguez y Roi M\u00e9ndez, concursantes destacados de Operaci\u00f3n Triunfo 2017, actuar\u00e1n en el evento que comienza a las 18:30, al mismo tiempo que recibir\u00e1n uno de los premios en la categor\u00eda Artista Revelaci\u00f3n.<\/p>\n<p>Estos galardones, otorgados por la empresa editora El Suplemento, son un merecido reconocimiento a la apuesta que d\u00eda a d\u00eda realizan personalidades en distintos sectores del tejido empresarial y profesional, tanto en el \u00e1mbito local, en todo el territorio nacional y c\u00f3mo no en la proyecci\u00f3n internacional, poniendo a la marca Espa\u00f1a en una de las mejores posiciones a nivel mundial.<\/p>\n<p>Los premiados en las distintas categor\u00edas recoger\u00e1n el galard\u00f3n en un marco incomparable donde primar\u00e1 la exposici\u00f3n del trabajo realizado, el networking y la cordialidad en un ambiente distendido. Un a\u00f1o m\u00e1s, este evento se posiciona como referente en el arco cant\u00e1brico y se nutre de destacados nombres y firmas que engalanar\u00e1n la tarde-noche del viernes 25 de mayo.<\/p>\n","protected":false},"excerpt":{"rendered":"<p>La IV Gala de Premios Cant\u00e1brico Excelente 2018 que se celebra hoy, el viernes 25 de mayo en el Hotel De la Reconquista de Oviedo, aporta un valor a\u00f1adido al talento profesional, empresarial, cient\u00edfico e innovador de empresarios y destacados profesionales afincados en las comunidades aut\u00f3nomas que conforman la cornisa c\u00e1ntabra como son Galicia, Asturias, [&hellip;]<\/p>\n","protected":false},"author":1,"featured_media":431792,"comment_status":"closed","ping_status":"closed","sticky":false,"template":"","format":"standard","meta":{"footnotes":""},"categories":[2],"tags":[],"class_list":["post-981907","post","type-post","status-publish","format-standard","has-post-thumbnail","hentry","category-agenda"],"aioseo_notices":[],"aioseo_head":"\n\t\t<!-- All in One SEO Pro 4.9.6.2 - aioseo.com -->\n\t<meta name=\"description\" content=\"La IV Gala de Premios Cant\u00e1brico Excelente 2018 que se celebra hoy, el viernes 25 de mayo en el Hotel De la Reconquista de Oviedo, aporta un valor a\u00f1adido al talento profesional, empresarial, cient\u00edfico e innovador de empresarios y destacados profesionales afincados en las comunidades aut\u00f3nomas que conforman la cornisa c\u00e1ntabra como son Galicia, Asturias,\" \/>\n\t<meta name=\"robots\" content=\"max-image-preview:large\" \/>\n\t<meta name=\"author\" content=\"El Digital de Asturias\"\/>\n\t<meta name=\"google-site-verification\" content=\"UA-38556648-1\" \/>\n\t<meta name=\"msvalidate.01\" content=\"7dfe9f3f1b24437ab69f4f2559babe99\" \/>\n\t<meta name=\"keywords\" content=\"agenda\" \/>\n\t<link rel=\"canonical\" href=\"https:\/\/www.eldigitaldeasturias.com\/noticias\/oviedo-acoge-la-iv-gala-de-premios-cantabrico-excelente-2018\/\" \/>\n\t<meta name=\"generator\" content=\"All in One SEO Pro (AIOSEO) 4.9.6.2\" \/>\n\t\t<meta property=\"og:locale\" content=\"es_ES\" \/>\n\t\t<meta property=\"og:site_name\" content=\"El Digital de Asturias\" \/>\n\t\t<meta property=\"og:type\" content=\"article\" \/>\n\t\t<meta property=\"og:title\" content=\"Oviedo acoge la IV Gala de Premios Cant\u00e1brico Excelente 2018 - El Digital de Asturias\" \/>\n\t\t<meta property=\"og:description\" content=\"La IV Gala de Premios Cant\u00e1brico Excelente 2018 que se celebra hoy, el viernes 25 de mayo en el Hotel De la Reconquista de Oviedo, aporta un valor a\u00f1adido al talento profesional, empresarial, cient\u00edfico e innovador de empresarios y destacados profesionales afincados en las comunidades aut\u00f3nomas que conforman la cornisa c\u00e1ntabra como son Galicia, Asturias,\" \/>\n\t\t<meta property=\"og:url\" content=\"https:\/\/www.eldigitaldeasturias.com\/noticias\/oviedo-acoge-la-iv-gala-de-premios-cantabrico-excelente-2018\/\" \/>\n\t\t<meta property=\"og:image\" content=\"https:\/\/www.eldigitaldeasturias.com\/noticias\/wp-content\/uploads\/2013\/10\/agenda.jpg\" \/>\n\t\t<meta property=\"og:image:secure_url\" content=\"https:\/\/www.eldigitaldeasturias.com\/noticias\/wp-content\/uploads\/2013\/10\/agenda.jpg\" \/>\n\t\t<meta property=\"og:image:width\" content=\"500\" \/>\n\t\t<meta property=\"og:image:height\" content=\"331\" \/>\n\t\t<meta property=\"article:tag\" content=\"agenda\" \/>\n\t\t<meta property=\"article:published_time\" content=\"2018-05-25T14:34:33+00:00\" \/>\n\t\t<meta property=\"article:modified_time\" content=\"2018-05-25T14:34:33+00:00\" \/>\n\t\t<meta property=\"article:publisher\" content=\"https:\/\/facebook.com\/eldigitaldeasturias\" \/>\n\t\t<meta name=\"twitter:card\" content=\"summary_large_image\" \/>\n\t\t<meta name=\"twitter:title\" content=\"Oviedo acoge la IV Gala de Premios Cant\u00e1brico Excelente 2018 - El Digital de Asturias\" \/>\n\t\t<meta name=\"twitter:description\" content=\"La IV Gala de Premios Cant\u00e1brico Excelente 2018 que se celebra hoy, el viernes 25 de mayo en el Hotel De la Reconquista de Oviedo, aporta un valor a\u00f1adido al talento profesional, empresarial, cient\u00edfico e innovador de empresarios y destacados profesionales afincados en las comunidades aut\u00f3nomas que conforman la cornisa c\u00e1ntabra como son Galicia, Asturias,\" \/>\n\t\t<meta name=\"twitter:image\" content=\"https:\/\/www.eldigitaldeasturias.com\/noticias\/wp-content\/uploads\/2013\/10\/agenda.jpg\" \/>\n\t\t<meta name=\"twitter:label1\" content=\"Escrito por\" \/>\n\t\t<meta name=\"twitter:data1\" content=\"El Digital de Asturias\" \/>\n\t\t<meta name=\"twitter:label2\" content=\"Tiempo de lectura estimado\" \/>\n\t\t<meta name=\"twitter:data2\" content=\"1 minuto\" \/>\n\t\t<script type=\"application\/ld+json\" class=\"aioseo-schema\">\n\t\t\t{\"@context\":\"https:\\\/\\\/schema.org\",\"@graph\":[{\"@type\":\"BlogPosting\",\"@id\":\"https:\\\/\\\/www.eldigitaldeasturias.com\\\/noticias\\\/oviedo-acoge-la-iv-gala-de-premios-cantabrico-excelente-2018\\\/#blogposting\",\"name\":\"Oviedo acoge la IV Gala de Premios Cant\\u00e1brico Excelente 2018 - El Digital de Asturias\",\"headline\":\"Oviedo acoge la IV Gala de Premios Cant\\u00e1brico Excelente 2018\",\"author\":{\"@id\":\"https:\\\/\\\/www.eldigitaldeasturias.com\\\/noticias\\\/author\\\/admin\\\/#author\"},\"publisher\":{\"@id\":\"https:\\\/\\\/www.eldigitaldeasturias.com\\\/noticias\\\/#organization\"},\"image\":{\"@type\":\"ImageObject\",\"url\":\"https:\\\/\\\/www.eldigitaldeasturias.com\\\/noticias\\\/wp-content\\\/uploads\\\/2013\\\/10\\\/agenda.jpg\",\"width\":500,\"height\":331},\"datePublished\":\"2018-05-25T14:34:33+02:00\",\"dateModified\":\"2018-05-25T14:34:33+02:00\",\"inLanguage\":\"es-ES\",\"mainEntityOfPage\":{\"@id\":\"https:\\\/\\\/www.eldigitaldeasturias.com\\\/noticias\\\/oviedo-acoge-la-iv-gala-de-premios-cantabrico-excelente-2018\\\/#webpage\"},\"isPartOf\":{\"@id\":\"https:\\\/\\\/www.eldigitaldeasturias.com\\\/noticias\\\/oviedo-acoge-la-iv-gala-de-premios-cantabrico-excelente-2018\\\/#webpage\"},\"articleSection\":\"Agenda\"},{\"@type\":\"BreadcrumbList\",\"@id\":\"https:\\\/\\\/www.eldigitaldeasturias.com\\\/noticias\\\/oviedo-acoge-la-iv-gala-de-premios-cantabrico-excelente-2018\\\/#breadcrumblist\",\"itemListElement\":[{\"@type\":\"ListItem\",\"@id\":\"https:\\\/\\\/www.eldigitaldeasturias.com\\\/noticias#listItem\",\"position\":1,\"name\":\"Home\",\"item\":\"https:\\\/\\\/www.eldigitaldeasturias.com\\\/noticias\",\"nextItem\":{\"@type\":\"ListItem\",\"@id\":\"https:\\\/\\\/www.eldigitaldeasturias.com\\\/noticias\\\/category\\\/agenda\\\/#listItem\",\"name\":\"Agenda\"}},{\"@type\":\"ListItem\",\"@id\":\"https:\\\/\\\/www.eldigitaldeasturias.com\\\/noticias\\\/category\\\/agenda\\\/#listItem\",\"position\":2,\"name\":\"Agenda\",\"item\":\"https:\\\/\\\/www.eldigitaldeasturias.com\\\/noticias\\\/category\\\/agenda\\\/\",\"nextItem\":{\"@type\":\"ListItem\",\"@id\":\"https:\\\/\\\/www.eldigitaldeasturias.com\\\/noticias\\\/oviedo-acoge-la-iv-gala-de-premios-cantabrico-excelente-2018\\\/#listItem\",\"name\":\"Oviedo acoge la IV Gala de Premios Cant\\u00e1brico Excelente 2018\"},\"previousItem\":{\"@type\":\"ListItem\",\"@id\":\"https:\\\/\\\/www.eldigitaldeasturias.com\\\/noticias#listItem\",\"name\":\"Home\"}},{\"@type\":\"ListItem\",\"@id\":\"https:\\\/\\\/www.eldigitaldeasturias.com\\\/noticias\\\/oviedo-acoge-la-iv-gala-de-premios-cantabrico-excelente-2018\\\/#listItem\",\"position\":3,\"name\":\"Oviedo acoge la IV Gala de Premios Cant\\u00e1brico Excelente 2018\",\"previousItem\":{\"@type\":\"ListItem\",\"@id\":\"https:\\\/\\\/www.eldigitaldeasturias.com\\\/noticias\\\/category\\\/agenda\\\/#listItem\",\"name\":\"Agenda\"}}]},{\"@type\":\"Organization\",\"@id\":\"https:\\\/\\\/www.eldigitaldeasturias.com\\\/noticias\\\/#organization\",\"name\":\"El Digital de Asturias\",\"description\":\"Hemeroteca\",\"url\":\"https:\\\/\\\/www.eldigitaldeasturias.com\\\/noticias\\\/\",\"email\":\"info@eldigitaldeasturias.com\",\"telephone\":\"+34652131393\",\"logo\":{\"@type\":\"ImageObject\",\"url\":\"https:\\\/\\\/www.eldigitaldeasturias.com\\\/noticias\\\/wp-content\\\/uploads\\\/2020\\\/12\\\/EDA.jpg\",\"@id\":\"https:\\\/\\\/www.eldigitaldeasturias.com\\\/noticias\\\/oviedo-acoge-la-iv-gala-de-premios-cantabrico-excelente-2018\\\/#organizationLogo\",\"width\":649,\"height\":297},\"image\":{\"@id\":\"https:\\\/\\\/www.eldigitaldeasturias.com\\\/noticias\\\/oviedo-acoge-la-iv-gala-de-premios-cantabrico-excelente-2018\\\/#organizationLogo\"},\"sameAs\":[\"https:\\\/\\\/facebook.com\\\/eldigitaldeasturias\",\"https:\\\/\\\/www.youtube.com\\\/channel\\\/UCZP-2wLEB9Rv6erhFmqVnvg\"],\"address\":{\"@id\":\"https:\\\/\\\/www.eldigitaldeasturias.com\\\/noticias\\\/#postaladdress\",\"@type\":\"PostalAddress\",\"streetAddress\":\"san antonio 4,\",\"postalCode\":\"33430\",\"addressLocality\":\"Cand\\u00e1s\",\"addressRegion\":\"Asturias\",\"addressCountry\":\"ES\"}},{\"@type\":\"Person\",\"@id\":\"https:\\\/\\\/www.eldigitaldeasturias.com\\\/noticias\\\/author\\\/admin\\\/#author\",\"url\":\"https:\\\/\\\/www.eldigitaldeasturias.com\\\/noticias\\\/author\\\/admin\\\/\",\"name\":\"El Digital de Asturias\",\"image\":{\"@type\":\"ImageObject\",\"@id\":\"https:\\\/\\\/www.eldigitaldeasturias.com\\\/noticias\\\/oviedo-acoge-la-iv-gala-de-premios-cantabrico-excelente-2018\\\/#authorImage\",\"url\":\"https:\\\/\\\/www.eldigitaldeasturias.com\\\/noticias\\\/wp-content\\\/litespeed\\\/avatar\\\/18677e78aa0546b92d9dbf31ec7d7668.jpg?ver=1777290358\",\"width\":96,\"height\":96,\"caption\":\"El Digital de Asturias\"}},{\"@type\":\"WebPage\",\"@id\":\"https:\\\/\\\/www.eldigitaldeasturias.com\\\/noticias\\\/oviedo-acoge-la-iv-gala-de-premios-cantabrico-excelente-2018\\\/#webpage\",\"url\":\"https:\\\/\\\/www.eldigitaldeasturias.com\\\/noticias\\\/oviedo-acoge-la-iv-gala-de-premios-cantabrico-excelente-2018\\\/\",\"name\":\"Oviedo acoge la IV Gala de Premios Cant\\u00e1brico Excelente 2018 - El Digital de Asturias\",\"description\":\"La IV Gala de Premios Cant\\u00e1brico Excelente 2018 que se celebra hoy, el viernes 25 de mayo en el Hotel De la Reconquista de Oviedo, aporta un valor a\\u00f1adido al talento profesional, empresarial, cient\\u00edfico e innovador de empresarios y destacados profesionales afincados en las comunidades aut\\u00f3nomas que conforman la cornisa c\\u00e1ntabra como son Galicia, Asturias,\",\"inLanguage\":\"es-ES\",\"isPartOf\":{\"@id\":\"https:\\\/\\\/www.eldigitaldeasturias.com\\\/noticias\\\/#website\"},\"breadcrumb\":{\"@id\":\"https:\\\/\\\/www.eldigitaldeasturias.com\\\/noticias\\\/oviedo-acoge-la-iv-gala-de-premios-cantabrico-excelente-2018\\\/#breadcrumblist\"},\"author\":{\"@id\":\"https:\\\/\\\/www.eldigitaldeasturias.com\\\/noticias\\\/author\\\/admin\\\/#author\"},\"creator\":{\"@id\":\"https:\\\/\\\/www.eldigitaldeasturias.com\\\/noticias\\\/author\\\/admin\\\/#author\"},\"image\":{\"@type\":\"ImageObject\",\"url\":\"https:\\\/\\\/www.eldigitaldeasturias.com\\\/noticias\\\/wp-content\\\/uploads\\\/2013\\\/10\\\/agenda.jpg\",\"@id\":\"https:\\\/\\\/www.eldigitaldeasturias.com\\\/noticias\\\/oviedo-acoge-la-iv-gala-de-premios-cantabrico-excelente-2018\\\/#mainImage\",\"width\":500,\"height\":331},\"primaryImageOfPage\":{\"@id\":\"https:\\\/\\\/www.eldigitaldeasturias.com\\\/noticias\\\/oviedo-acoge-la-iv-gala-de-premios-cantabrico-excelente-2018\\\/#mainImage\"},\"datePublished\":\"2018-05-25T14:34:33+02:00\",\"dateModified\":\"2018-05-25T14:34:33+02:00\"},{\"@type\":\"WebSite\",\"@id\":\"https:\\\/\\\/www.eldigitaldeasturias.com\\\/noticias\\\/#website\",\"url\":\"https:\\\/\\\/www.eldigitaldeasturias.com\\\/noticias\\\/\",\"name\":\"El Digital de Asturias - Diario de actualidad y noticias\",\"alternateName\":\"El Digital de Asturias - Diario de actualidad y noticias\",\"description\":\"Hemeroteca\",\"inLanguage\":\"es-ES\",\"publisher\":{\"@id\":\"https:\\\/\\\/www.eldigitaldeasturias.com\\\/noticias\\\/#organization\"}}]}\n\t\t<\/script>\n\t\t<!-- All in One SEO Pro -->\r\n\t\t<title>Oviedo acoge la IV Gala de Premios Cant\u00e1brico Excelente 2018 - El Digital de Asturias<\/title>\n\n","aioseo_head_json":{"title":"Oviedo acoge la IV Gala de Premios Cant\u00e1brico Excelente 2018 - El Digital de Asturias","description":"La IV Gala de Premios Cant\u00e1brico Excelente 2018 que se celebra hoy, el viernes 25 de mayo en el Hotel De la Reconquista de Oviedo, aporta un valor a\u00f1adido al talento profesional, empresarial, cient\u00edfico e innovador de empresarios y destacados profesionales afincados en las comunidades aut\u00f3nomas que conforman la cornisa c\u00e1ntabra como son Galicia, Asturias,","canonical_url":"https:\/\/www.eldigitaldeasturias.com\/noticias\/oviedo-acoge-la-iv-gala-de-premios-cantabrico-excelente-2018\/","robots":"max-image-preview:large","keywords":"agenda","webmasterTools":{"google-site-verification":"UA-38556648-1","msvalidate.01":"7dfe9f3f1b24437ab69f4f2559babe99","miscellaneous":""},"schema":{"@context":"https:\/\/schema.org","@graph":[{"@type":"BlogPosting","@id":"https:\/\/www.eldigitaldeasturias.com\/noticias\/oviedo-acoge-la-iv-gala-de-premios-cantabrico-excelente-2018\/#blogposting","name":"Oviedo acoge la IV Gala de Premios Cant\u00e1brico Excelente 2018 - El Digital de Asturias","headline":"Oviedo acoge la IV Gala de Premios Cant\u00e1brico Excelente 2018","author":{"@id":"https:\/\/www.eldigitaldeasturias.com\/noticias\/author\/admin\/#author"},"publisher":{"@id":"https:\/\/www.eldigitaldeasturias.com\/noticias\/#organization"},"image":{"@type":"ImageObject","url":"https:\/\/www.eldigitaldeasturias.com\/noticias\/wp-content\/uploads\/2013\/10\/agenda.jpg","width":500,"height":331},"datePublished":"2018-05-25T14:34:33+02:00","dateModified":"2018-05-25T14:34:33+02:00","inLanguage":"es-ES","mainEntityOfPage":{"@id":"https:\/\/www.eldigitaldeasturias.com\/noticias\/oviedo-acoge-la-iv-gala-de-premios-cantabrico-excelente-2018\/#webpage"},"isPartOf":{"@id":"https:\/\/www.eldigitaldeasturias.com\/noticias\/oviedo-acoge-la-iv-gala-de-premios-cantabrico-excelente-2018\/#webpage"},"articleSection":"Agenda"},{"@type":"BreadcrumbList","@id":"https:\/\/www.eldigitaldeasturias.com\/noticias\/oviedo-acoge-la-iv-gala-de-premios-cantabrico-excelente-2018\/#breadcrumblist","itemListElement":[{"@type":"ListItem","@id":"https:\/\/www.eldigitaldeasturias.com\/noticias#listItem","position":1,"name":"Home","item":"https:\/\/www.eldigitaldeasturias.com\/noticias","nextItem":{"@type":"ListItem","@id":"https:\/\/www.eldigitaldeasturias.com\/noticias\/category\/agenda\/#listItem","name":"Agenda"}},{"@type":"ListItem","@id":"https:\/\/www.eldigitaldeasturias.com\/noticias\/category\/agenda\/#listItem","position":2,"name":"Agenda","item":"https:\/\/www.eldigitaldeasturias.com\/noticias\/category\/agenda\/","nextItem":{"@type":"ListItem","@id":"https:\/\/www.eldigitaldeasturias.com\/noticias\/oviedo-acoge-la-iv-gala-de-premios-cantabrico-excelente-2018\/#listItem","name":"Oviedo acoge la IV Gala de Premios Cant\u00e1brico Excelente 2018"},"previousItem":{"@type":"ListItem","@id":"https:\/\/www.eldigitaldeasturias.com\/noticias#listItem","name":"Home"}},{"@type":"ListItem","@id":"https:\/\/www.eldigitaldeasturias.com\/noticias\/oviedo-acoge-la-iv-gala-de-premios-cantabrico-excelente-2018\/#listItem","position":3,"name":"Oviedo acoge la IV Gala de Premios Cant\u00e1brico Excelente 2018","previousItem":{"@type":"ListItem","@id":"https:\/\/www.eldigitaldeasturias.com\/noticias\/category\/agenda\/#listItem","name":"Agenda"}}]},{"@type":"Organization","@id":"https:\/\/www.eldigitaldeasturias.com\/noticias\/#organization","name":"El Digital de Asturias","description":"Hemeroteca","url":"https:\/\/www.eldigitaldeasturias.com\/noticias\/","email":"info@eldigitaldeasturias.com","telephone":"+34652131393","logo":{"@type":"ImageObject","url":"https:\/\/www.eldigitaldeasturias.com\/noticias\/wp-content\/uploads\/2020\/12\/EDA.jpg","@id":"https:\/\/www.eldigitaldeasturias.com\/noticias\/oviedo-acoge-la-iv-gala-de-premios-cantabrico-excelente-2018\/#organizationLogo","width":649,"height":297},"image":{"@id":"https:\/\/www.eldigitaldeasturias.com\/noticias\/oviedo-acoge-la-iv-gala-de-premios-cantabrico-excelente-2018\/#organizationLogo"},"sameAs":["https:\/\/facebook.com\/eldigitaldeasturias","https:\/\/www.youtube.com\/channel\/UCZP-2wLEB9Rv6erhFmqVnvg"],"address":{"@id":"https:\/\/www.eldigitaldeasturias.com\/noticias\/#postaladdress","@type":"PostalAddress","streetAddress":"san antonio 4,","postalCode":"33430","addressLocality":"Cand\u00e1s","addressRegion":"Asturias","addressCountry":"ES"}},{"@type":"Person","@id":"https:\/\/www.eldigitaldeasturias.com\/noticias\/author\/admin\/#author","url":"https:\/\/www.eldigitaldeasturias.com\/noticias\/author\/admin\/","name":"El Digital de Asturias","image":{"@type":"ImageObject","@id":"https:\/\/www.eldigitaldeasturias.com\/noticias\/oviedo-acoge-la-iv-gala-de-premios-cantabrico-excelente-2018\/#authorImage","url":"https:\/\/www.eldigitaldeasturias.com\/noticias\/wp-content\/litespeed\/avatar\/18677e78aa0546b92d9dbf31ec7d7668.jpg?ver=1777290358","width":96,"height":96,"caption":"El Digital de Asturias"}},{"@type":"WebPage","@id":"https:\/\/www.eldigitaldeasturias.com\/noticias\/oviedo-acoge-la-iv-gala-de-premios-cantabrico-excelente-2018\/#webpage","url":"https:\/\/www.eldigitaldeasturias.com\/noticias\/oviedo-acoge-la-iv-gala-de-premios-cantabrico-excelente-2018\/","name":"Oviedo acoge la IV Gala de Premios Cant\u00e1brico Excelente 2018 - El Digital de Asturias","description":"La IV Gala de Premios Cant\u00e1brico Excelente 2018 que se celebra hoy, el viernes 25 de mayo en el Hotel De la Reconquista de Oviedo, aporta un valor a\u00f1adido al talento profesional, empresarial, cient\u00edfico e innovador de empresarios y destacados profesionales afincados en las comunidades aut\u00f3nomas que conforman la cornisa c\u00e1ntabra como son Galicia, Asturias,","inLanguage":"es-ES","isPartOf":{"@id":"https:\/\/www.eldigitaldeasturias.com\/noticias\/#website"},"breadcrumb":{"@id":"https:\/\/www.eldigitaldeasturias.com\/noticias\/oviedo-acoge-la-iv-gala-de-premios-cantabrico-excelente-2018\/#breadcrumblist"},"author":{"@id":"https:\/\/www.eldigitaldeasturias.com\/noticias\/author\/admin\/#author"},"creator":{"@id":"https:\/\/www.eldigitaldeasturias.com\/noticias\/author\/admin\/#author"},"image":{"@type":"ImageObject","url":"https:\/\/www.eldigitaldeasturias.com\/noticias\/wp-content\/uploads\/2013\/10\/agenda.jpg","@id":"https:\/\/www.eldigitaldeasturias.com\/noticias\/oviedo-acoge-la-iv-gala-de-premios-cantabrico-excelente-2018\/#mainImage","width":500,"height":331},"primaryImageOfPage":{"@id":"https:\/\/www.eldigitaldeasturias.com\/noticias\/oviedo-acoge-la-iv-gala-de-premios-cantabrico-excelente-2018\/#mainImage"},"datePublished":"2018-05-25T14:34:33+02:00","dateModified":"2018-05-25T14:34:33+02:00"},{"@type":"WebSite","@id":"https:\/\/www.eldigitaldeasturias.com\/noticias\/#website","url":"https:\/\/www.eldigitaldeasturias.com\/noticias\/","name":"El Digital de Asturias - Diario de actualidad y noticias","alternateName":"El Digital de Asturias - Diario de actualidad y noticias","description":"Hemeroteca","inLanguage":"es-ES","publisher":{"@id":"https:\/\/www.eldigitaldeasturias.com\/noticias\/#organization"}}]},"og:locale":"es_ES","og:site_name":"El Digital de Asturias","og:type":"article","og:title":"Oviedo acoge la IV Gala de Premios Cant\u00e1brico Excelente 2018 - El Digital de Asturias","og:description":"La IV Gala de Premios Cant\u00e1brico Excelente 2018 que se celebra hoy, el viernes 25 de mayo en el Hotel De la Reconquista de Oviedo, aporta un valor a\u00f1adido al talento profesional, empresarial, cient\u00edfico e innovador de empresarios y destacados profesionales afincados en las comunidades aut\u00f3nomas que conforman la cornisa c\u00e1ntabra como son Galicia, Asturias,","og:url":"https:\/\/www.eldigitaldeasturias.com\/noticias\/oviedo-acoge-la-iv-gala-de-premios-cantabrico-excelente-2018\/","og:image":"https:\/\/www.eldigitaldeasturias.com\/noticias\/wp-content\/uploads\/2013\/10\/agenda.jpg","og:image:secure_url":"https:\/\/www.eldigitaldeasturias.com\/noticias\/wp-content\/uploads\/2013\/10\/agenda.jpg","og:image:width":500,"og:image:height":331,"article:tag":["agenda"],"article:published_time":"2018-05-25T14:34:33+00:00","article:modified_time":"2018-05-25T14:34:33+00:00","article:publisher":"https:\/\/facebook.com\/eldigitaldeasturias","twitter:card":"summary_large_image","twitter:title":"Oviedo acoge la IV Gala de Premios Cant\u00e1brico Excelente 2018 - El Digital de Asturias","twitter:description":"La IV Gala de Premios Cant\u00e1brico Excelente 2018 que se celebra hoy, el viernes 25 de mayo en el Hotel De la Reconquista de Oviedo, aporta un valor a\u00f1adido al talento profesional, empresarial, cient\u00edfico e innovador de empresarios y destacados profesionales afincados en las comunidades aut\u00f3nomas que conforman la cornisa c\u00e1ntabra como son Galicia, Asturias,","twitter:image":"https:\/\/www.eldigitaldeasturias.com\/noticias\/wp-content\/uploads\/2013\/10\/agenda.jpg","twitter:label1":"Escrito por","twitter:data1":"El Digital de Asturias","twitter:label2":"Tiempo de lectura estimado","twitter:data2":"1 minuto"},"aioseo_meta_data":{"post_id":"981907","title":null,"description":null,"keywords":null,"keyphrases":null,"primary_term":null,"canonical_url":null,"og_title":null,"og_description":null,"og_object_type":"default","og_image_type":"default","og_image_url":null,"og_image_width":null,"og_image_height":null,"og_image_custom_url":null,"og_image_custom_fields":null,"og_video":null,"og_custom_url":null,"og_article_section":null,"og_article_tags":null,"twitter_use_og":false,"twitter_card":"default","twitter_image_type":"default","twitter_image_url":null,"twitter_image_custom_url":null,"twitter_image_custom_fields":null,"twitter_title":null,"twitter_description":null,"schema":{"blockGraphs":[],"customGraphs":[],"default":{"data":{"Article":[],"Course":[],"Dataset":[],"FAQPage":[],"Movie":[],"Person":[],"Product":[],"ProductReview":[],"Car":[],"Recipe":[],"Service":[],"SoftwareApplication":[],"WebPage":[]},"graphName":"","isEnabled":true},"graphs":[],"defaultGraph":"","defaultPostTypeGraph":""},"schema_type":null,"schema_type_options":null,"pillar_content":false,"robots_default":true,"robots_noindex":false,"robots_noarchive":false,"robots_nosnippet":false,"robots_nofollow":false,"robots_noimageindex":false,"robots_noodp":false,"robots_notranslate":false,"robots_max_snippet":null,"robots_max_videopreview":null,"robots_max_imagepreview":"large","priority":null,"frequency":null,"local_seo":null,"seo_analyzer_scan_date":"2025-10-08 23:15:07","breadcrumb_settings":null,"limit_modified_date":false,"open_ai":null,"ai":null,"created":"2020-12-21 11:52:40","updated":"2025-10-08 23:15:07"},"aioseo_breadcrumb":"<div class=\"aioseo-breadcrumbs\"><span class=\"aioseo-breadcrumb\">\n\t<a href=\"https:\/\/www.eldigitaldeasturias.com\/noticias\" title=\"Home\">Home<\/a>\n<\/span><span class=\"aioseo-breadcrumb-separator\">\u2013<\/span><span class=\"aioseo-breadcrumb\">\n\t<a href=\"https:\/\/www.eldigitaldeasturias.com\/noticias\/category\/agenda\/\" title=\"Agenda\">Agenda<\/a>\n<\/span><span class=\"aioseo-breadcrumb-separator\">\u2013<\/span><span class=\"aioseo-breadcrumb\">\n\t<a href=\"https:\/\/www.eldigitaldeasturias.com\/noticias\/oviedo-acoge-la-iv-gala-de-premios-cantabrico-excelente-2018\/\" title=\"Oviedo acoge la IV Gala de Premios Cant\u00e1brico Excelente 2018\">Oviedo acoge la IV Gala de Premios Cant\u00e1brico Excelente 2018<\/a>\n<\/span><\/div>","aioseo_breadcrumb_json":[{"label":"Home","link":"https:\/\/www.eldigitaldeasturias.com\/noticias"},{"label":"Agenda","link":"https:\/\/www.eldigitaldeasturias.com\/noticias\/category\/agenda\/"},{"label":"Oviedo acoge la IV Gala de Premios Cant\u00e1brico Excelente 2018","link":"https:\/\/www.eldigitaldeasturias.com\/noticias\/oviedo-acoge-la-iv-gala-de-premios-cantabrico-excelente-2018\/"}],"_links":{"self":[{"href":"https:\/\/www.eldigitaldeasturias.com\/noticias\/wp-json\/wp\/v2\/posts\/981907","targetHints":{"allow":["GET"]}}],"collection":[{"href":"https:\/\/www.eldigitaldeasturias.com\/noticias\/wp-json\/wp\/v2\/posts"}],"about":[{"href":"https:\/\/www.eldigitaldeasturias.com\/noticias\/wp-json\/wp\/v2\/types\/post"}],"author":[{"embeddable":true,"href":"https:\/\/www.eldigitaldeasturias.com\/noticias\/wp-json\/wp\/v2\/users\/1"}],"replies":[{"embeddable":true,"href":"https:\/\/www.eldigitaldeasturias.com\/noticias\/wp-json\/wp\/v2\/comments?post=981907"}],"version-history":[{"count":0,"href":"https:\/\/www.eldigitaldeasturias.com\/noticias\/wp-json\/wp\/v2\/posts\/981907\/revisions"}],"wp:featuredmedia":[{"embeddable":true,"href":"https:\/\/www.eldigitaldeasturias.com\/noticias\/wp-json\/wp\/v2\/media\/431792"}],"wp:attachment":[{"href":"https:\/\/www.eldigitaldeasturias.com\/noticias\/wp-json\/wp\/v2\/media?parent=981907"}],"wp:term":[{"taxonomy":"category","embeddable":true,"href":"https:\/\/www.eldigitaldeasturias.com\/noticias\/wp-json\/wp\/v2\/categories?post=981907"},{"taxonomy":"post_tag","embeddable":true,"href":"https:\/\/www.eldigitaldeasturias.com\/noticias\/wp-json\/wp\/v2\/tags?post=981907"}],"curies":[{"name":"wp","href":"https:\/\/api.w.org\/{rel}","templated":true}]}}