{"id":980787,"date":"2018-05-17T16:27:57","date_gmt":"2018-05-17T16:27:57","guid":{"rendered":"http:\/\/www.eldigitaldeasturias.com\/noticias\/?p=980787"},"modified":"2018-05-17T16:27:57","modified_gmt":"2018-05-17T16:27:57","slug":"seis-eurodiputados-arropan-a-puigdemont-para-pedir-la-mediacion-de-la-ue","status":"publish","type":"post","link":"https:\/\/www.eldigitaldeasturias.com\/noticias\/seis-eurodiputados-arropan-a-puigdemont-para-pedir-la-mediacion-de-la-ue\/","title":{"rendered":"Seis eurodiputados arropan a Puigdemont para pedir la mediaci\u00f3n de la UE"},"content":{"rendered":"<p><img loading=\"lazy\" decoding=\"async\" class=\"alignleft size-medium wp-image-973532\" src=\"https:\/\/www.eldigitaldeasturias.com\/noticias\/wp-content\/uploads\/2018\/03\/Puigdemont-360x202.jpg\" alt=\"\" width=\"360\" height=\"202\" \/>Berl\u00edn, 17 may (dpa) &#8211; Seis eurodiputados de diferentes grupos pol\u00edticos de la Euroc\u00e1mara arroparon hoy en Berl\u00edn al ex presidente de Catalu\u00f1a Carles Puigdemont para pedir una mediaci\u00f3n de la Uni\u00f3n Europea (UE) que permita poner fin al conflicto pol\u00edtico abierto en la regi\u00f3n espa\u00f1ola tras la declaraci\u00f3n unilateral de independencia.<\/p>\n<p>\u00abEsperamos que sea posible establecer un di\u00e1logo porque este es un conflicto pol\u00edtico que solo puede ser solucionado por la v\u00eda pol\u00edtica\u00bb, indic\u00f3 la diputada del Partido Verde sueco, Bodil Valero.<\/p>\n<p>Los europarlamentarios, miembros de la plataforma por el di\u00e1logo UE-Catalu\u00f1a, destacaron en un manifiesto estar \u00abprofundamente preocupados por el punto cr\u00edtico que ha alcanzado la actual situaci\u00f3n en Catalu\u00f1a\u00bb, motivo por el que han decidido unirse para demandar a las instituciones europeas que hagan \u00abun gesto de responsabilidad\u00bb y llamen al di\u00e1logo para encontrar finalmente una soluci\u00f3n al laberinto catal\u00e1n.<\/p>\n<p>\u00abPedimos que las instituciones europeas faciliten di\u00e1logo. No pueden hacer la vista gorda a lo que est\u00e1 pasando\u00bb, dijo por su parte Lynn Boylan, diputada europea del partido Sinn F\u00e9in irland\u00e9s, tambi\u00e9n presente hoy en Berl\u00edn.<\/p>\n<p>\u00abTambi\u00e9n pedimos que los &#8216;presos pol\u00edticos&#8217; salgan de la c\u00e1rcel. Ra\u00fcl Romeva y Oriol Junqueras fueron tambi\u00e9n compa\u00f1eros nuestros en el Parlamento Europeo\u00bb, a\u00f1adi\u00f3 Ana Miranda, eurodiputada espa\u00f1ola del Bloque Nacionalista Galego (BNG).<\/p>\n<p>Adem\u00e1s de la mediaci\u00f3n de Bruselas, los eurodiputados tambi\u00e9n reclaman en su manifiesto la negociaci\u00f3n de un acuerdo entre Madrid y Barcelona que \u00abdebe culminar en un refer\u00e9ndum negociado\u00bb y la anulaci\u00f3n del art\u00edculo 155 mediante el que el Gobierno de Mariano Rajoy intervino la autonom\u00eda de Catalu\u00f1a una vez que fue declarada unilateralmente la independencia en la regi\u00f3n del noreste de Espa\u00f1a.<\/p>\n<p>Puigdemont, en una breve intervenci\u00f3n en ingl\u00e9s, castellano y catal\u00e1n tambi\u00e9n compareci\u00f3 ante la prensa para agradecer el compromiso de los eurodiputados con la \u00abdefensa de la democracia\u00bb y el apoyo a \u00ablos ciudadanos europeos que luchan por la autodeterminaci\u00f3n\u00bb.<\/p>\n<p>La visita de los parlamentarios a la capital alemana coincidi\u00f3 con la toma de posesi\u00f3n en Barcelona del independentista Quim Torr\u00e1 como nuevo presidente de Catalu\u00f1a en una breve ceremonia casi sin invitados y marcada por la ausencia total de s\u00edmbolos o alusiones a Espa\u00f1a y la Constituci\u00f3n.<\/p>\n","protected":false},"excerpt":{"rendered":"<p>Berl\u00edn, 17 may (dpa) &#8211; Seis eurodiputados de diferentes grupos pol\u00edticos de la Euroc\u00e1mara arroparon hoy en Berl\u00edn al ex presidente de Catalu\u00f1a Carles Puigdemont para pedir una mediaci\u00f3n de la Uni\u00f3n Europea (UE) que permita poner fin al conflicto pol\u00edtico abierto en la regi\u00f3n espa\u00f1ola tras la declaraci\u00f3n unilateral de independencia. \u00abEsperamos que sea [&hellip;]<\/p>\n","protected":false},"author":1,"featured_media":973532,"comment_status":"closed","ping_status":"closed","sticky":false,"template":"","format":"standard","meta":{"footnotes":""},"categories":[1],"tags":[],"class_list":["post-980787","post","type-post","status-publish","format-standard","has-post-thumbnail","hentry","category-actualidad"],"aioseo_notices":[],"aioseo_head":"\n\t\t<!-- All in One SEO Pro 5.0.1 - aioseo.com -->\n\t<meta name=\"description\" content=\"Berl\u00edn, 17 may (dpa) - Seis eurodiputados de diferentes grupos pol\u00edticos de la Euroc\u00e1mara arroparon hoy en Berl\u00edn al ex presidente de Catalu\u00f1a Carles Puigdemont para pedir una mediaci\u00f3n de la Uni\u00f3n Europea (UE) que permita poner fin al conflicto pol\u00edtico abierto en la regi\u00f3n espa\u00f1ola tras la declaraci\u00f3n unilateral de independencia. &quot;Esperamos que sea\" \/>\n\t<meta name=\"robots\" content=\"max-image-preview:large\" \/>\n\t<meta name=\"author\" content=\"El Digital de Asturias\"\/>\n\t<meta name=\"google-site-verification\" content=\"UA-38556648-1\" \/>\n\t<meta name=\"msvalidate.01\" content=\"7dfe9f3f1b24437ab69f4f2559babe99\" \/>\n\t<meta name=\"keywords\" content=\"actualidad\" \/>\n\t<link rel=\"canonical\" href=\"https:\/\/www.eldigitaldeasturias.com\/noticias\/seis-eurodiputados-arropan-a-puigdemont-para-pedir-la-mediacion-de-la-ue\/\" \/>\n\t<meta name=\"generator\" content=\"All in One SEO Pro (AIOSEO) 5.0.1\" \/>\n\t\t<meta property=\"og:locale\" content=\"es_ES\" \/>\n\t\t<meta property=\"og:site_name\" content=\"El Digital de Asturias\" \/>\n\t\t<meta property=\"og:type\" content=\"article\" \/>\n\t\t<meta property=\"og:title\" content=\"Seis eurodiputados arropan a Puigdemont para pedir la mediaci\u00f3n de la UE - El Digital de Asturias\" \/>\n\t\t<meta property=\"og:description\" content=\"Berl\u00edn, 17 may (dpa) - Seis eurodiputados de diferentes grupos pol\u00edticos de la Euroc\u00e1mara arroparon hoy en Berl\u00edn al ex presidente de Catalu\u00f1a Carles Puigdemont para pedir una mediaci\u00f3n de la Uni\u00f3n Europea (UE) que permita poner fin al conflicto pol\u00edtico abierto en la regi\u00f3n espa\u00f1ola tras la declaraci\u00f3n unilateral de independencia. &quot;Esperamos que sea\" \/>\n\t\t<meta property=\"og:url\" content=\"https:\/\/www.eldigitaldeasturias.com\/noticias\/seis-eurodiputados-arropan-a-puigdemont-para-pedir-la-mediacion-de-la-ue\/\" \/>\n\t\t<meta property=\"article:tag\" content=\"actualidad\" \/>\n\t\t<meta property=\"article:published_time\" content=\"2018-05-17T16:27:57+00:00\" \/>\n\t\t<meta property=\"article:modified_time\" content=\"2018-05-17T16:27:57+00:00\" \/>\n\t\t<meta property=\"article:publisher\" content=\"https:\/\/facebook.com\/eldigitaldeasturias\" \/>\n\t\t<meta name=\"twitter:card\" content=\"summary_large_image\" \/>\n\t\t<meta name=\"twitter:title\" content=\"Seis eurodiputados arropan a Puigdemont para pedir la mediaci\u00f3n de la UE - El Digital de Asturias\" \/>\n\t\t<meta name=\"twitter:description\" content=\"Berl\u00edn, 17 may (dpa) - Seis eurodiputados de diferentes grupos pol\u00edticos de la Euroc\u00e1mara arroparon hoy en Berl\u00edn al ex presidente de Catalu\u00f1a Carles Puigdemont para pedir una mediaci\u00f3n de la Uni\u00f3n Europea (UE) que permita poner fin al conflicto pol\u00edtico abierto en la regi\u00f3n espa\u00f1ola tras la declaraci\u00f3n unilateral de independencia. &quot;Esperamos que sea\" \/>\n\t\t<meta name=\"twitter:image\" content=\"https:\/\/www.eldigitaldeasturias.com\/noticias\/wp-content\/uploads\/2020\/12\/EDA-1.jpg\" \/>\n\t\t<meta name=\"twitter:label1\" content=\"Escrito por\" \/>\n\t\t<meta name=\"twitter:data1\" content=\"El Digital de Asturias\" \/>\n\t\t<meta name=\"twitter:label2\" content=\"Tiempo de lectura estimado\" \/>\n\t\t<meta name=\"twitter:data2\" content=\"2 minutos\" \/>\n\t\t<script type=\"application\/ld+json\" class=\"aioseo-schema\">\n\t\t\t{\"@context\":\"https:\\\/\\\/schema.org\",\"@graph\":[{\"@type\":\"BlogPosting\",\"@id\":\"https:\\\/\\\/www.eldigitaldeasturias.com\\\/noticias\\\/seis-eurodiputados-arropan-a-puigdemont-para-pedir-la-mediacion-de-la-ue\\\/#blogposting\",\"name\":\"Seis eurodiputados arropan a Puigdemont para pedir la mediaci\\u00f3n de la UE - El Digital de Asturias\",\"headline\":\"Seis eurodiputados arropan a Puigdemont para pedir la mediaci\\u00f3n de la UE\",\"author\":{\"@id\":\"https:\\\/\\\/www.eldigitaldeasturias.com\\\/noticias\\\/author\\\/admin\\\/#author\"},\"publisher\":{\"@id\":\"https:\\\/\\\/www.eldigitaldeasturias.com\\\/noticias\\\/#organization\"},\"image\":{\"@type\":\"ImageObject\",\"url\":973532},\"datePublished\":\"2018-05-17T16:27:57+02:00\",\"dateModified\":\"2018-05-17T16:27:57+02:00\",\"inLanguage\":\"es-ES\",\"mainEntityOfPage\":{\"@id\":\"https:\\\/\\\/www.eldigitaldeasturias.com\\\/noticias\\\/seis-eurodiputados-arropan-a-puigdemont-para-pedir-la-mediacion-de-la-ue\\\/#webpage\"},\"isPartOf\":{\"@id\":\"https:\\\/\\\/www.eldigitaldeasturias.com\\\/noticias\\\/seis-eurodiputados-arropan-a-puigdemont-para-pedir-la-mediacion-de-la-ue\\\/#webpage\"},\"articleSection\":\"Actualidad\"},{\"@type\":\"BreadcrumbList\",\"@id\":\"https:\\\/\\\/www.eldigitaldeasturias.com\\\/noticias\\\/seis-eurodiputados-arropan-a-puigdemont-para-pedir-la-mediacion-de-la-ue\\\/#breadcrumblist\",\"itemListElement\":[{\"@type\":\"ListItem\",\"@id\":\"https:\\\/\\\/www.eldigitaldeasturias.com\\\/noticias#listItem\",\"position\":1,\"name\":\"Home\",\"item\":\"https:\\\/\\\/www.eldigitaldeasturias.com\\\/noticias\",\"nextItem\":{\"@type\":\"ListItem\",\"@id\":\"https:\\\/\\\/www.eldigitaldeasturias.com\\\/noticias\\\/category\\\/actualidad\\\/#listItem\",\"name\":\"Actualidad\"}},{\"@type\":\"ListItem\",\"@id\":\"https:\\\/\\\/www.eldigitaldeasturias.com\\\/noticias\\\/category\\\/actualidad\\\/#listItem\",\"position\":2,\"name\":\"Actualidad\",\"item\":\"https:\\\/\\\/www.eldigitaldeasturias.com\\\/noticias\\\/category\\\/actualidad\\\/\",\"nextItem\":{\"@type\":\"ListItem\",\"@id\":\"https:\\\/\\\/www.eldigitaldeasturias.com\\\/noticias\\\/seis-eurodiputados-arropan-a-puigdemont-para-pedir-la-mediacion-de-la-ue\\\/#listItem\",\"name\":\"Seis eurodiputados arropan a Puigdemont para pedir la mediaci\\u00f3n de la UE\"},\"previousItem\":{\"@type\":\"ListItem\",\"@id\":\"https:\\\/\\\/www.eldigitaldeasturias.com\\\/noticias#listItem\",\"name\":\"Home\"}},{\"@type\":\"ListItem\",\"@id\":\"https:\\\/\\\/www.eldigitaldeasturias.com\\\/noticias\\\/seis-eurodiputados-arropan-a-puigdemont-para-pedir-la-mediacion-de-la-ue\\\/#listItem\",\"position\":3,\"name\":\"Seis eurodiputados arropan a Puigdemont para pedir la mediaci\\u00f3n de la UE\",\"previousItem\":{\"@type\":\"ListItem\",\"@id\":\"https:\\\/\\\/www.eldigitaldeasturias.com\\\/noticias\\\/category\\\/actualidad\\\/#listItem\",\"name\":\"Actualidad\"}}]},{\"@type\":\"Organization\",\"@id\":\"https:\\\/\\\/www.eldigitaldeasturias.com\\\/noticias\\\/#organization\",\"name\":\"El Digital de Asturias\",\"description\":\"Hemeroteca\",\"url\":\"https:\\\/\\\/www.eldigitaldeasturias.com\\\/noticias\\\/\",\"email\":\"info@eldigitaldeasturias.com\",\"telephone\":\"+34652131393\",\"logo\":{\"@type\":\"ImageObject\",\"url\":\"https:\\\/\\\/www.eldigitaldeasturias.com\\\/noticias\\\/wp-content\\\/uploads\\\/2020\\\/12\\\/EDA.jpg\",\"@id\":\"https:\\\/\\\/www.eldigitaldeasturias.com\\\/noticias\\\/seis-eurodiputados-arropan-a-puigdemont-para-pedir-la-mediacion-de-la-ue\\\/#organizationLogo\"},\"image\":{\"@id\":\"https:\\\/\\\/www.eldigitaldeasturias.com\\\/noticias\\\/seis-eurodiputados-arropan-a-puigdemont-para-pedir-la-mediacion-de-la-ue\\\/#organizationLogo\"},\"sameAs\":[\"https:\\\/\\\/facebook.com\\\/eldigitaldeasturias\",\"https:\\\/\\\/www.youtube.com\\\/channel\\\/UCZP-2wLEB9Rv6erhFmqVnvg\"],\"address\":{\"@id\":\"https:\\\/\\\/www.eldigitaldeasturias.com\\\/noticias\\\/#postaladdress\",\"@type\":\"PostalAddress\",\"streetAddress\":\"san antonio 4\",\"postalCode\":\"33430\",\"addressLocality\":\"Cand\\u00e1s\",\"addressRegion\":\"Asturias\",\"addressCountry\":\"ES\"}},{\"@type\":\"Person\",\"@id\":\"https:\\\/\\\/www.eldigitaldeasturias.com\\\/noticias\\\/author\\\/admin\\\/#author\",\"url\":\"https:\\\/\\\/www.eldigitaldeasturias.com\\\/noticias\\\/author\\\/admin\\\/\",\"name\":\"El Digital de Asturias\",\"image\":{\"@type\":\"ImageObject\",\"@id\":\"https:\\\/\\\/www.eldigitaldeasturias.com\\\/noticias\\\/seis-eurodiputados-arropan-a-puigdemont-para-pedir-la-mediacion-de-la-ue\\\/#authorImage\",\"url\":\"https:\\\/\\\/secure.gravatar.com\\\/avatar\\\/df2aeffc32bcd13f8d26072ef8a91b623d677766deac7f97ca815868cd41bf5e?s=96&d=mm&r=g\",\"width\":96,\"height\":96,\"caption\":\"El Digital de Asturias\"}},{\"@type\":\"WebPage\",\"@id\":\"https:\\\/\\\/www.eldigitaldeasturias.com\\\/noticias\\\/seis-eurodiputados-arropan-a-puigdemont-para-pedir-la-mediacion-de-la-ue\\\/#webpage\",\"url\":\"https:\\\/\\\/www.eldigitaldeasturias.com\\\/noticias\\\/seis-eurodiputados-arropan-a-puigdemont-para-pedir-la-mediacion-de-la-ue\\\/\",\"name\":\"Seis eurodiputados arropan a Puigdemont para pedir la mediaci\\u00f3n de la UE - El Digital de Asturias\",\"description\":\"Berl\\u00edn, 17 may (dpa) - Seis eurodiputados de diferentes grupos pol\\u00edticos de la Euroc\\u00e1mara arroparon hoy en Berl\\u00edn al ex presidente de Catalu\\u00f1a Carles Puigdemont para pedir una mediaci\\u00f3n de la Uni\\u00f3n Europea (UE) que permita poner fin al conflicto pol\\u00edtico abierto en la regi\\u00f3n espa\\u00f1ola tras la declaraci\\u00f3n unilateral de independencia. \\\"Esperamos que sea\",\"inLanguage\":\"es-ES\",\"isPartOf\":{\"@id\":\"https:\\\/\\\/www.eldigitaldeasturias.com\\\/noticias\\\/#website\"},\"breadcrumb\":{\"@id\":\"https:\\\/\\\/www.eldigitaldeasturias.com\\\/noticias\\\/seis-eurodiputados-arropan-a-puigdemont-para-pedir-la-mediacion-de-la-ue\\\/#breadcrumblist\"},\"author\":{\"@id\":\"https:\\\/\\\/www.eldigitaldeasturias.com\\\/noticias\\\/author\\\/admin\\\/#author\"},\"creator\":{\"@id\":\"https:\\\/\\\/www.eldigitaldeasturias.com\\\/noticias\\\/author\\\/admin\\\/#author\"},\"image\":{\"@type\":\"ImageObject\",\"url\":973532,\"@id\":\"https:\\\/\\\/www.eldigitaldeasturias.com\\\/noticias\\\/seis-eurodiputados-arropan-a-puigdemont-para-pedir-la-mediacion-de-la-ue\\\/#mainImage\"},\"primaryImageOfPage\":{\"@id\":\"https:\\\/\\\/www.eldigitaldeasturias.com\\\/noticias\\\/seis-eurodiputados-arropan-a-puigdemont-para-pedir-la-mediacion-de-la-ue\\\/#mainImage\"},\"datePublished\":\"2018-05-17T16:27:57+02:00\",\"dateModified\":\"2018-05-17T16:27:57+02:00\"},{\"@type\":\"WebSite\",\"@id\":\"https:\\\/\\\/www.eldigitaldeasturias.com\\\/noticias\\\/#website\",\"url\":\"https:\\\/\\\/www.eldigitaldeasturias.com\\\/noticias\\\/\",\"name\":\"El Digital de Asturias - Diario de actualidad y noticias\",\"alternateName\":\"El Digital de Asturias - Diario de actualidad y noticias\",\"description\":\"Hemeroteca\",\"inLanguage\":\"es-ES\",\"publisher\":{\"@id\":\"https:\\\/\\\/www.eldigitaldeasturias.com\\\/noticias\\\/#organization\"}}]}\n\t\t<\/script>\n\t\t<!-- All in One SEO Pro -->\r\n\t\t<title>Seis eurodiputados arropan a Puigdemont para pedir la mediaci\u00f3n de la UE - El Digital de Asturias<\/title>\n\n","aioseo_head_json":{"title":"Seis eurodiputados arropan a Puigdemont para pedir la mediaci\u00f3n de la UE - El Digital de Asturias","description":"Berl\u00edn, 17 may (dpa) - Seis eurodiputados de diferentes grupos pol\u00edticos de la Euroc\u00e1mara arroparon hoy en Berl\u00edn al ex presidente de Catalu\u00f1a Carles Puigdemont para pedir una mediaci\u00f3n de la Uni\u00f3n Europea (UE) que permita poner fin al conflicto pol\u00edtico abierto en la regi\u00f3n espa\u00f1ola tras la declaraci\u00f3n unilateral de independencia. \"Esperamos que sea","canonical_url":"https:\/\/www.eldigitaldeasturias.com\/noticias\/seis-eurodiputados-arropan-a-puigdemont-para-pedir-la-mediacion-de-la-ue\/","robots":"max-image-preview:large","keywords":"actualidad","webmasterTools":{"google-site-verification":"UA-38556648-1","msvalidate.01":"7dfe9f3f1b24437ab69f4f2559babe99","miscellaneous":""},"schema":{"@context":"https:\/\/schema.org","@graph":[{"@type":"BlogPosting","@id":"https:\/\/www.eldigitaldeasturias.com\/noticias\/seis-eurodiputados-arropan-a-puigdemont-para-pedir-la-mediacion-de-la-ue\/#blogposting","name":"Seis eurodiputados arropan a Puigdemont para pedir la mediaci\u00f3n de la UE - El Digital de Asturias","headline":"Seis eurodiputados arropan a Puigdemont para pedir la mediaci\u00f3n de la UE","author":{"@id":"https:\/\/www.eldigitaldeasturias.com\/noticias\/author\/admin\/#author"},"publisher":{"@id":"https:\/\/www.eldigitaldeasturias.com\/noticias\/#organization"},"image":{"@type":"ImageObject","url":973532},"datePublished":"2018-05-17T16:27:57+02:00","dateModified":"2018-05-17T16:27:57+02:00","inLanguage":"es-ES","mainEntityOfPage":{"@id":"https:\/\/www.eldigitaldeasturias.com\/noticias\/seis-eurodiputados-arropan-a-puigdemont-para-pedir-la-mediacion-de-la-ue\/#webpage"},"isPartOf":{"@id":"https:\/\/www.eldigitaldeasturias.com\/noticias\/seis-eurodiputados-arropan-a-puigdemont-para-pedir-la-mediacion-de-la-ue\/#webpage"},"articleSection":"Actualidad"},{"@type":"BreadcrumbList","@id":"https:\/\/www.eldigitaldeasturias.com\/noticias\/seis-eurodiputados-arropan-a-puigdemont-para-pedir-la-mediacion-de-la-ue\/#breadcrumblist","itemListElement":[{"@type":"ListItem","@id":"https:\/\/www.eldigitaldeasturias.com\/noticias#listItem","position":1,"name":"Home","item":"https:\/\/www.eldigitaldeasturias.com\/noticias","nextItem":{"@type":"ListItem","@id":"https:\/\/www.eldigitaldeasturias.com\/noticias\/category\/actualidad\/#listItem","name":"Actualidad"}},{"@type":"ListItem","@id":"https:\/\/www.eldigitaldeasturias.com\/noticias\/category\/actualidad\/#listItem","position":2,"name":"Actualidad","item":"https:\/\/www.eldigitaldeasturias.com\/noticias\/category\/actualidad\/","nextItem":{"@type":"ListItem","@id":"https:\/\/www.eldigitaldeasturias.com\/noticias\/seis-eurodiputados-arropan-a-puigdemont-para-pedir-la-mediacion-de-la-ue\/#listItem","name":"Seis eurodiputados arropan a Puigdemont para pedir la mediaci\u00f3n de la UE"},"previousItem":{"@type":"ListItem","@id":"https:\/\/www.eldigitaldeasturias.com\/noticias#listItem","name":"Home"}},{"@type":"ListItem","@id":"https:\/\/www.eldigitaldeasturias.com\/noticias\/seis-eurodiputados-arropan-a-puigdemont-para-pedir-la-mediacion-de-la-ue\/#listItem","position":3,"name":"Seis eurodiputados arropan a Puigdemont para pedir la mediaci\u00f3n de la UE","previousItem":{"@type":"ListItem","@id":"https:\/\/www.eldigitaldeasturias.com\/noticias\/category\/actualidad\/#listItem","name":"Actualidad"}}]},{"@type":"Organization","@id":"https:\/\/www.eldigitaldeasturias.com\/noticias\/#organization","name":"El Digital de Asturias","description":"Hemeroteca","url":"https:\/\/www.eldigitaldeasturias.com\/noticias\/","email":"info@eldigitaldeasturias.com","telephone":"+34652131393","logo":{"@type":"ImageObject","url":"https:\/\/www.eldigitaldeasturias.com\/noticias\/wp-content\/uploads\/2020\/12\/EDA.jpg","@id":"https:\/\/www.eldigitaldeasturias.com\/noticias\/seis-eurodiputados-arropan-a-puigdemont-para-pedir-la-mediacion-de-la-ue\/#organizationLogo"},"image":{"@id":"https:\/\/www.eldigitaldeasturias.com\/noticias\/seis-eurodiputados-arropan-a-puigdemont-para-pedir-la-mediacion-de-la-ue\/#organizationLogo"},"sameAs":["https:\/\/facebook.com\/eldigitaldeasturias","https:\/\/www.youtube.com\/channel\/UCZP-2wLEB9Rv6erhFmqVnvg"],"address":{"@id":"https:\/\/www.eldigitaldeasturias.com\/noticias\/#postaladdress","@type":"PostalAddress","streetAddress":"san antonio 4","postalCode":"33430","addressLocality":"Cand\u00e1s","addressRegion":"Asturias","addressCountry":"ES"}},{"@type":"Person","@id":"https:\/\/www.eldigitaldeasturias.com\/noticias\/author\/admin\/#author","url":"https:\/\/www.eldigitaldeasturias.com\/noticias\/author\/admin\/","name":"El Digital de Asturias","image":{"@type":"ImageObject","@id":"https:\/\/www.eldigitaldeasturias.com\/noticias\/seis-eurodiputados-arropan-a-puigdemont-para-pedir-la-mediacion-de-la-ue\/#authorImage","url":"https:\/\/secure.gravatar.com\/avatar\/df2aeffc32bcd13f8d26072ef8a91b623d677766deac7f97ca815868cd41bf5e?s=96&d=mm&r=g","width":96,"height":96,"caption":"El Digital de Asturias"}},{"@type":"WebPage","@id":"https:\/\/www.eldigitaldeasturias.com\/noticias\/seis-eurodiputados-arropan-a-puigdemont-para-pedir-la-mediacion-de-la-ue\/#webpage","url":"https:\/\/www.eldigitaldeasturias.com\/noticias\/seis-eurodiputados-arropan-a-puigdemont-para-pedir-la-mediacion-de-la-ue\/","name":"Seis eurodiputados arropan a Puigdemont para pedir la mediaci\u00f3n de la UE - El Digital de Asturias","description":"Berl\u00edn, 17 may (dpa) - Seis eurodiputados de diferentes grupos pol\u00edticos de la Euroc\u00e1mara arroparon hoy en Berl\u00edn al ex presidente de Catalu\u00f1a Carles Puigdemont para pedir una mediaci\u00f3n de la Uni\u00f3n Europea (UE) que permita poner fin al conflicto pol\u00edtico abierto en la regi\u00f3n espa\u00f1ola tras la declaraci\u00f3n unilateral de independencia. \"Esperamos que sea","inLanguage":"es-ES","isPartOf":{"@id":"https:\/\/www.eldigitaldeasturias.com\/noticias\/#website"},"breadcrumb":{"@id":"https:\/\/www.eldigitaldeasturias.com\/noticias\/seis-eurodiputados-arropan-a-puigdemont-para-pedir-la-mediacion-de-la-ue\/#breadcrumblist"},"author":{"@id":"https:\/\/www.eldigitaldeasturias.com\/noticias\/author\/admin\/#author"},"creator":{"@id":"https:\/\/www.eldigitaldeasturias.com\/noticias\/author\/admin\/#author"},"image":{"@type":"ImageObject","url":973532,"@id":"https:\/\/www.eldigitaldeasturias.com\/noticias\/seis-eurodiputados-arropan-a-puigdemont-para-pedir-la-mediacion-de-la-ue\/#mainImage"},"primaryImageOfPage":{"@id":"https:\/\/www.eldigitaldeasturias.com\/noticias\/seis-eurodiputados-arropan-a-puigdemont-para-pedir-la-mediacion-de-la-ue\/#mainImage"},"datePublished":"2018-05-17T16:27:57+02:00","dateModified":"2018-05-17T16:27:57+02:00"},{"@type":"WebSite","@id":"https:\/\/www.eldigitaldeasturias.com\/noticias\/#website","url":"https:\/\/www.eldigitaldeasturias.com\/noticias\/","name":"El Digital de Asturias - Diario de actualidad y noticias","alternateName":"El Digital de Asturias - Diario de actualidad y noticias","description":"Hemeroteca","inLanguage":"es-ES","publisher":{"@id":"https:\/\/www.eldigitaldeasturias.com\/noticias\/#organization"}}]},"og:locale":"es_ES","og:site_name":"El Digital de Asturias","og:type":"article","og:title":"Seis eurodiputados arropan a Puigdemont para pedir la mediaci\u00f3n de la UE - El Digital de Asturias","og:description":"Berl\u00edn, 17 may (dpa) - Seis eurodiputados de diferentes grupos pol\u00edticos de la Euroc\u00e1mara arroparon hoy en Berl\u00edn al ex presidente de Catalu\u00f1a Carles Puigdemont para pedir una mediaci\u00f3n de la Uni\u00f3n Europea (UE) que permita poner fin al conflicto pol\u00edtico abierto en la regi\u00f3n espa\u00f1ola tras la declaraci\u00f3n unilateral de independencia. &quot;Esperamos que sea","og:url":"https:\/\/www.eldigitaldeasturias.com\/noticias\/seis-eurodiputados-arropan-a-puigdemont-para-pedir-la-mediacion-de-la-ue\/","article:tag":["actualidad"],"article:published_time":"2018-05-17T16:27:57+00:00","article:modified_time":"2018-05-17T16:27:57+00:00","article:publisher":"https:\/\/facebook.com\/eldigitaldeasturias","twitter:card":"summary_large_image","twitter:title":"Seis eurodiputados arropan a Puigdemont para pedir la mediaci\u00f3n de la UE - El Digital de Asturias","twitter:description":"Berl\u00edn, 17 may (dpa) - Seis eurodiputados de diferentes grupos pol\u00edticos de la Euroc\u00e1mara arroparon hoy en Berl\u00edn al ex presidente de Catalu\u00f1a Carles Puigdemont para pedir una mediaci\u00f3n de la Uni\u00f3n Europea (UE) que permita poner fin al conflicto pol\u00edtico abierto en la regi\u00f3n espa\u00f1ola tras la declaraci\u00f3n unilateral de independencia. &quot;Esperamos que sea","twitter:image":"https:\/\/www.eldigitaldeasturias.com\/noticias\/wp-content\/uploads\/2020\/12\/EDA-1.jpg","twitter:label1":"Escrito por","twitter:data1":"El Digital de Asturias","twitter:label2":"Tiempo de lectura estimado","twitter:data2":"2 minutos"},"aioseo_meta_data":{"post_id":"980787","title":null,"description":null,"keywords":null,"keyphrases":null,"primary_term":null,"canonical_url":null,"og_title":null,"og_description":null,"og_object_type":"default","og_image_type":"default","og_image_url":null,"og_image_width":null,"og_image_height":null,"og_image_custom_url":null,"og_image_custom_fields":null,"og_video":null,"og_custom_url":null,"og_article_section":null,"og_article_tags":null,"twitter_use_og":false,"twitter_card":"default","twitter_image_type":"default","twitter_image_url":null,"twitter_image_custom_url":null,"twitter_image_custom_fields":null,"twitter_title":null,"twitter_description":null,"schema":{"blockGraphs":[],"customGraphs":[],"default":{"data":{"Article":[],"Course":[],"Dataset":[],"FAQPage":[],"Movie":[],"Person":[],"Product":[],"ProductReview":[],"Car":[],"Recipe":[],"Service":[],"SoftwareApplication":[],"WebPage":[]},"graphName":"","isEnabled":true},"graphs":[],"defaultGraph":"","defaultPostTypeGraph":""},"schema_type":null,"schema_type_options":null,"pillar_content":false,"robots_default":true,"robots_noindex":false,"robots_noarchive":false,"robots_nosnippet":false,"robots_nofollow":false,"robots_noimageindex":false,"robots_noodp":false,"robots_notranslate":false,"robots_max_snippet":null,"robots_max_videopreview":null,"robots_max_imagepreview":"large","priority":null,"frequency":null,"local_seo":null,"seo_analyzer_scan_date":"2025-10-08 19:09:10","breadcrumb_settings":null,"limit_modified_date":false,"open_ai":null,"ai":null,"created":"2020-12-21 11:55:40","updated":"2025-10-08 19:09:10","focus_keyword":null,"additional_keywords":null,"truseo_locale":null},"aioseo_breadcrumb":"<div class=\"aioseo-breadcrumbs\"><span class=\"aioseo-breadcrumb\">\n\t<a href=\"https:\/\/www.eldigitaldeasturias.com\/noticias\" title=\"Home\">Home<\/a>\n<\/span><span class=\"aioseo-breadcrumb-separator\">\u2013<\/span><span class=\"aioseo-breadcrumb\">\n\t<a href=\"https:\/\/www.eldigitaldeasturias.com\/noticias\/category\/actualidad\/\" title=\"Actualidad\">Actualidad<\/a>\n<\/span><span class=\"aioseo-breadcrumb-separator\">\u2013<\/span><span class=\"aioseo-breadcrumb\">\n\t<a href=\"https:\/\/www.eldigitaldeasturias.com\/noticias\/seis-eurodiputados-arropan-a-puigdemont-para-pedir-la-mediacion-de-la-ue\/\" title=\"Seis eurodiputados arropan a Puigdemont para pedir la mediaci\u00f3n de la UE\">Seis eurodiputados arropan a Puigdemont para pedir la mediaci\u00f3n de la UE<\/a>\n<\/span><\/div>","aioseo_breadcrumb_json":[{"label":"Home","link":"https:\/\/www.eldigitaldeasturias.com\/noticias"},{"label":"Actualidad","link":"https:\/\/www.eldigitaldeasturias.com\/noticias\/category\/actualidad\/"},{"label":"Seis eurodiputados arropan a Puigdemont para pedir la mediaci\u00f3n de la UE","link":"https:\/\/www.eldigitaldeasturias.com\/noticias\/seis-eurodiputados-arropan-a-puigdemont-para-pedir-la-mediacion-de-la-ue\/"}],"_links":{"self":[{"href":"https:\/\/www.eldigitaldeasturias.com\/noticias\/wp-json\/wp\/v2\/posts\/980787","targetHints":{"allow":["GET"]}}],"collection":[{"href":"https:\/\/www.eldigitaldeasturias.com\/noticias\/wp-json\/wp\/v2\/posts"}],"about":[{"href":"https:\/\/www.eldigitaldeasturias.com\/noticias\/wp-json\/wp\/v2\/types\/post"}],"author":[{"embeddable":true,"href":"https:\/\/www.eldigitaldeasturias.com\/noticias\/wp-json\/wp\/v2\/users\/1"}],"replies":[{"embeddable":true,"href":"https:\/\/www.eldigitaldeasturias.com\/noticias\/wp-json\/wp\/v2\/comments?post=980787"}],"version-history":[{"count":0,"href":"https:\/\/www.eldigitaldeasturias.com\/noticias\/wp-json\/wp\/v2\/posts\/980787\/revisions"}],"wp:attachment":[{"href":"https:\/\/www.eldigitaldeasturias.com\/noticias\/wp-json\/wp\/v2\/media?parent=980787"}],"wp:term":[{"taxonomy":"category","embeddable":true,"href":"https:\/\/www.eldigitaldeasturias.com\/noticias\/wp-json\/wp\/v2\/categories?post=980787"},{"taxonomy":"post_tag","embeddable":true,"href":"https:\/\/www.eldigitaldeasturias.com\/noticias\/wp-json\/wp\/v2\/tags?post=980787"}],"curies":[{"name":"wp","href":"https:\/\/api.w.org\/{rel}","templated":true}]}}