{"id":980784,"date":"2018-05-17T16:25:46","date_gmt":"2018-05-17T16:25:46","guid":{"rendered":"http:\/\/www.eldigitaldeasturias.com\/noticias\/?p=980784"},"modified":"2018-05-17T16:25:46","modified_gmt":"2018-05-17T16:25:46","slug":"la-ue-demanda-a-seis-paises-por-incumplir-los-limites-de-contaminacion","status":"publish","type":"post","link":"https:\/\/www.eldigitaldeasturias.com\/noticias\/la-ue-demanda-a-seis-paises-por-incumplir-los-limites-de-contaminacion\/","title":{"rendered":"La UE demanda a seis pa\u00edses por incumplir los l\u00edmites de contaminaci\u00f3n"},"content":{"rendered":"<p><img loading=\"lazy\" decoding=\"async\" class=\"alignleft size-medium wp-image-980785\" src=\"https:\/\/www.eldigitaldeasturias.com\/noticias\/wp-content\/uploads\/2018\/05\/industry-1752876_960_720-360x240.png\" alt=\"\" width=\"360\" height=\"240\" \/>Bruselas, 17 may (dpa) &#8211; La Comisi\u00f3n Europea demand\u00f3 a Alemania y otros cinco Estados miembros por no haber reducido suficientemente la contaminaci\u00f3n atmosf\u00e9rica, al tiempo que exigi\u00f3 m\u00e1s informaci\u00f3n a algunos de ellos en relaci\u00f3n con el esc\u00e1ndalo de manipulaci\u00f3n de motores de la automotriz alemana Volkswagen.<\/p>\n<p>El Ejecutivo europeo llevar\u00e1 ante la Corte Europea de Justicia a Alemania, Francia, Italia, Reino Unido, Ruman\u00eda y Hungr\u00eda, a quienes acusa de incumplir los l\u00edmites de emisiones de \u00f3xido de nitr\u00f3geno que desde 2010 son vinculantes para todos los pa\u00edses miembro.<\/p>\n<p>En relaci\u00f3n con el esc\u00e1ndalo de la alemana Volkswagen por la manipulaci\u00f3n de las emisiones en las pruebas de laboratorio -donde sus veh\u00edculos contaminaban menos que durante su rodaje real-, Bruselas solicita m\u00e1s informaci\u00f3n a Alemania, Reino Unido y Luxemburgo. Tambi\u00e9n a Italia le pide detalles sobre otro caso de presunta manipulaci\u00f3n en su territorio.<\/p>\n<p>Con ello, el comisario de Medio Ambiente, Karmenu Vella, pretende aumentar la presi\u00f3n para frenar r\u00e1pidamente las emisiones contaminantes y proteger a los ciudadanos de posibles da\u00f1os a su salud, asegur\u00f3 hoy.<\/p>\n<p>Alemania y el resto de pa\u00edses que ser\u00e1n llevados ante el tribunal no adoptaron las medidas necesarias para reducir los l\u00edmites de emisiones lo m\u00e1s r\u00e1pido posible, dijo Vella. \u00abLos pa\u00edses demandados hoy tuvieron en los \u00faltimos diez a\u00f1os suficientes &#8216;\u00faltimas oportunidades&#8217; para mejorar la situaci\u00f3n\u00bb, opin\u00f3. \u00abEstoy convencido de que la decisi\u00f3n de hoy acelerar\u00e1 las mejoras para los ciudadanos y ciudadanas\u00bb.<\/p>\n<p>La Comisi\u00f3n se mostr\u00f3 especialmente preocupado por las emisiones de los autom\u00f3viles con motores di\u00e9sel, cuyo n\u00famero ha aumentado en los \u00faltimos a\u00f1os, y que son en gran medida responsables de la emisi\u00f3n de \u00f3xido de nitr\u00f3geno.<\/p>\n<p>En relaci\u00f3n con el esc\u00e1ndalo de manipulaci\u00f3n de emisiones que estall\u00f3 en 2015, Bruselas solicita \u00abm\u00e1s informaci\u00f3n sobre las investigaciones nacionales\u00bb de Alemania, Reino Unido, Luxemburgo. Adem\u00e1s, pregunta c\u00f3mo Alemania y Luxemburgo planean gestionar los nuevos casos de irregularidades detectadas en autom\u00f3viles de fabricantes como Porsche, Volkswagen y Audi.<\/p>\n<p>Tambi\u00e9n pregunta a Italia c\u00f3mo est\u00e1 castigando o qu\u00e9 otras medidas est\u00e1 tomando tras similares revelaciones que afectan a autos de Fiat Chrysler.<\/p>\n<p>La legislaci\u00f3n de la UE \u00abrequiere que los pa\u00edses miembros tengan sistemas de penalizaci\u00f3n efectivos, proporcionados y disuasivos para disuadir a los fabricantes de autom\u00f3viles de violar la ley\u00bb, a\u00f1ade. En caso de violaciones, deben aplicarse multas y otras medidas.<\/p>\n<p>La Comisi\u00f3n Europea ya hab\u00eda abierto un procedimiento contro Alemania y otros pa\u00edses en 2015 para llamarles a la acci\u00f3n, al que sigui\u00f3 otro a finales de 2016 por no castigar lo suficiente a la automotriz Volkswagen por la manipulaci\u00f3n de las emisiones contaminantes en los veh\u00edculos di\u00e9sel. Acusaba tambi\u00e9n a Berl\u00edn de no vigilar lo suficiente que la automotriz cumpliera las normativas. Alemania se defendi\u00f3 y puso en marcha algunas medidas pero no consigui\u00f3 cumplir los objetivos a corto plazo.<\/p>\n<p>El paso dado ahora supone pasar el siguiente nivel.<\/p>\n<p>De acuerdo con la Comisi\u00f3n Europea, unas 400.000 personas mueren cada a\u00f1o de forma prematura en pa\u00edses miembros de la Uni\u00f3n Europea a causa de la inhalaci\u00f3n de agentes contaminantes.<\/p>\n<p>Los expertos ven a corto plazo s\u00f3lo dos posibilidades para reducir las emisiones: modificar los veh\u00edculos di\u00e9sel o prohibir su circulaci\u00f3n.<\/p>\n","protected":false},"excerpt":{"rendered":"<p>Bruselas, 17 may (dpa) &#8211; La Comisi\u00f3n Europea demand\u00f3 a Alemania y otros cinco Estados miembros por no haber reducido suficientemente la contaminaci\u00f3n atmosf\u00e9rica, al tiempo que exigi\u00f3 m\u00e1s informaci\u00f3n a algunos de ellos en relaci\u00f3n con el esc\u00e1ndalo de manipulaci\u00f3n de motores de la automotriz alemana Volkswagen. El Ejecutivo europeo llevar\u00e1 ante la Corte [&hellip;]<\/p>\n","protected":false},"author":1,"featured_media":980785,"comment_status":"closed","ping_status":"closed","sticky":false,"template":"","format":"standard","meta":{"footnotes":""},"categories":[1],"tags":[],"class_list":["post-980784","post","type-post","status-publish","format-standard","has-post-thumbnail","hentry","category-actualidad"],"aioseo_notices":[],"aioseo_head":"\n\t\t<!-- All in One SEO Pro 5.0.1 - aioseo.com -->\n\t<meta name=\"description\" content=\"Bruselas, 17 may (dpa) - La Comisi\u00f3n Europea demand\u00f3 a Alemania y otros cinco Estados miembros por no haber reducido suficientemente la contaminaci\u00f3n atmosf\u00e9rica, al tiempo que exigi\u00f3 m\u00e1s informaci\u00f3n a algunos de ellos en relaci\u00f3n con el esc\u00e1ndalo de manipulaci\u00f3n de motores de la automotriz alemana Volkswagen. El Ejecutivo europeo llevar\u00e1 ante la Corte\" \/>\n\t<meta name=\"robots\" content=\"max-image-preview:large\" \/>\n\t<meta name=\"author\" content=\"El Digital de Asturias\"\/>\n\t<meta name=\"google-site-verification\" content=\"UA-38556648-1\" \/>\n\t<meta name=\"msvalidate.01\" content=\"7dfe9f3f1b24437ab69f4f2559babe99\" \/>\n\t<meta name=\"keywords\" content=\"actualidad\" \/>\n\t<link rel=\"canonical\" href=\"https:\/\/www.eldigitaldeasturias.com\/noticias\/la-ue-demanda-a-seis-paises-por-incumplir-los-limites-de-contaminacion\/\" \/>\n\t<meta name=\"generator\" content=\"All in One SEO Pro (AIOSEO) 5.0.1\" \/>\n\t\t<meta property=\"og:locale\" content=\"es_ES\" \/>\n\t\t<meta property=\"og:site_name\" content=\"El Digital de Asturias\" \/>\n\t\t<meta property=\"og:type\" content=\"article\" \/>\n\t\t<meta property=\"og:title\" content=\"La UE demanda a seis pa\u00edses por incumplir los l\u00edmites de contaminaci\u00f3n - El Digital de Asturias\" \/>\n\t\t<meta property=\"og:description\" content=\"Bruselas, 17 may (dpa) - La Comisi\u00f3n Europea demand\u00f3 a Alemania y otros cinco Estados miembros por no haber reducido suficientemente la contaminaci\u00f3n atmosf\u00e9rica, al tiempo que exigi\u00f3 m\u00e1s informaci\u00f3n a algunos de ellos en relaci\u00f3n con el esc\u00e1ndalo de manipulaci\u00f3n de motores de la automotriz alemana Volkswagen. El Ejecutivo europeo llevar\u00e1 ante la Corte\" \/>\n\t\t<meta property=\"og:url\" content=\"https:\/\/www.eldigitaldeasturias.com\/noticias\/la-ue-demanda-a-seis-paises-por-incumplir-los-limites-de-contaminacion\/\" \/>\n\t\t<meta property=\"article:tag\" content=\"actualidad\" \/>\n\t\t<meta property=\"article:published_time\" content=\"2018-05-17T16:25:46+00:00\" \/>\n\t\t<meta property=\"article:modified_time\" content=\"2018-05-17T16:25:46+00:00\" \/>\n\t\t<meta property=\"article:publisher\" content=\"https:\/\/facebook.com\/eldigitaldeasturias\" \/>\n\t\t<meta name=\"twitter:card\" content=\"summary_large_image\" \/>\n\t\t<meta name=\"twitter:title\" content=\"La UE demanda a seis pa\u00edses por incumplir los l\u00edmites de contaminaci\u00f3n - El Digital de Asturias\" \/>\n\t\t<meta name=\"twitter:description\" content=\"Bruselas, 17 may (dpa) - La Comisi\u00f3n Europea demand\u00f3 a Alemania y otros cinco Estados miembros por no haber reducido suficientemente la contaminaci\u00f3n atmosf\u00e9rica, al tiempo que exigi\u00f3 m\u00e1s informaci\u00f3n a algunos de ellos en relaci\u00f3n con el esc\u00e1ndalo de manipulaci\u00f3n de motores de la automotriz alemana Volkswagen. El Ejecutivo europeo llevar\u00e1 ante la Corte\" \/>\n\t\t<meta name=\"twitter:image\" content=\"https:\/\/www.eldigitaldeasturias.com\/noticias\/wp-content\/uploads\/2020\/12\/EDA-1.jpg\" \/>\n\t\t<meta name=\"twitter:label1\" content=\"Escrito por\" \/>\n\t\t<meta name=\"twitter:data1\" content=\"El Digital de Asturias\" \/>\n\t\t<meta name=\"twitter:label2\" content=\"Tiempo de lectura estimado\" \/>\n\t\t<meta name=\"twitter:data2\" content=\"3 minutos\" \/>\n\t\t<script type=\"application\/ld+json\" class=\"aioseo-schema\">\n\t\t\t{\"@context\":\"https:\\\/\\\/schema.org\",\"@graph\":[{\"@type\":\"BlogPosting\",\"@id\":\"https:\\\/\\\/www.eldigitaldeasturias.com\\\/noticias\\\/la-ue-demanda-a-seis-paises-por-incumplir-los-limites-de-contaminacion\\\/#blogposting\",\"name\":\"La UE demanda a seis pa\\u00edses por incumplir los l\\u00edmites de contaminaci\\u00f3n - El Digital de Asturias\",\"headline\":\"La UE demanda a seis pa\\u00edses por incumplir los l\\u00edmites de contaminaci\\u00f3n\",\"author\":{\"@id\":\"https:\\\/\\\/www.eldigitaldeasturias.com\\\/noticias\\\/author\\\/admin\\\/#author\"},\"publisher\":{\"@id\":\"https:\\\/\\\/www.eldigitaldeasturias.com\\\/noticias\\\/#organization\"},\"image\":{\"@type\":\"ImageObject\",\"url\":980785},\"datePublished\":\"2018-05-17T16:25:46+02:00\",\"dateModified\":\"2018-05-17T16:25:46+02:00\",\"inLanguage\":\"es-ES\",\"mainEntityOfPage\":{\"@id\":\"https:\\\/\\\/www.eldigitaldeasturias.com\\\/noticias\\\/la-ue-demanda-a-seis-paises-por-incumplir-los-limites-de-contaminacion\\\/#webpage\"},\"isPartOf\":{\"@id\":\"https:\\\/\\\/www.eldigitaldeasturias.com\\\/noticias\\\/la-ue-demanda-a-seis-paises-por-incumplir-los-limites-de-contaminacion\\\/#webpage\"},\"articleSection\":\"Actualidad\"},{\"@type\":\"BreadcrumbList\",\"@id\":\"https:\\\/\\\/www.eldigitaldeasturias.com\\\/noticias\\\/la-ue-demanda-a-seis-paises-por-incumplir-los-limites-de-contaminacion\\\/#breadcrumblist\",\"itemListElement\":[{\"@type\":\"ListItem\",\"@id\":\"https:\\\/\\\/www.eldigitaldeasturias.com\\\/noticias#listItem\",\"position\":1,\"name\":\"Home\",\"item\":\"https:\\\/\\\/www.eldigitaldeasturias.com\\\/noticias\",\"nextItem\":{\"@type\":\"ListItem\",\"@id\":\"https:\\\/\\\/www.eldigitaldeasturias.com\\\/noticias\\\/category\\\/actualidad\\\/#listItem\",\"name\":\"Actualidad\"}},{\"@type\":\"ListItem\",\"@id\":\"https:\\\/\\\/www.eldigitaldeasturias.com\\\/noticias\\\/category\\\/actualidad\\\/#listItem\",\"position\":2,\"name\":\"Actualidad\",\"item\":\"https:\\\/\\\/www.eldigitaldeasturias.com\\\/noticias\\\/category\\\/actualidad\\\/\",\"nextItem\":{\"@type\":\"ListItem\",\"@id\":\"https:\\\/\\\/www.eldigitaldeasturias.com\\\/noticias\\\/la-ue-demanda-a-seis-paises-por-incumplir-los-limites-de-contaminacion\\\/#listItem\",\"name\":\"La UE demanda a seis pa\\u00edses por incumplir los l\\u00edmites de contaminaci\\u00f3n\"},\"previousItem\":{\"@type\":\"ListItem\",\"@id\":\"https:\\\/\\\/www.eldigitaldeasturias.com\\\/noticias#listItem\",\"name\":\"Home\"}},{\"@type\":\"ListItem\",\"@id\":\"https:\\\/\\\/www.eldigitaldeasturias.com\\\/noticias\\\/la-ue-demanda-a-seis-paises-por-incumplir-los-limites-de-contaminacion\\\/#listItem\",\"position\":3,\"name\":\"La UE demanda a seis pa\\u00edses por incumplir los l\\u00edmites de contaminaci\\u00f3n\",\"previousItem\":{\"@type\":\"ListItem\",\"@id\":\"https:\\\/\\\/www.eldigitaldeasturias.com\\\/noticias\\\/category\\\/actualidad\\\/#listItem\",\"name\":\"Actualidad\"}}]},{\"@type\":\"Organization\",\"@id\":\"https:\\\/\\\/www.eldigitaldeasturias.com\\\/noticias\\\/#organization\",\"name\":\"El Digital de Asturias\",\"description\":\"Hemeroteca\",\"url\":\"https:\\\/\\\/www.eldigitaldeasturias.com\\\/noticias\\\/\",\"email\":\"info@eldigitaldeasturias.com\",\"telephone\":\"+34652131393\",\"logo\":{\"@type\":\"ImageObject\",\"url\":\"https:\\\/\\\/www.eldigitaldeasturias.com\\\/noticias\\\/wp-content\\\/uploads\\\/2020\\\/12\\\/EDA.jpg\",\"@id\":\"https:\\\/\\\/www.eldigitaldeasturias.com\\\/noticias\\\/la-ue-demanda-a-seis-paises-por-incumplir-los-limites-de-contaminacion\\\/#organizationLogo\"},\"image\":{\"@id\":\"https:\\\/\\\/www.eldigitaldeasturias.com\\\/noticias\\\/la-ue-demanda-a-seis-paises-por-incumplir-los-limites-de-contaminacion\\\/#organizationLogo\"},\"sameAs\":[\"https:\\\/\\\/facebook.com\\\/eldigitaldeasturias\",\"https:\\\/\\\/www.youtube.com\\\/channel\\\/UCZP-2wLEB9Rv6erhFmqVnvg\"],\"address\":{\"@id\":\"https:\\\/\\\/www.eldigitaldeasturias.com\\\/noticias\\\/#postaladdress\",\"@type\":\"PostalAddress\",\"streetAddress\":\"san antonio 4\",\"postalCode\":\"33430\",\"addressLocality\":\"Cand\\u00e1s\",\"addressRegion\":\"Asturias\",\"addressCountry\":\"ES\"}},{\"@type\":\"Person\",\"@id\":\"https:\\\/\\\/www.eldigitaldeasturias.com\\\/noticias\\\/author\\\/admin\\\/#author\",\"url\":\"https:\\\/\\\/www.eldigitaldeasturias.com\\\/noticias\\\/author\\\/admin\\\/\",\"name\":\"El Digital de Asturias\",\"image\":{\"@type\":\"ImageObject\",\"@id\":\"https:\\\/\\\/www.eldigitaldeasturias.com\\\/noticias\\\/la-ue-demanda-a-seis-paises-por-incumplir-los-limites-de-contaminacion\\\/#authorImage\",\"url\":\"https:\\\/\\\/secure.gravatar.com\\\/avatar\\\/df2aeffc32bcd13f8d26072ef8a91b623d677766deac7f97ca815868cd41bf5e?s=96&d=mm&r=g\",\"width\":96,\"height\":96,\"caption\":\"El Digital de Asturias\"}},{\"@type\":\"WebPage\",\"@id\":\"https:\\\/\\\/www.eldigitaldeasturias.com\\\/noticias\\\/la-ue-demanda-a-seis-paises-por-incumplir-los-limites-de-contaminacion\\\/#webpage\",\"url\":\"https:\\\/\\\/www.eldigitaldeasturias.com\\\/noticias\\\/la-ue-demanda-a-seis-paises-por-incumplir-los-limites-de-contaminacion\\\/\",\"name\":\"La UE demanda a seis pa\\u00edses por incumplir los l\\u00edmites de contaminaci\\u00f3n - El Digital de Asturias\",\"description\":\"Bruselas, 17 may (dpa) - La Comisi\\u00f3n Europea demand\\u00f3 a Alemania y otros cinco Estados miembros por no haber reducido suficientemente la contaminaci\\u00f3n atmosf\\u00e9rica, al tiempo que exigi\\u00f3 m\\u00e1s informaci\\u00f3n a algunos de ellos en relaci\\u00f3n con el esc\\u00e1ndalo de manipulaci\\u00f3n de motores de la automotriz alemana Volkswagen. El Ejecutivo europeo llevar\\u00e1 ante la Corte\",\"inLanguage\":\"es-ES\",\"isPartOf\":{\"@id\":\"https:\\\/\\\/www.eldigitaldeasturias.com\\\/noticias\\\/#website\"},\"breadcrumb\":{\"@id\":\"https:\\\/\\\/www.eldigitaldeasturias.com\\\/noticias\\\/la-ue-demanda-a-seis-paises-por-incumplir-los-limites-de-contaminacion\\\/#breadcrumblist\"},\"author\":{\"@id\":\"https:\\\/\\\/www.eldigitaldeasturias.com\\\/noticias\\\/author\\\/admin\\\/#author\"},\"creator\":{\"@id\":\"https:\\\/\\\/www.eldigitaldeasturias.com\\\/noticias\\\/author\\\/admin\\\/#author\"},\"image\":{\"@type\":\"ImageObject\",\"url\":980785,\"@id\":\"https:\\\/\\\/www.eldigitaldeasturias.com\\\/noticias\\\/la-ue-demanda-a-seis-paises-por-incumplir-los-limites-de-contaminacion\\\/#mainImage\"},\"primaryImageOfPage\":{\"@id\":\"https:\\\/\\\/www.eldigitaldeasturias.com\\\/noticias\\\/la-ue-demanda-a-seis-paises-por-incumplir-los-limites-de-contaminacion\\\/#mainImage\"},\"datePublished\":\"2018-05-17T16:25:46+02:00\",\"dateModified\":\"2018-05-17T16:25:46+02:00\"},{\"@type\":\"WebSite\",\"@id\":\"https:\\\/\\\/www.eldigitaldeasturias.com\\\/noticias\\\/#website\",\"url\":\"https:\\\/\\\/www.eldigitaldeasturias.com\\\/noticias\\\/\",\"name\":\"El Digital de Asturias - Diario de actualidad y noticias\",\"alternateName\":\"El Digital de Asturias - Diario de actualidad y noticias\",\"description\":\"Hemeroteca\",\"inLanguage\":\"es-ES\",\"publisher\":{\"@id\":\"https:\\\/\\\/www.eldigitaldeasturias.com\\\/noticias\\\/#organization\"}}]}\n\t\t<\/script>\n\t\t<!-- All in One SEO Pro -->\r\n\t\t<title>La UE demanda a seis pa\u00edses por incumplir los l\u00edmites de contaminaci\u00f3n - El Digital de Asturias<\/title>\n\n","aioseo_head_json":{"title":"La UE demanda a seis pa\u00edses por incumplir los l\u00edmites de contaminaci\u00f3n - El Digital de Asturias","description":"Bruselas, 17 may (dpa) - La Comisi\u00f3n Europea demand\u00f3 a Alemania y otros cinco Estados miembros por no haber reducido suficientemente la contaminaci\u00f3n atmosf\u00e9rica, al tiempo que exigi\u00f3 m\u00e1s informaci\u00f3n a algunos de ellos en relaci\u00f3n con el esc\u00e1ndalo de manipulaci\u00f3n de motores de la automotriz alemana Volkswagen. El Ejecutivo europeo llevar\u00e1 ante la Corte","canonical_url":"https:\/\/www.eldigitaldeasturias.com\/noticias\/la-ue-demanda-a-seis-paises-por-incumplir-los-limites-de-contaminacion\/","robots":"max-image-preview:large","keywords":"actualidad","webmasterTools":{"google-site-verification":"UA-38556648-1","msvalidate.01":"7dfe9f3f1b24437ab69f4f2559babe99","miscellaneous":""},"schema":{"@context":"https:\/\/schema.org","@graph":[{"@type":"BlogPosting","@id":"https:\/\/www.eldigitaldeasturias.com\/noticias\/la-ue-demanda-a-seis-paises-por-incumplir-los-limites-de-contaminacion\/#blogposting","name":"La UE demanda a seis pa\u00edses por incumplir los l\u00edmites de contaminaci\u00f3n - El Digital de Asturias","headline":"La UE demanda a seis pa\u00edses por incumplir los l\u00edmites de contaminaci\u00f3n","author":{"@id":"https:\/\/www.eldigitaldeasturias.com\/noticias\/author\/admin\/#author"},"publisher":{"@id":"https:\/\/www.eldigitaldeasturias.com\/noticias\/#organization"},"image":{"@type":"ImageObject","url":980785},"datePublished":"2018-05-17T16:25:46+02:00","dateModified":"2018-05-17T16:25:46+02:00","inLanguage":"es-ES","mainEntityOfPage":{"@id":"https:\/\/www.eldigitaldeasturias.com\/noticias\/la-ue-demanda-a-seis-paises-por-incumplir-los-limites-de-contaminacion\/#webpage"},"isPartOf":{"@id":"https:\/\/www.eldigitaldeasturias.com\/noticias\/la-ue-demanda-a-seis-paises-por-incumplir-los-limites-de-contaminacion\/#webpage"},"articleSection":"Actualidad"},{"@type":"BreadcrumbList","@id":"https:\/\/www.eldigitaldeasturias.com\/noticias\/la-ue-demanda-a-seis-paises-por-incumplir-los-limites-de-contaminacion\/#breadcrumblist","itemListElement":[{"@type":"ListItem","@id":"https:\/\/www.eldigitaldeasturias.com\/noticias#listItem","position":1,"name":"Home","item":"https:\/\/www.eldigitaldeasturias.com\/noticias","nextItem":{"@type":"ListItem","@id":"https:\/\/www.eldigitaldeasturias.com\/noticias\/category\/actualidad\/#listItem","name":"Actualidad"}},{"@type":"ListItem","@id":"https:\/\/www.eldigitaldeasturias.com\/noticias\/category\/actualidad\/#listItem","position":2,"name":"Actualidad","item":"https:\/\/www.eldigitaldeasturias.com\/noticias\/category\/actualidad\/","nextItem":{"@type":"ListItem","@id":"https:\/\/www.eldigitaldeasturias.com\/noticias\/la-ue-demanda-a-seis-paises-por-incumplir-los-limites-de-contaminacion\/#listItem","name":"La UE demanda a seis pa\u00edses por incumplir los l\u00edmites de contaminaci\u00f3n"},"previousItem":{"@type":"ListItem","@id":"https:\/\/www.eldigitaldeasturias.com\/noticias#listItem","name":"Home"}},{"@type":"ListItem","@id":"https:\/\/www.eldigitaldeasturias.com\/noticias\/la-ue-demanda-a-seis-paises-por-incumplir-los-limites-de-contaminacion\/#listItem","position":3,"name":"La UE demanda a seis pa\u00edses por incumplir los l\u00edmites de contaminaci\u00f3n","previousItem":{"@type":"ListItem","@id":"https:\/\/www.eldigitaldeasturias.com\/noticias\/category\/actualidad\/#listItem","name":"Actualidad"}}]},{"@type":"Organization","@id":"https:\/\/www.eldigitaldeasturias.com\/noticias\/#organization","name":"El Digital de Asturias","description":"Hemeroteca","url":"https:\/\/www.eldigitaldeasturias.com\/noticias\/","email":"info@eldigitaldeasturias.com","telephone":"+34652131393","logo":{"@type":"ImageObject","url":"https:\/\/www.eldigitaldeasturias.com\/noticias\/wp-content\/uploads\/2020\/12\/EDA.jpg","@id":"https:\/\/www.eldigitaldeasturias.com\/noticias\/la-ue-demanda-a-seis-paises-por-incumplir-los-limites-de-contaminacion\/#organizationLogo"},"image":{"@id":"https:\/\/www.eldigitaldeasturias.com\/noticias\/la-ue-demanda-a-seis-paises-por-incumplir-los-limites-de-contaminacion\/#organizationLogo"},"sameAs":["https:\/\/facebook.com\/eldigitaldeasturias","https:\/\/www.youtube.com\/channel\/UCZP-2wLEB9Rv6erhFmqVnvg"],"address":{"@id":"https:\/\/www.eldigitaldeasturias.com\/noticias\/#postaladdress","@type":"PostalAddress","streetAddress":"san antonio 4","postalCode":"33430","addressLocality":"Cand\u00e1s","addressRegion":"Asturias","addressCountry":"ES"}},{"@type":"Person","@id":"https:\/\/www.eldigitaldeasturias.com\/noticias\/author\/admin\/#author","url":"https:\/\/www.eldigitaldeasturias.com\/noticias\/author\/admin\/","name":"El Digital de Asturias","image":{"@type":"ImageObject","@id":"https:\/\/www.eldigitaldeasturias.com\/noticias\/la-ue-demanda-a-seis-paises-por-incumplir-los-limites-de-contaminacion\/#authorImage","url":"https:\/\/secure.gravatar.com\/avatar\/df2aeffc32bcd13f8d26072ef8a91b623d677766deac7f97ca815868cd41bf5e?s=96&d=mm&r=g","width":96,"height":96,"caption":"El Digital de Asturias"}},{"@type":"WebPage","@id":"https:\/\/www.eldigitaldeasturias.com\/noticias\/la-ue-demanda-a-seis-paises-por-incumplir-los-limites-de-contaminacion\/#webpage","url":"https:\/\/www.eldigitaldeasturias.com\/noticias\/la-ue-demanda-a-seis-paises-por-incumplir-los-limites-de-contaminacion\/","name":"La UE demanda a seis pa\u00edses por incumplir los l\u00edmites de contaminaci\u00f3n - El Digital de Asturias","description":"Bruselas, 17 may (dpa) - La Comisi\u00f3n Europea demand\u00f3 a Alemania y otros cinco Estados miembros por no haber reducido suficientemente la contaminaci\u00f3n atmosf\u00e9rica, al tiempo que exigi\u00f3 m\u00e1s informaci\u00f3n a algunos de ellos en relaci\u00f3n con el esc\u00e1ndalo de manipulaci\u00f3n de motores de la automotriz alemana Volkswagen. El Ejecutivo europeo llevar\u00e1 ante la Corte","inLanguage":"es-ES","isPartOf":{"@id":"https:\/\/www.eldigitaldeasturias.com\/noticias\/#website"},"breadcrumb":{"@id":"https:\/\/www.eldigitaldeasturias.com\/noticias\/la-ue-demanda-a-seis-paises-por-incumplir-los-limites-de-contaminacion\/#breadcrumblist"},"author":{"@id":"https:\/\/www.eldigitaldeasturias.com\/noticias\/author\/admin\/#author"},"creator":{"@id":"https:\/\/www.eldigitaldeasturias.com\/noticias\/author\/admin\/#author"},"image":{"@type":"ImageObject","url":980785,"@id":"https:\/\/www.eldigitaldeasturias.com\/noticias\/la-ue-demanda-a-seis-paises-por-incumplir-los-limites-de-contaminacion\/#mainImage"},"primaryImageOfPage":{"@id":"https:\/\/www.eldigitaldeasturias.com\/noticias\/la-ue-demanda-a-seis-paises-por-incumplir-los-limites-de-contaminacion\/#mainImage"},"datePublished":"2018-05-17T16:25:46+02:00","dateModified":"2018-05-17T16:25:46+02:00"},{"@type":"WebSite","@id":"https:\/\/www.eldigitaldeasturias.com\/noticias\/#website","url":"https:\/\/www.eldigitaldeasturias.com\/noticias\/","name":"El Digital de Asturias - Diario de actualidad y noticias","alternateName":"El Digital de Asturias - Diario de actualidad y noticias","description":"Hemeroteca","inLanguage":"es-ES","publisher":{"@id":"https:\/\/www.eldigitaldeasturias.com\/noticias\/#organization"}}]},"og:locale":"es_ES","og:site_name":"El Digital de Asturias","og:type":"article","og:title":"La UE demanda a seis pa\u00edses por incumplir los l\u00edmites de contaminaci\u00f3n - El Digital de Asturias","og:description":"Bruselas, 17 may (dpa) - La Comisi\u00f3n Europea demand\u00f3 a Alemania y otros cinco Estados miembros por no haber reducido suficientemente la contaminaci\u00f3n atmosf\u00e9rica, al tiempo que exigi\u00f3 m\u00e1s informaci\u00f3n a algunos de ellos en relaci\u00f3n con el esc\u00e1ndalo de manipulaci\u00f3n de motores de la automotriz alemana Volkswagen. El Ejecutivo europeo llevar\u00e1 ante la Corte","og:url":"https:\/\/www.eldigitaldeasturias.com\/noticias\/la-ue-demanda-a-seis-paises-por-incumplir-los-limites-de-contaminacion\/","article:tag":["actualidad"],"article:published_time":"2018-05-17T16:25:46+00:00","article:modified_time":"2018-05-17T16:25:46+00:00","article:publisher":"https:\/\/facebook.com\/eldigitaldeasturias","twitter:card":"summary_large_image","twitter:title":"La UE demanda a seis pa\u00edses por incumplir los l\u00edmites de contaminaci\u00f3n - El Digital de Asturias","twitter:description":"Bruselas, 17 may (dpa) - La Comisi\u00f3n Europea demand\u00f3 a Alemania y otros cinco Estados miembros por no haber reducido suficientemente la contaminaci\u00f3n atmosf\u00e9rica, al tiempo que exigi\u00f3 m\u00e1s informaci\u00f3n a algunos de ellos en relaci\u00f3n con el esc\u00e1ndalo de manipulaci\u00f3n de motores de la automotriz alemana Volkswagen. El Ejecutivo europeo llevar\u00e1 ante la Corte","twitter:image":"https:\/\/www.eldigitaldeasturias.com\/noticias\/wp-content\/uploads\/2020\/12\/EDA-1.jpg","twitter:label1":"Escrito por","twitter:data1":"El Digital de Asturias","twitter:label2":"Tiempo de lectura estimado","twitter:data2":"3 minutos"},"aioseo_meta_data":{"post_id":"980784","title":null,"description":null,"keywords":null,"keyphrases":null,"primary_term":null,"canonical_url":null,"og_title":null,"og_description":null,"og_object_type":"default","og_image_type":"default","og_image_url":null,"og_image_width":null,"og_image_height":null,"og_image_custom_url":null,"og_image_custom_fields":null,"og_video":null,"og_custom_url":null,"og_article_section":null,"og_article_tags":null,"twitter_use_og":false,"twitter_card":"default","twitter_image_type":"default","twitter_image_url":null,"twitter_image_custom_url":null,"twitter_image_custom_fields":null,"twitter_title":null,"twitter_description":null,"schema":{"blockGraphs":[],"customGraphs":[],"default":{"data":{"Article":[],"Course":[],"Dataset":[],"FAQPage":[],"Movie":[],"Person":[],"Product":[],"ProductReview":[],"Car":[],"Recipe":[],"Service":[],"SoftwareApplication":[],"WebPage":[]},"graphName":"","isEnabled":true},"graphs":[],"defaultGraph":"","defaultPostTypeGraph":""},"schema_type":null,"schema_type_options":null,"pillar_content":false,"robots_default":true,"robots_noindex":false,"robots_noarchive":false,"robots_nosnippet":false,"robots_nofollow":false,"robots_noimageindex":false,"robots_noodp":false,"robots_notranslate":false,"robots_max_snippet":null,"robots_max_videopreview":null,"robots_max_imagepreview":"large","priority":null,"frequency":null,"local_seo":null,"seo_analyzer_scan_date":"2025-10-08 19:09:09","breadcrumb_settings":null,"limit_modified_date":false,"open_ai":null,"ai":null,"created":"2020-12-21 11:55:40","updated":"2025-10-08 19:09:09","focus_keyword":null,"additional_keywords":null,"truseo_locale":null},"aioseo_breadcrumb":"<div class=\"aioseo-breadcrumbs\"><span class=\"aioseo-breadcrumb\">\n\t<a href=\"https:\/\/www.eldigitaldeasturias.com\/noticias\" title=\"Home\">Home<\/a>\n<\/span><span class=\"aioseo-breadcrumb-separator\">\u2013<\/span><span class=\"aioseo-breadcrumb\">\n\t<a href=\"https:\/\/www.eldigitaldeasturias.com\/noticias\/category\/actualidad\/\" title=\"Actualidad\">Actualidad<\/a>\n<\/span><span class=\"aioseo-breadcrumb-separator\">\u2013<\/span><span class=\"aioseo-breadcrumb\">\n\t<a href=\"https:\/\/www.eldigitaldeasturias.com\/noticias\/la-ue-demanda-a-seis-paises-por-incumplir-los-limites-de-contaminacion\/\" title=\"La UE demanda a seis pa\u00edses por incumplir los l\u00edmites de contaminaci\u00f3n\">La UE demanda a seis pa\u00edses por incumplir los l\u00edmites de contaminaci\u00f3n<\/a>\n<\/span><\/div>","aioseo_breadcrumb_json":[{"label":"Home","link":"https:\/\/www.eldigitaldeasturias.com\/noticias"},{"label":"Actualidad","link":"https:\/\/www.eldigitaldeasturias.com\/noticias\/category\/actualidad\/"},{"label":"La UE demanda a seis pa\u00edses por incumplir los l\u00edmites de contaminaci\u00f3n","link":"https:\/\/www.eldigitaldeasturias.com\/noticias\/la-ue-demanda-a-seis-paises-por-incumplir-los-limites-de-contaminacion\/"}],"_links":{"self":[{"href":"https:\/\/www.eldigitaldeasturias.com\/noticias\/wp-json\/wp\/v2\/posts\/980784","targetHints":{"allow":["GET"]}}],"collection":[{"href":"https:\/\/www.eldigitaldeasturias.com\/noticias\/wp-json\/wp\/v2\/posts"}],"about":[{"href":"https:\/\/www.eldigitaldeasturias.com\/noticias\/wp-json\/wp\/v2\/types\/post"}],"author":[{"embeddable":true,"href":"https:\/\/www.eldigitaldeasturias.com\/noticias\/wp-json\/wp\/v2\/users\/1"}],"replies":[{"embeddable":true,"href":"https:\/\/www.eldigitaldeasturias.com\/noticias\/wp-json\/wp\/v2\/comments?post=980784"}],"version-history":[{"count":0,"href":"https:\/\/www.eldigitaldeasturias.com\/noticias\/wp-json\/wp\/v2\/posts\/980784\/revisions"}],"wp:attachment":[{"href":"https:\/\/www.eldigitaldeasturias.com\/noticias\/wp-json\/wp\/v2\/media?parent=980784"}],"wp:term":[{"taxonomy":"category","embeddable":true,"href":"https:\/\/www.eldigitaldeasturias.com\/noticias\/wp-json\/wp\/v2\/categories?post=980784"},{"taxonomy":"post_tag","embeddable":true,"href":"https:\/\/www.eldigitaldeasturias.com\/noticias\/wp-json\/wp\/v2\/tags?post=980784"}],"curies":[{"name":"wp","href":"https:\/\/api.w.org\/{rel}","templated":true}]}}