{"id":980706,"date":"2018-05-16T23:58:18","date_gmt":"2018-05-16T23:58:18","guid":{"rendered":"http:\/\/www.eldigitaldeasturias.com\/noticias\/?p=980706"},"modified":"2018-05-16T23:58:18","modified_gmt":"2018-05-16T23:58:18","slug":"el-hombre-y-el-mito-en-el-iaacc-pablo-serrano","status":"publish","type":"post","link":"https:\/\/www.eldigitaldeasturias.com\/noticias\/el-hombre-y-el-mito-en-el-iaacc-pablo-serrano\/","title":{"rendered":"\u2018El hombre y el mito\u2019, en el IAACC Pablo Serrano"},"content":{"rendered":"<p><img loading=\"lazy\" decoding=\"async\" class=\"alignleft size-medium wp-image-980707\" src=\"https:\/\/www.eldigitaldeasturias.com\/noticias\/wp-content\/uploads\/2018\/05\/imagenes_20180516_185731-360x159.jpg\" alt=\"\" width=\"360\" height=\"159\" \/>La vida y la excepcional trayectoria art\u00edstica de Miguel Fleta protagonizan la \u00faltima muestra del IAACC Pablo Serrano, una retrospectiva en la que a trav\u00e9s de fotograf\u00edas (muchas de ellas in\u00e9ditas), programas de mano o carteles, adem\u00e1s de discos, pel\u00edculas o documentaci\u00f3n personal se reconstruye la figura del gran tenor aragon\u00e9s para que los ciudadanos profundicen en la figura del artista, que llev\u00f3 el nombre de la Comunidad por todo el mundo.<\/p>\n<p>El director general de Cultura y Patrimonio del Gobierno de Arag\u00f3n, Nacho Escu\u00edn, ha participado en la presentaci\u00f3n y ha declarado que esta exhibici\u00f3n constituye uno de los puntos \u00e1lgidos del calendario expositivo de la Comunidad. Escu\u00edn ha declarado que la exposici\u00f3n tendr\u00e1 dos lecturas distintas: que los que no conocen al tenor puedan indagar en su figura y que los entendidos puedan entender a la persona, convertida en uno de los grandes iconos culturales de la Comunidad. Entre los asistentes a esta inauguraci\u00f3n tambi\u00e9n ha estado la nieta del cantante, Mar\u00eda Fleta, acompa\u00f1ada de una hija y una nieta.<\/p>\n<p>Enmarcada en los actos de conmemoraci\u00f3n del 80 aniversario de su fallecimiento, \u2018Miguel Fleta. El hombre y el mito\u2019 pretende dar a conocer todas las aristas del genial cantante, desde su nacimiento en 1897 hasta su muerte en 1938. La exhibici\u00f3n, comisariada por la Asociaci\u00f3n Aragonesa de la \u00d3pera \u201cMiguel Fleta\u201d de la mano de Sergio Castillo y Alejandro Mart\u00ednez, se ha inaugurado esta tarde y podr\u00e1 verse hasta el pr\u00f3ximo 14 de octubre.<\/p>\n<p>Para acercar la figura de Fleta a todos los visitantes, la muestra se ha dividido en cinco zonas:<\/p>\n<p>Presentaci\u00f3n: Se se\u00f1ala el fallecimiento de Miguel Fleta, en mayo de 1938, en tiempos de la Guerra Civil. Se contextualiza su muerte en La Coru\u00f1a.<\/p>\n<p>Aragon\u00e9s universal: Este espacio describe su nacimiento en Albalate de Cinca (Huesca) en diciembre de 1897, su despegue y formaci\u00f3n como cantante, incluyendo sus primeras actuaciones en Europa y recapitulando sus nexos con Arag\u00f3n, haciendo especial hincapi\u00e9 en sus estudios en el Conservatorio del Liceo y la relaci\u00f3n sentimental con su primera pareja y maestra, Luisa Pierrick.<\/p>\n<p>El gran tenor: Espacio central de la muestra, que aborda el fen\u00f3meno vocal de Fleta en sus a\u00f1os de m\u00e1ximo apogeo: lugares donde actu\u00f3, programaci\u00f3n y repertorio\u2026 Se incluye en este apartado su vinculaci\u00f3n con el cine y se presta atenci\u00f3n a sus numerosas grabaciones.<\/p>\n<p>\u00cddolo de masas: Miguel Fleta fue mucho m\u00e1s que un gran cantante de \u00f3pera en los a\u00f1os 20 y 30 del pasado siglo XX. Jaleado, ovacionado, seguido por los medios y las multitudes, fue una figura enormemente conocida en una \u00e9poca que la l\u00edrica estaba lejos de las aficiones m\u00e1s populares de los espa\u00f1oles.<\/p>\n<p>Ideolog\u00eda y conciencia social: El periodo que comprende la vida profesional de Miguel Fleta coincidi\u00f3 con el reinado de Alfonso XIII, la Dictadura de Primo de Rivera, la II Rep\u00fablica y la Guerra Civil, que no lleg\u00f3 a ver finalizada. Se estudian aqu\u00ed sus relaciones con la clase social y pol\u00edtica de este corto e intenso periodo, sin olvidar su faceta m\u00e1s solidaria y pr\u00f3xima a los m\u00e1s necesitados.<\/p>\n<p>Adem\u00e1s de las m\u00e1s de 200 piezas de las que est\u00e1 compuesta, se han habilitado 19 puntos de escucha para que los visitantes puedan escuchar alguna de las brillantes interpretaciones de Fleta, tanto de l\u00edrica como tambi\u00e9n de zarzuela y de jota.<\/p>\n<p>Para poder dar forma a tan ambiciosa exposici\u00f3n, ha sido necesaria la colaboraci\u00f3n de numerosas instituciones p\u00fablicas y privadas, adem\u00e1s de colecciones particulares, material de la propia familia Fleta, y archivos locales, nacionales e internacionales procedentes de filmotecas. En total han colaborado en la muestra 31 instituciones. Entre ellas, destacan piezas que provienen de archivos de Espa\u00f1a (Hist\u00f3rico Nacional de Espa\u00f1a, General de la administraci\u00f3n) de Patrimonio Nacional, del Museo de Almagro, del Instituto del Teatro de Barcelona o del Hist\u00f3rico Provincial de Zaragoza o del Municipal de Zaragoza. Tambi\u00e9n ha habido aportaciones de la Fototeca de Huesca, de la Castilla Le\u00f3n, de Filmoteca Nacional o de la Casa Museo de Unamuno, y de grandes escenarios desde el Teatro Principal y el Circo de Zaragoza hasta el Iris Park, Conservatorio del Liceu o del Metropolitan de Nueva York.<\/p>\n<p>Como novedad se incluye tambi\u00e9n una intervenci\u00f3n del artista pl\u00e1stico Paco Sim\u00f3n, titulada \u201cFleta iluminado\u201d.<\/p>\n<p><strong>La l\u00edrica, protagonista<\/strong><\/p>\n<p>El Departamento de Cultura est\u00e1 llevando a cabo un extenso calendario de actividades para conmemorar el 80 aniversario de la muerte de Miguel Fleta, que comenz\u00f3 ya el pasado a\u00f1o con las actuaciones de dos de las mayores figuras de la l\u00edrica contempor\u00e1nea: el tenor barcelon\u00e9s Jos\u00e9 Bros y el estadounidense Gregory Kunde, ambos aclamados en los principales escenarios de todo el mundo y a los que se han otorgado los mayores reconocimientos del g\u00e9nero.<\/p>\n<p>Coincidiendo con esta exposici\u00f3n, la semana que viene tendr\u00e1 lugar en Zaragoza la actuaci\u00f3n de Pl\u00e1cido Domingo, con un repertorio en homenaje tambi\u00e9n a Miguel Fleta. Adem\u00e1s de la muestra, tambi\u00e9n se editar\u00e1 un libro cat\u00e1logo de la misma en colaboraci\u00f3n con Prensas Universitarias de la Universidad de Zaragoza para acercar la figura del gran tenor a todos los aragoneses. De esta forma, el Gobierno aragon\u00e9s afianza su colaboraci\u00f3n con la Asociaci\u00f3n Aragonesa de la \u00d3pera, tras el \u00e9xito del ciclo que se desarroll\u00f3 en 2016 con la figura de Pilar Lorengar como protagonista.<\/p>\n<p><strong>Fleta y Arag\u00f3n<\/strong><\/p>\n<p>La historia de Miguel Fleta, nacido el 1 de diciembre de 1897 en Albalate de Cinca (Huesca), es la de un muchacho humilde, algo tosco, noble y generoso que termin\u00f3 siendo un \u00eddolo de masas y una estrella l\u00edrica sin igual. Sus primeras notas sonaron en los campos y huertas de Albalate y Zaragoza donde trabaj\u00f3 en el campo, como criado y despu\u00e9s como mozo labrador, acarreando frutas y verduras al mercado de la Plaza zaragozana de Lanuza.<\/p>\n<p>Tras presentarse, sin \u00e9xito, a un concurso de jotas en las Fiestas del Pilar de 1917, decidi\u00f3 seguir su vocaci\u00f3n del canto y emprendi\u00f3 viaje a Barcelona, para formarse en el Conservatorio del Liceo All\u00ed conoci\u00f3 a su profesora, su mentora, amante y fiel compa\u00f1era, Luisa Pierrick. Ella le ense\u00f1\u00f3 t\u00e9cnica de canto, idiomas, comportamiento social; todo lo que el joven aragon\u00e9s necesitaba para llegar a ser Miguel Fleta.<\/p>\n<p>Su debut en Trieste en 1919 y su consagraci\u00f3n definitiva en 1922, convirtieron a Miguel en un \u00eddolo popular, admirado, jaleado, ovacionado hasta el \u00e9xtasis. Y con frecuencia sacado a hombros de los escenarios tras fren\u00e9ticos aplausos.<\/p>\n<p>Miguel Fleta no solo fue un excepcional tenor, un cantante de \u00f3pera capaz de llenar con su voz y con su nombre los principales escenario sede medio mundo. Se code\u00f3 con reyes, presidentes de rep\u00fablicas y primeros ministros, sin olvidar nunca sus or\u00edgenes humildes.<\/p>\n<p>Falleci\u00f3 en La Coru\u00f1a el 29 de mayo de 1938 y su ideal l\u00edrico fue el engrandecimiento de la \u00f3pera como arte para ponerla a disposici\u00f3n de todos los p\u00fablicos.<\/p>\n","protected":false},"excerpt":{"rendered":"<p>La vida y la excepcional trayectoria art\u00edstica de Miguel Fleta protagonizan la \u00faltima muestra del IAACC Pablo Serrano, una retrospectiva en la que a trav\u00e9s de fotograf\u00edas (muchas de ellas in\u00e9ditas), programas de mano o carteles, adem\u00e1s de discos, pel\u00edculas o documentaci\u00f3n personal se reconstruye la figura del gran tenor aragon\u00e9s para que los ciudadanos [&hellip;]<\/p>\n","protected":false},"author":1,"featured_media":980707,"comment_status":"closed","ping_status":"closed","sticky":false,"template":"","format":"standard","meta":{"footnotes":""},"categories":[1],"tags":[],"class_list":["post-980706","post","type-post","status-publish","format-standard","has-post-thumbnail","hentry","category-actualidad"],"aioseo_notices":[],"aioseo_head":"\n\t\t<!-- All in One SEO Pro 5.0.1 - aioseo.com -->\n\t<meta name=\"description\" content=\"La vida y la excepcional trayectoria art\u00edstica de Miguel Fleta protagonizan la \u00faltima muestra del IAACC Pablo Serrano, una retrospectiva en la que a trav\u00e9s de fotograf\u00edas (muchas de ellas in\u00e9ditas), programas de mano o carteles, adem\u00e1s de discos, pel\u00edculas o documentaci\u00f3n personal se reconstruye la figura del gran tenor aragon\u00e9s para que los ciudadanos\" \/>\n\t<meta name=\"robots\" content=\"max-image-preview:large\" \/>\n\t<meta name=\"author\" content=\"El Digital de Asturias\"\/>\n\t<meta name=\"google-site-verification\" content=\"UA-38556648-1\" \/>\n\t<meta name=\"msvalidate.01\" content=\"7dfe9f3f1b24437ab69f4f2559babe99\" \/>\n\t<meta name=\"keywords\" content=\"actualidad\" \/>\n\t<link rel=\"canonical\" href=\"https:\/\/www.eldigitaldeasturias.com\/noticias\/el-hombre-y-el-mito-en-el-iaacc-pablo-serrano\/\" \/>\n\t<meta name=\"generator\" content=\"All in One SEO Pro (AIOSEO) 5.0.1\" \/>\n\t\t<meta property=\"og:locale\" content=\"es_ES\" \/>\n\t\t<meta property=\"og:site_name\" content=\"El Digital de Asturias\" \/>\n\t\t<meta property=\"og:type\" content=\"article\" \/>\n\t\t<meta property=\"og:title\" content=\"\u2018El hombre y el mito\u2019, en el IAACC Pablo Serrano - El Digital de Asturias\" \/>\n\t\t<meta property=\"og:description\" content=\"La vida y la excepcional trayectoria art\u00edstica de Miguel Fleta protagonizan la \u00faltima muestra del IAACC Pablo Serrano, una retrospectiva en la que a trav\u00e9s de fotograf\u00edas (muchas de ellas in\u00e9ditas), programas de mano o carteles, adem\u00e1s de discos, pel\u00edculas o documentaci\u00f3n personal se reconstruye la figura del gran tenor aragon\u00e9s para que los ciudadanos\" \/>\n\t\t<meta property=\"og:url\" content=\"https:\/\/www.eldigitaldeasturias.com\/noticias\/el-hombre-y-el-mito-en-el-iaacc-pablo-serrano\/\" \/>\n\t\t<meta property=\"article:tag\" content=\"actualidad\" \/>\n\t\t<meta property=\"article:published_time\" content=\"2018-05-16T23:58:18+00:00\" \/>\n\t\t<meta property=\"article:modified_time\" content=\"2018-05-16T23:58:18+00:00\" \/>\n\t\t<meta property=\"article:publisher\" content=\"https:\/\/facebook.com\/eldigitaldeasturias\" \/>\n\t\t<meta name=\"twitter:card\" content=\"summary_large_image\" \/>\n\t\t<meta name=\"twitter:title\" content=\"\u2018El hombre y el mito\u2019, en el IAACC Pablo Serrano - El Digital de Asturias\" \/>\n\t\t<meta name=\"twitter:description\" content=\"La vida y la excepcional trayectoria art\u00edstica de Miguel Fleta protagonizan la \u00faltima muestra del IAACC Pablo Serrano, una retrospectiva en la que a trav\u00e9s de fotograf\u00edas (muchas de ellas in\u00e9ditas), programas de mano o carteles, adem\u00e1s de discos, pel\u00edculas o documentaci\u00f3n personal se reconstruye la figura del gran tenor aragon\u00e9s para que los ciudadanos\" \/>\n\t\t<meta name=\"twitter:image\" content=\"https:\/\/www.eldigitaldeasturias.com\/noticias\/wp-content\/uploads\/2020\/12\/EDA-1.jpg\" \/>\n\t\t<meta name=\"twitter:label1\" content=\"Escrito por\" \/>\n\t\t<meta name=\"twitter:data1\" content=\"El Digital de Asturias\" \/>\n\t\t<meta name=\"twitter:label2\" content=\"Tiempo de lectura estimado\" \/>\n\t\t<meta name=\"twitter:data2\" content=\"6 minutos\" \/>\n\t\t<script type=\"application\/ld+json\" class=\"aioseo-schema\">\n\t\t\t{\"@context\":\"https:\\\/\\\/schema.org\",\"@graph\":[{\"@type\":\"BlogPosting\",\"@id\":\"https:\\\/\\\/www.eldigitaldeasturias.com\\\/noticias\\\/el-hombre-y-el-mito-en-el-iaacc-pablo-serrano\\\/#blogposting\",\"name\":\"\\u2018El hombre y el mito\\u2019, en el IAACC Pablo Serrano - El Digital de Asturias\",\"headline\":\"\\u2018El hombre y el mito\\u2019, en el IAACC Pablo Serrano\",\"author\":{\"@id\":\"https:\\\/\\\/www.eldigitaldeasturias.com\\\/noticias\\\/author\\\/admin\\\/#author\"},\"publisher\":{\"@id\":\"https:\\\/\\\/www.eldigitaldeasturias.com\\\/noticias\\\/#organization\"},\"image\":{\"@type\":\"ImageObject\",\"url\":980707},\"datePublished\":\"2018-05-16T23:58:18+02:00\",\"dateModified\":\"2018-05-16T23:58:18+02:00\",\"inLanguage\":\"es-ES\",\"mainEntityOfPage\":{\"@id\":\"https:\\\/\\\/www.eldigitaldeasturias.com\\\/noticias\\\/el-hombre-y-el-mito-en-el-iaacc-pablo-serrano\\\/#webpage\"},\"isPartOf\":{\"@id\":\"https:\\\/\\\/www.eldigitaldeasturias.com\\\/noticias\\\/el-hombre-y-el-mito-en-el-iaacc-pablo-serrano\\\/#webpage\"},\"articleSection\":\"Actualidad\"},{\"@type\":\"BreadcrumbList\",\"@id\":\"https:\\\/\\\/www.eldigitaldeasturias.com\\\/noticias\\\/el-hombre-y-el-mito-en-el-iaacc-pablo-serrano\\\/#breadcrumblist\",\"itemListElement\":[{\"@type\":\"ListItem\",\"@id\":\"https:\\\/\\\/www.eldigitaldeasturias.com\\\/noticias#listItem\",\"position\":1,\"name\":\"Home\",\"item\":\"https:\\\/\\\/www.eldigitaldeasturias.com\\\/noticias\",\"nextItem\":{\"@type\":\"ListItem\",\"@id\":\"https:\\\/\\\/www.eldigitaldeasturias.com\\\/noticias\\\/category\\\/actualidad\\\/#listItem\",\"name\":\"Actualidad\"}},{\"@type\":\"ListItem\",\"@id\":\"https:\\\/\\\/www.eldigitaldeasturias.com\\\/noticias\\\/category\\\/actualidad\\\/#listItem\",\"position\":2,\"name\":\"Actualidad\",\"item\":\"https:\\\/\\\/www.eldigitaldeasturias.com\\\/noticias\\\/category\\\/actualidad\\\/\",\"nextItem\":{\"@type\":\"ListItem\",\"@id\":\"https:\\\/\\\/www.eldigitaldeasturias.com\\\/noticias\\\/el-hombre-y-el-mito-en-el-iaacc-pablo-serrano\\\/#listItem\",\"name\":\"\\u2018El hombre y el mito\\u2019, en el IAACC Pablo Serrano\"},\"previousItem\":{\"@type\":\"ListItem\",\"@id\":\"https:\\\/\\\/www.eldigitaldeasturias.com\\\/noticias#listItem\",\"name\":\"Home\"}},{\"@type\":\"ListItem\",\"@id\":\"https:\\\/\\\/www.eldigitaldeasturias.com\\\/noticias\\\/el-hombre-y-el-mito-en-el-iaacc-pablo-serrano\\\/#listItem\",\"position\":3,\"name\":\"\\u2018El hombre y el mito\\u2019, en el IAACC Pablo Serrano\",\"previousItem\":{\"@type\":\"ListItem\",\"@id\":\"https:\\\/\\\/www.eldigitaldeasturias.com\\\/noticias\\\/category\\\/actualidad\\\/#listItem\",\"name\":\"Actualidad\"}}]},{\"@type\":\"Organization\",\"@id\":\"https:\\\/\\\/www.eldigitaldeasturias.com\\\/noticias\\\/#organization\",\"name\":\"El Digital de Asturias\",\"description\":\"Hemeroteca\",\"url\":\"https:\\\/\\\/www.eldigitaldeasturias.com\\\/noticias\\\/\",\"email\":\"info@eldigitaldeasturias.com\",\"telephone\":\"+34652131393\",\"logo\":{\"@type\":\"ImageObject\",\"url\":\"https:\\\/\\\/www.eldigitaldeasturias.com\\\/noticias\\\/wp-content\\\/uploads\\\/2020\\\/12\\\/EDA.jpg\",\"@id\":\"https:\\\/\\\/www.eldigitaldeasturias.com\\\/noticias\\\/el-hombre-y-el-mito-en-el-iaacc-pablo-serrano\\\/#organizationLogo\"},\"image\":{\"@id\":\"https:\\\/\\\/www.eldigitaldeasturias.com\\\/noticias\\\/el-hombre-y-el-mito-en-el-iaacc-pablo-serrano\\\/#organizationLogo\"},\"sameAs\":[\"https:\\\/\\\/facebook.com\\\/eldigitaldeasturias\",\"https:\\\/\\\/www.youtube.com\\\/channel\\\/UCZP-2wLEB9Rv6erhFmqVnvg\"],\"address\":{\"@id\":\"https:\\\/\\\/www.eldigitaldeasturias.com\\\/noticias\\\/#postaladdress\",\"@type\":\"PostalAddress\",\"streetAddress\":\"san antonio 4\",\"postalCode\":\"33430\",\"addressLocality\":\"Cand\\u00e1s\",\"addressRegion\":\"Asturias\",\"addressCountry\":\"ES\"}},{\"@type\":\"Person\",\"@id\":\"https:\\\/\\\/www.eldigitaldeasturias.com\\\/noticias\\\/author\\\/admin\\\/#author\",\"url\":\"https:\\\/\\\/www.eldigitaldeasturias.com\\\/noticias\\\/author\\\/admin\\\/\",\"name\":\"El Digital de Asturias\",\"image\":{\"@type\":\"ImageObject\",\"@id\":\"https:\\\/\\\/www.eldigitaldeasturias.com\\\/noticias\\\/el-hombre-y-el-mito-en-el-iaacc-pablo-serrano\\\/#authorImage\",\"url\":\"https:\\\/\\\/secure.gravatar.com\\\/avatar\\\/df2aeffc32bcd13f8d26072ef8a91b623d677766deac7f97ca815868cd41bf5e?s=96&d=mm&r=g\",\"width\":96,\"height\":96,\"caption\":\"El Digital de Asturias\"}},{\"@type\":\"WebPage\",\"@id\":\"https:\\\/\\\/www.eldigitaldeasturias.com\\\/noticias\\\/el-hombre-y-el-mito-en-el-iaacc-pablo-serrano\\\/#webpage\",\"url\":\"https:\\\/\\\/www.eldigitaldeasturias.com\\\/noticias\\\/el-hombre-y-el-mito-en-el-iaacc-pablo-serrano\\\/\",\"name\":\"\\u2018El hombre y el mito\\u2019, en el IAACC Pablo Serrano - El Digital de Asturias\",\"description\":\"La vida y la excepcional trayectoria art\\u00edstica de Miguel Fleta protagonizan la \\u00faltima muestra del IAACC Pablo Serrano, una retrospectiva en la que a trav\\u00e9s de fotograf\\u00edas (muchas de ellas in\\u00e9ditas), programas de mano o carteles, adem\\u00e1s de discos, pel\\u00edculas o documentaci\\u00f3n personal se reconstruye la figura del gran tenor aragon\\u00e9s para que los ciudadanos\",\"inLanguage\":\"es-ES\",\"isPartOf\":{\"@id\":\"https:\\\/\\\/www.eldigitaldeasturias.com\\\/noticias\\\/#website\"},\"breadcrumb\":{\"@id\":\"https:\\\/\\\/www.eldigitaldeasturias.com\\\/noticias\\\/el-hombre-y-el-mito-en-el-iaacc-pablo-serrano\\\/#breadcrumblist\"},\"author\":{\"@id\":\"https:\\\/\\\/www.eldigitaldeasturias.com\\\/noticias\\\/author\\\/admin\\\/#author\"},\"creator\":{\"@id\":\"https:\\\/\\\/www.eldigitaldeasturias.com\\\/noticias\\\/author\\\/admin\\\/#author\"},\"image\":{\"@type\":\"ImageObject\",\"url\":980707,\"@id\":\"https:\\\/\\\/www.eldigitaldeasturias.com\\\/noticias\\\/el-hombre-y-el-mito-en-el-iaacc-pablo-serrano\\\/#mainImage\"},\"primaryImageOfPage\":{\"@id\":\"https:\\\/\\\/www.eldigitaldeasturias.com\\\/noticias\\\/el-hombre-y-el-mito-en-el-iaacc-pablo-serrano\\\/#mainImage\"},\"datePublished\":\"2018-05-16T23:58:18+02:00\",\"dateModified\":\"2018-05-16T23:58:18+02:00\"},{\"@type\":\"WebSite\",\"@id\":\"https:\\\/\\\/www.eldigitaldeasturias.com\\\/noticias\\\/#website\",\"url\":\"https:\\\/\\\/www.eldigitaldeasturias.com\\\/noticias\\\/\",\"name\":\"El Digital de Asturias - Diario de actualidad y noticias\",\"alternateName\":\"El Digital de Asturias - Diario de actualidad y noticias\",\"description\":\"Hemeroteca\",\"inLanguage\":\"es-ES\",\"publisher\":{\"@id\":\"https:\\\/\\\/www.eldigitaldeasturias.com\\\/noticias\\\/#organization\"}}]}\n\t\t<\/script>\n\t\t<!-- All in One SEO Pro -->\r\n\t\t<title>\u2018El hombre y el mito\u2019, en el IAACC Pablo Serrano - El Digital de Asturias<\/title>\n\n","aioseo_head_json":{"title":"\u2018El hombre y el mito\u2019, en el IAACC Pablo Serrano - El Digital de Asturias","description":"La vida y la excepcional trayectoria art\u00edstica de Miguel Fleta protagonizan la \u00faltima muestra del IAACC Pablo Serrano, una retrospectiva en la que a trav\u00e9s de fotograf\u00edas (muchas de ellas in\u00e9ditas), programas de mano o carteles, adem\u00e1s de discos, pel\u00edculas o documentaci\u00f3n personal se reconstruye la figura del gran tenor aragon\u00e9s para que los ciudadanos","canonical_url":"https:\/\/www.eldigitaldeasturias.com\/noticias\/el-hombre-y-el-mito-en-el-iaacc-pablo-serrano\/","robots":"max-image-preview:large","keywords":"actualidad","webmasterTools":{"google-site-verification":"UA-38556648-1","msvalidate.01":"7dfe9f3f1b24437ab69f4f2559babe99","miscellaneous":""},"schema":{"@context":"https:\/\/schema.org","@graph":[{"@type":"BlogPosting","@id":"https:\/\/www.eldigitaldeasturias.com\/noticias\/el-hombre-y-el-mito-en-el-iaacc-pablo-serrano\/#blogposting","name":"\u2018El hombre y el mito\u2019, en el IAACC Pablo Serrano - El Digital de Asturias","headline":"\u2018El hombre y el mito\u2019, en el IAACC Pablo Serrano","author":{"@id":"https:\/\/www.eldigitaldeasturias.com\/noticias\/author\/admin\/#author"},"publisher":{"@id":"https:\/\/www.eldigitaldeasturias.com\/noticias\/#organization"},"image":{"@type":"ImageObject","url":980707},"datePublished":"2018-05-16T23:58:18+02:00","dateModified":"2018-05-16T23:58:18+02:00","inLanguage":"es-ES","mainEntityOfPage":{"@id":"https:\/\/www.eldigitaldeasturias.com\/noticias\/el-hombre-y-el-mito-en-el-iaacc-pablo-serrano\/#webpage"},"isPartOf":{"@id":"https:\/\/www.eldigitaldeasturias.com\/noticias\/el-hombre-y-el-mito-en-el-iaacc-pablo-serrano\/#webpage"},"articleSection":"Actualidad"},{"@type":"BreadcrumbList","@id":"https:\/\/www.eldigitaldeasturias.com\/noticias\/el-hombre-y-el-mito-en-el-iaacc-pablo-serrano\/#breadcrumblist","itemListElement":[{"@type":"ListItem","@id":"https:\/\/www.eldigitaldeasturias.com\/noticias#listItem","position":1,"name":"Home","item":"https:\/\/www.eldigitaldeasturias.com\/noticias","nextItem":{"@type":"ListItem","@id":"https:\/\/www.eldigitaldeasturias.com\/noticias\/category\/actualidad\/#listItem","name":"Actualidad"}},{"@type":"ListItem","@id":"https:\/\/www.eldigitaldeasturias.com\/noticias\/category\/actualidad\/#listItem","position":2,"name":"Actualidad","item":"https:\/\/www.eldigitaldeasturias.com\/noticias\/category\/actualidad\/","nextItem":{"@type":"ListItem","@id":"https:\/\/www.eldigitaldeasturias.com\/noticias\/el-hombre-y-el-mito-en-el-iaacc-pablo-serrano\/#listItem","name":"\u2018El hombre y el mito\u2019, en el IAACC Pablo Serrano"},"previousItem":{"@type":"ListItem","@id":"https:\/\/www.eldigitaldeasturias.com\/noticias#listItem","name":"Home"}},{"@type":"ListItem","@id":"https:\/\/www.eldigitaldeasturias.com\/noticias\/el-hombre-y-el-mito-en-el-iaacc-pablo-serrano\/#listItem","position":3,"name":"\u2018El hombre y el mito\u2019, en el IAACC Pablo Serrano","previousItem":{"@type":"ListItem","@id":"https:\/\/www.eldigitaldeasturias.com\/noticias\/category\/actualidad\/#listItem","name":"Actualidad"}}]},{"@type":"Organization","@id":"https:\/\/www.eldigitaldeasturias.com\/noticias\/#organization","name":"El Digital de Asturias","description":"Hemeroteca","url":"https:\/\/www.eldigitaldeasturias.com\/noticias\/","email":"info@eldigitaldeasturias.com","telephone":"+34652131393","logo":{"@type":"ImageObject","url":"https:\/\/www.eldigitaldeasturias.com\/noticias\/wp-content\/uploads\/2020\/12\/EDA.jpg","@id":"https:\/\/www.eldigitaldeasturias.com\/noticias\/el-hombre-y-el-mito-en-el-iaacc-pablo-serrano\/#organizationLogo"},"image":{"@id":"https:\/\/www.eldigitaldeasturias.com\/noticias\/el-hombre-y-el-mito-en-el-iaacc-pablo-serrano\/#organizationLogo"},"sameAs":["https:\/\/facebook.com\/eldigitaldeasturias","https:\/\/www.youtube.com\/channel\/UCZP-2wLEB9Rv6erhFmqVnvg"],"address":{"@id":"https:\/\/www.eldigitaldeasturias.com\/noticias\/#postaladdress","@type":"PostalAddress","streetAddress":"san antonio 4","postalCode":"33430","addressLocality":"Cand\u00e1s","addressRegion":"Asturias","addressCountry":"ES"}},{"@type":"Person","@id":"https:\/\/www.eldigitaldeasturias.com\/noticias\/author\/admin\/#author","url":"https:\/\/www.eldigitaldeasturias.com\/noticias\/author\/admin\/","name":"El Digital de Asturias","image":{"@type":"ImageObject","@id":"https:\/\/www.eldigitaldeasturias.com\/noticias\/el-hombre-y-el-mito-en-el-iaacc-pablo-serrano\/#authorImage","url":"https:\/\/secure.gravatar.com\/avatar\/df2aeffc32bcd13f8d26072ef8a91b623d677766deac7f97ca815868cd41bf5e?s=96&d=mm&r=g","width":96,"height":96,"caption":"El Digital de Asturias"}},{"@type":"WebPage","@id":"https:\/\/www.eldigitaldeasturias.com\/noticias\/el-hombre-y-el-mito-en-el-iaacc-pablo-serrano\/#webpage","url":"https:\/\/www.eldigitaldeasturias.com\/noticias\/el-hombre-y-el-mito-en-el-iaacc-pablo-serrano\/","name":"\u2018El hombre y el mito\u2019, en el IAACC Pablo Serrano - El Digital de Asturias","description":"La vida y la excepcional trayectoria art\u00edstica de Miguel Fleta protagonizan la \u00faltima muestra del IAACC Pablo Serrano, una retrospectiva en la que a trav\u00e9s de fotograf\u00edas (muchas de ellas in\u00e9ditas), programas de mano o carteles, adem\u00e1s de discos, pel\u00edculas o documentaci\u00f3n personal se reconstruye la figura del gran tenor aragon\u00e9s para que los ciudadanos","inLanguage":"es-ES","isPartOf":{"@id":"https:\/\/www.eldigitaldeasturias.com\/noticias\/#website"},"breadcrumb":{"@id":"https:\/\/www.eldigitaldeasturias.com\/noticias\/el-hombre-y-el-mito-en-el-iaacc-pablo-serrano\/#breadcrumblist"},"author":{"@id":"https:\/\/www.eldigitaldeasturias.com\/noticias\/author\/admin\/#author"},"creator":{"@id":"https:\/\/www.eldigitaldeasturias.com\/noticias\/author\/admin\/#author"},"image":{"@type":"ImageObject","url":980707,"@id":"https:\/\/www.eldigitaldeasturias.com\/noticias\/el-hombre-y-el-mito-en-el-iaacc-pablo-serrano\/#mainImage"},"primaryImageOfPage":{"@id":"https:\/\/www.eldigitaldeasturias.com\/noticias\/el-hombre-y-el-mito-en-el-iaacc-pablo-serrano\/#mainImage"},"datePublished":"2018-05-16T23:58:18+02:00","dateModified":"2018-05-16T23:58:18+02:00"},{"@type":"WebSite","@id":"https:\/\/www.eldigitaldeasturias.com\/noticias\/#website","url":"https:\/\/www.eldigitaldeasturias.com\/noticias\/","name":"El Digital de Asturias - Diario de actualidad y noticias","alternateName":"El Digital de Asturias - Diario de actualidad y noticias","description":"Hemeroteca","inLanguage":"es-ES","publisher":{"@id":"https:\/\/www.eldigitaldeasturias.com\/noticias\/#organization"}}]},"og:locale":"es_ES","og:site_name":"El Digital de Asturias","og:type":"article","og:title":"\u2018El hombre y el mito\u2019, en el IAACC Pablo Serrano - El Digital de Asturias","og:description":"La vida y la excepcional trayectoria art\u00edstica de Miguel Fleta protagonizan la \u00faltima muestra del IAACC Pablo Serrano, una retrospectiva en la que a trav\u00e9s de fotograf\u00edas (muchas de ellas in\u00e9ditas), programas de mano o carteles, adem\u00e1s de discos, pel\u00edculas o documentaci\u00f3n personal se reconstruye la figura del gran tenor aragon\u00e9s para que los ciudadanos","og:url":"https:\/\/www.eldigitaldeasturias.com\/noticias\/el-hombre-y-el-mito-en-el-iaacc-pablo-serrano\/","article:tag":["actualidad"],"article:published_time":"2018-05-16T23:58:18+00:00","article:modified_time":"2018-05-16T23:58:18+00:00","article:publisher":"https:\/\/facebook.com\/eldigitaldeasturias","twitter:card":"summary_large_image","twitter:title":"\u2018El hombre y el mito\u2019, en el IAACC Pablo Serrano - El Digital de Asturias","twitter:description":"La vida y la excepcional trayectoria art\u00edstica de Miguel Fleta protagonizan la \u00faltima muestra del IAACC Pablo Serrano, una retrospectiva en la que a trav\u00e9s de fotograf\u00edas (muchas de ellas in\u00e9ditas), programas de mano o carteles, adem\u00e1s de discos, pel\u00edculas o documentaci\u00f3n personal se reconstruye la figura del gran tenor aragon\u00e9s para que los ciudadanos","twitter:image":"https:\/\/www.eldigitaldeasturias.com\/noticias\/wp-content\/uploads\/2020\/12\/EDA-1.jpg","twitter:label1":"Escrito por","twitter:data1":"El Digital de Asturias","twitter:label2":"Tiempo de lectura estimado","twitter:data2":"6 minutos"},"aioseo_meta_data":{"post_id":"980706","title":null,"description":null,"keywords":null,"keyphrases":null,"primary_term":null,"canonical_url":null,"og_title":null,"og_description":null,"og_object_type":"default","og_image_type":"default","og_image_url":null,"og_image_width":null,"og_image_height":null,"og_image_custom_url":null,"og_image_custom_fields":null,"og_video":null,"og_custom_url":null,"og_article_section":null,"og_article_tags":null,"twitter_use_og":false,"twitter_card":"default","twitter_image_type":"default","twitter_image_url":null,"twitter_image_custom_url":null,"twitter_image_custom_fields":null,"twitter_title":null,"twitter_description":null,"schema":{"blockGraphs":[],"customGraphs":[],"default":{"data":{"Article":[],"Course":[],"Dataset":[],"FAQPage":[],"Movie":[],"Person":[],"Product":[],"ProductReview":[],"Car":[],"Recipe":[],"Service":[],"SoftwareApplication":[],"WebPage":[]},"graphName":"","isEnabled":true},"graphs":[]},"schema_type":null,"schema_type_options":null,"pillar_content":false,"robots_default":true,"robots_noindex":false,"robots_noarchive":false,"robots_nosnippet":false,"robots_nofollow":false,"robots_noimageindex":false,"robots_noodp":false,"robots_notranslate":false,"robots_max_snippet":null,"robots_max_videopreview":null,"robots_max_imagepreview":"large","priority":null,"frequency":null,"local_seo":null,"seo_analyzer_scan_date":"2025-10-08 18:52:05","breadcrumb_settings":null,"limit_modified_date":false,"open_ai":null,"ai":null,"created":"2020-12-21 11:56:37","updated":"2025-10-08 18:52:05","focus_keyword":null,"additional_keywords":null,"truseo_locale":null},"aioseo_breadcrumb":"<div class=\"aioseo-breadcrumbs\"><span class=\"aioseo-breadcrumb\">\n\t<a href=\"https:\/\/www.eldigitaldeasturias.com\/noticias\" title=\"Home\">Home<\/a>\n<\/span><span class=\"aioseo-breadcrumb-separator\">\u2013<\/span><span class=\"aioseo-breadcrumb\">\n\t<a href=\"https:\/\/www.eldigitaldeasturias.com\/noticias\/category\/actualidad\/\" title=\"Actualidad\">Actualidad<\/a>\n<\/span><span class=\"aioseo-breadcrumb-separator\">\u2013<\/span><span class=\"aioseo-breadcrumb\">\n\t<a href=\"https:\/\/www.eldigitaldeasturias.com\/noticias\/el-hombre-y-el-mito-en-el-iaacc-pablo-serrano\/\" title=\"\u2018El hombre y el mito\u2019, en el IAACC Pablo Serrano\">\u2018El hombre y el mito\u2019, en el IAACC Pablo Serrano<\/a>\n<\/span><\/div>","aioseo_breadcrumb_json":[{"label":"Home","link":"https:\/\/www.eldigitaldeasturias.com\/noticias"},{"label":"Actualidad","link":"https:\/\/www.eldigitaldeasturias.com\/noticias\/category\/actualidad\/"},{"label":"\u2018El hombre y el mito\u2019, en el IAACC Pablo Serrano","link":"https:\/\/www.eldigitaldeasturias.com\/noticias\/el-hombre-y-el-mito-en-el-iaacc-pablo-serrano\/"}],"_links":{"self":[{"href":"https:\/\/www.eldigitaldeasturias.com\/noticias\/wp-json\/wp\/v2\/posts\/980706","targetHints":{"allow":["GET"]}}],"collection":[{"href":"https:\/\/www.eldigitaldeasturias.com\/noticias\/wp-json\/wp\/v2\/posts"}],"about":[{"href":"https:\/\/www.eldigitaldeasturias.com\/noticias\/wp-json\/wp\/v2\/types\/post"}],"author":[{"embeddable":true,"href":"https:\/\/www.eldigitaldeasturias.com\/noticias\/wp-json\/wp\/v2\/users\/1"}],"replies":[{"embeddable":true,"href":"https:\/\/www.eldigitaldeasturias.com\/noticias\/wp-json\/wp\/v2\/comments?post=980706"}],"version-history":[{"count":0,"href":"https:\/\/www.eldigitaldeasturias.com\/noticias\/wp-json\/wp\/v2\/posts\/980706\/revisions"}],"wp:attachment":[{"href":"https:\/\/www.eldigitaldeasturias.com\/noticias\/wp-json\/wp\/v2\/media?parent=980706"}],"wp:term":[{"taxonomy":"category","embeddable":true,"href":"https:\/\/www.eldigitaldeasturias.com\/noticias\/wp-json\/wp\/v2\/categories?post=980706"},{"taxonomy":"post_tag","embeddable":true,"href":"https:\/\/www.eldigitaldeasturias.com\/noticias\/wp-json\/wp\/v2\/tags?post=980706"}],"curies":[{"name":"wp","href":"https:\/\/api.w.org\/{rel}","templated":true}]}}