{"id":980699,"date":"2018-05-16T23:47:54","date_gmt":"2018-05-16T23:47:54","guid":{"rendered":"http:\/\/www.eldigitaldeasturias.com\/noticias\/?p=980699"},"modified":"2018-05-16T23:47:54","modified_gmt":"2018-05-16T23:47:54","slug":"al-sader-formara-gobierno-de-tecnocratas-para-combatir-la-corrupcion","status":"publish","type":"post","link":"https:\/\/www.eldigitaldeasturias.com\/noticias\/al-sader-formara-gobierno-de-tecnocratas-para-combatir-la-corrupcion\/","title":{"rendered":"Al Sader formar\u00e1 Gobierno de tecn\u00f3cratas para combatir la corrupci\u00f3n"},"content":{"rendered":"<p><img loading=\"lazy\" decoding=\"async\" class=\"alignleft size-medium wp-image-980700\" src=\"https:\/\/www.eldigitaldeasturias.com\/noticias\/wp-content\/uploads\/2018\/05\/iraq-1151146_960_720-360x240.jpg\" alt=\"\" width=\"360\" height=\"240\" \/>Bagdad, 16 may (dpa) &#8211; El influyente cl\u00e9rigico chiita Muktada al Sader, virtual vencedor de las elecciones parlamentarias celebradas el pasado s\u00e1bado en Irak, anunci\u00f3 hoy la intenci\u00f3n de formar un Gobierno de tecn\u00f3cratas para combatir la corrupci\u00f3n en el pa\u00eds.<\/p>\n<p>Al Sader dijo en Twitter que su Gobierno ser\u00e1 \u00abuna puerta para la subsistencia del pueblo y estar\u00e1 fuera del alcance del robo de los partidos\u00bb.<\/p>\n<p>\u00abInvito a los l\u00edderes de las nuevas alianzas a encontrarse, mi puerta est\u00e1 abierta y mi mano extendida para construir nuestro Irak y formar un Gobierno tecnocr\u00e1tico, justo e inclusivo\u00bb, tuite\u00f3 Al Sader.<\/p>\n<p>Seg\u00fan los resultados provisionales del escrutinio, la lista de Al Sader, Sairun (Marchamos), lleva sorpresivamente la delantera, al haber logrado el mayor n\u00famero de votos en seis de las 18 provincias, entre ellas la capital, Bagdad.<\/p>\n<p>Aunque la Comisi\u00f3n Electoral a\u00fan no ha dado a conocer el resultado definitivo de la votaci\u00f3n, el primer ministro iraqu\u00ed, Haidar al Abadi, ya hab\u00eda felicitado el martes a Al Sader por su victoria electoral.<\/p>\n<p>Los iraqu\u00edes acudieron a las urnas el s\u00e1bado para elegir a los 329 miembros del Parlamento, en la cuarta elecci\u00f3n legislativa desde la invasi\u00f3n de Estados Unidos en 2003 que buscaba derrocar a Saddam Hussein.<\/p>\n<p>Asimismo, fueron los primeros comicios desde que Irak declar\u00f3 su victoria frente a la milicia terrorista Estado Isl\u00e1mico (EI) a fines del a\u00f1o pasado.<\/p>\n<p>En la norte\u00f1a provincia de Kirkuk, rica en petr\u00f3leo y donde kurdos y \u00e1rabes se disputan el poder, hombres armados tomaron de rehenes a empleados encargados del proceso electoral.<\/p>\n<p>\u00abBandos pol\u00edticos han ejercido presi\u00f3n sobre nuestros tabajadores en Kirkuk\u00bb, dijo hoy Riad al Badran, titular de la comisi\u00f3n electoral iraqu\u00ed, en una conferencia de prensa en Bagdad. A\u00fan no se enviaron los resultados de 186 centros de votaci\u00f3n desde esa provincia.<\/p>\n<p>Los resultados son un golpe para Al Abadi, que esperaba un triunfo que le permitiera continuar en el Gobierno por un segundo mandato. Su partido s\u00f3lo consigui\u00f3 liderar la votaci\u00f3n en una provincia.<\/p>\n<p>\u00abLos resultados preliminares representan un duro rev\u00e9s para el actual primer ministro\u00bb, se\u00f1al\u00f3 Ahmad Majidyar, analista del Middle East Institute, con sede en Washington.<\/p>\n<p>La extendida corrupci\u00f3n en Irak fue uno de los principales temas de la campa\u00f1a del cl\u00e9rigo chiita y uno de los factores decisivos para que muchos iraqu\u00edes no acudieran a votar, por lo que la participaci\u00f3n electoral cay\u00f3 a un m\u00ednimo hist\u00f3rico.<\/p>\n<p>Un 44,5 por ciento de los votantes emiti\u00f3 su voto, dijo la comisi\u00f3n electoral, una cifra m\u00e1s baja que el 60 por ciento registrado en 2014.<\/p>\n<p>Al Sader no quiere repartir los puestos ministeriales entre los principales partidos, seg\u00fan un sistema proporcional no oficial, porque se considera que esta pr\u00e1ctica es una de las causas de la corrupci\u00f3n.<\/p>\n<p>Sin embargo, para formar Gobierno, Al Sader tiene que buscar socios. Las negociaciones ya han comenzado entre bastidores en Bagdad. Como uno de los posibles socios del futuro jefe de Gobierno se menciona al primer ministro en funciones, Al Abadi.<\/p>\n<p>Es improbable que una sola alianza electoral asegure suficientes esca\u00f1os para formar Gobierno. Luego de que difundan los resultados finales, se espera que los diferentes bloques negocien un Gobierno compartido. El bloque mayoritario ser\u00e1 el encargado de formar Gobierno.<\/p>\n<p>Al Abadi \u00abtodav\u00eda podr\u00eda aparecer como un candidato de consenso para liderar un Gobierno de coalici\u00f3n, pero su d\u00e9bil desempe\u00f1o en la elecci\u00f3n significa que tendr\u00e1 que hablar con sus rivales, hacer concesiones dolorosas y comprometerse con su plataforma electoral\u00bb, agreg\u00f3 Majidyar.<\/p>\n<p>Adem\u00e1s, la falta de un claro ganador \u00absignifica que cualquier futuro Gobierno iraqu\u00ed ser\u00e1 formado en un suelo inestable y tendr\u00e1 dificultades de sostenerse por s\u00ed mismo y gobernar efectivamente\u00bb, concluy\u00f3 el analista.<\/p>\n","protected":false},"excerpt":{"rendered":"<p>Bagdad, 16 may (dpa) &#8211; El influyente cl\u00e9rigico chiita Muktada al Sader, virtual vencedor de las elecciones parlamentarias celebradas el pasado s\u00e1bado en Irak, anunci\u00f3 hoy la intenci\u00f3n de formar un Gobierno de tecn\u00f3cratas para combatir la corrupci\u00f3n en el pa\u00eds. Al Sader dijo en Twitter que su Gobierno ser\u00e1 \u00abuna puerta para la subsistencia [&hellip;]<\/p>\n","protected":false},"author":1,"featured_media":980700,"comment_status":"closed","ping_status":"closed","sticky":false,"template":"","format":"standard","meta":{"footnotes":""},"categories":[1],"tags":[],"class_list":["post-980699","post","type-post","status-publish","format-standard","has-post-thumbnail","hentry","category-actualidad"],"aioseo_notices":[],"aioseo_head":"\n\t\t<!-- All in One SEO Pro 5.0.1 - aioseo.com -->\n\t<meta name=\"description\" content=\"Bagdad, 16 may (dpa) - El influyente cl\u00e9rigico chiita Muktada al Sader, virtual vencedor de las elecciones parlamentarias celebradas el pasado s\u00e1bado en Irak, anunci\u00f3 hoy la intenci\u00f3n de formar un Gobierno de tecn\u00f3cratas para combatir la corrupci\u00f3n en el pa\u00eds. Al Sader dijo en Twitter que su Gobierno ser\u00e1 &quot;una puerta para la subsistencia\" \/>\n\t<meta name=\"robots\" content=\"max-image-preview:large\" \/>\n\t<meta name=\"author\" content=\"El Digital de Asturias\"\/>\n\t<meta name=\"google-site-verification\" content=\"UA-38556648-1\" \/>\n\t<meta name=\"msvalidate.01\" content=\"7dfe9f3f1b24437ab69f4f2559babe99\" \/>\n\t<meta name=\"keywords\" content=\"actualidad\" \/>\n\t<link rel=\"canonical\" href=\"https:\/\/www.eldigitaldeasturias.com\/noticias\/al-sader-formara-gobierno-de-tecnocratas-para-combatir-la-corrupcion\/\" \/>\n\t<meta name=\"generator\" content=\"All in One SEO Pro (AIOSEO) 5.0.1\" \/>\n\t\t<meta property=\"og:locale\" content=\"es_ES\" \/>\n\t\t<meta property=\"og:site_name\" content=\"El Digital de Asturias\" \/>\n\t\t<meta property=\"og:type\" content=\"article\" \/>\n\t\t<meta property=\"og:title\" content=\"Al Sader formar\u00e1 Gobierno de tecn\u00f3cratas para combatir la corrupci\u00f3n - El Digital de Asturias\" \/>\n\t\t<meta property=\"og:description\" content=\"Bagdad, 16 may (dpa) - El influyente cl\u00e9rigico chiita Muktada al Sader, virtual vencedor de las elecciones parlamentarias celebradas el pasado s\u00e1bado en Irak, anunci\u00f3 hoy la intenci\u00f3n de formar un Gobierno de tecn\u00f3cratas para combatir la corrupci\u00f3n en el pa\u00eds. Al Sader dijo en Twitter que su Gobierno ser\u00e1 &quot;una puerta para la subsistencia\" \/>\n\t\t<meta property=\"og:url\" content=\"https:\/\/www.eldigitaldeasturias.com\/noticias\/al-sader-formara-gobierno-de-tecnocratas-para-combatir-la-corrupcion\/\" \/>\n\t\t<meta property=\"article:tag\" content=\"actualidad\" \/>\n\t\t<meta property=\"article:published_time\" content=\"2018-05-16T23:47:54+00:00\" \/>\n\t\t<meta property=\"article:modified_time\" content=\"2018-05-16T23:47:54+00:00\" \/>\n\t\t<meta property=\"article:publisher\" content=\"https:\/\/facebook.com\/eldigitaldeasturias\" \/>\n\t\t<meta name=\"twitter:card\" content=\"summary_large_image\" \/>\n\t\t<meta name=\"twitter:title\" content=\"Al Sader formar\u00e1 Gobierno de tecn\u00f3cratas para combatir la corrupci\u00f3n - El Digital de Asturias\" \/>\n\t\t<meta name=\"twitter:description\" content=\"Bagdad, 16 may (dpa) - El influyente cl\u00e9rigico chiita Muktada al Sader, virtual vencedor de las elecciones parlamentarias celebradas el pasado s\u00e1bado en Irak, anunci\u00f3 hoy la intenci\u00f3n de formar un Gobierno de tecn\u00f3cratas para combatir la corrupci\u00f3n en el pa\u00eds. Al Sader dijo en Twitter que su Gobierno ser\u00e1 &quot;una puerta para la subsistencia\" \/>\n\t\t<meta name=\"twitter:image\" content=\"https:\/\/www.eldigitaldeasturias.com\/noticias\/wp-content\/uploads\/2020\/12\/EDA-1.jpg\" \/>\n\t\t<meta name=\"twitter:label1\" content=\"Escrito por\" \/>\n\t\t<meta name=\"twitter:data1\" content=\"El Digital de Asturias\" \/>\n\t\t<meta name=\"twitter:label2\" content=\"Tiempo de lectura estimado\" \/>\n\t\t<meta name=\"twitter:data2\" content=\"3 minutos\" \/>\n\t\t<script type=\"application\/ld+json\" class=\"aioseo-schema\">\n\t\t\t{\"@context\":\"https:\\\/\\\/schema.org\",\"@graph\":[{\"@type\":\"BlogPosting\",\"@id\":\"https:\\\/\\\/www.eldigitaldeasturias.com\\\/noticias\\\/al-sader-formara-gobierno-de-tecnocratas-para-combatir-la-corrupcion\\\/#blogposting\",\"name\":\"Al Sader formar\\u00e1 Gobierno de tecn\\u00f3cratas para combatir la corrupci\\u00f3n - El Digital de Asturias\",\"headline\":\"Al Sader formar\\u00e1 Gobierno de tecn\\u00f3cratas para combatir la corrupci\\u00f3n\",\"author\":{\"@id\":\"https:\\\/\\\/www.eldigitaldeasturias.com\\\/noticias\\\/author\\\/admin\\\/#author\"},\"publisher\":{\"@id\":\"https:\\\/\\\/www.eldigitaldeasturias.com\\\/noticias\\\/#organization\"},\"image\":{\"@type\":\"ImageObject\",\"url\":980700},\"datePublished\":\"2018-05-16T23:47:54+02:00\",\"dateModified\":\"2018-05-16T23:47:54+02:00\",\"inLanguage\":\"es-ES\",\"mainEntityOfPage\":{\"@id\":\"https:\\\/\\\/www.eldigitaldeasturias.com\\\/noticias\\\/al-sader-formara-gobierno-de-tecnocratas-para-combatir-la-corrupcion\\\/#webpage\"},\"isPartOf\":{\"@id\":\"https:\\\/\\\/www.eldigitaldeasturias.com\\\/noticias\\\/al-sader-formara-gobierno-de-tecnocratas-para-combatir-la-corrupcion\\\/#webpage\"},\"articleSection\":\"Actualidad\"},{\"@type\":\"BreadcrumbList\",\"@id\":\"https:\\\/\\\/www.eldigitaldeasturias.com\\\/noticias\\\/al-sader-formara-gobierno-de-tecnocratas-para-combatir-la-corrupcion\\\/#breadcrumblist\",\"itemListElement\":[{\"@type\":\"ListItem\",\"@id\":\"https:\\\/\\\/www.eldigitaldeasturias.com\\\/noticias#listItem\",\"position\":1,\"name\":\"Home\",\"item\":\"https:\\\/\\\/www.eldigitaldeasturias.com\\\/noticias\",\"nextItem\":{\"@type\":\"ListItem\",\"@id\":\"https:\\\/\\\/www.eldigitaldeasturias.com\\\/noticias\\\/category\\\/actualidad\\\/#listItem\",\"name\":\"Actualidad\"}},{\"@type\":\"ListItem\",\"@id\":\"https:\\\/\\\/www.eldigitaldeasturias.com\\\/noticias\\\/category\\\/actualidad\\\/#listItem\",\"position\":2,\"name\":\"Actualidad\",\"item\":\"https:\\\/\\\/www.eldigitaldeasturias.com\\\/noticias\\\/category\\\/actualidad\\\/\",\"nextItem\":{\"@type\":\"ListItem\",\"@id\":\"https:\\\/\\\/www.eldigitaldeasturias.com\\\/noticias\\\/al-sader-formara-gobierno-de-tecnocratas-para-combatir-la-corrupcion\\\/#listItem\",\"name\":\"Al Sader formar\\u00e1 Gobierno de tecn\\u00f3cratas para combatir la corrupci\\u00f3n\"},\"previousItem\":{\"@type\":\"ListItem\",\"@id\":\"https:\\\/\\\/www.eldigitaldeasturias.com\\\/noticias#listItem\",\"name\":\"Home\"}},{\"@type\":\"ListItem\",\"@id\":\"https:\\\/\\\/www.eldigitaldeasturias.com\\\/noticias\\\/al-sader-formara-gobierno-de-tecnocratas-para-combatir-la-corrupcion\\\/#listItem\",\"position\":3,\"name\":\"Al Sader formar\\u00e1 Gobierno de tecn\\u00f3cratas para combatir la corrupci\\u00f3n\",\"previousItem\":{\"@type\":\"ListItem\",\"@id\":\"https:\\\/\\\/www.eldigitaldeasturias.com\\\/noticias\\\/category\\\/actualidad\\\/#listItem\",\"name\":\"Actualidad\"}}]},{\"@type\":\"Organization\",\"@id\":\"https:\\\/\\\/www.eldigitaldeasturias.com\\\/noticias\\\/#organization\",\"name\":\"El Digital de Asturias\",\"description\":\"Hemeroteca\",\"url\":\"https:\\\/\\\/www.eldigitaldeasturias.com\\\/noticias\\\/\",\"email\":\"info@eldigitaldeasturias.com\",\"telephone\":\"+34652131393\",\"logo\":{\"@type\":\"ImageObject\",\"url\":\"https:\\\/\\\/www.eldigitaldeasturias.com\\\/noticias\\\/wp-content\\\/uploads\\\/2020\\\/12\\\/EDA.jpg\",\"@id\":\"https:\\\/\\\/www.eldigitaldeasturias.com\\\/noticias\\\/al-sader-formara-gobierno-de-tecnocratas-para-combatir-la-corrupcion\\\/#organizationLogo\"},\"image\":{\"@id\":\"https:\\\/\\\/www.eldigitaldeasturias.com\\\/noticias\\\/al-sader-formara-gobierno-de-tecnocratas-para-combatir-la-corrupcion\\\/#organizationLogo\"},\"sameAs\":[\"https:\\\/\\\/facebook.com\\\/eldigitaldeasturias\",\"https:\\\/\\\/www.youtube.com\\\/channel\\\/UCZP-2wLEB9Rv6erhFmqVnvg\"],\"address\":{\"@id\":\"https:\\\/\\\/www.eldigitaldeasturias.com\\\/noticias\\\/#postaladdress\",\"@type\":\"PostalAddress\",\"streetAddress\":\"san antonio 4\",\"postalCode\":\"33430\",\"addressLocality\":\"Cand\\u00e1s\",\"addressRegion\":\"Asturias\",\"addressCountry\":\"ES\"}},{\"@type\":\"Person\",\"@id\":\"https:\\\/\\\/www.eldigitaldeasturias.com\\\/noticias\\\/author\\\/admin\\\/#author\",\"url\":\"https:\\\/\\\/www.eldigitaldeasturias.com\\\/noticias\\\/author\\\/admin\\\/\",\"name\":\"El Digital de Asturias\",\"image\":{\"@type\":\"ImageObject\",\"@id\":\"https:\\\/\\\/www.eldigitaldeasturias.com\\\/noticias\\\/al-sader-formara-gobierno-de-tecnocratas-para-combatir-la-corrupcion\\\/#authorImage\",\"url\":\"https:\\\/\\\/secure.gravatar.com\\\/avatar\\\/df2aeffc32bcd13f8d26072ef8a91b623d677766deac7f97ca815868cd41bf5e?s=96&d=mm&r=g\",\"width\":96,\"height\":96,\"caption\":\"El Digital de Asturias\"}},{\"@type\":\"WebPage\",\"@id\":\"https:\\\/\\\/www.eldigitaldeasturias.com\\\/noticias\\\/al-sader-formara-gobierno-de-tecnocratas-para-combatir-la-corrupcion\\\/#webpage\",\"url\":\"https:\\\/\\\/www.eldigitaldeasturias.com\\\/noticias\\\/al-sader-formara-gobierno-de-tecnocratas-para-combatir-la-corrupcion\\\/\",\"name\":\"Al Sader formar\\u00e1 Gobierno de tecn\\u00f3cratas para combatir la corrupci\\u00f3n - El Digital de Asturias\",\"description\":\"Bagdad, 16 may (dpa) - El influyente cl\\u00e9rigico chiita Muktada al Sader, virtual vencedor de las elecciones parlamentarias celebradas el pasado s\\u00e1bado en Irak, anunci\\u00f3 hoy la intenci\\u00f3n de formar un Gobierno de tecn\\u00f3cratas para combatir la corrupci\\u00f3n en el pa\\u00eds. Al Sader dijo en Twitter que su Gobierno ser\\u00e1 \\\"una puerta para la subsistencia\",\"inLanguage\":\"es-ES\",\"isPartOf\":{\"@id\":\"https:\\\/\\\/www.eldigitaldeasturias.com\\\/noticias\\\/#website\"},\"breadcrumb\":{\"@id\":\"https:\\\/\\\/www.eldigitaldeasturias.com\\\/noticias\\\/al-sader-formara-gobierno-de-tecnocratas-para-combatir-la-corrupcion\\\/#breadcrumblist\"},\"author\":{\"@id\":\"https:\\\/\\\/www.eldigitaldeasturias.com\\\/noticias\\\/author\\\/admin\\\/#author\"},\"creator\":{\"@id\":\"https:\\\/\\\/www.eldigitaldeasturias.com\\\/noticias\\\/author\\\/admin\\\/#author\"},\"image\":{\"@type\":\"ImageObject\",\"url\":980700,\"@id\":\"https:\\\/\\\/www.eldigitaldeasturias.com\\\/noticias\\\/al-sader-formara-gobierno-de-tecnocratas-para-combatir-la-corrupcion\\\/#mainImage\"},\"primaryImageOfPage\":{\"@id\":\"https:\\\/\\\/www.eldigitaldeasturias.com\\\/noticias\\\/al-sader-formara-gobierno-de-tecnocratas-para-combatir-la-corrupcion\\\/#mainImage\"},\"datePublished\":\"2018-05-16T23:47:54+02:00\",\"dateModified\":\"2018-05-16T23:47:54+02:00\"},{\"@type\":\"WebSite\",\"@id\":\"https:\\\/\\\/www.eldigitaldeasturias.com\\\/noticias\\\/#website\",\"url\":\"https:\\\/\\\/www.eldigitaldeasturias.com\\\/noticias\\\/\",\"name\":\"El Digital de Asturias - Diario de actualidad y noticias\",\"alternateName\":\"El Digital de Asturias - Diario de actualidad y noticias\",\"description\":\"Hemeroteca\",\"inLanguage\":\"es-ES\",\"publisher\":{\"@id\":\"https:\\\/\\\/www.eldigitaldeasturias.com\\\/noticias\\\/#organization\"}}]}\n\t\t<\/script>\n\t\t<!-- All in One SEO Pro -->\r\n\t\t<title>Al Sader formar\u00e1 Gobierno de tecn\u00f3cratas para combatir la corrupci\u00f3n - El Digital de Asturias<\/title>\n\n","aioseo_head_json":{"title":"Al Sader formar\u00e1 Gobierno de tecn\u00f3cratas para combatir la corrupci\u00f3n - El Digital de Asturias","description":"Bagdad, 16 may (dpa) - El influyente cl\u00e9rigico chiita Muktada al Sader, virtual vencedor de las elecciones parlamentarias celebradas el pasado s\u00e1bado en Irak, anunci\u00f3 hoy la intenci\u00f3n de formar un Gobierno de tecn\u00f3cratas para combatir la corrupci\u00f3n en el pa\u00eds. Al Sader dijo en Twitter que su Gobierno ser\u00e1 \"una puerta para la subsistencia","canonical_url":"https:\/\/www.eldigitaldeasturias.com\/noticias\/al-sader-formara-gobierno-de-tecnocratas-para-combatir-la-corrupcion\/","robots":"max-image-preview:large","keywords":"actualidad","webmasterTools":{"google-site-verification":"UA-38556648-1","msvalidate.01":"7dfe9f3f1b24437ab69f4f2559babe99","miscellaneous":""},"schema":{"@context":"https:\/\/schema.org","@graph":[{"@type":"BlogPosting","@id":"https:\/\/www.eldigitaldeasturias.com\/noticias\/al-sader-formara-gobierno-de-tecnocratas-para-combatir-la-corrupcion\/#blogposting","name":"Al Sader formar\u00e1 Gobierno de tecn\u00f3cratas para combatir la corrupci\u00f3n - El Digital de Asturias","headline":"Al Sader formar\u00e1 Gobierno de tecn\u00f3cratas para combatir la corrupci\u00f3n","author":{"@id":"https:\/\/www.eldigitaldeasturias.com\/noticias\/author\/admin\/#author"},"publisher":{"@id":"https:\/\/www.eldigitaldeasturias.com\/noticias\/#organization"},"image":{"@type":"ImageObject","url":980700},"datePublished":"2018-05-16T23:47:54+02:00","dateModified":"2018-05-16T23:47:54+02:00","inLanguage":"es-ES","mainEntityOfPage":{"@id":"https:\/\/www.eldigitaldeasturias.com\/noticias\/al-sader-formara-gobierno-de-tecnocratas-para-combatir-la-corrupcion\/#webpage"},"isPartOf":{"@id":"https:\/\/www.eldigitaldeasturias.com\/noticias\/al-sader-formara-gobierno-de-tecnocratas-para-combatir-la-corrupcion\/#webpage"},"articleSection":"Actualidad"},{"@type":"BreadcrumbList","@id":"https:\/\/www.eldigitaldeasturias.com\/noticias\/al-sader-formara-gobierno-de-tecnocratas-para-combatir-la-corrupcion\/#breadcrumblist","itemListElement":[{"@type":"ListItem","@id":"https:\/\/www.eldigitaldeasturias.com\/noticias#listItem","position":1,"name":"Home","item":"https:\/\/www.eldigitaldeasturias.com\/noticias","nextItem":{"@type":"ListItem","@id":"https:\/\/www.eldigitaldeasturias.com\/noticias\/category\/actualidad\/#listItem","name":"Actualidad"}},{"@type":"ListItem","@id":"https:\/\/www.eldigitaldeasturias.com\/noticias\/category\/actualidad\/#listItem","position":2,"name":"Actualidad","item":"https:\/\/www.eldigitaldeasturias.com\/noticias\/category\/actualidad\/","nextItem":{"@type":"ListItem","@id":"https:\/\/www.eldigitaldeasturias.com\/noticias\/al-sader-formara-gobierno-de-tecnocratas-para-combatir-la-corrupcion\/#listItem","name":"Al Sader formar\u00e1 Gobierno de tecn\u00f3cratas para combatir la corrupci\u00f3n"},"previousItem":{"@type":"ListItem","@id":"https:\/\/www.eldigitaldeasturias.com\/noticias#listItem","name":"Home"}},{"@type":"ListItem","@id":"https:\/\/www.eldigitaldeasturias.com\/noticias\/al-sader-formara-gobierno-de-tecnocratas-para-combatir-la-corrupcion\/#listItem","position":3,"name":"Al Sader formar\u00e1 Gobierno de tecn\u00f3cratas para combatir la corrupci\u00f3n","previousItem":{"@type":"ListItem","@id":"https:\/\/www.eldigitaldeasturias.com\/noticias\/category\/actualidad\/#listItem","name":"Actualidad"}}]},{"@type":"Organization","@id":"https:\/\/www.eldigitaldeasturias.com\/noticias\/#organization","name":"El Digital de Asturias","description":"Hemeroteca","url":"https:\/\/www.eldigitaldeasturias.com\/noticias\/","email":"info@eldigitaldeasturias.com","telephone":"+34652131393","logo":{"@type":"ImageObject","url":"https:\/\/www.eldigitaldeasturias.com\/noticias\/wp-content\/uploads\/2020\/12\/EDA.jpg","@id":"https:\/\/www.eldigitaldeasturias.com\/noticias\/al-sader-formara-gobierno-de-tecnocratas-para-combatir-la-corrupcion\/#organizationLogo"},"image":{"@id":"https:\/\/www.eldigitaldeasturias.com\/noticias\/al-sader-formara-gobierno-de-tecnocratas-para-combatir-la-corrupcion\/#organizationLogo"},"sameAs":["https:\/\/facebook.com\/eldigitaldeasturias","https:\/\/www.youtube.com\/channel\/UCZP-2wLEB9Rv6erhFmqVnvg"],"address":{"@id":"https:\/\/www.eldigitaldeasturias.com\/noticias\/#postaladdress","@type":"PostalAddress","streetAddress":"san antonio 4","postalCode":"33430","addressLocality":"Cand\u00e1s","addressRegion":"Asturias","addressCountry":"ES"}},{"@type":"Person","@id":"https:\/\/www.eldigitaldeasturias.com\/noticias\/author\/admin\/#author","url":"https:\/\/www.eldigitaldeasturias.com\/noticias\/author\/admin\/","name":"El Digital de Asturias","image":{"@type":"ImageObject","@id":"https:\/\/www.eldigitaldeasturias.com\/noticias\/al-sader-formara-gobierno-de-tecnocratas-para-combatir-la-corrupcion\/#authorImage","url":"https:\/\/secure.gravatar.com\/avatar\/df2aeffc32bcd13f8d26072ef8a91b623d677766deac7f97ca815868cd41bf5e?s=96&d=mm&r=g","width":96,"height":96,"caption":"El Digital de Asturias"}},{"@type":"WebPage","@id":"https:\/\/www.eldigitaldeasturias.com\/noticias\/al-sader-formara-gobierno-de-tecnocratas-para-combatir-la-corrupcion\/#webpage","url":"https:\/\/www.eldigitaldeasturias.com\/noticias\/al-sader-formara-gobierno-de-tecnocratas-para-combatir-la-corrupcion\/","name":"Al Sader formar\u00e1 Gobierno de tecn\u00f3cratas para combatir la corrupci\u00f3n - El Digital de Asturias","description":"Bagdad, 16 may (dpa) - El influyente cl\u00e9rigico chiita Muktada al Sader, virtual vencedor de las elecciones parlamentarias celebradas el pasado s\u00e1bado en Irak, anunci\u00f3 hoy la intenci\u00f3n de formar un Gobierno de tecn\u00f3cratas para combatir la corrupci\u00f3n en el pa\u00eds. Al Sader dijo en Twitter que su Gobierno ser\u00e1 \"una puerta para la subsistencia","inLanguage":"es-ES","isPartOf":{"@id":"https:\/\/www.eldigitaldeasturias.com\/noticias\/#website"},"breadcrumb":{"@id":"https:\/\/www.eldigitaldeasturias.com\/noticias\/al-sader-formara-gobierno-de-tecnocratas-para-combatir-la-corrupcion\/#breadcrumblist"},"author":{"@id":"https:\/\/www.eldigitaldeasturias.com\/noticias\/author\/admin\/#author"},"creator":{"@id":"https:\/\/www.eldigitaldeasturias.com\/noticias\/author\/admin\/#author"},"image":{"@type":"ImageObject","url":980700,"@id":"https:\/\/www.eldigitaldeasturias.com\/noticias\/al-sader-formara-gobierno-de-tecnocratas-para-combatir-la-corrupcion\/#mainImage"},"primaryImageOfPage":{"@id":"https:\/\/www.eldigitaldeasturias.com\/noticias\/al-sader-formara-gobierno-de-tecnocratas-para-combatir-la-corrupcion\/#mainImage"},"datePublished":"2018-05-16T23:47:54+02:00","dateModified":"2018-05-16T23:47:54+02:00"},{"@type":"WebSite","@id":"https:\/\/www.eldigitaldeasturias.com\/noticias\/#website","url":"https:\/\/www.eldigitaldeasturias.com\/noticias\/","name":"El Digital de Asturias - Diario de actualidad y noticias","alternateName":"El Digital de Asturias - Diario de actualidad y noticias","description":"Hemeroteca","inLanguage":"es-ES","publisher":{"@id":"https:\/\/www.eldigitaldeasturias.com\/noticias\/#organization"}}]},"og:locale":"es_ES","og:site_name":"El Digital de Asturias","og:type":"article","og:title":"Al Sader formar\u00e1 Gobierno de tecn\u00f3cratas para combatir la corrupci\u00f3n - El Digital de Asturias","og:description":"Bagdad, 16 may (dpa) - El influyente cl\u00e9rigico chiita Muktada al Sader, virtual vencedor de las elecciones parlamentarias celebradas el pasado s\u00e1bado en Irak, anunci\u00f3 hoy la intenci\u00f3n de formar un Gobierno de tecn\u00f3cratas para combatir la corrupci\u00f3n en el pa\u00eds. Al Sader dijo en Twitter que su Gobierno ser\u00e1 &quot;una puerta para la subsistencia","og:url":"https:\/\/www.eldigitaldeasturias.com\/noticias\/al-sader-formara-gobierno-de-tecnocratas-para-combatir-la-corrupcion\/","article:tag":["actualidad"],"article:published_time":"2018-05-16T23:47:54+00:00","article:modified_time":"2018-05-16T23:47:54+00:00","article:publisher":"https:\/\/facebook.com\/eldigitaldeasturias","twitter:card":"summary_large_image","twitter:title":"Al Sader formar\u00e1 Gobierno de tecn\u00f3cratas para combatir la corrupci\u00f3n - El Digital de Asturias","twitter:description":"Bagdad, 16 may (dpa) - El influyente cl\u00e9rigico chiita Muktada al Sader, virtual vencedor de las elecciones parlamentarias celebradas el pasado s\u00e1bado en Irak, anunci\u00f3 hoy la intenci\u00f3n de formar un Gobierno de tecn\u00f3cratas para combatir la corrupci\u00f3n en el pa\u00eds. Al Sader dijo en Twitter que su Gobierno ser\u00e1 &quot;una puerta para la subsistencia","twitter:image":"https:\/\/www.eldigitaldeasturias.com\/noticias\/wp-content\/uploads\/2020\/12\/EDA-1.jpg","twitter:label1":"Escrito por","twitter:data1":"El Digital de Asturias","twitter:label2":"Tiempo de lectura estimado","twitter:data2":"3 minutos"},"aioseo_meta_data":{"post_id":"980699","title":null,"description":null,"keywords":null,"keyphrases":null,"primary_term":null,"canonical_url":null,"og_title":null,"og_description":null,"og_object_type":"default","og_image_type":"default","og_image_url":null,"og_image_width":null,"og_image_height":null,"og_image_custom_url":null,"og_image_custom_fields":null,"og_video":null,"og_custom_url":null,"og_article_section":null,"og_article_tags":null,"twitter_use_og":false,"twitter_card":"default","twitter_image_type":"default","twitter_image_url":null,"twitter_image_custom_url":null,"twitter_image_custom_fields":null,"twitter_title":null,"twitter_description":null,"schema":{"blockGraphs":[],"customGraphs":[],"default":{"data":{"Article":[],"Course":[],"Dataset":[],"FAQPage":[],"Movie":[],"Person":[],"Product":[],"ProductReview":[],"Car":[],"Recipe":[],"Service":[],"SoftwareApplication":[],"WebPage":[]},"graphName":"","isEnabled":true},"graphs":[],"defaultGraph":"","defaultPostTypeGraph":""},"schema_type":null,"schema_type_options":null,"pillar_content":false,"robots_default":true,"robots_noindex":false,"robots_noarchive":false,"robots_nosnippet":false,"robots_nofollow":false,"robots_noimageindex":false,"robots_noodp":false,"robots_notranslate":false,"robots_max_snippet":null,"robots_max_videopreview":null,"robots_max_imagepreview":"large","priority":null,"frequency":null,"local_seo":null,"seo_analyzer_scan_date":"2025-10-08 18:50:37","breadcrumb_settings":null,"limit_modified_date":false,"open_ai":null,"ai":null,"created":"2020-12-21 11:56:37","updated":"2025-10-08 18:50:37","focus_keyword":null,"additional_keywords":null,"truseo_locale":null},"aioseo_breadcrumb":"<div class=\"aioseo-breadcrumbs\"><span class=\"aioseo-breadcrumb\">\n\t<a href=\"https:\/\/www.eldigitaldeasturias.com\/noticias\" title=\"Home\">Home<\/a>\n<\/span><span class=\"aioseo-breadcrumb-separator\">\u2013<\/span><span class=\"aioseo-breadcrumb\">\n\t<a href=\"https:\/\/www.eldigitaldeasturias.com\/noticias\/category\/actualidad\/\" title=\"Actualidad\">Actualidad<\/a>\n<\/span><span class=\"aioseo-breadcrumb-separator\">\u2013<\/span><span class=\"aioseo-breadcrumb\">\n\t<a href=\"https:\/\/www.eldigitaldeasturias.com\/noticias\/al-sader-formara-gobierno-de-tecnocratas-para-combatir-la-corrupcion\/\" title=\"Al Sader formar\u00e1 Gobierno de tecn\u00f3cratas para combatir la corrupci\u00f3n\">Al Sader formar\u00e1 Gobierno de tecn\u00f3cratas para combatir la corrupci\u00f3n<\/a>\n<\/span><\/div>","aioseo_breadcrumb_json":[{"label":"Home","link":"https:\/\/www.eldigitaldeasturias.com\/noticias"},{"label":"Actualidad","link":"https:\/\/www.eldigitaldeasturias.com\/noticias\/category\/actualidad\/"},{"label":"Al Sader formar\u00e1 Gobierno de tecn\u00f3cratas para combatir la corrupci\u00f3n","link":"https:\/\/www.eldigitaldeasturias.com\/noticias\/al-sader-formara-gobierno-de-tecnocratas-para-combatir-la-corrupcion\/"}],"_links":{"self":[{"href":"https:\/\/www.eldigitaldeasturias.com\/noticias\/wp-json\/wp\/v2\/posts\/980699","targetHints":{"allow":["GET"]}}],"collection":[{"href":"https:\/\/www.eldigitaldeasturias.com\/noticias\/wp-json\/wp\/v2\/posts"}],"about":[{"href":"https:\/\/www.eldigitaldeasturias.com\/noticias\/wp-json\/wp\/v2\/types\/post"}],"author":[{"embeddable":true,"href":"https:\/\/www.eldigitaldeasturias.com\/noticias\/wp-json\/wp\/v2\/users\/1"}],"replies":[{"embeddable":true,"href":"https:\/\/www.eldigitaldeasturias.com\/noticias\/wp-json\/wp\/v2\/comments?post=980699"}],"version-history":[{"count":0,"href":"https:\/\/www.eldigitaldeasturias.com\/noticias\/wp-json\/wp\/v2\/posts\/980699\/revisions"}],"wp:attachment":[{"href":"https:\/\/www.eldigitaldeasturias.com\/noticias\/wp-json\/wp\/v2\/media?parent=980699"}],"wp:term":[{"taxonomy":"category","embeddable":true,"href":"https:\/\/www.eldigitaldeasturias.com\/noticias\/wp-json\/wp\/v2\/categories?post=980699"},{"taxonomy":"post_tag","embeddable":true,"href":"https:\/\/www.eldigitaldeasturias.com\/noticias\/wp-json\/wp\/v2\/tags?post=980699"}],"curies":[{"name":"wp","href":"https:\/\/api.w.org\/{rel}","templated":true}]}}