{"id":980697,"date":"2018-05-16T23:44:57","date_gmt":"2018-05-16T23:44:57","guid":{"rendered":"http:\/\/www.eldigitaldeasturias.com\/noticias\/?p=980697"},"modified":"2018-05-16T23:44:57","modified_gmt":"2018-05-16T23:44:57","slug":"belgica-rechaza-entregar-a-espana-a-tres-independentistas-catalanes","status":"publish","type":"post","link":"https:\/\/www.eldigitaldeasturias.com\/noticias\/belgica-rechaza-entregar-a-espana-a-tres-independentistas-catalanes\/","title":{"rendered":"B\u00e9lgica rechaza entregar a Espa\u00f1a a tres independentistas catalanes"},"content":{"rendered":"<p><img loading=\"lazy\" decoding=\"async\" class=\"alignleft size-medium wp-image-973562\" src=\"https:\/\/www.eldigitaldeasturias.com\/noticias\/wp-content\/uploads\/2018\/03\/marcha1-360x240.jpg\" alt=\"\" width=\"360\" height=\"240\" \/>Bruselas\/Barcelona, 16 may (dpa) &#8211; La Justicia belga rechaz\u00f3 hoy la entrega a Espa\u00f1a de tres pol\u00edticos catalanes procesados por delitos vinculados al plan independentista en la regi\u00f3n, en un nuevo rev\u00e9s para los tribunales y el Gobierno en Madrid.<\/p>\n<p>El juez belga sigui\u00f3 el pedido de la fiscal\u00eda y neg\u00f3 la entrega de los ex consejeros catalanes (ministros regionales) Toni Com\u00edn, Meritxell Serret y Llu\u00eds Puig al considerar que la orden de detenci\u00f3n cursada por Espa\u00f1a no cumple requisitos de forma para ser ejecutada.<\/p>\n<p>Los tres pol\u00edticos, presentes en la audiencia ante la corte de Bruselas, salieron de Espa\u00f1a a fines de octubre despu\u00e9s de que el Gobierno catal\u00e1n de Carles Puigdemont fuese intervenido por Madrid para frenar la escalada independentista.<\/p>\n<p>El Tribunal Supremo espa\u00f1ol proces\u00f3 en marzo a Puig y Serret por desobediencia y malversaci\u00f3n y a Com\u00edn por rebeli\u00f3n y malversaci\u00f3n, los mismos cargos que se imputan a Puigdemont, que espera en Berl\u00edn la decisi\u00f3n de la Justicia alemana sobre su entrega a Espa\u00f1a.<\/p>\n<p>La decisi\u00f3n de la Justicia belga representa un duro golpe al Supremo espa\u00f1ol y un rev\u00e9s pol\u00edtico para el Gobierno de Mariano Rajoy, por lo que fue celebrada de inmediato por los independentistas catalanes.<\/p>\n<p>\u00abQueremos mostrar nuestra satisfacci\u00f3n rotunda, m\u00e1s absoluta, porque hoy efectivamente se ha hecho justicia\u00bb, sostuvo Com\u00edn en Bruselas. El ahora diputado regional catal\u00e1n consider\u00f3 \u00abirregular\u00bb la orden europea de detenci\u00f3n activada por Espa\u00f1a.<\/p>\n<p>\u00abQu\u00e9 alegr\u00eda, qu\u00e9 ganas de abrazarlos\u00bb, celebr\u00f3 en Twitter el nuevo presidente catal\u00e1n, Quim Torra, que aludi\u00f3 a las otras solicitudes de entrega pendientes contra independentistas pr\u00f3fugos: \u00abComo en B\u00e9lgica, la Justicia acabar\u00e1 ganando en Alemania, Escocia y Suiza\u00bb.<\/p>\n<p>El Gobierno en Madrid mostr\u00f3 \u00abrespeto\u00bb por la decisi\u00f3n judicial, si bien el ministro de Justicia Rafael Catal\u00e1 confi\u00f3 en que el Tribunal Supremo pueda \u00absubsanar\u00bb el defecto de forma que llev\u00f3 al juez belga a considerar \u00abinadmisible\u00bb la orden espa\u00f1ola.<\/p>\n<p>El problema podr\u00eda agravarse para el Gobierno de Mariano Rajoy. Seg\u00fan el abogado de los ex consejeros, Jaume Alonso-Cuevillas, el problema fue que la orden europea de detenci\u00f3n debe ir acompa\u00f1ada por una orden de detenci\u00f3n nacional, algo que al parecer no ocurri\u00f3 en este caso y no ocurre tampoco en el de Puigdemont.<\/p>\n<p>De ser as\u00ed, la Justicia alemana podr\u00eda aplicar el mismo criterio y rechazar los pr\u00f3ximos d\u00edas su entrega a Espa\u00f1a. El propio ex presidente catal\u00e1n celebr\u00f3 hoy la decisi\u00f3n belga: \u00ab\u00a1Buena noticia de B\u00e9lgica! Felicidades, compa\u00f1eros\u00bb, escribi\u00f3 en Twitter.<\/p>\n<p>La noticia se conoci\u00f3 un d\u00eda antes de que el nuevo Gobierno catal\u00e1n al mando del independentista Quim Torra tome ma\u00f1ana posesi\u00f3n, cerrando as\u00ed un largo limbo pol\u00edtico en la regi\u00f3n y abriendo un nuevo cap\u00edtulo de la crisis que promete m\u00e1s tensi\u00f3n con el Estado central.<\/p>\n","protected":false},"excerpt":{"rendered":"<p>Bruselas\/Barcelona, 16 may (dpa) &#8211; La Justicia belga rechaz\u00f3 hoy la entrega a Espa\u00f1a de tres pol\u00edticos catalanes procesados por delitos vinculados al plan independentista en la regi\u00f3n, en un nuevo rev\u00e9s para los tribunales y el Gobierno en Madrid. El juez belga sigui\u00f3 el pedido de la fiscal\u00eda y neg\u00f3 la entrega de los [&hellip;]<\/p>\n","protected":false},"author":1,"featured_media":973562,"comment_status":"closed","ping_status":"closed","sticky":false,"template":"","format":"standard","meta":{"footnotes":""},"categories":[1],"tags":[],"class_list":["post-980697","post","type-post","status-publish","format-standard","has-post-thumbnail","hentry","category-actualidad"],"aioseo_notices":[],"aioseo_head":"\n\t\t<!-- All in One SEO Pro 5.0.1 - aioseo.com -->\n\t<meta name=\"description\" content=\"Bruselas\/Barcelona, 16 may (dpa) - La Justicia belga rechaz\u00f3 hoy la entrega a Espa\u00f1a de tres pol\u00edticos catalanes procesados por delitos vinculados al plan independentista en la regi\u00f3n, en un nuevo rev\u00e9s para los tribunales y el Gobierno en Madrid. El juez belga sigui\u00f3 el pedido de la fiscal\u00eda y neg\u00f3 la entrega de los\" \/>\n\t<meta name=\"robots\" content=\"max-image-preview:large\" \/>\n\t<meta name=\"author\" content=\"El Digital de Asturias\"\/>\n\t<meta name=\"google-site-verification\" content=\"UA-38556648-1\" \/>\n\t<meta name=\"msvalidate.01\" content=\"7dfe9f3f1b24437ab69f4f2559babe99\" \/>\n\t<meta name=\"keywords\" content=\"actualidad\" \/>\n\t<link rel=\"canonical\" href=\"https:\/\/www.eldigitaldeasturias.com\/noticias\/belgica-rechaza-entregar-a-espana-a-tres-independentistas-catalanes\/\" \/>\n\t<meta name=\"generator\" content=\"All in One SEO Pro (AIOSEO) 5.0.1\" \/>\n\t\t<meta property=\"og:locale\" content=\"es_ES\" \/>\n\t\t<meta property=\"og:site_name\" content=\"El Digital de Asturias\" \/>\n\t\t<meta property=\"og:type\" content=\"article\" \/>\n\t\t<meta property=\"og:title\" content=\"B\u00e9lgica rechaza entregar a Espa\u00f1a a tres independentistas catalanes - El Digital de Asturias\" \/>\n\t\t<meta property=\"og:description\" content=\"Bruselas\/Barcelona, 16 may (dpa) - La Justicia belga rechaz\u00f3 hoy la entrega a Espa\u00f1a de tres pol\u00edticos catalanes procesados por delitos vinculados al plan independentista en la regi\u00f3n, en un nuevo rev\u00e9s para los tribunales y el Gobierno en Madrid. El juez belga sigui\u00f3 el pedido de la fiscal\u00eda y neg\u00f3 la entrega de los\" \/>\n\t\t<meta property=\"og:url\" content=\"https:\/\/www.eldigitaldeasturias.com\/noticias\/belgica-rechaza-entregar-a-espana-a-tres-independentistas-catalanes\/\" \/>\n\t\t<meta property=\"article:tag\" content=\"actualidad\" \/>\n\t\t<meta property=\"article:published_time\" content=\"2018-05-16T23:44:57+00:00\" \/>\n\t\t<meta property=\"article:modified_time\" content=\"2018-05-16T23:44:57+00:00\" \/>\n\t\t<meta property=\"article:publisher\" content=\"https:\/\/facebook.com\/eldigitaldeasturias\" \/>\n\t\t<meta name=\"twitter:card\" content=\"summary_large_image\" \/>\n\t\t<meta name=\"twitter:title\" content=\"B\u00e9lgica rechaza entregar a Espa\u00f1a a tres independentistas catalanes - El Digital de Asturias\" \/>\n\t\t<meta name=\"twitter:description\" content=\"Bruselas\/Barcelona, 16 may (dpa) - La Justicia belga rechaz\u00f3 hoy la entrega a Espa\u00f1a de tres pol\u00edticos catalanes procesados por delitos vinculados al plan independentista en la regi\u00f3n, en un nuevo rev\u00e9s para los tribunales y el Gobierno en Madrid. El juez belga sigui\u00f3 el pedido de la fiscal\u00eda y neg\u00f3 la entrega de los\" \/>\n\t\t<meta name=\"twitter:image\" content=\"https:\/\/www.eldigitaldeasturias.com\/noticias\/wp-content\/uploads\/2020\/12\/EDA-1.jpg\" \/>\n\t\t<meta name=\"twitter:label1\" content=\"Escrito por\" \/>\n\t\t<meta name=\"twitter:data1\" content=\"El Digital de Asturias\" \/>\n\t\t<meta name=\"twitter:label2\" content=\"Tiempo de lectura estimado\" \/>\n\t\t<meta name=\"twitter:data2\" content=\"3 minutos\" \/>\n\t\t<script type=\"application\/ld+json\" class=\"aioseo-schema\">\n\t\t\t{\"@context\":\"https:\\\/\\\/schema.org\",\"@graph\":[{\"@type\":\"BlogPosting\",\"@id\":\"https:\\\/\\\/www.eldigitaldeasturias.com\\\/noticias\\\/belgica-rechaza-entregar-a-espana-a-tres-independentistas-catalanes\\\/#blogposting\",\"name\":\"B\\u00e9lgica rechaza entregar a Espa\\u00f1a a tres independentistas catalanes - El Digital de Asturias\",\"headline\":\"B\\u00e9lgica rechaza entregar a Espa\\u00f1a a tres independentistas catalanes\",\"author\":{\"@id\":\"https:\\\/\\\/www.eldigitaldeasturias.com\\\/noticias\\\/author\\\/admin\\\/#author\"},\"publisher\":{\"@id\":\"https:\\\/\\\/www.eldigitaldeasturias.com\\\/noticias\\\/#organization\"},\"image\":{\"@type\":\"ImageObject\",\"url\":973562},\"datePublished\":\"2018-05-16T23:44:57+02:00\",\"dateModified\":\"2018-05-16T23:44:57+02:00\",\"inLanguage\":\"es-ES\",\"mainEntityOfPage\":{\"@id\":\"https:\\\/\\\/www.eldigitaldeasturias.com\\\/noticias\\\/belgica-rechaza-entregar-a-espana-a-tres-independentistas-catalanes\\\/#webpage\"},\"isPartOf\":{\"@id\":\"https:\\\/\\\/www.eldigitaldeasturias.com\\\/noticias\\\/belgica-rechaza-entregar-a-espana-a-tres-independentistas-catalanes\\\/#webpage\"},\"articleSection\":\"Actualidad\"},{\"@type\":\"BreadcrumbList\",\"@id\":\"https:\\\/\\\/www.eldigitaldeasturias.com\\\/noticias\\\/belgica-rechaza-entregar-a-espana-a-tres-independentistas-catalanes\\\/#breadcrumblist\",\"itemListElement\":[{\"@type\":\"ListItem\",\"@id\":\"https:\\\/\\\/www.eldigitaldeasturias.com\\\/noticias#listItem\",\"position\":1,\"name\":\"Home\",\"item\":\"https:\\\/\\\/www.eldigitaldeasturias.com\\\/noticias\",\"nextItem\":{\"@type\":\"ListItem\",\"@id\":\"https:\\\/\\\/www.eldigitaldeasturias.com\\\/noticias\\\/category\\\/actualidad\\\/#listItem\",\"name\":\"Actualidad\"}},{\"@type\":\"ListItem\",\"@id\":\"https:\\\/\\\/www.eldigitaldeasturias.com\\\/noticias\\\/category\\\/actualidad\\\/#listItem\",\"position\":2,\"name\":\"Actualidad\",\"item\":\"https:\\\/\\\/www.eldigitaldeasturias.com\\\/noticias\\\/category\\\/actualidad\\\/\",\"nextItem\":{\"@type\":\"ListItem\",\"@id\":\"https:\\\/\\\/www.eldigitaldeasturias.com\\\/noticias\\\/belgica-rechaza-entregar-a-espana-a-tres-independentistas-catalanes\\\/#listItem\",\"name\":\"B\\u00e9lgica rechaza entregar a Espa\\u00f1a a tres independentistas catalanes\"},\"previousItem\":{\"@type\":\"ListItem\",\"@id\":\"https:\\\/\\\/www.eldigitaldeasturias.com\\\/noticias#listItem\",\"name\":\"Home\"}},{\"@type\":\"ListItem\",\"@id\":\"https:\\\/\\\/www.eldigitaldeasturias.com\\\/noticias\\\/belgica-rechaza-entregar-a-espana-a-tres-independentistas-catalanes\\\/#listItem\",\"position\":3,\"name\":\"B\\u00e9lgica rechaza entregar a Espa\\u00f1a a tres independentistas catalanes\",\"previousItem\":{\"@type\":\"ListItem\",\"@id\":\"https:\\\/\\\/www.eldigitaldeasturias.com\\\/noticias\\\/category\\\/actualidad\\\/#listItem\",\"name\":\"Actualidad\"}}]},{\"@type\":\"Organization\",\"@id\":\"https:\\\/\\\/www.eldigitaldeasturias.com\\\/noticias\\\/#organization\",\"name\":\"El Digital de Asturias\",\"description\":\"Hemeroteca\",\"url\":\"https:\\\/\\\/www.eldigitaldeasturias.com\\\/noticias\\\/\",\"email\":\"info@eldigitaldeasturias.com\",\"telephone\":\"+34652131393\",\"logo\":{\"@type\":\"ImageObject\",\"url\":\"https:\\\/\\\/www.eldigitaldeasturias.com\\\/noticias\\\/wp-content\\\/uploads\\\/2020\\\/12\\\/EDA.jpg\",\"@id\":\"https:\\\/\\\/www.eldigitaldeasturias.com\\\/noticias\\\/belgica-rechaza-entregar-a-espana-a-tres-independentistas-catalanes\\\/#organizationLogo\"},\"image\":{\"@id\":\"https:\\\/\\\/www.eldigitaldeasturias.com\\\/noticias\\\/belgica-rechaza-entregar-a-espana-a-tres-independentistas-catalanes\\\/#organizationLogo\"},\"sameAs\":[\"https:\\\/\\\/facebook.com\\\/eldigitaldeasturias\",\"https:\\\/\\\/www.youtube.com\\\/channel\\\/UCZP-2wLEB9Rv6erhFmqVnvg\"],\"address\":{\"@id\":\"https:\\\/\\\/www.eldigitaldeasturias.com\\\/noticias\\\/#postaladdress\",\"@type\":\"PostalAddress\",\"streetAddress\":\"san antonio 4\",\"postalCode\":\"33430\",\"addressLocality\":\"Cand\\u00e1s\",\"addressRegion\":\"Asturias\",\"addressCountry\":\"ES\"}},{\"@type\":\"Person\",\"@id\":\"https:\\\/\\\/www.eldigitaldeasturias.com\\\/noticias\\\/author\\\/admin\\\/#author\",\"url\":\"https:\\\/\\\/www.eldigitaldeasturias.com\\\/noticias\\\/author\\\/admin\\\/\",\"name\":\"El Digital de Asturias\",\"image\":{\"@type\":\"ImageObject\",\"@id\":\"https:\\\/\\\/www.eldigitaldeasturias.com\\\/noticias\\\/belgica-rechaza-entregar-a-espana-a-tres-independentistas-catalanes\\\/#authorImage\",\"url\":\"https:\\\/\\\/secure.gravatar.com\\\/avatar\\\/df2aeffc32bcd13f8d26072ef8a91b623d677766deac7f97ca815868cd41bf5e?s=96&d=mm&r=g\",\"width\":96,\"height\":96,\"caption\":\"El Digital de Asturias\"}},{\"@type\":\"WebPage\",\"@id\":\"https:\\\/\\\/www.eldigitaldeasturias.com\\\/noticias\\\/belgica-rechaza-entregar-a-espana-a-tres-independentistas-catalanes\\\/#webpage\",\"url\":\"https:\\\/\\\/www.eldigitaldeasturias.com\\\/noticias\\\/belgica-rechaza-entregar-a-espana-a-tres-independentistas-catalanes\\\/\",\"name\":\"B\\u00e9lgica rechaza entregar a Espa\\u00f1a a tres independentistas catalanes - El Digital de Asturias\",\"description\":\"Bruselas\\\/Barcelona, 16 may (dpa) - La Justicia belga rechaz\\u00f3 hoy la entrega a Espa\\u00f1a de tres pol\\u00edticos catalanes procesados por delitos vinculados al plan independentista en la regi\\u00f3n, en un nuevo rev\\u00e9s para los tribunales y el Gobierno en Madrid. El juez belga sigui\\u00f3 el pedido de la fiscal\\u00eda y neg\\u00f3 la entrega de los\",\"inLanguage\":\"es-ES\",\"isPartOf\":{\"@id\":\"https:\\\/\\\/www.eldigitaldeasturias.com\\\/noticias\\\/#website\"},\"breadcrumb\":{\"@id\":\"https:\\\/\\\/www.eldigitaldeasturias.com\\\/noticias\\\/belgica-rechaza-entregar-a-espana-a-tres-independentistas-catalanes\\\/#breadcrumblist\"},\"author\":{\"@id\":\"https:\\\/\\\/www.eldigitaldeasturias.com\\\/noticias\\\/author\\\/admin\\\/#author\"},\"creator\":{\"@id\":\"https:\\\/\\\/www.eldigitaldeasturias.com\\\/noticias\\\/author\\\/admin\\\/#author\"},\"image\":{\"@type\":\"ImageObject\",\"url\":973562,\"@id\":\"https:\\\/\\\/www.eldigitaldeasturias.com\\\/noticias\\\/belgica-rechaza-entregar-a-espana-a-tres-independentistas-catalanes\\\/#mainImage\"},\"primaryImageOfPage\":{\"@id\":\"https:\\\/\\\/www.eldigitaldeasturias.com\\\/noticias\\\/belgica-rechaza-entregar-a-espana-a-tres-independentistas-catalanes\\\/#mainImage\"},\"datePublished\":\"2018-05-16T23:44:57+02:00\",\"dateModified\":\"2018-05-16T23:44:57+02:00\"},{\"@type\":\"WebSite\",\"@id\":\"https:\\\/\\\/www.eldigitaldeasturias.com\\\/noticias\\\/#website\",\"url\":\"https:\\\/\\\/www.eldigitaldeasturias.com\\\/noticias\\\/\",\"name\":\"El Digital de Asturias - Diario de actualidad y noticias\",\"alternateName\":\"El Digital de Asturias - Diario de actualidad y noticias\",\"description\":\"Hemeroteca\",\"inLanguage\":\"es-ES\",\"publisher\":{\"@id\":\"https:\\\/\\\/www.eldigitaldeasturias.com\\\/noticias\\\/#organization\"}}]}\n\t\t<\/script>\n\t\t<!-- All in One SEO Pro -->\r\n\t\t<title>B\u00e9lgica rechaza entregar a Espa\u00f1a a tres independentistas catalanes - El Digital de Asturias<\/title>\n\n","aioseo_head_json":{"title":"B\u00e9lgica rechaza entregar a Espa\u00f1a a tres independentistas catalanes - El Digital de Asturias","description":"Bruselas\/Barcelona, 16 may (dpa) - La Justicia belga rechaz\u00f3 hoy la entrega a Espa\u00f1a de tres pol\u00edticos catalanes procesados por delitos vinculados al plan independentista en la regi\u00f3n, en un nuevo rev\u00e9s para los tribunales y el Gobierno en Madrid. El juez belga sigui\u00f3 el pedido de la fiscal\u00eda y neg\u00f3 la entrega de los","canonical_url":"https:\/\/www.eldigitaldeasturias.com\/noticias\/belgica-rechaza-entregar-a-espana-a-tres-independentistas-catalanes\/","robots":"max-image-preview:large","keywords":"actualidad","webmasterTools":{"google-site-verification":"UA-38556648-1","msvalidate.01":"7dfe9f3f1b24437ab69f4f2559babe99","miscellaneous":""},"schema":{"@context":"https:\/\/schema.org","@graph":[{"@type":"BlogPosting","@id":"https:\/\/www.eldigitaldeasturias.com\/noticias\/belgica-rechaza-entregar-a-espana-a-tres-independentistas-catalanes\/#blogposting","name":"B\u00e9lgica rechaza entregar a Espa\u00f1a a tres independentistas catalanes - El Digital de Asturias","headline":"B\u00e9lgica rechaza entregar a Espa\u00f1a a tres independentistas catalanes","author":{"@id":"https:\/\/www.eldigitaldeasturias.com\/noticias\/author\/admin\/#author"},"publisher":{"@id":"https:\/\/www.eldigitaldeasturias.com\/noticias\/#organization"},"image":{"@type":"ImageObject","url":973562},"datePublished":"2018-05-16T23:44:57+02:00","dateModified":"2018-05-16T23:44:57+02:00","inLanguage":"es-ES","mainEntityOfPage":{"@id":"https:\/\/www.eldigitaldeasturias.com\/noticias\/belgica-rechaza-entregar-a-espana-a-tres-independentistas-catalanes\/#webpage"},"isPartOf":{"@id":"https:\/\/www.eldigitaldeasturias.com\/noticias\/belgica-rechaza-entregar-a-espana-a-tres-independentistas-catalanes\/#webpage"},"articleSection":"Actualidad"},{"@type":"BreadcrumbList","@id":"https:\/\/www.eldigitaldeasturias.com\/noticias\/belgica-rechaza-entregar-a-espana-a-tres-independentistas-catalanes\/#breadcrumblist","itemListElement":[{"@type":"ListItem","@id":"https:\/\/www.eldigitaldeasturias.com\/noticias#listItem","position":1,"name":"Home","item":"https:\/\/www.eldigitaldeasturias.com\/noticias","nextItem":{"@type":"ListItem","@id":"https:\/\/www.eldigitaldeasturias.com\/noticias\/category\/actualidad\/#listItem","name":"Actualidad"}},{"@type":"ListItem","@id":"https:\/\/www.eldigitaldeasturias.com\/noticias\/category\/actualidad\/#listItem","position":2,"name":"Actualidad","item":"https:\/\/www.eldigitaldeasturias.com\/noticias\/category\/actualidad\/","nextItem":{"@type":"ListItem","@id":"https:\/\/www.eldigitaldeasturias.com\/noticias\/belgica-rechaza-entregar-a-espana-a-tres-independentistas-catalanes\/#listItem","name":"B\u00e9lgica rechaza entregar a Espa\u00f1a a tres independentistas catalanes"},"previousItem":{"@type":"ListItem","@id":"https:\/\/www.eldigitaldeasturias.com\/noticias#listItem","name":"Home"}},{"@type":"ListItem","@id":"https:\/\/www.eldigitaldeasturias.com\/noticias\/belgica-rechaza-entregar-a-espana-a-tres-independentistas-catalanes\/#listItem","position":3,"name":"B\u00e9lgica rechaza entregar a Espa\u00f1a a tres independentistas catalanes","previousItem":{"@type":"ListItem","@id":"https:\/\/www.eldigitaldeasturias.com\/noticias\/category\/actualidad\/#listItem","name":"Actualidad"}}]},{"@type":"Organization","@id":"https:\/\/www.eldigitaldeasturias.com\/noticias\/#organization","name":"El Digital de Asturias","description":"Hemeroteca","url":"https:\/\/www.eldigitaldeasturias.com\/noticias\/","email":"info@eldigitaldeasturias.com","telephone":"+34652131393","logo":{"@type":"ImageObject","url":"https:\/\/www.eldigitaldeasturias.com\/noticias\/wp-content\/uploads\/2020\/12\/EDA.jpg","@id":"https:\/\/www.eldigitaldeasturias.com\/noticias\/belgica-rechaza-entregar-a-espana-a-tres-independentistas-catalanes\/#organizationLogo"},"image":{"@id":"https:\/\/www.eldigitaldeasturias.com\/noticias\/belgica-rechaza-entregar-a-espana-a-tres-independentistas-catalanes\/#organizationLogo"},"sameAs":["https:\/\/facebook.com\/eldigitaldeasturias","https:\/\/www.youtube.com\/channel\/UCZP-2wLEB9Rv6erhFmqVnvg"],"address":{"@id":"https:\/\/www.eldigitaldeasturias.com\/noticias\/#postaladdress","@type":"PostalAddress","streetAddress":"san antonio 4","postalCode":"33430","addressLocality":"Cand\u00e1s","addressRegion":"Asturias","addressCountry":"ES"}},{"@type":"Person","@id":"https:\/\/www.eldigitaldeasturias.com\/noticias\/author\/admin\/#author","url":"https:\/\/www.eldigitaldeasturias.com\/noticias\/author\/admin\/","name":"El Digital de Asturias","image":{"@type":"ImageObject","@id":"https:\/\/www.eldigitaldeasturias.com\/noticias\/belgica-rechaza-entregar-a-espana-a-tres-independentistas-catalanes\/#authorImage","url":"https:\/\/secure.gravatar.com\/avatar\/df2aeffc32bcd13f8d26072ef8a91b623d677766deac7f97ca815868cd41bf5e?s=96&d=mm&r=g","width":96,"height":96,"caption":"El Digital de Asturias"}},{"@type":"WebPage","@id":"https:\/\/www.eldigitaldeasturias.com\/noticias\/belgica-rechaza-entregar-a-espana-a-tres-independentistas-catalanes\/#webpage","url":"https:\/\/www.eldigitaldeasturias.com\/noticias\/belgica-rechaza-entregar-a-espana-a-tres-independentistas-catalanes\/","name":"B\u00e9lgica rechaza entregar a Espa\u00f1a a tres independentistas catalanes - El Digital de Asturias","description":"Bruselas\/Barcelona, 16 may (dpa) - La Justicia belga rechaz\u00f3 hoy la entrega a Espa\u00f1a de tres pol\u00edticos catalanes procesados por delitos vinculados al plan independentista en la regi\u00f3n, en un nuevo rev\u00e9s para los tribunales y el Gobierno en Madrid. El juez belga sigui\u00f3 el pedido de la fiscal\u00eda y neg\u00f3 la entrega de los","inLanguage":"es-ES","isPartOf":{"@id":"https:\/\/www.eldigitaldeasturias.com\/noticias\/#website"},"breadcrumb":{"@id":"https:\/\/www.eldigitaldeasturias.com\/noticias\/belgica-rechaza-entregar-a-espana-a-tres-independentistas-catalanes\/#breadcrumblist"},"author":{"@id":"https:\/\/www.eldigitaldeasturias.com\/noticias\/author\/admin\/#author"},"creator":{"@id":"https:\/\/www.eldigitaldeasturias.com\/noticias\/author\/admin\/#author"},"image":{"@type":"ImageObject","url":973562,"@id":"https:\/\/www.eldigitaldeasturias.com\/noticias\/belgica-rechaza-entregar-a-espana-a-tres-independentistas-catalanes\/#mainImage"},"primaryImageOfPage":{"@id":"https:\/\/www.eldigitaldeasturias.com\/noticias\/belgica-rechaza-entregar-a-espana-a-tres-independentistas-catalanes\/#mainImage"},"datePublished":"2018-05-16T23:44:57+02:00","dateModified":"2018-05-16T23:44:57+02:00"},{"@type":"WebSite","@id":"https:\/\/www.eldigitaldeasturias.com\/noticias\/#website","url":"https:\/\/www.eldigitaldeasturias.com\/noticias\/","name":"El Digital de Asturias - Diario de actualidad y noticias","alternateName":"El Digital de Asturias - Diario de actualidad y noticias","description":"Hemeroteca","inLanguage":"es-ES","publisher":{"@id":"https:\/\/www.eldigitaldeasturias.com\/noticias\/#organization"}}]},"og:locale":"es_ES","og:site_name":"El Digital de Asturias","og:type":"article","og:title":"B\u00e9lgica rechaza entregar a Espa\u00f1a a tres independentistas catalanes - El Digital de Asturias","og:description":"Bruselas\/Barcelona, 16 may (dpa) - La Justicia belga rechaz\u00f3 hoy la entrega a Espa\u00f1a de tres pol\u00edticos catalanes procesados por delitos vinculados al plan independentista en la regi\u00f3n, en un nuevo rev\u00e9s para los tribunales y el Gobierno en Madrid. El juez belga sigui\u00f3 el pedido de la fiscal\u00eda y neg\u00f3 la entrega de los","og:url":"https:\/\/www.eldigitaldeasturias.com\/noticias\/belgica-rechaza-entregar-a-espana-a-tres-independentistas-catalanes\/","article:tag":["actualidad"],"article:published_time":"2018-05-16T23:44:57+00:00","article:modified_time":"2018-05-16T23:44:57+00:00","article:publisher":"https:\/\/facebook.com\/eldigitaldeasturias","twitter:card":"summary_large_image","twitter:title":"B\u00e9lgica rechaza entregar a Espa\u00f1a a tres independentistas catalanes - El Digital de Asturias","twitter:description":"Bruselas\/Barcelona, 16 may (dpa) - La Justicia belga rechaz\u00f3 hoy la entrega a Espa\u00f1a de tres pol\u00edticos catalanes procesados por delitos vinculados al plan independentista en la regi\u00f3n, en un nuevo rev\u00e9s para los tribunales y el Gobierno en Madrid. El juez belga sigui\u00f3 el pedido de la fiscal\u00eda y neg\u00f3 la entrega de los","twitter:image":"https:\/\/www.eldigitaldeasturias.com\/noticias\/wp-content\/uploads\/2020\/12\/EDA-1.jpg","twitter:label1":"Escrito por","twitter:data1":"El Digital de Asturias","twitter:label2":"Tiempo de lectura estimado","twitter:data2":"3 minutos"},"aioseo_meta_data":{"post_id":"980697","title":null,"description":null,"keywords":null,"keyphrases":null,"primary_term":null,"canonical_url":null,"og_title":null,"og_description":null,"og_object_type":"default","og_image_type":"default","og_image_url":null,"og_image_width":null,"og_image_height":null,"og_image_custom_url":null,"og_image_custom_fields":null,"og_video":null,"og_custom_url":null,"og_article_section":null,"og_article_tags":null,"twitter_use_og":false,"twitter_card":"default","twitter_image_type":"default","twitter_image_url":null,"twitter_image_custom_url":null,"twitter_image_custom_fields":null,"twitter_title":null,"twitter_description":null,"schema":{"blockGraphs":[],"customGraphs":[],"default":{"data":{"Article":[],"Course":[],"Dataset":[],"FAQPage":[],"Movie":[],"Person":[],"Product":[],"ProductReview":[],"Car":[],"Recipe":[],"Service":[],"SoftwareApplication":[],"WebPage":[]},"graphName":"","isEnabled":true},"graphs":[],"defaultGraph":"","defaultPostTypeGraph":""},"schema_type":null,"schema_type_options":null,"pillar_content":false,"robots_default":true,"robots_noindex":false,"robots_noarchive":false,"robots_nosnippet":false,"robots_nofollow":false,"robots_noimageindex":false,"robots_noodp":false,"robots_notranslate":false,"robots_max_snippet":null,"robots_max_videopreview":null,"robots_max_imagepreview":"large","priority":null,"frequency":null,"local_seo":null,"seo_analyzer_scan_date":"2025-10-08 18:50:37","breadcrumb_settings":null,"limit_modified_date":false,"open_ai":null,"ai":null,"created":"2020-12-21 11:56:37","updated":"2025-10-08 18:50:37","focus_keyword":null,"additional_keywords":null,"truseo_locale":null},"aioseo_breadcrumb":"<div class=\"aioseo-breadcrumbs\"><span class=\"aioseo-breadcrumb\">\n\t<a href=\"https:\/\/www.eldigitaldeasturias.com\/noticias\" title=\"Home\">Home<\/a>\n<\/span><span class=\"aioseo-breadcrumb-separator\">\u2013<\/span><span class=\"aioseo-breadcrumb\">\n\t<a href=\"https:\/\/www.eldigitaldeasturias.com\/noticias\/category\/actualidad\/\" title=\"Actualidad\">Actualidad<\/a>\n<\/span><span class=\"aioseo-breadcrumb-separator\">\u2013<\/span><span class=\"aioseo-breadcrumb\">\n\t<a href=\"https:\/\/www.eldigitaldeasturias.com\/noticias\/belgica-rechaza-entregar-a-espana-a-tres-independentistas-catalanes\/\" title=\"B\u00e9lgica rechaza entregar a Espa\u00f1a a tres independentistas catalanes\">B\u00e9lgica rechaza entregar a Espa\u00f1a a tres independentistas catalanes<\/a>\n<\/span><\/div>","aioseo_breadcrumb_json":[{"label":"Home","link":"https:\/\/www.eldigitaldeasturias.com\/noticias"},{"label":"Actualidad","link":"https:\/\/www.eldigitaldeasturias.com\/noticias\/category\/actualidad\/"},{"label":"B\u00e9lgica rechaza entregar a Espa\u00f1a a tres independentistas catalanes","link":"https:\/\/www.eldigitaldeasturias.com\/noticias\/belgica-rechaza-entregar-a-espana-a-tres-independentistas-catalanes\/"}],"_links":{"self":[{"href":"https:\/\/www.eldigitaldeasturias.com\/noticias\/wp-json\/wp\/v2\/posts\/980697","targetHints":{"allow":["GET"]}}],"collection":[{"href":"https:\/\/www.eldigitaldeasturias.com\/noticias\/wp-json\/wp\/v2\/posts"}],"about":[{"href":"https:\/\/www.eldigitaldeasturias.com\/noticias\/wp-json\/wp\/v2\/types\/post"}],"author":[{"embeddable":true,"href":"https:\/\/www.eldigitaldeasturias.com\/noticias\/wp-json\/wp\/v2\/users\/1"}],"replies":[{"embeddable":true,"href":"https:\/\/www.eldigitaldeasturias.com\/noticias\/wp-json\/wp\/v2\/comments?post=980697"}],"version-history":[{"count":0,"href":"https:\/\/www.eldigitaldeasturias.com\/noticias\/wp-json\/wp\/v2\/posts\/980697\/revisions"}],"wp:attachment":[{"href":"https:\/\/www.eldigitaldeasturias.com\/noticias\/wp-json\/wp\/v2\/media?parent=980697"}],"wp:term":[{"taxonomy":"category","embeddable":true,"href":"https:\/\/www.eldigitaldeasturias.com\/noticias\/wp-json\/wp\/v2\/categories?post=980697"},{"taxonomy":"post_tag","embeddable":true,"href":"https:\/\/www.eldigitaldeasturias.com\/noticias\/wp-json\/wp\/v2\/tags?post=980697"}],"curies":[{"name":"wp","href":"https:\/\/api.w.org\/{rel}","templated":true}]}}