{"id":980672,"date":"2018-05-16T23:21:11","date_gmt":"2018-05-16T23:21:11","guid":{"rendered":"http:\/\/www.eldigitaldeasturias.com\/noticias\/?p=980672"},"modified":"2018-05-16T23:21:11","modified_gmt":"2018-05-16T23:21:11","slug":"merkel-defiende-a-ultranza-la-politica-de-austeridad-alemana","status":"publish","type":"post","link":"https:\/\/www.eldigitaldeasturias.com\/noticias\/merkel-defiende-a-ultranza-la-politica-de-austeridad-alemana\/","title":{"rendered":"Merkel defiende a ultranza la pol\u00edtica de austeridad alemana"},"content":{"rendered":"<p><img loading=\"lazy\" decoding=\"async\" class=\"alignleft size-medium wp-image-970727\" src=\"https:\/\/www.eldigitaldeasturias.com\/noticias\/wp-content\/uploads\/2018\/03\/bundestag-2463231_1280-360x240.jpg\" alt=\"\" width=\"360\" height=\"240\" \/>Berl\u00edn, 16 may (dpa) &#8211; En un debate general en el Parlamento alem\u00e1n celebrado con motivo de la presentaci\u00f3n de los presupuestos de 2018, la canciller Angela Merkel defendi\u00f3 hoy a ultranza la pol\u00edtica de austeridad alemana que el pa\u00eds ha convertido en su mantra de acci\u00f3n pol\u00edtica y que tantas cr\u00edticas le ha valido en Europa.<\/p>\n<p>\u00abNo es tan obvio como parece\u00bb, se\u00f1al\u00f3 la mandataria en el Bundestag, para a rengl\u00f3n seguido recalcar que este modo de actuar marca un rumbo de \u00abjusticia\u00bb para las pr\u00f3ximas generaciones.<\/p>\n<p>Alemania prev\u00e9 seguir cumpliendo en 2018 con el equilibrio presupuestario, el llamado \u00abd\u00e9ficit cero\u00bb, y cerrar su quinto a\u00f1o consecutivo sin asumir nuevas deudas que puedan hipotecar el futuro del pa\u00eds.<\/p>\n<p>En este sentido, en 2018 la la gran coalici\u00f3n de conservadores y del Partido Socialdem\u00f3crata (SPD) liderada por Merkel espera ingresar y gastar 341.000 millones de euros, un importe que representa un 3,1 por ciento m\u00e1s que en 2017.<\/p>\n<p>Adem\u00e1s, por primera vez desde 2002, el a\u00f1o que viene Berl\u00edn volver\u00e1 a cumplir con el Pacto Fiscal Europeo, que contempla un endeudamiento m\u00e1ximo del 60 por ciento del producto interior bruto (PIB) de un pa\u00eds miembro de la UE.<\/p>\n<p>A la espera de que el debate de presupuestos avance sin problemas y las nuevas cuentas se puedan aprobar en el Parlamento antes de julio, Merkel tambi\u00e9n se\u00f1al\u00f3 la importancia de que de aqu\u00ed en adelante Alemania aumente su gasto en defensa.<\/p>\n<p>\u00abNo se trata de entrar en la carrera armament\u00edstica, sino simplemente de equiparse. Se trata de un Ej\u00e9rcito que tiene en cuenta las exigencias de hoy en d\u00eda\u00bb, dijo.<\/p>\n<p>\u00abLos soldados deben estar bien dotados para poder llevar a cabo misiones en el extranjero y al mismo tiempo acometer las crecientes tareas de defensa que se llevan a cabo dentro del pa\u00eds\u00bb, subray\u00f3 a continuaci\u00f3n.<\/p>\n<p>Merkel apunt\u00f3 que es necesario abrir un debate sobre las futuras partidas presupuestarias que se deben adjudicar al \u00e1rea militar, as\u00ed como sobre el equipamiento del Ej\u00e9rcito.<\/p>\n<p>En los actuales presupuestos, el Ministerio de Defensa se ha garantizado la segunda mayor dotaci\u00f3n. Para 2018, Berl\u00edn ha dispuesto 38.500 millones de euros (45.500 millones de d\u00f3lares) para el departamento militar, que dirige la pol\u00edtica conservadora Ursula von der Leyen. Para 2019, las cuentas prev\u00e9n hasta 41.500 millones de euros.<\/p>\n<p>Vor der Leyen, no obstante, considera que los fondos son insuficientes de cara a los pr\u00f3ximos a\u00f1os y ha pedido al ministro de Finanzas que contemple una ampliaci\u00f3n de los mismos.<\/p>\n<p>Durante su intervenci\u00f3n, la dirigente germana tambi\u00e9n se mostr\u00f3 confiada de poder alcanzar antes de la cumbre europea de junio un acuerdo con el presidente franc\u00e9s, Emmanuel Macron, sobre el presupuesto de la Uni\u00f3n Europea (UE) y otras cuestiones financieras de la eurozona que todav\u00eda permanecen abiertas.<\/p>\n<p>\u00abEl Gobierno alem\u00e1n va a hablar con Francia sobre el presupuesto de la Uni\u00f3n Europea una vez que Reino Unido abandone el bloque y sobre qu\u00e9 salvaguardas adicionales necesita la eurozona en caso necesario\u00bb, sostuvo.<\/p>\n<p>El debate sobre el estado de la naci\u00f3n celebrado hoy fue m\u00e1s bronco de lo habitual. En un momento del mismo, la jefa de la bancada de la ultraderechista Alternativa para Alemania (AfD), Alice Weidel, fue llamada al orden en el Parlamento por haberse burlado de los musulmanes.<\/p>\n<p>Weidel fustig\u00f3 con dureza la pol\u00edtica de inmigraci\u00f3n y asilo del Gobierno de la canciller Angela Merkel.<\/p>\n<p>\u00abBurkas, chicas con velo, hombres con navaja alimentados (por el Estado) y dem\u00e1s (&#8230;) no asegurar\u00e1n nuestra prosperidad, nuestro crecimiento econ\u00f3mico y en especial nuestro Estado de bienestar\u00bb, carg\u00f3 Weidel, cabeza de un partido islam\u00f3fobo que se erigi\u00f3 como tercera fuerza pol\u00edtica de Alemania y primer partido opositor a la coalici\u00f3n de democristianos y socialdem\u00f3cratas encabezada por Merkel.<\/p>\n<p>En medio de los abucheos de otros legisladores, el presidente del Parlamento, el ex titular de Finanzas Wolfgang Sch\u00e4uble, reprendi\u00f3 a la diputada alegando que estaba discriminando a todas las mujeres que llevan el velo isl\u00e1mico.<\/p>\n<p><i class=\"lang-es\"><span class=\" readonly\" title=\"\">Por Teresa Dapp (dpa)<\/span><\/i><\/p>\n","protected":false},"excerpt":{"rendered":"<p>Berl\u00edn, 16 may (dpa) &#8211; En un debate general en el Parlamento alem\u00e1n celebrado con motivo de la presentaci\u00f3n de los presupuestos de 2018, la canciller Angela Merkel defendi\u00f3 hoy a ultranza la pol\u00edtica de austeridad alemana que el pa\u00eds ha convertido en su mantra de acci\u00f3n pol\u00edtica y que tantas cr\u00edticas le ha valido [&hellip;]<\/p>\n","protected":false},"author":1,"featured_media":970727,"comment_status":"closed","ping_status":"closed","sticky":false,"template":"","format":"standard","meta":{"footnotes":""},"categories":[1],"tags":[],"class_list":["post-980672","post","type-post","status-publish","format-standard","has-post-thumbnail","hentry","category-actualidad"],"aioseo_notices":[],"aioseo_head":"\n\t\t<!-- All in One SEO Pro 5.0.1 - aioseo.com -->\n\t<meta name=\"description\" content=\"Berl\u00edn, 16 may (dpa) - En un debate general en el Parlamento alem\u00e1n celebrado con motivo de la presentaci\u00f3n de los presupuestos de 2018, la canciller Angela Merkel defendi\u00f3 hoy a ultranza la pol\u00edtica de austeridad alemana que el pa\u00eds ha convertido en su mantra de acci\u00f3n pol\u00edtica y que tantas cr\u00edticas le ha valido\" \/>\n\t<meta name=\"robots\" content=\"max-image-preview:large\" \/>\n\t<meta name=\"author\" content=\"El Digital de Asturias\"\/>\n\t<meta name=\"google-site-verification\" content=\"UA-38556648-1\" \/>\n\t<meta name=\"msvalidate.01\" content=\"7dfe9f3f1b24437ab69f4f2559babe99\" \/>\n\t<meta name=\"keywords\" content=\"actualidad\" \/>\n\t<link rel=\"canonical\" href=\"https:\/\/www.eldigitaldeasturias.com\/noticias\/merkel-defiende-a-ultranza-la-politica-de-austeridad-alemana\/\" \/>\n\t<meta name=\"generator\" content=\"All in One SEO Pro (AIOSEO) 5.0.1\" \/>\n\t\t<meta property=\"og:locale\" content=\"es_ES\" \/>\n\t\t<meta property=\"og:site_name\" content=\"El Digital de Asturias\" \/>\n\t\t<meta property=\"og:type\" content=\"article\" \/>\n\t\t<meta property=\"og:title\" content=\"Merkel defiende a ultranza la pol\u00edtica de austeridad alemana - El Digital de Asturias\" \/>\n\t\t<meta property=\"og:description\" content=\"Berl\u00edn, 16 may (dpa) - En un debate general en el Parlamento alem\u00e1n celebrado con motivo de la presentaci\u00f3n de los presupuestos de 2018, la canciller Angela Merkel defendi\u00f3 hoy a ultranza la pol\u00edtica de austeridad alemana que el pa\u00eds ha convertido en su mantra de acci\u00f3n pol\u00edtica y que tantas cr\u00edticas le ha valido\" \/>\n\t\t<meta property=\"og:url\" content=\"https:\/\/www.eldigitaldeasturias.com\/noticias\/merkel-defiende-a-ultranza-la-politica-de-austeridad-alemana\/\" \/>\n\t\t<meta property=\"article:tag\" content=\"actualidad\" \/>\n\t\t<meta property=\"article:published_time\" content=\"2018-05-16T23:21:11+00:00\" \/>\n\t\t<meta property=\"article:modified_time\" content=\"2018-05-16T23:21:11+00:00\" \/>\n\t\t<meta property=\"article:publisher\" content=\"https:\/\/facebook.com\/eldigitaldeasturias\" \/>\n\t\t<meta name=\"twitter:card\" content=\"summary_large_image\" \/>\n\t\t<meta name=\"twitter:title\" content=\"Merkel defiende a ultranza la pol\u00edtica de austeridad alemana - El Digital de Asturias\" \/>\n\t\t<meta name=\"twitter:description\" content=\"Berl\u00edn, 16 may (dpa) - En un debate general en el Parlamento alem\u00e1n celebrado con motivo de la presentaci\u00f3n de los presupuestos de 2018, la canciller Angela Merkel defendi\u00f3 hoy a ultranza la pol\u00edtica de austeridad alemana que el pa\u00eds ha convertido en su mantra de acci\u00f3n pol\u00edtica y que tantas cr\u00edticas le ha valido\" \/>\n\t\t<meta name=\"twitter:image\" content=\"https:\/\/www.eldigitaldeasturias.com\/noticias\/wp-content\/uploads\/2020\/12\/EDA-1.jpg\" \/>\n\t\t<meta name=\"twitter:label1\" content=\"Escrito por\" \/>\n\t\t<meta name=\"twitter:data1\" content=\"El Digital de Asturias\" \/>\n\t\t<meta name=\"twitter:label2\" content=\"Tiempo de lectura estimado\" \/>\n\t\t<meta name=\"twitter:data2\" content=\"4 minutos\" \/>\n\t\t<script type=\"application\/ld+json\" class=\"aioseo-schema\">\n\t\t\t{\"@context\":\"https:\\\/\\\/schema.org\",\"@graph\":[{\"@type\":\"BlogPosting\",\"@id\":\"https:\\\/\\\/www.eldigitaldeasturias.com\\\/noticias\\\/merkel-defiende-a-ultranza-la-politica-de-austeridad-alemana\\\/#blogposting\",\"name\":\"Merkel defiende a ultranza la pol\\u00edtica de austeridad alemana - El Digital de Asturias\",\"headline\":\"Merkel defiende a ultranza la pol\\u00edtica de austeridad alemana\",\"author\":{\"@id\":\"https:\\\/\\\/www.eldigitaldeasturias.com\\\/noticias\\\/author\\\/admin\\\/#author\"},\"publisher\":{\"@id\":\"https:\\\/\\\/www.eldigitaldeasturias.com\\\/noticias\\\/#organization\"},\"image\":{\"@type\":\"ImageObject\",\"url\":970727},\"datePublished\":\"2018-05-16T23:21:11+02:00\",\"dateModified\":\"2018-05-16T23:21:11+02:00\",\"inLanguage\":\"es-ES\",\"mainEntityOfPage\":{\"@id\":\"https:\\\/\\\/www.eldigitaldeasturias.com\\\/noticias\\\/merkel-defiende-a-ultranza-la-politica-de-austeridad-alemana\\\/#webpage\"},\"isPartOf\":{\"@id\":\"https:\\\/\\\/www.eldigitaldeasturias.com\\\/noticias\\\/merkel-defiende-a-ultranza-la-politica-de-austeridad-alemana\\\/#webpage\"},\"articleSection\":\"Actualidad\"},{\"@type\":\"BreadcrumbList\",\"@id\":\"https:\\\/\\\/www.eldigitaldeasturias.com\\\/noticias\\\/merkel-defiende-a-ultranza-la-politica-de-austeridad-alemana\\\/#breadcrumblist\",\"itemListElement\":[{\"@type\":\"ListItem\",\"@id\":\"https:\\\/\\\/www.eldigitaldeasturias.com\\\/noticias#listItem\",\"position\":1,\"name\":\"Home\",\"item\":\"https:\\\/\\\/www.eldigitaldeasturias.com\\\/noticias\",\"nextItem\":{\"@type\":\"ListItem\",\"@id\":\"https:\\\/\\\/www.eldigitaldeasturias.com\\\/noticias\\\/category\\\/actualidad\\\/#listItem\",\"name\":\"Actualidad\"}},{\"@type\":\"ListItem\",\"@id\":\"https:\\\/\\\/www.eldigitaldeasturias.com\\\/noticias\\\/category\\\/actualidad\\\/#listItem\",\"position\":2,\"name\":\"Actualidad\",\"item\":\"https:\\\/\\\/www.eldigitaldeasturias.com\\\/noticias\\\/category\\\/actualidad\\\/\",\"nextItem\":{\"@type\":\"ListItem\",\"@id\":\"https:\\\/\\\/www.eldigitaldeasturias.com\\\/noticias\\\/merkel-defiende-a-ultranza-la-politica-de-austeridad-alemana\\\/#listItem\",\"name\":\"Merkel defiende a ultranza la pol\\u00edtica de austeridad alemana\"},\"previousItem\":{\"@type\":\"ListItem\",\"@id\":\"https:\\\/\\\/www.eldigitaldeasturias.com\\\/noticias#listItem\",\"name\":\"Home\"}},{\"@type\":\"ListItem\",\"@id\":\"https:\\\/\\\/www.eldigitaldeasturias.com\\\/noticias\\\/merkel-defiende-a-ultranza-la-politica-de-austeridad-alemana\\\/#listItem\",\"position\":3,\"name\":\"Merkel defiende a ultranza la pol\\u00edtica de austeridad alemana\",\"previousItem\":{\"@type\":\"ListItem\",\"@id\":\"https:\\\/\\\/www.eldigitaldeasturias.com\\\/noticias\\\/category\\\/actualidad\\\/#listItem\",\"name\":\"Actualidad\"}}]},{\"@type\":\"Organization\",\"@id\":\"https:\\\/\\\/www.eldigitaldeasturias.com\\\/noticias\\\/#organization\",\"name\":\"El Digital de Asturias\",\"description\":\"Hemeroteca\",\"url\":\"https:\\\/\\\/www.eldigitaldeasturias.com\\\/noticias\\\/\",\"email\":\"info@eldigitaldeasturias.com\",\"telephone\":\"+34652131393\",\"logo\":{\"@type\":\"ImageObject\",\"url\":\"https:\\\/\\\/www.eldigitaldeasturias.com\\\/noticias\\\/wp-content\\\/uploads\\\/2020\\\/12\\\/EDA.jpg\",\"@id\":\"https:\\\/\\\/www.eldigitaldeasturias.com\\\/noticias\\\/merkel-defiende-a-ultranza-la-politica-de-austeridad-alemana\\\/#organizationLogo\"},\"image\":{\"@id\":\"https:\\\/\\\/www.eldigitaldeasturias.com\\\/noticias\\\/merkel-defiende-a-ultranza-la-politica-de-austeridad-alemana\\\/#organizationLogo\"},\"sameAs\":[\"https:\\\/\\\/facebook.com\\\/eldigitaldeasturias\",\"https:\\\/\\\/www.youtube.com\\\/channel\\\/UCZP-2wLEB9Rv6erhFmqVnvg\"],\"address\":{\"@id\":\"https:\\\/\\\/www.eldigitaldeasturias.com\\\/noticias\\\/#postaladdress\",\"@type\":\"PostalAddress\",\"streetAddress\":\"san antonio 4\",\"postalCode\":\"33430\",\"addressLocality\":\"Cand\\u00e1s\",\"addressRegion\":\"Asturias\",\"addressCountry\":\"ES\"}},{\"@type\":\"Person\",\"@id\":\"https:\\\/\\\/www.eldigitaldeasturias.com\\\/noticias\\\/author\\\/admin\\\/#author\",\"url\":\"https:\\\/\\\/www.eldigitaldeasturias.com\\\/noticias\\\/author\\\/admin\\\/\",\"name\":\"El Digital de Asturias\",\"image\":{\"@type\":\"ImageObject\",\"@id\":\"https:\\\/\\\/www.eldigitaldeasturias.com\\\/noticias\\\/merkel-defiende-a-ultranza-la-politica-de-austeridad-alemana\\\/#authorImage\",\"url\":\"https:\\\/\\\/secure.gravatar.com\\\/avatar\\\/df2aeffc32bcd13f8d26072ef8a91b623d677766deac7f97ca815868cd41bf5e?s=96&d=mm&r=g\",\"width\":96,\"height\":96,\"caption\":\"El Digital de Asturias\"}},{\"@type\":\"WebPage\",\"@id\":\"https:\\\/\\\/www.eldigitaldeasturias.com\\\/noticias\\\/merkel-defiende-a-ultranza-la-politica-de-austeridad-alemana\\\/#webpage\",\"url\":\"https:\\\/\\\/www.eldigitaldeasturias.com\\\/noticias\\\/merkel-defiende-a-ultranza-la-politica-de-austeridad-alemana\\\/\",\"name\":\"Merkel defiende a ultranza la pol\\u00edtica de austeridad alemana - El Digital de Asturias\",\"description\":\"Berl\\u00edn, 16 may (dpa) - En un debate general en el Parlamento alem\\u00e1n celebrado con motivo de la presentaci\\u00f3n de los presupuestos de 2018, la canciller Angela Merkel defendi\\u00f3 hoy a ultranza la pol\\u00edtica de austeridad alemana que el pa\\u00eds ha convertido en su mantra de acci\\u00f3n pol\\u00edtica y que tantas cr\\u00edticas le ha valido\",\"inLanguage\":\"es-ES\",\"isPartOf\":{\"@id\":\"https:\\\/\\\/www.eldigitaldeasturias.com\\\/noticias\\\/#website\"},\"breadcrumb\":{\"@id\":\"https:\\\/\\\/www.eldigitaldeasturias.com\\\/noticias\\\/merkel-defiende-a-ultranza-la-politica-de-austeridad-alemana\\\/#breadcrumblist\"},\"author\":{\"@id\":\"https:\\\/\\\/www.eldigitaldeasturias.com\\\/noticias\\\/author\\\/admin\\\/#author\"},\"creator\":{\"@id\":\"https:\\\/\\\/www.eldigitaldeasturias.com\\\/noticias\\\/author\\\/admin\\\/#author\"},\"image\":{\"@type\":\"ImageObject\",\"url\":970727,\"@id\":\"https:\\\/\\\/www.eldigitaldeasturias.com\\\/noticias\\\/merkel-defiende-a-ultranza-la-politica-de-austeridad-alemana\\\/#mainImage\"},\"primaryImageOfPage\":{\"@id\":\"https:\\\/\\\/www.eldigitaldeasturias.com\\\/noticias\\\/merkel-defiende-a-ultranza-la-politica-de-austeridad-alemana\\\/#mainImage\"},\"datePublished\":\"2018-05-16T23:21:11+02:00\",\"dateModified\":\"2018-05-16T23:21:11+02:00\"},{\"@type\":\"WebSite\",\"@id\":\"https:\\\/\\\/www.eldigitaldeasturias.com\\\/noticias\\\/#website\",\"url\":\"https:\\\/\\\/www.eldigitaldeasturias.com\\\/noticias\\\/\",\"name\":\"El Digital de Asturias - Diario de actualidad y noticias\",\"alternateName\":\"El Digital de Asturias - Diario de actualidad y noticias\",\"description\":\"Hemeroteca\",\"inLanguage\":\"es-ES\",\"publisher\":{\"@id\":\"https:\\\/\\\/www.eldigitaldeasturias.com\\\/noticias\\\/#organization\"}}]}\n\t\t<\/script>\n\t\t<!-- All in One SEO Pro -->\r\n\t\t<title>Merkel defiende a ultranza la pol\u00edtica de austeridad alemana - El Digital de Asturias<\/title>\n\n","aioseo_head_json":{"title":"Merkel defiende a ultranza la pol\u00edtica de austeridad alemana - El Digital de Asturias","description":"Berl\u00edn, 16 may (dpa) - En un debate general en el Parlamento alem\u00e1n celebrado con motivo de la presentaci\u00f3n de los presupuestos de 2018, la canciller Angela Merkel defendi\u00f3 hoy a ultranza la pol\u00edtica de austeridad alemana que el pa\u00eds ha convertido en su mantra de acci\u00f3n pol\u00edtica y que tantas cr\u00edticas le ha valido","canonical_url":"https:\/\/www.eldigitaldeasturias.com\/noticias\/merkel-defiende-a-ultranza-la-politica-de-austeridad-alemana\/","robots":"max-image-preview:large","keywords":"actualidad","webmasterTools":{"google-site-verification":"UA-38556648-1","msvalidate.01":"7dfe9f3f1b24437ab69f4f2559babe99","miscellaneous":""},"schema":{"@context":"https:\/\/schema.org","@graph":[{"@type":"BlogPosting","@id":"https:\/\/www.eldigitaldeasturias.com\/noticias\/merkel-defiende-a-ultranza-la-politica-de-austeridad-alemana\/#blogposting","name":"Merkel defiende a ultranza la pol\u00edtica de austeridad alemana - El Digital de Asturias","headline":"Merkel defiende a ultranza la pol\u00edtica de austeridad alemana","author":{"@id":"https:\/\/www.eldigitaldeasturias.com\/noticias\/author\/admin\/#author"},"publisher":{"@id":"https:\/\/www.eldigitaldeasturias.com\/noticias\/#organization"},"image":{"@type":"ImageObject","url":970727},"datePublished":"2018-05-16T23:21:11+02:00","dateModified":"2018-05-16T23:21:11+02:00","inLanguage":"es-ES","mainEntityOfPage":{"@id":"https:\/\/www.eldigitaldeasturias.com\/noticias\/merkel-defiende-a-ultranza-la-politica-de-austeridad-alemana\/#webpage"},"isPartOf":{"@id":"https:\/\/www.eldigitaldeasturias.com\/noticias\/merkel-defiende-a-ultranza-la-politica-de-austeridad-alemana\/#webpage"},"articleSection":"Actualidad"},{"@type":"BreadcrumbList","@id":"https:\/\/www.eldigitaldeasturias.com\/noticias\/merkel-defiende-a-ultranza-la-politica-de-austeridad-alemana\/#breadcrumblist","itemListElement":[{"@type":"ListItem","@id":"https:\/\/www.eldigitaldeasturias.com\/noticias#listItem","position":1,"name":"Home","item":"https:\/\/www.eldigitaldeasturias.com\/noticias","nextItem":{"@type":"ListItem","@id":"https:\/\/www.eldigitaldeasturias.com\/noticias\/category\/actualidad\/#listItem","name":"Actualidad"}},{"@type":"ListItem","@id":"https:\/\/www.eldigitaldeasturias.com\/noticias\/category\/actualidad\/#listItem","position":2,"name":"Actualidad","item":"https:\/\/www.eldigitaldeasturias.com\/noticias\/category\/actualidad\/","nextItem":{"@type":"ListItem","@id":"https:\/\/www.eldigitaldeasturias.com\/noticias\/merkel-defiende-a-ultranza-la-politica-de-austeridad-alemana\/#listItem","name":"Merkel defiende a ultranza la pol\u00edtica de austeridad alemana"},"previousItem":{"@type":"ListItem","@id":"https:\/\/www.eldigitaldeasturias.com\/noticias#listItem","name":"Home"}},{"@type":"ListItem","@id":"https:\/\/www.eldigitaldeasturias.com\/noticias\/merkel-defiende-a-ultranza-la-politica-de-austeridad-alemana\/#listItem","position":3,"name":"Merkel defiende a ultranza la pol\u00edtica de austeridad alemana","previousItem":{"@type":"ListItem","@id":"https:\/\/www.eldigitaldeasturias.com\/noticias\/category\/actualidad\/#listItem","name":"Actualidad"}}]},{"@type":"Organization","@id":"https:\/\/www.eldigitaldeasturias.com\/noticias\/#organization","name":"El Digital de Asturias","description":"Hemeroteca","url":"https:\/\/www.eldigitaldeasturias.com\/noticias\/","email":"info@eldigitaldeasturias.com","telephone":"+34652131393","logo":{"@type":"ImageObject","url":"https:\/\/www.eldigitaldeasturias.com\/noticias\/wp-content\/uploads\/2020\/12\/EDA.jpg","@id":"https:\/\/www.eldigitaldeasturias.com\/noticias\/merkel-defiende-a-ultranza-la-politica-de-austeridad-alemana\/#organizationLogo"},"image":{"@id":"https:\/\/www.eldigitaldeasturias.com\/noticias\/merkel-defiende-a-ultranza-la-politica-de-austeridad-alemana\/#organizationLogo"},"sameAs":["https:\/\/facebook.com\/eldigitaldeasturias","https:\/\/www.youtube.com\/channel\/UCZP-2wLEB9Rv6erhFmqVnvg"],"address":{"@id":"https:\/\/www.eldigitaldeasturias.com\/noticias\/#postaladdress","@type":"PostalAddress","streetAddress":"san antonio 4","postalCode":"33430","addressLocality":"Cand\u00e1s","addressRegion":"Asturias","addressCountry":"ES"}},{"@type":"Person","@id":"https:\/\/www.eldigitaldeasturias.com\/noticias\/author\/admin\/#author","url":"https:\/\/www.eldigitaldeasturias.com\/noticias\/author\/admin\/","name":"El Digital de Asturias","image":{"@type":"ImageObject","@id":"https:\/\/www.eldigitaldeasturias.com\/noticias\/merkel-defiende-a-ultranza-la-politica-de-austeridad-alemana\/#authorImage","url":"https:\/\/secure.gravatar.com\/avatar\/df2aeffc32bcd13f8d26072ef8a91b623d677766deac7f97ca815868cd41bf5e?s=96&d=mm&r=g","width":96,"height":96,"caption":"El Digital de Asturias"}},{"@type":"WebPage","@id":"https:\/\/www.eldigitaldeasturias.com\/noticias\/merkel-defiende-a-ultranza-la-politica-de-austeridad-alemana\/#webpage","url":"https:\/\/www.eldigitaldeasturias.com\/noticias\/merkel-defiende-a-ultranza-la-politica-de-austeridad-alemana\/","name":"Merkel defiende a ultranza la pol\u00edtica de austeridad alemana - El Digital de Asturias","description":"Berl\u00edn, 16 may (dpa) - En un debate general en el Parlamento alem\u00e1n celebrado con motivo de la presentaci\u00f3n de los presupuestos de 2018, la canciller Angela Merkel defendi\u00f3 hoy a ultranza la pol\u00edtica de austeridad alemana que el pa\u00eds ha convertido en su mantra de acci\u00f3n pol\u00edtica y que tantas cr\u00edticas le ha valido","inLanguage":"es-ES","isPartOf":{"@id":"https:\/\/www.eldigitaldeasturias.com\/noticias\/#website"},"breadcrumb":{"@id":"https:\/\/www.eldigitaldeasturias.com\/noticias\/merkel-defiende-a-ultranza-la-politica-de-austeridad-alemana\/#breadcrumblist"},"author":{"@id":"https:\/\/www.eldigitaldeasturias.com\/noticias\/author\/admin\/#author"},"creator":{"@id":"https:\/\/www.eldigitaldeasturias.com\/noticias\/author\/admin\/#author"},"image":{"@type":"ImageObject","url":970727,"@id":"https:\/\/www.eldigitaldeasturias.com\/noticias\/merkel-defiende-a-ultranza-la-politica-de-austeridad-alemana\/#mainImage"},"primaryImageOfPage":{"@id":"https:\/\/www.eldigitaldeasturias.com\/noticias\/merkel-defiende-a-ultranza-la-politica-de-austeridad-alemana\/#mainImage"},"datePublished":"2018-05-16T23:21:11+02:00","dateModified":"2018-05-16T23:21:11+02:00"},{"@type":"WebSite","@id":"https:\/\/www.eldigitaldeasturias.com\/noticias\/#website","url":"https:\/\/www.eldigitaldeasturias.com\/noticias\/","name":"El Digital de Asturias - Diario de actualidad y noticias","alternateName":"El Digital de Asturias - Diario de actualidad y noticias","description":"Hemeroteca","inLanguage":"es-ES","publisher":{"@id":"https:\/\/www.eldigitaldeasturias.com\/noticias\/#organization"}}]},"og:locale":"es_ES","og:site_name":"El Digital de Asturias","og:type":"article","og:title":"Merkel defiende a ultranza la pol\u00edtica de austeridad alemana - El Digital de Asturias","og:description":"Berl\u00edn, 16 may (dpa) - En un debate general en el Parlamento alem\u00e1n celebrado con motivo de la presentaci\u00f3n de los presupuestos de 2018, la canciller Angela Merkel defendi\u00f3 hoy a ultranza la pol\u00edtica de austeridad alemana que el pa\u00eds ha convertido en su mantra de acci\u00f3n pol\u00edtica y que tantas cr\u00edticas le ha valido","og:url":"https:\/\/www.eldigitaldeasturias.com\/noticias\/merkel-defiende-a-ultranza-la-politica-de-austeridad-alemana\/","article:tag":["actualidad"],"article:published_time":"2018-05-16T23:21:11+00:00","article:modified_time":"2018-05-16T23:21:11+00:00","article:publisher":"https:\/\/facebook.com\/eldigitaldeasturias","twitter:card":"summary_large_image","twitter:title":"Merkel defiende a ultranza la pol\u00edtica de austeridad alemana - El Digital de Asturias","twitter:description":"Berl\u00edn, 16 may (dpa) - En un debate general en el Parlamento alem\u00e1n celebrado con motivo de la presentaci\u00f3n de los presupuestos de 2018, la canciller Angela Merkel defendi\u00f3 hoy a ultranza la pol\u00edtica de austeridad alemana que el pa\u00eds ha convertido en su mantra de acci\u00f3n pol\u00edtica y que tantas cr\u00edticas le ha valido","twitter:image":"https:\/\/www.eldigitaldeasturias.com\/noticias\/wp-content\/uploads\/2020\/12\/EDA-1.jpg","twitter:label1":"Escrito por","twitter:data1":"El Digital de Asturias","twitter:label2":"Tiempo de lectura estimado","twitter:data2":"4 minutos"},"aioseo_meta_data":{"post_id":"980672","title":null,"description":null,"keywords":null,"keyphrases":null,"primary_term":null,"canonical_url":null,"og_title":null,"og_description":null,"og_object_type":"default","og_image_type":"default","og_image_url":null,"og_image_width":null,"og_image_height":null,"og_image_custom_url":null,"og_image_custom_fields":null,"og_video":null,"og_custom_url":null,"og_article_section":null,"og_article_tags":null,"twitter_use_og":false,"twitter_card":"default","twitter_image_type":"default","twitter_image_url":null,"twitter_image_custom_url":null,"twitter_image_custom_fields":null,"twitter_title":null,"twitter_description":null,"schema":{"blockGraphs":[],"customGraphs":[],"default":{"data":{"Article":[],"Course":[],"Dataset":[],"FAQPage":[],"Movie":[],"Person":[],"Product":[],"ProductReview":[],"Car":[],"Recipe":[],"Service":[],"SoftwareApplication":[],"WebPage":[]},"graphName":"","isEnabled":true},"graphs":[],"defaultGraph":"","defaultPostTypeGraph":""},"schema_type":null,"schema_type_options":null,"pillar_content":false,"robots_default":true,"robots_noindex":false,"robots_noarchive":false,"robots_nosnippet":false,"robots_nofollow":false,"robots_noimageindex":false,"robots_noodp":false,"robots_notranslate":false,"robots_max_snippet":null,"robots_max_videopreview":null,"robots_max_imagepreview":"large","priority":null,"frequency":null,"local_seo":null,"seo_analyzer_scan_date":"2025-10-08 18:45:07","breadcrumb_settings":null,"limit_modified_date":false,"open_ai":null,"ai":null,"created":"2020-12-21 11:56:37","updated":"2025-10-08 18:45:07","focus_keyword":null,"additional_keywords":null,"truseo_locale":null},"aioseo_breadcrumb":"<div class=\"aioseo-breadcrumbs\"><span class=\"aioseo-breadcrumb\">\n\t<a href=\"https:\/\/www.eldigitaldeasturias.com\/noticias\" title=\"Home\">Home<\/a>\n<\/span><span class=\"aioseo-breadcrumb-separator\">\u2013<\/span><span class=\"aioseo-breadcrumb\">\n\t<a href=\"https:\/\/www.eldigitaldeasturias.com\/noticias\/category\/actualidad\/\" title=\"Actualidad\">Actualidad<\/a>\n<\/span><span class=\"aioseo-breadcrumb-separator\">\u2013<\/span><span class=\"aioseo-breadcrumb\">\n\t<a href=\"https:\/\/www.eldigitaldeasturias.com\/noticias\/merkel-defiende-a-ultranza-la-politica-de-austeridad-alemana\/\" title=\"Merkel defiende a ultranza la pol\u00edtica de austeridad alemana\">Merkel defiende a ultranza la pol\u00edtica de austeridad alemana<\/a>\n<\/span><\/div>","aioseo_breadcrumb_json":[{"label":"Home","link":"https:\/\/www.eldigitaldeasturias.com\/noticias"},{"label":"Actualidad","link":"https:\/\/www.eldigitaldeasturias.com\/noticias\/category\/actualidad\/"},{"label":"Merkel defiende a ultranza la pol\u00edtica de austeridad alemana","link":"https:\/\/www.eldigitaldeasturias.com\/noticias\/merkel-defiende-a-ultranza-la-politica-de-austeridad-alemana\/"}],"_links":{"self":[{"href":"https:\/\/www.eldigitaldeasturias.com\/noticias\/wp-json\/wp\/v2\/posts\/980672","targetHints":{"allow":["GET"]}}],"collection":[{"href":"https:\/\/www.eldigitaldeasturias.com\/noticias\/wp-json\/wp\/v2\/posts"}],"about":[{"href":"https:\/\/www.eldigitaldeasturias.com\/noticias\/wp-json\/wp\/v2\/types\/post"}],"author":[{"embeddable":true,"href":"https:\/\/www.eldigitaldeasturias.com\/noticias\/wp-json\/wp\/v2\/users\/1"}],"replies":[{"embeddable":true,"href":"https:\/\/www.eldigitaldeasturias.com\/noticias\/wp-json\/wp\/v2\/comments?post=980672"}],"version-history":[{"count":0,"href":"https:\/\/www.eldigitaldeasturias.com\/noticias\/wp-json\/wp\/v2\/posts\/980672\/revisions"}],"wp:attachment":[{"href":"https:\/\/www.eldigitaldeasturias.com\/noticias\/wp-json\/wp\/v2\/media?parent=980672"}],"wp:term":[{"taxonomy":"category","embeddable":true,"href":"https:\/\/www.eldigitaldeasturias.com\/noticias\/wp-json\/wp\/v2\/categories?post=980672"},{"taxonomy":"post_tag","embeddable":true,"href":"https:\/\/www.eldigitaldeasturias.com\/noticias\/wp-json\/wp\/v2\/tags?post=980672"}],"curies":[{"name":"wp","href":"https:\/\/api.w.org\/{rel}","templated":true}]}}