{"id":980664,"date":"2018-05-16T23:10:48","date_gmt":"2018-05-16T23:10:48","guid":{"rendered":"http:\/\/www.eldigitaldeasturias.com\/noticias\/?p=980664"},"modified":"2018-05-16T23:10:48","modified_gmt":"2018-05-16T23:10:48","slug":"guatemala-inaugura-su-embajada-en-jerusalen","status":"publish","type":"post","link":"https:\/\/www.eldigitaldeasturias.com\/noticias\/guatemala-inaugura-su-embajada-en-jerusalen\/","title":{"rendered":"Guatemala inaugura su embajada en Jerusal\u00e9n"},"content":{"rendered":"<p><img loading=\"lazy\" decoding=\"async\" class=\"alignleft size-medium wp-image-979882\" src=\"https:\/\/www.eldigitaldeasturias.com\/noticias\/wp-content\/uploads\/2018\/05\/barbed-wire-1876148_960_720-360x218.jpg\" alt=\"\" width=\"360\" height=\"218\" \/>Jerusal\u00e9n, 16 may (dpa) &#8211; Dos d\u00edas despu\u00e9s de que lo hiciera Estados Unidos, Guatemala inaugur\u00f3 hoy oficialmente su embajada en Jerusal\u00e9n con la presencia del presidente del pa\u00eds, Jimmy Morales, y del primer ministro israel\u00ed, Benjamin Netanyahu, que subray\u00f3 en su discurso la enorme amistad que une a ambos pa\u00edses.<\/p>\n<p>Netanyahu record\u00f3 que \u00abGuatemala siempre est\u00e1 entre los primeros\u00bb, en alusi\u00f3n a que el pa\u00eds fue el segundo en reconocer la fundaci\u00f3n del Estado de Israel el 14 de mayo de 1948, despu\u00e9s de Estados Unidos, y el primero de Latinoam\u00e9rica.<\/p>\n<p>Adem\u00e1s, en 1956 fue el primero del mundo en establecer en Jerusal\u00e9n su embajada, destac\u00f3 la embajadora guatemalteca, Sara Sol\u00eds.<\/p>\n<p>\u00abGuatemala, dicen muchos, tom\u00f3 una decisi\u00f3n valiente. Dimos un paso al frente hacia el amor, la prosperidad y la paz y puedo afirmar que traer\u00e1 un legado de enormes beneficios para nosotros\u00bb, asegur\u00f3 Jimmy Morales poco antes de que se cortara oficialmente la cinta de inauguraci\u00f3n.<\/p>\n<p>\u00abEn dos ocasiones he visitado Israel\u00bb, a\u00f1adi\u00f3 el mandatario, pero le bastaron para ver la calidad de su pueblo, su prosperidad y que es \u00abuna luz para las naciones en el mundo\u00bb.<\/p>\n<p>El de hoy es \u00abun hecho trascendental para las futuras generaciones. Sus hijos recordar\u00e1n que sus amigos tomaron decisiones valientes en favor de Israel\u00bb, subray\u00f3 Morales, \u00abreafirmando la creencia de que somos hermanos y amigos que podemos caminar juntos\u00bb.<\/p>\n<p>\u00ab\u00a1Misi\u00f3n cumplida!\u00bb, a\u00f1adi\u00f3. \u00abDesde hace 70 a\u00f1os decidimos ayudar y ser amigos de Israel, y hoy lo volvemos a mostrar\u00bb.<\/p>\n<p>Tambi\u00e9n Netanyahu record\u00f3 el apoyo de Guatemala desde el principio, y sobre todo el trabajo de lobby del embajador guatemalteco ante la ONU en 1947, Jorge Granados, que impuls\u00f3 el apoyo al plan de partici\u00f3n de Palestina que dio paso al surgimiento de Israel un a\u00f1o m\u00e1s tarde.<\/p>\n<p>A causa de ello hay una calle \u00abaqu\u00ed muy cerca que se llama Guatemala, y calles en muchas ciudades israel\u00edes que se llaman Guatemala\u00bb, asegur\u00f3 el primer ministro.<\/p>\n<p>\u00abGuatemala es nuestra amiga, entonces y ahora; compartimos tantas metas y valores y aunque estemos lejos, en realidad no lo estamos\u00bb, a\u00f1adi\u00f3 Netanyahu.<\/p>\n<p>Al iniciar el acto, Sol\u00eds habl\u00f3 de \u00abun d\u00eda hist\u00f3rico, es el d\u00eda en que la embajada de Guatemala regresa a Jerusal\u00e9n\u00bb, ciudad a la que la tambi\u00e9n presente ministra de Relaciones Exteriores de Guatemala, Sandra Jovel, calific\u00f3 como \u00abla capital eterna de Israel\u00bb.<\/p>\n<p>El pa\u00eds centroamericano sigui\u00f3 as\u00ed el movimiento iniciado por el presidente estadounidense, Donald Trump, en una fecha que coincide adem\u00e1s con las celebraciones de los 70 a\u00f1os de la creaci\u00f3n de Israel. La semana pr\u00f3xima ser\u00e1 a su vez el turno de Paraguay de trasladar su embajada.<\/p>\n<p>Tras la inauguraci\u00f3n de la legaci\u00f3n estadounidense el lunes se produjeron graves disturbios en la Franja de Gaza en los que los soldados israel\u00edes mataron a 60 palestinos, un hecho que desat\u00f3 fuertes cr\u00edticas internacionales.<\/p>\n<p>El traslado de las embajadas de Tel Aviv a Jerusal\u00e9n es muy pol\u00e9mico porque el estatus de la Ciudad Santa debe establecerse seg\u00fan la comunidad internacional en el marco de futuras negociaciones de paz entre Israel y los palestinos, que adem\u00e1s reclaman la parte Este de la ciudad como la capital de un futuro Estado propio. Por el contrario, Israel exige que toda Jerusal\u00e9n sea su capital.<\/p>\n<p>Arie Kacowicz, profesor de relaciones internacionales en la Universidad Hebrea, se\u00f1al\u00f3 que hasta 1980 Guatemala y varios pa\u00edses latinoamericanos -entre ellos Bolivia, Chile, Venezuela y Uruguay- ten\u00edan su embajada en Jerusal\u00e9n. Pero entonces se produjo la anexi\u00f3n mediante una ley de Jerusal\u00e9n Oriental, que hab\u00eda sido ocupado en la guerra de 1967, y el Consejo de Seguridad de la ONU inst\u00f3 a los pa\u00edses a trasladar sus legaciones a Tel Aviv.<\/p>\n<p>\u00abIsrael y Guatemala tienen buenas relaciones desde hace tiempo\u00bb, dijo Kacowicz. El motivo del traslado es en su opini\u00f3n, sin embargo, \u00abno s\u00f3lo la relaci\u00f3n con Israel, sino tambi\u00e9n su gran dependencia (de Guatemala) de Estados Unidos\u00bb.<\/p>\n<p>En 1994, Guatemala ya ten\u00eda la intenci\u00f3n de trasladar su embajada a Jerusal\u00e9n. El entonces presidente, Ramiro De Le\u00f3n, dio la orden, pero finalmente se ech\u00f3 atr\u00e1s ante las protestas en su propio pa\u00eds.<\/p>\n<p>En enero, Israel declar\u00f3 a Guatemala pa\u00eds prioritario para la cooperaci\u00f3n y en marzo visit\u00f3 la naci\u00f3n el director de la agencia de cooperaci\u00f3n internacional para el desarrollo del Ministerio de Exteriores (MASHAV), Gil Haskel.<\/p>\n<p>La medida podr\u00eda causarle, sin embargo, problemas comerciales a Guatemala, ya que el pa\u00eds es el mayor productor mundial de cardamomo y su principal mercado son los pa\u00edses \u00e1rabes. Los aproximadamente 40.000 productores locales temen sufrir ahora un boicot.<\/p>\n<p><i class=\"lang-es\"><span class=\" readonly\" title=\"\">Por Sara Lemel (dpa)<\/span><\/i><\/p>\n","protected":false},"excerpt":{"rendered":"<p>Jerusal\u00e9n, 16 may (dpa) &#8211; Dos d\u00edas despu\u00e9s de que lo hiciera Estados Unidos, Guatemala inaugur\u00f3 hoy oficialmente su embajada en Jerusal\u00e9n con la presencia del presidente del pa\u00eds, Jimmy Morales, y del primer ministro israel\u00ed, Benjamin Netanyahu, que subray\u00f3 en su discurso la enorme amistad que une a ambos pa\u00edses. Netanyahu record\u00f3 que \u00abGuatemala [&hellip;]<\/p>\n","protected":false},"author":1,"featured_media":979882,"comment_status":"closed","ping_status":"closed","sticky":false,"template":"","format":"standard","meta":{"footnotes":""},"categories":[1],"tags":[],"class_list":["post-980664","post","type-post","status-publish","format-standard","has-post-thumbnail","hentry","category-actualidad"],"aioseo_notices":[],"aioseo_head":"\n\t\t<!-- All in One SEO Pro 5.0.1 - aioseo.com -->\n\t<meta name=\"description\" content=\"Jerusal\u00e9n, 16 may (dpa) - Dos d\u00edas despu\u00e9s de que lo hiciera Estados Unidos, Guatemala inaugur\u00f3 hoy oficialmente su embajada en Jerusal\u00e9n con la presencia del presidente del pa\u00eds, Jimmy Morales, y del primer ministro israel\u00ed, Benjamin Netanyahu, que subray\u00f3 en su discurso la enorme amistad que une a ambos pa\u00edses. Netanyahu record\u00f3 que &quot;Guatemala\" \/>\n\t<meta name=\"robots\" content=\"max-image-preview:large\" \/>\n\t<meta name=\"author\" content=\"El Digital de Asturias\"\/>\n\t<meta name=\"google-site-verification\" content=\"UA-38556648-1\" \/>\n\t<meta name=\"msvalidate.01\" content=\"7dfe9f3f1b24437ab69f4f2559babe99\" \/>\n\t<meta name=\"keywords\" content=\"actualidad\" \/>\n\t<link rel=\"canonical\" href=\"https:\/\/www.eldigitaldeasturias.com\/noticias\/guatemala-inaugura-su-embajada-en-jerusalen\/\" \/>\n\t<meta name=\"generator\" content=\"All in One SEO Pro (AIOSEO) 5.0.1\" \/>\n\t\t<meta property=\"og:locale\" content=\"es_ES\" \/>\n\t\t<meta property=\"og:site_name\" content=\"El Digital de Asturias\" \/>\n\t\t<meta property=\"og:type\" content=\"article\" \/>\n\t\t<meta property=\"og:title\" content=\"Guatemala inaugura su embajada en Jerusal\u00e9n - El Digital de Asturias\" \/>\n\t\t<meta property=\"og:description\" content=\"Jerusal\u00e9n, 16 may (dpa) - Dos d\u00edas despu\u00e9s de que lo hiciera Estados Unidos, Guatemala inaugur\u00f3 hoy oficialmente su embajada en Jerusal\u00e9n con la presencia del presidente del pa\u00eds, Jimmy Morales, y del primer ministro israel\u00ed, Benjamin Netanyahu, que subray\u00f3 en su discurso la enorme amistad que une a ambos pa\u00edses. Netanyahu record\u00f3 que &quot;Guatemala\" \/>\n\t\t<meta property=\"og:url\" content=\"https:\/\/www.eldigitaldeasturias.com\/noticias\/guatemala-inaugura-su-embajada-en-jerusalen\/\" \/>\n\t\t<meta property=\"article:tag\" content=\"actualidad\" \/>\n\t\t<meta property=\"article:published_time\" content=\"2018-05-16T23:10:48+00:00\" \/>\n\t\t<meta property=\"article:modified_time\" content=\"2018-05-16T23:10:48+00:00\" \/>\n\t\t<meta property=\"article:publisher\" content=\"https:\/\/facebook.com\/eldigitaldeasturias\" \/>\n\t\t<meta name=\"twitter:card\" content=\"summary_large_image\" \/>\n\t\t<meta name=\"twitter:title\" content=\"Guatemala inaugura su embajada en Jerusal\u00e9n - El Digital de Asturias\" \/>\n\t\t<meta name=\"twitter:description\" content=\"Jerusal\u00e9n, 16 may (dpa) - Dos d\u00edas despu\u00e9s de que lo hiciera Estados Unidos, Guatemala inaugur\u00f3 hoy oficialmente su embajada en Jerusal\u00e9n con la presencia del presidente del pa\u00eds, Jimmy Morales, y del primer ministro israel\u00ed, Benjamin Netanyahu, que subray\u00f3 en su discurso la enorme amistad que une a ambos pa\u00edses. Netanyahu record\u00f3 que &quot;Guatemala\" \/>\n\t\t<meta name=\"twitter:image\" content=\"https:\/\/www.eldigitaldeasturias.com\/noticias\/wp-content\/uploads\/2020\/12\/EDA-1.jpg\" \/>\n\t\t<meta name=\"twitter:label1\" content=\"Escrito por\" \/>\n\t\t<meta name=\"twitter:data1\" content=\"El Digital de Asturias\" \/>\n\t\t<meta name=\"twitter:label2\" content=\"Tiempo de lectura estimado\" \/>\n\t\t<meta name=\"twitter:data2\" content=\"4 minutos\" \/>\n\t\t<script type=\"application\/ld+json\" class=\"aioseo-schema\">\n\t\t\t{\"@context\":\"https:\\\/\\\/schema.org\",\"@graph\":[{\"@type\":\"BlogPosting\",\"@id\":\"https:\\\/\\\/www.eldigitaldeasturias.com\\\/noticias\\\/guatemala-inaugura-su-embajada-en-jerusalen\\\/#blogposting\",\"name\":\"Guatemala inaugura su embajada en Jerusal\\u00e9n - El Digital de Asturias\",\"headline\":\"Guatemala inaugura su embajada en Jerusal\\u00e9n\",\"author\":{\"@id\":\"https:\\\/\\\/www.eldigitaldeasturias.com\\\/noticias\\\/author\\\/admin\\\/#author\"},\"publisher\":{\"@id\":\"https:\\\/\\\/www.eldigitaldeasturias.com\\\/noticias\\\/#organization\"},\"image\":{\"@type\":\"ImageObject\",\"url\":979882},\"datePublished\":\"2018-05-16T23:10:48+02:00\",\"dateModified\":\"2018-05-16T23:10:48+02:00\",\"inLanguage\":\"es-ES\",\"mainEntityOfPage\":{\"@id\":\"https:\\\/\\\/www.eldigitaldeasturias.com\\\/noticias\\\/guatemala-inaugura-su-embajada-en-jerusalen\\\/#webpage\"},\"isPartOf\":{\"@id\":\"https:\\\/\\\/www.eldigitaldeasturias.com\\\/noticias\\\/guatemala-inaugura-su-embajada-en-jerusalen\\\/#webpage\"},\"articleSection\":\"Actualidad\"},{\"@type\":\"BreadcrumbList\",\"@id\":\"https:\\\/\\\/www.eldigitaldeasturias.com\\\/noticias\\\/guatemala-inaugura-su-embajada-en-jerusalen\\\/#breadcrumblist\",\"itemListElement\":[{\"@type\":\"ListItem\",\"@id\":\"https:\\\/\\\/www.eldigitaldeasturias.com\\\/noticias#listItem\",\"position\":1,\"name\":\"Home\",\"item\":\"https:\\\/\\\/www.eldigitaldeasturias.com\\\/noticias\",\"nextItem\":{\"@type\":\"ListItem\",\"@id\":\"https:\\\/\\\/www.eldigitaldeasturias.com\\\/noticias\\\/category\\\/actualidad\\\/#listItem\",\"name\":\"Actualidad\"}},{\"@type\":\"ListItem\",\"@id\":\"https:\\\/\\\/www.eldigitaldeasturias.com\\\/noticias\\\/category\\\/actualidad\\\/#listItem\",\"position\":2,\"name\":\"Actualidad\",\"item\":\"https:\\\/\\\/www.eldigitaldeasturias.com\\\/noticias\\\/category\\\/actualidad\\\/\",\"nextItem\":{\"@type\":\"ListItem\",\"@id\":\"https:\\\/\\\/www.eldigitaldeasturias.com\\\/noticias\\\/guatemala-inaugura-su-embajada-en-jerusalen\\\/#listItem\",\"name\":\"Guatemala inaugura su embajada en Jerusal\\u00e9n\"},\"previousItem\":{\"@type\":\"ListItem\",\"@id\":\"https:\\\/\\\/www.eldigitaldeasturias.com\\\/noticias#listItem\",\"name\":\"Home\"}},{\"@type\":\"ListItem\",\"@id\":\"https:\\\/\\\/www.eldigitaldeasturias.com\\\/noticias\\\/guatemala-inaugura-su-embajada-en-jerusalen\\\/#listItem\",\"position\":3,\"name\":\"Guatemala inaugura su embajada en Jerusal\\u00e9n\",\"previousItem\":{\"@type\":\"ListItem\",\"@id\":\"https:\\\/\\\/www.eldigitaldeasturias.com\\\/noticias\\\/category\\\/actualidad\\\/#listItem\",\"name\":\"Actualidad\"}}]},{\"@type\":\"Organization\",\"@id\":\"https:\\\/\\\/www.eldigitaldeasturias.com\\\/noticias\\\/#organization\",\"name\":\"El Digital de Asturias\",\"description\":\"Hemeroteca\",\"url\":\"https:\\\/\\\/www.eldigitaldeasturias.com\\\/noticias\\\/\",\"email\":\"info@eldigitaldeasturias.com\",\"telephone\":\"+34652131393\",\"logo\":{\"@type\":\"ImageObject\",\"url\":\"https:\\\/\\\/www.eldigitaldeasturias.com\\\/noticias\\\/wp-content\\\/uploads\\\/2020\\\/12\\\/EDA.jpg\",\"@id\":\"https:\\\/\\\/www.eldigitaldeasturias.com\\\/noticias\\\/guatemala-inaugura-su-embajada-en-jerusalen\\\/#organizationLogo\"},\"image\":{\"@id\":\"https:\\\/\\\/www.eldigitaldeasturias.com\\\/noticias\\\/guatemala-inaugura-su-embajada-en-jerusalen\\\/#organizationLogo\"},\"sameAs\":[\"https:\\\/\\\/facebook.com\\\/eldigitaldeasturias\",\"https:\\\/\\\/www.youtube.com\\\/channel\\\/UCZP-2wLEB9Rv6erhFmqVnvg\"],\"address\":{\"@id\":\"https:\\\/\\\/www.eldigitaldeasturias.com\\\/noticias\\\/#postaladdress\",\"@type\":\"PostalAddress\",\"streetAddress\":\"san antonio 4\",\"postalCode\":\"33430\",\"addressLocality\":\"Cand\\u00e1s\",\"addressRegion\":\"Asturias\",\"addressCountry\":\"ES\"}},{\"@type\":\"Person\",\"@id\":\"https:\\\/\\\/www.eldigitaldeasturias.com\\\/noticias\\\/author\\\/admin\\\/#author\",\"url\":\"https:\\\/\\\/www.eldigitaldeasturias.com\\\/noticias\\\/author\\\/admin\\\/\",\"name\":\"El Digital de Asturias\",\"image\":{\"@type\":\"ImageObject\",\"@id\":\"https:\\\/\\\/www.eldigitaldeasturias.com\\\/noticias\\\/guatemala-inaugura-su-embajada-en-jerusalen\\\/#authorImage\",\"url\":\"https:\\\/\\\/secure.gravatar.com\\\/avatar\\\/df2aeffc32bcd13f8d26072ef8a91b623d677766deac7f97ca815868cd41bf5e?s=96&d=mm&r=g\",\"width\":96,\"height\":96,\"caption\":\"El Digital de Asturias\"}},{\"@type\":\"WebPage\",\"@id\":\"https:\\\/\\\/www.eldigitaldeasturias.com\\\/noticias\\\/guatemala-inaugura-su-embajada-en-jerusalen\\\/#webpage\",\"url\":\"https:\\\/\\\/www.eldigitaldeasturias.com\\\/noticias\\\/guatemala-inaugura-su-embajada-en-jerusalen\\\/\",\"name\":\"Guatemala inaugura su embajada en Jerusal\\u00e9n - El Digital de Asturias\",\"description\":\"Jerusal\\u00e9n, 16 may (dpa) - Dos d\\u00edas despu\\u00e9s de que lo hiciera Estados Unidos, Guatemala inaugur\\u00f3 hoy oficialmente su embajada en Jerusal\\u00e9n con la presencia del presidente del pa\\u00eds, Jimmy Morales, y del primer ministro israel\\u00ed, Benjamin Netanyahu, que subray\\u00f3 en su discurso la enorme amistad que une a ambos pa\\u00edses. Netanyahu record\\u00f3 que \\\"Guatemala\",\"inLanguage\":\"es-ES\",\"isPartOf\":{\"@id\":\"https:\\\/\\\/www.eldigitaldeasturias.com\\\/noticias\\\/#website\"},\"breadcrumb\":{\"@id\":\"https:\\\/\\\/www.eldigitaldeasturias.com\\\/noticias\\\/guatemala-inaugura-su-embajada-en-jerusalen\\\/#breadcrumblist\"},\"author\":{\"@id\":\"https:\\\/\\\/www.eldigitaldeasturias.com\\\/noticias\\\/author\\\/admin\\\/#author\"},\"creator\":{\"@id\":\"https:\\\/\\\/www.eldigitaldeasturias.com\\\/noticias\\\/author\\\/admin\\\/#author\"},\"image\":{\"@type\":\"ImageObject\",\"url\":979882,\"@id\":\"https:\\\/\\\/www.eldigitaldeasturias.com\\\/noticias\\\/guatemala-inaugura-su-embajada-en-jerusalen\\\/#mainImage\"},\"primaryImageOfPage\":{\"@id\":\"https:\\\/\\\/www.eldigitaldeasturias.com\\\/noticias\\\/guatemala-inaugura-su-embajada-en-jerusalen\\\/#mainImage\"},\"datePublished\":\"2018-05-16T23:10:48+02:00\",\"dateModified\":\"2018-05-16T23:10:48+02:00\"},{\"@type\":\"WebSite\",\"@id\":\"https:\\\/\\\/www.eldigitaldeasturias.com\\\/noticias\\\/#website\",\"url\":\"https:\\\/\\\/www.eldigitaldeasturias.com\\\/noticias\\\/\",\"name\":\"El Digital de Asturias - Diario de actualidad y noticias\",\"alternateName\":\"El Digital de Asturias - Diario de actualidad y noticias\",\"description\":\"Hemeroteca\",\"inLanguage\":\"es-ES\",\"publisher\":{\"@id\":\"https:\\\/\\\/www.eldigitaldeasturias.com\\\/noticias\\\/#organization\"}}]}\n\t\t<\/script>\n\t\t<!-- All in One SEO Pro -->\r\n\t\t<title>Guatemala inaugura su embajada en Jerusal\u00e9n - El Digital de Asturias<\/title>\n\n","aioseo_head_json":{"title":"Guatemala inaugura su embajada en Jerusal\u00e9n - El Digital de Asturias","description":"Jerusal\u00e9n, 16 may (dpa) - Dos d\u00edas despu\u00e9s de que lo hiciera Estados Unidos, Guatemala inaugur\u00f3 hoy oficialmente su embajada en Jerusal\u00e9n con la presencia del presidente del pa\u00eds, Jimmy Morales, y del primer ministro israel\u00ed, Benjamin Netanyahu, que subray\u00f3 en su discurso la enorme amistad que une a ambos pa\u00edses. Netanyahu record\u00f3 que \"Guatemala","canonical_url":"https:\/\/www.eldigitaldeasturias.com\/noticias\/guatemala-inaugura-su-embajada-en-jerusalen\/","robots":"max-image-preview:large","keywords":"actualidad","webmasterTools":{"google-site-verification":"UA-38556648-1","msvalidate.01":"7dfe9f3f1b24437ab69f4f2559babe99","miscellaneous":""},"schema":{"@context":"https:\/\/schema.org","@graph":[{"@type":"BlogPosting","@id":"https:\/\/www.eldigitaldeasturias.com\/noticias\/guatemala-inaugura-su-embajada-en-jerusalen\/#blogposting","name":"Guatemala inaugura su embajada en Jerusal\u00e9n - El Digital de Asturias","headline":"Guatemala inaugura su embajada en Jerusal\u00e9n","author":{"@id":"https:\/\/www.eldigitaldeasturias.com\/noticias\/author\/admin\/#author"},"publisher":{"@id":"https:\/\/www.eldigitaldeasturias.com\/noticias\/#organization"},"image":{"@type":"ImageObject","url":979882},"datePublished":"2018-05-16T23:10:48+02:00","dateModified":"2018-05-16T23:10:48+02:00","inLanguage":"es-ES","mainEntityOfPage":{"@id":"https:\/\/www.eldigitaldeasturias.com\/noticias\/guatemala-inaugura-su-embajada-en-jerusalen\/#webpage"},"isPartOf":{"@id":"https:\/\/www.eldigitaldeasturias.com\/noticias\/guatemala-inaugura-su-embajada-en-jerusalen\/#webpage"},"articleSection":"Actualidad"},{"@type":"BreadcrumbList","@id":"https:\/\/www.eldigitaldeasturias.com\/noticias\/guatemala-inaugura-su-embajada-en-jerusalen\/#breadcrumblist","itemListElement":[{"@type":"ListItem","@id":"https:\/\/www.eldigitaldeasturias.com\/noticias#listItem","position":1,"name":"Home","item":"https:\/\/www.eldigitaldeasturias.com\/noticias","nextItem":{"@type":"ListItem","@id":"https:\/\/www.eldigitaldeasturias.com\/noticias\/category\/actualidad\/#listItem","name":"Actualidad"}},{"@type":"ListItem","@id":"https:\/\/www.eldigitaldeasturias.com\/noticias\/category\/actualidad\/#listItem","position":2,"name":"Actualidad","item":"https:\/\/www.eldigitaldeasturias.com\/noticias\/category\/actualidad\/","nextItem":{"@type":"ListItem","@id":"https:\/\/www.eldigitaldeasturias.com\/noticias\/guatemala-inaugura-su-embajada-en-jerusalen\/#listItem","name":"Guatemala inaugura su embajada en Jerusal\u00e9n"},"previousItem":{"@type":"ListItem","@id":"https:\/\/www.eldigitaldeasturias.com\/noticias#listItem","name":"Home"}},{"@type":"ListItem","@id":"https:\/\/www.eldigitaldeasturias.com\/noticias\/guatemala-inaugura-su-embajada-en-jerusalen\/#listItem","position":3,"name":"Guatemala inaugura su embajada en Jerusal\u00e9n","previousItem":{"@type":"ListItem","@id":"https:\/\/www.eldigitaldeasturias.com\/noticias\/category\/actualidad\/#listItem","name":"Actualidad"}}]},{"@type":"Organization","@id":"https:\/\/www.eldigitaldeasturias.com\/noticias\/#organization","name":"El Digital de Asturias","description":"Hemeroteca","url":"https:\/\/www.eldigitaldeasturias.com\/noticias\/","email":"info@eldigitaldeasturias.com","telephone":"+34652131393","logo":{"@type":"ImageObject","url":"https:\/\/www.eldigitaldeasturias.com\/noticias\/wp-content\/uploads\/2020\/12\/EDA.jpg","@id":"https:\/\/www.eldigitaldeasturias.com\/noticias\/guatemala-inaugura-su-embajada-en-jerusalen\/#organizationLogo"},"image":{"@id":"https:\/\/www.eldigitaldeasturias.com\/noticias\/guatemala-inaugura-su-embajada-en-jerusalen\/#organizationLogo"},"sameAs":["https:\/\/facebook.com\/eldigitaldeasturias","https:\/\/www.youtube.com\/channel\/UCZP-2wLEB9Rv6erhFmqVnvg"],"address":{"@id":"https:\/\/www.eldigitaldeasturias.com\/noticias\/#postaladdress","@type":"PostalAddress","streetAddress":"san antonio 4","postalCode":"33430","addressLocality":"Cand\u00e1s","addressRegion":"Asturias","addressCountry":"ES"}},{"@type":"Person","@id":"https:\/\/www.eldigitaldeasturias.com\/noticias\/author\/admin\/#author","url":"https:\/\/www.eldigitaldeasturias.com\/noticias\/author\/admin\/","name":"El Digital de Asturias","image":{"@type":"ImageObject","@id":"https:\/\/www.eldigitaldeasturias.com\/noticias\/guatemala-inaugura-su-embajada-en-jerusalen\/#authorImage","url":"https:\/\/secure.gravatar.com\/avatar\/df2aeffc32bcd13f8d26072ef8a91b623d677766deac7f97ca815868cd41bf5e?s=96&d=mm&r=g","width":96,"height":96,"caption":"El Digital de Asturias"}},{"@type":"WebPage","@id":"https:\/\/www.eldigitaldeasturias.com\/noticias\/guatemala-inaugura-su-embajada-en-jerusalen\/#webpage","url":"https:\/\/www.eldigitaldeasturias.com\/noticias\/guatemala-inaugura-su-embajada-en-jerusalen\/","name":"Guatemala inaugura su embajada en Jerusal\u00e9n - El Digital de Asturias","description":"Jerusal\u00e9n, 16 may (dpa) - Dos d\u00edas despu\u00e9s de que lo hiciera Estados Unidos, Guatemala inaugur\u00f3 hoy oficialmente su embajada en Jerusal\u00e9n con la presencia del presidente del pa\u00eds, Jimmy Morales, y del primer ministro israel\u00ed, Benjamin Netanyahu, que subray\u00f3 en su discurso la enorme amistad que une a ambos pa\u00edses. Netanyahu record\u00f3 que \"Guatemala","inLanguage":"es-ES","isPartOf":{"@id":"https:\/\/www.eldigitaldeasturias.com\/noticias\/#website"},"breadcrumb":{"@id":"https:\/\/www.eldigitaldeasturias.com\/noticias\/guatemala-inaugura-su-embajada-en-jerusalen\/#breadcrumblist"},"author":{"@id":"https:\/\/www.eldigitaldeasturias.com\/noticias\/author\/admin\/#author"},"creator":{"@id":"https:\/\/www.eldigitaldeasturias.com\/noticias\/author\/admin\/#author"},"image":{"@type":"ImageObject","url":979882,"@id":"https:\/\/www.eldigitaldeasturias.com\/noticias\/guatemala-inaugura-su-embajada-en-jerusalen\/#mainImage"},"primaryImageOfPage":{"@id":"https:\/\/www.eldigitaldeasturias.com\/noticias\/guatemala-inaugura-su-embajada-en-jerusalen\/#mainImage"},"datePublished":"2018-05-16T23:10:48+02:00","dateModified":"2018-05-16T23:10:48+02:00"},{"@type":"WebSite","@id":"https:\/\/www.eldigitaldeasturias.com\/noticias\/#website","url":"https:\/\/www.eldigitaldeasturias.com\/noticias\/","name":"El Digital de Asturias - Diario de actualidad y noticias","alternateName":"El Digital de Asturias - Diario de actualidad y noticias","description":"Hemeroteca","inLanguage":"es-ES","publisher":{"@id":"https:\/\/www.eldigitaldeasturias.com\/noticias\/#organization"}}]},"og:locale":"es_ES","og:site_name":"El Digital de Asturias","og:type":"article","og:title":"Guatemala inaugura su embajada en Jerusal\u00e9n - El Digital de Asturias","og:description":"Jerusal\u00e9n, 16 may (dpa) - Dos d\u00edas despu\u00e9s de que lo hiciera Estados Unidos, Guatemala inaugur\u00f3 hoy oficialmente su embajada en Jerusal\u00e9n con la presencia del presidente del pa\u00eds, Jimmy Morales, y del primer ministro israel\u00ed, Benjamin Netanyahu, que subray\u00f3 en su discurso la enorme amistad que une a ambos pa\u00edses. Netanyahu record\u00f3 que &quot;Guatemala","og:url":"https:\/\/www.eldigitaldeasturias.com\/noticias\/guatemala-inaugura-su-embajada-en-jerusalen\/","article:tag":["actualidad"],"article:published_time":"2018-05-16T23:10:48+00:00","article:modified_time":"2018-05-16T23:10:48+00:00","article:publisher":"https:\/\/facebook.com\/eldigitaldeasturias","twitter:card":"summary_large_image","twitter:title":"Guatemala inaugura su embajada en Jerusal\u00e9n - El Digital de Asturias","twitter:description":"Jerusal\u00e9n, 16 may (dpa) - Dos d\u00edas despu\u00e9s de que lo hiciera Estados Unidos, Guatemala inaugur\u00f3 hoy oficialmente su embajada en Jerusal\u00e9n con la presencia del presidente del pa\u00eds, Jimmy Morales, y del primer ministro israel\u00ed, Benjamin Netanyahu, que subray\u00f3 en su discurso la enorme amistad que une a ambos pa\u00edses. Netanyahu record\u00f3 que &quot;Guatemala","twitter:image":"https:\/\/www.eldigitaldeasturias.com\/noticias\/wp-content\/uploads\/2020\/12\/EDA-1.jpg","twitter:label1":"Escrito por","twitter:data1":"El Digital de Asturias","twitter:label2":"Tiempo de lectura estimado","twitter:data2":"4 minutos"},"aioseo_meta_data":{"post_id":"980664","title":null,"description":null,"keywords":null,"keyphrases":null,"primary_term":null,"canonical_url":null,"og_title":null,"og_description":null,"og_object_type":"default","og_image_type":"default","og_image_url":null,"og_image_width":null,"og_image_height":null,"og_image_custom_url":null,"og_image_custom_fields":null,"og_video":null,"og_custom_url":null,"og_article_section":null,"og_article_tags":null,"twitter_use_og":false,"twitter_card":"default","twitter_image_type":"default","twitter_image_url":null,"twitter_image_custom_url":null,"twitter_image_custom_fields":null,"twitter_title":null,"twitter_description":null,"schema":{"blockGraphs":[],"customGraphs":[],"default":{"data":{"Article":[],"Course":[],"Dataset":[],"FAQPage":[],"Movie":[],"Person":[],"Product":[],"ProductReview":[],"Car":[],"Recipe":[],"Service":[],"SoftwareApplication":[],"WebPage":[]},"graphName":"","isEnabled":true},"graphs":[],"defaultGraph":"","defaultPostTypeGraph":""},"schema_type":null,"schema_type_options":null,"pillar_content":false,"robots_default":true,"robots_noindex":false,"robots_noarchive":false,"robots_nosnippet":false,"robots_nofollow":false,"robots_noimageindex":false,"robots_noodp":false,"robots_notranslate":false,"robots_max_snippet":null,"robots_max_videopreview":null,"robots_max_imagepreview":"large","priority":null,"frequency":null,"local_seo":null,"seo_analyzer_scan_date":"2025-10-08 18:43:01","breadcrumb_settings":null,"limit_modified_date":false,"open_ai":null,"ai":null,"created":"2020-12-21 11:56:37","updated":"2025-10-08 18:43:01","focus_keyword":null,"additional_keywords":null,"truseo_locale":null},"aioseo_breadcrumb":"<div class=\"aioseo-breadcrumbs\"><span class=\"aioseo-breadcrumb\">\n\t<a href=\"https:\/\/www.eldigitaldeasturias.com\/noticias\" title=\"Home\">Home<\/a>\n<\/span><span class=\"aioseo-breadcrumb-separator\">\u2013<\/span><span class=\"aioseo-breadcrumb\">\n\t<a href=\"https:\/\/www.eldigitaldeasturias.com\/noticias\/category\/actualidad\/\" title=\"Actualidad\">Actualidad<\/a>\n<\/span><span class=\"aioseo-breadcrumb-separator\">\u2013<\/span><span class=\"aioseo-breadcrumb\">\n\t<a href=\"https:\/\/www.eldigitaldeasturias.com\/noticias\/guatemala-inaugura-su-embajada-en-jerusalen\/\" title=\"Guatemala inaugura su embajada en Jerusal\u00e9n\">Guatemala inaugura su embajada en Jerusal\u00e9n<\/a>\n<\/span><\/div>","aioseo_breadcrumb_json":[{"label":"Home","link":"https:\/\/www.eldigitaldeasturias.com\/noticias"},{"label":"Actualidad","link":"https:\/\/www.eldigitaldeasturias.com\/noticias\/category\/actualidad\/"},{"label":"Guatemala inaugura su embajada en Jerusal\u00e9n","link":"https:\/\/www.eldigitaldeasturias.com\/noticias\/guatemala-inaugura-su-embajada-en-jerusalen\/"}],"_links":{"self":[{"href":"https:\/\/www.eldigitaldeasturias.com\/noticias\/wp-json\/wp\/v2\/posts\/980664","targetHints":{"allow":["GET"]}}],"collection":[{"href":"https:\/\/www.eldigitaldeasturias.com\/noticias\/wp-json\/wp\/v2\/posts"}],"about":[{"href":"https:\/\/www.eldigitaldeasturias.com\/noticias\/wp-json\/wp\/v2\/types\/post"}],"author":[{"embeddable":true,"href":"https:\/\/www.eldigitaldeasturias.com\/noticias\/wp-json\/wp\/v2\/users\/1"}],"replies":[{"embeddable":true,"href":"https:\/\/www.eldigitaldeasturias.com\/noticias\/wp-json\/wp\/v2\/comments?post=980664"}],"version-history":[{"count":0,"href":"https:\/\/www.eldigitaldeasturias.com\/noticias\/wp-json\/wp\/v2\/posts\/980664\/revisions"}],"wp:attachment":[{"href":"https:\/\/www.eldigitaldeasturias.com\/noticias\/wp-json\/wp\/v2\/media?parent=980664"}],"wp:term":[{"taxonomy":"category","embeddable":true,"href":"https:\/\/www.eldigitaldeasturias.com\/noticias\/wp-json\/wp\/v2\/categories?post=980664"},{"taxonomy":"post_tag","embeddable":true,"href":"https:\/\/www.eldigitaldeasturias.com\/noticias\/wp-json\/wp\/v2\/tags?post=980664"}],"curies":[{"name":"wp","href":"https:\/\/api.w.org\/{rel}","templated":true}]}}