{"id":980654,"date":"2018-05-16T14:59:05","date_gmt":"2018-05-16T14:59:05","guid":{"rendered":"http:\/\/www.eldigitaldeasturias.com\/noticias\/?p=980654"},"modified":"2018-05-16T14:59:05","modified_gmt":"2018-05-16T14:59:05","slug":"las-actas-de-los-procesos-de-auschwitz-entran-en-el-patrimonio-de-la-unesco","status":"publish","type":"post","link":"https:\/\/www.eldigitaldeasturias.com\/noticias\/las-actas-de-los-procesos-de-auschwitz-entran-en-el-patrimonio-de-la-unesco\/","title":{"rendered":"Las actas de los procesos de Auschwitz entran en el patrimonio de la UNESCO"},"content":{"rendered":"<p><img loading=\"lazy\" decoding=\"async\" class=\"alignleft size-medium wp-image-979498\" src=\"https:\/\/www.eldigitaldeasturias.com\/noticias\/wp-content\/uploads\/2018\/05\/auschwitch-992971_960_720-1-360x270.jpg\" alt=\"\" width=\"360\" height=\"270\" \/>Fr\u00e1ncfort, 16 may (dpa) &#8211; Las actas del primer proceso de Auschwitz, el hist\u00f3rico juicio celebrado en Fr\u00e1ncfort entre 1963 y 1965 en el que un tribunal proces\u00f3 a una veintena de mandos del campo de exterminio nazi, pasaron hoy a formar parte del Registro de la Memoria del Mundo de la Unesco.<\/p>\n<p>En un acto oficial celebrado en un antiguo sal\u00f3n de sesiones en la ciudad el Meno y antes de hacer entrega de los documentos, la presidenta de la comisi\u00f3n alemana de la organizaci\u00f3n de las Naciones Unidas para la Educaci\u00f3n, la Ciencia y la Cultura, Unesco, destac\u00f3 la importancia que dichas actas tienen tambi\u00e9n para el presente.<\/p>\n<p>\u00abNos recuerdan que no debemos tolerar en silencio la injusticia\u00bb, recalc\u00f3 Verena Metze-Mangold.<\/p>\n<p>\u00abLos documentos del proceso, sobre todo los audios de los testigos, reflejan el inimaginable terror del mayor campo de concentraci\u00f3n y exterminio alem\u00e1n\u00bb, agreg\u00f3.<\/p>\n<p>Las actas pasar\u00e1n ahora a integrarse en el Registro de la Memoria del Mundo, una lista del patrimonio documental en la que se archivan documentos considerados de importancia internacional.<\/p>\n<p>\u00abLos documentos de los procesos de Auschwitz de Fr\u00e1ncfort deben servir para recordarnos lo que puede pasar cuando se tolera la injusticia sin decir nada\u00bb, record\u00f3 el ministro de Ciencia de la regi\u00f3n alemana de Hesse, el conservador Boris Rhein.<\/p>\n<p>\u00abEl proceso de Auschwitz cambi\u00f3 la autoconciencia de la reci\u00e9n estrenada Rep\u00fablica Federal Alemana, en la que muchos antiguos funcionarios nazis y miembros de las SS hab\u00edan recuperado su puesto en la Administraci\u00f3n, la Justicia y la Polic\u00eda. Que estos documentos empiecen a formar parte del legado documental mundial es una garant\u00eda contra el olvido\u00bb, insisti\u00f3 el pol\u00edtico, miembro de la Uni\u00f3n Cristianodem\u00f3crata (CDU) que dirige la canciller Angela Merkel.<\/p>\n<p>El acto de entrega de las actas sirvi\u00f3 tambi\u00e9n como un homenaje a la figura de Fritz Bauer, el fiscal general de Hesse cuyo empe\u00f1o sirvi\u00f3 para que los juicios hist\u00f3ricos pudieran finalmente celebrarse.<\/p>\n<p>En diciembre de 1963, cuando Alemania ya mostraba signos de prosperidad tras haber dejado atr\u00e1s la Segunda Guerra Mundial hac\u00eda 18 a\u00f1os y se evitaba hablar del horrible pasado, Bauer contribuy\u00f3 de forma definitiva para que se investigase y se juzgase a unos veinte miembros y dirigentes de las temidas SS que se desempe\u00f1aron en el campo de exterminio de Auschwitz.<\/p>\n","protected":false},"excerpt":{"rendered":"<p>Fr\u00e1ncfort, 16 may (dpa) &#8211; Las actas del primer proceso de Auschwitz, el hist\u00f3rico juicio celebrado en Fr\u00e1ncfort entre 1963 y 1965 en el que un tribunal proces\u00f3 a una veintena de mandos del campo de exterminio nazi, pasaron hoy a formar parte del Registro de la Memoria del Mundo de la Unesco. En un [&hellip;]<\/p>\n","protected":false},"author":1,"featured_media":978468,"comment_status":"closed","ping_status":"closed","sticky":false,"template":"","format":"standard","meta":{"footnotes":""},"categories":[1],"tags":[],"class_list":["post-980654","post","type-post","status-publish","format-standard","has-post-thumbnail","hentry","category-actualidad"],"aioseo_notices":[],"aioseo_head":"\n\t\t<!-- All in One SEO Pro 5.0.1 - aioseo.com -->\n\t<meta name=\"description\" content=\"Fr\u00e1ncfort, 16 may (dpa) - Las actas del primer proceso de Auschwitz, el hist\u00f3rico juicio celebrado en Fr\u00e1ncfort entre 1963 y 1965 en el que un tribunal proces\u00f3 a una veintena de mandos del campo de exterminio nazi, pasaron hoy a formar parte del Registro de la Memoria del Mundo de la Unesco. En un\" \/>\n\t<meta name=\"robots\" content=\"max-image-preview:large\" \/>\n\t<meta name=\"author\" content=\"El Digital de Asturias\"\/>\n\t<meta name=\"google-site-verification\" content=\"UA-38556648-1\" \/>\n\t<meta name=\"msvalidate.01\" content=\"7dfe9f3f1b24437ab69f4f2559babe99\" \/>\n\t<meta name=\"keywords\" content=\"actualidad\" \/>\n\t<link rel=\"canonical\" href=\"https:\/\/www.eldigitaldeasturias.com\/noticias\/las-actas-de-los-procesos-de-auschwitz-entran-en-el-patrimonio-de-la-unesco\/\" \/>\n\t<meta name=\"generator\" content=\"All in One SEO Pro (AIOSEO) 5.0.1\" \/>\n\t\t<meta property=\"og:locale\" content=\"es_ES\" \/>\n\t\t<meta property=\"og:site_name\" content=\"El Digital de Asturias\" \/>\n\t\t<meta property=\"og:type\" content=\"article\" \/>\n\t\t<meta property=\"og:title\" content=\"Las actas de los procesos de Auschwitz entran en el patrimonio de la UNESCO - El Digital de Asturias\" \/>\n\t\t<meta property=\"og:description\" content=\"Fr\u00e1ncfort, 16 may (dpa) - Las actas del primer proceso de Auschwitz, el hist\u00f3rico juicio celebrado en Fr\u00e1ncfort entre 1963 y 1965 en el que un tribunal proces\u00f3 a una veintena de mandos del campo de exterminio nazi, pasaron hoy a formar parte del Registro de la Memoria del Mundo de la Unesco. En un\" \/>\n\t\t<meta property=\"og:url\" content=\"https:\/\/www.eldigitaldeasturias.com\/noticias\/las-actas-de-los-procesos-de-auschwitz-entran-en-el-patrimonio-de-la-unesco\/\" \/>\n\t\t<meta property=\"article:tag\" content=\"actualidad\" \/>\n\t\t<meta property=\"article:published_time\" content=\"2018-05-16T14:59:05+00:00\" \/>\n\t\t<meta property=\"article:modified_time\" content=\"2018-05-16T14:59:05+00:00\" \/>\n\t\t<meta property=\"article:publisher\" content=\"https:\/\/facebook.com\/eldigitaldeasturias\" \/>\n\t\t<meta name=\"twitter:card\" content=\"summary_large_image\" \/>\n\t\t<meta name=\"twitter:title\" content=\"Las actas de los procesos de Auschwitz entran en el patrimonio de la UNESCO - El Digital de Asturias\" \/>\n\t\t<meta name=\"twitter:description\" content=\"Fr\u00e1ncfort, 16 may (dpa) - Las actas del primer proceso de Auschwitz, el hist\u00f3rico juicio celebrado en Fr\u00e1ncfort entre 1963 y 1965 en el que un tribunal proces\u00f3 a una veintena de mandos del campo de exterminio nazi, pasaron hoy a formar parte del Registro de la Memoria del Mundo de la Unesco. En un\" \/>\n\t\t<meta name=\"twitter:image\" content=\"https:\/\/www.eldigitaldeasturias.com\/noticias\/wp-content\/uploads\/2020\/12\/EDA-1.jpg\" \/>\n\t\t<meta name=\"twitter:label1\" content=\"Escrito por\" \/>\n\t\t<meta name=\"twitter:data1\" content=\"El Digital de Asturias\" \/>\n\t\t<meta name=\"twitter:label2\" content=\"Tiempo de lectura estimado\" \/>\n\t\t<meta name=\"twitter:data2\" content=\"2 minutos\" \/>\n\t\t<script type=\"application\/ld+json\" class=\"aioseo-schema\">\n\t\t\t{\"@context\":\"https:\\\/\\\/schema.org\",\"@graph\":[{\"@type\":\"BlogPosting\",\"@id\":\"https:\\\/\\\/www.eldigitaldeasturias.com\\\/noticias\\\/las-actas-de-los-procesos-de-auschwitz-entran-en-el-patrimonio-de-la-unesco\\\/#blogposting\",\"name\":\"Las actas de los procesos de Auschwitz entran en el patrimonio de la UNESCO - El Digital de Asturias\",\"headline\":\"Las actas de los procesos de Auschwitz entran en el patrimonio de la UNESCO\",\"author\":{\"@id\":\"https:\\\/\\\/www.eldigitaldeasturias.com\\\/noticias\\\/author\\\/admin\\\/#author\"},\"publisher\":{\"@id\":\"https:\\\/\\\/www.eldigitaldeasturias.com\\\/noticias\\\/#organization\"},\"image\":{\"@type\":\"ImageObject\",\"url\":978468},\"datePublished\":\"2018-05-16T14:59:05+02:00\",\"dateModified\":\"2018-05-16T14:59:05+02:00\",\"inLanguage\":\"es-ES\",\"mainEntityOfPage\":{\"@id\":\"https:\\\/\\\/www.eldigitaldeasturias.com\\\/noticias\\\/las-actas-de-los-procesos-de-auschwitz-entran-en-el-patrimonio-de-la-unesco\\\/#webpage\"},\"isPartOf\":{\"@id\":\"https:\\\/\\\/www.eldigitaldeasturias.com\\\/noticias\\\/las-actas-de-los-procesos-de-auschwitz-entran-en-el-patrimonio-de-la-unesco\\\/#webpage\"},\"articleSection\":\"Actualidad\"},{\"@type\":\"BreadcrumbList\",\"@id\":\"https:\\\/\\\/www.eldigitaldeasturias.com\\\/noticias\\\/las-actas-de-los-procesos-de-auschwitz-entran-en-el-patrimonio-de-la-unesco\\\/#breadcrumblist\",\"itemListElement\":[{\"@type\":\"ListItem\",\"@id\":\"https:\\\/\\\/www.eldigitaldeasturias.com\\\/noticias#listItem\",\"position\":1,\"name\":\"Home\",\"item\":\"https:\\\/\\\/www.eldigitaldeasturias.com\\\/noticias\",\"nextItem\":{\"@type\":\"ListItem\",\"@id\":\"https:\\\/\\\/www.eldigitaldeasturias.com\\\/noticias\\\/category\\\/actualidad\\\/#listItem\",\"name\":\"Actualidad\"}},{\"@type\":\"ListItem\",\"@id\":\"https:\\\/\\\/www.eldigitaldeasturias.com\\\/noticias\\\/category\\\/actualidad\\\/#listItem\",\"position\":2,\"name\":\"Actualidad\",\"item\":\"https:\\\/\\\/www.eldigitaldeasturias.com\\\/noticias\\\/category\\\/actualidad\\\/\",\"nextItem\":{\"@type\":\"ListItem\",\"@id\":\"https:\\\/\\\/www.eldigitaldeasturias.com\\\/noticias\\\/las-actas-de-los-procesos-de-auschwitz-entran-en-el-patrimonio-de-la-unesco\\\/#listItem\",\"name\":\"Las actas de los procesos de Auschwitz entran en el patrimonio de la UNESCO\"},\"previousItem\":{\"@type\":\"ListItem\",\"@id\":\"https:\\\/\\\/www.eldigitaldeasturias.com\\\/noticias#listItem\",\"name\":\"Home\"}},{\"@type\":\"ListItem\",\"@id\":\"https:\\\/\\\/www.eldigitaldeasturias.com\\\/noticias\\\/las-actas-de-los-procesos-de-auschwitz-entran-en-el-patrimonio-de-la-unesco\\\/#listItem\",\"position\":3,\"name\":\"Las actas de los procesos de Auschwitz entran en el patrimonio de la UNESCO\",\"previousItem\":{\"@type\":\"ListItem\",\"@id\":\"https:\\\/\\\/www.eldigitaldeasturias.com\\\/noticias\\\/category\\\/actualidad\\\/#listItem\",\"name\":\"Actualidad\"}}]},{\"@type\":\"Organization\",\"@id\":\"https:\\\/\\\/www.eldigitaldeasturias.com\\\/noticias\\\/#organization\",\"name\":\"El Digital de Asturias\",\"description\":\"Hemeroteca\",\"url\":\"https:\\\/\\\/www.eldigitaldeasturias.com\\\/noticias\\\/\",\"email\":\"info@eldigitaldeasturias.com\",\"telephone\":\"+34652131393\",\"logo\":{\"@type\":\"ImageObject\",\"url\":\"https:\\\/\\\/www.eldigitaldeasturias.com\\\/noticias\\\/wp-content\\\/uploads\\\/2020\\\/12\\\/EDA.jpg\",\"@id\":\"https:\\\/\\\/www.eldigitaldeasturias.com\\\/noticias\\\/las-actas-de-los-procesos-de-auschwitz-entran-en-el-patrimonio-de-la-unesco\\\/#organizationLogo\"},\"image\":{\"@id\":\"https:\\\/\\\/www.eldigitaldeasturias.com\\\/noticias\\\/las-actas-de-los-procesos-de-auschwitz-entran-en-el-patrimonio-de-la-unesco\\\/#organizationLogo\"},\"sameAs\":[\"https:\\\/\\\/facebook.com\\\/eldigitaldeasturias\",\"https:\\\/\\\/www.youtube.com\\\/channel\\\/UCZP-2wLEB9Rv6erhFmqVnvg\"],\"address\":{\"@id\":\"https:\\\/\\\/www.eldigitaldeasturias.com\\\/noticias\\\/#postaladdress\",\"@type\":\"PostalAddress\",\"streetAddress\":\"san antonio 4\",\"postalCode\":\"33430\",\"addressLocality\":\"Cand\\u00e1s\",\"addressRegion\":\"Asturias\",\"addressCountry\":\"ES\"}},{\"@type\":\"Person\",\"@id\":\"https:\\\/\\\/www.eldigitaldeasturias.com\\\/noticias\\\/author\\\/admin\\\/#author\",\"url\":\"https:\\\/\\\/www.eldigitaldeasturias.com\\\/noticias\\\/author\\\/admin\\\/\",\"name\":\"El Digital de Asturias\",\"image\":{\"@type\":\"ImageObject\",\"@id\":\"https:\\\/\\\/www.eldigitaldeasturias.com\\\/noticias\\\/las-actas-de-los-procesos-de-auschwitz-entran-en-el-patrimonio-de-la-unesco\\\/#authorImage\",\"url\":\"https:\\\/\\\/secure.gravatar.com\\\/avatar\\\/df2aeffc32bcd13f8d26072ef8a91b623d677766deac7f97ca815868cd41bf5e?s=96&d=mm&r=g\",\"width\":96,\"height\":96,\"caption\":\"El Digital de Asturias\"}},{\"@type\":\"WebPage\",\"@id\":\"https:\\\/\\\/www.eldigitaldeasturias.com\\\/noticias\\\/las-actas-de-los-procesos-de-auschwitz-entran-en-el-patrimonio-de-la-unesco\\\/#webpage\",\"url\":\"https:\\\/\\\/www.eldigitaldeasturias.com\\\/noticias\\\/las-actas-de-los-procesos-de-auschwitz-entran-en-el-patrimonio-de-la-unesco\\\/\",\"name\":\"Las actas de los procesos de Auschwitz entran en el patrimonio de la UNESCO - El Digital de Asturias\",\"description\":\"Fr\\u00e1ncfort, 16 may (dpa) - Las actas del primer proceso de Auschwitz, el hist\\u00f3rico juicio celebrado en Fr\\u00e1ncfort entre 1963 y 1965 en el que un tribunal proces\\u00f3 a una veintena de mandos del campo de exterminio nazi, pasaron hoy a formar parte del Registro de la Memoria del Mundo de la Unesco. En un\",\"inLanguage\":\"es-ES\",\"isPartOf\":{\"@id\":\"https:\\\/\\\/www.eldigitaldeasturias.com\\\/noticias\\\/#website\"},\"breadcrumb\":{\"@id\":\"https:\\\/\\\/www.eldigitaldeasturias.com\\\/noticias\\\/las-actas-de-los-procesos-de-auschwitz-entran-en-el-patrimonio-de-la-unesco\\\/#breadcrumblist\"},\"author\":{\"@id\":\"https:\\\/\\\/www.eldigitaldeasturias.com\\\/noticias\\\/author\\\/admin\\\/#author\"},\"creator\":{\"@id\":\"https:\\\/\\\/www.eldigitaldeasturias.com\\\/noticias\\\/author\\\/admin\\\/#author\"},\"image\":{\"@type\":\"ImageObject\",\"url\":978468,\"@id\":\"https:\\\/\\\/www.eldigitaldeasturias.com\\\/noticias\\\/las-actas-de-los-procesos-de-auschwitz-entran-en-el-patrimonio-de-la-unesco\\\/#mainImage\"},\"primaryImageOfPage\":{\"@id\":\"https:\\\/\\\/www.eldigitaldeasturias.com\\\/noticias\\\/las-actas-de-los-procesos-de-auschwitz-entran-en-el-patrimonio-de-la-unesco\\\/#mainImage\"},\"datePublished\":\"2018-05-16T14:59:05+02:00\",\"dateModified\":\"2018-05-16T14:59:05+02:00\"},{\"@type\":\"WebSite\",\"@id\":\"https:\\\/\\\/www.eldigitaldeasturias.com\\\/noticias\\\/#website\",\"url\":\"https:\\\/\\\/www.eldigitaldeasturias.com\\\/noticias\\\/\",\"name\":\"El Digital de Asturias - Diario de actualidad y noticias\",\"alternateName\":\"El Digital de Asturias - Diario de actualidad y noticias\",\"description\":\"Hemeroteca\",\"inLanguage\":\"es-ES\",\"publisher\":{\"@id\":\"https:\\\/\\\/www.eldigitaldeasturias.com\\\/noticias\\\/#organization\"}}]}\n\t\t<\/script>\n\t\t<!-- All in One SEO Pro -->\r\n\t\t<title>Las actas de los procesos de Auschwitz entran en el patrimonio de la UNESCO - El Digital de Asturias<\/title>\n\n","aioseo_head_json":{"title":"Las actas de los procesos de Auschwitz entran en el patrimonio de la UNESCO - El Digital de Asturias","description":"Fr\u00e1ncfort, 16 may (dpa) - Las actas del primer proceso de Auschwitz, el hist\u00f3rico juicio celebrado en Fr\u00e1ncfort entre 1963 y 1965 en el que un tribunal proces\u00f3 a una veintena de mandos del campo de exterminio nazi, pasaron hoy a formar parte del Registro de la Memoria del Mundo de la Unesco. En un","canonical_url":"https:\/\/www.eldigitaldeasturias.com\/noticias\/las-actas-de-los-procesos-de-auschwitz-entran-en-el-patrimonio-de-la-unesco\/","robots":"max-image-preview:large","keywords":"actualidad","webmasterTools":{"google-site-verification":"UA-38556648-1","msvalidate.01":"7dfe9f3f1b24437ab69f4f2559babe99","miscellaneous":""},"schema":{"@context":"https:\/\/schema.org","@graph":[{"@type":"BlogPosting","@id":"https:\/\/www.eldigitaldeasturias.com\/noticias\/las-actas-de-los-procesos-de-auschwitz-entran-en-el-patrimonio-de-la-unesco\/#blogposting","name":"Las actas de los procesos de Auschwitz entran en el patrimonio de la UNESCO - El Digital de Asturias","headline":"Las actas de los procesos de Auschwitz entran en el patrimonio de la UNESCO","author":{"@id":"https:\/\/www.eldigitaldeasturias.com\/noticias\/author\/admin\/#author"},"publisher":{"@id":"https:\/\/www.eldigitaldeasturias.com\/noticias\/#organization"},"image":{"@type":"ImageObject","url":978468},"datePublished":"2018-05-16T14:59:05+02:00","dateModified":"2018-05-16T14:59:05+02:00","inLanguage":"es-ES","mainEntityOfPage":{"@id":"https:\/\/www.eldigitaldeasturias.com\/noticias\/las-actas-de-los-procesos-de-auschwitz-entran-en-el-patrimonio-de-la-unesco\/#webpage"},"isPartOf":{"@id":"https:\/\/www.eldigitaldeasturias.com\/noticias\/las-actas-de-los-procesos-de-auschwitz-entran-en-el-patrimonio-de-la-unesco\/#webpage"},"articleSection":"Actualidad"},{"@type":"BreadcrumbList","@id":"https:\/\/www.eldigitaldeasturias.com\/noticias\/las-actas-de-los-procesos-de-auschwitz-entran-en-el-patrimonio-de-la-unesco\/#breadcrumblist","itemListElement":[{"@type":"ListItem","@id":"https:\/\/www.eldigitaldeasturias.com\/noticias#listItem","position":1,"name":"Home","item":"https:\/\/www.eldigitaldeasturias.com\/noticias","nextItem":{"@type":"ListItem","@id":"https:\/\/www.eldigitaldeasturias.com\/noticias\/category\/actualidad\/#listItem","name":"Actualidad"}},{"@type":"ListItem","@id":"https:\/\/www.eldigitaldeasturias.com\/noticias\/category\/actualidad\/#listItem","position":2,"name":"Actualidad","item":"https:\/\/www.eldigitaldeasturias.com\/noticias\/category\/actualidad\/","nextItem":{"@type":"ListItem","@id":"https:\/\/www.eldigitaldeasturias.com\/noticias\/las-actas-de-los-procesos-de-auschwitz-entran-en-el-patrimonio-de-la-unesco\/#listItem","name":"Las actas de los procesos de Auschwitz entran en el patrimonio de la UNESCO"},"previousItem":{"@type":"ListItem","@id":"https:\/\/www.eldigitaldeasturias.com\/noticias#listItem","name":"Home"}},{"@type":"ListItem","@id":"https:\/\/www.eldigitaldeasturias.com\/noticias\/las-actas-de-los-procesos-de-auschwitz-entran-en-el-patrimonio-de-la-unesco\/#listItem","position":3,"name":"Las actas de los procesos de Auschwitz entran en el patrimonio de la UNESCO","previousItem":{"@type":"ListItem","@id":"https:\/\/www.eldigitaldeasturias.com\/noticias\/category\/actualidad\/#listItem","name":"Actualidad"}}]},{"@type":"Organization","@id":"https:\/\/www.eldigitaldeasturias.com\/noticias\/#organization","name":"El Digital de Asturias","description":"Hemeroteca","url":"https:\/\/www.eldigitaldeasturias.com\/noticias\/","email":"info@eldigitaldeasturias.com","telephone":"+34652131393","logo":{"@type":"ImageObject","url":"https:\/\/www.eldigitaldeasturias.com\/noticias\/wp-content\/uploads\/2020\/12\/EDA.jpg","@id":"https:\/\/www.eldigitaldeasturias.com\/noticias\/las-actas-de-los-procesos-de-auschwitz-entran-en-el-patrimonio-de-la-unesco\/#organizationLogo"},"image":{"@id":"https:\/\/www.eldigitaldeasturias.com\/noticias\/las-actas-de-los-procesos-de-auschwitz-entran-en-el-patrimonio-de-la-unesco\/#organizationLogo"},"sameAs":["https:\/\/facebook.com\/eldigitaldeasturias","https:\/\/www.youtube.com\/channel\/UCZP-2wLEB9Rv6erhFmqVnvg"],"address":{"@id":"https:\/\/www.eldigitaldeasturias.com\/noticias\/#postaladdress","@type":"PostalAddress","streetAddress":"san antonio 4","postalCode":"33430","addressLocality":"Cand\u00e1s","addressRegion":"Asturias","addressCountry":"ES"}},{"@type":"Person","@id":"https:\/\/www.eldigitaldeasturias.com\/noticias\/author\/admin\/#author","url":"https:\/\/www.eldigitaldeasturias.com\/noticias\/author\/admin\/","name":"El Digital de Asturias","image":{"@type":"ImageObject","@id":"https:\/\/www.eldigitaldeasturias.com\/noticias\/las-actas-de-los-procesos-de-auschwitz-entran-en-el-patrimonio-de-la-unesco\/#authorImage","url":"https:\/\/secure.gravatar.com\/avatar\/df2aeffc32bcd13f8d26072ef8a91b623d677766deac7f97ca815868cd41bf5e?s=96&d=mm&r=g","width":96,"height":96,"caption":"El Digital de Asturias"}},{"@type":"WebPage","@id":"https:\/\/www.eldigitaldeasturias.com\/noticias\/las-actas-de-los-procesos-de-auschwitz-entran-en-el-patrimonio-de-la-unesco\/#webpage","url":"https:\/\/www.eldigitaldeasturias.com\/noticias\/las-actas-de-los-procesos-de-auschwitz-entran-en-el-patrimonio-de-la-unesco\/","name":"Las actas de los procesos de Auschwitz entran en el patrimonio de la UNESCO - El Digital de Asturias","description":"Fr\u00e1ncfort, 16 may (dpa) - Las actas del primer proceso de Auschwitz, el hist\u00f3rico juicio celebrado en Fr\u00e1ncfort entre 1963 y 1965 en el que un tribunal proces\u00f3 a una veintena de mandos del campo de exterminio nazi, pasaron hoy a formar parte del Registro de la Memoria del Mundo de la Unesco. En un","inLanguage":"es-ES","isPartOf":{"@id":"https:\/\/www.eldigitaldeasturias.com\/noticias\/#website"},"breadcrumb":{"@id":"https:\/\/www.eldigitaldeasturias.com\/noticias\/las-actas-de-los-procesos-de-auschwitz-entran-en-el-patrimonio-de-la-unesco\/#breadcrumblist"},"author":{"@id":"https:\/\/www.eldigitaldeasturias.com\/noticias\/author\/admin\/#author"},"creator":{"@id":"https:\/\/www.eldigitaldeasturias.com\/noticias\/author\/admin\/#author"},"image":{"@type":"ImageObject","url":978468,"@id":"https:\/\/www.eldigitaldeasturias.com\/noticias\/las-actas-de-los-procesos-de-auschwitz-entran-en-el-patrimonio-de-la-unesco\/#mainImage"},"primaryImageOfPage":{"@id":"https:\/\/www.eldigitaldeasturias.com\/noticias\/las-actas-de-los-procesos-de-auschwitz-entran-en-el-patrimonio-de-la-unesco\/#mainImage"},"datePublished":"2018-05-16T14:59:05+02:00","dateModified":"2018-05-16T14:59:05+02:00"},{"@type":"WebSite","@id":"https:\/\/www.eldigitaldeasturias.com\/noticias\/#website","url":"https:\/\/www.eldigitaldeasturias.com\/noticias\/","name":"El Digital de Asturias - Diario de actualidad y noticias","alternateName":"El Digital de Asturias - Diario de actualidad y noticias","description":"Hemeroteca","inLanguage":"es-ES","publisher":{"@id":"https:\/\/www.eldigitaldeasturias.com\/noticias\/#organization"}}]},"og:locale":"es_ES","og:site_name":"El Digital de Asturias","og:type":"article","og:title":"Las actas de los procesos de Auschwitz entran en el patrimonio de la UNESCO - El Digital de Asturias","og:description":"Fr\u00e1ncfort, 16 may (dpa) - Las actas del primer proceso de Auschwitz, el hist\u00f3rico juicio celebrado en Fr\u00e1ncfort entre 1963 y 1965 en el que un tribunal proces\u00f3 a una veintena de mandos del campo de exterminio nazi, pasaron hoy a formar parte del Registro de la Memoria del Mundo de la Unesco. En un","og:url":"https:\/\/www.eldigitaldeasturias.com\/noticias\/las-actas-de-los-procesos-de-auschwitz-entran-en-el-patrimonio-de-la-unesco\/","article:tag":["actualidad"],"article:published_time":"2018-05-16T14:59:05+00:00","article:modified_time":"2018-05-16T14:59:05+00:00","article:publisher":"https:\/\/facebook.com\/eldigitaldeasturias","twitter:card":"summary_large_image","twitter:title":"Las actas de los procesos de Auschwitz entran en el patrimonio de la UNESCO - El Digital de Asturias","twitter:description":"Fr\u00e1ncfort, 16 may (dpa) - Las actas del primer proceso de Auschwitz, el hist\u00f3rico juicio celebrado en Fr\u00e1ncfort entre 1963 y 1965 en el que un tribunal proces\u00f3 a una veintena de mandos del campo de exterminio nazi, pasaron hoy a formar parte del Registro de la Memoria del Mundo de la Unesco. En un","twitter:image":"https:\/\/www.eldigitaldeasturias.com\/noticias\/wp-content\/uploads\/2020\/12\/EDA-1.jpg","twitter:label1":"Escrito por","twitter:data1":"El Digital de Asturias","twitter:label2":"Tiempo de lectura estimado","twitter:data2":"2 minutos"},"aioseo_meta_data":{"post_id":"980654","title":null,"description":null,"keywords":null,"keyphrases":null,"primary_term":null,"canonical_url":null,"og_title":null,"og_description":null,"og_object_type":"default","og_image_type":"default","og_image_url":null,"og_image_width":null,"og_image_height":null,"og_image_custom_url":null,"og_image_custom_fields":null,"og_video":null,"og_custom_url":null,"og_article_section":null,"og_article_tags":null,"twitter_use_og":false,"twitter_card":"default","twitter_image_type":"default","twitter_image_url":null,"twitter_image_custom_url":null,"twitter_image_custom_fields":null,"twitter_title":null,"twitter_description":null,"schema":{"blockGraphs":[],"customGraphs":[],"default":{"data":{"Article":[],"Course":[],"Dataset":[],"FAQPage":[],"Movie":[],"Person":[],"Product":[],"ProductReview":[],"Car":[],"Recipe":[],"Service":[],"SoftwareApplication":[],"WebPage":[]},"graphName":"","isEnabled":true},"graphs":[],"defaultGraph":"","defaultPostTypeGraph":""},"schema_type":null,"schema_type_options":null,"pillar_content":false,"robots_default":true,"robots_noindex":false,"robots_noarchive":false,"robots_nosnippet":false,"robots_nofollow":false,"robots_noimageindex":false,"robots_noodp":false,"robots_notranslate":false,"robots_max_snippet":null,"robots_max_videopreview":null,"robots_max_imagepreview":"large","priority":null,"frequency":null,"local_seo":null,"seo_analyzer_scan_date":"2025-10-08 18:41:02","breadcrumb_settings":null,"limit_modified_date":false,"open_ai":null,"ai":null,"created":"2020-12-21 11:56:37","updated":"2025-10-08 18:41:02","focus_keyword":null,"additional_keywords":null,"truseo_locale":null},"aioseo_breadcrumb":"<div class=\"aioseo-breadcrumbs\"><span class=\"aioseo-breadcrumb\">\n\t<a href=\"https:\/\/www.eldigitaldeasturias.com\/noticias\" title=\"Home\">Home<\/a>\n<\/span><span class=\"aioseo-breadcrumb-separator\">\u2013<\/span><span class=\"aioseo-breadcrumb\">\n\t<a href=\"https:\/\/www.eldigitaldeasturias.com\/noticias\/category\/actualidad\/\" title=\"Actualidad\">Actualidad<\/a>\n<\/span><span class=\"aioseo-breadcrumb-separator\">\u2013<\/span><span class=\"aioseo-breadcrumb\">\n\t<a href=\"https:\/\/www.eldigitaldeasturias.com\/noticias\/las-actas-de-los-procesos-de-auschwitz-entran-en-el-patrimonio-de-la-unesco\/\" title=\"Las actas de los procesos de Auschwitz entran en el patrimonio de la UNESCO\">Las actas de los procesos de Auschwitz entran en el patrimonio de la UNESCO<\/a>\n<\/span><\/div>","aioseo_breadcrumb_json":[{"label":"Home","link":"https:\/\/www.eldigitaldeasturias.com\/noticias"},{"label":"Actualidad","link":"https:\/\/www.eldigitaldeasturias.com\/noticias\/category\/actualidad\/"},{"label":"Las actas de los procesos de Auschwitz entran en el patrimonio de la UNESCO","link":"https:\/\/www.eldigitaldeasturias.com\/noticias\/las-actas-de-los-procesos-de-auschwitz-entran-en-el-patrimonio-de-la-unesco\/"}],"_links":{"self":[{"href":"https:\/\/www.eldigitaldeasturias.com\/noticias\/wp-json\/wp\/v2\/posts\/980654","targetHints":{"allow":["GET"]}}],"collection":[{"href":"https:\/\/www.eldigitaldeasturias.com\/noticias\/wp-json\/wp\/v2\/posts"}],"about":[{"href":"https:\/\/www.eldigitaldeasturias.com\/noticias\/wp-json\/wp\/v2\/types\/post"}],"author":[{"embeddable":true,"href":"https:\/\/www.eldigitaldeasturias.com\/noticias\/wp-json\/wp\/v2\/users\/1"}],"replies":[{"embeddable":true,"href":"https:\/\/www.eldigitaldeasturias.com\/noticias\/wp-json\/wp\/v2\/comments?post=980654"}],"version-history":[{"count":0,"href":"https:\/\/www.eldigitaldeasturias.com\/noticias\/wp-json\/wp\/v2\/posts\/980654\/revisions"}],"wp:attachment":[{"href":"https:\/\/www.eldigitaldeasturias.com\/noticias\/wp-json\/wp\/v2\/media?parent=980654"}],"wp:term":[{"taxonomy":"category","embeddable":true,"href":"https:\/\/www.eldigitaldeasturias.com\/noticias\/wp-json\/wp\/v2\/categories?post=980654"},{"taxonomy":"post_tag","embeddable":true,"href":"https:\/\/www.eldigitaldeasturias.com\/noticias\/wp-json\/wp\/v2\/tags?post=980654"}],"curies":[{"name":"wp","href":"https:\/\/api.w.org\/{rel}","templated":true}]}}