{"id":980581,"date":"2018-05-16T11:22:00","date_gmt":"2018-05-16T11:22:00","guid":{"rendered":"http:\/\/www.eldigitaldeasturias.com\/noticias\/?p=980581"},"modified":"2018-05-16T11:22:00","modified_gmt":"2018-05-16T11:22:00","slug":"pedro-sanchez-la-constitucion-es-un-bien-juridico-que-debe-ser-defendido","status":"publish","type":"post","link":"https:\/\/www.eldigitaldeasturias.com\/noticias\/pedro-sanchez-la-constitucion-es-un-bien-juridico-que-debe-ser-defendido\/","title":{"rendered":"Pedro S\u00e1nchez: \u201cLa Constituci\u00f3n es un bien jur\u00eddico que debe ser defendido\u201d"},"content":{"rendered":"<p><img loading=\"lazy\" decoding=\"async\" class=\"alignleft size-medium wp-image-793321\" src=\"https:\/\/www.eldigitaldeasturias.com\/noticias\/wp-content\/uploads\/2015\/07\/pedro-sanchez-360x240.jpg\" alt=\"\" width=\"360\" height=\"240\" \/>El secretario general, Pedro S\u00e1nchez, anunci\u00f3 hoy que el PSOE est\u00e1 trabajando en una modificaci\u00f3n del C\u00f3digo Penal para \u201cadecuar el delito de rebeli\u00f3n a la Espa\u00f1a del siglo XXI\u201d y, m\u00e1s concretamente, \u201ca los hechos de estos \u00faltimos meses\u201d en Catalu\u00f1a, donde se ha pretendido romper la unidad territorial salt\u00e1ndose la ley.<\/p>\n<p>\u201cTenemos que aprender de la experiencia vivida\u201d y que \u201cla Constituci\u00f3n es un bien jur\u00eddico que debe ser defendido\u201d, ha dicho Pedro S\u00e1nchez, quien ha explicado que el delito de rebeli\u00f3n est\u00e1 tipificado y vinculado desde el a\u00f1o 1975 a los golpes militares, y \u201cahora estamos ante un hecho completamente distinto, inimaginable hace a\u00f1os, y es que responsables pol\u00edticos al frente de instituciones p\u00fablicas se est\u00e1n valiendo de esa posici\u00f3n para, de manera subrepticia, conculcar el orden constitucional\u201d.<\/p>\n<p>En una entrevista en \u2018Los Desayunos\u2019 de TVE, S\u00e1nchez subray\u00f3 que \u201csi el Gobierno plantea esta modificaci\u00f3n, el PSOE la apoyar\u00e1\u201d, y que \u201csi no lo hace, ser\u00e1 el Grupo Socialista quien lo lleve al Congreso de los Diputados\u201d para su debate, y \u201cespero que pueda contar con el apoyo de todas las fuerzas parlamentarias\u201d.<\/p>\n<p>Se\u00f1al\u00f3 que la reuni\u00f3n que mantuvo ayer con el presidente del Gobierno para acordar la respuesta ante la probable reedici\u00f3n del desaf\u00edo secesionista catal\u00e1n fue \u201cnecesaria, oportuna y tranquilizadora\u201d. \u201cEl secesionismo debe ser consciente de que se va a encontrar con un muro, el del Estado social y democr\u00e1tico de derecho\u201d, y tambi\u00e9n con \u201cla unidad de todos los dem\u00f3cratas, de las fuerzas que defendemos el orden constitucional y, singularmente, de los dos principales partidos del pa\u00eds\u201d, dijo Pedro S\u00e1nchez.<\/p>\n<p>En opini\u00f3n del l\u00edder socialista \u201cnos estamos enfrentando a una crisis que va a durar a\u00f1os, pero que tenemos que abordar\u201d, del mismo modo que \u201ca lo largo de nuestra historia democr\u00e1tica nos hemos enfrentado a situaciones que han exigido unidad y generosidad, pero tambi\u00e9n el demostrar fortaleza y resiliencia por parte del Estado democr\u00e1tico y de derecho\u201d.<\/p>\n<p>\u201cEn esta ocasi\u00f3n lo vamos a volver a lograr \u2013dijo-, nos va a costar mucho tiempo y energ\u00edas, que podr\u00edamos estar destinando a otras cuestiones, pero esta es la realidad de la pol\u00edtica global y espa\u00f1ola\u201d. \u201cMe gustar\u00eda que fuera entre todos. No es momento de ventajismos, ni de pensar en si voy a ara\u00f1ar m\u00e1s votos aqu\u00ed o all\u00e1, sino de pensar en las generaciones futuras y en nuestro pa\u00eds\u201d, donde \u201cla unidad, la convivencia, el respeto a la legalidad, a la democracia y a la igualdad entre espa\u00f1oles est\u00e9n garantizados\u201d.<\/p>\n<p>En todo caso, explic\u00f3 que \u201cel 155 es una medida excepcional para devolver a Catalu\u00f1a la legalidad, en caso de que se violente, pero acto seguido necesitamos un proyecto pol\u00edtico de reforma democr\u00e1tica y territorial para resolver este problema\u201d.<\/p>\n<p>En ese sentido, record\u00f3 que \u201cel PSOE tiene una propuesta encima de la mesa de reforma constitucional y actualizaci\u00f3n del Estatuto de Catalu\u00f1a\u201d, pero \u201cno conocemos qu\u00e9 propuesta tienen Rivera y Rajoy, y creo que es fundamental que nos digan exactamente qu\u00e9 plantean para resolver esta cuesti\u00f3n, m\u00e1s all\u00e1 de vivir de la excepcionalidad\u201d; porque \u201cen muchas ocasiones cuando escucho a Rivera me da la sensaci\u00f3n de que se esconde detr\u00e1s de las medidas excepcionales para tapar su falta de proyecto pol\u00edtico, es m\u00e1s, para esconder tambi\u00e9n su intencionalidad pol\u00edtica, que es la de Aznar hace a\u00f1os: utilizar el problema territorial como arma electoral\u201d.<\/p>\n<p><strong>Licenciatura de Pablo Casado<\/strong><\/p>\n<p>Preguntado por las sombras que existen en la licenciatura \u2018expr\u00e9s\u2019 de Pablo Casado, que hoy publica un medio de comunicaci\u00f3n, Pedro S\u00e1nchez consider\u00f3 que \u201ces raro\u201d haber aprobado la mitad de las asignaturas de la carrera de Derecho, \u201cque es de muchos codos\u201d, en \u201cun curso acad\u00e9mico de nueve meses\u201d. En cualquier caso \u201ctendr\u00e1 que explicar sus razones y habr\u00e1 gente que se las crea y quien no\u201d.<\/p>\n","protected":false},"excerpt":{"rendered":"<p>El secretario general, Pedro S\u00e1nchez, anunci\u00f3 hoy que el PSOE est\u00e1 trabajando en una modificaci\u00f3n del C\u00f3digo Penal para \u201cadecuar el delito de rebeli\u00f3n a la Espa\u00f1a del siglo XXI\u201d y, m\u00e1s concretamente, \u201ca los hechos de estos \u00faltimos meses\u201d en Catalu\u00f1a, donde se ha pretendido romper la unidad territorial salt\u00e1ndose la ley. \u201cTenemos que [&hellip;]<\/p>\n","protected":false},"author":1,"featured_media":793321,"comment_status":"closed","ping_status":"closed","sticky":false,"template":"","format":"standard","meta":{"footnotes":""},"categories":[1],"tags":[],"class_list":["post-980581","post","type-post","status-publish","format-standard","has-post-thumbnail","hentry","category-actualidad"],"aioseo_notices":[],"aioseo_head":"\n\t\t<!-- All in One SEO Pro 5.0.1 - aioseo.com -->\n\t<meta name=\"description\" content=\"El secretario general, Pedro S\u00e1nchez, anunci\u00f3 hoy que el PSOE est\u00e1 trabajando en una modificaci\u00f3n del C\u00f3digo Penal para \u201cadecuar el delito de rebeli\u00f3n a la Espa\u00f1a del siglo XXI\u201d y, m\u00e1s concretamente, \u201ca los hechos de estos \u00faltimos meses\u201d en Catalu\u00f1a, donde se ha pretendido romper la unidad territorial salt\u00e1ndose la ley. \u201cTenemos que\" \/>\n\t<meta name=\"robots\" content=\"max-image-preview:large\" \/>\n\t<meta name=\"author\" content=\"El Digital de Asturias\"\/>\n\t<meta name=\"google-site-verification\" content=\"UA-38556648-1\" \/>\n\t<meta name=\"msvalidate.01\" content=\"7dfe9f3f1b24437ab69f4f2559babe99\" \/>\n\t<meta name=\"keywords\" content=\"actualidad\" \/>\n\t<link rel=\"canonical\" href=\"https:\/\/www.eldigitaldeasturias.com\/noticias\/pedro-sanchez-la-constitucion-es-un-bien-juridico-que-debe-ser-defendido\/\" \/>\n\t<meta name=\"generator\" content=\"All in One SEO Pro (AIOSEO) 5.0.1\" \/>\n\t\t<meta property=\"og:locale\" content=\"es_ES\" \/>\n\t\t<meta property=\"og:site_name\" content=\"El Digital de Asturias\" \/>\n\t\t<meta property=\"og:type\" content=\"article\" \/>\n\t\t<meta property=\"og:title\" content=\"Pedro S\u00e1nchez: \u201cLa Constituci\u00f3n es un bien jur\u00eddico que debe ser defendido\u201d - El Digital de Asturias\" \/>\n\t\t<meta property=\"og:description\" content=\"El secretario general, Pedro S\u00e1nchez, anunci\u00f3 hoy que el PSOE est\u00e1 trabajando en una modificaci\u00f3n del C\u00f3digo Penal para \u201cadecuar el delito de rebeli\u00f3n a la Espa\u00f1a del siglo XXI\u201d y, m\u00e1s concretamente, \u201ca los hechos de estos \u00faltimos meses\u201d en Catalu\u00f1a, donde se ha pretendido romper la unidad territorial salt\u00e1ndose la ley. \u201cTenemos que\" \/>\n\t\t<meta property=\"og:url\" content=\"https:\/\/www.eldigitaldeasturias.com\/noticias\/pedro-sanchez-la-constitucion-es-un-bien-juridico-que-debe-ser-defendido\/\" \/>\n\t\t<meta property=\"article:tag\" content=\"actualidad\" \/>\n\t\t<meta property=\"article:published_time\" content=\"2018-05-16T11:22:00+00:00\" \/>\n\t\t<meta property=\"article:modified_time\" content=\"2018-05-16T11:22:00+00:00\" \/>\n\t\t<meta property=\"article:publisher\" content=\"https:\/\/facebook.com\/eldigitaldeasturias\" \/>\n\t\t<meta name=\"twitter:card\" content=\"summary_large_image\" \/>\n\t\t<meta name=\"twitter:title\" content=\"Pedro S\u00e1nchez: \u201cLa Constituci\u00f3n es un bien jur\u00eddico que debe ser defendido\u201d - El Digital de Asturias\" \/>\n\t\t<meta name=\"twitter:description\" content=\"El secretario general, Pedro S\u00e1nchez, anunci\u00f3 hoy que el PSOE est\u00e1 trabajando en una modificaci\u00f3n del C\u00f3digo Penal para \u201cadecuar el delito de rebeli\u00f3n a la Espa\u00f1a del siglo XXI\u201d y, m\u00e1s concretamente, \u201ca los hechos de estos \u00faltimos meses\u201d en Catalu\u00f1a, donde se ha pretendido romper la unidad territorial salt\u00e1ndose la ley. \u201cTenemos que\" \/>\n\t\t<meta name=\"twitter:image\" content=\"https:\/\/www.eldigitaldeasturias.com\/noticias\/wp-content\/uploads\/2020\/12\/EDA-1.jpg\" \/>\n\t\t<meta name=\"twitter:label1\" content=\"Escrito por\" \/>\n\t\t<meta name=\"twitter:data1\" content=\"El Digital de Asturias\" \/>\n\t\t<meta name=\"twitter:label2\" content=\"Tiempo de lectura estimado\" \/>\n\t\t<meta name=\"twitter:data2\" content=\"3 minutos\" \/>\n\t\t<script type=\"application\/ld+json\" class=\"aioseo-schema\">\n\t\t\t{\"@context\":\"https:\\\/\\\/schema.org\",\"@graph\":[{\"@type\":\"BlogPosting\",\"@id\":\"https:\\\/\\\/www.eldigitaldeasturias.com\\\/noticias\\\/pedro-sanchez-la-constitucion-es-un-bien-juridico-que-debe-ser-defendido\\\/#blogposting\",\"name\":\"Pedro S\\u00e1nchez: \\u201cLa Constituci\\u00f3n es un bien jur\\u00eddico que debe ser defendido\\u201d - El Digital de Asturias\",\"headline\":\"Pedro S\\u00e1nchez: \\u201cLa Constituci\\u00f3n es un bien jur\\u00eddico que debe ser defendido\\u201d\",\"author\":{\"@id\":\"https:\\\/\\\/www.eldigitaldeasturias.com\\\/noticias\\\/author\\\/admin\\\/#author\"},\"publisher\":{\"@id\":\"https:\\\/\\\/www.eldigitaldeasturias.com\\\/noticias\\\/#organization\"},\"image\":{\"@type\":\"ImageObject\",\"url\":793321},\"datePublished\":\"2018-05-16T11:22:00+02:00\",\"dateModified\":\"2018-05-16T11:22:00+02:00\",\"inLanguage\":\"es-ES\",\"mainEntityOfPage\":{\"@id\":\"https:\\\/\\\/www.eldigitaldeasturias.com\\\/noticias\\\/pedro-sanchez-la-constitucion-es-un-bien-juridico-que-debe-ser-defendido\\\/#webpage\"},\"isPartOf\":{\"@id\":\"https:\\\/\\\/www.eldigitaldeasturias.com\\\/noticias\\\/pedro-sanchez-la-constitucion-es-un-bien-juridico-que-debe-ser-defendido\\\/#webpage\"},\"articleSection\":\"Actualidad\"},{\"@type\":\"BreadcrumbList\",\"@id\":\"https:\\\/\\\/www.eldigitaldeasturias.com\\\/noticias\\\/pedro-sanchez-la-constitucion-es-un-bien-juridico-que-debe-ser-defendido\\\/#breadcrumblist\",\"itemListElement\":[{\"@type\":\"ListItem\",\"@id\":\"https:\\\/\\\/www.eldigitaldeasturias.com\\\/noticias#listItem\",\"position\":1,\"name\":\"Home\",\"item\":\"https:\\\/\\\/www.eldigitaldeasturias.com\\\/noticias\",\"nextItem\":{\"@type\":\"ListItem\",\"@id\":\"https:\\\/\\\/www.eldigitaldeasturias.com\\\/noticias\\\/category\\\/actualidad\\\/#listItem\",\"name\":\"Actualidad\"}},{\"@type\":\"ListItem\",\"@id\":\"https:\\\/\\\/www.eldigitaldeasturias.com\\\/noticias\\\/category\\\/actualidad\\\/#listItem\",\"position\":2,\"name\":\"Actualidad\",\"item\":\"https:\\\/\\\/www.eldigitaldeasturias.com\\\/noticias\\\/category\\\/actualidad\\\/\",\"nextItem\":{\"@type\":\"ListItem\",\"@id\":\"https:\\\/\\\/www.eldigitaldeasturias.com\\\/noticias\\\/pedro-sanchez-la-constitucion-es-un-bien-juridico-que-debe-ser-defendido\\\/#listItem\",\"name\":\"Pedro S\\u00e1nchez: \\u201cLa Constituci\\u00f3n es un bien jur\\u00eddico que debe ser defendido\\u201d\"},\"previousItem\":{\"@type\":\"ListItem\",\"@id\":\"https:\\\/\\\/www.eldigitaldeasturias.com\\\/noticias#listItem\",\"name\":\"Home\"}},{\"@type\":\"ListItem\",\"@id\":\"https:\\\/\\\/www.eldigitaldeasturias.com\\\/noticias\\\/pedro-sanchez-la-constitucion-es-un-bien-juridico-que-debe-ser-defendido\\\/#listItem\",\"position\":3,\"name\":\"Pedro S\\u00e1nchez: \\u201cLa Constituci\\u00f3n es un bien jur\\u00eddico que debe ser defendido\\u201d\",\"previousItem\":{\"@type\":\"ListItem\",\"@id\":\"https:\\\/\\\/www.eldigitaldeasturias.com\\\/noticias\\\/category\\\/actualidad\\\/#listItem\",\"name\":\"Actualidad\"}}]},{\"@type\":\"Organization\",\"@id\":\"https:\\\/\\\/www.eldigitaldeasturias.com\\\/noticias\\\/#organization\",\"name\":\"El Digital de Asturias\",\"description\":\"Hemeroteca\",\"url\":\"https:\\\/\\\/www.eldigitaldeasturias.com\\\/noticias\\\/\",\"email\":\"info@eldigitaldeasturias.com\",\"telephone\":\"+34652131393\",\"logo\":{\"@type\":\"ImageObject\",\"url\":\"https:\\\/\\\/www.eldigitaldeasturias.com\\\/noticias\\\/wp-content\\\/uploads\\\/2020\\\/12\\\/EDA.jpg\",\"@id\":\"https:\\\/\\\/www.eldigitaldeasturias.com\\\/noticias\\\/pedro-sanchez-la-constitucion-es-un-bien-juridico-que-debe-ser-defendido\\\/#organizationLogo\"},\"image\":{\"@id\":\"https:\\\/\\\/www.eldigitaldeasturias.com\\\/noticias\\\/pedro-sanchez-la-constitucion-es-un-bien-juridico-que-debe-ser-defendido\\\/#organizationLogo\"},\"sameAs\":[\"https:\\\/\\\/facebook.com\\\/eldigitaldeasturias\",\"https:\\\/\\\/www.youtube.com\\\/channel\\\/UCZP-2wLEB9Rv6erhFmqVnvg\"],\"address\":{\"@id\":\"https:\\\/\\\/www.eldigitaldeasturias.com\\\/noticias\\\/#postaladdress\",\"@type\":\"PostalAddress\",\"streetAddress\":\"san antonio 4\",\"postalCode\":\"33430\",\"addressLocality\":\"Cand\\u00e1s\",\"addressRegion\":\"Asturias\",\"addressCountry\":\"ES\"}},{\"@type\":\"Person\",\"@id\":\"https:\\\/\\\/www.eldigitaldeasturias.com\\\/noticias\\\/author\\\/admin\\\/#author\",\"url\":\"https:\\\/\\\/www.eldigitaldeasturias.com\\\/noticias\\\/author\\\/admin\\\/\",\"name\":\"El Digital de Asturias\",\"image\":{\"@type\":\"ImageObject\",\"@id\":\"https:\\\/\\\/www.eldigitaldeasturias.com\\\/noticias\\\/pedro-sanchez-la-constitucion-es-un-bien-juridico-que-debe-ser-defendido\\\/#authorImage\",\"url\":\"https:\\\/\\\/secure.gravatar.com\\\/avatar\\\/df2aeffc32bcd13f8d26072ef8a91b623d677766deac7f97ca815868cd41bf5e?s=96&d=mm&r=g\",\"width\":96,\"height\":96,\"caption\":\"El Digital de Asturias\"}},{\"@type\":\"WebPage\",\"@id\":\"https:\\\/\\\/www.eldigitaldeasturias.com\\\/noticias\\\/pedro-sanchez-la-constitucion-es-un-bien-juridico-que-debe-ser-defendido\\\/#webpage\",\"url\":\"https:\\\/\\\/www.eldigitaldeasturias.com\\\/noticias\\\/pedro-sanchez-la-constitucion-es-un-bien-juridico-que-debe-ser-defendido\\\/\",\"name\":\"Pedro S\\u00e1nchez: \\u201cLa Constituci\\u00f3n es un bien jur\\u00eddico que debe ser defendido\\u201d - El Digital de Asturias\",\"description\":\"El secretario general, Pedro S\\u00e1nchez, anunci\\u00f3 hoy que el PSOE est\\u00e1 trabajando en una modificaci\\u00f3n del C\\u00f3digo Penal para \\u201cadecuar el delito de rebeli\\u00f3n a la Espa\\u00f1a del siglo XXI\\u201d y, m\\u00e1s concretamente, \\u201ca los hechos de estos \\u00faltimos meses\\u201d en Catalu\\u00f1a, donde se ha pretendido romper la unidad territorial salt\\u00e1ndose la ley. \\u201cTenemos que\",\"inLanguage\":\"es-ES\",\"isPartOf\":{\"@id\":\"https:\\\/\\\/www.eldigitaldeasturias.com\\\/noticias\\\/#website\"},\"breadcrumb\":{\"@id\":\"https:\\\/\\\/www.eldigitaldeasturias.com\\\/noticias\\\/pedro-sanchez-la-constitucion-es-un-bien-juridico-que-debe-ser-defendido\\\/#breadcrumblist\"},\"author\":{\"@id\":\"https:\\\/\\\/www.eldigitaldeasturias.com\\\/noticias\\\/author\\\/admin\\\/#author\"},\"creator\":{\"@id\":\"https:\\\/\\\/www.eldigitaldeasturias.com\\\/noticias\\\/author\\\/admin\\\/#author\"},\"image\":{\"@type\":\"ImageObject\",\"url\":793321,\"@id\":\"https:\\\/\\\/www.eldigitaldeasturias.com\\\/noticias\\\/pedro-sanchez-la-constitucion-es-un-bien-juridico-que-debe-ser-defendido\\\/#mainImage\"},\"primaryImageOfPage\":{\"@id\":\"https:\\\/\\\/www.eldigitaldeasturias.com\\\/noticias\\\/pedro-sanchez-la-constitucion-es-un-bien-juridico-que-debe-ser-defendido\\\/#mainImage\"},\"datePublished\":\"2018-05-16T11:22:00+02:00\",\"dateModified\":\"2018-05-16T11:22:00+02:00\"},{\"@type\":\"WebSite\",\"@id\":\"https:\\\/\\\/www.eldigitaldeasturias.com\\\/noticias\\\/#website\",\"url\":\"https:\\\/\\\/www.eldigitaldeasturias.com\\\/noticias\\\/\",\"name\":\"El Digital de Asturias - Diario de actualidad y noticias\",\"alternateName\":\"El Digital de Asturias - Diario de actualidad y noticias\",\"description\":\"Hemeroteca\",\"inLanguage\":\"es-ES\",\"publisher\":{\"@id\":\"https:\\\/\\\/www.eldigitaldeasturias.com\\\/noticias\\\/#organization\"}}]}\n\t\t<\/script>\n\t\t<!-- All in One SEO Pro -->\r\n\t\t<title>Pedro S\u00e1nchez: \u201cLa Constituci\u00f3n es un bien jur\u00eddico que debe ser defendido\u201d - El Digital de Asturias<\/title>\n\n","aioseo_head_json":{"title":"Pedro S\u00e1nchez: \u201cLa Constituci\u00f3n es un bien jur\u00eddico que debe ser defendido\u201d - El Digital de Asturias","description":"El secretario general, Pedro S\u00e1nchez, anunci\u00f3 hoy que el PSOE est\u00e1 trabajando en una modificaci\u00f3n del C\u00f3digo Penal para \u201cadecuar el delito de rebeli\u00f3n a la Espa\u00f1a del siglo XXI\u201d y, m\u00e1s concretamente, \u201ca los hechos de estos \u00faltimos meses\u201d en Catalu\u00f1a, donde se ha pretendido romper la unidad territorial salt\u00e1ndose la ley. \u201cTenemos que","canonical_url":"https:\/\/www.eldigitaldeasturias.com\/noticias\/pedro-sanchez-la-constitucion-es-un-bien-juridico-que-debe-ser-defendido\/","robots":"max-image-preview:large","keywords":"actualidad","webmasterTools":{"google-site-verification":"UA-38556648-1","msvalidate.01":"7dfe9f3f1b24437ab69f4f2559babe99","miscellaneous":""},"schema":{"@context":"https:\/\/schema.org","@graph":[{"@type":"BlogPosting","@id":"https:\/\/www.eldigitaldeasturias.com\/noticias\/pedro-sanchez-la-constitucion-es-un-bien-juridico-que-debe-ser-defendido\/#blogposting","name":"Pedro S\u00e1nchez: \u201cLa Constituci\u00f3n es un bien jur\u00eddico que debe ser defendido\u201d - El Digital de Asturias","headline":"Pedro S\u00e1nchez: \u201cLa Constituci\u00f3n es un bien jur\u00eddico que debe ser defendido\u201d","author":{"@id":"https:\/\/www.eldigitaldeasturias.com\/noticias\/author\/admin\/#author"},"publisher":{"@id":"https:\/\/www.eldigitaldeasturias.com\/noticias\/#organization"},"image":{"@type":"ImageObject","url":793321},"datePublished":"2018-05-16T11:22:00+02:00","dateModified":"2018-05-16T11:22:00+02:00","inLanguage":"es-ES","mainEntityOfPage":{"@id":"https:\/\/www.eldigitaldeasturias.com\/noticias\/pedro-sanchez-la-constitucion-es-un-bien-juridico-que-debe-ser-defendido\/#webpage"},"isPartOf":{"@id":"https:\/\/www.eldigitaldeasturias.com\/noticias\/pedro-sanchez-la-constitucion-es-un-bien-juridico-que-debe-ser-defendido\/#webpage"},"articleSection":"Actualidad"},{"@type":"BreadcrumbList","@id":"https:\/\/www.eldigitaldeasturias.com\/noticias\/pedro-sanchez-la-constitucion-es-un-bien-juridico-que-debe-ser-defendido\/#breadcrumblist","itemListElement":[{"@type":"ListItem","@id":"https:\/\/www.eldigitaldeasturias.com\/noticias#listItem","position":1,"name":"Home","item":"https:\/\/www.eldigitaldeasturias.com\/noticias","nextItem":{"@type":"ListItem","@id":"https:\/\/www.eldigitaldeasturias.com\/noticias\/category\/actualidad\/#listItem","name":"Actualidad"}},{"@type":"ListItem","@id":"https:\/\/www.eldigitaldeasturias.com\/noticias\/category\/actualidad\/#listItem","position":2,"name":"Actualidad","item":"https:\/\/www.eldigitaldeasturias.com\/noticias\/category\/actualidad\/","nextItem":{"@type":"ListItem","@id":"https:\/\/www.eldigitaldeasturias.com\/noticias\/pedro-sanchez-la-constitucion-es-un-bien-juridico-que-debe-ser-defendido\/#listItem","name":"Pedro S\u00e1nchez: \u201cLa Constituci\u00f3n es un bien jur\u00eddico que debe ser defendido\u201d"},"previousItem":{"@type":"ListItem","@id":"https:\/\/www.eldigitaldeasturias.com\/noticias#listItem","name":"Home"}},{"@type":"ListItem","@id":"https:\/\/www.eldigitaldeasturias.com\/noticias\/pedro-sanchez-la-constitucion-es-un-bien-juridico-que-debe-ser-defendido\/#listItem","position":3,"name":"Pedro S\u00e1nchez: \u201cLa Constituci\u00f3n es un bien jur\u00eddico que debe ser defendido\u201d","previousItem":{"@type":"ListItem","@id":"https:\/\/www.eldigitaldeasturias.com\/noticias\/category\/actualidad\/#listItem","name":"Actualidad"}}]},{"@type":"Organization","@id":"https:\/\/www.eldigitaldeasturias.com\/noticias\/#organization","name":"El Digital de Asturias","description":"Hemeroteca","url":"https:\/\/www.eldigitaldeasturias.com\/noticias\/","email":"info@eldigitaldeasturias.com","telephone":"+34652131393","logo":{"@type":"ImageObject","url":"https:\/\/www.eldigitaldeasturias.com\/noticias\/wp-content\/uploads\/2020\/12\/EDA.jpg","@id":"https:\/\/www.eldigitaldeasturias.com\/noticias\/pedro-sanchez-la-constitucion-es-un-bien-juridico-que-debe-ser-defendido\/#organizationLogo"},"image":{"@id":"https:\/\/www.eldigitaldeasturias.com\/noticias\/pedro-sanchez-la-constitucion-es-un-bien-juridico-que-debe-ser-defendido\/#organizationLogo"},"sameAs":["https:\/\/facebook.com\/eldigitaldeasturias","https:\/\/www.youtube.com\/channel\/UCZP-2wLEB9Rv6erhFmqVnvg"],"address":{"@id":"https:\/\/www.eldigitaldeasturias.com\/noticias\/#postaladdress","@type":"PostalAddress","streetAddress":"san antonio 4","postalCode":"33430","addressLocality":"Cand\u00e1s","addressRegion":"Asturias","addressCountry":"ES"}},{"@type":"Person","@id":"https:\/\/www.eldigitaldeasturias.com\/noticias\/author\/admin\/#author","url":"https:\/\/www.eldigitaldeasturias.com\/noticias\/author\/admin\/","name":"El Digital de Asturias","image":{"@type":"ImageObject","@id":"https:\/\/www.eldigitaldeasturias.com\/noticias\/pedro-sanchez-la-constitucion-es-un-bien-juridico-que-debe-ser-defendido\/#authorImage","url":"https:\/\/secure.gravatar.com\/avatar\/df2aeffc32bcd13f8d26072ef8a91b623d677766deac7f97ca815868cd41bf5e?s=96&d=mm&r=g","width":96,"height":96,"caption":"El Digital de Asturias"}},{"@type":"WebPage","@id":"https:\/\/www.eldigitaldeasturias.com\/noticias\/pedro-sanchez-la-constitucion-es-un-bien-juridico-que-debe-ser-defendido\/#webpage","url":"https:\/\/www.eldigitaldeasturias.com\/noticias\/pedro-sanchez-la-constitucion-es-un-bien-juridico-que-debe-ser-defendido\/","name":"Pedro S\u00e1nchez: \u201cLa Constituci\u00f3n es un bien jur\u00eddico que debe ser defendido\u201d - El Digital de Asturias","description":"El secretario general, Pedro S\u00e1nchez, anunci\u00f3 hoy que el PSOE est\u00e1 trabajando en una modificaci\u00f3n del C\u00f3digo Penal para \u201cadecuar el delito de rebeli\u00f3n a la Espa\u00f1a del siglo XXI\u201d y, m\u00e1s concretamente, \u201ca los hechos de estos \u00faltimos meses\u201d en Catalu\u00f1a, donde se ha pretendido romper la unidad territorial salt\u00e1ndose la ley. \u201cTenemos que","inLanguage":"es-ES","isPartOf":{"@id":"https:\/\/www.eldigitaldeasturias.com\/noticias\/#website"},"breadcrumb":{"@id":"https:\/\/www.eldigitaldeasturias.com\/noticias\/pedro-sanchez-la-constitucion-es-un-bien-juridico-que-debe-ser-defendido\/#breadcrumblist"},"author":{"@id":"https:\/\/www.eldigitaldeasturias.com\/noticias\/author\/admin\/#author"},"creator":{"@id":"https:\/\/www.eldigitaldeasturias.com\/noticias\/author\/admin\/#author"},"image":{"@type":"ImageObject","url":793321,"@id":"https:\/\/www.eldigitaldeasturias.com\/noticias\/pedro-sanchez-la-constitucion-es-un-bien-juridico-que-debe-ser-defendido\/#mainImage"},"primaryImageOfPage":{"@id":"https:\/\/www.eldigitaldeasturias.com\/noticias\/pedro-sanchez-la-constitucion-es-un-bien-juridico-que-debe-ser-defendido\/#mainImage"},"datePublished":"2018-05-16T11:22:00+02:00","dateModified":"2018-05-16T11:22:00+02:00"},{"@type":"WebSite","@id":"https:\/\/www.eldigitaldeasturias.com\/noticias\/#website","url":"https:\/\/www.eldigitaldeasturias.com\/noticias\/","name":"El Digital de Asturias - Diario de actualidad y noticias","alternateName":"El Digital de Asturias - Diario de actualidad y noticias","description":"Hemeroteca","inLanguage":"es-ES","publisher":{"@id":"https:\/\/www.eldigitaldeasturias.com\/noticias\/#organization"}}]},"og:locale":"es_ES","og:site_name":"El Digital de Asturias","og:type":"article","og:title":"Pedro S\u00e1nchez: \u201cLa Constituci\u00f3n es un bien jur\u00eddico que debe ser defendido\u201d - El Digital de Asturias","og:description":"El secretario general, Pedro S\u00e1nchez, anunci\u00f3 hoy que el PSOE est\u00e1 trabajando en una modificaci\u00f3n del C\u00f3digo Penal para \u201cadecuar el delito de rebeli\u00f3n a la Espa\u00f1a del siglo XXI\u201d y, m\u00e1s concretamente, \u201ca los hechos de estos \u00faltimos meses\u201d en Catalu\u00f1a, donde se ha pretendido romper la unidad territorial salt\u00e1ndose la ley. \u201cTenemos que","og:url":"https:\/\/www.eldigitaldeasturias.com\/noticias\/pedro-sanchez-la-constitucion-es-un-bien-juridico-que-debe-ser-defendido\/","article:tag":["actualidad"],"article:published_time":"2018-05-16T11:22:00+00:00","article:modified_time":"2018-05-16T11:22:00+00:00","article:publisher":"https:\/\/facebook.com\/eldigitaldeasturias","twitter:card":"summary_large_image","twitter:title":"Pedro S\u00e1nchez: \u201cLa Constituci\u00f3n es un bien jur\u00eddico que debe ser defendido\u201d - El Digital de Asturias","twitter:description":"El secretario general, Pedro S\u00e1nchez, anunci\u00f3 hoy que el PSOE est\u00e1 trabajando en una modificaci\u00f3n del C\u00f3digo Penal para \u201cadecuar el delito de rebeli\u00f3n a la Espa\u00f1a del siglo XXI\u201d y, m\u00e1s concretamente, \u201ca los hechos de estos \u00faltimos meses\u201d en Catalu\u00f1a, donde se ha pretendido romper la unidad territorial salt\u00e1ndose la ley. \u201cTenemos que","twitter:image":"https:\/\/www.eldigitaldeasturias.com\/noticias\/wp-content\/uploads\/2020\/12\/EDA-1.jpg","twitter:label1":"Escrito por","twitter:data1":"El Digital de Asturias","twitter:label2":"Tiempo de lectura estimado","twitter:data2":"3 minutos"},"aioseo_meta_data":{"post_id":"980581","title":null,"description":null,"keywords":null,"keyphrases":null,"primary_term":null,"canonical_url":null,"og_title":null,"og_description":null,"og_object_type":"default","og_image_type":"default","og_image_url":null,"og_image_width":null,"og_image_height":null,"og_image_custom_url":null,"og_image_custom_fields":null,"og_video":null,"og_custom_url":null,"og_article_section":null,"og_article_tags":null,"twitter_use_og":false,"twitter_card":"default","twitter_image_type":"default","twitter_image_url":null,"twitter_image_custom_url":null,"twitter_image_custom_fields":null,"twitter_title":null,"twitter_description":null,"schema":{"blockGraphs":[],"customGraphs":[],"default":{"data":{"Article":[],"Course":[],"Dataset":[],"FAQPage":[],"Movie":[],"Person":[],"Product":[],"ProductReview":[],"Car":[],"Recipe":[],"Service":[],"SoftwareApplication":[],"WebPage":[]},"graphName":"","isEnabled":true},"graphs":[]},"schema_type":null,"schema_type_options":null,"pillar_content":false,"robots_default":true,"robots_noindex":false,"robots_noarchive":false,"robots_nosnippet":false,"robots_nofollow":false,"robots_noimageindex":false,"robots_noodp":false,"robots_notranslate":false,"robots_max_snippet":null,"robots_max_videopreview":null,"robots_max_imagepreview":"large","priority":null,"frequency":null,"local_seo":null,"seo_analyzer_scan_date":"2025-10-08 18:25:03","breadcrumb_settings":null,"limit_modified_date":false,"open_ai":null,"ai":null,"created":"2020-12-21 11:56:37","updated":"2025-10-08 18:25:03","focus_keyword":null,"additional_keywords":null,"truseo_locale":null},"aioseo_breadcrumb":"<div class=\"aioseo-breadcrumbs\"><span class=\"aioseo-breadcrumb\">\n\t<a href=\"https:\/\/www.eldigitaldeasturias.com\/noticias\" title=\"Home\">Home<\/a>\n<\/span><span class=\"aioseo-breadcrumb-separator\">\u2013<\/span><span class=\"aioseo-breadcrumb\">\n\t<a href=\"https:\/\/www.eldigitaldeasturias.com\/noticias\/category\/actualidad\/\" title=\"Actualidad\">Actualidad<\/a>\n<\/span><span class=\"aioseo-breadcrumb-separator\">\u2013<\/span><span class=\"aioseo-breadcrumb\">\n\t<a href=\"https:\/\/www.eldigitaldeasturias.com\/noticias\/pedro-sanchez-la-constitucion-es-un-bien-juridico-que-debe-ser-defendido\/\" title=\"Pedro S\u00e1nchez: \u201cLa Constituci\u00f3n es un bien jur\u00eddico que debe ser defendido\u201d\">Pedro S\u00e1nchez: \u201cLa Constituci\u00f3n es un bien jur\u00eddico que debe ser defendido\u201d<\/a>\n<\/span><\/div>","aioseo_breadcrumb_json":[{"label":"Home","link":"https:\/\/www.eldigitaldeasturias.com\/noticias"},{"label":"Actualidad","link":"https:\/\/www.eldigitaldeasturias.com\/noticias\/category\/actualidad\/"},{"label":"Pedro S\u00e1nchez: \u201cLa Constituci\u00f3n es un bien jur\u00eddico que debe ser defendido\u201d","link":"https:\/\/www.eldigitaldeasturias.com\/noticias\/pedro-sanchez-la-constitucion-es-un-bien-juridico-que-debe-ser-defendido\/"}],"_links":{"self":[{"href":"https:\/\/www.eldigitaldeasturias.com\/noticias\/wp-json\/wp\/v2\/posts\/980581","targetHints":{"allow":["GET"]}}],"collection":[{"href":"https:\/\/www.eldigitaldeasturias.com\/noticias\/wp-json\/wp\/v2\/posts"}],"about":[{"href":"https:\/\/www.eldigitaldeasturias.com\/noticias\/wp-json\/wp\/v2\/types\/post"}],"author":[{"embeddable":true,"href":"https:\/\/www.eldigitaldeasturias.com\/noticias\/wp-json\/wp\/v2\/users\/1"}],"replies":[{"embeddable":true,"href":"https:\/\/www.eldigitaldeasturias.com\/noticias\/wp-json\/wp\/v2\/comments?post=980581"}],"version-history":[{"count":0,"href":"https:\/\/www.eldigitaldeasturias.com\/noticias\/wp-json\/wp\/v2\/posts\/980581\/revisions"}],"wp:attachment":[{"href":"https:\/\/www.eldigitaldeasturias.com\/noticias\/wp-json\/wp\/v2\/media?parent=980581"}],"wp:term":[{"taxonomy":"category","embeddable":true,"href":"https:\/\/www.eldigitaldeasturias.com\/noticias\/wp-json\/wp\/v2\/categories?post=980581"},{"taxonomy":"post_tag","embeddable":true,"href":"https:\/\/www.eldigitaldeasturias.com\/noticias\/wp-json\/wp\/v2\/tags?post=980581"}],"curies":[{"name":"wp","href":"https:\/\/api.w.org\/{rel}","templated":true}]}}