{"id":980575,"date":"2018-05-16T10:59:44","date_gmt":"2018-05-16T10:59:44","guid":{"rendered":"http:\/\/www.eldigitaldeasturias.com\/noticias\/?p=980575"},"modified":"2018-05-16T10:59:44","modified_gmt":"2018-05-16T10:59:44","slug":"las-instituciones-europeas-en-espana-izaran-en-su-edificio-la-bandera-lgtbi","status":"publish","type":"post","link":"https:\/\/www.eldigitaldeasturias.com\/noticias\/las-instituciones-europeas-en-espana-izaran-en-su-edificio-la-bandera-lgtbi\/","title":{"rendered":"Las Instituciones Europeas en Espa\u00f1a izar\u00e1n en su edificio la bandera LGTBI"},"content":{"rendered":"<p><img loading=\"lazy\" decoding=\"async\" class=\"alignleft size-medium wp-image-980576\" src=\"https:\/\/www.eldigitaldeasturias.com\/noticias\/wp-content\/uploads\/2018\/05\/1184117_960_720-360x240.jpg\" alt=\"\" width=\"360\" height=\"240\" \/>La sede de las Instituciones Europeas en Espa\u00f1a izar\u00e1 ma\u00f1ana, 17 de mayo, la bandera LGTBI con motivo del D\u00eda Internacional contra la Homofobia, Transfobia y Bifobia.<\/p>\n<p>Se trata de la primera vez que la Oficina del Parlamento Europeo y la Representaci\u00f3n de la Comisi\u00f3n Europea en Espa\u00f1a cuelgan frente a su edificio (Paseo de la Castellana, 46.Madrid) la bandera \u2018multicolor\u2019, que ondear\u00e1 toda la jornada junto a la bandera de la Uni\u00f3n Europea.<\/p>\n<p>Con el izado de bandera, las instituciones europeas en Espa\u00f1a se suman la lucha por la igualdad, una de sus prioridades para conseguir una Europa m\u00e1s justa, social y democr\u00e1tica.<\/p>\n<p>El Parlamento Europeo adopt\u00f3 en 1984 su primera resoluci\u00f3n sobre los derechos de los homosexuales en el trabajo. Posteriormente se han adoptado otras medidas para luchar contra la homofobia, el reconocimiento mutuo de documentos de estado civil, acceso a asociaciones para parejas del mismo sexo, libre movimiento de familias LGTBI, derechos humanos de personas intersexo, o una hoja de ruta sobre igualdad para personas LGTBI.<\/p>\n<p>En 2015 el Parlamento Europeo anim\u00f3 a los Estados miembros a \u201creconocer los matrimonios del mismo sexo como un asunto de derechos pol\u00edticos, sociales, humanos y civiles\u201d. Adem\u00e1s, existe un Intergrupo dedicado a los derechos LGTBI, integrado por 150 eurodiputados, 15 de ellos espa\u00f1oles.<\/p>\n<p>Por su parte, la Comisi\u00f3n Europea ha creado la \u00abLista de medidas para promover la igualdad de las personas LGTBI\u00bb. La lista describe de forma exhaustiva las actividades que la Comisi\u00f3n se compromete a apoyar y promover en la UE y en el extranjero para mejorar la aceptaci\u00f3n social de las personas LGTBI.<\/p>\n<p>En la Uni\u00f3n Europea hay doce pa\u00edses que reconocen el matrimonio homosexual: Pa\u00edses Bajos, B\u00e9lgica, Espa\u00f1a, Suecia, Portugal, Dinamarca, Francia, Luxemburgo, Finlandia, Irlanda, Reino Unido (a excepci\u00f3n de Irlanda del Norte), Suecia y Alemania.<\/p>\n<p>Adem\u00e1s, en trece Estados miembros es legal la adopci\u00f3n para parejas del mismo sexo: Austria, B\u00e9lgica, Dinamarca, Espa\u00f1a, Finlandia, Francia, Irlanda, Luxemburgo, Malta, Pa\u00edses Bajos, Portugal, Reino Unido (a excepci\u00f3n de Irlanda del Norte), Suecia y Alemania.<\/p>\n","protected":false},"excerpt":{"rendered":"<p>La sede de las Instituciones Europeas en Espa\u00f1a izar\u00e1 ma\u00f1ana, 17 de mayo, la bandera LGTBI con motivo del D\u00eda Internacional contra la Homofobia, Transfobia y Bifobia. Se trata de la primera vez que la Oficina del Parlamento Europeo y la Representaci\u00f3n de la Comisi\u00f3n Europea en Espa\u00f1a cuelgan frente a su edificio (Paseo de [&hellip;]<\/p>\n","protected":false},"author":1,"featured_media":980576,"comment_status":"closed","ping_status":"closed","sticky":false,"template":"","format":"standard","meta":{"footnotes":""},"categories":[1],"tags":[],"class_list":["post-980575","post","type-post","status-publish","format-standard","has-post-thumbnail","hentry","category-actualidad"],"aioseo_notices":[],"aioseo_head":"\n\t\t<!-- All in One SEO Pro 5.0.1 - aioseo.com -->\n\t<meta name=\"description\" content=\"La sede de las Instituciones Europeas en Espa\u00f1a izar\u00e1 ma\u00f1ana, 17 de mayo, la bandera LGTBI con motivo del D\u00eda Internacional contra la Homofobia, Transfobia y Bifobia. Se trata de la primera vez que la Oficina del Parlamento Europeo y la Representaci\u00f3n de la Comisi\u00f3n Europea en Espa\u00f1a cuelgan frente a su edificio (Paseo de\" \/>\n\t<meta name=\"robots\" content=\"max-image-preview:large\" \/>\n\t<meta name=\"author\" content=\"El Digital de Asturias\"\/>\n\t<meta name=\"google-site-verification\" content=\"UA-38556648-1\" \/>\n\t<meta name=\"msvalidate.01\" content=\"7dfe9f3f1b24437ab69f4f2559babe99\" \/>\n\t<meta name=\"keywords\" content=\"actualidad\" \/>\n\t<link rel=\"canonical\" href=\"https:\/\/www.eldigitaldeasturias.com\/noticias\/las-instituciones-europeas-en-espana-izaran-en-su-edificio-la-bandera-lgtbi\/\" \/>\n\t<meta name=\"generator\" content=\"All in One SEO Pro (AIOSEO) 5.0.1\" \/>\n\t\t<meta property=\"og:locale\" content=\"es_ES\" \/>\n\t\t<meta property=\"og:site_name\" content=\"El Digital de Asturias\" \/>\n\t\t<meta property=\"og:type\" content=\"article\" \/>\n\t\t<meta property=\"og:title\" content=\"Las Instituciones Europeas en Espa\u00f1a izar\u00e1n en su edificio la bandera LGTBI - El Digital de Asturias\" \/>\n\t\t<meta property=\"og:description\" content=\"La sede de las Instituciones Europeas en Espa\u00f1a izar\u00e1 ma\u00f1ana, 17 de mayo, la bandera LGTBI con motivo del D\u00eda Internacional contra la Homofobia, Transfobia y Bifobia. Se trata de la primera vez que la Oficina del Parlamento Europeo y la Representaci\u00f3n de la Comisi\u00f3n Europea en Espa\u00f1a cuelgan frente a su edificio (Paseo de\" \/>\n\t\t<meta property=\"og:url\" content=\"https:\/\/www.eldigitaldeasturias.com\/noticias\/las-instituciones-europeas-en-espana-izaran-en-su-edificio-la-bandera-lgtbi\/\" \/>\n\t\t<meta property=\"article:tag\" content=\"actualidad\" \/>\n\t\t<meta property=\"article:published_time\" content=\"2018-05-16T10:59:44+00:00\" \/>\n\t\t<meta property=\"article:modified_time\" content=\"2018-05-16T10:59:44+00:00\" \/>\n\t\t<meta property=\"article:publisher\" content=\"https:\/\/facebook.com\/eldigitaldeasturias\" \/>\n\t\t<meta name=\"twitter:card\" content=\"summary_large_image\" \/>\n\t\t<meta name=\"twitter:title\" content=\"Las Instituciones Europeas en Espa\u00f1a izar\u00e1n en su edificio la bandera LGTBI - El Digital de Asturias\" \/>\n\t\t<meta name=\"twitter:description\" content=\"La sede de las Instituciones Europeas en Espa\u00f1a izar\u00e1 ma\u00f1ana, 17 de mayo, la bandera LGTBI con motivo del D\u00eda Internacional contra la Homofobia, Transfobia y Bifobia. Se trata de la primera vez que la Oficina del Parlamento Europeo y la Representaci\u00f3n de la Comisi\u00f3n Europea en Espa\u00f1a cuelgan frente a su edificio (Paseo de\" \/>\n\t\t<meta name=\"twitter:image\" content=\"https:\/\/www.eldigitaldeasturias.com\/noticias\/wp-content\/uploads\/2020\/12\/EDA-1.jpg\" \/>\n\t\t<meta name=\"twitter:label1\" content=\"Escrito por\" \/>\n\t\t<meta name=\"twitter:data1\" content=\"El Digital de Asturias\" \/>\n\t\t<meta name=\"twitter:label2\" content=\"Tiempo de lectura estimado\" \/>\n\t\t<meta name=\"twitter:data2\" content=\"2 minutos\" \/>\n\t\t<script type=\"application\/ld+json\" class=\"aioseo-schema\">\n\t\t\t{\"@context\":\"https:\\\/\\\/schema.org\",\"@graph\":[{\"@type\":\"BlogPosting\",\"@id\":\"https:\\\/\\\/www.eldigitaldeasturias.com\\\/noticias\\\/las-instituciones-europeas-en-espana-izaran-en-su-edificio-la-bandera-lgtbi\\\/#blogposting\",\"name\":\"Las Instituciones Europeas en Espa\\u00f1a izar\\u00e1n en su edificio la bandera LGTBI - El Digital de Asturias\",\"headline\":\"Las Instituciones Europeas en Espa\\u00f1a izar\\u00e1n en su edificio la bandera LGTBI\",\"author\":{\"@id\":\"https:\\\/\\\/www.eldigitaldeasturias.com\\\/noticias\\\/author\\\/admin\\\/#author\"},\"publisher\":{\"@id\":\"https:\\\/\\\/www.eldigitaldeasturias.com\\\/noticias\\\/#organization\"},\"image\":{\"@type\":\"ImageObject\",\"url\":980576},\"datePublished\":\"2018-05-16T10:59:44+02:00\",\"dateModified\":\"2018-05-16T10:59:44+02:00\",\"inLanguage\":\"es-ES\",\"mainEntityOfPage\":{\"@id\":\"https:\\\/\\\/www.eldigitaldeasturias.com\\\/noticias\\\/las-instituciones-europeas-en-espana-izaran-en-su-edificio-la-bandera-lgtbi\\\/#webpage\"},\"isPartOf\":{\"@id\":\"https:\\\/\\\/www.eldigitaldeasturias.com\\\/noticias\\\/las-instituciones-europeas-en-espana-izaran-en-su-edificio-la-bandera-lgtbi\\\/#webpage\"},\"articleSection\":\"Actualidad\"},{\"@type\":\"BreadcrumbList\",\"@id\":\"https:\\\/\\\/www.eldigitaldeasturias.com\\\/noticias\\\/las-instituciones-europeas-en-espana-izaran-en-su-edificio-la-bandera-lgtbi\\\/#breadcrumblist\",\"itemListElement\":[{\"@type\":\"ListItem\",\"@id\":\"https:\\\/\\\/www.eldigitaldeasturias.com\\\/noticias#listItem\",\"position\":1,\"name\":\"Home\",\"item\":\"https:\\\/\\\/www.eldigitaldeasturias.com\\\/noticias\",\"nextItem\":{\"@type\":\"ListItem\",\"@id\":\"https:\\\/\\\/www.eldigitaldeasturias.com\\\/noticias\\\/category\\\/actualidad\\\/#listItem\",\"name\":\"Actualidad\"}},{\"@type\":\"ListItem\",\"@id\":\"https:\\\/\\\/www.eldigitaldeasturias.com\\\/noticias\\\/category\\\/actualidad\\\/#listItem\",\"position\":2,\"name\":\"Actualidad\",\"item\":\"https:\\\/\\\/www.eldigitaldeasturias.com\\\/noticias\\\/category\\\/actualidad\\\/\",\"nextItem\":{\"@type\":\"ListItem\",\"@id\":\"https:\\\/\\\/www.eldigitaldeasturias.com\\\/noticias\\\/las-instituciones-europeas-en-espana-izaran-en-su-edificio-la-bandera-lgtbi\\\/#listItem\",\"name\":\"Las Instituciones Europeas en Espa\\u00f1a izar\\u00e1n en su edificio la bandera LGTBI\"},\"previousItem\":{\"@type\":\"ListItem\",\"@id\":\"https:\\\/\\\/www.eldigitaldeasturias.com\\\/noticias#listItem\",\"name\":\"Home\"}},{\"@type\":\"ListItem\",\"@id\":\"https:\\\/\\\/www.eldigitaldeasturias.com\\\/noticias\\\/las-instituciones-europeas-en-espana-izaran-en-su-edificio-la-bandera-lgtbi\\\/#listItem\",\"position\":3,\"name\":\"Las Instituciones Europeas en Espa\\u00f1a izar\\u00e1n en su edificio la bandera LGTBI\",\"previousItem\":{\"@type\":\"ListItem\",\"@id\":\"https:\\\/\\\/www.eldigitaldeasturias.com\\\/noticias\\\/category\\\/actualidad\\\/#listItem\",\"name\":\"Actualidad\"}}]},{\"@type\":\"Organization\",\"@id\":\"https:\\\/\\\/www.eldigitaldeasturias.com\\\/noticias\\\/#organization\",\"name\":\"El Digital de Asturias\",\"description\":\"Hemeroteca\",\"url\":\"https:\\\/\\\/www.eldigitaldeasturias.com\\\/noticias\\\/\",\"email\":\"info@eldigitaldeasturias.com\",\"telephone\":\"+34652131393\",\"logo\":{\"@type\":\"ImageObject\",\"url\":\"https:\\\/\\\/www.eldigitaldeasturias.com\\\/noticias\\\/wp-content\\\/uploads\\\/2020\\\/12\\\/EDA.jpg\",\"@id\":\"https:\\\/\\\/www.eldigitaldeasturias.com\\\/noticias\\\/las-instituciones-europeas-en-espana-izaran-en-su-edificio-la-bandera-lgtbi\\\/#organizationLogo\"},\"image\":{\"@id\":\"https:\\\/\\\/www.eldigitaldeasturias.com\\\/noticias\\\/las-instituciones-europeas-en-espana-izaran-en-su-edificio-la-bandera-lgtbi\\\/#organizationLogo\"},\"sameAs\":[\"https:\\\/\\\/facebook.com\\\/eldigitaldeasturias\",\"https:\\\/\\\/www.youtube.com\\\/channel\\\/UCZP-2wLEB9Rv6erhFmqVnvg\"],\"address\":{\"@id\":\"https:\\\/\\\/www.eldigitaldeasturias.com\\\/noticias\\\/#postaladdress\",\"@type\":\"PostalAddress\",\"streetAddress\":\"san antonio 4\",\"postalCode\":\"33430\",\"addressLocality\":\"Cand\\u00e1s\",\"addressRegion\":\"Asturias\",\"addressCountry\":\"ES\"}},{\"@type\":\"Person\",\"@id\":\"https:\\\/\\\/www.eldigitaldeasturias.com\\\/noticias\\\/author\\\/admin\\\/#author\",\"url\":\"https:\\\/\\\/www.eldigitaldeasturias.com\\\/noticias\\\/author\\\/admin\\\/\",\"name\":\"El Digital de Asturias\",\"image\":{\"@type\":\"ImageObject\",\"@id\":\"https:\\\/\\\/www.eldigitaldeasturias.com\\\/noticias\\\/las-instituciones-europeas-en-espana-izaran-en-su-edificio-la-bandera-lgtbi\\\/#authorImage\",\"url\":\"https:\\\/\\\/secure.gravatar.com\\\/avatar\\\/df2aeffc32bcd13f8d26072ef8a91b623d677766deac7f97ca815868cd41bf5e?s=96&d=mm&r=g\",\"width\":96,\"height\":96,\"caption\":\"El Digital de Asturias\"}},{\"@type\":\"WebPage\",\"@id\":\"https:\\\/\\\/www.eldigitaldeasturias.com\\\/noticias\\\/las-instituciones-europeas-en-espana-izaran-en-su-edificio-la-bandera-lgtbi\\\/#webpage\",\"url\":\"https:\\\/\\\/www.eldigitaldeasturias.com\\\/noticias\\\/las-instituciones-europeas-en-espana-izaran-en-su-edificio-la-bandera-lgtbi\\\/\",\"name\":\"Las Instituciones Europeas en Espa\\u00f1a izar\\u00e1n en su edificio la bandera LGTBI - El Digital de Asturias\",\"description\":\"La sede de las Instituciones Europeas en Espa\\u00f1a izar\\u00e1 ma\\u00f1ana, 17 de mayo, la bandera LGTBI con motivo del D\\u00eda Internacional contra la Homofobia, Transfobia y Bifobia. Se trata de la primera vez que la Oficina del Parlamento Europeo y la Representaci\\u00f3n de la Comisi\\u00f3n Europea en Espa\\u00f1a cuelgan frente a su edificio (Paseo de\",\"inLanguage\":\"es-ES\",\"isPartOf\":{\"@id\":\"https:\\\/\\\/www.eldigitaldeasturias.com\\\/noticias\\\/#website\"},\"breadcrumb\":{\"@id\":\"https:\\\/\\\/www.eldigitaldeasturias.com\\\/noticias\\\/las-instituciones-europeas-en-espana-izaran-en-su-edificio-la-bandera-lgtbi\\\/#breadcrumblist\"},\"author\":{\"@id\":\"https:\\\/\\\/www.eldigitaldeasturias.com\\\/noticias\\\/author\\\/admin\\\/#author\"},\"creator\":{\"@id\":\"https:\\\/\\\/www.eldigitaldeasturias.com\\\/noticias\\\/author\\\/admin\\\/#author\"},\"image\":{\"@type\":\"ImageObject\",\"url\":980576,\"@id\":\"https:\\\/\\\/www.eldigitaldeasturias.com\\\/noticias\\\/las-instituciones-europeas-en-espana-izaran-en-su-edificio-la-bandera-lgtbi\\\/#mainImage\"},\"primaryImageOfPage\":{\"@id\":\"https:\\\/\\\/www.eldigitaldeasturias.com\\\/noticias\\\/las-instituciones-europeas-en-espana-izaran-en-su-edificio-la-bandera-lgtbi\\\/#mainImage\"},\"datePublished\":\"2018-05-16T10:59:44+02:00\",\"dateModified\":\"2018-05-16T10:59:44+02:00\"},{\"@type\":\"WebSite\",\"@id\":\"https:\\\/\\\/www.eldigitaldeasturias.com\\\/noticias\\\/#website\",\"url\":\"https:\\\/\\\/www.eldigitaldeasturias.com\\\/noticias\\\/\",\"name\":\"El Digital de Asturias - Diario de actualidad y noticias\",\"alternateName\":\"El Digital de Asturias - Diario de actualidad y noticias\",\"description\":\"Hemeroteca\",\"inLanguage\":\"es-ES\",\"publisher\":{\"@id\":\"https:\\\/\\\/www.eldigitaldeasturias.com\\\/noticias\\\/#organization\"}}]}\n\t\t<\/script>\n\t\t<!-- All in One SEO Pro -->\r\n\t\t<title>Las Instituciones Europeas en Espa\u00f1a izar\u00e1n en su edificio la bandera LGTBI - El Digital de Asturias<\/title>\n\n","aioseo_head_json":{"title":"Las Instituciones Europeas en Espa\u00f1a izar\u00e1n en su edificio la bandera LGTBI - El Digital de Asturias","description":"La sede de las Instituciones Europeas en Espa\u00f1a izar\u00e1 ma\u00f1ana, 17 de mayo, la bandera LGTBI con motivo del D\u00eda Internacional contra la Homofobia, Transfobia y Bifobia. Se trata de la primera vez que la Oficina del Parlamento Europeo y la Representaci\u00f3n de la Comisi\u00f3n Europea en Espa\u00f1a cuelgan frente a su edificio (Paseo de","canonical_url":"https:\/\/www.eldigitaldeasturias.com\/noticias\/las-instituciones-europeas-en-espana-izaran-en-su-edificio-la-bandera-lgtbi\/","robots":"max-image-preview:large","keywords":"actualidad","webmasterTools":{"google-site-verification":"UA-38556648-1","msvalidate.01":"7dfe9f3f1b24437ab69f4f2559babe99","miscellaneous":""},"schema":{"@context":"https:\/\/schema.org","@graph":[{"@type":"BlogPosting","@id":"https:\/\/www.eldigitaldeasturias.com\/noticias\/las-instituciones-europeas-en-espana-izaran-en-su-edificio-la-bandera-lgtbi\/#blogposting","name":"Las Instituciones Europeas en Espa\u00f1a izar\u00e1n en su edificio la bandera LGTBI - El Digital de Asturias","headline":"Las Instituciones Europeas en Espa\u00f1a izar\u00e1n en su edificio la bandera LGTBI","author":{"@id":"https:\/\/www.eldigitaldeasturias.com\/noticias\/author\/admin\/#author"},"publisher":{"@id":"https:\/\/www.eldigitaldeasturias.com\/noticias\/#organization"},"image":{"@type":"ImageObject","url":980576},"datePublished":"2018-05-16T10:59:44+02:00","dateModified":"2018-05-16T10:59:44+02:00","inLanguage":"es-ES","mainEntityOfPage":{"@id":"https:\/\/www.eldigitaldeasturias.com\/noticias\/las-instituciones-europeas-en-espana-izaran-en-su-edificio-la-bandera-lgtbi\/#webpage"},"isPartOf":{"@id":"https:\/\/www.eldigitaldeasturias.com\/noticias\/las-instituciones-europeas-en-espana-izaran-en-su-edificio-la-bandera-lgtbi\/#webpage"},"articleSection":"Actualidad"},{"@type":"BreadcrumbList","@id":"https:\/\/www.eldigitaldeasturias.com\/noticias\/las-instituciones-europeas-en-espana-izaran-en-su-edificio-la-bandera-lgtbi\/#breadcrumblist","itemListElement":[{"@type":"ListItem","@id":"https:\/\/www.eldigitaldeasturias.com\/noticias#listItem","position":1,"name":"Home","item":"https:\/\/www.eldigitaldeasturias.com\/noticias","nextItem":{"@type":"ListItem","@id":"https:\/\/www.eldigitaldeasturias.com\/noticias\/category\/actualidad\/#listItem","name":"Actualidad"}},{"@type":"ListItem","@id":"https:\/\/www.eldigitaldeasturias.com\/noticias\/category\/actualidad\/#listItem","position":2,"name":"Actualidad","item":"https:\/\/www.eldigitaldeasturias.com\/noticias\/category\/actualidad\/","nextItem":{"@type":"ListItem","@id":"https:\/\/www.eldigitaldeasturias.com\/noticias\/las-instituciones-europeas-en-espana-izaran-en-su-edificio-la-bandera-lgtbi\/#listItem","name":"Las Instituciones Europeas en Espa\u00f1a izar\u00e1n en su edificio la bandera LGTBI"},"previousItem":{"@type":"ListItem","@id":"https:\/\/www.eldigitaldeasturias.com\/noticias#listItem","name":"Home"}},{"@type":"ListItem","@id":"https:\/\/www.eldigitaldeasturias.com\/noticias\/las-instituciones-europeas-en-espana-izaran-en-su-edificio-la-bandera-lgtbi\/#listItem","position":3,"name":"Las Instituciones Europeas en Espa\u00f1a izar\u00e1n en su edificio la bandera LGTBI","previousItem":{"@type":"ListItem","@id":"https:\/\/www.eldigitaldeasturias.com\/noticias\/category\/actualidad\/#listItem","name":"Actualidad"}}]},{"@type":"Organization","@id":"https:\/\/www.eldigitaldeasturias.com\/noticias\/#organization","name":"El Digital de Asturias","description":"Hemeroteca","url":"https:\/\/www.eldigitaldeasturias.com\/noticias\/","email":"info@eldigitaldeasturias.com","telephone":"+34652131393","logo":{"@type":"ImageObject","url":"https:\/\/www.eldigitaldeasturias.com\/noticias\/wp-content\/uploads\/2020\/12\/EDA.jpg","@id":"https:\/\/www.eldigitaldeasturias.com\/noticias\/las-instituciones-europeas-en-espana-izaran-en-su-edificio-la-bandera-lgtbi\/#organizationLogo"},"image":{"@id":"https:\/\/www.eldigitaldeasturias.com\/noticias\/las-instituciones-europeas-en-espana-izaran-en-su-edificio-la-bandera-lgtbi\/#organizationLogo"},"sameAs":["https:\/\/facebook.com\/eldigitaldeasturias","https:\/\/www.youtube.com\/channel\/UCZP-2wLEB9Rv6erhFmqVnvg"],"address":{"@id":"https:\/\/www.eldigitaldeasturias.com\/noticias\/#postaladdress","@type":"PostalAddress","streetAddress":"san antonio 4","postalCode":"33430","addressLocality":"Cand\u00e1s","addressRegion":"Asturias","addressCountry":"ES"}},{"@type":"Person","@id":"https:\/\/www.eldigitaldeasturias.com\/noticias\/author\/admin\/#author","url":"https:\/\/www.eldigitaldeasturias.com\/noticias\/author\/admin\/","name":"El Digital de Asturias","image":{"@type":"ImageObject","@id":"https:\/\/www.eldigitaldeasturias.com\/noticias\/las-instituciones-europeas-en-espana-izaran-en-su-edificio-la-bandera-lgtbi\/#authorImage","url":"https:\/\/secure.gravatar.com\/avatar\/df2aeffc32bcd13f8d26072ef8a91b623d677766deac7f97ca815868cd41bf5e?s=96&d=mm&r=g","width":96,"height":96,"caption":"El Digital de Asturias"}},{"@type":"WebPage","@id":"https:\/\/www.eldigitaldeasturias.com\/noticias\/las-instituciones-europeas-en-espana-izaran-en-su-edificio-la-bandera-lgtbi\/#webpage","url":"https:\/\/www.eldigitaldeasturias.com\/noticias\/las-instituciones-europeas-en-espana-izaran-en-su-edificio-la-bandera-lgtbi\/","name":"Las Instituciones Europeas en Espa\u00f1a izar\u00e1n en su edificio la bandera LGTBI - El Digital de Asturias","description":"La sede de las Instituciones Europeas en Espa\u00f1a izar\u00e1 ma\u00f1ana, 17 de mayo, la bandera LGTBI con motivo del D\u00eda Internacional contra la Homofobia, Transfobia y Bifobia. Se trata de la primera vez que la Oficina del Parlamento Europeo y la Representaci\u00f3n de la Comisi\u00f3n Europea en Espa\u00f1a cuelgan frente a su edificio (Paseo de","inLanguage":"es-ES","isPartOf":{"@id":"https:\/\/www.eldigitaldeasturias.com\/noticias\/#website"},"breadcrumb":{"@id":"https:\/\/www.eldigitaldeasturias.com\/noticias\/las-instituciones-europeas-en-espana-izaran-en-su-edificio-la-bandera-lgtbi\/#breadcrumblist"},"author":{"@id":"https:\/\/www.eldigitaldeasturias.com\/noticias\/author\/admin\/#author"},"creator":{"@id":"https:\/\/www.eldigitaldeasturias.com\/noticias\/author\/admin\/#author"},"image":{"@type":"ImageObject","url":980576,"@id":"https:\/\/www.eldigitaldeasturias.com\/noticias\/las-instituciones-europeas-en-espana-izaran-en-su-edificio-la-bandera-lgtbi\/#mainImage"},"primaryImageOfPage":{"@id":"https:\/\/www.eldigitaldeasturias.com\/noticias\/las-instituciones-europeas-en-espana-izaran-en-su-edificio-la-bandera-lgtbi\/#mainImage"},"datePublished":"2018-05-16T10:59:44+02:00","dateModified":"2018-05-16T10:59:44+02:00"},{"@type":"WebSite","@id":"https:\/\/www.eldigitaldeasturias.com\/noticias\/#website","url":"https:\/\/www.eldigitaldeasturias.com\/noticias\/","name":"El Digital de Asturias - Diario de actualidad y noticias","alternateName":"El Digital de Asturias - Diario de actualidad y noticias","description":"Hemeroteca","inLanguage":"es-ES","publisher":{"@id":"https:\/\/www.eldigitaldeasturias.com\/noticias\/#organization"}}]},"og:locale":"es_ES","og:site_name":"El Digital de Asturias","og:type":"article","og:title":"Las Instituciones Europeas en Espa\u00f1a izar\u00e1n en su edificio la bandera LGTBI - El Digital de Asturias","og:description":"La sede de las Instituciones Europeas en Espa\u00f1a izar\u00e1 ma\u00f1ana, 17 de mayo, la bandera LGTBI con motivo del D\u00eda Internacional contra la Homofobia, Transfobia y Bifobia. Se trata de la primera vez que la Oficina del Parlamento Europeo y la Representaci\u00f3n de la Comisi\u00f3n Europea en Espa\u00f1a cuelgan frente a su edificio (Paseo de","og:url":"https:\/\/www.eldigitaldeasturias.com\/noticias\/las-instituciones-europeas-en-espana-izaran-en-su-edificio-la-bandera-lgtbi\/","article:tag":["actualidad"],"article:published_time":"2018-05-16T10:59:44+00:00","article:modified_time":"2018-05-16T10:59:44+00:00","article:publisher":"https:\/\/facebook.com\/eldigitaldeasturias","twitter:card":"summary_large_image","twitter:title":"Las Instituciones Europeas en Espa\u00f1a izar\u00e1n en su edificio la bandera LGTBI - El Digital de Asturias","twitter:description":"La sede de las Instituciones Europeas en Espa\u00f1a izar\u00e1 ma\u00f1ana, 17 de mayo, la bandera LGTBI con motivo del D\u00eda Internacional contra la Homofobia, Transfobia y Bifobia. Se trata de la primera vez que la Oficina del Parlamento Europeo y la Representaci\u00f3n de la Comisi\u00f3n Europea en Espa\u00f1a cuelgan frente a su edificio (Paseo de","twitter:image":"https:\/\/www.eldigitaldeasturias.com\/noticias\/wp-content\/uploads\/2020\/12\/EDA-1.jpg","twitter:label1":"Escrito por","twitter:data1":"El Digital de Asturias","twitter:label2":"Tiempo de lectura estimado","twitter:data2":"2 minutos"},"aioseo_meta_data":{"post_id":"980575","title":null,"description":null,"keywords":null,"keyphrases":null,"primary_term":null,"canonical_url":null,"og_title":null,"og_description":null,"og_object_type":"default","og_image_type":"default","og_image_url":null,"og_image_width":null,"og_image_height":null,"og_image_custom_url":null,"og_image_custom_fields":null,"og_video":null,"og_custom_url":null,"og_article_section":null,"og_article_tags":null,"twitter_use_og":false,"twitter_card":"default","twitter_image_type":"default","twitter_image_url":null,"twitter_image_custom_url":null,"twitter_image_custom_fields":null,"twitter_title":null,"twitter_description":null,"schema":{"blockGraphs":[],"customGraphs":[],"default":{"data":{"Article":[],"Course":[],"Dataset":[],"FAQPage":[],"Movie":[],"Person":[],"Product":[],"ProductReview":[],"Car":[],"Recipe":[],"Service":[],"SoftwareApplication":[],"WebPage":[]},"graphName":"","isEnabled":true},"graphs":[],"defaultGraph":"","defaultPostTypeGraph":""},"schema_type":null,"schema_type_options":null,"pillar_content":false,"robots_default":true,"robots_noindex":false,"robots_noarchive":false,"robots_nosnippet":false,"robots_nofollow":false,"robots_noimageindex":false,"robots_noodp":false,"robots_notranslate":false,"robots_max_snippet":null,"robots_max_videopreview":null,"robots_max_imagepreview":"large","priority":null,"frequency":null,"local_seo":null,"seo_analyzer_scan_date":"2025-10-08 18:25:02","breadcrumb_settings":null,"limit_modified_date":false,"open_ai":null,"ai":null,"created":"2020-12-21 11:56:37","updated":"2025-10-08 18:25:02","focus_keyword":null,"additional_keywords":null,"truseo_locale":null},"aioseo_breadcrumb":"<div class=\"aioseo-breadcrumbs\"><span class=\"aioseo-breadcrumb\">\n\t<a href=\"https:\/\/www.eldigitaldeasturias.com\/noticias\" title=\"Home\">Home<\/a>\n<\/span><span class=\"aioseo-breadcrumb-separator\">\u2013<\/span><span class=\"aioseo-breadcrumb\">\n\t<a href=\"https:\/\/www.eldigitaldeasturias.com\/noticias\/category\/actualidad\/\" title=\"Actualidad\">Actualidad<\/a>\n<\/span><span class=\"aioseo-breadcrumb-separator\">\u2013<\/span><span class=\"aioseo-breadcrumb\">\n\t<a href=\"https:\/\/www.eldigitaldeasturias.com\/noticias\/las-instituciones-europeas-en-espana-izaran-en-su-edificio-la-bandera-lgtbi\/\" title=\"Las Instituciones Europeas en Espa\u00f1a izar\u00e1n en su edificio la bandera LGTBI\">Las Instituciones Europeas en Espa\u00f1a izar\u00e1n en su edificio la bandera LGTBI<\/a>\n<\/span><\/div>","aioseo_breadcrumb_json":[{"label":"Home","link":"https:\/\/www.eldigitaldeasturias.com\/noticias"},{"label":"Actualidad","link":"https:\/\/www.eldigitaldeasturias.com\/noticias\/category\/actualidad\/"},{"label":"Las Instituciones Europeas en Espa\u00f1a izar\u00e1n en su edificio la bandera LGTBI","link":"https:\/\/www.eldigitaldeasturias.com\/noticias\/las-instituciones-europeas-en-espana-izaran-en-su-edificio-la-bandera-lgtbi\/"}],"_links":{"self":[{"href":"https:\/\/www.eldigitaldeasturias.com\/noticias\/wp-json\/wp\/v2\/posts\/980575","targetHints":{"allow":["GET"]}}],"collection":[{"href":"https:\/\/www.eldigitaldeasturias.com\/noticias\/wp-json\/wp\/v2\/posts"}],"about":[{"href":"https:\/\/www.eldigitaldeasturias.com\/noticias\/wp-json\/wp\/v2\/types\/post"}],"author":[{"embeddable":true,"href":"https:\/\/www.eldigitaldeasturias.com\/noticias\/wp-json\/wp\/v2\/users\/1"}],"replies":[{"embeddable":true,"href":"https:\/\/www.eldigitaldeasturias.com\/noticias\/wp-json\/wp\/v2\/comments?post=980575"}],"version-history":[{"count":0,"href":"https:\/\/www.eldigitaldeasturias.com\/noticias\/wp-json\/wp\/v2\/posts\/980575\/revisions"}],"wp:attachment":[{"href":"https:\/\/www.eldigitaldeasturias.com\/noticias\/wp-json\/wp\/v2\/media?parent=980575"}],"wp:term":[{"taxonomy":"category","embeddable":true,"href":"https:\/\/www.eldigitaldeasturias.com\/noticias\/wp-json\/wp\/v2\/categories?post=980575"},{"taxonomy":"post_tag","embeddable":true,"href":"https:\/\/www.eldigitaldeasturias.com\/noticias\/wp-json\/wp\/v2\/tags?post=980575"}],"curies":[{"name":"wp","href":"https:\/\/api.w.org\/{rel}","templated":true}]}}