{"id":980570,"date":"2018-05-15T22:46:14","date_gmt":"2018-05-15T22:46:14","guid":{"rendered":"http:\/\/www.eldigitaldeasturias.com\/noticias\/?p=980570"},"modified":"2018-05-15T22:46:14","modified_gmt":"2018-05-15T22:46:14","slug":"aumenta-la-tension-entre-turquia-e-israel","status":"publish","type":"post","link":"https:\/\/www.eldigitaldeasturias.com\/noticias\/aumenta-la-tension-entre-turquia-e-israel\/","title":{"rendered":"Aumenta la tensi\u00f3n entre Turqu\u00eda e Israel"},"content":{"rendered":"<p><img loading=\"lazy\" decoding=\"async\" class=\"alignleft size-medium wp-image-979882\" src=\"https:\/\/www.eldigitaldeasturias.com\/noticias\/wp-content\/uploads\/2018\/05\/barbed-wire-1876148_960_720-360x218.jpg\" alt=\"\" width=\"360\" height=\"218\" \/>Ankara\/Tel Aviv, 15 may (dpa) &#8211; La relaci\u00f3n entre Turqu\u00eda e Israel se tens\u00f3 hoy despu\u00e9s de que el Gobierno en Ankara pidiera la salida del pa\u00eds del embajador de Israel, que a su vez solicit\u00f3 lo mismo al c\u00f3nsul turco, en reacci\u00f3n a la jornada violenta de la v\u00edspera en la que murieron al menos 60 palestinos.<\/p>\n<p>El Ministerio de Exteriores turco le dijo al embajador israel\u00ed Eitan Naeh que ser\u00eda \u00abadecuado si regresa un tiempo a su pa\u00eds\u00bb, informaron hoy la agencia de noticias estatal Anadolu y otros medios.<\/p>\n<p>Sin embargo, no parece tratarse de una expulsi\u00f3n formal. El embajador ya hab\u00eda sido convocado al Ministerio de Exteriores de Ankara a ra\u00edz de los enfrentamientos del lunes en la frontera de Israel con la Franja de Gaza, que dejaron adem\u00e1s unos 2.800 palestinos heridos.<\/p>\n<p>Horas despu\u00e9s, Israel hizo lo mismo con el c\u00f3nsul turco, al que le pidi\u00f3 que se marchara \u00abpor un tiempo\u00bb, seg\u00fan inform\u00f3 un portavoz del Ministerio de Exteriores israel\u00ed.<\/p>\n<p>En las \u00faltimas horas los mandatarios de los dos pa\u00edses protagonizaron un enfrentamiento verbal. El presidente turco, Recep Tayyip Erdogan, calific\u00f3 lo ocurrido el lunes en Gaza de \u00abgenocidio\u00bb.<\/p>\n<p>Este martes, en un mensaje en ingl\u00e9s en Twitter, Erdogan cuestion\u00f3 al primer ministro israel\u00ed, Benjamin Netanyahu, y dijo que \u00abtiene sangre de palestinos en sus manos\u00bb.<\/p>\n<p>Por su parte, Netanyahu lo hab\u00eda acusado hoy de ser \u00abuno de los grandes seguidores de Hamas\u00bb, el movimiento radical palestino que gobierna la Franja de Gaza.<\/p>\n<p>\u00abPor tanto, no cabe duda de que entiende bien lo que es terrorismo y masacre. Le sugiero que no nos predique moralidad\u00bb, dijo el jefe de Gobierno israel\u00ed en un comunicado.<\/p>\n<p>Unos 60 palestinos murieron y unos 2.800 resultaron heridos por soldados israel\u00edes durante las protestas que se llevaron a cabo el lunes a lo largo de la frontera de la Franja de Gaza con Israel contra la apertura de la embajada de Estados Unidos en Jerusal\u00e9n y contra el bloqueo que Israel y Egipto vienen imponiendo desde hace m\u00e1s de diez a\u00f1os al enclave.<\/p>\n<p>En protesta por la apertura de la embajada estadounidense en Jerusal\u00e9n, Turqu\u00eda llam\u00f3 a consultas a sus embajadores en Washington y Tel Aviv y orden\u00f3 tres d\u00edas de luto por los palestinos muertos.<\/p>\n<p>La apertura es controvertida porque supone la puesta en pr\u00e1ctica del reconocimiento de Jerusal\u00e9n como capital de Israel que ya anunci\u00f3 el presidente estadounidense, Donald Trump, en diciembre. Los palestinos reclaman la parte oriental de la ciudad -conquistada y anexionada por Isarel- como capital de su futuro Estado y ven en el paso de Washington un duro golpe a esa aspiraci\u00f3n.<\/p>\n","protected":false},"excerpt":{"rendered":"<p>Ankara\/Tel Aviv, 15 may (dpa) &#8211; La relaci\u00f3n entre Turqu\u00eda e Israel se tens\u00f3 hoy despu\u00e9s de que el Gobierno en Ankara pidiera la salida del pa\u00eds del embajador de Israel, que a su vez solicit\u00f3 lo mismo al c\u00f3nsul turco, en reacci\u00f3n a la jornada violenta de la v\u00edspera en la que murieron al [&hellip;]<\/p>\n","protected":false},"author":1,"featured_media":979882,"comment_status":"closed","ping_status":"closed","sticky":false,"template":"","format":"standard","meta":{"footnotes":""},"categories":[1],"tags":[],"class_list":["post-980570","post","type-post","status-publish","format-standard","has-post-thumbnail","hentry","category-actualidad"],"aioseo_notices":[],"aioseo_head":"\n\t\t<!-- All in One SEO Pro 5.0.1 - aioseo.com -->\n\t<meta name=\"description\" content=\"Ankara\/Tel Aviv, 15 may (dpa) - La relaci\u00f3n entre Turqu\u00eda e Israel se tens\u00f3 hoy despu\u00e9s de que el Gobierno en Ankara pidiera la salida del pa\u00eds del embajador de Israel, que a su vez solicit\u00f3 lo mismo al c\u00f3nsul turco, en reacci\u00f3n a la jornada violenta de la v\u00edspera en la que murieron al\" \/>\n\t<meta name=\"robots\" content=\"max-image-preview:large\" \/>\n\t<meta name=\"author\" content=\"El Digital de Asturias\"\/>\n\t<meta name=\"google-site-verification\" content=\"UA-38556648-1\" \/>\n\t<meta name=\"msvalidate.01\" content=\"7dfe9f3f1b24437ab69f4f2559babe99\" \/>\n\t<meta name=\"keywords\" content=\"actualidad\" \/>\n\t<link rel=\"canonical\" href=\"https:\/\/www.eldigitaldeasturias.com\/noticias\/aumenta-la-tension-entre-turquia-e-israel\/\" \/>\n\t<meta name=\"generator\" content=\"All in One SEO Pro (AIOSEO) 5.0.1\" \/>\n\t\t<meta property=\"og:locale\" content=\"es_ES\" \/>\n\t\t<meta property=\"og:site_name\" content=\"El Digital de Asturias\" \/>\n\t\t<meta property=\"og:type\" content=\"article\" \/>\n\t\t<meta property=\"og:title\" content=\"Aumenta la tensi\u00f3n entre Turqu\u00eda e Israel - El Digital de Asturias\" \/>\n\t\t<meta property=\"og:description\" content=\"Ankara\/Tel Aviv, 15 may (dpa) - La relaci\u00f3n entre Turqu\u00eda e Israel se tens\u00f3 hoy despu\u00e9s de que el Gobierno en Ankara pidiera la salida del pa\u00eds del embajador de Israel, que a su vez solicit\u00f3 lo mismo al c\u00f3nsul turco, en reacci\u00f3n a la jornada violenta de la v\u00edspera en la que murieron al\" \/>\n\t\t<meta property=\"og:url\" content=\"https:\/\/www.eldigitaldeasturias.com\/noticias\/aumenta-la-tension-entre-turquia-e-israel\/\" \/>\n\t\t<meta property=\"article:tag\" content=\"actualidad\" \/>\n\t\t<meta property=\"article:published_time\" content=\"2018-05-15T22:46:14+00:00\" \/>\n\t\t<meta property=\"article:modified_time\" content=\"2018-05-15T22:46:14+00:00\" \/>\n\t\t<meta property=\"article:publisher\" content=\"https:\/\/facebook.com\/eldigitaldeasturias\" \/>\n\t\t<meta name=\"twitter:card\" content=\"summary_large_image\" \/>\n\t\t<meta name=\"twitter:title\" content=\"Aumenta la tensi\u00f3n entre Turqu\u00eda e Israel - El Digital de Asturias\" \/>\n\t\t<meta name=\"twitter:description\" content=\"Ankara\/Tel Aviv, 15 may (dpa) - La relaci\u00f3n entre Turqu\u00eda e Israel se tens\u00f3 hoy despu\u00e9s de que el Gobierno en Ankara pidiera la salida del pa\u00eds del embajador de Israel, que a su vez solicit\u00f3 lo mismo al c\u00f3nsul turco, en reacci\u00f3n a la jornada violenta de la v\u00edspera en la que murieron al\" \/>\n\t\t<meta name=\"twitter:image\" content=\"https:\/\/www.eldigitaldeasturias.com\/noticias\/wp-content\/uploads\/2020\/12\/EDA-1.jpg\" \/>\n\t\t<meta name=\"twitter:label1\" content=\"Escrito por\" \/>\n\t\t<meta name=\"twitter:data1\" content=\"El Digital de Asturias\" \/>\n\t\t<meta name=\"twitter:label2\" content=\"Tiempo de lectura estimado\" \/>\n\t\t<meta name=\"twitter:data2\" content=\"2 minutos\" \/>\n\t\t<script type=\"application\/ld+json\" class=\"aioseo-schema\">\n\t\t\t{\"@context\":\"https:\\\/\\\/schema.org\",\"@graph\":[{\"@type\":\"BlogPosting\",\"@id\":\"https:\\\/\\\/www.eldigitaldeasturias.com\\\/noticias\\\/aumenta-la-tension-entre-turquia-e-israel\\\/#blogposting\",\"name\":\"Aumenta la tensi\\u00f3n entre Turqu\\u00eda e Israel - El Digital de Asturias\",\"headline\":\"Aumenta la tensi\\u00f3n entre Turqu\\u00eda e Israel\",\"author\":{\"@id\":\"https:\\\/\\\/www.eldigitaldeasturias.com\\\/noticias\\\/author\\\/admin\\\/#author\"},\"publisher\":{\"@id\":\"https:\\\/\\\/www.eldigitaldeasturias.com\\\/noticias\\\/#organization\"},\"image\":{\"@type\":\"ImageObject\",\"url\":979882},\"datePublished\":\"2018-05-15T22:46:14+02:00\",\"dateModified\":\"2018-05-15T22:46:14+02:00\",\"inLanguage\":\"es-ES\",\"mainEntityOfPage\":{\"@id\":\"https:\\\/\\\/www.eldigitaldeasturias.com\\\/noticias\\\/aumenta-la-tension-entre-turquia-e-israel\\\/#webpage\"},\"isPartOf\":{\"@id\":\"https:\\\/\\\/www.eldigitaldeasturias.com\\\/noticias\\\/aumenta-la-tension-entre-turquia-e-israel\\\/#webpage\"},\"articleSection\":\"Actualidad\"},{\"@type\":\"BreadcrumbList\",\"@id\":\"https:\\\/\\\/www.eldigitaldeasturias.com\\\/noticias\\\/aumenta-la-tension-entre-turquia-e-israel\\\/#breadcrumblist\",\"itemListElement\":[{\"@type\":\"ListItem\",\"@id\":\"https:\\\/\\\/www.eldigitaldeasturias.com\\\/noticias#listItem\",\"position\":1,\"name\":\"Home\",\"item\":\"https:\\\/\\\/www.eldigitaldeasturias.com\\\/noticias\",\"nextItem\":{\"@type\":\"ListItem\",\"@id\":\"https:\\\/\\\/www.eldigitaldeasturias.com\\\/noticias\\\/category\\\/actualidad\\\/#listItem\",\"name\":\"Actualidad\"}},{\"@type\":\"ListItem\",\"@id\":\"https:\\\/\\\/www.eldigitaldeasturias.com\\\/noticias\\\/category\\\/actualidad\\\/#listItem\",\"position\":2,\"name\":\"Actualidad\",\"item\":\"https:\\\/\\\/www.eldigitaldeasturias.com\\\/noticias\\\/category\\\/actualidad\\\/\",\"nextItem\":{\"@type\":\"ListItem\",\"@id\":\"https:\\\/\\\/www.eldigitaldeasturias.com\\\/noticias\\\/aumenta-la-tension-entre-turquia-e-israel\\\/#listItem\",\"name\":\"Aumenta la tensi\\u00f3n entre Turqu\\u00eda e Israel\"},\"previousItem\":{\"@type\":\"ListItem\",\"@id\":\"https:\\\/\\\/www.eldigitaldeasturias.com\\\/noticias#listItem\",\"name\":\"Home\"}},{\"@type\":\"ListItem\",\"@id\":\"https:\\\/\\\/www.eldigitaldeasturias.com\\\/noticias\\\/aumenta-la-tension-entre-turquia-e-israel\\\/#listItem\",\"position\":3,\"name\":\"Aumenta la tensi\\u00f3n entre Turqu\\u00eda e Israel\",\"previousItem\":{\"@type\":\"ListItem\",\"@id\":\"https:\\\/\\\/www.eldigitaldeasturias.com\\\/noticias\\\/category\\\/actualidad\\\/#listItem\",\"name\":\"Actualidad\"}}]},{\"@type\":\"Organization\",\"@id\":\"https:\\\/\\\/www.eldigitaldeasturias.com\\\/noticias\\\/#organization\",\"name\":\"El Digital de Asturias\",\"description\":\"Hemeroteca\",\"url\":\"https:\\\/\\\/www.eldigitaldeasturias.com\\\/noticias\\\/\",\"email\":\"info@eldigitaldeasturias.com\",\"telephone\":\"+34652131393\",\"logo\":{\"@type\":\"ImageObject\",\"url\":\"https:\\\/\\\/www.eldigitaldeasturias.com\\\/noticias\\\/wp-content\\\/uploads\\\/2020\\\/12\\\/EDA.jpg\",\"@id\":\"https:\\\/\\\/www.eldigitaldeasturias.com\\\/noticias\\\/aumenta-la-tension-entre-turquia-e-israel\\\/#organizationLogo\"},\"image\":{\"@id\":\"https:\\\/\\\/www.eldigitaldeasturias.com\\\/noticias\\\/aumenta-la-tension-entre-turquia-e-israel\\\/#organizationLogo\"},\"sameAs\":[\"https:\\\/\\\/facebook.com\\\/eldigitaldeasturias\",\"https:\\\/\\\/www.youtube.com\\\/channel\\\/UCZP-2wLEB9Rv6erhFmqVnvg\"],\"address\":{\"@id\":\"https:\\\/\\\/www.eldigitaldeasturias.com\\\/noticias\\\/#postaladdress\",\"@type\":\"PostalAddress\",\"streetAddress\":\"san antonio 4\",\"postalCode\":\"33430\",\"addressLocality\":\"Cand\\u00e1s\",\"addressRegion\":\"Asturias\",\"addressCountry\":\"ES\"}},{\"@type\":\"Person\",\"@id\":\"https:\\\/\\\/www.eldigitaldeasturias.com\\\/noticias\\\/author\\\/admin\\\/#author\",\"url\":\"https:\\\/\\\/www.eldigitaldeasturias.com\\\/noticias\\\/author\\\/admin\\\/\",\"name\":\"El Digital de Asturias\",\"image\":{\"@type\":\"ImageObject\",\"@id\":\"https:\\\/\\\/www.eldigitaldeasturias.com\\\/noticias\\\/aumenta-la-tension-entre-turquia-e-israel\\\/#authorImage\",\"url\":\"https:\\\/\\\/secure.gravatar.com\\\/avatar\\\/df2aeffc32bcd13f8d26072ef8a91b623d677766deac7f97ca815868cd41bf5e?s=96&d=mm&r=g\",\"width\":96,\"height\":96,\"caption\":\"El Digital de Asturias\"}},{\"@type\":\"WebPage\",\"@id\":\"https:\\\/\\\/www.eldigitaldeasturias.com\\\/noticias\\\/aumenta-la-tension-entre-turquia-e-israel\\\/#webpage\",\"url\":\"https:\\\/\\\/www.eldigitaldeasturias.com\\\/noticias\\\/aumenta-la-tension-entre-turquia-e-israel\\\/\",\"name\":\"Aumenta la tensi\\u00f3n entre Turqu\\u00eda e Israel - El Digital de Asturias\",\"description\":\"Ankara\\\/Tel Aviv, 15 may (dpa) - La relaci\\u00f3n entre Turqu\\u00eda e Israel se tens\\u00f3 hoy despu\\u00e9s de que el Gobierno en Ankara pidiera la salida del pa\\u00eds del embajador de Israel, que a su vez solicit\\u00f3 lo mismo al c\\u00f3nsul turco, en reacci\\u00f3n a la jornada violenta de la v\\u00edspera en la que murieron al\",\"inLanguage\":\"es-ES\",\"isPartOf\":{\"@id\":\"https:\\\/\\\/www.eldigitaldeasturias.com\\\/noticias\\\/#website\"},\"breadcrumb\":{\"@id\":\"https:\\\/\\\/www.eldigitaldeasturias.com\\\/noticias\\\/aumenta-la-tension-entre-turquia-e-israel\\\/#breadcrumblist\"},\"author\":{\"@id\":\"https:\\\/\\\/www.eldigitaldeasturias.com\\\/noticias\\\/author\\\/admin\\\/#author\"},\"creator\":{\"@id\":\"https:\\\/\\\/www.eldigitaldeasturias.com\\\/noticias\\\/author\\\/admin\\\/#author\"},\"image\":{\"@type\":\"ImageObject\",\"url\":979882,\"@id\":\"https:\\\/\\\/www.eldigitaldeasturias.com\\\/noticias\\\/aumenta-la-tension-entre-turquia-e-israel\\\/#mainImage\"},\"primaryImageOfPage\":{\"@id\":\"https:\\\/\\\/www.eldigitaldeasturias.com\\\/noticias\\\/aumenta-la-tension-entre-turquia-e-israel\\\/#mainImage\"},\"datePublished\":\"2018-05-15T22:46:14+02:00\",\"dateModified\":\"2018-05-15T22:46:14+02:00\"},{\"@type\":\"WebSite\",\"@id\":\"https:\\\/\\\/www.eldigitaldeasturias.com\\\/noticias\\\/#website\",\"url\":\"https:\\\/\\\/www.eldigitaldeasturias.com\\\/noticias\\\/\",\"name\":\"El Digital de Asturias - Diario de actualidad y noticias\",\"alternateName\":\"El Digital de Asturias - Diario de actualidad y noticias\",\"description\":\"Hemeroteca\",\"inLanguage\":\"es-ES\",\"publisher\":{\"@id\":\"https:\\\/\\\/www.eldigitaldeasturias.com\\\/noticias\\\/#organization\"}}]}\n\t\t<\/script>\n\t\t<!-- All in One SEO Pro -->\r\n\t\t<title>Aumenta la tensi\u00f3n entre Turqu\u00eda e Israel - El Digital de Asturias<\/title>\n\n","aioseo_head_json":{"title":"Aumenta la tensi\u00f3n entre Turqu\u00eda e Israel - El Digital de Asturias","description":"Ankara\/Tel Aviv, 15 may (dpa) - La relaci\u00f3n entre Turqu\u00eda e Israel se tens\u00f3 hoy despu\u00e9s de que el Gobierno en Ankara pidiera la salida del pa\u00eds del embajador de Israel, que a su vez solicit\u00f3 lo mismo al c\u00f3nsul turco, en reacci\u00f3n a la jornada violenta de la v\u00edspera en la que murieron al","canonical_url":"https:\/\/www.eldigitaldeasturias.com\/noticias\/aumenta-la-tension-entre-turquia-e-israel\/","robots":"max-image-preview:large","keywords":"actualidad","webmasterTools":{"google-site-verification":"UA-38556648-1","msvalidate.01":"7dfe9f3f1b24437ab69f4f2559babe99","miscellaneous":""},"schema":{"@context":"https:\/\/schema.org","@graph":[{"@type":"BlogPosting","@id":"https:\/\/www.eldigitaldeasturias.com\/noticias\/aumenta-la-tension-entre-turquia-e-israel\/#blogposting","name":"Aumenta la tensi\u00f3n entre Turqu\u00eda e Israel - El Digital de Asturias","headline":"Aumenta la tensi\u00f3n entre Turqu\u00eda e Israel","author":{"@id":"https:\/\/www.eldigitaldeasturias.com\/noticias\/author\/admin\/#author"},"publisher":{"@id":"https:\/\/www.eldigitaldeasturias.com\/noticias\/#organization"},"image":{"@type":"ImageObject","url":979882},"datePublished":"2018-05-15T22:46:14+02:00","dateModified":"2018-05-15T22:46:14+02:00","inLanguage":"es-ES","mainEntityOfPage":{"@id":"https:\/\/www.eldigitaldeasturias.com\/noticias\/aumenta-la-tension-entre-turquia-e-israel\/#webpage"},"isPartOf":{"@id":"https:\/\/www.eldigitaldeasturias.com\/noticias\/aumenta-la-tension-entre-turquia-e-israel\/#webpage"},"articleSection":"Actualidad"},{"@type":"BreadcrumbList","@id":"https:\/\/www.eldigitaldeasturias.com\/noticias\/aumenta-la-tension-entre-turquia-e-israel\/#breadcrumblist","itemListElement":[{"@type":"ListItem","@id":"https:\/\/www.eldigitaldeasturias.com\/noticias#listItem","position":1,"name":"Home","item":"https:\/\/www.eldigitaldeasturias.com\/noticias","nextItem":{"@type":"ListItem","@id":"https:\/\/www.eldigitaldeasturias.com\/noticias\/category\/actualidad\/#listItem","name":"Actualidad"}},{"@type":"ListItem","@id":"https:\/\/www.eldigitaldeasturias.com\/noticias\/category\/actualidad\/#listItem","position":2,"name":"Actualidad","item":"https:\/\/www.eldigitaldeasturias.com\/noticias\/category\/actualidad\/","nextItem":{"@type":"ListItem","@id":"https:\/\/www.eldigitaldeasturias.com\/noticias\/aumenta-la-tension-entre-turquia-e-israel\/#listItem","name":"Aumenta la tensi\u00f3n entre Turqu\u00eda e Israel"},"previousItem":{"@type":"ListItem","@id":"https:\/\/www.eldigitaldeasturias.com\/noticias#listItem","name":"Home"}},{"@type":"ListItem","@id":"https:\/\/www.eldigitaldeasturias.com\/noticias\/aumenta-la-tension-entre-turquia-e-israel\/#listItem","position":3,"name":"Aumenta la tensi\u00f3n entre Turqu\u00eda e Israel","previousItem":{"@type":"ListItem","@id":"https:\/\/www.eldigitaldeasturias.com\/noticias\/category\/actualidad\/#listItem","name":"Actualidad"}}]},{"@type":"Organization","@id":"https:\/\/www.eldigitaldeasturias.com\/noticias\/#organization","name":"El Digital de Asturias","description":"Hemeroteca","url":"https:\/\/www.eldigitaldeasturias.com\/noticias\/","email":"info@eldigitaldeasturias.com","telephone":"+34652131393","logo":{"@type":"ImageObject","url":"https:\/\/www.eldigitaldeasturias.com\/noticias\/wp-content\/uploads\/2020\/12\/EDA.jpg","@id":"https:\/\/www.eldigitaldeasturias.com\/noticias\/aumenta-la-tension-entre-turquia-e-israel\/#organizationLogo"},"image":{"@id":"https:\/\/www.eldigitaldeasturias.com\/noticias\/aumenta-la-tension-entre-turquia-e-israel\/#organizationLogo"},"sameAs":["https:\/\/facebook.com\/eldigitaldeasturias","https:\/\/www.youtube.com\/channel\/UCZP-2wLEB9Rv6erhFmqVnvg"],"address":{"@id":"https:\/\/www.eldigitaldeasturias.com\/noticias\/#postaladdress","@type":"PostalAddress","streetAddress":"san antonio 4","postalCode":"33430","addressLocality":"Cand\u00e1s","addressRegion":"Asturias","addressCountry":"ES"}},{"@type":"Person","@id":"https:\/\/www.eldigitaldeasturias.com\/noticias\/author\/admin\/#author","url":"https:\/\/www.eldigitaldeasturias.com\/noticias\/author\/admin\/","name":"El Digital de Asturias","image":{"@type":"ImageObject","@id":"https:\/\/www.eldigitaldeasturias.com\/noticias\/aumenta-la-tension-entre-turquia-e-israel\/#authorImage","url":"https:\/\/secure.gravatar.com\/avatar\/df2aeffc32bcd13f8d26072ef8a91b623d677766deac7f97ca815868cd41bf5e?s=96&d=mm&r=g","width":96,"height":96,"caption":"El Digital de Asturias"}},{"@type":"WebPage","@id":"https:\/\/www.eldigitaldeasturias.com\/noticias\/aumenta-la-tension-entre-turquia-e-israel\/#webpage","url":"https:\/\/www.eldigitaldeasturias.com\/noticias\/aumenta-la-tension-entre-turquia-e-israel\/","name":"Aumenta la tensi\u00f3n entre Turqu\u00eda e Israel - El Digital de Asturias","description":"Ankara\/Tel Aviv, 15 may (dpa) - La relaci\u00f3n entre Turqu\u00eda e Israel se tens\u00f3 hoy despu\u00e9s de que el Gobierno en Ankara pidiera la salida del pa\u00eds del embajador de Israel, que a su vez solicit\u00f3 lo mismo al c\u00f3nsul turco, en reacci\u00f3n a la jornada violenta de la v\u00edspera en la que murieron al","inLanguage":"es-ES","isPartOf":{"@id":"https:\/\/www.eldigitaldeasturias.com\/noticias\/#website"},"breadcrumb":{"@id":"https:\/\/www.eldigitaldeasturias.com\/noticias\/aumenta-la-tension-entre-turquia-e-israel\/#breadcrumblist"},"author":{"@id":"https:\/\/www.eldigitaldeasturias.com\/noticias\/author\/admin\/#author"},"creator":{"@id":"https:\/\/www.eldigitaldeasturias.com\/noticias\/author\/admin\/#author"},"image":{"@type":"ImageObject","url":979882,"@id":"https:\/\/www.eldigitaldeasturias.com\/noticias\/aumenta-la-tension-entre-turquia-e-israel\/#mainImage"},"primaryImageOfPage":{"@id":"https:\/\/www.eldigitaldeasturias.com\/noticias\/aumenta-la-tension-entre-turquia-e-israel\/#mainImage"},"datePublished":"2018-05-15T22:46:14+02:00","dateModified":"2018-05-15T22:46:14+02:00"},{"@type":"WebSite","@id":"https:\/\/www.eldigitaldeasturias.com\/noticias\/#website","url":"https:\/\/www.eldigitaldeasturias.com\/noticias\/","name":"El Digital de Asturias - Diario de actualidad y noticias","alternateName":"El Digital de Asturias - Diario de actualidad y noticias","description":"Hemeroteca","inLanguage":"es-ES","publisher":{"@id":"https:\/\/www.eldigitaldeasturias.com\/noticias\/#organization"}}]},"og:locale":"es_ES","og:site_name":"El Digital de Asturias","og:type":"article","og:title":"Aumenta la tensi\u00f3n entre Turqu\u00eda e Israel - El Digital de Asturias","og:description":"Ankara\/Tel Aviv, 15 may (dpa) - La relaci\u00f3n entre Turqu\u00eda e Israel se tens\u00f3 hoy despu\u00e9s de que el Gobierno en Ankara pidiera la salida del pa\u00eds del embajador de Israel, que a su vez solicit\u00f3 lo mismo al c\u00f3nsul turco, en reacci\u00f3n a la jornada violenta de la v\u00edspera en la que murieron al","og:url":"https:\/\/www.eldigitaldeasturias.com\/noticias\/aumenta-la-tension-entre-turquia-e-israel\/","article:tag":["actualidad"],"article:published_time":"2018-05-15T22:46:14+00:00","article:modified_time":"2018-05-15T22:46:14+00:00","article:publisher":"https:\/\/facebook.com\/eldigitaldeasturias","twitter:card":"summary_large_image","twitter:title":"Aumenta la tensi\u00f3n entre Turqu\u00eda e Israel - El Digital de Asturias","twitter:description":"Ankara\/Tel Aviv, 15 may (dpa) - La relaci\u00f3n entre Turqu\u00eda e Israel se tens\u00f3 hoy despu\u00e9s de que el Gobierno en Ankara pidiera la salida del pa\u00eds del embajador de Israel, que a su vez solicit\u00f3 lo mismo al c\u00f3nsul turco, en reacci\u00f3n a la jornada violenta de la v\u00edspera en la que murieron al","twitter:image":"https:\/\/www.eldigitaldeasturias.com\/noticias\/wp-content\/uploads\/2020\/12\/EDA-1.jpg","twitter:label1":"Escrito por","twitter:data1":"El Digital de Asturias","twitter:label2":"Tiempo de lectura estimado","twitter:data2":"2 minutos"},"aioseo_meta_data":{"post_id":"980570","title":null,"description":null,"keywords":null,"keyphrases":null,"primary_term":null,"canonical_url":null,"og_title":null,"og_description":null,"og_object_type":"default","og_image_type":"default","og_image_url":null,"og_image_width":null,"og_image_height":null,"og_image_custom_url":null,"og_image_custom_fields":null,"og_video":null,"og_custom_url":null,"og_article_section":null,"og_article_tags":null,"twitter_use_og":false,"twitter_card":"default","twitter_image_type":"default","twitter_image_url":null,"twitter_image_custom_url":null,"twitter_image_custom_fields":null,"twitter_title":null,"twitter_description":null,"schema":{"blockGraphs":[],"customGraphs":[],"default":{"data":{"Article":[],"Course":[],"Dataset":[],"FAQPage":[],"Movie":[],"Person":[],"Product":[],"ProductReview":[],"Car":[],"Recipe":[],"Service":[],"SoftwareApplication":[],"WebPage":[]},"graphName":"","isEnabled":true},"graphs":[],"defaultGraph":"","defaultPostTypeGraph":""},"schema_type":null,"schema_type_options":null,"pillar_content":false,"robots_default":true,"robots_noindex":false,"robots_noarchive":false,"robots_nosnippet":false,"robots_nofollow":false,"robots_noimageindex":false,"robots_noodp":false,"robots_notranslate":false,"robots_max_snippet":null,"robots_max_videopreview":null,"robots_max_imagepreview":"large","priority":null,"frequency":null,"local_seo":null,"seo_analyzer_scan_date":"2025-10-08 18:23:27","breadcrumb_settings":null,"limit_modified_date":false,"open_ai":null,"ai":null,"created":"2020-12-21 11:56:37","updated":"2025-10-08 18:23:27","focus_keyword":null,"additional_keywords":null,"truseo_locale":null},"aioseo_breadcrumb":"<div class=\"aioseo-breadcrumbs\"><span class=\"aioseo-breadcrumb\">\n\t<a href=\"https:\/\/www.eldigitaldeasturias.com\/noticias\" title=\"Home\">Home<\/a>\n<\/span><span class=\"aioseo-breadcrumb-separator\">\u2013<\/span><span class=\"aioseo-breadcrumb\">\n\t<a href=\"https:\/\/www.eldigitaldeasturias.com\/noticias\/category\/actualidad\/\" title=\"Actualidad\">Actualidad<\/a>\n<\/span><span class=\"aioseo-breadcrumb-separator\">\u2013<\/span><span class=\"aioseo-breadcrumb\">\n\t<a href=\"https:\/\/www.eldigitaldeasturias.com\/noticias\/aumenta-la-tension-entre-turquia-e-israel\/\" title=\"Aumenta la tensi\u00f3n entre Turqu\u00eda e Israel\">Aumenta la tensi\u00f3n entre Turqu\u00eda e Israel<\/a>\n<\/span><\/div>","aioseo_breadcrumb_json":[{"label":"Home","link":"https:\/\/www.eldigitaldeasturias.com\/noticias"},{"label":"Actualidad","link":"https:\/\/www.eldigitaldeasturias.com\/noticias\/category\/actualidad\/"},{"label":"Aumenta la tensi\u00f3n entre Turqu\u00eda e Israel","link":"https:\/\/www.eldigitaldeasturias.com\/noticias\/aumenta-la-tension-entre-turquia-e-israel\/"}],"_links":{"self":[{"href":"https:\/\/www.eldigitaldeasturias.com\/noticias\/wp-json\/wp\/v2\/posts\/980570","targetHints":{"allow":["GET"]}}],"collection":[{"href":"https:\/\/www.eldigitaldeasturias.com\/noticias\/wp-json\/wp\/v2\/posts"}],"about":[{"href":"https:\/\/www.eldigitaldeasturias.com\/noticias\/wp-json\/wp\/v2\/types\/post"}],"author":[{"embeddable":true,"href":"https:\/\/www.eldigitaldeasturias.com\/noticias\/wp-json\/wp\/v2\/users\/1"}],"replies":[{"embeddable":true,"href":"https:\/\/www.eldigitaldeasturias.com\/noticias\/wp-json\/wp\/v2\/comments?post=980570"}],"version-history":[{"count":0,"href":"https:\/\/www.eldigitaldeasturias.com\/noticias\/wp-json\/wp\/v2\/posts\/980570\/revisions"}],"wp:attachment":[{"href":"https:\/\/www.eldigitaldeasturias.com\/noticias\/wp-json\/wp\/v2\/media?parent=980570"}],"wp:term":[{"taxonomy":"category","embeddable":true,"href":"https:\/\/www.eldigitaldeasturias.com\/noticias\/wp-json\/wp\/v2\/categories?post=980570"},{"taxonomy":"post_tag","embeddable":true,"href":"https:\/\/www.eldigitaldeasturias.com\/noticias\/wp-json\/wp\/v2\/tags?post=980570"}],"curies":[{"name":"wp","href":"https:\/\/api.w.org\/{rel}","templated":true}]}}