{"id":980562,"date":"2018-05-15T22:37:38","date_gmt":"2018-05-15T22:37:38","guid":{"rendered":"http:\/\/www.eldigitaldeasturias.com\/noticias\/?p=980562"},"modified":"2018-05-15T22:37:38","modified_gmt":"2018-05-15T22:37:38","slug":"la-union-europea-y-cuba-inician-una-nueva-etapa","status":"publish","type":"post","link":"https:\/\/www.eldigitaldeasturias.com\/noticias\/la-union-europea-y-cuba-inician-una-nueva-etapa\/","title":{"rendered":"La Uni\u00f3n Europea y Cuba inician una nueva etapa"},"content":{"rendered":"<p><img loading=\"lazy\" decoding=\"async\" class=\"alignleft size-medium wp-image-976326\" src=\"https:\/\/www.eldigitaldeasturias.com\/noticias\/wp-content\/uploads\/2018\/04\/cuban-flag-1911649_960_720-360x255.jpg\" alt=\"\" width=\"360\" height=\"255\" \/>Bruselas\/La Habana, 15 may (dpa) &#8211; La Uni\u00f3n Europea (UE) y Cuba iniciaron hoy una nueva etapa en sus relaciones bilaterales y dejaron atr\u00e1s 20 a\u00f1os de desencuentros con la celebraci\u00f3n de su primer Consejo conjunto en el que acordaron dialogar sobre cinco temas.<\/p>\n<p>Ambas partes acordaron mantener encuentros regulares para debatir sobre derechos humanos, el desarrollo sostenible, el desarme, la lucha contra el tr\u00e1fico il\u00edcito de armas ligeras y las medidas coercitivas unilaterales, este \u00faltimo en alusi\u00f3n al embargo de Washington sobre la isla.<\/p>\n<p>\u00abHoy nos reunimos para completar el cambio de p\u00e1gina\u00bb, se\u00f1al\u00f3 en Bruselas la alta representante de la UE para Asuntos Exteriores, Federica Mogherini.<\/p>\n<p>Mogherini asegur\u00f3 que la firma en 2016 del Acuerdo de Di\u00e1logo Pol\u00edtico y Cooperaci\u00f3n \u00abpuso fin a una anomal\u00eda\u00bb, dado que Cuba era el \u00fanico pa\u00eds de Am\u00e9rica Latina que no ten\u00eda un acuerdo global con Bruselas.<\/p>\n<p>El acuerdo entr\u00f3 en vigor provisionalmente el 1 de noviembre de 2017, aunque todav\u00eda est\u00e1 pendiente la ratificaci\u00f3n de 15 parlamentos de los 28 pa\u00edses miembros, que se considera una formalidad.<\/p>\n<p>El entendimiento enterr\u00f3 la denominada \u00abPosici\u00f3n Com\u00fan\u00bb, que en 1996 impuls\u00f3 el entonces presidente conservador espa\u00f1ol Jos\u00e9 Mar\u00eda Aznar, y que condicionaba las relaciones del bloque comunitario al avance en materia de derechos humanos en la isla.<\/p>\n<p>Uno de los temas m\u00e1s espinosos de las negociaciones para conseguir un acuerdo fue el de los derechos humanos, en el que el Gobierno cubano manifest\u00f3 reiteradamente que tiene un enfoque diferente respecto al europeo.<\/p>\n<p>Tras la reuni\u00f3n del primer Consejo conjunto, Mogherini se\u00f1al\u00f3 en rueda de prensa que ambas partes acordaron institucionalizar el di\u00e1logo en derechos humanos \u00abcomo pilar clave\u00bb de la relaci\u00f3n.<\/p>\n<p>\u00abEl Consejo conjunto es un paso significativo en las relaciones bilaterales entre Cuba y la Uni\u00f3n Europea\u00bb, consider\u00f3 Bruno Rodr\u00edguez, ministro de Relaciones Exteriores de Cuba durante la rueda de prensa conjunta con Mogherini.<\/p>\n<p>\u00abEl estado actual de las relaciones evidencia la posibilidad de construir espacios\u00bb, se\u00f1al\u00f3 Rodr\u00edguez, quien consider\u00f3 que en el di\u00e1logo se deb\u00eda \u00abprivilegiar lo que nos une por encima de lo que nos diferencia\u00bb.<\/p>\n<p>Rodr\u00edguez se\u00f1al\u00f3 que existen posibilidades para el incremento de las inversiones europeas en la isla e invit\u00f3 al bloque comunitario a \u00abuna participaci\u00f3n m\u00e1s activa de la Uni\u00f3n Europea en el desarrollo econ\u00f3mico\u00bb de la isla.<\/p>\n<p>El bloque comunitario ha conseguido ir posicion\u00e1ndose en la isla y actualmente ya es el primer socio comercial, el primer inversionista y el primero en la cooperaci\u00f3n para el desarrollo de Cuba.<\/p>\n<p>El entendimiento permite impulsar el di\u00e1logo pol\u00edtico y la cooperaci\u00f3n, pero no tiene car\u00e1cter preferencial, por lo que no concede a Cuba ventajas arancelarias en su comercio con el espacio europeo, aunque Mogherini consider\u00f3 hoy que puede servir para \u00abapoyar el proceso de reforma econ\u00f3mica y social en Cuba\u00bb.<\/p>\n","protected":false},"excerpt":{"rendered":"<p>Bruselas\/La Habana, 15 may (dpa) &#8211; La Uni\u00f3n Europea (UE) y Cuba iniciaron hoy una nueva etapa en sus relaciones bilaterales y dejaron atr\u00e1s 20 a\u00f1os de desencuentros con la celebraci\u00f3n de su primer Consejo conjunto en el que acordaron dialogar sobre cinco temas. Ambas partes acordaron mantener encuentros regulares para debatir sobre derechos humanos, [&hellip;]<\/p>\n","protected":false},"author":1,"featured_media":976326,"comment_status":"closed","ping_status":"closed","sticky":false,"template":"","format":"standard","meta":{"footnotes":""},"categories":[1],"tags":[],"class_list":["post-980562","post","type-post","status-publish","format-standard","has-post-thumbnail","hentry","category-actualidad"],"aioseo_notices":[],"aioseo_head":"\n\t\t<!-- All in One SEO Pro 5.0.1 - aioseo.com -->\n\t<meta name=\"description\" content=\"Bruselas\/La Habana, 15 may (dpa) - La Uni\u00f3n Europea (UE) y Cuba iniciaron hoy una nueva etapa en sus relaciones bilaterales y dejaron atr\u00e1s 20 a\u00f1os de desencuentros con la celebraci\u00f3n de su primer Consejo conjunto en el que acordaron dialogar sobre cinco temas. Ambas partes acordaron mantener encuentros regulares para debatir sobre derechos humanos,\" \/>\n\t<meta name=\"robots\" content=\"max-image-preview:large\" \/>\n\t<meta name=\"author\" content=\"El Digital de Asturias\"\/>\n\t<meta name=\"google-site-verification\" content=\"UA-38556648-1\" \/>\n\t<meta name=\"msvalidate.01\" content=\"7dfe9f3f1b24437ab69f4f2559babe99\" \/>\n\t<meta name=\"keywords\" content=\"actualidad\" \/>\n\t<link rel=\"canonical\" href=\"https:\/\/www.eldigitaldeasturias.com\/noticias\/la-union-europea-y-cuba-inician-una-nueva-etapa\/\" \/>\n\t<meta name=\"generator\" content=\"All in One SEO Pro (AIOSEO) 5.0.1\" \/>\n\t\t<meta property=\"og:locale\" content=\"es_ES\" \/>\n\t\t<meta property=\"og:site_name\" content=\"El Digital de Asturias\" \/>\n\t\t<meta property=\"og:type\" content=\"article\" \/>\n\t\t<meta property=\"og:title\" content=\"La Uni\u00f3n Europea y Cuba inician una nueva etapa - El Digital de Asturias\" \/>\n\t\t<meta property=\"og:description\" content=\"Bruselas\/La Habana, 15 may (dpa) - La Uni\u00f3n Europea (UE) y Cuba iniciaron hoy una nueva etapa en sus relaciones bilaterales y dejaron atr\u00e1s 20 a\u00f1os de desencuentros con la celebraci\u00f3n de su primer Consejo conjunto en el que acordaron dialogar sobre cinco temas. Ambas partes acordaron mantener encuentros regulares para debatir sobre derechos humanos,\" \/>\n\t\t<meta property=\"og:url\" content=\"https:\/\/www.eldigitaldeasturias.com\/noticias\/la-union-europea-y-cuba-inician-una-nueva-etapa\/\" \/>\n\t\t<meta property=\"article:tag\" content=\"actualidad\" \/>\n\t\t<meta property=\"article:published_time\" content=\"2018-05-15T22:37:38+00:00\" \/>\n\t\t<meta property=\"article:modified_time\" content=\"2018-05-15T22:37:38+00:00\" \/>\n\t\t<meta property=\"article:publisher\" content=\"https:\/\/facebook.com\/eldigitaldeasturias\" \/>\n\t\t<meta name=\"twitter:card\" content=\"summary_large_image\" \/>\n\t\t<meta name=\"twitter:title\" content=\"La Uni\u00f3n Europea y Cuba inician una nueva etapa - El Digital de Asturias\" \/>\n\t\t<meta name=\"twitter:description\" content=\"Bruselas\/La Habana, 15 may (dpa) - La Uni\u00f3n Europea (UE) y Cuba iniciaron hoy una nueva etapa en sus relaciones bilaterales y dejaron atr\u00e1s 20 a\u00f1os de desencuentros con la celebraci\u00f3n de su primer Consejo conjunto en el que acordaron dialogar sobre cinco temas. Ambas partes acordaron mantener encuentros regulares para debatir sobre derechos humanos,\" \/>\n\t\t<meta name=\"twitter:image\" content=\"https:\/\/www.eldigitaldeasturias.com\/noticias\/wp-content\/uploads\/2020\/12\/EDA-1.jpg\" \/>\n\t\t<meta name=\"twitter:label1\" content=\"Escrito por\" \/>\n\t\t<meta name=\"twitter:data1\" content=\"El Digital de Asturias\" \/>\n\t\t<meta name=\"twitter:label2\" content=\"Tiempo de lectura estimado\" \/>\n\t\t<meta name=\"twitter:data2\" content=\"3 minutos\" \/>\n\t\t<script type=\"application\/ld+json\" class=\"aioseo-schema\">\n\t\t\t{\"@context\":\"https:\\\/\\\/schema.org\",\"@graph\":[{\"@type\":\"BlogPosting\",\"@id\":\"https:\\\/\\\/www.eldigitaldeasturias.com\\\/noticias\\\/la-union-europea-y-cuba-inician-una-nueva-etapa\\\/#blogposting\",\"name\":\"La Uni\\u00f3n Europea y Cuba inician una nueva etapa - El Digital de Asturias\",\"headline\":\"La Uni\\u00f3n Europea y Cuba inician una nueva etapa\",\"author\":{\"@id\":\"https:\\\/\\\/www.eldigitaldeasturias.com\\\/noticias\\\/author\\\/admin\\\/#author\"},\"publisher\":{\"@id\":\"https:\\\/\\\/www.eldigitaldeasturias.com\\\/noticias\\\/#organization\"},\"image\":{\"@type\":\"ImageObject\",\"url\":976326},\"datePublished\":\"2018-05-15T22:37:38+02:00\",\"dateModified\":\"2018-05-15T22:37:38+02:00\",\"inLanguage\":\"es-ES\",\"mainEntityOfPage\":{\"@id\":\"https:\\\/\\\/www.eldigitaldeasturias.com\\\/noticias\\\/la-union-europea-y-cuba-inician-una-nueva-etapa\\\/#webpage\"},\"isPartOf\":{\"@id\":\"https:\\\/\\\/www.eldigitaldeasturias.com\\\/noticias\\\/la-union-europea-y-cuba-inician-una-nueva-etapa\\\/#webpage\"},\"articleSection\":\"Actualidad\"},{\"@type\":\"BreadcrumbList\",\"@id\":\"https:\\\/\\\/www.eldigitaldeasturias.com\\\/noticias\\\/la-union-europea-y-cuba-inician-una-nueva-etapa\\\/#breadcrumblist\",\"itemListElement\":[{\"@type\":\"ListItem\",\"@id\":\"https:\\\/\\\/www.eldigitaldeasturias.com\\\/noticias#listItem\",\"position\":1,\"name\":\"Home\",\"item\":\"https:\\\/\\\/www.eldigitaldeasturias.com\\\/noticias\",\"nextItem\":{\"@type\":\"ListItem\",\"@id\":\"https:\\\/\\\/www.eldigitaldeasturias.com\\\/noticias\\\/category\\\/actualidad\\\/#listItem\",\"name\":\"Actualidad\"}},{\"@type\":\"ListItem\",\"@id\":\"https:\\\/\\\/www.eldigitaldeasturias.com\\\/noticias\\\/category\\\/actualidad\\\/#listItem\",\"position\":2,\"name\":\"Actualidad\",\"item\":\"https:\\\/\\\/www.eldigitaldeasturias.com\\\/noticias\\\/category\\\/actualidad\\\/\",\"nextItem\":{\"@type\":\"ListItem\",\"@id\":\"https:\\\/\\\/www.eldigitaldeasturias.com\\\/noticias\\\/la-union-europea-y-cuba-inician-una-nueva-etapa\\\/#listItem\",\"name\":\"La Uni\\u00f3n Europea y Cuba inician una nueva etapa\"},\"previousItem\":{\"@type\":\"ListItem\",\"@id\":\"https:\\\/\\\/www.eldigitaldeasturias.com\\\/noticias#listItem\",\"name\":\"Home\"}},{\"@type\":\"ListItem\",\"@id\":\"https:\\\/\\\/www.eldigitaldeasturias.com\\\/noticias\\\/la-union-europea-y-cuba-inician-una-nueva-etapa\\\/#listItem\",\"position\":3,\"name\":\"La Uni\\u00f3n Europea y Cuba inician una nueva etapa\",\"previousItem\":{\"@type\":\"ListItem\",\"@id\":\"https:\\\/\\\/www.eldigitaldeasturias.com\\\/noticias\\\/category\\\/actualidad\\\/#listItem\",\"name\":\"Actualidad\"}}]},{\"@type\":\"Organization\",\"@id\":\"https:\\\/\\\/www.eldigitaldeasturias.com\\\/noticias\\\/#organization\",\"name\":\"El Digital de Asturias\",\"description\":\"Hemeroteca\",\"url\":\"https:\\\/\\\/www.eldigitaldeasturias.com\\\/noticias\\\/\",\"email\":\"info@eldigitaldeasturias.com\",\"telephone\":\"+34652131393\",\"logo\":{\"@type\":\"ImageObject\",\"url\":\"https:\\\/\\\/www.eldigitaldeasturias.com\\\/noticias\\\/wp-content\\\/uploads\\\/2020\\\/12\\\/EDA.jpg\",\"@id\":\"https:\\\/\\\/www.eldigitaldeasturias.com\\\/noticias\\\/la-union-europea-y-cuba-inician-una-nueva-etapa\\\/#organizationLogo\"},\"image\":{\"@id\":\"https:\\\/\\\/www.eldigitaldeasturias.com\\\/noticias\\\/la-union-europea-y-cuba-inician-una-nueva-etapa\\\/#organizationLogo\"},\"sameAs\":[\"https:\\\/\\\/facebook.com\\\/eldigitaldeasturias\",\"https:\\\/\\\/www.youtube.com\\\/channel\\\/UCZP-2wLEB9Rv6erhFmqVnvg\"],\"address\":{\"@id\":\"https:\\\/\\\/www.eldigitaldeasturias.com\\\/noticias\\\/#postaladdress\",\"@type\":\"PostalAddress\",\"streetAddress\":\"san antonio 4\",\"postalCode\":\"33430\",\"addressLocality\":\"Cand\\u00e1s\",\"addressRegion\":\"Asturias\",\"addressCountry\":\"ES\"}},{\"@type\":\"Person\",\"@id\":\"https:\\\/\\\/www.eldigitaldeasturias.com\\\/noticias\\\/author\\\/admin\\\/#author\",\"url\":\"https:\\\/\\\/www.eldigitaldeasturias.com\\\/noticias\\\/author\\\/admin\\\/\",\"name\":\"El Digital de Asturias\",\"image\":{\"@type\":\"ImageObject\",\"@id\":\"https:\\\/\\\/www.eldigitaldeasturias.com\\\/noticias\\\/la-union-europea-y-cuba-inician-una-nueva-etapa\\\/#authorImage\",\"url\":\"https:\\\/\\\/secure.gravatar.com\\\/avatar\\\/df2aeffc32bcd13f8d26072ef8a91b623d677766deac7f97ca815868cd41bf5e?s=96&d=mm&r=g\",\"width\":96,\"height\":96,\"caption\":\"El Digital de Asturias\"}},{\"@type\":\"WebPage\",\"@id\":\"https:\\\/\\\/www.eldigitaldeasturias.com\\\/noticias\\\/la-union-europea-y-cuba-inician-una-nueva-etapa\\\/#webpage\",\"url\":\"https:\\\/\\\/www.eldigitaldeasturias.com\\\/noticias\\\/la-union-europea-y-cuba-inician-una-nueva-etapa\\\/\",\"name\":\"La Uni\\u00f3n Europea y Cuba inician una nueva etapa - El Digital de Asturias\",\"description\":\"Bruselas\\\/La Habana, 15 may (dpa) - La Uni\\u00f3n Europea (UE) y Cuba iniciaron hoy una nueva etapa en sus relaciones bilaterales y dejaron atr\\u00e1s 20 a\\u00f1os de desencuentros con la celebraci\\u00f3n de su primer Consejo conjunto en el que acordaron dialogar sobre cinco temas. Ambas partes acordaron mantener encuentros regulares para debatir sobre derechos humanos,\",\"inLanguage\":\"es-ES\",\"isPartOf\":{\"@id\":\"https:\\\/\\\/www.eldigitaldeasturias.com\\\/noticias\\\/#website\"},\"breadcrumb\":{\"@id\":\"https:\\\/\\\/www.eldigitaldeasturias.com\\\/noticias\\\/la-union-europea-y-cuba-inician-una-nueva-etapa\\\/#breadcrumblist\"},\"author\":{\"@id\":\"https:\\\/\\\/www.eldigitaldeasturias.com\\\/noticias\\\/author\\\/admin\\\/#author\"},\"creator\":{\"@id\":\"https:\\\/\\\/www.eldigitaldeasturias.com\\\/noticias\\\/author\\\/admin\\\/#author\"},\"image\":{\"@type\":\"ImageObject\",\"url\":976326,\"@id\":\"https:\\\/\\\/www.eldigitaldeasturias.com\\\/noticias\\\/la-union-europea-y-cuba-inician-una-nueva-etapa\\\/#mainImage\"},\"primaryImageOfPage\":{\"@id\":\"https:\\\/\\\/www.eldigitaldeasturias.com\\\/noticias\\\/la-union-europea-y-cuba-inician-una-nueva-etapa\\\/#mainImage\"},\"datePublished\":\"2018-05-15T22:37:38+02:00\",\"dateModified\":\"2018-05-15T22:37:38+02:00\"},{\"@type\":\"WebSite\",\"@id\":\"https:\\\/\\\/www.eldigitaldeasturias.com\\\/noticias\\\/#website\",\"url\":\"https:\\\/\\\/www.eldigitaldeasturias.com\\\/noticias\\\/\",\"name\":\"El Digital de Asturias - Diario de actualidad y noticias\",\"alternateName\":\"El Digital de Asturias - Diario de actualidad y noticias\",\"description\":\"Hemeroteca\",\"inLanguage\":\"es-ES\",\"publisher\":{\"@id\":\"https:\\\/\\\/www.eldigitaldeasturias.com\\\/noticias\\\/#organization\"}}]}\n\t\t<\/script>\n\t\t<!-- All in One SEO Pro -->\r\n\t\t<title>La Uni\u00f3n Europea y Cuba inician una nueva etapa - El Digital de Asturias<\/title>\n\n","aioseo_head_json":{"title":"La Uni\u00f3n Europea y Cuba inician una nueva etapa - El Digital de Asturias","description":"Bruselas\/La Habana, 15 may (dpa) - La Uni\u00f3n Europea (UE) y Cuba iniciaron hoy una nueva etapa en sus relaciones bilaterales y dejaron atr\u00e1s 20 a\u00f1os de desencuentros con la celebraci\u00f3n de su primer Consejo conjunto en el que acordaron dialogar sobre cinco temas. Ambas partes acordaron mantener encuentros regulares para debatir sobre derechos humanos,","canonical_url":"https:\/\/www.eldigitaldeasturias.com\/noticias\/la-union-europea-y-cuba-inician-una-nueva-etapa\/","robots":"max-image-preview:large","keywords":"actualidad","webmasterTools":{"google-site-verification":"UA-38556648-1","msvalidate.01":"7dfe9f3f1b24437ab69f4f2559babe99","miscellaneous":""},"schema":{"@context":"https:\/\/schema.org","@graph":[{"@type":"BlogPosting","@id":"https:\/\/www.eldigitaldeasturias.com\/noticias\/la-union-europea-y-cuba-inician-una-nueva-etapa\/#blogposting","name":"La Uni\u00f3n Europea y Cuba inician una nueva etapa - El Digital de Asturias","headline":"La Uni\u00f3n Europea y Cuba inician una nueva etapa","author":{"@id":"https:\/\/www.eldigitaldeasturias.com\/noticias\/author\/admin\/#author"},"publisher":{"@id":"https:\/\/www.eldigitaldeasturias.com\/noticias\/#organization"},"image":{"@type":"ImageObject","url":976326},"datePublished":"2018-05-15T22:37:38+02:00","dateModified":"2018-05-15T22:37:38+02:00","inLanguage":"es-ES","mainEntityOfPage":{"@id":"https:\/\/www.eldigitaldeasturias.com\/noticias\/la-union-europea-y-cuba-inician-una-nueva-etapa\/#webpage"},"isPartOf":{"@id":"https:\/\/www.eldigitaldeasturias.com\/noticias\/la-union-europea-y-cuba-inician-una-nueva-etapa\/#webpage"},"articleSection":"Actualidad"},{"@type":"BreadcrumbList","@id":"https:\/\/www.eldigitaldeasturias.com\/noticias\/la-union-europea-y-cuba-inician-una-nueva-etapa\/#breadcrumblist","itemListElement":[{"@type":"ListItem","@id":"https:\/\/www.eldigitaldeasturias.com\/noticias#listItem","position":1,"name":"Home","item":"https:\/\/www.eldigitaldeasturias.com\/noticias","nextItem":{"@type":"ListItem","@id":"https:\/\/www.eldigitaldeasturias.com\/noticias\/category\/actualidad\/#listItem","name":"Actualidad"}},{"@type":"ListItem","@id":"https:\/\/www.eldigitaldeasturias.com\/noticias\/category\/actualidad\/#listItem","position":2,"name":"Actualidad","item":"https:\/\/www.eldigitaldeasturias.com\/noticias\/category\/actualidad\/","nextItem":{"@type":"ListItem","@id":"https:\/\/www.eldigitaldeasturias.com\/noticias\/la-union-europea-y-cuba-inician-una-nueva-etapa\/#listItem","name":"La Uni\u00f3n Europea y Cuba inician una nueva etapa"},"previousItem":{"@type":"ListItem","@id":"https:\/\/www.eldigitaldeasturias.com\/noticias#listItem","name":"Home"}},{"@type":"ListItem","@id":"https:\/\/www.eldigitaldeasturias.com\/noticias\/la-union-europea-y-cuba-inician-una-nueva-etapa\/#listItem","position":3,"name":"La Uni\u00f3n Europea y Cuba inician una nueva etapa","previousItem":{"@type":"ListItem","@id":"https:\/\/www.eldigitaldeasturias.com\/noticias\/category\/actualidad\/#listItem","name":"Actualidad"}}]},{"@type":"Organization","@id":"https:\/\/www.eldigitaldeasturias.com\/noticias\/#organization","name":"El Digital de Asturias","description":"Hemeroteca","url":"https:\/\/www.eldigitaldeasturias.com\/noticias\/","email":"info@eldigitaldeasturias.com","telephone":"+34652131393","logo":{"@type":"ImageObject","url":"https:\/\/www.eldigitaldeasturias.com\/noticias\/wp-content\/uploads\/2020\/12\/EDA.jpg","@id":"https:\/\/www.eldigitaldeasturias.com\/noticias\/la-union-europea-y-cuba-inician-una-nueva-etapa\/#organizationLogo"},"image":{"@id":"https:\/\/www.eldigitaldeasturias.com\/noticias\/la-union-europea-y-cuba-inician-una-nueva-etapa\/#organizationLogo"},"sameAs":["https:\/\/facebook.com\/eldigitaldeasturias","https:\/\/www.youtube.com\/channel\/UCZP-2wLEB9Rv6erhFmqVnvg"],"address":{"@id":"https:\/\/www.eldigitaldeasturias.com\/noticias\/#postaladdress","@type":"PostalAddress","streetAddress":"san antonio 4","postalCode":"33430","addressLocality":"Cand\u00e1s","addressRegion":"Asturias","addressCountry":"ES"}},{"@type":"Person","@id":"https:\/\/www.eldigitaldeasturias.com\/noticias\/author\/admin\/#author","url":"https:\/\/www.eldigitaldeasturias.com\/noticias\/author\/admin\/","name":"El Digital de Asturias","image":{"@type":"ImageObject","@id":"https:\/\/www.eldigitaldeasturias.com\/noticias\/la-union-europea-y-cuba-inician-una-nueva-etapa\/#authorImage","url":"https:\/\/secure.gravatar.com\/avatar\/df2aeffc32bcd13f8d26072ef8a91b623d677766deac7f97ca815868cd41bf5e?s=96&d=mm&r=g","width":96,"height":96,"caption":"El Digital de Asturias"}},{"@type":"WebPage","@id":"https:\/\/www.eldigitaldeasturias.com\/noticias\/la-union-europea-y-cuba-inician-una-nueva-etapa\/#webpage","url":"https:\/\/www.eldigitaldeasturias.com\/noticias\/la-union-europea-y-cuba-inician-una-nueva-etapa\/","name":"La Uni\u00f3n Europea y Cuba inician una nueva etapa - El Digital de Asturias","description":"Bruselas\/La Habana, 15 may (dpa) - La Uni\u00f3n Europea (UE) y Cuba iniciaron hoy una nueva etapa en sus relaciones bilaterales y dejaron atr\u00e1s 20 a\u00f1os de desencuentros con la celebraci\u00f3n de su primer Consejo conjunto en el que acordaron dialogar sobre cinco temas. Ambas partes acordaron mantener encuentros regulares para debatir sobre derechos humanos,","inLanguage":"es-ES","isPartOf":{"@id":"https:\/\/www.eldigitaldeasturias.com\/noticias\/#website"},"breadcrumb":{"@id":"https:\/\/www.eldigitaldeasturias.com\/noticias\/la-union-europea-y-cuba-inician-una-nueva-etapa\/#breadcrumblist"},"author":{"@id":"https:\/\/www.eldigitaldeasturias.com\/noticias\/author\/admin\/#author"},"creator":{"@id":"https:\/\/www.eldigitaldeasturias.com\/noticias\/author\/admin\/#author"},"image":{"@type":"ImageObject","url":976326,"@id":"https:\/\/www.eldigitaldeasturias.com\/noticias\/la-union-europea-y-cuba-inician-una-nueva-etapa\/#mainImage"},"primaryImageOfPage":{"@id":"https:\/\/www.eldigitaldeasturias.com\/noticias\/la-union-europea-y-cuba-inician-una-nueva-etapa\/#mainImage"},"datePublished":"2018-05-15T22:37:38+02:00","dateModified":"2018-05-15T22:37:38+02:00"},{"@type":"WebSite","@id":"https:\/\/www.eldigitaldeasturias.com\/noticias\/#website","url":"https:\/\/www.eldigitaldeasturias.com\/noticias\/","name":"El Digital de Asturias - Diario de actualidad y noticias","alternateName":"El Digital de Asturias - Diario de actualidad y noticias","description":"Hemeroteca","inLanguage":"es-ES","publisher":{"@id":"https:\/\/www.eldigitaldeasturias.com\/noticias\/#organization"}}]},"og:locale":"es_ES","og:site_name":"El Digital de Asturias","og:type":"article","og:title":"La Uni\u00f3n Europea y Cuba inician una nueva etapa - El Digital de Asturias","og:description":"Bruselas\/La Habana, 15 may (dpa) - La Uni\u00f3n Europea (UE) y Cuba iniciaron hoy una nueva etapa en sus relaciones bilaterales y dejaron atr\u00e1s 20 a\u00f1os de desencuentros con la celebraci\u00f3n de su primer Consejo conjunto en el que acordaron dialogar sobre cinco temas. Ambas partes acordaron mantener encuentros regulares para debatir sobre derechos humanos,","og:url":"https:\/\/www.eldigitaldeasturias.com\/noticias\/la-union-europea-y-cuba-inician-una-nueva-etapa\/","article:tag":["actualidad"],"article:published_time":"2018-05-15T22:37:38+00:00","article:modified_time":"2018-05-15T22:37:38+00:00","article:publisher":"https:\/\/facebook.com\/eldigitaldeasturias","twitter:card":"summary_large_image","twitter:title":"La Uni\u00f3n Europea y Cuba inician una nueva etapa - El Digital de Asturias","twitter:description":"Bruselas\/La Habana, 15 may (dpa) - La Uni\u00f3n Europea (UE) y Cuba iniciaron hoy una nueva etapa en sus relaciones bilaterales y dejaron atr\u00e1s 20 a\u00f1os de desencuentros con la celebraci\u00f3n de su primer Consejo conjunto en el que acordaron dialogar sobre cinco temas. Ambas partes acordaron mantener encuentros regulares para debatir sobre derechos humanos,","twitter:image":"https:\/\/www.eldigitaldeasturias.com\/noticias\/wp-content\/uploads\/2020\/12\/EDA-1.jpg","twitter:label1":"Escrito por","twitter:data1":"El Digital de Asturias","twitter:label2":"Tiempo de lectura estimado","twitter:data2":"3 minutos"},"aioseo_meta_data":{"post_id":"980562","title":null,"description":null,"keywords":null,"keyphrases":null,"primary_term":null,"canonical_url":null,"og_title":null,"og_description":null,"og_object_type":"default","og_image_type":"default","og_image_url":null,"og_image_width":null,"og_image_height":null,"og_image_custom_url":null,"og_image_custom_fields":null,"og_video":null,"og_custom_url":null,"og_article_section":null,"og_article_tags":null,"twitter_use_og":false,"twitter_card":"default","twitter_image_type":"default","twitter_image_url":null,"twitter_image_custom_url":null,"twitter_image_custom_fields":null,"twitter_title":null,"twitter_description":null,"schema":{"blockGraphs":[],"customGraphs":[],"default":{"data":{"Article":[],"Course":[],"Dataset":[],"FAQPage":[],"Movie":[],"Person":[],"Product":[],"ProductReview":[],"Car":[],"Recipe":[],"Service":[],"SoftwareApplication":[],"WebPage":[]},"graphName":"","isEnabled":true},"graphs":[],"defaultGraph":"","defaultPostTypeGraph":""},"schema_type":null,"schema_type_options":null,"pillar_content":false,"robots_default":true,"robots_noindex":false,"robots_noarchive":false,"robots_nosnippet":false,"robots_nofollow":false,"robots_noimageindex":false,"robots_noodp":false,"robots_notranslate":false,"robots_max_snippet":null,"robots_max_videopreview":null,"robots_max_imagepreview":"large","priority":null,"frequency":null,"local_seo":null,"seo_analyzer_scan_date":"2025-10-08 18:21:05","breadcrumb_settings":null,"limit_modified_date":false,"open_ai":null,"ai":null,"created":"2020-12-21 11:56:37","updated":"2025-10-08 18:21:05","focus_keyword":null,"additional_keywords":null,"truseo_locale":null},"aioseo_breadcrumb":"<div class=\"aioseo-breadcrumbs\"><span class=\"aioseo-breadcrumb\">\n\t<a href=\"https:\/\/www.eldigitaldeasturias.com\/noticias\" title=\"Home\">Home<\/a>\n<\/span><span class=\"aioseo-breadcrumb-separator\">\u2013<\/span><span class=\"aioseo-breadcrumb\">\n\t<a href=\"https:\/\/www.eldigitaldeasturias.com\/noticias\/category\/actualidad\/\" title=\"Actualidad\">Actualidad<\/a>\n<\/span><span class=\"aioseo-breadcrumb-separator\">\u2013<\/span><span class=\"aioseo-breadcrumb\">\n\t<a href=\"https:\/\/www.eldigitaldeasturias.com\/noticias\/la-union-europea-y-cuba-inician-una-nueva-etapa\/\" title=\"La Uni\u00f3n Europea y Cuba inician una nueva etapa\">La Uni\u00f3n Europea y Cuba inician una nueva etapa<\/a>\n<\/span><\/div>","aioseo_breadcrumb_json":[{"label":"Home","link":"https:\/\/www.eldigitaldeasturias.com\/noticias"},{"label":"Actualidad","link":"https:\/\/www.eldigitaldeasturias.com\/noticias\/category\/actualidad\/"},{"label":"La Uni\u00f3n Europea y Cuba inician una nueva etapa","link":"https:\/\/www.eldigitaldeasturias.com\/noticias\/la-union-europea-y-cuba-inician-una-nueva-etapa\/"}],"_links":{"self":[{"href":"https:\/\/www.eldigitaldeasturias.com\/noticias\/wp-json\/wp\/v2\/posts\/980562","targetHints":{"allow":["GET"]}}],"collection":[{"href":"https:\/\/www.eldigitaldeasturias.com\/noticias\/wp-json\/wp\/v2\/posts"}],"about":[{"href":"https:\/\/www.eldigitaldeasturias.com\/noticias\/wp-json\/wp\/v2\/types\/post"}],"author":[{"embeddable":true,"href":"https:\/\/www.eldigitaldeasturias.com\/noticias\/wp-json\/wp\/v2\/users\/1"}],"replies":[{"embeddable":true,"href":"https:\/\/www.eldigitaldeasturias.com\/noticias\/wp-json\/wp\/v2\/comments?post=980562"}],"version-history":[{"count":0,"href":"https:\/\/www.eldigitaldeasturias.com\/noticias\/wp-json\/wp\/v2\/posts\/980562\/revisions"}],"wp:attachment":[{"href":"https:\/\/www.eldigitaldeasturias.com\/noticias\/wp-json\/wp\/v2\/media?parent=980562"}],"wp:term":[{"taxonomy":"category","embeddable":true,"href":"https:\/\/www.eldigitaldeasturias.com\/noticias\/wp-json\/wp\/v2\/categories?post=980562"},{"taxonomy":"post_tag","embeddable":true,"href":"https:\/\/www.eldigitaldeasturias.com\/noticias\/wp-json\/wp\/v2\/tags?post=980562"}],"curies":[{"name":"wp","href":"https:\/\/api.w.org\/{rel}","templated":true}]}}