{"id":980558,"date":"2018-05-15T22:32:17","date_gmt":"2018-05-15T22:32:17","guid":{"rendered":"http:\/\/www.eldigitaldeasturias.com\/noticias\/?p=980558"},"modified":"2018-05-15T22:32:17","modified_gmt":"2018-05-15T22:32:17","slug":"preocupacion-internacional-por-la-respuesta-de-israel-en-gaza","status":"publish","type":"post","link":"https:\/\/www.eldigitaldeasturias.com\/noticias\/preocupacion-internacional-por-la-respuesta-de-israel-en-gaza\/","title":{"rendered":"Preocupaci\u00f3n internacional por la respuesta de Israel en Gaza"},"content":{"rendered":"<p><img loading=\"lazy\" decoding=\"async\" class=\"alignleft size-medium wp-image-974234\" src=\"https:\/\/www.eldigitaldeasturias.com\/noticias\/wp-content\/uploads\/2018\/03\/gaza-678979_1280-360x240.jpg\" alt=\"\" width=\"360\" height=\"240\" \/>Ramala\/Gaza\/Estambul, 15 may (dpa) &#8211; Israel qued\u00f3 hoy en el centro de las cr\u00edticas por el uso de la fuerza el lunes contra manifestantes palestinos en la frontera con la Franja de Gaza, que tuvo incluso consecuencias diplom\u00e1ticas, mientras en Cisjordania se vivieron nuevos enfrentamientos.<\/p>\n<p>El que reaccion\u00f3 con mayor dureza fue el presidente turco, Recep Tayyip Erdogan, que tras la muerte de 60 palestinos atac\u00f3 directamente al primer ministro israel\u00ed, Benjamin Netanyahu, al que acus\u00f3 de tener \u00absangre de palestinos en sus manos\u00bb.<\/p>\n<p>El Gobierno en Ankara pidi\u00f3 hoy la salida del pa\u00eds del embajador de Israel, que a su vez solicit\u00f3 lo mismo al c\u00f3nsul turco.<\/p>\n<p>Erdogan, que el lunes calific\u00f3 lo ocurrido en Gaza de \u00abgenocidio\u00bb, convoc\u00f3 para el viernes a una cumbre extraordinaria de la Organizaci\u00f3n para la Cooperaci\u00f3n Isl\u00e1mica para hablar del tema.<\/p>\n<p>Las consecuencias diplom\u00e1ticas no se limitaron a Turqu\u00eda. B\u00e9lgica e Irlanda convocaron hoy a los embajadores de Israel en sus pa\u00edses. El primer ministro irland\u00e9s, Leo Varadkar, dijo que el objetivo era \u00abexpresar la indignaci\u00f3n y la consternaci\u00f3n\u00bb por las decenas de muertes.<\/p>\n<p>Los palestinos se acercaron la v\u00edspera en masa a la frontera para protestar contra la apertura de la embajada de Estados Unidos en Jerusal\u00e9n y contra el bloqueo a la Franja de Gaza. Adem\u00e1s, los palestinos recuerdan este martes la Nakba (cat\u00e1strofe), la huida o expulsi\u00f3n de cientos de miles de palestinos a ra\u00edz de la fundaci\u00f3n del Estado de Israel hace 70 a\u00f1os.<\/p>\n<p>Al menos 60 palestinos murieron, entre ellos una beb\u00e9 de ocho meses, y 2.800 resultaron heridos, casi la mitad con heridas de bala, por las fuerzas israel\u00edes por las protestas del lunes.<\/p>\n<p>Israel acusa al movimiento radical palestino Hamas, que gobierna la Franja de Gaza, de haber usado a civiles como escudos humanos y de planear atentados contra localidades fronterizas israel\u00edes. El Ej\u00e9rcito israel\u00ed ten\u00eda \u00f3rdenes de impedir a toda costa que los palestinos cruzaran la frontera e insiste en que muchos muertos eran milicianos.<\/p>\n<p>El presidente franc\u00e9s, Emmanuel Macron, y la canciller alemana, Angela Merkel, se comunicaron hoy con Netanyahu para expresarle su preocupaci\u00f3n por la violencia. El mandatario galo pidi\u00f3 proteger a los civiles y permitir protestas pac\u00edficas.<\/p>\n<p>El Consejo de Seguridad de la ONU celebr\u00f3 hoy una reuni\u00f3n de emergencia en la que circul\u00f3 un borrador que ped\u00eda, entre otras cosas, una investigaci\u00f3n independiente. Estados Unidos bloque\u00f3 el borrador, seg\u00fan confirm\u00f3 un diplom\u00e1tico a dpa.<\/p>\n<p>Estados Unidos fue el principal defensor de Israel. La embajadora estadounidense ante la ONU, Nikki Haley, consider\u00f3 que Israel actu\u00f3 con moderaci\u00f3n al responder a las masivas protestas de la v\u00edspera.<\/p>\n<p>\u00ab\u00bfQui\u00e9n entre nosotros aceptar\u00eda este tipo de actividad en nuestra frontera? Ninguno lo har\u00eda\u00bb, se\u00f1al\u00f3 Haley en la reuni\u00f3n, en la que se guard\u00f3 un minuto de silencio en honor a los muertos.<\/p>\n<p>La representante estadounidense defendi\u00f3 a su vez el traslado de la embajada de su pa\u00eds de Tel Aviv a Jerusal\u00e9n. La apertura \u00abno socava de ninguna forma las perspectivas para la paz\u00bb, asegur\u00f3.<\/p>\n<p>Por su parte, el enviado de Naciones Unidas para Cercano Oriente, Nikolai Mladenov, dijo que \u00abno hay justificaci\u00f3n\u00bb para la violencia del lunes, que represent\u00f3 el d\u00eda m\u00e1s sangriento en la Franja desde 2014.<\/p>\n<p>La oficina de Derechos Humanos de la ONU consider\u00f3 hoy que Israel no estaba en su derecho de utilizar munici\u00f3n real la v\u00edspera, al recordar que la fuerza letal s\u00f3lo puede ser utilizada para evitar una muerte inmediata o heridas graves.<\/p>\n<p>\u00abUn intento de acercarse, cruzar o da\u00f1ar la valla no supone una amenaza a la vida o a sufrir heridas graves y no son motivos suficientes para el uso de munici\u00f3n real\u00bb, dijo el portavoz Rupert Colville en una rueda de prensa.<\/p>\n<p>La ministra de Justicia israel\u00ed, Ayelet Shaked, sali\u00f3 al paso de las cr\u00edticas se\u00f1alando que no temen una investigaci\u00f3n por cr\u00edmenes de guerra. \u00abNo tenemos nada que temer, el trabajo de los soldados israel\u00edes es estupendo y act\u00faan conforme a los procedimientos de abrir fuego\u00bb, dijo a una radio militar. \u00abLa guerra no es algo agradable y los actos terrorista no son algo agradable\u00bb, a\u00f1adi\u00f3.<\/p>\n<p>Miles de palestinos en la Franja de Gaza dieron hoy el \u00faltimo adi\u00f3s a las decenas de personas abatidas por soldados israel\u00edes el lunes. Los palestinos marchaban al grito de \u00abAl\u00e1 es el m\u00e1s grande\u00bb y \u00abMuerte a Israel\u00bb hacia los cementerios.<\/p>\n<p>\u00abEstos jud\u00edos son criminales\u00bb, denunci\u00f3 a dpa Faddel Sheij Jalil. \u00abHan matado a mi hija de 15 a\u00f1os, que no hab\u00eda hecho nada\u00bb. Los francotiradores dispararon contra ella, que s\u00f3lo hab\u00eda ido a un campamento a la frontera, asegura. \u00abY mientras los miraba, perdi\u00f3 la vida\u00bb.<\/p>\n<p>Adem\u00e1s, los hospitales del enclave se han visto desbordados para atender a los heridos. El portavoz de la Organizaci\u00f3n Mundial de la Salud (OMS), Tarik Jasarevic, se\u00f1al\u00f3 que el largo bloqueo al que Israel y Egipto someten a la Franja de Gaza ha creado problemas cr\u00f3nicos en las instalaciones sanitarias palestinas.<\/p>\n<p>Mientras tanto, hoy se produjeron nuevas confrontaciones con soldados israel\u00edes en Cisjordania, en los que varios palestinos resultaron heridos de bala cerca de Hebr\u00f3n. Todos las facciones pol\u00edticas palestinas hab\u00edan llamado a nuevas protestas este mediod\u00eda junto a los puestos de control del Ej\u00e9rcito israel\u00ed en Cisjordania.<\/p>\n<p>Todos los comercios, las escuelas, las universidades y oficinas p\u00fablicas permanecen cerrados en el marco de los tres d\u00edas de luto decretados la v\u00edspera. Las banderas en la sede de la Autoridad Nacional Palestina, del presidente Mahmud Abbas, en la ciudad cisjordana de Ramal\u00e1 ondean a media asta.<\/p>\n","protected":false},"excerpt":{"rendered":"<p>Ramala\/Gaza\/Estambul, 15 may (dpa) &#8211; Israel qued\u00f3 hoy en el centro de las cr\u00edticas por el uso de la fuerza el lunes contra manifestantes palestinos en la frontera con la Franja de Gaza, que tuvo incluso consecuencias diplom\u00e1ticas, mientras en Cisjordania se vivieron nuevos enfrentamientos. El que reaccion\u00f3 con mayor dureza fue el presidente turco, [&hellip;]<\/p>\n","protected":false},"author":1,"featured_media":974234,"comment_status":"closed","ping_status":"closed","sticky":false,"template":"","format":"standard","meta":{"footnotes":""},"categories":[1],"tags":[],"class_list":["post-980558","post","type-post","status-publish","format-standard","has-post-thumbnail","hentry","category-actualidad"],"aioseo_notices":[],"aioseo_head":"\n\t\t<!-- All in One SEO Pro 5.0.1 - aioseo.com -->\n\t<meta name=\"description\" content=\"Ramala\/Gaza\/Estambul, 15 may (dpa) - Israel qued\u00f3 hoy en el centro de las cr\u00edticas por el uso de la fuerza el lunes contra manifestantes palestinos en la frontera con la Franja de Gaza, que tuvo incluso consecuencias diplom\u00e1ticas, mientras en Cisjordania se vivieron nuevos enfrentamientos. El que reaccion\u00f3 con mayor dureza fue el presidente turco,\" \/>\n\t<meta name=\"robots\" content=\"max-image-preview:large\" \/>\n\t<meta name=\"author\" content=\"El Digital de Asturias\"\/>\n\t<meta name=\"google-site-verification\" content=\"UA-38556648-1\" \/>\n\t<meta name=\"msvalidate.01\" content=\"7dfe9f3f1b24437ab69f4f2559babe99\" \/>\n\t<meta name=\"keywords\" content=\"actualidad\" \/>\n\t<link rel=\"canonical\" href=\"https:\/\/www.eldigitaldeasturias.com\/noticias\/preocupacion-internacional-por-la-respuesta-de-israel-en-gaza\/\" \/>\n\t<meta name=\"generator\" content=\"All in One SEO Pro (AIOSEO) 5.0.1\" \/>\n\t\t<meta property=\"og:locale\" content=\"es_ES\" \/>\n\t\t<meta property=\"og:site_name\" content=\"El Digital de Asturias\" \/>\n\t\t<meta property=\"og:type\" content=\"article\" \/>\n\t\t<meta property=\"og:title\" content=\"Preocupaci\u00f3n internacional por la respuesta de Israel en Gaza - El Digital de Asturias\" \/>\n\t\t<meta property=\"og:description\" content=\"Ramala\/Gaza\/Estambul, 15 may (dpa) - Israel qued\u00f3 hoy en el centro de las cr\u00edticas por el uso de la fuerza el lunes contra manifestantes palestinos en la frontera con la Franja de Gaza, que tuvo incluso consecuencias diplom\u00e1ticas, mientras en Cisjordania se vivieron nuevos enfrentamientos. El que reaccion\u00f3 con mayor dureza fue el presidente turco,\" \/>\n\t\t<meta property=\"og:url\" content=\"https:\/\/www.eldigitaldeasturias.com\/noticias\/preocupacion-internacional-por-la-respuesta-de-israel-en-gaza\/\" \/>\n\t\t<meta property=\"article:tag\" content=\"actualidad\" \/>\n\t\t<meta property=\"article:published_time\" content=\"2018-05-15T22:32:17+00:00\" \/>\n\t\t<meta property=\"article:modified_time\" content=\"2018-05-15T22:32:17+00:00\" \/>\n\t\t<meta property=\"article:publisher\" content=\"https:\/\/facebook.com\/eldigitaldeasturias\" \/>\n\t\t<meta name=\"twitter:card\" content=\"summary_large_image\" \/>\n\t\t<meta name=\"twitter:title\" content=\"Preocupaci\u00f3n internacional por la respuesta de Israel en Gaza - El Digital de Asturias\" \/>\n\t\t<meta name=\"twitter:description\" content=\"Ramala\/Gaza\/Estambul, 15 may (dpa) - Israel qued\u00f3 hoy en el centro de las cr\u00edticas por el uso de la fuerza el lunes contra manifestantes palestinos en la frontera con la Franja de Gaza, que tuvo incluso consecuencias diplom\u00e1ticas, mientras en Cisjordania se vivieron nuevos enfrentamientos. El que reaccion\u00f3 con mayor dureza fue el presidente turco,\" \/>\n\t\t<meta name=\"twitter:image\" content=\"https:\/\/www.eldigitaldeasturias.com\/noticias\/wp-content\/uploads\/2020\/12\/EDA-1.jpg\" \/>\n\t\t<meta name=\"twitter:label1\" content=\"Escrito por\" \/>\n\t\t<meta name=\"twitter:data1\" content=\"El Digital de Asturias\" \/>\n\t\t<meta name=\"twitter:label2\" content=\"Tiempo de lectura estimado\" \/>\n\t\t<meta name=\"twitter:data2\" content=\"5 minutos\" \/>\n\t\t<script type=\"application\/ld+json\" class=\"aioseo-schema\">\n\t\t\t{\"@context\":\"https:\\\/\\\/schema.org\",\"@graph\":[{\"@type\":\"BlogPosting\",\"@id\":\"https:\\\/\\\/www.eldigitaldeasturias.com\\\/noticias\\\/preocupacion-internacional-por-la-respuesta-de-israel-en-gaza\\\/#blogposting\",\"name\":\"Preocupaci\\u00f3n internacional por la respuesta de Israel en Gaza - El Digital de Asturias\",\"headline\":\"Preocupaci\\u00f3n internacional por la respuesta de Israel en Gaza\",\"author\":{\"@id\":\"https:\\\/\\\/www.eldigitaldeasturias.com\\\/noticias\\\/author\\\/admin\\\/#author\"},\"publisher\":{\"@id\":\"https:\\\/\\\/www.eldigitaldeasturias.com\\\/noticias\\\/#organization\"},\"image\":{\"@type\":\"ImageObject\",\"url\":974234},\"datePublished\":\"2018-05-15T22:32:17+02:00\",\"dateModified\":\"2018-05-15T22:32:17+02:00\",\"inLanguage\":\"es-ES\",\"mainEntityOfPage\":{\"@id\":\"https:\\\/\\\/www.eldigitaldeasturias.com\\\/noticias\\\/preocupacion-internacional-por-la-respuesta-de-israel-en-gaza\\\/#webpage\"},\"isPartOf\":{\"@id\":\"https:\\\/\\\/www.eldigitaldeasturias.com\\\/noticias\\\/preocupacion-internacional-por-la-respuesta-de-israel-en-gaza\\\/#webpage\"},\"articleSection\":\"Actualidad\"},{\"@type\":\"BreadcrumbList\",\"@id\":\"https:\\\/\\\/www.eldigitaldeasturias.com\\\/noticias\\\/preocupacion-internacional-por-la-respuesta-de-israel-en-gaza\\\/#breadcrumblist\",\"itemListElement\":[{\"@type\":\"ListItem\",\"@id\":\"https:\\\/\\\/www.eldigitaldeasturias.com\\\/noticias#listItem\",\"position\":1,\"name\":\"Home\",\"item\":\"https:\\\/\\\/www.eldigitaldeasturias.com\\\/noticias\",\"nextItem\":{\"@type\":\"ListItem\",\"@id\":\"https:\\\/\\\/www.eldigitaldeasturias.com\\\/noticias\\\/category\\\/actualidad\\\/#listItem\",\"name\":\"Actualidad\"}},{\"@type\":\"ListItem\",\"@id\":\"https:\\\/\\\/www.eldigitaldeasturias.com\\\/noticias\\\/category\\\/actualidad\\\/#listItem\",\"position\":2,\"name\":\"Actualidad\",\"item\":\"https:\\\/\\\/www.eldigitaldeasturias.com\\\/noticias\\\/category\\\/actualidad\\\/\",\"nextItem\":{\"@type\":\"ListItem\",\"@id\":\"https:\\\/\\\/www.eldigitaldeasturias.com\\\/noticias\\\/preocupacion-internacional-por-la-respuesta-de-israel-en-gaza\\\/#listItem\",\"name\":\"Preocupaci\\u00f3n internacional por la respuesta de Israel en Gaza\"},\"previousItem\":{\"@type\":\"ListItem\",\"@id\":\"https:\\\/\\\/www.eldigitaldeasturias.com\\\/noticias#listItem\",\"name\":\"Home\"}},{\"@type\":\"ListItem\",\"@id\":\"https:\\\/\\\/www.eldigitaldeasturias.com\\\/noticias\\\/preocupacion-internacional-por-la-respuesta-de-israel-en-gaza\\\/#listItem\",\"position\":3,\"name\":\"Preocupaci\\u00f3n internacional por la respuesta de Israel en Gaza\",\"previousItem\":{\"@type\":\"ListItem\",\"@id\":\"https:\\\/\\\/www.eldigitaldeasturias.com\\\/noticias\\\/category\\\/actualidad\\\/#listItem\",\"name\":\"Actualidad\"}}]},{\"@type\":\"Organization\",\"@id\":\"https:\\\/\\\/www.eldigitaldeasturias.com\\\/noticias\\\/#organization\",\"name\":\"El Digital de Asturias\",\"description\":\"Hemeroteca\",\"url\":\"https:\\\/\\\/www.eldigitaldeasturias.com\\\/noticias\\\/\",\"email\":\"info@eldigitaldeasturias.com\",\"telephone\":\"+34652131393\",\"logo\":{\"@type\":\"ImageObject\",\"url\":\"https:\\\/\\\/www.eldigitaldeasturias.com\\\/noticias\\\/wp-content\\\/uploads\\\/2020\\\/12\\\/EDA.jpg\",\"@id\":\"https:\\\/\\\/www.eldigitaldeasturias.com\\\/noticias\\\/preocupacion-internacional-por-la-respuesta-de-israel-en-gaza\\\/#organizationLogo\"},\"image\":{\"@id\":\"https:\\\/\\\/www.eldigitaldeasturias.com\\\/noticias\\\/preocupacion-internacional-por-la-respuesta-de-israel-en-gaza\\\/#organizationLogo\"},\"sameAs\":[\"https:\\\/\\\/facebook.com\\\/eldigitaldeasturias\",\"https:\\\/\\\/www.youtube.com\\\/channel\\\/UCZP-2wLEB9Rv6erhFmqVnvg\"],\"address\":{\"@id\":\"https:\\\/\\\/www.eldigitaldeasturias.com\\\/noticias\\\/#postaladdress\",\"@type\":\"PostalAddress\",\"streetAddress\":\"san antonio 4\",\"postalCode\":\"33430\",\"addressLocality\":\"Cand\\u00e1s\",\"addressRegion\":\"Asturias\",\"addressCountry\":\"ES\"}},{\"@type\":\"Person\",\"@id\":\"https:\\\/\\\/www.eldigitaldeasturias.com\\\/noticias\\\/author\\\/admin\\\/#author\",\"url\":\"https:\\\/\\\/www.eldigitaldeasturias.com\\\/noticias\\\/author\\\/admin\\\/\",\"name\":\"El Digital de Asturias\",\"image\":{\"@type\":\"ImageObject\",\"@id\":\"https:\\\/\\\/www.eldigitaldeasturias.com\\\/noticias\\\/preocupacion-internacional-por-la-respuesta-de-israel-en-gaza\\\/#authorImage\",\"url\":\"https:\\\/\\\/secure.gravatar.com\\\/avatar\\\/df2aeffc32bcd13f8d26072ef8a91b623d677766deac7f97ca815868cd41bf5e?s=96&d=mm&r=g\",\"width\":96,\"height\":96,\"caption\":\"El Digital de Asturias\"}},{\"@type\":\"WebPage\",\"@id\":\"https:\\\/\\\/www.eldigitaldeasturias.com\\\/noticias\\\/preocupacion-internacional-por-la-respuesta-de-israel-en-gaza\\\/#webpage\",\"url\":\"https:\\\/\\\/www.eldigitaldeasturias.com\\\/noticias\\\/preocupacion-internacional-por-la-respuesta-de-israel-en-gaza\\\/\",\"name\":\"Preocupaci\\u00f3n internacional por la respuesta de Israel en Gaza - El Digital de Asturias\",\"description\":\"Ramala\\\/Gaza\\\/Estambul, 15 may (dpa) - Israel qued\\u00f3 hoy en el centro de las cr\\u00edticas por el uso de la fuerza el lunes contra manifestantes palestinos en la frontera con la Franja de Gaza, que tuvo incluso consecuencias diplom\\u00e1ticas, mientras en Cisjordania se vivieron nuevos enfrentamientos. El que reaccion\\u00f3 con mayor dureza fue el presidente turco,\",\"inLanguage\":\"es-ES\",\"isPartOf\":{\"@id\":\"https:\\\/\\\/www.eldigitaldeasturias.com\\\/noticias\\\/#website\"},\"breadcrumb\":{\"@id\":\"https:\\\/\\\/www.eldigitaldeasturias.com\\\/noticias\\\/preocupacion-internacional-por-la-respuesta-de-israel-en-gaza\\\/#breadcrumblist\"},\"author\":{\"@id\":\"https:\\\/\\\/www.eldigitaldeasturias.com\\\/noticias\\\/author\\\/admin\\\/#author\"},\"creator\":{\"@id\":\"https:\\\/\\\/www.eldigitaldeasturias.com\\\/noticias\\\/author\\\/admin\\\/#author\"},\"image\":{\"@type\":\"ImageObject\",\"url\":974234,\"@id\":\"https:\\\/\\\/www.eldigitaldeasturias.com\\\/noticias\\\/preocupacion-internacional-por-la-respuesta-de-israel-en-gaza\\\/#mainImage\"},\"primaryImageOfPage\":{\"@id\":\"https:\\\/\\\/www.eldigitaldeasturias.com\\\/noticias\\\/preocupacion-internacional-por-la-respuesta-de-israel-en-gaza\\\/#mainImage\"},\"datePublished\":\"2018-05-15T22:32:17+02:00\",\"dateModified\":\"2018-05-15T22:32:17+02:00\"},{\"@type\":\"WebSite\",\"@id\":\"https:\\\/\\\/www.eldigitaldeasturias.com\\\/noticias\\\/#website\",\"url\":\"https:\\\/\\\/www.eldigitaldeasturias.com\\\/noticias\\\/\",\"name\":\"El Digital de Asturias - Diario de actualidad y noticias\",\"alternateName\":\"El Digital de Asturias - Diario de actualidad y noticias\",\"description\":\"Hemeroteca\",\"inLanguage\":\"es-ES\",\"publisher\":{\"@id\":\"https:\\\/\\\/www.eldigitaldeasturias.com\\\/noticias\\\/#organization\"}}]}\n\t\t<\/script>\n\t\t<!-- All in One SEO Pro -->\r\n\t\t<title>Preocupaci\u00f3n internacional por la respuesta de Israel en Gaza - El Digital de Asturias<\/title>\n\n","aioseo_head_json":{"title":"Preocupaci\u00f3n internacional por la respuesta de Israel en Gaza - El Digital de Asturias","description":"Ramala\/Gaza\/Estambul, 15 may (dpa) - Israel qued\u00f3 hoy en el centro de las cr\u00edticas por el uso de la fuerza el lunes contra manifestantes palestinos en la frontera con la Franja de Gaza, que tuvo incluso consecuencias diplom\u00e1ticas, mientras en Cisjordania se vivieron nuevos enfrentamientos. El que reaccion\u00f3 con mayor dureza fue el presidente turco,","canonical_url":"https:\/\/www.eldigitaldeasturias.com\/noticias\/preocupacion-internacional-por-la-respuesta-de-israel-en-gaza\/","robots":"max-image-preview:large","keywords":"actualidad","webmasterTools":{"google-site-verification":"UA-38556648-1","msvalidate.01":"7dfe9f3f1b24437ab69f4f2559babe99","miscellaneous":""},"schema":{"@context":"https:\/\/schema.org","@graph":[{"@type":"BlogPosting","@id":"https:\/\/www.eldigitaldeasturias.com\/noticias\/preocupacion-internacional-por-la-respuesta-de-israel-en-gaza\/#blogposting","name":"Preocupaci\u00f3n internacional por la respuesta de Israel en Gaza - El Digital de Asturias","headline":"Preocupaci\u00f3n internacional por la respuesta de Israel en Gaza","author":{"@id":"https:\/\/www.eldigitaldeasturias.com\/noticias\/author\/admin\/#author"},"publisher":{"@id":"https:\/\/www.eldigitaldeasturias.com\/noticias\/#organization"},"image":{"@type":"ImageObject","url":974234},"datePublished":"2018-05-15T22:32:17+02:00","dateModified":"2018-05-15T22:32:17+02:00","inLanguage":"es-ES","mainEntityOfPage":{"@id":"https:\/\/www.eldigitaldeasturias.com\/noticias\/preocupacion-internacional-por-la-respuesta-de-israel-en-gaza\/#webpage"},"isPartOf":{"@id":"https:\/\/www.eldigitaldeasturias.com\/noticias\/preocupacion-internacional-por-la-respuesta-de-israel-en-gaza\/#webpage"},"articleSection":"Actualidad"},{"@type":"BreadcrumbList","@id":"https:\/\/www.eldigitaldeasturias.com\/noticias\/preocupacion-internacional-por-la-respuesta-de-israel-en-gaza\/#breadcrumblist","itemListElement":[{"@type":"ListItem","@id":"https:\/\/www.eldigitaldeasturias.com\/noticias#listItem","position":1,"name":"Home","item":"https:\/\/www.eldigitaldeasturias.com\/noticias","nextItem":{"@type":"ListItem","@id":"https:\/\/www.eldigitaldeasturias.com\/noticias\/category\/actualidad\/#listItem","name":"Actualidad"}},{"@type":"ListItem","@id":"https:\/\/www.eldigitaldeasturias.com\/noticias\/category\/actualidad\/#listItem","position":2,"name":"Actualidad","item":"https:\/\/www.eldigitaldeasturias.com\/noticias\/category\/actualidad\/","nextItem":{"@type":"ListItem","@id":"https:\/\/www.eldigitaldeasturias.com\/noticias\/preocupacion-internacional-por-la-respuesta-de-israel-en-gaza\/#listItem","name":"Preocupaci\u00f3n internacional por la respuesta de Israel en Gaza"},"previousItem":{"@type":"ListItem","@id":"https:\/\/www.eldigitaldeasturias.com\/noticias#listItem","name":"Home"}},{"@type":"ListItem","@id":"https:\/\/www.eldigitaldeasturias.com\/noticias\/preocupacion-internacional-por-la-respuesta-de-israel-en-gaza\/#listItem","position":3,"name":"Preocupaci\u00f3n internacional por la respuesta de Israel en Gaza","previousItem":{"@type":"ListItem","@id":"https:\/\/www.eldigitaldeasturias.com\/noticias\/category\/actualidad\/#listItem","name":"Actualidad"}}]},{"@type":"Organization","@id":"https:\/\/www.eldigitaldeasturias.com\/noticias\/#organization","name":"El Digital de Asturias","description":"Hemeroteca","url":"https:\/\/www.eldigitaldeasturias.com\/noticias\/","email":"info@eldigitaldeasturias.com","telephone":"+34652131393","logo":{"@type":"ImageObject","url":"https:\/\/www.eldigitaldeasturias.com\/noticias\/wp-content\/uploads\/2020\/12\/EDA.jpg","@id":"https:\/\/www.eldigitaldeasturias.com\/noticias\/preocupacion-internacional-por-la-respuesta-de-israel-en-gaza\/#organizationLogo"},"image":{"@id":"https:\/\/www.eldigitaldeasturias.com\/noticias\/preocupacion-internacional-por-la-respuesta-de-israel-en-gaza\/#organizationLogo"},"sameAs":["https:\/\/facebook.com\/eldigitaldeasturias","https:\/\/www.youtube.com\/channel\/UCZP-2wLEB9Rv6erhFmqVnvg"],"address":{"@id":"https:\/\/www.eldigitaldeasturias.com\/noticias\/#postaladdress","@type":"PostalAddress","streetAddress":"san antonio 4","postalCode":"33430","addressLocality":"Cand\u00e1s","addressRegion":"Asturias","addressCountry":"ES"}},{"@type":"Person","@id":"https:\/\/www.eldigitaldeasturias.com\/noticias\/author\/admin\/#author","url":"https:\/\/www.eldigitaldeasturias.com\/noticias\/author\/admin\/","name":"El Digital de Asturias","image":{"@type":"ImageObject","@id":"https:\/\/www.eldigitaldeasturias.com\/noticias\/preocupacion-internacional-por-la-respuesta-de-israel-en-gaza\/#authorImage","url":"https:\/\/secure.gravatar.com\/avatar\/df2aeffc32bcd13f8d26072ef8a91b623d677766deac7f97ca815868cd41bf5e?s=96&d=mm&r=g","width":96,"height":96,"caption":"El Digital de Asturias"}},{"@type":"WebPage","@id":"https:\/\/www.eldigitaldeasturias.com\/noticias\/preocupacion-internacional-por-la-respuesta-de-israel-en-gaza\/#webpage","url":"https:\/\/www.eldigitaldeasturias.com\/noticias\/preocupacion-internacional-por-la-respuesta-de-israel-en-gaza\/","name":"Preocupaci\u00f3n internacional por la respuesta de Israel en Gaza - El Digital de Asturias","description":"Ramala\/Gaza\/Estambul, 15 may (dpa) - Israel qued\u00f3 hoy en el centro de las cr\u00edticas por el uso de la fuerza el lunes contra manifestantes palestinos en la frontera con la Franja de Gaza, que tuvo incluso consecuencias diplom\u00e1ticas, mientras en Cisjordania se vivieron nuevos enfrentamientos. El que reaccion\u00f3 con mayor dureza fue el presidente turco,","inLanguage":"es-ES","isPartOf":{"@id":"https:\/\/www.eldigitaldeasturias.com\/noticias\/#website"},"breadcrumb":{"@id":"https:\/\/www.eldigitaldeasturias.com\/noticias\/preocupacion-internacional-por-la-respuesta-de-israel-en-gaza\/#breadcrumblist"},"author":{"@id":"https:\/\/www.eldigitaldeasturias.com\/noticias\/author\/admin\/#author"},"creator":{"@id":"https:\/\/www.eldigitaldeasturias.com\/noticias\/author\/admin\/#author"},"image":{"@type":"ImageObject","url":974234,"@id":"https:\/\/www.eldigitaldeasturias.com\/noticias\/preocupacion-internacional-por-la-respuesta-de-israel-en-gaza\/#mainImage"},"primaryImageOfPage":{"@id":"https:\/\/www.eldigitaldeasturias.com\/noticias\/preocupacion-internacional-por-la-respuesta-de-israel-en-gaza\/#mainImage"},"datePublished":"2018-05-15T22:32:17+02:00","dateModified":"2018-05-15T22:32:17+02:00"},{"@type":"WebSite","@id":"https:\/\/www.eldigitaldeasturias.com\/noticias\/#website","url":"https:\/\/www.eldigitaldeasturias.com\/noticias\/","name":"El Digital de Asturias - Diario de actualidad y noticias","alternateName":"El Digital de Asturias - Diario de actualidad y noticias","description":"Hemeroteca","inLanguage":"es-ES","publisher":{"@id":"https:\/\/www.eldigitaldeasturias.com\/noticias\/#organization"}}]},"og:locale":"es_ES","og:site_name":"El Digital de Asturias","og:type":"article","og:title":"Preocupaci\u00f3n internacional por la respuesta de Israel en Gaza - El Digital de Asturias","og:description":"Ramala\/Gaza\/Estambul, 15 may (dpa) - Israel qued\u00f3 hoy en el centro de las cr\u00edticas por el uso de la fuerza el lunes contra manifestantes palestinos en la frontera con la Franja de Gaza, que tuvo incluso consecuencias diplom\u00e1ticas, mientras en Cisjordania se vivieron nuevos enfrentamientos. El que reaccion\u00f3 con mayor dureza fue el presidente turco,","og:url":"https:\/\/www.eldigitaldeasturias.com\/noticias\/preocupacion-internacional-por-la-respuesta-de-israel-en-gaza\/","article:tag":["actualidad"],"article:published_time":"2018-05-15T22:32:17+00:00","article:modified_time":"2018-05-15T22:32:17+00:00","article:publisher":"https:\/\/facebook.com\/eldigitaldeasturias","twitter:card":"summary_large_image","twitter:title":"Preocupaci\u00f3n internacional por la respuesta de Israel en Gaza - El Digital de Asturias","twitter:description":"Ramala\/Gaza\/Estambul, 15 may (dpa) - Israel qued\u00f3 hoy en el centro de las cr\u00edticas por el uso de la fuerza el lunes contra manifestantes palestinos en la frontera con la Franja de Gaza, que tuvo incluso consecuencias diplom\u00e1ticas, mientras en Cisjordania se vivieron nuevos enfrentamientos. El que reaccion\u00f3 con mayor dureza fue el presidente turco,","twitter:image":"https:\/\/www.eldigitaldeasturias.com\/noticias\/wp-content\/uploads\/2020\/12\/EDA-1.jpg","twitter:label1":"Escrito por","twitter:data1":"El Digital de Asturias","twitter:label2":"Tiempo de lectura estimado","twitter:data2":"5 minutos"},"aioseo_meta_data":{"post_id":"980558","title":null,"description":null,"keywords":null,"keyphrases":null,"primary_term":null,"canonical_url":null,"og_title":null,"og_description":null,"og_object_type":"default","og_image_type":"default","og_image_url":null,"og_image_width":null,"og_image_height":null,"og_image_custom_url":null,"og_image_custom_fields":null,"og_video":null,"og_custom_url":null,"og_article_section":null,"og_article_tags":null,"twitter_use_og":false,"twitter_card":"default","twitter_image_type":"default","twitter_image_url":null,"twitter_image_custom_url":null,"twitter_image_custom_fields":null,"twitter_title":null,"twitter_description":null,"schema":{"blockGraphs":[],"customGraphs":[],"default":{"data":{"Article":[],"Course":[],"Dataset":[],"FAQPage":[],"Movie":[],"Person":[],"Product":[],"ProductReview":[],"Car":[],"Recipe":[],"Service":[],"SoftwareApplication":[],"WebPage":[]},"graphName":"","isEnabled":true},"graphs":[],"defaultGraph":"","defaultPostTypeGraph":""},"schema_type":null,"schema_type_options":null,"pillar_content":false,"robots_default":true,"robots_noindex":false,"robots_noarchive":false,"robots_nosnippet":false,"robots_nofollow":false,"robots_noimageindex":false,"robots_noodp":false,"robots_notranslate":false,"robots_max_snippet":null,"robots_max_videopreview":null,"robots_max_imagepreview":"large","priority":null,"frequency":null,"local_seo":null,"seo_analyzer_scan_date":"2025-10-08 18:21:03","breadcrumb_settings":null,"limit_modified_date":false,"open_ai":null,"ai":null,"created":"2020-12-21 11:56:37","updated":"2025-10-08 18:21:03","focus_keyword":null,"additional_keywords":null,"truseo_locale":null},"aioseo_breadcrumb":"<div class=\"aioseo-breadcrumbs\"><span class=\"aioseo-breadcrumb\">\n\t<a href=\"https:\/\/www.eldigitaldeasturias.com\/noticias\" title=\"Home\">Home<\/a>\n<\/span><span class=\"aioseo-breadcrumb-separator\">\u2013<\/span><span class=\"aioseo-breadcrumb\">\n\t<a href=\"https:\/\/www.eldigitaldeasturias.com\/noticias\/category\/actualidad\/\" title=\"Actualidad\">Actualidad<\/a>\n<\/span><span class=\"aioseo-breadcrumb-separator\">\u2013<\/span><span class=\"aioseo-breadcrumb\">\n\t<a href=\"https:\/\/www.eldigitaldeasturias.com\/noticias\/preocupacion-internacional-por-la-respuesta-de-israel-en-gaza\/\" title=\"Preocupaci\u00f3n internacional por la respuesta de Israel en Gaza\">Preocupaci\u00f3n internacional por la respuesta de Israel en Gaza<\/a>\n<\/span><\/div>","aioseo_breadcrumb_json":[{"label":"Home","link":"https:\/\/www.eldigitaldeasturias.com\/noticias"},{"label":"Actualidad","link":"https:\/\/www.eldigitaldeasturias.com\/noticias\/category\/actualidad\/"},{"label":"Preocupaci\u00f3n internacional por la respuesta de Israel en Gaza","link":"https:\/\/www.eldigitaldeasturias.com\/noticias\/preocupacion-internacional-por-la-respuesta-de-israel-en-gaza\/"}],"_links":{"self":[{"href":"https:\/\/www.eldigitaldeasturias.com\/noticias\/wp-json\/wp\/v2\/posts\/980558","targetHints":{"allow":["GET"]}}],"collection":[{"href":"https:\/\/www.eldigitaldeasturias.com\/noticias\/wp-json\/wp\/v2\/posts"}],"about":[{"href":"https:\/\/www.eldigitaldeasturias.com\/noticias\/wp-json\/wp\/v2\/types\/post"}],"author":[{"embeddable":true,"href":"https:\/\/www.eldigitaldeasturias.com\/noticias\/wp-json\/wp\/v2\/users\/1"}],"replies":[{"embeddable":true,"href":"https:\/\/www.eldigitaldeasturias.com\/noticias\/wp-json\/wp\/v2\/comments?post=980558"}],"version-history":[{"count":0,"href":"https:\/\/www.eldigitaldeasturias.com\/noticias\/wp-json\/wp\/v2\/posts\/980558\/revisions"}],"wp:attachment":[{"href":"https:\/\/www.eldigitaldeasturias.com\/noticias\/wp-json\/wp\/v2\/media?parent=980558"}],"wp:term":[{"taxonomy":"category","embeddable":true,"href":"https:\/\/www.eldigitaldeasturias.com\/noticias\/wp-json\/wp\/v2\/categories?post=980558"},{"taxonomy":"post_tag","embeddable":true,"href":"https:\/\/www.eldigitaldeasturias.com\/noticias\/wp-json\/wp\/v2\/tags?post=980558"}],"curies":[{"name":"wp","href":"https:\/\/api.w.org\/{rel}","templated":true}]}}