{"id":980545,"date":"2018-05-15T22:18:28","date_gmt":"2018-05-15T22:18:28","guid":{"rendered":"http:\/\/www.eldigitaldeasturias.com\/noticias\/?p=980545"},"modified":"2018-05-15T22:18:28","modified_gmt":"2018-05-15T22:18:28","slug":"corea-del-norte-amenaza-con-cancelar-la-cumbre-del-12-de-junio","status":"publish","type":"post","link":"https:\/\/www.eldigitaldeasturias.com\/noticias\/corea-del-norte-amenaza-con-cancelar-la-cumbre-del-12-de-junio\/","title":{"rendered":"Corea del Norte amenaza con cancelar la cumbre del 12 de junio"},"content":{"rendered":"<p><img loading=\"lazy\" decoding=\"async\" class=\"alignleft size-medium wp-image-976867\" src=\"https:\/\/www.eldigitaldeasturias.com\/noticias\/wp-content\/uploads\/2018\/04\/flag-2528969_960_720-360x270.jpg\" alt=\"\" width=\"360\" height=\"270\" \/>Se\u00fal, 15 may (dpa) &#8211; Corea del Norte amenaza con cancelar la cumbre prevista el 12 de junio entre el l\u00edder del pa\u00eds, Kim Jong-un, y el presidente estadounidense, Donald Trump, debido a ejercicios militares de Washington con Corea del Sur, report\u00f3 hoy por la noche la agencia de noticias surcoreana Yonhap.<\/p>\n<p>Asimismo, las conversaciones de alto nivel con Corea del Sur previstas para el mi\u00e9rcoles en la localidad fronteriza de Panmunjom, destinadas a continuar las negociaciones tras la cumbre entre los l\u00edderes de ambas Coreas el mes pasado, fueron canceladas.<\/p>\n<p>Sin embargo, Estados Unidos no ve ninguna raz\u00f3n para posponer o cancelar la reuni\u00f3n entre ambos l\u00edderes. \u00abContinuamos e impulsamos la planificaci\u00f3n de un encuentro entre el presidente Trump y Kim Jong-un\u00bb, dijo en Washington la portavoz del Departamento de Estado, Heather Nauert.<\/p>\n<p>Los ejercicios militares, conocidos bajo el nombre de \u00abMaximum Thunder\u00bb, consistieron en maniobras conjuntas de la fuerza \u00e1erea de ambos pa\u00edses y no fueron suspendidos, indic\u00f3 la agencia de noticias estatal norcoreana KCNA, que calific\u00f3 el ejercicio como una provocaci\u00f3n.<\/p>\n<p>Pyongyang describi\u00f3 las maniobras como una \u00abprovocaci\u00f3n militar que va en contra del desarrollo pol\u00edtico positivo en la pen\u00ednsula de Corea\u00bb, seg\u00fan indic\u00f3 Yonhap.<\/p>\n<p>\u00abEstados Unidos tambi\u00e9n tendr\u00e1 que abordar deliberaciones cuidadosas sobre el futuro de la planeada cumbre Corea del Norte-Estados Unidos a la luz de este provocador incidente militar ejecutado junto a las autoridades surcoreanas\u00bb, agreg\u00f3 el r\u00e9gimen norcoreano.<\/p>\n<p>No obstante, Nauert afirm\u00f3 que los ejercicios militares no constituyen una provocaci\u00f3n. \u00abEstas son cosas que hacemos alrededor de todo el mundo\u00bb, expres\u00f3.<\/p>\n<p>Corea del Sur y Estados Unidos hab\u00edan anunciado la semana pasada el comienzo de las maniobras de defensa antia\u00e9rea con una duraci\u00f3n de dos semanas. Unos 100 aviones de guerra participan en los ejercicios, informaron medios surcoreanos.<\/p>\n<p>La hist\u00f3rica reuni\u00f3n entre Trump y el l\u00edder norcoreano tiene fecha el 12 de junio en Singapur. El encuentro est\u00e1 previsto tras m\u00e1s de un a\u00f1o de escalada ret\u00f3rica y duras sanciones en medio de una serie de provocativas pruebas nucleares por parte de Corea del Norte.<\/p>\n<p>La cumbre busca solucionar por v\u00eda pac\u00edfica el conflicto por el programa nuclear norcoreano que lleva a\u00f1os estancado y que pareci\u00f3 escalar el a\u00f1o pasado. Desde comienzos de a\u00f1o, sin embargo, Kim se mostr\u00f3 dispuesto a cooperar en una soluci\u00f3n pac\u00edfica e hizo hist\u00f3ricos gestos de acercamiento.<\/p>\n<p>Durante su reuni\u00f3n el pasado 27 de abril con el presidente surcoreano, Moon Jae-in, Kim Jon-un se mostr\u00f3 dispuesto a desmantelar el programa nuclear de su pa\u00eds, aunque no se concret\u00f3 c\u00f3mo y cu\u00e1ndo se alcanzar\u00e1 una \u00abcompleta desnuclearizaci\u00f3n\u00bb, ni qu\u00e9 contrapartidas espera Corea del Norte.<\/p>\n<p>En las negociaciones del mi\u00e9rcoles Corea del Sur quer\u00eda tratar de \u00absentar las bases para un desarrollo duradero y una paz permanente\u00bb, seg\u00fan inform\u00f3 el Ministerio de Defensa en Se\u00fal.<\/p>\n<p>El ministro de Defensa surcoreano, Cho Myoung Gyeon, iba a encabezar la delegaci\u00f3n de su pa\u00eds, mientras que Corea del Norte iba a enviar una delegaci\u00f3n con representantes del comit\u00e9 que gestiona los asuntos intercoreanos, como funcionarios de deporte y econom\u00eda.<\/p>\n","protected":false},"excerpt":{"rendered":"<p>Se\u00fal, 15 may (dpa) &#8211; Corea del Norte amenaza con cancelar la cumbre prevista el 12 de junio entre el l\u00edder del pa\u00eds, Kim Jong-un, y el presidente estadounidense, Donald Trump, debido a ejercicios militares de Washington con Corea del Sur, report\u00f3 hoy por la noche la agencia de noticias surcoreana Yonhap. Asimismo, las conversaciones [&hellip;]<\/p>\n","protected":false},"author":1,"featured_media":976867,"comment_status":"closed","ping_status":"closed","sticky":false,"template":"","format":"standard","meta":{"footnotes":""},"categories":[1],"tags":[],"class_list":["post-980545","post","type-post","status-publish","format-standard","has-post-thumbnail","hentry","category-actualidad"],"aioseo_notices":[],"aioseo_head":"\n\t\t<!-- All in One SEO Pro 5.0.1 - aioseo.com -->\n\t<meta name=\"description\" content=\"Se\u00fal, 15 may (dpa) - Corea del Norte amenaza con cancelar la cumbre prevista el 12 de junio entre el l\u00edder del pa\u00eds, Kim Jong-un, y el presidente estadounidense, Donald Trump, debido a ejercicios militares de Washington con Corea del Sur, report\u00f3 hoy por la noche la agencia de noticias surcoreana Yonhap. Asimismo, las conversaciones\" \/>\n\t<meta name=\"robots\" content=\"max-image-preview:large\" \/>\n\t<meta name=\"author\" content=\"El Digital de Asturias\"\/>\n\t<meta name=\"google-site-verification\" content=\"UA-38556648-1\" \/>\n\t<meta name=\"msvalidate.01\" content=\"7dfe9f3f1b24437ab69f4f2559babe99\" \/>\n\t<meta name=\"keywords\" content=\"actualidad\" \/>\n\t<link rel=\"canonical\" href=\"https:\/\/www.eldigitaldeasturias.com\/noticias\/corea-del-norte-amenaza-con-cancelar-la-cumbre-del-12-de-junio\/\" \/>\n\t<meta name=\"generator\" content=\"All in One SEO Pro (AIOSEO) 5.0.1\" \/>\n\t\t<meta property=\"og:locale\" content=\"es_ES\" \/>\n\t\t<meta property=\"og:site_name\" content=\"El Digital de Asturias\" \/>\n\t\t<meta property=\"og:type\" content=\"article\" \/>\n\t\t<meta property=\"og:title\" content=\"Corea del Norte amenaza con cancelar la cumbre del 12 de junio - El Digital de Asturias\" \/>\n\t\t<meta property=\"og:description\" content=\"Se\u00fal, 15 may (dpa) - Corea del Norte amenaza con cancelar la cumbre prevista el 12 de junio entre el l\u00edder del pa\u00eds, Kim Jong-un, y el presidente estadounidense, Donald Trump, debido a ejercicios militares de Washington con Corea del Sur, report\u00f3 hoy por la noche la agencia de noticias surcoreana Yonhap. Asimismo, las conversaciones\" \/>\n\t\t<meta property=\"og:url\" content=\"https:\/\/www.eldigitaldeasturias.com\/noticias\/corea-del-norte-amenaza-con-cancelar-la-cumbre-del-12-de-junio\/\" \/>\n\t\t<meta property=\"article:tag\" content=\"actualidad\" \/>\n\t\t<meta property=\"article:published_time\" content=\"2018-05-15T22:18:28+00:00\" \/>\n\t\t<meta property=\"article:modified_time\" content=\"2018-05-15T22:18:28+00:00\" \/>\n\t\t<meta property=\"article:publisher\" content=\"https:\/\/facebook.com\/eldigitaldeasturias\" \/>\n\t\t<meta name=\"twitter:card\" content=\"summary_large_image\" \/>\n\t\t<meta name=\"twitter:title\" content=\"Corea del Norte amenaza con cancelar la cumbre del 12 de junio - El Digital de Asturias\" \/>\n\t\t<meta name=\"twitter:description\" content=\"Se\u00fal, 15 may (dpa) - Corea del Norte amenaza con cancelar la cumbre prevista el 12 de junio entre el l\u00edder del pa\u00eds, Kim Jong-un, y el presidente estadounidense, Donald Trump, debido a ejercicios militares de Washington con Corea del Sur, report\u00f3 hoy por la noche la agencia de noticias surcoreana Yonhap. Asimismo, las conversaciones\" \/>\n\t\t<meta name=\"twitter:image\" content=\"https:\/\/www.eldigitaldeasturias.com\/noticias\/wp-content\/uploads\/2020\/12\/EDA-1.jpg\" \/>\n\t\t<meta name=\"twitter:label1\" content=\"Escrito por\" \/>\n\t\t<meta name=\"twitter:data1\" content=\"El Digital de Asturias\" \/>\n\t\t<meta name=\"twitter:label2\" content=\"Tiempo de lectura estimado\" \/>\n\t\t<meta name=\"twitter:data2\" content=\"3 minutos\" \/>\n\t\t<script type=\"application\/ld+json\" class=\"aioseo-schema\">\n\t\t\t{\"@context\":\"https:\\\/\\\/schema.org\",\"@graph\":[{\"@type\":\"BlogPosting\",\"@id\":\"https:\\\/\\\/www.eldigitaldeasturias.com\\\/noticias\\\/corea-del-norte-amenaza-con-cancelar-la-cumbre-del-12-de-junio\\\/#blogposting\",\"name\":\"Corea del Norte amenaza con cancelar la cumbre del 12 de junio - El Digital de Asturias\",\"headline\":\"Corea del Norte amenaza con cancelar la cumbre del 12 de junio\",\"author\":{\"@id\":\"https:\\\/\\\/www.eldigitaldeasturias.com\\\/noticias\\\/author\\\/admin\\\/#author\"},\"publisher\":{\"@id\":\"https:\\\/\\\/www.eldigitaldeasturias.com\\\/noticias\\\/#organization\"},\"image\":{\"@type\":\"ImageObject\",\"url\":976867},\"datePublished\":\"2018-05-15T22:18:28+02:00\",\"dateModified\":\"2018-05-15T22:18:28+02:00\",\"inLanguage\":\"es-ES\",\"mainEntityOfPage\":{\"@id\":\"https:\\\/\\\/www.eldigitaldeasturias.com\\\/noticias\\\/corea-del-norte-amenaza-con-cancelar-la-cumbre-del-12-de-junio\\\/#webpage\"},\"isPartOf\":{\"@id\":\"https:\\\/\\\/www.eldigitaldeasturias.com\\\/noticias\\\/corea-del-norte-amenaza-con-cancelar-la-cumbre-del-12-de-junio\\\/#webpage\"},\"articleSection\":\"Actualidad\"},{\"@type\":\"BreadcrumbList\",\"@id\":\"https:\\\/\\\/www.eldigitaldeasturias.com\\\/noticias\\\/corea-del-norte-amenaza-con-cancelar-la-cumbre-del-12-de-junio\\\/#breadcrumblist\",\"itemListElement\":[{\"@type\":\"ListItem\",\"@id\":\"https:\\\/\\\/www.eldigitaldeasturias.com\\\/noticias#listItem\",\"position\":1,\"name\":\"Home\",\"item\":\"https:\\\/\\\/www.eldigitaldeasturias.com\\\/noticias\",\"nextItem\":{\"@type\":\"ListItem\",\"@id\":\"https:\\\/\\\/www.eldigitaldeasturias.com\\\/noticias\\\/category\\\/actualidad\\\/#listItem\",\"name\":\"Actualidad\"}},{\"@type\":\"ListItem\",\"@id\":\"https:\\\/\\\/www.eldigitaldeasturias.com\\\/noticias\\\/category\\\/actualidad\\\/#listItem\",\"position\":2,\"name\":\"Actualidad\",\"item\":\"https:\\\/\\\/www.eldigitaldeasturias.com\\\/noticias\\\/category\\\/actualidad\\\/\",\"nextItem\":{\"@type\":\"ListItem\",\"@id\":\"https:\\\/\\\/www.eldigitaldeasturias.com\\\/noticias\\\/corea-del-norte-amenaza-con-cancelar-la-cumbre-del-12-de-junio\\\/#listItem\",\"name\":\"Corea del Norte amenaza con cancelar la cumbre del 12 de junio\"},\"previousItem\":{\"@type\":\"ListItem\",\"@id\":\"https:\\\/\\\/www.eldigitaldeasturias.com\\\/noticias#listItem\",\"name\":\"Home\"}},{\"@type\":\"ListItem\",\"@id\":\"https:\\\/\\\/www.eldigitaldeasturias.com\\\/noticias\\\/corea-del-norte-amenaza-con-cancelar-la-cumbre-del-12-de-junio\\\/#listItem\",\"position\":3,\"name\":\"Corea del Norte amenaza con cancelar la cumbre del 12 de junio\",\"previousItem\":{\"@type\":\"ListItem\",\"@id\":\"https:\\\/\\\/www.eldigitaldeasturias.com\\\/noticias\\\/category\\\/actualidad\\\/#listItem\",\"name\":\"Actualidad\"}}]},{\"@type\":\"Organization\",\"@id\":\"https:\\\/\\\/www.eldigitaldeasturias.com\\\/noticias\\\/#organization\",\"name\":\"El Digital de Asturias\",\"description\":\"Hemeroteca\",\"url\":\"https:\\\/\\\/www.eldigitaldeasturias.com\\\/noticias\\\/\",\"email\":\"info@eldigitaldeasturias.com\",\"telephone\":\"+34652131393\",\"logo\":{\"@type\":\"ImageObject\",\"url\":\"https:\\\/\\\/www.eldigitaldeasturias.com\\\/noticias\\\/wp-content\\\/uploads\\\/2020\\\/12\\\/EDA.jpg\",\"@id\":\"https:\\\/\\\/www.eldigitaldeasturias.com\\\/noticias\\\/corea-del-norte-amenaza-con-cancelar-la-cumbre-del-12-de-junio\\\/#organizationLogo\"},\"image\":{\"@id\":\"https:\\\/\\\/www.eldigitaldeasturias.com\\\/noticias\\\/corea-del-norte-amenaza-con-cancelar-la-cumbre-del-12-de-junio\\\/#organizationLogo\"},\"sameAs\":[\"https:\\\/\\\/facebook.com\\\/eldigitaldeasturias\",\"https:\\\/\\\/www.youtube.com\\\/channel\\\/UCZP-2wLEB9Rv6erhFmqVnvg\"],\"address\":{\"@id\":\"https:\\\/\\\/www.eldigitaldeasturias.com\\\/noticias\\\/#postaladdress\",\"@type\":\"PostalAddress\",\"streetAddress\":\"san antonio 4\",\"postalCode\":\"33430\",\"addressLocality\":\"Cand\\u00e1s\",\"addressRegion\":\"Asturias\",\"addressCountry\":\"ES\"}},{\"@type\":\"Person\",\"@id\":\"https:\\\/\\\/www.eldigitaldeasturias.com\\\/noticias\\\/author\\\/admin\\\/#author\",\"url\":\"https:\\\/\\\/www.eldigitaldeasturias.com\\\/noticias\\\/author\\\/admin\\\/\",\"name\":\"El Digital de Asturias\",\"image\":{\"@type\":\"ImageObject\",\"@id\":\"https:\\\/\\\/www.eldigitaldeasturias.com\\\/noticias\\\/corea-del-norte-amenaza-con-cancelar-la-cumbre-del-12-de-junio\\\/#authorImage\",\"url\":\"https:\\\/\\\/secure.gravatar.com\\\/avatar\\\/df2aeffc32bcd13f8d26072ef8a91b623d677766deac7f97ca815868cd41bf5e?s=96&d=mm&r=g\",\"width\":96,\"height\":96,\"caption\":\"El Digital de Asturias\"}},{\"@type\":\"WebPage\",\"@id\":\"https:\\\/\\\/www.eldigitaldeasturias.com\\\/noticias\\\/corea-del-norte-amenaza-con-cancelar-la-cumbre-del-12-de-junio\\\/#webpage\",\"url\":\"https:\\\/\\\/www.eldigitaldeasturias.com\\\/noticias\\\/corea-del-norte-amenaza-con-cancelar-la-cumbre-del-12-de-junio\\\/\",\"name\":\"Corea del Norte amenaza con cancelar la cumbre del 12 de junio - El Digital de Asturias\",\"description\":\"Se\\u00fal, 15 may (dpa) - Corea del Norte amenaza con cancelar la cumbre prevista el 12 de junio entre el l\\u00edder del pa\\u00eds, Kim Jong-un, y el presidente estadounidense, Donald Trump, debido a ejercicios militares de Washington con Corea del Sur, report\\u00f3 hoy por la noche la agencia de noticias surcoreana Yonhap. Asimismo, las conversaciones\",\"inLanguage\":\"es-ES\",\"isPartOf\":{\"@id\":\"https:\\\/\\\/www.eldigitaldeasturias.com\\\/noticias\\\/#website\"},\"breadcrumb\":{\"@id\":\"https:\\\/\\\/www.eldigitaldeasturias.com\\\/noticias\\\/corea-del-norte-amenaza-con-cancelar-la-cumbre-del-12-de-junio\\\/#breadcrumblist\"},\"author\":{\"@id\":\"https:\\\/\\\/www.eldigitaldeasturias.com\\\/noticias\\\/author\\\/admin\\\/#author\"},\"creator\":{\"@id\":\"https:\\\/\\\/www.eldigitaldeasturias.com\\\/noticias\\\/author\\\/admin\\\/#author\"},\"image\":{\"@type\":\"ImageObject\",\"url\":976867,\"@id\":\"https:\\\/\\\/www.eldigitaldeasturias.com\\\/noticias\\\/corea-del-norte-amenaza-con-cancelar-la-cumbre-del-12-de-junio\\\/#mainImage\"},\"primaryImageOfPage\":{\"@id\":\"https:\\\/\\\/www.eldigitaldeasturias.com\\\/noticias\\\/corea-del-norte-amenaza-con-cancelar-la-cumbre-del-12-de-junio\\\/#mainImage\"},\"datePublished\":\"2018-05-15T22:18:28+02:00\",\"dateModified\":\"2018-05-15T22:18:28+02:00\"},{\"@type\":\"WebSite\",\"@id\":\"https:\\\/\\\/www.eldigitaldeasturias.com\\\/noticias\\\/#website\",\"url\":\"https:\\\/\\\/www.eldigitaldeasturias.com\\\/noticias\\\/\",\"name\":\"El Digital de Asturias - Diario de actualidad y noticias\",\"alternateName\":\"El Digital de Asturias - Diario de actualidad y noticias\",\"description\":\"Hemeroteca\",\"inLanguage\":\"es-ES\",\"publisher\":{\"@id\":\"https:\\\/\\\/www.eldigitaldeasturias.com\\\/noticias\\\/#organization\"}}]}\n\t\t<\/script>\n\t\t<!-- All in One SEO Pro -->\r\n\t\t<title>Corea del Norte amenaza con cancelar la cumbre del 12 de junio - El Digital de Asturias<\/title>\n\n","aioseo_head_json":{"title":"Corea del Norte amenaza con cancelar la cumbre del 12 de junio - El Digital de Asturias","description":"Se\u00fal, 15 may (dpa) - Corea del Norte amenaza con cancelar la cumbre prevista el 12 de junio entre el l\u00edder del pa\u00eds, Kim Jong-un, y el presidente estadounidense, Donald Trump, debido a ejercicios militares de Washington con Corea del Sur, report\u00f3 hoy por la noche la agencia de noticias surcoreana Yonhap. Asimismo, las conversaciones","canonical_url":"https:\/\/www.eldigitaldeasturias.com\/noticias\/corea-del-norte-amenaza-con-cancelar-la-cumbre-del-12-de-junio\/","robots":"max-image-preview:large","keywords":"actualidad","webmasterTools":{"google-site-verification":"UA-38556648-1","msvalidate.01":"7dfe9f3f1b24437ab69f4f2559babe99","miscellaneous":""},"schema":{"@context":"https:\/\/schema.org","@graph":[{"@type":"BlogPosting","@id":"https:\/\/www.eldigitaldeasturias.com\/noticias\/corea-del-norte-amenaza-con-cancelar-la-cumbre-del-12-de-junio\/#blogposting","name":"Corea del Norte amenaza con cancelar la cumbre del 12 de junio - El Digital de Asturias","headline":"Corea del Norte amenaza con cancelar la cumbre del 12 de junio","author":{"@id":"https:\/\/www.eldigitaldeasturias.com\/noticias\/author\/admin\/#author"},"publisher":{"@id":"https:\/\/www.eldigitaldeasturias.com\/noticias\/#organization"},"image":{"@type":"ImageObject","url":976867},"datePublished":"2018-05-15T22:18:28+02:00","dateModified":"2018-05-15T22:18:28+02:00","inLanguage":"es-ES","mainEntityOfPage":{"@id":"https:\/\/www.eldigitaldeasturias.com\/noticias\/corea-del-norte-amenaza-con-cancelar-la-cumbre-del-12-de-junio\/#webpage"},"isPartOf":{"@id":"https:\/\/www.eldigitaldeasturias.com\/noticias\/corea-del-norte-amenaza-con-cancelar-la-cumbre-del-12-de-junio\/#webpage"},"articleSection":"Actualidad"},{"@type":"BreadcrumbList","@id":"https:\/\/www.eldigitaldeasturias.com\/noticias\/corea-del-norte-amenaza-con-cancelar-la-cumbre-del-12-de-junio\/#breadcrumblist","itemListElement":[{"@type":"ListItem","@id":"https:\/\/www.eldigitaldeasturias.com\/noticias#listItem","position":1,"name":"Home","item":"https:\/\/www.eldigitaldeasturias.com\/noticias","nextItem":{"@type":"ListItem","@id":"https:\/\/www.eldigitaldeasturias.com\/noticias\/category\/actualidad\/#listItem","name":"Actualidad"}},{"@type":"ListItem","@id":"https:\/\/www.eldigitaldeasturias.com\/noticias\/category\/actualidad\/#listItem","position":2,"name":"Actualidad","item":"https:\/\/www.eldigitaldeasturias.com\/noticias\/category\/actualidad\/","nextItem":{"@type":"ListItem","@id":"https:\/\/www.eldigitaldeasturias.com\/noticias\/corea-del-norte-amenaza-con-cancelar-la-cumbre-del-12-de-junio\/#listItem","name":"Corea del Norte amenaza con cancelar la cumbre del 12 de junio"},"previousItem":{"@type":"ListItem","@id":"https:\/\/www.eldigitaldeasturias.com\/noticias#listItem","name":"Home"}},{"@type":"ListItem","@id":"https:\/\/www.eldigitaldeasturias.com\/noticias\/corea-del-norte-amenaza-con-cancelar-la-cumbre-del-12-de-junio\/#listItem","position":3,"name":"Corea del Norte amenaza con cancelar la cumbre del 12 de junio","previousItem":{"@type":"ListItem","@id":"https:\/\/www.eldigitaldeasturias.com\/noticias\/category\/actualidad\/#listItem","name":"Actualidad"}}]},{"@type":"Organization","@id":"https:\/\/www.eldigitaldeasturias.com\/noticias\/#organization","name":"El Digital de Asturias","description":"Hemeroteca","url":"https:\/\/www.eldigitaldeasturias.com\/noticias\/","email":"info@eldigitaldeasturias.com","telephone":"+34652131393","logo":{"@type":"ImageObject","url":"https:\/\/www.eldigitaldeasturias.com\/noticias\/wp-content\/uploads\/2020\/12\/EDA.jpg","@id":"https:\/\/www.eldigitaldeasturias.com\/noticias\/corea-del-norte-amenaza-con-cancelar-la-cumbre-del-12-de-junio\/#organizationLogo"},"image":{"@id":"https:\/\/www.eldigitaldeasturias.com\/noticias\/corea-del-norte-amenaza-con-cancelar-la-cumbre-del-12-de-junio\/#organizationLogo"},"sameAs":["https:\/\/facebook.com\/eldigitaldeasturias","https:\/\/www.youtube.com\/channel\/UCZP-2wLEB9Rv6erhFmqVnvg"],"address":{"@id":"https:\/\/www.eldigitaldeasturias.com\/noticias\/#postaladdress","@type":"PostalAddress","streetAddress":"san antonio 4","postalCode":"33430","addressLocality":"Cand\u00e1s","addressRegion":"Asturias","addressCountry":"ES"}},{"@type":"Person","@id":"https:\/\/www.eldigitaldeasturias.com\/noticias\/author\/admin\/#author","url":"https:\/\/www.eldigitaldeasturias.com\/noticias\/author\/admin\/","name":"El Digital de Asturias","image":{"@type":"ImageObject","@id":"https:\/\/www.eldigitaldeasturias.com\/noticias\/corea-del-norte-amenaza-con-cancelar-la-cumbre-del-12-de-junio\/#authorImage","url":"https:\/\/secure.gravatar.com\/avatar\/df2aeffc32bcd13f8d26072ef8a91b623d677766deac7f97ca815868cd41bf5e?s=96&d=mm&r=g","width":96,"height":96,"caption":"El Digital de Asturias"}},{"@type":"WebPage","@id":"https:\/\/www.eldigitaldeasturias.com\/noticias\/corea-del-norte-amenaza-con-cancelar-la-cumbre-del-12-de-junio\/#webpage","url":"https:\/\/www.eldigitaldeasturias.com\/noticias\/corea-del-norte-amenaza-con-cancelar-la-cumbre-del-12-de-junio\/","name":"Corea del Norte amenaza con cancelar la cumbre del 12 de junio - El Digital de Asturias","description":"Se\u00fal, 15 may (dpa) - Corea del Norte amenaza con cancelar la cumbre prevista el 12 de junio entre el l\u00edder del pa\u00eds, Kim Jong-un, y el presidente estadounidense, Donald Trump, debido a ejercicios militares de Washington con Corea del Sur, report\u00f3 hoy por la noche la agencia de noticias surcoreana Yonhap. Asimismo, las conversaciones","inLanguage":"es-ES","isPartOf":{"@id":"https:\/\/www.eldigitaldeasturias.com\/noticias\/#website"},"breadcrumb":{"@id":"https:\/\/www.eldigitaldeasturias.com\/noticias\/corea-del-norte-amenaza-con-cancelar-la-cumbre-del-12-de-junio\/#breadcrumblist"},"author":{"@id":"https:\/\/www.eldigitaldeasturias.com\/noticias\/author\/admin\/#author"},"creator":{"@id":"https:\/\/www.eldigitaldeasturias.com\/noticias\/author\/admin\/#author"},"image":{"@type":"ImageObject","url":976867,"@id":"https:\/\/www.eldigitaldeasturias.com\/noticias\/corea-del-norte-amenaza-con-cancelar-la-cumbre-del-12-de-junio\/#mainImage"},"primaryImageOfPage":{"@id":"https:\/\/www.eldigitaldeasturias.com\/noticias\/corea-del-norte-amenaza-con-cancelar-la-cumbre-del-12-de-junio\/#mainImage"},"datePublished":"2018-05-15T22:18:28+02:00","dateModified":"2018-05-15T22:18:28+02:00"},{"@type":"WebSite","@id":"https:\/\/www.eldigitaldeasturias.com\/noticias\/#website","url":"https:\/\/www.eldigitaldeasturias.com\/noticias\/","name":"El Digital de Asturias - Diario de actualidad y noticias","alternateName":"El Digital de Asturias - Diario de actualidad y noticias","description":"Hemeroteca","inLanguage":"es-ES","publisher":{"@id":"https:\/\/www.eldigitaldeasturias.com\/noticias\/#organization"}}]},"og:locale":"es_ES","og:site_name":"El Digital de Asturias","og:type":"article","og:title":"Corea del Norte amenaza con cancelar la cumbre del 12 de junio - El Digital de Asturias","og:description":"Se\u00fal, 15 may (dpa) - Corea del Norte amenaza con cancelar la cumbre prevista el 12 de junio entre el l\u00edder del pa\u00eds, Kim Jong-un, y el presidente estadounidense, Donald Trump, debido a ejercicios militares de Washington con Corea del Sur, report\u00f3 hoy por la noche la agencia de noticias surcoreana Yonhap. Asimismo, las conversaciones","og:url":"https:\/\/www.eldigitaldeasturias.com\/noticias\/corea-del-norte-amenaza-con-cancelar-la-cumbre-del-12-de-junio\/","article:tag":["actualidad"],"article:published_time":"2018-05-15T22:18:28+00:00","article:modified_time":"2018-05-15T22:18:28+00:00","article:publisher":"https:\/\/facebook.com\/eldigitaldeasturias","twitter:card":"summary_large_image","twitter:title":"Corea del Norte amenaza con cancelar la cumbre del 12 de junio - El Digital de Asturias","twitter:description":"Se\u00fal, 15 may (dpa) - Corea del Norte amenaza con cancelar la cumbre prevista el 12 de junio entre el l\u00edder del pa\u00eds, Kim Jong-un, y el presidente estadounidense, Donald Trump, debido a ejercicios militares de Washington con Corea del Sur, report\u00f3 hoy por la noche la agencia de noticias surcoreana Yonhap. Asimismo, las conversaciones","twitter:image":"https:\/\/www.eldigitaldeasturias.com\/noticias\/wp-content\/uploads\/2020\/12\/EDA-1.jpg","twitter:label1":"Escrito por","twitter:data1":"El Digital de Asturias","twitter:label2":"Tiempo de lectura estimado","twitter:data2":"3 minutos"},"aioseo_meta_data":{"post_id":"980545","title":null,"description":null,"keywords":null,"keyphrases":null,"primary_term":null,"canonical_url":null,"og_title":null,"og_description":null,"og_object_type":"default","og_image_type":"default","og_image_url":null,"og_image_width":null,"og_image_height":null,"og_image_custom_url":null,"og_image_custom_fields":null,"og_video":null,"og_custom_url":null,"og_article_section":null,"og_article_tags":null,"twitter_use_og":false,"twitter_card":"default","twitter_image_type":"default","twitter_image_url":null,"twitter_image_custom_url":null,"twitter_image_custom_fields":null,"twitter_title":null,"twitter_description":null,"schema":{"blockGraphs":[],"customGraphs":[],"default":{"data":{"Article":[],"Course":[],"Dataset":[],"FAQPage":[],"Movie":[],"Person":[],"Product":[],"ProductReview":[],"Car":[],"Recipe":[],"Service":[],"SoftwareApplication":[],"WebPage":[]},"graphName":"","isEnabled":true},"graphs":[],"defaultGraph":"","defaultPostTypeGraph":""},"schema_type":null,"schema_type_options":null,"pillar_content":false,"robots_default":true,"robots_noindex":false,"robots_noarchive":false,"robots_nosnippet":false,"robots_nofollow":false,"robots_noimageindex":false,"robots_noodp":false,"robots_notranslate":false,"robots_max_snippet":null,"robots_max_videopreview":null,"robots_max_imagepreview":"large","priority":null,"frequency":null,"local_seo":null,"seo_analyzer_scan_date":"2025-10-08 18:17:05","breadcrumb_settings":null,"limit_modified_date":false,"open_ai":null,"ai":null,"created":"2020-12-21 11:56:38","updated":"2025-10-08 18:17:05","focus_keyword":null,"additional_keywords":null,"truseo_locale":null},"aioseo_breadcrumb":"<div class=\"aioseo-breadcrumbs\"><span class=\"aioseo-breadcrumb\">\n\t<a href=\"https:\/\/www.eldigitaldeasturias.com\/noticias\" title=\"Home\">Home<\/a>\n<\/span><span class=\"aioseo-breadcrumb-separator\">\u2013<\/span><span class=\"aioseo-breadcrumb\">\n\t<a href=\"https:\/\/www.eldigitaldeasturias.com\/noticias\/category\/actualidad\/\" title=\"Actualidad\">Actualidad<\/a>\n<\/span><span class=\"aioseo-breadcrumb-separator\">\u2013<\/span><span class=\"aioseo-breadcrumb\">\n\t<a href=\"https:\/\/www.eldigitaldeasturias.com\/noticias\/corea-del-norte-amenaza-con-cancelar-la-cumbre-del-12-de-junio\/\" title=\"Corea del Norte amenaza con cancelar la cumbre del 12 de junio\">Corea del Norte amenaza con cancelar la cumbre del 12 de junio<\/a>\n<\/span><\/div>","aioseo_breadcrumb_json":[{"label":"Home","link":"https:\/\/www.eldigitaldeasturias.com\/noticias"},{"label":"Actualidad","link":"https:\/\/www.eldigitaldeasturias.com\/noticias\/category\/actualidad\/"},{"label":"Corea del Norte amenaza con cancelar la cumbre del 12 de junio","link":"https:\/\/www.eldigitaldeasturias.com\/noticias\/corea-del-norte-amenaza-con-cancelar-la-cumbre-del-12-de-junio\/"}],"_links":{"self":[{"href":"https:\/\/www.eldigitaldeasturias.com\/noticias\/wp-json\/wp\/v2\/posts\/980545","targetHints":{"allow":["GET"]}}],"collection":[{"href":"https:\/\/www.eldigitaldeasturias.com\/noticias\/wp-json\/wp\/v2\/posts"}],"about":[{"href":"https:\/\/www.eldigitaldeasturias.com\/noticias\/wp-json\/wp\/v2\/types\/post"}],"author":[{"embeddable":true,"href":"https:\/\/www.eldigitaldeasturias.com\/noticias\/wp-json\/wp\/v2\/users\/1"}],"replies":[{"embeddable":true,"href":"https:\/\/www.eldigitaldeasturias.com\/noticias\/wp-json\/wp\/v2\/comments?post=980545"}],"version-history":[{"count":0,"href":"https:\/\/www.eldigitaldeasturias.com\/noticias\/wp-json\/wp\/v2\/posts\/980545\/revisions"}],"wp:attachment":[{"href":"https:\/\/www.eldigitaldeasturias.com\/noticias\/wp-json\/wp\/v2\/media?parent=980545"}],"wp:term":[{"taxonomy":"category","embeddable":true,"href":"https:\/\/www.eldigitaldeasturias.com\/noticias\/wp-json\/wp\/v2\/categories?post=980545"},{"taxonomy":"post_tag","embeddable":true,"href":"https:\/\/www.eldigitaldeasturias.com\/noticias\/wp-json\/wp\/v2\/tags?post=980545"}],"curies":[{"name":"wp","href":"https:\/\/api.w.org\/{rel}","templated":true}]}}