{"id":980539,"date":"2018-05-15T22:12:24","date_gmt":"2018-05-15T22:12:24","guid":{"rendered":"http:\/\/www.eldigitaldeasturias.com\/noticias\/?p=980539"},"modified":"2018-05-15T22:12:24","modified_gmt":"2018-05-15T22:12:24","slug":"al-sader-el-clerigo-chiita-que-moviliza-masas-y-hostiga-al-sistema","status":"publish","type":"post","link":"https:\/\/www.eldigitaldeasturias.com\/noticias\/al-sader-el-clerigo-chiita-que-moviliza-masas-y-hostiga-al-sistema\/","title":{"rendered":"Al Sader, el cl\u00e9rigo chiita que moviliza masas y hostiga al sistema"},"content":{"rendered":"<p><img loading=\"lazy\" decoding=\"async\" class=\"alignleft size-medium wp-image-980541\" src=\"https:\/\/www.eldigitaldeasturias.com\/noticias\/wp-content\/uploads\/2018\/05\/soldiers-766355_960_720-360x270.jpg\" alt=\"\" width=\"360\" height=\"270\" \/>Bagdad, 15 may (dpa) &#8211; Una de las principales virtudes del que muy probablemente ser\u00e1 el pr\u00f3ximo jefe de Gobierno de Irak es su gran capacidad para movilizar a las masas, como demostr\u00f3 en los \u00faltimos a\u00f1os.<\/p>\n<p>Miles de personas siguieron al cl\u00e9rigo chiita Muktada al Sader una y otra vez en sus llamamientos a protestar contra el sistema, la corrupci\u00f3n y exigir reformas pol\u00edticas en Irak.<\/p>\n<p>Hace dos a\u00f1os, sus seguidores incluso asaltaron el Parlamento en la estrictamente protegida y vigilada Zona Verde de Bagdad, donde se ubican edificios gubernamentales y embajadas extranjeras. Con todo ello, adquiri\u00f3 una importante influencia en la pol\u00edtica del pa\u00eds.<\/p>\n<p>Al Sader no es un desconocido: salt\u00f3 a la escena pol\u00edtica en 2003, tras el derrocamiento de Sadamn Husein en una invasi\u00f3n internacional liderada por Estados Unidos y se convirti\u00f3 junto con su Ej\u00e9rcito del Mahdi en un continuo hostigador de la presencia estadounidense en el pa\u00eds.<\/p>\n<p>Entonces, para ganar influencia utiliz\u00f3 tambi\u00e9n la red de su padre Mohammed Sadik al Sader, un cl\u00e9rigo opositor asesinado por el servicio secreto de Sadam en 1999. De \u00e9l hered\u00f3 una red de fundaciones de beneficencia con cuya ayuda se gan\u00f3 ante todo el aprecio de los chiitas m\u00e1s relegados econ\u00f3micamente.<\/p>\n<p>Sus seguidores proceden principalmente de barrios chiitas pobres, por ejemplo de Sader City, en el este de Bagdad, habitado por quienes no se beneficiaron en nada de la riqueza petrolera del pa\u00eds y bautizado as\u00ed en honor a su padre. Otra de sus bases de influencia es la ciudad santa chiita de Nayaf.<\/p>\n<p>Tras la retirada de las tropas estadounidenses, Al Sader sigui\u00f3 siendo una de las figuras m\u00e1s influyentes de la pol\u00edtica nacional.<\/p>\n<p>En los \u00faltimos a\u00f1os se convirti\u00f3 en uno de los principales cr\u00edticos del sistema pol\u00edtico iraqu\u00ed y encabeza un movimiento que sale regularmente a la calle para exigir reformas y el fin de la corrupci\u00f3n. Tambi\u00e9n se opone a una excesiva influencia pol\u00edtica del vecino Ir\u00e1n en el pa\u00eds, pese a su confesi\u00f3n chiita.<\/p>\n","protected":false},"excerpt":{"rendered":"<p>Bagdad, 15 may (dpa) &#8211; Una de las principales virtudes del que muy probablemente ser\u00e1 el pr\u00f3ximo jefe de Gobierno de Irak es su gran capacidad para movilizar a las masas, como demostr\u00f3 en los \u00faltimos a\u00f1os. Miles de personas siguieron al cl\u00e9rigo chiita Muktada al Sader una y otra vez en sus llamamientos a [&hellip;]<\/p>\n","protected":false},"author":1,"featured_media":980541,"comment_status":"closed","ping_status":"closed","sticky":false,"template":"","format":"standard","meta":{"footnotes":""},"categories":[1],"tags":[],"class_list":["post-980539","post","type-post","status-publish","format-standard","has-post-thumbnail","hentry","category-actualidad"],"aioseo_notices":[],"aioseo_head":"\n\t\t<!-- All in One SEO Pro 5.0.1 - aioseo.com -->\n\t<meta name=\"description\" content=\"Bagdad, 15 may (dpa) - Una de las principales virtudes del que muy probablemente ser\u00e1 el pr\u00f3ximo jefe de Gobierno de Irak es su gran capacidad para movilizar a las masas, como demostr\u00f3 en los \u00faltimos a\u00f1os. Miles de personas siguieron al cl\u00e9rigo chiita Muktada al Sader una y otra vez en sus llamamientos a\" \/>\n\t<meta name=\"robots\" content=\"max-image-preview:large\" \/>\n\t<meta name=\"author\" content=\"El Digital de Asturias\"\/>\n\t<meta name=\"google-site-verification\" content=\"UA-38556648-1\" \/>\n\t<meta name=\"msvalidate.01\" content=\"7dfe9f3f1b24437ab69f4f2559babe99\" \/>\n\t<meta name=\"keywords\" content=\"actualidad\" \/>\n\t<link rel=\"canonical\" href=\"https:\/\/www.eldigitaldeasturias.com\/noticias\/al-sader-el-clerigo-chiita-que-moviliza-masas-y-hostiga-al-sistema\/\" \/>\n\t<meta name=\"generator\" content=\"All in One SEO Pro (AIOSEO) 5.0.1\" \/>\n\t\t<meta property=\"og:locale\" content=\"es_ES\" \/>\n\t\t<meta property=\"og:site_name\" content=\"El Digital de Asturias\" \/>\n\t\t<meta property=\"og:type\" content=\"article\" \/>\n\t\t<meta property=\"og:title\" content=\"Al Sader, el cl\u00e9rigo chiita que moviliza masas y hostiga al sistema - El Digital de Asturias\" \/>\n\t\t<meta property=\"og:description\" content=\"Bagdad, 15 may (dpa) - Una de las principales virtudes del que muy probablemente ser\u00e1 el pr\u00f3ximo jefe de Gobierno de Irak es su gran capacidad para movilizar a las masas, como demostr\u00f3 en los \u00faltimos a\u00f1os. Miles de personas siguieron al cl\u00e9rigo chiita Muktada al Sader una y otra vez en sus llamamientos a\" \/>\n\t\t<meta property=\"og:url\" content=\"https:\/\/www.eldigitaldeasturias.com\/noticias\/al-sader-el-clerigo-chiita-que-moviliza-masas-y-hostiga-al-sistema\/\" \/>\n\t\t<meta property=\"article:tag\" content=\"actualidad\" \/>\n\t\t<meta property=\"article:published_time\" content=\"2018-05-15T22:12:24+00:00\" \/>\n\t\t<meta property=\"article:modified_time\" content=\"2018-05-15T22:12:24+00:00\" \/>\n\t\t<meta property=\"article:publisher\" content=\"https:\/\/facebook.com\/eldigitaldeasturias\" \/>\n\t\t<meta name=\"twitter:card\" content=\"summary_large_image\" \/>\n\t\t<meta name=\"twitter:title\" content=\"Al Sader, el cl\u00e9rigo chiita que moviliza masas y hostiga al sistema - El Digital de Asturias\" \/>\n\t\t<meta name=\"twitter:description\" content=\"Bagdad, 15 may (dpa) - Una de las principales virtudes del que muy probablemente ser\u00e1 el pr\u00f3ximo jefe de Gobierno de Irak es su gran capacidad para movilizar a las masas, como demostr\u00f3 en los \u00faltimos a\u00f1os. Miles de personas siguieron al cl\u00e9rigo chiita Muktada al Sader una y otra vez en sus llamamientos a\" \/>\n\t\t<meta name=\"twitter:image\" content=\"https:\/\/www.eldigitaldeasturias.com\/noticias\/wp-content\/uploads\/2020\/12\/EDA-1.jpg\" \/>\n\t\t<meta name=\"twitter:label1\" content=\"Escrito por\" \/>\n\t\t<meta name=\"twitter:data1\" content=\"El Digital de Asturias\" \/>\n\t\t<meta name=\"twitter:label2\" content=\"Tiempo de lectura estimado\" \/>\n\t\t<meta name=\"twitter:data2\" content=\"2 minutos\" \/>\n\t\t<script type=\"application\/ld+json\" class=\"aioseo-schema\">\n\t\t\t{\"@context\":\"https:\\\/\\\/schema.org\",\"@graph\":[{\"@type\":\"BlogPosting\",\"@id\":\"https:\\\/\\\/www.eldigitaldeasturias.com\\\/noticias\\\/al-sader-el-clerigo-chiita-que-moviliza-masas-y-hostiga-al-sistema\\\/#blogposting\",\"name\":\"Al Sader, el cl\\u00e9rigo chiita que moviliza masas y hostiga al sistema - El Digital de Asturias\",\"headline\":\"Al Sader, el cl\\u00e9rigo chiita que moviliza masas y hostiga al sistema\",\"author\":{\"@id\":\"https:\\\/\\\/www.eldigitaldeasturias.com\\\/noticias\\\/author\\\/admin\\\/#author\"},\"publisher\":{\"@id\":\"https:\\\/\\\/www.eldigitaldeasturias.com\\\/noticias\\\/#organization\"},\"image\":{\"@type\":\"ImageObject\",\"url\":980541},\"datePublished\":\"2018-05-15T22:12:24+02:00\",\"dateModified\":\"2018-05-15T22:12:24+02:00\",\"inLanguage\":\"es-ES\",\"mainEntityOfPage\":{\"@id\":\"https:\\\/\\\/www.eldigitaldeasturias.com\\\/noticias\\\/al-sader-el-clerigo-chiita-que-moviliza-masas-y-hostiga-al-sistema\\\/#webpage\"},\"isPartOf\":{\"@id\":\"https:\\\/\\\/www.eldigitaldeasturias.com\\\/noticias\\\/al-sader-el-clerigo-chiita-que-moviliza-masas-y-hostiga-al-sistema\\\/#webpage\"},\"articleSection\":\"Actualidad\"},{\"@type\":\"BreadcrumbList\",\"@id\":\"https:\\\/\\\/www.eldigitaldeasturias.com\\\/noticias\\\/al-sader-el-clerigo-chiita-que-moviliza-masas-y-hostiga-al-sistema\\\/#breadcrumblist\",\"itemListElement\":[{\"@type\":\"ListItem\",\"@id\":\"https:\\\/\\\/www.eldigitaldeasturias.com\\\/noticias#listItem\",\"position\":1,\"name\":\"Home\",\"item\":\"https:\\\/\\\/www.eldigitaldeasturias.com\\\/noticias\",\"nextItem\":{\"@type\":\"ListItem\",\"@id\":\"https:\\\/\\\/www.eldigitaldeasturias.com\\\/noticias\\\/category\\\/actualidad\\\/#listItem\",\"name\":\"Actualidad\"}},{\"@type\":\"ListItem\",\"@id\":\"https:\\\/\\\/www.eldigitaldeasturias.com\\\/noticias\\\/category\\\/actualidad\\\/#listItem\",\"position\":2,\"name\":\"Actualidad\",\"item\":\"https:\\\/\\\/www.eldigitaldeasturias.com\\\/noticias\\\/category\\\/actualidad\\\/\",\"nextItem\":{\"@type\":\"ListItem\",\"@id\":\"https:\\\/\\\/www.eldigitaldeasturias.com\\\/noticias\\\/al-sader-el-clerigo-chiita-que-moviliza-masas-y-hostiga-al-sistema\\\/#listItem\",\"name\":\"Al Sader, el cl\\u00e9rigo chiita que moviliza masas y hostiga al sistema\"},\"previousItem\":{\"@type\":\"ListItem\",\"@id\":\"https:\\\/\\\/www.eldigitaldeasturias.com\\\/noticias#listItem\",\"name\":\"Home\"}},{\"@type\":\"ListItem\",\"@id\":\"https:\\\/\\\/www.eldigitaldeasturias.com\\\/noticias\\\/al-sader-el-clerigo-chiita-que-moviliza-masas-y-hostiga-al-sistema\\\/#listItem\",\"position\":3,\"name\":\"Al Sader, el cl\\u00e9rigo chiita que moviliza masas y hostiga al sistema\",\"previousItem\":{\"@type\":\"ListItem\",\"@id\":\"https:\\\/\\\/www.eldigitaldeasturias.com\\\/noticias\\\/category\\\/actualidad\\\/#listItem\",\"name\":\"Actualidad\"}}]},{\"@type\":\"Organization\",\"@id\":\"https:\\\/\\\/www.eldigitaldeasturias.com\\\/noticias\\\/#organization\",\"name\":\"El Digital de Asturias\",\"description\":\"Hemeroteca\",\"url\":\"https:\\\/\\\/www.eldigitaldeasturias.com\\\/noticias\\\/\",\"email\":\"info@eldigitaldeasturias.com\",\"telephone\":\"+34652131393\",\"logo\":{\"@type\":\"ImageObject\",\"url\":\"https:\\\/\\\/www.eldigitaldeasturias.com\\\/noticias\\\/wp-content\\\/uploads\\\/2020\\\/12\\\/EDA.jpg\",\"@id\":\"https:\\\/\\\/www.eldigitaldeasturias.com\\\/noticias\\\/al-sader-el-clerigo-chiita-que-moviliza-masas-y-hostiga-al-sistema\\\/#organizationLogo\"},\"image\":{\"@id\":\"https:\\\/\\\/www.eldigitaldeasturias.com\\\/noticias\\\/al-sader-el-clerigo-chiita-que-moviliza-masas-y-hostiga-al-sistema\\\/#organizationLogo\"},\"sameAs\":[\"https:\\\/\\\/facebook.com\\\/eldigitaldeasturias\",\"https:\\\/\\\/www.youtube.com\\\/channel\\\/UCZP-2wLEB9Rv6erhFmqVnvg\"],\"address\":{\"@id\":\"https:\\\/\\\/www.eldigitaldeasturias.com\\\/noticias\\\/#postaladdress\",\"@type\":\"PostalAddress\",\"streetAddress\":\"san antonio 4\",\"postalCode\":\"33430\",\"addressLocality\":\"Cand\\u00e1s\",\"addressRegion\":\"Asturias\",\"addressCountry\":\"ES\"}},{\"@type\":\"Person\",\"@id\":\"https:\\\/\\\/www.eldigitaldeasturias.com\\\/noticias\\\/author\\\/admin\\\/#author\",\"url\":\"https:\\\/\\\/www.eldigitaldeasturias.com\\\/noticias\\\/author\\\/admin\\\/\",\"name\":\"El Digital de Asturias\",\"image\":{\"@type\":\"ImageObject\",\"@id\":\"https:\\\/\\\/www.eldigitaldeasturias.com\\\/noticias\\\/al-sader-el-clerigo-chiita-que-moviliza-masas-y-hostiga-al-sistema\\\/#authorImage\",\"url\":\"https:\\\/\\\/secure.gravatar.com\\\/avatar\\\/df2aeffc32bcd13f8d26072ef8a91b623d677766deac7f97ca815868cd41bf5e?s=96&d=mm&r=g\",\"width\":96,\"height\":96,\"caption\":\"El Digital de Asturias\"}},{\"@type\":\"WebPage\",\"@id\":\"https:\\\/\\\/www.eldigitaldeasturias.com\\\/noticias\\\/al-sader-el-clerigo-chiita-que-moviliza-masas-y-hostiga-al-sistema\\\/#webpage\",\"url\":\"https:\\\/\\\/www.eldigitaldeasturias.com\\\/noticias\\\/al-sader-el-clerigo-chiita-que-moviliza-masas-y-hostiga-al-sistema\\\/\",\"name\":\"Al Sader, el cl\\u00e9rigo chiita que moviliza masas y hostiga al sistema - El Digital de Asturias\",\"description\":\"Bagdad, 15 may (dpa) - Una de las principales virtudes del que muy probablemente ser\\u00e1 el pr\\u00f3ximo jefe de Gobierno de Irak es su gran capacidad para movilizar a las masas, como demostr\\u00f3 en los \\u00faltimos a\\u00f1os. Miles de personas siguieron al cl\\u00e9rigo chiita Muktada al Sader una y otra vez en sus llamamientos a\",\"inLanguage\":\"es-ES\",\"isPartOf\":{\"@id\":\"https:\\\/\\\/www.eldigitaldeasturias.com\\\/noticias\\\/#website\"},\"breadcrumb\":{\"@id\":\"https:\\\/\\\/www.eldigitaldeasturias.com\\\/noticias\\\/al-sader-el-clerigo-chiita-que-moviliza-masas-y-hostiga-al-sistema\\\/#breadcrumblist\"},\"author\":{\"@id\":\"https:\\\/\\\/www.eldigitaldeasturias.com\\\/noticias\\\/author\\\/admin\\\/#author\"},\"creator\":{\"@id\":\"https:\\\/\\\/www.eldigitaldeasturias.com\\\/noticias\\\/author\\\/admin\\\/#author\"},\"image\":{\"@type\":\"ImageObject\",\"url\":980541,\"@id\":\"https:\\\/\\\/www.eldigitaldeasturias.com\\\/noticias\\\/al-sader-el-clerigo-chiita-que-moviliza-masas-y-hostiga-al-sistema\\\/#mainImage\"},\"primaryImageOfPage\":{\"@id\":\"https:\\\/\\\/www.eldigitaldeasturias.com\\\/noticias\\\/al-sader-el-clerigo-chiita-que-moviliza-masas-y-hostiga-al-sistema\\\/#mainImage\"},\"datePublished\":\"2018-05-15T22:12:24+02:00\",\"dateModified\":\"2018-05-15T22:12:24+02:00\"},{\"@type\":\"WebSite\",\"@id\":\"https:\\\/\\\/www.eldigitaldeasturias.com\\\/noticias\\\/#website\",\"url\":\"https:\\\/\\\/www.eldigitaldeasturias.com\\\/noticias\\\/\",\"name\":\"El Digital de Asturias - Diario de actualidad y noticias\",\"alternateName\":\"El Digital de Asturias - Diario de actualidad y noticias\",\"description\":\"Hemeroteca\",\"inLanguage\":\"es-ES\",\"publisher\":{\"@id\":\"https:\\\/\\\/www.eldigitaldeasturias.com\\\/noticias\\\/#organization\"}}]}\n\t\t<\/script>\n\t\t<!-- All in One SEO Pro -->\r\n\t\t<title>Al Sader, el cl\u00e9rigo chiita que moviliza masas y hostiga al sistema - El Digital de Asturias<\/title>\n\n","aioseo_head_json":{"title":"Al Sader, el cl\u00e9rigo chiita que moviliza masas y hostiga al sistema - El Digital de Asturias","description":"Bagdad, 15 may (dpa) - Una de las principales virtudes del que muy probablemente ser\u00e1 el pr\u00f3ximo jefe de Gobierno de Irak es su gran capacidad para movilizar a las masas, como demostr\u00f3 en los \u00faltimos a\u00f1os. Miles de personas siguieron al cl\u00e9rigo chiita Muktada al Sader una y otra vez en sus llamamientos a","canonical_url":"https:\/\/www.eldigitaldeasturias.com\/noticias\/al-sader-el-clerigo-chiita-que-moviliza-masas-y-hostiga-al-sistema\/","robots":"max-image-preview:large","keywords":"actualidad","webmasterTools":{"google-site-verification":"UA-38556648-1","msvalidate.01":"7dfe9f3f1b24437ab69f4f2559babe99","miscellaneous":""},"schema":{"@context":"https:\/\/schema.org","@graph":[{"@type":"BlogPosting","@id":"https:\/\/www.eldigitaldeasturias.com\/noticias\/al-sader-el-clerigo-chiita-que-moviliza-masas-y-hostiga-al-sistema\/#blogposting","name":"Al Sader, el cl\u00e9rigo chiita que moviliza masas y hostiga al sistema - El Digital de Asturias","headline":"Al Sader, el cl\u00e9rigo chiita que moviliza masas y hostiga al sistema","author":{"@id":"https:\/\/www.eldigitaldeasturias.com\/noticias\/author\/admin\/#author"},"publisher":{"@id":"https:\/\/www.eldigitaldeasturias.com\/noticias\/#organization"},"image":{"@type":"ImageObject","url":980541},"datePublished":"2018-05-15T22:12:24+02:00","dateModified":"2018-05-15T22:12:24+02:00","inLanguage":"es-ES","mainEntityOfPage":{"@id":"https:\/\/www.eldigitaldeasturias.com\/noticias\/al-sader-el-clerigo-chiita-que-moviliza-masas-y-hostiga-al-sistema\/#webpage"},"isPartOf":{"@id":"https:\/\/www.eldigitaldeasturias.com\/noticias\/al-sader-el-clerigo-chiita-que-moviliza-masas-y-hostiga-al-sistema\/#webpage"},"articleSection":"Actualidad"},{"@type":"BreadcrumbList","@id":"https:\/\/www.eldigitaldeasturias.com\/noticias\/al-sader-el-clerigo-chiita-que-moviliza-masas-y-hostiga-al-sistema\/#breadcrumblist","itemListElement":[{"@type":"ListItem","@id":"https:\/\/www.eldigitaldeasturias.com\/noticias#listItem","position":1,"name":"Home","item":"https:\/\/www.eldigitaldeasturias.com\/noticias","nextItem":{"@type":"ListItem","@id":"https:\/\/www.eldigitaldeasturias.com\/noticias\/category\/actualidad\/#listItem","name":"Actualidad"}},{"@type":"ListItem","@id":"https:\/\/www.eldigitaldeasturias.com\/noticias\/category\/actualidad\/#listItem","position":2,"name":"Actualidad","item":"https:\/\/www.eldigitaldeasturias.com\/noticias\/category\/actualidad\/","nextItem":{"@type":"ListItem","@id":"https:\/\/www.eldigitaldeasturias.com\/noticias\/al-sader-el-clerigo-chiita-que-moviliza-masas-y-hostiga-al-sistema\/#listItem","name":"Al Sader, el cl\u00e9rigo chiita que moviliza masas y hostiga al sistema"},"previousItem":{"@type":"ListItem","@id":"https:\/\/www.eldigitaldeasturias.com\/noticias#listItem","name":"Home"}},{"@type":"ListItem","@id":"https:\/\/www.eldigitaldeasturias.com\/noticias\/al-sader-el-clerigo-chiita-que-moviliza-masas-y-hostiga-al-sistema\/#listItem","position":3,"name":"Al Sader, el cl\u00e9rigo chiita que moviliza masas y hostiga al sistema","previousItem":{"@type":"ListItem","@id":"https:\/\/www.eldigitaldeasturias.com\/noticias\/category\/actualidad\/#listItem","name":"Actualidad"}}]},{"@type":"Organization","@id":"https:\/\/www.eldigitaldeasturias.com\/noticias\/#organization","name":"El Digital de Asturias","description":"Hemeroteca","url":"https:\/\/www.eldigitaldeasturias.com\/noticias\/","email":"info@eldigitaldeasturias.com","telephone":"+34652131393","logo":{"@type":"ImageObject","url":"https:\/\/www.eldigitaldeasturias.com\/noticias\/wp-content\/uploads\/2020\/12\/EDA.jpg","@id":"https:\/\/www.eldigitaldeasturias.com\/noticias\/al-sader-el-clerigo-chiita-que-moviliza-masas-y-hostiga-al-sistema\/#organizationLogo"},"image":{"@id":"https:\/\/www.eldigitaldeasturias.com\/noticias\/al-sader-el-clerigo-chiita-que-moviliza-masas-y-hostiga-al-sistema\/#organizationLogo"},"sameAs":["https:\/\/facebook.com\/eldigitaldeasturias","https:\/\/www.youtube.com\/channel\/UCZP-2wLEB9Rv6erhFmqVnvg"],"address":{"@id":"https:\/\/www.eldigitaldeasturias.com\/noticias\/#postaladdress","@type":"PostalAddress","streetAddress":"san antonio 4","postalCode":"33430","addressLocality":"Cand\u00e1s","addressRegion":"Asturias","addressCountry":"ES"}},{"@type":"Person","@id":"https:\/\/www.eldigitaldeasturias.com\/noticias\/author\/admin\/#author","url":"https:\/\/www.eldigitaldeasturias.com\/noticias\/author\/admin\/","name":"El Digital de Asturias","image":{"@type":"ImageObject","@id":"https:\/\/www.eldigitaldeasturias.com\/noticias\/al-sader-el-clerigo-chiita-que-moviliza-masas-y-hostiga-al-sistema\/#authorImage","url":"https:\/\/secure.gravatar.com\/avatar\/df2aeffc32bcd13f8d26072ef8a91b623d677766deac7f97ca815868cd41bf5e?s=96&d=mm&r=g","width":96,"height":96,"caption":"El Digital de Asturias"}},{"@type":"WebPage","@id":"https:\/\/www.eldigitaldeasturias.com\/noticias\/al-sader-el-clerigo-chiita-que-moviliza-masas-y-hostiga-al-sistema\/#webpage","url":"https:\/\/www.eldigitaldeasturias.com\/noticias\/al-sader-el-clerigo-chiita-que-moviliza-masas-y-hostiga-al-sistema\/","name":"Al Sader, el cl\u00e9rigo chiita que moviliza masas y hostiga al sistema - El Digital de Asturias","description":"Bagdad, 15 may (dpa) - Una de las principales virtudes del que muy probablemente ser\u00e1 el pr\u00f3ximo jefe de Gobierno de Irak es su gran capacidad para movilizar a las masas, como demostr\u00f3 en los \u00faltimos a\u00f1os. Miles de personas siguieron al cl\u00e9rigo chiita Muktada al Sader una y otra vez en sus llamamientos a","inLanguage":"es-ES","isPartOf":{"@id":"https:\/\/www.eldigitaldeasturias.com\/noticias\/#website"},"breadcrumb":{"@id":"https:\/\/www.eldigitaldeasturias.com\/noticias\/al-sader-el-clerigo-chiita-que-moviliza-masas-y-hostiga-al-sistema\/#breadcrumblist"},"author":{"@id":"https:\/\/www.eldigitaldeasturias.com\/noticias\/author\/admin\/#author"},"creator":{"@id":"https:\/\/www.eldigitaldeasturias.com\/noticias\/author\/admin\/#author"},"image":{"@type":"ImageObject","url":980541,"@id":"https:\/\/www.eldigitaldeasturias.com\/noticias\/al-sader-el-clerigo-chiita-que-moviliza-masas-y-hostiga-al-sistema\/#mainImage"},"primaryImageOfPage":{"@id":"https:\/\/www.eldigitaldeasturias.com\/noticias\/al-sader-el-clerigo-chiita-que-moviliza-masas-y-hostiga-al-sistema\/#mainImage"},"datePublished":"2018-05-15T22:12:24+02:00","dateModified":"2018-05-15T22:12:24+02:00"},{"@type":"WebSite","@id":"https:\/\/www.eldigitaldeasturias.com\/noticias\/#website","url":"https:\/\/www.eldigitaldeasturias.com\/noticias\/","name":"El Digital de Asturias - Diario de actualidad y noticias","alternateName":"El Digital de Asturias - Diario de actualidad y noticias","description":"Hemeroteca","inLanguage":"es-ES","publisher":{"@id":"https:\/\/www.eldigitaldeasturias.com\/noticias\/#organization"}}]},"og:locale":"es_ES","og:site_name":"El Digital de Asturias","og:type":"article","og:title":"Al Sader, el cl\u00e9rigo chiita que moviliza masas y hostiga al sistema - El Digital de Asturias","og:description":"Bagdad, 15 may (dpa) - Una de las principales virtudes del que muy probablemente ser\u00e1 el pr\u00f3ximo jefe de Gobierno de Irak es su gran capacidad para movilizar a las masas, como demostr\u00f3 en los \u00faltimos a\u00f1os. Miles de personas siguieron al cl\u00e9rigo chiita Muktada al Sader una y otra vez en sus llamamientos a","og:url":"https:\/\/www.eldigitaldeasturias.com\/noticias\/al-sader-el-clerigo-chiita-que-moviliza-masas-y-hostiga-al-sistema\/","article:tag":["actualidad"],"article:published_time":"2018-05-15T22:12:24+00:00","article:modified_time":"2018-05-15T22:12:24+00:00","article:publisher":"https:\/\/facebook.com\/eldigitaldeasturias","twitter:card":"summary_large_image","twitter:title":"Al Sader, el cl\u00e9rigo chiita que moviliza masas y hostiga al sistema - El Digital de Asturias","twitter:description":"Bagdad, 15 may (dpa) - Una de las principales virtudes del que muy probablemente ser\u00e1 el pr\u00f3ximo jefe de Gobierno de Irak es su gran capacidad para movilizar a las masas, como demostr\u00f3 en los \u00faltimos a\u00f1os. Miles de personas siguieron al cl\u00e9rigo chiita Muktada al Sader una y otra vez en sus llamamientos a","twitter:image":"https:\/\/www.eldigitaldeasturias.com\/noticias\/wp-content\/uploads\/2020\/12\/EDA-1.jpg","twitter:label1":"Escrito por","twitter:data1":"El Digital de Asturias","twitter:label2":"Tiempo de lectura estimado","twitter:data2":"2 minutos"},"aioseo_meta_data":{"post_id":"980539","title":null,"description":null,"keywords":null,"keyphrases":null,"primary_term":null,"canonical_url":null,"og_title":null,"og_description":null,"og_object_type":"default","og_image_type":"default","og_image_url":null,"og_image_width":null,"og_image_height":null,"og_image_custom_url":null,"og_image_custom_fields":null,"og_video":null,"og_custom_url":null,"og_article_section":null,"og_article_tags":null,"twitter_use_og":false,"twitter_card":"default","twitter_image_type":"default","twitter_image_url":null,"twitter_image_custom_url":null,"twitter_image_custom_fields":null,"twitter_title":null,"twitter_description":null,"schema":{"blockGraphs":[],"customGraphs":[],"default":{"data":{"Article":[],"Course":[],"Dataset":[],"FAQPage":[],"Movie":[],"Person":[],"Product":[],"ProductReview":[],"Car":[],"Recipe":[],"Service":[],"SoftwareApplication":[],"WebPage":[]},"graphName":"","isEnabled":true},"graphs":[],"defaultGraph":"","defaultPostTypeGraph":""},"schema_type":null,"schema_type_options":null,"pillar_content":false,"robots_default":true,"robots_noindex":false,"robots_noarchive":false,"robots_nosnippet":false,"robots_nofollow":false,"robots_noimageindex":false,"robots_noodp":false,"robots_notranslate":false,"robots_max_snippet":null,"robots_max_videopreview":null,"robots_max_imagepreview":"large","priority":null,"frequency":null,"local_seo":null,"seo_analyzer_scan_date":"2025-10-08 18:17:04","breadcrumb_settings":null,"limit_modified_date":false,"open_ai":null,"ai":null,"created":"2020-12-21 11:56:38","updated":"2025-10-08 18:17:04","focus_keyword":null,"additional_keywords":null,"truseo_locale":null},"aioseo_breadcrumb":"<div class=\"aioseo-breadcrumbs\"><span class=\"aioseo-breadcrumb\">\n\t<a href=\"https:\/\/www.eldigitaldeasturias.com\/noticias\" title=\"Home\">Home<\/a>\n<\/span><span class=\"aioseo-breadcrumb-separator\">\u2013<\/span><span class=\"aioseo-breadcrumb\">\n\t<a href=\"https:\/\/www.eldigitaldeasturias.com\/noticias\/category\/actualidad\/\" title=\"Actualidad\">Actualidad<\/a>\n<\/span><span class=\"aioseo-breadcrumb-separator\">\u2013<\/span><span class=\"aioseo-breadcrumb\">\n\t<a href=\"https:\/\/www.eldigitaldeasturias.com\/noticias\/al-sader-el-clerigo-chiita-que-moviliza-masas-y-hostiga-al-sistema\/\" title=\"Al Sader, el cl\u00e9rigo chiita que moviliza masas y hostiga al sistema\">Al Sader, el cl\u00e9rigo chiita que moviliza masas y hostiga al sistema<\/a>\n<\/span><\/div>","aioseo_breadcrumb_json":[{"label":"Home","link":"https:\/\/www.eldigitaldeasturias.com\/noticias"},{"label":"Actualidad","link":"https:\/\/www.eldigitaldeasturias.com\/noticias\/category\/actualidad\/"},{"label":"Al Sader, el cl\u00e9rigo chiita que moviliza masas y hostiga al sistema","link":"https:\/\/www.eldigitaldeasturias.com\/noticias\/al-sader-el-clerigo-chiita-que-moviliza-masas-y-hostiga-al-sistema\/"}],"_links":{"self":[{"href":"https:\/\/www.eldigitaldeasturias.com\/noticias\/wp-json\/wp\/v2\/posts\/980539","targetHints":{"allow":["GET"]}}],"collection":[{"href":"https:\/\/www.eldigitaldeasturias.com\/noticias\/wp-json\/wp\/v2\/posts"}],"about":[{"href":"https:\/\/www.eldigitaldeasturias.com\/noticias\/wp-json\/wp\/v2\/types\/post"}],"author":[{"embeddable":true,"href":"https:\/\/www.eldigitaldeasturias.com\/noticias\/wp-json\/wp\/v2\/users\/1"}],"replies":[{"embeddable":true,"href":"https:\/\/www.eldigitaldeasturias.com\/noticias\/wp-json\/wp\/v2\/comments?post=980539"}],"version-history":[{"count":0,"href":"https:\/\/www.eldigitaldeasturias.com\/noticias\/wp-json\/wp\/v2\/posts\/980539\/revisions"}],"wp:attachment":[{"href":"https:\/\/www.eldigitaldeasturias.com\/noticias\/wp-json\/wp\/v2\/media?parent=980539"}],"wp:term":[{"taxonomy":"category","embeddable":true,"href":"https:\/\/www.eldigitaldeasturias.com\/noticias\/wp-json\/wp\/v2\/categories?post=980539"},{"taxonomy":"post_tag","embeddable":true,"href":"https:\/\/www.eldigitaldeasturias.com\/noticias\/wp-json\/wp\/v2\/tags?post=980539"}],"curies":[{"name":"wp","href":"https:\/\/api.w.org\/{rel}","templated":true}]}}