{"id":980537,"date":"2018-05-15T22:09:44","date_gmt":"2018-05-15T22:09:44","guid":{"rendered":"http:\/\/www.eldigitaldeasturias.com\/noticias\/?p=980537"},"modified":"2018-05-15T22:09:44","modified_gmt":"2018-05-15T22:09:44","slug":"por-que-tambien-guatemala-traslada-su-embajada-a-jerusalen","status":"publish","type":"post","link":"https:\/\/www.eldigitaldeasturias.com\/noticias\/por-que-tambien-guatemala-traslada-su-embajada-a-jerusalen\/","title":{"rendered":"\u00bfPor qu\u00e9 tambi\u00e9n Guatemala traslada su embajada a Jerusal\u00e9n?"},"content":{"rendered":"<p><img loading=\"lazy\" decoding=\"async\" class=\"alignleft size-medium wp-image-979882\" src=\"https:\/\/www.eldigitaldeasturias.com\/noticias\/wp-content\/uploads\/2018\/05\/barbed-wire-1876148_960_720-360x218.jpg\" alt=\"\" width=\"360\" height=\"218\" \/>Ciudad de Guatemala, 15 may (dpa) &#8211; El presidente de Guatemala, Jimmy Morales, cumplir\u00e1 este mi\u00e9rcoles con el anuncio de seguir los pasos del Gobierno de Washington y trasladar la embajada de su pa\u00eds en Israel de Tel Aviv a Jerusal\u00e9n, una decisi\u00f3n pol\u00e9mica que defiende como \u00abcoherente\u00bb con la pol\u00edtica exterior del pa\u00eds centroamericano.<\/p>\n<p>Entre las razones esgrimidas por Morales est\u00e1n el apoyo a dos pa\u00edses aliados como lo son Israel y Estados Unidos. \u00c9stas son algunas claves de la decisi\u00f3n, criticada por los palestinos, vista con preocupaci\u00f3n por los productores de cardamomo, pero aplaudida por Israel y la comunidad jud\u00eda en Guatemala:<\/p>\n<p>La hist\u00f3rica amistad con Israel: \u00c9sta surgi\u00f3 hace 70 a\u00f1os, cuando Guatemala fue el segundo pa\u00eds en reconocer el Estado israel\u00ed, el 14 de mayo de 1948, minutos despu\u00e9s de que lo hicieran los Estados Unidos. La naci\u00f3n centroamericana ya hab\u00eda jugado un papel destacado en la creaci\u00f3n misma de Israel, desde el 13 de mayo de 1947, cuando el embajador de Guatemala, Jorge Garc\u00eda-Granados, se integr\u00f3 como uno de los 11 miembros a la \u00abComisi\u00f3n Especial para el Problema de Palestina\u00bb (UNSCOP), que lleg\u00f3 a presidir.<\/p>\n<p>\u00abEl voto de Guatemala le da existencia al Estado de Israel en el seno de la ONU. Resulta el voto decisivo para el porcentaje que se necesitaba en la ONU. Desde ese momento, ha habido una relaci\u00f3n, sobre todo de colaboraci\u00f3n t\u00e9cnica. Israel ha podido ayudarnos y trasladarnos mucha de su experiencia en tecnolog\u00eda en cuidado del agua, tecnolog\u00eda agr\u00edcola en condiciones adversas y en otro tipo de colaboraciones\u00bb, explica el ex canciller y ex vicepresidente guatemalteco Eduardo Stein.<\/p>\n<p>Los a\u00f1os de la dictadura: La alianza y amistad con Israel cobr\u00f3 relieve durante los m\u00e1s brutales reg\u00edmenes militares de Guatemala, a finales de los a\u00f1os 70 y principios de los 80. Fueron los m\u00e1s cruentos del conflicto armado interno que, de acuerdo con datos de la ONU, dej\u00f3 m\u00e1s de 245.000 v\u00edctimas, en su mayor\u00eda poblaci\u00f3n rural no combatiente, durante sus 36 a\u00f1os de duraci\u00f3n (1960-1996).<\/p>\n<p>El ex canciller guatemalteco y actual director del Instituto de Problemas Nacionales (IPN) de la Universidad de San Carlos, Edgar Guti\u00e9rrez, explica que la intervenci\u00f3n directa israel\u00ed en una \u00abtriangulaci\u00f3n de asistencia\u00bb militar represent\u00f3 una salida al aislamiento de Guatemala, sobre todo despu\u00e9s que Estados Unidos decidiera suspender al pa\u00eds la ayuda militar por las continuas condenas internacionales al r\u00e9gimen.<\/p>\n<p>No es la primera vez: Guatemala ya decidi\u00f3 en una ocasi\u00f3n trasladar su embajada a Jerusal\u00e9n. En 1994, el entonces presidente Ramiro De Le\u00f3n lo orden\u00f3, pero tuvo que retractarse frente al riesgo y las protestas internas.<\/p>\n<p>Las promesas de Israel: Adem\u00e1s de los saludos y reconocimientos a Morales, Israel se comprometi\u00f3 a ampliar los programas de cooperaci\u00f3n. Existe una amplia agenda de temas importantes para Guatemala, como sistemas de riego, educaci\u00f3n y seguridad, entre otros. En enero, Guatemala fue declarado como pa\u00eds prioridad para la cooperaci\u00f3n israel\u00ed y en marzo recibi\u00f3 la visita del director general adjunto del Ministerio de Asuntos Exteriores del Estado de Israel y jefe de la Agencia de Cooperaci\u00f3n Internacional para el Desarrollo (MASHAV), Gil Haskel.<\/p>\n<p>Temor a un boicot \u00e1rabe del cardamomo de Guatemala: El pa\u00eds centroamericano es el principal productor de esta valiosa especia en el mundo, y los pa\u00edses \u00e1rabes son uno de sus mercados m\u00e1s importantes. Los agricultores guatemaltecos temen que los 40.000 peque\u00f1os productores del pa\u00eds pueden resultar perjudicados si los pa\u00edses \u00e1rabes respondiesen al traslado de la embajada a Jerusal\u00e9n con un boicot del cardamomo guatemalteco.<\/p>\n<p>Seg\u00fan el Banco central de Guatemala, las exportaciones de cardamomo se duplicaron en los pasados diez a\u00f1os y alcanzaron la cifra sin precedentes de 366,6 millones de d\u00f3lares en 2017, apenas superadas por el caf\u00e9 y el banano.<\/p>\n<p>Por Patricia Castillo (dpa)<\/p>\n","protected":false},"excerpt":{"rendered":"<p>Ciudad de Guatemala, 15 may (dpa) &#8211; El presidente de Guatemala, Jimmy Morales, cumplir\u00e1 este mi\u00e9rcoles con el anuncio de seguir los pasos del Gobierno de Washington y trasladar la embajada de su pa\u00eds en Israel de Tel Aviv a Jerusal\u00e9n, una decisi\u00f3n pol\u00e9mica que defiende como \u00abcoherente\u00bb con la pol\u00edtica exterior del pa\u00eds centroamericano. [&hellip;]<\/p>\n","protected":false},"author":1,"featured_media":979882,"comment_status":"closed","ping_status":"closed","sticky":false,"template":"","format":"standard","meta":{"footnotes":""},"categories":[1],"tags":[],"class_list":["post-980537","post","type-post","status-publish","format-standard","has-post-thumbnail","hentry","category-actualidad"],"aioseo_notices":[],"aioseo_head":"\n\t\t<!-- All in One SEO Pro 5.0.1 - aioseo.com -->\n\t<meta name=\"description\" content=\"Ciudad de Guatemala, 15 may (dpa) - El presidente de Guatemala, Jimmy Morales, cumplir\u00e1 este mi\u00e9rcoles con el anuncio de seguir los pasos del Gobierno de Washington y trasladar la embajada de su pa\u00eds en Israel de Tel Aviv a Jerusal\u00e9n, una decisi\u00f3n pol\u00e9mica que defiende como &quot;coherente&quot; con la pol\u00edtica exterior del pa\u00eds centroamericano.\" \/>\n\t<meta name=\"robots\" content=\"max-image-preview:large\" \/>\n\t<meta name=\"author\" content=\"El Digital de Asturias\"\/>\n\t<meta name=\"google-site-verification\" content=\"UA-38556648-1\" \/>\n\t<meta name=\"msvalidate.01\" content=\"7dfe9f3f1b24437ab69f4f2559babe99\" \/>\n\t<meta name=\"keywords\" content=\"actualidad\" \/>\n\t<link rel=\"canonical\" href=\"https:\/\/www.eldigitaldeasturias.com\/noticias\/por-que-tambien-guatemala-traslada-su-embajada-a-jerusalen\/\" \/>\n\t<meta name=\"generator\" content=\"All in One SEO Pro (AIOSEO) 5.0.1\" \/>\n\t\t<meta property=\"og:locale\" content=\"es_ES\" \/>\n\t\t<meta property=\"og:site_name\" content=\"El Digital de Asturias\" \/>\n\t\t<meta property=\"og:type\" content=\"article\" \/>\n\t\t<meta property=\"og:title\" content=\"\u00bfPor qu\u00e9 tambi\u00e9n Guatemala traslada su embajada a Jerusal\u00e9n? - El Digital de Asturias\" \/>\n\t\t<meta property=\"og:description\" content=\"Ciudad de Guatemala, 15 may (dpa) - El presidente de Guatemala, Jimmy Morales, cumplir\u00e1 este mi\u00e9rcoles con el anuncio de seguir los pasos del Gobierno de Washington y trasladar la embajada de su pa\u00eds en Israel de Tel Aviv a Jerusal\u00e9n, una decisi\u00f3n pol\u00e9mica que defiende como &quot;coherente&quot; con la pol\u00edtica exterior del pa\u00eds centroamericano.\" \/>\n\t\t<meta property=\"og:url\" content=\"https:\/\/www.eldigitaldeasturias.com\/noticias\/por-que-tambien-guatemala-traslada-su-embajada-a-jerusalen\/\" \/>\n\t\t<meta property=\"article:tag\" content=\"actualidad\" \/>\n\t\t<meta property=\"article:published_time\" content=\"2018-05-15T22:09:44+00:00\" \/>\n\t\t<meta property=\"article:modified_time\" content=\"2018-05-15T22:09:44+00:00\" \/>\n\t\t<meta property=\"article:publisher\" content=\"https:\/\/facebook.com\/eldigitaldeasturias\" \/>\n\t\t<meta name=\"twitter:card\" content=\"summary_large_image\" \/>\n\t\t<meta name=\"twitter:title\" content=\"\u00bfPor qu\u00e9 tambi\u00e9n Guatemala traslada su embajada a Jerusal\u00e9n? - El Digital de Asturias\" \/>\n\t\t<meta name=\"twitter:description\" content=\"Ciudad de Guatemala, 15 may (dpa) - El presidente de Guatemala, Jimmy Morales, cumplir\u00e1 este mi\u00e9rcoles con el anuncio de seguir los pasos del Gobierno de Washington y trasladar la embajada de su pa\u00eds en Israel de Tel Aviv a Jerusal\u00e9n, una decisi\u00f3n pol\u00e9mica que defiende como &quot;coherente&quot; con la pol\u00edtica exterior del pa\u00eds centroamericano.\" \/>\n\t\t<meta name=\"twitter:image\" content=\"https:\/\/www.eldigitaldeasturias.com\/noticias\/wp-content\/uploads\/2020\/12\/EDA-1.jpg\" \/>\n\t\t<meta name=\"twitter:label1\" content=\"Escrito por\" \/>\n\t\t<meta name=\"twitter:data1\" content=\"El Digital de Asturias\" \/>\n\t\t<meta name=\"twitter:label2\" content=\"Tiempo de lectura estimado\" \/>\n\t\t<meta name=\"twitter:data2\" content=\"3 minutos\" \/>\n\t\t<script type=\"application\/ld+json\" class=\"aioseo-schema\">\n\t\t\t{\"@context\":\"https:\\\/\\\/schema.org\",\"@graph\":[{\"@type\":\"BlogPosting\",\"@id\":\"https:\\\/\\\/www.eldigitaldeasturias.com\\\/noticias\\\/por-que-tambien-guatemala-traslada-su-embajada-a-jerusalen\\\/#blogposting\",\"name\":\"\\u00bfPor qu\\u00e9 tambi\\u00e9n Guatemala traslada su embajada a Jerusal\\u00e9n? - El Digital de Asturias\",\"headline\":\"\\u00bfPor qu\\u00e9 tambi\\u00e9n Guatemala traslada su embajada a Jerusal\\u00e9n?\",\"author\":{\"@id\":\"https:\\\/\\\/www.eldigitaldeasturias.com\\\/noticias\\\/author\\\/admin\\\/#author\"},\"publisher\":{\"@id\":\"https:\\\/\\\/www.eldigitaldeasturias.com\\\/noticias\\\/#organization\"},\"image\":{\"@type\":\"ImageObject\",\"url\":979882},\"datePublished\":\"2018-05-15T22:09:44+02:00\",\"dateModified\":\"2018-05-15T22:09:44+02:00\",\"inLanguage\":\"es-ES\",\"mainEntityOfPage\":{\"@id\":\"https:\\\/\\\/www.eldigitaldeasturias.com\\\/noticias\\\/por-que-tambien-guatemala-traslada-su-embajada-a-jerusalen\\\/#webpage\"},\"isPartOf\":{\"@id\":\"https:\\\/\\\/www.eldigitaldeasturias.com\\\/noticias\\\/por-que-tambien-guatemala-traslada-su-embajada-a-jerusalen\\\/#webpage\"},\"articleSection\":\"Actualidad\"},{\"@type\":\"BreadcrumbList\",\"@id\":\"https:\\\/\\\/www.eldigitaldeasturias.com\\\/noticias\\\/por-que-tambien-guatemala-traslada-su-embajada-a-jerusalen\\\/#breadcrumblist\",\"itemListElement\":[{\"@type\":\"ListItem\",\"@id\":\"https:\\\/\\\/www.eldigitaldeasturias.com\\\/noticias#listItem\",\"position\":1,\"name\":\"Home\",\"item\":\"https:\\\/\\\/www.eldigitaldeasturias.com\\\/noticias\",\"nextItem\":{\"@type\":\"ListItem\",\"@id\":\"https:\\\/\\\/www.eldigitaldeasturias.com\\\/noticias\\\/category\\\/actualidad\\\/#listItem\",\"name\":\"Actualidad\"}},{\"@type\":\"ListItem\",\"@id\":\"https:\\\/\\\/www.eldigitaldeasturias.com\\\/noticias\\\/category\\\/actualidad\\\/#listItem\",\"position\":2,\"name\":\"Actualidad\",\"item\":\"https:\\\/\\\/www.eldigitaldeasturias.com\\\/noticias\\\/category\\\/actualidad\\\/\",\"nextItem\":{\"@type\":\"ListItem\",\"@id\":\"https:\\\/\\\/www.eldigitaldeasturias.com\\\/noticias\\\/por-que-tambien-guatemala-traslada-su-embajada-a-jerusalen\\\/#listItem\",\"name\":\"\\u00bfPor qu\\u00e9 tambi\\u00e9n Guatemala traslada su embajada a Jerusal\\u00e9n?\"},\"previousItem\":{\"@type\":\"ListItem\",\"@id\":\"https:\\\/\\\/www.eldigitaldeasturias.com\\\/noticias#listItem\",\"name\":\"Home\"}},{\"@type\":\"ListItem\",\"@id\":\"https:\\\/\\\/www.eldigitaldeasturias.com\\\/noticias\\\/por-que-tambien-guatemala-traslada-su-embajada-a-jerusalen\\\/#listItem\",\"position\":3,\"name\":\"\\u00bfPor qu\\u00e9 tambi\\u00e9n Guatemala traslada su embajada a Jerusal\\u00e9n?\",\"previousItem\":{\"@type\":\"ListItem\",\"@id\":\"https:\\\/\\\/www.eldigitaldeasturias.com\\\/noticias\\\/category\\\/actualidad\\\/#listItem\",\"name\":\"Actualidad\"}}]},{\"@type\":\"Organization\",\"@id\":\"https:\\\/\\\/www.eldigitaldeasturias.com\\\/noticias\\\/#organization\",\"name\":\"El Digital de Asturias\",\"description\":\"Hemeroteca\",\"url\":\"https:\\\/\\\/www.eldigitaldeasturias.com\\\/noticias\\\/\",\"email\":\"info@eldigitaldeasturias.com\",\"telephone\":\"+34652131393\",\"logo\":{\"@type\":\"ImageObject\",\"url\":\"https:\\\/\\\/www.eldigitaldeasturias.com\\\/noticias\\\/wp-content\\\/uploads\\\/2020\\\/12\\\/EDA.jpg\",\"@id\":\"https:\\\/\\\/www.eldigitaldeasturias.com\\\/noticias\\\/por-que-tambien-guatemala-traslada-su-embajada-a-jerusalen\\\/#organizationLogo\"},\"image\":{\"@id\":\"https:\\\/\\\/www.eldigitaldeasturias.com\\\/noticias\\\/por-que-tambien-guatemala-traslada-su-embajada-a-jerusalen\\\/#organizationLogo\"},\"sameAs\":[\"https:\\\/\\\/facebook.com\\\/eldigitaldeasturias\",\"https:\\\/\\\/www.youtube.com\\\/channel\\\/UCZP-2wLEB9Rv6erhFmqVnvg\"],\"address\":{\"@id\":\"https:\\\/\\\/www.eldigitaldeasturias.com\\\/noticias\\\/#postaladdress\",\"@type\":\"PostalAddress\",\"streetAddress\":\"san antonio 4\",\"postalCode\":\"33430\",\"addressLocality\":\"Cand\\u00e1s\",\"addressRegion\":\"Asturias\",\"addressCountry\":\"ES\"}},{\"@type\":\"Person\",\"@id\":\"https:\\\/\\\/www.eldigitaldeasturias.com\\\/noticias\\\/author\\\/admin\\\/#author\",\"url\":\"https:\\\/\\\/www.eldigitaldeasturias.com\\\/noticias\\\/author\\\/admin\\\/\",\"name\":\"El Digital de Asturias\",\"image\":{\"@type\":\"ImageObject\",\"@id\":\"https:\\\/\\\/www.eldigitaldeasturias.com\\\/noticias\\\/por-que-tambien-guatemala-traslada-su-embajada-a-jerusalen\\\/#authorImage\",\"url\":\"https:\\\/\\\/secure.gravatar.com\\\/avatar\\\/df2aeffc32bcd13f8d26072ef8a91b623d677766deac7f97ca815868cd41bf5e?s=96&d=mm&r=g\",\"width\":96,\"height\":96,\"caption\":\"El Digital de Asturias\"}},{\"@type\":\"WebPage\",\"@id\":\"https:\\\/\\\/www.eldigitaldeasturias.com\\\/noticias\\\/por-que-tambien-guatemala-traslada-su-embajada-a-jerusalen\\\/#webpage\",\"url\":\"https:\\\/\\\/www.eldigitaldeasturias.com\\\/noticias\\\/por-que-tambien-guatemala-traslada-su-embajada-a-jerusalen\\\/\",\"name\":\"\\u00bfPor qu\\u00e9 tambi\\u00e9n Guatemala traslada su embajada a Jerusal\\u00e9n? - El Digital de Asturias\",\"description\":\"Ciudad de Guatemala, 15 may (dpa) - El presidente de Guatemala, Jimmy Morales, cumplir\\u00e1 este mi\\u00e9rcoles con el anuncio de seguir los pasos del Gobierno de Washington y trasladar la embajada de su pa\\u00eds en Israel de Tel Aviv a Jerusal\\u00e9n, una decisi\\u00f3n pol\\u00e9mica que defiende como \\\"coherente\\\" con la pol\\u00edtica exterior del pa\\u00eds centroamericano.\",\"inLanguage\":\"es-ES\",\"isPartOf\":{\"@id\":\"https:\\\/\\\/www.eldigitaldeasturias.com\\\/noticias\\\/#website\"},\"breadcrumb\":{\"@id\":\"https:\\\/\\\/www.eldigitaldeasturias.com\\\/noticias\\\/por-que-tambien-guatemala-traslada-su-embajada-a-jerusalen\\\/#breadcrumblist\"},\"author\":{\"@id\":\"https:\\\/\\\/www.eldigitaldeasturias.com\\\/noticias\\\/author\\\/admin\\\/#author\"},\"creator\":{\"@id\":\"https:\\\/\\\/www.eldigitaldeasturias.com\\\/noticias\\\/author\\\/admin\\\/#author\"},\"image\":{\"@type\":\"ImageObject\",\"url\":979882,\"@id\":\"https:\\\/\\\/www.eldigitaldeasturias.com\\\/noticias\\\/por-que-tambien-guatemala-traslada-su-embajada-a-jerusalen\\\/#mainImage\"},\"primaryImageOfPage\":{\"@id\":\"https:\\\/\\\/www.eldigitaldeasturias.com\\\/noticias\\\/por-que-tambien-guatemala-traslada-su-embajada-a-jerusalen\\\/#mainImage\"},\"datePublished\":\"2018-05-15T22:09:44+02:00\",\"dateModified\":\"2018-05-15T22:09:44+02:00\"},{\"@type\":\"WebSite\",\"@id\":\"https:\\\/\\\/www.eldigitaldeasturias.com\\\/noticias\\\/#website\",\"url\":\"https:\\\/\\\/www.eldigitaldeasturias.com\\\/noticias\\\/\",\"name\":\"El Digital de Asturias - Diario de actualidad y noticias\",\"alternateName\":\"El Digital de Asturias - Diario de actualidad y noticias\",\"description\":\"Hemeroteca\",\"inLanguage\":\"es-ES\",\"publisher\":{\"@id\":\"https:\\\/\\\/www.eldigitaldeasturias.com\\\/noticias\\\/#organization\"}}]}\n\t\t<\/script>\n\t\t<!-- All in One SEO Pro -->\r\n\t\t<title>\u00bfPor qu\u00e9 tambi\u00e9n Guatemala traslada su embajada a Jerusal\u00e9n? - El Digital de Asturias<\/title>\n\n","aioseo_head_json":{"title":"\u00bfPor qu\u00e9 tambi\u00e9n Guatemala traslada su embajada a Jerusal\u00e9n? - El Digital de Asturias","description":"Ciudad de Guatemala, 15 may (dpa) - El presidente de Guatemala, Jimmy Morales, cumplir\u00e1 este mi\u00e9rcoles con el anuncio de seguir los pasos del Gobierno de Washington y trasladar la embajada de su pa\u00eds en Israel de Tel Aviv a Jerusal\u00e9n, una decisi\u00f3n pol\u00e9mica que defiende como \"coherente\" con la pol\u00edtica exterior del pa\u00eds centroamericano.","canonical_url":"https:\/\/www.eldigitaldeasturias.com\/noticias\/por-que-tambien-guatemala-traslada-su-embajada-a-jerusalen\/","robots":"max-image-preview:large","keywords":"actualidad","webmasterTools":{"google-site-verification":"UA-38556648-1","msvalidate.01":"7dfe9f3f1b24437ab69f4f2559babe99","miscellaneous":""},"schema":{"@context":"https:\/\/schema.org","@graph":[{"@type":"BlogPosting","@id":"https:\/\/www.eldigitaldeasturias.com\/noticias\/por-que-tambien-guatemala-traslada-su-embajada-a-jerusalen\/#blogposting","name":"\u00bfPor qu\u00e9 tambi\u00e9n Guatemala traslada su embajada a Jerusal\u00e9n? - El Digital de Asturias","headline":"\u00bfPor qu\u00e9 tambi\u00e9n Guatemala traslada su embajada a Jerusal\u00e9n?","author":{"@id":"https:\/\/www.eldigitaldeasturias.com\/noticias\/author\/admin\/#author"},"publisher":{"@id":"https:\/\/www.eldigitaldeasturias.com\/noticias\/#organization"},"image":{"@type":"ImageObject","url":979882},"datePublished":"2018-05-15T22:09:44+02:00","dateModified":"2018-05-15T22:09:44+02:00","inLanguage":"es-ES","mainEntityOfPage":{"@id":"https:\/\/www.eldigitaldeasturias.com\/noticias\/por-que-tambien-guatemala-traslada-su-embajada-a-jerusalen\/#webpage"},"isPartOf":{"@id":"https:\/\/www.eldigitaldeasturias.com\/noticias\/por-que-tambien-guatemala-traslada-su-embajada-a-jerusalen\/#webpage"},"articleSection":"Actualidad"},{"@type":"BreadcrumbList","@id":"https:\/\/www.eldigitaldeasturias.com\/noticias\/por-que-tambien-guatemala-traslada-su-embajada-a-jerusalen\/#breadcrumblist","itemListElement":[{"@type":"ListItem","@id":"https:\/\/www.eldigitaldeasturias.com\/noticias#listItem","position":1,"name":"Home","item":"https:\/\/www.eldigitaldeasturias.com\/noticias","nextItem":{"@type":"ListItem","@id":"https:\/\/www.eldigitaldeasturias.com\/noticias\/category\/actualidad\/#listItem","name":"Actualidad"}},{"@type":"ListItem","@id":"https:\/\/www.eldigitaldeasturias.com\/noticias\/category\/actualidad\/#listItem","position":2,"name":"Actualidad","item":"https:\/\/www.eldigitaldeasturias.com\/noticias\/category\/actualidad\/","nextItem":{"@type":"ListItem","@id":"https:\/\/www.eldigitaldeasturias.com\/noticias\/por-que-tambien-guatemala-traslada-su-embajada-a-jerusalen\/#listItem","name":"\u00bfPor qu\u00e9 tambi\u00e9n Guatemala traslada su embajada a Jerusal\u00e9n?"},"previousItem":{"@type":"ListItem","@id":"https:\/\/www.eldigitaldeasturias.com\/noticias#listItem","name":"Home"}},{"@type":"ListItem","@id":"https:\/\/www.eldigitaldeasturias.com\/noticias\/por-que-tambien-guatemala-traslada-su-embajada-a-jerusalen\/#listItem","position":3,"name":"\u00bfPor qu\u00e9 tambi\u00e9n Guatemala traslada su embajada a Jerusal\u00e9n?","previousItem":{"@type":"ListItem","@id":"https:\/\/www.eldigitaldeasturias.com\/noticias\/category\/actualidad\/#listItem","name":"Actualidad"}}]},{"@type":"Organization","@id":"https:\/\/www.eldigitaldeasturias.com\/noticias\/#organization","name":"El Digital de Asturias","description":"Hemeroteca","url":"https:\/\/www.eldigitaldeasturias.com\/noticias\/","email":"info@eldigitaldeasturias.com","telephone":"+34652131393","logo":{"@type":"ImageObject","url":"https:\/\/www.eldigitaldeasturias.com\/noticias\/wp-content\/uploads\/2020\/12\/EDA.jpg","@id":"https:\/\/www.eldigitaldeasturias.com\/noticias\/por-que-tambien-guatemala-traslada-su-embajada-a-jerusalen\/#organizationLogo"},"image":{"@id":"https:\/\/www.eldigitaldeasturias.com\/noticias\/por-que-tambien-guatemala-traslada-su-embajada-a-jerusalen\/#organizationLogo"},"sameAs":["https:\/\/facebook.com\/eldigitaldeasturias","https:\/\/www.youtube.com\/channel\/UCZP-2wLEB9Rv6erhFmqVnvg"],"address":{"@id":"https:\/\/www.eldigitaldeasturias.com\/noticias\/#postaladdress","@type":"PostalAddress","streetAddress":"san antonio 4","postalCode":"33430","addressLocality":"Cand\u00e1s","addressRegion":"Asturias","addressCountry":"ES"}},{"@type":"Person","@id":"https:\/\/www.eldigitaldeasturias.com\/noticias\/author\/admin\/#author","url":"https:\/\/www.eldigitaldeasturias.com\/noticias\/author\/admin\/","name":"El Digital de Asturias","image":{"@type":"ImageObject","@id":"https:\/\/www.eldigitaldeasturias.com\/noticias\/por-que-tambien-guatemala-traslada-su-embajada-a-jerusalen\/#authorImage","url":"https:\/\/secure.gravatar.com\/avatar\/df2aeffc32bcd13f8d26072ef8a91b623d677766deac7f97ca815868cd41bf5e?s=96&d=mm&r=g","width":96,"height":96,"caption":"El Digital de Asturias"}},{"@type":"WebPage","@id":"https:\/\/www.eldigitaldeasturias.com\/noticias\/por-que-tambien-guatemala-traslada-su-embajada-a-jerusalen\/#webpage","url":"https:\/\/www.eldigitaldeasturias.com\/noticias\/por-que-tambien-guatemala-traslada-su-embajada-a-jerusalen\/","name":"\u00bfPor qu\u00e9 tambi\u00e9n Guatemala traslada su embajada a Jerusal\u00e9n? - El Digital de Asturias","description":"Ciudad de Guatemala, 15 may (dpa) - El presidente de Guatemala, Jimmy Morales, cumplir\u00e1 este mi\u00e9rcoles con el anuncio de seguir los pasos del Gobierno de Washington y trasladar la embajada de su pa\u00eds en Israel de Tel Aviv a Jerusal\u00e9n, una decisi\u00f3n pol\u00e9mica que defiende como \"coherente\" con la pol\u00edtica exterior del pa\u00eds centroamericano.","inLanguage":"es-ES","isPartOf":{"@id":"https:\/\/www.eldigitaldeasturias.com\/noticias\/#website"},"breadcrumb":{"@id":"https:\/\/www.eldigitaldeasturias.com\/noticias\/por-que-tambien-guatemala-traslada-su-embajada-a-jerusalen\/#breadcrumblist"},"author":{"@id":"https:\/\/www.eldigitaldeasturias.com\/noticias\/author\/admin\/#author"},"creator":{"@id":"https:\/\/www.eldigitaldeasturias.com\/noticias\/author\/admin\/#author"},"image":{"@type":"ImageObject","url":979882,"@id":"https:\/\/www.eldigitaldeasturias.com\/noticias\/por-que-tambien-guatemala-traslada-su-embajada-a-jerusalen\/#mainImage"},"primaryImageOfPage":{"@id":"https:\/\/www.eldigitaldeasturias.com\/noticias\/por-que-tambien-guatemala-traslada-su-embajada-a-jerusalen\/#mainImage"},"datePublished":"2018-05-15T22:09:44+02:00","dateModified":"2018-05-15T22:09:44+02:00"},{"@type":"WebSite","@id":"https:\/\/www.eldigitaldeasturias.com\/noticias\/#website","url":"https:\/\/www.eldigitaldeasturias.com\/noticias\/","name":"El Digital de Asturias - Diario de actualidad y noticias","alternateName":"El Digital de Asturias - Diario de actualidad y noticias","description":"Hemeroteca","inLanguage":"es-ES","publisher":{"@id":"https:\/\/www.eldigitaldeasturias.com\/noticias\/#organization"}}]},"og:locale":"es_ES","og:site_name":"El Digital de Asturias","og:type":"article","og:title":"\u00bfPor qu\u00e9 tambi\u00e9n Guatemala traslada su embajada a Jerusal\u00e9n? - El Digital de Asturias","og:description":"Ciudad de Guatemala, 15 may (dpa) - El presidente de Guatemala, Jimmy Morales, cumplir\u00e1 este mi\u00e9rcoles con el anuncio de seguir los pasos del Gobierno de Washington y trasladar la embajada de su pa\u00eds en Israel de Tel Aviv a Jerusal\u00e9n, una decisi\u00f3n pol\u00e9mica que defiende como &quot;coherente&quot; con la pol\u00edtica exterior del pa\u00eds centroamericano.","og:url":"https:\/\/www.eldigitaldeasturias.com\/noticias\/por-que-tambien-guatemala-traslada-su-embajada-a-jerusalen\/","article:tag":["actualidad"],"article:published_time":"2018-05-15T22:09:44+00:00","article:modified_time":"2018-05-15T22:09:44+00:00","article:publisher":"https:\/\/facebook.com\/eldigitaldeasturias","twitter:card":"summary_large_image","twitter:title":"\u00bfPor qu\u00e9 tambi\u00e9n Guatemala traslada su embajada a Jerusal\u00e9n? - El Digital de Asturias","twitter:description":"Ciudad de Guatemala, 15 may (dpa) - El presidente de Guatemala, Jimmy Morales, cumplir\u00e1 este mi\u00e9rcoles con el anuncio de seguir los pasos del Gobierno de Washington y trasladar la embajada de su pa\u00eds en Israel de Tel Aviv a Jerusal\u00e9n, una decisi\u00f3n pol\u00e9mica que defiende como &quot;coherente&quot; con la pol\u00edtica exterior del pa\u00eds centroamericano.","twitter:image":"https:\/\/www.eldigitaldeasturias.com\/noticias\/wp-content\/uploads\/2020\/12\/EDA-1.jpg","twitter:label1":"Escrito por","twitter:data1":"El Digital de Asturias","twitter:label2":"Tiempo de lectura estimado","twitter:data2":"3 minutos"},"aioseo_meta_data":{"post_id":"980537","title":null,"description":null,"keywords":null,"keyphrases":null,"primary_term":null,"canonical_url":null,"og_title":null,"og_description":null,"og_object_type":"default","og_image_type":"default","og_image_url":null,"og_image_width":null,"og_image_height":null,"og_image_custom_url":null,"og_image_custom_fields":null,"og_video":null,"og_custom_url":null,"og_article_section":null,"og_article_tags":null,"twitter_use_og":false,"twitter_card":"default","twitter_image_type":"default","twitter_image_url":null,"twitter_image_custom_url":null,"twitter_image_custom_fields":null,"twitter_title":null,"twitter_description":null,"schema":{"blockGraphs":[],"customGraphs":[],"default":{"data":{"Article":[],"Course":[],"Dataset":[],"FAQPage":[],"Movie":[],"Person":[],"Product":[],"ProductReview":[],"Car":[],"Recipe":[],"Service":[],"SoftwareApplication":[],"WebPage":[]},"graphName":"","isEnabled":true},"graphs":[],"defaultGraph":"","defaultPostTypeGraph":""},"schema_type":null,"schema_type_options":null,"pillar_content":false,"robots_default":true,"robots_noindex":false,"robots_noarchive":false,"robots_nosnippet":false,"robots_nofollow":false,"robots_noimageindex":false,"robots_noodp":false,"robots_notranslate":false,"robots_max_snippet":null,"robots_max_videopreview":null,"robots_max_imagepreview":"large","priority":null,"frequency":null,"local_seo":null,"seo_analyzer_scan_date":"2025-10-08 18:15:07","breadcrumb_settings":null,"limit_modified_date":false,"open_ai":null,"ai":null,"created":"2020-12-21 11:56:38","updated":"2025-10-08 18:15:07","focus_keyword":null,"additional_keywords":null,"truseo_locale":null},"aioseo_breadcrumb":"<div class=\"aioseo-breadcrumbs\"><span class=\"aioseo-breadcrumb\">\n\t<a href=\"https:\/\/www.eldigitaldeasturias.com\/noticias\" title=\"Home\">Home<\/a>\n<\/span><span class=\"aioseo-breadcrumb-separator\">\u2013<\/span><span class=\"aioseo-breadcrumb\">\n\t<a href=\"https:\/\/www.eldigitaldeasturias.com\/noticias\/category\/actualidad\/\" title=\"Actualidad\">Actualidad<\/a>\n<\/span><span class=\"aioseo-breadcrumb-separator\">\u2013<\/span><span class=\"aioseo-breadcrumb\">\n\t<a href=\"https:\/\/www.eldigitaldeasturias.com\/noticias\/por-que-tambien-guatemala-traslada-su-embajada-a-jerusalen\/\" title=\"\u00bfPor qu\u00e9 tambi\u00e9n Guatemala traslada su embajada a Jerusal\u00e9n?\">\u00bfPor qu\u00e9 tambi\u00e9n Guatemala traslada su embajada a Jerusal\u00e9n?<\/a>\n<\/span><\/div>","aioseo_breadcrumb_json":[{"label":"Home","link":"https:\/\/www.eldigitaldeasturias.com\/noticias"},{"label":"Actualidad","link":"https:\/\/www.eldigitaldeasturias.com\/noticias\/category\/actualidad\/"},{"label":"\u00bfPor qu\u00e9 tambi\u00e9n Guatemala traslada su embajada a Jerusal\u00e9n?","link":"https:\/\/www.eldigitaldeasturias.com\/noticias\/por-que-tambien-guatemala-traslada-su-embajada-a-jerusalen\/"}],"_links":{"self":[{"href":"https:\/\/www.eldigitaldeasturias.com\/noticias\/wp-json\/wp\/v2\/posts\/980537","targetHints":{"allow":["GET"]}}],"collection":[{"href":"https:\/\/www.eldigitaldeasturias.com\/noticias\/wp-json\/wp\/v2\/posts"}],"about":[{"href":"https:\/\/www.eldigitaldeasturias.com\/noticias\/wp-json\/wp\/v2\/types\/post"}],"author":[{"embeddable":true,"href":"https:\/\/www.eldigitaldeasturias.com\/noticias\/wp-json\/wp\/v2\/users\/1"}],"replies":[{"embeddable":true,"href":"https:\/\/www.eldigitaldeasturias.com\/noticias\/wp-json\/wp\/v2\/comments?post=980537"}],"version-history":[{"count":0,"href":"https:\/\/www.eldigitaldeasturias.com\/noticias\/wp-json\/wp\/v2\/posts\/980537\/revisions"}],"wp:attachment":[{"href":"https:\/\/www.eldigitaldeasturias.com\/noticias\/wp-json\/wp\/v2\/media?parent=980537"}],"wp:term":[{"taxonomy":"category","embeddable":true,"href":"https:\/\/www.eldigitaldeasturias.com\/noticias\/wp-json\/wp\/v2\/categories?post=980537"},{"taxonomy":"post_tag","embeddable":true,"href":"https:\/\/www.eldigitaldeasturias.com\/noticias\/wp-json\/wp\/v2\/tags?post=980537"}],"curies":[{"name":"wp","href":"https:\/\/api.w.org\/{rel}","templated":true}]}}