{"id":980524,"date":"2018-05-15T20:47:56","date_gmt":"2018-05-15T20:47:56","guid":{"rendered":"http:\/\/www.eldigitaldeasturias.com\/noticias\/?p=980524"},"modified":"2018-05-15T20:47:56","modified_gmt":"2018-05-15T20:47:56","slug":"susana-diaz-reclama-mas-medios-para-restablecer-la-autoridad-en-el-campo-de-gibraltar","status":"publish","type":"post","link":"https:\/\/www.eldigitaldeasturias.com\/noticias\/susana-diaz-reclama-mas-medios-para-restablecer-la-autoridad-en-el-campo-de-gibraltar\/","title":{"rendered":"Susana D\u00edaz reclama m\u00e1s medios para \u201crestablecer la autoridad\u201d en el Campo de Gibraltar"},"content":{"rendered":"<p><img loading=\"lazy\" decoding=\"async\" class=\"alignleft size-medium wp-image-952192\" src=\"https:\/\/www.eldigitaldeasturias.com\/noticias\/wp-content\/uploads\/2017\/09\/Susana-360x221.jpg\" alt=\"\" width=\"360\" height=\"221\" \/>La presidenta de la Junta, Susana D\u00edaz, ha reclamado al Gobierno central \u00abmuchos m\u00e1s medios\u00bb y \u00abcon car\u00e1cter permanente\u00bb para \u00abrestablecer la autoridad\u00bb en el Campo de Gibraltar y garantizar la seguridad.<\/p>\n<p>En declaraciones a los periodistas en la inauguraci\u00f3n del Aerospace and Defense Meetings en Sevilla, D\u00edaz ha lamentado el fallecimiento de un ni\u00f1o al ser arrollada la barca en la que se encontraba, junto a su padre, por una lancha en la playa de Getares, en Algeciras (C\u00e1diz). Tras este suceso, que \u00abconmueve a toda la sociedad y nos produce dolor\u00bb, la presidenta solicit\u00f3 la convocatoria de la Junta de Seguridad.<\/p>\n<p>\u00abMantengo lealtad absoluta con el Gobierno de la naci\u00f3n, sea del partido que sea, en materia de seguridad, pero la lealtad exige al mismo tiempo que haya coordinaci\u00f3n y sobre todo muchos m\u00e1s medios\u00bb, ha subrayado Susana D\u00edaz.<\/p>\n<p>La presidenta ha insistido en la necesidad de garantizar la \u00abseguridad de todas las familias que viven en el Campo de Gibraltar\u00bb, en su \u00abinmensa mayor\u00eda gente honesta y trabajadora y que tiene derecho a vivir su vida con tranquilidad, en convivencia y sentirse protegidos\u00bb.<\/p>\n<p>D\u00edaz ha hecho un llamamiento para \u00absumar esfuerzos\u00bb y ha garantizado que \u00abAndaluc\u00eda va a estar al lado del Gobierno en la defensa de la seguridad\u00bb, al tiempo que ha pedido \u00abcon firmeza, desde esa lealtad, que haya m\u00e1s medios, que sean de car\u00e1cter permanente y que los ciudadanos se sientan protegidos\u00bb.<\/p>\n","protected":false},"excerpt":{"rendered":"<p>La presidenta de la Junta, Susana D\u00edaz, ha reclamado al Gobierno central \u00abmuchos m\u00e1s medios\u00bb y \u00abcon car\u00e1cter permanente\u00bb para \u00abrestablecer la autoridad\u00bb en el Campo de Gibraltar y garantizar la seguridad. En declaraciones a los periodistas en la inauguraci\u00f3n del Aerospace and Defense Meetings en Sevilla, D\u00edaz ha lamentado el fallecimiento de un ni\u00f1o [&hellip;]<\/p>\n","protected":false},"author":1,"featured_media":952192,"comment_status":"closed","ping_status":"closed","sticky":false,"template":"","format":"standard","meta":{"footnotes":""},"categories":[1],"tags":[],"class_list":["post-980524","post","type-post","status-publish","format-standard","has-post-thumbnail","hentry","category-actualidad"],"aioseo_notices":[],"aioseo_head":"\n\t\t<!-- All in One SEO Pro 5.0.1 - aioseo.com -->\n\t<meta name=\"description\" content=\"La presidenta de la Junta, Susana D\u00edaz, ha reclamado al Gobierno central &quot;muchos m\u00e1s medios&quot; y &quot;con car\u00e1cter permanente&quot; para &quot;restablecer la autoridad&quot; en el Campo de Gibraltar y garantizar la seguridad. En declaraciones a los periodistas en la inauguraci\u00f3n del Aerospace and Defense Meetings en Sevilla, D\u00edaz ha lamentado el fallecimiento de un ni\u00f1o\" \/>\n\t<meta name=\"robots\" content=\"max-image-preview:large\" \/>\n\t<meta name=\"author\" content=\"El Digital de Asturias\"\/>\n\t<meta name=\"google-site-verification\" content=\"UA-38556648-1\" \/>\n\t<meta name=\"msvalidate.01\" content=\"7dfe9f3f1b24437ab69f4f2559babe99\" \/>\n\t<meta name=\"keywords\" content=\"actualidad\" \/>\n\t<link rel=\"canonical\" href=\"https:\/\/www.eldigitaldeasturias.com\/noticias\/susana-diaz-reclama-mas-medios-para-restablecer-la-autoridad-en-el-campo-de-gibraltar\/\" \/>\n\t<meta name=\"generator\" content=\"All in One SEO Pro (AIOSEO) 5.0.1\" \/>\n\t\t<meta property=\"og:locale\" content=\"es_ES\" \/>\n\t\t<meta property=\"og:site_name\" content=\"El Digital de Asturias\" \/>\n\t\t<meta property=\"og:type\" content=\"article\" \/>\n\t\t<meta property=\"og:title\" content=\"Susana D\u00edaz reclama m\u00e1s medios para \u201crestablecer la autoridad\u201d en el Campo de Gibraltar - El Digital de Asturias\" \/>\n\t\t<meta property=\"og:description\" content=\"La presidenta de la Junta, Susana D\u00edaz, ha reclamado al Gobierno central &quot;muchos m\u00e1s medios&quot; y &quot;con car\u00e1cter permanente&quot; para &quot;restablecer la autoridad&quot; en el Campo de Gibraltar y garantizar la seguridad. En declaraciones a los periodistas en la inauguraci\u00f3n del Aerospace and Defense Meetings en Sevilla, D\u00edaz ha lamentado el fallecimiento de un ni\u00f1o\" \/>\n\t\t<meta property=\"og:url\" content=\"https:\/\/www.eldigitaldeasturias.com\/noticias\/susana-diaz-reclama-mas-medios-para-restablecer-la-autoridad-en-el-campo-de-gibraltar\/\" \/>\n\t\t<meta property=\"article:tag\" content=\"actualidad\" \/>\n\t\t<meta property=\"article:published_time\" content=\"2018-05-15T20:47:56+00:00\" \/>\n\t\t<meta property=\"article:modified_time\" content=\"2018-05-15T20:47:56+00:00\" \/>\n\t\t<meta property=\"article:publisher\" content=\"https:\/\/facebook.com\/eldigitaldeasturias\" \/>\n\t\t<meta name=\"twitter:card\" content=\"summary_large_image\" \/>\n\t\t<meta name=\"twitter:title\" content=\"Susana D\u00edaz reclama m\u00e1s medios para \u201crestablecer la autoridad\u201d en el Campo de Gibraltar - El Digital de Asturias\" \/>\n\t\t<meta name=\"twitter:description\" content=\"La presidenta de la Junta, Susana D\u00edaz, ha reclamado al Gobierno central &quot;muchos m\u00e1s medios&quot; y &quot;con car\u00e1cter permanente&quot; para &quot;restablecer la autoridad&quot; en el Campo de Gibraltar y garantizar la seguridad. En declaraciones a los periodistas en la inauguraci\u00f3n del Aerospace and Defense Meetings en Sevilla, D\u00edaz ha lamentado el fallecimiento de un ni\u00f1o\" \/>\n\t\t<meta name=\"twitter:image\" content=\"https:\/\/www.eldigitaldeasturias.com\/noticias\/wp-content\/uploads\/2020\/12\/EDA-1.jpg\" \/>\n\t\t<meta name=\"twitter:label1\" content=\"Escrito por\" \/>\n\t\t<meta name=\"twitter:data1\" content=\"El Digital de Asturias\" \/>\n\t\t<meta name=\"twitter:label2\" content=\"Tiempo de lectura estimado\" \/>\n\t\t<meta name=\"twitter:data2\" content=\"1 minuto\" \/>\n\t\t<script type=\"application\/ld+json\" class=\"aioseo-schema\">\n\t\t\t{\"@context\":\"https:\\\/\\\/schema.org\",\"@graph\":[{\"@type\":\"BlogPosting\",\"@id\":\"https:\\\/\\\/www.eldigitaldeasturias.com\\\/noticias\\\/susana-diaz-reclama-mas-medios-para-restablecer-la-autoridad-en-el-campo-de-gibraltar\\\/#blogposting\",\"name\":\"Susana D\\u00edaz reclama m\\u00e1s medios para \\u201crestablecer la autoridad\\u201d en el Campo de Gibraltar - El Digital de Asturias\",\"headline\":\"Susana D\\u00edaz reclama m\\u00e1s medios para \\u201crestablecer la autoridad\\u201d en el Campo de Gibraltar\",\"author\":{\"@id\":\"https:\\\/\\\/www.eldigitaldeasturias.com\\\/noticias\\\/author\\\/admin\\\/#author\"},\"publisher\":{\"@id\":\"https:\\\/\\\/www.eldigitaldeasturias.com\\\/noticias\\\/#organization\"},\"image\":{\"@type\":\"ImageObject\",\"url\":952192},\"datePublished\":\"2018-05-15T20:47:56+02:00\",\"dateModified\":\"2018-05-15T20:47:56+02:00\",\"inLanguage\":\"es-ES\",\"mainEntityOfPage\":{\"@id\":\"https:\\\/\\\/www.eldigitaldeasturias.com\\\/noticias\\\/susana-diaz-reclama-mas-medios-para-restablecer-la-autoridad-en-el-campo-de-gibraltar\\\/#webpage\"},\"isPartOf\":{\"@id\":\"https:\\\/\\\/www.eldigitaldeasturias.com\\\/noticias\\\/susana-diaz-reclama-mas-medios-para-restablecer-la-autoridad-en-el-campo-de-gibraltar\\\/#webpage\"},\"articleSection\":\"Actualidad\"},{\"@type\":\"BreadcrumbList\",\"@id\":\"https:\\\/\\\/www.eldigitaldeasturias.com\\\/noticias\\\/susana-diaz-reclama-mas-medios-para-restablecer-la-autoridad-en-el-campo-de-gibraltar\\\/#breadcrumblist\",\"itemListElement\":[{\"@type\":\"ListItem\",\"@id\":\"https:\\\/\\\/www.eldigitaldeasturias.com\\\/noticias#listItem\",\"position\":1,\"name\":\"Home\",\"item\":\"https:\\\/\\\/www.eldigitaldeasturias.com\\\/noticias\",\"nextItem\":{\"@type\":\"ListItem\",\"@id\":\"https:\\\/\\\/www.eldigitaldeasturias.com\\\/noticias\\\/category\\\/actualidad\\\/#listItem\",\"name\":\"Actualidad\"}},{\"@type\":\"ListItem\",\"@id\":\"https:\\\/\\\/www.eldigitaldeasturias.com\\\/noticias\\\/category\\\/actualidad\\\/#listItem\",\"position\":2,\"name\":\"Actualidad\",\"item\":\"https:\\\/\\\/www.eldigitaldeasturias.com\\\/noticias\\\/category\\\/actualidad\\\/\",\"nextItem\":{\"@type\":\"ListItem\",\"@id\":\"https:\\\/\\\/www.eldigitaldeasturias.com\\\/noticias\\\/susana-diaz-reclama-mas-medios-para-restablecer-la-autoridad-en-el-campo-de-gibraltar\\\/#listItem\",\"name\":\"Susana D\\u00edaz reclama m\\u00e1s medios para \\u201crestablecer la autoridad\\u201d en el Campo de Gibraltar\"},\"previousItem\":{\"@type\":\"ListItem\",\"@id\":\"https:\\\/\\\/www.eldigitaldeasturias.com\\\/noticias#listItem\",\"name\":\"Home\"}},{\"@type\":\"ListItem\",\"@id\":\"https:\\\/\\\/www.eldigitaldeasturias.com\\\/noticias\\\/susana-diaz-reclama-mas-medios-para-restablecer-la-autoridad-en-el-campo-de-gibraltar\\\/#listItem\",\"position\":3,\"name\":\"Susana D\\u00edaz reclama m\\u00e1s medios para \\u201crestablecer la autoridad\\u201d en el Campo de Gibraltar\",\"previousItem\":{\"@type\":\"ListItem\",\"@id\":\"https:\\\/\\\/www.eldigitaldeasturias.com\\\/noticias\\\/category\\\/actualidad\\\/#listItem\",\"name\":\"Actualidad\"}}]},{\"@type\":\"Organization\",\"@id\":\"https:\\\/\\\/www.eldigitaldeasturias.com\\\/noticias\\\/#organization\",\"name\":\"El Digital de Asturias\",\"description\":\"Hemeroteca\",\"url\":\"https:\\\/\\\/www.eldigitaldeasturias.com\\\/noticias\\\/\",\"email\":\"info@eldigitaldeasturias.com\",\"telephone\":\"+34652131393\",\"logo\":{\"@type\":\"ImageObject\",\"url\":\"https:\\\/\\\/www.eldigitaldeasturias.com\\\/noticias\\\/wp-content\\\/uploads\\\/2020\\\/12\\\/EDA.jpg\",\"@id\":\"https:\\\/\\\/www.eldigitaldeasturias.com\\\/noticias\\\/susana-diaz-reclama-mas-medios-para-restablecer-la-autoridad-en-el-campo-de-gibraltar\\\/#organizationLogo\"},\"image\":{\"@id\":\"https:\\\/\\\/www.eldigitaldeasturias.com\\\/noticias\\\/susana-diaz-reclama-mas-medios-para-restablecer-la-autoridad-en-el-campo-de-gibraltar\\\/#organizationLogo\"},\"sameAs\":[\"https:\\\/\\\/facebook.com\\\/eldigitaldeasturias\",\"https:\\\/\\\/www.youtube.com\\\/channel\\\/UCZP-2wLEB9Rv6erhFmqVnvg\"],\"address\":{\"@id\":\"https:\\\/\\\/www.eldigitaldeasturias.com\\\/noticias\\\/#postaladdress\",\"@type\":\"PostalAddress\",\"streetAddress\":\"san antonio 4\",\"postalCode\":\"33430\",\"addressLocality\":\"Cand\\u00e1s\",\"addressRegion\":\"Asturias\",\"addressCountry\":\"ES\"}},{\"@type\":\"Person\",\"@id\":\"https:\\\/\\\/www.eldigitaldeasturias.com\\\/noticias\\\/author\\\/admin\\\/#author\",\"url\":\"https:\\\/\\\/www.eldigitaldeasturias.com\\\/noticias\\\/author\\\/admin\\\/\",\"name\":\"El Digital de Asturias\",\"image\":{\"@type\":\"ImageObject\",\"@id\":\"https:\\\/\\\/www.eldigitaldeasturias.com\\\/noticias\\\/susana-diaz-reclama-mas-medios-para-restablecer-la-autoridad-en-el-campo-de-gibraltar\\\/#authorImage\",\"url\":\"https:\\\/\\\/secure.gravatar.com\\\/avatar\\\/df2aeffc32bcd13f8d26072ef8a91b623d677766deac7f97ca815868cd41bf5e?s=96&d=mm&r=g\",\"width\":96,\"height\":96,\"caption\":\"El Digital de Asturias\"}},{\"@type\":\"WebPage\",\"@id\":\"https:\\\/\\\/www.eldigitaldeasturias.com\\\/noticias\\\/susana-diaz-reclama-mas-medios-para-restablecer-la-autoridad-en-el-campo-de-gibraltar\\\/#webpage\",\"url\":\"https:\\\/\\\/www.eldigitaldeasturias.com\\\/noticias\\\/susana-diaz-reclama-mas-medios-para-restablecer-la-autoridad-en-el-campo-de-gibraltar\\\/\",\"name\":\"Susana D\\u00edaz reclama m\\u00e1s medios para \\u201crestablecer la autoridad\\u201d en el Campo de Gibraltar - El Digital de Asturias\",\"description\":\"La presidenta de la Junta, Susana D\\u00edaz, ha reclamado al Gobierno central \\\"muchos m\\u00e1s medios\\\" y \\\"con car\\u00e1cter permanente\\\" para \\\"restablecer la autoridad\\\" en el Campo de Gibraltar y garantizar la seguridad. En declaraciones a los periodistas en la inauguraci\\u00f3n del Aerospace and Defense Meetings en Sevilla, D\\u00edaz ha lamentado el fallecimiento de un ni\\u00f1o\",\"inLanguage\":\"es-ES\",\"isPartOf\":{\"@id\":\"https:\\\/\\\/www.eldigitaldeasturias.com\\\/noticias\\\/#website\"},\"breadcrumb\":{\"@id\":\"https:\\\/\\\/www.eldigitaldeasturias.com\\\/noticias\\\/susana-diaz-reclama-mas-medios-para-restablecer-la-autoridad-en-el-campo-de-gibraltar\\\/#breadcrumblist\"},\"author\":{\"@id\":\"https:\\\/\\\/www.eldigitaldeasturias.com\\\/noticias\\\/author\\\/admin\\\/#author\"},\"creator\":{\"@id\":\"https:\\\/\\\/www.eldigitaldeasturias.com\\\/noticias\\\/author\\\/admin\\\/#author\"},\"image\":{\"@type\":\"ImageObject\",\"url\":952192,\"@id\":\"https:\\\/\\\/www.eldigitaldeasturias.com\\\/noticias\\\/susana-diaz-reclama-mas-medios-para-restablecer-la-autoridad-en-el-campo-de-gibraltar\\\/#mainImage\"},\"primaryImageOfPage\":{\"@id\":\"https:\\\/\\\/www.eldigitaldeasturias.com\\\/noticias\\\/susana-diaz-reclama-mas-medios-para-restablecer-la-autoridad-en-el-campo-de-gibraltar\\\/#mainImage\"},\"datePublished\":\"2018-05-15T20:47:56+02:00\",\"dateModified\":\"2018-05-15T20:47:56+02:00\"},{\"@type\":\"WebSite\",\"@id\":\"https:\\\/\\\/www.eldigitaldeasturias.com\\\/noticias\\\/#website\",\"url\":\"https:\\\/\\\/www.eldigitaldeasturias.com\\\/noticias\\\/\",\"name\":\"El Digital de Asturias - Diario de actualidad y noticias\",\"alternateName\":\"El Digital de Asturias - Diario de actualidad y noticias\",\"description\":\"Hemeroteca\",\"inLanguage\":\"es-ES\",\"publisher\":{\"@id\":\"https:\\\/\\\/www.eldigitaldeasturias.com\\\/noticias\\\/#organization\"}}]}\n\t\t<\/script>\n\t\t<!-- All in One SEO Pro -->\r\n\t\t<title>Susana D\u00edaz reclama m\u00e1s medios para \u201crestablecer la autoridad\u201d en el Campo de Gibraltar - El Digital de Asturias<\/title>\n\n","aioseo_head_json":{"title":"Susana D\u00edaz reclama m\u00e1s medios para \u201crestablecer la autoridad\u201d en el Campo de Gibraltar - El Digital de Asturias","description":"La presidenta de la Junta, Susana D\u00edaz, ha reclamado al Gobierno central \"muchos m\u00e1s medios\" y \"con car\u00e1cter permanente\" para \"restablecer la autoridad\" en el Campo de Gibraltar y garantizar la seguridad. En declaraciones a los periodistas en la inauguraci\u00f3n del Aerospace and Defense Meetings en Sevilla, D\u00edaz ha lamentado el fallecimiento de un ni\u00f1o","canonical_url":"https:\/\/www.eldigitaldeasturias.com\/noticias\/susana-diaz-reclama-mas-medios-para-restablecer-la-autoridad-en-el-campo-de-gibraltar\/","robots":"max-image-preview:large","keywords":"actualidad","webmasterTools":{"google-site-verification":"UA-38556648-1","msvalidate.01":"7dfe9f3f1b24437ab69f4f2559babe99","miscellaneous":""},"schema":{"@context":"https:\/\/schema.org","@graph":[{"@type":"BlogPosting","@id":"https:\/\/www.eldigitaldeasturias.com\/noticias\/susana-diaz-reclama-mas-medios-para-restablecer-la-autoridad-en-el-campo-de-gibraltar\/#blogposting","name":"Susana D\u00edaz reclama m\u00e1s medios para \u201crestablecer la autoridad\u201d en el Campo de Gibraltar - El Digital de Asturias","headline":"Susana D\u00edaz reclama m\u00e1s medios para \u201crestablecer la autoridad\u201d en el Campo de Gibraltar","author":{"@id":"https:\/\/www.eldigitaldeasturias.com\/noticias\/author\/admin\/#author"},"publisher":{"@id":"https:\/\/www.eldigitaldeasturias.com\/noticias\/#organization"},"image":{"@type":"ImageObject","url":952192},"datePublished":"2018-05-15T20:47:56+02:00","dateModified":"2018-05-15T20:47:56+02:00","inLanguage":"es-ES","mainEntityOfPage":{"@id":"https:\/\/www.eldigitaldeasturias.com\/noticias\/susana-diaz-reclama-mas-medios-para-restablecer-la-autoridad-en-el-campo-de-gibraltar\/#webpage"},"isPartOf":{"@id":"https:\/\/www.eldigitaldeasturias.com\/noticias\/susana-diaz-reclama-mas-medios-para-restablecer-la-autoridad-en-el-campo-de-gibraltar\/#webpage"},"articleSection":"Actualidad"},{"@type":"BreadcrumbList","@id":"https:\/\/www.eldigitaldeasturias.com\/noticias\/susana-diaz-reclama-mas-medios-para-restablecer-la-autoridad-en-el-campo-de-gibraltar\/#breadcrumblist","itemListElement":[{"@type":"ListItem","@id":"https:\/\/www.eldigitaldeasturias.com\/noticias#listItem","position":1,"name":"Home","item":"https:\/\/www.eldigitaldeasturias.com\/noticias","nextItem":{"@type":"ListItem","@id":"https:\/\/www.eldigitaldeasturias.com\/noticias\/category\/actualidad\/#listItem","name":"Actualidad"}},{"@type":"ListItem","@id":"https:\/\/www.eldigitaldeasturias.com\/noticias\/category\/actualidad\/#listItem","position":2,"name":"Actualidad","item":"https:\/\/www.eldigitaldeasturias.com\/noticias\/category\/actualidad\/","nextItem":{"@type":"ListItem","@id":"https:\/\/www.eldigitaldeasturias.com\/noticias\/susana-diaz-reclama-mas-medios-para-restablecer-la-autoridad-en-el-campo-de-gibraltar\/#listItem","name":"Susana D\u00edaz reclama m\u00e1s medios para \u201crestablecer la autoridad\u201d en el Campo de Gibraltar"},"previousItem":{"@type":"ListItem","@id":"https:\/\/www.eldigitaldeasturias.com\/noticias#listItem","name":"Home"}},{"@type":"ListItem","@id":"https:\/\/www.eldigitaldeasturias.com\/noticias\/susana-diaz-reclama-mas-medios-para-restablecer-la-autoridad-en-el-campo-de-gibraltar\/#listItem","position":3,"name":"Susana D\u00edaz reclama m\u00e1s medios para \u201crestablecer la autoridad\u201d en el Campo de Gibraltar","previousItem":{"@type":"ListItem","@id":"https:\/\/www.eldigitaldeasturias.com\/noticias\/category\/actualidad\/#listItem","name":"Actualidad"}}]},{"@type":"Organization","@id":"https:\/\/www.eldigitaldeasturias.com\/noticias\/#organization","name":"El Digital de Asturias","description":"Hemeroteca","url":"https:\/\/www.eldigitaldeasturias.com\/noticias\/","email":"info@eldigitaldeasturias.com","telephone":"+34652131393","logo":{"@type":"ImageObject","url":"https:\/\/www.eldigitaldeasturias.com\/noticias\/wp-content\/uploads\/2020\/12\/EDA.jpg","@id":"https:\/\/www.eldigitaldeasturias.com\/noticias\/susana-diaz-reclama-mas-medios-para-restablecer-la-autoridad-en-el-campo-de-gibraltar\/#organizationLogo"},"image":{"@id":"https:\/\/www.eldigitaldeasturias.com\/noticias\/susana-diaz-reclama-mas-medios-para-restablecer-la-autoridad-en-el-campo-de-gibraltar\/#organizationLogo"},"sameAs":["https:\/\/facebook.com\/eldigitaldeasturias","https:\/\/www.youtube.com\/channel\/UCZP-2wLEB9Rv6erhFmqVnvg"],"address":{"@id":"https:\/\/www.eldigitaldeasturias.com\/noticias\/#postaladdress","@type":"PostalAddress","streetAddress":"san antonio 4","postalCode":"33430","addressLocality":"Cand\u00e1s","addressRegion":"Asturias","addressCountry":"ES"}},{"@type":"Person","@id":"https:\/\/www.eldigitaldeasturias.com\/noticias\/author\/admin\/#author","url":"https:\/\/www.eldigitaldeasturias.com\/noticias\/author\/admin\/","name":"El Digital de Asturias","image":{"@type":"ImageObject","@id":"https:\/\/www.eldigitaldeasturias.com\/noticias\/susana-diaz-reclama-mas-medios-para-restablecer-la-autoridad-en-el-campo-de-gibraltar\/#authorImage","url":"https:\/\/secure.gravatar.com\/avatar\/df2aeffc32bcd13f8d26072ef8a91b623d677766deac7f97ca815868cd41bf5e?s=96&d=mm&r=g","width":96,"height":96,"caption":"El Digital de Asturias"}},{"@type":"WebPage","@id":"https:\/\/www.eldigitaldeasturias.com\/noticias\/susana-diaz-reclama-mas-medios-para-restablecer-la-autoridad-en-el-campo-de-gibraltar\/#webpage","url":"https:\/\/www.eldigitaldeasturias.com\/noticias\/susana-diaz-reclama-mas-medios-para-restablecer-la-autoridad-en-el-campo-de-gibraltar\/","name":"Susana D\u00edaz reclama m\u00e1s medios para \u201crestablecer la autoridad\u201d en el Campo de Gibraltar - El Digital de Asturias","description":"La presidenta de la Junta, Susana D\u00edaz, ha reclamado al Gobierno central \"muchos m\u00e1s medios\" y \"con car\u00e1cter permanente\" para \"restablecer la autoridad\" en el Campo de Gibraltar y garantizar la seguridad. En declaraciones a los periodistas en la inauguraci\u00f3n del Aerospace and Defense Meetings en Sevilla, D\u00edaz ha lamentado el fallecimiento de un ni\u00f1o","inLanguage":"es-ES","isPartOf":{"@id":"https:\/\/www.eldigitaldeasturias.com\/noticias\/#website"},"breadcrumb":{"@id":"https:\/\/www.eldigitaldeasturias.com\/noticias\/susana-diaz-reclama-mas-medios-para-restablecer-la-autoridad-en-el-campo-de-gibraltar\/#breadcrumblist"},"author":{"@id":"https:\/\/www.eldigitaldeasturias.com\/noticias\/author\/admin\/#author"},"creator":{"@id":"https:\/\/www.eldigitaldeasturias.com\/noticias\/author\/admin\/#author"},"image":{"@type":"ImageObject","url":952192,"@id":"https:\/\/www.eldigitaldeasturias.com\/noticias\/susana-diaz-reclama-mas-medios-para-restablecer-la-autoridad-en-el-campo-de-gibraltar\/#mainImage"},"primaryImageOfPage":{"@id":"https:\/\/www.eldigitaldeasturias.com\/noticias\/susana-diaz-reclama-mas-medios-para-restablecer-la-autoridad-en-el-campo-de-gibraltar\/#mainImage"},"datePublished":"2018-05-15T20:47:56+02:00","dateModified":"2018-05-15T20:47:56+02:00"},{"@type":"WebSite","@id":"https:\/\/www.eldigitaldeasturias.com\/noticias\/#website","url":"https:\/\/www.eldigitaldeasturias.com\/noticias\/","name":"El Digital de Asturias - Diario de actualidad y noticias","alternateName":"El Digital de Asturias - Diario de actualidad y noticias","description":"Hemeroteca","inLanguage":"es-ES","publisher":{"@id":"https:\/\/www.eldigitaldeasturias.com\/noticias\/#organization"}}]},"og:locale":"es_ES","og:site_name":"El Digital de Asturias","og:type":"article","og:title":"Susana D\u00edaz reclama m\u00e1s medios para \u201crestablecer la autoridad\u201d en el Campo de Gibraltar - El Digital de Asturias","og:description":"La presidenta de la Junta, Susana D\u00edaz, ha reclamado al Gobierno central &quot;muchos m\u00e1s medios&quot; y &quot;con car\u00e1cter permanente&quot; para &quot;restablecer la autoridad&quot; en el Campo de Gibraltar y garantizar la seguridad. En declaraciones a los periodistas en la inauguraci\u00f3n del Aerospace and Defense Meetings en Sevilla, D\u00edaz ha lamentado el fallecimiento de un ni\u00f1o","og:url":"https:\/\/www.eldigitaldeasturias.com\/noticias\/susana-diaz-reclama-mas-medios-para-restablecer-la-autoridad-en-el-campo-de-gibraltar\/","article:tag":["actualidad"],"article:published_time":"2018-05-15T20:47:56+00:00","article:modified_time":"2018-05-15T20:47:56+00:00","article:publisher":"https:\/\/facebook.com\/eldigitaldeasturias","twitter:card":"summary_large_image","twitter:title":"Susana D\u00edaz reclama m\u00e1s medios para \u201crestablecer la autoridad\u201d en el Campo de Gibraltar - El Digital de Asturias","twitter:description":"La presidenta de la Junta, Susana D\u00edaz, ha reclamado al Gobierno central &quot;muchos m\u00e1s medios&quot; y &quot;con car\u00e1cter permanente&quot; para &quot;restablecer la autoridad&quot; en el Campo de Gibraltar y garantizar la seguridad. En declaraciones a los periodistas en la inauguraci\u00f3n del Aerospace and Defense Meetings en Sevilla, D\u00edaz ha lamentado el fallecimiento de un ni\u00f1o","twitter:image":"https:\/\/www.eldigitaldeasturias.com\/noticias\/wp-content\/uploads\/2020\/12\/EDA-1.jpg","twitter:label1":"Escrito por","twitter:data1":"El Digital de Asturias","twitter:label2":"Tiempo de lectura estimado","twitter:data2":"1 minuto"},"aioseo_meta_data":{"post_id":"980524","title":null,"description":null,"keywords":null,"keyphrases":null,"primary_term":null,"canonical_url":null,"og_title":null,"og_description":null,"og_object_type":"default","og_image_type":"default","og_image_url":null,"og_image_width":null,"og_image_height":null,"og_image_custom_url":null,"og_image_custom_fields":null,"og_video":null,"og_custom_url":null,"og_article_section":null,"og_article_tags":null,"twitter_use_og":false,"twitter_card":"default","twitter_image_type":"default","twitter_image_url":null,"twitter_image_custom_url":null,"twitter_image_custom_fields":null,"twitter_title":null,"twitter_description":null,"schema":{"blockGraphs":[],"customGraphs":[],"default":{"data":{"Article":[],"Course":[],"Dataset":[],"FAQPage":[],"Movie":[],"Person":[],"Product":[],"ProductReview":[],"Car":[],"Recipe":[],"Service":[],"SoftwareApplication":[],"WebPage":[]},"graphName":"","isEnabled":true},"graphs":[],"defaultGraph":"","defaultPostTypeGraph":""},"schema_type":null,"schema_type_options":null,"pillar_content":false,"robots_default":true,"robots_noindex":false,"robots_noarchive":false,"robots_nosnippet":false,"robots_nofollow":false,"robots_noimageindex":false,"robots_noodp":false,"robots_notranslate":false,"robots_max_snippet":null,"robots_max_videopreview":null,"robots_max_imagepreview":"large","priority":null,"frequency":null,"local_seo":null,"seo_analyzer_scan_date":"2025-10-08 18:13:03","breadcrumb_settings":null,"limit_modified_date":false,"open_ai":null,"ai":null,"created":"2020-12-21 11:56:38","updated":"2025-10-08 18:13:03","focus_keyword":null,"additional_keywords":null,"truseo_locale":null},"aioseo_breadcrumb":"<div class=\"aioseo-breadcrumbs\"><span class=\"aioseo-breadcrumb\">\n\t<a href=\"https:\/\/www.eldigitaldeasturias.com\/noticias\" title=\"Home\">Home<\/a>\n<\/span><span class=\"aioseo-breadcrumb-separator\">\u2013<\/span><span class=\"aioseo-breadcrumb\">\n\t<a href=\"https:\/\/www.eldigitaldeasturias.com\/noticias\/category\/actualidad\/\" title=\"Actualidad\">Actualidad<\/a>\n<\/span><span class=\"aioseo-breadcrumb-separator\">\u2013<\/span><span class=\"aioseo-breadcrumb\">\n\t<a href=\"https:\/\/www.eldigitaldeasturias.com\/noticias\/susana-diaz-reclama-mas-medios-para-restablecer-la-autoridad-en-el-campo-de-gibraltar\/\" title=\"Susana D\u00edaz reclama m\u00e1s medios para \u201crestablecer la autoridad\u201d en el Campo de Gibraltar\">Susana D\u00edaz reclama m\u00e1s medios para \u201crestablecer la autoridad\u201d en el Campo de Gibraltar<\/a>\n<\/span><\/div>","aioseo_breadcrumb_json":[{"label":"Home","link":"https:\/\/www.eldigitaldeasturias.com\/noticias"},{"label":"Actualidad","link":"https:\/\/www.eldigitaldeasturias.com\/noticias\/category\/actualidad\/"},{"label":"Susana D\u00edaz reclama m\u00e1s medios para \u201crestablecer la autoridad\u201d en el Campo de Gibraltar","link":"https:\/\/www.eldigitaldeasturias.com\/noticias\/susana-diaz-reclama-mas-medios-para-restablecer-la-autoridad-en-el-campo-de-gibraltar\/"}],"_links":{"self":[{"href":"https:\/\/www.eldigitaldeasturias.com\/noticias\/wp-json\/wp\/v2\/posts\/980524","targetHints":{"allow":["GET"]}}],"collection":[{"href":"https:\/\/www.eldigitaldeasturias.com\/noticias\/wp-json\/wp\/v2\/posts"}],"about":[{"href":"https:\/\/www.eldigitaldeasturias.com\/noticias\/wp-json\/wp\/v2\/types\/post"}],"author":[{"embeddable":true,"href":"https:\/\/www.eldigitaldeasturias.com\/noticias\/wp-json\/wp\/v2\/users\/1"}],"replies":[{"embeddable":true,"href":"https:\/\/www.eldigitaldeasturias.com\/noticias\/wp-json\/wp\/v2\/comments?post=980524"}],"version-history":[{"count":0,"href":"https:\/\/www.eldigitaldeasturias.com\/noticias\/wp-json\/wp\/v2\/posts\/980524\/revisions"}],"wp:attachment":[{"href":"https:\/\/www.eldigitaldeasturias.com\/noticias\/wp-json\/wp\/v2\/media?parent=980524"}],"wp:term":[{"taxonomy":"category","embeddable":true,"href":"https:\/\/www.eldigitaldeasturias.com\/noticias\/wp-json\/wp\/v2\/categories?post=980524"},{"taxonomy":"post_tag","embeddable":true,"href":"https:\/\/www.eldigitaldeasturias.com\/noticias\/wp-json\/wp\/v2\/tags?post=980524"}],"curies":[{"name":"wp","href":"https:\/\/api.w.org\/{rel}","templated":true}]}}