{"id":980521,"date":"2018-05-15T20:44:25","date_gmt":"2018-05-15T20:44:25","guid":{"rendered":"http:\/\/www.eldigitaldeasturias.com\/noticias\/?p=980521"},"modified":"2018-05-15T20:44:25","modified_gmt":"2018-05-15T20:44:25","slug":"la-fiesta-del-corpus-de-hinojos-protegida-como-actividad-de-interes-etnologico","status":"publish","type":"post","link":"https:\/\/www.eldigitaldeasturias.com\/noticias\/la-fiesta-del-corpus-de-hinojos-protegida-como-actividad-de-interes-etnologico\/","title":{"rendered":"La Fiesta del Corpus de Hinojos, protegida como Actividad de Inter\u00e9s Etnol\u00f3gico"},"content":{"rendered":"<p><img loading=\"lazy\" decoding=\"async\" class=\"alignleft size-medium wp-image-980522\" src=\"https:\/\/www.eldigitaldeasturias.com\/noticias\/wp-content\/uploads\/2018\/05\/1526301628874-360x212.jpg\" alt=\"\" width=\"360\" height=\"212\" \/>El Consejo de Gobierno ha acordado inscribir en el Cat\u00e1logo General del Patrimonio Hist\u00f3rico Andaluz, como Bien de Inter\u00e9s Cultural con la tipolog\u00eda de Actividad de Inter\u00e9s Etnol\u00f3gico, la Fiesta del Corpus en Hinojos (Huelva). Esta celebraci\u00f3n aparece documentada por primera vez a finales del siglo XVI, aunque cobra su actual dimensi\u00f3n durante la primera mitad del XX en torno a la ornamentaci\u00f3n vegetal de las calles con ramajes de eucaliptos y plantas locales. A esta singularidad se a\u00f1ade la de la propia celebraci\u00f3n en las calles, donde, despu\u00e9s de la procesi\u00f3n, se sacan sillas y mesas y los vecinos convidan a conocidos y visitantes.<\/p>\n<p>El Corpus de Hinojos trasciende del \u00e1mbito religioso y se vincula tambi\u00e9n a los recursos forestales del medio natural circundante. De este modo, la trama urbana se oculta para hacer visible lo silvestre con t\u00e9cnicas y conocimientos transmitidos de generaci\u00f3n en generaci\u00f3n. Su arquitectura vegetal y ef\u00edmera representa imaginariamente elementos como z\u00f3calos, arcos de entradas en las casas y arquillos en las intersecciones de las calles del recorrido procesional.<\/p>\n<p>Los elementos principales de la fiesta son la preparaci\u00f3n, la procesi\u00f3n y la posterior celebraci\u00f3n en las calles. En la jornada del viernes previo a la procesi\u00f3n comienzan a adornarse las fachadas con los ramajes de eucalipto, aportados en origen por los vecinos y actualmente por el propio Ayuntamiento. La cubierta vegetal se completa con el romero para el alfombrado de las calles y con plantas aut\u00f3ctonas como la espinaca vinagrera, el array\u00e1n, el mirto, la juncia, la enea, el tomillo, el palmito o el poleo.<\/p>\n<p>En la jornada festiva del domingo se lleva a cabo la decoraci\u00f3n con los arcos florales \u2013cuya ornamentaci\u00f3n cambia cada a\u00f1o\u2013 y con el montaje, por las distintas hermandades, de los siete altares en los que se detendr\u00e1 el cortejo. Cuando este concluye, se organizan en la calle comidas y reuniones familiares y de amigos, con un marcado car\u00e1cter abierto, y las hermandades instalan los puestos de dulces del Corpus, donde se pueden encontrar elaboraciones tradicionales como rositas, ag\u00fcelas, pi\u00f1onates, roscos o pesti\u00f1os.<\/p>\n<p>Desde su aparici\u00f3n en el siglo XVI, la festividad ha pasado por distintas fases. En el XVII se consolid\u00f3 el itinerario procesional a partir del crecimiento urbano, mientras que en el XIX se produjo un debilitamiento paralelo al de las cofrad\u00edas hinojeras tras las desamortizaciones de los bienes de la Iglesia. En los \u00faltimos a\u00f1os de ese siglo, el gobierno municipal asumi\u00f3 la recuperaci\u00f3n del Corpus incluyendo aportaciones econ\u00f3micas en sus presupuestos. Finalmente, durante la primera mitad del XX la fiesta adopt\u00f3 su actual configuraci\u00f3n y comienza a utilizarse el eucalipto.<\/p>\n<p>A partir de la d\u00e9cada de los 50, el propio Ayuntamiento abastece de los ramajes mediante la corta en sus fincas forestales, y en los 70 la celebraci\u00f3n comienza a transformarse con el auge de la participaci\u00f3n de los sectores sociales y su promoci\u00f3n tur\u00edstica. Actualmente, el Corpus culmina el ciclo festivo primaveral de la localidad, en el que tambi\u00e9n tienen gran protagonismo la Romer\u00eda del Roc\u00edo y las fiestas de la Resurrecci\u00f3n y de la Cruz.<\/p>\n","protected":false},"excerpt":{"rendered":"<p>El Consejo de Gobierno ha acordado inscribir en el Cat\u00e1logo General del Patrimonio Hist\u00f3rico Andaluz, como Bien de Inter\u00e9s Cultural con la tipolog\u00eda de Actividad de Inter\u00e9s Etnol\u00f3gico, la Fiesta del Corpus en Hinojos (Huelva). Esta celebraci\u00f3n aparece documentada por primera vez a finales del siglo XVI, aunque cobra su actual dimensi\u00f3n durante la primera [&hellip;]<\/p>\n","protected":false},"author":1,"featured_media":980522,"comment_status":"closed","ping_status":"closed","sticky":false,"template":"","format":"standard","meta":{"footnotes":""},"categories":[1],"tags":[],"class_list":["post-980521","post","type-post","status-publish","format-standard","has-post-thumbnail","hentry","category-actualidad"],"aioseo_notices":[],"aioseo_head":"\n\t\t<!-- All in One SEO Pro 5.0.1 - aioseo.com -->\n\t<meta name=\"description\" content=\"El Consejo de Gobierno ha acordado inscribir en el Cat\u00e1logo General del Patrimonio Hist\u00f3rico Andaluz, como Bien de Inter\u00e9s Cultural con la tipolog\u00eda de Actividad de Inter\u00e9s Etnol\u00f3gico, la Fiesta del Corpus en Hinojos (Huelva). Esta celebraci\u00f3n aparece documentada por primera vez a finales del siglo XVI, aunque cobra su actual dimensi\u00f3n durante la primera\" \/>\n\t<meta name=\"robots\" content=\"max-image-preview:large\" \/>\n\t<meta name=\"author\" content=\"El Digital de Asturias\"\/>\n\t<meta name=\"google-site-verification\" content=\"UA-38556648-1\" \/>\n\t<meta name=\"msvalidate.01\" content=\"7dfe9f3f1b24437ab69f4f2559babe99\" \/>\n\t<meta name=\"keywords\" content=\"actualidad\" \/>\n\t<link rel=\"canonical\" href=\"https:\/\/www.eldigitaldeasturias.com\/noticias\/la-fiesta-del-corpus-de-hinojos-protegida-como-actividad-de-interes-etnologico\/\" \/>\n\t<meta name=\"generator\" content=\"All in One SEO Pro (AIOSEO) 5.0.1\" \/>\n\t\t<meta property=\"og:locale\" content=\"es_ES\" \/>\n\t\t<meta property=\"og:site_name\" content=\"El Digital de Asturias\" \/>\n\t\t<meta property=\"og:type\" content=\"article\" \/>\n\t\t<meta property=\"og:title\" content=\"La Fiesta del Corpus de Hinojos, protegida como Actividad de Inter\u00e9s Etnol\u00f3gico - El Digital de Asturias\" \/>\n\t\t<meta property=\"og:description\" content=\"El Consejo de Gobierno ha acordado inscribir en el Cat\u00e1logo General del Patrimonio Hist\u00f3rico Andaluz, como Bien de Inter\u00e9s Cultural con la tipolog\u00eda de Actividad de Inter\u00e9s Etnol\u00f3gico, la Fiesta del Corpus en Hinojos (Huelva). Esta celebraci\u00f3n aparece documentada por primera vez a finales del siglo XVI, aunque cobra su actual dimensi\u00f3n durante la primera\" \/>\n\t\t<meta property=\"og:url\" content=\"https:\/\/www.eldigitaldeasturias.com\/noticias\/la-fiesta-del-corpus-de-hinojos-protegida-como-actividad-de-interes-etnologico\/\" \/>\n\t\t<meta property=\"article:tag\" content=\"actualidad\" \/>\n\t\t<meta property=\"article:published_time\" content=\"2018-05-15T20:44:25+00:00\" \/>\n\t\t<meta property=\"article:modified_time\" content=\"2018-05-15T20:44:25+00:00\" \/>\n\t\t<meta property=\"article:publisher\" content=\"https:\/\/facebook.com\/eldigitaldeasturias\" \/>\n\t\t<meta name=\"twitter:card\" content=\"summary_large_image\" \/>\n\t\t<meta name=\"twitter:title\" content=\"La Fiesta del Corpus de Hinojos, protegida como Actividad de Inter\u00e9s Etnol\u00f3gico - El Digital de Asturias\" \/>\n\t\t<meta name=\"twitter:description\" content=\"El Consejo de Gobierno ha acordado inscribir en el Cat\u00e1logo General del Patrimonio Hist\u00f3rico Andaluz, como Bien de Inter\u00e9s Cultural con la tipolog\u00eda de Actividad de Inter\u00e9s Etnol\u00f3gico, la Fiesta del Corpus en Hinojos (Huelva). Esta celebraci\u00f3n aparece documentada por primera vez a finales del siglo XVI, aunque cobra su actual dimensi\u00f3n durante la primera\" \/>\n\t\t<meta name=\"twitter:image\" content=\"https:\/\/www.eldigitaldeasturias.com\/noticias\/wp-content\/uploads\/2020\/12\/EDA-1.jpg\" \/>\n\t\t<meta name=\"twitter:label1\" content=\"Escrito por\" \/>\n\t\t<meta name=\"twitter:data1\" content=\"El Digital de Asturias\" \/>\n\t\t<meta name=\"twitter:label2\" content=\"Tiempo de lectura estimado\" \/>\n\t\t<meta name=\"twitter:data2\" content=\"3 minutos\" \/>\n\t\t<script type=\"application\/ld+json\" class=\"aioseo-schema\">\n\t\t\t{\"@context\":\"https:\\\/\\\/schema.org\",\"@graph\":[{\"@type\":\"BlogPosting\",\"@id\":\"https:\\\/\\\/www.eldigitaldeasturias.com\\\/noticias\\\/la-fiesta-del-corpus-de-hinojos-protegida-como-actividad-de-interes-etnologico\\\/#blogposting\",\"name\":\"La Fiesta del Corpus de Hinojos, protegida como Actividad de Inter\\u00e9s Etnol\\u00f3gico - El Digital de Asturias\",\"headline\":\"La Fiesta del Corpus de Hinojos, protegida como Actividad de Inter\\u00e9s Etnol\\u00f3gico\",\"author\":{\"@id\":\"https:\\\/\\\/www.eldigitaldeasturias.com\\\/noticias\\\/author\\\/admin\\\/#author\"},\"publisher\":{\"@id\":\"https:\\\/\\\/www.eldigitaldeasturias.com\\\/noticias\\\/#organization\"},\"image\":{\"@type\":\"ImageObject\",\"url\":980522},\"datePublished\":\"2018-05-15T20:44:25+02:00\",\"dateModified\":\"2018-05-15T20:44:25+02:00\",\"inLanguage\":\"es-ES\",\"mainEntityOfPage\":{\"@id\":\"https:\\\/\\\/www.eldigitaldeasturias.com\\\/noticias\\\/la-fiesta-del-corpus-de-hinojos-protegida-como-actividad-de-interes-etnologico\\\/#webpage\"},\"isPartOf\":{\"@id\":\"https:\\\/\\\/www.eldigitaldeasturias.com\\\/noticias\\\/la-fiesta-del-corpus-de-hinojos-protegida-como-actividad-de-interes-etnologico\\\/#webpage\"},\"articleSection\":\"Actualidad\"},{\"@type\":\"BreadcrumbList\",\"@id\":\"https:\\\/\\\/www.eldigitaldeasturias.com\\\/noticias\\\/la-fiesta-del-corpus-de-hinojos-protegida-como-actividad-de-interes-etnologico\\\/#breadcrumblist\",\"itemListElement\":[{\"@type\":\"ListItem\",\"@id\":\"https:\\\/\\\/www.eldigitaldeasturias.com\\\/noticias#listItem\",\"position\":1,\"name\":\"Home\",\"item\":\"https:\\\/\\\/www.eldigitaldeasturias.com\\\/noticias\",\"nextItem\":{\"@type\":\"ListItem\",\"@id\":\"https:\\\/\\\/www.eldigitaldeasturias.com\\\/noticias\\\/category\\\/actualidad\\\/#listItem\",\"name\":\"Actualidad\"}},{\"@type\":\"ListItem\",\"@id\":\"https:\\\/\\\/www.eldigitaldeasturias.com\\\/noticias\\\/category\\\/actualidad\\\/#listItem\",\"position\":2,\"name\":\"Actualidad\",\"item\":\"https:\\\/\\\/www.eldigitaldeasturias.com\\\/noticias\\\/category\\\/actualidad\\\/\",\"nextItem\":{\"@type\":\"ListItem\",\"@id\":\"https:\\\/\\\/www.eldigitaldeasturias.com\\\/noticias\\\/la-fiesta-del-corpus-de-hinojos-protegida-como-actividad-de-interes-etnologico\\\/#listItem\",\"name\":\"La Fiesta del Corpus de Hinojos, protegida como Actividad de Inter\\u00e9s Etnol\\u00f3gico\"},\"previousItem\":{\"@type\":\"ListItem\",\"@id\":\"https:\\\/\\\/www.eldigitaldeasturias.com\\\/noticias#listItem\",\"name\":\"Home\"}},{\"@type\":\"ListItem\",\"@id\":\"https:\\\/\\\/www.eldigitaldeasturias.com\\\/noticias\\\/la-fiesta-del-corpus-de-hinojos-protegida-como-actividad-de-interes-etnologico\\\/#listItem\",\"position\":3,\"name\":\"La Fiesta del Corpus de Hinojos, protegida como Actividad de Inter\\u00e9s Etnol\\u00f3gico\",\"previousItem\":{\"@type\":\"ListItem\",\"@id\":\"https:\\\/\\\/www.eldigitaldeasturias.com\\\/noticias\\\/category\\\/actualidad\\\/#listItem\",\"name\":\"Actualidad\"}}]},{\"@type\":\"Organization\",\"@id\":\"https:\\\/\\\/www.eldigitaldeasturias.com\\\/noticias\\\/#organization\",\"name\":\"El Digital de Asturias\",\"description\":\"Hemeroteca\",\"url\":\"https:\\\/\\\/www.eldigitaldeasturias.com\\\/noticias\\\/\",\"email\":\"info@eldigitaldeasturias.com\",\"telephone\":\"+34652131393\",\"logo\":{\"@type\":\"ImageObject\",\"url\":\"https:\\\/\\\/www.eldigitaldeasturias.com\\\/noticias\\\/wp-content\\\/uploads\\\/2020\\\/12\\\/EDA.jpg\",\"@id\":\"https:\\\/\\\/www.eldigitaldeasturias.com\\\/noticias\\\/la-fiesta-del-corpus-de-hinojos-protegida-como-actividad-de-interes-etnologico\\\/#organizationLogo\"},\"image\":{\"@id\":\"https:\\\/\\\/www.eldigitaldeasturias.com\\\/noticias\\\/la-fiesta-del-corpus-de-hinojos-protegida-como-actividad-de-interes-etnologico\\\/#organizationLogo\"},\"sameAs\":[\"https:\\\/\\\/facebook.com\\\/eldigitaldeasturias\",\"https:\\\/\\\/www.youtube.com\\\/channel\\\/UCZP-2wLEB9Rv6erhFmqVnvg\"],\"address\":{\"@id\":\"https:\\\/\\\/www.eldigitaldeasturias.com\\\/noticias\\\/#postaladdress\",\"@type\":\"PostalAddress\",\"streetAddress\":\"san antonio 4\",\"postalCode\":\"33430\",\"addressLocality\":\"Cand\\u00e1s\",\"addressRegion\":\"Asturias\",\"addressCountry\":\"ES\"}},{\"@type\":\"Person\",\"@id\":\"https:\\\/\\\/www.eldigitaldeasturias.com\\\/noticias\\\/author\\\/admin\\\/#author\",\"url\":\"https:\\\/\\\/www.eldigitaldeasturias.com\\\/noticias\\\/author\\\/admin\\\/\",\"name\":\"El Digital de Asturias\",\"image\":{\"@type\":\"ImageObject\",\"@id\":\"https:\\\/\\\/www.eldigitaldeasturias.com\\\/noticias\\\/la-fiesta-del-corpus-de-hinojos-protegida-como-actividad-de-interes-etnologico\\\/#authorImage\",\"url\":\"https:\\\/\\\/secure.gravatar.com\\\/avatar\\\/df2aeffc32bcd13f8d26072ef8a91b623d677766deac7f97ca815868cd41bf5e?s=96&d=mm&r=g\",\"width\":96,\"height\":96,\"caption\":\"El Digital de Asturias\"}},{\"@type\":\"WebPage\",\"@id\":\"https:\\\/\\\/www.eldigitaldeasturias.com\\\/noticias\\\/la-fiesta-del-corpus-de-hinojos-protegida-como-actividad-de-interes-etnologico\\\/#webpage\",\"url\":\"https:\\\/\\\/www.eldigitaldeasturias.com\\\/noticias\\\/la-fiesta-del-corpus-de-hinojos-protegida-como-actividad-de-interes-etnologico\\\/\",\"name\":\"La Fiesta del Corpus de Hinojos, protegida como Actividad de Inter\\u00e9s Etnol\\u00f3gico - El Digital de Asturias\",\"description\":\"El Consejo de Gobierno ha acordado inscribir en el Cat\\u00e1logo General del Patrimonio Hist\\u00f3rico Andaluz, como Bien de Inter\\u00e9s Cultural con la tipolog\\u00eda de Actividad de Inter\\u00e9s Etnol\\u00f3gico, la Fiesta del Corpus en Hinojos (Huelva). Esta celebraci\\u00f3n aparece documentada por primera vez a finales del siglo XVI, aunque cobra su actual dimensi\\u00f3n durante la primera\",\"inLanguage\":\"es-ES\",\"isPartOf\":{\"@id\":\"https:\\\/\\\/www.eldigitaldeasturias.com\\\/noticias\\\/#website\"},\"breadcrumb\":{\"@id\":\"https:\\\/\\\/www.eldigitaldeasturias.com\\\/noticias\\\/la-fiesta-del-corpus-de-hinojos-protegida-como-actividad-de-interes-etnologico\\\/#breadcrumblist\"},\"author\":{\"@id\":\"https:\\\/\\\/www.eldigitaldeasturias.com\\\/noticias\\\/author\\\/admin\\\/#author\"},\"creator\":{\"@id\":\"https:\\\/\\\/www.eldigitaldeasturias.com\\\/noticias\\\/author\\\/admin\\\/#author\"},\"image\":{\"@type\":\"ImageObject\",\"url\":980522,\"@id\":\"https:\\\/\\\/www.eldigitaldeasturias.com\\\/noticias\\\/la-fiesta-del-corpus-de-hinojos-protegida-como-actividad-de-interes-etnologico\\\/#mainImage\"},\"primaryImageOfPage\":{\"@id\":\"https:\\\/\\\/www.eldigitaldeasturias.com\\\/noticias\\\/la-fiesta-del-corpus-de-hinojos-protegida-como-actividad-de-interes-etnologico\\\/#mainImage\"},\"datePublished\":\"2018-05-15T20:44:25+02:00\",\"dateModified\":\"2018-05-15T20:44:25+02:00\"},{\"@type\":\"WebSite\",\"@id\":\"https:\\\/\\\/www.eldigitaldeasturias.com\\\/noticias\\\/#website\",\"url\":\"https:\\\/\\\/www.eldigitaldeasturias.com\\\/noticias\\\/\",\"name\":\"El Digital de Asturias - Diario de actualidad y noticias\",\"alternateName\":\"El Digital de Asturias - Diario de actualidad y noticias\",\"description\":\"Hemeroteca\",\"inLanguage\":\"es-ES\",\"publisher\":{\"@id\":\"https:\\\/\\\/www.eldigitaldeasturias.com\\\/noticias\\\/#organization\"}}]}\n\t\t<\/script>\n\t\t<!-- All in One SEO Pro -->\r\n\t\t<title>La Fiesta del Corpus de Hinojos, protegida como Actividad de Inter\u00e9s Etnol\u00f3gico - El Digital de Asturias<\/title>\n\n","aioseo_head_json":{"title":"La Fiesta del Corpus de Hinojos, protegida como Actividad de Inter\u00e9s Etnol\u00f3gico - El Digital de Asturias","description":"El Consejo de Gobierno ha acordado inscribir en el Cat\u00e1logo General del Patrimonio Hist\u00f3rico Andaluz, como Bien de Inter\u00e9s Cultural con la tipolog\u00eda de Actividad de Inter\u00e9s Etnol\u00f3gico, la Fiesta del Corpus en Hinojos (Huelva). Esta celebraci\u00f3n aparece documentada por primera vez a finales del siglo XVI, aunque cobra su actual dimensi\u00f3n durante la primera","canonical_url":"https:\/\/www.eldigitaldeasturias.com\/noticias\/la-fiesta-del-corpus-de-hinojos-protegida-como-actividad-de-interes-etnologico\/","robots":"max-image-preview:large","keywords":"actualidad","webmasterTools":{"google-site-verification":"UA-38556648-1","msvalidate.01":"7dfe9f3f1b24437ab69f4f2559babe99","miscellaneous":""},"schema":{"@context":"https:\/\/schema.org","@graph":[{"@type":"BlogPosting","@id":"https:\/\/www.eldigitaldeasturias.com\/noticias\/la-fiesta-del-corpus-de-hinojos-protegida-como-actividad-de-interes-etnologico\/#blogposting","name":"La Fiesta del Corpus de Hinojos, protegida como Actividad de Inter\u00e9s Etnol\u00f3gico - El Digital de Asturias","headline":"La Fiesta del Corpus de Hinojos, protegida como Actividad de Inter\u00e9s Etnol\u00f3gico","author":{"@id":"https:\/\/www.eldigitaldeasturias.com\/noticias\/author\/admin\/#author"},"publisher":{"@id":"https:\/\/www.eldigitaldeasturias.com\/noticias\/#organization"},"image":{"@type":"ImageObject","url":980522},"datePublished":"2018-05-15T20:44:25+02:00","dateModified":"2018-05-15T20:44:25+02:00","inLanguage":"es-ES","mainEntityOfPage":{"@id":"https:\/\/www.eldigitaldeasturias.com\/noticias\/la-fiesta-del-corpus-de-hinojos-protegida-como-actividad-de-interes-etnologico\/#webpage"},"isPartOf":{"@id":"https:\/\/www.eldigitaldeasturias.com\/noticias\/la-fiesta-del-corpus-de-hinojos-protegida-como-actividad-de-interes-etnologico\/#webpage"},"articleSection":"Actualidad"},{"@type":"BreadcrumbList","@id":"https:\/\/www.eldigitaldeasturias.com\/noticias\/la-fiesta-del-corpus-de-hinojos-protegida-como-actividad-de-interes-etnologico\/#breadcrumblist","itemListElement":[{"@type":"ListItem","@id":"https:\/\/www.eldigitaldeasturias.com\/noticias#listItem","position":1,"name":"Home","item":"https:\/\/www.eldigitaldeasturias.com\/noticias","nextItem":{"@type":"ListItem","@id":"https:\/\/www.eldigitaldeasturias.com\/noticias\/category\/actualidad\/#listItem","name":"Actualidad"}},{"@type":"ListItem","@id":"https:\/\/www.eldigitaldeasturias.com\/noticias\/category\/actualidad\/#listItem","position":2,"name":"Actualidad","item":"https:\/\/www.eldigitaldeasturias.com\/noticias\/category\/actualidad\/","nextItem":{"@type":"ListItem","@id":"https:\/\/www.eldigitaldeasturias.com\/noticias\/la-fiesta-del-corpus-de-hinojos-protegida-como-actividad-de-interes-etnologico\/#listItem","name":"La Fiesta del Corpus de Hinojos, protegida como Actividad de Inter\u00e9s Etnol\u00f3gico"},"previousItem":{"@type":"ListItem","@id":"https:\/\/www.eldigitaldeasturias.com\/noticias#listItem","name":"Home"}},{"@type":"ListItem","@id":"https:\/\/www.eldigitaldeasturias.com\/noticias\/la-fiesta-del-corpus-de-hinojos-protegida-como-actividad-de-interes-etnologico\/#listItem","position":3,"name":"La Fiesta del Corpus de Hinojos, protegida como Actividad de Inter\u00e9s Etnol\u00f3gico","previousItem":{"@type":"ListItem","@id":"https:\/\/www.eldigitaldeasturias.com\/noticias\/category\/actualidad\/#listItem","name":"Actualidad"}}]},{"@type":"Organization","@id":"https:\/\/www.eldigitaldeasturias.com\/noticias\/#organization","name":"El Digital de Asturias","description":"Hemeroteca","url":"https:\/\/www.eldigitaldeasturias.com\/noticias\/","email":"info@eldigitaldeasturias.com","telephone":"+34652131393","logo":{"@type":"ImageObject","url":"https:\/\/www.eldigitaldeasturias.com\/noticias\/wp-content\/uploads\/2020\/12\/EDA.jpg","@id":"https:\/\/www.eldigitaldeasturias.com\/noticias\/la-fiesta-del-corpus-de-hinojos-protegida-como-actividad-de-interes-etnologico\/#organizationLogo"},"image":{"@id":"https:\/\/www.eldigitaldeasturias.com\/noticias\/la-fiesta-del-corpus-de-hinojos-protegida-como-actividad-de-interes-etnologico\/#organizationLogo"},"sameAs":["https:\/\/facebook.com\/eldigitaldeasturias","https:\/\/www.youtube.com\/channel\/UCZP-2wLEB9Rv6erhFmqVnvg"],"address":{"@id":"https:\/\/www.eldigitaldeasturias.com\/noticias\/#postaladdress","@type":"PostalAddress","streetAddress":"san antonio 4","postalCode":"33430","addressLocality":"Cand\u00e1s","addressRegion":"Asturias","addressCountry":"ES"}},{"@type":"Person","@id":"https:\/\/www.eldigitaldeasturias.com\/noticias\/author\/admin\/#author","url":"https:\/\/www.eldigitaldeasturias.com\/noticias\/author\/admin\/","name":"El Digital de Asturias","image":{"@type":"ImageObject","@id":"https:\/\/www.eldigitaldeasturias.com\/noticias\/la-fiesta-del-corpus-de-hinojos-protegida-como-actividad-de-interes-etnologico\/#authorImage","url":"https:\/\/secure.gravatar.com\/avatar\/df2aeffc32bcd13f8d26072ef8a91b623d677766deac7f97ca815868cd41bf5e?s=96&d=mm&r=g","width":96,"height":96,"caption":"El Digital de Asturias"}},{"@type":"WebPage","@id":"https:\/\/www.eldigitaldeasturias.com\/noticias\/la-fiesta-del-corpus-de-hinojos-protegida-como-actividad-de-interes-etnologico\/#webpage","url":"https:\/\/www.eldigitaldeasturias.com\/noticias\/la-fiesta-del-corpus-de-hinojos-protegida-como-actividad-de-interes-etnologico\/","name":"La Fiesta del Corpus de Hinojos, protegida como Actividad de Inter\u00e9s Etnol\u00f3gico - El Digital de Asturias","description":"El Consejo de Gobierno ha acordado inscribir en el Cat\u00e1logo General del Patrimonio Hist\u00f3rico Andaluz, como Bien de Inter\u00e9s Cultural con la tipolog\u00eda de Actividad de Inter\u00e9s Etnol\u00f3gico, la Fiesta del Corpus en Hinojos (Huelva). Esta celebraci\u00f3n aparece documentada por primera vez a finales del siglo XVI, aunque cobra su actual dimensi\u00f3n durante la primera","inLanguage":"es-ES","isPartOf":{"@id":"https:\/\/www.eldigitaldeasturias.com\/noticias\/#website"},"breadcrumb":{"@id":"https:\/\/www.eldigitaldeasturias.com\/noticias\/la-fiesta-del-corpus-de-hinojos-protegida-como-actividad-de-interes-etnologico\/#breadcrumblist"},"author":{"@id":"https:\/\/www.eldigitaldeasturias.com\/noticias\/author\/admin\/#author"},"creator":{"@id":"https:\/\/www.eldigitaldeasturias.com\/noticias\/author\/admin\/#author"},"image":{"@type":"ImageObject","url":980522,"@id":"https:\/\/www.eldigitaldeasturias.com\/noticias\/la-fiesta-del-corpus-de-hinojos-protegida-como-actividad-de-interes-etnologico\/#mainImage"},"primaryImageOfPage":{"@id":"https:\/\/www.eldigitaldeasturias.com\/noticias\/la-fiesta-del-corpus-de-hinojos-protegida-como-actividad-de-interes-etnologico\/#mainImage"},"datePublished":"2018-05-15T20:44:25+02:00","dateModified":"2018-05-15T20:44:25+02:00"},{"@type":"WebSite","@id":"https:\/\/www.eldigitaldeasturias.com\/noticias\/#website","url":"https:\/\/www.eldigitaldeasturias.com\/noticias\/","name":"El Digital de Asturias - Diario de actualidad y noticias","alternateName":"El Digital de Asturias - Diario de actualidad y noticias","description":"Hemeroteca","inLanguage":"es-ES","publisher":{"@id":"https:\/\/www.eldigitaldeasturias.com\/noticias\/#organization"}}]},"og:locale":"es_ES","og:site_name":"El Digital de Asturias","og:type":"article","og:title":"La Fiesta del Corpus de Hinojos, protegida como Actividad de Inter\u00e9s Etnol\u00f3gico - El Digital de Asturias","og:description":"El Consejo de Gobierno ha acordado inscribir en el Cat\u00e1logo General del Patrimonio Hist\u00f3rico Andaluz, como Bien de Inter\u00e9s Cultural con la tipolog\u00eda de Actividad de Inter\u00e9s Etnol\u00f3gico, la Fiesta del Corpus en Hinojos (Huelva). Esta celebraci\u00f3n aparece documentada por primera vez a finales del siglo XVI, aunque cobra su actual dimensi\u00f3n durante la primera","og:url":"https:\/\/www.eldigitaldeasturias.com\/noticias\/la-fiesta-del-corpus-de-hinojos-protegida-como-actividad-de-interes-etnologico\/","article:tag":["actualidad"],"article:published_time":"2018-05-15T20:44:25+00:00","article:modified_time":"2018-05-15T20:44:25+00:00","article:publisher":"https:\/\/facebook.com\/eldigitaldeasturias","twitter:card":"summary_large_image","twitter:title":"La Fiesta del Corpus de Hinojos, protegida como Actividad de Inter\u00e9s Etnol\u00f3gico - El Digital de Asturias","twitter:description":"El Consejo de Gobierno ha acordado inscribir en el Cat\u00e1logo General del Patrimonio Hist\u00f3rico Andaluz, como Bien de Inter\u00e9s Cultural con la tipolog\u00eda de Actividad de Inter\u00e9s Etnol\u00f3gico, la Fiesta del Corpus en Hinojos (Huelva). Esta celebraci\u00f3n aparece documentada por primera vez a finales del siglo XVI, aunque cobra su actual dimensi\u00f3n durante la primera","twitter:image":"https:\/\/www.eldigitaldeasturias.com\/noticias\/wp-content\/uploads\/2020\/12\/EDA-1.jpg","twitter:label1":"Escrito por","twitter:data1":"El Digital de Asturias","twitter:label2":"Tiempo de lectura estimado","twitter:data2":"3 minutos"},"aioseo_meta_data":{"post_id":"980521","title":null,"description":null,"keywords":null,"keyphrases":null,"primary_term":null,"canonical_url":null,"og_title":null,"og_description":null,"og_object_type":"default","og_image_type":"default","og_image_url":null,"og_image_width":null,"og_image_height":null,"og_image_custom_url":null,"og_image_custom_fields":null,"og_video":null,"og_custom_url":null,"og_article_section":null,"og_article_tags":null,"twitter_use_og":false,"twitter_card":"default","twitter_image_type":"default","twitter_image_url":null,"twitter_image_custom_url":null,"twitter_image_custom_fields":null,"twitter_title":null,"twitter_description":null,"schema":{"blockGraphs":[],"customGraphs":[],"default":{"data":{"Article":[],"Course":[],"Dataset":[],"FAQPage":[],"Movie":[],"Person":[],"Product":[],"ProductReview":[],"Car":[],"Recipe":[],"Service":[],"SoftwareApplication":[],"WebPage":[]},"graphName":"","isEnabled":true},"graphs":[],"defaultGraph":"","defaultPostTypeGraph":""},"schema_type":null,"schema_type_options":null,"pillar_content":false,"robots_default":true,"robots_noindex":false,"robots_noarchive":false,"robots_nosnippet":false,"robots_nofollow":false,"robots_noimageindex":false,"robots_noodp":false,"robots_notranslate":false,"robots_max_snippet":null,"robots_max_videopreview":null,"robots_max_imagepreview":"large","priority":null,"frequency":null,"local_seo":null,"seo_analyzer_scan_date":"2025-10-08 18:13:03","breadcrumb_settings":null,"limit_modified_date":false,"open_ai":null,"ai":null,"created":"2020-12-21 11:56:38","updated":"2025-10-08 18:13:03","focus_keyword":null,"additional_keywords":null,"truseo_locale":null},"aioseo_breadcrumb":"<div class=\"aioseo-breadcrumbs\"><span class=\"aioseo-breadcrumb\">\n\t<a href=\"https:\/\/www.eldigitaldeasturias.com\/noticias\" title=\"Home\">Home<\/a>\n<\/span><span class=\"aioseo-breadcrumb-separator\">\u2013<\/span><span class=\"aioseo-breadcrumb\">\n\t<a href=\"https:\/\/www.eldigitaldeasturias.com\/noticias\/category\/actualidad\/\" title=\"Actualidad\">Actualidad<\/a>\n<\/span><span class=\"aioseo-breadcrumb-separator\">\u2013<\/span><span class=\"aioseo-breadcrumb\">\n\t<a href=\"https:\/\/www.eldigitaldeasturias.com\/noticias\/la-fiesta-del-corpus-de-hinojos-protegida-como-actividad-de-interes-etnologico\/\" title=\"La Fiesta del Corpus de Hinojos, protegida como Actividad de Inter\u00e9s Etnol\u00f3gico\">La Fiesta del Corpus de Hinojos, protegida como Actividad de Inter\u00e9s Etnol\u00f3gico<\/a>\n<\/span><\/div>","aioseo_breadcrumb_json":[{"label":"Home","link":"https:\/\/www.eldigitaldeasturias.com\/noticias"},{"label":"Actualidad","link":"https:\/\/www.eldigitaldeasturias.com\/noticias\/category\/actualidad\/"},{"label":"La Fiesta del Corpus de Hinojos, protegida como Actividad de Inter\u00e9s Etnol\u00f3gico","link":"https:\/\/www.eldigitaldeasturias.com\/noticias\/la-fiesta-del-corpus-de-hinojos-protegida-como-actividad-de-interes-etnologico\/"}],"_links":{"self":[{"href":"https:\/\/www.eldigitaldeasturias.com\/noticias\/wp-json\/wp\/v2\/posts\/980521","targetHints":{"allow":["GET"]}}],"collection":[{"href":"https:\/\/www.eldigitaldeasturias.com\/noticias\/wp-json\/wp\/v2\/posts"}],"about":[{"href":"https:\/\/www.eldigitaldeasturias.com\/noticias\/wp-json\/wp\/v2\/types\/post"}],"author":[{"embeddable":true,"href":"https:\/\/www.eldigitaldeasturias.com\/noticias\/wp-json\/wp\/v2\/users\/1"}],"replies":[{"embeddable":true,"href":"https:\/\/www.eldigitaldeasturias.com\/noticias\/wp-json\/wp\/v2\/comments?post=980521"}],"version-history":[{"count":0,"href":"https:\/\/www.eldigitaldeasturias.com\/noticias\/wp-json\/wp\/v2\/posts\/980521\/revisions"}],"wp:attachment":[{"href":"https:\/\/www.eldigitaldeasturias.com\/noticias\/wp-json\/wp\/v2\/media?parent=980521"}],"wp:term":[{"taxonomy":"category","embeddable":true,"href":"https:\/\/www.eldigitaldeasturias.com\/noticias\/wp-json\/wp\/v2\/categories?post=980521"},{"taxonomy":"post_tag","embeddable":true,"href":"https:\/\/www.eldigitaldeasturias.com\/noticias\/wp-json\/wp\/v2\/tags?post=980521"}],"curies":[{"name":"wp","href":"https:\/\/api.w.org\/{rel}","templated":true}]}}