{"id":980516,"date":"2018-05-15T20:34:54","date_gmt":"2018-05-15T20:34:54","guid":{"rendered":"http:\/\/www.eldigitaldeasturias.com\/noticias\/?p=980516"},"modified":"2018-05-15T20:34:54","modified_gmt":"2018-05-15T20:34:54","slug":"broto-hay-que-unir-la-paz-con-otras-formas-de-hacer-politica","status":"publish","type":"post","link":"https:\/\/www.eldigitaldeasturias.com\/noticias\/broto-hay-que-unir-la-paz-con-otras-formas-de-hacer-politica\/","title":{"rendered":"Broto: \u201cHay que unir la paz con otras formas de hacer pol\u00edtica\u201d"},"content":{"rendered":"<p><img loading=\"lazy\" decoding=\"async\" class=\"alignleft size-medium wp-image-980517\" src=\"https:\/\/www.eldigitaldeasturias.com\/noticias\/wp-content\/uploads\/2018\/05\/Dialogos_de_paz-360x159.jpg\" alt=\"\" width=\"360\" height=\"159\" \/>La consejera de Ciudadan\u00eda y Derechos Sociales, Mar\u00eda Victoria Broto, ha moderado esta tarde la mesa de debate \u201cDi\u00e1logos de paz, de Colombia al Pa\u00eds Vasco\u201d en la que han participado el ex diputado Eduardo Madina y el presidente de la regi\u00f3n colombiana de Nari\u00f1o, Camilo Romero.<\/p>\n<p>Durante el encuentro se ha conversado sobre paz, pero tambi\u00e9n sobre participaci\u00f3n, di\u00e1logo, gobierno abierto, econom\u00eda colaborativa, \u201calgo que para este Gobierno es una se\u00f1a de identidad\u201d, seg\u00fan ha apuntado la consejera de Ciudadan\u00eda y Derechos Sociales. Broto ha sostenido que \u201chay que unir la paz con otras formas de hacer pol\u00edtica\u201d.<\/p>\n<p>Este acto (organizado por la Direcci\u00f3n General de Participaci\u00f3n Ciudadana, Transparencia, Cooperaci\u00f3n y Voluntariado en colaboraci\u00f3n con la Universidad de Zaragoza) se ha celebrado pocos d\u00edas despu\u00e9s de que ETA anunciara su disoluci\u00f3n definitiva y cerca de un a\u00f1o despu\u00e9s del acuerdo de Paz entre el gobierno de Colombia y las FARC.<\/p>\n<p>En opini\u00f3n de Eduardo Madina, \u201csiempre ha habido dos carriles que han orientado la ruta en la lucha antiterrorista y en la resistencia c\u00edvica contra el terrorismo de Espa\u00f1a y de la sociedad vasca durante todas estas \u00e9pocas: justicia y memoria\u201d. \u201cYo s\u00e9 que hay quien lo interpreta de otra manera, pero yo siempre lo he hecho sobre la justicia y la memoria\u201d, ha indicado Madina. \u201cJusticia porque creo que las m\u00e1s de 850 personas asesinadas merecen justicia y, precisamente, porque creo que esas m\u00e1s de 850 personas asesinadas merecen memoria\u201d, ha expuesto.<\/p>\n<p>\u201cAqu\u00ed hay un riesgo, que algunos creen que es un atajo, y que es el olvido, pero si el olvido es un atajo para algunos, como mucho lo es para esconder su mala conciencia sobre lo hecho en los a\u00f1os m\u00e1s duros, en los a\u00f1os de plomo, en los a\u00f1os m\u00e1s oscuros que vivimos en Espa\u00f1a cuando ETA mataba a 80, 90 personas al a\u00f1o, cuando estaba activa y golpeaba duramente en cualquier lugar de Espa\u00f1a, tambi\u00e9n cerca de aqu\u00ed\u201d, ha a\u00f1adido el exdiputado en su paso por Zaragoza. Madina apunta a la justicia y la memoria como ruta en la lucha antiterrorista \u201cporque el olvido no conduce a nada m\u00e1s que a la creaci\u00f3n de una nueva zona de amnesia\u201d.<\/p>\n<p>Por su parte, Camilo Romero ha afirmado que \u201ca nivel internacional se ha dado m\u00e1s \u00e9nfasis y valor hist\u00f3rico a esa paz nuestra que a lo que ha hecho nuestra propia ciudadan\u00eda y sociedad\u201d. \u201cEs decir, bienvenido el reconocimiento del presidente Santos, pero tambi\u00e9n estamos para reconocer unas realidades dentro de Colombia y en Nari\u00f1o donde esa paz todav\u00eda est\u00e1 ausente\u201d, ha a\u00f1adido Romero.<\/p>\n<p>\u201cLa gran reflexi\u00f3n y el reto que tenemos hoy podemos llamarlo los nuevos conflictos de la paz, despu\u00e9s de esa paz \u00bfqu\u00e9 ocurre? Hay un reto inmenso, ser\u00eda un grado de conciencia m\u00ednimo resolver problemas estructurales que no est\u00e1n resueltos en nuestra ciudadan\u00eda todav\u00eda, en territorios como Nari\u00f1o, para entender que el fin de un conflicto signifique m\u00e1s que una firma de paz entre el Gobierno y las FARC\u201d, ha apuntado el gobernador de Nari\u00f1o. \u201cYo creo que el gran reto est\u00e1 en que seamos capaces de curar esos or\u00edgenes que en alg\u00fan momento de inconformidad se pudieron dar y que hoy es un caldo de cultivo en muchos territorios de Colombia\u201d, ha manifestado Romero.<\/p>\n<p>Eduardo Madina fue Secretario General del Grupo Parlamentario Socialista en el Congreso de los Diputados y aspirante a la Secretar\u00eda General del Partido en 2014. Durante su carrera pol\u00edtica siempre ha reivindicado la necesidad de lograr la paz en el Pa\u00eds Vasco. En 2002, fue v\u00edctima de una bomba lapa en su coche, cuando ten\u00eda 26 a\u00f1os. En la actualidad dirige la Unidad de An\u00e1lisis y Estudios de KREAB.<\/p>\n<p>Camilo Romero fue el senador m\u00e1s joven de Colombia y actualmente es el gobernador de la regi\u00f3n que m\u00e1s ha sufrido en el periodo de postconflicto con las FARC, Nari\u00f1o, que es tambi\u00e9n una de las zonas m\u00e1s disputadas por sus caracter\u00edsticas geoestrat\u00e9gicas por el narco, lo que queda de guerrilla y los paramilitares. Romero fue uno de los l\u00edderes que m\u00e1s se comprometi\u00f3 con el proceso de Paz en Colombia y, actualmente, la regi\u00f3n que gobierna est\u00e1 adquiriendo tambi\u00e9n resonancia internacional por su agenda basada en los pilares de Gobierno Abierto, Innovaci\u00f3n Social y Econom\u00eda Colaborativa. Cuenta con proyectos que la ubican como una de las regiones m\u00e1s innovadoras, tales como CISNA, C\u00e1tedra Futuro o Laboratorio x la Paz.<\/p>\n<p>Esta ma\u00f1ana, adem\u00e1s, Broto y Romero han firmado una declaraci\u00f3n conjunta de colaboraci\u00f3n y asistencia entre Arag\u00f3n y Nari\u00f1o en la que ambos territorios plasman su voluntad por trabajar conjuntamente en cuestiones relacionadas con la paz, la defensa de la libertad o el intercambio de buenas pr\u00e1cticas para la transferencia de conocimiento.<\/p>\n<p>El Departamento de Ciudadan\u00eda y Derechos Sociales del Gobierno de Arag\u00f3n lidera toda la estrategia de cooperaci\u00f3n al desarrollo encuadrada en la agenda 2030 y los 17 Objetivos de Desarrollo Sostenible, entre los que destaca la Paz como el m\u00e1s elemental de todos.<\/p>\n","protected":false},"excerpt":{"rendered":"<p>La consejera de Ciudadan\u00eda y Derechos Sociales, Mar\u00eda Victoria Broto, ha moderado esta tarde la mesa de debate \u201cDi\u00e1logos de paz, de Colombia al Pa\u00eds Vasco\u201d en la que han participado el ex diputado Eduardo Madina y el presidente de la regi\u00f3n colombiana de Nari\u00f1o, Camilo Romero. Durante el encuentro se ha conversado sobre paz, [&hellip;]<\/p>\n","protected":false},"author":1,"featured_media":980517,"comment_status":"closed","ping_status":"closed","sticky":false,"template":"","format":"standard","meta":{"footnotes":""},"categories":[1],"tags":[],"class_list":["post-980516","post","type-post","status-publish","format-standard","has-post-thumbnail","hentry","category-actualidad"],"aioseo_notices":[],"aioseo_head":"\n\t\t<!-- All in One SEO Pro 5.0.1 - aioseo.com -->\n\t<meta name=\"description\" content=\"La consejera de Ciudadan\u00eda y Derechos Sociales, Mar\u00eda Victoria Broto, ha moderado esta tarde la mesa de debate \u201cDi\u00e1logos de paz, de Colombia al Pa\u00eds Vasco\u201d en la que han participado el ex diputado Eduardo Madina y el presidente de la regi\u00f3n colombiana de Nari\u00f1o, Camilo Romero. Durante el encuentro se ha conversado sobre paz,\" \/>\n\t<meta name=\"robots\" content=\"max-image-preview:large\" \/>\n\t<meta name=\"author\" content=\"El Digital de Asturias\"\/>\n\t<meta name=\"google-site-verification\" content=\"UA-38556648-1\" \/>\n\t<meta name=\"msvalidate.01\" content=\"7dfe9f3f1b24437ab69f4f2559babe99\" \/>\n\t<meta name=\"keywords\" content=\"actualidad\" \/>\n\t<link rel=\"canonical\" href=\"https:\/\/www.eldigitaldeasturias.com\/noticias\/broto-hay-que-unir-la-paz-con-otras-formas-de-hacer-politica\/\" \/>\n\t<meta name=\"generator\" content=\"All in One SEO Pro (AIOSEO) 5.0.1\" \/>\n\t\t<meta property=\"og:locale\" content=\"es_ES\" \/>\n\t\t<meta property=\"og:site_name\" content=\"El Digital de Asturias\" \/>\n\t\t<meta property=\"og:type\" content=\"article\" \/>\n\t\t<meta property=\"og:title\" content=\"Broto: \u201cHay que unir la paz con otras formas de hacer pol\u00edtica\u201d - El Digital de Asturias\" \/>\n\t\t<meta property=\"og:description\" content=\"La consejera de Ciudadan\u00eda y Derechos Sociales, Mar\u00eda Victoria Broto, ha moderado esta tarde la mesa de debate \u201cDi\u00e1logos de paz, de Colombia al Pa\u00eds Vasco\u201d en la que han participado el ex diputado Eduardo Madina y el presidente de la regi\u00f3n colombiana de Nari\u00f1o, Camilo Romero. Durante el encuentro se ha conversado sobre paz,\" \/>\n\t\t<meta property=\"og:url\" content=\"https:\/\/www.eldigitaldeasturias.com\/noticias\/broto-hay-que-unir-la-paz-con-otras-formas-de-hacer-politica\/\" \/>\n\t\t<meta property=\"article:tag\" content=\"actualidad\" \/>\n\t\t<meta property=\"article:published_time\" content=\"2018-05-15T20:34:54+00:00\" \/>\n\t\t<meta property=\"article:modified_time\" content=\"2018-05-15T20:34:54+00:00\" \/>\n\t\t<meta property=\"article:publisher\" content=\"https:\/\/facebook.com\/eldigitaldeasturias\" \/>\n\t\t<meta name=\"twitter:card\" content=\"summary_large_image\" \/>\n\t\t<meta name=\"twitter:title\" content=\"Broto: \u201cHay que unir la paz con otras formas de hacer pol\u00edtica\u201d - El Digital de Asturias\" \/>\n\t\t<meta name=\"twitter:description\" content=\"La consejera de Ciudadan\u00eda y Derechos Sociales, Mar\u00eda Victoria Broto, ha moderado esta tarde la mesa de debate \u201cDi\u00e1logos de paz, de Colombia al Pa\u00eds Vasco\u201d en la que han participado el ex diputado Eduardo Madina y el presidente de la regi\u00f3n colombiana de Nari\u00f1o, Camilo Romero. Durante el encuentro se ha conversado sobre paz,\" \/>\n\t\t<meta name=\"twitter:image\" content=\"https:\/\/www.eldigitaldeasturias.com\/noticias\/wp-content\/uploads\/2020\/12\/EDA-1.jpg\" \/>\n\t\t<meta name=\"twitter:label1\" content=\"Escrito por\" \/>\n\t\t<meta name=\"twitter:data1\" content=\"El Digital de Asturias\" \/>\n\t\t<meta name=\"twitter:label2\" content=\"Tiempo de lectura estimado\" \/>\n\t\t<meta name=\"twitter:data2\" content=\"5 minutos\" \/>\n\t\t<script type=\"application\/ld+json\" class=\"aioseo-schema\">\n\t\t\t{\"@context\":\"https:\\\/\\\/schema.org\",\"@graph\":[{\"@type\":\"BlogPosting\",\"@id\":\"https:\\\/\\\/www.eldigitaldeasturias.com\\\/noticias\\\/broto-hay-que-unir-la-paz-con-otras-formas-de-hacer-politica\\\/#blogposting\",\"name\":\"Broto: \\u201cHay que unir la paz con otras formas de hacer pol\\u00edtica\\u201d - El Digital de Asturias\",\"headline\":\"Broto: \\u201cHay que unir la paz con otras formas de hacer pol\\u00edtica\\u201d\",\"author\":{\"@id\":\"https:\\\/\\\/www.eldigitaldeasturias.com\\\/noticias\\\/author\\\/admin\\\/#author\"},\"publisher\":{\"@id\":\"https:\\\/\\\/www.eldigitaldeasturias.com\\\/noticias\\\/#organization\"},\"image\":{\"@type\":\"ImageObject\",\"url\":980517},\"datePublished\":\"2018-05-15T20:34:54+02:00\",\"dateModified\":\"2018-05-15T20:34:54+02:00\",\"inLanguage\":\"es-ES\",\"mainEntityOfPage\":{\"@id\":\"https:\\\/\\\/www.eldigitaldeasturias.com\\\/noticias\\\/broto-hay-que-unir-la-paz-con-otras-formas-de-hacer-politica\\\/#webpage\"},\"isPartOf\":{\"@id\":\"https:\\\/\\\/www.eldigitaldeasturias.com\\\/noticias\\\/broto-hay-que-unir-la-paz-con-otras-formas-de-hacer-politica\\\/#webpage\"},\"articleSection\":\"Actualidad\"},{\"@type\":\"BreadcrumbList\",\"@id\":\"https:\\\/\\\/www.eldigitaldeasturias.com\\\/noticias\\\/broto-hay-que-unir-la-paz-con-otras-formas-de-hacer-politica\\\/#breadcrumblist\",\"itemListElement\":[{\"@type\":\"ListItem\",\"@id\":\"https:\\\/\\\/www.eldigitaldeasturias.com\\\/noticias#listItem\",\"position\":1,\"name\":\"Home\",\"item\":\"https:\\\/\\\/www.eldigitaldeasturias.com\\\/noticias\",\"nextItem\":{\"@type\":\"ListItem\",\"@id\":\"https:\\\/\\\/www.eldigitaldeasturias.com\\\/noticias\\\/category\\\/actualidad\\\/#listItem\",\"name\":\"Actualidad\"}},{\"@type\":\"ListItem\",\"@id\":\"https:\\\/\\\/www.eldigitaldeasturias.com\\\/noticias\\\/category\\\/actualidad\\\/#listItem\",\"position\":2,\"name\":\"Actualidad\",\"item\":\"https:\\\/\\\/www.eldigitaldeasturias.com\\\/noticias\\\/category\\\/actualidad\\\/\",\"nextItem\":{\"@type\":\"ListItem\",\"@id\":\"https:\\\/\\\/www.eldigitaldeasturias.com\\\/noticias\\\/broto-hay-que-unir-la-paz-con-otras-formas-de-hacer-politica\\\/#listItem\",\"name\":\"Broto: \\u201cHay que unir la paz con otras formas de hacer pol\\u00edtica\\u201d\"},\"previousItem\":{\"@type\":\"ListItem\",\"@id\":\"https:\\\/\\\/www.eldigitaldeasturias.com\\\/noticias#listItem\",\"name\":\"Home\"}},{\"@type\":\"ListItem\",\"@id\":\"https:\\\/\\\/www.eldigitaldeasturias.com\\\/noticias\\\/broto-hay-que-unir-la-paz-con-otras-formas-de-hacer-politica\\\/#listItem\",\"position\":3,\"name\":\"Broto: \\u201cHay que unir la paz con otras formas de hacer pol\\u00edtica\\u201d\",\"previousItem\":{\"@type\":\"ListItem\",\"@id\":\"https:\\\/\\\/www.eldigitaldeasturias.com\\\/noticias\\\/category\\\/actualidad\\\/#listItem\",\"name\":\"Actualidad\"}}]},{\"@type\":\"Organization\",\"@id\":\"https:\\\/\\\/www.eldigitaldeasturias.com\\\/noticias\\\/#organization\",\"name\":\"El Digital de Asturias\",\"description\":\"Hemeroteca\",\"url\":\"https:\\\/\\\/www.eldigitaldeasturias.com\\\/noticias\\\/\",\"email\":\"info@eldigitaldeasturias.com\",\"telephone\":\"+34652131393\",\"logo\":{\"@type\":\"ImageObject\",\"url\":\"https:\\\/\\\/www.eldigitaldeasturias.com\\\/noticias\\\/wp-content\\\/uploads\\\/2020\\\/12\\\/EDA.jpg\",\"@id\":\"https:\\\/\\\/www.eldigitaldeasturias.com\\\/noticias\\\/broto-hay-que-unir-la-paz-con-otras-formas-de-hacer-politica\\\/#organizationLogo\"},\"image\":{\"@id\":\"https:\\\/\\\/www.eldigitaldeasturias.com\\\/noticias\\\/broto-hay-que-unir-la-paz-con-otras-formas-de-hacer-politica\\\/#organizationLogo\"},\"sameAs\":[\"https:\\\/\\\/facebook.com\\\/eldigitaldeasturias\",\"https:\\\/\\\/www.youtube.com\\\/channel\\\/UCZP-2wLEB9Rv6erhFmqVnvg\"],\"address\":{\"@id\":\"https:\\\/\\\/www.eldigitaldeasturias.com\\\/noticias\\\/#postaladdress\",\"@type\":\"PostalAddress\",\"streetAddress\":\"san antonio 4\",\"postalCode\":\"33430\",\"addressLocality\":\"Cand\\u00e1s\",\"addressRegion\":\"Asturias\",\"addressCountry\":\"ES\"}},{\"@type\":\"Person\",\"@id\":\"https:\\\/\\\/www.eldigitaldeasturias.com\\\/noticias\\\/author\\\/admin\\\/#author\",\"url\":\"https:\\\/\\\/www.eldigitaldeasturias.com\\\/noticias\\\/author\\\/admin\\\/\",\"name\":\"El Digital de Asturias\",\"image\":{\"@type\":\"ImageObject\",\"@id\":\"https:\\\/\\\/www.eldigitaldeasturias.com\\\/noticias\\\/broto-hay-que-unir-la-paz-con-otras-formas-de-hacer-politica\\\/#authorImage\",\"url\":\"https:\\\/\\\/secure.gravatar.com\\\/avatar\\\/df2aeffc32bcd13f8d26072ef8a91b623d677766deac7f97ca815868cd41bf5e?s=96&d=mm&r=g\",\"width\":96,\"height\":96,\"caption\":\"El Digital de Asturias\"}},{\"@type\":\"WebPage\",\"@id\":\"https:\\\/\\\/www.eldigitaldeasturias.com\\\/noticias\\\/broto-hay-que-unir-la-paz-con-otras-formas-de-hacer-politica\\\/#webpage\",\"url\":\"https:\\\/\\\/www.eldigitaldeasturias.com\\\/noticias\\\/broto-hay-que-unir-la-paz-con-otras-formas-de-hacer-politica\\\/\",\"name\":\"Broto: \\u201cHay que unir la paz con otras formas de hacer pol\\u00edtica\\u201d - El Digital de Asturias\",\"description\":\"La consejera de Ciudadan\\u00eda y Derechos Sociales, Mar\\u00eda Victoria Broto, ha moderado esta tarde la mesa de debate \\u201cDi\\u00e1logos de paz, de Colombia al Pa\\u00eds Vasco\\u201d en la que han participado el ex diputado Eduardo Madina y el presidente de la regi\\u00f3n colombiana de Nari\\u00f1o, Camilo Romero. Durante el encuentro se ha conversado sobre paz,\",\"inLanguage\":\"es-ES\",\"isPartOf\":{\"@id\":\"https:\\\/\\\/www.eldigitaldeasturias.com\\\/noticias\\\/#website\"},\"breadcrumb\":{\"@id\":\"https:\\\/\\\/www.eldigitaldeasturias.com\\\/noticias\\\/broto-hay-que-unir-la-paz-con-otras-formas-de-hacer-politica\\\/#breadcrumblist\"},\"author\":{\"@id\":\"https:\\\/\\\/www.eldigitaldeasturias.com\\\/noticias\\\/author\\\/admin\\\/#author\"},\"creator\":{\"@id\":\"https:\\\/\\\/www.eldigitaldeasturias.com\\\/noticias\\\/author\\\/admin\\\/#author\"},\"image\":{\"@type\":\"ImageObject\",\"url\":980517,\"@id\":\"https:\\\/\\\/www.eldigitaldeasturias.com\\\/noticias\\\/broto-hay-que-unir-la-paz-con-otras-formas-de-hacer-politica\\\/#mainImage\"},\"primaryImageOfPage\":{\"@id\":\"https:\\\/\\\/www.eldigitaldeasturias.com\\\/noticias\\\/broto-hay-que-unir-la-paz-con-otras-formas-de-hacer-politica\\\/#mainImage\"},\"datePublished\":\"2018-05-15T20:34:54+02:00\",\"dateModified\":\"2018-05-15T20:34:54+02:00\"},{\"@type\":\"WebSite\",\"@id\":\"https:\\\/\\\/www.eldigitaldeasturias.com\\\/noticias\\\/#website\",\"url\":\"https:\\\/\\\/www.eldigitaldeasturias.com\\\/noticias\\\/\",\"name\":\"El Digital de Asturias - Diario de actualidad y noticias\",\"alternateName\":\"El Digital de Asturias - Diario de actualidad y noticias\",\"description\":\"Hemeroteca\",\"inLanguage\":\"es-ES\",\"publisher\":{\"@id\":\"https:\\\/\\\/www.eldigitaldeasturias.com\\\/noticias\\\/#organization\"}}]}\n\t\t<\/script>\n\t\t<!-- All in One SEO Pro -->\r\n\t\t<title>Broto: \u201cHay que unir la paz con otras formas de hacer pol\u00edtica\u201d - El Digital de Asturias<\/title>\n\n","aioseo_head_json":{"title":"Broto: \u201cHay que unir la paz con otras formas de hacer pol\u00edtica\u201d - El Digital de Asturias","description":"La consejera de Ciudadan\u00eda y Derechos Sociales, Mar\u00eda Victoria Broto, ha moderado esta tarde la mesa de debate \u201cDi\u00e1logos de paz, de Colombia al Pa\u00eds Vasco\u201d en la que han participado el ex diputado Eduardo Madina y el presidente de la regi\u00f3n colombiana de Nari\u00f1o, Camilo Romero. Durante el encuentro se ha conversado sobre paz,","canonical_url":"https:\/\/www.eldigitaldeasturias.com\/noticias\/broto-hay-que-unir-la-paz-con-otras-formas-de-hacer-politica\/","robots":"max-image-preview:large","keywords":"actualidad","webmasterTools":{"google-site-verification":"UA-38556648-1","msvalidate.01":"7dfe9f3f1b24437ab69f4f2559babe99","miscellaneous":""},"schema":{"@context":"https:\/\/schema.org","@graph":[{"@type":"BlogPosting","@id":"https:\/\/www.eldigitaldeasturias.com\/noticias\/broto-hay-que-unir-la-paz-con-otras-formas-de-hacer-politica\/#blogposting","name":"Broto: \u201cHay que unir la paz con otras formas de hacer pol\u00edtica\u201d - El Digital de Asturias","headline":"Broto: \u201cHay que unir la paz con otras formas de hacer pol\u00edtica\u201d","author":{"@id":"https:\/\/www.eldigitaldeasturias.com\/noticias\/author\/admin\/#author"},"publisher":{"@id":"https:\/\/www.eldigitaldeasturias.com\/noticias\/#organization"},"image":{"@type":"ImageObject","url":980517},"datePublished":"2018-05-15T20:34:54+02:00","dateModified":"2018-05-15T20:34:54+02:00","inLanguage":"es-ES","mainEntityOfPage":{"@id":"https:\/\/www.eldigitaldeasturias.com\/noticias\/broto-hay-que-unir-la-paz-con-otras-formas-de-hacer-politica\/#webpage"},"isPartOf":{"@id":"https:\/\/www.eldigitaldeasturias.com\/noticias\/broto-hay-que-unir-la-paz-con-otras-formas-de-hacer-politica\/#webpage"},"articleSection":"Actualidad"},{"@type":"BreadcrumbList","@id":"https:\/\/www.eldigitaldeasturias.com\/noticias\/broto-hay-que-unir-la-paz-con-otras-formas-de-hacer-politica\/#breadcrumblist","itemListElement":[{"@type":"ListItem","@id":"https:\/\/www.eldigitaldeasturias.com\/noticias#listItem","position":1,"name":"Home","item":"https:\/\/www.eldigitaldeasturias.com\/noticias","nextItem":{"@type":"ListItem","@id":"https:\/\/www.eldigitaldeasturias.com\/noticias\/category\/actualidad\/#listItem","name":"Actualidad"}},{"@type":"ListItem","@id":"https:\/\/www.eldigitaldeasturias.com\/noticias\/category\/actualidad\/#listItem","position":2,"name":"Actualidad","item":"https:\/\/www.eldigitaldeasturias.com\/noticias\/category\/actualidad\/","nextItem":{"@type":"ListItem","@id":"https:\/\/www.eldigitaldeasturias.com\/noticias\/broto-hay-que-unir-la-paz-con-otras-formas-de-hacer-politica\/#listItem","name":"Broto: \u201cHay que unir la paz con otras formas de hacer pol\u00edtica\u201d"},"previousItem":{"@type":"ListItem","@id":"https:\/\/www.eldigitaldeasturias.com\/noticias#listItem","name":"Home"}},{"@type":"ListItem","@id":"https:\/\/www.eldigitaldeasturias.com\/noticias\/broto-hay-que-unir-la-paz-con-otras-formas-de-hacer-politica\/#listItem","position":3,"name":"Broto: \u201cHay que unir la paz con otras formas de hacer pol\u00edtica\u201d","previousItem":{"@type":"ListItem","@id":"https:\/\/www.eldigitaldeasturias.com\/noticias\/category\/actualidad\/#listItem","name":"Actualidad"}}]},{"@type":"Organization","@id":"https:\/\/www.eldigitaldeasturias.com\/noticias\/#organization","name":"El Digital de Asturias","description":"Hemeroteca","url":"https:\/\/www.eldigitaldeasturias.com\/noticias\/","email":"info@eldigitaldeasturias.com","telephone":"+34652131393","logo":{"@type":"ImageObject","url":"https:\/\/www.eldigitaldeasturias.com\/noticias\/wp-content\/uploads\/2020\/12\/EDA.jpg","@id":"https:\/\/www.eldigitaldeasturias.com\/noticias\/broto-hay-que-unir-la-paz-con-otras-formas-de-hacer-politica\/#organizationLogo"},"image":{"@id":"https:\/\/www.eldigitaldeasturias.com\/noticias\/broto-hay-que-unir-la-paz-con-otras-formas-de-hacer-politica\/#organizationLogo"},"sameAs":["https:\/\/facebook.com\/eldigitaldeasturias","https:\/\/www.youtube.com\/channel\/UCZP-2wLEB9Rv6erhFmqVnvg"],"address":{"@id":"https:\/\/www.eldigitaldeasturias.com\/noticias\/#postaladdress","@type":"PostalAddress","streetAddress":"san antonio 4","postalCode":"33430","addressLocality":"Cand\u00e1s","addressRegion":"Asturias","addressCountry":"ES"}},{"@type":"Person","@id":"https:\/\/www.eldigitaldeasturias.com\/noticias\/author\/admin\/#author","url":"https:\/\/www.eldigitaldeasturias.com\/noticias\/author\/admin\/","name":"El Digital de Asturias","image":{"@type":"ImageObject","@id":"https:\/\/www.eldigitaldeasturias.com\/noticias\/broto-hay-que-unir-la-paz-con-otras-formas-de-hacer-politica\/#authorImage","url":"https:\/\/secure.gravatar.com\/avatar\/df2aeffc32bcd13f8d26072ef8a91b623d677766deac7f97ca815868cd41bf5e?s=96&d=mm&r=g","width":96,"height":96,"caption":"El Digital de Asturias"}},{"@type":"WebPage","@id":"https:\/\/www.eldigitaldeasturias.com\/noticias\/broto-hay-que-unir-la-paz-con-otras-formas-de-hacer-politica\/#webpage","url":"https:\/\/www.eldigitaldeasturias.com\/noticias\/broto-hay-que-unir-la-paz-con-otras-formas-de-hacer-politica\/","name":"Broto: \u201cHay que unir la paz con otras formas de hacer pol\u00edtica\u201d - El Digital de Asturias","description":"La consejera de Ciudadan\u00eda y Derechos Sociales, Mar\u00eda Victoria Broto, ha moderado esta tarde la mesa de debate \u201cDi\u00e1logos de paz, de Colombia al Pa\u00eds Vasco\u201d en la que han participado el ex diputado Eduardo Madina y el presidente de la regi\u00f3n colombiana de Nari\u00f1o, Camilo Romero. Durante el encuentro se ha conversado sobre paz,","inLanguage":"es-ES","isPartOf":{"@id":"https:\/\/www.eldigitaldeasturias.com\/noticias\/#website"},"breadcrumb":{"@id":"https:\/\/www.eldigitaldeasturias.com\/noticias\/broto-hay-que-unir-la-paz-con-otras-formas-de-hacer-politica\/#breadcrumblist"},"author":{"@id":"https:\/\/www.eldigitaldeasturias.com\/noticias\/author\/admin\/#author"},"creator":{"@id":"https:\/\/www.eldigitaldeasturias.com\/noticias\/author\/admin\/#author"},"image":{"@type":"ImageObject","url":980517,"@id":"https:\/\/www.eldigitaldeasturias.com\/noticias\/broto-hay-que-unir-la-paz-con-otras-formas-de-hacer-politica\/#mainImage"},"primaryImageOfPage":{"@id":"https:\/\/www.eldigitaldeasturias.com\/noticias\/broto-hay-que-unir-la-paz-con-otras-formas-de-hacer-politica\/#mainImage"},"datePublished":"2018-05-15T20:34:54+02:00","dateModified":"2018-05-15T20:34:54+02:00"},{"@type":"WebSite","@id":"https:\/\/www.eldigitaldeasturias.com\/noticias\/#website","url":"https:\/\/www.eldigitaldeasturias.com\/noticias\/","name":"El Digital de Asturias - Diario de actualidad y noticias","alternateName":"El Digital de Asturias - Diario de actualidad y noticias","description":"Hemeroteca","inLanguage":"es-ES","publisher":{"@id":"https:\/\/www.eldigitaldeasturias.com\/noticias\/#organization"}}]},"og:locale":"es_ES","og:site_name":"El Digital de Asturias","og:type":"article","og:title":"Broto: \u201cHay que unir la paz con otras formas de hacer pol\u00edtica\u201d - El Digital de Asturias","og:description":"La consejera de Ciudadan\u00eda y Derechos Sociales, Mar\u00eda Victoria Broto, ha moderado esta tarde la mesa de debate \u201cDi\u00e1logos de paz, de Colombia al Pa\u00eds Vasco\u201d en la que han participado el ex diputado Eduardo Madina y el presidente de la regi\u00f3n colombiana de Nari\u00f1o, Camilo Romero. Durante el encuentro se ha conversado sobre paz,","og:url":"https:\/\/www.eldigitaldeasturias.com\/noticias\/broto-hay-que-unir-la-paz-con-otras-formas-de-hacer-politica\/","article:tag":["actualidad"],"article:published_time":"2018-05-15T20:34:54+00:00","article:modified_time":"2018-05-15T20:34:54+00:00","article:publisher":"https:\/\/facebook.com\/eldigitaldeasturias","twitter:card":"summary_large_image","twitter:title":"Broto: \u201cHay que unir la paz con otras formas de hacer pol\u00edtica\u201d - El Digital de Asturias","twitter:description":"La consejera de Ciudadan\u00eda y Derechos Sociales, Mar\u00eda Victoria Broto, ha moderado esta tarde la mesa de debate \u201cDi\u00e1logos de paz, de Colombia al Pa\u00eds Vasco\u201d en la que han participado el ex diputado Eduardo Madina y el presidente de la regi\u00f3n colombiana de Nari\u00f1o, Camilo Romero. Durante el encuentro se ha conversado sobre paz,","twitter:image":"https:\/\/www.eldigitaldeasturias.com\/noticias\/wp-content\/uploads\/2020\/12\/EDA-1.jpg","twitter:label1":"Escrito por","twitter:data1":"El Digital de Asturias","twitter:label2":"Tiempo de lectura estimado","twitter:data2":"5 minutos"},"aioseo_meta_data":{"post_id":"980516","title":null,"description":null,"keywords":null,"keyphrases":null,"primary_term":null,"canonical_url":null,"og_title":null,"og_description":null,"og_object_type":"default","og_image_type":"default","og_image_url":null,"og_image_width":null,"og_image_height":null,"og_image_custom_url":null,"og_image_custom_fields":null,"og_video":null,"og_custom_url":null,"og_article_section":null,"og_article_tags":null,"twitter_use_og":false,"twitter_card":"default","twitter_image_type":"default","twitter_image_url":null,"twitter_image_custom_url":null,"twitter_image_custom_fields":null,"twitter_title":null,"twitter_description":null,"schema":{"blockGraphs":[],"customGraphs":[],"default":{"data":{"Article":[],"Course":[],"Dataset":[],"FAQPage":[],"Movie":[],"Person":[],"Product":[],"ProductReview":[],"Car":[],"Recipe":[],"Service":[],"SoftwareApplication":[],"WebPage":[]},"graphName":"","isEnabled":true},"graphs":[]},"schema_type":null,"schema_type_options":null,"pillar_content":false,"robots_default":true,"robots_noindex":false,"robots_noarchive":false,"robots_nosnippet":false,"robots_nofollow":false,"robots_noimageindex":false,"robots_noodp":false,"robots_notranslate":false,"robots_max_snippet":null,"robots_max_videopreview":null,"robots_max_imagepreview":"large","priority":null,"frequency":null,"local_seo":null,"seo_analyzer_scan_date":"2025-10-08 18:11:10","breadcrumb_settings":null,"limit_modified_date":false,"open_ai":null,"ai":null,"created":"2020-12-21 11:56:38","updated":"2025-10-08 18:11:10","focus_keyword":null,"additional_keywords":null,"truseo_locale":null},"aioseo_breadcrumb":"<div class=\"aioseo-breadcrumbs\"><span class=\"aioseo-breadcrumb\">\n\t<a href=\"https:\/\/www.eldigitaldeasturias.com\/noticias\" title=\"Home\">Home<\/a>\n<\/span><span class=\"aioseo-breadcrumb-separator\">\u2013<\/span><span class=\"aioseo-breadcrumb\">\n\t<a href=\"https:\/\/www.eldigitaldeasturias.com\/noticias\/category\/actualidad\/\" title=\"Actualidad\">Actualidad<\/a>\n<\/span><span class=\"aioseo-breadcrumb-separator\">\u2013<\/span><span class=\"aioseo-breadcrumb\">\n\t<a href=\"https:\/\/www.eldigitaldeasturias.com\/noticias\/broto-hay-que-unir-la-paz-con-otras-formas-de-hacer-politica\/\" title=\"Broto: \u201cHay que unir la paz con otras formas de hacer pol\u00edtica\u201d\">Broto: \u201cHay que unir la paz con otras formas de hacer pol\u00edtica\u201d<\/a>\n<\/span><\/div>","aioseo_breadcrumb_json":[{"label":"Home","link":"https:\/\/www.eldigitaldeasturias.com\/noticias"},{"label":"Actualidad","link":"https:\/\/www.eldigitaldeasturias.com\/noticias\/category\/actualidad\/"},{"label":"Broto: \u201cHay que unir la paz con otras formas de hacer pol\u00edtica\u201d","link":"https:\/\/www.eldigitaldeasturias.com\/noticias\/broto-hay-que-unir-la-paz-con-otras-formas-de-hacer-politica\/"}],"_links":{"self":[{"href":"https:\/\/www.eldigitaldeasturias.com\/noticias\/wp-json\/wp\/v2\/posts\/980516","targetHints":{"allow":["GET"]}}],"collection":[{"href":"https:\/\/www.eldigitaldeasturias.com\/noticias\/wp-json\/wp\/v2\/posts"}],"about":[{"href":"https:\/\/www.eldigitaldeasturias.com\/noticias\/wp-json\/wp\/v2\/types\/post"}],"author":[{"embeddable":true,"href":"https:\/\/www.eldigitaldeasturias.com\/noticias\/wp-json\/wp\/v2\/users\/1"}],"replies":[{"embeddable":true,"href":"https:\/\/www.eldigitaldeasturias.com\/noticias\/wp-json\/wp\/v2\/comments?post=980516"}],"version-history":[{"count":0,"href":"https:\/\/www.eldigitaldeasturias.com\/noticias\/wp-json\/wp\/v2\/posts\/980516\/revisions"}],"wp:attachment":[{"href":"https:\/\/www.eldigitaldeasturias.com\/noticias\/wp-json\/wp\/v2\/media?parent=980516"}],"wp:term":[{"taxonomy":"category","embeddable":true,"href":"https:\/\/www.eldigitaldeasturias.com\/noticias\/wp-json\/wp\/v2\/categories?post=980516"},{"taxonomy":"post_tag","embeddable":true,"href":"https:\/\/www.eldigitaldeasturias.com\/noticias\/wp-json\/wp\/v2\/tags?post=980516"}],"curies":[{"name":"wp","href":"https:\/\/api.w.org\/{rel}","templated":true}]}}