{"id":980513,"date":"2018-05-15T20:26:41","date_gmt":"2018-05-15T20:26:41","guid":{"rendered":"http:\/\/www.eldigitaldeasturias.com\/noticias\/?p=980513"},"modified":"2018-05-15T20:26:41","modified_gmt":"2018-05-15T20:26:41","slug":"recortes-cero-se-manifiesta-contra-un-presidente-xenofobo","status":"publish","type":"post","link":"https:\/\/www.eldigitaldeasturias.com\/noticias\/recortes-cero-se-manifiesta-contra-un-presidente-xenofobo\/","title":{"rendered":"Recortes Cero se manifiesta contra un presidente xen\u00f3fobo"},"content":{"rendered":"<p><img loading=\"lazy\" decoding=\"async\" class=\"alignleft size-medium wp-image-980514\" src=\"https:\/\/www.eldigitaldeasturias.com\/noticias\/wp-content\/uploads\/2018\/05\/Recortes-Cero-contra-presidente-xen\u00f3fobo-360x144.jpeg\" alt=\"\" width=\"360\" height=\"144\" \/>Recortes Cero se ha concentrado en Arco de Triunfo en contra de la investidura de Quim Torra como presidente de la Generalitat. La\u00a0movilizaci\u00f3n se ha convocado para las redes sociales con el lema \u201cpor\u00a0una Generalitat libre de xenofobia: No a Quim Torra\u201d y ha contado con el\u00a0apoyo de Recortes Cero, Federalistas de Izquierdas y Alternativa\u00a0Ciudadana Progresista. Entre los asistentes, tambi\u00e9n estaba el\u00a0exdiputado del PSC, Joan Ferran.<\/p>\n<p>La portavoz de Recortes Cero, N\u00faria Su\u00e1rez, ha denunciado \u201clos escritos\u00a0de car\u00e1cter racista\u201d del presidente electo que, a su juicio, \u201cquiere\u00a0dividirnos, enfrentarnos y generar odio\u201d. Su\u00e1rez ha considerado que las\u00a0disculpas de Torra por los twitts que public\u00f3 en el pasado son\u00a0\u201cinsuficientes\u201d, porque \u201cen el discurso de investidura ha dicho que\u00a0quiere hacer v\u00e1lido los resultados del 1-O, que fue una estafa\u00a0democr\u00e1tica\u201d y quiere imponer la voluntad de una minor\u00eda\u201d.<\/p>\n<p>La vicepresidencia de la asociaci\u00f3n Federalistas de Izquierdas, Mireia\u00a0Esteve, ha denunciado que \u201cse ha escogido un presidente de la\u00a0\u00a0Generalitat al margen de las instituciones catalanas\u201d, en referencia a\u00a0que Torra fue propuesto \u201ca dedo\u201d por Puigdemont. Tambi\u00e9n ha acusado al\u00a0presidente investido de querer \u201csaltarse al propio Parlament\u201d por\u00a0proponer la creaci\u00f3n de una asamblea de electos para tirar adelante un\u00a0proceso constituyente. La representante de Federalistas de Izquierdas ha\u00a0lamentado que \u201cTorra tiene una larga trayectoria como activista xen\u00f3fobo\u00a0y no como pol\u00edtico\u201d.<\/p>\n<p>Por su parte, el presidente de la asociaci\u00f3n Alternativa Ciudadana\u00a0Progresista, Vicente Serrano, ha asegurado que \u201cel nacionalismo se\u00a0enroca en s\u00ed mismo y contin\u00faa instalado en el d\u00eda de la marmota\u201d. \u201cNo\u00a0avanzaremos a ninguna parte con esta gente\u201d, ha opinado Serrano. El\u00a0representante de Alternativa Ciudadana Progresista ha remachado que \u201cnos\u00a0declararemos insumisos al Govern de la Generalitat\u201d.<\/p>\n<p>Los manifestantes han gritado consignas como \u201cd\u00e9jate bigote y no\u00a0disimules\u201d, \u201clas calles son de todos\u201d, \u201cno son progres, son racistas\u201d o\u00a0\u201cno nos enga\u00f1an, Catalunya es Espa\u00f1a\u201d.<\/p>\n","protected":false},"excerpt":{"rendered":"<p>Recortes Cero se ha concentrado en Arco de Triunfo en contra de la investidura de Quim Torra como presidente de la Generalitat. La\u00a0movilizaci\u00f3n se ha convocado para las redes sociales con el lema \u201cpor\u00a0una Generalitat libre de xenofobia: No a Quim Torra\u201d y ha contado con el\u00a0apoyo de Recortes Cero, Federalistas de Izquierdas y Alternativa\u00a0Ciudadana [&hellip;]<\/p>\n","protected":false},"author":1,"featured_media":980514,"comment_status":"closed","ping_status":"closed","sticky":false,"template":"","format":"standard","meta":{"footnotes":""},"categories":[1],"tags":[],"class_list":["post-980513","post","type-post","status-publish","format-standard","has-post-thumbnail","hentry","category-actualidad"],"aioseo_notices":[],"aioseo_head":"\n\t\t<!-- All in One SEO Pro 5.0.1 - aioseo.com -->\n\t<meta name=\"description\" content=\"Recortes Cero se ha concentrado en Arco de Triunfo en contra de la investidura de Quim Torra como presidente de la Generalitat. La movilizaci\u00f3n se ha convocado para las redes sociales con el lema \u201cpor una Generalitat libre de xenofobia: No a Quim Torra\u201d y ha contado con el apoyo de Recortes Cero, Federalistas de Izquierdas y Alternativa Ciudadana\" \/>\n\t<meta name=\"robots\" content=\"max-image-preview:large\" \/>\n\t<meta name=\"author\" content=\"El Digital de Asturias\"\/>\n\t<meta name=\"google-site-verification\" content=\"UA-38556648-1\" \/>\n\t<meta name=\"msvalidate.01\" content=\"7dfe9f3f1b24437ab69f4f2559babe99\" \/>\n\t<meta name=\"keywords\" content=\"actualidad\" \/>\n\t<link rel=\"canonical\" href=\"https:\/\/www.eldigitaldeasturias.com\/noticias\/recortes-cero-se-manifiesta-contra-un-presidente-xenofobo\/\" \/>\n\t<meta name=\"generator\" content=\"All in One SEO Pro (AIOSEO) 5.0.1\" \/>\n\t\t<meta property=\"og:locale\" content=\"es_ES\" \/>\n\t\t<meta property=\"og:site_name\" content=\"El Digital de Asturias\" \/>\n\t\t<meta property=\"og:type\" content=\"article\" \/>\n\t\t<meta property=\"og:title\" content=\"Recortes Cero se manifiesta contra un presidente xen\u00f3fobo - El Digital de Asturias\" \/>\n\t\t<meta property=\"og:description\" content=\"Recortes Cero se ha concentrado en Arco de Triunfo en contra de la investidura de Quim Torra como presidente de la Generalitat. La movilizaci\u00f3n se ha convocado para las redes sociales con el lema \u201cpor una Generalitat libre de xenofobia: No a Quim Torra\u201d y ha contado con el apoyo de Recortes Cero, Federalistas de Izquierdas y Alternativa Ciudadana\" \/>\n\t\t<meta property=\"og:url\" content=\"https:\/\/www.eldigitaldeasturias.com\/noticias\/recortes-cero-se-manifiesta-contra-un-presidente-xenofobo\/\" \/>\n\t\t<meta property=\"article:tag\" content=\"actualidad\" \/>\n\t\t<meta property=\"article:published_time\" content=\"2018-05-15T20:26:41+00:00\" \/>\n\t\t<meta property=\"article:modified_time\" content=\"2018-05-15T20:26:41+00:00\" \/>\n\t\t<meta property=\"article:publisher\" content=\"https:\/\/facebook.com\/eldigitaldeasturias\" \/>\n\t\t<meta name=\"twitter:card\" content=\"summary_large_image\" \/>\n\t\t<meta name=\"twitter:title\" content=\"Recortes Cero se manifiesta contra un presidente xen\u00f3fobo - El Digital de Asturias\" \/>\n\t\t<meta name=\"twitter:description\" content=\"Recortes Cero se ha concentrado en Arco de Triunfo en contra de la investidura de Quim Torra como presidente de la Generalitat. La movilizaci\u00f3n se ha convocado para las redes sociales con el lema \u201cpor una Generalitat libre de xenofobia: No a Quim Torra\u201d y ha contado con el apoyo de Recortes Cero, Federalistas de Izquierdas y Alternativa Ciudadana\" \/>\n\t\t<meta name=\"twitter:image\" content=\"https:\/\/www.eldigitaldeasturias.com\/noticias\/wp-content\/uploads\/2020\/12\/EDA-1.jpg\" \/>\n\t\t<meta name=\"twitter:label1\" content=\"Escrito por\" \/>\n\t\t<meta name=\"twitter:data1\" content=\"El Digital de Asturias\" \/>\n\t\t<meta name=\"twitter:label2\" content=\"Tiempo de lectura estimado\" \/>\n\t\t<meta name=\"twitter:data2\" content=\"2 minutos\" \/>\n\t\t<script type=\"application\/ld+json\" class=\"aioseo-schema\">\n\t\t\t{\"@context\":\"https:\\\/\\\/schema.org\",\"@graph\":[{\"@type\":\"BlogPosting\",\"@id\":\"https:\\\/\\\/www.eldigitaldeasturias.com\\\/noticias\\\/recortes-cero-se-manifiesta-contra-un-presidente-xenofobo\\\/#blogposting\",\"name\":\"Recortes Cero se manifiesta contra un presidente xen\\u00f3fobo - El Digital de Asturias\",\"headline\":\"Recortes Cero se manifiesta contra un presidente xen\\u00f3fobo\",\"author\":{\"@id\":\"https:\\\/\\\/www.eldigitaldeasturias.com\\\/noticias\\\/author\\\/admin\\\/#author\"},\"publisher\":{\"@id\":\"https:\\\/\\\/www.eldigitaldeasturias.com\\\/noticias\\\/#organization\"},\"image\":{\"@type\":\"ImageObject\",\"url\":980514},\"datePublished\":\"2018-05-15T20:26:41+02:00\",\"dateModified\":\"2018-05-15T20:26:41+02:00\",\"inLanguage\":\"es-ES\",\"mainEntityOfPage\":{\"@id\":\"https:\\\/\\\/www.eldigitaldeasturias.com\\\/noticias\\\/recortes-cero-se-manifiesta-contra-un-presidente-xenofobo\\\/#webpage\"},\"isPartOf\":{\"@id\":\"https:\\\/\\\/www.eldigitaldeasturias.com\\\/noticias\\\/recortes-cero-se-manifiesta-contra-un-presidente-xenofobo\\\/#webpage\"},\"articleSection\":\"Actualidad\"},{\"@type\":\"BreadcrumbList\",\"@id\":\"https:\\\/\\\/www.eldigitaldeasturias.com\\\/noticias\\\/recortes-cero-se-manifiesta-contra-un-presidente-xenofobo\\\/#breadcrumblist\",\"itemListElement\":[{\"@type\":\"ListItem\",\"@id\":\"https:\\\/\\\/www.eldigitaldeasturias.com\\\/noticias#listItem\",\"position\":1,\"name\":\"Home\",\"item\":\"https:\\\/\\\/www.eldigitaldeasturias.com\\\/noticias\",\"nextItem\":{\"@type\":\"ListItem\",\"@id\":\"https:\\\/\\\/www.eldigitaldeasturias.com\\\/noticias\\\/category\\\/actualidad\\\/#listItem\",\"name\":\"Actualidad\"}},{\"@type\":\"ListItem\",\"@id\":\"https:\\\/\\\/www.eldigitaldeasturias.com\\\/noticias\\\/category\\\/actualidad\\\/#listItem\",\"position\":2,\"name\":\"Actualidad\",\"item\":\"https:\\\/\\\/www.eldigitaldeasturias.com\\\/noticias\\\/category\\\/actualidad\\\/\",\"nextItem\":{\"@type\":\"ListItem\",\"@id\":\"https:\\\/\\\/www.eldigitaldeasturias.com\\\/noticias\\\/recortes-cero-se-manifiesta-contra-un-presidente-xenofobo\\\/#listItem\",\"name\":\"Recortes Cero se manifiesta contra un presidente xen\\u00f3fobo\"},\"previousItem\":{\"@type\":\"ListItem\",\"@id\":\"https:\\\/\\\/www.eldigitaldeasturias.com\\\/noticias#listItem\",\"name\":\"Home\"}},{\"@type\":\"ListItem\",\"@id\":\"https:\\\/\\\/www.eldigitaldeasturias.com\\\/noticias\\\/recortes-cero-se-manifiesta-contra-un-presidente-xenofobo\\\/#listItem\",\"position\":3,\"name\":\"Recortes Cero se manifiesta contra un presidente xen\\u00f3fobo\",\"previousItem\":{\"@type\":\"ListItem\",\"@id\":\"https:\\\/\\\/www.eldigitaldeasturias.com\\\/noticias\\\/category\\\/actualidad\\\/#listItem\",\"name\":\"Actualidad\"}}]},{\"@type\":\"Organization\",\"@id\":\"https:\\\/\\\/www.eldigitaldeasturias.com\\\/noticias\\\/#organization\",\"name\":\"El Digital de Asturias\",\"description\":\"Hemeroteca\",\"url\":\"https:\\\/\\\/www.eldigitaldeasturias.com\\\/noticias\\\/\",\"email\":\"info@eldigitaldeasturias.com\",\"telephone\":\"+34652131393\",\"logo\":{\"@type\":\"ImageObject\",\"url\":\"https:\\\/\\\/www.eldigitaldeasturias.com\\\/noticias\\\/wp-content\\\/uploads\\\/2020\\\/12\\\/EDA.jpg\",\"@id\":\"https:\\\/\\\/www.eldigitaldeasturias.com\\\/noticias\\\/recortes-cero-se-manifiesta-contra-un-presidente-xenofobo\\\/#organizationLogo\"},\"image\":{\"@id\":\"https:\\\/\\\/www.eldigitaldeasturias.com\\\/noticias\\\/recortes-cero-se-manifiesta-contra-un-presidente-xenofobo\\\/#organizationLogo\"},\"sameAs\":[\"https:\\\/\\\/facebook.com\\\/eldigitaldeasturias\",\"https:\\\/\\\/www.youtube.com\\\/channel\\\/UCZP-2wLEB9Rv6erhFmqVnvg\"],\"address\":{\"@id\":\"https:\\\/\\\/www.eldigitaldeasturias.com\\\/noticias\\\/#postaladdress\",\"@type\":\"PostalAddress\",\"streetAddress\":\"san antonio 4\",\"postalCode\":\"33430\",\"addressLocality\":\"Cand\\u00e1s\",\"addressRegion\":\"Asturias\",\"addressCountry\":\"ES\"}},{\"@type\":\"Person\",\"@id\":\"https:\\\/\\\/www.eldigitaldeasturias.com\\\/noticias\\\/author\\\/admin\\\/#author\",\"url\":\"https:\\\/\\\/www.eldigitaldeasturias.com\\\/noticias\\\/author\\\/admin\\\/\",\"name\":\"El Digital de Asturias\",\"image\":{\"@type\":\"ImageObject\",\"@id\":\"https:\\\/\\\/www.eldigitaldeasturias.com\\\/noticias\\\/recortes-cero-se-manifiesta-contra-un-presidente-xenofobo\\\/#authorImage\",\"url\":\"https:\\\/\\\/secure.gravatar.com\\\/avatar\\\/df2aeffc32bcd13f8d26072ef8a91b623d677766deac7f97ca815868cd41bf5e?s=96&d=mm&r=g\",\"width\":96,\"height\":96,\"caption\":\"El Digital de Asturias\"}},{\"@type\":\"WebPage\",\"@id\":\"https:\\\/\\\/www.eldigitaldeasturias.com\\\/noticias\\\/recortes-cero-se-manifiesta-contra-un-presidente-xenofobo\\\/#webpage\",\"url\":\"https:\\\/\\\/www.eldigitaldeasturias.com\\\/noticias\\\/recortes-cero-se-manifiesta-contra-un-presidente-xenofobo\\\/\",\"name\":\"Recortes Cero se manifiesta contra un presidente xen\\u00f3fobo - El Digital de Asturias\",\"description\":\"Recortes Cero se ha concentrado en Arco de Triunfo en contra de la investidura de Quim Torra como presidente de la Generalitat. La movilizaci\\u00f3n se ha convocado para las redes sociales con el lema \\u201cpor una Generalitat libre de xenofobia: No a Quim Torra\\u201d y ha contado con el apoyo de Recortes Cero, Federalistas de Izquierdas y Alternativa Ciudadana\",\"inLanguage\":\"es-ES\",\"isPartOf\":{\"@id\":\"https:\\\/\\\/www.eldigitaldeasturias.com\\\/noticias\\\/#website\"},\"breadcrumb\":{\"@id\":\"https:\\\/\\\/www.eldigitaldeasturias.com\\\/noticias\\\/recortes-cero-se-manifiesta-contra-un-presidente-xenofobo\\\/#breadcrumblist\"},\"author\":{\"@id\":\"https:\\\/\\\/www.eldigitaldeasturias.com\\\/noticias\\\/author\\\/admin\\\/#author\"},\"creator\":{\"@id\":\"https:\\\/\\\/www.eldigitaldeasturias.com\\\/noticias\\\/author\\\/admin\\\/#author\"},\"image\":{\"@type\":\"ImageObject\",\"url\":980514,\"@id\":\"https:\\\/\\\/www.eldigitaldeasturias.com\\\/noticias\\\/recortes-cero-se-manifiesta-contra-un-presidente-xenofobo\\\/#mainImage\"},\"primaryImageOfPage\":{\"@id\":\"https:\\\/\\\/www.eldigitaldeasturias.com\\\/noticias\\\/recortes-cero-se-manifiesta-contra-un-presidente-xenofobo\\\/#mainImage\"},\"datePublished\":\"2018-05-15T20:26:41+02:00\",\"dateModified\":\"2018-05-15T20:26:41+02:00\"},{\"@type\":\"WebSite\",\"@id\":\"https:\\\/\\\/www.eldigitaldeasturias.com\\\/noticias\\\/#website\",\"url\":\"https:\\\/\\\/www.eldigitaldeasturias.com\\\/noticias\\\/\",\"name\":\"El Digital de Asturias - Diario de actualidad y noticias\",\"alternateName\":\"El Digital de Asturias - Diario de actualidad y noticias\",\"description\":\"Hemeroteca\",\"inLanguage\":\"es-ES\",\"publisher\":{\"@id\":\"https:\\\/\\\/www.eldigitaldeasturias.com\\\/noticias\\\/#organization\"}}]}\n\t\t<\/script>\n\t\t<!-- All in One SEO Pro -->\r\n\t\t<title>Recortes Cero se manifiesta contra un presidente xen\u00f3fobo - El Digital de Asturias<\/title>\n\n","aioseo_head_json":{"title":"Recortes Cero se manifiesta contra un presidente xen\u00f3fobo - El Digital de Asturias","description":"Recortes Cero se ha concentrado en Arco de Triunfo en contra de la investidura de Quim Torra como presidente de la Generalitat. La movilizaci\u00f3n se ha convocado para las redes sociales con el lema \u201cpor una Generalitat libre de xenofobia: No a Quim Torra\u201d y ha contado con el apoyo de Recortes Cero, Federalistas de Izquierdas y Alternativa Ciudadana","canonical_url":"https:\/\/www.eldigitaldeasturias.com\/noticias\/recortes-cero-se-manifiesta-contra-un-presidente-xenofobo\/","robots":"max-image-preview:large","keywords":"actualidad","webmasterTools":{"google-site-verification":"UA-38556648-1","msvalidate.01":"7dfe9f3f1b24437ab69f4f2559babe99","miscellaneous":""},"schema":{"@context":"https:\/\/schema.org","@graph":[{"@type":"BlogPosting","@id":"https:\/\/www.eldigitaldeasturias.com\/noticias\/recortes-cero-se-manifiesta-contra-un-presidente-xenofobo\/#blogposting","name":"Recortes Cero se manifiesta contra un presidente xen\u00f3fobo - El Digital de Asturias","headline":"Recortes Cero se manifiesta contra un presidente xen\u00f3fobo","author":{"@id":"https:\/\/www.eldigitaldeasturias.com\/noticias\/author\/admin\/#author"},"publisher":{"@id":"https:\/\/www.eldigitaldeasturias.com\/noticias\/#organization"},"image":{"@type":"ImageObject","url":980514},"datePublished":"2018-05-15T20:26:41+02:00","dateModified":"2018-05-15T20:26:41+02:00","inLanguage":"es-ES","mainEntityOfPage":{"@id":"https:\/\/www.eldigitaldeasturias.com\/noticias\/recortes-cero-se-manifiesta-contra-un-presidente-xenofobo\/#webpage"},"isPartOf":{"@id":"https:\/\/www.eldigitaldeasturias.com\/noticias\/recortes-cero-se-manifiesta-contra-un-presidente-xenofobo\/#webpage"},"articleSection":"Actualidad"},{"@type":"BreadcrumbList","@id":"https:\/\/www.eldigitaldeasturias.com\/noticias\/recortes-cero-se-manifiesta-contra-un-presidente-xenofobo\/#breadcrumblist","itemListElement":[{"@type":"ListItem","@id":"https:\/\/www.eldigitaldeasturias.com\/noticias#listItem","position":1,"name":"Home","item":"https:\/\/www.eldigitaldeasturias.com\/noticias","nextItem":{"@type":"ListItem","@id":"https:\/\/www.eldigitaldeasturias.com\/noticias\/category\/actualidad\/#listItem","name":"Actualidad"}},{"@type":"ListItem","@id":"https:\/\/www.eldigitaldeasturias.com\/noticias\/category\/actualidad\/#listItem","position":2,"name":"Actualidad","item":"https:\/\/www.eldigitaldeasturias.com\/noticias\/category\/actualidad\/","nextItem":{"@type":"ListItem","@id":"https:\/\/www.eldigitaldeasturias.com\/noticias\/recortes-cero-se-manifiesta-contra-un-presidente-xenofobo\/#listItem","name":"Recortes Cero se manifiesta contra un presidente xen\u00f3fobo"},"previousItem":{"@type":"ListItem","@id":"https:\/\/www.eldigitaldeasturias.com\/noticias#listItem","name":"Home"}},{"@type":"ListItem","@id":"https:\/\/www.eldigitaldeasturias.com\/noticias\/recortes-cero-se-manifiesta-contra-un-presidente-xenofobo\/#listItem","position":3,"name":"Recortes Cero se manifiesta contra un presidente xen\u00f3fobo","previousItem":{"@type":"ListItem","@id":"https:\/\/www.eldigitaldeasturias.com\/noticias\/category\/actualidad\/#listItem","name":"Actualidad"}}]},{"@type":"Organization","@id":"https:\/\/www.eldigitaldeasturias.com\/noticias\/#organization","name":"El Digital de Asturias","description":"Hemeroteca","url":"https:\/\/www.eldigitaldeasturias.com\/noticias\/","email":"info@eldigitaldeasturias.com","telephone":"+34652131393","logo":{"@type":"ImageObject","url":"https:\/\/www.eldigitaldeasturias.com\/noticias\/wp-content\/uploads\/2020\/12\/EDA.jpg","@id":"https:\/\/www.eldigitaldeasturias.com\/noticias\/recortes-cero-se-manifiesta-contra-un-presidente-xenofobo\/#organizationLogo"},"image":{"@id":"https:\/\/www.eldigitaldeasturias.com\/noticias\/recortes-cero-se-manifiesta-contra-un-presidente-xenofobo\/#organizationLogo"},"sameAs":["https:\/\/facebook.com\/eldigitaldeasturias","https:\/\/www.youtube.com\/channel\/UCZP-2wLEB9Rv6erhFmqVnvg"],"address":{"@id":"https:\/\/www.eldigitaldeasturias.com\/noticias\/#postaladdress","@type":"PostalAddress","streetAddress":"san antonio 4","postalCode":"33430","addressLocality":"Cand\u00e1s","addressRegion":"Asturias","addressCountry":"ES"}},{"@type":"Person","@id":"https:\/\/www.eldigitaldeasturias.com\/noticias\/author\/admin\/#author","url":"https:\/\/www.eldigitaldeasturias.com\/noticias\/author\/admin\/","name":"El Digital de Asturias","image":{"@type":"ImageObject","@id":"https:\/\/www.eldigitaldeasturias.com\/noticias\/recortes-cero-se-manifiesta-contra-un-presidente-xenofobo\/#authorImage","url":"https:\/\/secure.gravatar.com\/avatar\/df2aeffc32bcd13f8d26072ef8a91b623d677766deac7f97ca815868cd41bf5e?s=96&d=mm&r=g","width":96,"height":96,"caption":"El Digital de Asturias"}},{"@type":"WebPage","@id":"https:\/\/www.eldigitaldeasturias.com\/noticias\/recortes-cero-se-manifiesta-contra-un-presidente-xenofobo\/#webpage","url":"https:\/\/www.eldigitaldeasturias.com\/noticias\/recortes-cero-se-manifiesta-contra-un-presidente-xenofobo\/","name":"Recortes Cero se manifiesta contra un presidente xen\u00f3fobo - El Digital de Asturias","description":"Recortes Cero se ha concentrado en Arco de Triunfo en contra de la investidura de Quim Torra como presidente de la Generalitat. La movilizaci\u00f3n se ha convocado para las redes sociales con el lema \u201cpor una Generalitat libre de xenofobia: No a Quim Torra\u201d y ha contado con el apoyo de Recortes Cero, Federalistas de Izquierdas y Alternativa Ciudadana","inLanguage":"es-ES","isPartOf":{"@id":"https:\/\/www.eldigitaldeasturias.com\/noticias\/#website"},"breadcrumb":{"@id":"https:\/\/www.eldigitaldeasturias.com\/noticias\/recortes-cero-se-manifiesta-contra-un-presidente-xenofobo\/#breadcrumblist"},"author":{"@id":"https:\/\/www.eldigitaldeasturias.com\/noticias\/author\/admin\/#author"},"creator":{"@id":"https:\/\/www.eldigitaldeasturias.com\/noticias\/author\/admin\/#author"},"image":{"@type":"ImageObject","url":980514,"@id":"https:\/\/www.eldigitaldeasturias.com\/noticias\/recortes-cero-se-manifiesta-contra-un-presidente-xenofobo\/#mainImage"},"primaryImageOfPage":{"@id":"https:\/\/www.eldigitaldeasturias.com\/noticias\/recortes-cero-se-manifiesta-contra-un-presidente-xenofobo\/#mainImage"},"datePublished":"2018-05-15T20:26:41+02:00","dateModified":"2018-05-15T20:26:41+02:00"},{"@type":"WebSite","@id":"https:\/\/www.eldigitaldeasturias.com\/noticias\/#website","url":"https:\/\/www.eldigitaldeasturias.com\/noticias\/","name":"El Digital de Asturias - Diario de actualidad y noticias","alternateName":"El Digital de Asturias - Diario de actualidad y noticias","description":"Hemeroteca","inLanguage":"es-ES","publisher":{"@id":"https:\/\/www.eldigitaldeasturias.com\/noticias\/#organization"}}]},"og:locale":"es_ES","og:site_name":"El Digital de Asturias","og:type":"article","og:title":"Recortes Cero se manifiesta contra un presidente xen\u00f3fobo - El Digital de Asturias","og:description":"Recortes Cero se ha concentrado en Arco de Triunfo en contra de la investidura de Quim Torra como presidente de la Generalitat. La movilizaci\u00f3n se ha convocado para las redes sociales con el lema \u201cpor una Generalitat libre de xenofobia: No a Quim Torra\u201d y ha contado con el apoyo de Recortes Cero, Federalistas de Izquierdas y Alternativa Ciudadana","og:url":"https:\/\/www.eldigitaldeasturias.com\/noticias\/recortes-cero-se-manifiesta-contra-un-presidente-xenofobo\/","article:tag":["actualidad"],"article:published_time":"2018-05-15T20:26:41+00:00","article:modified_time":"2018-05-15T20:26:41+00:00","article:publisher":"https:\/\/facebook.com\/eldigitaldeasturias","twitter:card":"summary_large_image","twitter:title":"Recortes Cero se manifiesta contra un presidente xen\u00f3fobo - El Digital de Asturias","twitter:description":"Recortes Cero se ha concentrado en Arco de Triunfo en contra de la investidura de Quim Torra como presidente de la Generalitat. La movilizaci\u00f3n se ha convocado para las redes sociales con el lema \u201cpor una Generalitat libre de xenofobia: No a Quim Torra\u201d y ha contado con el apoyo de Recortes Cero, Federalistas de Izquierdas y Alternativa Ciudadana","twitter:image":"https:\/\/www.eldigitaldeasturias.com\/noticias\/wp-content\/uploads\/2020\/12\/EDA-1.jpg","twitter:label1":"Escrito por","twitter:data1":"El Digital de Asturias","twitter:label2":"Tiempo de lectura estimado","twitter:data2":"2 minutos"},"aioseo_meta_data":{"post_id":"980513","title":null,"description":null,"keywords":null,"keyphrases":null,"primary_term":null,"canonical_url":null,"og_title":null,"og_description":null,"og_object_type":"default","og_image_type":"default","og_image_url":null,"og_image_width":null,"og_image_height":null,"og_image_custom_url":null,"og_image_custom_fields":null,"og_video":null,"og_custom_url":null,"og_article_section":null,"og_article_tags":null,"twitter_use_og":false,"twitter_card":"default","twitter_image_type":"default","twitter_image_url":null,"twitter_image_custom_url":null,"twitter_image_custom_fields":null,"twitter_title":null,"twitter_description":null,"schema":{"blockGraphs":[],"customGraphs":[],"default":{"data":{"Article":[],"Course":[],"Dataset":[],"FAQPage":[],"Movie":[],"Person":[],"Product":[],"ProductReview":[],"Car":[],"Recipe":[],"Service":[],"SoftwareApplication":[],"WebPage":[]},"graphName":"","isEnabled":true},"graphs":[],"defaultGraph":"","defaultPostTypeGraph":""},"schema_type":null,"schema_type_options":null,"pillar_content":false,"robots_default":true,"robots_noindex":false,"robots_noarchive":false,"robots_nosnippet":false,"robots_nofollow":false,"robots_noimageindex":false,"robots_noodp":false,"robots_notranslate":false,"robots_max_snippet":null,"robots_max_videopreview":null,"robots_max_imagepreview":"large","priority":null,"frequency":null,"local_seo":null,"seo_analyzer_scan_date":"2025-10-08 18:11:09","breadcrumb_settings":null,"limit_modified_date":false,"open_ai":null,"ai":null,"created":"2020-12-21 11:56:38","updated":"2025-10-08 18:11:09","focus_keyword":null,"additional_keywords":null,"truseo_locale":null},"aioseo_breadcrumb":"<div class=\"aioseo-breadcrumbs\"><span class=\"aioseo-breadcrumb\">\n\t<a href=\"https:\/\/www.eldigitaldeasturias.com\/noticias\" title=\"Home\">Home<\/a>\n<\/span><span class=\"aioseo-breadcrumb-separator\">\u2013<\/span><span class=\"aioseo-breadcrumb\">\n\t<a href=\"https:\/\/www.eldigitaldeasturias.com\/noticias\/category\/actualidad\/\" title=\"Actualidad\">Actualidad<\/a>\n<\/span><span class=\"aioseo-breadcrumb-separator\">\u2013<\/span><span class=\"aioseo-breadcrumb\">\n\t<a href=\"https:\/\/www.eldigitaldeasturias.com\/noticias\/recortes-cero-se-manifiesta-contra-un-presidente-xenofobo\/\" title=\"Recortes Cero se manifiesta contra un presidente xen\u00f3fobo\">Recortes Cero se manifiesta contra un presidente xen\u00f3fobo<\/a>\n<\/span><\/div>","aioseo_breadcrumb_json":[{"label":"Home","link":"https:\/\/www.eldigitaldeasturias.com\/noticias"},{"label":"Actualidad","link":"https:\/\/www.eldigitaldeasturias.com\/noticias\/category\/actualidad\/"},{"label":"Recortes Cero se manifiesta contra un presidente xen\u00f3fobo","link":"https:\/\/www.eldigitaldeasturias.com\/noticias\/recortes-cero-se-manifiesta-contra-un-presidente-xenofobo\/"}],"_links":{"self":[{"href":"https:\/\/www.eldigitaldeasturias.com\/noticias\/wp-json\/wp\/v2\/posts\/980513","targetHints":{"allow":["GET"]}}],"collection":[{"href":"https:\/\/www.eldigitaldeasturias.com\/noticias\/wp-json\/wp\/v2\/posts"}],"about":[{"href":"https:\/\/www.eldigitaldeasturias.com\/noticias\/wp-json\/wp\/v2\/types\/post"}],"author":[{"embeddable":true,"href":"https:\/\/www.eldigitaldeasturias.com\/noticias\/wp-json\/wp\/v2\/users\/1"}],"replies":[{"embeddable":true,"href":"https:\/\/www.eldigitaldeasturias.com\/noticias\/wp-json\/wp\/v2\/comments?post=980513"}],"version-history":[{"count":0,"href":"https:\/\/www.eldigitaldeasturias.com\/noticias\/wp-json\/wp\/v2\/posts\/980513\/revisions"}],"wp:attachment":[{"href":"https:\/\/www.eldigitaldeasturias.com\/noticias\/wp-json\/wp\/v2\/media?parent=980513"}],"wp:term":[{"taxonomy":"category","embeddable":true,"href":"https:\/\/www.eldigitaldeasturias.com\/noticias\/wp-json\/wp\/v2\/categories?post=980513"},{"taxonomy":"post_tag","embeddable":true,"href":"https:\/\/www.eldigitaldeasturias.com\/noticias\/wp-json\/wp\/v2\/tags?post=980513"}],"curies":[{"name":"wp","href":"https:\/\/api.w.org\/{rel}","templated":true}]}}