{"id":980508,"date":"2018-05-15T14:57:56","date_gmt":"2018-05-15T14:57:56","guid":{"rendered":"http:\/\/www.eldigitaldeasturias.com\/noticias\/?p=980508"},"modified":"2018-05-15T14:57:56","modified_gmt":"2018-05-15T14:57:56","slug":"pedro-sanchez-y-rajoy-acuerdan-las-medidas-a-tomar-en-caso-de-desafio-separatista","status":"publish","type":"post","link":"https:\/\/www.eldigitaldeasturias.com\/noticias\/pedro-sanchez-y-rajoy-acuerdan-las-medidas-a-tomar-en-caso-de-desafio-separatista\/","title":{"rendered":"Pedro S\u00e1nchez y Rajoy acuerdan las medidas a tomar en caso de desaf\u00edo separatista"},"content":{"rendered":"<p><img loading=\"lazy\" decoding=\"async\" class=\"alignleft size-medium wp-image-793321\" src=\"https:\/\/www.eldigitaldeasturias.com\/noticias\/wp-content\/uploads\/2015\/07\/pedro-sanchez-360x240.jpg\" alt=\"\" width=\"360\" height=\"240\" \/>El secretario general, Pedro S\u00e1nchez, ha detallado el acuerdo alcanzado esta ma\u00f1ana con el presidente del Gobierno para hacer frente a las acciones contra el orden constitucional y la legalidad que pudieran producirse en Catalu\u00f1a.<\/p>\n<p>En una comparecencia ante los medios en la sede de Ferraz, el l\u00edder socialista ha querido trasladar \u201cun mensaje de tranquilidad y confianza\u201d, primero a la sociedad catalana, en el sentido de que \u201cla legalidad se va a salvaguardar ante cualquier intento de quiebra unilateral por parte del independentismo que se pueda producir; y tambi\u00e9n \u201cal conjunto de la sociedad espa\u00f1ola, para decirles que el orden constitucional, la soberan\u00eda nacional y la integridad territorial se van a respetar, a defender y a salvaguardar\u201d.<\/p>\n<p>Los cinco puntos acordados por el PSOE y el Gobierno un d\u00eda despu\u00e9s de la investidura del nuevo president de la Generalitat, ha sido explicados as\u00ed por el l\u00edder socialista:<\/p>\n<p>1- \u201cAnte cualquier intento de quiebra del orden constitucional y del Estatuto de Autonom\u00eda, el Estado social y democr\u00e1tico de derecho responder\u00e1 con firmeza, con serenidad, con proporcionalidad y de forma pactada\u201d.<\/p>\n<p>2- \u201cEl rechazo por parte del Gobierno de Espa\u00f1a y del PSOE ante cualquier intento de crear estructuras paralelas por parte de un nuevo gobierno de la Generalitat de Catalunya. Aqu\u00ed no hay dos legitimidades, hay solamente una legitimidad y es la que emana de la Constituci\u00f3n Espa\u00f1ola, del Estatuto de Autonom\u00eda de Catalu\u00f1a y, en consecuencia, de las instituciones reconocidas y recogidas en este Estatuto. En definitiva, no va haber ninguna instituci\u00f3n paralela que se pueda crear por parte del bloque independentista, tal y como ha anunciado el nuevo president de la Generalitat\u201d.<\/p>\n<p>3- \u201cHasta saber exactamente cu\u00e1l es el camino que toma el nuevo president, el Estado va a mantener la supervisi\u00f3n sobre el uso de las cuentas p\u00fablicas en Catalu\u00f1a por parte de la Generalitat. Esos recursos tienen que destinarse a medidas vinculadas con el bienestar, con el progreso\u2026, en definitiva con aquellas pol\u00edticas recogidas y reconocidas en el ordenamiento constitucional y estatutario de Catalu\u00f1a\u201d.<\/p>\n<p>4- \u201cUnidad en la respuesta. Si algo se ha hecho bien como consecuencia de los acontecimientos del 6 y 7 de septiembre, el 1 de octubre y despu\u00e9s con la activaci\u00f3n del art\u00edculo 155, fue precisamente la unidad de acci\u00f3n por parte del Partido Socialista y el Gobierno de Espa\u00f1a. Y esa unidad de acci\u00f3n no queremos blindarla sino que queremos abrirla al resto de fuerzas pol\u00edticas. A Unidos Podemos, con cuyo l\u00edder deber\u00eda reunirse el presidente del Gobierno \u2013y as\u00ed se lo he dicho-, para incorporarle tambi\u00e9n a este acuerdo e intentar convencerle de que abandone el derecho de autodeterminaci\u00f3n en Catalu\u00f1a; y l\u00f3gicamente al partido de Ciudadanos, que es la primera fuerza pol\u00edtica en Catalu\u00f1a\u201d.<\/p>\n<p>5- \u201cDar a conocer en el extranjero, especialmente a las instituciones y a la sociedad europeas, que las manifestaciones y escritos xen\u00f3fobas y supremacistas del president Torra, no representan en absoluto los valores y principios de la sociedad catalana, y son contrarios a los valores europeos que defendemos todos los estados miembros de la UE\u201d. S\u00e1nchez ha recordado la labor en este sentido realizada en sus recientes viajes a Alemania y al Reino Unido, y ha anunciado un pr\u00f3ximo viaje a finales de mayo a Portugal, donde se ver\u00e1 entre otros con el primer ministro Costa.<\/p>\n<p><strong>Respuesta a Rivera<\/strong><\/p>\n<p>Durante la rueda de prensa, y en relaci\u00f3n a la unidad de respuesta, Pedro S\u00e1nchez se ha dirigido al l\u00edder de la formaci\u00f3n naranja, Albert Rivera, para cuestionarle \u201csi la mejor manera de responder al desaf\u00edo del independentismo es poniendo en cuesti\u00f3n la unidad de las fuerzas que defendemos el orden constitucional\u201d, como hizo en fechas recientes. De ah\u00ed que le haya pedido que \u201cestemos todos a la altura de las circunstancias y de nuestras responsabilidades y salvaguardemos esa unidad de acci\u00f3n de todas las fuerzas que defendemos el orden constitucional\u201d.<\/p>\n<p>El secretario general tambi\u00e9n le ha echado en cara que use la cuesti\u00f3n catalana como \u201cun elemento de confrontaci\u00f3n para ver si ara\u00f1a votos como hizo Aznar cuando estaba en la oposici\u00f3n\u201d. \u201cEl problema \u2013a\u00f1adi\u00f3- es que ese camino ya lo hemos recorrido y nos ha llevado tambi\u00e9n en parte, y no solo por la responsabilidad del bloque soberanista, a esta crisis que vivimos en Catalu\u00f1a y en el conjunto del pa\u00eds\u201d.<\/p>\n<p>\u201cSer\u00eda importante que aquellos que est\u00e1n agudizando esa confrontaci\u00f3n, primero, asuman su responsabilidad en el Parlamento de Catalu\u00f1a y en segundo lugar no quiebren la unidad ante un desaf\u00edo de esta envergadura. Yo soy el l\u00edder de la oposici\u00f3n y si tengo cosas que reprocharle algo a Rajoy en este asunto, lo har\u00e9 en privado porque no quiero que el independentismo vea que aquellos que defendemos la integridad territorial, la soberan\u00eda y el orden constitucional discrepamos en p\u00fablico\u201d, afirm\u00f3.<\/p>\n","protected":false},"excerpt":{"rendered":"<p>El secretario general, Pedro S\u00e1nchez, ha detallado el acuerdo alcanzado esta ma\u00f1ana con el presidente del Gobierno para hacer frente a las acciones contra el orden constitucional y la legalidad que pudieran producirse en Catalu\u00f1a. En una comparecencia ante los medios en la sede de Ferraz, el l\u00edder socialista ha querido trasladar \u201cun mensaje de [&hellip;]<\/p>\n","protected":false},"author":1,"featured_media":793321,"comment_status":"closed","ping_status":"closed","sticky":false,"template":"","format":"standard","meta":{"footnotes":""},"categories":[1],"tags":[],"class_list":["post-980508","post","type-post","status-publish","format-standard","has-post-thumbnail","hentry","category-actualidad"],"aioseo_notices":[],"aioseo_head":"\n\t\t<!-- All in One SEO Pro 5.0.1 - aioseo.com -->\n\t<meta name=\"description\" content=\"El secretario general, Pedro S\u00e1nchez, ha detallado el acuerdo alcanzado esta ma\u00f1ana con el presidente del Gobierno para hacer frente a las acciones contra el orden constitucional y la legalidad que pudieran producirse en Catalu\u00f1a. En una comparecencia ante los medios en la sede de Ferraz, el l\u00edder socialista ha querido trasladar \u201cun mensaje de\" \/>\n\t<meta name=\"robots\" content=\"max-image-preview:large\" \/>\n\t<meta name=\"author\" content=\"El Digital de Asturias\"\/>\n\t<meta name=\"google-site-verification\" content=\"UA-38556648-1\" \/>\n\t<meta name=\"msvalidate.01\" content=\"7dfe9f3f1b24437ab69f4f2559babe99\" \/>\n\t<meta name=\"keywords\" content=\"actualidad\" \/>\n\t<link rel=\"canonical\" href=\"https:\/\/www.eldigitaldeasturias.com\/noticias\/pedro-sanchez-y-rajoy-acuerdan-las-medidas-a-tomar-en-caso-de-desafio-separatista\/\" \/>\n\t<meta name=\"generator\" content=\"All in One SEO Pro (AIOSEO) 5.0.1\" \/>\n\t\t<meta property=\"og:locale\" content=\"es_ES\" \/>\n\t\t<meta property=\"og:site_name\" content=\"El Digital de Asturias\" \/>\n\t\t<meta property=\"og:type\" content=\"article\" \/>\n\t\t<meta property=\"og:title\" content=\"Pedro S\u00e1nchez y Rajoy acuerdan las medidas a tomar en caso de desaf\u00edo separatista - El Digital de Asturias\" \/>\n\t\t<meta property=\"og:description\" content=\"El secretario general, Pedro S\u00e1nchez, ha detallado el acuerdo alcanzado esta ma\u00f1ana con el presidente del Gobierno para hacer frente a las acciones contra el orden constitucional y la legalidad que pudieran producirse en Catalu\u00f1a. En una comparecencia ante los medios en la sede de Ferraz, el l\u00edder socialista ha querido trasladar \u201cun mensaje de\" \/>\n\t\t<meta property=\"og:url\" content=\"https:\/\/www.eldigitaldeasturias.com\/noticias\/pedro-sanchez-y-rajoy-acuerdan-las-medidas-a-tomar-en-caso-de-desafio-separatista\/\" \/>\n\t\t<meta property=\"article:tag\" content=\"actualidad\" \/>\n\t\t<meta property=\"article:published_time\" content=\"2018-05-15T14:57:56+00:00\" \/>\n\t\t<meta property=\"article:modified_time\" content=\"2018-05-15T14:57:56+00:00\" \/>\n\t\t<meta property=\"article:publisher\" content=\"https:\/\/facebook.com\/eldigitaldeasturias\" \/>\n\t\t<meta name=\"twitter:card\" content=\"summary_large_image\" \/>\n\t\t<meta name=\"twitter:title\" content=\"Pedro S\u00e1nchez y Rajoy acuerdan las medidas a tomar en caso de desaf\u00edo separatista - El Digital de Asturias\" \/>\n\t\t<meta name=\"twitter:description\" content=\"El secretario general, Pedro S\u00e1nchez, ha detallado el acuerdo alcanzado esta ma\u00f1ana con el presidente del Gobierno para hacer frente a las acciones contra el orden constitucional y la legalidad que pudieran producirse en Catalu\u00f1a. En una comparecencia ante los medios en la sede de Ferraz, el l\u00edder socialista ha querido trasladar \u201cun mensaje de\" \/>\n\t\t<meta name=\"twitter:image\" content=\"https:\/\/www.eldigitaldeasturias.com\/noticias\/wp-content\/uploads\/2020\/12\/EDA-1.jpg\" \/>\n\t\t<meta name=\"twitter:label1\" content=\"Escrito por\" \/>\n\t\t<meta name=\"twitter:data1\" content=\"El Digital de Asturias\" \/>\n\t\t<meta name=\"twitter:label2\" content=\"Tiempo de lectura estimado\" \/>\n\t\t<meta name=\"twitter:data2\" content=\"4 minutos\" \/>\n\t\t<script type=\"application\/ld+json\" class=\"aioseo-schema\">\n\t\t\t{\"@context\":\"https:\\\/\\\/schema.org\",\"@graph\":[{\"@type\":\"BlogPosting\",\"@id\":\"https:\\\/\\\/www.eldigitaldeasturias.com\\\/noticias\\\/pedro-sanchez-y-rajoy-acuerdan-las-medidas-a-tomar-en-caso-de-desafio-separatista\\\/#blogposting\",\"name\":\"Pedro S\\u00e1nchez y Rajoy acuerdan las medidas a tomar en caso de desaf\\u00edo separatista - El Digital de Asturias\",\"headline\":\"Pedro S\\u00e1nchez y Rajoy acuerdan las medidas a tomar en caso de desaf\\u00edo separatista\",\"author\":{\"@id\":\"https:\\\/\\\/www.eldigitaldeasturias.com\\\/noticias\\\/author\\\/admin\\\/#author\"},\"publisher\":{\"@id\":\"https:\\\/\\\/www.eldigitaldeasturias.com\\\/noticias\\\/#organization\"},\"image\":{\"@type\":\"ImageObject\",\"url\":793321},\"datePublished\":\"2018-05-15T14:57:56+02:00\",\"dateModified\":\"2018-05-15T14:57:56+02:00\",\"inLanguage\":\"es-ES\",\"mainEntityOfPage\":{\"@id\":\"https:\\\/\\\/www.eldigitaldeasturias.com\\\/noticias\\\/pedro-sanchez-y-rajoy-acuerdan-las-medidas-a-tomar-en-caso-de-desafio-separatista\\\/#webpage\"},\"isPartOf\":{\"@id\":\"https:\\\/\\\/www.eldigitaldeasturias.com\\\/noticias\\\/pedro-sanchez-y-rajoy-acuerdan-las-medidas-a-tomar-en-caso-de-desafio-separatista\\\/#webpage\"},\"articleSection\":\"Actualidad\"},{\"@type\":\"BreadcrumbList\",\"@id\":\"https:\\\/\\\/www.eldigitaldeasturias.com\\\/noticias\\\/pedro-sanchez-y-rajoy-acuerdan-las-medidas-a-tomar-en-caso-de-desafio-separatista\\\/#breadcrumblist\",\"itemListElement\":[{\"@type\":\"ListItem\",\"@id\":\"https:\\\/\\\/www.eldigitaldeasturias.com\\\/noticias#listItem\",\"position\":1,\"name\":\"Home\",\"item\":\"https:\\\/\\\/www.eldigitaldeasturias.com\\\/noticias\",\"nextItem\":{\"@type\":\"ListItem\",\"@id\":\"https:\\\/\\\/www.eldigitaldeasturias.com\\\/noticias\\\/category\\\/actualidad\\\/#listItem\",\"name\":\"Actualidad\"}},{\"@type\":\"ListItem\",\"@id\":\"https:\\\/\\\/www.eldigitaldeasturias.com\\\/noticias\\\/category\\\/actualidad\\\/#listItem\",\"position\":2,\"name\":\"Actualidad\",\"item\":\"https:\\\/\\\/www.eldigitaldeasturias.com\\\/noticias\\\/category\\\/actualidad\\\/\",\"nextItem\":{\"@type\":\"ListItem\",\"@id\":\"https:\\\/\\\/www.eldigitaldeasturias.com\\\/noticias\\\/pedro-sanchez-y-rajoy-acuerdan-las-medidas-a-tomar-en-caso-de-desafio-separatista\\\/#listItem\",\"name\":\"Pedro S\\u00e1nchez y Rajoy acuerdan las medidas a tomar en caso de desaf\\u00edo separatista\"},\"previousItem\":{\"@type\":\"ListItem\",\"@id\":\"https:\\\/\\\/www.eldigitaldeasturias.com\\\/noticias#listItem\",\"name\":\"Home\"}},{\"@type\":\"ListItem\",\"@id\":\"https:\\\/\\\/www.eldigitaldeasturias.com\\\/noticias\\\/pedro-sanchez-y-rajoy-acuerdan-las-medidas-a-tomar-en-caso-de-desafio-separatista\\\/#listItem\",\"position\":3,\"name\":\"Pedro S\\u00e1nchez y Rajoy acuerdan las medidas a tomar en caso de desaf\\u00edo separatista\",\"previousItem\":{\"@type\":\"ListItem\",\"@id\":\"https:\\\/\\\/www.eldigitaldeasturias.com\\\/noticias\\\/category\\\/actualidad\\\/#listItem\",\"name\":\"Actualidad\"}}]},{\"@type\":\"Organization\",\"@id\":\"https:\\\/\\\/www.eldigitaldeasturias.com\\\/noticias\\\/#organization\",\"name\":\"El Digital de Asturias\",\"description\":\"Hemeroteca\",\"url\":\"https:\\\/\\\/www.eldigitaldeasturias.com\\\/noticias\\\/\",\"email\":\"info@eldigitaldeasturias.com\",\"telephone\":\"+34652131393\",\"logo\":{\"@type\":\"ImageObject\",\"url\":\"https:\\\/\\\/www.eldigitaldeasturias.com\\\/noticias\\\/wp-content\\\/uploads\\\/2020\\\/12\\\/EDA.jpg\",\"@id\":\"https:\\\/\\\/www.eldigitaldeasturias.com\\\/noticias\\\/pedro-sanchez-y-rajoy-acuerdan-las-medidas-a-tomar-en-caso-de-desafio-separatista\\\/#organizationLogo\"},\"image\":{\"@id\":\"https:\\\/\\\/www.eldigitaldeasturias.com\\\/noticias\\\/pedro-sanchez-y-rajoy-acuerdan-las-medidas-a-tomar-en-caso-de-desafio-separatista\\\/#organizationLogo\"},\"sameAs\":[\"https:\\\/\\\/facebook.com\\\/eldigitaldeasturias\",\"https:\\\/\\\/www.youtube.com\\\/channel\\\/UCZP-2wLEB9Rv6erhFmqVnvg\"],\"address\":{\"@id\":\"https:\\\/\\\/www.eldigitaldeasturias.com\\\/noticias\\\/#postaladdress\",\"@type\":\"PostalAddress\",\"streetAddress\":\"san antonio 4\",\"postalCode\":\"33430\",\"addressLocality\":\"Cand\\u00e1s\",\"addressRegion\":\"Asturias\",\"addressCountry\":\"ES\"}},{\"@type\":\"Person\",\"@id\":\"https:\\\/\\\/www.eldigitaldeasturias.com\\\/noticias\\\/author\\\/admin\\\/#author\",\"url\":\"https:\\\/\\\/www.eldigitaldeasturias.com\\\/noticias\\\/author\\\/admin\\\/\",\"name\":\"El Digital de Asturias\",\"image\":{\"@type\":\"ImageObject\",\"@id\":\"https:\\\/\\\/www.eldigitaldeasturias.com\\\/noticias\\\/pedro-sanchez-y-rajoy-acuerdan-las-medidas-a-tomar-en-caso-de-desafio-separatista\\\/#authorImage\",\"url\":\"https:\\\/\\\/secure.gravatar.com\\\/avatar\\\/df2aeffc32bcd13f8d26072ef8a91b623d677766deac7f97ca815868cd41bf5e?s=96&d=mm&r=g\",\"width\":96,\"height\":96,\"caption\":\"El Digital de Asturias\"}},{\"@type\":\"WebPage\",\"@id\":\"https:\\\/\\\/www.eldigitaldeasturias.com\\\/noticias\\\/pedro-sanchez-y-rajoy-acuerdan-las-medidas-a-tomar-en-caso-de-desafio-separatista\\\/#webpage\",\"url\":\"https:\\\/\\\/www.eldigitaldeasturias.com\\\/noticias\\\/pedro-sanchez-y-rajoy-acuerdan-las-medidas-a-tomar-en-caso-de-desafio-separatista\\\/\",\"name\":\"Pedro S\\u00e1nchez y Rajoy acuerdan las medidas a tomar en caso de desaf\\u00edo separatista - El Digital de Asturias\",\"description\":\"El secretario general, Pedro S\\u00e1nchez, ha detallado el acuerdo alcanzado esta ma\\u00f1ana con el presidente del Gobierno para hacer frente a las acciones contra el orden constitucional y la legalidad que pudieran producirse en Catalu\\u00f1a. En una comparecencia ante los medios en la sede de Ferraz, el l\\u00edder socialista ha querido trasladar \\u201cun mensaje de\",\"inLanguage\":\"es-ES\",\"isPartOf\":{\"@id\":\"https:\\\/\\\/www.eldigitaldeasturias.com\\\/noticias\\\/#website\"},\"breadcrumb\":{\"@id\":\"https:\\\/\\\/www.eldigitaldeasturias.com\\\/noticias\\\/pedro-sanchez-y-rajoy-acuerdan-las-medidas-a-tomar-en-caso-de-desafio-separatista\\\/#breadcrumblist\"},\"author\":{\"@id\":\"https:\\\/\\\/www.eldigitaldeasturias.com\\\/noticias\\\/author\\\/admin\\\/#author\"},\"creator\":{\"@id\":\"https:\\\/\\\/www.eldigitaldeasturias.com\\\/noticias\\\/author\\\/admin\\\/#author\"},\"image\":{\"@type\":\"ImageObject\",\"url\":793321,\"@id\":\"https:\\\/\\\/www.eldigitaldeasturias.com\\\/noticias\\\/pedro-sanchez-y-rajoy-acuerdan-las-medidas-a-tomar-en-caso-de-desafio-separatista\\\/#mainImage\"},\"primaryImageOfPage\":{\"@id\":\"https:\\\/\\\/www.eldigitaldeasturias.com\\\/noticias\\\/pedro-sanchez-y-rajoy-acuerdan-las-medidas-a-tomar-en-caso-de-desafio-separatista\\\/#mainImage\"},\"datePublished\":\"2018-05-15T14:57:56+02:00\",\"dateModified\":\"2018-05-15T14:57:56+02:00\"},{\"@type\":\"WebSite\",\"@id\":\"https:\\\/\\\/www.eldigitaldeasturias.com\\\/noticias\\\/#website\",\"url\":\"https:\\\/\\\/www.eldigitaldeasturias.com\\\/noticias\\\/\",\"name\":\"El Digital de Asturias - Diario de actualidad y noticias\",\"alternateName\":\"El Digital de Asturias - Diario de actualidad y noticias\",\"description\":\"Hemeroteca\",\"inLanguage\":\"es-ES\",\"publisher\":{\"@id\":\"https:\\\/\\\/www.eldigitaldeasturias.com\\\/noticias\\\/#organization\"}}]}\n\t\t<\/script>\n\t\t<!-- All in One SEO Pro -->\r\n\t\t<title>Pedro S\u00e1nchez y Rajoy acuerdan las medidas a tomar en caso de desaf\u00edo separatista - El Digital de Asturias<\/title>\n\n","aioseo_head_json":{"title":"Pedro S\u00e1nchez y Rajoy acuerdan las medidas a tomar en caso de desaf\u00edo separatista - El Digital de Asturias","description":"El secretario general, Pedro S\u00e1nchez, ha detallado el acuerdo alcanzado esta ma\u00f1ana con el presidente del Gobierno para hacer frente a las acciones contra el orden constitucional y la legalidad que pudieran producirse en Catalu\u00f1a. En una comparecencia ante los medios en la sede de Ferraz, el l\u00edder socialista ha querido trasladar \u201cun mensaje de","canonical_url":"https:\/\/www.eldigitaldeasturias.com\/noticias\/pedro-sanchez-y-rajoy-acuerdan-las-medidas-a-tomar-en-caso-de-desafio-separatista\/","robots":"max-image-preview:large","keywords":"actualidad","webmasterTools":{"google-site-verification":"UA-38556648-1","msvalidate.01":"7dfe9f3f1b24437ab69f4f2559babe99","miscellaneous":""},"schema":{"@context":"https:\/\/schema.org","@graph":[{"@type":"BlogPosting","@id":"https:\/\/www.eldigitaldeasturias.com\/noticias\/pedro-sanchez-y-rajoy-acuerdan-las-medidas-a-tomar-en-caso-de-desafio-separatista\/#blogposting","name":"Pedro S\u00e1nchez y Rajoy acuerdan las medidas a tomar en caso de desaf\u00edo separatista - El Digital de Asturias","headline":"Pedro S\u00e1nchez y Rajoy acuerdan las medidas a tomar en caso de desaf\u00edo separatista","author":{"@id":"https:\/\/www.eldigitaldeasturias.com\/noticias\/author\/admin\/#author"},"publisher":{"@id":"https:\/\/www.eldigitaldeasturias.com\/noticias\/#organization"},"image":{"@type":"ImageObject","url":793321},"datePublished":"2018-05-15T14:57:56+02:00","dateModified":"2018-05-15T14:57:56+02:00","inLanguage":"es-ES","mainEntityOfPage":{"@id":"https:\/\/www.eldigitaldeasturias.com\/noticias\/pedro-sanchez-y-rajoy-acuerdan-las-medidas-a-tomar-en-caso-de-desafio-separatista\/#webpage"},"isPartOf":{"@id":"https:\/\/www.eldigitaldeasturias.com\/noticias\/pedro-sanchez-y-rajoy-acuerdan-las-medidas-a-tomar-en-caso-de-desafio-separatista\/#webpage"},"articleSection":"Actualidad"},{"@type":"BreadcrumbList","@id":"https:\/\/www.eldigitaldeasturias.com\/noticias\/pedro-sanchez-y-rajoy-acuerdan-las-medidas-a-tomar-en-caso-de-desafio-separatista\/#breadcrumblist","itemListElement":[{"@type":"ListItem","@id":"https:\/\/www.eldigitaldeasturias.com\/noticias#listItem","position":1,"name":"Home","item":"https:\/\/www.eldigitaldeasturias.com\/noticias","nextItem":{"@type":"ListItem","@id":"https:\/\/www.eldigitaldeasturias.com\/noticias\/category\/actualidad\/#listItem","name":"Actualidad"}},{"@type":"ListItem","@id":"https:\/\/www.eldigitaldeasturias.com\/noticias\/category\/actualidad\/#listItem","position":2,"name":"Actualidad","item":"https:\/\/www.eldigitaldeasturias.com\/noticias\/category\/actualidad\/","nextItem":{"@type":"ListItem","@id":"https:\/\/www.eldigitaldeasturias.com\/noticias\/pedro-sanchez-y-rajoy-acuerdan-las-medidas-a-tomar-en-caso-de-desafio-separatista\/#listItem","name":"Pedro S\u00e1nchez y Rajoy acuerdan las medidas a tomar en caso de desaf\u00edo separatista"},"previousItem":{"@type":"ListItem","@id":"https:\/\/www.eldigitaldeasturias.com\/noticias#listItem","name":"Home"}},{"@type":"ListItem","@id":"https:\/\/www.eldigitaldeasturias.com\/noticias\/pedro-sanchez-y-rajoy-acuerdan-las-medidas-a-tomar-en-caso-de-desafio-separatista\/#listItem","position":3,"name":"Pedro S\u00e1nchez y Rajoy acuerdan las medidas a tomar en caso de desaf\u00edo separatista","previousItem":{"@type":"ListItem","@id":"https:\/\/www.eldigitaldeasturias.com\/noticias\/category\/actualidad\/#listItem","name":"Actualidad"}}]},{"@type":"Organization","@id":"https:\/\/www.eldigitaldeasturias.com\/noticias\/#organization","name":"El Digital de Asturias","description":"Hemeroteca","url":"https:\/\/www.eldigitaldeasturias.com\/noticias\/","email":"info@eldigitaldeasturias.com","telephone":"+34652131393","logo":{"@type":"ImageObject","url":"https:\/\/www.eldigitaldeasturias.com\/noticias\/wp-content\/uploads\/2020\/12\/EDA.jpg","@id":"https:\/\/www.eldigitaldeasturias.com\/noticias\/pedro-sanchez-y-rajoy-acuerdan-las-medidas-a-tomar-en-caso-de-desafio-separatista\/#organizationLogo"},"image":{"@id":"https:\/\/www.eldigitaldeasturias.com\/noticias\/pedro-sanchez-y-rajoy-acuerdan-las-medidas-a-tomar-en-caso-de-desafio-separatista\/#organizationLogo"},"sameAs":["https:\/\/facebook.com\/eldigitaldeasturias","https:\/\/www.youtube.com\/channel\/UCZP-2wLEB9Rv6erhFmqVnvg"],"address":{"@id":"https:\/\/www.eldigitaldeasturias.com\/noticias\/#postaladdress","@type":"PostalAddress","streetAddress":"san antonio 4","postalCode":"33430","addressLocality":"Cand\u00e1s","addressRegion":"Asturias","addressCountry":"ES"}},{"@type":"Person","@id":"https:\/\/www.eldigitaldeasturias.com\/noticias\/author\/admin\/#author","url":"https:\/\/www.eldigitaldeasturias.com\/noticias\/author\/admin\/","name":"El Digital de Asturias","image":{"@type":"ImageObject","@id":"https:\/\/www.eldigitaldeasturias.com\/noticias\/pedro-sanchez-y-rajoy-acuerdan-las-medidas-a-tomar-en-caso-de-desafio-separatista\/#authorImage","url":"https:\/\/secure.gravatar.com\/avatar\/df2aeffc32bcd13f8d26072ef8a91b623d677766deac7f97ca815868cd41bf5e?s=96&d=mm&r=g","width":96,"height":96,"caption":"El Digital de Asturias"}},{"@type":"WebPage","@id":"https:\/\/www.eldigitaldeasturias.com\/noticias\/pedro-sanchez-y-rajoy-acuerdan-las-medidas-a-tomar-en-caso-de-desafio-separatista\/#webpage","url":"https:\/\/www.eldigitaldeasturias.com\/noticias\/pedro-sanchez-y-rajoy-acuerdan-las-medidas-a-tomar-en-caso-de-desafio-separatista\/","name":"Pedro S\u00e1nchez y Rajoy acuerdan las medidas a tomar en caso de desaf\u00edo separatista - El Digital de Asturias","description":"El secretario general, Pedro S\u00e1nchez, ha detallado el acuerdo alcanzado esta ma\u00f1ana con el presidente del Gobierno para hacer frente a las acciones contra el orden constitucional y la legalidad que pudieran producirse en Catalu\u00f1a. En una comparecencia ante los medios en la sede de Ferraz, el l\u00edder socialista ha querido trasladar \u201cun mensaje de","inLanguage":"es-ES","isPartOf":{"@id":"https:\/\/www.eldigitaldeasturias.com\/noticias\/#website"},"breadcrumb":{"@id":"https:\/\/www.eldigitaldeasturias.com\/noticias\/pedro-sanchez-y-rajoy-acuerdan-las-medidas-a-tomar-en-caso-de-desafio-separatista\/#breadcrumblist"},"author":{"@id":"https:\/\/www.eldigitaldeasturias.com\/noticias\/author\/admin\/#author"},"creator":{"@id":"https:\/\/www.eldigitaldeasturias.com\/noticias\/author\/admin\/#author"},"image":{"@type":"ImageObject","url":793321,"@id":"https:\/\/www.eldigitaldeasturias.com\/noticias\/pedro-sanchez-y-rajoy-acuerdan-las-medidas-a-tomar-en-caso-de-desafio-separatista\/#mainImage"},"primaryImageOfPage":{"@id":"https:\/\/www.eldigitaldeasturias.com\/noticias\/pedro-sanchez-y-rajoy-acuerdan-las-medidas-a-tomar-en-caso-de-desafio-separatista\/#mainImage"},"datePublished":"2018-05-15T14:57:56+02:00","dateModified":"2018-05-15T14:57:56+02:00"},{"@type":"WebSite","@id":"https:\/\/www.eldigitaldeasturias.com\/noticias\/#website","url":"https:\/\/www.eldigitaldeasturias.com\/noticias\/","name":"El Digital de Asturias - Diario de actualidad y noticias","alternateName":"El Digital de Asturias - Diario de actualidad y noticias","description":"Hemeroteca","inLanguage":"es-ES","publisher":{"@id":"https:\/\/www.eldigitaldeasturias.com\/noticias\/#organization"}}]},"og:locale":"es_ES","og:site_name":"El Digital de Asturias","og:type":"article","og:title":"Pedro S\u00e1nchez y Rajoy acuerdan las medidas a tomar en caso de desaf\u00edo separatista - El Digital de Asturias","og:description":"El secretario general, Pedro S\u00e1nchez, ha detallado el acuerdo alcanzado esta ma\u00f1ana con el presidente del Gobierno para hacer frente a las acciones contra el orden constitucional y la legalidad que pudieran producirse en Catalu\u00f1a. En una comparecencia ante los medios en la sede de Ferraz, el l\u00edder socialista ha querido trasladar \u201cun mensaje de","og:url":"https:\/\/www.eldigitaldeasturias.com\/noticias\/pedro-sanchez-y-rajoy-acuerdan-las-medidas-a-tomar-en-caso-de-desafio-separatista\/","article:tag":["actualidad"],"article:published_time":"2018-05-15T14:57:56+00:00","article:modified_time":"2018-05-15T14:57:56+00:00","article:publisher":"https:\/\/facebook.com\/eldigitaldeasturias","twitter:card":"summary_large_image","twitter:title":"Pedro S\u00e1nchez y Rajoy acuerdan las medidas a tomar en caso de desaf\u00edo separatista - El Digital de Asturias","twitter:description":"El secretario general, Pedro S\u00e1nchez, ha detallado el acuerdo alcanzado esta ma\u00f1ana con el presidente del Gobierno para hacer frente a las acciones contra el orden constitucional y la legalidad que pudieran producirse en Catalu\u00f1a. En una comparecencia ante los medios en la sede de Ferraz, el l\u00edder socialista ha querido trasladar \u201cun mensaje de","twitter:image":"https:\/\/www.eldigitaldeasturias.com\/noticias\/wp-content\/uploads\/2020\/12\/EDA-1.jpg","twitter:label1":"Escrito por","twitter:data1":"El Digital de Asturias","twitter:label2":"Tiempo de lectura estimado","twitter:data2":"4 minutos"},"aioseo_meta_data":{"post_id":"980508","title":null,"description":null,"keywords":null,"keyphrases":null,"primary_term":null,"canonical_url":null,"og_title":null,"og_description":null,"og_object_type":"default","og_image_type":"default","og_image_url":null,"og_image_width":null,"og_image_height":null,"og_image_custom_url":null,"og_image_custom_fields":null,"og_video":null,"og_custom_url":null,"og_article_section":null,"og_article_tags":null,"twitter_use_og":false,"twitter_card":"default","twitter_image_type":"default","twitter_image_url":null,"twitter_image_custom_url":null,"twitter_image_custom_fields":null,"twitter_title":null,"twitter_description":null,"schema":{"blockGraphs":[],"customGraphs":[],"default":{"data":{"Article":[],"Course":[],"Dataset":[],"FAQPage":[],"Movie":[],"Person":[],"Product":[],"ProductReview":[],"Car":[],"Recipe":[],"Service":[],"SoftwareApplication":[],"WebPage":[]},"graphName":"","isEnabled":true},"graphs":[],"defaultGraph":"","defaultPostTypeGraph":""},"schema_type":null,"schema_type_options":null,"pillar_content":false,"robots_default":true,"robots_noindex":false,"robots_noarchive":false,"robots_nosnippet":false,"robots_nofollow":false,"robots_noimageindex":false,"robots_noodp":false,"robots_notranslate":false,"robots_max_snippet":null,"robots_max_videopreview":null,"robots_max_imagepreview":"large","priority":null,"frequency":null,"local_seo":null,"seo_analyzer_scan_date":"2025-10-08 18:09:14","breadcrumb_settings":null,"limit_modified_date":false,"open_ai":null,"ai":null,"created":"2020-12-21 11:56:38","updated":"2025-10-08 18:09:14","focus_keyword":null,"additional_keywords":null,"truseo_locale":null},"aioseo_breadcrumb":"<div class=\"aioseo-breadcrumbs\"><span class=\"aioseo-breadcrumb\">\n\t<a href=\"https:\/\/www.eldigitaldeasturias.com\/noticias\" title=\"Home\">Home<\/a>\n<\/span><span class=\"aioseo-breadcrumb-separator\">\u2013<\/span><span class=\"aioseo-breadcrumb\">\n\t<a href=\"https:\/\/www.eldigitaldeasturias.com\/noticias\/category\/actualidad\/\" title=\"Actualidad\">Actualidad<\/a>\n<\/span><span class=\"aioseo-breadcrumb-separator\">\u2013<\/span><span class=\"aioseo-breadcrumb\">\n\t<a href=\"https:\/\/www.eldigitaldeasturias.com\/noticias\/pedro-sanchez-y-rajoy-acuerdan-las-medidas-a-tomar-en-caso-de-desafio-separatista\/\" title=\"Pedro S\u00e1nchez y Rajoy acuerdan las medidas a tomar en caso de desaf\u00edo separatista\">Pedro S\u00e1nchez y Rajoy acuerdan las medidas a tomar en caso de desaf\u00edo separatista<\/a>\n<\/span><\/div>","aioseo_breadcrumb_json":[{"label":"Home","link":"https:\/\/www.eldigitaldeasturias.com\/noticias"},{"label":"Actualidad","link":"https:\/\/www.eldigitaldeasturias.com\/noticias\/category\/actualidad\/"},{"label":"Pedro S\u00e1nchez y Rajoy acuerdan las medidas a tomar en caso de desaf\u00edo separatista","link":"https:\/\/www.eldigitaldeasturias.com\/noticias\/pedro-sanchez-y-rajoy-acuerdan-las-medidas-a-tomar-en-caso-de-desafio-separatista\/"}],"_links":{"self":[{"href":"https:\/\/www.eldigitaldeasturias.com\/noticias\/wp-json\/wp\/v2\/posts\/980508","targetHints":{"allow":["GET"]}}],"collection":[{"href":"https:\/\/www.eldigitaldeasturias.com\/noticias\/wp-json\/wp\/v2\/posts"}],"about":[{"href":"https:\/\/www.eldigitaldeasturias.com\/noticias\/wp-json\/wp\/v2\/types\/post"}],"author":[{"embeddable":true,"href":"https:\/\/www.eldigitaldeasturias.com\/noticias\/wp-json\/wp\/v2\/users\/1"}],"replies":[{"embeddable":true,"href":"https:\/\/www.eldigitaldeasturias.com\/noticias\/wp-json\/wp\/v2\/comments?post=980508"}],"version-history":[{"count":0,"href":"https:\/\/www.eldigitaldeasturias.com\/noticias\/wp-json\/wp\/v2\/posts\/980508\/revisions"}],"wp:attachment":[{"href":"https:\/\/www.eldigitaldeasturias.com\/noticias\/wp-json\/wp\/v2\/media?parent=980508"}],"wp:term":[{"taxonomy":"category","embeddable":true,"href":"https:\/\/www.eldigitaldeasturias.com\/noticias\/wp-json\/wp\/v2\/categories?post=980508"},{"taxonomy":"post_tag","embeddable":true,"href":"https:\/\/www.eldigitaldeasturias.com\/noticias\/wp-json\/wp\/v2\/tags?post=980508"}],"curies":[{"name":"wp","href":"https:\/\/api.w.org\/{rel}","templated":true}]}}