{"id":980475,"date":"2018-05-15T12:42:45","date_gmt":"2018-05-15T12:42:45","guid":{"rendered":"http:\/\/www.eldigitaldeasturias.com\/noticias\/?p=980475"},"modified":"2018-05-15T12:42:45","modified_gmt":"2018-05-15T12:42:45","slug":"reapertura-del-museo-arqueologico-de-granada","status":"publish","type":"post","link":"https:\/\/www.eldigitaldeasturias.com\/noticias\/reapertura-del-museo-arqueologico-de-granada\/","title":{"rendered":"Reapertura del Museo Arqueol\u00f3gico de Granada"},"content":{"rendered":"<p><img loading=\"lazy\" decoding=\"async\" class=\"alignleft size-medium wp-image-980476\" src=\"https:\/\/www.eldigitaldeasturias.com\/noticias\/wp-content\/uploads\/2018\/05\/Educacion.Interior.SEC_-360x239.jpg\" alt=\"\" width=\"360\" height=\"239\" \/>El pr\u00f3ximo viernes, 18 de mayo, el Museo Arqueol\u00f3gico de Granada reabrir\u00e1 sus puertas al p\u00fablico. La reforma y la renovaci\u00f3n de sus instalaciones mostrar\u00e1n a los visitantes el esplendor de la magn\u00edfica colecci\u00f3n que alberga. Ello ha sido posible gracias a que el Estado, como titular, y la Junta de Andaluc\u00eda, como administraci\u00f3n gestora, adquirieron una serie de obligaciones que, en el caso del Ministerio de Educaci\u00f3n, Cultura y Deporte han supuesto una inversi\u00f3n de 327.000 \u20ac.<\/p>\n<p>Ayer 14 de mayo concluy\u00f3 la supervisi\u00f3n de las \u00faltimas actuaciones realizadas por el Ministerio de Educaci\u00f3n, Cultura y Deporte, que han consistido en: la instalaci\u00f3n museogr\u00e1fica en las salas de la planta baja con un discurso expositivo que presenta las piezas m\u00e1s relevantes de la colecci\u00f3n; la restauraci\u00f3n de las dos fuentes ornamentales del museo, en zagu\u00e1n de acceso y patio, para recuperar su est\u00e9tica y ponerlas en funcionamiento; as\u00ed como las obras de reforma de las instalaciones del vest\u00edbulo y planta baja de la \u00abCasa de Castril\u00bb, con las que se han renovado las instalaciones de electricidad e iluminaci\u00f3n, climatizaci\u00f3n, seguridad anti\u2010intrusi\u00f3n y voz\u2010datos de las dependencias en el zagu\u00e1n de acceso, la galer\u00eda de patio y las tres salas de planta baja que se destinar\u00e1n a exposici\u00f3n permanente.<\/p>\n<p><strong>Una nueva exposici\u00f3n permanente<\/strong><\/p>\n<p>La nueva exposici\u00f3n permanente se distribuye en torno al patio central, donde se presentan diversas piezas como capiteles y estelas, y las tres salas totalmente reformadas y adaptadas al uso muse\u00edstico donde, siguiendo un recorrido cronol\u00f3gico se exponen las obras m\u00e1s singulares del Museo, procedentes de diversos yacimientos como la cueva de los Murci\u00e9lagos, la necr\u00f3polis Laurita o las villas romanas de Paulenca y los Mondragones.<\/p>\n<p>Todas las piezas se encuentran ya en sus expositores y vitrinas y, con nuevos elementos gr\u00e1ficos y de texto que ayudan a un mejor entendimiento de los objetos expuestos.<\/p>\n<p>Con la realizaci\u00f3n de esas tareas, el Ministerio finaliza los trabajos en el Museo Arqueol\u00f3gico de Granada, cumpliendo de ese modo con los compromisos adquiridos con la instituci\u00f3n y la Junta de Andaluc\u00eda.<\/p>\n","protected":false},"excerpt":{"rendered":"<p>El pr\u00f3ximo viernes, 18 de mayo, el Museo Arqueol\u00f3gico de Granada reabrir\u00e1 sus puertas al p\u00fablico. La reforma y la renovaci\u00f3n de sus instalaciones mostrar\u00e1n a los visitantes el esplendor de la magn\u00edfica colecci\u00f3n que alberga. Ello ha sido posible gracias a que el Estado, como titular, y la Junta de Andaluc\u00eda, como administraci\u00f3n gestora, [&hellip;]<\/p>\n","protected":false},"author":1,"featured_media":980476,"comment_status":"closed","ping_status":"closed","sticky":false,"template":"","format":"standard","meta":{"footnotes":""},"categories":[1],"tags":[],"class_list":["post-980475","post","type-post","status-publish","format-standard","has-post-thumbnail","hentry","category-actualidad"],"aioseo_notices":[],"aioseo_head":"\n\t\t<!-- All in One SEO Pro 5.0.1 - aioseo.com -->\n\t<meta name=\"description\" content=\"El pr\u00f3ximo viernes, 18 de mayo, el Museo Arqueol\u00f3gico de Granada reabrir\u00e1 sus puertas al p\u00fablico. La reforma y la renovaci\u00f3n de sus instalaciones mostrar\u00e1n a los visitantes el esplendor de la magn\u00edfica colecci\u00f3n que alberga. Ello ha sido posible gracias a que el Estado, como titular, y la Junta de Andaluc\u00eda, como administraci\u00f3n gestora,\" \/>\n\t<meta name=\"robots\" content=\"max-image-preview:large\" \/>\n\t<meta name=\"author\" content=\"El Digital de Asturias\"\/>\n\t<meta name=\"google-site-verification\" content=\"UA-38556648-1\" \/>\n\t<meta name=\"msvalidate.01\" content=\"7dfe9f3f1b24437ab69f4f2559babe99\" \/>\n\t<meta name=\"keywords\" content=\"actualidad\" \/>\n\t<link rel=\"canonical\" href=\"https:\/\/www.eldigitaldeasturias.com\/noticias\/reapertura-del-museo-arqueologico-de-granada\/\" \/>\n\t<meta name=\"generator\" content=\"All in One SEO Pro (AIOSEO) 5.0.1\" \/>\n\t\t<meta property=\"og:locale\" content=\"es_ES\" \/>\n\t\t<meta property=\"og:site_name\" content=\"El Digital de Asturias\" \/>\n\t\t<meta property=\"og:type\" content=\"article\" \/>\n\t\t<meta property=\"og:title\" content=\"Reapertura del Museo Arqueol\u00f3gico de Granada - El Digital de Asturias\" \/>\n\t\t<meta property=\"og:description\" content=\"El pr\u00f3ximo viernes, 18 de mayo, el Museo Arqueol\u00f3gico de Granada reabrir\u00e1 sus puertas al p\u00fablico. La reforma y la renovaci\u00f3n de sus instalaciones mostrar\u00e1n a los visitantes el esplendor de la magn\u00edfica colecci\u00f3n que alberga. Ello ha sido posible gracias a que el Estado, como titular, y la Junta de Andaluc\u00eda, como administraci\u00f3n gestora,\" \/>\n\t\t<meta property=\"og:url\" content=\"https:\/\/www.eldigitaldeasturias.com\/noticias\/reapertura-del-museo-arqueologico-de-granada\/\" \/>\n\t\t<meta property=\"article:tag\" content=\"actualidad\" \/>\n\t\t<meta property=\"article:published_time\" content=\"2018-05-15T12:42:45+00:00\" \/>\n\t\t<meta property=\"article:modified_time\" content=\"2018-05-15T12:42:45+00:00\" \/>\n\t\t<meta property=\"article:publisher\" content=\"https:\/\/facebook.com\/eldigitaldeasturias\" \/>\n\t\t<meta name=\"twitter:card\" content=\"summary_large_image\" \/>\n\t\t<meta name=\"twitter:title\" content=\"Reapertura del Museo Arqueol\u00f3gico de Granada - El Digital de Asturias\" \/>\n\t\t<meta name=\"twitter:description\" content=\"El pr\u00f3ximo viernes, 18 de mayo, el Museo Arqueol\u00f3gico de Granada reabrir\u00e1 sus puertas al p\u00fablico. La reforma y la renovaci\u00f3n de sus instalaciones mostrar\u00e1n a los visitantes el esplendor de la magn\u00edfica colecci\u00f3n que alberga. Ello ha sido posible gracias a que el Estado, como titular, y la Junta de Andaluc\u00eda, como administraci\u00f3n gestora,\" \/>\n\t\t<meta name=\"twitter:image\" content=\"https:\/\/www.eldigitaldeasturias.com\/noticias\/wp-content\/uploads\/2020\/12\/EDA-1.jpg\" \/>\n\t\t<meta name=\"twitter:label1\" content=\"Escrito por\" \/>\n\t\t<meta name=\"twitter:data1\" content=\"El Digital de Asturias\" \/>\n\t\t<meta name=\"twitter:label2\" content=\"Tiempo de lectura estimado\" \/>\n\t\t<meta name=\"twitter:data2\" content=\"2 minutos\" \/>\n\t\t<script type=\"application\/ld+json\" class=\"aioseo-schema\">\n\t\t\t{\"@context\":\"https:\\\/\\\/schema.org\",\"@graph\":[{\"@type\":\"BlogPosting\",\"@id\":\"https:\\\/\\\/www.eldigitaldeasturias.com\\\/noticias\\\/reapertura-del-museo-arqueologico-de-granada\\\/#blogposting\",\"name\":\"Reapertura del Museo Arqueol\\u00f3gico de Granada - El Digital de Asturias\",\"headline\":\"Reapertura del Museo Arqueol\\u00f3gico de Granada\",\"author\":{\"@id\":\"https:\\\/\\\/www.eldigitaldeasturias.com\\\/noticias\\\/author\\\/admin\\\/#author\"},\"publisher\":{\"@id\":\"https:\\\/\\\/www.eldigitaldeasturias.com\\\/noticias\\\/#organization\"},\"image\":{\"@type\":\"ImageObject\",\"url\":980476},\"datePublished\":\"2018-05-15T12:42:45+02:00\",\"dateModified\":\"2018-05-15T12:42:45+02:00\",\"inLanguage\":\"es-ES\",\"mainEntityOfPage\":{\"@id\":\"https:\\\/\\\/www.eldigitaldeasturias.com\\\/noticias\\\/reapertura-del-museo-arqueologico-de-granada\\\/#webpage\"},\"isPartOf\":{\"@id\":\"https:\\\/\\\/www.eldigitaldeasturias.com\\\/noticias\\\/reapertura-del-museo-arqueologico-de-granada\\\/#webpage\"},\"articleSection\":\"Actualidad\"},{\"@type\":\"BreadcrumbList\",\"@id\":\"https:\\\/\\\/www.eldigitaldeasturias.com\\\/noticias\\\/reapertura-del-museo-arqueologico-de-granada\\\/#breadcrumblist\",\"itemListElement\":[{\"@type\":\"ListItem\",\"@id\":\"https:\\\/\\\/www.eldigitaldeasturias.com\\\/noticias#listItem\",\"position\":1,\"name\":\"Home\",\"item\":\"https:\\\/\\\/www.eldigitaldeasturias.com\\\/noticias\",\"nextItem\":{\"@type\":\"ListItem\",\"@id\":\"https:\\\/\\\/www.eldigitaldeasturias.com\\\/noticias\\\/category\\\/actualidad\\\/#listItem\",\"name\":\"Actualidad\"}},{\"@type\":\"ListItem\",\"@id\":\"https:\\\/\\\/www.eldigitaldeasturias.com\\\/noticias\\\/category\\\/actualidad\\\/#listItem\",\"position\":2,\"name\":\"Actualidad\",\"item\":\"https:\\\/\\\/www.eldigitaldeasturias.com\\\/noticias\\\/category\\\/actualidad\\\/\",\"nextItem\":{\"@type\":\"ListItem\",\"@id\":\"https:\\\/\\\/www.eldigitaldeasturias.com\\\/noticias\\\/reapertura-del-museo-arqueologico-de-granada\\\/#listItem\",\"name\":\"Reapertura del Museo Arqueol\\u00f3gico de Granada\"},\"previousItem\":{\"@type\":\"ListItem\",\"@id\":\"https:\\\/\\\/www.eldigitaldeasturias.com\\\/noticias#listItem\",\"name\":\"Home\"}},{\"@type\":\"ListItem\",\"@id\":\"https:\\\/\\\/www.eldigitaldeasturias.com\\\/noticias\\\/reapertura-del-museo-arqueologico-de-granada\\\/#listItem\",\"position\":3,\"name\":\"Reapertura del Museo Arqueol\\u00f3gico de Granada\",\"previousItem\":{\"@type\":\"ListItem\",\"@id\":\"https:\\\/\\\/www.eldigitaldeasturias.com\\\/noticias\\\/category\\\/actualidad\\\/#listItem\",\"name\":\"Actualidad\"}}]},{\"@type\":\"Organization\",\"@id\":\"https:\\\/\\\/www.eldigitaldeasturias.com\\\/noticias\\\/#organization\",\"name\":\"El Digital de Asturias\",\"description\":\"Hemeroteca\",\"url\":\"https:\\\/\\\/www.eldigitaldeasturias.com\\\/noticias\\\/\",\"email\":\"info@eldigitaldeasturias.com\",\"telephone\":\"+34652131393\",\"logo\":{\"@type\":\"ImageObject\",\"url\":\"https:\\\/\\\/www.eldigitaldeasturias.com\\\/noticias\\\/wp-content\\\/uploads\\\/2020\\\/12\\\/EDA.jpg\",\"@id\":\"https:\\\/\\\/www.eldigitaldeasturias.com\\\/noticias\\\/reapertura-del-museo-arqueologico-de-granada\\\/#organizationLogo\"},\"image\":{\"@id\":\"https:\\\/\\\/www.eldigitaldeasturias.com\\\/noticias\\\/reapertura-del-museo-arqueologico-de-granada\\\/#organizationLogo\"},\"sameAs\":[\"https:\\\/\\\/facebook.com\\\/eldigitaldeasturias\",\"https:\\\/\\\/www.youtube.com\\\/channel\\\/UCZP-2wLEB9Rv6erhFmqVnvg\"],\"address\":{\"@id\":\"https:\\\/\\\/www.eldigitaldeasturias.com\\\/noticias\\\/#postaladdress\",\"@type\":\"PostalAddress\",\"streetAddress\":\"san antonio 4\",\"postalCode\":\"33430\",\"addressLocality\":\"Cand\\u00e1s\",\"addressRegion\":\"Asturias\",\"addressCountry\":\"ES\"}},{\"@type\":\"Person\",\"@id\":\"https:\\\/\\\/www.eldigitaldeasturias.com\\\/noticias\\\/author\\\/admin\\\/#author\",\"url\":\"https:\\\/\\\/www.eldigitaldeasturias.com\\\/noticias\\\/author\\\/admin\\\/\",\"name\":\"El Digital de Asturias\",\"image\":{\"@type\":\"ImageObject\",\"@id\":\"https:\\\/\\\/www.eldigitaldeasturias.com\\\/noticias\\\/reapertura-del-museo-arqueologico-de-granada\\\/#authorImage\",\"url\":\"https:\\\/\\\/secure.gravatar.com\\\/avatar\\\/df2aeffc32bcd13f8d26072ef8a91b623d677766deac7f97ca815868cd41bf5e?s=96&d=mm&r=g\",\"width\":96,\"height\":96,\"caption\":\"El Digital de Asturias\"}},{\"@type\":\"WebPage\",\"@id\":\"https:\\\/\\\/www.eldigitaldeasturias.com\\\/noticias\\\/reapertura-del-museo-arqueologico-de-granada\\\/#webpage\",\"url\":\"https:\\\/\\\/www.eldigitaldeasturias.com\\\/noticias\\\/reapertura-del-museo-arqueologico-de-granada\\\/\",\"name\":\"Reapertura del Museo Arqueol\\u00f3gico de Granada - El Digital de Asturias\",\"description\":\"El pr\\u00f3ximo viernes, 18 de mayo, el Museo Arqueol\\u00f3gico de Granada reabrir\\u00e1 sus puertas al p\\u00fablico. La reforma y la renovaci\\u00f3n de sus instalaciones mostrar\\u00e1n a los visitantes el esplendor de la magn\\u00edfica colecci\\u00f3n que alberga. Ello ha sido posible gracias a que el Estado, como titular, y la Junta de Andaluc\\u00eda, como administraci\\u00f3n gestora,\",\"inLanguage\":\"es-ES\",\"isPartOf\":{\"@id\":\"https:\\\/\\\/www.eldigitaldeasturias.com\\\/noticias\\\/#website\"},\"breadcrumb\":{\"@id\":\"https:\\\/\\\/www.eldigitaldeasturias.com\\\/noticias\\\/reapertura-del-museo-arqueologico-de-granada\\\/#breadcrumblist\"},\"author\":{\"@id\":\"https:\\\/\\\/www.eldigitaldeasturias.com\\\/noticias\\\/author\\\/admin\\\/#author\"},\"creator\":{\"@id\":\"https:\\\/\\\/www.eldigitaldeasturias.com\\\/noticias\\\/author\\\/admin\\\/#author\"},\"image\":{\"@type\":\"ImageObject\",\"url\":980476,\"@id\":\"https:\\\/\\\/www.eldigitaldeasturias.com\\\/noticias\\\/reapertura-del-museo-arqueologico-de-granada\\\/#mainImage\"},\"primaryImageOfPage\":{\"@id\":\"https:\\\/\\\/www.eldigitaldeasturias.com\\\/noticias\\\/reapertura-del-museo-arqueologico-de-granada\\\/#mainImage\"},\"datePublished\":\"2018-05-15T12:42:45+02:00\",\"dateModified\":\"2018-05-15T12:42:45+02:00\"},{\"@type\":\"WebSite\",\"@id\":\"https:\\\/\\\/www.eldigitaldeasturias.com\\\/noticias\\\/#website\",\"url\":\"https:\\\/\\\/www.eldigitaldeasturias.com\\\/noticias\\\/\",\"name\":\"El Digital de Asturias - Diario de actualidad y noticias\",\"alternateName\":\"El Digital de Asturias - Diario de actualidad y noticias\",\"description\":\"Hemeroteca\",\"inLanguage\":\"es-ES\",\"publisher\":{\"@id\":\"https:\\\/\\\/www.eldigitaldeasturias.com\\\/noticias\\\/#organization\"}}]}\n\t\t<\/script>\n\t\t<!-- All in One SEO Pro -->\r\n\t\t<title>Reapertura del Museo Arqueol\u00f3gico de Granada - El Digital de Asturias<\/title>\n\n","aioseo_head_json":{"title":"Reapertura del Museo Arqueol\u00f3gico de Granada - El Digital de Asturias","description":"El pr\u00f3ximo viernes, 18 de mayo, el Museo Arqueol\u00f3gico de Granada reabrir\u00e1 sus puertas al p\u00fablico. La reforma y la renovaci\u00f3n de sus instalaciones mostrar\u00e1n a los visitantes el esplendor de la magn\u00edfica colecci\u00f3n que alberga. Ello ha sido posible gracias a que el Estado, como titular, y la Junta de Andaluc\u00eda, como administraci\u00f3n gestora,","canonical_url":"https:\/\/www.eldigitaldeasturias.com\/noticias\/reapertura-del-museo-arqueologico-de-granada\/","robots":"max-image-preview:large","keywords":"actualidad","webmasterTools":{"google-site-verification":"UA-38556648-1","msvalidate.01":"7dfe9f3f1b24437ab69f4f2559babe99","miscellaneous":""},"schema":{"@context":"https:\/\/schema.org","@graph":[{"@type":"BlogPosting","@id":"https:\/\/www.eldigitaldeasturias.com\/noticias\/reapertura-del-museo-arqueologico-de-granada\/#blogposting","name":"Reapertura del Museo Arqueol\u00f3gico de Granada - El Digital de Asturias","headline":"Reapertura del Museo Arqueol\u00f3gico de Granada","author":{"@id":"https:\/\/www.eldigitaldeasturias.com\/noticias\/author\/admin\/#author"},"publisher":{"@id":"https:\/\/www.eldigitaldeasturias.com\/noticias\/#organization"},"image":{"@type":"ImageObject","url":980476},"datePublished":"2018-05-15T12:42:45+02:00","dateModified":"2018-05-15T12:42:45+02:00","inLanguage":"es-ES","mainEntityOfPage":{"@id":"https:\/\/www.eldigitaldeasturias.com\/noticias\/reapertura-del-museo-arqueologico-de-granada\/#webpage"},"isPartOf":{"@id":"https:\/\/www.eldigitaldeasturias.com\/noticias\/reapertura-del-museo-arqueologico-de-granada\/#webpage"},"articleSection":"Actualidad"},{"@type":"BreadcrumbList","@id":"https:\/\/www.eldigitaldeasturias.com\/noticias\/reapertura-del-museo-arqueologico-de-granada\/#breadcrumblist","itemListElement":[{"@type":"ListItem","@id":"https:\/\/www.eldigitaldeasturias.com\/noticias#listItem","position":1,"name":"Home","item":"https:\/\/www.eldigitaldeasturias.com\/noticias","nextItem":{"@type":"ListItem","@id":"https:\/\/www.eldigitaldeasturias.com\/noticias\/category\/actualidad\/#listItem","name":"Actualidad"}},{"@type":"ListItem","@id":"https:\/\/www.eldigitaldeasturias.com\/noticias\/category\/actualidad\/#listItem","position":2,"name":"Actualidad","item":"https:\/\/www.eldigitaldeasturias.com\/noticias\/category\/actualidad\/","nextItem":{"@type":"ListItem","@id":"https:\/\/www.eldigitaldeasturias.com\/noticias\/reapertura-del-museo-arqueologico-de-granada\/#listItem","name":"Reapertura del Museo Arqueol\u00f3gico de Granada"},"previousItem":{"@type":"ListItem","@id":"https:\/\/www.eldigitaldeasturias.com\/noticias#listItem","name":"Home"}},{"@type":"ListItem","@id":"https:\/\/www.eldigitaldeasturias.com\/noticias\/reapertura-del-museo-arqueologico-de-granada\/#listItem","position":3,"name":"Reapertura del Museo Arqueol\u00f3gico de Granada","previousItem":{"@type":"ListItem","@id":"https:\/\/www.eldigitaldeasturias.com\/noticias\/category\/actualidad\/#listItem","name":"Actualidad"}}]},{"@type":"Organization","@id":"https:\/\/www.eldigitaldeasturias.com\/noticias\/#organization","name":"El Digital de Asturias","description":"Hemeroteca","url":"https:\/\/www.eldigitaldeasturias.com\/noticias\/","email":"info@eldigitaldeasturias.com","telephone":"+34652131393","logo":{"@type":"ImageObject","url":"https:\/\/www.eldigitaldeasturias.com\/noticias\/wp-content\/uploads\/2020\/12\/EDA.jpg","@id":"https:\/\/www.eldigitaldeasturias.com\/noticias\/reapertura-del-museo-arqueologico-de-granada\/#organizationLogo"},"image":{"@id":"https:\/\/www.eldigitaldeasturias.com\/noticias\/reapertura-del-museo-arqueologico-de-granada\/#organizationLogo"},"sameAs":["https:\/\/facebook.com\/eldigitaldeasturias","https:\/\/www.youtube.com\/channel\/UCZP-2wLEB9Rv6erhFmqVnvg"],"address":{"@id":"https:\/\/www.eldigitaldeasturias.com\/noticias\/#postaladdress","@type":"PostalAddress","streetAddress":"san antonio 4","postalCode":"33430","addressLocality":"Cand\u00e1s","addressRegion":"Asturias","addressCountry":"ES"}},{"@type":"Person","@id":"https:\/\/www.eldigitaldeasturias.com\/noticias\/author\/admin\/#author","url":"https:\/\/www.eldigitaldeasturias.com\/noticias\/author\/admin\/","name":"El Digital de Asturias","image":{"@type":"ImageObject","@id":"https:\/\/www.eldigitaldeasturias.com\/noticias\/reapertura-del-museo-arqueologico-de-granada\/#authorImage","url":"https:\/\/secure.gravatar.com\/avatar\/df2aeffc32bcd13f8d26072ef8a91b623d677766deac7f97ca815868cd41bf5e?s=96&d=mm&r=g","width":96,"height":96,"caption":"El Digital de Asturias"}},{"@type":"WebPage","@id":"https:\/\/www.eldigitaldeasturias.com\/noticias\/reapertura-del-museo-arqueologico-de-granada\/#webpage","url":"https:\/\/www.eldigitaldeasturias.com\/noticias\/reapertura-del-museo-arqueologico-de-granada\/","name":"Reapertura del Museo Arqueol\u00f3gico de Granada - El Digital de Asturias","description":"El pr\u00f3ximo viernes, 18 de mayo, el Museo Arqueol\u00f3gico de Granada reabrir\u00e1 sus puertas al p\u00fablico. La reforma y la renovaci\u00f3n de sus instalaciones mostrar\u00e1n a los visitantes el esplendor de la magn\u00edfica colecci\u00f3n que alberga. Ello ha sido posible gracias a que el Estado, como titular, y la Junta de Andaluc\u00eda, como administraci\u00f3n gestora,","inLanguage":"es-ES","isPartOf":{"@id":"https:\/\/www.eldigitaldeasturias.com\/noticias\/#website"},"breadcrumb":{"@id":"https:\/\/www.eldigitaldeasturias.com\/noticias\/reapertura-del-museo-arqueologico-de-granada\/#breadcrumblist"},"author":{"@id":"https:\/\/www.eldigitaldeasturias.com\/noticias\/author\/admin\/#author"},"creator":{"@id":"https:\/\/www.eldigitaldeasturias.com\/noticias\/author\/admin\/#author"},"image":{"@type":"ImageObject","url":980476,"@id":"https:\/\/www.eldigitaldeasturias.com\/noticias\/reapertura-del-museo-arqueologico-de-granada\/#mainImage"},"primaryImageOfPage":{"@id":"https:\/\/www.eldigitaldeasturias.com\/noticias\/reapertura-del-museo-arqueologico-de-granada\/#mainImage"},"datePublished":"2018-05-15T12:42:45+02:00","dateModified":"2018-05-15T12:42:45+02:00"},{"@type":"WebSite","@id":"https:\/\/www.eldigitaldeasturias.com\/noticias\/#website","url":"https:\/\/www.eldigitaldeasturias.com\/noticias\/","name":"El Digital de Asturias - Diario de actualidad y noticias","alternateName":"El Digital de Asturias - Diario de actualidad y noticias","description":"Hemeroteca","inLanguage":"es-ES","publisher":{"@id":"https:\/\/www.eldigitaldeasturias.com\/noticias\/#organization"}}]},"og:locale":"es_ES","og:site_name":"El Digital de Asturias","og:type":"article","og:title":"Reapertura del Museo Arqueol\u00f3gico de Granada - El Digital de Asturias","og:description":"El pr\u00f3ximo viernes, 18 de mayo, el Museo Arqueol\u00f3gico de Granada reabrir\u00e1 sus puertas al p\u00fablico. La reforma y la renovaci\u00f3n de sus instalaciones mostrar\u00e1n a los visitantes el esplendor de la magn\u00edfica colecci\u00f3n que alberga. Ello ha sido posible gracias a que el Estado, como titular, y la Junta de Andaluc\u00eda, como administraci\u00f3n gestora,","og:url":"https:\/\/www.eldigitaldeasturias.com\/noticias\/reapertura-del-museo-arqueologico-de-granada\/","article:tag":["actualidad"],"article:published_time":"2018-05-15T12:42:45+00:00","article:modified_time":"2018-05-15T12:42:45+00:00","article:publisher":"https:\/\/facebook.com\/eldigitaldeasturias","twitter:card":"summary_large_image","twitter:title":"Reapertura del Museo Arqueol\u00f3gico de Granada - El Digital de Asturias","twitter:description":"El pr\u00f3ximo viernes, 18 de mayo, el Museo Arqueol\u00f3gico de Granada reabrir\u00e1 sus puertas al p\u00fablico. La reforma y la renovaci\u00f3n de sus instalaciones mostrar\u00e1n a los visitantes el esplendor de la magn\u00edfica colecci\u00f3n que alberga. Ello ha sido posible gracias a que el Estado, como titular, y la Junta de Andaluc\u00eda, como administraci\u00f3n gestora,","twitter:image":"https:\/\/www.eldigitaldeasturias.com\/noticias\/wp-content\/uploads\/2020\/12\/EDA-1.jpg","twitter:label1":"Escrito por","twitter:data1":"El Digital de Asturias","twitter:label2":"Tiempo de lectura estimado","twitter:data2":"2 minutos"},"aioseo_meta_data":{"post_id":"980475","title":null,"description":null,"keywords":null,"keyphrases":null,"primary_term":null,"canonical_url":null,"og_title":null,"og_description":null,"og_object_type":"default","og_image_type":"default","og_image_url":null,"og_image_width":null,"og_image_height":null,"og_image_custom_url":null,"og_image_custom_fields":null,"og_video":null,"og_custom_url":null,"og_article_section":null,"og_article_tags":null,"twitter_use_og":false,"twitter_card":"default","twitter_image_type":"default","twitter_image_url":null,"twitter_image_custom_url":null,"twitter_image_custom_fields":null,"twitter_title":null,"twitter_description":null,"schema":{"blockGraphs":[],"customGraphs":[],"default":{"data":{"Article":[],"Course":[],"Dataset":[],"FAQPage":[],"Movie":[],"Person":[],"Product":[],"ProductReview":[],"Car":[],"Recipe":[],"Service":[],"SoftwareApplication":[],"WebPage":[]},"graphName":"","isEnabled":true},"graphs":[],"defaultGraph":"","defaultPostTypeGraph":""},"schema_type":null,"schema_type_options":null,"pillar_content":false,"robots_default":true,"robots_noindex":false,"robots_noarchive":false,"robots_nosnippet":false,"robots_nofollow":false,"robots_noimageindex":false,"robots_noodp":false,"robots_notranslate":false,"robots_max_snippet":null,"robots_max_videopreview":null,"robots_max_imagepreview":"large","priority":null,"frequency":null,"local_seo":null,"seo_analyzer_scan_date":"2025-10-08 18:03:02","breadcrumb_settings":null,"limit_modified_date":false,"open_ai":null,"ai":null,"created":"2020-12-21 11:56:38","updated":"2025-10-08 18:03:02","focus_keyword":null,"additional_keywords":null,"truseo_locale":null},"aioseo_breadcrumb":"<div class=\"aioseo-breadcrumbs\"><span class=\"aioseo-breadcrumb\">\n\t<a href=\"https:\/\/www.eldigitaldeasturias.com\/noticias\" title=\"Home\">Home<\/a>\n<\/span><span class=\"aioseo-breadcrumb-separator\">\u2013<\/span><span class=\"aioseo-breadcrumb\">\n\t<a href=\"https:\/\/www.eldigitaldeasturias.com\/noticias\/category\/actualidad\/\" title=\"Actualidad\">Actualidad<\/a>\n<\/span><span class=\"aioseo-breadcrumb-separator\">\u2013<\/span><span class=\"aioseo-breadcrumb\">\n\t<a href=\"https:\/\/www.eldigitaldeasturias.com\/noticias\/reapertura-del-museo-arqueologico-de-granada\/\" title=\"Reapertura del Museo Arqueol\u00f3gico de Granada\">Reapertura del Museo Arqueol\u00f3gico de Granada<\/a>\n<\/span><\/div>","aioseo_breadcrumb_json":[{"label":"Home","link":"https:\/\/www.eldigitaldeasturias.com\/noticias"},{"label":"Actualidad","link":"https:\/\/www.eldigitaldeasturias.com\/noticias\/category\/actualidad\/"},{"label":"Reapertura del Museo Arqueol\u00f3gico de Granada","link":"https:\/\/www.eldigitaldeasturias.com\/noticias\/reapertura-del-museo-arqueologico-de-granada\/"}],"_links":{"self":[{"href":"https:\/\/www.eldigitaldeasturias.com\/noticias\/wp-json\/wp\/v2\/posts\/980475","targetHints":{"allow":["GET"]}}],"collection":[{"href":"https:\/\/www.eldigitaldeasturias.com\/noticias\/wp-json\/wp\/v2\/posts"}],"about":[{"href":"https:\/\/www.eldigitaldeasturias.com\/noticias\/wp-json\/wp\/v2\/types\/post"}],"author":[{"embeddable":true,"href":"https:\/\/www.eldigitaldeasturias.com\/noticias\/wp-json\/wp\/v2\/users\/1"}],"replies":[{"embeddable":true,"href":"https:\/\/www.eldigitaldeasturias.com\/noticias\/wp-json\/wp\/v2\/comments?post=980475"}],"version-history":[{"count":0,"href":"https:\/\/www.eldigitaldeasturias.com\/noticias\/wp-json\/wp\/v2\/posts\/980475\/revisions"}],"wp:attachment":[{"href":"https:\/\/www.eldigitaldeasturias.com\/noticias\/wp-json\/wp\/v2\/media?parent=980475"}],"wp:term":[{"taxonomy":"category","embeddable":true,"href":"https:\/\/www.eldigitaldeasturias.com\/noticias\/wp-json\/wp\/v2\/categories?post=980475"},{"taxonomy":"post_tag","embeddable":true,"href":"https:\/\/www.eldigitaldeasturias.com\/noticias\/wp-json\/wp\/v2\/tags?post=980475"}],"curies":[{"name":"wp","href":"https:\/\/api.w.org\/{rel}","templated":true}]}}