{"id":980426,"date":"2018-05-15T11:08:51","date_gmt":"2018-05-15T11:08:51","guid":{"rendered":"http:\/\/www.eldigitaldeasturias.com\/noticias\/?p=980426"},"modified":"2018-05-15T11:08:51","modified_gmt":"2018-05-15T11:08:51","slug":"la-dgt-refuerza-la-vigilancia-durante-la-festividad-de-san-isidro","status":"publish","type":"post","link":"https:\/\/www.eldigitaldeasturias.com\/noticias\/la-dgt-refuerza-la-vigilancia-durante-la-festividad-de-san-isidro\/","title":{"rendered":"La DGT refuerza la vigilancia durante la festividad de San Isidro"},"content":{"rendered":"<p><img loading=\"lazy\" decoding=\"async\" class=\"alignleft size-medium wp-image-977578\" src=\"https:\/\/www.eldigitaldeasturias.com\/noticias\/wp-content\/uploads\/2018\/04\/driver-1149997_960_720-360x240.jpg\" alt=\"\" width=\"360\" height=\"240\" \/>Con motivo de la festividad de San Isidro en la ciudad de Madrid, el martes 15 de mayo, la Direcci\u00f3n General de Tr\u00e1fico reforzar\u00e1 la vigilancia en las carreteras para dar seguridad y fluidez a los ciudadanos que decidan disfrutar de unos d\u00edas de descanso.<\/p>\n<p>Se prev\u00e9 un 1.100.000 de desplazamientos por carretera en la Comunidad de Madrid, 95.000 movimientos m\u00e1s, respecto a los registrados un fin de semana normal con dos d\u00edas laborales posteriores.<\/p>\n<p>Si la intensidad del tr\u00e1fico as\u00ed lo requiriera, Tr\u00e1fico ha previsto una serie de medidas de regulaci\u00f3n de la circulaci\u00f3n para facilitar los desplazamientos como son:<\/p>\n<p>\u00b7 Instalaci\u00f3n mediante conos de un carril adicional en el sentido contrario que aumente la capacidad de la v\u00eda, siempre que no incida negativamente en la circulaci\u00f3n del otro sentido.<\/p>\n<p>\u00b7 La restricci\u00f3n de la circulaci\u00f3n en ciertos d\u00edas, tramos y horas de la circulaci\u00f3n de camiones en general y de determinadas mercanc\u00edas en particular. Las restricciones concretas se pueden consultar en la Web<\/p>\n<p><strong>A TENER EN CUENTA<\/strong><\/p>\n<p>Para que el viaje se realice sin contratiempos, la DGT recomienda:<\/p>\n<p>\u00b7 Planificar adecuadamente el viaje y realizar una conducci\u00f3n sosegada.<\/p>\n<p>\u00b7 Circular por las v\u00edas m\u00e1s seguras. El pasado fin de semana de los 7 accidentes mortales ocurridos en v\u00edas interurbanas, 6 de ellos tuvieron lugar en carreteras convencionales.<\/p>\n<p>\u00b7 Respetar los l\u00edmites de velocidad establecidos en las carreteras. La velocidad sigue siendo el componente fundamental que determina la mayor o menor incidencia en la siniestralidad vial, la gravedad y el grado de lesi\u00f3n de las v\u00edctimas.<\/p>\n<p>\u00b7 No conducir si se ha ingerido alcohol u otras drogas. El 12% de la poblaci\u00f3n se pone al volante tras haber consumido alcohol o drogas<\/p>\n<p>\u00b7 Usar los sistemas de seguridad que existen y que requieren de una simple acci\u00f3n por parte del usuario como son las sillitas infantiles, cinturones de seguridad, cascos. Su uso evita en muchos casos la muerte.<\/p>\n<p>\u00b7 Evitar la somnolencia, con paradas cada dos horas, y las distracciones, en especial las relacionadas con el m\u00f3vil. No hay mensaje o llamada que no pueda esperar.<\/p>\n<p>\u00b7 Atenci\u00f3n especial a ciclistas y peatones. Todos tienen que compartir la carretera. Por este motivo, la DGT ha creado Comobity, la aplicaci\u00f3n que conecta de manera colaborativa a conductores, ciclistas y peatones de un mismo entorno. El usuario conectado informa al resto de usuarios de su presencia, con el fin de adoptar las medidas necesarias para realizar una conducci\u00f3n segura.<\/p>\n","protected":false},"excerpt":{"rendered":"<p>Con motivo de la festividad de San Isidro en la ciudad de Madrid, el martes 15 de mayo, la Direcci\u00f3n General de Tr\u00e1fico reforzar\u00e1 la vigilancia en las carreteras para dar seguridad y fluidez a los ciudadanos que decidan disfrutar de unos d\u00edas de descanso. Se prev\u00e9 un 1.100.000 de desplazamientos por carretera en la [&hellip;]<\/p>\n","protected":false},"author":1,"featured_media":977578,"comment_status":"closed","ping_status":"closed","sticky":false,"template":"","format":"standard","meta":{"footnotes":""},"categories":[1],"tags":[],"class_list":["post-980426","post","type-post","status-publish","format-standard","has-post-thumbnail","hentry","category-actualidad"],"aioseo_notices":[],"aioseo_head":"\n\t\t<!-- All in One SEO Pro 5.0.1 - aioseo.com -->\n\t<meta name=\"description\" content=\"Con motivo de la festividad de San Isidro en la ciudad de Madrid, el martes 15 de mayo, la Direcci\u00f3n General de Tr\u00e1fico reforzar\u00e1 la vigilancia en las carreteras para dar seguridad y fluidez a los ciudadanos que decidan disfrutar de unos d\u00edas de descanso. Se prev\u00e9 un 1.100.000 de desplazamientos por carretera en la\" \/>\n\t<meta name=\"robots\" content=\"max-image-preview:large\" \/>\n\t<meta name=\"author\" content=\"El Digital de Asturias\"\/>\n\t<meta name=\"google-site-verification\" content=\"UA-38556648-1\" \/>\n\t<meta name=\"msvalidate.01\" content=\"7dfe9f3f1b24437ab69f4f2559babe99\" \/>\n\t<meta name=\"keywords\" content=\"actualidad\" \/>\n\t<link rel=\"canonical\" href=\"https:\/\/www.eldigitaldeasturias.com\/noticias\/la-dgt-refuerza-la-vigilancia-durante-la-festividad-de-san-isidro\/\" \/>\n\t<meta name=\"generator\" content=\"All in One SEO Pro (AIOSEO) 5.0.1\" \/>\n\t\t<meta property=\"og:locale\" content=\"es_ES\" \/>\n\t\t<meta property=\"og:site_name\" content=\"El Digital de Asturias\" \/>\n\t\t<meta property=\"og:type\" content=\"article\" \/>\n\t\t<meta property=\"og:title\" content=\"La DGT refuerza la vigilancia durante la festividad de San Isidro - El Digital de Asturias\" \/>\n\t\t<meta property=\"og:description\" content=\"Con motivo de la festividad de San Isidro en la ciudad de Madrid, el martes 15 de mayo, la Direcci\u00f3n General de Tr\u00e1fico reforzar\u00e1 la vigilancia en las carreteras para dar seguridad y fluidez a los ciudadanos que decidan disfrutar de unos d\u00edas de descanso. Se prev\u00e9 un 1.100.000 de desplazamientos por carretera en la\" \/>\n\t\t<meta property=\"og:url\" content=\"https:\/\/www.eldigitaldeasturias.com\/noticias\/la-dgt-refuerza-la-vigilancia-durante-la-festividad-de-san-isidro\/\" \/>\n\t\t<meta property=\"article:tag\" content=\"actualidad\" \/>\n\t\t<meta property=\"article:published_time\" content=\"2018-05-15T11:08:51+00:00\" \/>\n\t\t<meta property=\"article:modified_time\" content=\"2018-05-15T11:08:51+00:00\" \/>\n\t\t<meta property=\"article:publisher\" content=\"https:\/\/facebook.com\/eldigitaldeasturias\" \/>\n\t\t<meta name=\"twitter:card\" content=\"summary_large_image\" \/>\n\t\t<meta name=\"twitter:title\" content=\"La DGT refuerza la vigilancia durante la festividad de San Isidro - El Digital de Asturias\" \/>\n\t\t<meta name=\"twitter:description\" content=\"Con motivo de la festividad de San Isidro en la ciudad de Madrid, el martes 15 de mayo, la Direcci\u00f3n General de Tr\u00e1fico reforzar\u00e1 la vigilancia en las carreteras para dar seguridad y fluidez a los ciudadanos que decidan disfrutar de unos d\u00edas de descanso. Se prev\u00e9 un 1.100.000 de desplazamientos por carretera en la\" \/>\n\t\t<meta name=\"twitter:image\" content=\"https:\/\/www.eldigitaldeasturias.com\/noticias\/wp-content\/uploads\/2020\/12\/EDA-1.jpg\" \/>\n\t\t<meta name=\"twitter:label1\" content=\"Escrito por\" \/>\n\t\t<meta name=\"twitter:data1\" content=\"El Digital de Asturias\" \/>\n\t\t<meta name=\"twitter:label2\" content=\"Tiempo de lectura estimado\" \/>\n\t\t<meta name=\"twitter:data2\" content=\"2 minutos\" \/>\n\t\t<script type=\"application\/ld+json\" class=\"aioseo-schema\">\n\t\t\t{\"@context\":\"https:\\\/\\\/schema.org\",\"@graph\":[{\"@type\":\"BlogPosting\",\"@id\":\"https:\\\/\\\/www.eldigitaldeasturias.com\\\/noticias\\\/la-dgt-refuerza-la-vigilancia-durante-la-festividad-de-san-isidro\\\/#blogposting\",\"name\":\"La DGT refuerza la vigilancia durante la festividad de San Isidro - El Digital de Asturias\",\"headline\":\"La DGT refuerza la vigilancia durante la festividad de San Isidro\",\"author\":{\"@id\":\"https:\\\/\\\/www.eldigitaldeasturias.com\\\/noticias\\\/author\\\/admin\\\/#author\"},\"publisher\":{\"@id\":\"https:\\\/\\\/www.eldigitaldeasturias.com\\\/noticias\\\/#organization\"},\"image\":{\"@type\":\"ImageObject\",\"url\":977578},\"datePublished\":\"2018-05-15T11:08:51+02:00\",\"dateModified\":\"2018-05-15T11:08:51+02:00\",\"inLanguage\":\"es-ES\",\"mainEntityOfPage\":{\"@id\":\"https:\\\/\\\/www.eldigitaldeasturias.com\\\/noticias\\\/la-dgt-refuerza-la-vigilancia-durante-la-festividad-de-san-isidro\\\/#webpage\"},\"isPartOf\":{\"@id\":\"https:\\\/\\\/www.eldigitaldeasturias.com\\\/noticias\\\/la-dgt-refuerza-la-vigilancia-durante-la-festividad-de-san-isidro\\\/#webpage\"},\"articleSection\":\"Actualidad\"},{\"@type\":\"BreadcrumbList\",\"@id\":\"https:\\\/\\\/www.eldigitaldeasturias.com\\\/noticias\\\/la-dgt-refuerza-la-vigilancia-durante-la-festividad-de-san-isidro\\\/#breadcrumblist\",\"itemListElement\":[{\"@type\":\"ListItem\",\"@id\":\"https:\\\/\\\/www.eldigitaldeasturias.com\\\/noticias#listItem\",\"position\":1,\"name\":\"Home\",\"item\":\"https:\\\/\\\/www.eldigitaldeasturias.com\\\/noticias\",\"nextItem\":{\"@type\":\"ListItem\",\"@id\":\"https:\\\/\\\/www.eldigitaldeasturias.com\\\/noticias\\\/category\\\/actualidad\\\/#listItem\",\"name\":\"Actualidad\"}},{\"@type\":\"ListItem\",\"@id\":\"https:\\\/\\\/www.eldigitaldeasturias.com\\\/noticias\\\/category\\\/actualidad\\\/#listItem\",\"position\":2,\"name\":\"Actualidad\",\"item\":\"https:\\\/\\\/www.eldigitaldeasturias.com\\\/noticias\\\/category\\\/actualidad\\\/\",\"nextItem\":{\"@type\":\"ListItem\",\"@id\":\"https:\\\/\\\/www.eldigitaldeasturias.com\\\/noticias\\\/la-dgt-refuerza-la-vigilancia-durante-la-festividad-de-san-isidro\\\/#listItem\",\"name\":\"La DGT refuerza la vigilancia durante la festividad de San Isidro\"},\"previousItem\":{\"@type\":\"ListItem\",\"@id\":\"https:\\\/\\\/www.eldigitaldeasturias.com\\\/noticias#listItem\",\"name\":\"Home\"}},{\"@type\":\"ListItem\",\"@id\":\"https:\\\/\\\/www.eldigitaldeasturias.com\\\/noticias\\\/la-dgt-refuerza-la-vigilancia-durante-la-festividad-de-san-isidro\\\/#listItem\",\"position\":3,\"name\":\"La DGT refuerza la vigilancia durante la festividad de San Isidro\",\"previousItem\":{\"@type\":\"ListItem\",\"@id\":\"https:\\\/\\\/www.eldigitaldeasturias.com\\\/noticias\\\/category\\\/actualidad\\\/#listItem\",\"name\":\"Actualidad\"}}]},{\"@type\":\"Organization\",\"@id\":\"https:\\\/\\\/www.eldigitaldeasturias.com\\\/noticias\\\/#organization\",\"name\":\"El Digital de Asturias\",\"description\":\"Hemeroteca\",\"url\":\"https:\\\/\\\/www.eldigitaldeasturias.com\\\/noticias\\\/\",\"email\":\"info@eldigitaldeasturias.com\",\"telephone\":\"+34652131393\",\"logo\":{\"@type\":\"ImageObject\",\"url\":\"https:\\\/\\\/www.eldigitaldeasturias.com\\\/noticias\\\/wp-content\\\/uploads\\\/2020\\\/12\\\/EDA.jpg\",\"@id\":\"https:\\\/\\\/www.eldigitaldeasturias.com\\\/noticias\\\/la-dgt-refuerza-la-vigilancia-durante-la-festividad-de-san-isidro\\\/#organizationLogo\"},\"image\":{\"@id\":\"https:\\\/\\\/www.eldigitaldeasturias.com\\\/noticias\\\/la-dgt-refuerza-la-vigilancia-durante-la-festividad-de-san-isidro\\\/#organizationLogo\"},\"sameAs\":[\"https:\\\/\\\/facebook.com\\\/eldigitaldeasturias\",\"https:\\\/\\\/www.youtube.com\\\/channel\\\/UCZP-2wLEB9Rv6erhFmqVnvg\"],\"address\":{\"@id\":\"https:\\\/\\\/www.eldigitaldeasturias.com\\\/noticias\\\/#postaladdress\",\"@type\":\"PostalAddress\",\"streetAddress\":\"san antonio 4\",\"postalCode\":\"33430\",\"addressLocality\":\"Cand\\u00e1s\",\"addressRegion\":\"Asturias\",\"addressCountry\":\"ES\"}},{\"@type\":\"Person\",\"@id\":\"https:\\\/\\\/www.eldigitaldeasturias.com\\\/noticias\\\/author\\\/admin\\\/#author\",\"url\":\"https:\\\/\\\/www.eldigitaldeasturias.com\\\/noticias\\\/author\\\/admin\\\/\",\"name\":\"El Digital de Asturias\",\"image\":{\"@type\":\"ImageObject\",\"@id\":\"https:\\\/\\\/www.eldigitaldeasturias.com\\\/noticias\\\/la-dgt-refuerza-la-vigilancia-durante-la-festividad-de-san-isidro\\\/#authorImage\",\"url\":\"https:\\\/\\\/secure.gravatar.com\\\/avatar\\\/df2aeffc32bcd13f8d26072ef8a91b623d677766deac7f97ca815868cd41bf5e?s=96&d=mm&r=g\",\"width\":96,\"height\":96,\"caption\":\"El Digital de Asturias\"}},{\"@type\":\"WebPage\",\"@id\":\"https:\\\/\\\/www.eldigitaldeasturias.com\\\/noticias\\\/la-dgt-refuerza-la-vigilancia-durante-la-festividad-de-san-isidro\\\/#webpage\",\"url\":\"https:\\\/\\\/www.eldigitaldeasturias.com\\\/noticias\\\/la-dgt-refuerza-la-vigilancia-durante-la-festividad-de-san-isidro\\\/\",\"name\":\"La DGT refuerza la vigilancia durante la festividad de San Isidro - El Digital de Asturias\",\"description\":\"Con motivo de la festividad de San Isidro en la ciudad de Madrid, el martes 15 de mayo, la Direcci\\u00f3n General de Tr\\u00e1fico reforzar\\u00e1 la vigilancia en las carreteras para dar seguridad y fluidez a los ciudadanos que decidan disfrutar de unos d\\u00edas de descanso. Se prev\\u00e9 un 1.100.000 de desplazamientos por carretera en la\",\"inLanguage\":\"es-ES\",\"isPartOf\":{\"@id\":\"https:\\\/\\\/www.eldigitaldeasturias.com\\\/noticias\\\/#website\"},\"breadcrumb\":{\"@id\":\"https:\\\/\\\/www.eldigitaldeasturias.com\\\/noticias\\\/la-dgt-refuerza-la-vigilancia-durante-la-festividad-de-san-isidro\\\/#breadcrumblist\"},\"author\":{\"@id\":\"https:\\\/\\\/www.eldigitaldeasturias.com\\\/noticias\\\/author\\\/admin\\\/#author\"},\"creator\":{\"@id\":\"https:\\\/\\\/www.eldigitaldeasturias.com\\\/noticias\\\/author\\\/admin\\\/#author\"},\"image\":{\"@type\":\"ImageObject\",\"url\":977578,\"@id\":\"https:\\\/\\\/www.eldigitaldeasturias.com\\\/noticias\\\/la-dgt-refuerza-la-vigilancia-durante-la-festividad-de-san-isidro\\\/#mainImage\"},\"primaryImageOfPage\":{\"@id\":\"https:\\\/\\\/www.eldigitaldeasturias.com\\\/noticias\\\/la-dgt-refuerza-la-vigilancia-durante-la-festividad-de-san-isidro\\\/#mainImage\"},\"datePublished\":\"2018-05-15T11:08:51+02:00\",\"dateModified\":\"2018-05-15T11:08:51+02:00\"},{\"@type\":\"WebSite\",\"@id\":\"https:\\\/\\\/www.eldigitaldeasturias.com\\\/noticias\\\/#website\",\"url\":\"https:\\\/\\\/www.eldigitaldeasturias.com\\\/noticias\\\/\",\"name\":\"El Digital de Asturias - Diario de actualidad y noticias\",\"alternateName\":\"El Digital de Asturias - Diario de actualidad y noticias\",\"description\":\"Hemeroteca\",\"inLanguage\":\"es-ES\",\"publisher\":{\"@id\":\"https:\\\/\\\/www.eldigitaldeasturias.com\\\/noticias\\\/#organization\"}}]}\n\t\t<\/script>\n\t\t<!-- All in One SEO Pro -->\r\n\t\t<title>La DGT refuerza la vigilancia durante la festividad de San Isidro - El Digital de Asturias<\/title>\n\n","aioseo_head_json":{"title":"La DGT refuerza la vigilancia durante la festividad de San Isidro - El Digital de Asturias","description":"Con motivo de la festividad de San Isidro en la ciudad de Madrid, el martes 15 de mayo, la Direcci\u00f3n General de Tr\u00e1fico reforzar\u00e1 la vigilancia en las carreteras para dar seguridad y fluidez a los ciudadanos que decidan disfrutar de unos d\u00edas de descanso. Se prev\u00e9 un 1.100.000 de desplazamientos por carretera en la","canonical_url":"https:\/\/www.eldigitaldeasturias.com\/noticias\/la-dgt-refuerza-la-vigilancia-durante-la-festividad-de-san-isidro\/","robots":"max-image-preview:large","keywords":"actualidad","webmasterTools":{"google-site-verification":"UA-38556648-1","msvalidate.01":"7dfe9f3f1b24437ab69f4f2559babe99","miscellaneous":""},"schema":{"@context":"https:\/\/schema.org","@graph":[{"@type":"BlogPosting","@id":"https:\/\/www.eldigitaldeasturias.com\/noticias\/la-dgt-refuerza-la-vigilancia-durante-la-festividad-de-san-isidro\/#blogposting","name":"La DGT refuerza la vigilancia durante la festividad de San Isidro - El Digital de Asturias","headline":"La DGT refuerza la vigilancia durante la festividad de San Isidro","author":{"@id":"https:\/\/www.eldigitaldeasturias.com\/noticias\/author\/admin\/#author"},"publisher":{"@id":"https:\/\/www.eldigitaldeasturias.com\/noticias\/#organization"},"image":{"@type":"ImageObject","url":977578},"datePublished":"2018-05-15T11:08:51+02:00","dateModified":"2018-05-15T11:08:51+02:00","inLanguage":"es-ES","mainEntityOfPage":{"@id":"https:\/\/www.eldigitaldeasturias.com\/noticias\/la-dgt-refuerza-la-vigilancia-durante-la-festividad-de-san-isidro\/#webpage"},"isPartOf":{"@id":"https:\/\/www.eldigitaldeasturias.com\/noticias\/la-dgt-refuerza-la-vigilancia-durante-la-festividad-de-san-isidro\/#webpage"},"articleSection":"Actualidad"},{"@type":"BreadcrumbList","@id":"https:\/\/www.eldigitaldeasturias.com\/noticias\/la-dgt-refuerza-la-vigilancia-durante-la-festividad-de-san-isidro\/#breadcrumblist","itemListElement":[{"@type":"ListItem","@id":"https:\/\/www.eldigitaldeasturias.com\/noticias#listItem","position":1,"name":"Home","item":"https:\/\/www.eldigitaldeasturias.com\/noticias","nextItem":{"@type":"ListItem","@id":"https:\/\/www.eldigitaldeasturias.com\/noticias\/category\/actualidad\/#listItem","name":"Actualidad"}},{"@type":"ListItem","@id":"https:\/\/www.eldigitaldeasturias.com\/noticias\/category\/actualidad\/#listItem","position":2,"name":"Actualidad","item":"https:\/\/www.eldigitaldeasturias.com\/noticias\/category\/actualidad\/","nextItem":{"@type":"ListItem","@id":"https:\/\/www.eldigitaldeasturias.com\/noticias\/la-dgt-refuerza-la-vigilancia-durante-la-festividad-de-san-isidro\/#listItem","name":"La DGT refuerza la vigilancia durante la festividad de San Isidro"},"previousItem":{"@type":"ListItem","@id":"https:\/\/www.eldigitaldeasturias.com\/noticias#listItem","name":"Home"}},{"@type":"ListItem","@id":"https:\/\/www.eldigitaldeasturias.com\/noticias\/la-dgt-refuerza-la-vigilancia-durante-la-festividad-de-san-isidro\/#listItem","position":3,"name":"La DGT refuerza la vigilancia durante la festividad de San Isidro","previousItem":{"@type":"ListItem","@id":"https:\/\/www.eldigitaldeasturias.com\/noticias\/category\/actualidad\/#listItem","name":"Actualidad"}}]},{"@type":"Organization","@id":"https:\/\/www.eldigitaldeasturias.com\/noticias\/#organization","name":"El Digital de Asturias","description":"Hemeroteca","url":"https:\/\/www.eldigitaldeasturias.com\/noticias\/","email":"info@eldigitaldeasturias.com","telephone":"+34652131393","logo":{"@type":"ImageObject","url":"https:\/\/www.eldigitaldeasturias.com\/noticias\/wp-content\/uploads\/2020\/12\/EDA.jpg","@id":"https:\/\/www.eldigitaldeasturias.com\/noticias\/la-dgt-refuerza-la-vigilancia-durante-la-festividad-de-san-isidro\/#organizationLogo"},"image":{"@id":"https:\/\/www.eldigitaldeasturias.com\/noticias\/la-dgt-refuerza-la-vigilancia-durante-la-festividad-de-san-isidro\/#organizationLogo"},"sameAs":["https:\/\/facebook.com\/eldigitaldeasturias","https:\/\/www.youtube.com\/channel\/UCZP-2wLEB9Rv6erhFmqVnvg"],"address":{"@id":"https:\/\/www.eldigitaldeasturias.com\/noticias\/#postaladdress","@type":"PostalAddress","streetAddress":"san antonio 4","postalCode":"33430","addressLocality":"Cand\u00e1s","addressRegion":"Asturias","addressCountry":"ES"}},{"@type":"Person","@id":"https:\/\/www.eldigitaldeasturias.com\/noticias\/author\/admin\/#author","url":"https:\/\/www.eldigitaldeasturias.com\/noticias\/author\/admin\/","name":"El Digital de Asturias","image":{"@type":"ImageObject","@id":"https:\/\/www.eldigitaldeasturias.com\/noticias\/la-dgt-refuerza-la-vigilancia-durante-la-festividad-de-san-isidro\/#authorImage","url":"https:\/\/secure.gravatar.com\/avatar\/df2aeffc32bcd13f8d26072ef8a91b623d677766deac7f97ca815868cd41bf5e?s=96&d=mm&r=g","width":96,"height":96,"caption":"El Digital de Asturias"}},{"@type":"WebPage","@id":"https:\/\/www.eldigitaldeasturias.com\/noticias\/la-dgt-refuerza-la-vigilancia-durante-la-festividad-de-san-isidro\/#webpage","url":"https:\/\/www.eldigitaldeasturias.com\/noticias\/la-dgt-refuerza-la-vigilancia-durante-la-festividad-de-san-isidro\/","name":"La DGT refuerza la vigilancia durante la festividad de San Isidro - El Digital de Asturias","description":"Con motivo de la festividad de San Isidro en la ciudad de Madrid, el martes 15 de mayo, la Direcci\u00f3n General de Tr\u00e1fico reforzar\u00e1 la vigilancia en las carreteras para dar seguridad y fluidez a los ciudadanos que decidan disfrutar de unos d\u00edas de descanso. Se prev\u00e9 un 1.100.000 de desplazamientos por carretera en la","inLanguage":"es-ES","isPartOf":{"@id":"https:\/\/www.eldigitaldeasturias.com\/noticias\/#website"},"breadcrumb":{"@id":"https:\/\/www.eldigitaldeasturias.com\/noticias\/la-dgt-refuerza-la-vigilancia-durante-la-festividad-de-san-isidro\/#breadcrumblist"},"author":{"@id":"https:\/\/www.eldigitaldeasturias.com\/noticias\/author\/admin\/#author"},"creator":{"@id":"https:\/\/www.eldigitaldeasturias.com\/noticias\/author\/admin\/#author"},"image":{"@type":"ImageObject","url":977578,"@id":"https:\/\/www.eldigitaldeasturias.com\/noticias\/la-dgt-refuerza-la-vigilancia-durante-la-festividad-de-san-isidro\/#mainImage"},"primaryImageOfPage":{"@id":"https:\/\/www.eldigitaldeasturias.com\/noticias\/la-dgt-refuerza-la-vigilancia-durante-la-festividad-de-san-isidro\/#mainImage"},"datePublished":"2018-05-15T11:08:51+02:00","dateModified":"2018-05-15T11:08:51+02:00"},{"@type":"WebSite","@id":"https:\/\/www.eldigitaldeasturias.com\/noticias\/#website","url":"https:\/\/www.eldigitaldeasturias.com\/noticias\/","name":"El Digital de Asturias - Diario de actualidad y noticias","alternateName":"El Digital de Asturias - Diario de actualidad y noticias","description":"Hemeroteca","inLanguage":"es-ES","publisher":{"@id":"https:\/\/www.eldigitaldeasturias.com\/noticias\/#organization"}}]},"og:locale":"es_ES","og:site_name":"El Digital de Asturias","og:type":"article","og:title":"La DGT refuerza la vigilancia durante la festividad de San Isidro - El Digital de Asturias","og:description":"Con motivo de la festividad de San Isidro en la ciudad de Madrid, el martes 15 de mayo, la Direcci\u00f3n General de Tr\u00e1fico reforzar\u00e1 la vigilancia en las carreteras para dar seguridad y fluidez a los ciudadanos que decidan disfrutar de unos d\u00edas de descanso. Se prev\u00e9 un 1.100.000 de desplazamientos por carretera en la","og:url":"https:\/\/www.eldigitaldeasturias.com\/noticias\/la-dgt-refuerza-la-vigilancia-durante-la-festividad-de-san-isidro\/","article:tag":["actualidad"],"article:published_time":"2018-05-15T11:08:51+00:00","article:modified_time":"2018-05-15T11:08:51+00:00","article:publisher":"https:\/\/facebook.com\/eldigitaldeasturias","twitter:card":"summary_large_image","twitter:title":"La DGT refuerza la vigilancia durante la festividad de San Isidro - El Digital de Asturias","twitter:description":"Con motivo de la festividad de San Isidro en la ciudad de Madrid, el martes 15 de mayo, la Direcci\u00f3n General de Tr\u00e1fico reforzar\u00e1 la vigilancia en las carreteras para dar seguridad y fluidez a los ciudadanos que decidan disfrutar de unos d\u00edas de descanso. Se prev\u00e9 un 1.100.000 de desplazamientos por carretera en la","twitter:image":"https:\/\/www.eldigitaldeasturias.com\/noticias\/wp-content\/uploads\/2020\/12\/EDA-1.jpg","twitter:label1":"Escrito por","twitter:data1":"El Digital de Asturias","twitter:label2":"Tiempo de lectura estimado","twitter:data2":"2 minutos"},"aioseo_meta_data":{"post_id":"980426","title":null,"description":null,"keywords":null,"keyphrases":null,"primary_term":null,"canonical_url":null,"og_title":null,"og_description":null,"og_object_type":"default","og_image_type":"default","og_image_url":null,"og_image_width":null,"og_image_height":null,"og_image_custom_url":null,"og_image_custom_fields":null,"og_video":null,"og_custom_url":null,"og_article_section":null,"og_article_tags":null,"twitter_use_og":false,"twitter_card":"default","twitter_image_type":"default","twitter_image_url":null,"twitter_image_custom_url":null,"twitter_image_custom_fields":null,"twitter_title":null,"twitter_description":null,"schema":{"blockGraphs":[],"customGraphs":[],"default":{"data":{"Article":[],"Course":[],"Dataset":[],"FAQPage":[],"Movie":[],"Person":[],"Product":[],"ProductReview":[],"Car":[],"Recipe":[],"Service":[],"SoftwareApplication":[],"WebPage":[]},"graphName":"","isEnabled":true},"graphs":[],"defaultGraph":"","defaultPostTypeGraph":""},"schema_type":null,"schema_type_options":null,"pillar_content":false,"robots_default":true,"robots_noindex":false,"robots_noarchive":false,"robots_nosnippet":false,"robots_nofollow":false,"robots_noimageindex":false,"robots_noodp":false,"robots_notranslate":false,"robots_max_snippet":null,"robots_max_videopreview":null,"robots_max_imagepreview":"large","priority":null,"frequency":null,"local_seo":null,"seo_analyzer_scan_date":"2025-10-08 17:53:10","breadcrumb_settings":null,"limit_modified_date":false,"open_ai":null,"ai":null,"created":"2020-12-21 11:56:38","updated":"2025-10-08 17:53:10","focus_keyword":null,"additional_keywords":null,"truseo_locale":null},"aioseo_breadcrumb":"<div class=\"aioseo-breadcrumbs\"><span class=\"aioseo-breadcrumb\">\n\t<a href=\"https:\/\/www.eldigitaldeasturias.com\/noticias\" title=\"Home\">Home<\/a>\n<\/span><span class=\"aioseo-breadcrumb-separator\">\u2013<\/span><span class=\"aioseo-breadcrumb\">\n\t<a href=\"https:\/\/www.eldigitaldeasturias.com\/noticias\/category\/actualidad\/\" title=\"Actualidad\">Actualidad<\/a>\n<\/span><span class=\"aioseo-breadcrumb-separator\">\u2013<\/span><span class=\"aioseo-breadcrumb\">\n\t<a href=\"https:\/\/www.eldigitaldeasturias.com\/noticias\/la-dgt-refuerza-la-vigilancia-durante-la-festividad-de-san-isidro\/\" title=\"La DGT refuerza la vigilancia durante la festividad de San Isidro\">La DGT refuerza la vigilancia durante la festividad de San Isidro<\/a>\n<\/span><\/div>","aioseo_breadcrumb_json":[{"label":"Home","link":"https:\/\/www.eldigitaldeasturias.com\/noticias"},{"label":"Actualidad","link":"https:\/\/www.eldigitaldeasturias.com\/noticias\/category\/actualidad\/"},{"label":"La DGT refuerza la vigilancia durante la festividad de San Isidro","link":"https:\/\/www.eldigitaldeasturias.com\/noticias\/la-dgt-refuerza-la-vigilancia-durante-la-festividad-de-san-isidro\/"}],"_links":{"self":[{"href":"https:\/\/www.eldigitaldeasturias.com\/noticias\/wp-json\/wp\/v2\/posts\/980426","targetHints":{"allow":["GET"]}}],"collection":[{"href":"https:\/\/www.eldigitaldeasturias.com\/noticias\/wp-json\/wp\/v2\/posts"}],"about":[{"href":"https:\/\/www.eldigitaldeasturias.com\/noticias\/wp-json\/wp\/v2\/types\/post"}],"author":[{"embeddable":true,"href":"https:\/\/www.eldigitaldeasturias.com\/noticias\/wp-json\/wp\/v2\/users\/1"}],"replies":[{"embeddable":true,"href":"https:\/\/www.eldigitaldeasturias.com\/noticias\/wp-json\/wp\/v2\/comments?post=980426"}],"version-history":[{"count":0,"href":"https:\/\/www.eldigitaldeasturias.com\/noticias\/wp-json\/wp\/v2\/posts\/980426\/revisions"}],"wp:attachment":[{"href":"https:\/\/www.eldigitaldeasturias.com\/noticias\/wp-json\/wp\/v2\/media?parent=980426"}],"wp:term":[{"taxonomy":"category","embeddable":true,"href":"https:\/\/www.eldigitaldeasturias.com\/noticias\/wp-json\/wp\/v2\/categories?post=980426"},{"taxonomy":"post_tag","embeddable":true,"href":"https:\/\/www.eldigitaldeasturias.com\/noticias\/wp-json\/wp\/v2\/tags?post=980426"}],"curies":[{"name":"wp","href":"https:\/\/api.w.org\/{rel}","templated":true}]}}