{"id":980417,"date":"2018-05-15T10:57:12","date_gmt":"2018-05-15T10:57:12","guid":{"rendered":"http:\/\/www.eldigitaldeasturias.com\/noticias\/?p=980417"},"modified":"2018-05-15T10:57:12","modified_gmt":"2018-05-15T10:57:12","slug":"compromis-preguntara-por-el-desmantelamiento-del-castor","status":"publish","type":"post","link":"https:\/\/www.eldigitaldeasturias.com\/noticias\/compromis-preguntara-por-el-desmantelamiento-del-castor\/","title":{"rendered":"Comprom\u00eds preguntar\u00e1 por el desmantelamiento del Castor"},"content":{"rendered":"<p><img loading=\"lazy\" decoding=\"async\" class=\"alignleft size-medium wp-image-980418\" src=\"https:\/\/www.eldigitaldeasturias.com\/noticias\/wp-content\/uploads\/2018\/05\/40923852531-360x240.jpg\" alt=\"\" width=\"360\" height=\"240\" \/>Los senadores de Comprom\u00eds Carles Mulet y Jordi Navarrete han solicitado por escrito la comparecencia de altos cargos del Gobierno para que den a conocer las l\u00edneas generales de las actuaciones e inversiones previstas de sus respectivos ministerios en territorio valenciano. Entre \u00e9stos la coalici\u00f3n valenciana ha reclamado la presencia del Secretario de Estado de Infraestructuras del Ministerio de Fomento, de la Secretar\u00eda General de Agricultura y Alimentaci\u00f3n, de la Directora General de Sostenibilidad de la Costa y el Mar, del Secretario de Estado de Energ\u00eda, de la Secretaria de Estado de Investigaci\u00f3n, Desarrollo e Innovaci\u00f3n, as\u00ed como del Delegado del Gobierno para la Violencia de G\u00e9nero entre otros.<\/p>\n<p>Ser\u00e1 el senador castellonense, Jordi Navarrete, portavoz en la Comisi\u00f3n de Presupuestos, quien interpelar\u00e1 por las prioridades previstas en las cuentas y se interesar\u00e1 por aquellas otras que no tienen una plasmaci\u00f3n en las cuentas. \u201cConstatamos enormes d\u00e9ficits en materia de infraestructuras, un decidido impulso hacia la seguridad y movilidad de las personas, la modernizaci\u00f3n de la red, la gratuidad y accesos a la AP-7 y la competitividad de nuestras empresas, lo que les vamos a recordar un a\u00f1o m\u00e1s pues buena parte de las ya escasas previsiones de inversi\u00f3n en nuestro territorio jam\u00e1s se ejecuta. Algo muy decepcionante\u201d, ha indicado Navarrete.<\/p>\n<p>La coalici\u00f3n insiste en \u201cel absoluto abandono\u201d del Gobierno hacia los cauces y r\u00edos \u201cque se hallan repletos de ca\u00f1as y maleza\u201d, la nefasta gesti\u00f3n del dominio p\u00fablico, de la costa y las previsiones a las que obliga a la administraci\u00f3n el cambio clim\u00e1tico y la subida del nivel del mar. La coalici\u00f3n insistir\u00e1 de nuevo en la necesidad urgente de afrontar decididamente la prevenci\u00f3n y dotar de fondos suficientes la lucha contra plagas y enfermedades como la xylella fastidiosa que el PP lleva ignorando desde 2015 y concretar fondos para los afectados, controles a las importaciones agr\u00edcolas, etc\u00e9tera.<\/p>\n<p>Desde Comprom\u00eds preguntar\u00e1n de nuevo por la falta de actuaciones en la cuenca del r\u00edo Vaca hasta su desembocadura y por el futuro de actuaciones en la Marina, la Safor y el Maestrat, que contaban con avanzados proyectos urgentes de canalizaci\u00f3n y mejora del drenaje y seguridad de las poblaciones que han ca\u00eddo en el olvido.<\/p>\n<p><strong>Futuro del Castor<\/strong><\/p>\n<p>Navarrete tambi\u00e9n reclamar\u00e1 conocer las medidas contenidas en los PGE para avanzar en el desmantelamiento del Castor y dotar de seguridad a las poblaciones afectadas por los temblores y por la presencia de esta enorme chapuza que supuso este dep\u00f3sito submarino y sus instalaciones terrestres. \u201cNo tiene sentido que los PGE no corten de sano con este fiasco perpetrado por Florentino P\u00e9rez y sus empresas y deje de costar dinero a los contribuyentes\u201d, ha abundado Navarrete.<\/p>\n<p>Por otro lado la coalici\u00f3n ha solicitado la comparecencia de otros altos cargos como la Secretaria de Estado de I+D+i a petici\u00f3n de M\u00e9s per Mallorca sobre el Pol Mar\u00ed, el cumplimiento del convenio para potenciar el tren p\u00fablico de Manacor a Art\u00e0 y trasladar\u00e1 tambi\u00e9n la inquietud de la Chunta (CHA), colectivos leonesistas y castellanos en inversiones para sus respectivos territorios.<\/p>\n","protected":false},"excerpt":{"rendered":"<p>Los senadores de Comprom\u00eds Carles Mulet y Jordi Navarrete han solicitado por escrito la comparecencia de altos cargos del Gobierno para que den a conocer las l\u00edneas generales de las actuaciones e inversiones previstas de sus respectivos ministerios en territorio valenciano. Entre \u00e9stos la coalici\u00f3n valenciana ha reclamado la presencia del Secretario de Estado de [&hellip;]<\/p>\n","protected":false},"author":1,"featured_media":980418,"comment_status":"closed","ping_status":"closed","sticky":false,"template":"","format":"standard","meta":{"footnotes":""},"categories":[1],"tags":[],"class_list":["post-980417","post","type-post","status-publish","format-standard","has-post-thumbnail","hentry","category-actualidad"],"aioseo_notices":[],"aioseo_head":"\n\t\t<!-- All in One SEO Pro 5.0.1 - aioseo.com -->\n\t<meta name=\"description\" content=\"Los senadores de Comprom\u00eds Carles Mulet y Jordi Navarrete han solicitado por escrito la comparecencia de altos cargos del Gobierno para que den a conocer las l\u00edneas generales de las actuaciones e inversiones previstas de sus respectivos ministerios en territorio valenciano. Entre \u00e9stos la coalici\u00f3n valenciana ha reclamado la presencia del Secretario de Estado de\" \/>\n\t<meta name=\"robots\" content=\"max-image-preview:large\" \/>\n\t<meta name=\"author\" content=\"El Digital de Asturias\"\/>\n\t<meta name=\"google-site-verification\" content=\"UA-38556648-1\" \/>\n\t<meta name=\"msvalidate.01\" content=\"7dfe9f3f1b24437ab69f4f2559babe99\" \/>\n\t<meta name=\"keywords\" content=\"actualidad\" \/>\n\t<link rel=\"canonical\" href=\"https:\/\/www.eldigitaldeasturias.com\/noticias\/compromis-preguntara-por-el-desmantelamiento-del-castor\/\" \/>\n\t<meta name=\"generator\" content=\"All in One SEO Pro (AIOSEO) 5.0.1\" \/>\n\t\t<meta property=\"og:locale\" content=\"es_ES\" \/>\n\t\t<meta property=\"og:site_name\" content=\"El Digital de Asturias\" \/>\n\t\t<meta property=\"og:type\" content=\"article\" \/>\n\t\t<meta property=\"og:title\" content=\"Comprom\u00eds preguntar\u00e1 por el desmantelamiento del Castor - El Digital de Asturias\" \/>\n\t\t<meta property=\"og:description\" content=\"Los senadores de Comprom\u00eds Carles Mulet y Jordi Navarrete han solicitado por escrito la comparecencia de altos cargos del Gobierno para que den a conocer las l\u00edneas generales de las actuaciones e inversiones previstas de sus respectivos ministerios en territorio valenciano. Entre \u00e9stos la coalici\u00f3n valenciana ha reclamado la presencia del Secretario de Estado de\" \/>\n\t\t<meta property=\"og:url\" content=\"https:\/\/www.eldigitaldeasturias.com\/noticias\/compromis-preguntara-por-el-desmantelamiento-del-castor\/\" \/>\n\t\t<meta property=\"article:tag\" content=\"actualidad\" \/>\n\t\t<meta property=\"article:published_time\" content=\"2018-05-15T10:57:12+00:00\" \/>\n\t\t<meta property=\"article:modified_time\" content=\"2018-05-15T10:57:12+00:00\" \/>\n\t\t<meta property=\"article:publisher\" content=\"https:\/\/facebook.com\/eldigitaldeasturias\" \/>\n\t\t<meta name=\"twitter:card\" content=\"summary_large_image\" \/>\n\t\t<meta name=\"twitter:title\" content=\"Comprom\u00eds preguntar\u00e1 por el desmantelamiento del Castor - El Digital de Asturias\" \/>\n\t\t<meta name=\"twitter:description\" content=\"Los senadores de Comprom\u00eds Carles Mulet y Jordi Navarrete han solicitado por escrito la comparecencia de altos cargos del Gobierno para que den a conocer las l\u00edneas generales de las actuaciones e inversiones previstas de sus respectivos ministerios en territorio valenciano. Entre \u00e9stos la coalici\u00f3n valenciana ha reclamado la presencia del Secretario de Estado de\" \/>\n\t\t<meta name=\"twitter:image\" content=\"https:\/\/www.eldigitaldeasturias.com\/noticias\/wp-content\/uploads\/2020\/12\/EDA-1.jpg\" \/>\n\t\t<meta name=\"twitter:label1\" content=\"Escrito por\" \/>\n\t\t<meta name=\"twitter:data1\" content=\"El Digital de Asturias\" \/>\n\t\t<meta name=\"twitter:label2\" content=\"Tiempo de lectura estimado\" \/>\n\t\t<meta name=\"twitter:data2\" content=\"3 minutos\" \/>\n\t\t<script type=\"application\/ld+json\" class=\"aioseo-schema\">\n\t\t\t{\"@context\":\"https:\\\/\\\/schema.org\",\"@graph\":[{\"@type\":\"BlogPosting\",\"@id\":\"https:\\\/\\\/www.eldigitaldeasturias.com\\\/noticias\\\/compromis-preguntara-por-el-desmantelamiento-del-castor\\\/#blogposting\",\"name\":\"Comprom\\u00eds preguntar\\u00e1 por el desmantelamiento del Castor - El Digital de Asturias\",\"headline\":\"Comprom\\u00eds preguntar\\u00e1 por el desmantelamiento del Castor\",\"author\":{\"@id\":\"https:\\\/\\\/www.eldigitaldeasturias.com\\\/noticias\\\/author\\\/admin\\\/#author\"},\"publisher\":{\"@id\":\"https:\\\/\\\/www.eldigitaldeasturias.com\\\/noticias\\\/#organization\"},\"image\":{\"@type\":\"ImageObject\",\"url\":980418},\"datePublished\":\"2018-05-15T10:57:12+02:00\",\"dateModified\":\"2018-05-15T10:57:12+02:00\",\"inLanguage\":\"es-ES\",\"mainEntityOfPage\":{\"@id\":\"https:\\\/\\\/www.eldigitaldeasturias.com\\\/noticias\\\/compromis-preguntara-por-el-desmantelamiento-del-castor\\\/#webpage\"},\"isPartOf\":{\"@id\":\"https:\\\/\\\/www.eldigitaldeasturias.com\\\/noticias\\\/compromis-preguntara-por-el-desmantelamiento-del-castor\\\/#webpage\"},\"articleSection\":\"Actualidad\"},{\"@type\":\"BreadcrumbList\",\"@id\":\"https:\\\/\\\/www.eldigitaldeasturias.com\\\/noticias\\\/compromis-preguntara-por-el-desmantelamiento-del-castor\\\/#breadcrumblist\",\"itemListElement\":[{\"@type\":\"ListItem\",\"@id\":\"https:\\\/\\\/www.eldigitaldeasturias.com\\\/noticias#listItem\",\"position\":1,\"name\":\"Home\",\"item\":\"https:\\\/\\\/www.eldigitaldeasturias.com\\\/noticias\",\"nextItem\":{\"@type\":\"ListItem\",\"@id\":\"https:\\\/\\\/www.eldigitaldeasturias.com\\\/noticias\\\/category\\\/actualidad\\\/#listItem\",\"name\":\"Actualidad\"}},{\"@type\":\"ListItem\",\"@id\":\"https:\\\/\\\/www.eldigitaldeasturias.com\\\/noticias\\\/category\\\/actualidad\\\/#listItem\",\"position\":2,\"name\":\"Actualidad\",\"item\":\"https:\\\/\\\/www.eldigitaldeasturias.com\\\/noticias\\\/category\\\/actualidad\\\/\",\"nextItem\":{\"@type\":\"ListItem\",\"@id\":\"https:\\\/\\\/www.eldigitaldeasturias.com\\\/noticias\\\/compromis-preguntara-por-el-desmantelamiento-del-castor\\\/#listItem\",\"name\":\"Comprom\\u00eds preguntar\\u00e1 por el desmantelamiento del Castor\"},\"previousItem\":{\"@type\":\"ListItem\",\"@id\":\"https:\\\/\\\/www.eldigitaldeasturias.com\\\/noticias#listItem\",\"name\":\"Home\"}},{\"@type\":\"ListItem\",\"@id\":\"https:\\\/\\\/www.eldigitaldeasturias.com\\\/noticias\\\/compromis-preguntara-por-el-desmantelamiento-del-castor\\\/#listItem\",\"position\":3,\"name\":\"Comprom\\u00eds preguntar\\u00e1 por el desmantelamiento del Castor\",\"previousItem\":{\"@type\":\"ListItem\",\"@id\":\"https:\\\/\\\/www.eldigitaldeasturias.com\\\/noticias\\\/category\\\/actualidad\\\/#listItem\",\"name\":\"Actualidad\"}}]},{\"@type\":\"Organization\",\"@id\":\"https:\\\/\\\/www.eldigitaldeasturias.com\\\/noticias\\\/#organization\",\"name\":\"El Digital de Asturias\",\"description\":\"Hemeroteca\",\"url\":\"https:\\\/\\\/www.eldigitaldeasturias.com\\\/noticias\\\/\",\"email\":\"info@eldigitaldeasturias.com\",\"telephone\":\"+34652131393\",\"logo\":{\"@type\":\"ImageObject\",\"url\":\"https:\\\/\\\/www.eldigitaldeasturias.com\\\/noticias\\\/wp-content\\\/uploads\\\/2020\\\/12\\\/EDA.jpg\",\"@id\":\"https:\\\/\\\/www.eldigitaldeasturias.com\\\/noticias\\\/compromis-preguntara-por-el-desmantelamiento-del-castor\\\/#organizationLogo\"},\"image\":{\"@id\":\"https:\\\/\\\/www.eldigitaldeasturias.com\\\/noticias\\\/compromis-preguntara-por-el-desmantelamiento-del-castor\\\/#organizationLogo\"},\"sameAs\":[\"https:\\\/\\\/facebook.com\\\/eldigitaldeasturias\",\"https:\\\/\\\/www.youtube.com\\\/channel\\\/UCZP-2wLEB9Rv6erhFmqVnvg\"],\"address\":{\"@id\":\"https:\\\/\\\/www.eldigitaldeasturias.com\\\/noticias\\\/#postaladdress\",\"@type\":\"PostalAddress\",\"streetAddress\":\"san antonio 4\",\"postalCode\":\"33430\",\"addressLocality\":\"Cand\\u00e1s\",\"addressRegion\":\"Asturias\",\"addressCountry\":\"ES\"}},{\"@type\":\"Person\",\"@id\":\"https:\\\/\\\/www.eldigitaldeasturias.com\\\/noticias\\\/author\\\/admin\\\/#author\",\"url\":\"https:\\\/\\\/www.eldigitaldeasturias.com\\\/noticias\\\/author\\\/admin\\\/\",\"name\":\"El Digital de Asturias\",\"image\":{\"@type\":\"ImageObject\",\"@id\":\"https:\\\/\\\/www.eldigitaldeasturias.com\\\/noticias\\\/compromis-preguntara-por-el-desmantelamiento-del-castor\\\/#authorImage\",\"url\":\"https:\\\/\\\/secure.gravatar.com\\\/avatar\\\/df2aeffc32bcd13f8d26072ef8a91b623d677766deac7f97ca815868cd41bf5e?s=96&d=mm&r=g\",\"width\":96,\"height\":96,\"caption\":\"El Digital de Asturias\"}},{\"@type\":\"WebPage\",\"@id\":\"https:\\\/\\\/www.eldigitaldeasturias.com\\\/noticias\\\/compromis-preguntara-por-el-desmantelamiento-del-castor\\\/#webpage\",\"url\":\"https:\\\/\\\/www.eldigitaldeasturias.com\\\/noticias\\\/compromis-preguntara-por-el-desmantelamiento-del-castor\\\/\",\"name\":\"Comprom\\u00eds preguntar\\u00e1 por el desmantelamiento del Castor - El Digital de Asturias\",\"description\":\"Los senadores de Comprom\\u00eds Carles Mulet y Jordi Navarrete han solicitado por escrito la comparecencia de altos cargos del Gobierno para que den a conocer las l\\u00edneas generales de las actuaciones e inversiones previstas de sus respectivos ministerios en territorio valenciano. Entre \\u00e9stos la coalici\\u00f3n valenciana ha reclamado la presencia del Secretario de Estado de\",\"inLanguage\":\"es-ES\",\"isPartOf\":{\"@id\":\"https:\\\/\\\/www.eldigitaldeasturias.com\\\/noticias\\\/#website\"},\"breadcrumb\":{\"@id\":\"https:\\\/\\\/www.eldigitaldeasturias.com\\\/noticias\\\/compromis-preguntara-por-el-desmantelamiento-del-castor\\\/#breadcrumblist\"},\"author\":{\"@id\":\"https:\\\/\\\/www.eldigitaldeasturias.com\\\/noticias\\\/author\\\/admin\\\/#author\"},\"creator\":{\"@id\":\"https:\\\/\\\/www.eldigitaldeasturias.com\\\/noticias\\\/author\\\/admin\\\/#author\"},\"image\":{\"@type\":\"ImageObject\",\"url\":980418,\"@id\":\"https:\\\/\\\/www.eldigitaldeasturias.com\\\/noticias\\\/compromis-preguntara-por-el-desmantelamiento-del-castor\\\/#mainImage\"},\"primaryImageOfPage\":{\"@id\":\"https:\\\/\\\/www.eldigitaldeasturias.com\\\/noticias\\\/compromis-preguntara-por-el-desmantelamiento-del-castor\\\/#mainImage\"},\"datePublished\":\"2018-05-15T10:57:12+02:00\",\"dateModified\":\"2018-05-15T10:57:12+02:00\"},{\"@type\":\"WebSite\",\"@id\":\"https:\\\/\\\/www.eldigitaldeasturias.com\\\/noticias\\\/#website\",\"url\":\"https:\\\/\\\/www.eldigitaldeasturias.com\\\/noticias\\\/\",\"name\":\"El Digital de Asturias - Diario de actualidad y noticias\",\"alternateName\":\"El Digital de Asturias - Diario de actualidad y noticias\",\"description\":\"Hemeroteca\",\"inLanguage\":\"es-ES\",\"publisher\":{\"@id\":\"https:\\\/\\\/www.eldigitaldeasturias.com\\\/noticias\\\/#organization\"}}]}\n\t\t<\/script>\n\t\t<!-- All in One SEO Pro -->\r\n\t\t<title>Comprom\u00eds preguntar\u00e1 por el desmantelamiento del Castor - El Digital de Asturias<\/title>\n\n","aioseo_head_json":{"title":"Comprom\u00eds preguntar\u00e1 por el desmantelamiento del Castor - El Digital de Asturias","description":"Los senadores de Comprom\u00eds Carles Mulet y Jordi Navarrete han solicitado por escrito la comparecencia de altos cargos del Gobierno para que den a conocer las l\u00edneas generales de las actuaciones e inversiones previstas de sus respectivos ministerios en territorio valenciano. Entre \u00e9stos la coalici\u00f3n valenciana ha reclamado la presencia del Secretario de Estado de","canonical_url":"https:\/\/www.eldigitaldeasturias.com\/noticias\/compromis-preguntara-por-el-desmantelamiento-del-castor\/","robots":"max-image-preview:large","keywords":"actualidad","webmasterTools":{"google-site-verification":"UA-38556648-1","msvalidate.01":"7dfe9f3f1b24437ab69f4f2559babe99","miscellaneous":""},"schema":{"@context":"https:\/\/schema.org","@graph":[{"@type":"BlogPosting","@id":"https:\/\/www.eldigitaldeasturias.com\/noticias\/compromis-preguntara-por-el-desmantelamiento-del-castor\/#blogposting","name":"Comprom\u00eds preguntar\u00e1 por el desmantelamiento del Castor - El Digital de Asturias","headline":"Comprom\u00eds preguntar\u00e1 por el desmantelamiento del Castor","author":{"@id":"https:\/\/www.eldigitaldeasturias.com\/noticias\/author\/admin\/#author"},"publisher":{"@id":"https:\/\/www.eldigitaldeasturias.com\/noticias\/#organization"},"image":{"@type":"ImageObject","url":980418},"datePublished":"2018-05-15T10:57:12+02:00","dateModified":"2018-05-15T10:57:12+02:00","inLanguage":"es-ES","mainEntityOfPage":{"@id":"https:\/\/www.eldigitaldeasturias.com\/noticias\/compromis-preguntara-por-el-desmantelamiento-del-castor\/#webpage"},"isPartOf":{"@id":"https:\/\/www.eldigitaldeasturias.com\/noticias\/compromis-preguntara-por-el-desmantelamiento-del-castor\/#webpage"},"articleSection":"Actualidad"},{"@type":"BreadcrumbList","@id":"https:\/\/www.eldigitaldeasturias.com\/noticias\/compromis-preguntara-por-el-desmantelamiento-del-castor\/#breadcrumblist","itemListElement":[{"@type":"ListItem","@id":"https:\/\/www.eldigitaldeasturias.com\/noticias#listItem","position":1,"name":"Home","item":"https:\/\/www.eldigitaldeasturias.com\/noticias","nextItem":{"@type":"ListItem","@id":"https:\/\/www.eldigitaldeasturias.com\/noticias\/category\/actualidad\/#listItem","name":"Actualidad"}},{"@type":"ListItem","@id":"https:\/\/www.eldigitaldeasturias.com\/noticias\/category\/actualidad\/#listItem","position":2,"name":"Actualidad","item":"https:\/\/www.eldigitaldeasturias.com\/noticias\/category\/actualidad\/","nextItem":{"@type":"ListItem","@id":"https:\/\/www.eldigitaldeasturias.com\/noticias\/compromis-preguntara-por-el-desmantelamiento-del-castor\/#listItem","name":"Comprom\u00eds preguntar\u00e1 por el desmantelamiento del Castor"},"previousItem":{"@type":"ListItem","@id":"https:\/\/www.eldigitaldeasturias.com\/noticias#listItem","name":"Home"}},{"@type":"ListItem","@id":"https:\/\/www.eldigitaldeasturias.com\/noticias\/compromis-preguntara-por-el-desmantelamiento-del-castor\/#listItem","position":3,"name":"Comprom\u00eds preguntar\u00e1 por el desmantelamiento del Castor","previousItem":{"@type":"ListItem","@id":"https:\/\/www.eldigitaldeasturias.com\/noticias\/category\/actualidad\/#listItem","name":"Actualidad"}}]},{"@type":"Organization","@id":"https:\/\/www.eldigitaldeasturias.com\/noticias\/#organization","name":"El Digital de Asturias","description":"Hemeroteca","url":"https:\/\/www.eldigitaldeasturias.com\/noticias\/","email":"info@eldigitaldeasturias.com","telephone":"+34652131393","logo":{"@type":"ImageObject","url":"https:\/\/www.eldigitaldeasturias.com\/noticias\/wp-content\/uploads\/2020\/12\/EDA.jpg","@id":"https:\/\/www.eldigitaldeasturias.com\/noticias\/compromis-preguntara-por-el-desmantelamiento-del-castor\/#organizationLogo"},"image":{"@id":"https:\/\/www.eldigitaldeasturias.com\/noticias\/compromis-preguntara-por-el-desmantelamiento-del-castor\/#organizationLogo"},"sameAs":["https:\/\/facebook.com\/eldigitaldeasturias","https:\/\/www.youtube.com\/channel\/UCZP-2wLEB9Rv6erhFmqVnvg"],"address":{"@id":"https:\/\/www.eldigitaldeasturias.com\/noticias\/#postaladdress","@type":"PostalAddress","streetAddress":"san antonio 4","postalCode":"33430","addressLocality":"Cand\u00e1s","addressRegion":"Asturias","addressCountry":"ES"}},{"@type":"Person","@id":"https:\/\/www.eldigitaldeasturias.com\/noticias\/author\/admin\/#author","url":"https:\/\/www.eldigitaldeasturias.com\/noticias\/author\/admin\/","name":"El Digital de Asturias","image":{"@type":"ImageObject","@id":"https:\/\/www.eldigitaldeasturias.com\/noticias\/compromis-preguntara-por-el-desmantelamiento-del-castor\/#authorImage","url":"https:\/\/secure.gravatar.com\/avatar\/df2aeffc32bcd13f8d26072ef8a91b623d677766deac7f97ca815868cd41bf5e?s=96&d=mm&r=g","width":96,"height":96,"caption":"El Digital de Asturias"}},{"@type":"WebPage","@id":"https:\/\/www.eldigitaldeasturias.com\/noticias\/compromis-preguntara-por-el-desmantelamiento-del-castor\/#webpage","url":"https:\/\/www.eldigitaldeasturias.com\/noticias\/compromis-preguntara-por-el-desmantelamiento-del-castor\/","name":"Comprom\u00eds preguntar\u00e1 por el desmantelamiento del Castor - El Digital de Asturias","description":"Los senadores de Comprom\u00eds Carles Mulet y Jordi Navarrete han solicitado por escrito la comparecencia de altos cargos del Gobierno para que den a conocer las l\u00edneas generales de las actuaciones e inversiones previstas de sus respectivos ministerios en territorio valenciano. Entre \u00e9stos la coalici\u00f3n valenciana ha reclamado la presencia del Secretario de Estado de","inLanguage":"es-ES","isPartOf":{"@id":"https:\/\/www.eldigitaldeasturias.com\/noticias\/#website"},"breadcrumb":{"@id":"https:\/\/www.eldigitaldeasturias.com\/noticias\/compromis-preguntara-por-el-desmantelamiento-del-castor\/#breadcrumblist"},"author":{"@id":"https:\/\/www.eldigitaldeasturias.com\/noticias\/author\/admin\/#author"},"creator":{"@id":"https:\/\/www.eldigitaldeasturias.com\/noticias\/author\/admin\/#author"},"image":{"@type":"ImageObject","url":980418,"@id":"https:\/\/www.eldigitaldeasturias.com\/noticias\/compromis-preguntara-por-el-desmantelamiento-del-castor\/#mainImage"},"primaryImageOfPage":{"@id":"https:\/\/www.eldigitaldeasturias.com\/noticias\/compromis-preguntara-por-el-desmantelamiento-del-castor\/#mainImage"},"datePublished":"2018-05-15T10:57:12+02:00","dateModified":"2018-05-15T10:57:12+02:00"},{"@type":"WebSite","@id":"https:\/\/www.eldigitaldeasturias.com\/noticias\/#website","url":"https:\/\/www.eldigitaldeasturias.com\/noticias\/","name":"El Digital de Asturias - Diario de actualidad y noticias","alternateName":"El Digital de Asturias - Diario de actualidad y noticias","description":"Hemeroteca","inLanguage":"es-ES","publisher":{"@id":"https:\/\/www.eldigitaldeasturias.com\/noticias\/#organization"}}]},"og:locale":"es_ES","og:site_name":"El Digital de Asturias","og:type":"article","og:title":"Comprom\u00eds preguntar\u00e1 por el desmantelamiento del Castor - El Digital de Asturias","og:description":"Los senadores de Comprom\u00eds Carles Mulet y Jordi Navarrete han solicitado por escrito la comparecencia de altos cargos del Gobierno para que den a conocer las l\u00edneas generales de las actuaciones e inversiones previstas de sus respectivos ministerios en territorio valenciano. Entre \u00e9stos la coalici\u00f3n valenciana ha reclamado la presencia del Secretario de Estado de","og:url":"https:\/\/www.eldigitaldeasturias.com\/noticias\/compromis-preguntara-por-el-desmantelamiento-del-castor\/","article:tag":["actualidad"],"article:published_time":"2018-05-15T10:57:12+00:00","article:modified_time":"2018-05-15T10:57:12+00:00","article:publisher":"https:\/\/facebook.com\/eldigitaldeasturias","twitter:card":"summary_large_image","twitter:title":"Comprom\u00eds preguntar\u00e1 por el desmantelamiento del Castor - El Digital de Asturias","twitter:description":"Los senadores de Comprom\u00eds Carles Mulet y Jordi Navarrete han solicitado por escrito la comparecencia de altos cargos del Gobierno para que den a conocer las l\u00edneas generales de las actuaciones e inversiones previstas de sus respectivos ministerios en territorio valenciano. Entre \u00e9stos la coalici\u00f3n valenciana ha reclamado la presencia del Secretario de Estado de","twitter:image":"https:\/\/www.eldigitaldeasturias.com\/noticias\/wp-content\/uploads\/2020\/12\/EDA-1.jpg","twitter:label1":"Escrito por","twitter:data1":"El Digital de Asturias","twitter:label2":"Tiempo de lectura estimado","twitter:data2":"3 minutos"},"aioseo_meta_data":{"post_id":"980417","title":null,"description":null,"keywords":null,"keyphrases":null,"primary_term":null,"canonical_url":null,"og_title":null,"og_description":null,"og_object_type":"default","og_image_type":"default","og_image_url":null,"og_image_width":null,"og_image_height":null,"og_image_custom_url":null,"og_image_custom_fields":null,"og_video":null,"og_custom_url":null,"og_article_section":null,"og_article_tags":null,"twitter_use_og":false,"twitter_card":"default","twitter_image_type":"default","twitter_image_url":null,"twitter_image_custom_url":null,"twitter_image_custom_fields":null,"twitter_title":null,"twitter_description":null,"schema":{"blockGraphs":[],"customGraphs":[],"default":{"data":{"Article":[],"Course":[],"Dataset":[],"FAQPage":[],"Movie":[],"Person":[],"Product":[],"ProductReview":[],"Car":[],"Recipe":[],"Service":[],"SoftwareApplication":[],"WebPage":[]},"graphName":"","isEnabled":true},"graphs":[],"defaultGraph":"","defaultPostTypeGraph":""},"schema_type":null,"schema_type_options":null,"pillar_content":false,"robots_default":true,"robots_noindex":false,"robots_noarchive":false,"robots_nosnippet":false,"robots_nofollow":false,"robots_noimageindex":false,"robots_noodp":false,"robots_notranslate":false,"robots_max_snippet":null,"robots_max_videopreview":null,"robots_max_imagepreview":"large","priority":null,"frequency":null,"local_seo":null,"seo_analyzer_scan_date":"2025-10-08 17:51:11","breadcrumb_settings":null,"limit_modified_date":false,"open_ai":null,"ai":null,"created":"2020-12-21 11:56:38","updated":"2025-10-08 17:51:11","focus_keyword":null,"additional_keywords":null,"truseo_locale":null},"aioseo_breadcrumb":"<div class=\"aioseo-breadcrumbs\"><span class=\"aioseo-breadcrumb\">\n\t<a href=\"https:\/\/www.eldigitaldeasturias.com\/noticias\" title=\"Home\">Home<\/a>\n<\/span><span class=\"aioseo-breadcrumb-separator\">\u2013<\/span><span class=\"aioseo-breadcrumb\">\n\t<a href=\"https:\/\/www.eldigitaldeasturias.com\/noticias\/category\/actualidad\/\" title=\"Actualidad\">Actualidad<\/a>\n<\/span><span class=\"aioseo-breadcrumb-separator\">\u2013<\/span><span class=\"aioseo-breadcrumb\">\n\t<a href=\"https:\/\/www.eldigitaldeasturias.com\/noticias\/compromis-preguntara-por-el-desmantelamiento-del-castor\/\" title=\"Comprom\u00eds preguntar\u00e1 por el desmantelamiento del Castor\">Comprom\u00eds preguntar\u00e1 por el desmantelamiento del Castor<\/a>\n<\/span><\/div>","aioseo_breadcrumb_json":[{"label":"Home","link":"https:\/\/www.eldigitaldeasturias.com\/noticias"},{"label":"Actualidad","link":"https:\/\/www.eldigitaldeasturias.com\/noticias\/category\/actualidad\/"},{"label":"Comprom\u00eds preguntar\u00e1 por el desmantelamiento del Castor","link":"https:\/\/www.eldigitaldeasturias.com\/noticias\/compromis-preguntara-por-el-desmantelamiento-del-castor\/"}],"_links":{"self":[{"href":"https:\/\/www.eldigitaldeasturias.com\/noticias\/wp-json\/wp\/v2\/posts\/980417","targetHints":{"allow":["GET"]}}],"collection":[{"href":"https:\/\/www.eldigitaldeasturias.com\/noticias\/wp-json\/wp\/v2\/posts"}],"about":[{"href":"https:\/\/www.eldigitaldeasturias.com\/noticias\/wp-json\/wp\/v2\/types\/post"}],"author":[{"embeddable":true,"href":"https:\/\/www.eldigitaldeasturias.com\/noticias\/wp-json\/wp\/v2\/users\/1"}],"replies":[{"embeddable":true,"href":"https:\/\/www.eldigitaldeasturias.com\/noticias\/wp-json\/wp\/v2\/comments?post=980417"}],"version-history":[{"count":0,"href":"https:\/\/www.eldigitaldeasturias.com\/noticias\/wp-json\/wp\/v2\/posts\/980417\/revisions"}],"wp:attachment":[{"href":"https:\/\/www.eldigitaldeasturias.com\/noticias\/wp-json\/wp\/v2\/media?parent=980417"}],"wp:term":[{"taxonomy":"category","embeddable":true,"href":"https:\/\/www.eldigitaldeasturias.com\/noticias\/wp-json\/wp\/v2\/categories?post=980417"},{"taxonomy":"post_tag","embeddable":true,"href":"https:\/\/www.eldigitaldeasturias.com\/noticias\/wp-json\/wp\/v2\/tags?post=980417"}],"curies":[{"name":"wp","href":"https:\/\/api.w.org\/{rel}","templated":true}]}}