{"id":980409,"date":"2018-05-15T08:42:30","date_gmt":"2018-05-15T08:42:30","guid":{"rendered":"http:\/\/www.eldigitaldeasturias.com\/noticias\/?p=980409"},"modified":"2018-05-15T08:42:30","modified_gmt":"2018-05-15T08:42:30","slug":"cospedal-visita-el-polvorin-de-cerro-negro","status":"publish","type":"post","link":"https:\/\/www.eldigitaldeasturias.com\/noticias\/cospedal-visita-el-polvorin-de-cerro-negro\/","title":{"rendered":"Cospedal visita el Polvor\u00edn de Cerro Negro"},"content":{"rendered":"<p><img loading=\"lazy\" decoding=\"async\" class=\"alignleft size-medium wp-image-980410\" src=\"https:\/\/www.eldigitaldeasturias.com\/noticias\/wp-content\/uploads\/2018\/05\/140518-cospedal-360x239.jpg\" alt=\"\" width=\"360\" height=\"239\" \/>La ministra de Defensa, Mar\u00eda Dolores de Cospedal, ha destacado \u00abla confianza, la seguridad y la garant\u00eda que proporcionan las Fuerzas Armadas al resto de la sociedad\u00bb, en su visita al Polvor\u00edn de Cerro Negro, situado en Talavera de la Reina (Toledo) y sede de la Compa\u00f1\u00eda de Municionamiento de la Agrupaci\u00f3n de Apoyo Log\u00edstico 11.<\/p>\n<p>Cospedal ha puesto en valor el trabajo y la \u00abprofesionalidad de los hombres y mujeres que trabajan en esta unidad, ya que son un claro ejemplo del esp\u00edritu de equipo\u00bb y ha resaltado \u00abla solidaridad que impregna el funcionamiento de las Fuerzas Armadas todos los d\u00edas\u00bb.<\/p>\n<p>La titular de Defensa ha ensalzado el papel que juega el Polvor\u00edn de Cerro Negro por su ubicaci\u00f3n estrat\u00e9gica en el centro peninsular, por tratarse de una obra de ingenier\u00eda con m\u00e1s de 80 a\u00f1os de historia y por la especial atenci\u00f3n a todos los detalles que muestran sus integrantes: \u00abCuidan de nuestra munici\u00f3n, la preparan para transportarla, la inutilizan cuando es necesario hacerlo y la vigilan para que se utilice con todas las garant\u00edas y seguridad\u00bb.<\/p>\n<p><strong>Derecho a la protecci\u00f3n<\/strong><\/p>\n<p>La ministra ha a\u00f1adido que \u00abas\u00ed cumplen con su obligaci\u00f3n de protegernos\u00bb y ha recordado que \u00abel derecho a sentirnos protegidos es el derecho que garantizan los militares espa\u00f1oles, tanto dentro de nuestras fronteras como fuera, en las misiones internacionales\u00bb. En este sentido, tambi\u00e9n ha incidido en la importancia de mantener la colaboraci\u00f3n con las autoridades civiles y ha agradecido a la ciudad de Talavera y a su comarca su ligaz\u00f3n con la unidad.<\/p>\n<p>A su llegada, Cospedal fue recibida por el general de Divisi\u00f3n Francisco Javier S\u00e1nchez Fern\u00e1ndez, jefe de la Fuerza Log\u00edstica Operativa, y por el general \u00d3scar Lamsfus, jefe de la Brigada Log\u00edstica. Asistieron, asimismo, el delegado del Gobierno en la Comunidad Aut\u00f3noma de Castilla-La Mancha, Jos\u00e9 Juli\u00e1n Gregorio; el alcalde de Talavera de la Reina, Jaime Ramos; y el delegado de Defensa en Castilla-La Mancha, coronel Javier Gallegos.<\/p>\n<p>La responsable de Defensa tuvo ocasi\u00f3n de conocer de primera mano las misiones y cometidos de la unidad, as\u00ed como de departir con el personal civil y militar, y realizar un recorrido por las instalaciones.<\/p>\n<p><strong>La fuerza log\u00edstica operativa<\/strong><\/p>\n<p>La Fuerza Log\u00edstica Operativa (FLO), es la organizaci\u00f3n del Ej\u00e9rcito de Tierra que tiene por cometido proporcionar el apoyo log\u00edstico y el sostenimiento necesarios, tanto en territorio nacional, como en las operaciones en el exterior, de las Unidades de dicho ej\u00e9rcito.<\/p>\n<p>Su cuartel general est\u00e1 en La Coru\u00f1a y sus dos principales unidades son la Brigada Log\u00edstica, con sede en Zaragoza y en la que est\u00e1 encuadrado el Polvor\u00edn de Cerro Negro, y la Brigada de Sanidad, con sede en Madrid.<\/p>\n","protected":false},"excerpt":{"rendered":"<p>La ministra de Defensa, Mar\u00eda Dolores de Cospedal, ha destacado \u00abla confianza, la seguridad y la garant\u00eda que proporcionan las Fuerzas Armadas al resto de la sociedad\u00bb, en su visita al Polvor\u00edn de Cerro Negro, situado en Talavera de la Reina (Toledo) y sede de la Compa\u00f1\u00eda de Municionamiento de la Agrupaci\u00f3n de Apoyo Log\u00edstico [&hellip;]<\/p>\n","protected":false},"author":1,"featured_media":980410,"comment_status":"closed","ping_status":"closed","sticky":false,"template":"","format":"standard","meta":{"footnotes":""},"categories":[1],"tags":[],"class_list":["post-980409","post","type-post","status-publish","format-standard","has-post-thumbnail","hentry","category-actualidad"],"aioseo_notices":[],"aioseo_head":"\n\t\t<!-- All in One SEO Pro 5.0.1 - aioseo.com -->\n\t<meta name=\"description\" content=\"La ministra de Defensa, Mar\u00eda Dolores de Cospedal, ha destacado &quot;la confianza, la seguridad y la garant\u00eda que proporcionan las Fuerzas Armadas al resto de la sociedad&quot;, en su visita al Polvor\u00edn de Cerro Negro, situado en Talavera de la Reina (Toledo) y sede de la Compa\u00f1\u00eda de Municionamiento de la Agrupaci\u00f3n de Apoyo Log\u00edstico\" \/>\n\t<meta name=\"robots\" content=\"max-image-preview:large\" \/>\n\t<meta name=\"author\" content=\"El Digital de Asturias\"\/>\n\t<meta name=\"google-site-verification\" content=\"UA-38556648-1\" \/>\n\t<meta name=\"msvalidate.01\" content=\"7dfe9f3f1b24437ab69f4f2559babe99\" \/>\n\t<meta name=\"keywords\" content=\"actualidad\" \/>\n\t<link rel=\"canonical\" href=\"https:\/\/www.eldigitaldeasturias.com\/noticias\/cospedal-visita-el-polvorin-de-cerro-negro\/\" \/>\n\t<meta name=\"generator\" content=\"All in One SEO Pro (AIOSEO) 5.0.1\" \/>\n\t\t<meta property=\"og:locale\" content=\"es_ES\" \/>\n\t\t<meta property=\"og:site_name\" content=\"El Digital de Asturias\" \/>\n\t\t<meta property=\"og:type\" content=\"article\" \/>\n\t\t<meta property=\"og:title\" content=\"Cospedal visita el Polvor\u00edn de Cerro Negro - El Digital de Asturias\" \/>\n\t\t<meta property=\"og:description\" content=\"La ministra de Defensa, Mar\u00eda Dolores de Cospedal, ha destacado &quot;la confianza, la seguridad y la garant\u00eda que proporcionan las Fuerzas Armadas al resto de la sociedad&quot;, en su visita al Polvor\u00edn de Cerro Negro, situado en Talavera de la Reina (Toledo) y sede de la Compa\u00f1\u00eda de Municionamiento de la Agrupaci\u00f3n de Apoyo Log\u00edstico\" \/>\n\t\t<meta property=\"og:url\" content=\"https:\/\/www.eldigitaldeasturias.com\/noticias\/cospedal-visita-el-polvorin-de-cerro-negro\/\" \/>\n\t\t<meta property=\"article:tag\" content=\"actualidad\" \/>\n\t\t<meta property=\"article:published_time\" content=\"2018-05-15T08:42:30+00:00\" \/>\n\t\t<meta property=\"article:modified_time\" content=\"2018-05-15T08:42:30+00:00\" \/>\n\t\t<meta property=\"article:publisher\" content=\"https:\/\/facebook.com\/eldigitaldeasturias\" \/>\n\t\t<meta name=\"twitter:card\" content=\"summary_large_image\" \/>\n\t\t<meta name=\"twitter:title\" content=\"Cospedal visita el Polvor\u00edn de Cerro Negro - El Digital de Asturias\" \/>\n\t\t<meta name=\"twitter:description\" content=\"La ministra de Defensa, Mar\u00eda Dolores de Cospedal, ha destacado &quot;la confianza, la seguridad y la garant\u00eda que proporcionan las Fuerzas Armadas al resto de la sociedad&quot;, en su visita al Polvor\u00edn de Cerro Negro, situado en Talavera de la Reina (Toledo) y sede de la Compa\u00f1\u00eda de Municionamiento de la Agrupaci\u00f3n de Apoyo Log\u00edstico\" \/>\n\t\t<meta name=\"twitter:image\" content=\"https:\/\/www.eldigitaldeasturias.com\/noticias\/wp-content\/uploads\/2020\/12\/EDA-1.jpg\" \/>\n\t\t<meta name=\"twitter:label1\" content=\"Escrito por\" \/>\n\t\t<meta name=\"twitter:data1\" content=\"El Digital de Asturias\" \/>\n\t\t<meta name=\"twitter:label2\" content=\"Tiempo de lectura estimado\" \/>\n\t\t<meta name=\"twitter:data2\" content=\"2 minutos\" \/>\n\t\t<script type=\"application\/ld+json\" class=\"aioseo-schema\">\n\t\t\t{\"@context\":\"https:\\\/\\\/schema.org\",\"@graph\":[{\"@type\":\"BlogPosting\",\"@id\":\"https:\\\/\\\/www.eldigitaldeasturias.com\\\/noticias\\\/cospedal-visita-el-polvorin-de-cerro-negro\\\/#blogposting\",\"name\":\"Cospedal visita el Polvor\\u00edn de Cerro Negro - El Digital de Asturias\",\"headline\":\"Cospedal visita el Polvor\\u00edn de Cerro Negro\",\"author\":{\"@id\":\"https:\\\/\\\/www.eldigitaldeasturias.com\\\/noticias\\\/author\\\/admin\\\/#author\"},\"publisher\":{\"@id\":\"https:\\\/\\\/www.eldigitaldeasturias.com\\\/noticias\\\/#organization\"},\"image\":{\"@type\":\"ImageObject\",\"url\":980410},\"datePublished\":\"2018-05-15T08:42:30+02:00\",\"dateModified\":\"2018-05-15T08:42:30+02:00\",\"inLanguage\":\"es-ES\",\"mainEntityOfPage\":{\"@id\":\"https:\\\/\\\/www.eldigitaldeasturias.com\\\/noticias\\\/cospedal-visita-el-polvorin-de-cerro-negro\\\/#webpage\"},\"isPartOf\":{\"@id\":\"https:\\\/\\\/www.eldigitaldeasturias.com\\\/noticias\\\/cospedal-visita-el-polvorin-de-cerro-negro\\\/#webpage\"},\"articleSection\":\"Actualidad\"},{\"@type\":\"BreadcrumbList\",\"@id\":\"https:\\\/\\\/www.eldigitaldeasturias.com\\\/noticias\\\/cospedal-visita-el-polvorin-de-cerro-negro\\\/#breadcrumblist\",\"itemListElement\":[{\"@type\":\"ListItem\",\"@id\":\"https:\\\/\\\/www.eldigitaldeasturias.com\\\/noticias#listItem\",\"position\":1,\"name\":\"Home\",\"item\":\"https:\\\/\\\/www.eldigitaldeasturias.com\\\/noticias\",\"nextItem\":{\"@type\":\"ListItem\",\"@id\":\"https:\\\/\\\/www.eldigitaldeasturias.com\\\/noticias\\\/category\\\/actualidad\\\/#listItem\",\"name\":\"Actualidad\"}},{\"@type\":\"ListItem\",\"@id\":\"https:\\\/\\\/www.eldigitaldeasturias.com\\\/noticias\\\/category\\\/actualidad\\\/#listItem\",\"position\":2,\"name\":\"Actualidad\",\"item\":\"https:\\\/\\\/www.eldigitaldeasturias.com\\\/noticias\\\/category\\\/actualidad\\\/\",\"nextItem\":{\"@type\":\"ListItem\",\"@id\":\"https:\\\/\\\/www.eldigitaldeasturias.com\\\/noticias\\\/cospedal-visita-el-polvorin-de-cerro-negro\\\/#listItem\",\"name\":\"Cospedal visita el Polvor\\u00edn de Cerro Negro\"},\"previousItem\":{\"@type\":\"ListItem\",\"@id\":\"https:\\\/\\\/www.eldigitaldeasturias.com\\\/noticias#listItem\",\"name\":\"Home\"}},{\"@type\":\"ListItem\",\"@id\":\"https:\\\/\\\/www.eldigitaldeasturias.com\\\/noticias\\\/cospedal-visita-el-polvorin-de-cerro-negro\\\/#listItem\",\"position\":3,\"name\":\"Cospedal visita el Polvor\\u00edn de Cerro Negro\",\"previousItem\":{\"@type\":\"ListItem\",\"@id\":\"https:\\\/\\\/www.eldigitaldeasturias.com\\\/noticias\\\/category\\\/actualidad\\\/#listItem\",\"name\":\"Actualidad\"}}]},{\"@type\":\"Organization\",\"@id\":\"https:\\\/\\\/www.eldigitaldeasturias.com\\\/noticias\\\/#organization\",\"name\":\"El Digital de Asturias\",\"description\":\"Hemeroteca\",\"url\":\"https:\\\/\\\/www.eldigitaldeasturias.com\\\/noticias\\\/\",\"email\":\"info@eldigitaldeasturias.com\",\"telephone\":\"+34652131393\",\"logo\":{\"@type\":\"ImageObject\",\"url\":\"https:\\\/\\\/www.eldigitaldeasturias.com\\\/noticias\\\/wp-content\\\/uploads\\\/2020\\\/12\\\/EDA.jpg\",\"@id\":\"https:\\\/\\\/www.eldigitaldeasturias.com\\\/noticias\\\/cospedal-visita-el-polvorin-de-cerro-negro\\\/#organizationLogo\"},\"image\":{\"@id\":\"https:\\\/\\\/www.eldigitaldeasturias.com\\\/noticias\\\/cospedal-visita-el-polvorin-de-cerro-negro\\\/#organizationLogo\"},\"sameAs\":[\"https:\\\/\\\/facebook.com\\\/eldigitaldeasturias\",\"https:\\\/\\\/www.youtube.com\\\/channel\\\/UCZP-2wLEB9Rv6erhFmqVnvg\"],\"address\":{\"@id\":\"https:\\\/\\\/www.eldigitaldeasturias.com\\\/noticias\\\/#postaladdress\",\"@type\":\"PostalAddress\",\"streetAddress\":\"san antonio 4\",\"postalCode\":\"33430\",\"addressLocality\":\"Cand\\u00e1s\",\"addressRegion\":\"Asturias\",\"addressCountry\":\"ES\"}},{\"@type\":\"Person\",\"@id\":\"https:\\\/\\\/www.eldigitaldeasturias.com\\\/noticias\\\/author\\\/admin\\\/#author\",\"url\":\"https:\\\/\\\/www.eldigitaldeasturias.com\\\/noticias\\\/author\\\/admin\\\/\",\"name\":\"El Digital de Asturias\",\"image\":{\"@type\":\"ImageObject\",\"@id\":\"https:\\\/\\\/www.eldigitaldeasturias.com\\\/noticias\\\/cospedal-visita-el-polvorin-de-cerro-negro\\\/#authorImage\",\"url\":\"https:\\\/\\\/secure.gravatar.com\\\/avatar\\\/df2aeffc32bcd13f8d26072ef8a91b623d677766deac7f97ca815868cd41bf5e?s=96&d=mm&r=g\",\"width\":96,\"height\":96,\"caption\":\"El Digital de Asturias\"}},{\"@type\":\"WebPage\",\"@id\":\"https:\\\/\\\/www.eldigitaldeasturias.com\\\/noticias\\\/cospedal-visita-el-polvorin-de-cerro-negro\\\/#webpage\",\"url\":\"https:\\\/\\\/www.eldigitaldeasturias.com\\\/noticias\\\/cospedal-visita-el-polvorin-de-cerro-negro\\\/\",\"name\":\"Cospedal visita el Polvor\\u00edn de Cerro Negro - El Digital de Asturias\",\"description\":\"La ministra de Defensa, Mar\\u00eda Dolores de Cospedal, ha destacado \\\"la confianza, la seguridad y la garant\\u00eda que proporcionan las Fuerzas Armadas al resto de la sociedad\\\", en su visita al Polvor\\u00edn de Cerro Negro, situado en Talavera de la Reina (Toledo) y sede de la Compa\\u00f1\\u00eda de Municionamiento de la Agrupaci\\u00f3n de Apoyo Log\\u00edstico\",\"inLanguage\":\"es-ES\",\"isPartOf\":{\"@id\":\"https:\\\/\\\/www.eldigitaldeasturias.com\\\/noticias\\\/#website\"},\"breadcrumb\":{\"@id\":\"https:\\\/\\\/www.eldigitaldeasturias.com\\\/noticias\\\/cospedal-visita-el-polvorin-de-cerro-negro\\\/#breadcrumblist\"},\"author\":{\"@id\":\"https:\\\/\\\/www.eldigitaldeasturias.com\\\/noticias\\\/author\\\/admin\\\/#author\"},\"creator\":{\"@id\":\"https:\\\/\\\/www.eldigitaldeasturias.com\\\/noticias\\\/author\\\/admin\\\/#author\"},\"image\":{\"@type\":\"ImageObject\",\"url\":980410,\"@id\":\"https:\\\/\\\/www.eldigitaldeasturias.com\\\/noticias\\\/cospedal-visita-el-polvorin-de-cerro-negro\\\/#mainImage\"},\"primaryImageOfPage\":{\"@id\":\"https:\\\/\\\/www.eldigitaldeasturias.com\\\/noticias\\\/cospedal-visita-el-polvorin-de-cerro-negro\\\/#mainImage\"},\"datePublished\":\"2018-05-15T08:42:30+02:00\",\"dateModified\":\"2018-05-15T08:42:30+02:00\"},{\"@type\":\"WebSite\",\"@id\":\"https:\\\/\\\/www.eldigitaldeasturias.com\\\/noticias\\\/#website\",\"url\":\"https:\\\/\\\/www.eldigitaldeasturias.com\\\/noticias\\\/\",\"name\":\"El Digital de Asturias - Diario de actualidad y noticias\",\"alternateName\":\"El Digital de Asturias - Diario de actualidad y noticias\",\"description\":\"Hemeroteca\",\"inLanguage\":\"es-ES\",\"publisher\":{\"@id\":\"https:\\\/\\\/www.eldigitaldeasturias.com\\\/noticias\\\/#organization\"}}]}\n\t\t<\/script>\n\t\t<!-- All in One SEO Pro -->\r\n\t\t<title>Cospedal visita el Polvor\u00edn de Cerro Negro - El Digital de Asturias<\/title>\n\n","aioseo_head_json":{"title":"Cospedal visita el Polvor\u00edn de Cerro Negro - El Digital de Asturias","description":"La ministra de Defensa, Mar\u00eda Dolores de Cospedal, ha destacado \"la confianza, la seguridad y la garant\u00eda que proporcionan las Fuerzas Armadas al resto de la sociedad\", en su visita al Polvor\u00edn de Cerro Negro, situado en Talavera de la Reina (Toledo) y sede de la Compa\u00f1\u00eda de Municionamiento de la Agrupaci\u00f3n de Apoyo Log\u00edstico","canonical_url":"https:\/\/www.eldigitaldeasturias.com\/noticias\/cospedal-visita-el-polvorin-de-cerro-negro\/","robots":"max-image-preview:large","keywords":"actualidad","webmasterTools":{"google-site-verification":"UA-38556648-1","msvalidate.01":"7dfe9f3f1b24437ab69f4f2559babe99","miscellaneous":""},"schema":{"@context":"https:\/\/schema.org","@graph":[{"@type":"BlogPosting","@id":"https:\/\/www.eldigitaldeasturias.com\/noticias\/cospedal-visita-el-polvorin-de-cerro-negro\/#blogposting","name":"Cospedal visita el Polvor\u00edn de Cerro Negro - El Digital de Asturias","headline":"Cospedal visita el Polvor\u00edn de Cerro Negro","author":{"@id":"https:\/\/www.eldigitaldeasturias.com\/noticias\/author\/admin\/#author"},"publisher":{"@id":"https:\/\/www.eldigitaldeasturias.com\/noticias\/#organization"},"image":{"@type":"ImageObject","url":980410},"datePublished":"2018-05-15T08:42:30+02:00","dateModified":"2018-05-15T08:42:30+02:00","inLanguage":"es-ES","mainEntityOfPage":{"@id":"https:\/\/www.eldigitaldeasturias.com\/noticias\/cospedal-visita-el-polvorin-de-cerro-negro\/#webpage"},"isPartOf":{"@id":"https:\/\/www.eldigitaldeasturias.com\/noticias\/cospedal-visita-el-polvorin-de-cerro-negro\/#webpage"},"articleSection":"Actualidad"},{"@type":"BreadcrumbList","@id":"https:\/\/www.eldigitaldeasturias.com\/noticias\/cospedal-visita-el-polvorin-de-cerro-negro\/#breadcrumblist","itemListElement":[{"@type":"ListItem","@id":"https:\/\/www.eldigitaldeasturias.com\/noticias#listItem","position":1,"name":"Home","item":"https:\/\/www.eldigitaldeasturias.com\/noticias","nextItem":{"@type":"ListItem","@id":"https:\/\/www.eldigitaldeasturias.com\/noticias\/category\/actualidad\/#listItem","name":"Actualidad"}},{"@type":"ListItem","@id":"https:\/\/www.eldigitaldeasturias.com\/noticias\/category\/actualidad\/#listItem","position":2,"name":"Actualidad","item":"https:\/\/www.eldigitaldeasturias.com\/noticias\/category\/actualidad\/","nextItem":{"@type":"ListItem","@id":"https:\/\/www.eldigitaldeasturias.com\/noticias\/cospedal-visita-el-polvorin-de-cerro-negro\/#listItem","name":"Cospedal visita el Polvor\u00edn de Cerro Negro"},"previousItem":{"@type":"ListItem","@id":"https:\/\/www.eldigitaldeasturias.com\/noticias#listItem","name":"Home"}},{"@type":"ListItem","@id":"https:\/\/www.eldigitaldeasturias.com\/noticias\/cospedal-visita-el-polvorin-de-cerro-negro\/#listItem","position":3,"name":"Cospedal visita el Polvor\u00edn de Cerro Negro","previousItem":{"@type":"ListItem","@id":"https:\/\/www.eldigitaldeasturias.com\/noticias\/category\/actualidad\/#listItem","name":"Actualidad"}}]},{"@type":"Organization","@id":"https:\/\/www.eldigitaldeasturias.com\/noticias\/#organization","name":"El Digital de Asturias","description":"Hemeroteca","url":"https:\/\/www.eldigitaldeasturias.com\/noticias\/","email":"info@eldigitaldeasturias.com","telephone":"+34652131393","logo":{"@type":"ImageObject","url":"https:\/\/www.eldigitaldeasturias.com\/noticias\/wp-content\/uploads\/2020\/12\/EDA.jpg","@id":"https:\/\/www.eldigitaldeasturias.com\/noticias\/cospedal-visita-el-polvorin-de-cerro-negro\/#organizationLogo"},"image":{"@id":"https:\/\/www.eldigitaldeasturias.com\/noticias\/cospedal-visita-el-polvorin-de-cerro-negro\/#organizationLogo"},"sameAs":["https:\/\/facebook.com\/eldigitaldeasturias","https:\/\/www.youtube.com\/channel\/UCZP-2wLEB9Rv6erhFmqVnvg"],"address":{"@id":"https:\/\/www.eldigitaldeasturias.com\/noticias\/#postaladdress","@type":"PostalAddress","streetAddress":"san antonio 4","postalCode":"33430","addressLocality":"Cand\u00e1s","addressRegion":"Asturias","addressCountry":"ES"}},{"@type":"Person","@id":"https:\/\/www.eldigitaldeasturias.com\/noticias\/author\/admin\/#author","url":"https:\/\/www.eldigitaldeasturias.com\/noticias\/author\/admin\/","name":"El Digital de Asturias","image":{"@type":"ImageObject","@id":"https:\/\/www.eldigitaldeasturias.com\/noticias\/cospedal-visita-el-polvorin-de-cerro-negro\/#authorImage","url":"https:\/\/secure.gravatar.com\/avatar\/df2aeffc32bcd13f8d26072ef8a91b623d677766deac7f97ca815868cd41bf5e?s=96&d=mm&r=g","width":96,"height":96,"caption":"El Digital de Asturias"}},{"@type":"WebPage","@id":"https:\/\/www.eldigitaldeasturias.com\/noticias\/cospedal-visita-el-polvorin-de-cerro-negro\/#webpage","url":"https:\/\/www.eldigitaldeasturias.com\/noticias\/cospedal-visita-el-polvorin-de-cerro-negro\/","name":"Cospedal visita el Polvor\u00edn de Cerro Negro - El Digital de Asturias","description":"La ministra de Defensa, Mar\u00eda Dolores de Cospedal, ha destacado \"la confianza, la seguridad y la garant\u00eda que proporcionan las Fuerzas Armadas al resto de la sociedad\", en su visita al Polvor\u00edn de Cerro Negro, situado en Talavera de la Reina (Toledo) y sede de la Compa\u00f1\u00eda de Municionamiento de la Agrupaci\u00f3n de Apoyo Log\u00edstico","inLanguage":"es-ES","isPartOf":{"@id":"https:\/\/www.eldigitaldeasturias.com\/noticias\/#website"},"breadcrumb":{"@id":"https:\/\/www.eldigitaldeasturias.com\/noticias\/cospedal-visita-el-polvorin-de-cerro-negro\/#breadcrumblist"},"author":{"@id":"https:\/\/www.eldigitaldeasturias.com\/noticias\/author\/admin\/#author"},"creator":{"@id":"https:\/\/www.eldigitaldeasturias.com\/noticias\/author\/admin\/#author"},"image":{"@type":"ImageObject","url":980410,"@id":"https:\/\/www.eldigitaldeasturias.com\/noticias\/cospedal-visita-el-polvorin-de-cerro-negro\/#mainImage"},"primaryImageOfPage":{"@id":"https:\/\/www.eldigitaldeasturias.com\/noticias\/cospedal-visita-el-polvorin-de-cerro-negro\/#mainImage"},"datePublished":"2018-05-15T08:42:30+02:00","dateModified":"2018-05-15T08:42:30+02:00"},{"@type":"WebSite","@id":"https:\/\/www.eldigitaldeasturias.com\/noticias\/#website","url":"https:\/\/www.eldigitaldeasturias.com\/noticias\/","name":"El Digital de Asturias - Diario de actualidad y noticias","alternateName":"El Digital de Asturias - Diario de actualidad y noticias","description":"Hemeroteca","inLanguage":"es-ES","publisher":{"@id":"https:\/\/www.eldigitaldeasturias.com\/noticias\/#organization"}}]},"og:locale":"es_ES","og:site_name":"El Digital de Asturias","og:type":"article","og:title":"Cospedal visita el Polvor\u00edn de Cerro Negro - El Digital de Asturias","og:description":"La ministra de Defensa, Mar\u00eda Dolores de Cospedal, ha destacado &quot;la confianza, la seguridad y la garant\u00eda que proporcionan las Fuerzas Armadas al resto de la sociedad&quot;, en su visita al Polvor\u00edn de Cerro Negro, situado en Talavera de la Reina (Toledo) y sede de la Compa\u00f1\u00eda de Municionamiento de la Agrupaci\u00f3n de Apoyo Log\u00edstico","og:url":"https:\/\/www.eldigitaldeasturias.com\/noticias\/cospedal-visita-el-polvorin-de-cerro-negro\/","article:tag":["actualidad"],"article:published_time":"2018-05-15T08:42:30+00:00","article:modified_time":"2018-05-15T08:42:30+00:00","article:publisher":"https:\/\/facebook.com\/eldigitaldeasturias","twitter:card":"summary_large_image","twitter:title":"Cospedal visita el Polvor\u00edn de Cerro Negro - El Digital de Asturias","twitter:description":"La ministra de Defensa, Mar\u00eda Dolores de Cospedal, ha destacado &quot;la confianza, la seguridad y la garant\u00eda que proporcionan las Fuerzas Armadas al resto de la sociedad&quot;, en su visita al Polvor\u00edn de Cerro Negro, situado en Talavera de la Reina (Toledo) y sede de la Compa\u00f1\u00eda de Municionamiento de la Agrupaci\u00f3n de Apoyo Log\u00edstico","twitter:image":"https:\/\/www.eldigitaldeasturias.com\/noticias\/wp-content\/uploads\/2020\/12\/EDA-1.jpg","twitter:label1":"Escrito por","twitter:data1":"El Digital de Asturias","twitter:label2":"Tiempo de lectura estimado","twitter:data2":"2 minutos"},"aioseo_meta_data":{"post_id":"980409","title":null,"description":null,"keywords":null,"keyphrases":null,"primary_term":null,"canonical_url":null,"og_title":null,"og_description":null,"og_object_type":"default","og_image_type":"default","og_image_url":null,"og_image_width":null,"og_image_height":null,"og_image_custom_url":null,"og_image_custom_fields":null,"og_video":null,"og_custom_url":null,"og_article_section":null,"og_article_tags":null,"twitter_use_og":false,"twitter_card":"default","twitter_image_type":"default","twitter_image_url":null,"twitter_image_custom_url":null,"twitter_image_custom_fields":null,"twitter_title":null,"twitter_description":null,"schema":{"blockGraphs":[],"customGraphs":[],"default":{"data":{"Article":[],"Course":[],"Dataset":[],"FAQPage":[],"Movie":[],"Person":[],"Product":[],"ProductReview":[],"Car":[],"Recipe":[],"Service":[],"SoftwareApplication":[],"WebPage":[]},"graphName":"","isEnabled":true},"graphs":[],"defaultGraph":"","defaultPostTypeGraph":""},"schema_type":null,"schema_type_options":null,"pillar_content":false,"robots_default":true,"robots_noindex":false,"robots_noarchive":false,"robots_nosnippet":false,"robots_nofollow":false,"robots_noimageindex":false,"robots_noodp":false,"robots_notranslate":false,"robots_max_snippet":null,"robots_max_videopreview":null,"robots_max_imagepreview":"large","priority":null,"frequency":null,"local_seo":null,"seo_analyzer_scan_date":"2025-10-08 17:49:14","breadcrumb_settings":null,"limit_modified_date":false,"open_ai":null,"ai":null,"created":"2020-12-21 11:56:38","updated":"2025-10-08 17:49:14","focus_keyword":null,"additional_keywords":null,"truseo_locale":null},"aioseo_breadcrumb":"<div class=\"aioseo-breadcrumbs\"><span class=\"aioseo-breadcrumb\">\n\t<a href=\"https:\/\/www.eldigitaldeasturias.com\/noticias\" title=\"Home\">Home<\/a>\n<\/span><span class=\"aioseo-breadcrumb-separator\">\u2013<\/span><span class=\"aioseo-breadcrumb\">\n\t<a href=\"https:\/\/www.eldigitaldeasturias.com\/noticias\/category\/actualidad\/\" title=\"Actualidad\">Actualidad<\/a>\n<\/span><span class=\"aioseo-breadcrumb-separator\">\u2013<\/span><span class=\"aioseo-breadcrumb\">\n\t<a href=\"https:\/\/www.eldigitaldeasturias.com\/noticias\/cospedal-visita-el-polvorin-de-cerro-negro\/\" title=\"Cospedal visita el Polvor\u00edn de Cerro Negro\">Cospedal visita el Polvor\u00edn de Cerro Negro<\/a>\n<\/span><\/div>","aioseo_breadcrumb_json":[{"label":"Home","link":"https:\/\/www.eldigitaldeasturias.com\/noticias"},{"label":"Actualidad","link":"https:\/\/www.eldigitaldeasturias.com\/noticias\/category\/actualidad\/"},{"label":"Cospedal visita el Polvor\u00edn de Cerro Negro","link":"https:\/\/www.eldigitaldeasturias.com\/noticias\/cospedal-visita-el-polvorin-de-cerro-negro\/"}],"_links":{"self":[{"href":"https:\/\/www.eldigitaldeasturias.com\/noticias\/wp-json\/wp\/v2\/posts\/980409","targetHints":{"allow":["GET"]}}],"collection":[{"href":"https:\/\/www.eldigitaldeasturias.com\/noticias\/wp-json\/wp\/v2\/posts"}],"about":[{"href":"https:\/\/www.eldigitaldeasturias.com\/noticias\/wp-json\/wp\/v2\/types\/post"}],"author":[{"embeddable":true,"href":"https:\/\/www.eldigitaldeasturias.com\/noticias\/wp-json\/wp\/v2\/users\/1"}],"replies":[{"embeddable":true,"href":"https:\/\/www.eldigitaldeasturias.com\/noticias\/wp-json\/wp\/v2\/comments?post=980409"}],"version-history":[{"count":0,"href":"https:\/\/www.eldigitaldeasturias.com\/noticias\/wp-json\/wp\/v2\/posts\/980409\/revisions"}],"wp:attachment":[{"href":"https:\/\/www.eldigitaldeasturias.com\/noticias\/wp-json\/wp\/v2\/media?parent=980409"}],"wp:term":[{"taxonomy":"category","embeddable":true,"href":"https:\/\/www.eldigitaldeasturias.com\/noticias\/wp-json\/wp\/v2\/categories?post=980409"},{"taxonomy":"post_tag","embeddable":true,"href":"https:\/\/www.eldigitaldeasturias.com\/noticias\/wp-json\/wp\/v2\/tags?post=980409"}],"curies":[{"name":"wp","href":"https:\/\/api.w.org\/{rel}","templated":true}]}}