{"id":980373,"date":"2018-05-14T23:49:07","date_gmt":"2018-05-14T23:49:07","guid":{"rendered":"http:\/\/www.eldigitaldeasturias.com\/noticias\/?p=980373"},"modified":"2018-05-14T23:49:07","modified_gmt":"2018-05-14T23:49:07","slug":"ruben-blades-candidato-no-voy-a-confirmar-ni-desconfirmar","status":"publish","type":"post","link":"https:\/\/www.eldigitaldeasturias.com\/noticias\/ruben-blades-candidato-no-voy-a-confirmar-ni-desconfirmar\/","title":{"rendered":"\u00bfRub\u00e9n Blades candidato? \u00abNo voy a confirmar ni desconfirmar\u00bb"},"content":{"rendered":"<p><img loading=\"lazy\" decoding=\"async\" class=\"alignleft size-medium wp-image-526867\" src=\"https:\/\/www.eldigitaldeasturias.com\/noticias\/wp-content\/uploads\/2014\/05\/6216917w-360x243.jpg\" alt=\"\" width=\"360\" height=\"243\" \/>Ciudad de M\u00e9xico, 14 may (dpa) &#8211; El m\u00fasico, actor y pol\u00edtico paname\u00f1o Rub\u00e9n Blades evit\u00f3 hoy en Ciudad de M\u00e9xico revelar si tiene intenciones de ser candidato presidencial en su pa\u00eds en 2019.<\/p>\n<p>\u00abNo voy a confirmar ni desconfirmar nada\u00bb, dijo Blades, que en julio cumplir\u00e1 70 a\u00f1os. \u00abLo que estamos haciendo ahora es tratando de concretar un paradigma de administraci\u00f3n p\u00fablica, para acabar con la impunidad y el desgobierno. Luego veremos\u00bb, expres\u00f3.<\/p>\n<p>Blades, que har\u00e1 presentaciones en M\u00e9xico el mi\u00e9rcoles y el jueves, fue candidato presidencial en 1994 por el partido Papa Egoro y qued\u00f3 en tercer sitio. Entre 2004 y 2009 fue ministro de Turismo.<\/p>\n<p>\u00abVengo de un barrio donde las madres mor\u00edan sin vacaciones y lo que pienso pol\u00edticamente es que los ciudadanos tendr\u00edan que participar m\u00e1s. A menudo me molesta que me digan que eso no es posible\u00bb, dijo el cantante.<\/p>\n<p>Sobre su carrera musical, afirm\u00f3 que \u00abMedoro Madera\u00bb -nombre de su nuevo disco- es su \u00ab\u00e1lter ego\u00bb y que pronto saldr\u00e1 un disco que hizo con Wynton Marsalis y la Lincoln Center Jazz, as\u00ed como un trabajo con el grupo brasile\u00f1o Boca Livre y un disco de boleros con el antiguo grupo paname\u00f1o Editus.<\/p>\n<p>Blades dijo que tambi\u00e9n est\u00e1 trabajando con la banda Making Movies de Kansas y que, despu\u00e9s de M\u00e9xico, se ir\u00e1 alrededor de un mes a Europa y continuar\u00e1 luego sus presentaciones en Sudam\u00e9rica.<\/p>\n<p>El paname\u00f1o se presentar\u00e1 con la \u00abRoberto Delgado Salsa Big Band\u00bb, a agrupaci\u00f3n con la que grab\u00f3 \u00abSalsa Big Band\u00bb, que obtuvo tres Grammy.<\/p>\n<p>\u00abHay canciones que si no las hago me linchan, pero tambi\u00e9n quiero mostrarles lo nuevo. Ya veremos\u00bb, dijo sobre su repertorio.<\/p>\n<p>&nbsp;<\/p>\n","protected":false},"excerpt":{"rendered":"<p>Ciudad de M\u00e9xico, 14 may (dpa) &#8211; El m\u00fasico, actor y pol\u00edtico paname\u00f1o Rub\u00e9n Blades evit\u00f3 hoy en Ciudad de M\u00e9xico revelar si tiene intenciones de ser candidato presidencial en su pa\u00eds en 2019. \u00abNo voy a confirmar ni desconfirmar nada\u00bb, dijo Blades, que en julio cumplir\u00e1 70 a\u00f1os. \u00abLo que estamos haciendo ahora es [&hellip;]<\/p>\n","protected":false},"author":1,"featured_media":526867,"comment_status":"closed","ping_status":"closed","sticky":false,"template":"","format":"standard","meta":{"footnotes":""},"categories":[1],"tags":[],"class_list":["post-980373","post","type-post","status-publish","format-standard","has-post-thumbnail","hentry","category-actualidad"],"aioseo_notices":[],"aioseo_head":"\n\t\t<!-- All in One SEO Pro 5.0.1 - aioseo.com -->\n\t<meta name=\"description\" content=\"Ciudad de M\u00e9xico, 14 may (dpa) - El m\u00fasico, actor y pol\u00edtico paname\u00f1o Rub\u00e9n Blades evit\u00f3 hoy en Ciudad de M\u00e9xico revelar si tiene intenciones de ser candidato presidencial en su pa\u00eds en 2019. &quot;No voy a confirmar ni desconfirmar nada&quot;, dijo Blades, que en julio cumplir\u00e1 70 a\u00f1os. &quot;Lo que estamos haciendo ahora es\" \/>\n\t<meta name=\"robots\" content=\"max-image-preview:large\" \/>\n\t<meta name=\"author\" content=\"El Digital de Asturias\"\/>\n\t<meta name=\"google-site-verification\" content=\"UA-38556648-1\" \/>\n\t<meta name=\"msvalidate.01\" content=\"7dfe9f3f1b24437ab69f4f2559babe99\" \/>\n\t<meta name=\"keywords\" content=\"actualidad\" \/>\n\t<link rel=\"canonical\" href=\"https:\/\/www.eldigitaldeasturias.com\/noticias\/ruben-blades-candidato-no-voy-a-confirmar-ni-desconfirmar\/\" \/>\n\t<meta name=\"generator\" content=\"All in One SEO Pro (AIOSEO) 5.0.1\" \/>\n\t\t<meta property=\"og:locale\" content=\"es_ES\" \/>\n\t\t<meta property=\"og:site_name\" content=\"El Digital de Asturias\" \/>\n\t\t<meta property=\"og:type\" content=\"article\" \/>\n\t\t<meta property=\"og:title\" content=\"\u00bfRub\u00e9n Blades candidato? \u00abNo voy a confirmar ni desconfirmar\u00bb - El Digital de Asturias\" \/>\n\t\t<meta property=\"og:description\" content=\"Ciudad de M\u00e9xico, 14 may (dpa) - El m\u00fasico, actor y pol\u00edtico paname\u00f1o Rub\u00e9n Blades evit\u00f3 hoy en Ciudad de M\u00e9xico revelar si tiene intenciones de ser candidato presidencial en su pa\u00eds en 2019. &quot;No voy a confirmar ni desconfirmar nada&quot;, dijo Blades, que en julio cumplir\u00e1 70 a\u00f1os. &quot;Lo que estamos haciendo ahora es\" \/>\n\t\t<meta property=\"og:url\" content=\"https:\/\/www.eldigitaldeasturias.com\/noticias\/ruben-blades-candidato-no-voy-a-confirmar-ni-desconfirmar\/\" \/>\n\t\t<meta property=\"article:tag\" content=\"actualidad\" \/>\n\t\t<meta property=\"article:published_time\" content=\"2018-05-14T23:49:07+00:00\" \/>\n\t\t<meta property=\"article:modified_time\" content=\"2018-05-14T23:49:07+00:00\" \/>\n\t\t<meta property=\"article:publisher\" content=\"https:\/\/facebook.com\/eldigitaldeasturias\" \/>\n\t\t<meta name=\"twitter:card\" content=\"summary_large_image\" \/>\n\t\t<meta name=\"twitter:title\" content=\"\u00bfRub\u00e9n Blades candidato? \u00abNo voy a confirmar ni desconfirmar\u00bb - El Digital de Asturias\" \/>\n\t\t<meta name=\"twitter:description\" content=\"Ciudad de M\u00e9xico, 14 may (dpa) - El m\u00fasico, actor y pol\u00edtico paname\u00f1o Rub\u00e9n Blades evit\u00f3 hoy en Ciudad de M\u00e9xico revelar si tiene intenciones de ser candidato presidencial en su pa\u00eds en 2019. &quot;No voy a confirmar ni desconfirmar nada&quot;, dijo Blades, que en julio cumplir\u00e1 70 a\u00f1os. &quot;Lo que estamos haciendo ahora es\" \/>\n\t\t<meta name=\"twitter:image\" content=\"https:\/\/www.eldigitaldeasturias.com\/noticias\/wp-content\/uploads\/2020\/12\/EDA-1.jpg\" \/>\n\t\t<meta name=\"twitter:label1\" content=\"Escrito por\" \/>\n\t\t<meta name=\"twitter:data1\" content=\"El Digital de Asturias\" \/>\n\t\t<meta name=\"twitter:label2\" content=\"Tiempo de lectura estimado\" \/>\n\t\t<meta name=\"twitter:data2\" content=\"1 minuto\" \/>\n\t\t<script type=\"application\/ld+json\" class=\"aioseo-schema\">\n\t\t\t{\"@context\":\"https:\\\/\\\/schema.org\",\"@graph\":[{\"@type\":\"BlogPosting\",\"@id\":\"https:\\\/\\\/www.eldigitaldeasturias.com\\\/noticias\\\/ruben-blades-candidato-no-voy-a-confirmar-ni-desconfirmar\\\/#blogposting\",\"name\":\"\\u00bfRub\\u00e9n Blades candidato? \\u00abNo voy a confirmar ni desconfirmar\\u00bb - El Digital de Asturias\",\"headline\":\"\\u00bfRub\\u00e9n Blades candidato? \\u00abNo voy a confirmar ni desconfirmar\\u00bb\",\"author\":{\"@id\":\"https:\\\/\\\/www.eldigitaldeasturias.com\\\/noticias\\\/author\\\/admin\\\/#author\"},\"publisher\":{\"@id\":\"https:\\\/\\\/www.eldigitaldeasturias.com\\\/noticias\\\/#organization\"},\"image\":{\"@type\":\"ImageObject\",\"url\":526867},\"datePublished\":\"2018-05-14T23:49:07+02:00\",\"dateModified\":\"2018-05-14T23:49:07+02:00\",\"inLanguage\":\"es-ES\",\"mainEntityOfPage\":{\"@id\":\"https:\\\/\\\/www.eldigitaldeasturias.com\\\/noticias\\\/ruben-blades-candidato-no-voy-a-confirmar-ni-desconfirmar\\\/#webpage\"},\"isPartOf\":{\"@id\":\"https:\\\/\\\/www.eldigitaldeasturias.com\\\/noticias\\\/ruben-blades-candidato-no-voy-a-confirmar-ni-desconfirmar\\\/#webpage\"},\"articleSection\":\"Actualidad\"},{\"@type\":\"BreadcrumbList\",\"@id\":\"https:\\\/\\\/www.eldigitaldeasturias.com\\\/noticias\\\/ruben-blades-candidato-no-voy-a-confirmar-ni-desconfirmar\\\/#breadcrumblist\",\"itemListElement\":[{\"@type\":\"ListItem\",\"@id\":\"https:\\\/\\\/www.eldigitaldeasturias.com\\\/noticias#listItem\",\"position\":1,\"name\":\"Home\",\"item\":\"https:\\\/\\\/www.eldigitaldeasturias.com\\\/noticias\",\"nextItem\":{\"@type\":\"ListItem\",\"@id\":\"https:\\\/\\\/www.eldigitaldeasturias.com\\\/noticias\\\/category\\\/actualidad\\\/#listItem\",\"name\":\"Actualidad\"}},{\"@type\":\"ListItem\",\"@id\":\"https:\\\/\\\/www.eldigitaldeasturias.com\\\/noticias\\\/category\\\/actualidad\\\/#listItem\",\"position\":2,\"name\":\"Actualidad\",\"item\":\"https:\\\/\\\/www.eldigitaldeasturias.com\\\/noticias\\\/category\\\/actualidad\\\/\",\"nextItem\":{\"@type\":\"ListItem\",\"@id\":\"https:\\\/\\\/www.eldigitaldeasturias.com\\\/noticias\\\/ruben-blades-candidato-no-voy-a-confirmar-ni-desconfirmar\\\/#listItem\",\"name\":\"\\u00bfRub\\u00e9n Blades candidato? \\u00abNo voy a confirmar ni desconfirmar\\u00bb\"},\"previousItem\":{\"@type\":\"ListItem\",\"@id\":\"https:\\\/\\\/www.eldigitaldeasturias.com\\\/noticias#listItem\",\"name\":\"Home\"}},{\"@type\":\"ListItem\",\"@id\":\"https:\\\/\\\/www.eldigitaldeasturias.com\\\/noticias\\\/ruben-blades-candidato-no-voy-a-confirmar-ni-desconfirmar\\\/#listItem\",\"position\":3,\"name\":\"\\u00bfRub\\u00e9n Blades candidato? \\u00abNo voy a confirmar ni desconfirmar\\u00bb\",\"previousItem\":{\"@type\":\"ListItem\",\"@id\":\"https:\\\/\\\/www.eldigitaldeasturias.com\\\/noticias\\\/category\\\/actualidad\\\/#listItem\",\"name\":\"Actualidad\"}}]},{\"@type\":\"Organization\",\"@id\":\"https:\\\/\\\/www.eldigitaldeasturias.com\\\/noticias\\\/#organization\",\"name\":\"El Digital de Asturias\",\"description\":\"Hemeroteca\",\"url\":\"https:\\\/\\\/www.eldigitaldeasturias.com\\\/noticias\\\/\",\"email\":\"info@eldigitaldeasturias.com\",\"telephone\":\"+34652131393\",\"logo\":{\"@type\":\"ImageObject\",\"url\":\"https:\\\/\\\/www.eldigitaldeasturias.com\\\/noticias\\\/wp-content\\\/uploads\\\/2020\\\/12\\\/EDA.jpg\",\"@id\":\"https:\\\/\\\/www.eldigitaldeasturias.com\\\/noticias\\\/ruben-blades-candidato-no-voy-a-confirmar-ni-desconfirmar\\\/#organizationLogo\"},\"image\":{\"@id\":\"https:\\\/\\\/www.eldigitaldeasturias.com\\\/noticias\\\/ruben-blades-candidato-no-voy-a-confirmar-ni-desconfirmar\\\/#organizationLogo\"},\"sameAs\":[\"https:\\\/\\\/facebook.com\\\/eldigitaldeasturias\",\"https:\\\/\\\/www.youtube.com\\\/channel\\\/UCZP-2wLEB9Rv6erhFmqVnvg\"],\"address\":{\"@id\":\"https:\\\/\\\/www.eldigitaldeasturias.com\\\/noticias\\\/#postaladdress\",\"@type\":\"PostalAddress\",\"streetAddress\":\"san antonio 4\",\"postalCode\":\"33430\",\"addressLocality\":\"Cand\\u00e1s\",\"addressRegion\":\"Asturias\",\"addressCountry\":\"ES\"}},{\"@type\":\"Person\",\"@id\":\"https:\\\/\\\/www.eldigitaldeasturias.com\\\/noticias\\\/author\\\/admin\\\/#author\",\"url\":\"https:\\\/\\\/www.eldigitaldeasturias.com\\\/noticias\\\/author\\\/admin\\\/\",\"name\":\"El Digital de Asturias\",\"image\":{\"@type\":\"ImageObject\",\"@id\":\"https:\\\/\\\/www.eldigitaldeasturias.com\\\/noticias\\\/ruben-blades-candidato-no-voy-a-confirmar-ni-desconfirmar\\\/#authorImage\",\"url\":\"https:\\\/\\\/secure.gravatar.com\\\/avatar\\\/df2aeffc32bcd13f8d26072ef8a91b623d677766deac7f97ca815868cd41bf5e?s=96&d=mm&r=g\",\"width\":96,\"height\":96,\"caption\":\"El Digital de Asturias\"}},{\"@type\":\"WebPage\",\"@id\":\"https:\\\/\\\/www.eldigitaldeasturias.com\\\/noticias\\\/ruben-blades-candidato-no-voy-a-confirmar-ni-desconfirmar\\\/#webpage\",\"url\":\"https:\\\/\\\/www.eldigitaldeasturias.com\\\/noticias\\\/ruben-blades-candidato-no-voy-a-confirmar-ni-desconfirmar\\\/\",\"name\":\"\\u00bfRub\\u00e9n Blades candidato? \\u00abNo voy a confirmar ni desconfirmar\\u00bb - El Digital de Asturias\",\"description\":\"Ciudad de M\\u00e9xico, 14 may (dpa) - El m\\u00fasico, actor y pol\\u00edtico paname\\u00f1o Rub\\u00e9n Blades evit\\u00f3 hoy en Ciudad de M\\u00e9xico revelar si tiene intenciones de ser candidato presidencial en su pa\\u00eds en 2019. \\\"No voy a confirmar ni desconfirmar nada\\\", dijo Blades, que en julio cumplir\\u00e1 70 a\\u00f1os. \\\"Lo que estamos haciendo ahora es\",\"inLanguage\":\"es-ES\",\"isPartOf\":{\"@id\":\"https:\\\/\\\/www.eldigitaldeasturias.com\\\/noticias\\\/#website\"},\"breadcrumb\":{\"@id\":\"https:\\\/\\\/www.eldigitaldeasturias.com\\\/noticias\\\/ruben-blades-candidato-no-voy-a-confirmar-ni-desconfirmar\\\/#breadcrumblist\"},\"author\":{\"@id\":\"https:\\\/\\\/www.eldigitaldeasturias.com\\\/noticias\\\/author\\\/admin\\\/#author\"},\"creator\":{\"@id\":\"https:\\\/\\\/www.eldigitaldeasturias.com\\\/noticias\\\/author\\\/admin\\\/#author\"},\"image\":{\"@type\":\"ImageObject\",\"url\":526867,\"@id\":\"https:\\\/\\\/www.eldigitaldeasturias.com\\\/noticias\\\/ruben-blades-candidato-no-voy-a-confirmar-ni-desconfirmar\\\/#mainImage\"},\"primaryImageOfPage\":{\"@id\":\"https:\\\/\\\/www.eldigitaldeasturias.com\\\/noticias\\\/ruben-blades-candidato-no-voy-a-confirmar-ni-desconfirmar\\\/#mainImage\"},\"datePublished\":\"2018-05-14T23:49:07+02:00\",\"dateModified\":\"2018-05-14T23:49:07+02:00\"},{\"@type\":\"WebSite\",\"@id\":\"https:\\\/\\\/www.eldigitaldeasturias.com\\\/noticias\\\/#website\",\"url\":\"https:\\\/\\\/www.eldigitaldeasturias.com\\\/noticias\\\/\",\"name\":\"El Digital de Asturias - Diario de actualidad y noticias\",\"alternateName\":\"El Digital de Asturias - Diario de actualidad y noticias\",\"description\":\"Hemeroteca\",\"inLanguage\":\"es-ES\",\"publisher\":{\"@id\":\"https:\\\/\\\/www.eldigitaldeasturias.com\\\/noticias\\\/#organization\"}}]}\n\t\t<\/script>\n\t\t<!-- All in One SEO Pro -->\r\n\t\t<title>\u00bfRub\u00e9n Blades candidato? \u00abNo voy a confirmar ni desconfirmar\u00bb - El Digital de Asturias<\/title>\n\n","aioseo_head_json":{"title":"\u00bfRub\u00e9n Blades candidato? \u00abNo voy a confirmar ni desconfirmar\u00bb - El Digital de Asturias","description":"Ciudad de M\u00e9xico, 14 may (dpa) - El m\u00fasico, actor y pol\u00edtico paname\u00f1o Rub\u00e9n Blades evit\u00f3 hoy en Ciudad de M\u00e9xico revelar si tiene intenciones de ser candidato presidencial en su pa\u00eds en 2019. \"No voy a confirmar ni desconfirmar nada\", dijo Blades, que en julio cumplir\u00e1 70 a\u00f1os. \"Lo que estamos haciendo ahora es","canonical_url":"https:\/\/www.eldigitaldeasturias.com\/noticias\/ruben-blades-candidato-no-voy-a-confirmar-ni-desconfirmar\/","robots":"max-image-preview:large","keywords":"actualidad","webmasterTools":{"google-site-verification":"UA-38556648-1","msvalidate.01":"7dfe9f3f1b24437ab69f4f2559babe99","miscellaneous":""},"schema":{"@context":"https:\/\/schema.org","@graph":[{"@type":"BlogPosting","@id":"https:\/\/www.eldigitaldeasturias.com\/noticias\/ruben-blades-candidato-no-voy-a-confirmar-ni-desconfirmar\/#blogposting","name":"\u00bfRub\u00e9n Blades candidato? \u00abNo voy a confirmar ni desconfirmar\u00bb - El Digital de Asturias","headline":"\u00bfRub\u00e9n Blades candidato? \u00abNo voy a confirmar ni desconfirmar\u00bb","author":{"@id":"https:\/\/www.eldigitaldeasturias.com\/noticias\/author\/admin\/#author"},"publisher":{"@id":"https:\/\/www.eldigitaldeasturias.com\/noticias\/#organization"},"image":{"@type":"ImageObject","url":526867},"datePublished":"2018-05-14T23:49:07+02:00","dateModified":"2018-05-14T23:49:07+02:00","inLanguage":"es-ES","mainEntityOfPage":{"@id":"https:\/\/www.eldigitaldeasturias.com\/noticias\/ruben-blades-candidato-no-voy-a-confirmar-ni-desconfirmar\/#webpage"},"isPartOf":{"@id":"https:\/\/www.eldigitaldeasturias.com\/noticias\/ruben-blades-candidato-no-voy-a-confirmar-ni-desconfirmar\/#webpage"},"articleSection":"Actualidad"},{"@type":"BreadcrumbList","@id":"https:\/\/www.eldigitaldeasturias.com\/noticias\/ruben-blades-candidato-no-voy-a-confirmar-ni-desconfirmar\/#breadcrumblist","itemListElement":[{"@type":"ListItem","@id":"https:\/\/www.eldigitaldeasturias.com\/noticias#listItem","position":1,"name":"Home","item":"https:\/\/www.eldigitaldeasturias.com\/noticias","nextItem":{"@type":"ListItem","@id":"https:\/\/www.eldigitaldeasturias.com\/noticias\/category\/actualidad\/#listItem","name":"Actualidad"}},{"@type":"ListItem","@id":"https:\/\/www.eldigitaldeasturias.com\/noticias\/category\/actualidad\/#listItem","position":2,"name":"Actualidad","item":"https:\/\/www.eldigitaldeasturias.com\/noticias\/category\/actualidad\/","nextItem":{"@type":"ListItem","@id":"https:\/\/www.eldigitaldeasturias.com\/noticias\/ruben-blades-candidato-no-voy-a-confirmar-ni-desconfirmar\/#listItem","name":"\u00bfRub\u00e9n Blades candidato? \u00abNo voy a confirmar ni desconfirmar\u00bb"},"previousItem":{"@type":"ListItem","@id":"https:\/\/www.eldigitaldeasturias.com\/noticias#listItem","name":"Home"}},{"@type":"ListItem","@id":"https:\/\/www.eldigitaldeasturias.com\/noticias\/ruben-blades-candidato-no-voy-a-confirmar-ni-desconfirmar\/#listItem","position":3,"name":"\u00bfRub\u00e9n Blades candidato? \u00abNo voy a confirmar ni desconfirmar\u00bb","previousItem":{"@type":"ListItem","@id":"https:\/\/www.eldigitaldeasturias.com\/noticias\/category\/actualidad\/#listItem","name":"Actualidad"}}]},{"@type":"Organization","@id":"https:\/\/www.eldigitaldeasturias.com\/noticias\/#organization","name":"El Digital de Asturias","description":"Hemeroteca","url":"https:\/\/www.eldigitaldeasturias.com\/noticias\/","email":"info@eldigitaldeasturias.com","telephone":"+34652131393","logo":{"@type":"ImageObject","url":"https:\/\/www.eldigitaldeasturias.com\/noticias\/wp-content\/uploads\/2020\/12\/EDA.jpg","@id":"https:\/\/www.eldigitaldeasturias.com\/noticias\/ruben-blades-candidato-no-voy-a-confirmar-ni-desconfirmar\/#organizationLogo"},"image":{"@id":"https:\/\/www.eldigitaldeasturias.com\/noticias\/ruben-blades-candidato-no-voy-a-confirmar-ni-desconfirmar\/#organizationLogo"},"sameAs":["https:\/\/facebook.com\/eldigitaldeasturias","https:\/\/www.youtube.com\/channel\/UCZP-2wLEB9Rv6erhFmqVnvg"],"address":{"@id":"https:\/\/www.eldigitaldeasturias.com\/noticias\/#postaladdress","@type":"PostalAddress","streetAddress":"san antonio 4","postalCode":"33430","addressLocality":"Cand\u00e1s","addressRegion":"Asturias","addressCountry":"ES"}},{"@type":"Person","@id":"https:\/\/www.eldigitaldeasturias.com\/noticias\/author\/admin\/#author","url":"https:\/\/www.eldigitaldeasturias.com\/noticias\/author\/admin\/","name":"El Digital de Asturias","image":{"@type":"ImageObject","@id":"https:\/\/www.eldigitaldeasturias.com\/noticias\/ruben-blades-candidato-no-voy-a-confirmar-ni-desconfirmar\/#authorImage","url":"https:\/\/secure.gravatar.com\/avatar\/df2aeffc32bcd13f8d26072ef8a91b623d677766deac7f97ca815868cd41bf5e?s=96&d=mm&r=g","width":96,"height":96,"caption":"El Digital de Asturias"}},{"@type":"WebPage","@id":"https:\/\/www.eldigitaldeasturias.com\/noticias\/ruben-blades-candidato-no-voy-a-confirmar-ni-desconfirmar\/#webpage","url":"https:\/\/www.eldigitaldeasturias.com\/noticias\/ruben-blades-candidato-no-voy-a-confirmar-ni-desconfirmar\/","name":"\u00bfRub\u00e9n Blades candidato? \u00abNo voy a confirmar ni desconfirmar\u00bb - El Digital de Asturias","description":"Ciudad de M\u00e9xico, 14 may (dpa) - El m\u00fasico, actor y pol\u00edtico paname\u00f1o Rub\u00e9n Blades evit\u00f3 hoy en Ciudad de M\u00e9xico revelar si tiene intenciones de ser candidato presidencial en su pa\u00eds en 2019. \"No voy a confirmar ni desconfirmar nada\", dijo Blades, que en julio cumplir\u00e1 70 a\u00f1os. \"Lo que estamos haciendo ahora es","inLanguage":"es-ES","isPartOf":{"@id":"https:\/\/www.eldigitaldeasturias.com\/noticias\/#website"},"breadcrumb":{"@id":"https:\/\/www.eldigitaldeasturias.com\/noticias\/ruben-blades-candidato-no-voy-a-confirmar-ni-desconfirmar\/#breadcrumblist"},"author":{"@id":"https:\/\/www.eldigitaldeasturias.com\/noticias\/author\/admin\/#author"},"creator":{"@id":"https:\/\/www.eldigitaldeasturias.com\/noticias\/author\/admin\/#author"},"image":{"@type":"ImageObject","url":526867,"@id":"https:\/\/www.eldigitaldeasturias.com\/noticias\/ruben-blades-candidato-no-voy-a-confirmar-ni-desconfirmar\/#mainImage"},"primaryImageOfPage":{"@id":"https:\/\/www.eldigitaldeasturias.com\/noticias\/ruben-blades-candidato-no-voy-a-confirmar-ni-desconfirmar\/#mainImage"},"datePublished":"2018-05-14T23:49:07+02:00","dateModified":"2018-05-14T23:49:07+02:00"},{"@type":"WebSite","@id":"https:\/\/www.eldigitaldeasturias.com\/noticias\/#website","url":"https:\/\/www.eldigitaldeasturias.com\/noticias\/","name":"El Digital de Asturias - Diario de actualidad y noticias","alternateName":"El Digital de Asturias - Diario de actualidad y noticias","description":"Hemeroteca","inLanguage":"es-ES","publisher":{"@id":"https:\/\/www.eldigitaldeasturias.com\/noticias\/#organization"}}]},"og:locale":"es_ES","og:site_name":"El Digital de Asturias","og:type":"article","og:title":"\u00bfRub\u00e9n Blades candidato? \u00abNo voy a confirmar ni desconfirmar\u00bb - El Digital de Asturias","og:description":"Ciudad de M\u00e9xico, 14 may (dpa) - El m\u00fasico, actor y pol\u00edtico paname\u00f1o Rub\u00e9n Blades evit\u00f3 hoy en Ciudad de M\u00e9xico revelar si tiene intenciones de ser candidato presidencial en su pa\u00eds en 2019. &quot;No voy a confirmar ni desconfirmar nada&quot;, dijo Blades, que en julio cumplir\u00e1 70 a\u00f1os. &quot;Lo que estamos haciendo ahora es","og:url":"https:\/\/www.eldigitaldeasturias.com\/noticias\/ruben-blades-candidato-no-voy-a-confirmar-ni-desconfirmar\/","article:tag":["actualidad"],"article:published_time":"2018-05-14T23:49:07+00:00","article:modified_time":"2018-05-14T23:49:07+00:00","article:publisher":"https:\/\/facebook.com\/eldigitaldeasturias","twitter:card":"summary_large_image","twitter:title":"\u00bfRub\u00e9n Blades candidato? \u00abNo voy a confirmar ni desconfirmar\u00bb - El Digital de Asturias","twitter:description":"Ciudad de M\u00e9xico, 14 may (dpa) - El m\u00fasico, actor y pol\u00edtico paname\u00f1o Rub\u00e9n Blades evit\u00f3 hoy en Ciudad de M\u00e9xico revelar si tiene intenciones de ser candidato presidencial en su pa\u00eds en 2019. &quot;No voy a confirmar ni desconfirmar nada&quot;, dijo Blades, que en julio cumplir\u00e1 70 a\u00f1os. &quot;Lo que estamos haciendo ahora es","twitter:image":"https:\/\/www.eldigitaldeasturias.com\/noticias\/wp-content\/uploads\/2020\/12\/EDA-1.jpg","twitter:label1":"Escrito por","twitter:data1":"El Digital de Asturias","twitter:label2":"Tiempo de lectura estimado","twitter:data2":"1 minuto"},"aioseo_meta_data":{"post_id":"980373","title":null,"description":null,"keywords":null,"keyphrases":null,"primary_term":null,"canonical_url":null,"og_title":null,"og_description":null,"og_object_type":"default","og_image_type":"default","og_image_url":null,"og_image_width":null,"og_image_height":null,"og_image_custom_url":null,"og_image_custom_fields":null,"og_video":null,"og_custom_url":null,"og_article_section":null,"og_article_tags":null,"twitter_use_og":false,"twitter_card":"default","twitter_image_type":"default","twitter_image_url":null,"twitter_image_custom_url":null,"twitter_image_custom_fields":null,"twitter_title":null,"twitter_description":null,"schema":{"blockGraphs":[],"customGraphs":[],"default":{"data":{"Article":[],"Course":[],"Dataset":[],"FAQPage":[],"Movie":[],"Person":[],"Product":[],"ProductReview":[],"Car":[],"Recipe":[],"Service":[],"SoftwareApplication":[],"WebPage":[]},"graphName":"","isEnabled":true},"graphs":[]},"schema_type":null,"schema_type_options":null,"pillar_content":false,"robots_default":true,"robots_noindex":false,"robots_noarchive":false,"robots_nosnippet":false,"robots_nofollow":false,"robots_noimageindex":false,"robots_noodp":false,"robots_notranslate":false,"robots_max_snippet":null,"robots_max_videopreview":null,"robots_max_imagepreview":"large","priority":null,"frequency":null,"local_seo":null,"seo_analyzer_scan_date":"2025-10-08 17:41:07","breadcrumb_settings":null,"limit_modified_date":false,"open_ai":null,"ai":null,"created":"2020-12-21 11:57:38","updated":"2025-10-08 17:41:07","focus_keyword":null,"additional_keywords":null,"truseo_locale":null},"aioseo_breadcrumb":"<div class=\"aioseo-breadcrumbs\"><span class=\"aioseo-breadcrumb\">\n\t<a href=\"https:\/\/www.eldigitaldeasturias.com\/noticias\" title=\"Home\">Home<\/a>\n<\/span><span class=\"aioseo-breadcrumb-separator\">\u2013<\/span><span class=\"aioseo-breadcrumb\">\n\t<a href=\"https:\/\/www.eldigitaldeasturias.com\/noticias\/category\/actualidad\/\" title=\"Actualidad\">Actualidad<\/a>\n<\/span><span class=\"aioseo-breadcrumb-separator\">\u2013<\/span><span class=\"aioseo-breadcrumb\">\n\t<a href=\"https:\/\/www.eldigitaldeasturias.com\/noticias\/ruben-blades-candidato-no-voy-a-confirmar-ni-desconfirmar\/\" title=\"\u00bfRub\u00e9n Blades candidato? \u00abNo voy a confirmar ni desconfirmar\u00bb\">\u00bfRub\u00e9n Blades candidato? \u00abNo voy a confirmar ni desconfirmar\u00bb<\/a>\n<\/span><\/div>","aioseo_breadcrumb_json":[{"label":"Home","link":"https:\/\/www.eldigitaldeasturias.com\/noticias"},{"label":"Actualidad","link":"https:\/\/www.eldigitaldeasturias.com\/noticias\/category\/actualidad\/"},{"label":"\u00bfRub\u00e9n Blades candidato? \u00abNo voy a confirmar ni desconfirmar\u00bb","link":"https:\/\/www.eldigitaldeasturias.com\/noticias\/ruben-blades-candidato-no-voy-a-confirmar-ni-desconfirmar\/"}],"_links":{"self":[{"href":"https:\/\/www.eldigitaldeasturias.com\/noticias\/wp-json\/wp\/v2\/posts\/980373","targetHints":{"allow":["GET"]}}],"collection":[{"href":"https:\/\/www.eldigitaldeasturias.com\/noticias\/wp-json\/wp\/v2\/posts"}],"about":[{"href":"https:\/\/www.eldigitaldeasturias.com\/noticias\/wp-json\/wp\/v2\/types\/post"}],"author":[{"embeddable":true,"href":"https:\/\/www.eldigitaldeasturias.com\/noticias\/wp-json\/wp\/v2\/users\/1"}],"replies":[{"embeddable":true,"href":"https:\/\/www.eldigitaldeasturias.com\/noticias\/wp-json\/wp\/v2\/comments?post=980373"}],"version-history":[{"count":0,"href":"https:\/\/www.eldigitaldeasturias.com\/noticias\/wp-json\/wp\/v2\/posts\/980373\/revisions"}],"wp:attachment":[{"href":"https:\/\/www.eldigitaldeasturias.com\/noticias\/wp-json\/wp\/v2\/media?parent=980373"}],"wp:term":[{"taxonomy":"category","embeddable":true,"href":"https:\/\/www.eldigitaldeasturias.com\/noticias\/wp-json\/wp\/v2\/categories?post=980373"},{"taxonomy":"post_tag","embeddable":true,"href":"https:\/\/www.eldigitaldeasturias.com\/noticias\/wp-json\/wp\/v2\/tags?post=980373"}],"curies":[{"name":"wp","href":"https:\/\/api.w.org\/{rel}","templated":true}]}}