{"id":980369,"date":"2018-05-14T23:45:27","date_gmt":"2018-05-14T23:45:27","guid":{"rendered":"http:\/\/www.eldigitaldeasturias.com\/noticias\/?p=980369"},"modified":"2018-05-14T23:45:27","modified_gmt":"2018-05-14T23:45:27","slug":"abbas-no-es-una-embajada-es-un-asentamiento","status":"publish","type":"post","link":"https:\/\/www.eldigitaldeasturias.com\/noticias\/abbas-no-es-una-embajada-es-un-asentamiento\/","title":{"rendered":"Abbas: \u00abNo es una embajada, es un asentamiento\u00bb"},"content":{"rendered":"<p><img loading=\"lazy\" decoding=\"async\" class=\"alignleft size-medium wp-image-974234\" src=\"https:\/\/www.eldigitaldeasturias.com\/noticias\/wp-content\/uploads\/2018\/03\/gaza-678979_1280-360x240.jpg\" alt=\"\" width=\"360\" height=\"240\" \/>Ramala, 14 may (dpa) &#8211; El presidente palestino, Mahmud Abbas, conden\u00f3 la inauguraci\u00f3n de la embajada estadounidense en Jerusal\u00e9n y la muerte de decenas de palestinos a manos de soldados israel\u00edes en protestas en la frontera de la Franja de Gaza e Israel.<\/p>\n<p>\u00abEn el pasado ten\u00edamos asentamientos (israel\u00edes) con ayuda estadounidense y ahora tenemos un asentamiento estadounidense en Jerusal\u00e9n este\u00bb, dijo Abbas durante un encuentro en Ramala.<\/p>\n<p>\u00abEsto es un asentamiento, no es una embajada\u00bb, dijo al tiempo que convoc\u00f3 tres d\u00edas de luto y una huelga general ma\u00f1ana martes en los territorios palestinos.<\/p>\n<p>Al menos 52 palestinos murieron hoy y m\u00e1s de 2.400 resultaron heridos en protestas en la frontera de Gaza con Israel que derivaron en enfrentamientos con los soldados israel\u00edes, seg\u00fan datos del Ministerio de Sanidad del enclave costero. M\u00e1s de la mitad de los heridos recibieron impactos de bala, seg\u00fan la fuente.<\/p>\n<p>\u00abLa elevada cifra de muertes es un indicio de la crueldad con la que los israel\u00edes tratan a nuestro pueblo\u00bb, dijo Abbas en el encuentro en Ramala. La c\u00fapula palestina decidir\u00e1 hoy el procedimiento a seguir tras el traslado de la embajada estadounidense de Tel Aviv a Jerusal\u00e9n.<\/p>\n","protected":false},"excerpt":{"rendered":"<p>Ramala, 14 may (dpa) &#8211; El presidente palestino, Mahmud Abbas, conden\u00f3 la inauguraci\u00f3n de la embajada estadounidense en Jerusal\u00e9n y la muerte de decenas de palestinos a manos de soldados israel\u00edes en protestas en la frontera de la Franja de Gaza e Israel. \u00abEn el pasado ten\u00edamos asentamientos (israel\u00edes) con ayuda estadounidense y ahora tenemos [&hellip;]<\/p>\n","protected":false},"author":1,"featured_media":974234,"comment_status":"closed","ping_status":"closed","sticky":false,"template":"","format":"standard","meta":{"footnotes":""},"categories":[1],"tags":[],"class_list":["post-980369","post","type-post","status-publish","format-standard","has-post-thumbnail","hentry","category-actualidad"],"aioseo_notices":[],"aioseo_head":"\n\t\t<!-- All in One SEO Pro 5.0.1 - aioseo.com -->\n\t<meta name=\"description\" content=\"Ramala, 14 may (dpa) - El presidente palestino, Mahmud Abbas, conden\u00f3 la inauguraci\u00f3n de la embajada estadounidense en Jerusal\u00e9n y la muerte de decenas de palestinos a manos de soldados israel\u00edes en protestas en la frontera de la Franja de Gaza e Israel. &quot;En el pasado ten\u00edamos asentamientos (israel\u00edes) con ayuda estadounidense y ahora tenemos\" \/>\n\t<meta name=\"robots\" content=\"max-image-preview:large\" \/>\n\t<meta name=\"author\" content=\"El Digital de Asturias\"\/>\n\t<meta name=\"google-site-verification\" content=\"UA-38556648-1\" \/>\n\t<meta name=\"msvalidate.01\" content=\"7dfe9f3f1b24437ab69f4f2559babe99\" \/>\n\t<meta name=\"keywords\" content=\"actualidad\" \/>\n\t<link rel=\"canonical\" href=\"https:\/\/www.eldigitaldeasturias.com\/noticias\/abbas-no-es-una-embajada-es-un-asentamiento\/\" \/>\n\t<meta name=\"generator\" content=\"All in One SEO Pro (AIOSEO) 5.0.1\" \/>\n\t\t<meta property=\"og:locale\" content=\"es_ES\" \/>\n\t\t<meta property=\"og:site_name\" content=\"El Digital de Asturias\" \/>\n\t\t<meta property=\"og:type\" content=\"article\" \/>\n\t\t<meta property=\"og:title\" content=\"Abbas: \u00abNo es una embajada, es un asentamiento\u00bb - El Digital de Asturias\" \/>\n\t\t<meta property=\"og:description\" content=\"Ramala, 14 may (dpa) - El presidente palestino, Mahmud Abbas, conden\u00f3 la inauguraci\u00f3n de la embajada estadounidense en Jerusal\u00e9n y la muerte de decenas de palestinos a manos de soldados israel\u00edes en protestas en la frontera de la Franja de Gaza e Israel. &quot;En el pasado ten\u00edamos asentamientos (israel\u00edes) con ayuda estadounidense y ahora tenemos\" \/>\n\t\t<meta property=\"og:url\" content=\"https:\/\/www.eldigitaldeasturias.com\/noticias\/abbas-no-es-una-embajada-es-un-asentamiento\/\" \/>\n\t\t<meta property=\"article:tag\" content=\"actualidad\" \/>\n\t\t<meta property=\"article:published_time\" content=\"2018-05-14T23:45:27+00:00\" \/>\n\t\t<meta property=\"article:modified_time\" content=\"2018-05-14T23:45:27+00:00\" \/>\n\t\t<meta property=\"article:publisher\" content=\"https:\/\/facebook.com\/eldigitaldeasturias\" \/>\n\t\t<meta name=\"twitter:card\" content=\"summary_large_image\" \/>\n\t\t<meta name=\"twitter:title\" content=\"Abbas: \u00abNo es una embajada, es un asentamiento\u00bb - El Digital de Asturias\" \/>\n\t\t<meta name=\"twitter:description\" content=\"Ramala, 14 may (dpa) - El presidente palestino, Mahmud Abbas, conden\u00f3 la inauguraci\u00f3n de la embajada estadounidense en Jerusal\u00e9n y la muerte de decenas de palestinos a manos de soldados israel\u00edes en protestas en la frontera de la Franja de Gaza e Israel. &quot;En el pasado ten\u00edamos asentamientos (israel\u00edes) con ayuda estadounidense y ahora tenemos\" \/>\n\t\t<meta name=\"twitter:image\" content=\"https:\/\/www.eldigitaldeasturias.com\/noticias\/wp-content\/uploads\/2020\/12\/EDA-1.jpg\" \/>\n\t\t<meta name=\"twitter:label1\" content=\"Escrito por\" \/>\n\t\t<meta name=\"twitter:data1\" content=\"El Digital de Asturias\" \/>\n\t\t<meta name=\"twitter:label2\" content=\"Tiempo de lectura estimado\" \/>\n\t\t<meta name=\"twitter:data2\" content=\"1 minuto\" \/>\n\t\t<script type=\"application\/ld+json\" class=\"aioseo-schema\">\n\t\t\t{\"@context\":\"https:\\\/\\\/schema.org\",\"@graph\":[{\"@type\":\"BlogPosting\",\"@id\":\"https:\\\/\\\/www.eldigitaldeasturias.com\\\/noticias\\\/abbas-no-es-una-embajada-es-un-asentamiento\\\/#blogposting\",\"name\":\"Abbas: \\u00abNo es una embajada, es un asentamiento\\u00bb - El Digital de Asturias\",\"headline\":\"Abbas: \\u00abNo es una embajada, es un asentamiento\\u00bb\",\"author\":{\"@id\":\"https:\\\/\\\/www.eldigitaldeasturias.com\\\/noticias\\\/author\\\/admin\\\/#author\"},\"publisher\":{\"@id\":\"https:\\\/\\\/www.eldigitaldeasturias.com\\\/noticias\\\/#organization\"},\"image\":{\"@type\":\"ImageObject\",\"url\":974234},\"datePublished\":\"2018-05-14T23:45:27+02:00\",\"dateModified\":\"2018-05-14T23:45:27+02:00\",\"inLanguage\":\"es-ES\",\"mainEntityOfPage\":{\"@id\":\"https:\\\/\\\/www.eldigitaldeasturias.com\\\/noticias\\\/abbas-no-es-una-embajada-es-un-asentamiento\\\/#webpage\"},\"isPartOf\":{\"@id\":\"https:\\\/\\\/www.eldigitaldeasturias.com\\\/noticias\\\/abbas-no-es-una-embajada-es-un-asentamiento\\\/#webpage\"},\"articleSection\":\"Actualidad\"},{\"@type\":\"BreadcrumbList\",\"@id\":\"https:\\\/\\\/www.eldigitaldeasturias.com\\\/noticias\\\/abbas-no-es-una-embajada-es-un-asentamiento\\\/#breadcrumblist\",\"itemListElement\":[{\"@type\":\"ListItem\",\"@id\":\"https:\\\/\\\/www.eldigitaldeasturias.com\\\/noticias#listItem\",\"position\":1,\"name\":\"Home\",\"item\":\"https:\\\/\\\/www.eldigitaldeasturias.com\\\/noticias\",\"nextItem\":{\"@type\":\"ListItem\",\"@id\":\"https:\\\/\\\/www.eldigitaldeasturias.com\\\/noticias\\\/category\\\/actualidad\\\/#listItem\",\"name\":\"Actualidad\"}},{\"@type\":\"ListItem\",\"@id\":\"https:\\\/\\\/www.eldigitaldeasturias.com\\\/noticias\\\/category\\\/actualidad\\\/#listItem\",\"position\":2,\"name\":\"Actualidad\",\"item\":\"https:\\\/\\\/www.eldigitaldeasturias.com\\\/noticias\\\/category\\\/actualidad\\\/\",\"nextItem\":{\"@type\":\"ListItem\",\"@id\":\"https:\\\/\\\/www.eldigitaldeasturias.com\\\/noticias\\\/abbas-no-es-una-embajada-es-un-asentamiento\\\/#listItem\",\"name\":\"Abbas: \\u00abNo es una embajada, es un asentamiento\\u00bb\"},\"previousItem\":{\"@type\":\"ListItem\",\"@id\":\"https:\\\/\\\/www.eldigitaldeasturias.com\\\/noticias#listItem\",\"name\":\"Home\"}},{\"@type\":\"ListItem\",\"@id\":\"https:\\\/\\\/www.eldigitaldeasturias.com\\\/noticias\\\/abbas-no-es-una-embajada-es-un-asentamiento\\\/#listItem\",\"position\":3,\"name\":\"Abbas: \\u00abNo es una embajada, es un asentamiento\\u00bb\",\"previousItem\":{\"@type\":\"ListItem\",\"@id\":\"https:\\\/\\\/www.eldigitaldeasturias.com\\\/noticias\\\/category\\\/actualidad\\\/#listItem\",\"name\":\"Actualidad\"}}]},{\"@type\":\"Organization\",\"@id\":\"https:\\\/\\\/www.eldigitaldeasturias.com\\\/noticias\\\/#organization\",\"name\":\"El Digital de Asturias\",\"description\":\"Hemeroteca\",\"url\":\"https:\\\/\\\/www.eldigitaldeasturias.com\\\/noticias\\\/\",\"email\":\"info@eldigitaldeasturias.com\",\"telephone\":\"+34652131393\",\"logo\":{\"@type\":\"ImageObject\",\"url\":\"https:\\\/\\\/www.eldigitaldeasturias.com\\\/noticias\\\/wp-content\\\/uploads\\\/2020\\\/12\\\/EDA.jpg\",\"@id\":\"https:\\\/\\\/www.eldigitaldeasturias.com\\\/noticias\\\/abbas-no-es-una-embajada-es-un-asentamiento\\\/#organizationLogo\"},\"image\":{\"@id\":\"https:\\\/\\\/www.eldigitaldeasturias.com\\\/noticias\\\/abbas-no-es-una-embajada-es-un-asentamiento\\\/#organizationLogo\"},\"sameAs\":[\"https:\\\/\\\/facebook.com\\\/eldigitaldeasturias\",\"https:\\\/\\\/www.youtube.com\\\/channel\\\/UCZP-2wLEB9Rv6erhFmqVnvg\"],\"address\":{\"@id\":\"https:\\\/\\\/www.eldigitaldeasturias.com\\\/noticias\\\/#postaladdress\",\"@type\":\"PostalAddress\",\"streetAddress\":\"san antonio 4\",\"postalCode\":\"33430\",\"addressLocality\":\"Cand\\u00e1s\",\"addressRegion\":\"Asturias\",\"addressCountry\":\"ES\"}},{\"@type\":\"Person\",\"@id\":\"https:\\\/\\\/www.eldigitaldeasturias.com\\\/noticias\\\/author\\\/admin\\\/#author\",\"url\":\"https:\\\/\\\/www.eldigitaldeasturias.com\\\/noticias\\\/author\\\/admin\\\/\",\"name\":\"El Digital de Asturias\",\"image\":{\"@type\":\"ImageObject\",\"@id\":\"https:\\\/\\\/www.eldigitaldeasturias.com\\\/noticias\\\/abbas-no-es-una-embajada-es-un-asentamiento\\\/#authorImage\",\"url\":\"https:\\\/\\\/secure.gravatar.com\\\/avatar\\\/df2aeffc32bcd13f8d26072ef8a91b623d677766deac7f97ca815868cd41bf5e?s=96&d=mm&r=g\",\"width\":96,\"height\":96,\"caption\":\"El Digital de Asturias\"}},{\"@type\":\"WebPage\",\"@id\":\"https:\\\/\\\/www.eldigitaldeasturias.com\\\/noticias\\\/abbas-no-es-una-embajada-es-un-asentamiento\\\/#webpage\",\"url\":\"https:\\\/\\\/www.eldigitaldeasturias.com\\\/noticias\\\/abbas-no-es-una-embajada-es-un-asentamiento\\\/\",\"name\":\"Abbas: \\u00abNo es una embajada, es un asentamiento\\u00bb - El Digital de Asturias\",\"description\":\"Ramala, 14 may (dpa) - El presidente palestino, Mahmud Abbas, conden\\u00f3 la inauguraci\\u00f3n de la embajada estadounidense en Jerusal\\u00e9n y la muerte de decenas de palestinos a manos de soldados israel\\u00edes en protestas en la frontera de la Franja de Gaza e Israel. \\\"En el pasado ten\\u00edamos asentamientos (israel\\u00edes) con ayuda estadounidense y ahora tenemos\",\"inLanguage\":\"es-ES\",\"isPartOf\":{\"@id\":\"https:\\\/\\\/www.eldigitaldeasturias.com\\\/noticias\\\/#website\"},\"breadcrumb\":{\"@id\":\"https:\\\/\\\/www.eldigitaldeasturias.com\\\/noticias\\\/abbas-no-es-una-embajada-es-un-asentamiento\\\/#breadcrumblist\"},\"author\":{\"@id\":\"https:\\\/\\\/www.eldigitaldeasturias.com\\\/noticias\\\/author\\\/admin\\\/#author\"},\"creator\":{\"@id\":\"https:\\\/\\\/www.eldigitaldeasturias.com\\\/noticias\\\/author\\\/admin\\\/#author\"},\"image\":{\"@type\":\"ImageObject\",\"url\":974234,\"@id\":\"https:\\\/\\\/www.eldigitaldeasturias.com\\\/noticias\\\/abbas-no-es-una-embajada-es-un-asentamiento\\\/#mainImage\"},\"primaryImageOfPage\":{\"@id\":\"https:\\\/\\\/www.eldigitaldeasturias.com\\\/noticias\\\/abbas-no-es-una-embajada-es-un-asentamiento\\\/#mainImage\"},\"datePublished\":\"2018-05-14T23:45:27+02:00\",\"dateModified\":\"2018-05-14T23:45:27+02:00\"},{\"@type\":\"WebSite\",\"@id\":\"https:\\\/\\\/www.eldigitaldeasturias.com\\\/noticias\\\/#website\",\"url\":\"https:\\\/\\\/www.eldigitaldeasturias.com\\\/noticias\\\/\",\"name\":\"El Digital de Asturias - Diario de actualidad y noticias\",\"alternateName\":\"El Digital de Asturias - Diario de actualidad y noticias\",\"description\":\"Hemeroteca\",\"inLanguage\":\"es-ES\",\"publisher\":{\"@id\":\"https:\\\/\\\/www.eldigitaldeasturias.com\\\/noticias\\\/#organization\"}}]}\n\t\t<\/script>\n\t\t<!-- All in One SEO Pro -->\r\n\t\t<title>Abbas: \u00abNo es una embajada, es un asentamiento\u00bb - El Digital de Asturias<\/title>\n\n","aioseo_head_json":{"title":"Abbas: \u00abNo es una embajada, es un asentamiento\u00bb - El Digital de Asturias","description":"Ramala, 14 may (dpa) - El presidente palestino, Mahmud Abbas, conden\u00f3 la inauguraci\u00f3n de la embajada estadounidense en Jerusal\u00e9n y la muerte de decenas de palestinos a manos de soldados israel\u00edes en protestas en la frontera de la Franja de Gaza e Israel. \"En el pasado ten\u00edamos asentamientos (israel\u00edes) con ayuda estadounidense y ahora tenemos","canonical_url":"https:\/\/www.eldigitaldeasturias.com\/noticias\/abbas-no-es-una-embajada-es-un-asentamiento\/","robots":"max-image-preview:large","keywords":"actualidad","webmasterTools":{"google-site-verification":"UA-38556648-1","msvalidate.01":"7dfe9f3f1b24437ab69f4f2559babe99","miscellaneous":""},"schema":{"@context":"https:\/\/schema.org","@graph":[{"@type":"BlogPosting","@id":"https:\/\/www.eldigitaldeasturias.com\/noticias\/abbas-no-es-una-embajada-es-un-asentamiento\/#blogposting","name":"Abbas: \u00abNo es una embajada, es un asentamiento\u00bb - El Digital de Asturias","headline":"Abbas: \u00abNo es una embajada, es un asentamiento\u00bb","author":{"@id":"https:\/\/www.eldigitaldeasturias.com\/noticias\/author\/admin\/#author"},"publisher":{"@id":"https:\/\/www.eldigitaldeasturias.com\/noticias\/#organization"},"image":{"@type":"ImageObject","url":974234},"datePublished":"2018-05-14T23:45:27+02:00","dateModified":"2018-05-14T23:45:27+02:00","inLanguage":"es-ES","mainEntityOfPage":{"@id":"https:\/\/www.eldigitaldeasturias.com\/noticias\/abbas-no-es-una-embajada-es-un-asentamiento\/#webpage"},"isPartOf":{"@id":"https:\/\/www.eldigitaldeasturias.com\/noticias\/abbas-no-es-una-embajada-es-un-asentamiento\/#webpage"},"articleSection":"Actualidad"},{"@type":"BreadcrumbList","@id":"https:\/\/www.eldigitaldeasturias.com\/noticias\/abbas-no-es-una-embajada-es-un-asentamiento\/#breadcrumblist","itemListElement":[{"@type":"ListItem","@id":"https:\/\/www.eldigitaldeasturias.com\/noticias#listItem","position":1,"name":"Home","item":"https:\/\/www.eldigitaldeasturias.com\/noticias","nextItem":{"@type":"ListItem","@id":"https:\/\/www.eldigitaldeasturias.com\/noticias\/category\/actualidad\/#listItem","name":"Actualidad"}},{"@type":"ListItem","@id":"https:\/\/www.eldigitaldeasturias.com\/noticias\/category\/actualidad\/#listItem","position":2,"name":"Actualidad","item":"https:\/\/www.eldigitaldeasturias.com\/noticias\/category\/actualidad\/","nextItem":{"@type":"ListItem","@id":"https:\/\/www.eldigitaldeasturias.com\/noticias\/abbas-no-es-una-embajada-es-un-asentamiento\/#listItem","name":"Abbas: \u00abNo es una embajada, es un asentamiento\u00bb"},"previousItem":{"@type":"ListItem","@id":"https:\/\/www.eldigitaldeasturias.com\/noticias#listItem","name":"Home"}},{"@type":"ListItem","@id":"https:\/\/www.eldigitaldeasturias.com\/noticias\/abbas-no-es-una-embajada-es-un-asentamiento\/#listItem","position":3,"name":"Abbas: \u00abNo es una embajada, es un asentamiento\u00bb","previousItem":{"@type":"ListItem","@id":"https:\/\/www.eldigitaldeasturias.com\/noticias\/category\/actualidad\/#listItem","name":"Actualidad"}}]},{"@type":"Organization","@id":"https:\/\/www.eldigitaldeasturias.com\/noticias\/#organization","name":"El Digital de Asturias","description":"Hemeroteca","url":"https:\/\/www.eldigitaldeasturias.com\/noticias\/","email":"info@eldigitaldeasturias.com","telephone":"+34652131393","logo":{"@type":"ImageObject","url":"https:\/\/www.eldigitaldeasturias.com\/noticias\/wp-content\/uploads\/2020\/12\/EDA.jpg","@id":"https:\/\/www.eldigitaldeasturias.com\/noticias\/abbas-no-es-una-embajada-es-un-asentamiento\/#organizationLogo"},"image":{"@id":"https:\/\/www.eldigitaldeasturias.com\/noticias\/abbas-no-es-una-embajada-es-un-asentamiento\/#organizationLogo"},"sameAs":["https:\/\/facebook.com\/eldigitaldeasturias","https:\/\/www.youtube.com\/channel\/UCZP-2wLEB9Rv6erhFmqVnvg"],"address":{"@id":"https:\/\/www.eldigitaldeasturias.com\/noticias\/#postaladdress","@type":"PostalAddress","streetAddress":"san antonio 4","postalCode":"33430","addressLocality":"Cand\u00e1s","addressRegion":"Asturias","addressCountry":"ES"}},{"@type":"Person","@id":"https:\/\/www.eldigitaldeasturias.com\/noticias\/author\/admin\/#author","url":"https:\/\/www.eldigitaldeasturias.com\/noticias\/author\/admin\/","name":"El Digital de Asturias","image":{"@type":"ImageObject","@id":"https:\/\/www.eldigitaldeasturias.com\/noticias\/abbas-no-es-una-embajada-es-un-asentamiento\/#authorImage","url":"https:\/\/secure.gravatar.com\/avatar\/df2aeffc32bcd13f8d26072ef8a91b623d677766deac7f97ca815868cd41bf5e?s=96&d=mm&r=g","width":96,"height":96,"caption":"El Digital de Asturias"}},{"@type":"WebPage","@id":"https:\/\/www.eldigitaldeasturias.com\/noticias\/abbas-no-es-una-embajada-es-un-asentamiento\/#webpage","url":"https:\/\/www.eldigitaldeasturias.com\/noticias\/abbas-no-es-una-embajada-es-un-asentamiento\/","name":"Abbas: \u00abNo es una embajada, es un asentamiento\u00bb - El Digital de Asturias","description":"Ramala, 14 may (dpa) - El presidente palestino, Mahmud Abbas, conden\u00f3 la inauguraci\u00f3n de la embajada estadounidense en Jerusal\u00e9n y la muerte de decenas de palestinos a manos de soldados israel\u00edes en protestas en la frontera de la Franja de Gaza e Israel. \"En el pasado ten\u00edamos asentamientos (israel\u00edes) con ayuda estadounidense y ahora tenemos","inLanguage":"es-ES","isPartOf":{"@id":"https:\/\/www.eldigitaldeasturias.com\/noticias\/#website"},"breadcrumb":{"@id":"https:\/\/www.eldigitaldeasturias.com\/noticias\/abbas-no-es-una-embajada-es-un-asentamiento\/#breadcrumblist"},"author":{"@id":"https:\/\/www.eldigitaldeasturias.com\/noticias\/author\/admin\/#author"},"creator":{"@id":"https:\/\/www.eldigitaldeasturias.com\/noticias\/author\/admin\/#author"},"image":{"@type":"ImageObject","url":974234,"@id":"https:\/\/www.eldigitaldeasturias.com\/noticias\/abbas-no-es-una-embajada-es-un-asentamiento\/#mainImage"},"primaryImageOfPage":{"@id":"https:\/\/www.eldigitaldeasturias.com\/noticias\/abbas-no-es-una-embajada-es-un-asentamiento\/#mainImage"},"datePublished":"2018-05-14T23:45:27+02:00","dateModified":"2018-05-14T23:45:27+02:00"},{"@type":"WebSite","@id":"https:\/\/www.eldigitaldeasturias.com\/noticias\/#website","url":"https:\/\/www.eldigitaldeasturias.com\/noticias\/","name":"El Digital de Asturias - Diario de actualidad y noticias","alternateName":"El Digital de Asturias - Diario de actualidad y noticias","description":"Hemeroteca","inLanguage":"es-ES","publisher":{"@id":"https:\/\/www.eldigitaldeasturias.com\/noticias\/#organization"}}]},"og:locale":"es_ES","og:site_name":"El Digital de Asturias","og:type":"article","og:title":"Abbas: \u00abNo es una embajada, es un asentamiento\u00bb - El Digital de Asturias","og:description":"Ramala, 14 may (dpa) - El presidente palestino, Mahmud Abbas, conden\u00f3 la inauguraci\u00f3n de la embajada estadounidense en Jerusal\u00e9n y la muerte de decenas de palestinos a manos de soldados israel\u00edes en protestas en la frontera de la Franja de Gaza e Israel. &quot;En el pasado ten\u00edamos asentamientos (israel\u00edes) con ayuda estadounidense y ahora tenemos","og:url":"https:\/\/www.eldigitaldeasturias.com\/noticias\/abbas-no-es-una-embajada-es-un-asentamiento\/","article:tag":["actualidad"],"article:published_time":"2018-05-14T23:45:27+00:00","article:modified_time":"2018-05-14T23:45:27+00:00","article:publisher":"https:\/\/facebook.com\/eldigitaldeasturias","twitter:card":"summary_large_image","twitter:title":"Abbas: \u00abNo es una embajada, es un asentamiento\u00bb - El Digital de Asturias","twitter:description":"Ramala, 14 may (dpa) - El presidente palestino, Mahmud Abbas, conden\u00f3 la inauguraci\u00f3n de la embajada estadounidense en Jerusal\u00e9n y la muerte de decenas de palestinos a manos de soldados israel\u00edes en protestas en la frontera de la Franja de Gaza e Israel. &quot;En el pasado ten\u00edamos asentamientos (israel\u00edes) con ayuda estadounidense y ahora tenemos","twitter:image":"https:\/\/www.eldigitaldeasturias.com\/noticias\/wp-content\/uploads\/2020\/12\/EDA-1.jpg","twitter:label1":"Escrito por","twitter:data1":"El Digital de Asturias","twitter:label2":"Tiempo de lectura estimado","twitter:data2":"1 minuto"},"aioseo_meta_data":{"post_id":"980369","title":null,"description":null,"keywords":null,"keyphrases":null,"primary_term":null,"canonical_url":null,"og_title":null,"og_description":null,"og_object_type":"default","og_image_type":"default","og_image_url":null,"og_image_width":null,"og_image_height":null,"og_image_custom_url":null,"og_image_custom_fields":null,"og_video":null,"og_custom_url":null,"og_article_section":null,"og_article_tags":null,"twitter_use_og":false,"twitter_card":"default","twitter_image_type":"default","twitter_image_url":null,"twitter_image_custom_url":null,"twitter_image_custom_fields":null,"twitter_title":null,"twitter_description":null,"schema":{"blockGraphs":[],"customGraphs":[],"default":{"data":{"Article":[],"Course":[],"Dataset":[],"FAQPage":[],"Movie":[],"Person":[],"Product":[],"ProductReview":[],"Car":[],"Recipe":[],"Service":[],"SoftwareApplication":[],"WebPage":[]},"graphName":"","isEnabled":true},"graphs":[],"defaultGraph":"","defaultPostTypeGraph":""},"schema_type":null,"schema_type_options":null,"pillar_content":false,"robots_default":true,"robots_noindex":false,"robots_noarchive":false,"robots_nosnippet":false,"robots_nofollow":false,"robots_noimageindex":false,"robots_noodp":false,"robots_notranslate":false,"robots_max_snippet":null,"robots_max_videopreview":null,"robots_max_imagepreview":"large","priority":null,"frequency":null,"local_seo":null,"seo_analyzer_scan_date":"2025-10-08 17:41:05","breadcrumb_settings":null,"limit_modified_date":false,"open_ai":null,"ai":null,"created":"2020-12-21 11:57:38","updated":"2025-10-08 17:41:05","focus_keyword":null,"additional_keywords":null,"truseo_locale":null},"aioseo_breadcrumb":"<div class=\"aioseo-breadcrumbs\"><span class=\"aioseo-breadcrumb\">\n\t<a href=\"https:\/\/www.eldigitaldeasturias.com\/noticias\" title=\"Home\">Home<\/a>\n<\/span><span class=\"aioseo-breadcrumb-separator\">\u2013<\/span><span class=\"aioseo-breadcrumb\">\n\t<a href=\"https:\/\/www.eldigitaldeasturias.com\/noticias\/category\/actualidad\/\" title=\"Actualidad\">Actualidad<\/a>\n<\/span><span class=\"aioseo-breadcrumb-separator\">\u2013<\/span><span class=\"aioseo-breadcrumb\">\n\t<a href=\"https:\/\/www.eldigitaldeasturias.com\/noticias\/abbas-no-es-una-embajada-es-un-asentamiento\/\" title=\"Abbas: \u00abNo es una embajada, es un asentamiento\u00bb\">Abbas: \u00abNo es una embajada, es un asentamiento\u00bb<\/a>\n<\/span><\/div>","aioseo_breadcrumb_json":[{"label":"Home","link":"https:\/\/www.eldigitaldeasturias.com\/noticias"},{"label":"Actualidad","link":"https:\/\/www.eldigitaldeasturias.com\/noticias\/category\/actualidad\/"},{"label":"Abbas: \u00abNo es una embajada, es un asentamiento\u00bb","link":"https:\/\/www.eldigitaldeasturias.com\/noticias\/abbas-no-es-una-embajada-es-un-asentamiento\/"}],"_links":{"self":[{"href":"https:\/\/www.eldigitaldeasturias.com\/noticias\/wp-json\/wp\/v2\/posts\/980369","targetHints":{"allow":["GET"]}}],"collection":[{"href":"https:\/\/www.eldigitaldeasturias.com\/noticias\/wp-json\/wp\/v2\/posts"}],"about":[{"href":"https:\/\/www.eldigitaldeasturias.com\/noticias\/wp-json\/wp\/v2\/types\/post"}],"author":[{"embeddable":true,"href":"https:\/\/www.eldigitaldeasturias.com\/noticias\/wp-json\/wp\/v2\/users\/1"}],"replies":[{"embeddable":true,"href":"https:\/\/www.eldigitaldeasturias.com\/noticias\/wp-json\/wp\/v2\/comments?post=980369"}],"version-history":[{"count":0,"href":"https:\/\/www.eldigitaldeasturias.com\/noticias\/wp-json\/wp\/v2\/posts\/980369\/revisions"}],"wp:attachment":[{"href":"https:\/\/www.eldigitaldeasturias.com\/noticias\/wp-json\/wp\/v2\/media?parent=980369"}],"wp:term":[{"taxonomy":"category","embeddable":true,"href":"https:\/\/www.eldigitaldeasturias.com\/noticias\/wp-json\/wp\/v2\/categories?post=980369"},{"taxonomy":"post_tag","embeddable":true,"href":"https:\/\/www.eldigitaldeasturias.com\/noticias\/wp-json\/wp\/v2\/tags?post=980369"}],"curies":[{"name":"wp","href":"https:\/\/api.w.org\/{rel}","templated":true}]}}