{"id":980367,"date":"2018-05-14T23:44:06","date_gmt":"2018-05-14T23:44:06","guid":{"rendered":"http:\/\/www.eldigitaldeasturias.com\/noticias\/?p=980367"},"modified":"2018-05-14T23:44:06","modified_gmt":"2018-05-14T23:44:06","slug":"la-casa-blanca-dice-que-hamas-es-la-responsable-de-los-muertos-en-gaza","status":"publish","type":"post","link":"https:\/\/www.eldigitaldeasturias.com\/noticias\/la-casa-blanca-dice-que-hamas-es-la-responsable-de-los-muertos-en-gaza\/","title":{"rendered":"La Casa Blanca dice que Hamas es la responsable de los muertos en Gaza"},"content":{"rendered":"<p><img loading=\"lazy\" decoding=\"async\" class=\"alignleft size-medium wp-image-971860\" src=\"https:\/\/www.eldigitaldeasturias.com\/noticias\/wp-content\/uploads\/2018\/03\/administration-1846270_1280-360x270.jpg\" alt=\"\" width=\"360\" height=\"270\" \/>Washington, 14 may (dpa) &#8211; La responsabilidad por las muertes durante las protestas en la Franja de Gaza este lunes recae \u00abdirectamente sobre Hamas\u00bb, seg\u00fan dijo hoy el viceportavoz de la Casa Blanca, Raj Shah.<\/p>\n<p>El portavoz suplente sostuvo que Hamas provoc\u00f3 \u00abintencional y c\u00ednicamente\u00bb la reacci\u00f3n a la inauguraci\u00f3n de la nueva embajada de Estados Unidos en Jerusal\u00e9n.<\/p>\n<p>\u00abNo deber\u00edamos perder de vista el hecho de que Hamas es quien, francamente, carga con la responsabilidad de toda esta situaci\u00f3n ahora mismo\u00bb, sostuvo Shah.<\/p>\n<p>El Ej\u00e9rcito israel\u00ed dijo que el grupo isl\u00e1mico est\u00e1 utilizando la m\u00e1scara de las protestas para romper la cerca fronteriza israel\u00ed. Cincuenta y dos palestinos murieron y m\u00e1s de mil resultaron heridos tras recibir disparos de fuerzas israel\u00edes en las protestas, seg\u00fan el Ministerio de Salud de Gaza.<\/p>\n<p>Shah tambi\u00e9n dijo que la inauguraci\u00f3n de la nueva embajada -el cumplimiento de una promesa de campa\u00f1a del presidente Donald Trump- no afectar\u00e1 a los esfuerzos de la administraci\u00f3n por avanzar en las negociaciones de paz entre Israel y los territorios palestinos.<\/p>\n<p>Un plan de paz ser\u00e1 propuesto \u00aben el momento apropiado cuando pueda ser evaluado por sus m\u00e9ritos\u00bb, dijo.<\/p>\n","protected":false},"excerpt":{"rendered":"<p>Washington, 14 may (dpa) &#8211; La responsabilidad por las muertes durante las protestas en la Franja de Gaza este lunes recae \u00abdirectamente sobre Hamas\u00bb, seg\u00fan dijo hoy el viceportavoz de la Casa Blanca, Raj Shah. El portavoz suplente sostuvo que Hamas provoc\u00f3 \u00abintencional y c\u00ednicamente\u00bb la reacci\u00f3n a la inauguraci\u00f3n de la nueva embajada de [&hellip;]<\/p>\n","protected":false},"author":1,"featured_media":971860,"comment_status":"closed","ping_status":"closed","sticky":false,"template":"","format":"standard","meta":{"footnotes":""},"categories":[1],"tags":[],"class_list":["post-980367","post","type-post","status-publish","format-standard","has-post-thumbnail","hentry","category-actualidad"],"aioseo_notices":[],"aioseo_head":"\n\t\t<!-- All in One SEO Pro 5.0.1 - aioseo.com -->\n\t<meta name=\"description\" content=\"Washington, 14 may (dpa) - La responsabilidad por las muertes durante las protestas en la Franja de Gaza este lunes recae &quot;directamente sobre Hamas&quot;, seg\u00fan dijo hoy el viceportavoz de la Casa Blanca, Raj Shah. El portavoz suplente sostuvo que Hamas provoc\u00f3 &quot;intencional y c\u00ednicamente&quot; la reacci\u00f3n a la inauguraci\u00f3n de la nueva embajada de\" \/>\n\t<meta name=\"robots\" content=\"max-image-preview:large\" \/>\n\t<meta name=\"author\" content=\"El Digital de Asturias\"\/>\n\t<meta name=\"google-site-verification\" content=\"UA-38556648-1\" \/>\n\t<meta name=\"msvalidate.01\" content=\"7dfe9f3f1b24437ab69f4f2559babe99\" \/>\n\t<meta name=\"keywords\" content=\"actualidad\" \/>\n\t<link rel=\"canonical\" href=\"https:\/\/www.eldigitaldeasturias.com\/noticias\/la-casa-blanca-dice-que-hamas-es-la-responsable-de-los-muertos-en-gaza\/\" \/>\n\t<meta name=\"generator\" content=\"All in One SEO Pro (AIOSEO) 5.0.1\" \/>\n\t\t<meta property=\"og:locale\" content=\"es_ES\" \/>\n\t\t<meta property=\"og:site_name\" content=\"El Digital de Asturias\" \/>\n\t\t<meta property=\"og:type\" content=\"article\" \/>\n\t\t<meta property=\"og:title\" content=\"La Casa Blanca dice que Hamas es la responsable de los muertos en Gaza - El Digital de Asturias\" \/>\n\t\t<meta property=\"og:description\" content=\"Washington, 14 may (dpa) - La responsabilidad por las muertes durante las protestas en la Franja de Gaza este lunes recae &quot;directamente sobre Hamas&quot;, seg\u00fan dijo hoy el viceportavoz de la Casa Blanca, Raj Shah. El portavoz suplente sostuvo que Hamas provoc\u00f3 &quot;intencional y c\u00ednicamente&quot; la reacci\u00f3n a la inauguraci\u00f3n de la nueva embajada de\" \/>\n\t\t<meta property=\"og:url\" content=\"https:\/\/www.eldigitaldeasturias.com\/noticias\/la-casa-blanca-dice-que-hamas-es-la-responsable-de-los-muertos-en-gaza\/\" \/>\n\t\t<meta property=\"article:tag\" content=\"actualidad\" \/>\n\t\t<meta property=\"article:published_time\" content=\"2018-05-14T23:44:06+00:00\" \/>\n\t\t<meta property=\"article:modified_time\" content=\"2018-05-14T23:44:06+00:00\" \/>\n\t\t<meta property=\"article:publisher\" content=\"https:\/\/facebook.com\/eldigitaldeasturias\" \/>\n\t\t<meta name=\"twitter:card\" content=\"summary_large_image\" \/>\n\t\t<meta name=\"twitter:title\" content=\"La Casa Blanca dice que Hamas es la responsable de los muertos en Gaza - El Digital de Asturias\" \/>\n\t\t<meta name=\"twitter:description\" content=\"Washington, 14 may (dpa) - La responsabilidad por las muertes durante las protestas en la Franja de Gaza este lunes recae &quot;directamente sobre Hamas&quot;, seg\u00fan dijo hoy el viceportavoz de la Casa Blanca, Raj Shah. El portavoz suplente sostuvo que Hamas provoc\u00f3 &quot;intencional y c\u00ednicamente&quot; la reacci\u00f3n a la inauguraci\u00f3n de la nueva embajada de\" \/>\n\t\t<meta name=\"twitter:image\" content=\"https:\/\/www.eldigitaldeasturias.com\/noticias\/wp-content\/uploads\/2020\/12\/EDA-1.jpg\" \/>\n\t\t<meta name=\"twitter:label1\" content=\"Escrito por\" \/>\n\t\t<meta name=\"twitter:data1\" content=\"El Digital de Asturias\" \/>\n\t\t<meta name=\"twitter:label2\" content=\"Tiempo de lectura estimado\" \/>\n\t\t<meta name=\"twitter:data2\" content=\"1 minuto\" \/>\n\t\t<script type=\"application\/ld+json\" class=\"aioseo-schema\">\n\t\t\t{\"@context\":\"https:\\\/\\\/schema.org\",\"@graph\":[{\"@type\":\"BlogPosting\",\"@id\":\"https:\\\/\\\/www.eldigitaldeasturias.com\\\/noticias\\\/la-casa-blanca-dice-que-hamas-es-la-responsable-de-los-muertos-en-gaza\\\/#blogposting\",\"name\":\"La Casa Blanca dice que Hamas es la responsable de los muertos en Gaza - El Digital de Asturias\",\"headline\":\"La Casa Blanca dice que Hamas es la responsable de los muertos en Gaza\",\"author\":{\"@id\":\"https:\\\/\\\/www.eldigitaldeasturias.com\\\/noticias\\\/author\\\/admin\\\/#author\"},\"publisher\":{\"@id\":\"https:\\\/\\\/www.eldigitaldeasturias.com\\\/noticias\\\/#organization\"},\"image\":{\"@type\":\"ImageObject\",\"url\":971860},\"datePublished\":\"2018-05-14T23:44:06+02:00\",\"dateModified\":\"2018-05-14T23:44:06+02:00\",\"inLanguage\":\"es-ES\",\"mainEntityOfPage\":{\"@id\":\"https:\\\/\\\/www.eldigitaldeasturias.com\\\/noticias\\\/la-casa-blanca-dice-que-hamas-es-la-responsable-de-los-muertos-en-gaza\\\/#webpage\"},\"isPartOf\":{\"@id\":\"https:\\\/\\\/www.eldigitaldeasturias.com\\\/noticias\\\/la-casa-blanca-dice-que-hamas-es-la-responsable-de-los-muertos-en-gaza\\\/#webpage\"},\"articleSection\":\"Actualidad\"},{\"@type\":\"BreadcrumbList\",\"@id\":\"https:\\\/\\\/www.eldigitaldeasturias.com\\\/noticias\\\/la-casa-blanca-dice-que-hamas-es-la-responsable-de-los-muertos-en-gaza\\\/#breadcrumblist\",\"itemListElement\":[{\"@type\":\"ListItem\",\"@id\":\"https:\\\/\\\/www.eldigitaldeasturias.com\\\/noticias#listItem\",\"position\":1,\"name\":\"Home\",\"item\":\"https:\\\/\\\/www.eldigitaldeasturias.com\\\/noticias\",\"nextItem\":{\"@type\":\"ListItem\",\"@id\":\"https:\\\/\\\/www.eldigitaldeasturias.com\\\/noticias\\\/category\\\/actualidad\\\/#listItem\",\"name\":\"Actualidad\"}},{\"@type\":\"ListItem\",\"@id\":\"https:\\\/\\\/www.eldigitaldeasturias.com\\\/noticias\\\/category\\\/actualidad\\\/#listItem\",\"position\":2,\"name\":\"Actualidad\",\"item\":\"https:\\\/\\\/www.eldigitaldeasturias.com\\\/noticias\\\/category\\\/actualidad\\\/\",\"nextItem\":{\"@type\":\"ListItem\",\"@id\":\"https:\\\/\\\/www.eldigitaldeasturias.com\\\/noticias\\\/la-casa-blanca-dice-que-hamas-es-la-responsable-de-los-muertos-en-gaza\\\/#listItem\",\"name\":\"La Casa Blanca dice que Hamas es la responsable de los muertos en Gaza\"},\"previousItem\":{\"@type\":\"ListItem\",\"@id\":\"https:\\\/\\\/www.eldigitaldeasturias.com\\\/noticias#listItem\",\"name\":\"Home\"}},{\"@type\":\"ListItem\",\"@id\":\"https:\\\/\\\/www.eldigitaldeasturias.com\\\/noticias\\\/la-casa-blanca-dice-que-hamas-es-la-responsable-de-los-muertos-en-gaza\\\/#listItem\",\"position\":3,\"name\":\"La Casa Blanca dice que Hamas es la responsable de los muertos en Gaza\",\"previousItem\":{\"@type\":\"ListItem\",\"@id\":\"https:\\\/\\\/www.eldigitaldeasturias.com\\\/noticias\\\/category\\\/actualidad\\\/#listItem\",\"name\":\"Actualidad\"}}]},{\"@type\":\"Organization\",\"@id\":\"https:\\\/\\\/www.eldigitaldeasturias.com\\\/noticias\\\/#organization\",\"name\":\"El Digital de Asturias\",\"description\":\"Hemeroteca\",\"url\":\"https:\\\/\\\/www.eldigitaldeasturias.com\\\/noticias\\\/\",\"email\":\"info@eldigitaldeasturias.com\",\"telephone\":\"+34652131393\",\"logo\":{\"@type\":\"ImageObject\",\"url\":\"https:\\\/\\\/www.eldigitaldeasturias.com\\\/noticias\\\/wp-content\\\/uploads\\\/2020\\\/12\\\/EDA.jpg\",\"@id\":\"https:\\\/\\\/www.eldigitaldeasturias.com\\\/noticias\\\/la-casa-blanca-dice-que-hamas-es-la-responsable-de-los-muertos-en-gaza\\\/#organizationLogo\"},\"image\":{\"@id\":\"https:\\\/\\\/www.eldigitaldeasturias.com\\\/noticias\\\/la-casa-blanca-dice-que-hamas-es-la-responsable-de-los-muertos-en-gaza\\\/#organizationLogo\"},\"sameAs\":[\"https:\\\/\\\/facebook.com\\\/eldigitaldeasturias\",\"https:\\\/\\\/www.youtube.com\\\/channel\\\/UCZP-2wLEB9Rv6erhFmqVnvg\"],\"address\":{\"@id\":\"https:\\\/\\\/www.eldigitaldeasturias.com\\\/noticias\\\/#postaladdress\",\"@type\":\"PostalAddress\",\"streetAddress\":\"san antonio 4\",\"postalCode\":\"33430\",\"addressLocality\":\"Cand\\u00e1s\",\"addressRegion\":\"Asturias\",\"addressCountry\":\"ES\"}},{\"@type\":\"Person\",\"@id\":\"https:\\\/\\\/www.eldigitaldeasturias.com\\\/noticias\\\/author\\\/admin\\\/#author\",\"url\":\"https:\\\/\\\/www.eldigitaldeasturias.com\\\/noticias\\\/author\\\/admin\\\/\",\"name\":\"El Digital de Asturias\",\"image\":{\"@type\":\"ImageObject\",\"@id\":\"https:\\\/\\\/www.eldigitaldeasturias.com\\\/noticias\\\/la-casa-blanca-dice-que-hamas-es-la-responsable-de-los-muertos-en-gaza\\\/#authorImage\",\"url\":\"https:\\\/\\\/secure.gravatar.com\\\/avatar\\\/df2aeffc32bcd13f8d26072ef8a91b623d677766deac7f97ca815868cd41bf5e?s=96&d=mm&r=g\",\"width\":96,\"height\":96,\"caption\":\"El Digital de Asturias\"}},{\"@type\":\"WebPage\",\"@id\":\"https:\\\/\\\/www.eldigitaldeasturias.com\\\/noticias\\\/la-casa-blanca-dice-que-hamas-es-la-responsable-de-los-muertos-en-gaza\\\/#webpage\",\"url\":\"https:\\\/\\\/www.eldigitaldeasturias.com\\\/noticias\\\/la-casa-blanca-dice-que-hamas-es-la-responsable-de-los-muertos-en-gaza\\\/\",\"name\":\"La Casa Blanca dice que Hamas es la responsable de los muertos en Gaza - El Digital de Asturias\",\"description\":\"Washington, 14 may (dpa) - La responsabilidad por las muertes durante las protestas en la Franja de Gaza este lunes recae \\\"directamente sobre Hamas\\\", seg\\u00fan dijo hoy el viceportavoz de la Casa Blanca, Raj Shah. El portavoz suplente sostuvo que Hamas provoc\\u00f3 \\\"intencional y c\\u00ednicamente\\\" la reacci\\u00f3n a la inauguraci\\u00f3n de la nueva embajada de\",\"inLanguage\":\"es-ES\",\"isPartOf\":{\"@id\":\"https:\\\/\\\/www.eldigitaldeasturias.com\\\/noticias\\\/#website\"},\"breadcrumb\":{\"@id\":\"https:\\\/\\\/www.eldigitaldeasturias.com\\\/noticias\\\/la-casa-blanca-dice-que-hamas-es-la-responsable-de-los-muertos-en-gaza\\\/#breadcrumblist\"},\"author\":{\"@id\":\"https:\\\/\\\/www.eldigitaldeasturias.com\\\/noticias\\\/author\\\/admin\\\/#author\"},\"creator\":{\"@id\":\"https:\\\/\\\/www.eldigitaldeasturias.com\\\/noticias\\\/author\\\/admin\\\/#author\"},\"image\":{\"@type\":\"ImageObject\",\"url\":971860,\"@id\":\"https:\\\/\\\/www.eldigitaldeasturias.com\\\/noticias\\\/la-casa-blanca-dice-que-hamas-es-la-responsable-de-los-muertos-en-gaza\\\/#mainImage\"},\"primaryImageOfPage\":{\"@id\":\"https:\\\/\\\/www.eldigitaldeasturias.com\\\/noticias\\\/la-casa-blanca-dice-que-hamas-es-la-responsable-de-los-muertos-en-gaza\\\/#mainImage\"},\"datePublished\":\"2018-05-14T23:44:06+02:00\",\"dateModified\":\"2018-05-14T23:44:06+02:00\"},{\"@type\":\"WebSite\",\"@id\":\"https:\\\/\\\/www.eldigitaldeasturias.com\\\/noticias\\\/#website\",\"url\":\"https:\\\/\\\/www.eldigitaldeasturias.com\\\/noticias\\\/\",\"name\":\"El Digital de Asturias - Diario de actualidad y noticias\",\"alternateName\":\"El Digital de Asturias - Diario de actualidad y noticias\",\"description\":\"Hemeroteca\",\"inLanguage\":\"es-ES\",\"publisher\":{\"@id\":\"https:\\\/\\\/www.eldigitaldeasturias.com\\\/noticias\\\/#organization\"}}]}\n\t\t<\/script>\n\t\t<!-- All in One SEO Pro -->\r\n\t\t<title>La Casa Blanca dice que Hamas es la responsable de los muertos en Gaza - El Digital de Asturias<\/title>\n\n","aioseo_head_json":{"title":"La Casa Blanca dice que Hamas es la responsable de los muertos en Gaza - El Digital de Asturias","description":"Washington, 14 may (dpa) - La responsabilidad por las muertes durante las protestas en la Franja de Gaza este lunes recae \"directamente sobre Hamas\", seg\u00fan dijo hoy el viceportavoz de la Casa Blanca, Raj Shah. El portavoz suplente sostuvo que Hamas provoc\u00f3 \"intencional y c\u00ednicamente\" la reacci\u00f3n a la inauguraci\u00f3n de la nueva embajada de","canonical_url":"https:\/\/www.eldigitaldeasturias.com\/noticias\/la-casa-blanca-dice-que-hamas-es-la-responsable-de-los-muertos-en-gaza\/","robots":"max-image-preview:large","keywords":"actualidad","webmasterTools":{"google-site-verification":"UA-38556648-1","msvalidate.01":"7dfe9f3f1b24437ab69f4f2559babe99","miscellaneous":""},"schema":{"@context":"https:\/\/schema.org","@graph":[{"@type":"BlogPosting","@id":"https:\/\/www.eldigitaldeasturias.com\/noticias\/la-casa-blanca-dice-que-hamas-es-la-responsable-de-los-muertos-en-gaza\/#blogposting","name":"La Casa Blanca dice que Hamas es la responsable de los muertos en Gaza - El Digital de Asturias","headline":"La Casa Blanca dice que Hamas es la responsable de los muertos en Gaza","author":{"@id":"https:\/\/www.eldigitaldeasturias.com\/noticias\/author\/admin\/#author"},"publisher":{"@id":"https:\/\/www.eldigitaldeasturias.com\/noticias\/#organization"},"image":{"@type":"ImageObject","url":971860},"datePublished":"2018-05-14T23:44:06+02:00","dateModified":"2018-05-14T23:44:06+02:00","inLanguage":"es-ES","mainEntityOfPage":{"@id":"https:\/\/www.eldigitaldeasturias.com\/noticias\/la-casa-blanca-dice-que-hamas-es-la-responsable-de-los-muertos-en-gaza\/#webpage"},"isPartOf":{"@id":"https:\/\/www.eldigitaldeasturias.com\/noticias\/la-casa-blanca-dice-que-hamas-es-la-responsable-de-los-muertos-en-gaza\/#webpage"},"articleSection":"Actualidad"},{"@type":"BreadcrumbList","@id":"https:\/\/www.eldigitaldeasturias.com\/noticias\/la-casa-blanca-dice-que-hamas-es-la-responsable-de-los-muertos-en-gaza\/#breadcrumblist","itemListElement":[{"@type":"ListItem","@id":"https:\/\/www.eldigitaldeasturias.com\/noticias#listItem","position":1,"name":"Home","item":"https:\/\/www.eldigitaldeasturias.com\/noticias","nextItem":{"@type":"ListItem","@id":"https:\/\/www.eldigitaldeasturias.com\/noticias\/category\/actualidad\/#listItem","name":"Actualidad"}},{"@type":"ListItem","@id":"https:\/\/www.eldigitaldeasturias.com\/noticias\/category\/actualidad\/#listItem","position":2,"name":"Actualidad","item":"https:\/\/www.eldigitaldeasturias.com\/noticias\/category\/actualidad\/","nextItem":{"@type":"ListItem","@id":"https:\/\/www.eldigitaldeasturias.com\/noticias\/la-casa-blanca-dice-que-hamas-es-la-responsable-de-los-muertos-en-gaza\/#listItem","name":"La Casa Blanca dice que Hamas es la responsable de los muertos en Gaza"},"previousItem":{"@type":"ListItem","@id":"https:\/\/www.eldigitaldeasturias.com\/noticias#listItem","name":"Home"}},{"@type":"ListItem","@id":"https:\/\/www.eldigitaldeasturias.com\/noticias\/la-casa-blanca-dice-que-hamas-es-la-responsable-de-los-muertos-en-gaza\/#listItem","position":3,"name":"La Casa Blanca dice que Hamas es la responsable de los muertos en Gaza","previousItem":{"@type":"ListItem","@id":"https:\/\/www.eldigitaldeasturias.com\/noticias\/category\/actualidad\/#listItem","name":"Actualidad"}}]},{"@type":"Organization","@id":"https:\/\/www.eldigitaldeasturias.com\/noticias\/#organization","name":"El Digital de Asturias","description":"Hemeroteca","url":"https:\/\/www.eldigitaldeasturias.com\/noticias\/","email":"info@eldigitaldeasturias.com","telephone":"+34652131393","logo":{"@type":"ImageObject","url":"https:\/\/www.eldigitaldeasturias.com\/noticias\/wp-content\/uploads\/2020\/12\/EDA.jpg","@id":"https:\/\/www.eldigitaldeasturias.com\/noticias\/la-casa-blanca-dice-que-hamas-es-la-responsable-de-los-muertos-en-gaza\/#organizationLogo"},"image":{"@id":"https:\/\/www.eldigitaldeasturias.com\/noticias\/la-casa-blanca-dice-que-hamas-es-la-responsable-de-los-muertos-en-gaza\/#organizationLogo"},"sameAs":["https:\/\/facebook.com\/eldigitaldeasturias","https:\/\/www.youtube.com\/channel\/UCZP-2wLEB9Rv6erhFmqVnvg"],"address":{"@id":"https:\/\/www.eldigitaldeasturias.com\/noticias\/#postaladdress","@type":"PostalAddress","streetAddress":"san antonio 4","postalCode":"33430","addressLocality":"Cand\u00e1s","addressRegion":"Asturias","addressCountry":"ES"}},{"@type":"Person","@id":"https:\/\/www.eldigitaldeasturias.com\/noticias\/author\/admin\/#author","url":"https:\/\/www.eldigitaldeasturias.com\/noticias\/author\/admin\/","name":"El Digital de Asturias","image":{"@type":"ImageObject","@id":"https:\/\/www.eldigitaldeasturias.com\/noticias\/la-casa-blanca-dice-que-hamas-es-la-responsable-de-los-muertos-en-gaza\/#authorImage","url":"https:\/\/secure.gravatar.com\/avatar\/df2aeffc32bcd13f8d26072ef8a91b623d677766deac7f97ca815868cd41bf5e?s=96&d=mm&r=g","width":96,"height":96,"caption":"El Digital de Asturias"}},{"@type":"WebPage","@id":"https:\/\/www.eldigitaldeasturias.com\/noticias\/la-casa-blanca-dice-que-hamas-es-la-responsable-de-los-muertos-en-gaza\/#webpage","url":"https:\/\/www.eldigitaldeasturias.com\/noticias\/la-casa-blanca-dice-que-hamas-es-la-responsable-de-los-muertos-en-gaza\/","name":"La Casa Blanca dice que Hamas es la responsable de los muertos en Gaza - El Digital de Asturias","description":"Washington, 14 may (dpa) - La responsabilidad por las muertes durante las protestas en la Franja de Gaza este lunes recae \"directamente sobre Hamas\", seg\u00fan dijo hoy el viceportavoz de la Casa Blanca, Raj Shah. El portavoz suplente sostuvo que Hamas provoc\u00f3 \"intencional y c\u00ednicamente\" la reacci\u00f3n a la inauguraci\u00f3n de la nueva embajada de","inLanguage":"es-ES","isPartOf":{"@id":"https:\/\/www.eldigitaldeasturias.com\/noticias\/#website"},"breadcrumb":{"@id":"https:\/\/www.eldigitaldeasturias.com\/noticias\/la-casa-blanca-dice-que-hamas-es-la-responsable-de-los-muertos-en-gaza\/#breadcrumblist"},"author":{"@id":"https:\/\/www.eldigitaldeasturias.com\/noticias\/author\/admin\/#author"},"creator":{"@id":"https:\/\/www.eldigitaldeasturias.com\/noticias\/author\/admin\/#author"},"image":{"@type":"ImageObject","url":971860,"@id":"https:\/\/www.eldigitaldeasturias.com\/noticias\/la-casa-blanca-dice-que-hamas-es-la-responsable-de-los-muertos-en-gaza\/#mainImage"},"primaryImageOfPage":{"@id":"https:\/\/www.eldigitaldeasturias.com\/noticias\/la-casa-blanca-dice-que-hamas-es-la-responsable-de-los-muertos-en-gaza\/#mainImage"},"datePublished":"2018-05-14T23:44:06+02:00","dateModified":"2018-05-14T23:44:06+02:00"},{"@type":"WebSite","@id":"https:\/\/www.eldigitaldeasturias.com\/noticias\/#website","url":"https:\/\/www.eldigitaldeasturias.com\/noticias\/","name":"El Digital de Asturias - Diario de actualidad y noticias","alternateName":"El Digital de Asturias - Diario de actualidad y noticias","description":"Hemeroteca","inLanguage":"es-ES","publisher":{"@id":"https:\/\/www.eldigitaldeasturias.com\/noticias\/#organization"}}]},"og:locale":"es_ES","og:site_name":"El Digital de Asturias","og:type":"article","og:title":"La Casa Blanca dice que Hamas es la responsable de los muertos en Gaza - El Digital de Asturias","og:description":"Washington, 14 may (dpa) - La responsabilidad por las muertes durante las protestas en la Franja de Gaza este lunes recae &quot;directamente sobre Hamas&quot;, seg\u00fan dijo hoy el viceportavoz de la Casa Blanca, Raj Shah. El portavoz suplente sostuvo que Hamas provoc\u00f3 &quot;intencional y c\u00ednicamente&quot; la reacci\u00f3n a la inauguraci\u00f3n de la nueva embajada de","og:url":"https:\/\/www.eldigitaldeasturias.com\/noticias\/la-casa-blanca-dice-que-hamas-es-la-responsable-de-los-muertos-en-gaza\/","article:tag":["actualidad"],"article:published_time":"2018-05-14T23:44:06+00:00","article:modified_time":"2018-05-14T23:44:06+00:00","article:publisher":"https:\/\/facebook.com\/eldigitaldeasturias","twitter:card":"summary_large_image","twitter:title":"La Casa Blanca dice que Hamas es la responsable de los muertos en Gaza - El Digital de Asturias","twitter:description":"Washington, 14 may (dpa) - La responsabilidad por las muertes durante las protestas en la Franja de Gaza este lunes recae &quot;directamente sobre Hamas&quot;, seg\u00fan dijo hoy el viceportavoz de la Casa Blanca, Raj Shah. El portavoz suplente sostuvo que Hamas provoc\u00f3 &quot;intencional y c\u00ednicamente&quot; la reacci\u00f3n a la inauguraci\u00f3n de la nueva embajada de","twitter:image":"https:\/\/www.eldigitaldeasturias.com\/noticias\/wp-content\/uploads\/2020\/12\/EDA-1.jpg","twitter:label1":"Escrito por","twitter:data1":"El Digital de Asturias","twitter:label2":"Tiempo de lectura estimado","twitter:data2":"1 minuto"},"aioseo_meta_data":{"post_id":"980367","title":null,"description":null,"keywords":null,"keyphrases":null,"primary_term":null,"canonical_url":null,"og_title":null,"og_description":null,"og_object_type":"default","og_image_type":"default","og_image_url":null,"og_image_width":null,"og_image_height":null,"og_image_custom_url":null,"og_image_custom_fields":null,"og_video":null,"og_custom_url":null,"og_article_section":null,"og_article_tags":null,"twitter_use_og":false,"twitter_card":"default","twitter_image_type":"default","twitter_image_url":null,"twitter_image_custom_url":null,"twitter_image_custom_fields":null,"twitter_title":null,"twitter_description":null,"schema":{"blockGraphs":[],"customGraphs":[],"default":{"data":{"Article":[],"Course":[],"Dataset":[],"FAQPage":[],"Movie":[],"Person":[],"Product":[],"ProductReview":[],"Car":[],"Recipe":[],"Service":[],"SoftwareApplication":[],"WebPage":[]},"graphName":"","isEnabled":true},"graphs":[],"defaultGraph":"","defaultPostTypeGraph":""},"schema_type":null,"schema_type_options":null,"pillar_content":false,"robots_default":true,"robots_noindex":false,"robots_noarchive":false,"robots_nosnippet":false,"robots_nofollow":false,"robots_noimageindex":false,"robots_noodp":false,"robots_notranslate":false,"robots_max_snippet":null,"robots_max_videopreview":null,"robots_max_imagepreview":"large","priority":null,"frequency":null,"local_seo":null,"seo_analyzer_scan_date":"2025-10-08 17:41:05","breadcrumb_settings":null,"limit_modified_date":false,"open_ai":null,"ai":null,"created":"2020-12-21 11:57:38","updated":"2025-10-08 17:41:05","focus_keyword":null,"additional_keywords":null,"truseo_locale":null},"aioseo_breadcrumb":"<div class=\"aioseo-breadcrumbs\"><span class=\"aioseo-breadcrumb\">\n\t<a href=\"https:\/\/www.eldigitaldeasturias.com\/noticias\" title=\"Home\">Home<\/a>\n<\/span><span class=\"aioseo-breadcrumb-separator\">\u2013<\/span><span class=\"aioseo-breadcrumb\">\n\t<a href=\"https:\/\/www.eldigitaldeasturias.com\/noticias\/category\/actualidad\/\" title=\"Actualidad\">Actualidad<\/a>\n<\/span><span class=\"aioseo-breadcrumb-separator\">\u2013<\/span><span class=\"aioseo-breadcrumb\">\n\t<a href=\"https:\/\/www.eldigitaldeasturias.com\/noticias\/la-casa-blanca-dice-que-hamas-es-la-responsable-de-los-muertos-en-gaza\/\" title=\"La Casa Blanca dice que Hamas es la responsable de los muertos en Gaza\">La Casa Blanca dice que Hamas es la responsable de los muertos en Gaza<\/a>\n<\/span><\/div>","aioseo_breadcrumb_json":[{"label":"Home","link":"https:\/\/www.eldigitaldeasturias.com\/noticias"},{"label":"Actualidad","link":"https:\/\/www.eldigitaldeasturias.com\/noticias\/category\/actualidad\/"},{"label":"La Casa Blanca dice que Hamas es la responsable de los muertos en Gaza","link":"https:\/\/www.eldigitaldeasturias.com\/noticias\/la-casa-blanca-dice-que-hamas-es-la-responsable-de-los-muertos-en-gaza\/"}],"_links":{"self":[{"href":"https:\/\/www.eldigitaldeasturias.com\/noticias\/wp-json\/wp\/v2\/posts\/980367","targetHints":{"allow":["GET"]}}],"collection":[{"href":"https:\/\/www.eldigitaldeasturias.com\/noticias\/wp-json\/wp\/v2\/posts"}],"about":[{"href":"https:\/\/www.eldigitaldeasturias.com\/noticias\/wp-json\/wp\/v2\/types\/post"}],"author":[{"embeddable":true,"href":"https:\/\/www.eldigitaldeasturias.com\/noticias\/wp-json\/wp\/v2\/users\/1"}],"replies":[{"embeddable":true,"href":"https:\/\/www.eldigitaldeasturias.com\/noticias\/wp-json\/wp\/v2\/comments?post=980367"}],"version-history":[{"count":0,"href":"https:\/\/www.eldigitaldeasturias.com\/noticias\/wp-json\/wp\/v2\/posts\/980367\/revisions"}],"wp:attachment":[{"href":"https:\/\/www.eldigitaldeasturias.com\/noticias\/wp-json\/wp\/v2\/media?parent=980367"}],"wp:term":[{"taxonomy":"category","embeddable":true,"href":"https:\/\/www.eldigitaldeasturias.com\/noticias\/wp-json\/wp\/v2\/categories?post=980367"},{"taxonomy":"post_tag","embeddable":true,"href":"https:\/\/www.eldigitaldeasturias.com\/noticias\/wp-json\/wp\/v2\/tags?post=980367"}],"curies":[{"name":"wp","href":"https:\/\/api.w.org\/{rel}","templated":true}]}}