{"id":980355,"date":"2018-05-14T20:31:39","date_gmt":"2018-05-14T20:31:39","guid":{"rendered":"http:\/\/www.eldigitaldeasturias.com\/noticias\/?p=980355"},"modified":"2018-05-14T20:31:39","modified_gmt":"2018-05-14T20:31:39","slug":"bano-de-sangre-en-la-franja-de-gaza","status":"publish","type":"post","link":"https:\/\/www.eldigitaldeasturias.com\/noticias\/bano-de-sangre-en-la-franja-de-gaza\/","title":{"rendered":"Ba\u00f1o de sangre en la Franja de Gaza"},"content":{"rendered":"<p><img loading=\"lazy\" decoding=\"async\" class=\"alignleft size-medium wp-image-974234\" src=\"https:\/\/www.eldigitaldeasturias.com\/noticias\/wp-content\/uploads\/2018\/03\/gaza-678979_1280-360x240.jpg\" alt=\"\" width=\"360\" height=\"240\" \/>Jerusal\u00e9n\/Gaza, 14 may (dpa) &#8211; La controvertida apertura de la embajada estadounidense en Jerusal\u00e9n se vio hoy ensombrecida por una de las jornadas m\u00e1s sangrientas de los \u00faltimos a\u00f1os, en la que <strong>m\u00e1s de 50 palestinos perdieron la vida<\/strong> y m\u00e1s de <strong>2.400 resultaron heridos<\/strong> en enfrentamientos con soldados israel\u00edes en la Franja de Gaza.<\/p>\n<p>Coincidiendo con el 70 aniversario de la fundaci\u00f3n de Israel, Estados Unidos hizo efectivo el traslado de su embajada, hasta ahora en Tel Aviv, a Jerusal\u00e9n, que en diciembre reconoci\u00f3 como capital del Estado jud\u00edo, en una decisi\u00f3n unilateral muy criticada internacionalmente.<\/p>\n<p>Hoy inauguramos oficialmente la embajada de Estados Unidos en Jerusal\u00e9n. \u00a1Felicitaciones!\u00bb, dijo Trump en un mensaje de video retransmitido durante la ceremonia ante unos 800 invitados en el edificio del barrio de Arnona, que funcionaba hasta ahora como consulado del pa\u00eds. La sede, sin embargo, no es definitiva.<\/p>\n<p>Trump reafirm\u00f3 su decisi\u00f3n de reconocer Jerusal\u00e9n como \u00abverdadera capital (&#8230;) que el pueblo jud\u00edo estableci\u00f3 en la antig\u00fcedad\u00bb. \u00abIsrael es una naci\u00f3n soberana que tiene derecho a determinar por s\u00ed misma su capital\u00bb.<\/p>\n<p>Los palestinos reclaman la parte oriental de la ciudad, ocupada en 1967 y anexionada a\u00f1os despu\u00e9s por Israel, como capital de su futuro Estado. De ah\u00ed que hoy salieran a protestar masivamente contra esa medida, as\u00ed como contra la expulsi\u00f3n de cientos de miles de palestinos durante la fundaci\u00f3n de Israel hace 70 a\u00f1os -que recuerdan en el d\u00eda de la Nakba o cat\u00e1strofe- y contra el bloqueo a la Franja de Gaza.<\/p>\n<p>Al menos 52 fueron abatidos por los soldados israel\u00edes y m\u00e1s de 2.400 resultaron heridos, la mitad por disparos, en enfrentamientos en la frontera de la Franja de Gaza con Israel, seg\u00fan el Ministerio de Salud del enclave. Con estas cifras se registra ya el d\u00eda m\u00e1s sangriento en la zona desde la Guerra de Gaza de 2014.<\/p>\n<p>El presidente palestino, Mahmud Abbas, llam\u00f3 a tres d\u00edas de luto y a una huelga general ma\u00f1ana martes por las muertes, al tiempo que reiter\u00f3 su condena por el traslado de la embajada. El ministro de Sanidad palestino, Yawad Awad, acus\u00f3 a Israel de cometer \u00abuna masacre contra manifestantes desarmados\u00bb.<\/p>\n<p>Por su parte, Israel acus\u00f3 a la organizaci\u00f3n radical Hamas, que gobierna Gaza, de aprovechar las protestas para cometer atentados. El Ej\u00e9rcito israel\u00ed denunci\u00f3 una \u00abviolencia sin precedentes\u00bb en las protestas y asegur\u00f3 que tres c\u00e9lulas terroristas intentaron atacar a los soldados. Se lanzaron adem\u00e1s botellas incendiaras, explosivos y cometas con fuego contra territorio israel\u00ed. Incluso hubo intentos de secuestrar a soldados, seg\u00fan detall\u00f3 el portavoz miliar, Ronen Manelis.<\/p>\n<p>Unas 40.000 personas que se concentraron en 12 puntos a lo largo de la frontera entre Israel y la Franja de Gaza para intentar traspasarla. \u00abNadie ha conseguido cruzar la frontera\u00bb, dijo sin embargo el portavoz israel\u00ed. El ministro de Defensa israel\u00ed, Avigdor Lieberman, asegur\u00f3 que su pa\u00eds seguir\u00e1 actuando para evitar intentos de cruzar la frontera.<\/p>\n<p>La Franja de Gaza habr\u00eda secundado hoy una huelga general convocada por todas las fracciones pol\u00edticas. Durante la ma\u00f1ana, j\u00f3venes incendiaron neum\u00e1ticos mientras los autobuses recog\u00edan a gente de la calle para acudir a las protestas. Desde los altavoces de las mezquitas se llamaba tambi\u00e9n a secundar las acciones. El Ej\u00e9rcito israel\u00ed acus\u00f3 a Hamas de pagar o presionar los palestinos para participar en la acciones.<\/p>\n<p>La aviaci\u00f3n israel\u00ed tambi\u00e9n atac\u00f3 puestos de la organizaci\u00f3n radical Hamas en el norte de la Franja, seg\u00fan su versi\u00f3n en respuesta a disparos contra soldados lanzados desde all\u00ed.<\/p>\n<p>Por su parte, el primer ministro israel\u00ed, Benjamin Netanyahu, salud\u00f3 el \u00abmomento hist\u00f3rico\u00bb de la apertura de la embajada y alab\u00f3 el \u00abcoraje\u00bb de Trump de mantener su promesa.<\/p>\n<p>\u00abNo tenemos mejores amigos en el mundo\u00bb, dijo durante la ceremonia, en la que Estados Unidos estuvo representado por su secretario de Tesoro estadounidense, Steven Mnuchin, y la hija del presidente, Ivanka Trump, junto con su esposo y asesor del mandatario, Jared Kushner.<\/p>\n<p>Como hab\u00eda hecho tambi\u00e9n Trump en su mensaje, Kushner, que forma parte del equipo de Trump para impulsar la paz en la regi\u00f3n, quiso reiterar el compromiso de Estados Unidos con alcanzar un acuerdo de paz. Sin embargo, al hacer referencia a los sucesos violentos de Gaza, arremeti\u00f3 contra los palestinos: \u00abQuienes provocan la violencia son parte del problema, no de la soluci\u00f3n\u00bb.<\/p>\n<p>Varios cientos de palestinos con pasaporte israel\u00ed se manifestaron tambi\u00e9n en Jerusal\u00e9n contra la apertura.<\/p>\n<p>El Congreso estadounidense ya aprob\u00f3 en 1995 una ley que preve\u00eda el traslado de la embajada de Tel Aviv a Jerusal\u00e9n, pero todos los presidentes estadounidenses hasta ahora hab\u00edan suspendido su aplicaci\u00f3n para no salir del consenso internacional<\/p>\n<p>Pese a la controvertida decisi\u00f3n de Trump, algunos pa\u00edses anunciaron que secundar\u00e1n el paso de Estados Unidos. Guatemala inaugur\u00e1 tambi\u00e9n su legaci\u00f3n diplom\u00e1tica en Jerusal\u00e9n el mi\u00e9rcoles, y Paraguay la pr\u00f3xima semana. Honduras podr\u00eda seguir el mismo paso.<\/p>\n<p>Sin embargo, pa\u00edses como Rusia, Ir\u00e1n o Turqu\u00eda criticaron el traslado de la embajada, mientras la Uni\u00f3n Europea (UE) y la ONU se centraron en condenar la violencia. Tambi\u00e9n Jordania y Egipto, los dos \u00fanicos pa\u00edses \u00e1rabes que tienen tratados de paz con Israel, condenaron la violencia por parte de Israel, mientras Turqu\u00eda lanz\u00f3 duras palabras corresponsabilizando a Estados Unidos de la \u00abmasacre\u00bb. M\u00e1s all\u00e1 fue la red terrorista Al Qaeda, que llam\u00f3 a la \u00abguerra santa\u00bb.<\/p>\n<p>En Cisjordania, el otro territorio palestino, unas 5.000 personas participaron en una marcha portando banderas palestinas y negras, as\u00ed como llaves para simbolizar su demanda de poder retornar a las tierras de las que sus antepasados tuvieron que huir o fueron expulsados a ra\u00edz de la fundaci\u00f3n del Estado de Israel en 1948. Algunos manifestantes tambi\u00e9n quemaron una bandera de Estados Unidos.<\/p>\n<p>Las protestas de hoy son tambi\u00e9n la culminaci\u00f3n de la \u00abMarcha del Retorno\u00bb, que comenz\u00f3 a finales de en marzo. Desde entonces, los palestinos marcharon en varias ocasiones hacia la frontera para reclamar su derecho a volver a sus antiguas tierras, algo que les niega Israel. En esas protestas tambi\u00e9n murieron decenas de palestinos en las \u00faltimas semanas.<\/p>\n<p>Por Sara Lemel y Eliyahu Kamisher (dpa)<\/p>\n","protected":false},"excerpt":{"rendered":"<p>Jerusal\u00e9n\/Gaza, 14 may (dpa) &#8211; La controvertida apertura de la embajada estadounidense en Jerusal\u00e9n se vio hoy ensombrecida por una de las jornadas m\u00e1s sangrientas de los \u00faltimos a\u00f1os, en la que m\u00e1s de 50 palestinos perdieron la vida y m\u00e1s de 2.400 resultaron heridos en enfrentamientos con soldados israel\u00edes en la Franja de Gaza. [&hellip;]<\/p>\n","protected":false},"author":1,"featured_media":974234,"comment_status":"closed","ping_status":"closed","sticky":false,"template":"","format":"standard","meta":{"footnotes":""},"categories":[1],"tags":[],"class_list":["post-980355","post","type-post","status-publish","format-standard","has-post-thumbnail","hentry","category-actualidad"],"aioseo_notices":[],"aioseo_head":"\n\t\t<!-- All in One SEO Pro 5.0.1 - aioseo.com -->\n\t<meta name=\"description\" content=\"Jerusal\u00e9n\/Gaza, 14 may (dpa) - La controvertida apertura de la embajada estadounidense en Jerusal\u00e9n se vio hoy ensombrecida por una de las jornadas m\u00e1s sangrientas de los \u00faltimos a\u00f1os, en la que m\u00e1s de 50 palestinos perdieron la vida y m\u00e1s de 2.400 resultaron heridos en enfrentamientos con soldados israel\u00edes en la Franja de Gaza.\" \/>\n\t<meta name=\"robots\" content=\"max-image-preview:large\" \/>\n\t<meta name=\"author\" content=\"El Digital de Asturias\"\/>\n\t<meta name=\"google-site-verification\" content=\"UA-38556648-1\" \/>\n\t<meta name=\"msvalidate.01\" content=\"7dfe9f3f1b24437ab69f4f2559babe99\" \/>\n\t<meta name=\"keywords\" content=\"actualidad\" \/>\n\t<link rel=\"canonical\" href=\"https:\/\/www.eldigitaldeasturias.com\/noticias\/bano-de-sangre-en-la-franja-de-gaza\/\" \/>\n\t<meta name=\"generator\" content=\"All in One SEO Pro (AIOSEO) 5.0.1\" \/>\n\t\t<meta property=\"og:locale\" content=\"es_ES\" \/>\n\t\t<meta property=\"og:site_name\" content=\"El Digital de Asturias\" \/>\n\t\t<meta property=\"og:type\" content=\"article\" \/>\n\t\t<meta property=\"og:title\" content=\"Ba\u00f1o de sangre en la Franja de Gaza - El Digital de Asturias\" \/>\n\t\t<meta property=\"og:description\" content=\"Jerusal\u00e9n\/Gaza, 14 may (dpa) - La controvertida apertura de la embajada estadounidense en Jerusal\u00e9n se vio hoy ensombrecida por una de las jornadas m\u00e1s sangrientas de los \u00faltimos a\u00f1os, en la que m\u00e1s de 50 palestinos perdieron la vida y m\u00e1s de 2.400 resultaron heridos en enfrentamientos con soldados israel\u00edes en la Franja de Gaza.\" \/>\n\t\t<meta property=\"og:url\" content=\"https:\/\/www.eldigitaldeasturias.com\/noticias\/bano-de-sangre-en-la-franja-de-gaza\/\" \/>\n\t\t<meta property=\"article:tag\" content=\"actualidad\" \/>\n\t\t<meta property=\"article:published_time\" content=\"2018-05-14T20:31:39+00:00\" \/>\n\t\t<meta property=\"article:modified_time\" content=\"2018-05-14T20:31:39+00:00\" \/>\n\t\t<meta property=\"article:publisher\" content=\"https:\/\/facebook.com\/eldigitaldeasturias\" \/>\n\t\t<meta name=\"twitter:card\" content=\"summary_large_image\" \/>\n\t\t<meta name=\"twitter:title\" content=\"Ba\u00f1o de sangre en la Franja de Gaza - El Digital de Asturias\" \/>\n\t\t<meta name=\"twitter:description\" content=\"Jerusal\u00e9n\/Gaza, 14 may (dpa) - La controvertida apertura de la embajada estadounidense en Jerusal\u00e9n se vio hoy ensombrecida por una de las jornadas m\u00e1s sangrientas de los \u00faltimos a\u00f1os, en la que m\u00e1s de 50 palestinos perdieron la vida y m\u00e1s de 2.400 resultaron heridos en enfrentamientos con soldados israel\u00edes en la Franja de Gaza.\" \/>\n\t\t<meta name=\"twitter:image\" content=\"https:\/\/www.eldigitaldeasturias.com\/noticias\/wp-content\/uploads\/2020\/12\/EDA-1.jpg\" \/>\n\t\t<meta name=\"twitter:label1\" content=\"Escrito por\" \/>\n\t\t<meta name=\"twitter:data1\" content=\"El Digital de Asturias\" \/>\n\t\t<meta name=\"twitter:label2\" content=\"Tiempo de lectura estimado\" \/>\n\t\t<meta name=\"twitter:data2\" content=\"5 minutos\" \/>\n\t\t<script type=\"application\/ld+json\" class=\"aioseo-schema\">\n\t\t\t{\"@context\":\"https:\\\/\\\/schema.org\",\"@graph\":[{\"@type\":\"BlogPosting\",\"@id\":\"https:\\\/\\\/www.eldigitaldeasturias.com\\\/noticias\\\/bano-de-sangre-en-la-franja-de-gaza\\\/#blogposting\",\"name\":\"Ba\\u00f1o de sangre en la Franja de Gaza - El Digital de Asturias\",\"headline\":\"Ba\\u00f1o de sangre en la Franja de Gaza\",\"author\":{\"@id\":\"https:\\\/\\\/www.eldigitaldeasturias.com\\\/noticias\\\/author\\\/admin\\\/#author\"},\"publisher\":{\"@id\":\"https:\\\/\\\/www.eldigitaldeasturias.com\\\/noticias\\\/#organization\"},\"image\":{\"@type\":\"ImageObject\",\"url\":974234},\"datePublished\":\"2018-05-14T20:31:39+02:00\",\"dateModified\":\"2018-05-14T20:31:39+02:00\",\"inLanguage\":\"es-ES\",\"mainEntityOfPage\":{\"@id\":\"https:\\\/\\\/www.eldigitaldeasturias.com\\\/noticias\\\/bano-de-sangre-en-la-franja-de-gaza\\\/#webpage\"},\"isPartOf\":{\"@id\":\"https:\\\/\\\/www.eldigitaldeasturias.com\\\/noticias\\\/bano-de-sangre-en-la-franja-de-gaza\\\/#webpage\"},\"articleSection\":\"Actualidad\"},{\"@type\":\"BreadcrumbList\",\"@id\":\"https:\\\/\\\/www.eldigitaldeasturias.com\\\/noticias\\\/bano-de-sangre-en-la-franja-de-gaza\\\/#breadcrumblist\",\"itemListElement\":[{\"@type\":\"ListItem\",\"@id\":\"https:\\\/\\\/www.eldigitaldeasturias.com\\\/noticias#listItem\",\"position\":1,\"name\":\"Home\",\"item\":\"https:\\\/\\\/www.eldigitaldeasturias.com\\\/noticias\",\"nextItem\":{\"@type\":\"ListItem\",\"@id\":\"https:\\\/\\\/www.eldigitaldeasturias.com\\\/noticias\\\/category\\\/actualidad\\\/#listItem\",\"name\":\"Actualidad\"}},{\"@type\":\"ListItem\",\"@id\":\"https:\\\/\\\/www.eldigitaldeasturias.com\\\/noticias\\\/category\\\/actualidad\\\/#listItem\",\"position\":2,\"name\":\"Actualidad\",\"item\":\"https:\\\/\\\/www.eldigitaldeasturias.com\\\/noticias\\\/category\\\/actualidad\\\/\",\"nextItem\":{\"@type\":\"ListItem\",\"@id\":\"https:\\\/\\\/www.eldigitaldeasturias.com\\\/noticias\\\/bano-de-sangre-en-la-franja-de-gaza\\\/#listItem\",\"name\":\"Ba\\u00f1o de sangre en la Franja de Gaza\"},\"previousItem\":{\"@type\":\"ListItem\",\"@id\":\"https:\\\/\\\/www.eldigitaldeasturias.com\\\/noticias#listItem\",\"name\":\"Home\"}},{\"@type\":\"ListItem\",\"@id\":\"https:\\\/\\\/www.eldigitaldeasturias.com\\\/noticias\\\/bano-de-sangre-en-la-franja-de-gaza\\\/#listItem\",\"position\":3,\"name\":\"Ba\\u00f1o de sangre en la Franja de Gaza\",\"previousItem\":{\"@type\":\"ListItem\",\"@id\":\"https:\\\/\\\/www.eldigitaldeasturias.com\\\/noticias\\\/category\\\/actualidad\\\/#listItem\",\"name\":\"Actualidad\"}}]},{\"@type\":\"Organization\",\"@id\":\"https:\\\/\\\/www.eldigitaldeasturias.com\\\/noticias\\\/#organization\",\"name\":\"El Digital de Asturias\",\"description\":\"Hemeroteca\",\"url\":\"https:\\\/\\\/www.eldigitaldeasturias.com\\\/noticias\\\/\",\"email\":\"info@eldigitaldeasturias.com\",\"telephone\":\"+34652131393\",\"logo\":{\"@type\":\"ImageObject\",\"url\":\"https:\\\/\\\/www.eldigitaldeasturias.com\\\/noticias\\\/wp-content\\\/uploads\\\/2020\\\/12\\\/EDA.jpg\",\"@id\":\"https:\\\/\\\/www.eldigitaldeasturias.com\\\/noticias\\\/bano-de-sangre-en-la-franja-de-gaza\\\/#organizationLogo\"},\"image\":{\"@id\":\"https:\\\/\\\/www.eldigitaldeasturias.com\\\/noticias\\\/bano-de-sangre-en-la-franja-de-gaza\\\/#organizationLogo\"},\"sameAs\":[\"https:\\\/\\\/facebook.com\\\/eldigitaldeasturias\",\"https:\\\/\\\/www.youtube.com\\\/channel\\\/UCZP-2wLEB9Rv6erhFmqVnvg\"],\"address\":{\"@id\":\"https:\\\/\\\/www.eldigitaldeasturias.com\\\/noticias\\\/#postaladdress\",\"@type\":\"PostalAddress\",\"streetAddress\":\"san antonio 4\",\"postalCode\":\"33430\",\"addressLocality\":\"Cand\\u00e1s\",\"addressRegion\":\"Asturias\",\"addressCountry\":\"ES\"}},{\"@type\":\"Person\",\"@id\":\"https:\\\/\\\/www.eldigitaldeasturias.com\\\/noticias\\\/author\\\/admin\\\/#author\",\"url\":\"https:\\\/\\\/www.eldigitaldeasturias.com\\\/noticias\\\/author\\\/admin\\\/\",\"name\":\"El Digital de Asturias\",\"image\":{\"@type\":\"ImageObject\",\"@id\":\"https:\\\/\\\/www.eldigitaldeasturias.com\\\/noticias\\\/bano-de-sangre-en-la-franja-de-gaza\\\/#authorImage\",\"url\":\"https:\\\/\\\/secure.gravatar.com\\\/avatar\\\/df2aeffc32bcd13f8d26072ef8a91b623d677766deac7f97ca815868cd41bf5e?s=96&d=mm&r=g\",\"width\":96,\"height\":96,\"caption\":\"El Digital de Asturias\"}},{\"@type\":\"WebPage\",\"@id\":\"https:\\\/\\\/www.eldigitaldeasturias.com\\\/noticias\\\/bano-de-sangre-en-la-franja-de-gaza\\\/#webpage\",\"url\":\"https:\\\/\\\/www.eldigitaldeasturias.com\\\/noticias\\\/bano-de-sangre-en-la-franja-de-gaza\\\/\",\"name\":\"Ba\\u00f1o de sangre en la Franja de Gaza - El Digital de Asturias\",\"description\":\"Jerusal\\u00e9n\\\/Gaza, 14 may (dpa) - La controvertida apertura de la embajada estadounidense en Jerusal\\u00e9n se vio hoy ensombrecida por una de las jornadas m\\u00e1s sangrientas de los \\u00faltimos a\\u00f1os, en la que m\\u00e1s de 50 palestinos perdieron la vida y m\\u00e1s de 2.400 resultaron heridos en enfrentamientos con soldados israel\\u00edes en la Franja de Gaza.\",\"inLanguage\":\"es-ES\",\"isPartOf\":{\"@id\":\"https:\\\/\\\/www.eldigitaldeasturias.com\\\/noticias\\\/#website\"},\"breadcrumb\":{\"@id\":\"https:\\\/\\\/www.eldigitaldeasturias.com\\\/noticias\\\/bano-de-sangre-en-la-franja-de-gaza\\\/#breadcrumblist\"},\"author\":{\"@id\":\"https:\\\/\\\/www.eldigitaldeasturias.com\\\/noticias\\\/author\\\/admin\\\/#author\"},\"creator\":{\"@id\":\"https:\\\/\\\/www.eldigitaldeasturias.com\\\/noticias\\\/author\\\/admin\\\/#author\"},\"image\":{\"@type\":\"ImageObject\",\"url\":974234,\"@id\":\"https:\\\/\\\/www.eldigitaldeasturias.com\\\/noticias\\\/bano-de-sangre-en-la-franja-de-gaza\\\/#mainImage\"},\"primaryImageOfPage\":{\"@id\":\"https:\\\/\\\/www.eldigitaldeasturias.com\\\/noticias\\\/bano-de-sangre-en-la-franja-de-gaza\\\/#mainImage\"},\"datePublished\":\"2018-05-14T20:31:39+02:00\",\"dateModified\":\"2018-05-14T20:31:39+02:00\"},{\"@type\":\"WebSite\",\"@id\":\"https:\\\/\\\/www.eldigitaldeasturias.com\\\/noticias\\\/#website\",\"url\":\"https:\\\/\\\/www.eldigitaldeasturias.com\\\/noticias\\\/\",\"name\":\"El Digital de Asturias - Diario de actualidad y noticias\",\"alternateName\":\"El Digital de Asturias - Diario de actualidad y noticias\",\"description\":\"Hemeroteca\",\"inLanguage\":\"es-ES\",\"publisher\":{\"@id\":\"https:\\\/\\\/www.eldigitaldeasturias.com\\\/noticias\\\/#organization\"}}]}\n\t\t<\/script>\n\t\t<!-- All in One SEO Pro -->\r\n\t\t<title>Ba\u00f1o de sangre en la Franja de Gaza - El Digital de Asturias<\/title>\n\n","aioseo_head_json":{"title":"Ba\u00f1o de sangre en la Franja de Gaza - El Digital de Asturias","description":"Jerusal\u00e9n\/Gaza, 14 may (dpa) - La controvertida apertura de la embajada estadounidense en Jerusal\u00e9n se vio hoy ensombrecida por una de las jornadas m\u00e1s sangrientas de los \u00faltimos a\u00f1os, en la que m\u00e1s de 50 palestinos perdieron la vida y m\u00e1s de 2.400 resultaron heridos en enfrentamientos con soldados israel\u00edes en la Franja de Gaza.","canonical_url":"https:\/\/www.eldigitaldeasturias.com\/noticias\/bano-de-sangre-en-la-franja-de-gaza\/","robots":"max-image-preview:large","keywords":"actualidad","webmasterTools":{"google-site-verification":"UA-38556648-1","msvalidate.01":"7dfe9f3f1b24437ab69f4f2559babe99","miscellaneous":""},"schema":{"@context":"https:\/\/schema.org","@graph":[{"@type":"BlogPosting","@id":"https:\/\/www.eldigitaldeasturias.com\/noticias\/bano-de-sangre-en-la-franja-de-gaza\/#blogposting","name":"Ba\u00f1o de sangre en la Franja de Gaza - El Digital de Asturias","headline":"Ba\u00f1o de sangre en la Franja de Gaza","author":{"@id":"https:\/\/www.eldigitaldeasturias.com\/noticias\/author\/admin\/#author"},"publisher":{"@id":"https:\/\/www.eldigitaldeasturias.com\/noticias\/#organization"},"image":{"@type":"ImageObject","url":974234},"datePublished":"2018-05-14T20:31:39+02:00","dateModified":"2018-05-14T20:31:39+02:00","inLanguage":"es-ES","mainEntityOfPage":{"@id":"https:\/\/www.eldigitaldeasturias.com\/noticias\/bano-de-sangre-en-la-franja-de-gaza\/#webpage"},"isPartOf":{"@id":"https:\/\/www.eldigitaldeasturias.com\/noticias\/bano-de-sangre-en-la-franja-de-gaza\/#webpage"},"articleSection":"Actualidad"},{"@type":"BreadcrumbList","@id":"https:\/\/www.eldigitaldeasturias.com\/noticias\/bano-de-sangre-en-la-franja-de-gaza\/#breadcrumblist","itemListElement":[{"@type":"ListItem","@id":"https:\/\/www.eldigitaldeasturias.com\/noticias#listItem","position":1,"name":"Home","item":"https:\/\/www.eldigitaldeasturias.com\/noticias","nextItem":{"@type":"ListItem","@id":"https:\/\/www.eldigitaldeasturias.com\/noticias\/category\/actualidad\/#listItem","name":"Actualidad"}},{"@type":"ListItem","@id":"https:\/\/www.eldigitaldeasturias.com\/noticias\/category\/actualidad\/#listItem","position":2,"name":"Actualidad","item":"https:\/\/www.eldigitaldeasturias.com\/noticias\/category\/actualidad\/","nextItem":{"@type":"ListItem","@id":"https:\/\/www.eldigitaldeasturias.com\/noticias\/bano-de-sangre-en-la-franja-de-gaza\/#listItem","name":"Ba\u00f1o de sangre en la Franja de Gaza"},"previousItem":{"@type":"ListItem","@id":"https:\/\/www.eldigitaldeasturias.com\/noticias#listItem","name":"Home"}},{"@type":"ListItem","@id":"https:\/\/www.eldigitaldeasturias.com\/noticias\/bano-de-sangre-en-la-franja-de-gaza\/#listItem","position":3,"name":"Ba\u00f1o de sangre en la Franja de Gaza","previousItem":{"@type":"ListItem","@id":"https:\/\/www.eldigitaldeasturias.com\/noticias\/category\/actualidad\/#listItem","name":"Actualidad"}}]},{"@type":"Organization","@id":"https:\/\/www.eldigitaldeasturias.com\/noticias\/#organization","name":"El Digital de Asturias","description":"Hemeroteca","url":"https:\/\/www.eldigitaldeasturias.com\/noticias\/","email":"info@eldigitaldeasturias.com","telephone":"+34652131393","logo":{"@type":"ImageObject","url":"https:\/\/www.eldigitaldeasturias.com\/noticias\/wp-content\/uploads\/2020\/12\/EDA.jpg","@id":"https:\/\/www.eldigitaldeasturias.com\/noticias\/bano-de-sangre-en-la-franja-de-gaza\/#organizationLogo"},"image":{"@id":"https:\/\/www.eldigitaldeasturias.com\/noticias\/bano-de-sangre-en-la-franja-de-gaza\/#organizationLogo"},"sameAs":["https:\/\/facebook.com\/eldigitaldeasturias","https:\/\/www.youtube.com\/channel\/UCZP-2wLEB9Rv6erhFmqVnvg"],"address":{"@id":"https:\/\/www.eldigitaldeasturias.com\/noticias\/#postaladdress","@type":"PostalAddress","streetAddress":"san antonio 4","postalCode":"33430","addressLocality":"Cand\u00e1s","addressRegion":"Asturias","addressCountry":"ES"}},{"@type":"Person","@id":"https:\/\/www.eldigitaldeasturias.com\/noticias\/author\/admin\/#author","url":"https:\/\/www.eldigitaldeasturias.com\/noticias\/author\/admin\/","name":"El Digital de Asturias","image":{"@type":"ImageObject","@id":"https:\/\/www.eldigitaldeasturias.com\/noticias\/bano-de-sangre-en-la-franja-de-gaza\/#authorImage","url":"https:\/\/secure.gravatar.com\/avatar\/df2aeffc32bcd13f8d26072ef8a91b623d677766deac7f97ca815868cd41bf5e?s=96&d=mm&r=g","width":96,"height":96,"caption":"El Digital de Asturias"}},{"@type":"WebPage","@id":"https:\/\/www.eldigitaldeasturias.com\/noticias\/bano-de-sangre-en-la-franja-de-gaza\/#webpage","url":"https:\/\/www.eldigitaldeasturias.com\/noticias\/bano-de-sangre-en-la-franja-de-gaza\/","name":"Ba\u00f1o de sangre en la Franja de Gaza - El Digital de Asturias","description":"Jerusal\u00e9n\/Gaza, 14 may (dpa) - La controvertida apertura de la embajada estadounidense en Jerusal\u00e9n se vio hoy ensombrecida por una de las jornadas m\u00e1s sangrientas de los \u00faltimos a\u00f1os, en la que m\u00e1s de 50 palestinos perdieron la vida y m\u00e1s de 2.400 resultaron heridos en enfrentamientos con soldados israel\u00edes en la Franja de Gaza.","inLanguage":"es-ES","isPartOf":{"@id":"https:\/\/www.eldigitaldeasturias.com\/noticias\/#website"},"breadcrumb":{"@id":"https:\/\/www.eldigitaldeasturias.com\/noticias\/bano-de-sangre-en-la-franja-de-gaza\/#breadcrumblist"},"author":{"@id":"https:\/\/www.eldigitaldeasturias.com\/noticias\/author\/admin\/#author"},"creator":{"@id":"https:\/\/www.eldigitaldeasturias.com\/noticias\/author\/admin\/#author"},"image":{"@type":"ImageObject","url":974234,"@id":"https:\/\/www.eldigitaldeasturias.com\/noticias\/bano-de-sangre-en-la-franja-de-gaza\/#mainImage"},"primaryImageOfPage":{"@id":"https:\/\/www.eldigitaldeasturias.com\/noticias\/bano-de-sangre-en-la-franja-de-gaza\/#mainImage"},"datePublished":"2018-05-14T20:31:39+02:00","dateModified":"2018-05-14T20:31:39+02:00"},{"@type":"WebSite","@id":"https:\/\/www.eldigitaldeasturias.com\/noticias\/#website","url":"https:\/\/www.eldigitaldeasturias.com\/noticias\/","name":"El Digital de Asturias - Diario de actualidad y noticias","alternateName":"El Digital de Asturias - Diario de actualidad y noticias","description":"Hemeroteca","inLanguage":"es-ES","publisher":{"@id":"https:\/\/www.eldigitaldeasturias.com\/noticias\/#organization"}}]},"og:locale":"es_ES","og:site_name":"El Digital de Asturias","og:type":"article","og:title":"Ba\u00f1o de sangre en la Franja de Gaza - El Digital de Asturias","og:description":"Jerusal\u00e9n\/Gaza, 14 may (dpa) - La controvertida apertura de la embajada estadounidense en Jerusal\u00e9n se vio hoy ensombrecida por una de las jornadas m\u00e1s sangrientas de los \u00faltimos a\u00f1os, en la que m\u00e1s de 50 palestinos perdieron la vida y m\u00e1s de 2.400 resultaron heridos en enfrentamientos con soldados israel\u00edes en la Franja de Gaza.","og:url":"https:\/\/www.eldigitaldeasturias.com\/noticias\/bano-de-sangre-en-la-franja-de-gaza\/","article:tag":["actualidad"],"article:published_time":"2018-05-14T20:31:39+00:00","article:modified_time":"2018-05-14T20:31:39+00:00","article:publisher":"https:\/\/facebook.com\/eldigitaldeasturias","twitter:card":"summary_large_image","twitter:title":"Ba\u00f1o de sangre en la Franja de Gaza - El Digital de Asturias","twitter:description":"Jerusal\u00e9n\/Gaza, 14 may (dpa) - La controvertida apertura de la embajada estadounidense en Jerusal\u00e9n se vio hoy ensombrecida por una de las jornadas m\u00e1s sangrientas de los \u00faltimos a\u00f1os, en la que m\u00e1s de 50 palestinos perdieron la vida y m\u00e1s de 2.400 resultaron heridos en enfrentamientos con soldados israel\u00edes en la Franja de Gaza.","twitter:image":"https:\/\/www.eldigitaldeasturias.com\/noticias\/wp-content\/uploads\/2020\/12\/EDA-1.jpg","twitter:label1":"Escrito por","twitter:data1":"El Digital de Asturias","twitter:label2":"Tiempo de lectura estimado","twitter:data2":"5 minutos"},"aioseo_meta_data":{"post_id":"980355","title":null,"description":null,"keywords":null,"keyphrases":null,"primary_term":null,"canonical_url":null,"og_title":null,"og_description":null,"og_object_type":"default","og_image_type":"default","og_image_url":null,"og_image_width":null,"og_image_height":null,"og_image_custom_url":null,"og_image_custom_fields":null,"og_video":null,"og_custom_url":null,"og_article_section":null,"og_article_tags":null,"twitter_use_og":false,"twitter_card":"default","twitter_image_type":"default","twitter_image_url":null,"twitter_image_custom_url":null,"twitter_image_custom_fields":null,"twitter_title":null,"twitter_description":null,"schema":{"blockGraphs":[],"customGraphs":[],"default":{"data":{"Article":[],"Course":[],"Dataset":[],"FAQPage":[],"Movie":[],"Person":[],"Product":[],"ProductReview":[],"Car":[],"Recipe":[],"Service":[],"SoftwareApplication":[],"WebPage":[]},"graphName":"","isEnabled":true},"graphs":[],"defaultGraph":"","defaultPostTypeGraph":""},"schema_type":null,"schema_type_options":null,"pillar_content":false,"robots_default":true,"robots_noindex":false,"robots_noarchive":false,"robots_nosnippet":false,"robots_nofollow":false,"robots_noimageindex":false,"robots_noodp":false,"robots_notranslate":false,"robots_max_snippet":null,"robots_max_videopreview":null,"robots_max_imagepreview":"large","priority":null,"frequency":null,"local_seo":null,"seo_analyzer_scan_date":"2025-10-08 17:37:10","breadcrumb_settings":null,"limit_modified_date":false,"open_ai":null,"ai":null,"created":"2020-12-21 11:57:38","updated":"2025-10-08 17:37:10","focus_keyword":null,"additional_keywords":null,"truseo_locale":null},"aioseo_breadcrumb":"<div class=\"aioseo-breadcrumbs\"><span class=\"aioseo-breadcrumb\">\n\t<a href=\"https:\/\/www.eldigitaldeasturias.com\/noticias\" title=\"Home\">Home<\/a>\n<\/span><span class=\"aioseo-breadcrumb-separator\">\u2013<\/span><span class=\"aioseo-breadcrumb\">\n\t<a href=\"https:\/\/www.eldigitaldeasturias.com\/noticias\/category\/actualidad\/\" title=\"Actualidad\">Actualidad<\/a>\n<\/span><span class=\"aioseo-breadcrumb-separator\">\u2013<\/span><span class=\"aioseo-breadcrumb\">\n\t<a href=\"https:\/\/www.eldigitaldeasturias.com\/noticias\/bano-de-sangre-en-la-franja-de-gaza\/\" title=\"Ba\u00f1o de sangre en la Franja de Gaza\">Ba\u00f1o de sangre en la Franja de Gaza<\/a>\n<\/span><\/div>","aioseo_breadcrumb_json":[{"label":"Home","link":"https:\/\/www.eldigitaldeasturias.com\/noticias"},{"label":"Actualidad","link":"https:\/\/www.eldigitaldeasturias.com\/noticias\/category\/actualidad\/"},{"label":"Ba\u00f1o de sangre en la Franja de Gaza","link":"https:\/\/www.eldigitaldeasturias.com\/noticias\/bano-de-sangre-en-la-franja-de-gaza\/"}],"_links":{"self":[{"href":"https:\/\/www.eldigitaldeasturias.com\/noticias\/wp-json\/wp\/v2\/posts\/980355","targetHints":{"allow":["GET"]}}],"collection":[{"href":"https:\/\/www.eldigitaldeasturias.com\/noticias\/wp-json\/wp\/v2\/posts"}],"about":[{"href":"https:\/\/www.eldigitaldeasturias.com\/noticias\/wp-json\/wp\/v2\/types\/post"}],"author":[{"embeddable":true,"href":"https:\/\/www.eldigitaldeasturias.com\/noticias\/wp-json\/wp\/v2\/users\/1"}],"replies":[{"embeddable":true,"href":"https:\/\/www.eldigitaldeasturias.com\/noticias\/wp-json\/wp\/v2\/comments?post=980355"}],"version-history":[{"count":0,"href":"https:\/\/www.eldigitaldeasturias.com\/noticias\/wp-json\/wp\/v2\/posts\/980355\/revisions"}],"wp:attachment":[{"href":"https:\/\/www.eldigitaldeasturias.com\/noticias\/wp-json\/wp\/v2\/media?parent=980355"}],"wp:term":[{"taxonomy":"category","embeddable":true,"href":"https:\/\/www.eldigitaldeasturias.com\/noticias\/wp-json\/wp\/v2\/categories?post=980355"},{"taxonomy":"post_tag","embeddable":true,"href":"https:\/\/www.eldigitaldeasturias.com\/noticias\/wp-json\/wp\/v2\/tags?post=980355"}],"curies":[{"name":"wp","href":"https:\/\/api.w.org\/{rel}","templated":true}]}}