{"id":980352,"date":"2018-05-14T20:27:54","date_gmt":"2018-05-14T20:27:54","guid":{"rendered":"http:\/\/www.eldigitaldeasturias.com\/noticias\/?p=980352"},"modified":"2018-05-14T20:27:54","modified_gmt":"2018-05-14T20:27:54","slug":"ciudad-santa-en-el-ojo-del-huracan-estados-unidos-abre-su-embajada-en-jerusalen","status":"publish","type":"post","link":"https:\/\/www.eldigitaldeasturias.com\/noticias\/ciudad-santa-en-el-ojo-del-huracan-estados-unidos-abre-su-embajada-en-jerusalen\/","title":{"rendered":"Ciudad Santa en el ojo del hurac\u00e1n: Estados Unidos abre su embajada en Jerusal\u00e9n"},"content":{"rendered":"<p><img loading=\"lazy\" decoding=\"async\" class=\"alignleft size-medium wp-image-980353\" src=\"https:\/\/www.eldigitaldeasturias.com\/noticias\/wp-content\/uploads\/2018\/05\/jerusalem-331375_960_720-360x202.jpg\" alt=\"\" width=\"360\" height=\"202\" \/>Jerusal\u00e9n\/Gaza, 14 may (dpa) &#8211; Para los israel\u00edes, se trata de un paso hist\u00f3rico. Para los palestinos, de un detonante de ira: el traslado de la embajada de Estados Unidos de Tel Aviv a Jerusal\u00e9n pone a tambalear viejas realidades.<\/p>\n<p>En el d\u00eda de la inauguraci\u00f3n de la embajada, decenas de palestinos murieron en violentas protestas en la frontera con la Franja de Gaza y cientos resultaron heridos por las balas israel\u00edes. Pero a\u00fan no est\u00e1 claro si este paso dr\u00e1stico del presidente de Estados Unidos, Donald Trump, modificar\u00e1 de manera duradera a la regi\u00f3n.<\/p>\n<p>El alem\u00e1n Marc Frings, experto en Cercano Oriente, considera que no hay un potencial extremo de escalada a pesar de las masivas protestas de los palestinos. \u00abNo veo el potencial para un incendio de r\u00e1pida propagaci\u00f3n\u00bb, dijo el director de la oficina de la Fundaci\u00f3n Konrad Adenauer en Ramal\u00e1. El foco de las protestas est\u00e1 en la Franja de Gaza. Lo problem\u00e1tico es que \u00abdiversos focos de discordia\u00bb alcancen simult\u00e1neamente su cl\u00edmax.<\/p>\n<p>Este martes los palestinos recuerdan el d\u00eda de la Nakba (cat\u00e1strofe), el desplazamiento y la hu\u00edda de cientos de miles durante la primera guerra del Cercano Oriente en 1948 desde el actual territorio israel\u00ed. Esta semana comienza adem\u00e1s el Ramad\u00e1n, el mes de ayuno musulm\u00e1n. Por otra parte, desde fines de marzo decenas de miles de palestinos reclaman en la frontera con Gaza en la \u00abMarcha del Retorno\u00bb el derecho a regresar a la actual Israel.<\/p>\n<p>\u00abNos encontramos justo en una situaci\u00f3n imprevisible, en la que cualquier movimiento en falso puede implicar echar aceite al fuego\u00bb, dijo Frings. Por ejemplo, si Israel durante el Ramad\u00e1n no otorga permisos de ingreso a Jerusal\u00e9n de manera general, entonces las tensiones pueden verse aumentadas.<\/p>\n<p>La organizaci\u00f3n radical isl\u00e1mica Hamas, que domina la Franja de Gaza, llam\u00f3 el domingo nuevamente a levantar el bloqueo que Israel y Egipto impusieron a la Franja de Gaza. \u00abSeguiremos adelante con nuestras marchas hasta que se alcancen nuestras metas\u00bb, dijo hoy el l\u00edder de Hamas Mahmud Sahar. Trump es \u00abel \u00fanico responsable por el sufrimiento y el derramamiento de sangre del pueblo palestino\u00bb. Una de las banderas de Hamas es la destrucci\u00f3n de Israel.<\/p>\n<p>De todas maneras, Frings ve a la sociedad palestina demasiado dividida como para que se pueda desarrollar un movimiento masivo tambi\u00e9n en Cisjordania y en Jerusal\u00e9n oriental. Adem\u00e1s las personas est\u00e1n demasiado agotadas a causa de la situaci\u00f3n pol\u00edtica.<\/p>\n<p>La experta pol\u00edtica israel\u00ed Einat Wilf considera que la iniciativa de Trump es positiva a pesar de las protestas palestinas. \u00abYa era hora de que la comunidad internacional modificara su postura con respecto a Jerusal\u00e9n\u00bb, dijo. El mundo se hab\u00eda apegado a la idea de que incluso Jerusal\u00e9n occidental no pod\u00eda ser reconocida como capital israel\u00ed. \u00abLos israel\u00edes viven desde hace 70 a\u00f1os con la idea clara de que al menos la parte occidental de la ciudad es su capital, lo que es indiscutido y leg\u00edtimo\u00bb. Sobre la parte oriental se puede negociar, a\u00f1adi\u00f3.<\/p>\n<p>Trump dijo en ocasi\u00f3n de la apertura de la embajada: \u00abIsrael es una naci\u00f3n soberana con el derecho a determinar por s\u00ed misma su capital. En el pasado no reconocimos lo evidente\u00bb.<\/p>\n<p>El primer ministro israel\u00ed, Benjamin Netanyahu, a su vez, habl\u00f3 en la inauguraci\u00f3n de \u00abun d\u00eda glorioso\u00bb. Israel celebra la decisi\u00f3n de Estados Unidos como triunfo pol\u00edtico, subray\u00f3.<\/p>\n<p>Para los palestinos, Estados Unidos con esa decisi\u00f3n se puso claramente del lado de Israel. El presidente palestino, Mahmud Abbas, dej\u00f3 en claro que Estados Unidos qued\u00f3 descalificado como mediador en el conflicto.<\/p>\n<p>La decisi\u00f3n de Trump de reconocer a Jerusal\u00e9n como la capital de Israel y de trasladar su embajada fue duramente criticada a nivel internacional. Pero otros pa\u00edses ya anunciaron su intenci\u00f3n de seguir los pasos de Estados Unidos y tambi\u00e9n trasladar sus embajadas.<\/p>\n<p>Pero tambi\u00e9n para muchos israel\u00edes liberales Jerusal\u00e9n es la capital del pa\u00eds. \u00abJerusal\u00e9n es la sede del Gobierno israel\u00ed y por eso diplom\u00e1ticos y embajadas extranjeras son parte del ecosistema local\u00bb, se\u00f1al\u00f3 Lior Shillat, director del Instituto de Investigaci\u00f3n Pol\u00edtica de Jerusal\u00e9n. Por lo tanto, es positivo \u00abque al menos algunas embajadas sean mudadas cerca de Jerusal\u00e9n\u00bb.<\/p>\n<p>Israel conquist\u00f3 la parte oeste de Jerusal\u00e9n en la Guerra de los Seis D\u00edas en 1967. El pa\u00eds rechaza el reclamo de los palestinos de convertir Jerusal\u00e9n Oriental en la capital de un Estado palestino. Pero la comunidad internacional insiste en que el trazado futuro de la frontera debe ser negociado entre ambas partes. Incluso Trump dijo eso.<\/p>\n<p>El presidente estadounidense anunci\u00f3 varias veces en el pasado \u00abel acuerdo definitivo\u00bb entre israel\u00edes y palestinos. El enviado estadounidense y yerno de Trump, Jared Kushner, asegur\u00f3 hoy que el Gobierno estadounidense se seguir\u00e1 esforzando por lograr un acuerdo de paz entre israel\u00edes y palestinos.<\/p>\n<p>El presidente de Estados Unidos subray\u00f3 en los \u00faltimos meses que la decisi\u00f3n con respecto a Jerusal\u00e9n pondr\u00e1 en movimiento el estancado proceso de paz. \u00abQuitamos de la mesa Jerusal\u00e9n, la parte m\u00e1s dura de las negociaciones\u00bb, dijo en enero. Las \u00faltimas conversaciones de paz bajo la direcci\u00f3n de Estados Unidos fracasaron hace cuatro a\u00f1os.<\/p>\n<p>Frings no ve ninguna posibilidad de un impulso positivo en la decisi\u00f3n de Estados Unidos sobre su embajada. \u00abCon esta decisi\u00f3n, s\u00f3lo se echa aceite al fuego, en torno al que se re\u00fanen las fuerzas radicales de la regi\u00f3n\u00bb, dijo el polit\u00f3logo. Las fuerzas radicales en Israel y en el lado palestino, que no creen en la posibilidad de la paz, se ven fortalecidas de esta manera, consider\u00f3.<\/p>\n<p>\u00abEl consenso internacional que hab\u00eda hasta ahora se abland\u00f3\u00bb. As\u00ed, por ejemplo, tambi\u00e9n pa\u00edses de la UE se mostraron reticentes a condenar la manera de proceder de Estados Unidos. \u00abDe esta manera, una soluci\u00f3n completa es cada vez m\u00e1s dif\u00edcil\u00bb, dijo Frings.<\/p>\n<p>Con la apertura de la embajada en Jerusal\u00e9n, Trump cumple una promesa de campa\u00f1a. El ministro de Defensa israel\u00ed, Avigdor Lieberman, asegur\u00f3 hace alrededor de una semana que Israel deber\u00e1 pagar un precio alto por el traslado de la embajada. \u00abPero lo vale\u00bb, dijo, seg\u00fan medios locales. \u00abNo hay nada gratis\u00bb.<\/p>\n<p><i class=\"lang-es\"><span class=\" readonly\" title=\"\">Por Sara Lemel y Stefanie J\u00e4rkel (dpa)<\/span><\/i><\/p>\n<p>&nbsp;<\/p>\n","protected":false},"excerpt":{"rendered":"<p>Jerusal\u00e9n\/Gaza, 14 may (dpa) &#8211; Para los israel\u00edes, se trata de un paso hist\u00f3rico. Para los palestinos, de un detonante de ira: el traslado de la embajada de Estados Unidos de Tel Aviv a Jerusal\u00e9n pone a tambalear viejas realidades. En el d\u00eda de la inauguraci\u00f3n de la embajada, decenas de palestinos murieron en violentas [&hellip;]<\/p>\n","protected":false},"author":1,"featured_media":980353,"comment_status":"closed","ping_status":"closed","sticky":false,"template":"","format":"standard","meta":{"footnotes":""},"categories":[1],"tags":[],"class_list":["post-980352","post","type-post","status-publish","format-standard","has-post-thumbnail","hentry","category-actualidad"],"aioseo_notices":[],"aioseo_head":"\n\t\t<!-- All in One SEO Pro 5.0.1 - aioseo.com -->\n\t<meta name=\"description\" content=\"Jerusal\u00e9n\/Gaza, 14 may (dpa) - Para los israel\u00edes, se trata de un paso hist\u00f3rico. Para los palestinos, de un detonante de ira: el traslado de la embajada de Estados Unidos de Tel Aviv a Jerusal\u00e9n pone a tambalear viejas realidades. En el d\u00eda de la inauguraci\u00f3n de la embajada, decenas de palestinos murieron en violentas\" \/>\n\t<meta name=\"robots\" content=\"max-image-preview:large\" \/>\n\t<meta name=\"author\" content=\"El Digital de Asturias\"\/>\n\t<meta name=\"google-site-verification\" content=\"UA-38556648-1\" \/>\n\t<meta name=\"msvalidate.01\" content=\"7dfe9f3f1b24437ab69f4f2559babe99\" \/>\n\t<meta name=\"keywords\" content=\"actualidad\" \/>\n\t<link rel=\"canonical\" href=\"https:\/\/www.eldigitaldeasturias.com\/noticias\/ciudad-santa-en-el-ojo-del-huracan-estados-unidos-abre-su-embajada-en-jerusalen\/\" \/>\n\t<meta name=\"generator\" content=\"All in One SEO Pro (AIOSEO) 5.0.1\" \/>\n\t\t<meta property=\"og:locale\" content=\"es_ES\" \/>\n\t\t<meta property=\"og:site_name\" content=\"El Digital de Asturias\" \/>\n\t\t<meta property=\"og:type\" content=\"article\" \/>\n\t\t<meta property=\"og:title\" content=\"Ciudad Santa en el ojo del hurac\u00e1n: Estados Unidos abre su embajada en Jerusal\u00e9n - El Digital de Asturias\" \/>\n\t\t<meta property=\"og:description\" content=\"Jerusal\u00e9n\/Gaza, 14 may (dpa) - Para los israel\u00edes, se trata de un paso hist\u00f3rico. Para los palestinos, de un detonante de ira: el traslado de la embajada de Estados Unidos de Tel Aviv a Jerusal\u00e9n pone a tambalear viejas realidades. En el d\u00eda de la inauguraci\u00f3n de la embajada, decenas de palestinos murieron en violentas\" \/>\n\t\t<meta property=\"og:url\" content=\"https:\/\/www.eldigitaldeasturias.com\/noticias\/ciudad-santa-en-el-ojo-del-huracan-estados-unidos-abre-su-embajada-en-jerusalen\/\" \/>\n\t\t<meta property=\"article:tag\" content=\"actualidad\" \/>\n\t\t<meta property=\"article:published_time\" content=\"2018-05-14T20:27:54+00:00\" \/>\n\t\t<meta property=\"article:modified_time\" content=\"2018-05-14T20:27:54+00:00\" \/>\n\t\t<meta property=\"article:publisher\" content=\"https:\/\/facebook.com\/eldigitaldeasturias\" \/>\n\t\t<meta name=\"twitter:card\" content=\"summary_large_image\" \/>\n\t\t<meta name=\"twitter:title\" content=\"Ciudad Santa en el ojo del hurac\u00e1n: Estados Unidos abre su embajada en Jerusal\u00e9n - El Digital de Asturias\" \/>\n\t\t<meta name=\"twitter:description\" content=\"Jerusal\u00e9n\/Gaza, 14 may (dpa) - Para los israel\u00edes, se trata de un paso hist\u00f3rico. Para los palestinos, de un detonante de ira: el traslado de la embajada de Estados Unidos de Tel Aviv a Jerusal\u00e9n pone a tambalear viejas realidades. En el d\u00eda de la inauguraci\u00f3n de la embajada, decenas de palestinos murieron en violentas\" \/>\n\t\t<meta name=\"twitter:image\" content=\"https:\/\/www.eldigitaldeasturias.com\/noticias\/wp-content\/uploads\/2020\/12\/EDA-1.jpg\" \/>\n\t\t<meta name=\"twitter:label1\" content=\"Escrito por\" \/>\n\t\t<meta name=\"twitter:data1\" content=\"El Digital de Asturias\" \/>\n\t\t<meta name=\"twitter:label2\" content=\"Tiempo de lectura estimado\" \/>\n\t\t<meta name=\"twitter:data2\" content=\"6 minutos\" \/>\n\t\t<script type=\"application\/ld+json\" class=\"aioseo-schema\">\n\t\t\t{\"@context\":\"https:\\\/\\\/schema.org\",\"@graph\":[{\"@type\":\"BlogPosting\",\"@id\":\"https:\\\/\\\/www.eldigitaldeasturias.com\\\/noticias\\\/ciudad-santa-en-el-ojo-del-huracan-estados-unidos-abre-su-embajada-en-jerusalen\\\/#blogposting\",\"name\":\"Ciudad Santa en el ojo del hurac\\u00e1n: Estados Unidos abre su embajada en Jerusal\\u00e9n - El Digital de Asturias\",\"headline\":\"Ciudad Santa en el ojo del hurac\\u00e1n: Estados Unidos abre su embajada en Jerusal\\u00e9n\",\"author\":{\"@id\":\"https:\\\/\\\/www.eldigitaldeasturias.com\\\/noticias\\\/author\\\/admin\\\/#author\"},\"publisher\":{\"@id\":\"https:\\\/\\\/www.eldigitaldeasturias.com\\\/noticias\\\/#organization\"},\"image\":{\"@type\":\"ImageObject\",\"url\":980353},\"datePublished\":\"2018-05-14T20:27:54+02:00\",\"dateModified\":\"2018-05-14T20:27:54+02:00\",\"inLanguage\":\"es-ES\",\"mainEntityOfPage\":{\"@id\":\"https:\\\/\\\/www.eldigitaldeasturias.com\\\/noticias\\\/ciudad-santa-en-el-ojo-del-huracan-estados-unidos-abre-su-embajada-en-jerusalen\\\/#webpage\"},\"isPartOf\":{\"@id\":\"https:\\\/\\\/www.eldigitaldeasturias.com\\\/noticias\\\/ciudad-santa-en-el-ojo-del-huracan-estados-unidos-abre-su-embajada-en-jerusalen\\\/#webpage\"},\"articleSection\":\"Actualidad\"},{\"@type\":\"BreadcrumbList\",\"@id\":\"https:\\\/\\\/www.eldigitaldeasturias.com\\\/noticias\\\/ciudad-santa-en-el-ojo-del-huracan-estados-unidos-abre-su-embajada-en-jerusalen\\\/#breadcrumblist\",\"itemListElement\":[{\"@type\":\"ListItem\",\"@id\":\"https:\\\/\\\/www.eldigitaldeasturias.com\\\/noticias#listItem\",\"position\":1,\"name\":\"Home\",\"item\":\"https:\\\/\\\/www.eldigitaldeasturias.com\\\/noticias\",\"nextItem\":{\"@type\":\"ListItem\",\"@id\":\"https:\\\/\\\/www.eldigitaldeasturias.com\\\/noticias\\\/category\\\/actualidad\\\/#listItem\",\"name\":\"Actualidad\"}},{\"@type\":\"ListItem\",\"@id\":\"https:\\\/\\\/www.eldigitaldeasturias.com\\\/noticias\\\/category\\\/actualidad\\\/#listItem\",\"position\":2,\"name\":\"Actualidad\",\"item\":\"https:\\\/\\\/www.eldigitaldeasturias.com\\\/noticias\\\/category\\\/actualidad\\\/\",\"nextItem\":{\"@type\":\"ListItem\",\"@id\":\"https:\\\/\\\/www.eldigitaldeasturias.com\\\/noticias\\\/ciudad-santa-en-el-ojo-del-huracan-estados-unidos-abre-su-embajada-en-jerusalen\\\/#listItem\",\"name\":\"Ciudad Santa en el ojo del hurac\\u00e1n: Estados Unidos abre su embajada en Jerusal\\u00e9n\"},\"previousItem\":{\"@type\":\"ListItem\",\"@id\":\"https:\\\/\\\/www.eldigitaldeasturias.com\\\/noticias#listItem\",\"name\":\"Home\"}},{\"@type\":\"ListItem\",\"@id\":\"https:\\\/\\\/www.eldigitaldeasturias.com\\\/noticias\\\/ciudad-santa-en-el-ojo-del-huracan-estados-unidos-abre-su-embajada-en-jerusalen\\\/#listItem\",\"position\":3,\"name\":\"Ciudad Santa en el ojo del hurac\\u00e1n: Estados Unidos abre su embajada en Jerusal\\u00e9n\",\"previousItem\":{\"@type\":\"ListItem\",\"@id\":\"https:\\\/\\\/www.eldigitaldeasturias.com\\\/noticias\\\/category\\\/actualidad\\\/#listItem\",\"name\":\"Actualidad\"}}]},{\"@type\":\"Organization\",\"@id\":\"https:\\\/\\\/www.eldigitaldeasturias.com\\\/noticias\\\/#organization\",\"name\":\"El Digital de Asturias\",\"description\":\"Hemeroteca\",\"url\":\"https:\\\/\\\/www.eldigitaldeasturias.com\\\/noticias\\\/\",\"email\":\"info@eldigitaldeasturias.com\",\"telephone\":\"+34652131393\",\"logo\":{\"@type\":\"ImageObject\",\"url\":\"https:\\\/\\\/www.eldigitaldeasturias.com\\\/noticias\\\/wp-content\\\/uploads\\\/2020\\\/12\\\/EDA.jpg\",\"@id\":\"https:\\\/\\\/www.eldigitaldeasturias.com\\\/noticias\\\/ciudad-santa-en-el-ojo-del-huracan-estados-unidos-abre-su-embajada-en-jerusalen\\\/#organizationLogo\"},\"image\":{\"@id\":\"https:\\\/\\\/www.eldigitaldeasturias.com\\\/noticias\\\/ciudad-santa-en-el-ojo-del-huracan-estados-unidos-abre-su-embajada-en-jerusalen\\\/#organizationLogo\"},\"sameAs\":[\"https:\\\/\\\/facebook.com\\\/eldigitaldeasturias\",\"https:\\\/\\\/www.youtube.com\\\/channel\\\/UCZP-2wLEB9Rv6erhFmqVnvg\"],\"address\":{\"@id\":\"https:\\\/\\\/www.eldigitaldeasturias.com\\\/noticias\\\/#postaladdress\",\"@type\":\"PostalAddress\",\"streetAddress\":\"san antonio 4\",\"postalCode\":\"33430\",\"addressLocality\":\"Cand\\u00e1s\",\"addressRegion\":\"Asturias\",\"addressCountry\":\"ES\"}},{\"@type\":\"Person\",\"@id\":\"https:\\\/\\\/www.eldigitaldeasturias.com\\\/noticias\\\/author\\\/admin\\\/#author\",\"url\":\"https:\\\/\\\/www.eldigitaldeasturias.com\\\/noticias\\\/author\\\/admin\\\/\",\"name\":\"El Digital de Asturias\",\"image\":{\"@type\":\"ImageObject\",\"@id\":\"https:\\\/\\\/www.eldigitaldeasturias.com\\\/noticias\\\/ciudad-santa-en-el-ojo-del-huracan-estados-unidos-abre-su-embajada-en-jerusalen\\\/#authorImage\",\"url\":\"https:\\\/\\\/secure.gravatar.com\\\/avatar\\\/df2aeffc32bcd13f8d26072ef8a91b623d677766deac7f97ca815868cd41bf5e?s=96&d=mm&r=g\",\"width\":96,\"height\":96,\"caption\":\"El Digital de Asturias\"}},{\"@type\":\"WebPage\",\"@id\":\"https:\\\/\\\/www.eldigitaldeasturias.com\\\/noticias\\\/ciudad-santa-en-el-ojo-del-huracan-estados-unidos-abre-su-embajada-en-jerusalen\\\/#webpage\",\"url\":\"https:\\\/\\\/www.eldigitaldeasturias.com\\\/noticias\\\/ciudad-santa-en-el-ojo-del-huracan-estados-unidos-abre-su-embajada-en-jerusalen\\\/\",\"name\":\"Ciudad Santa en el ojo del hurac\\u00e1n: Estados Unidos abre su embajada en Jerusal\\u00e9n - El Digital de Asturias\",\"description\":\"Jerusal\\u00e9n\\\/Gaza, 14 may (dpa) - Para los israel\\u00edes, se trata de un paso hist\\u00f3rico. Para los palestinos, de un detonante de ira: el traslado de la embajada de Estados Unidos de Tel Aviv a Jerusal\\u00e9n pone a tambalear viejas realidades. En el d\\u00eda de la inauguraci\\u00f3n de la embajada, decenas de palestinos murieron en violentas\",\"inLanguage\":\"es-ES\",\"isPartOf\":{\"@id\":\"https:\\\/\\\/www.eldigitaldeasturias.com\\\/noticias\\\/#website\"},\"breadcrumb\":{\"@id\":\"https:\\\/\\\/www.eldigitaldeasturias.com\\\/noticias\\\/ciudad-santa-en-el-ojo-del-huracan-estados-unidos-abre-su-embajada-en-jerusalen\\\/#breadcrumblist\"},\"author\":{\"@id\":\"https:\\\/\\\/www.eldigitaldeasturias.com\\\/noticias\\\/author\\\/admin\\\/#author\"},\"creator\":{\"@id\":\"https:\\\/\\\/www.eldigitaldeasturias.com\\\/noticias\\\/author\\\/admin\\\/#author\"},\"image\":{\"@type\":\"ImageObject\",\"url\":980353,\"@id\":\"https:\\\/\\\/www.eldigitaldeasturias.com\\\/noticias\\\/ciudad-santa-en-el-ojo-del-huracan-estados-unidos-abre-su-embajada-en-jerusalen\\\/#mainImage\"},\"primaryImageOfPage\":{\"@id\":\"https:\\\/\\\/www.eldigitaldeasturias.com\\\/noticias\\\/ciudad-santa-en-el-ojo-del-huracan-estados-unidos-abre-su-embajada-en-jerusalen\\\/#mainImage\"},\"datePublished\":\"2018-05-14T20:27:54+02:00\",\"dateModified\":\"2018-05-14T20:27:54+02:00\"},{\"@type\":\"WebSite\",\"@id\":\"https:\\\/\\\/www.eldigitaldeasturias.com\\\/noticias\\\/#website\",\"url\":\"https:\\\/\\\/www.eldigitaldeasturias.com\\\/noticias\\\/\",\"name\":\"El Digital de Asturias - Diario de actualidad y noticias\",\"alternateName\":\"El Digital de Asturias - Diario de actualidad y noticias\",\"description\":\"Hemeroteca\",\"inLanguage\":\"es-ES\",\"publisher\":{\"@id\":\"https:\\\/\\\/www.eldigitaldeasturias.com\\\/noticias\\\/#organization\"}}]}\n\t\t<\/script>\n\t\t<!-- All in One SEO Pro -->\r\n\t\t<title>Ciudad Santa en el ojo del hurac\u00e1n: Estados Unidos abre su embajada en Jerusal\u00e9n - El Digital de Asturias<\/title>\n\n","aioseo_head_json":{"title":"Ciudad Santa en el ojo del hurac\u00e1n: Estados Unidos abre su embajada en Jerusal\u00e9n - El Digital de Asturias","description":"Jerusal\u00e9n\/Gaza, 14 may (dpa) - Para los israel\u00edes, se trata de un paso hist\u00f3rico. Para los palestinos, de un detonante de ira: el traslado de la embajada de Estados Unidos de Tel Aviv a Jerusal\u00e9n pone a tambalear viejas realidades. En el d\u00eda de la inauguraci\u00f3n de la embajada, decenas de palestinos murieron en violentas","canonical_url":"https:\/\/www.eldigitaldeasturias.com\/noticias\/ciudad-santa-en-el-ojo-del-huracan-estados-unidos-abre-su-embajada-en-jerusalen\/","robots":"max-image-preview:large","keywords":"actualidad","webmasterTools":{"google-site-verification":"UA-38556648-1","msvalidate.01":"7dfe9f3f1b24437ab69f4f2559babe99","miscellaneous":""},"schema":{"@context":"https:\/\/schema.org","@graph":[{"@type":"BlogPosting","@id":"https:\/\/www.eldigitaldeasturias.com\/noticias\/ciudad-santa-en-el-ojo-del-huracan-estados-unidos-abre-su-embajada-en-jerusalen\/#blogposting","name":"Ciudad Santa en el ojo del hurac\u00e1n: Estados Unidos abre su embajada en Jerusal\u00e9n - El Digital de Asturias","headline":"Ciudad Santa en el ojo del hurac\u00e1n: Estados Unidos abre su embajada en Jerusal\u00e9n","author":{"@id":"https:\/\/www.eldigitaldeasturias.com\/noticias\/author\/admin\/#author"},"publisher":{"@id":"https:\/\/www.eldigitaldeasturias.com\/noticias\/#organization"},"image":{"@type":"ImageObject","url":980353},"datePublished":"2018-05-14T20:27:54+02:00","dateModified":"2018-05-14T20:27:54+02:00","inLanguage":"es-ES","mainEntityOfPage":{"@id":"https:\/\/www.eldigitaldeasturias.com\/noticias\/ciudad-santa-en-el-ojo-del-huracan-estados-unidos-abre-su-embajada-en-jerusalen\/#webpage"},"isPartOf":{"@id":"https:\/\/www.eldigitaldeasturias.com\/noticias\/ciudad-santa-en-el-ojo-del-huracan-estados-unidos-abre-su-embajada-en-jerusalen\/#webpage"},"articleSection":"Actualidad"},{"@type":"BreadcrumbList","@id":"https:\/\/www.eldigitaldeasturias.com\/noticias\/ciudad-santa-en-el-ojo-del-huracan-estados-unidos-abre-su-embajada-en-jerusalen\/#breadcrumblist","itemListElement":[{"@type":"ListItem","@id":"https:\/\/www.eldigitaldeasturias.com\/noticias#listItem","position":1,"name":"Home","item":"https:\/\/www.eldigitaldeasturias.com\/noticias","nextItem":{"@type":"ListItem","@id":"https:\/\/www.eldigitaldeasturias.com\/noticias\/category\/actualidad\/#listItem","name":"Actualidad"}},{"@type":"ListItem","@id":"https:\/\/www.eldigitaldeasturias.com\/noticias\/category\/actualidad\/#listItem","position":2,"name":"Actualidad","item":"https:\/\/www.eldigitaldeasturias.com\/noticias\/category\/actualidad\/","nextItem":{"@type":"ListItem","@id":"https:\/\/www.eldigitaldeasturias.com\/noticias\/ciudad-santa-en-el-ojo-del-huracan-estados-unidos-abre-su-embajada-en-jerusalen\/#listItem","name":"Ciudad Santa en el ojo del hurac\u00e1n: Estados Unidos abre su embajada en Jerusal\u00e9n"},"previousItem":{"@type":"ListItem","@id":"https:\/\/www.eldigitaldeasturias.com\/noticias#listItem","name":"Home"}},{"@type":"ListItem","@id":"https:\/\/www.eldigitaldeasturias.com\/noticias\/ciudad-santa-en-el-ojo-del-huracan-estados-unidos-abre-su-embajada-en-jerusalen\/#listItem","position":3,"name":"Ciudad Santa en el ojo del hurac\u00e1n: Estados Unidos abre su embajada en Jerusal\u00e9n","previousItem":{"@type":"ListItem","@id":"https:\/\/www.eldigitaldeasturias.com\/noticias\/category\/actualidad\/#listItem","name":"Actualidad"}}]},{"@type":"Organization","@id":"https:\/\/www.eldigitaldeasturias.com\/noticias\/#organization","name":"El Digital de Asturias","description":"Hemeroteca","url":"https:\/\/www.eldigitaldeasturias.com\/noticias\/","email":"info@eldigitaldeasturias.com","telephone":"+34652131393","logo":{"@type":"ImageObject","url":"https:\/\/www.eldigitaldeasturias.com\/noticias\/wp-content\/uploads\/2020\/12\/EDA.jpg","@id":"https:\/\/www.eldigitaldeasturias.com\/noticias\/ciudad-santa-en-el-ojo-del-huracan-estados-unidos-abre-su-embajada-en-jerusalen\/#organizationLogo"},"image":{"@id":"https:\/\/www.eldigitaldeasturias.com\/noticias\/ciudad-santa-en-el-ojo-del-huracan-estados-unidos-abre-su-embajada-en-jerusalen\/#organizationLogo"},"sameAs":["https:\/\/facebook.com\/eldigitaldeasturias","https:\/\/www.youtube.com\/channel\/UCZP-2wLEB9Rv6erhFmqVnvg"],"address":{"@id":"https:\/\/www.eldigitaldeasturias.com\/noticias\/#postaladdress","@type":"PostalAddress","streetAddress":"san antonio 4","postalCode":"33430","addressLocality":"Cand\u00e1s","addressRegion":"Asturias","addressCountry":"ES"}},{"@type":"Person","@id":"https:\/\/www.eldigitaldeasturias.com\/noticias\/author\/admin\/#author","url":"https:\/\/www.eldigitaldeasturias.com\/noticias\/author\/admin\/","name":"El Digital de Asturias","image":{"@type":"ImageObject","@id":"https:\/\/www.eldigitaldeasturias.com\/noticias\/ciudad-santa-en-el-ojo-del-huracan-estados-unidos-abre-su-embajada-en-jerusalen\/#authorImage","url":"https:\/\/secure.gravatar.com\/avatar\/df2aeffc32bcd13f8d26072ef8a91b623d677766deac7f97ca815868cd41bf5e?s=96&d=mm&r=g","width":96,"height":96,"caption":"El Digital de Asturias"}},{"@type":"WebPage","@id":"https:\/\/www.eldigitaldeasturias.com\/noticias\/ciudad-santa-en-el-ojo-del-huracan-estados-unidos-abre-su-embajada-en-jerusalen\/#webpage","url":"https:\/\/www.eldigitaldeasturias.com\/noticias\/ciudad-santa-en-el-ojo-del-huracan-estados-unidos-abre-su-embajada-en-jerusalen\/","name":"Ciudad Santa en el ojo del hurac\u00e1n: Estados Unidos abre su embajada en Jerusal\u00e9n - El Digital de Asturias","description":"Jerusal\u00e9n\/Gaza, 14 may (dpa) - Para los israel\u00edes, se trata de un paso hist\u00f3rico. Para los palestinos, de un detonante de ira: el traslado de la embajada de Estados Unidos de Tel Aviv a Jerusal\u00e9n pone a tambalear viejas realidades. En el d\u00eda de la inauguraci\u00f3n de la embajada, decenas de palestinos murieron en violentas","inLanguage":"es-ES","isPartOf":{"@id":"https:\/\/www.eldigitaldeasturias.com\/noticias\/#website"},"breadcrumb":{"@id":"https:\/\/www.eldigitaldeasturias.com\/noticias\/ciudad-santa-en-el-ojo-del-huracan-estados-unidos-abre-su-embajada-en-jerusalen\/#breadcrumblist"},"author":{"@id":"https:\/\/www.eldigitaldeasturias.com\/noticias\/author\/admin\/#author"},"creator":{"@id":"https:\/\/www.eldigitaldeasturias.com\/noticias\/author\/admin\/#author"},"image":{"@type":"ImageObject","url":980353,"@id":"https:\/\/www.eldigitaldeasturias.com\/noticias\/ciudad-santa-en-el-ojo-del-huracan-estados-unidos-abre-su-embajada-en-jerusalen\/#mainImage"},"primaryImageOfPage":{"@id":"https:\/\/www.eldigitaldeasturias.com\/noticias\/ciudad-santa-en-el-ojo-del-huracan-estados-unidos-abre-su-embajada-en-jerusalen\/#mainImage"},"datePublished":"2018-05-14T20:27:54+02:00","dateModified":"2018-05-14T20:27:54+02:00"},{"@type":"WebSite","@id":"https:\/\/www.eldigitaldeasturias.com\/noticias\/#website","url":"https:\/\/www.eldigitaldeasturias.com\/noticias\/","name":"El Digital de Asturias - Diario de actualidad y noticias","alternateName":"El Digital de Asturias - Diario de actualidad y noticias","description":"Hemeroteca","inLanguage":"es-ES","publisher":{"@id":"https:\/\/www.eldigitaldeasturias.com\/noticias\/#organization"}}]},"og:locale":"es_ES","og:site_name":"El Digital de Asturias","og:type":"article","og:title":"Ciudad Santa en el ojo del hurac\u00e1n: Estados Unidos abre su embajada en Jerusal\u00e9n - El Digital de Asturias","og:description":"Jerusal\u00e9n\/Gaza, 14 may (dpa) - Para los israel\u00edes, se trata de un paso hist\u00f3rico. Para los palestinos, de un detonante de ira: el traslado de la embajada de Estados Unidos de Tel Aviv a Jerusal\u00e9n pone a tambalear viejas realidades. En el d\u00eda de la inauguraci\u00f3n de la embajada, decenas de palestinos murieron en violentas","og:url":"https:\/\/www.eldigitaldeasturias.com\/noticias\/ciudad-santa-en-el-ojo-del-huracan-estados-unidos-abre-su-embajada-en-jerusalen\/","article:tag":["actualidad"],"article:published_time":"2018-05-14T20:27:54+00:00","article:modified_time":"2018-05-14T20:27:54+00:00","article:publisher":"https:\/\/facebook.com\/eldigitaldeasturias","twitter:card":"summary_large_image","twitter:title":"Ciudad Santa en el ojo del hurac\u00e1n: Estados Unidos abre su embajada en Jerusal\u00e9n - El Digital de Asturias","twitter:description":"Jerusal\u00e9n\/Gaza, 14 may (dpa) - Para los israel\u00edes, se trata de un paso hist\u00f3rico. Para los palestinos, de un detonante de ira: el traslado de la embajada de Estados Unidos de Tel Aviv a Jerusal\u00e9n pone a tambalear viejas realidades. En el d\u00eda de la inauguraci\u00f3n de la embajada, decenas de palestinos murieron en violentas","twitter:image":"https:\/\/www.eldigitaldeasturias.com\/noticias\/wp-content\/uploads\/2020\/12\/EDA-1.jpg","twitter:label1":"Escrito por","twitter:data1":"El Digital de Asturias","twitter:label2":"Tiempo de lectura estimado","twitter:data2":"6 minutos"},"aioseo_meta_data":{"post_id":"980352","title":null,"description":null,"keywords":null,"keyphrases":null,"primary_term":null,"canonical_url":null,"og_title":null,"og_description":null,"og_object_type":"default","og_image_type":"default","og_image_url":null,"og_image_width":null,"og_image_height":null,"og_image_custom_url":null,"og_image_custom_fields":null,"og_video":null,"og_custom_url":null,"og_article_section":null,"og_article_tags":null,"twitter_use_og":false,"twitter_card":"default","twitter_image_type":"default","twitter_image_url":null,"twitter_image_custom_url":null,"twitter_image_custom_fields":null,"twitter_title":null,"twitter_description":null,"schema":{"blockGraphs":[],"customGraphs":[],"default":{"data":{"Article":[],"Course":[],"Dataset":[],"FAQPage":[],"Movie":[],"Person":[],"Product":[],"ProductReview":[],"Car":[],"Recipe":[],"Service":[],"SoftwareApplication":[],"WebPage":[]},"graphName":"","isEnabled":true},"graphs":[],"defaultGraph":"","defaultPostTypeGraph":""},"schema_type":null,"schema_type_options":null,"pillar_content":false,"robots_default":true,"robots_noindex":false,"robots_noarchive":false,"robots_nosnippet":false,"robots_nofollow":false,"robots_noimageindex":false,"robots_noodp":false,"robots_notranslate":false,"robots_max_snippet":null,"robots_max_videopreview":null,"robots_max_imagepreview":"large","priority":null,"frequency":null,"local_seo":null,"seo_analyzer_scan_date":"2025-10-08 17:37:09","breadcrumb_settings":null,"limit_modified_date":false,"open_ai":null,"ai":null,"created":"2020-12-21 11:57:38","updated":"2025-10-08 17:37:09","focus_keyword":null,"additional_keywords":null,"truseo_locale":null},"aioseo_breadcrumb":"<div class=\"aioseo-breadcrumbs\"><span class=\"aioseo-breadcrumb\">\n\t<a href=\"https:\/\/www.eldigitaldeasturias.com\/noticias\" title=\"Home\">Home<\/a>\n<\/span><span class=\"aioseo-breadcrumb-separator\">\u2013<\/span><span class=\"aioseo-breadcrumb\">\n\t<a href=\"https:\/\/www.eldigitaldeasturias.com\/noticias\/category\/actualidad\/\" title=\"Actualidad\">Actualidad<\/a>\n<\/span><span class=\"aioseo-breadcrumb-separator\">\u2013<\/span><span class=\"aioseo-breadcrumb\">\n\t<a href=\"https:\/\/www.eldigitaldeasturias.com\/noticias\/ciudad-santa-en-el-ojo-del-huracan-estados-unidos-abre-su-embajada-en-jerusalen\/\" title=\"Ciudad Santa en el ojo del hurac\u00e1n: Estados Unidos abre su embajada en Jerusal\u00e9n\">Ciudad Santa en el ojo del hurac\u00e1n: Estados Unidos abre su embajada en Jerusal\u00e9n<\/a>\n<\/span><\/div>","aioseo_breadcrumb_json":[{"label":"Home","link":"https:\/\/www.eldigitaldeasturias.com\/noticias"},{"label":"Actualidad","link":"https:\/\/www.eldigitaldeasturias.com\/noticias\/category\/actualidad\/"},{"label":"Ciudad Santa en el ojo del hurac\u00e1n: Estados Unidos abre su embajada en Jerusal\u00e9n","link":"https:\/\/www.eldigitaldeasturias.com\/noticias\/ciudad-santa-en-el-ojo-del-huracan-estados-unidos-abre-su-embajada-en-jerusalen\/"}],"_links":{"self":[{"href":"https:\/\/www.eldigitaldeasturias.com\/noticias\/wp-json\/wp\/v2\/posts\/980352","targetHints":{"allow":["GET"]}}],"collection":[{"href":"https:\/\/www.eldigitaldeasturias.com\/noticias\/wp-json\/wp\/v2\/posts"}],"about":[{"href":"https:\/\/www.eldigitaldeasturias.com\/noticias\/wp-json\/wp\/v2\/types\/post"}],"author":[{"embeddable":true,"href":"https:\/\/www.eldigitaldeasturias.com\/noticias\/wp-json\/wp\/v2\/users\/1"}],"replies":[{"embeddable":true,"href":"https:\/\/www.eldigitaldeasturias.com\/noticias\/wp-json\/wp\/v2\/comments?post=980352"}],"version-history":[{"count":0,"href":"https:\/\/www.eldigitaldeasturias.com\/noticias\/wp-json\/wp\/v2\/posts\/980352\/revisions"}],"wp:attachment":[{"href":"https:\/\/www.eldigitaldeasturias.com\/noticias\/wp-json\/wp\/v2\/media?parent=980352"}],"wp:term":[{"taxonomy":"category","embeddable":true,"href":"https:\/\/www.eldigitaldeasturias.com\/noticias\/wp-json\/wp\/v2\/categories?post=980352"},{"taxonomy":"post_tag","embeddable":true,"href":"https:\/\/www.eldigitaldeasturias.com\/noticias\/wp-json\/wp\/v2\/tags?post=980352"}],"curies":[{"name":"wp","href":"https:\/\/api.w.org\/{rel}","templated":true}]}}