{"id":980343,"date":"2018-05-14T20:18:43","date_gmt":"2018-05-14T20:18:43","guid":{"rendered":"http:\/\/www.eldigitaldeasturias.com\/noticias\/?p=980343"},"modified":"2018-05-14T20:18:43","modified_gmt":"2018-05-14T20:18:43","slug":"sigue-la-tension-independentista-torra-nuevo-presidente-de-cataluna","status":"publish","type":"post","link":"https:\/\/www.eldigitaldeasturias.com\/noticias\/sigue-la-tension-independentista-torra-nuevo-presidente-de-cataluna\/","title":{"rendered":"Sigue la tensi\u00f3n independentista: Torra, nuevo presidente de Catalu\u00f1a"},"content":{"rendered":"<p><img loading=\"lazy\" decoding=\"async\" class=\"alignleft size-medium wp-image-973562\" src=\"https:\/\/www.eldigitaldeasturias.com\/noticias\/wp-content\/uploads\/2018\/03\/marcha1-360x240.jpg\" alt=\"\" width=\"360\" height=\"240\" \/>Barcelona\/Madrid, 14 may (dpa) &#8211; El independentista Quim Torra fue investido hoy nuevo presidente de Catalu\u00f1a por el Parlamento en Barcelona, cerrando as\u00ed cinco meses de par\u00e1lisis pol\u00edtica en la regi\u00f3n e inaugurando una nueva etapa que promete seguir marcada por la escalada de tensi\u00f3n con el Gobierno espa\u00f1ol.<\/p>\n<p>El escritor y abogado de 55 a\u00f1os, f\u00e9rreo secesionista, prometi\u00f3 seguir adelante con el plan para convertir la regi\u00f3n en \u00abun Estado soberano en forma de rep\u00fablica\u00bb, abri\u00f3 la puerta a la unilateralidad y la desobediencia y reivindic\u00f3 como \u00fanico \u00abpresidente leg\u00edtimo\u00bb a Carles Puigdemont, su antecesor destituido y pr\u00f3fugo.<\/p>\n<p>\u00abLo investiremos. Es uno de los objetivos que nos proponemos\u00bb, se\u00f1al\u00f3 Torra sobre Puigdemont tras ser elegido en la c\u00e1mara con 66 votos a favor y 65 en contra despu\u00e9s de otro tenso debate. \u00abHaremos rep\u00fablica, haremos rep\u00fablica catalana\u00bb, proclam\u00f3.<\/p>\n<p>La investidura de Torra devuelve a Catalu\u00f1a un Gobierno propio m\u00e1s de medio a\u00f1o despu\u00e9s de que el Gobierno central de Mariano Rajoy interviniera la autonom\u00eda de la regi\u00f3n el 27 de octubre para poner freno al plan soberanista, que hab\u00eda culminado ese mismo d\u00eda con el Parlamento catal\u00e1n aprobando crear una rep\u00fablica independiente.<\/p>\n<p>Pero la recuperaci\u00f3n del autogobierno, que se plasmar\u00e1 los pr\u00f3ximos d\u00edas cuando el Ejecutivo de Torra quede instaurado y Madrid levante su intervenci\u00f3n, est\u00e1 lejos de disolver la tensi\u00f3n entre el independentismo y el Estado central que viene dominando desde hace meses la agenda pol\u00edtica en Espa\u00f1a.<\/p>\n<p>Torra anunci\u00f3 hoy diversas medidas pol\u00e9micas como abrir un proceso constituyente para elaborar una nueva Constituci\u00f3n en Catalu\u00f1a, crear un \u00abconsejo de la Rep\u00fablica\u00bb en el exterior y trabajar por la investidura de Puigdemont, que fue destituido por el Gobierno central ese mismo 27 de octubre y vive desde entonces fuera de Espa\u00f1a.<\/p>\n<p>Ya en el primer debate de investidura el s\u00e1bado hab\u00eda insistido en pintar una Catalu\u00f1a donde los derechos civiles son \u00abpisoteados\u00bb por una Espa\u00f1a que tiene \u00abpresos pol\u00edticos\u00bb (alusi\u00f3n a los pol\u00edticos que est\u00e1n en prisi\u00f3n preventiva procesados por delitos vinculados al plan soberanista).<\/p>\n<p>El ahora presidente del \u00abGovern\u00bb lleg\u00f3 incluso a hablar de una \u00abcrisis humanitaria\u00bb en Catalu\u00f1a, una de las regiones m\u00e1s pr\u00f3speras y con mayor autonom\u00eda de Europa.<\/p>\n<p>Pero fueron antiguos art\u00edculos y tuits de Torra con insultos a Espa\u00f1a y los espa\u00f1oles los que llevaron a las fuerzas antiindependentistas a acusarlo de \u00abxen\u00f3fobo\u00bb, \u00abultranacionalista\u00bb y \u00absupremacista\u00bb.<\/p>\n<p>In\u00e9s Arrimadas, l\u00edder del partido Ciudadanos que gan\u00f3 las elecciones del 21 de diciembre pero no sum\u00f3 mayor\u00eda absoluta para gobernar, ley\u00f3 hoy en la C\u00e1mara citas de Torra llamando \u00abbestias con forma humana\u00bb a los catalanes que hablan espa\u00f1ol o denunciando una \u00abavalancha inmigratoria\u00bb de espa\u00f1oles en Catalu\u00f1a.<\/p>\n<p>\u00abSi en alg\u00fan momento he podido usar una palabra inconveniente, lo lamento, no volver\u00e1 a pasar\u00bb, se disculp\u00f3 Torra, que opt\u00f3 hoy por un tono m\u00e1s pragm\u00e1tico y moderado y enumer\u00f3 un exhaustivo cat\u00e1logo de medidas en materia de educaci\u00f3n, salud, inmigraci\u00f3n, cultura, deporte, econom\u00eda, industria, energ\u00eda, transporte o medio ambiente.<\/p>\n<p>La ambici\u00f3n de esos planes contrasta con el car\u00e1cter provisional del nuevo Gobierno reconocido por el propio Torra y por Puigdemont, que desde Berl\u00edn especul\u00f3 ya con unas nuevas elecciones catalanas en octubre. Ambos se reunir\u00e1n ma\u00f1ana en Berl\u00edn, donde Puigdemont espera que la Justicia alemana decida sobre su posible entrega a Espa\u00f1a.<\/p>\n<p>La continuidad del plan secesionista, la incertidumbre de un Gobierno catal\u00e1n \u00abprovisional\u00bb, la autoridad a la distancia de Puigdemont y la divisi\u00f3n social en Catalu\u00f1a -donde media poblaci\u00f3n rechaza la independencia y quiere seguir formando parte de Espa\u00f1a- vuelven a abrir un escenario inestable e imprevisible.<\/p>\n<p>En una primera reacci\u00f3n, Rajoy apost\u00f3 por \u00abel entendimiento y la concordia\u00bb, aunque advirti\u00f3 de que trabajar\u00e1 para garantizar \u00abque la ley, la Constituci\u00f3n espa\u00f1ola y el resto del ordenamiento jur\u00eddico se van a cumplir\u00bb. Ma\u00f1ana se reunir\u00e1 con el socialista Pedro S\u00e1nchez, l\u00edder de la oposici\u00f3n, para analizar la nueva situaci\u00f3n.<\/p>\n<p>Por Pablo Sanguinetti (dpa)<\/p>\n","protected":false},"excerpt":{"rendered":"<p>Barcelona\/Madrid, 14 may (dpa) &#8211; El independentista Quim Torra fue investido hoy nuevo presidente de Catalu\u00f1a por el Parlamento en Barcelona, cerrando as\u00ed cinco meses de par\u00e1lisis pol\u00edtica en la regi\u00f3n e inaugurando una nueva etapa que promete seguir marcada por la escalada de tensi\u00f3n con el Gobierno espa\u00f1ol. El escritor y abogado de 55 [&hellip;]<\/p>\n","protected":false},"author":1,"featured_media":973562,"comment_status":"closed","ping_status":"closed","sticky":false,"template":"","format":"standard","meta":{"footnotes":""},"categories":[1],"tags":[],"class_list":["post-980343","post","type-post","status-publish","format-standard","has-post-thumbnail","hentry","category-actualidad"],"aioseo_notices":[],"aioseo_head":"\n\t\t<!-- All in One SEO Pro 5.0.1 - aioseo.com -->\n\t<meta name=\"description\" content=\"Barcelona\/Madrid, 14 may (dpa) - El independentista Quim Torra fue investido hoy nuevo presidente de Catalu\u00f1a por el Parlamento en Barcelona, cerrando as\u00ed cinco meses de par\u00e1lisis pol\u00edtica en la regi\u00f3n e inaugurando una nueva etapa que promete seguir marcada por la escalada de tensi\u00f3n con el Gobierno espa\u00f1ol. El escritor y abogado de 55\" \/>\n\t<meta name=\"robots\" content=\"max-image-preview:large\" \/>\n\t<meta name=\"author\" content=\"El Digital de Asturias\"\/>\n\t<meta name=\"google-site-verification\" content=\"UA-38556648-1\" \/>\n\t<meta name=\"msvalidate.01\" content=\"7dfe9f3f1b24437ab69f4f2559babe99\" \/>\n\t<meta name=\"keywords\" content=\"actualidad\" \/>\n\t<link rel=\"canonical\" href=\"https:\/\/www.eldigitaldeasturias.com\/noticias\/sigue-la-tension-independentista-torra-nuevo-presidente-de-cataluna\/\" \/>\n\t<meta name=\"generator\" content=\"All in One SEO Pro (AIOSEO) 5.0.1\" \/>\n\t\t<meta property=\"og:locale\" content=\"es_ES\" \/>\n\t\t<meta property=\"og:site_name\" content=\"El Digital de Asturias\" \/>\n\t\t<meta property=\"og:type\" content=\"article\" \/>\n\t\t<meta property=\"og:title\" content=\"Sigue la tensi\u00f3n independentista: Torra, nuevo presidente de Catalu\u00f1a - El Digital de Asturias\" \/>\n\t\t<meta property=\"og:description\" content=\"Barcelona\/Madrid, 14 may (dpa) - El independentista Quim Torra fue investido hoy nuevo presidente de Catalu\u00f1a por el Parlamento en Barcelona, cerrando as\u00ed cinco meses de par\u00e1lisis pol\u00edtica en la regi\u00f3n e inaugurando una nueva etapa que promete seguir marcada por la escalada de tensi\u00f3n con el Gobierno espa\u00f1ol. El escritor y abogado de 55\" \/>\n\t\t<meta property=\"og:url\" content=\"https:\/\/www.eldigitaldeasturias.com\/noticias\/sigue-la-tension-independentista-torra-nuevo-presidente-de-cataluna\/\" \/>\n\t\t<meta property=\"article:tag\" content=\"actualidad\" \/>\n\t\t<meta property=\"article:published_time\" content=\"2018-05-14T20:18:43+00:00\" \/>\n\t\t<meta property=\"article:modified_time\" content=\"2018-05-14T20:18:43+00:00\" \/>\n\t\t<meta property=\"article:publisher\" content=\"https:\/\/facebook.com\/eldigitaldeasturias\" \/>\n\t\t<meta name=\"twitter:card\" content=\"summary_large_image\" \/>\n\t\t<meta name=\"twitter:title\" content=\"Sigue la tensi\u00f3n independentista: Torra, nuevo presidente de Catalu\u00f1a - El Digital de Asturias\" \/>\n\t\t<meta name=\"twitter:description\" content=\"Barcelona\/Madrid, 14 may (dpa) - El independentista Quim Torra fue investido hoy nuevo presidente de Catalu\u00f1a por el Parlamento en Barcelona, cerrando as\u00ed cinco meses de par\u00e1lisis pol\u00edtica en la regi\u00f3n e inaugurando una nueva etapa que promete seguir marcada por la escalada de tensi\u00f3n con el Gobierno espa\u00f1ol. El escritor y abogado de 55\" \/>\n\t\t<meta name=\"twitter:image\" content=\"https:\/\/www.eldigitaldeasturias.com\/noticias\/wp-content\/uploads\/2020\/12\/EDA-1.jpg\" \/>\n\t\t<meta name=\"twitter:label1\" content=\"Escrito por\" \/>\n\t\t<meta name=\"twitter:data1\" content=\"El Digital de Asturias\" \/>\n\t\t<meta name=\"twitter:label2\" content=\"Tiempo de lectura estimado\" \/>\n\t\t<meta name=\"twitter:data2\" content=\"4 minutos\" \/>\n\t\t<script type=\"application\/ld+json\" class=\"aioseo-schema\">\n\t\t\t{\"@context\":\"https:\\\/\\\/schema.org\",\"@graph\":[{\"@type\":\"BlogPosting\",\"@id\":\"https:\\\/\\\/www.eldigitaldeasturias.com\\\/noticias\\\/sigue-la-tension-independentista-torra-nuevo-presidente-de-cataluna\\\/#blogposting\",\"name\":\"Sigue la tensi\\u00f3n independentista: Torra, nuevo presidente de Catalu\\u00f1a - El Digital de Asturias\",\"headline\":\"Sigue la tensi\\u00f3n independentista: Torra, nuevo presidente de Catalu\\u00f1a\",\"author\":{\"@id\":\"https:\\\/\\\/www.eldigitaldeasturias.com\\\/noticias\\\/author\\\/admin\\\/#author\"},\"publisher\":{\"@id\":\"https:\\\/\\\/www.eldigitaldeasturias.com\\\/noticias\\\/#organization\"},\"image\":{\"@type\":\"ImageObject\",\"url\":973562},\"datePublished\":\"2018-05-14T20:18:43+02:00\",\"dateModified\":\"2018-05-14T20:18:43+02:00\",\"inLanguage\":\"es-ES\",\"mainEntityOfPage\":{\"@id\":\"https:\\\/\\\/www.eldigitaldeasturias.com\\\/noticias\\\/sigue-la-tension-independentista-torra-nuevo-presidente-de-cataluna\\\/#webpage\"},\"isPartOf\":{\"@id\":\"https:\\\/\\\/www.eldigitaldeasturias.com\\\/noticias\\\/sigue-la-tension-independentista-torra-nuevo-presidente-de-cataluna\\\/#webpage\"},\"articleSection\":\"Actualidad\"},{\"@type\":\"BreadcrumbList\",\"@id\":\"https:\\\/\\\/www.eldigitaldeasturias.com\\\/noticias\\\/sigue-la-tension-independentista-torra-nuevo-presidente-de-cataluna\\\/#breadcrumblist\",\"itemListElement\":[{\"@type\":\"ListItem\",\"@id\":\"https:\\\/\\\/www.eldigitaldeasturias.com\\\/noticias#listItem\",\"position\":1,\"name\":\"Home\",\"item\":\"https:\\\/\\\/www.eldigitaldeasturias.com\\\/noticias\",\"nextItem\":{\"@type\":\"ListItem\",\"@id\":\"https:\\\/\\\/www.eldigitaldeasturias.com\\\/noticias\\\/category\\\/actualidad\\\/#listItem\",\"name\":\"Actualidad\"}},{\"@type\":\"ListItem\",\"@id\":\"https:\\\/\\\/www.eldigitaldeasturias.com\\\/noticias\\\/category\\\/actualidad\\\/#listItem\",\"position\":2,\"name\":\"Actualidad\",\"item\":\"https:\\\/\\\/www.eldigitaldeasturias.com\\\/noticias\\\/category\\\/actualidad\\\/\",\"nextItem\":{\"@type\":\"ListItem\",\"@id\":\"https:\\\/\\\/www.eldigitaldeasturias.com\\\/noticias\\\/sigue-la-tension-independentista-torra-nuevo-presidente-de-cataluna\\\/#listItem\",\"name\":\"Sigue la tensi\\u00f3n independentista: Torra, nuevo presidente de Catalu\\u00f1a\"},\"previousItem\":{\"@type\":\"ListItem\",\"@id\":\"https:\\\/\\\/www.eldigitaldeasturias.com\\\/noticias#listItem\",\"name\":\"Home\"}},{\"@type\":\"ListItem\",\"@id\":\"https:\\\/\\\/www.eldigitaldeasturias.com\\\/noticias\\\/sigue-la-tension-independentista-torra-nuevo-presidente-de-cataluna\\\/#listItem\",\"position\":3,\"name\":\"Sigue la tensi\\u00f3n independentista: Torra, nuevo presidente de Catalu\\u00f1a\",\"previousItem\":{\"@type\":\"ListItem\",\"@id\":\"https:\\\/\\\/www.eldigitaldeasturias.com\\\/noticias\\\/category\\\/actualidad\\\/#listItem\",\"name\":\"Actualidad\"}}]},{\"@type\":\"Organization\",\"@id\":\"https:\\\/\\\/www.eldigitaldeasturias.com\\\/noticias\\\/#organization\",\"name\":\"El Digital de Asturias\",\"description\":\"Hemeroteca\",\"url\":\"https:\\\/\\\/www.eldigitaldeasturias.com\\\/noticias\\\/\",\"email\":\"info@eldigitaldeasturias.com\",\"telephone\":\"+34652131393\",\"logo\":{\"@type\":\"ImageObject\",\"url\":\"https:\\\/\\\/www.eldigitaldeasturias.com\\\/noticias\\\/wp-content\\\/uploads\\\/2020\\\/12\\\/EDA.jpg\",\"@id\":\"https:\\\/\\\/www.eldigitaldeasturias.com\\\/noticias\\\/sigue-la-tension-independentista-torra-nuevo-presidente-de-cataluna\\\/#organizationLogo\"},\"image\":{\"@id\":\"https:\\\/\\\/www.eldigitaldeasturias.com\\\/noticias\\\/sigue-la-tension-independentista-torra-nuevo-presidente-de-cataluna\\\/#organizationLogo\"},\"sameAs\":[\"https:\\\/\\\/facebook.com\\\/eldigitaldeasturias\",\"https:\\\/\\\/www.youtube.com\\\/channel\\\/UCZP-2wLEB9Rv6erhFmqVnvg\"],\"address\":{\"@id\":\"https:\\\/\\\/www.eldigitaldeasturias.com\\\/noticias\\\/#postaladdress\",\"@type\":\"PostalAddress\",\"streetAddress\":\"san antonio 4\",\"postalCode\":\"33430\",\"addressLocality\":\"Cand\\u00e1s\",\"addressRegion\":\"Asturias\",\"addressCountry\":\"ES\"}},{\"@type\":\"Person\",\"@id\":\"https:\\\/\\\/www.eldigitaldeasturias.com\\\/noticias\\\/author\\\/admin\\\/#author\",\"url\":\"https:\\\/\\\/www.eldigitaldeasturias.com\\\/noticias\\\/author\\\/admin\\\/\",\"name\":\"El Digital de Asturias\",\"image\":{\"@type\":\"ImageObject\",\"@id\":\"https:\\\/\\\/www.eldigitaldeasturias.com\\\/noticias\\\/sigue-la-tension-independentista-torra-nuevo-presidente-de-cataluna\\\/#authorImage\",\"url\":\"https:\\\/\\\/secure.gravatar.com\\\/avatar\\\/df2aeffc32bcd13f8d26072ef8a91b623d677766deac7f97ca815868cd41bf5e?s=96&d=mm&r=g\",\"width\":96,\"height\":96,\"caption\":\"El Digital de Asturias\"}},{\"@type\":\"WebPage\",\"@id\":\"https:\\\/\\\/www.eldigitaldeasturias.com\\\/noticias\\\/sigue-la-tension-independentista-torra-nuevo-presidente-de-cataluna\\\/#webpage\",\"url\":\"https:\\\/\\\/www.eldigitaldeasturias.com\\\/noticias\\\/sigue-la-tension-independentista-torra-nuevo-presidente-de-cataluna\\\/\",\"name\":\"Sigue la tensi\\u00f3n independentista: Torra, nuevo presidente de Catalu\\u00f1a - El Digital de Asturias\",\"description\":\"Barcelona\\\/Madrid, 14 may (dpa) - El independentista Quim Torra fue investido hoy nuevo presidente de Catalu\\u00f1a por el Parlamento en Barcelona, cerrando as\\u00ed cinco meses de par\\u00e1lisis pol\\u00edtica en la regi\\u00f3n e inaugurando una nueva etapa que promete seguir marcada por la escalada de tensi\\u00f3n con el Gobierno espa\\u00f1ol. El escritor y abogado de 55\",\"inLanguage\":\"es-ES\",\"isPartOf\":{\"@id\":\"https:\\\/\\\/www.eldigitaldeasturias.com\\\/noticias\\\/#website\"},\"breadcrumb\":{\"@id\":\"https:\\\/\\\/www.eldigitaldeasturias.com\\\/noticias\\\/sigue-la-tension-independentista-torra-nuevo-presidente-de-cataluna\\\/#breadcrumblist\"},\"author\":{\"@id\":\"https:\\\/\\\/www.eldigitaldeasturias.com\\\/noticias\\\/author\\\/admin\\\/#author\"},\"creator\":{\"@id\":\"https:\\\/\\\/www.eldigitaldeasturias.com\\\/noticias\\\/author\\\/admin\\\/#author\"},\"image\":{\"@type\":\"ImageObject\",\"url\":973562,\"@id\":\"https:\\\/\\\/www.eldigitaldeasturias.com\\\/noticias\\\/sigue-la-tension-independentista-torra-nuevo-presidente-de-cataluna\\\/#mainImage\"},\"primaryImageOfPage\":{\"@id\":\"https:\\\/\\\/www.eldigitaldeasturias.com\\\/noticias\\\/sigue-la-tension-independentista-torra-nuevo-presidente-de-cataluna\\\/#mainImage\"},\"datePublished\":\"2018-05-14T20:18:43+02:00\",\"dateModified\":\"2018-05-14T20:18:43+02:00\"},{\"@type\":\"WebSite\",\"@id\":\"https:\\\/\\\/www.eldigitaldeasturias.com\\\/noticias\\\/#website\",\"url\":\"https:\\\/\\\/www.eldigitaldeasturias.com\\\/noticias\\\/\",\"name\":\"El Digital de Asturias - Diario de actualidad y noticias\",\"alternateName\":\"El Digital de Asturias - Diario de actualidad y noticias\",\"description\":\"Hemeroteca\",\"inLanguage\":\"es-ES\",\"publisher\":{\"@id\":\"https:\\\/\\\/www.eldigitaldeasturias.com\\\/noticias\\\/#organization\"}}]}\n\t\t<\/script>\n\t\t<!-- All in One SEO Pro -->\r\n\t\t<title>Sigue la tensi\u00f3n independentista: Torra, nuevo presidente de Catalu\u00f1a - El Digital de Asturias<\/title>\n\n","aioseo_head_json":{"title":"Sigue la tensi\u00f3n independentista: Torra, nuevo presidente de Catalu\u00f1a - El Digital de Asturias","description":"Barcelona\/Madrid, 14 may (dpa) - El independentista Quim Torra fue investido hoy nuevo presidente de Catalu\u00f1a por el Parlamento en Barcelona, cerrando as\u00ed cinco meses de par\u00e1lisis pol\u00edtica en la regi\u00f3n e inaugurando una nueva etapa que promete seguir marcada por la escalada de tensi\u00f3n con el Gobierno espa\u00f1ol. El escritor y abogado de 55","canonical_url":"https:\/\/www.eldigitaldeasturias.com\/noticias\/sigue-la-tension-independentista-torra-nuevo-presidente-de-cataluna\/","robots":"max-image-preview:large","keywords":"actualidad","webmasterTools":{"google-site-verification":"UA-38556648-1","msvalidate.01":"7dfe9f3f1b24437ab69f4f2559babe99","miscellaneous":""},"schema":{"@context":"https:\/\/schema.org","@graph":[{"@type":"BlogPosting","@id":"https:\/\/www.eldigitaldeasturias.com\/noticias\/sigue-la-tension-independentista-torra-nuevo-presidente-de-cataluna\/#blogposting","name":"Sigue la tensi\u00f3n independentista: Torra, nuevo presidente de Catalu\u00f1a - El Digital de Asturias","headline":"Sigue la tensi\u00f3n independentista: Torra, nuevo presidente de Catalu\u00f1a","author":{"@id":"https:\/\/www.eldigitaldeasturias.com\/noticias\/author\/admin\/#author"},"publisher":{"@id":"https:\/\/www.eldigitaldeasturias.com\/noticias\/#organization"},"image":{"@type":"ImageObject","url":973562},"datePublished":"2018-05-14T20:18:43+02:00","dateModified":"2018-05-14T20:18:43+02:00","inLanguage":"es-ES","mainEntityOfPage":{"@id":"https:\/\/www.eldigitaldeasturias.com\/noticias\/sigue-la-tension-independentista-torra-nuevo-presidente-de-cataluna\/#webpage"},"isPartOf":{"@id":"https:\/\/www.eldigitaldeasturias.com\/noticias\/sigue-la-tension-independentista-torra-nuevo-presidente-de-cataluna\/#webpage"},"articleSection":"Actualidad"},{"@type":"BreadcrumbList","@id":"https:\/\/www.eldigitaldeasturias.com\/noticias\/sigue-la-tension-independentista-torra-nuevo-presidente-de-cataluna\/#breadcrumblist","itemListElement":[{"@type":"ListItem","@id":"https:\/\/www.eldigitaldeasturias.com\/noticias#listItem","position":1,"name":"Home","item":"https:\/\/www.eldigitaldeasturias.com\/noticias","nextItem":{"@type":"ListItem","@id":"https:\/\/www.eldigitaldeasturias.com\/noticias\/category\/actualidad\/#listItem","name":"Actualidad"}},{"@type":"ListItem","@id":"https:\/\/www.eldigitaldeasturias.com\/noticias\/category\/actualidad\/#listItem","position":2,"name":"Actualidad","item":"https:\/\/www.eldigitaldeasturias.com\/noticias\/category\/actualidad\/","nextItem":{"@type":"ListItem","@id":"https:\/\/www.eldigitaldeasturias.com\/noticias\/sigue-la-tension-independentista-torra-nuevo-presidente-de-cataluna\/#listItem","name":"Sigue la tensi\u00f3n independentista: Torra, nuevo presidente de Catalu\u00f1a"},"previousItem":{"@type":"ListItem","@id":"https:\/\/www.eldigitaldeasturias.com\/noticias#listItem","name":"Home"}},{"@type":"ListItem","@id":"https:\/\/www.eldigitaldeasturias.com\/noticias\/sigue-la-tension-independentista-torra-nuevo-presidente-de-cataluna\/#listItem","position":3,"name":"Sigue la tensi\u00f3n independentista: Torra, nuevo presidente de Catalu\u00f1a","previousItem":{"@type":"ListItem","@id":"https:\/\/www.eldigitaldeasturias.com\/noticias\/category\/actualidad\/#listItem","name":"Actualidad"}}]},{"@type":"Organization","@id":"https:\/\/www.eldigitaldeasturias.com\/noticias\/#organization","name":"El Digital de Asturias","description":"Hemeroteca","url":"https:\/\/www.eldigitaldeasturias.com\/noticias\/","email":"info@eldigitaldeasturias.com","telephone":"+34652131393","logo":{"@type":"ImageObject","url":"https:\/\/www.eldigitaldeasturias.com\/noticias\/wp-content\/uploads\/2020\/12\/EDA.jpg","@id":"https:\/\/www.eldigitaldeasturias.com\/noticias\/sigue-la-tension-independentista-torra-nuevo-presidente-de-cataluna\/#organizationLogo"},"image":{"@id":"https:\/\/www.eldigitaldeasturias.com\/noticias\/sigue-la-tension-independentista-torra-nuevo-presidente-de-cataluna\/#organizationLogo"},"sameAs":["https:\/\/facebook.com\/eldigitaldeasturias","https:\/\/www.youtube.com\/channel\/UCZP-2wLEB9Rv6erhFmqVnvg"],"address":{"@id":"https:\/\/www.eldigitaldeasturias.com\/noticias\/#postaladdress","@type":"PostalAddress","streetAddress":"san antonio 4","postalCode":"33430","addressLocality":"Cand\u00e1s","addressRegion":"Asturias","addressCountry":"ES"}},{"@type":"Person","@id":"https:\/\/www.eldigitaldeasturias.com\/noticias\/author\/admin\/#author","url":"https:\/\/www.eldigitaldeasturias.com\/noticias\/author\/admin\/","name":"El Digital de Asturias","image":{"@type":"ImageObject","@id":"https:\/\/www.eldigitaldeasturias.com\/noticias\/sigue-la-tension-independentista-torra-nuevo-presidente-de-cataluna\/#authorImage","url":"https:\/\/secure.gravatar.com\/avatar\/df2aeffc32bcd13f8d26072ef8a91b623d677766deac7f97ca815868cd41bf5e?s=96&d=mm&r=g","width":96,"height":96,"caption":"El Digital de Asturias"}},{"@type":"WebPage","@id":"https:\/\/www.eldigitaldeasturias.com\/noticias\/sigue-la-tension-independentista-torra-nuevo-presidente-de-cataluna\/#webpage","url":"https:\/\/www.eldigitaldeasturias.com\/noticias\/sigue-la-tension-independentista-torra-nuevo-presidente-de-cataluna\/","name":"Sigue la tensi\u00f3n independentista: Torra, nuevo presidente de Catalu\u00f1a - El Digital de Asturias","description":"Barcelona\/Madrid, 14 may (dpa) - El independentista Quim Torra fue investido hoy nuevo presidente de Catalu\u00f1a por el Parlamento en Barcelona, cerrando as\u00ed cinco meses de par\u00e1lisis pol\u00edtica en la regi\u00f3n e inaugurando una nueva etapa que promete seguir marcada por la escalada de tensi\u00f3n con el Gobierno espa\u00f1ol. El escritor y abogado de 55","inLanguage":"es-ES","isPartOf":{"@id":"https:\/\/www.eldigitaldeasturias.com\/noticias\/#website"},"breadcrumb":{"@id":"https:\/\/www.eldigitaldeasturias.com\/noticias\/sigue-la-tension-independentista-torra-nuevo-presidente-de-cataluna\/#breadcrumblist"},"author":{"@id":"https:\/\/www.eldigitaldeasturias.com\/noticias\/author\/admin\/#author"},"creator":{"@id":"https:\/\/www.eldigitaldeasturias.com\/noticias\/author\/admin\/#author"},"image":{"@type":"ImageObject","url":973562,"@id":"https:\/\/www.eldigitaldeasturias.com\/noticias\/sigue-la-tension-independentista-torra-nuevo-presidente-de-cataluna\/#mainImage"},"primaryImageOfPage":{"@id":"https:\/\/www.eldigitaldeasturias.com\/noticias\/sigue-la-tension-independentista-torra-nuevo-presidente-de-cataluna\/#mainImage"},"datePublished":"2018-05-14T20:18:43+02:00","dateModified":"2018-05-14T20:18:43+02:00"},{"@type":"WebSite","@id":"https:\/\/www.eldigitaldeasturias.com\/noticias\/#website","url":"https:\/\/www.eldigitaldeasturias.com\/noticias\/","name":"El Digital de Asturias - Diario de actualidad y noticias","alternateName":"El Digital de Asturias - Diario de actualidad y noticias","description":"Hemeroteca","inLanguage":"es-ES","publisher":{"@id":"https:\/\/www.eldigitaldeasturias.com\/noticias\/#organization"}}]},"og:locale":"es_ES","og:site_name":"El Digital de Asturias","og:type":"article","og:title":"Sigue la tensi\u00f3n independentista: Torra, nuevo presidente de Catalu\u00f1a - El Digital de Asturias","og:description":"Barcelona\/Madrid, 14 may (dpa) - El independentista Quim Torra fue investido hoy nuevo presidente de Catalu\u00f1a por el Parlamento en Barcelona, cerrando as\u00ed cinco meses de par\u00e1lisis pol\u00edtica en la regi\u00f3n e inaugurando una nueva etapa que promete seguir marcada por la escalada de tensi\u00f3n con el Gobierno espa\u00f1ol. El escritor y abogado de 55","og:url":"https:\/\/www.eldigitaldeasturias.com\/noticias\/sigue-la-tension-independentista-torra-nuevo-presidente-de-cataluna\/","article:tag":["actualidad"],"article:published_time":"2018-05-14T20:18:43+00:00","article:modified_time":"2018-05-14T20:18:43+00:00","article:publisher":"https:\/\/facebook.com\/eldigitaldeasturias","twitter:card":"summary_large_image","twitter:title":"Sigue la tensi\u00f3n independentista: Torra, nuevo presidente de Catalu\u00f1a - El Digital de Asturias","twitter:description":"Barcelona\/Madrid, 14 may (dpa) - El independentista Quim Torra fue investido hoy nuevo presidente de Catalu\u00f1a por el Parlamento en Barcelona, cerrando as\u00ed cinco meses de par\u00e1lisis pol\u00edtica en la regi\u00f3n e inaugurando una nueva etapa que promete seguir marcada por la escalada de tensi\u00f3n con el Gobierno espa\u00f1ol. El escritor y abogado de 55","twitter:image":"https:\/\/www.eldigitaldeasturias.com\/noticias\/wp-content\/uploads\/2020\/12\/EDA-1.jpg","twitter:label1":"Escrito por","twitter:data1":"El Digital de Asturias","twitter:label2":"Tiempo de lectura estimado","twitter:data2":"4 minutos"},"aioseo_meta_data":{"post_id":"980343","title":null,"description":null,"keywords":null,"keyphrases":null,"primary_term":null,"canonical_url":null,"og_title":null,"og_description":null,"og_object_type":"default","og_image_type":"default","og_image_url":null,"og_image_width":null,"og_image_height":null,"og_image_custom_url":null,"og_image_custom_fields":null,"og_video":null,"og_custom_url":null,"og_article_section":null,"og_article_tags":null,"twitter_use_og":false,"twitter_card":"default","twitter_image_type":"default","twitter_image_url":null,"twitter_image_custom_url":null,"twitter_image_custom_fields":null,"twitter_title":null,"twitter_description":null,"schema":{"blockGraphs":[],"customGraphs":[],"default":{"data":{"Article":[],"Course":[],"Dataset":[],"FAQPage":[],"Movie":[],"Person":[],"Product":[],"ProductReview":[],"Car":[],"Recipe":[],"Service":[],"SoftwareApplication":[],"WebPage":[]},"graphName":"","isEnabled":true},"graphs":[],"defaultGraph":"","defaultPostTypeGraph":""},"schema_type":null,"schema_type_options":null,"pillar_content":false,"robots_default":true,"robots_noindex":false,"robots_noarchive":false,"robots_nosnippet":false,"robots_nofollow":false,"robots_noimageindex":false,"robots_noodp":false,"robots_notranslate":false,"robots_max_snippet":null,"robots_max_videopreview":null,"robots_max_imagepreview":"large","priority":null,"frequency":null,"local_seo":null,"seo_analyzer_scan_date":"2025-10-08 17:34:11","breadcrumb_settings":null,"limit_modified_date":false,"open_ai":null,"ai":null,"created":"2020-12-21 11:57:38","updated":"2025-10-08 17:34:11","focus_keyword":null,"additional_keywords":null,"truseo_locale":null},"aioseo_breadcrumb":"<div class=\"aioseo-breadcrumbs\"><span class=\"aioseo-breadcrumb\">\n\t<a href=\"https:\/\/www.eldigitaldeasturias.com\/noticias\" title=\"Home\">Home<\/a>\n<\/span><span class=\"aioseo-breadcrumb-separator\">\u2013<\/span><span class=\"aioseo-breadcrumb\">\n\t<a href=\"https:\/\/www.eldigitaldeasturias.com\/noticias\/category\/actualidad\/\" title=\"Actualidad\">Actualidad<\/a>\n<\/span><span class=\"aioseo-breadcrumb-separator\">\u2013<\/span><span class=\"aioseo-breadcrumb\">\n\t<a href=\"https:\/\/www.eldigitaldeasturias.com\/noticias\/sigue-la-tension-independentista-torra-nuevo-presidente-de-cataluna\/\" title=\"Sigue la tensi\u00f3n independentista: Torra, nuevo presidente de Catalu\u00f1a\">Sigue la tensi\u00f3n independentista: Torra, nuevo presidente de Catalu\u00f1a<\/a>\n<\/span><\/div>","aioseo_breadcrumb_json":[{"label":"Home","link":"https:\/\/www.eldigitaldeasturias.com\/noticias"},{"label":"Actualidad","link":"https:\/\/www.eldigitaldeasturias.com\/noticias\/category\/actualidad\/"},{"label":"Sigue la tensi\u00f3n independentista: Torra, nuevo presidente de Catalu\u00f1a","link":"https:\/\/www.eldigitaldeasturias.com\/noticias\/sigue-la-tension-independentista-torra-nuevo-presidente-de-cataluna\/"}],"_links":{"self":[{"href":"https:\/\/www.eldigitaldeasturias.com\/noticias\/wp-json\/wp\/v2\/posts\/980343","targetHints":{"allow":["GET"]}}],"collection":[{"href":"https:\/\/www.eldigitaldeasturias.com\/noticias\/wp-json\/wp\/v2\/posts"}],"about":[{"href":"https:\/\/www.eldigitaldeasturias.com\/noticias\/wp-json\/wp\/v2\/types\/post"}],"author":[{"embeddable":true,"href":"https:\/\/www.eldigitaldeasturias.com\/noticias\/wp-json\/wp\/v2\/users\/1"}],"replies":[{"embeddable":true,"href":"https:\/\/www.eldigitaldeasturias.com\/noticias\/wp-json\/wp\/v2\/comments?post=980343"}],"version-history":[{"count":0,"href":"https:\/\/www.eldigitaldeasturias.com\/noticias\/wp-json\/wp\/v2\/posts\/980343\/revisions"}],"wp:attachment":[{"href":"https:\/\/www.eldigitaldeasturias.com\/noticias\/wp-json\/wp\/v2\/media?parent=980343"}],"wp:term":[{"taxonomy":"category","embeddable":true,"href":"https:\/\/www.eldigitaldeasturias.com\/noticias\/wp-json\/wp\/v2\/categories?post=980343"},{"taxonomy":"post_tag","embeddable":true,"href":"https:\/\/www.eldigitaldeasturias.com\/noticias\/wp-json\/wp\/v2\/tags?post=980343"}],"curies":[{"name":"wp","href":"https:\/\/api.w.org\/{rel}","templated":true}]}}