{"id":980334,"date":"2018-05-14T16:12:49","date_gmt":"2018-05-14T16:12:49","guid":{"rendered":"http:\/\/www.eldigitaldeasturias.com\/noticias\/?p=980334"},"modified":"2018-05-14T16:12:49","modified_gmt":"2018-05-14T16:12:49","slug":"abalos-defiende-una-respuesta-legal-firme-en-cataluna-si-es-preciso","status":"publish","type":"post","link":"https:\/\/www.eldigitaldeasturias.com\/noticias\/abalos-defiende-una-respuesta-legal-firme-en-cataluna-si-es-preciso\/","title":{"rendered":"\u00c1balos defiende una respuesta legal firme en Catalu\u00f1a si es preciso"},"content":{"rendered":"<p><img loading=\"lazy\" decoding=\"async\" class=\"alignleft size-medium wp-image-975948\" src=\"https:\/\/www.eldigitaldeasturias.com\/noticias\/wp-content\/uploads\/2018\/04\/\u00c4balos-rueda-prensa-1024x475-360x167.jpeg\" alt=\"\" width=\"360\" height=\"167\" \/>El secretario de Organizaci\u00f3n, Jos\u00e9 Luis \u00c1balos, anunci\u00f3 hoy que el secretario general del PSOE, Pedro S\u00e1nchez, y el presidente del Gobierno, Mariano Rajoy, abordar\u00e1n la situaci\u00f3n en Catalu\u00f1a, en el curso de una reuni\u00f3n que celebrar\u00e1n ma\u00f1ana en La Moncloa; un d\u00eda despu\u00e9s de la investidura de Joaquin Torra como nuevo president de la Generalitat.<\/p>\n<p>En una rueda de prensa en Ferraz, \u00c1balos se ha referido al discurso de Torra en su sesi\u00f3n de investidura y, tras reconocer que ha generado \u201ccierta alarma y hartazgo\u201d, lo ha calificado de \u201cimpropio de alguien que quiere ser president de la Generalitat\u201d.<\/p>\n<p>\u201cSu principal preocupaci\u00f3n deber\u00eda ser mantener la convivencia\u201d y no \u201celevar a sus prop\u00f3sitos de candidatura\u201d la ruptura de la misma, ha se\u00f1alado \u00c1balos, para quien el empe\u00f1o de Torra en \u201cdirigir su gesti\u00f3n hacia el logro de la Rep\u00fablica, ya te est\u00e1 advirtiendo de que la legalidad no va a ser un problema\u201d.<\/p>\n<p>Tambi\u00e9n la manera en la que \u201cse despoja de la legitimidad del cargo al reivindicar como president leg\u00edtimo a Puigdemont\u201d, admitiendo \u201csin ning\u00fan g\u00e9nero de duda que va a ser una persona interpuesta o al servicio de la estrategia o los intereses de un pr\u00f3fugo de la justicia\u201d, pone de manifiesto que \u201cno se puede concentrar tanto desprop\u00f3sito en un discurso de investidura como presidente de la Generalitat\u201d, a\u00f1adi\u00f3 \u00c1balos.<\/p>\n<p>Se\u00f1al\u00f3 que, desde el Partido Socialista, \u201cvamos a seguir combatiendo estas posiciones pol\u00edticas, algunas de las cuales nos parecen especialmente indignantes, como es todo lo que tiene que ver con el supremacismo\u201d. Y, desde el punto de vista de la legalidad, \u201cvamos a ser tambi\u00e9n escrupulosos en la respuesta constitucional que, como democr\u00e1tica que es, tiene que ser siempre firme, serena y desprovista de cualquier ataque de histeria que alguno pueda estar planteando\u201d.<\/p>\n<p>En cualquier caso record\u00f3 que, en todas las reuniones que ha mantenido Pedro S\u00e1nchez con el Gobierno, \u201csiempre ha requerido iniciativas pol\u00edticas, porque el conflicto tienen que encontrar alguna alternativa de salida pol\u00edtica m\u00e1s all\u00e1 de la intervenci\u00f3n\u201d, la aplicaci\u00f3n de \u201cmecanismos legales de excepcionalidad\u201d y de las \u201crespuestas judiciales\u201d. \u201cTiene que haber un espacio para la pol\u00edtica y el Gobierno tiene que asumir esa responsabilidad\u201d, subray\u00f3.<\/p>\n<p>En su opini\u00f3n, se \u201cha lanzado todo un desaf\u00edo a la institucionalidad y a la convivencia en Catalu\u00f1a\u201d, por lo que \u201chay poco espacio para la esperanza, si no es en que los partidos pol\u00edticos eleven el vuelo y empiecen a pensar en propuestas pol\u00edticas\u201d; de ah\u00ed que haya invitado a todas las formaciones pol\u00edtica del Congreso a que \u201creconsideren su posici\u00f3n y vuelvan a la Comisi\u00f3n de estudio del Estado Auton\u00f3mico, para que podamos debatir algunas propuestas que supongan una respuesta global de ordenaci\u00f3n territorial que tambi\u00e9n sirva para Catalu\u00f1a\u201d.<\/p>\n<p>El secretario de Organizaci\u00f3n se ha referido al \u201csentimiento de frustraci\u00f3n, decepci\u00f3n y des\u00e1nimo\u201d que deben sentir muchos catalanes, al ver que \u201cno hay respuesta pol\u00edticas cabales\u201d al problema de Catalu\u00f1a. Y en ese sentido, critic\u00f3 que Ciudadanos, que \u201cfue la primera fuerza pol\u00edtica\u201d tras las elecciones gracias \u201ca la polarizaci\u00f3n y al discurso beligerante\u201d, no est\u00e9 desempe\u00f1ando \u201cning\u00fan\u201d papel en ese sentido, dialogando o tendiendo puentes.<\/p>\n<p><strong>Nueva aplicaci\u00f3n del 155<\/strong><\/p>\n<p>Durante su comparecencia \u00c1balos ha explicado que, una vez haya perdido vigencia la aplicaci\u00f3n del 155 tras la constituci\u00f3n de un gobierno en Catalu\u00f1a, este art\u00edculo se podr\u00eda volver a aplicar \u201csi se dieran supuestos que nuevamente contravinieran la legalidad y el cumplimiento de las obligaciones por parte de la Generalitat\u201d, pero eso \u201cexigir\u00eda una nueva tramitaci\u00f3n y un nuevo acuerdo con el Senado que podr\u00eda no ser en los mismos t\u00e9rminos\u201d, concluy\u00f3.<\/p>\n","protected":false},"excerpt":{"rendered":"<p>El secretario de Organizaci\u00f3n, Jos\u00e9 Luis \u00c1balos, anunci\u00f3 hoy que el secretario general del PSOE, Pedro S\u00e1nchez, y el presidente del Gobierno, Mariano Rajoy, abordar\u00e1n la situaci\u00f3n en Catalu\u00f1a, en el curso de una reuni\u00f3n que celebrar\u00e1n ma\u00f1ana en La Moncloa; un d\u00eda despu\u00e9s de la investidura de Joaquin Torra como nuevo president de la [&hellip;]<\/p>\n","protected":false},"author":1,"featured_media":975948,"comment_status":"closed","ping_status":"closed","sticky":false,"template":"","format":"standard","meta":{"footnotes":""},"categories":[1],"tags":[],"class_list":["post-980334","post","type-post","status-publish","format-standard","has-post-thumbnail","hentry","category-actualidad"],"aioseo_notices":[],"aioseo_head":"\n\t\t<!-- All in One SEO Pro 5.0.1 - aioseo.com -->\n\t<meta name=\"description\" content=\"El secretario de Organizaci\u00f3n, Jos\u00e9 Luis \u00c1balos, anunci\u00f3 hoy que el secretario general del PSOE, Pedro S\u00e1nchez, y el presidente del Gobierno, Mariano Rajoy, abordar\u00e1n la situaci\u00f3n en Catalu\u00f1a, en el curso de una reuni\u00f3n que celebrar\u00e1n ma\u00f1ana en La Moncloa; un d\u00eda despu\u00e9s de la investidura de Joaquin Torra como nuevo president de la\" \/>\n\t<meta name=\"robots\" content=\"max-image-preview:large\" \/>\n\t<meta name=\"author\" content=\"El Digital de Asturias\"\/>\n\t<meta name=\"google-site-verification\" content=\"UA-38556648-1\" \/>\n\t<meta name=\"msvalidate.01\" content=\"7dfe9f3f1b24437ab69f4f2559babe99\" \/>\n\t<meta name=\"keywords\" content=\"actualidad\" \/>\n\t<link rel=\"canonical\" href=\"https:\/\/www.eldigitaldeasturias.com\/noticias\/abalos-defiende-una-respuesta-legal-firme-en-cataluna-si-es-preciso\/\" \/>\n\t<meta name=\"generator\" content=\"All in One SEO Pro (AIOSEO) 5.0.1\" \/>\n\t\t<meta property=\"og:locale\" content=\"es_ES\" \/>\n\t\t<meta property=\"og:site_name\" content=\"El Digital de Asturias\" \/>\n\t\t<meta property=\"og:type\" content=\"article\" \/>\n\t\t<meta property=\"og:title\" content=\"\u00c1balos defiende una respuesta legal firme en Catalu\u00f1a si es preciso - El Digital de Asturias\" \/>\n\t\t<meta property=\"og:description\" content=\"El secretario de Organizaci\u00f3n, Jos\u00e9 Luis \u00c1balos, anunci\u00f3 hoy que el secretario general del PSOE, Pedro S\u00e1nchez, y el presidente del Gobierno, Mariano Rajoy, abordar\u00e1n la situaci\u00f3n en Catalu\u00f1a, en el curso de una reuni\u00f3n que celebrar\u00e1n ma\u00f1ana en La Moncloa; un d\u00eda despu\u00e9s de la investidura de Joaquin Torra como nuevo president de la\" \/>\n\t\t<meta property=\"og:url\" content=\"https:\/\/www.eldigitaldeasturias.com\/noticias\/abalos-defiende-una-respuesta-legal-firme-en-cataluna-si-es-preciso\/\" \/>\n\t\t<meta property=\"article:tag\" content=\"actualidad\" \/>\n\t\t<meta property=\"article:published_time\" content=\"2018-05-14T16:12:49+00:00\" \/>\n\t\t<meta property=\"article:modified_time\" content=\"2018-05-14T16:12:49+00:00\" \/>\n\t\t<meta property=\"article:publisher\" content=\"https:\/\/facebook.com\/eldigitaldeasturias\" \/>\n\t\t<meta name=\"twitter:card\" content=\"summary_large_image\" \/>\n\t\t<meta name=\"twitter:title\" content=\"\u00c1balos defiende una respuesta legal firme en Catalu\u00f1a si es preciso - El Digital de Asturias\" \/>\n\t\t<meta name=\"twitter:description\" content=\"El secretario de Organizaci\u00f3n, Jos\u00e9 Luis \u00c1balos, anunci\u00f3 hoy que el secretario general del PSOE, Pedro S\u00e1nchez, y el presidente del Gobierno, Mariano Rajoy, abordar\u00e1n la situaci\u00f3n en Catalu\u00f1a, en el curso de una reuni\u00f3n que celebrar\u00e1n ma\u00f1ana en La Moncloa; un d\u00eda despu\u00e9s de la investidura de Joaquin Torra como nuevo president de la\" \/>\n\t\t<meta name=\"twitter:image\" content=\"https:\/\/www.eldigitaldeasturias.com\/noticias\/wp-content\/uploads\/2020\/12\/EDA-1.jpg\" \/>\n\t\t<meta name=\"twitter:label1\" content=\"Escrito por\" \/>\n\t\t<meta name=\"twitter:data1\" content=\"El Digital de Asturias\" \/>\n\t\t<meta name=\"twitter:label2\" content=\"Tiempo de lectura estimado\" \/>\n\t\t<meta name=\"twitter:data2\" content=\"3 minutos\" \/>\n\t\t<script type=\"application\/ld+json\" class=\"aioseo-schema\">\n\t\t\t{\"@context\":\"https:\\\/\\\/schema.org\",\"@graph\":[{\"@type\":\"BlogPosting\",\"@id\":\"https:\\\/\\\/www.eldigitaldeasturias.com\\\/noticias\\\/abalos-defiende-una-respuesta-legal-firme-en-cataluna-si-es-preciso\\\/#blogposting\",\"name\":\"\\u00c1balos defiende una respuesta legal firme en Catalu\\u00f1a si es preciso - El Digital de Asturias\",\"headline\":\"\\u00c1balos defiende una respuesta legal firme en Catalu\\u00f1a si es preciso\",\"author\":{\"@id\":\"https:\\\/\\\/www.eldigitaldeasturias.com\\\/noticias\\\/author\\\/admin\\\/#author\"},\"publisher\":{\"@id\":\"https:\\\/\\\/www.eldigitaldeasturias.com\\\/noticias\\\/#organization\"},\"image\":{\"@type\":\"ImageObject\",\"url\":975948},\"datePublished\":\"2018-05-14T16:12:49+02:00\",\"dateModified\":\"2018-05-14T16:12:49+02:00\",\"inLanguage\":\"es-ES\",\"mainEntityOfPage\":{\"@id\":\"https:\\\/\\\/www.eldigitaldeasturias.com\\\/noticias\\\/abalos-defiende-una-respuesta-legal-firme-en-cataluna-si-es-preciso\\\/#webpage\"},\"isPartOf\":{\"@id\":\"https:\\\/\\\/www.eldigitaldeasturias.com\\\/noticias\\\/abalos-defiende-una-respuesta-legal-firme-en-cataluna-si-es-preciso\\\/#webpage\"},\"articleSection\":\"Actualidad\"},{\"@type\":\"BreadcrumbList\",\"@id\":\"https:\\\/\\\/www.eldigitaldeasturias.com\\\/noticias\\\/abalos-defiende-una-respuesta-legal-firme-en-cataluna-si-es-preciso\\\/#breadcrumblist\",\"itemListElement\":[{\"@type\":\"ListItem\",\"@id\":\"https:\\\/\\\/www.eldigitaldeasturias.com\\\/noticias#listItem\",\"position\":1,\"name\":\"Home\",\"item\":\"https:\\\/\\\/www.eldigitaldeasturias.com\\\/noticias\",\"nextItem\":{\"@type\":\"ListItem\",\"@id\":\"https:\\\/\\\/www.eldigitaldeasturias.com\\\/noticias\\\/category\\\/actualidad\\\/#listItem\",\"name\":\"Actualidad\"}},{\"@type\":\"ListItem\",\"@id\":\"https:\\\/\\\/www.eldigitaldeasturias.com\\\/noticias\\\/category\\\/actualidad\\\/#listItem\",\"position\":2,\"name\":\"Actualidad\",\"item\":\"https:\\\/\\\/www.eldigitaldeasturias.com\\\/noticias\\\/category\\\/actualidad\\\/\",\"nextItem\":{\"@type\":\"ListItem\",\"@id\":\"https:\\\/\\\/www.eldigitaldeasturias.com\\\/noticias\\\/abalos-defiende-una-respuesta-legal-firme-en-cataluna-si-es-preciso\\\/#listItem\",\"name\":\"\\u00c1balos defiende una respuesta legal firme en Catalu\\u00f1a si es preciso\"},\"previousItem\":{\"@type\":\"ListItem\",\"@id\":\"https:\\\/\\\/www.eldigitaldeasturias.com\\\/noticias#listItem\",\"name\":\"Home\"}},{\"@type\":\"ListItem\",\"@id\":\"https:\\\/\\\/www.eldigitaldeasturias.com\\\/noticias\\\/abalos-defiende-una-respuesta-legal-firme-en-cataluna-si-es-preciso\\\/#listItem\",\"position\":3,\"name\":\"\\u00c1balos defiende una respuesta legal firme en Catalu\\u00f1a si es preciso\",\"previousItem\":{\"@type\":\"ListItem\",\"@id\":\"https:\\\/\\\/www.eldigitaldeasturias.com\\\/noticias\\\/category\\\/actualidad\\\/#listItem\",\"name\":\"Actualidad\"}}]},{\"@type\":\"Organization\",\"@id\":\"https:\\\/\\\/www.eldigitaldeasturias.com\\\/noticias\\\/#organization\",\"name\":\"El Digital de Asturias\",\"description\":\"Hemeroteca\",\"url\":\"https:\\\/\\\/www.eldigitaldeasturias.com\\\/noticias\\\/\",\"email\":\"info@eldigitaldeasturias.com\",\"telephone\":\"+34652131393\",\"logo\":{\"@type\":\"ImageObject\",\"url\":\"https:\\\/\\\/www.eldigitaldeasturias.com\\\/noticias\\\/wp-content\\\/uploads\\\/2020\\\/12\\\/EDA.jpg\",\"@id\":\"https:\\\/\\\/www.eldigitaldeasturias.com\\\/noticias\\\/abalos-defiende-una-respuesta-legal-firme-en-cataluna-si-es-preciso\\\/#organizationLogo\"},\"image\":{\"@id\":\"https:\\\/\\\/www.eldigitaldeasturias.com\\\/noticias\\\/abalos-defiende-una-respuesta-legal-firme-en-cataluna-si-es-preciso\\\/#organizationLogo\"},\"sameAs\":[\"https:\\\/\\\/facebook.com\\\/eldigitaldeasturias\",\"https:\\\/\\\/www.youtube.com\\\/channel\\\/UCZP-2wLEB9Rv6erhFmqVnvg\"],\"address\":{\"@id\":\"https:\\\/\\\/www.eldigitaldeasturias.com\\\/noticias\\\/#postaladdress\",\"@type\":\"PostalAddress\",\"streetAddress\":\"san antonio 4\",\"postalCode\":\"33430\",\"addressLocality\":\"Cand\\u00e1s\",\"addressRegion\":\"Asturias\",\"addressCountry\":\"ES\"}},{\"@type\":\"Person\",\"@id\":\"https:\\\/\\\/www.eldigitaldeasturias.com\\\/noticias\\\/author\\\/admin\\\/#author\",\"url\":\"https:\\\/\\\/www.eldigitaldeasturias.com\\\/noticias\\\/author\\\/admin\\\/\",\"name\":\"El Digital de Asturias\",\"image\":{\"@type\":\"ImageObject\",\"@id\":\"https:\\\/\\\/www.eldigitaldeasturias.com\\\/noticias\\\/abalos-defiende-una-respuesta-legal-firme-en-cataluna-si-es-preciso\\\/#authorImage\",\"url\":\"https:\\\/\\\/secure.gravatar.com\\\/avatar\\\/df2aeffc32bcd13f8d26072ef8a91b623d677766deac7f97ca815868cd41bf5e?s=96&d=mm&r=g\",\"width\":96,\"height\":96,\"caption\":\"El Digital de Asturias\"}},{\"@type\":\"WebPage\",\"@id\":\"https:\\\/\\\/www.eldigitaldeasturias.com\\\/noticias\\\/abalos-defiende-una-respuesta-legal-firme-en-cataluna-si-es-preciso\\\/#webpage\",\"url\":\"https:\\\/\\\/www.eldigitaldeasturias.com\\\/noticias\\\/abalos-defiende-una-respuesta-legal-firme-en-cataluna-si-es-preciso\\\/\",\"name\":\"\\u00c1balos defiende una respuesta legal firme en Catalu\\u00f1a si es preciso - El Digital de Asturias\",\"description\":\"El secretario de Organizaci\\u00f3n, Jos\\u00e9 Luis \\u00c1balos, anunci\\u00f3 hoy que el secretario general del PSOE, Pedro S\\u00e1nchez, y el presidente del Gobierno, Mariano Rajoy, abordar\\u00e1n la situaci\\u00f3n en Catalu\\u00f1a, en el curso de una reuni\\u00f3n que celebrar\\u00e1n ma\\u00f1ana en La Moncloa; un d\\u00eda despu\\u00e9s de la investidura de Joaquin Torra como nuevo president de la\",\"inLanguage\":\"es-ES\",\"isPartOf\":{\"@id\":\"https:\\\/\\\/www.eldigitaldeasturias.com\\\/noticias\\\/#website\"},\"breadcrumb\":{\"@id\":\"https:\\\/\\\/www.eldigitaldeasturias.com\\\/noticias\\\/abalos-defiende-una-respuesta-legal-firme-en-cataluna-si-es-preciso\\\/#breadcrumblist\"},\"author\":{\"@id\":\"https:\\\/\\\/www.eldigitaldeasturias.com\\\/noticias\\\/author\\\/admin\\\/#author\"},\"creator\":{\"@id\":\"https:\\\/\\\/www.eldigitaldeasturias.com\\\/noticias\\\/author\\\/admin\\\/#author\"},\"image\":{\"@type\":\"ImageObject\",\"url\":975948,\"@id\":\"https:\\\/\\\/www.eldigitaldeasturias.com\\\/noticias\\\/abalos-defiende-una-respuesta-legal-firme-en-cataluna-si-es-preciso\\\/#mainImage\"},\"primaryImageOfPage\":{\"@id\":\"https:\\\/\\\/www.eldigitaldeasturias.com\\\/noticias\\\/abalos-defiende-una-respuesta-legal-firme-en-cataluna-si-es-preciso\\\/#mainImage\"},\"datePublished\":\"2018-05-14T16:12:49+02:00\",\"dateModified\":\"2018-05-14T16:12:49+02:00\"},{\"@type\":\"WebSite\",\"@id\":\"https:\\\/\\\/www.eldigitaldeasturias.com\\\/noticias\\\/#website\",\"url\":\"https:\\\/\\\/www.eldigitaldeasturias.com\\\/noticias\\\/\",\"name\":\"El Digital de Asturias - Diario de actualidad y noticias\",\"alternateName\":\"El Digital de Asturias - Diario de actualidad y noticias\",\"description\":\"Hemeroteca\",\"inLanguage\":\"es-ES\",\"publisher\":{\"@id\":\"https:\\\/\\\/www.eldigitaldeasturias.com\\\/noticias\\\/#organization\"}}]}\n\t\t<\/script>\n\t\t<!-- All in One SEO Pro -->\r\n\t\t<title>\u00c1balos defiende una respuesta legal firme en Catalu\u00f1a si es preciso - El Digital de Asturias<\/title>\n\n","aioseo_head_json":{"title":"\u00c1balos defiende una respuesta legal firme en Catalu\u00f1a si es preciso - El Digital de Asturias","description":"El secretario de Organizaci\u00f3n, Jos\u00e9 Luis \u00c1balos, anunci\u00f3 hoy que el secretario general del PSOE, Pedro S\u00e1nchez, y el presidente del Gobierno, Mariano Rajoy, abordar\u00e1n la situaci\u00f3n en Catalu\u00f1a, en el curso de una reuni\u00f3n que celebrar\u00e1n ma\u00f1ana en La Moncloa; un d\u00eda despu\u00e9s de la investidura de Joaquin Torra como nuevo president de la","canonical_url":"https:\/\/www.eldigitaldeasturias.com\/noticias\/abalos-defiende-una-respuesta-legal-firme-en-cataluna-si-es-preciso\/","robots":"max-image-preview:large","keywords":"actualidad","webmasterTools":{"google-site-verification":"UA-38556648-1","msvalidate.01":"7dfe9f3f1b24437ab69f4f2559babe99","miscellaneous":""},"schema":{"@context":"https:\/\/schema.org","@graph":[{"@type":"BlogPosting","@id":"https:\/\/www.eldigitaldeasturias.com\/noticias\/abalos-defiende-una-respuesta-legal-firme-en-cataluna-si-es-preciso\/#blogposting","name":"\u00c1balos defiende una respuesta legal firme en Catalu\u00f1a si es preciso - El Digital de Asturias","headline":"\u00c1balos defiende una respuesta legal firme en Catalu\u00f1a si es preciso","author":{"@id":"https:\/\/www.eldigitaldeasturias.com\/noticias\/author\/admin\/#author"},"publisher":{"@id":"https:\/\/www.eldigitaldeasturias.com\/noticias\/#organization"},"image":{"@type":"ImageObject","url":975948},"datePublished":"2018-05-14T16:12:49+02:00","dateModified":"2018-05-14T16:12:49+02:00","inLanguage":"es-ES","mainEntityOfPage":{"@id":"https:\/\/www.eldigitaldeasturias.com\/noticias\/abalos-defiende-una-respuesta-legal-firme-en-cataluna-si-es-preciso\/#webpage"},"isPartOf":{"@id":"https:\/\/www.eldigitaldeasturias.com\/noticias\/abalos-defiende-una-respuesta-legal-firme-en-cataluna-si-es-preciso\/#webpage"},"articleSection":"Actualidad"},{"@type":"BreadcrumbList","@id":"https:\/\/www.eldigitaldeasturias.com\/noticias\/abalos-defiende-una-respuesta-legal-firme-en-cataluna-si-es-preciso\/#breadcrumblist","itemListElement":[{"@type":"ListItem","@id":"https:\/\/www.eldigitaldeasturias.com\/noticias#listItem","position":1,"name":"Home","item":"https:\/\/www.eldigitaldeasturias.com\/noticias","nextItem":{"@type":"ListItem","@id":"https:\/\/www.eldigitaldeasturias.com\/noticias\/category\/actualidad\/#listItem","name":"Actualidad"}},{"@type":"ListItem","@id":"https:\/\/www.eldigitaldeasturias.com\/noticias\/category\/actualidad\/#listItem","position":2,"name":"Actualidad","item":"https:\/\/www.eldigitaldeasturias.com\/noticias\/category\/actualidad\/","nextItem":{"@type":"ListItem","@id":"https:\/\/www.eldigitaldeasturias.com\/noticias\/abalos-defiende-una-respuesta-legal-firme-en-cataluna-si-es-preciso\/#listItem","name":"\u00c1balos defiende una respuesta legal firme en Catalu\u00f1a si es preciso"},"previousItem":{"@type":"ListItem","@id":"https:\/\/www.eldigitaldeasturias.com\/noticias#listItem","name":"Home"}},{"@type":"ListItem","@id":"https:\/\/www.eldigitaldeasturias.com\/noticias\/abalos-defiende-una-respuesta-legal-firme-en-cataluna-si-es-preciso\/#listItem","position":3,"name":"\u00c1balos defiende una respuesta legal firme en Catalu\u00f1a si es preciso","previousItem":{"@type":"ListItem","@id":"https:\/\/www.eldigitaldeasturias.com\/noticias\/category\/actualidad\/#listItem","name":"Actualidad"}}]},{"@type":"Organization","@id":"https:\/\/www.eldigitaldeasturias.com\/noticias\/#organization","name":"El Digital de Asturias","description":"Hemeroteca","url":"https:\/\/www.eldigitaldeasturias.com\/noticias\/","email":"info@eldigitaldeasturias.com","telephone":"+34652131393","logo":{"@type":"ImageObject","url":"https:\/\/www.eldigitaldeasturias.com\/noticias\/wp-content\/uploads\/2020\/12\/EDA.jpg","@id":"https:\/\/www.eldigitaldeasturias.com\/noticias\/abalos-defiende-una-respuesta-legal-firme-en-cataluna-si-es-preciso\/#organizationLogo"},"image":{"@id":"https:\/\/www.eldigitaldeasturias.com\/noticias\/abalos-defiende-una-respuesta-legal-firme-en-cataluna-si-es-preciso\/#organizationLogo"},"sameAs":["https:\/\/facebook.com\/eldigitaldeasturias","https:\/\/www.youtube.com\/channel\/UCZP-2wLEB9Rv6erhFmqVnvg"],"address":{"@id":"https:\/\/www.eldigitaldeasturias.com\/noticias\/#postaladdress","@type":"PostalAddress","streetAddress":"san antonio 4","postalCode":"33430","addressLocality":"Cand\u00e1s","addressRegion":"Asturias","addressCountry":"ES"}},{"@type":"Person","@id":"https:\/\/www.eldigitaldeasturias.com\/noticias\/author\/admin\/#author","url":"https:\/\/www.eldigitaldeasturias.com\/noticias\/author\/admin\/","name":"El Digital de Asturias","image":{"@type":"ImageObject","@id":"https:\/\/www.eldigitaldeasturias.com\/noticias\/abalos-defiende-una-respuesta-legal-firme-en-cataluna-si-es-preciso\/#authorImage","url":"https:\/\/secure.gravatar.com\/avatar\/df2aeffc32bcd13f8d26072ef8a91b623d677766deac7f97ca815868cd41bf5e?s=96&d=mm&r=g","width":96,"height":96,"caption":"El Digital de Asturias"}},{"@type":"WebPage","@id":"https:\/\/www.eldigitaldeasturias.com\/noticias\/abalos-defiende-una-respuesta-legal-firme-en-cataluna-si-es-preciso\/#webpage","url":"https:\/\/www.eldigitaldeasturias.com\/noticias\/abalos-defiende-una-respuesta-legal-firme-en-cataluna-si-es-preciso\/","name":"\u00c1balos defiende una respuesta legal firme en Catalu\u00f1a si es preciso - El Digital de Asturias","description":"El secretario de Organizaci\u00f3n, Jos\u00e9 Luis \u00c1balos, anunci\u00f3 hoy que el secretario general del PSOE, Pedro S\u00e1nchez, y el presidente del Gobierno, Mariano Rajoy, abordar\u00e1n la situaci\u00f3n en Catalu\u00f1a, en el curso de una reuni\u00f3n que celebrar\u00e1n ma\u00f1ana en La Moncloa; un d\u00eda despu\u00e9s de la investidura de Joaquin Torra como nuevo president de la","inLanguage":"es-ES","isPartOf":{"@id":"https:\/\/www.eldigitaldeasturias.com\/noticias\/#website"},"breadcrumb":{"@id":"https:\/\/www.eldigitaldeasturias.com\/noticias\/abalos-defiende-una-respuesta-legal-firme-en-cataluna-si-es-preciso\/#breadcrumblist"},"author":{"@id":"https:\/\/www.eldigitaldeasturias.com\/noticias\/author\/admin\/#author"},"creator":{"@id":"https:\/\/www.eldigitaldeasturias.com\/noticias\/author\/admin\/#author"},"image":{"@type":"ImageObject","url":975948,"@id":"https:\/\/www.eldigitaldeasturias.com\/noticias\/abalos-defiende-una-respuesta-legal-firme-en-cataluna-si-es-preciso\/#mainImage"},"primaryImageOfPage":{"@id":"https:\/\/www.eldigitaldeasturias.com\/noticias\/abalos-defiende-una-respuesta-legal-firme-en-cataluna-si-es-preciso\/#mainImage"},"datePublished":"2018-05-14T16:12:49+02:00","dateModified":"2018-05-14T16:12:49+02:00"},{"@type":"WebSite","@id":"https:\/\/www.eldigitaldeasturias.com\/noticias\/#website","url":"https:\/\/www.eldigitaldeasturias.com\/noticias\/","name":"El Digital de Asturias - Diario de actualidad y noticias","alternateName":"El Digital de Asturias - Diario de actualidad y noticias","description":"Hemeroteca","inLanguage":"es-ES","publisher":{"@id":"https:\/\/www.eldigitaldeasturias.com\/noticias\/#organization"}}]},"og:locale":"es_ES","og:site_name":"El Digital de Asturias","og:type":"article","og:title":"\u00c1balos defiende una respuesta legal firme en Catalu\u00f1a si es preciso - El Digital de Asturias","og:description":"El secretario de Organizaci\u00f3n, Jos\u00e9 Luis \u00c1balos, anunci\u00f3 hoy que el secretario general del PSOE, Pedro S\u00e1nchez, y el presidente del Gobierno, Mariano Rajoy, abordar\u00e1n la situaci\u00f3n en Catalu\u00f1a, en el curso de una reuni\u00f3n que celebrar\u00e1n ma\u00f1ana en La Moncloa; un d\u00eda despu\u00e9s de la investidura de Joaquin Torra como nuevo president de la","og:url":"https:\/\/www.eldigitaldeasturias.com\/noticias\/abalos-defiende-una-respuesta-legal-firme-en-cataluna-si-es-preciso\/","article:tag":["actualidad"],"article:published_time":"2018-05-14T16:12:49+00:00","article:modified_time":"2018-05-14T16:12:49+00:00","article:publisher":"https:\/\/facebook.com\/eldigitaldeasturias","twitter:card":"summary_large_image","twitter:title":"\u00c1balos defiende una respuesta legal firme en Catalu\u00f1a si es preciso - El Digital de Asturias","twitter:description":"El secretario de Organizaci\u00f3n, Jos\u00e9 Luis \u00c1balos, anunci\u00f3 hoy que el secretario general del PSOE, Pedro S\u00e1nchez, y el presidente del Gobierno, Mariano Rajoy, abordar\u00e1n la situaci\u00f3n en Catalu\u00f1a, en el curso de una reuni\u00f3n que celebrar\u00e1n ma\u00f1ana en La Moncloa; un d\u00eda despu\u00e9s de la investidura de Joaquin Torra como nuevo president de la","twitter:image":"https:\/\/www.eldigitaldeasturias.com\/noticias\/wp-content\/uploads\/2020\/12\/EDA-1.jpg","twitter:label1":"Escrito por","twitter:data1":"El Digital de Asturias","twitter:label2":"Tiempo de lectura estimado","twitter:data2":"3 minutos"},"aioseo_meta_data":{"post_id":"980334","title":null,"description":null,"keywords":null,"keyphrases":null,"primary_term":null,"canonical_url":null,"og_title":null,"og_description":null,"og_object_type":"default","og_image_type":"default","og_image_url":null,"og_image_width":null,"og_image_height":null,"og_image_custom_url":null,"og_image_custom_fields":null,"og_video":null,"og_custom_url":null,"og_article_section":null,"og_article_tags":null,"twitter_use_og":false,"twitter_card":"default","twitter_image_type":"default","twitter_image_url":null,"twitter_image_custom_url":null,"twitter_image_custom_fields":null,"twitter_title":null,"twitter_description":null,"schema":{"blockGraphs":[],"customGraphs":[],"default":{"data":{"Article":[],"Course":[],"Dataset":[],"FAQPage":[],"Movie":[],"Person":[],"Product":[],"ProductReview":[],"Car":[],"Recipe":[],"Service":[],"SoftwareApplication":[],"WebPage":[]},"graphName":"","isEnabled":true},"graphs":[],"defaultGraph":"","defaultPostTypeGraph":""},"schema_type":null,"schema_type_options":null,"pillar_content":false,"robots_default":true,"robots_noindex":false,"robots_noarchive":false,"robots_nosnippet":false,"robots_nofollow":false,"robots_noimageindex":false,"robots_noodp":false,"robots_notranslate":false,"robots_max_snippet":null,"robots_max_videopreview":null,"robots_max_imagepreview":"large","priority":null,"frequency":null,"local_seo":null,"seo_analyzer_scan_date":"2025-10-08 17:32:05","breadcrumb_settings":null,"limit_modified_date":false,"open_ai":null,"ai":null,"created":"2020-12-21 11:57:38","updated":"2025-10-08 17:32:05","focus_keyword":null,"additional_keywords":null,"truseo_locale":null},"aioseo_breadcrumb":"<div class=\"aioseo-breadcrumbs\"><span class=\"aioseo-breadcrumb\">\n\t<a href=\"https:\/\/www.eldigitaldeasturias.com\/noticias\" title=\"Home\">Home<\/a>\n<\/span><span class=\"aioseo-breadcrumb-separator\">\u2013<\/span><span class=\"aioseo-breadcrumb\">\n\t<a href=\"https:\/\/www.eldigitaldeasturias.com\/noticias\/category\/actualidad\/\" title=\"Actualidad\">Actualidad<\/a>\n<\/span><span class=\"aioseo-breadcrumb-separator\">\u2013<\/span><span class=\"aioseo-breadcrumb\">\n\t<a href=\"https:\/\/www.eldigitaldeasturias.com\/noticias\/abalos-defiende-una-respuesta-legal-firme-en-cataluna-si-es-preciso\/\" title=\"\u00c1balos defiende una respuesta legal firme en Catalu\u00f1a si es preciso\">\u00c1balos defiende una respuesta legal firme en Catalu\u00f1a si es preciso<\/a>\n<\/span><\/div>","aioseo_breadcrumb_json":[{"label":"Home","link":"https:\/\/www.eldigitaldeasturias.com\/noticias"},{"label":"Actualidad","link":"https:\/\/www.eldigitaldeasturias.com\/noticias\/category\/actualidad\/"},{"label":"\u00c1balos defiende una respuesta legal firme en Catalu\u00f1a si es preciso","link":"https:\/\/www.eldigitaldeasturias.com\/noticias\/abalos-defiende-una-respuesta-legal-firme-en-cataluna-si-es-preciso\/"}],"_links":{"self":[{"href":"https:\/\/www.eldigitaldeasturias.com\/noticias\/wp-json\/wp\/v2\/posts\/980334","targetHints":{"allow":["GET"]}}],"collection":[{"href":"https:\/\/www.eldigitaldeasturias.com\/noticias\/wp-json\/wp\/v2\/posts"}],"about":[{"href":"https:\/\/www.eldigitaldeasturias.com\/noticias\/wp-json\/wp\/v2\/types\/post"}],"author":[{"embeddable":true,"href":"https:\/\/www.eldigitaldeasturias.com\/noticias\/wp-json\/wp\/v2\/users\/1"}],"replies":[{"embeddable":true,"href":"https:\/\/www.eldigitaldeasturias.com\/noticias\/wp-json\/wp\/v2\/comments?post=980334"}],"version-history":[{"count":0,"href":"https:\/\/www.eldigitaldeasturias.com\/noticias\/wp-json\/wp\/v2\/posts\/980334\/revisions"}],"wp:attachment":[{"href":"https:\/\/www.eldigitaldeasturias.com\/noticias\/wp-json\/wp\/v2\/media?parent=980334"}],"wp:term":[{"taxonomy":"category","embeddable":true,"href":"https:\/\/www.eldigitaldeasturias.com\/noticias\/wp-json\/wp\/v2\/categories?post=980334"},{"taxonomy":"post_tag","embeddable":true,"href":"https:\/\/www.eldigitaldeasturias.com\/noticias\/wp-json\/wp\/v2\/tags?post=980334"}],"curies":[{"name":"wp","href":"https:\/\/api.w.org\/{rel}","templated":true}]}}