{"id":980267,"date":"2018-05-14T14:09:15","date_gmt":"2018-05-14T14:09:15","guid":{"rendered":"http:\/\/www.eldigitaldeasturias.com\/noticias\/?p=980267"},"modified":"2018-05-14T14:09:15","modified_gmt":"2018-05-14T14:09:15","slug":"la-prensa-sigue-amenazada-en-mexico-a-un-ano-del-caso-javier-valdez","status":"publish","type":"post","link":"https:\/\/www.eldigitaldeasturias.com\/noticias\/la-prensa-sigue-amenazada-en-mexico-a-un-ano-del-caso-javier-valdez\/","title":{"rendered":"La prensa sigue amenazada en M\u00e9xico a un a\u00f1o del caso Javier Valdez"},"content":{"rendered":"<p><img loading=\"lazy\" decoding=\"async\" class=\"alignleft size-medium wp-image-980268\" src=\"https:\/\/www.eldigitaldeasturias.com\/noticias\/wp-content\/uploads\/2018\/05\/899477_960_720-360x240.jpg\" alt=\"\" width=\"360\" height=\"240\" \/>Ciudad de M\u00e9xico, 14 may (dpa) &#8211; Ha pasado un a\u00f1o desde el asesinato del periodista mexicano Javier Valdez, un experto en crimen organizado cuya muerte no solo caus\u00f3 conmoci\u00f3n en los medios de comunicaci\u00f3n, sino que tambi\u00e9n se convirti\u00f3 en una simb\u00f3lica muestra de los ataques a la prensa en M\u00e9xico.<\/p>\n<p>El asesinato de Valdez, ocurrido el 15 de mayo de 2017 en su natal Culiac\u00e1n, estado de Sinaloa (noroeste), adem\u00e1s de exponer los peligros que corren los periodistas mexicanos debido a su profesi\u00f3n, exhibe la impunidad en la que quedan muchos de estos cr\u00edmenes.<\/p>\n<p>Tan solo unas semanas antes del aniversario de su muerte, las autoridades mexicanas anunciaban la detenci\u00f3n del presunto asesino de Valdez. Tuvo que pasar casi un a\u00f1o para que encontraran a unos de los posibles autores del crimen y se arrojaran m\u00e1s luces sobre los motivos detr\u00e1s del asesinato.<\/p>\n<p>Valdez fue asesinado por su actividad como hombre de prensa, por sus \u00abdiversos trabajos de investigaci\u00f3n period\u00edstica, en los que cubr\u00eda asuntos como narcotr\u00e1fico y delincuencia organizada\u00bb, dijo en ese momento el comisionado nacional de seguridad, Renato Sales.<\/p>\n<p>El reconocido periodista, cuyo asesinato llen\u00f3 de indignaci\u00f3n al gremio, fue fundador del semanario \u00abRiodoce\u00bb, autor de varios libros sobre narcotr\u00e1fico, recibi\u00f3 varios premios por su labor y colabor\u00f3 con diversos diarios y agencias de noticias.<\/p>\n<p>Ten\u00eda 50 a\u00f1os cuando fue acribillado por hombres armados mientras transitaba por las calles de Culiac\u00e1n, muy cerca de las oficinas de \u00abRiodoce\u00bb.<\/p>\n<p>Sinaloa, el estado en el que naci\u00f3, es tambi\u00e9n la cuna del capo Joaqu\u00edn \u00abEl Chapo\u00bb Guzm\u00e1n, ex l\u00edder del C\u00e1rtel de Sinaloa.<\/p>\n<p>Y aunque el caso Valdez es, por mucho, el m\u00e1s conocido, no es el \u00fanico en M\u00e9xico, pa\u00eds considerado como uno de los m\u00e1s peligrosos para ejercer el periodismo a nivel mundial y que encabeza el historial negro en Am\u00e9rica Latina.<\/p>\n<p>Seg\u00fan el informe anual de Reporteros sin Fronteras (RSF), M\u00e9xico es \u00abel pa\u00eds m\u00e1s mort\u00edfero para los medios de comunicaci\u00f3n en Am\u00e9rica, pese a que la naci\u00f3n no est\u00e1 en guerra\u00bb. La organizaci\u00f3n se\u00f1ala, sin embargo, que la presencia de mafias y c\u00e1rteles genera un \u00abambiente violento\u00bb.<\/p>\n<p>En medio de la violencia de los c\u00e1rteles de las drogas, la violencia en general se dispar\u00f3 en 2017 en M\u00e9xico a los niveles m\u00e1s altos desde que comenzaron los registros hace dos d\u00e9cadas y el a\u00f1o pasado super\u00f3 su propio r\u00e9cord con m\u00e1s de 29.000 asesinatos.<\/p>\n<p>Tambi\u00e9n se encuentra a la cabeza del r\u00e1nking de la Federaci\u00f3n Internacional de Periodistas (FIP) de los pa\u00edses con m\u00e1s muertes de comunicadores en 2017: M\u00e9xico (13), Afganist\u00e1n (11), Iraq (11), Siria (10), India (6), Filipinas (4), Pakist\u00e1n (4), Nigeria (3), Somalia (3) y Honduras (3).<\/p>\n<p>En lo que va de 2018, tres periodistas fueron abatidos en M\u00e9xico, adem\u00e1s de una bloguera -periodista de profesi\u00f3n- que fue tiroteada por supuestamente difundir en su canal de Youtube informaci\u00f3n sobre un grupo criminal.<\/p>\n<p>Asimismo, Reporteros sin Fronteras tiene un recuento de al menos 21 periodistas desaparecidos desde 2000 en M\u00e9xico, ocho de ellos en los \u00faltimos diez a\u00f1os.<\/p>\n<p>A inicios del mes, la Organizaci\u00f3n de las Naciones Unidas (ONU) llam\u00f3 a las autoridades mexicanas a proteger a los periodistas y acabar con la impunidad de los cr\u00edmenes contra los informadores.<\/p>\n<p>\u00abDe eso depende el futuro de la democracia y el derecho a la verdad en el pa\u00eds\u00bb, dijo Gianfranco Summa, director del Centro de Informaci\u00f3n de las Naciones Unidas en M\u00e9xico (CINU), durante la primera entrega del premio Breach\/Valdez de Periodismo y Derechos Humanos, instituido en honor a Valdez y a Miroslava Breach, otra conocida periodista asesinada el a\u00f1o pasado en el norte mexicano.<\/p>\n<p>De acuerdo con Summa, la impunidad de los ataques a periodistas se ubica en un 90 por ciento a nivel internacional, pero en M\u00e9xico el nivel alcanza un alarmante 99 por ciento de casos sin resolver.<\/p>\n<p>\u00abLlamamos al Gobierno mexicano y a todas las autoridades mexicanas a que garanticen la libertad de prensa y protejan a los periodistas y terminen con la impunidad\u00bb, se\u00f1al\u00f3 el director de CINU.<\/p>\n<p>Aunque la ONU y algunas otras organizaciones han reconocido que algunos instrumentos de protecci\u00f3n a periodistas se han reforzado en el pa\u00eds, el gremio considera que no es suficiente e incluso denuncia que la situaci\u00f3n ha empeorado.<\/p>\n<p>\u00abNo se ha hecho justicia ni en este caso (el de Valdez) ni en el de los otros muchos periodistas asesinados en M\u00e9xico\u00bb, dice un periodista en un video, parte de un cortometraje realizado para conmemorar un a\u00f1o del asesinato del fundador de \u00abRiodoce\u00bb y en el que participan no solo hombres y mujeres de prensa, sino tambi\u00e9n intelectuales, escritores y cineastas.<\/p>\n<p>El corto \u00abNo se mata la verdad\u00bb es solo una de las muchas iniciativas planeadas para conmemorar a Valdez y a muchas otras v\u00edctimas, no solo en M\u00e9xico sino en toda Am\u00e9rica Latina.<\/p>\n<p><i class=\"lang-es\"><span class=\" readonly\" title=\"\">Por Carmen Pe\u00f1a (dpa)<\/span><\/i><\/p>\n","protected":false},"excerpt":{"rendered":"<p>Ciudad de M\u00e9xico, 14 may (dpa) &#8211; Ha pasado un a\u00f1o desde el asesinato del periodista mexicano Javier Valdez, un experto en crimen organizado cuya muerte no solo caus\u00f3 conmoci\u00f3n en los medios de comunicaci\u00f3n, sino que tambi\u00e9n se convirti\u00f3 en una simb\u00f3lica muestra de los ataques a la prensa en M\u00e9xico. El asesinato de [&hellip;]<\/p>\n","protected":false},"author":1,"featured_media":980268,"comment_status":"closed","ping_status":"closed","sticky":false,"template":"","format":"standard","meta":{"footnotes":""},"categories":[1],"tags":[],"class_list":["post-980267","post","type-post","status-publish","format-standard","has-post-thumbnail","hentry","category-actualidad"],"aioseo_notices":[],"aioseo_head":"\n\t\t<!-- All in One SEO Pro 5.0.1 - aioseo.com -->\n\t<meta name=\"description\" content=\"Ciudad de M\u00e9xico, 14 may (dpa) - Ha pasado un a\u00f1o desde el asesinato del periodista mexicano Javier Valdez, un experto en crimen organizado cuya muerte no solo caus\u00f3 conmoci\u00f3n en los medios de comunicaci\u00f3n, sino que tambi\u00e9n se convirti\u00f3 en una simb\u00f3lica muestra de los ataques a la prensa en M\u00e9xico. El asesinato de\" \/>\n\t<meta name=\"robots\" content=\"max-image-preview:large\" \/>\n\t<meta name=\"author\" content=\"El Digital de Asturias\"\/>\n\t<meta name=\"google-site-verification\" content=\"UA-38556648-1\" \/>\n\t<meta name=\"msvalidate.01\" content=\"7dfe9f3f1b24437ab69f4f2559babe99\" \/>\n\t<meta name=\"keywords\" content=\"actualidad\" \/>\n\t<link rel=\"canonical\" href=\"https:\/\/www.eldigitaldeasturias.com\/noticias\/la-prensa-sigue-amenazada-en-mexico-a-un-ano-del-caso-javier-valdez\/\" \/>\n\t<meta name=\"generator\" content=\"All in One SEO Pro (AIOSEO) 5.0.1\" \/>\n\t\t<meta property=\"og:locale\" content=\"es_ES\" \/>\n\t\t<meta property=\"og:site_name\" content=\"El Digital de Asturias\" \/>\n\t\t<meta property=\"og:type\" content=\"article\" \/>\n\t\t<meta property=\"og:title\" content=\"La prensa sigue amenazada en M\u00e9xico a un a\u00f1o del caso Javier Valdez - El Digital de Asturias\" \/>\n\t\t<meta property=\"og:description\" content=\"Ciudad de M\u00e9xico, 14 may (dpa) - Ha pasado un a\u00f1o desde el asesinato del periodista mexicano Javier Valdez, un experto en crimen organizado cuya muerte no solo caus\u00f3 conmoci\u00f3n en los medios de comunicaci\u00f3n, sino que tambi\u00e9n se convirti\u00f3 en una simb\u00f3lica muestra de los ataques a la prensa en M\u00e9xico. El asesinato de\" \/>\n\t\t<meta property=\"og:url\" content=\"https:\/\/www.eldigitaldeasturias.com\/noticias\/la-prensa-sigue-amenazada-en-mexico-a-un-ano-del-caso-javier-valdez\/\" \/>\n\t\t<meta property=\"article:tag\" content=\"actualidad\" \/>\n\t\t<meta property=\"article:published_time\" content=\"2018-05-14T14:09:15+00:00\" \/>\n\t\t<meta property=\"article:modified_time\" content=\"2018-05-14T14:09:15+00:00\" \/>\n\t\t<meta property=\"article:publisher\" content=\"https:\/\/facebook.com\/eldigitaldeasturias\" \/>\n\t\t<meta name=\"twitter:card\" content=\"summary_large_image\" \/>\n\t\t<meta name=\"twitter:title\" content=\"La prensa sigue amenazada en M\u00e9xico a un a\u00f1o del caso Javier Valdez - El Digital de Asturias\" \/>\n\t\t<meta name=\"twitter:description\" content=\"Ciudad de M\u00e9xico, 14 may (dpa) - Ha pasado un a\u00f1o desde el asesinato del periodista mexicano Javier Valdez, un experto en crimen organizado cuya muerte no solo caus\u00f3 conmoci\u00f3n en los medios de comunicaci\u00f3n, sino que tambi\u00e9n se convirti\u00f3 en una simb\u00f3lica muestra de los ataques a la prensa en M\u00e9xico. El asesinato de\" \/>\n\t\t<meta name=\"twitter:image\" content=\"https:\/\/www.eldigitaldeasturias.com\/noticias\/wp-content\/uploads\/2020\/12\/EDA-1.jpg\" \/>\n\t\t<meta name=\"twitter:label1\" content=\"Escrito por\" \/>\n\t\t<meta name=\"twitter:data1\" content=\"El Digital de Asturias\" \/>\n\t\t<meta name=\"twitter:label2\" content=\"Tiempo de lectura estimado\" \/>\n\t\t<meta name=\"twitter:data2\" content=\"4 minutos\" \/>\n\t\t<script type=\"application\/ld+json\" class=\"aioseo-schema\">\n\t\t\t{\"@context\":\"https:\\\/\\\/schema.org\",\"@graph\":[{\"@type\":\"BlogPosting\",\"@id\":\"https:\\\/\\\/www.eldigitaldeasturias.com\\\/noticias\\\/la-prensa-sigue-amenazada-en-mexico-a-un-ano-del-caso-javier-valdez\\\/#blogposting\",\"name\":\"La prensa sigue amenazada en M\\u00e9xico a un a\\u00f1o del caso Javier Valdez - El Digital de Asturias\",\"headline\":\"La prensa sigue amenazada en M\\u00e9xico a un a\\u00f1o del caso Javier Valdez\",\"author\":{\"@id\":\"https:\\\/\\\/www.eldigitaldeasturias.com\\\/noticias\\\/author\\\/admin\\\/#author\"},\"publisher\":{\"@id\":\"https:\\\/\\\/www.eldigitaldeasturias.com\\\/noticias\\\/#organization\"},\"image\":{\"@type\":\"ImageObject\",\"url\":980268},\"datePublished\":\"2018-05-14T14:09:15+02:00\",\"dateModified\":\"2018-05-14T14:09:15+02:00\",\"inLanguage\":\"es-ES\",\"mainEntityOfPage\":{\"@id\":\"https:\\\/\\\/www.eldigitaldeasturias.com\\\/noticias\\\/la-prensa-sigue-amenazada-en-mexico-a-un-ano-del-caso-javier-valdez\\\/#webpage\"},\"isPartOf\":{\"@id\":\"https:\\\/\\\/www.eldigitaldeasturias.com\\\/noticias\\\/la-prensa-sigue-amenazada-en-mexico-a-un-ano-del-caso-javier-valdez\\\/#webpage\"},\"articleSection\":\"Actualidad\"},{\"@type\":\"BreadcrumbList\",\"@id\":\"https:\\\/\\\/www.eldigitaldeasturias.com\\\/noticias\\\/la-prensa-sigue-amenazada-en-mexico-a-un-ano-del-caso-javier-valdez\\\/#breadcrumblist\",\"itemListElement\":[{\"@type\":\"ListItem\",\"@id\":\"https:\\\/\\\/www.eldigitaldeasturias.com\\\/noticias#listItem\",\"position\":1,\"name\":\"Home\",\"item\":\"https:\\\/\\\/www.eldigitaldeasturias.com\\\/noticias\",\"nextItem\":{\"@type\":\"ListItem\",\"@id\":\"https:\\\/\\\/www.eldigitaldeasturias.com\\\/noticias\\\/category\\\/actualidad\\\/#listItem\",\"name\":\"Actualidad\"}},{\"@type\":\"ListItem\",\"@id\":\"https:\\\/\\\/www.eldigitaldeasturias.com\\\/noticias\\\/category\\\/actualidad\\\/#listItem\",\"position\":2,\"name\":\"Actualidad\",\"item\":\"https:\\\/\\\/www.eldigitaldeasturias.com\\\/noticias\\\/category\\\/actualidad\\\/\",\"nextItem\":{\"@type\":\"ListItem\",\"@id\":\"https:\\\/\\\/www.eldigitaldeasturias.com\\\/noticias\\\/la-prensa-sigue-amenazada-en-mexico-a-un-ano-del-caso-javier-valdez\\\/#listItem\",\"name\":\"La prensa sigue amenazada en M\\u00e9xico a un a\\u00f1o del caso Javier Valdez\"},\"previousItem\":{\"@type\":\"ListItem\",\"@id\":\"https:\\\/\\\/www.eldigitaldeasturias.com\\\/noticias#listItem\",\"name\":\"Home\"}},{\"@type\":\"ListItem\",\"@id\":\"https:\\\/\\\/www.eldigitaldeasturias.com\\\/noticias\\\/la-prensa-sigue-amenazada-en-mexico-a-un-ano-del-caso-javier-valdez\\\/#listItem\",\"position\":3,\"name\":\"La prensa sigue amenazada en M\\u00e9xico a un a\\u00f1o del caso Javier Valdez\",\"previousItem\":{\"@type\":\"ListItem\",\"@id\":\"https:\\\/\\\/www.eldigitaldeasturias.com\\\/noticias\\\/category\\\/actualidad\\\/#listItem\",\"name\":\"Actualidad\"}}]},{\"@type\":\"Organization\",\"@id\":\"https:\\\/\\\/www.eldigitaldeasturias.com\\\/noticias\\\/#organization\",\"name\":\"El Digital de Asturias\",\"description\":\"Hemeroteca\",\"url\":\"https:\\\/\\\/www.eldigitaldeasturias.com\\\/noticias\\\/\",\"email\":\"info@eldigitaldeasturias.com\",\"telephone\":\"+34652131393\",\"logo\":{\"@type\":\"ImageObject\",\"url\":\"https:\\\/\\\/www.eldigitaldeasturias.com\\\/noticias\\\/wp-content\\\/uploads\\\/2020\\\/12\\\/EDA.jpg\",\"@id\":\"https:\\\/\\\/www.eldigitaldeasturias.com\\\/noticias\\\/la-prensa-sigue-amenazada-en-mexico-a-un-ano-del-caso-javier-valdez\\\/#organizationLogo\"},\"image\":{\"@id\":\"https:\\\/\\\/www.eldigitaldeasturias.com\\\/noticias\\\/la-prensa-sigue-amenazada-en-mexico-a-un-ano-del-caso-javier-valdez\\\/#organizationLogo\"},\"sameAs\":[\"https:\\\/\\\/facebook.com\\\/eldigitaldeasturias\",\"https:\\\/\\\/www.youtube.com\\\/channel\\\/UCZP-2wLEB9Rv6erhFmqVnvg\"],\"address\":{\"@id\":\"https:\\\/\\\/www.eldigitaldeasturias.com\\\/noticias\\\/#postaladdress\",\"@type\":\"PostalAddress\",\"streetAddress\":\"san antonio 4\",\"postalCode\":\"33430\",\"addressLocality\":\"Cand\\u00e1s\",\"addressRegion\":\"Asturias\",\"addressCountry\":\"ES\"}},{\"@type\":\"Person\",\"@id\":\"https:\\\/\\\/www.eldigitaldeasturias.com\\\/noticias\\\/author\\\/admin\\\/#author\",\"url\":\"https:\\\/\\\/www.eldigitaldeasturias.com\\\/noticias\\\/author\\\/admin\\\/\",\"name\":\"El Digital de Asturias\",\"image\":{\"@type\":\"ImageObject\",\"@id\":\"https:\\\/\\\/www.eldigitaldeasturias.com\\\/noticias\\\/la-prensa-sigue-amenazada-en-mexico-a-un-ano-del-caso-javier-valdez\\\/#authorImage\",\"url\":\"https:\\\/\\\/secure.gravatar.com\\\/avatar\\\/df2aeffc32bcd13f8d26072ef8a91b623d677766deac7f97ca815868cd41bf5e?s=96&d=mm&r=g\",\"width\":96,\"height\":96,\"caption\":\"El Digital de Asturias\"}},{\"@type\":\"WebPage\",\"@id\":\"https:\\\/\\\/www.eldigitaldeasturias.com\\\/noticias\\\/la-prensa-sigue-amenazada-en-mexico-a-un-ano-del-caso-javier-valdez\\\/#webpage\",\"url\":\"https:\\\/\\\/www.eldigitaldeasturias.com\\\/noticias\\\/la-prensa-sigue-amenazada-en-mexico-a-un-ano-del-caso-javier-valdez\\\/\",\"name\":\"La prensa sigue amenazada en M\\u00e9xico a un a\\u00f1o del caso Javier Valdez - El Digital de Asturias\",\"description\":\"Ciudad de M\\u00e9xico, 14 may (dpa) - Ha pasado un a\\u00f1o desde el asesinato del periodista mexicano Javier Valdez, un experto en crimen organizado cuya muerte no solo caus\\u00f3 conmoci\\u00f3n en los medios de comunicaci\\u00f3n, sino que tambi\\u00e9n se convirti\\u00f3 en una simb\\u00f3lica muestra de los ataques a la prensa en M\\u00e9xico. El asesinato de\",\"inLanguage\":\"es-ES\",\"isPartOf\":{\"@id\":\"https:\\\/\\\/www.eldigitaldeasturias.com\\\/noticias\\\/#website\"},\"breadcrumb\":{\"@id\":\"https:\\\/\\\/www.eldigitaldeasturias.com\\\/noticias\\\/la-prensa-sigue-amenazada-en-mexico-a-un-ano-del-caso-javier-valdez\\\/#breadcrumblist\"},\"author\":{\"@id\":\"https:\\\/\\\/www.eldigitaldeasturias.com\\\/noticias\\\/author\\\/admin\\\/#author\"},\"creator\":{\"@id\":\"https:\\\/\\\/www.eldigitaldeasturias.com\\\/noticias\\\/author\\\/admin\\\/#author\"},\"image\":{\"@type\":\"ImageObject\",\"url\":980268,\"@id\":\"https:\\\/\\\/www.eldigitaldeasturias.com\\\/noticias\\\/la-prensa-sigue-amenazada-en-mexico-a-un-ano-del-caso-javier-valdez\\\/#mainImage\"},\"primaryImageOfPage\":{\"@id\":\"https:\\\/\\\/www.eldigitaldeasturias.com\\\/noticias\\\/la-prensa-sigue-amenazada-en-mexico-a-un-ano-del-caso-javier-valdez\\\/#mainImage\"},\"datePublished\":\"2018-05-14T14:09:15+02:00\",\"dateModified\":\"2018-05-14T14:09:15+02:00\"},{\"@type\":\"WebSite\",\"@id\":\"https:\\\/\\\/www.eldigitaldeasturias.com\\\/noticias\\\/#website\",\"url\":\"https:\\\/\\\/www.eldigitaldeasturias.com\\\/noticias\\\/\",\"name\":\"El Digital de Asturias - Diario de actualidad y noticias\",\"alternateName\":\"El Digital de Asturias - Diario de actualidad y noticias\",\"description\":\"Hemeroteca\",\"inLanguage\":\"es-ES\",\"publisher\":{\"@id\":\"https:\\\/\\\/www.eldigitaldeasturias.com\\\/noticias\\\/#organization\"}}]}\n\t\t<\/script>\n\t\t<!-- All in One SEO Pro -->\r\n\t\t<title>La prensa sigue amenazada en M\u00e9xico a un a\u00f1o del caso Javier Valdez - El Digital de Asturias<\/title>\n\n","aioseo_head_json":{"title":"La prensa sigue amenazada en M\u00e9xico a un a\u00f1o del caso Javier Valdez - El Digital de Asturias","description":"Ciudad de M\u00e9xico, 14 may (dpa) - Ha pasado un a\u00f1o desde el asesinato del periodista mexicano Javier Valdez, un experto en crimen organizado cuya muerte no solo caus\u00f3 conmoci\u00f3n en los medios de comunicaci\u00f3n, sino que tambi\u00e9n se convirti\u00f3 en una simb\u00f3lica muestra de los ataques a la prensa en M\u00e9xico. El asesinato de","canonical_url":"https:\/\/www.eldigitaldeasturias.com\/noticias\/la-prensa-sigue-amenazada-en-mexico-a-un-ano-del-caso-javier-valdez\/","robots":"max-image-preview:large","keywords":"actualidad","webmasterTools":{"google-site-verification":"UA-38556648-1","msvalidate.01":"7dfe9f3f1b24437ab69f4f2559babe99","miscellaneous":""},"schema":{"@context":"https:\/\/schema.org","@graph":[{"@type":"BlogPosting","@id":"https:\/\/www.eldigitaldeasturias.com\/noticias\/la-prensa-sigue-amenazada-en-mexico-a-un-ano-del-caso-javier-valdez\/#blogposting","name":"La prensa sigue amenazada en M\u00e9xico a un a\u00f1o del caso Javier Valdez - El Digital de Asturias","headline":"La prensa sigue amenazada en M\u00e9xico a un a\u00f1o del caso Javier Valdez","author":{"@id":"https:\/\/www.eldigitaldeasturias.com\/noticias\/author\/admin\/#author"},"publisher":{"@id":"https:\/\/www.eldigitaldeasturias.com\/noticias\/#organization"},"image":{"@type":"ImageObject","url":980268},"datePublished":"2018-05-14T14:09:15+02:00","dateModified":"2018-05-14T14:09:15+02:00","inLanguage":"es-ES","mainEntityOfPage":{"@id":"https:\/\/www.eldigitaldeasturias.com\/noticias\/la-prensa-sigue-amenazada-en-mexico-a-un-ano-del-caso-javier-valdez\/#webpage"},"isPartOf":{"@id":"https:\/\/www.eldigitaldeasturias.com\/noticias\/la-prensa-sigue-amenazada-en-mexico-a-un-ano-del-caso-javier-valdez\/#webpage"},"articleSection":"Actualidad"},{"@type":"BreadcrumbList","@id":"https:\/\/www.eldigitaldeasturias.com\/noticias\/la-prensa-sigue-amenazada-en-mexico-a-un-ano-del-caso-javier-valdez\/#breadcrumblist","itemListElement":[{"@type":"ListItem","@id":"https:\/\/www.eldigitaldeasturias.com\/noticias#listItem","position":1,"name":"Home","item":"https:\/\/www.eldigitaldeasturias.com\/noticias","nextItem":{"@type":"ListItem","@id":"https:\/\/www.eldigitaldeasturias.com\/noticias\/category\/actualidad\/#listItem","name":"Actualidad"}},{"@type":"ListItem","@id":"https:\/\/www.eldigitaldeasturias.com\/noticias\/category\/actualidad\/#listItem","position":2,"name":"Actualidad","item":"https:\/\/www.eldigitaldeasturias.com\/noticias\/category\/actualidad\/","nextItem":{"@type":"ListItem","@id":"https:\/\/www.eldigitaldeasturias.com\/noticias\/la-prensa-sigue-amenazada-en-mexico-a-un-ano-del-caso-javier-valdez\/#listItem","name":"La prensa sigue amenazada en M\u00e9xico a un a\u00f1o del caso Javier Valdez"},"previousItem":{"@type":"ListItem","@id":"https:\/\/www.eldigitaldeasturias.com\/noticias#listItem","name":"Home"}},{"@type":"ListItem","@id":"https:\/\/www.eldigitaldeasturias.com\/noticias\/la-prensa-sigue-amenazada-en-mexico-a-un-ano-del-caso-javier-valdez\/#listItem","position":3,"name":"La prensa sigue amenazada en M\u00e9xico a un a\u00f1o del caso Javier Valdez","previousItem":{"@type":"ListItem","@id":"https:\/\/www.eldigitaldeasturias.com\/noticias\/category\/actualidad\/#listItem","name":"Actualidad"}}]},{"@type":"Organization","@id":"https:\/\/www.eldigitaldeasturias.com\/noticias\/#organization","name":"El Digital de Asturias","description":"Hemeroteca","url":"https:\/\/www.eldigitaldeasturias.com\/noticias\/","email":"info@eldigitaldeasturias.com","telephone":"+34652131393","logo":{"@type":"ImageObject","url":"https:\/\/www.eldigitaldeasturias.com\/noticias\/wp-content\/uploads\/2020\/12\/EDA.jpg","@id":"https:\/\/www.eldigitaldeasturias.com\/noticias\/la-prensa-sigue-amenazada-en-mexico-a-un-ano-del-caso-javier-valdez\/#organizationLogo"},"image":{"@id":"https:\/\/www.eldigitaldeasturias.com\/noticias\/la-prensa-sigue-amenazada-en-mexico-a-un-ano-del-caso-javier-valdez\/#organizationLogo"},"sameAs":["https:\/\/facebook.com\/eldigitaldeasturias","https:\/\/www.youtube.com\/channel\/UCZP-2wLEB9Rv6erhFmqVnvg"],"address":{"@id":"https:\/\/www.eldigitaldeasturias.com\/noticias\/#postaladdress","@type":"PostalAddress","streetAddress":"san antonio 4","postalCode":"33430","addressLocality":"Cand\u00e1s","addressRegion":"Asturias","addressCountry":"ES"}},{"@type":"Person","@id":"https:\/\/www.eldigitaldeasturias.com\/noticias\/author\/admin\/#author","url":"https:\/\/www.eldigitaldeasturias.com\/noticias\/author\/admin\/","name":"El Digital de Asturias","image":{"@type":"ImageObject","@id":"https:\/\/www.eldigitaldeasturias.com\/noticias\/la-prensa-sigue-amenazada-en-mexico-a-un-ano-del-caso-javier-valdez\/#authorImage","url":"https:\/\/secure.gravatar.com\/avatar\/df2aeffc32bcd13f8d26072ef8a91b623d677766deac7f97ca815868cd41bf5e?s=96&d=mm&r=g","width":96,"height":96,"caption":"El Digital de Asturias"}},{"@type":"WebPage","@id":"https:\/\/www.eldigitaldeasturias.com\/noticias\/la-prensa-sigue-amenazada-en-mexico-a-un-ano-del-caso-javier-valdez\/#webpage","url":"https:\/\/www.eldigitaldeasturias.com\/noticias\/la-prensa-sigue-amenazada-en-mexico-a-un-ano-del-caso-javier-valdez\/","name":"La prensa sigue amenazada en M\u00e9xico a un a\u00f1o del caso Javier Valdez - El Digital de Asturias","description":"Ciudad de M\u00e9xico, 14 may (dpa) - Ha pasado un a\u00f1o desde el asesinato del periodista mexicano Javier Valdez, un experto en crimen organizado cuya muerte no solo caus\u00f3 conmoci\u00f3n en los medios de comunicaci\u00f3n, sino que tambi\u00e9n se convirti\u00f3 en una simb\u00f3lica muestra de los ataques a la prensa en M\u00e9xico. El asesinato de","inLanguage":"es-ES","isPartOf":{"@id":"https:\/\/www.eldigitaldeasturias.com\/noticias\/#website"},"breadcrumb":{"@id":"https:\/\/www.eldigitaldeasturias.com\/noticias\/la-prensa-sigue-amenazada-en-mexico-a-un-ano-del-caso-javier-valdez\/#breadcrumblist"},"author":{"@id":"https:\/\/www.eldigitaldeasturias.com\/noticias\/author\/admin\/#author"},"creator":{"@id":"https:\/\/www.eldigitaldeasturias.com\/noticias\/author\/admin\/#author"},"image":{"@type":"ImageObject","url":980268,"@id":"https:\/\/www.eldigitaldeasturias.com\/noticias\/la-prensa-sigue-amenazada-en-mexico-a-un-ano-del-caso-javier-valdez\/#mainImage"},"primaryImageOfPage":{"@id":"https:\/\/www.eldigitaldeasturias.com\/noticias\/la-prensa-sigue-amenazada-en-mexico-a-un-ano-del-caso-javier-valdez\/#mainImage"},"datePublished":"2018-05-14T14:09:15+02:00","dateModified":"2018-05-14T14:09:15+02:00"},{"@type":"WebSite","@id":"https:\/\/www.eldigitaldeasturias.com\/noticias\/#website","url":"https:\/\/www.eldigitaldeasturias.com\/noticias\/","name":"El Digital de Asturias - Diario de actualidad y noticias","alternateName":"El Digital de Asturias - Diario de actualidad y noticias","description":"Hemeroteca","inLanguage":"es-ES","publisher":{"@id":"https:\/\/www.eldigitaldeasturias.com\/noticias\/#organization"}}]},"og:locale":"es_ES","og:site_name":"El Digital de Asturias","og:type":"article","og:title":"La prensa sigue amenazada en M\u00e9xico a un a\u00f1o del caso Javier Valdez - El Digital de Asturias","og:description":"Ciudad de M\u00e9xico, 14 may (dpa) - Ha pasado un a\u00f1o desde el asesinato del periodista mexicano Javier Valdez, un experto en crimen organizado cuya muerte no solo caus\u00f3 conmoci\u00f3n en los medios de comunicaci\u00f3n, sino que tambi\u00e9n se convirti\u00f3 en una simb\u00f3lica muestra de los ataques a la prensa en M\u00e9xico. El asesinato de","og:url":"https:\/\/www.eldigitaldeasturias.com\/noticias\/la-prensa-sigue-amenazada-en-mexico-a-un-ano-del-caso-javier-valdez\/","article:tag":["actualidad"],"article:published_time":"2018-05-14T14:09:15+00:00","article:modified_time":"2018-05-14T14:09:15+00:00","article:publisher":"https:\/\/facebook.com\/eldigitaldeasturias","twitter:card":"summary_large_image","twitter:title":"La prensa sigue amenazada en M\u00e9xico a un a\u00f1o del caso Javier Valdez - El Digital de Asturias","twitter:description":"Ciudad de M\u00e9xico, 14 may (dpa) - Ha pasado un a\u00f1o desde el asesinato del periodista mexicano Javier Valdez, un experto en crimen organizado cuya muerte no solo caus\u00f3 conmoci\u00f3n en los medios de comunicaci\u00f3n, sino que tambi\u00e9n se convirti\u00f3 en una simb\u00f3lica muestra de los ataques a la prensa en M\u00e9xico. El asesinato de","twitter:image":"https:\/\/www.eldigitaldeasturias.com\/noticias\/wp-content\/uploads\/2020\/12\/EDA-1.jpg","twitter:label1":"Escrito por","twitter:data1":"El Digital de Asturias","twitter:label2":"Tiempo de lectura estimado","twitter:data2":"4 minutos"},"aioseo_meta_data":{"post_id":"980267","title":null,"description":null,"keywords":null,"keyphrases":null,"primary_term":null,"canonical_url":null,"og_title":null,"og_description":null,"og_object_type":"default","og_image_type":"default","og_image_url":null,"og_image_width":null,"og_image_height":null,"og_image_custom_url":null,"og_image_custom_fields":null,"og_video":null,"og_custom_url":null,"og_article_section":null,"og_article_tags":null,"twitter_use_og":false,"twitter_card":"default","twitter_image_type":"default","twitter_image_url":null,"twitter_image_custom_url":null,"twitter_image_custom_fields":null,"twitter_title":null,"twitter_description":null,"schema":{"blockGraphs":[],"customGraphs":[],"default":{"data":{"Article":[],"Course":[],"Dataset":[],"FAQPage":[],"Movie":[],"Person":[],"Product":[],"ProductReview":[],"Car":[],"Recipe":[],"Service":[],"SoftwareApplication":[],"WebPage":[]},"graphName":"","isEnabled":true},"graphs":[],"defaultGraph":"","defaultPostTypeGraph":""},"schema_type":null,"schema_type_options":null,"pillar_content":false,"robots_default":true,"robots_noindex":false,"robots_noarchive":false,"robots_nosnippet":false,"robots_nofollow":false,"robots_noimageindex":false,"robots_noodp":false,"robots_notranslate":false,"robots_max_snippet":null,"robots_max_videopreview":null,"robots_max_imagepreview":"large","priority":null,"frequency":null,"local_seo":null,"seo_analyzer_scan_date":"2025-10-08 17:18:06","breadcrumb_settings":null,"limit_modified_date":false,"open_ai":null,"ai":null,"created":"2020-12-21 11:57:38","updated":"2025-10-08 17:18:06","focus_keyword":null,"additional_keywords":null,"truseo_locale":null},"aioseo_breadcrumb":"<div class=\"aioseo-breadcrumbs\"><span class=\"aioseo-breadcrumb\">\n\t<a href=\"https:\/\/www.eldigitaldeasturias.com\/noticias\" title=\"Home\">Home<\/a>\n<\/span><span class=\"aioseo-breadcrumb-separator\">\u2013<\/span><span class=\"aioseo-breadcrumb\">\n\t<a href=\"https:\/\/www.eldigitaldeasturias.com\/noticias\/category\/actualidad\/\" title=\"Actualidad\">Actualidad<\/a>\n<\/span><span class=\"aioseo-breadcrumb-separator\">\u2013<\/span><span class=\"aioseo-breadcrumb\">\n\t<a href=\"https:\/\/www.eldigitaldeasturias.com\/noticias\/la-prensa-sigue-amenazada-en-mexico-a-un-ano-del-caso-javier-valdez\/\" title=\"La prensa sigue amenazada en M\u00e9xico a un a\u00f1o del caso Javier Valdez\">La prensa sigue amenazada en M\u00e9xico a un a\u00f1o del caso Javier Valdez<\/a>\n<\/span><\/div>","aioseo_breadcrumb_json":[{"label":"Home","link":"https:\/\/www.eldigitaldeasturias.com\/noticias"},{"label":"Actualidad","link":"https:\/\/www.eldigitaldeasturias.com\/noticias\/category\/actualidad\/"},{"label":"La prensa sigue amenazada en M\u00e9xico a un a\u00f1o del caso Javier Valdez","link":"https:\/\/www.eldigitaldeasturias.com\/noticias\/la-prensa-sigue-amenazada-en-mexico-a-un-ano-del-caso-javier-valdez\/"}],"_links":{"self":[{"href":"https:\/\/www.eldigitaldeasturias.com\/noticias\/wp-json\/wp\/v2\/posts\/980267","targetHints":{"allow":["GET"]}}],"collection":[{"href":"https:\/\/www.eldigitaldeasturias.com\/noticias\/wp-json\/wp\/v2\/posts"}],"about":[{"href":"https:\/\/www.eldigitaldeasturias.com\/noticias\/wp-json\/wp\/v2\/types\/post"}],"author":[{"embeddable":true,"href":"https:\/\/www.eldigitaldeasturias.com\/noticias\/wp-json\/wp\/v2\/users\/1"}],"replies":[{"embeddable":true,"href":"https:\/\/www.eldigitaldeasturias.com\/noticias\/wp-json\/wp\/v2\/comments?post=980267"}],"version-history":[{"count":0,"href":"https:\/\/www.eldigitaldeasturias.com\/noticias\/wp-json\/wp\/v2\/posts\/980267\/revisions"}],"wp:attachment":[{"href":"https:\/\/www.eldigitaldeasturias.com\/noticias\/wp-json\/wp\/v2\/media?parent=980267"}],"wp:term":[{"taxonomy":"category","embeddable":true,"href":"https:\/\/www.eldigitaldeasturias.com\/noticias\/wp-json\/wp\/v2\/categories?post=980267"},{"taxonomy":"post_tag","embeddable":true,"href":"https:\/\/www.eldigitaldeasturias.com\/noticias\/wp-json\/wp\/v2\/tags?post=980267"}],"curies":[{"name":"wp","href":"https:\/\/api.w.org\/{rel}","templated":true}]}}