{"id":980241,"date":"2018-05-14T13:16:16","date_gmt":"2018-05-14T13:16:16","guid":{"rendered":"http:\/\/www.eldigitaldeasturias.com\/noticias\/?p=980241"},"modified":"2018-05-14T13:16:16","modified_gmt":"2018-05-14T13:16:16","slug":"la-infraestructura-critica-de-alemania-esta-siendo-blanco-de-ataques-ciberneticos","status":"publish","type":"post","link":"https:\/\/www.eldigitaldeasturias.com\/noticias\/la-infraestructura-critica-de-alemania-esta-siendo-blanco-de-ataques-ciberneticos\/","title":{"rendered":"La infraestructura cr\u00edtica de Alemania est\u00e1 siendo blanco de ataques cibern\u00e9ticos"},"content":{"rendered":"<p><img loading=\"lazy\" decoding=\"async\" class=\"alignleft size-medium wp-image-969030\" src=\"https:\/\/www.eldigitaldeasturias.com\/noticias\/wp-content\/uploads\/2018\/02\/macbook-577758_1280-1-360x239.jpg\" alt=\"\" width=\"360\" height=\"239\" \/>Berl\u00edn, 14 may (dpa) &#8211; La infraestructura cr\u00edtica de Alemania est\u00e1 siendo blanco de ataques cibern\u00e9ticos por parte de agentes extranjeros, advirti\u00f3 hoy el presidente del servicio de inteligencia interior de Alemania, Hans-Georg Maassen.<\/p>\n<p>Estos servicios buscan implantar malware (programas malignos) en los sistemas de computaci\u00f3n de la infraestructura cr\u00edtica de modo de estar en condiciones de preparar actos de sabotaje \u00aby quiz\u00e1s perpetrarlos alg\u00fan d\u00eda cuando se suscite un conflicto pol\u00edtico\u00bb, dijo Maassen a la emisora p\u00fablica rbb en la antesala de un simposio de inteligencia en Berl\u00edn.<\/p>\n<p>Bajo infraestructura cr\u00edtica se entiende todas las instalaciones y los sistemas de importancia central para la sociedad como el suministro de electricidad y de agua.<\/p>\n<p>Maassen, quien encabeza el servicio con nombre oficial de \u00abOficina Federal para la Protecci\u00f3n de la Constituci\u00f3n\u00bb, record\u00f3 que el mismo agente que atac\u00f3 una planta el\u00e9ctrica en Ucrania con un malware a fines de 2015 tambi\u00e9n lanz\u00f3 simult\u00e1neamente, pero sin \u00e9xito, un ciberataque contra la infraestructura en Alemania.<\/p>\n<p>\u00abEl mismo agresor intent\u00f3 atacar con el mismo programa la infraestructura alemana\u00bb, precis\u00f3. Las autoridades alemanas sospecharon entonces que el ataque proven\u00eda de Rusia.<\/p>\n<p>Maassen dijo que los operadores de la infraestructura son conscientes de las amenazas y est\u00e1n preparados. Sin embargo, record\u00f3 que Alemania ofrece muchos blancos potenciales \u00abporque mucho o dir\u00eda que casi todo est\u00e1 conectado a Internet\u00bb.<\/p>\n<p>En declaraciones formuladas a la cadena ARD, el m\u00e1ximo responsable del servicio secreto interior propuso que Alemania est\u00e9 en condiciones de lanzar ataques cibern\u00e9ticos preventivos para impedir una agresi\u00f3n de fuera, lo que se conoce como \u00abhack back\u00bb. Para este tipo de ataques preventivos no existe base legal.<\/p>\n<p>&nbsp;<\/p>\n","protected":false},"excerpt":{"rendered":"<p>Berl\u00edn, 14 may (dpa) &#8211; La infraestructura cr\u00edtica de Alemania est\u00e1 siendo blanco de ataques cibern\u00e9ticos por parte de agentes extranjeros, advirti\u00f3 hoy el presidente del servicio de inteligencia interior de Alemania, Hans-Georg Maassen. Estos servicios buscan implantar malware (programas malignos) en los sistemas de computaci\u00f3n de la infraestructura cr\u00edtica de modo de estar en [&hellip;]<\/p>\n","protected":false},"author":1,"featured_media":969030,"comment_status":"closed","ping_status":"closed","sticky":false,"template":"","format":"standard","meta":{"footnotes":""},"categories":[1],"tags":[],"class_list":["post-980241","post","type-post","status-publish","format-standard","has-post-thumbnail","hentry","category-actualidad"],"aioseo_notices":[],"aioseo_head":"\n\t\t<!-- All in One SEO Pro 5.0.1 - aioseo.com -->\n\t<meta name=\"description\" content=\"Berl\u00edn, 14 may (dpa) - La infraestructura cr\u00edtica de Alemania est\u00e1 siendo blanco de ataques cibern\u00e9ticos por parte de agentes extranjeros, advirti\u00f3 hoy el presidente del servicio de inteligencia interior de Alemania, Hans-Georg Maassen. Estos servicios buscan implantar malware (programas malignos) en los sistemas de computaci\u00f3n de la infraestructura cr\u00edtica de modo de estar en\" \/>\n\t<meta name=\"robots\" content=\"max-image-preview:large\" \/>\n\t<meta name=\"author\" content=\"El Digital de Asturias\"\/>\n\t<meta name=\"google-site-verification\" content=\"UA-38556648-1\" \/>\n\t<meta name=\"msvalidate.01\" content=\"7dfe9f3f1b24437ab69f4f2559babe99\" \/>\n\t<meta name=\"keywords\" content=\"actualidad\" \/>\n\t<link rel=\"canonical\" href=\"https:\/\/www.eldigitaldeasturias.com\/noticias\/la-infraestructura-critica-de-alemania-esta-siendo-blanco-de-ataques-ciberneticos\/\" \/>\n\t<meta name=\"generator\" content=\"All in One SEO Pro (AIOSEO) 5.0.1\" \/>\n\t\t<meta property=\"og:locale\" content=\"es_ES\" \/>\n\t\t<meta property=\"og:site_name\" content=\"El Digital de Asturias\" \/>\n\t\t<meta property=\"og:type\" content=\"article\" \/>\n\t\t<meta property=\"og:title\" content=\"La infraestructura cr\u00edtica de Alemania est\u00e1 siendo blanco de ataques cibern\u00e9ticos - El Digital de Asturias\" \/>\n\t\t<meta property=\"og:description\" content=\"Berl\u00edn, 14 may (dpa) - La infraestructura cr\u00edtica de Alemania est\u00e1 siendo blanco de ataques cibern\u00e9ticos por parte de agentes extranjeros, advirti\u00f3 hoy el presidente del servicio de inteligencia interior de Alemania, Hans-Georg Maassen. Estos servicios buscan implantar malware (programas malignos) en los sistemas de computaci\u00f3n de la infraestructura cr\u00edtica de modo de estar en\" \/>\n\t\t<meta property=\"og:url\" content=\"https:\/\/www.eldigitaldeasturias.com\/noticias\/la-infraestructura-critica-de-alemania-esta-siendo-blanco-de-ataques-ciberneticos\/\" \/>\n\t\t<meta property=\"article:tag\" content=\"actualidad\" \/>\n\t\t<meta property=\"article:published_time\" content=\"2018-05-14T13:16:16+00:00\" \/>\n\t\t<meta property=\"article:modified_time\" content=\"2018-05-14T13:16:16+00:00\" \/>\n\t\t<meta property=\"article:publisher\" content=\"https:\/\/facebook.com\/eldigitaldeasturias\" \/>\n\t\t<meta name=\"twitter:card\" content=\"summary_large_image\" \/>\n\t\t<meta name=\"twitter:title\" content=\"La infraestructura cr\u00edtica de Alemania est\u00e1 siendo blanco de ataques cibern\u00e9ticos - El Digital de Asturias\" \/>\n\t\t<meta name=\"twitter:description\" content=\"Berl\u00edn, 14 may (dpa) - La infraestructura cr\u00edtica de Alemania est\u00e1 siendo blanco de ataques cibern\u00e9ticos por parte de agentes extranjeros, advirti\u00f3 hoy el presidente del servicio de inteligencia interior de Alemania, Hans-Georg Maassen. Estos servicios buscan implantar malware (programas malignos) en los sistemas de computaci\u00f3n de la infraestructura cr\u00edtica de modo de estar en\" \/>\n\t\t<meta name=\"twitter:image\" content=\"https:\/\/www.eldigitaldeasturias.com\/noticias\/wp-content\/uploads\/2020\/12\/EDA-1.jpg\" \/>\n\t\t<meta name=\"twitter:label1\" content=\"Escrito por\" \/>\n\t\t<meta name=\"twitter:data1\" content=\"El Digital de Asturias\" \/>\n\t\t<meta name=\"twitter:label2\" content=\"Tiempo de lectura estimado\" \/>\n\t\t<meta name=\"twitter:data2\" content=\"1 minuto\" \/>\n\t\t<script type=\"application\/ld+json\" class=\"aioseo-schema\">\n\t\t\t{\"@context\":\"https:\\\/\\\/schema.org\",\"@graph\":[{\"@type\":\"BlogPosting\",\"@id\":\"https:\\\/\\\/www.eldigitaldeasturias.com\\\/noticias\\\/la-infraestructura-critica-de-alemania-esta-siendo-blanco-de-ataques-ciberneticos\\\/#blogposting\",\"name\":\"La infraestructura cr\\u00edtica de Alemania est\\u00e1 siendo blanco de ataques cibern\\u00e9ticos - El Digital de Asturias\",\"headline\":\"La infraestructura cr\\u00edtica de Alemania est\\u00e1 siendo blanco de ataques cibern\\u00e9ticos\",\"author\":{\"@id\":\"https:\\\/\\\/www.eldigitaldeasturias.com\\\/noticias\\\/author\\\/admin\\\/#author\"},\"publisher\":{\"@id\":\"https:\\\/\\\/www.eldigitaldeasturias.com\\\/noticias\\\/#organization\"},\"image\":{\"@type\":\"ImageObject\",\"url\":969030},\"datePublished\":\"2018-05-14T13:16:16+02:00\",\"dateModified\":\"2018-05-14T13:16:16+02:00\",\"inLanguage\":\"es-ES\",\"mainEntityOfPage\":{\"@id\":\"https:\\\/\\\/www.eldigitaldeasturias.com\\\/noticias\\\/la-infraestructura-critica-de-alemania-esta-siendo-blanco-de-ataques-ciberneticos\\\/#webpage\"},\"isPartOf\":{\"@id\":\"https:\\\/\\\/www.eldigitaldeasturias.com\\\/noticias\\\/la-infraestructura-critica-de-alemania-esta-siendo-blanco-de-ataques-ciberneticos\\\/#webpage\"},\"articleSection\":\"Actualidad\"},{\"@type\":\"BreadcrumbList\",\"@id\":\"https:\\\/\\\/www.eldigitaldeasturias.com\\\/noticias\\\/la-infraestructura-critica-de-alemania-esta-siendo-blanco-de-ataques-ciberneticos\\\/#breadcrumblist\",\"itemListElement\":[{\"@type\":\"ListItem\",\"@id\":\"https:\\\/\\\/www.eldigitaldeasturias.com\\\/noticias#listItem\",\"position\":1,\"name\":\"Home\",\"item\":\"https:\\\/\\\/www.eldigitaldeasturias.com\\\/noticias\",\"nextItem\":{\"@type\":\"ListItem\",\"@id\":\"https:\\\/\\\/www.eldigitaldeasturias.com\\\/noticias\\\/category\\\/actualidad\\\/#listItem\",\"name\":\"Actualidad\"}},{\"@type\":\"ListItem\",\"@id\":\"https:\\\/\\\/www.eldigitaldeasturias.com\\\/noticias\\\/category\\\/actualidad\\\/#listItem\",\"position\":2,\"name\":\"Actualidad\",\"item\":\"https:\\\/\\\/www.eldigitaldeasturias.com\\\/noticias\\\/category\\\/actualidad\\\/\",\"nextItem\":{\"@type\":\"ListItem\",\"@id\":\"https:\\\/\\\/www.eldigitaldeasturias.com\\\/noticias\\\/la-infraestructura-critica-de-alemania-esta-siendo-blanco-de-ataques-ciberneticos\\\/#listItem\",\"name\":\"La infraestructura cr\\u00edtica de Alemania est\\u00e1 siendo blanco de ataques cibern\\u00e9ticos\"},\"previousItem\":{\"@type\":\"ListItem\",\"@id\":\"https:\\\/\\\/www.eldigitaldeasturias.com\\\/noticias#listItem\",\"name\":\"Home\"}},{\"@type\":\"ListItem\",\"@id\":\"https:\\\/\\\/www.eldigitaldeasturias.com\\\/noticias\\\/la-infraestructura-critica-de-alemania-esta-siendo-blanco-de-ataques-ciberneticos\\\/#listItem\",\"position\":3,\"name\":\"La infraestructura cr\\u00edtica de Alemania est\\u00e1 siendo blanco de ataques cibern\\u00e9ticos\",\"previousItem\":{\"@type\":\"ListItem\",\"@id\":\"https:\\\/\\\/www.eldigitaldeasturias.com\\\/noticias\\\/category\\\/actualidad\\\/#listItem\",\"name\":\"Actualidad\"}}]},{\"@type\":\"Organization\",\"@id\":\"https:\\\/\\\/www.eldigitaldeasturias.com\\\/noticias\\\/#organization\",\"name\":\"El Digital de Asturias\",\"description\":\"Hemeroteca\",\"url\":\"https:\\\/\\\/www.eldigitaldeasturias.com\\\/noticias\\\/\",\"email\":\"info@eldigitaldeasturias.com\",\"telephone\":\"+34652131393\",\"logo\":{\"@type\":\"ImageObject\",\"url\":\"https:\\\/\\\/www.eldigitaldeasturias.com\\\/noticias\\\/wp-content\\\/uploads\\\/2020\\\/12\\\/EDA.jpg\",\"@id\":\"https:\\\/\\\/www.eldigitaldeasturias.com\\\/noticias\\\/la-infraestructura-critica-de-alemania-esta-siendo-blanco-de-ataques-ciberneticos\\\/#organizationLogo\"},\"image\":{\"@id\":\"https:\\\/\\\/www.eldigitaldeasturias.com\\\/noticias\\\/la-infraestructura-critica-de-alemania-esta-siendo-blanco-de-ataques-ciberneticos\\\/#organizationLogo\"},\"sameAs\":[\"https:\\\/\\\/facebook.com\\\/eldigitaldeasturias\",\"https:\\\/\\\/www.youtube.com\\\/channel\\\/UCZP-2wLEB9Rv6erhFmqVnvg\"],\"address\":{\"@id\":\"https:\\\/\\\/www.eldigitaldeasturias.com\\\/noticias\\\/#postaladdress\",\"@type\":\"PostalAddress\",\"streetAddress\":\"san antonio 4\",\"postalCode\":\"33430\",\"addressLocality\":\"Cand\\u00e1s\",\"addressRegion\":\"Asturias\",\"addressCountry\":\"ES\"}},{\"@type\":\"Person\",\"@id\":\"https:\\\/\\\/www.eldigitaldeasturias.com\\\/noticias\\\/author\\\/admin\\\/#author\",\"url\":\"https:\\\/\\\/www.eldigitaldeasturias.com\\\/noticias\\\/author\\\/admin\\\/\",\"name\":\"El Digital de Asturias\",\"image\":{\"@type\":\"ImageObject\",\"@id\":\"https:\\\/\\\/www.eldigitaldeasturias.com\\\/noticias\\\/la-infraestructura-critica-de-alemania-esta-siendo-blanco-de-ataques-ciberneticos\\\/#authorImage\",\"url\":\"https:\\\/\\\/secure.gravatar.com\\\/avatar\\\/df2aeffc32bcd13f8d26072ef8a91b623d677766deac7f97ca815868cd41bf5e?s=96&d=mm&r=g\",\"width\":96,\"height\":96,\"caption\":\"El Digital de Asturias\"}},{\"@type\":\"WebPage\",\"@id\":\"https:\\\/\\\/www.eldigitaldeasturias.com\\\/noticias\\\/la-infraestructura-critica-de-alemania-esta-siendo-blanco-de-ataques-ciberneticos\\\/#webpage\",\"url\":\"https:\\\/\\\/www.eldigitaldeasturias.com\\\/noticias\\\/la-infraestructura-critica-de-alemania-esta-siendo-blanco-de-ataques-ciberneticos\\\/\",\"name\":\"La infraestructura cr\\u00edtica de Alemania est\\u00e1 siendo blanco de ataques cibern\\u00e9ticos - El Digital de Asturias\",\"description\":\"Berl\\u00edn, 14 may (dpa) - La infraestructura cr\\u00edtica de Alemania est\\u00e1 siendo blanco de ataques cibern\\u00e9ticos por parte de agentes extranjeros, advirti\\u00f3 hoy el presidente del servicio de inteligencia interior de Alemania, Hans-Georg Maassen. Estos servicios buscan implantar malware (programas malignos) en los sistemas de computaci\\u00f3n de la infraestructura cr\\u00edtica de modo de estar en\",\"inLanguage\":\"es-ES\",\"isPartOf\":{\"@id\":\"https:\\\/\\\/www.eldigitaldeasturias.com\\\/noticias\\\/#website\"},\"breadcrumb\":{\"@id\":\"https:\\\/\\\/www.eldigitaldeasturias.com\\\/noticias\\\/la-infraestructura-critica-de-alemania-esta-siendo-blanco-de-ataques-ciberneticos\\\/#breadcrumblist\"},\"author\":{\"@id\":\"https:\\\/\\\/www.eldigitaldeasturias.com\\\/noticias\\\/author\\\/admin\\\/#author\"},\"creator\":{\"@id\":\"https:\\\/\\\/www.eldigitaldeasturias.com\\\/noticias\\\/author\\\/admin\\\/#author\"},\"image\":{\"@type\":\"ImageObject\",\"url\":969030,\"@id\":\"https:\\\/\\\/www.eldigitaldeasturias.com\\\/noticias\\\/la-infraestructura-critica-de-alemania-esta-siendo-blanco-de-ataques-ciberneticos\\\/#mainImage\"},\"primaryImageOfPage\":{\"@id\":\"https:\\\/\\\/www.eldigitaldeasturias.com\\\/noticias\\\/la-infraestructura-critica-de-alemania-esta-siendo-blanco-de-ataques-ciberneticos\\\/#mainImage\"},\"datePublished\":\"2018-05-14T13:16:16+02:00\",\"dateModified\":\"2018-05-14T13:16:16+02:00\"},{\"@type\":\"WebSite\",\"@id\":\"https:\\\/\\\/www.eldigitaldeasturias.com\\\/noticias\\\/#website\",\"url\":\"https:\\\/\\\/www.eldigitaldeasturias.com\\\/noticias\\\/\",\"name\":\"El Digital de Asturias - Diario de actualidad y noticias\",\"alternateName\":\"El Digital de Asturias - Diario de actualidad y noticias\",\"description\":\"Hemeroteca\",\"inLanguage\":\"es-ES\",\"publisher\":{\"@id\":\"https:\\\/\\\/www.eldigitaldeasturias.com\\\/noticias\\\/#organization\"}}]}\n\t\t<\/script>\n\t\t<!-- All in One SEO Pro -->\r\n\t\t<title>La infraestructura cr\u00edtica de Alemania est\u00e1 siendo blanco de ataques cibern\u00e9ticos - El Digital de Asturias<\/title>\n\n","aioseo_head_json":{"title":"La infraestructura cr\u00edtica de Alemania est\u00e1 siendo blanco de ataques cibern\u00e9ticos - El Digital de Asturias","description":"Berl\u00edn, 14 may (dpa) - La infraestructura cr\u00edtica de Alemania est\u00e1 siendo blanco de ataques cibern\u00e9ticos por parte de agentes extranjeros, advirti\u00f3 hoy el presidente del servicio de inteligencia interior de Alemania, Hans-Georg Maassen. Estos servicios buscan implantar malware (programas malignos) en los sistemas de computaci\u00f3n de la infraestructura cr\u00edtica de modo de estar en","canonical_url":"https:\/\/www.eldigitaldeasturias.com\/noticias\/la-infraestructura-critica-de-alemania-esta-siendo-blanco-de-ataques-ciberneticos\/","robots":"max-image-preview:large","keywords":"actualidad","webmasterTools":{"google-site-verification":"UA-38556648-1","msvalidate.01":"7dfe9f3f1b24437ab69f4f2559babe99","miscellaneous":""},"schema":{"@context":"https:\/\/schema.org","@graph":[{"@type":"BlogPosting","@id":"https:\/\/www.eldigitaldeasturias.com\/noticias\/la-infraestructura-critica-de-alemania-esta-siendo-blanco-de-ataques-ciberneticos\/#blogposting","name":"La infraestructura cr\u00edtica de Alemania est\u00e1 siendo blanco de ataques cibern\u00e9ticos - El Digital de Asturias","headline":"La infraestructura cr\u00edtica de Alemania est\u00e1 siendo blanco de ataques cibern\u00e9ticos","author":{"@id":"https:\/\/www.eldigitaldeasturias.com\/noticias\/author\/admin\/#author"},"publisher":{"@id":"https:\/\/www.eldigitaldeasturias.com\/noticias\/#organization"},"image":{"@type":"ImageObject","url":969030},"datePublished":"2018-05-14T13:16:16+02:00","dateModified":"2018-05-14T13:16:16+02:00","inLanguage":"es-ES","mainEntityOfPage":{"@id":"https:\/\/www.eldigitaldeasturias.com\/noticias\/la-infraestructura-critica-de-alemania-esta-siendo-blanco-de-ataques-ciberneticos\/#webpage"},"isPartOf":{"@id":"https:\/\/www.eldigitaldeasturias.com\/noticias\/la-infraestructura-critica-de-alemania-esta-siendo-blanco-de-ataques-ciberneticos\/#webpage"},"articleSection":"Actualidad"},{"@type":"BreadcrumbList","@id":"https:\/\/www.eldigitaldeasturias.com\/noticias\/la-infraestructura-critica-de-alemania-esta-siendo-blanco-de-ataques-ciberneticos\/#breadcrumblist","itemListElement":[{"@type":"ListItem","@id":"https:\/\/www.eldigitaldeasturias.com\/noticias#listItem","position":1,"name":"Home","item":"https:\/\/www.eldigitaldeasturias.com\/noticias","nextItem":{"@type":"ListItem","@id":"https:\/\/www.eldigitaldeasturias.com\/noticias\/category\/actualidad\/#listItem","name":"Actualidad"}},{"@type":"ListItem","@id":"https:\/\/www.eldigitaldeasturias.com\/noticias\/category\/actualidad\/#listItem","position":2,"name":"Actualidad","item":"https:\/\/www.eldigitaldeasturias.com\/noticias\/category\/actualidad\/","nextItem":{"@type":"ListItem","@id":"https:\/\/www.eldigitaldeasturias.com\/noticias\/la-infraestructura-critica-de-alemania-esta-siendo-blanco-de-ataques-ciberneticos\/#listItem","name":"La infraestructura cr\u00edtica de Alemania est\u00e1 siendo blanco de ataques cibern\u00e9ticos"},"previousItem":{"@type":"ListItem","@id":"https:\/\/www.eldigitaldeasturias.com\/noticias#listItem","name":"Home"}},{"@type":"ListItem","@id":"https:\/\/www.eldigitaldeasturias.com\/noticias\/la-infraestructura-critica-de-alemania-esta-siendo-blanco-de-ataques-ciberneticos\/#listItem","position":3,"name":"La infraestructura cr\u00edtica de Alemania est\u00e1 siendo blanco de ataques cibern\u00e9ticos","previousItem":{"@type":"ListItem","@id":"https:\/\/www.eldigitaldeasturias.com\/noticias\/category\/actualidad\/#listItem","name":"Actualidad"}}]},{"@type":"Organization","@id":"https:\/\/www.eldigitaldeasturias.com\/noticias\/#organization","name":"El Digital de Asturias","description":"Hemeroteca","url":"https:\/\/www.eldigitaldeasturias.com\/noticias\/","email":"info@eldigitaldeasturias.com","telephone":"+34652131393","logo":{"@type":"ImageObject","url":"https:\/\/www.eldigitaldeasturias.com\/noticias\/wp-content\/uploads\/2020\/12\/EDA.jpg","@id":"https:\/\/www.eldigitaldeasturias.com\/noticias\/la-infraestructura-critica-de-alemania-esta-siendo-blanco-de-ataques-ciberneticos\/#organizationLogo"},"image":{"@id":"https:\/\/www.eldigitaldeasturias.com\/noticias\/la-infraestructura-critica-de-alemania-esta-siendo-blanco-de-ataques-ciberneticos\/#organizationLogo"},"sameAs":["https:\/\/facebook.com\/eldigitaldeasturias","https:\/\/www.youtube.com\/channel\/UCZP-2wLEB9Rv6erhFmqVnvg"],"address":{"@id":"https:\/\/www.eldigitaldeasturias.com\/noticias\/#postaladdress","@type":"PostalAddress","streetAddress":"san antonio 4","postalCode":"33430","addressLocality":"Cand\u00e1s","addressRegion":"Asturias","addressCountry":"ES"}},{"@type":"Person","@id":"https:\/\/www.eldigitaldeasturias.com\/noticias\/author\/admin\/#author","url":"https:\/\/www.eldigitaldeasturias.com\/noticias\/author\/admin\/","name":"El Digital de Asturias","image":{"@type":"ImageObject","@id":"https:\/\/www.eldigitaldeasturias.com\/noticias\/la-infraestructura-critica-de-alemania-esta-siendo-blanco-de-ataques-ciberneticos\/#authorImage","url":"https:\/\/secure.gravatar.com\/avatar\/df2aeffc32bcd13f8d26072ef8a91b623d677766deac7f97ca815868cd41bf5e?s=96&d=mm&r=g","width":96,"height":96,"caption":"El Digital de Asturias"}},{"@type":"WebPage","@id":"https:\/\/www.eldigitaldeasturias.com\/noticias\/la-infraestructura-critica-de-alemania-esta-siendo-blanco-de-ataques-ciberneticos\/#webpage","url":"https:\/\/www.eldigitaldeasturias.com\/noticias\/la-infraestructura-critica-de-alemania-esta-siendo-blanco-de-ataques-ciberneticos\/","name":"La infraestructura cr\u00edtica de Alemania est\u00e1 siendo blanco de ataques cibern\u00e9ticos - El Digital de Asturias","description":"Berl\u00edn, 14 may (dpa) - La infraestructura cr\u00edtica de Alemania est\u00e1 siendo blanco de ataques cibern\u00e9ticos por parte de agentes extranjeros, advirti\u00f3 hoy el presidente del servicio de inteligencia interior de Alemania, Hans-Georg Maassen. Estos servicios buscan implantar malware (programas malignos) en los sistemas de computaci\u00f3n de la infraestructura cr\u00edtica de modo de estar en","inLanguage":"es-ES","isPartOf":{"@id":"https:\/\/www.eldigitaldeasturias.com\/noticias\/#website"},"breadcrumb":{"@id":"https:\/\/www.eldigitaldeasturias.com\/noticias\/la-infraestructura-critica-de-alemania-esta-siendo-blanco-de-ataques-ciberneticos\/#breadcrumblist"},"author":{"@id":"https:\/\/www.eldigitaldeasturias.com\/noticias\/author\/admin\/#author"},"creator":{"@id":"https:\/\/www.eldigitaldeasturias.com\/noticias\/author\/admin\/#author"},"image":{"@type":"ImageObject","url":969030,"@id":"https:\/\/www.eldigitaldeasturias.com\/noticias\/la-infraestructura-critica-de-alemania-esta-siendo-blanco-de-ataques-ciberneticos\/#mainImage"},"primaryImageOfPage":{"@id":"https:\/\/www.eldigitaldeasturias.com\/noticias\/la-infraestructura-critica-de-alemania-esta-siendo-blanco-de-ataques-ciberneticos\/#mainImage"},"datePublished":"2018-05-14T13:16:16+02:00","dateModified":"2018-05-14T13:16:16+02:00"},{"@type":"WebSite","@id":"https:\/\/www.eldigitaldeasturias.com\/noticias\/#website","url":"https:\/\/www.eldigitaldeasturias.com\/noticias\/","name":"El Digital de Asturias - Diario de actualidad y noticias","alternateName":"El Digital de Asturias - Diario de actualidad y noticias","description":"Hemeroteca","inLanguage":"es-ES","publisher":{"@id":"https:\/\/www.eldigitaldeasturias.com\/noticias\/#organization"}}]},"og:locale":"es_ES","og:site_name":"El Digital de Asturias","og:type":"article","og:title":"La infraestructura cr\u00edtica de Alemania est\u00e1 siendo blanco de ataques cibern\u00e9ticos - El Digital de Asturias","og:description":"Berl\u00edn, 14 may (dpa) - La infraestructura cr\u00edtica de Alemania est\u00e1 siendo blanco de ataques cibern\u00e9ticos por parte de agentes extranjeros, advirti\u00f3 hoy el presidente del servicio de inteligencia interior de Alemania, Hans-Georg Maassen. Estos servicios buscan implantar malware (programas malignos) en los sistemas de computaci\u00f3n de la infraestructura cr\u00edtica de modo de estar en","og:url":"https:\/\/www.eldigitaldeasturias.com\/noticias\/la-infraestructura-critica-de-alemania-esta-siendo-blanco-de-ataques-ciberneticos\/","article:tag":["actualidad"],"article:published_time":"2018-05-14T13:16:16+00:00","article:modified_time":"2018-05-14T13:16:16+00:00","article:publisher":"https:\/\/facebook.com\/eldigitaldeasturias","twitter:card":"summary_large_image","twitter:title":"La infraestructura cr\u00edtica de Alemania est\u00e1 siendo blanco de ataques cibern\u00e9ticos - El Digital de Asturias","twitter:description":"Berl\u00edn, 14 may (dpa) - La infraestructura cr\u00edtica de Alemania est\u00e1 siendo blanco de ataques cibern\u00e9ticos por parte de agentes extranjeros, advirti\u00f3 hoy el presidente del servicio de inteligencia interior de Alemania, Hans-Georg Maassen. Estos servicios buscan implantar malware (programas malignos) en los sistemas de computaci\u00f3n de la infraestructura cr\u00edtica de modo de estar en","twitter:image":"https:\/\/www.eldigitaldeasturias.com\/noticias\/wp-content\/uploads\/2020\/12\/EDA-1.jpg","twitter:label1":"Escrito por","twitter:data1":"El Digital de Asturias","twitter:label2":"Tiempo de lectura estimado","twitter:data2":"1 minuto"},"aioseo_meta_data":{"post_id":"980241","title":null,"description":null,"keywords":null,"keyphrases":null,"primary_term":null,"canonical_url":null,"og_title":null,"og_description":null,"og_object_type":"default","og_image_type":"default","og_image_url":null,"og_image_width":null,"og_image_height":null,"og_image_custom_url":null,"og_image_custom_fields":null,"og_video":null,"og_custom_url":null,"og_article_section":null,"og_article_tags":null,"twitter_use_og":false,"twitter_card":"default","twitter_image_type":"default","twitter_image_url":null,"twitter_image_custom_url":null,"twitter_image_custom_fields":null,"twitter_title":null,"twitter_description":null,"schema":{"blockGraphs":[],"customGraphs":[],"default":{"data":{"Article":[],"Course":[],"Dataset":[],"FAQPage":[],"Movie":[],"Person":[],"Product":[],"ProductReview":[],"Car":[],"Recipe":[],"Service":[],"SoftwareApplication":[],"WebPage":[]},"graphName":"","isEnabled":true},"graphs":[],"defaultGraph":"","defaultPostTypeGraph":""},"schema_type":null,"schema_type_options":null,"pillar_content":false,"robots_default":true,"robots_noindex":false,"robots_noarchive":false,"robots_nosnippet":false,"robots_nofollow":false,"robots_noimageindex":false,"robots_noodp":false,"robots_notranslate":false,"robots_max_snippet":null,"robots_max_videopreview":null,"robots_max_imagepreview":"large","priority":null,"frequency":null,"local_seo":null,"seo_analyzer_scan_date":"2025-10-08 17:12:02","breadcrumb_settings":null,"limit_modified_date":false,"open_ai":null,"ai":null,"created":"2020-12-21 11:57:39","updated":"2025-10-08 17:12:02","focus_keyword":null,"additional_keywords":null,"truseo_locale":null},"aioseo_breadcrumb":"<div class=\"aioseo-breadcrumbs\"><span class=\"aioseo-breadcrumb\">\n\t<a href=\"https:\/\/www.eldigitaldeasturias.com\/noticias\" title=\"Home\">Home<\/a>\n<\/span><span class=\"aioseo-breadcrumb-separator\">\u2013<\/span><span class=\"aioseo-breadcrumb\">\n\t<a href=\"https:\/\/www.eldigitaldeasturias.com\/noticias\/category\/actualidad\/\" title=\"Actualidad\">Actualidad<\/a>\n<\/span><span class=\"aioseo-breadcrumb-separator\">\u2013<\/span><span class=\"aioseo-breadcrumb\">\n\t<a href=\"https:\/\/www.eldigitaldeasturias.com\/noticias\/la-infraestructura-critica-de-alemania-esta-siendo-blanco-de-ataques-ciberneticos\/\" title=\"La infraestructura cr\u00edtica de Alemania est\u00e1 siendo blanco de ataques cibern\u00e9ticos\">La infraestructura cr\u00edtica de Alemania est\u00e1 siendo blanco de ataques cibern\u00e9ticos<\/a>\n<\/span><\/div>","aioseo_breadcrumb_json":[{"label":"Home","link":"https:\/\/www.eldigitaldeasturias.com\/noticias"},{"label":"Actualidad","link":"https:\/\/www.eldigitaldeasturias.com\/noticias\/category\/actualidad\/"},{"label":"La infraestructura cr\u00edtica de Alemania est\u00e1 siendo blanco de ataques cibern\u00e9ticos","link":"https:\/\/www.eldigitaldeasturias.com\/noticias\/la-infraestructura-critica-de-alemania-esta-siendo-blanco-de-ataques-ciberneticos\/"}],"_links":{"self":[{"href":"https:\/\/www.eldigitaldeasturias.com\/noticias\/wp-json\/wp\/v2\/posts\/980241","targetHints":{"allow":["GET"]}}],"collection":[{"href":"https:\/\/www.eldigitaldeasturias.com\/noticias\/wp-json\/wp\/v2\/posts"}],"about":[{"href":"https:\/\/www.eldigitaldeasturias.com\/noticias\/wp-json\/wp\/v2\/types\/post"}],"author":[{"embeddable":true,"href":"https:\/\/www.eldigitaldeasturias.com\/noticias\/wp-json\/wp\/v2\/users\/1"}],"replies":[{"embeddable":true,"href":"https:\/\/www.eldigitaldeasturias.com\/noticias\/wp-json\/wp\/v2\/comments?post=980241"}],"version-history":[{"count":0,"href":"https:\/\/www.eldigitaldeasturias.com\/noticias\/wp-json\/wp\/v2\/posts\/980241\/revisions"}],"wp:attachment":[{"href":"https:\/\/www.eldigitaldeasturias.com\/noticias\/wp-json\/wp\/v2\/media?parent=980241"}],"wp:term":[{"taxonomy":"category","embeddable":true,"href":"https:\/\/www.eldigitaldeasturias.com\/noticias\/wp-json\/wp\/v2\/categories?post=980241"},{"taxonomy":"post_tag","embeddable":true,"href":"https:\/\/www.eldigitaldeasturias.com\/noticias\/wp-json\/wp\/v2\/tags?post=980241"}],"curies":[{"name":"wp","href":"https:\/\/api.w.org\/{rel}","templated":true}]}}