{"id":980197,"date":"2018-05-14T11:06:21","date_gmt":"2018-05-14T11:06:21","guid":{"rendered":"http:\/\/www.eldigitaldeasturias.com\/noticias\/?p=980197"},"modified":"2018-05-14T11:06:21","modified_gmt":"2018-05-14T11:06:21","slug":"409-millones-de-euros-para-reparar-los-danos-de-los-ultimos-temporales","status":"publish","type":"post","link":"https:\/\/www.eldigitaldeasturias.com\/noticias\/409-millones-de-euros-para-reparar-los-danos-de-los-ultimos-temporales\/","title":{"rendered":"40,9 millones de euros para reparar los da\u00f1os de los \u00faltimos temporales"},"content":{"rendered":"<p><img loading=\"lazy\" decoding=\"async\" class=\"alignleft size-medium wp-image-721939\" src=\"https:\/\/www.eldigitaldeasturias.com\/noticias\/wp-content\/uploads\/2014\/12\/8328666w-360x210.jpg\" alt=\"\" width=\"360\" height=\"210\" \/>El Consejo de Ministros ha tomado raz\u00f3n, a propuesta del Ministerio de Agricultura y Pesca, Alimentaci\u00f3n y Medio Ambiente, de las obras de emergencia para reparar los da\u00f1os producidos por los temporales de febrero y marzo en las costas espa\u00f1olas, por un importe global de 40,9 millones de euros.<\/p>\n<p>Se trata de 45 actuaciones en once provincias de las Comunidades Aut\u00f3nomas de Catalu\u00f1a (Barcelona y Tarragona), Comunidad Valenciana (Castell\u00f3n y Valencia), Andaluc\u00eda (Almer\u00eda, Granada, M\u00e1laga, C\u00e1diz y Huelva), Islas Canarias (Santa Cruz de Tenerife y Las Palmas) y en la Ciudad Aut\u00f3noma de Melilla.<\/p>\n<p>El objetivo de estas actuaciones de emergencia es paliar y restaurar, lo antes posible, los da\u00f1os causados en el dominio p\u00fablico mar\u00edtimo terrestre a causa de los temporales. \u00c9stos provocaron situaciones de peligro para la seguridad de los usuarios de las playas y de su entorno (dado que se destruyeron elementos como pasarelas, escaleras, muros, etc.), adem\u00e1s de tener en cuenta la proximidad de la \u00e9poca estival y la importancia de devolver la estabilidad del litoral.<\/p>\n<p>Las actuaciones de emergencia consisten, principalmente y seg\u00fan las necesidades, en el aporte y redistribuci\u00f3n de arenas y \u00e1ridos, estabilizaci\u00f3n de frentes dunares, reparaci\u00f3n de escolleras y elementos de defensa, reparaci\u00f3n y adecuaci\u00f3n de accesos.<\/p>\n<p>Estas actuaciones fueron autorizadas por la Secretar\u00eda de Estado de Medio Ambiente del Ministerio, mediante una resoluci\u00f3n aprobada el 27 de marzo, y las primeras actuaciones se pusieron en marcha ya en el mes de abril, por el procedimiento de emergencia.<\/p>\n<p>Actuaciones concretas<\/p>\n<p><strong>Andaluc\u00eda<\/strong><\/p>\n<p>Huelva. Actuaciones en Ayamonte, Isla Cristina, Islantilla, Lepe, Cartaya, Punta Umbr\u00eda, Palos de la Frontera y Almonte, por un importe total de 10 millones de euros.<\/p>\n<p>C\u00e1diz. Actuaciones en Sanl\u00facar de Barrameda, Chipiona, Puerto de Santa Mar\u00eda, Rota, Puerto Real, C\u00e1diz, San Fernando, Chiclana, Conil, Vejer, Barbate, Tarifa, Algeciras, Los Barrios, La L\u00ednea de la Concepci\u00f3n y San Roque, por un importe de 20 millones de euros.<\/p>\n<p>M\u00e1laga. Actuaciones en Manilva, Casares, Estepona, Marbella, Mijas, Fuengirola, Benalm\u00e1dena, Torremolinos, M\u00e1laga, Rinc\u00f3n de la Victoria, V\u00e9lez-M\u00e1laga, Algarrobo, Torrox y Nerja. Importe total de 2.550.000 euros.<\/p>\n<p>Granada. Actuaciones en Motril, Salobre\u00f1a y Almu\u00f1\u00e9car. Importe total de 1.120.000 euros.<\/p>\n<p>Almer\u00eda. Actuaciones en Adra, Balanegra, El Ejido, Roquetas de Mar, Almer\u00eda, Moj\u00e1car y Pulp\u00ed, por un importe de 2 millones de euros.<\/p>\n<p><strong>Comunitat Valenciana<\/strong><\/p>\n<p>Valencia. Actuaciones en Cullera y Tavernes de la Valldigna, por un importe total de 1.150.000 euros<\/p>\n<p>Castell\u00f3n. Actuaciones en Monc\u00f3far, Xilxes, La Llosa, Almenara, Nules, Burriana, Benicasim, Oropesa, Cabanes, Pe\u00f1\u00edscola, Benicarl\u00f3 y Vinar\u00f3s, por un importe total de 875.000 euros.<\/p>\n<p><strong>Catalu\u00f1a<\/strong><\/p>\n<p>Barcelona. Actuaciones en Gav\u00e1, Montgat, El Masnou, Premi\u00e1 de Mar, Vilassar de Mar y Cabrera de Mar, por un importe total de 1.400.000 euros.<\/p>\n<p>Tarragona. Actuaciones en Cunit, Calafell, El Vendrell, Roda de Ber\u00e1, Altafulla, Salou, Cambrils, Mont-Roig del Camp, L&#8217;Hospitalet de l&#8217;Infant, L&#8217;Ampolla, Deltebre y Sant Jaume D&#8217;Enveja, por un importe de 782.000 euros.<\/p>\n<p><strong>Islas Canarias<\/strong><\/p>\n<p>Santa Cruz de Tenerife. Actuaciones en el litoral de la isla de El Hierro, en la isla de La Palma y en la de Tenerife, por un importe total de 903.000 euros.<\/p>\n<p>Las Palmas. Actuaciones en la Isla de Gran Canaria, por un importe de 29.000 euros.<\/p>\n<p><strong>Ciudad Aut\u00f3noma de Melilla<\/strong><\/p>\n<p>Melilla. Actuaciones en las playas del Hip\u00f3dromo, la Alcazaba y playa de Horcas Coloradas, por un importe de 130.000 euros.<\/p>\n","protected":false},"excerpt":{"rendered":"<p>El Consejo de Ministros ha tomado raz\u00f3n, a propuesta del Ministerio de Agricultura y Pesca, Alimentaci\u00f3n y Medio Ambiente, de las obras de emergencia para reparar los da\u00f1os producidos por los temporales de febrero y marzo en las costas espa\u00f1olas, por un importe global de 40,9 millones de euros. Se trata de 45 actuaciones en [&hellip;]<\/p>\n","protected":false},"author":1,"featured_media":721939,"comment_status":"closed","ping_status":"closed","sticky":false,"template":"","format":"standard","meta":{"footnotes":""},"categories":[1],"tags":[],"class_list":["post-980197","post","type-post","status-publish","format-standard","has-post-thumbnail","hentry","category-actualidad"],"aioseo_notices":[],"aioseo_head":"\n\t\t<!-- All in One SEO Pro 5.0.1 - aioseo.com -->\n\t<meta name=\"description\" content=\"El Consejo de Ministros ha tomado raz\u00f3n, a propuesta del Ministerio de Agricultura y Pesca, Alimentaci\u00f3n y Medio Ambiente, de las obras de emergencia para reparar los da\u00f1os producidos por los temporales de febrero y marzo en las costas espa\u00f1olas, por un importe global de 40,9 millones de euros. Se trata de 45 actuaciones en\" \/>\n\t<meta name=\"robots\" content=\"max-image-preview:large\" \/>\n\t<meta name=\"author\" content=\"El Digital de Asturias\"\/>\n\t<meta name=\"google-site-verification\" content=\"UA-38556648-1\" \/>\n\t<meta name=\"msvalidate.01\" content=\"7dfe9f3f1b24437ab69f4f2559babe99\" \/>\n\t<meta name=\"keywords\" content=\"actualidad\" \/>\n\t<link rel=\"canonical\" href=\"https:\/\/www.eldigitaldeasturias.com\/noticias\/409-millones-de-euros-para-reparar-los-danos-de-los-ultimos-temporales\/\" \/>\n\t<meta name=\"generator\" content=\"All in One SEO Pro (AIOSEO) 5.0.1\" \/>\n\t\t<meta property=\"og:locale\" content=\"es_ES\" \/>\n\t\t<meta property=\"og:site_name\" content=\"El Digital de Asturias\" \/>\n\t\t<meta property=\"og:type\" content=\"article\" \/>\n\t\t<meta property=\"og:title\" content=\"40,9 millones de euros para reparar los da\u00f1os de los \u00faltimos temporales - El Digital de Asturias\" \/>\n\t\t<meta property=\"og:description\" content=\"El Consejo de Ministros ha tomado raz\u00f3n, a propuesta del Ministerio de Agricultura y Pesca, Alimentaci\u00f3n y Medio Ambiente, de las obras de emergencia para reparar los da\u00f1os producidos por los temporales de febrero y marzo en las costas espa\u00f1olas, por un importe global de 40,9 millones de euros. Se trata de 45 actuaciones en\" \/>\n\t\t<meta property=\"og:url\" content=\"https:\/\/www.eldigitaldeasturias.com\/noticias\/409-millones-de-euros-para-reparar-los-danos-de-los-ultimos-temporales\/\" \/>\n\t\t<meta property=\"article:tag\" content=\"actualidad\" \/>\n\t\t<meta property=\"article:published_time\" content=\"2018-05-14T11:06:21+00:00\" \/>\n\t\t<meta property=\"article:modified_time\" content=\"2018-05-14T11:06:21+00:00\" \/>\n\t\t<meta property=\"article:publisher\" content=\"https:\/\/facebook.com\/eldigitaldeasturias\" \/>\n\t\t<meta name=\"twitter:card\" content=\"summary_large_image\" \/>\n\t\t<meta name=\"twitter:title\" content=\"40,9 millones de euros para reparar los da\u00f1os de los \u00faltimos temporales - El Digital de Asturias\" \/>\n\t\t<meta name=\"twitter:description\" content=\"El Consejo de Ministros ha tomado raz\u00f3n, a propuesta del Ministerio de Agricultura y Pesca, Alimentaci\u00f3n y Medio Ambiente, de las obras de emergencia para reparar los da\u00f1os producidos por los temporales de febrero y marzo en las costas espa\u00f1olas, por un importe global de 40,9 millones de euros. Se trata de 45 actuaciones en\" \/>\n\t\t<meta name=\"twitter:image\" content=\"https:\/\/www.eldigitaldeasturias.com\/noticias\/wp-content\/uploads\/2020\/12\/EDA-1.jpg\" \/>\n\t\t<meta name=\"twitter:label1\" content=\"Escrito por\" \/>\n\t\t<meta name=\"twitter:data1\" content=\"El Digital de Asturias\" \/>\n\t\t<meta name=\"twitter:label2\" content=\"Tiempo de lectura estimado\" \/>\n\t\t<meta name=\"twitter:data2\" content=\"3 minutos\" \/>\n\t\t<script type=\"application\/ld+json\" class=\"aioseo-schema\">\n\t\t\t{\"@context\":\"https:\\\/\\\/schema.org\",\"@graph\":[{\"@type\":\"BlogPosting\",\"@id\":\"https:\\\/\\\/www.eldigitaldeasturias.com\\\/noticias\\\/409-millones-de-euros-para-reparar-los-danos-de-los-ultimos-temporales\\\/#blogposting\",\"name\":\"40,9 millones de euros para reparar los da\\u00f1os de los \\u00faltimos temporales - El Digital de Asturias\",\"headline\":\"40,9 millones de euros para reparar los da\\u00f1os de los \\u00faltimos temporales\",\"author\":{\"@id\":\"https:\\\/\\\/www.eldigitaldeasturias.com\\\/noticias\\\/author\\\/admin\\\/#author\"},\"publisher\":{\"@id\":\"https:\\\/\\\/www.eldigitaldeasturias.com\\\/noticias\\\/#organization\"},\"image\":{\"@type\":\"ImageObject\",\"url\":721939},\"datePublished\":\"2018-05-14T11:06:21+02:00\",\"dateModified\":\"2018-05-14T11:06:21+02:00\",\"inLanguage\":\"es-ES\",\"mainEntityOfPage\":{\"@id\":\"https:\\\/\\\/www.eldigitaldeasturias.com\\\/noticias\\\/409-millones-de-euros-para-reparar-los-danos-de-los-ultimos-temporales\\\/#webpage\"},\"isPartOf\":{\"@id\":\"https:\\\/\\\/www.eldigitaldeasturias.com\\\/noticias\\\/409-millones-de-euros-para-reparar-los-danos-de-los-ultimos-temporales\\\/#webpage\"},\"articleSection\":\"Actualidad\"},{\"@type\":\"BreadcrumbList\",\"@id\":\"https:\\\/\\\/www.eldigitaldeasturias.com\\\/noticias\\\/409-millones-de-euros-para-reparar-los-danos-de-los-ultimos-temporales\\\/#breadcrumblist\",\"itemListElement\":[{\"@type\":\"ListItem\",\"@id\":\"https:\\\/\\\/www.eldigitaldeasturias.com\\\/noticias#listItem\",\"position\":1,\"name\":\"Home\",\"item\":\"https:\\\/\\\/www.eldigitaldeasturias.com\\\/noticias\",\"nextItem\":{\"@type\":\"ListItem\",\"@id\":\"https:\\\/\\\/www.eldigitaldeasturias.com\\\/noticias\\\/category\\\/actualidad\\\/#listItem\",\"name\":\"Actualidad\"}},{\"@type\":\"ListItem\",\"@id\":\"https:\\\/\\\/www.eldigitaldeasturias.com\\\/noticias\\\/category\\\/actualidad\\\/#listItem\",\"position\":2,\"name\":\"Actualidad\",\"item\":\"https:\\\/\\\/www.eldigitaldeasturias.com\\\/noticias\\\/category\\\/actualidad\\\/\",\"nextItem\":{\"@type\":\"ListItem\",\"@id\":\"https:\\\/\\\/www.eldigitaldeasturias.com\\\/noticias\\\/409-millones-de-euros-para-reparar-los-danos-de-los-ultimos-temporales\\\/#listItem\",\"name\":\"40,9 millones de euros para reparar los da\\u00f1os de los \\u00faltimos temporales\"},\"previousItem\":{\"@type\":\"ListItem\",\"@id\":\"https:\\\/\\\/www.eldigitaldeasturias.com\\\/noticias#listItem\",\"name\":\"Home\"}},{\"@type\":\"ListItem\",\"@id\":\"https:\\\/\\\/www.eldigitaldeasturias.com\\\/noticias\\\/409-millones-de-euros-para-reparar-los-danos-de-los-ultimos-temporales\\\/#listItem\",\"position\":3,\"name\":\"40,9 millones de euros para reparar los da\\u00f1os de los \\u00faltimos temporales\",\"previousItem\":{\"@type\":\"ListItem\",\"@id\":\"https:\\\/\\\/www.eldigitaldeasturias.com\\\/noticias\\\/category\\\/actualidad\\\/#listItem\",\"name\":\"Actualidad\"}}]},{\"@type\":\"Organization\",\"@id\":\"https:\\\/\\\/www.eldigitaldeasturias.com\\\/noticias\\\/#organization\",\"name\":\"El Digital de Asturias\",\"description\":\"Hemeroteca\",\"url\":\"https:\\\/\\\/www.eldigitaldeasturias.com\\\/noticias\\\/\",\"email\":\"info@eldigitaldeasturias.com\",\"telephone\":\"+34652131393\",\"logo\":{\"@type\":\"ImageObject\",\"url\":\"https:\\\/\\\/www.eldigitaldeasturias.com\\\/noticias\\\/wp-content\\\/uploads\\\/2020\\\/12\\\/EDA.jpg\",\"@id\":\"https:\\\/\\\/www.eldigitaldeasturias.com\\\/noticias\\\/409-millones-de-euros-para-reparar-los-danos-de-los-ultimos-temporales\\\/#organizationLogo\"},\"image\":{\"@id\":\"https:\\\/\\\/www.eldigitaldeasturias.com\\\/noticias\\\/409-millones-de-euros-para-reparar-los-danos-de-los-ultimos-temporales\\\/#organizationLogo\"},\"sameAs\":[\"https:\\\/\\\/facebook.com\\\/eldigitaldeasturias\",\"https:\\\/\\\/www.youtube.com\\\/channel\\\/UCZP-2wLEB9Rv6erhFmqVnvg\"],\"address\":{\"@id\":\"https:\\\/\\\/www.eldigitaldeasturias.com\\\/noticias\\\/#postaladdress\",\"@type\":\"PostalAddress\",\"streetAddress\":\"san antonio 4\",\"postalCode\":\"33430\",\"addressLocality\":\"Cand\\u00e1s\",\"addressRegion\":\"Asturias\",\"addressCountry\":\"ES\"}},{\"@type\":\"Person\",\"@id\":\"https:\\\/\\\/www.eldigitaldeasturias.com\\\/noticias\\\/author\\\/admin\\\/#author\",\"url\":\"https:\\\/\\\/www.eldigitaldeasturias.com\\\/noticias\\\/author\\\/admin\\\/\",\"name\":\"El Digital de Asturias\",\"image\":{\"@type\":\"ImageObject\",\"@id\":\"https:\\\/\\\/www.eldigitaldeasturias.com\\\/noticias\\\/409-millones-de-euros-para-reparar-los-danos-de-los-ultimos-temporales\\\/#authorImage\",\"url\":\"https:\\\/\\\/secure.gravatar.com\\\/avatar\\\/df2aeffc32bcd13f8d26072ef8a91b623d677766deac7f97ca815868cd41bf5e?s=96&d=mm&r=g\",\"width\":96,\"height\":96,\"caption\":\"El Digital de Asturias\"}},{\"@type\":\"WebPage\",\"@id\":\"https:\\\/\\\/www.eldigitaldeasturias.com\\\/noticias\\\/409-millones-de-euros-para-reparar-los-danos-de-los-ultimos-temporales\\\/#webpage\",\"url\":\"https:\\\/\\\/www.eldigitaldeasturias.com\\\/noticias\\\/409-millones-de-euros-para-reparar-los-danos-de-los-ultimos-temporales\\\/\",\"name\":\"40,9 millones de euros para reparar los da\\u00f1os de los \\u00faltimos temporales - El Digital de Asturias\",\"description\":\"El Consejo de Ministros ha tomado raz\\u00f3n, a propuesta del Ministerio de Agricultura y Pesca, Alimentaci\\u00f3n y Medio Ambiente, de las obras de emergencia para reparar los da\\u00f1os producidos por los temporales de febrero y marzo en las costas espa\\u00f1olas, por un importe global de 40,9 millones de euros. Se trata de 45 actuaciones en\",\"inLanguage\":\"es-ES\",\"isPartOf\":{\"@id\":\"https:\\\/\\\/www.eldigitaldeasturias.com\\\/noticias\\\/#website\"},\"breadcrumb\":{\"@id\":\"https:\\\/\\\/www.eldigitaldeasturias.com\\\/noticias\\\/409-millones-de-euros-para-reparar-los-danos-de-los-ultimos-temporales\\\/#breadcrumblist\"},\"author\":{\"@id\":\"https:\\\/\\\/www.eldigitaldeasturias.com\\\/noticias\\\/author\\\/admin\\\/#author\"},\"creator\":{\"@id\":\"https:\\\/\\\/www.eldigitaldeasturias.com\\\/noticias\\\/author\\\/admin\\\/#author\"},\"image\":{\"@type\":\"ImageObject\",\"url\":721939,\"@id\":\"https:\\\/\\\/www.eldigitaldeasturias.com\\\/noticias\\\/409-millones-de-euros-para-reparar-los-danos-de-los-ultimos-temporales\\\/#mainImage\"},\"primaryImageOfPage\":{\"@id\":\"https:\\\/\\\/www.eldigitaldeasturias.com\\\/noticias\\\/409-millones-de-euros-para-reparar-los-danos-de-los-ultimos-temporales\\\/#mainImage\"},\"datePublished\":\"2018-05-14T11:06:21+02:00\",\"dateModified\":\"2018-05-14T11:06:21+02:00\"},{\"@type\":\"WebSite\",\"@id\":\"https:\\\/\\\/www.eldigitaldeasturias.com\\\/noticias\\\/#website\",\"url\":\"https:\\\/\\\/www.eldigitaldeasturias.com\\\/noticias\\\/\",\"name\":\"El Digital de Asturias - Diario de actualidad y noticias\",\"alternateName\":\"El Digital de Asturias - Diario de actualidad y noticias\",\"description\":\"Hemeroteca\",\"inLanguage\":\"es-ES\",\"publisher\":{\"@id\":\"https:\\\/\\\/www.eldigitaldeasturias.com\\\/noticias\\\/#organization\"}}]}\n\t\t<\/script>\n\t\t<!-- All in One SEO Pro -->\r\n\t\t<title>40,9 millones de euros para reparar los da\u00f1os de los \u00faltimos temporales - El Digital de Asturias<\/title>\n\n","aioseo_head_json":{"title":"40,9 millones de euros para reparar los da\u00f1os de los \u00faltimos temporales - El Digital de Asturias","description":"El Consejo de Ministros ha tomado raz\u00f3n, a propuesta del Ministerio de Agricultura y Pesca, Alimentaci\u00f3n y Medio Ambiente, de las obras de emergencia para reparar los da\u00f1os producidos por los temporales de febrero y marzo en las costas espa\u00f1olas, por un importe global de 40,9 millones de euros. Se trata de 45 actuaciones en","canonical_url":"https:\/\/www.eldigitaldeasturias.com\/noticias\/409-millones-de-euros-para-reparar-los-danos-de-los-ultimos-temporales\/","robots":"max-image-preview:large","keywords":"actualidad","webmasterTools":{"google-site-verification":"UA-38556648-1","msvalidate.01":"7dfe9f3f1b24437ab69f4f2559babe99","miscellaneous":""},"schema":{"@context":"https:\/\/schema.org","@graph":[{"@type":"BlogPosting","@id":"https:\/\/www.eldigitaldeasturias.com\/noticias\/409-millones-de-euros-para-reparar-los-danos-de-los-ultimos-temporales\/#blogposting","name":"40,9 millones de euros para reparar los da\u00f1os de los \u00faltimos temporales - El Digital de Asturias","headline":"40,9 millones de euros para reparar los da\u00f1os de los \u00faltimos temporales","author":{"@id":"https:\/\/www.eldigitaldeasturias.com\/noticias\/author\/admin\/#author"},"publisher":{"@id":"https:\/\/www.eldigitaldeasturias.com\/noticias\/#organization"},"image":{"@type":"ImageObject","url":721939},"datePublished":"2018-05-14T11:06:21+02:00","dateModified":"2018-05-14T11:06:21+02:00","inLanguage":"es-ES","mainEntityOfPage":{"@id":"https:\/\/www.eldigitaldeasturias.com\/noticias\/409-millones-de-euros-para-reparar-los-danos-de-los-ultimos-temporales\/#webpage"},"isPartOf":{"@id":"https:\/\/www.eldigitaldeasturias.com\/noticias\/409-millones-de-euros-para-reparar-los-danos-de-los-ultimos-temporales\/#webpage"},"articleSection":"Actualidad"},{"@type":"BreadcrumbList","@id":"https:\/\/www.eldigitaldeasturias.com\/noticias\/409-millones-de-euros-para-reparar-los-danos-de-los-ultimos-temporales\/#breadcrumblist","itemListElement":[{"@type":"ListItem","@id":"https:\/\/www.eldigitaldeasturias.com\/noticias#listItem","position":1,"name":"Home","item":"https:\/\/www.eldigitaldeasturias.com\/noticias","nextItem":{"@type":"ListItem","@id":"https:\/\/www.eldigitaldeasturias.com\/noticias\/category\/actualidad\/#listItem","name":"Actualidad"}},{"@type":"ListItem","@id":"https:\/\/www.eldigitaldeasturias.com\/noticias\/category\/actualidad\/#listItem","position":2,"name":"Actualidad","item":"https:\/\/www.eldigitaldeasturias.com\/noticias\/category\/actualidad\/","nextItem":{"@type":"ListItem","@id":"https:\/\/www.eldigitaldeasturias.com\/noticias\/409-millones-de-euros-para-reparar-los-danos-de-los-ultimos-temporales\/#listItem","name":"40,9 millones de euros para reparar los da\u00f1os de los \u00faltimos temporales"},"previousItem":{"@type":"ListItem","@id":"https:\/\/www.eldigitaldeasturias.com\/noticias#listItem","name":"Home"}},{"@type":"ListItem","@id":"https:\/\/www.eldigitaldeasturias.com\/noticias\/409-millones-de-euros-para-reparar-los-danos-de-los-ultimos-temporales\/#listItem","position":3,"name":"40,9 millones de euros para reparar los da\u00f1os de los \u00faltimos temporales","previousItem":{"@type":"ListItem","@id":"https:\/\/www.eldigitaldeasturias.com\/noticias\/category\/actualidad\/#listItem","name":"Actualidad"}}]},{"@type":"Organization","@id":"https:\/\/www.eldigitaldeasturias.com\/noticias\/#organization","name":"El Digital de Asturias","description":"Hemeroteca","url":"https:\/\/www.eldigitaldeasturias.com\/noticias\/","email":"info@eldigitaldeasturias.com","telephone":"+34652131393","logo":{"@type":"ImageObject","url":"https:\/\/www.eldigitaldeasturias.com\/noticias\/wp-content\/uploads\/2020\/12\/EDA.jpg","@id":"https:\/\/www.eldigitaldeasturias.com\/noticias\/409-millones-de-euros-para-reparar-los-danos-de-los-ultimos-temporales\/#organizationLogo"},"image":{"@id":"https:\/\/www.eldigitaldeasturias.com\/noticias\/409-millones-de-euros-para-reparar-los-danos-de-los-ultimos-temporales\/#organizationLogo"},"sameAs":["https:\/\/facebook.com\/eldigitaldeasturias","https:\/\/www.youtube.com\/channel\/UCZP-2wLEB9Rv6erhFmqVnvg"],"address":{"@id":"https:\/\/www.eldigitaldeasturias.com\/noticias\/#postaladdress","@type":"PostalAddress","streetAddress":"san antonio 4","postalCode":"33430","addressLocality":"Cand\u00e1s","addressRegion":"Asturias","addressCountry":"ES"}},{"@type":"Person","@id":"https:\/\/www.eldigitaldeasturias.com\/noticias\/author\/admin\/#author","url":"https:\/\/www.eldigitaldeasturias.com\/noticias\/author\/admin\/","name":"El Digital de Asturias","image":{"@type":"ImageObject","@id":"https:\/\/www.eldigitaldeasturias.com\/noticias\/409-millones-de-euros-para-reparar-los-danos-de-los-ultimos-temporales\/#authorImage","url":"https:\/\/secure.gravatar.com\/avatar\/df2aeffc32bcd13f8d26072ef8a91b623d677766deac7f97ca815868cd41bf5e?s=96&d=mm&r=g","width":96,"height":96,"caption":"El Digital de Asturias"}},{"@type":"WebPage","@id":"https:\/\/www.eldigitaldeasturias.com\/noticias\/409-millones-de-euros-para-reparar-los-danos-de-los-ultimos-temporales\/#webpage","url":"https:\/\/www.eldigitaldeasturias.com\/noticias\/409-millones-de-euros-para-reparar-los-danos-de-los-ultimos-temporales\/","name":"40,9 millones de euros para reparar los da\u00f1os de los \u00faltimos temporales - El Digital de Asturias","description":"El Consejo de Ministros ha tomado raz\u00f3n, a propuesta del Ministerio de Agricultura y Pesca, Alimentaci\u00f3n y Medio Ambiente, de las obras de emergencia para reparar los da\u00f1os producidos por los temporales de febrero y marzo en las costas espa\u00f1olas, por un importe global de 40,9 millones de euros. Se trata de 45 actuaciones en","inLanguage":"es-ES","isPartOf":{"@id":"https:\/\/www.eldigitaldeasturias.com\/noticias\/#website"},"breadcrumb":{"@id":"https:\/\/www.eldigitaldeasturias.com\/noticias\/409-millones-de-euros-para-reparar-los-danos-de-los-ultimos-temporales\/#breadcrumblist"},"author":{"@id":"https:\/\/www.eldigitaldeasturias.com\/noticias\/author\/admin\/#author"},"creator":{"@id":"https:\/\/www.eldigitaldeasturias.com\/noticias\/author\/admin\/#author"},"image":{"@type":"ImageObject","url":721939,"@id":"https:\/\/www.eldigitaldeasturias.com\/noticias\/409-millones-de-euros-para-reparar-los-danos-de-los-ultimos-temporales\/#mainImage"},"primaryImageOfPage":{"@id":"https:\/\/www.eldigitaldeasturias.com\/noticias\/409-millones-de-euros-para-reparar-los-danos-de-los-ultimos-temporales\/#mainImage"},"datePublished":"2018-05-14T11:06:21+02:00","dateModified":"2018-05-14T11:06:21+02:00"},{"@type":"WebSite","@id":"https:\/\/www.eldigitaldeasturias.com\/noticias\/#website","url":"https:\/\/www.eldigitaldeasturias.com\/noticias\/","name":"El Digital de Asturias - Diario de actualidad y noticias","alternateName":"El Digital de Asturias - Diario de actualidad y noticias","description":"Hemeroteca","inLanguage":"es-ES","publisher":{"@id":"https:\/\/www.eldigitaldeasturias.com\/noticias\/#organization"}}]},"og:locale":"es_ES","og:site_name":"El Digital de Asturias","og:type":"article","og:title":"40,9 millones de euros para reparar los da\u00f1os de los \u00faltimos temporales - El Digital de Asturias","og:description":"El Consejo de Ministros ha tomado raz\u00f3n, a propuesta del Ministerio de Agricultura y Pesca, Alimentaci\u00f3n y Medio Ambiente, de las obras de emergencia para reparar los da\u00f1os producidos por los temporales de febrero y marzo en las costas espa\u00f1olas, por un importe global de 40,9 millones de euros. Se trata de 45 actuaciones en","og:url":"https:\/\/www.eldigitaldeasturias.com\/noticias\/409-millones-de-euros-para-reparar-los-danos-de-los-ultimos-temporales\/","article:tag":["actualidad"],"article:published_time":"2018-05-14T11:06:21+00:00","article:modified_time":"2018-05-14T11:06:21+00:00","article:publisher":"https:\/\/facebook.com\/eldigitaldeasturias","twitter:card":"summary_large_image","twitter:title":"40,9 millones de euros para reparar los da\u00f1os de los \u00faltimos temporales - El Digital de Asturias","twitter:description":"El Consejo de Ministros ha tomado raz\u00f3n, a propuesta del Ministerio de Agricultura y Pesca, Alimentaci\u00f3n y Medio Ambiente, de las obras de emergencia para reparar los da\u00f1os producidos por los temporales de febrero y marzo en las costas espa\u00f1olas, por un importe global de 40,9 millones de euros. Se trata de 45 actuaciones en","twitter:image":"https:\/\/www.eldigitaldeasturias.com\/noticias\/wp-content\/uploads\/2020\/12\/EDA-1.jpg","twitter:label1":"Escrito por","twitter:data1":"El Digital de Asturias","twitter:label2":"Tiempo de lectura estimado","twitter:data2":"3 minutos"},"aioseo_meta_data":{"post_id":"980197","title":null,"description":null,"keywords":null,"keyphrases":null,"primary_term":null,"canonical_url":null,"og_title":null,"og_description":null,"og_object_type":"default","og_image_type":"default","og_image_url":null,"og_image_width":null,"og_image_height":null,"og_image_custom_url":null,"og_image_custom_fields":null,"og_video":null,"og_custom_url":null,"og_article_section":null,"og_article_tags":null,"twitter_use_og":false,"twitter_card":"default","twitter_image_type":"default","twitter_image_url":null,"twitter_image_custom_url":null,"twitter_image_custom_fields":null,"twitter_title":null,"twitter_description":null,"schema":{"blockGraphs":[],"customGraphs":[],"default":{"data":{"Article":[],"Course":[],"Dataset":[],"FAQPage":[],"Movie":[],"Person":[],"Product":[],"ProductReview":[],"Car":[],"Recipe":[],"Service":[],"SoftwareApplication":[],"WebPage":[]},"graphName":"","isEnabled":true},"graphs":[],"defaultGraph":"","defaultPostTypeGraph":""},"schema_type":null,"schema_type_options":null,"pillar_content":false,"robots_default":true,"robots_noindex":false,"robots_noarchive":false,"robots_nosnippet":false,"robots_nofollow":false,"robots_noimageindex":false,"robots_noodp":false,"robots_notranslate":false,"robots_max_snippet":null,"robots_max_videopreview":null,"robots_max_imagepreview":"large","priority":null,"frequency":null,"local_seo":null,"seo_analyzer_scan_date":"2025-10-08 17:06:02","breadcrumb_settings":null,"limit_modified_date":false,"open_ai":null,"ai":null,"created":"2020-12-21 11:57:40","updated":"2025-10-08 17:06:02","focus_keyword":null,"additional_keywords":null,"truseo_locale":null},"aioseo_breadcrumb":"<div class=\"aioseo-breadcrumbs\"><span class=\"aioseo-breadcrumb\">\n\t<a href=\"https:\/\/www.eldigitaldeasturias.com\/noticias\" title=\"Home\">Home<\/a>\n<\/span><span class=\"aioseo-breadcrumb-separator\">\u2013<\/span><span class=\"aioseo-breadcrumb\">\n\t<a href=\"https:\/\/www.eldigitaldeasturias.com\/noticias\/category\/actualidad\/\" title=\"Actualidad\">Actualidad<\/a>\n<\/span><span class=\"aioseo-breadcrumb-separator\">\u2013<\/span><span class=\"aioseo-breadcrumb\">\n\t<a href=\"https:\/\/www.eldigitaldeasturias.com\/noticias\/409-millones-de-euros-para-reparar-los-danos-de-los-ultimos-temporales\/\" title=\"40,9 millones de euros para reparar los da\u00f1os de los \u00faltimos temporales\">40,9 millones de euros para reparar los da\u00f1os de los \u00faltimos temporales<\/a>\n<\/span><\/div>","aioseo_breadcrumb_json":[{"label":"Home","link":"https:\/\/www.eldigitaldeasturias.com\/noticias"},{"label":"Actualidad","link":"https:\/\/www.eldigitaldeasturias.com\/noticias\/category\/actualidad\/"},{"label":"40,9 millones de euros para reparar los da\u00f1os de los \u00faltimos temporales","link":"https:\/\/www.eldigitaldeasturias.com\/noticias\/409-millones-de-euros-para-reparar-los-danos-de-los-ultimos-temporales\/"}],"_links":{"self":[{"href":"https:\/\/www.eldigitaldeasturias.com\/noticias\/wp-json\/wp\/v2\/posts\/980197","targetHints":{"allow":["GET"]}}],"collection":[{"href":"https:\/\/www.eldigitaldeasturias.com\/noticias\/wp-json\/wp\/v2\/posts"}],"about":[{"href":"https:\/\/www.eldigitaldeasturias.com\/noticias\/wp-json\/wp\/v2\/types\/post"}],"author":[{"embeddable":true,"href":"https:\/\/www.eldigitaldeasturias.com\/noticias\/wp-json\/wp\/v2\/users\/1"}],"replies":[{"embeddable":true,"href":"https:\/\/www.eldigitaldeasturias.com\/noticias\/wp-json\/wp\/v2\/comments?post=980197"}],"version-history":[{"count":0,"href":"https:\/\/www.eldigitaldeasturias.com\/noticias\/wp-json\/wp\/v2\/posts\/980197\/revisions"}],"wp:attachment":[{"href":"https:\/\/www.eldigitaldeasturias.com\/noticias\/wp-json\/wp\/v2\/media?parent=980197"}],"wp:term":[{"taxonomy":"category","embeddable":true,"href":"https:\/\/www.eldigitaldeasturias.com\/noticias\/wp-json\/wp\/v2\/categories?post=980197"},{"taxonomy":"post_tag","embeddable":true,"href":"https:\/\/www.eldigitaldeasturias.com\/noticias\/wp-json\/wp\/v2\/tags?post=980197"}],"curies":[{"name":"wp","href":"https:\/\/api.w.org\/{rel}","templated":true}]}}