{"id":980179,"date":"2018-05-14T10:22:23","date_gmt":"2018-05-14T10:22:23","guid":{"rendered":"http:\/\/www.eldigitaldeasturias.com\/noticias\/?p=980179"},"modified":"2018-05-14T10:22:23","modified_gmt":"2018-05-14T10:22:23","slug":"aragon-celebra-el-dia-de-los-museos","status":"publish","type":"post","link":"https:\/\/www.eldigitaldeasturias.com\/noticias\/aragon-celebra-el-dia-de-los-museos\/","title":{"rendered":"Arag\u00f3n celebra el D\u00eda de los Museos"},"content":{"rendered":"<p><img loading=\"lazy\" decoding=\"async\" class=\"alignleft size-medium wp-image-980180\" src=\"https:\/\/www.eldigitaldeasturias.com\/noticias\/wp-content\/uploads\/2018\/05\/IMG_20180131_190952-360x159.jpg\" alt=\"\" width=\"360\" height=\"159\" \/>Los museos de la red del Gobierno de Arag\u00f3n se suman este a\u00f1o de nuevo a la celebraci\u00f3n del D\u00eda Internacional de los Museos, el 18 de mayo. El Departamento de Educaci\u00f3n, Cultura y Deporte del Gobierno de Arag\u00f3n ha preparado una variada programaci\u00f3n gratuita en los seis museos que pertenecen a la red del Ejecutivo aragon\u00e9s: el IAACC Pablo Serrano y el Museo de Zaragoza, en la capital aragonesa; el CDAN, el Museo de Huesca y el Museo Pedag\u00f3gico de Arag\u00f3n, en Huesca; y el Museo Juan Cabr\u00e9 de Calaceite, en la provincia de Teruel. Las propuestas de estos centros culturales se extienden m\u00e1s all\u00e1 del d\u00eda 18 de mayo, y desde el 16 de mayo muchos de ellos tienen ya programados diferentes actos.<\/p>\n<p>Este a\u00f1o no solo se podr\u00e1 disfrutar de nuevas exposiciones estrenadas para esta celebraci\u00f3n internacional, sino que se han programado actividades para escolares, jornadas, talleres, visitas guiadas y encuentros con artitas con el objetivo de llegar a todo tipo de p\u00fablicos. Entre los actos, destacan la inauguraci\u00f3n en el Museo de Zaragoza de la exposici\u00f3n \u201cVida y moda. Entorno y clase social en Arag\u00f3n siglos XVII-XX\u201d (18 mayo a las 10.00 horas) as\u00ed como la inauguraci\u00f3n de la muestra \u201cMiguel Fleta. El hombre y el mito\u201d, el mi\u00e9rcoles 16 de mayo a las 19.00 horas en el IAACC Pablo Serrano. Tambi\u00e9n se inaugurar\u00e1n exposiciones en el Museo de Huesca, como \u201cNo confirmamos ninguna regla: sintonizando arte y discapacidad\u201d (jueves 18.30h), acto enmarcado en el Festival Diversario y la exposici\u00f3n permanente \u201cVitrinas y audiovisual. La transici\u00f3n de la I\u00aa a la II\u00aa Edad del Hierro\u201d (viernes 18, 18.30h).<\/p>\n<p>Adem\u00e1s de la programaci\u00f3n preparada en la red de museos del Gobierno aragon\u00e9s, dentro del trabajo de difusi\u00f3n y comunicaci\u00f3n de la actividad cultural, la Direcci\u00f3n General de Cultura y Patrimonio ha coordinado y reunido un a\u00f1o m\u00e1s la programaci\u00f3n de actividades de los museos aragoneses (pertenecientes o no a la red del Gobierno), para todos los p\u00fablicos y todas las edades en torno al D\u00eda Internacional de los Museos y que se podr\u00e1 consultar en <strong>aragon.es.<\/strong><\/p>\n<p><strong>Democratizaci\u00f3n del arte<\/strong><\/p>\n<p>El 18 de mayo, los museos celebrar\u00e1n en todo el mundo el D\u00eda Internacional de los Museos (DIM), evento fundado en 1977 por el ICOM; organismo dependiente de la UNESCO que aglutina a museos y profesionales, y que est\u00e1 dirigido a la conservaci\u00f3n, mantenimiento y comunicaci\u00f3n del patrimonio natural y cultural del mundo.<\/p>\n<p>El D\u00eda Internacional de los Museos se concibe como un evento inclusivo y participativo para subrayar la importancia de los museos como instituciones al servicio de la sociedad y su desarrollo. En el a\u00f1o 2016, m\u00e1s de 35.000 museos participaron desde 145 pa\u00edses.<\/p>\n","protected":false},"excerpt":{"rendered":"<p>Los museos de la red del Gobierno de Arag\u00f3n se suman este a\u00f1o de nuevo a la celebraci\u00f3n del D\u00eda Internacional de los Museos, el 18 de mayo. El Departamento de Educaci\u00f3n, Cultura y Deporte del Gobierno de Arag\u00f3n ha preparado una variada programaci\u00f3n gratuita en los seis museos que pertenecen a la red del [&hellip;]<\/p>\n","protected":false},"author":1,"featured_media":980180,"comment_status":"closed","ping_status":"closed","sticky":false,"template":"","format":"standard","meta":{"footnotes":""},"categories":[1],"tags":[],"class_list":["post-980179","post","type-post","status-publish","format-standard","has-post-thumbnail","hentry","category-actualidad"],"aioseo_notices":[],"aioseo_head":"\n\t\t<!-- All in One SEO Pro 5.0.1 - aioseo.com -->\n\t<meta name=\"description\" content=\"Los museos de la red del Gobierno de Arag\u00f3n se suman este a\u00f1o de nuevo a la celebraci\u00f3n del D\u00eda Internacional de los Museos, el 18 de mayo. El Departamento de Educaci\u00f3n, Cultura y Deporte del Gobierno de Arag\u00f3n ha preparado una variada programaci\u00f3n gratuita en los seis museos que pertenecen a la red del\" \/>\n\t<meta name=\"robots\" content=\"max-image-preview:large\" \/>\n\t<meta name=\"author\" content=\"El Digital de Asturias\"\/>\n\t<meta name=\"google-site-verification\" content=\"UA-38556648-1\" \/>\n\t<meta name=\"msvalidate.01\" content=\"7dfe9f3f1b24437ab69f4f2559babe99\" \/>\n\t<meta name=\"keywords\" content=\"actualidad\" \/>\n\t<link rel=\"canonical\" href=\"https:\/\/www.eldigitaldeasturias.com\/noticias\/aragon-celebra-el-dia-de-los-museos\/\" \/>\n\t<meta name=\"generator\" content=\"All in One SEO Pro (AIOSEO) 5.0.1\" \/>\n\t\t<meta property=\"og:locale\" content=\"es_ES\" \/>\n\t\t<meta property=\"og:site_name\" content=\"El Digital de Asturias\" \/>\n\t\t<meta property=\"og:type\" content=\"article\" \/>\n\t\t<meta property=\"og:title\" content=\"Arag\u00f3n celebra el D\u00eda de los Museos - El Digital de Asturias\" \/>\n\t\t<meta property=\"og:description\" content=\"Los museos de la red del Gobierno de Arag\u00f3n se suman este a\u00f1o de nuevo a la celebraci\u00f3n del D\u00eda Internacional de los Museos, el 18 de mayo. El Departamento de Educaci\u00f3n, Cultura y Deporte del Gobierno de Arag\u00f3n ha preparado una variada programaci\u00f3n gratuita en los seis museos que pertenecen a la red del\" \/>\n\t\t<meta property=\"og:url\" content=\"https:\/\/www.eldigitaldeasturias.com\/noticias\/aragon-celebra-el-dia-de-los-museos\/\" \/>\n\t\t<meta property=\"article:tag\" content=\"actualidad\" \/>\n\t\t<meta property=\"article:published_time\" content=\"2018-05-14T10:22:23+00:00\" \/>\n\t\t<meta property=\"article:modified_time\" content=\"2018-05-14T10:22:23+00:00\" \/>\n\t\t<meta property=\"article:publisher\" content=\"https:\/\/facebook.com\/eldigitaldeasturias\" \/>\n\t\t<meta name=\"twitter:card\" content=\"summary_large_image\" \/>\n\t\t<meta name=\"twitter:title\" content=\"Arag\u00f3n celebra el D\u00eda de los Museos - El Digital de Asturias\" \/>\n\t\t<meta name=\"twitter:description\" content=\"Los museos de la red del Gobierno de Arag\u00f3n se suman este a\u00f1o de nuevo a la celebraci\u00f3n del D\u00eda Internacional de los Museos, el 18 de mayo. El Departamento de Educaci\u00f3n, Cultura y Deporte del Gobierno de Arag\u00f3n ha preparado una variada programaci\u00f3n gratuita en los seis museos que pertenecen a la red del\" \/>\n\t\t<meta name=\"twitter:image\" content=\"https:\/\/www.eldigitaldeasturias.com\/noticias\/wp-content\/uploads\/2020\/12\/EDA-1.jpg\" \/>\n\t\t<meta name=\"twitter:label1\" content=\"Escrito por\" \/>\n\t\t<meta name=\"twitter:data1\" content=\"El Digital de Asturias\" \/>\n\t\t<meta name=\"twitter:label2\" content=\"Tiempo de lectura estimado\" \/>\n\t\t<meta name=\"twitter:data2\" content=\"2 minutos\" \/>\n\t\t<script type=\"application\/ld+json\" class=\"aioseo-schema\">\n\t\t\t{\"@context\":\"https:\\\/\\\/schema.org\",\"@graph\":[{\"@type\":\"BlogPosting\",\"@id\":\"https:\\\/\\\/www.eldigitaldeasturias.com\\\/noticias\\\/aragon-celebra-el-dia-de-los-museos\\\/#blogposting\",\"name\":\"Arag\\u00f3n celebra el D\\u00eda de los Museos - El Digital de Asturias\",\"headline\":\"Arag\\u00f3n celebra el D\\u00eda de los Museos\",\"author\":{\"@id\":\"https:\\\/\\\/www.eldigitaldeasturias.com\\\/noticias\\\/author\\\/admin\\\/#author\"},\"publisher\":{\"@id\":\"https:\\\/\\\/www.eldigitaldeasturias.com\\\/noticias\\\/#organization\"},\"image\":{\"@type\":\"ImageObject\",\"url\":980180},\"datePublished\":\"2018-05-14T10:22:23+02:00\",\"dateModified\":\"2018-05-14T10:22:23+02:00\",\"inLanguage\":\"es-ES\",\"mainEntityOfPage\":{\"@id\":\"https:\\\/\\\/www.eldigitaldeasturias.com\\\/noticias\\\/aragon-celebra-el-dia-de-los-museos\\\/#webpage\"},\"isPartOf\":{\"@id\":\"https:\\\/\\\/www.eldigitaldeasturias.com\\\/noticias\\\/aragon-celebra-el-dia-de-los-museos\\\/#webpage\"},\"articleSection\":\"Actualidad\"},{\"@type\":\"BreadcrumbList\",\"@id\":\"https:\\\/\\\/www.eldigitaldeasturias.com\\\/noticias\\\/aragon-celebra-el-dia-de-los-museos\\\/#breadcrumblist\",\"itemListElement\":[{\"@type\":\"ListItem\",\"@id\":\"https:\\\/\\\/www.eldigitaldeasturias.com\\\/noticias#listItem\",\"position\":1,\"name\":\"Home\",\"item\":\"https:\\\/\\\/www.eldigitaldeasturias.com\\\/noticias\",\"nextItem\":{\"@type\":\"ListItem\",\"@id\":\"https:\\\/\\\/www.eldigitaldeasturias.com\\\/noticias\\\/category\\\/actualidad\\\/#listItem\",\"name\":\"Actualidad\"}},{\"@type\":\"ListItem\",\"@id\":\"https:\\\/\\\/www.eldigitaldeasturias.com\\\/noticias\\\/category\\\/actualidad\\\/#listItem\",\"position\":2,\"name\":\"Actualidad\",\"item\":\"https:\\\/\\\/www.eldigitaldeasturias.com\\\/noticias\\\/category\\\/actualidad\\\/\",\"nextItem\":{\"@type\":\"ListItem\",\"@id\":\"https:\\\/\\\/www.eldigitaldeasturias.com\\\/noticias\\\/aragon-celebra-el-dia-de-los-museos\\\/#listItem\",\"name\":\"Arag\\u00f3n celebra el D\\u00eda de los Museos\"},\"previousItem\":{\"@type\":\"ListItem\",\"@id\":\"https:\\\/\\\/www.eldigitaldeasturias.com\\\/noticias#listItem\",\"name\":\"Home\"}},{\"@type\":\"ListItem\",\"@id\":\"https:\\\/\\\/www.eldigitaldeasturias.com\\\/noticias\\\/aragon-celebra-el-dia-de-los-museos\\\/#listItem\",\"position\":3,\"name\":\"Arag\\u00f3n celebra el D\\u00eda de los Museos\",\"previousItem\":{\"@type\":\"ListItem\",\"@id\":\"https:\\\/\\\/www.eldigitaldeasturias.com\\\/noticias\\\/category\\\/actualidad\\\/#listItem\",\"name\":\"Actualidad\"}}]},{\"@type\":\"Organization\",\"@id\":\"https:\\\/\\\/www.eldigitaldeasturias.com\\\/noticias\\\/#organization\",\"name\":\"El Digital de Asturias\",\"description\":\"Hemeroteca\",\"url\":\"https:\\\/\\\/www.eldigitaldeasturias.com\\\/noticias\\\/\",\"email\":\"info@eldigitaldeasturias.com\",\"telephone\":\"+34652131393\",\"logo\":{\"@type\":\"ImageObject\",\"url\":\"https:\\\/\\\/www.eldigitaldeasturias.com\\\/noticias\\\/wp-content\\\/uploads\\\/2020\\\/12\\\/EDA.jpg\",\"@id\":\"https:\\\/\\\/www.eldigitaldeasturias.com\\\/noticias\\\/aragon-celebra-el-dia-de-los-museos\\\/#organizationLogo\"},\"image\":{\"@id\":\"https:\\\/\\\/www.eldigitaldeasturias.com\\\/noticias\\\/aragon-celebra-el-dia-de-los-museos\\\/#organizationLogo\"},\"sameAs\":[\"https:\\\/\\\/facebook.com\\\/eldigitaldeasturias\",\"https:\\\/\\\/www.youtube.com\\\/channel\\\/UCZP-2wLEB9Rv6erhFmqVnvg\"],\"address\":{\"@id\":\"https:\\\/\\\/www.eldigitaldeasturias.com\\\/noticias\\\/#postaladdress\",\"@type\":\"PostalAddress\",\"streetAddress\":\"san antonio 4\",\"postalCode\":\"33430\",\"addressLocality\":\"Cand\\u00e1s\",\"addressRegion\":\"Asturias\",\"addressCountry\":\"ES\"}},{\"@type\":\"Person\",\"@id\":\"https:\\\/\\\/www.eldigitaldeasturias.com\\\/noticias\\\/author\\\/admin\\\/#author\",\"url\":\"https:\\\/\\\/www.eldigitaldeasturias.com\\\/noticias\\\/author\\\/admin\\\/\",\"name\":\"El Digital de Asturias\",\"image\":{\"@type\":\"ImageObject\",\"@id\":\"https:\\\/\\\/www.eldigitaldeasturias.com\\\/noticias\\\/aragon-celebra-el-dia-de-los-museos\\\/#authorImage\",\"url\":\"https:\\\/\\\/secure.gravatar.com\\\/avatar\\\/df2aeffc32bcd13f8d26072ef8a91b623d677766deac7f97ca815868cd41bf5e?s=96&d=mm&r=g\",\"width\":96,\"height\":96,\"caption\":\"El Digital de Asturias\"}},{\"@type\":\"WebPage\",\"@id\":\"https:\\\/\\\/www.eldigitaldeasturias.com\\\/noticias\\\/aragon-celebra-el-dia-de-los-museos\\\/#webpage\",\"url\":\"https:\\\/\\\/www.eldigitaldeasturias.com\\\/noticias\\\/aragon-celebra-el-dia-de-los-museos\\\/\",\"name\":\"Arag\\u00f3n celebra el D\\u00eda de los Museos - El Digital de Asturias\",\"description\":\"Los museos de la red del Gobierno de Arag\\u00f3n se suman este a\\u00f1o de nuevo a la celebraci\\u00f3n del D\\u00eda Internacional de los Museos, el 18 de mayo. El Departamento de Educaci\\u00f3n, Cultura y Deporte del Gobierno de Arag\\u00f3n ha preparado una variada programaci\\u00f3n gratuita en los seis museos que pertenecen a la red del\",\"inLanguage\":\"es-ES\",\"isPartOf\":{\"@id\":\"https:\\\/\\\/www.eldigitaldeasturias.com\\\/noticias\\\/#website\"},\"breadcrumb\":{\"@id\":\"https:\\\/\\\/www.eldigitaldeasturias.com\\\/noticias\\\/aragon-celebra-el-dia-de-los-museos\\\/#breadcrumblist\"},\"author\":{\"@id\":\"https:\\\/\\\/www.eldigitaldeasturias.com\\\/noticias\\\/author\\\/admin\\\/#author\"},\"creator\":{\"@id\":\"https:\\\/\\\/www.eldigitaldeasturias.com\\\/noticias\\\/author\\\/admin\\\/#author\"},\"image\":{\"@type\":\"ImageObject\",\"url\":980180,\"@id\":\"https:\\\/\\\/www.eldigitaldeasturias.com\\\/noticias\\\/aragon-celebra-el-dia-de-los-museos\\\/#mainImage\"},\"primaryImageOfPage\":{\"@id\":\"https:\\\/\\\/www.eldigitaldeasturias.com\\\/noticias\\\/aragon-celebra-el-dia-de-los-museos\\\/#mainImage\"},\"datePublished\":\"2018-05-14T10:22:23+02:00\",\"dateModified\":\"2018-05-14T10:22:23+02:00\"},{\"@type\":\"WebSite\",\"@id\":\"https:\\\/\\\/www.eldigitaldeasturias.com\\\/noticias\\\/#website\",\"url\":\"https:\\\/\\\/www.eldigitaldeasturias.com\\\/noticias\\\/\",\"name\":\"El Digital de Asturias - Diario de actualidad y noticias\",\"alternateName\":\"El Digital de Asturias - Diario de actualidad y noticias\",\"description\":\"Hemeroteca\",\"inLanguage\":\"es-ES\",\"publisher\":{\"@id\":\"https:\\\/\\\/www.eldigitaldeasturias.com\\\/noticias\\\/#organization\"}}]}\n\t\t<\/script>\n\t\t<!-- All in One SEO Pro -->\r\n\t\t<title>Arag\u00f3n celebra el D\u00eda de los Museos - El Digital de Asturias<\/title>\n\n","aioseo_head_json":{"title":"Arag\u00f3n celebra el D\u00eda de los Museos - El Digital de Asturias","description":"Los museos de la red del Gobierno de Arag\u00f3n se suman este a\u00f1o de nuevo a la celebraci\u00f3n del D\u00eda Internacional de los Museos, el 18 de mayo. El Departamento de Educaci\u00f3n, Cultura y Deporte del Gobierno de Arag\u00f3n ha preparado una variada programaci\u00f3n gratuita en los seis museos que pertenecen a la red del","canonical_url":"https:\/\/www.eldigitaldeasturias.com\/noticias\/aragon-celebra-el-dia-de-los-museos\/","robots":"max-image-preview:large","keywords":"actualidad","webmasterTools":{"google-site-verification":"UA-38556648-1","msvalidate.01":"7dfe9f3f1b24437ab69f4f2559babe99","miscellaneous":""},"schema":{"@context":"https:\/\/schema.org","@graph":[{"@type":"BlogPosting","@id":"https:\/\/www.eldigitaldeasturias.com\/noticias\/aragon-celebra-el-dia-de-los-museos\/#blogposting","name":"Arag\u00f3n celebra el D\u00eda de los Museos - El Digital de Asturias","headline":"Arag\u00f3n celebra el D\u00eda de los Museos","author":{"@id":"https:\/\/www.eldigitaldeasturias.com\/noticias\/author\/admin\/#author"},"publisher":{"@id":"https:\/\/www.eldigitaldeasturias.com\/noticias\/#organization"},"image":{"@type":"ImageObject","url":980180},"datePublished":"2018-05-14T10:22:23+02:00","dateModified":"2018-05-14T10:22:23+02:00","inLanguage":"es-ES","mainEntityOfPage":{"@id":"https:\/\/www.eldigitaldeasturias.com\/noticias\/aragon-celebra-el-dia-de-los-museos\/#webpage"},"isPartOf":{"@id":"https:\/\/www.eldigitaldeasturias.com\/noticias\/aragon-celebra-el-dia-de-los-museos\/#webpage"},"articleSection":"Actualidad"},{"@type":"BreadcrumbList","@id":"https:\/\/www.eldigitaldeasturias.com\/noticias\/aragon-celebra-el-dia-de-los-museos\/#breadcrumblist","itemListElement":[{"@type":"ListItem","@id":"https:\/\/www.eldigitaldeasturias.com\/noticias#listItem","position":1,"name":"Home","item":"https:\/\/www.eldigitaldeasturias.com\/noticias","nextItem":{"@type":"ListItem","@id":"https:\/\/www.eldigitaldeasturias.com\/noticias\/category\/actualidad\/#listItem","name":"Actualidad"}},{"@type":"ListItem","@id":"https:\/\/www.eldigitaldeasturias.com\/noticias\/category\/actualidad\/#listItem","position":2,"name":"Actualidad","item":"https:\/\/www.eldigitaldeasturias.com\/noticias\/category\/actualidad\/","nextItem":{"@type":"ListItem","@id":"https:\/\/www.eldigitaldeasturias.com\/noticias\/aragon-celebra-el-dia-de-los-museos\/#listItem","name":"Arag\u00f3n celebra el D\u00eda de los Museos"},"previousItem":{"@type":"ListItem","@id":"https:\/\/www.eldigitaldeasturias.com\/noticias#listItem","name":"Home"}},{"@type":"ListItem","@id":"https:\/\/www.eldigitaldeasturias.com\/noticias\/aragon-celebra-el-dia-de-los-museos\/#listItem","position":3,"name":"Arag\u00f3n celebra el D\u00eda de los Museos","previousItem":{"@type":"ListItem","@id":"https:\/\/www.eldigitaldeasturias.com\/noticias\/category\/actualidad\/#listItem","name":"Actualidad"}}]},{"@type":"Organization","@id":"https:\/\/www.eldigitaldeasturias.com\/noticias\/#organization","name":"El Digital de Asturias","description":"Hemeroteca","url":"https:\/\/www.eldigitaldeasturias.com\/noticias\/","email":"info@eldigitaldeasturias.com","telephone":"+34652131393","logo":{"@type":"ImageObject","url":"https:\/\/www.eldigitaldeasturias.com\/noticias\/wp-content\/uploads\/2020\/12\/EDA.jpg","@id":"https:\/\/www.eldigitaldeasturias.com\/noticias\/aragon-celebra-el-dia-de-los-museos\/#organizationLogo"},"image":{"@id":"https:\/\/www.eldigitaldeasturias.com\/noticias\/aragon-celebra-el-dia-de-los-museos\/#organizationLogo"},"sameAs":["https:\/\/facebook.com\/eldigitaldeasturias","https:\/\/www.youtube.com\/channel\/UCZP-2wLEB9Rv6erhFmqVnvg"],"address":{"@id":"https:\/\/www.eldigitaldeasturias.com\/noticias\/#postaladdress","@type":"PostalAddress","streetAddress":"san antonio 4","postalCode":"33430","addressLocality":"Cand\u00e1s","addressRegion":"Asturias","addressCountry":"ES"}},{"@type":"Person","@id":"https:\/\/www.eldigitaldeasturias.com\/noticias\/author\/admin\/#author","url":"https:\/\/www.eldigitaldeasturias.com\/noticias\/author\/admin\/","name":"El Digital de Asturias","image":{"@type":"ImageObject","@id":"https:\/\/www.eldigitaldeasturias.com\/noticias\/aragon-celebra-el-dia-de-los-museos\/#authorImage","url":"https:\/\/secure.gravatar.com\/avatar\/df2aeffc32bcd13f8d26072ef8a91b623d677766deac7f97ca815868cd41bf5e?s=96&d=mm&r=g","width":96,"height":96,"caption":"El Digital de Asturias"}},{"@type":"WebPage","@id":"https:\/\/www.eldigitaldeasturias.com\/noticias\/aragon-celebra-el-dia-de-los-museos\/#webpage","url":"https:\/\/www.eldigitaldeasturias.com\/noticias\/aragon-celebra-el-dia-de-los-museos\/","name":"Arag\u00f3n celebra el D\u00eda de los Museos - El Digital de Asturias","description":"Los museos de la red del Gobierno de Arag\u00f3n se suman este a\u00f1o de nuevo a la celebraci\u00f3n del D\u00eda Internacional de los Museos, el 18 de mayo. El Departamento de Educaci\u00f3n, Cultura y Deporte del Gobierno de Arag\u00f3n ha preparado una variada programaci\u00f3n gratuita en los seis museos que pertenecen a la red del","inLanguage":"es-ES","isPartOf":{"@id":"https:\/\/www.eldigitaldeasturias.com\/noticias\/#website"},"breadcrumb":{"@id":"https:\/\/www.eldigitaldeasturias.com\/noticias\/aragon-celebra-el-dia-de-los-museos\/#breadcrumblist"},"author":{"@id":"https:\/\/www.eldigitaldeasturias.com\/noticias\/author\/admin\/#author"},"creator":{"@id":"https:\/\/www.eldigitaldeasturias.com\/noticias\/author\/admin\/#author"},"image":{"@type":"ImageObject","url":980180,"@id":"https:\/\/www.eldigitaldeasturias.com\/noticias\/aragon-celebra-el-dia-de-los-museos\/#mainImage"},"primaryImageOfPage":{"@id":"https:\/\/www.eldigitaldeasturias.com\/noticias\/aragon-celebra-el-dia-de-los-museos\/#mainImage"},"datePublished":"2018-05-14T10:22:23+02:00","dateModified":"2018-05-14T10:22:23+02:00"},{"@type":"WebSite","@id":"https:\/\/www.eldigitaldeasturias.com\/noticias\/#website","url":"https:\/\/www.eldigitaldeasturias.com\/noticias\/","name":"El Digital de Asturias - Diario de actualidad y noticias","alternateName":"El Digital de Asturias - Diario de actualidad y noticias","description":"Hemeroteca","inLanguage":"es-ES","publisher":{"@id":"https:\/\/www.eldigitaldeasturias.com\/noticias\/#organization"}}]},"og:locale":"es_ES","og:site_name":"El Digital de Asturias","og:type":"article","og:title":"Arag\u00f3n celebra el D\u00eda de los Museos - El Digital de Asturias","og:description":"Los museos de la red del Gobierno de Arag\u00f3n se suman este a\u00f1o de nuevo a la celebraci\u00f3n del D\u00eda Internacional de los Museos, el 18 de mayo. El Departamento de Educaci\u00f3n, Cultura y Deporte del Gobierno de Arag\u00f3n ha preparado una variada programaci\u00f3n gratuita en los seis museos que pertenecen a la red del","og:url":"https:\/\/www.eldigitaldeasturias.com\/noticias\/aragon-celebra-el-dia-de-los-museos\/","article:tag":["actualidad"],"article:published_time":"2018-05-14T10:22:23+00:00","article:modified_time":"2018-05-14T10:22:23+00:00","article:publisher":"https:\/\/facebook.com\/eldigitaldeasturias","twitter:card":"summary_large_image","twitter:title":"Arag\u00f3n celebra el D\u00eda de los Museos - El Digital de Asturias","twitter:description":"Los museos de la red del Gobierno de Arag\u00f3n se suman este a\u00f1o de nuevo a la celebraci\u00f3n del D\u00eda Internacional de los Museos, el 18 de mayo. El Departamento de Educaci\u00f3n, Cultura y Deporte del Gobierno de Arag\u00f3n ha preparado una variada programaci\u00f3n gratuita en los seis museos que pertenecen a la red del","twitter:image":"https:\/\/www.eldigitaldeasturias.com\/noticias\/wp-content\/uploads\/2020\/12\/EDA-1.jpg","twitter:label1":"Escrito por","twitter:data1":"El Digital de Asturias","twitter:label2":"Tiempo de lectura estimado","twitter:data2":"2 minutos"},"aioseo_meta_data":{"post_id":"980179","title":null,"description":null,"keywords":null,"keyphrases":null,"primary_term":null,"canonical_url":null,"og_title":null,"og_description":null,"og_object_type":"default","og_image_type":"default","og_image_url":null,"og_image_width":null,"og_image_height":null,"og_image_custom_url":null,"og_image_custom_fields":null,"og_video":null,"og_custom_url":null,"og_article_section":null,"og_article_tags":null,"twitter_use_og":false,"twitter_card":"default","twitter_image_type":"default","twitter_image_url":null,"twitter_image_custom_url":null,"twitter_image_custom_fields":null,"twitter_title":null,"twitter_description":null,"schema":{"blockGraphs":[],"customGraphs":[],"default":{"data":{"Article":[],"Course":[],"Dataset":[],"FAQPage":[],"Movie":[],"Person":[],"Product":[],"ProductReview":[],"Car":[],"Recipe":[],"Service":[],"SoftwareApplication":[],"WebPage":[]},"graphName":"","isEnabled":true},"graphs":[],"defaultGraph":"","defaultPostTypeGraph":""},"schema_type":null,"schema_type_options":null,"pillar_content":false,"robots_default":true,"robots_noindex":false,"robots_noarchive":false,"robots_nosnippet":false,"robots_nofollow":false,"robots_noimageindex":false,"robots_noodp":false,"robots_notranslate":false,"robots_max_snippet":null,"robots_max_videopreview":null,"robots_max_imagepreview":"large","priority":null,"frequency":null,"local_seo":null,"seo_analyzer_scan_date":"2025-10-08 17:02:11","breadcrumb_settings":null,"limit_modified_date":false,"open_ai":null,"ai":null,"created":"2020-12-21 11:57:40","updated":"2025-10-08 17:02:11","focus_keyword":null,"additional_keywords":null,"truseo_locale":null},"aioseo_breadcrumb":"<div class=\"aioseo-breadcrumbs\"><span class=\"aioseo-breadcrumb\">\n\t<a href=\"https:\/\/www.eldigitaldeasturias.com\/noticias\" title=\"Home\">Home<\/a>\n<\/span><span class=\"aioseo-breadcrumb-separator\">\u2013<\/span><span class=\"aioseo-breadcrumb\">\n\t<a href=\"https:\/\/www.eldigitaldeasturias.com\/noticias\/category\/actualidad\/\" title=\"Actualidad\">Actualidad<\/a>\n<\/span><span class=\"aioseo-breadcrumb-separator\">\u2013<\/span><span class=\"aioseo-breadcrumb\">\n\t<a href=\"https:\/\/www.eldigitaldeasturias.com\/noticias\/aragon-celebra-el-dia-de-los-museos\/\" title=\"Arag\u00f3n celebra el D\u00eda de los Museos\">Arag\u00f3n celebra el D\u00eda de los Museos<\/a>\n<\/span><\/div>","aioseo_breadcrumb_json":[{"label":"Home","link":"https:\/\/www.eldigitaldeasturias.com\/noticias"},{"label":"Actualidad","link":"https:\/\/www.eldigitaldeasturias.com\/noticias\/category\/actualidad\/"},{"label":"Arag\u00f3n celebra el D\u00eda de los Museos","link":"https:\/\/www.eldigitaldeasturias.com\/noticias\/aragon-celebra-el-dia-de-los-museos\/"}],"_links":{"self":[{"href":"https:\/\/www.eldigitaldeasturias.com\/noticias\/wp-json\/wp\/v2\/posts\/980179","targetHints":{"allow":["GET"]}}],"collection":[{"href":"https:\/\/www.eldigitaldeasturias.com\/noticias\/wp-json\/wp\/v2\/posts"}],"about":[{"href":"https:\/\/www.eldigitaldeasturias.com\/noticias\/wp-json\/wp\/v2\/types\/post"}],"author":[{"embeddable":true,"href":"https:\/\/www.eldigitaldeasturias.com\/noticias\/wp-json\/wp\/v2\/users\/1"}],"replies":[{"embeddable":true,"href":"https:\/\/www.eldigitaldeasturias.com\/noticias\/wp-json\/wp\/v2\/comments?post=980179"}],"version-history":[{"count":0,"href":"https:\/\/www.eldigitaldeasturias.com\/noticias\/wp-json\/wp\/v2\/posts\/980179\/revisions"}],"wp:attachment":[{"href":"https:\/\/www.eldigitaldeasturias.com\/noticias\/wp-json\/wp\/v2\/media?parent=980179"}],"wp:term":[{"taxonomy":"category","embeddable":true,"href":"https:\/\/www.eldigitaldeasturias.com\/noticias\/wp-json\/wp\/v2\/categories?post=980179"},{"taxonomy":"post_tag","embeddable":true,"href":"https:\/\/www.eldigitaldeasturias.com\/noticias\/wp-json\/wp\/v2\/tags?post=980179"}],"curies":[{"name":"wp","href":"https:\/\/api.w.org\/{rel}","templated":true}]}}