{"id":980173,"date":"2018-05-13T22:52:15","date_gmt":"2018-05-13T22:52:15","guid":{"rendered":"http:\/\/www.eldigitaldeasturias.com\/noticias\/?p=980173"},"modified":"2018-05-13T22:52:15","modified_gmt":"2018-05-13T22:52:15","slug":"record-negativo-de-participacion-electoral-en-irak","status":"publish","type":"post","link":"https:\/\/www.eldigitaldeasturias.com\/noticias\/record-negativo-de-participacion-electoral-en-irak\/","title":{"rendered":"R\u00e9cord negativo de participaci\u00f3n electoral en Irak"},"content":{"rendered":"<p><img loading=\"lazy\" decoding=\"async\" class=\"alignleft size-medium wp-image-785345\" src=\"https:\/\/www.eldigitaldeasturias.com\/noticias\/wp-content\/uploads\/2015\/05\/urnas-360x304.jpg\" alt=\"\" width=\"360\" height=\"304\" \/>Bagdad, 13 may (dpa) &#8211; Las elecciones parlamentarias celebradas el s\u00e1bado en Irak registraron una participaci\u00f3n del 44,5 por ciento, la m\u00e1s baja desde los primeros comicios libres organizados tras la ca\u00edda del r\u00e9gimen de Sadam Husein en 2003, seg\u00fan cifras provisionales proporcionadas hoy por la Comisi\u00f3n Electoral en Bagdad.<\/p>\n<p>Hace cuatro a\u00f1os, la afluencia a las urnas fue de alrededor de un 60 por ciento. Los observadores atribuyen la baja participaci\u00f3n en los comicios de este s\u00e1bado al desafecto de los iraqu\u00edes con la clase pol\u00edtica, no en \u00faltimo lugar por la extendida corrupci\u00f3n.<\/p>\n<p>\u00abLos iraqu\u00edes saben por anteriores elecciones que los dirigentes pol\u00edticos de todas formas siguen en el poder\u00bb, afirm\u00f3 Tim Petschulat, observador electoral de la fundaci\u00f3n alemana Friedrich Ebert.<\/p>\n<p>Adem\u00e1s, se denunci\u00f3 que muchos de los cientos de miles de desplazados internos no pudieron participar en la votaci\u00f3n. Tambi\u00e9n se reportaron problemas en algunos centros de votaci\u00f3n con el nuevo sistema de conteo electr\u00f3nico, que se utiliz\u00f3 por primera vez el s\u00e1bado.<\/p>\n<p>No obstante, Petschulat asegur\u00f3 que no se han constatado violaciones sistem\u00e1ticas del derecho electoral. El primer ministro chiita Haidar Al Abadi asegur\u00f3 que en todas las provincias los iraqu\u00edes hab\u00edan podido votar \u00ablibremente y en un ambiente de seguridad\u00bb.<\/p>\n<p>El pol\u00edtico chiita Iyad Allawei exigi\u00f3 que se repitan las elecciones. En su opini\u00f3n, el nuevo Gobierno ser\u00e1 d\u00e9bil y carecer\u00e1 de la confianza que se necesita para un trabajo exitoso.<\/p>\n<p>Las elecciones parlamentarias, las primeras desde la derrota de la milicia terrorista Estado Isl\u00e1mico (EI) hace cinco meses, se desarrollaron sin grandes incidentes.<\/p>\n<p>Seg\u00fan el peri\u00f3dico \u00e1rabe \u00abAl Hayat\u00bb, la alianza electoral encabezada por Al Abadi encabeza los resultados preliminares, seguida de la lista del cl\u00e9rigo chiita Muktada al Sadr, quien hab\u00eda centrado su campa\u00f1a en la necesidad de reformas y la lucha contra la corrupci\u00f3n. Los resultaron oficiales de la votaci\u00f3n no ser\u00e1n anunciadas hasta el lunes o martes.<\/p>\n<p>En la norte\u00f1a provincia de Kirkuk, rica en petr\u00f3leo, se llevaron a cabo en la noche del s\u00e1bado manifestaciones de protesta contra un supuesto fraude electoral a favor del partido Uni\u00f3n Patri\u00f3tica del Kurdist\u00e1n. Varios partidos exigieron un nuevo conteo de los votos. Fuentes del municipio de Kirkuk dijeron que en un plazo no mayor de 24 horas comenzar\u00e1 un recuento manual de los sufragios.<\/p>\n<p>Al Abadi orden\u00f3 el s\u00e1bado reforzar las medidas de seguridad en Kirkuk, una regi\u00f3n \u00e9tnicamente heterog\u00e9nea en la que kurdos y \u00e1rabes se disputan el poder.<\/p>\n","protected":false},"excerpt":{"rendered":"<p>Bagdad, 13 may (dpa) &#8211; Las elecciones parlamentarias celebradas el s\u00e1bado en Irak registraron una participaci\u00f3n del 44,5 por ciento, la m\u00e1s baja desde los primeros comicios libres organizados tras la ca\u00edda del r\u00e9gimen de Sadam Husein en 2003, seg\u00fan cifras provisionales proporcionadas hoy por la Comisi\u00f3n Electoral en Bagdad. Hace cuatro a\u00f1os, la afluencia [&hellip;]<\/p>\n","protected":false},"author":1,"featured_media":785345,"comment_status":"closed","ping_status":"closed","sticky":false,"template":"","format":"standard","meta":{"footnotes":""},"categories":[1],"tags":[],"class_list":["post-980173","post","type-post","status-publish","format-standard","has-post-thumbnail","hentry","category-actualidad"],"aioseo_notices":[],"aioseo_head":"\n\t\t<!-- All in One SEO Pro 5.0.1 - aioseo.com -->\n\t<meta name=\"description\" content=\"Bagdad, 13 may (dpa) - Las elecciones parlamentarias celebradas el s\u00e1bado en Irak registraron una participaci\u00f3n del 44,5 por ciento, la m\u00e1s baja desde los primeros comicios libres organizados tras la ca\u00edda del r\u00e9gimen de Sadam Husein en 2003, seg\u00fan cifras provisionales proporcionadas hoy por la Comisi\u00f3n Electoral en Bagdad. Hace cuatro a\u00f1os, la afluencia\" \/>\n\t<meta name=\"robots\" content=\"max-image-preview:large\" \/>\n\t<meta name=\"author\" content=\"El Digital de Asturias\"\/>\n\t<meta name=\"google-site-verification\" content=\"UA-38556648-1\" \/>\n\t<meta name=\"msvalidate.01\" content=\"7dfe9f3f1b24437ab69f4f2559babe99\" \/>\n\t<meta name=\"keywords\" content=\"actualidad\" \/>\n\t<link rel=\"canonical\" href=\"https:\/\/www.eldigitaldeasturias.com\/noticias\/record-negativo-de-participacion-electoral-en-irak\/\" \/>\n\t<meta name=\"generator\" content=\"All in One SEO Pro (AIOSEO) 5.0.1\" \/>\n\t\t<meta property=\"og:locale\" content=\"es_ES\" \/>\n\t\t<meta property=\"og:site_name\" content=\"El Digital de Asturias\" \/>\n\t\t<meta property=\"og:type\" content=\"article\" \/>\n\t\t<meta property=\"og:title\" content=\"R\u00e9cord negativo de participaci\u00f3n electoral en Irak - El Digital de Asturias\" \/>\n\t\t<meta property=\"og:description\" content=\"Bagdad, 13 may (dpa) - Las elecciones parlamentarias celebradas el s\u00e1bado en Irak registraron una participaci\u00f3n del 44,5 por ciento, la m\u00e1s baja desde los primeros comicios libres organizados tras la ca\u00edda del r\u00e9gimen de Sadam Husein en 2003, seg\u00fan cifras provisionales proporcionadas hoy por la Comisi\u00f3n Electoral en Bagdad. Hace cuatro a\u00f1os, la afluencia\" \/>\n\t\t<meta property=\"og:url\" content=\"https:\/\/www.eldigitaldeasturias.com\/noticias\/record-negativo-de-participacion-electoral-en-irak\/\" \/>\n\t\t<meta property=\"article:tag\" content=\"actualidad\" \/>\n\t\t<meta property=\"article:published_time\" content=\"2018-05-13T22:52:15+00:00\" \/>\n\t\t<meta property=\"article:modified_time\" content=\"2018-05-13T22:52:15+00:00\" \/>\n\t\t<meta property=\"article:publisher\" content=\"https:\/\/facebook.com\/eldigitaldeasturias\" \/>\n\t\t<meta name=\"twitter:card\" content=\"summary_large_image\" \/>\n\t\t<meta name=\"twitter:title\" content=\"R\u00e9cord negativo de participaci\u00f3n electoral en Irak - El Digital de Asturias\" \/>\n\t\t<meta name=\"twitter:description\" content=\"Bagdad, 13 may (dpa) - Las elecciones parlamentarias celebradas el s\u00e1bado en Irak registraron una participaci\u00f3n del 44,5 por ciento, la m\u00e1s baja desde los primeros comicios libres organizados tras la ca\u00edda del r\u00e9gimen de Sadam Husein en 2003, seg\u00fan cifras provisionales proporcionadas hoy por la Comisi\u00f3n Electoral en Bagdad. Hace cuatro a\u00f1os, la afluencia\" \/>\n\t\t<meta name=\"twitter:image\" content=\"https:\/\/www.eldigitaldeasturias.com\/noticias\/wp-content\/uploads\/2020\/12\/EDA-1.jpg\" \/>\n\t\t<meta name=\"twitter:label1\" content=\"Escrito por\" \/>\n\t\t<meta name=\"twitter:data1\" content=\"El Digital de Asturias\" \/>\n\t\t<meta name=\"twitter:label2\" content=\"Tiempo de lectura estimado\" \/>\n\t\t<meta name=\"twitter:data2\" content=\"2 minutos\" \/>\n\t\t<script type=\"application\/ld+json\" class=\"aioseo-schema\">\n\t\t\t{\"@context\":\"https:\\\/\\\/schema.org\",\"@graph\":[{\"@type\":\"BlogPosting\",\"@id\":\"https:\\\/\\\/www.eldigitaldeasturias.com\\\/noticias\\\/record-negativo-de-participacion-electoral-en-irak\\\/#blogposting\",\"name\":\"R\\u00e9cord negativo de participaci\\u00f3n electoral en Irak - El Digital de Asturias\",\"headline\":\"R\\u00e9cord negativo de participaci\\u00f3n electoral en Irak\",\"author\":{\"@id\":\"https:\\\/\\\/www.eldigitaldeasturias.com\\\/noticias\\\/author\\\/admin\\\/#author\"},\"publisher\":{\"@id\":\"https:\\\/\\\/www.eldigitaldeasturias.com\\\/noticias\\\/#organization\"},\"image\":{\"@type\":\"ImageObject\",\"url\":785345},\"datePublished\":\"2018-05-13T22:52:15+02:00\",\"dateModified\":\"2018-05-13T22:52:15+02:00\",\"inLanguage\":\"es-ES\",\"mainEntityOfPage\":{\"@id\":\"https:\\\/\\\/www.eldigitaldeasturias.com\\\/noticias\\\/record-negativo-de-participacion-electoral-en-irak\\\/#webpage\"},\"isPartOf\":{\"@id\":\"https:\\\/\\\/www.eldigitaldeasturias.com\\\/noticias\\\/record-negativo-de-participacion-electoral-en-irak\\\/#webpage\"},\"articleSection\":\"Actualidad\"},{\"@type\":\"BreadcrumbList\",\"@id\":\"https:\\\/\\\/www.eldigitaldeasturias.com\\\/noticias\\\/record-negativo-de-participacion-electoral-en-irak\\\/#breadcrumblist\",\"itemListElement\":[{\"@type\":\"ListItem\",\"@id\":\"https:\\\/\\\/www.eldigitaldeasturias.com\\\/noticias#listItem\",\"position\":1,\"name\":\"Home\",\"item\":\"https:\\\/\\\/www.eldigitaldeasturias.com\\\/noticias\",\"nextItem\":{\"@type\":\"ListItem\",\"@id\":\"https:\\\/\\\/www.eldigitaldeasturias.com\\\/noticias\\\/category\\\/actualidad\\\/#listItem\",\"name\":\"Actualidad\"}},{\"@type\":\"ListItem\",\"@id\":\"https:\\\/\\\/www.eldigitaldeasturias.com\\\/noticias\\\/category\\\/actualidad\\\/#listItem\",\"position\":2,\"name\":\"Actualidad\",\"item\":\"https:\\\/\\\/www.eldigitaldeasturias.com\\\/noticias\\\/category\\\/actualidad\\\/\",\"nextItem\":{\"@type\":\"ListItem\",\"@id\":\"https:\\\/\\\/www.eldigitaldeasturias.com\\\/noticias\\\/record-negativo-de-participacion-electoral-en-irak\\\/#listItem\",\"name\":\"R\\u00e9cord negativo de participaci\\u00f3n electoral en Irak\"},\"previousItem\":{\"@type\":\"ListItem\",\"@id\":\"https:\\\/\\\/www.eldigitaldeasturias.com\\\/noticias#listItem\",\"name\":\"Home\"}},{\"@type\":\"ListItem\",\"@id\":\"https:\\\/\\\/www.eldigitaldeasturias.com\\\/noticias\\\/record-negativo-de-participacion-electoral-en-irak\\\/#listItem\",\"position\":3,\"name\":\"R\\u00e9cord negativo de participaci\\u00f3n electoral en Irak\",\"previousItem\":{\"@type\":\"ListItem\",\"@id\":\"https:\\\/\\\/www.eldigitaldeasturias.com\\\/noticias\\\/category\\\/actualidad\\\/#listItem\",\"name\":\"Actualidad\"}}]},{\"@type\":\"Organization\",\"@id\":\"https:\\\/\\\/www.eldigitaldeasturias.com\\\/noticias\\\/#organization\",\"name\":\"El Digital de Asturias\",\"description\":\"Hemeroteca\",\"url\":\"https:\\\/\\\/www.eldigitaldeasturias.com\\\/noticias\\\/\",\"email\":\"info@eldigitaldeasturias.com\",\"telephone\":\"+34652131393\",\"logo\":{\"@type\":\"ImageObject\",\"url\":\"https:\\\/\\\/www.eldigitaldeasturias.com\\\/noticias\\\/wp-content\\\/uploads\\\/2020\\\/12\\\/EDA.jpg\",\"@id\":\"https:\\\/\\\/www.eldigitaldeasturias.com\\\/noticias\\\/record-negativo-de-participacion-electoral-en-irak\\\/#organizationLogo\"},\"image\":{\"@id\":\"https:\\\/\\\/www.eldigitaldeasturias.com\\\/noticias\\\/record-negativo-de-participacion-electoral-en-irak\\\/#organizationLogo\"},\"sameAs\":[\"https:\\\/\\\/facebook.com\\\/eldigitaldeasturias\",\"https:\\\/\\\/www.youtube.com\\\/channel\\\/UCZP-2wLEB9Rv6erhFmqVnvg\"],\"address\":{\"@id\":\"https:\\\/\\\/www.eldigitaldeasturias.com\\\/noticias\\\/#postaladdress\",\"@type\":\"PostalAddress\",\"streetAddress\":\"san antonio 4\",\"postalCode\":\"33430\",\"addressLocality\":\"Cand\\u00e1s\",\"addressRegion\":\"Asturias\",\"addressCountry\":\"ES\"}},{\"@type\":\"Person\",\"@id\":\"https:\\\/\\\/www.eldigitaldeasturias.com\\\/noticias\\\/author\\\/admin\\\/#author\",\"url\":\"https:\\\/\\\/www.eldigitaldeasturias.com\\\/noticias\\\/author\\\/admin\\\/\",\"name\":\"El Digital de Asturias\",\"image\":{\"@type\":\"ImageObject\",\"@id\":\"https:\\\/\\\/www.eldigitaldeasturias.com\\\/noticias\\\/record-negativo-de-participacion-electoral-en-irak\\\/#authorImage\",\"url\":\"https:\\\/\\\/secure.gravatar.com\\\/avatar\\\/df2aeffc32bcd13f8d26072ef8a91b623d677766deac7f97ca815868cd41bf5e?s=96&d=mm&r=g\",\"width\":96,\"height\":96,\"caption\":\"El Digital de Asturias\"}},{\"@type\":\"WebPage\",\"@id\":\"https:\\\/\\\/www.eldigitaldeasturias.com\\\/noticias\\\/record-negativo-de-participacion-electoral-en-irak\\\/#webpage\",\"url\":\"https:\\\/\\\/www.eldigitaldeasturias.com\\\/noticias\\\/record-negativo-de-participacion-electoral-en-irak\\\/\",\"name\":\"R\\u00e9cord negativo de participaci\\u00f3n electoral en Irak - El Digital de Asturias\",\"description\":\"Bagdad, 13 may (dpa) - Las elecciones parlamentarias celebradas el s\\u00e1bado en Irak registraron una participaci\\u00f3n del 44,5 por ciento, la m\\u00e1s baja desde los primeros comicios libres organizados tras la ca\\u00edda del r\\u00e9gimen de Sadam Husein en 2003, seg\\u00fan cifras provisionales proporcionadas hoy por la Comisi\\u00f3n Electoral en Bagdad. Hace cuatro a\\u00f1os, la afluencia\",\"inLanguage\":\"es-ES\",\"isPartOf\":{\"@id\":\"https:\\\/\\\/www.eldigitaldeasturias.com\\\/noticias\\\/#website\"},\"breadcrumb\":{\"@id\":\"https:\\\/\\\/www.eldigitaldeasturias.com\\\/noticias\\\/record-negativo-de-participacion-electoral-en-irak\\\/#breadcrumblist\"},\"author\":{\"@id\":\"https:\\\/\\\/www.eldigitaldeasturias.com\\\/noticias\\\/author\\\/admin\\\/#author\"},\"creator\":{\"@id\":\"https:\\\/\\\/www.eldigitaldeasturias.com\\\/noticias\\\/author\\\/admin\\\/#author\"},\"image\":{\"@type\":\"ImageObject\",\"url\":785345,\"@id\":\"https:\\\/\\\/www.eldigitaldeasturias.com\\\/noticias\\\/record-negativo-de-participacion-electoral-en-irak\\\/#mainImage\"},\"primaryImageOfPage\":{\"@id\":\"https:\\\/\\\/www.eldigitaldeasturias.com\\\/noticias\\\/record-negativo-de-participacion-electoral-en-irak\\\/#mainImage\"},\"datePublished\":\"2018-05-13T22:52:15+02:00\",\"dateModified\":\"2018-05-13T22:52:15+02:00\"},{\"@type\":\"WebSite\",\"@id\":\"https:\\\/\\\/www.eldigitaldeasturias.com\\\/noticias\\\/#website\",\"url\":\"https:\\\/\\\/www.eldigitaldeasturias.com\\\/noticias\\\/\",\"name\":\"El Digital de Asturias - Diario de actualidad y noticias\",\"alternateName\":\"El Digital de Asturias - Diario de actualidad y noticias\",\"description\":\"Hemeroteca\",\"inLanguage\":\"es-ES\",\"publisher\":{\"@id\":\"https:\\\/\\\/www.eldigitaldeasturias.com\\\/noticias\\\/#organization\"}}]}\n\t\t<\/script>\n\t\t<!-- All in One SEO Pro -->\r\n\t\t<title>R\u00e9cord negativo de participaci\u00f3n electoral en Irak - El Digital de Asturias<\/title>\n\n","aioseo_head_json":{"title":"R\u00e9cord negativo de participaci\u00f3n electoral en Irak - El Digital de Asturias","description":"Bagdad, 13 may (dpa) - Las elecciones parlamentarias celebradas el s\u00e1bado en Irak registraron una participaci\u00f3n del 44,5 por ciento, la m\u00e1s baja desde los primeros comicios libres organizados tras la ca\u00edda del r\u00e9gimen de Sadam Husein en 2003, seg\u00fan cifras provisionales proporcionadas hoy por la Comisi\u00f3n Electoral en Bagdad. Hace cuatro a\u00f1os, la afluencia","canonical_url":"https:\/\/www.eldigitaldeasturias.com\/noticias\/record-negativo-de-participacion-electoral-en-irak\/","robots":"max-image-preview:large","keywords":"actualidad","webmasterTools":{"google-site-verification":"UA-38556648-1","msvalidate.01":"7dfe9f3f1b24437ab69f4f2559babe99","miscellaneous":""},"schema":{"@context":"https:\/\/schema.org","@graph":[{"@type":"BlogPosting","@id":"https:\/\/www.eldigitaldeasturias.com\/noticias\/record-negativo-de-participacion-electoral-en-irak\/#blogposting","name":"R\u00e9cord negativo de participaci\u00f3n electoral en Irak - El Digital de Asturias","headline":"R\u00e9cord negativo de participaci\u00f3n electoral en Irak","author":{"@id":"https:\/\/www.eldigitaldeasturias.com\/noticias\/author\/admin\/#author"},"publisher":{"@id":"https:\/\/www.eldigitaldeasturias.com\/noticias\/#organization"},"image":{"@type":"ImageObject","url":785345},"datePublished":"2018-05-13T22:52:15+02:00","dateModified":"2018-05-13T22:52:15+02:00","inLanguage":"es-ES","mainEntityOfPage":{"@id":"https:\/\/www.eldigitaldeasturias.com\/noticias\/record-negativo-de-participacion-electoral-en-irak\/#webpage"},"isPartOf":{"@id":"https:\/\/www.eldigitaldeasturias.com\/noticias\/record-negativo-de-participacion-electoral-en-irak\/#webpage"},"articleSection":"Actualidad"},{"@type":"BreadcrumbList","@id":"https:\/\/www.eldigitaldeasturias.com\/noticias\/record-negativo-de-participacion-electoral-en-irak\/#breadcrumblist","itemListElement":[{"@type":"ListItem","@id":"https:\/\/www.eldigitaldeasturias.com\/noticias#listItem","position":1,"name":"Home","item":"https:\/\/www.eldigitaldeasturias.com\/noticias","nextItem":{"@type":"ListItem","@id":"https:\/\/www.eldigitaldeasturias.com\/noticias\/category\/actualidad\/#listItem","name":"Actualidad"}},{"@type":"ListItem","@id":"https:\/\/www.eldigitaldeasturias.com\/noticias\/category\/actualidad\/#listItem","position":2,"name":"Actualidad","item":"https:\/\/www.eldigitaldeasturias.com\/noticias\/category\/actualidad\/","nextItem":{"@type":"ListItem","@id":"https:\/\/www.eldigitaldeasturias.com\/noticias\/record-negativo-de-participacion-electoral-en-irak\/#listItem","name":"R\u00e9cord negativo de participaci\u00f3n electoral en Irak"},"previousItem":{"@type":"ListItem","@id":"https:\/\/www.eldigitaldeasturias.com\/noticias#listItem","name":"Home"}},{"@type":"ListItem","@id":"https:\/\/www.eldigitaldeasturias.com\/noticias\/record-negativo-de-participacion-electoral-en-irak\/#listItem","position":3,"name":"R\u00e9cord negativo de participaci\u00f3n electoral en Irak","previousItem":{"@type":"ListItem","@id":"https:\/\/www.eldigitaldeasturias.com\/noticias\/category\/actualidad\/#listItem","name":"Actualidad"}}]},{"@type":"Organization","@id":"https:\/\/www.eldigitaldeasturias.com\/noticias\/#organization","name":"El Digital de Asturias","description":"Hemeroteca","url":"https:\/\/www.eldigitaldeasturias.com\/noticias\/","email":"info@eldigitaldeasturias.com","telephone":"+34652131393","logo":{"@type":"ImageObject","url":"https:\/\/www.eldigitaldeasturias.com\/noticias\/wp-content\/uploads\/2020\/12\/EDA.jpg","@id":"https:\/\/www.eldigitaldeasturias.com\/noticias\/record-negativo-de-participacion-electoral-en-irak\/#organizationLogo"},"image":{"@id":"https:\/\/www.eldigitaldeasturias.com\/noticias\/record-negativo-de-participacion-electoral-en-irak\/#organizationLogo"},"sameAs":["https:\/\/facebook.com\/eldigitaldeasturias","https:\/\/www.youtube.com\/channel\/UCZP-2wLEB9Rv6erhFmqVnvg"],"address":{"@id":"https:\/\/www.eldigitaldeasturias.com\/noticias\/#postaladdress","@type":"PostalAddress","streetAddress":"san antonio 4","postalCode":"33430","addressLocality":"Cand\u00e1s","addressRegion":"Asturias","addressCountry":"ES"}},{"@type":"Person","@id":"https:\/\/www.eldigitaldeasturias.com\/noticias\/author\/admin\/#author","url":"https:\/\/www.eldigitaldeasturias.com\/noticias\/author\/admin\/","name":"El Digital de Asturias","image":{"@type":"ImageObject","@id":"https:\/\/www.eldigitaldeasturias.com\/noticias\/record-negativo-de-participacion-electoral-en-irak\/#authorImage","url":"https:\/\/secure.gravatar.com\/avatar\/df2aeffc32bcd13f8d26072ef8a91b623d677766deac7f97ca815868cd41bf5e?s=96&d=mm&r=g","width":96,"height":96,"caption":"El Digital de Asturias"}},{"@type":"WebPage","@id":"https:\/\/www.eldigitaldeasturias.com\/noticias\/record-negativo-de-participacion-electoral-en-irak\/#webpage","url":"https:\/\/www.eldigitaldeasturias.com\/noticias\/record-negativo-de-participacion-electoral-en-irak\/","name":"R\u00e9cord negativo de participaci\u00f3n electoral en Irak - El Digital de Asturias","description":"Bagdad, 13 may (dpa) - Las elecciones parlamentarias celebradas el s\u00e1bado en Irak registraron una participaci\u00f3n del 44,5 por ciento, la m\u00e1s baja desde los primeros comicios libres organizados tras la ca\u00edda del r\u00e9gimen de Sadam Husein en 2003, seg\u00fan cifras provisionales proporcionadas hoy por la Comisi\u00f3n Electoral en Bagdad. Hace cuatro a\u00f1os, la afluencia","inLanguage":"es-ES","isPartOf":{"@id":"https:\/\/www.eldigitaldeasturias.com\/noticias\/#website"},"breadcrumb":{"@id":"https:\/\/www.eldigitaldeasturias.com\/noticias\/record-negativo-de-participacion-electoral-en-irak\/#breadcrumblist"},"author":{"@id":"https:\/\/www.eldigitaldeasturias.com\/noticias\/author\/admin\/#author"},"creator":{"@id":"https:\/\/www.eldigitaldeasturias.com\/noticias\/author\/admin\/#author"},"image":{"@type":"ImageObject","url":785345,"@id":"https:\/\/www.eldigitaldeasturias.com\/noticias\/record-negativo-de-participacion-electoral-en-irak\/#mainImage"},"primaryImageOfPage":{"@id":"https:\/\/www.eldigitaldeasturias.com\/noticias\/record-negativo-de-participacion-electoral-en-irak\/#mainImage"},"datePublished":"2018-05-13T22:52:15+02:00","dateModified":"2018-05-13T22:52:15+02:00"},{"@type":"WebSite","@id":"https:\/\/www.eldigitaldeasturias.com\/noticias\/#website","url":"https:\/\/www.eldigitaldeasturias.com\/noticias\/","name":"El Digital de Asturias - Diario de actualidad y noticias","alternateName":"El Digital de Asturias - Diario de actualidad y noticias","description":"Hemeroteca","inLanguage":"es-ES","publisher":{"@id":"https:\/\/www.eldigitaldeasturias.com\/noticias\/#organization"}}]},"og:locale":"es_ES","og:site_name":"El Digital de Asturias","og:type":"article","og:title":"R\u00e9cord negativo de participaci\u00f3n electoral en Irak - El Digital de Asturias","og:description":"Bagdad, 13 may (dpa) - Las elecciones parlamentarias celebradas el s\u00e1bado en Irak registraron una participaci\u00f3n del 44,5 por ciento, la m\u00e1s baja desde los primeros comicios libres organizados tras la ca\u00edda del r\u00e9gimen de Sadam Husein en 2003, seg\u00fan cifras provisionales proporcionadas hoy por la Comisi\u00f3n Electoral en Bagdad. Hace cuatro a\u00f1os, la afluencia","og:url":"https:\/\/www.eldigitaldeasturias.com\/noticias\/record-negativo-de-participacion-electoral-en-irak\/","article:tag":["actualidad"],"article:published_time":"2018-05-13T22:52:15+00:00","article:modified_time":"2018-05-13T22:52:15+00:00","article:publisher":"https:\/\/facebook.com\/eldigitaldeasturias","twitter:card":"summary_large_image","twitter:title":"R\u00e9cord negativo de participaci\u00f3n electoral en Irak - El Digital de Asturias","twitter:description":"Bagdad, 13 may (dpa) - Las elecciones parlamentarias celebradas el s\u00e1bado en Irak registraron una participaci\u00f3n del 44,5 por ciento, la m\u00e1s baja desde los primeros comicios libres organizados tras la ca\u00edda del r\u00e9gimen de Sadam Husein en 2003, seg\u00fan cifras provisionales proporcionadas hoy por la Comisi\u00f3n Electoral en Bagdad. Hace cuatro a\u00f1os, la afluencia","twitter:image":"https:\/\/www.eldigitaldeasturias.com\/noticias\/wp-content\/uploads\/2020\/12\/EDA-1.jpg","twitter:label1":"Escrito por","twitter:data1":"El Digital de Asturias","twitter:label2":"Tiempo de lectura estimado","twitter:data2":"2 minutos"},"aioseo_meta_data":{"post_id":"980173","title":null,"description":null,"keywords":null,"keyphrases":null,"primary_term":null,"canonical_url":null,"og_title":null,"og_description":null,"og_object_type":"default","og_image_type":"default","og_image_url":null,"og_image_width":null,"og_image_height":null,"og_image_custom_url":null,"og_image_custom_fields":null,"og_video":null,"og_custom_url":null,"og_article_section":null,"og_article_tags":null,"twitter_use_og":false,"twitter_card":"default","twitter_image_type":"default","twitter_image_url":null,"twitter_image_custom_url":null,"twitter_image_custom_fields":null,"twitter_title":null,"twitter_description":null,"schema":{"blockGraphs":[],"customGraphs":[],"default":{"data":{"Article":[],"Course":[],"Dataset":[],"FAQPage":[],"Movie":[],"Person":[],"Product":[],"ProductReview":[],"Car":[],"Recipe":[],"Service":[],"SoftwareApplication":[],"WebPage":[]},"graphName":"","isEnabled":true},"graphs":[],"defaultGraph":"","defaultPostTypeGraph":""},"schema_type":null,"schema_type_options":null,"pillar_content":false,"robots_default":true,"robots_noindex":false,"robots_noarchive":false,"robots_nosnippet":false,"robots_nofollow":false,"robots_noimageindex":false,"robots_noodp":false,"robots_notranslate":false,"robots_max_snippet":null,"robots_max_videopreview":null,"robots_max_imagepreview":"large","priority":null,"frequency":null,"local_seo":null,"seo_analyzer_scan_date":"2025-10-08 16:59:59","breadcrumb_settings":null,"limit_modified_date":false,"open_ai":null,"ai":null,"created":"2020-12-21 11:57:40","updated":"2025-10-08 16:59:59","focus_keyword":null,"additional_keywords":null,"truseo_locale":null},"aioseo_breadcrumb":"<div class=\"aioseo-breadcrumbs\"><span class=\"aioseo-breadcrumb\">\n\t<a href=\"https:\/\/www.eldigitaldeasturias.com\/noticias\" title=\"Home\">Home<\/a>\n<\/span><span class=\"aioseo-breadcrumb-separator\">\u2013<\/span><span class=\"aioseo-breadcrumb\">\n\t<a href=\"https:\/\/www.eldigitaldeasturias.com\/noticias\/category\/actualidad\/\" title=\"Actualidad\">Actualidad<\/a>\n<\/span><span class=\"aioseo-breadcrumb-separator\">\u2013<\/span><span class=\"aioseo-breadcrumb\">\n\t<a href=\"https:\/\/www.eldigitaldeasturias.com\/noticias\/record-negativo-de-participacion-electoral-en-irak\/\" title=\"R\u00e9cord negativo de participaci\u00f3n electoral en Irak\">R\u00e9cord negativo de participaci\u00f3n electoral en Irak<\/a>\n<\/span><\/div>","aioseo_breadcrumb_json":[{"label":"Home","link":"https:\/\/www.eldigitaldeasturias.com\/noticias"},{"label":"Actualidad","link":"https:\/\/www.eldigitaldeasturias.com\/noticias\/category\/actualidad\/"},{"label":"R\u00e9cord negativo de participaci\u00f3n electoral en Irak","link":"https:\/\/www.eldigitaldeasturias.com\/noticias\/record-negativo-de-participacion-electoral-en-irak\/"}],"_links":{"self":[{"href":"https:\/\/www.eldigitaldeasturias.com\/noticias\/wp-json\/wp\/v2\/posts\/980173","targetHints":{"allow":["GET"]}}],"collection":[{"href":"https:\/\/www.eldigitaldeasturias.com\/noticias\/wp-json\/wp\/v2\/posts"}],"about":[{"href":"https:\/\/www.eldigitaldeasturias.com\/noticias\/wp-json\/wp\/v2\/types\/post"}],"author":[{"embeddable":true,"href":"https:\/\/www.eldigitaldeasturias.com\/noticias\/wp-json\/wp\/v2\/users\/1"}],"replies":[{"embeddable":true,"href":"https:\/\/www.eldigitaldeasturias.com\/noticias\/wp-json\/wp\/v2\/comments?post=980173"}],"version-history":[{"count":0,"href":"https:\/\/www.eldigitaldeasturias.com\/noticias\/wp-json\/wp\/v2\/posts\/980173\/revisions"}],"wp:attachment":[{"href":"https:\/\/www.eldigitaldeasturias.com\/noticias\/wp-json\/wp\/v2\/media?parent=980173"}],"wp:term":[{"taxonomy":"category","embeddable":true,"href":"https:\/\/www.eldigitaldeasturias.com\/noticias\/wp-json\/wp\/v2\/categories?post=980173"},{"taxonomy":"post_tag","embeddable":true,"href":"https:\/\/www.eldigitaldeasturias.com\/noticias\/wp-json\/wp\/v2\/tags?post=980173"}],"curies":[{"name":"wp","href":"https:\/\/api.w.org\/{rel}","templated":true}]}}