{"id":980162,"date":"2018-05-13T22:34:36","date_gmt":"2018-05-13T22:34:36","guid":{"rendered":"http:\/\/www.eldigitaldeasturias.com\/noticias\/?p=980162"},"modified":"2018-05-13T22:34:36","modified_gmt":"2018-05-13T22:34:36","slug":"el-ejercito-entra-a-escena-en-el-conflicto-de-nicaragua","status":"publish","type":"post","link":"https:\/\/www.eldigitaldeasturias.com\/noticias\/el-ejercito-entra-a-escena-en-el-conflicto-de-nicaragua\/","title":{"rendered":"El Ej\u00e9rcito entra a escena en el conflicto de Nicaragua"},"content":{"rendered":"<p><img loading=\"lazy\" decoding=\"async\" class=\"alignleft size-medium wp-image-979962\" src=\"https:\/\/www.eldigitaldeasturias.com\/noticias\/wp-content\/uploads\/2018\/05\/flag-2528952_960_720-360x270.jpg\" alt=\"\" width=\"360\" height=\"270\" \/>Managua, 13 may (dpa) \u2013 El Ej\u00e9rcito entr\u00f3 a escena en el convulso escenario pol\u00edtico de Nicaragua, para advertir que sus soldados no reprimir\u00e1n manifestaciones sociales y para respaldar un di\u00e1logo nacional en el que se podr\u00eda plantear el retiro del presidente Daniel Ortega del poder, opinaron hoy analistas en Managua.<\/p>\n<p>La posici\u00f3n de los militares nicarag\u00fcenses, conocidos por su protagonismo en momentos de crisis extremas, fue plasmada en un comunicado emitido la noche del s\u00e1bado por la Comandancia General del Ej\u00e9rcito, en el que asegur\u00f3 que \u201cel di\u00e1logo es la \u00fanica ruta\u201d para resolver este conflicto de gobernabilidad.<\/p>\n<p>\u201cVemos al Ej\u00e9rcito jugando un rol pol\u00edtico y con posibilidad de inclinar la balanza de uno u otro lado\u201d, declar\u00f3 a dpa la soci\u00f3loga Elvira Cuadra, experta en temas de seguridad. \u201cEl enigma se resolver\u00e1 ma\u00f1ana, lunes, cuando deber\u00e1n aclararse las posiciones de todos los actores\u201d en las negociaciones, a\u00f1adi\u00f3.<\/p>\n<p>La Conferencia Episcopal dio a Ortega un plazo que vence al mediod\u00eda del lunes para confirmar su adhesi\u00f3n a un di\u00e1logo que podr\u00eda comenzar esta semana y que ya fue aceptado por la sociedad civil, el sector privado y los universitarios protagonistas de las protestas gubernamentales que comenzaron en abril.<\/p>\n<p>Los estudiantes acusan a Ortega de haberlos \u201creprimido salvajemente\u201d con fuerzas de choque apoyadas por la Polic\u00eda. El Gobierno se declara v\u00edctima de \u201cv\u00e1ndalos de la derecha\u201d y de \u201cun complot financiado desde el exterior\u201d.<\/p>\n<p>Hab\u00edan transcurrido horas de violencia extrema en Masaya, ciudad vecina a la capital, Managua, que dejaron un muerto, m\u00e1s de 30 heridos y varios inmuebles destruidos, cuando un portavoz militar declar\u00f3 a dpa y otras agencias internacionales que no reprimir\u00edan las protestas civiles.<\/p>\n<p>Tras la in\u00e9dita declaraci\u00f3n, que rompi\u00f3 con varias semanas de silencio de las fuerzas armadas, la televisi\u00f3n transmiti\u00f3 un audio con la voz del presidente Ortega pidiendo a dios \u201cfortaleza\u201d y comprometi\u00e9ndose a \u00abponerle fin a la muerte y la destrucci\u00f3n\u00bb.<\/p>\n<p>\u00abEl di\u00e1logo es la \u00fanica ruta que evitar\u00e1 afectaciones irreversibles a nuestro pueblo, a nuestra econom\u00eda, al desarrollo nacional y a nuestra seguridad\u00bb, advirti\u00f3 en su comunicado la Comandancia del Ej\u00e9rcito.<\/p>\n<p>\u201cComo hemos dicho siempre, somos el pueblo mismo uniformado trabajando en su propio beneficio, y consecuentes con esto, hacemos un llamado a detener la violencia y las acciones que nos desestabilizan\u00bb, acot\u00f3.<\/p>\n<p>Para Elvira Cuadra, el posicionamiento de los militares \u201ces una buena se\u00f1al\u201d, aunque se ignora qu\u00e9 rol jugar\u00e1n frente a todas las piezas en el ajedrez del di\u00e1logo. \u201cPor el momento, yo le doy al Ej\u00e9rcito el beneficio de la duda\u201d, expres\u00f3.<\/p>\n<p>Mientras, un ex alto oficial retirado del Ej\u00e9rcito hace seis a\u00f1os consider\u00f3 que, sea cual fuere el resultado del di\u00e1logo, la intervenci\u00f3n castrense \u201cpuede destrabar definitivamente\u201d la crisis que sacude al pa\u00eds y plantear una \u00abtransici\u00f3n post-orteguista\u00bb.<\/p>\n<p>Por su car\u00e1cter apol\u00edtico, apartidista y no deliberante, el Ej\u00e9rcito se ha mantenido como un observador de la rebeli\u00f3n que sacude a Ortega. \u201cSi apoyara al presidente en la represi\u00f3n, causar\u00eda un ba\u00f1o de sangre sin precedentes; si apoyara a los manifestantes, tendr\u00eda que enfrentarse a la Polic\u00eda provocando una fractura del Estado\u201d, razon\u00f3 el ex militar que pidi\u00f3 el anonimato.<\/p>\n<p>Tras el estallido social que sigui\u00f3 a las protestas estudiantiles, sofocadas a sangre y fuego por el Gobierno, el ex general Humberto Ortega, hermano del presidente y que dirigi\u00f3 el ej\u00e9rcito entre 1979 y 1995, declar\u00f3 a la prensa que el Ej\u00e9rcito \u201cno deb\u00eda involucrarse\u201d en el conflicto.<\/p>\n<p>\u201cEsta posici\u00f3n se la transmiti\u00f3 al general (Julio) Avil\u00e9s, m\u00e1ximo jefe del Ej\u00e9rcito, el denominado Consejo de ex jefes militares\u201d, del que forma parte Humberto Ortega y medio centenar de hombres que fueron autoridades en el escalaf\u00f3n castrense, coment\u00f3 la fuente.<\/p>\n<p>El mismo Ortega, que ha criticado en varias ocasiones al Gobierno de su hermano, envi\u00f3 d\u00edas atr\u00e1s una carta al Comando Sur de Estados Unidos, al Departamento de Estado y a los jefes de Defensa de Centroam\u00e9rica, en la que advert\u00eda el peligro de un \u201ccolapso\u201d en el pa\u00eds y la necesidad \u201cde que el Ej\u00e9rcito de Nicaragua siga firme en su car\u00e1cter profesional no partidista y patri\u00f3tico\u201d.<\/p>\n<p>\u201cQue sean los civiles del Gobierno, Iglesia y sociedad quienes en el Di\u00e1logo Nacional den a Nicaragua la soluci\u00f3n para la paz y la plena libertad en democracia sin colapsar nuestro pa\u00eds en el caos, estado fallido y violento, que agravar\u00eda toda nuestra regi\u00f3n\u201d, escribi\u00f3 el ex jefe militar.<\/p>\n<p>\u201cEl Ej\u00e9rcito ha mantenido una posici\u00f3n de no escalar el conflicto, y lo hace con una visi\u00f3n estrat\u00e9gica\u201d que no ponga en riesgo sus propias estructuras y principios en tanto instituci\u00f3n de seguridad nacional\u201d, opin\u00f3 Elvira Cuadra.<\/p>\n<p>Los obispos advirtieron que el di\u00e1logo debe ser \u201cpara revisar el sistema pol\u00edtico de Nicaragua de ra\u00edz\u201d, en aparante coincidencia con la creciente demanda de los estudiantes y la sociedad civil de que en la mesa de negociaciones se establezca la fecha y la manera en que Ortega abandone el Gobierno.<\/p>\n<p>La crisis en Nicaragua comenz\u00f3 el 17 de abril con una protesta de estudiantes contra una reforma al Seguro Social, que aumentaba los aportes de trabajadores y empresas. Aunque fue revocada por Ortega, la situaci\u00f3n deriv\u00f3 en grandes manifestaciones debido a la acci\u00f3n violenta de la Polic\u00eda y de fuerzas de choque oficialistas.<\/p>\n<p><i class=\"lang-es\"><span class=\" readonly\" title=\"\">Por Gabriela Selser (dpa)<\/span><\/i><\/p>\n","protected":false},"excerpt":{"rendered":"<p>Managua, 13 may (dpa) \u2013 El Ej\u00e9rcito entr\u00f3 a escena en el convulso escenario pol\u00edtico de Nicaragua, para advertir que sus soldados no reprimir\u00e1n manifestaciones sociales y para respaldar un di\u00e1logo nacional en el que se podr\u00eda plantear el retiro del presidente Daniel Ortega del poder, opinaron hoy analistas en Managua. La posici\u00f3n de los [&hellip;]<\/p>\n","protected":false},"author":1,"featured_media":979962,"comment_status":"closed","ping_status":"closed","sticky":false,"template":"","format":"standard","meta":{"footnotes":""},"categories":[1],"tags":[],"class_list":["post-980162","post","type-post","status-publish","format-standard","has-post-thumbnail","hentry","category-actualidad"],"aioseo_notices":[],"aioseo_head":"\n\t\t<!-- All in One SEO Pro 5.0.1 - aioseo.com -->\n\t<meta name=\"description\" content=\"Managua, 13 may (dpa) \u2013 El Ej\u00e9rcito entr\u00f3 a escena en el convulso escenario pol\u00edtico de Nicaragua, para advertir que sus soldados no reprimir\u00e1n manifestaciones sociales y para respaldar un di\u00e1logo nacional en el que se podr\u00eda plantear el retiro del presidente Daniel Ortega del poder, opinaron hoy analistas en Managua. La posici\u00f3n de los\" \/>\n\t<meta name=\"robots\" content=\"max-image-preview:large\" \/>\n\t<meta name=\"author\" content=\"El Digital de Asturias\"\/>\n\t<meta name=\"google-site-verification\" content=\"UA-38556648-1\" \/>\n\t<meta name=\"msvalidate.01\" content=\"7dfe9f3f1b24437ab69f4f2559babe99\" \/>\n\t<meta name=\"keywords\" content=\"actualidad\" \/>\n\t<link rel=\"canonical\" href=\"https:\/\/www.eldigitaldeasturias.com\/noticias\/el-ejercito-entra-a-escena-en-el-conflicto-de-nicaragua\/\" \/>\n\t<meta name=\"generator\" content=\"All in One SEO Pro (AIOSEO) 5.0.1\" \/>\n\t\t<meta property=\"og:locale\" content=\"es_ES\" \/>\n\t\t<meta property=\"og:site_name\" content=\"El Digital de Asturias\" \/>\n\t\t<meta property=\"og:type\" content=\"article\" \/>\n\t\t<meta property=\"og:title\" content=\"El Ej\u00e9rcito entra a escena en el conflicto de Nicaragua - El Digital de Asturias\" \/>\n\t\t<meta property=\"og:description\" content=\"Managua, 13 may (dpa) \u2013 El Ej\u00e9rcito entr\u00f3 a escena en el convulso escenario pol\u00edtico de Nicaragua, para advertir que sus soldados no reprimir\u00e1n manifestaciones sociales y para respaldar un di\u00e1logo nacional en el que se podr\u00eda plantear el retiro del presidente Daniel Ortega del poder, opinaron hoy analistas en Managua. La posici\u00f3n de los\" \/>\n\t\t<meta property=\"og:url\" content=\"https:\/\/www.eldigitaldeasturias.com\/noticias\/el-ejercito-entra-a-escena-en-el-conflicto-de-nicaragua\/\" \/>\n\t\t<meta property=\"article:tag\" content=\"actualidad\" \/>\n\t\t<meta property=\"article:published_time\" content=\"2018-05-13T22:34:36+00:00\" \/>\n\t\t<meta property=\"article:modified_time\" content=\"2018-05-13T22:34:36+00:00\" \/>\n\t\t<meta property=\"article:publisher\" content=\"https:\/\/facebook.com\/eldigitaldeasturias\" \/>\n\t\t<meta name=\"twitter:card\" content=\"summary_large_image\" \/>\n\t\t<meta name=\"twitter:title\" content=\"El Ej\u00e9rcito entra a escena en el conflicto de Nicaragua - El Digital de Asturias\" \/>\n\t\t<meta name=\"twitter:description\" content=\"Managua, 13 may (dpa) \u2013 El Ej\u00e9rcito entr\u00f3 a escena en el convulso escenario pol\u00edtico de Nicaragua, para advertir que sus soldados no reprimir\u00e1n manifestaciones sociales y para respaldar un di\u00e1logo nacional en el que se podr\u00eda plantear el retiro del presidente Daniel Ortega del poder, opinaron hoy analistas en Managua. La posici\u00f3n de los\" \/>\n\t\t<meta name=\"twitter:image\" content=\"https:\/\/www.eldigitaldeasturias.com\/noticias\/wp-content\/uploads\/2020\/12\/EDA-1.jpg\" \/>\n\t\t<meta name=\"twitter:label1\" content=\"Escrito por\" \/>\n\t\t<meta name=\"twitter:data1\" content=\"El Digital de Asturias\" \/>\n\t\t<meta name=\"twitter:label2\" content=\"Tiempo de lectura estimado\" \/>\n\t\t<meta name=\"twitter:data2\" content=\"5 minutos\" \/>\n\t\t<script type=\"application\/ld+json\" class=\"aioseo-schema\">\n\t\t\t{\"@context\":\"https:\\\/\\\/schema.org\",\"@graph\":[{\"@type\":\"BlogPosting\",\"@id\":\"https:\\\/\\\/www.eldigitaldeasturias.com\\\/noticias\\\/el-ejercito-entra-a-escena-en-el-conflicto-de-nicaragua\\\/#blogposting\",\"name\":\"El Ej\\u00e9rcito entra a escena en el conflicto de Nicaragua - El Digital de Asturias\",\"headline\":\"El Ej\\u00e9rcito entra a escena en el conflicto de Nicaragua\",\"author\":{\"@id\":\"https:\\\/\\\/www.eldigitaldeasturias.com\\\/noticias\\\/author\\\/admin\\\/#author\"},\"publisher\":{\"@id\":\"https:\\\/\\\/www.eldigitaldeasturias.com\\\/noticias\\\/#organization\"},\"image\":{\"@type\":\"ImageObject\",\"url\":979962},\"datePublished\":\"2018-05-13T22:34:36+02:00\",\"dateModified\":\"2018-05-13T22:34:36+02:00\",\"inLanguage\":\"es-ES\",\"mainEntityOfPage\":{\"@id\":\"https:\\\/\\\/www.eldigitaldeasturias.com\\\/noticias\\\/el-ejercito-entra-a-escena-en-el-conflicto-de-nicaragua\\\/#webpage\"},\"isPartOf\":{\"@id\":\"https:\\\/\\\/www.eldigitaldeasturias.com\\\/noticias\\\/el-ejercito-entra-a-escena-en-el-conflicto-de-nicaragua\\\/#webpage\"},\"articleSection\":\"Actualidad\"},{\"@type\":\"BreadcrumbList\",\"@id\":\"https:\\\/\\\/www.eldigitaldeasturias.com\\\/noticias\\\/el-ejercito-entra-a-escena-en-el-conflicto-de-nicaragua\\\/#breadcrumblist\",\"itemListElement\":[{\"@type\":\"ListItem\",\"@id\":\"https:\\\/\\\/www.eldigitaldeasturias.com\\\/noticias#listItem\",\"position\":1,\"name\":\"Home\",\"item\":\"https:\\\/\\\/www.eldigitaldeasturias.com\\\/noticias\",\"nextItem\":{\"@type\":\"ListItem\",\"@id\":\"https:\\\/\\\/www.eldigitaldeasturias.com\\\/noticias\\\/category\\\/actualidad\\\/#listItem\",\"name\":\"Actualidad\"}},{\"@type\":\"ListItem\",\"@id\":\"https:\\\/\\\/www.eldigitaldeasturias.com\\\/noticias\\\/category\\\/actualidad\\\/#listItem\",\"position\":2,\"name\":\"Actualidad\",\"item\":\"https:\\\/\\\/www.eldigitaldeasturias.com\\\/noticias\\\/category\\\/actualidad\\\/\",\"nextItem\":{\"@type\":\"ListItem\",\"@id\":\"https:\\\/\\\/www.eldigitaldeasturias.com\\\/noticias\\\/el-ejercito-entra-a-escena-en-el-conflicto-de-nicaragua\\\/#listItem\",\"name\":\"El Ej\\u00e9rcito entra a escena en el conflicto de Nicaragua\"},\"previousItem\":{\"@type\":\"ListItem\",\"@id\":\"https:\\\/\\\/www.eldigitaldeasturias.com\\\/noticias#listItem\",\"name\":\"Home\"}},{\"@type\":\"ListItem\",\"@id\":\"https:\\\/\\\/www.eldigitaldeasturias.com\\\/noticias\\\/el-ejercito-entra-a-escena-en-el-conflicto-de-nicaragua\\\/#listItem\",\"position\":3,\"name\":\"El Ej\\u00e9rcito entra a escena en el conflicto de Nicaragua\",\"previousItem\":{\"@type\":\"ListItem\",\"@id\":\"https:\\\/\\\/www.eldigitaldeasturias.com\\\/noticias\\\/category\\\/actualidad\\\/#listItem\",\"name\":\"Actualidad\"}}]},{\"@type\":\"Organization\",\"@id\":\"https:\\\/\\\/www.eldigitaldeasturias.com\\\/noticias\\\/#organization\",\"name\":\"El Digital de Asturias\",\"description\":\"Hemeroteca\",\"url\":\"https:\\\/\\\/www.eldigitaldeasturias.com\\\/noticias\\\/\",\"email\":\"info@eldigitaldeasturias.com\",\"telephone\":\"+34652131393\",\"logo\":{\"@type\":\"ImageObject\",\"url\":\"https:\\\/\\\/www.eldigitaldeasturias.com\\\/noticias\\\/wp-content\\\/uploads\\\/2020\\\/12\\\/EDA.jpg\",\"@id\":\"https:\\\/\\\/www.eldigitaldeasturias.com\\\/noticias\\\/el-ejercito-entra-a-escena-en-el-conflicto-de-nicaragua\\\/#organizationLogo\"},\"image\":{\"@id\":\"https:\\\/\\\/www.eldigitaldeasturias.com\\\/noticias\\\/el-ejercito-entra-a-escena-en-el-conflicto-de-nicaragua\\\/#organizationLogo\"},\"sameAs\":[\"https:\\\/\\\/facebook.com\\\/eldigitaldeasturias\",\"https:\\\/\\\/www.youtube.com\\\/channel\\\/UCZP-2wLEB9Rv6erhFmqVnvg\"],\"address\":{\"@id\":\"https:\\\/\\\/www.eldigitaldeasturias.com\\\/noticias\\\/#postaladdress\",\"@type\":\"PostalAddress\",\"streetAddress\":\"san antonio 4\",\"postalCode\":\"33430\",\"addressLocality\":\"Cand\\u00e1s\",\"addressRegion\":\"Asturias\",\"addressCountry\":\"ES\"}},{\"@type\":\"Person\",\"@id\":\"https:\\\/\\\/www.eldigitaldeasturias.com\\\/noticias\\\/author\\\/admin\\\/#author\",\"url\":\"https:\\\/\\\/www.eldigitaldeasturias.com\\\/noticias\\\/author\\\/admin\\\/\",\"name\":\"El Digital de Asturias\",\"image\":{\"@type\":\"ImageObject\",\"@id\":\"https:\\\/\\\/www.eldigitaldeasturias.com\\\/noticias\\\/el-ejercito-entra-a-escena-en-el-conflicto-de-nicaragua\\\/#authorImage\",\"url\":\"https:\\\/\\\/secure.gravatar.com\\\/avatar\\\/df2aeffc32bcd13f8d26072ef8a91b623d677766deac7f97ca815868cd41bf5e?s=96&d=mm&r=g\",\"width\":96,\"height\":96,\"caption\":\"El Digital de Asturias\"}},{\"@type\":\"WebPage\",\"@id\":\"https:\\\/\\\/www.eldigitaldeasturias.com\\\/noticias\\\/el-ejercito-entra-a-escena-en-el-conflicto-de-nicaragua\\\/#webpage\",\"url\":\"https:\\\/\\\/www.eldigitaldeasturias.com\\\/noticias\\\/el-ejercito-entra-a-escena-en-el-conflicto-de-nicaragua\\\/\",\"name\":\"El Ej\\u00e9rcito entra a escena en el conflicto de Nicaragua - El Digital de Asturias\",\"description\":\"Managua, 13 may (dpa) \\u2013 El Ej\\u00e9rcito entr\\u00f3 a escena en el convulso escenario pol\\u00edtico de Nicaragua, para advertir que sus soldados no reprimir\\u00e1n manifestaciones sociales y para respaldar un di\\u00e1logo nacional en el que se podr\\u00eda plantear el retiro del presidente Daniel Ortega del poder, opinaron hoy analistas en Managua. La posici\\u00f3n de los\",\"inLanguage\":\"es-ES\",\"isPartOf\":{\"@id\":\"https:\\\/\\\/www.eldigitaldeasturias.com\\\/noticias\\\/#website\"},\"breadcrumb\":{\"@id\":\"https:\\\/\\\/www.eldigitaldeasturias.com\\\/noticias\\\/el-ejercito-entra-a-escena-en-el-conflicto-de-nicaragua\\\/#breadcrumblist\"},\"author\":{\"@id\":\"https:\\\/\\\/www.eldigitaldeasturias.com\\\/noticias\\\/author\\\/admin\\\/#author\"},\"creator\":{\"@id\":\"https:\\\/\\\/www.eldigitaldeasturias.com\\\/noticias\\\/author\\\/admin\\\/#author\"},\"image\":{\"@type\":\"ImageObject\",\"url\":979962,\"@id\":\"https:\\\/\\\/www.eldigitaldeasturias.com\\\/noticias\\\/el-ejercito-entra-a-escena-en-el-conflicto-de-nicaragua\\\/#mainImage\"},\"primaryImageOfPage\":{\"@id\":\"https:\\\/\\\/www.eldigitaldeasturias.com\\\/noticias\\\/el-ejercito-entra-a-escena-en-el-conflicto-de-nicaragua\\\/#mainImage\"},\"datePublished\":\"2018-05-13T22:34:36+02:00\",\"dateModified\":\"2018-05-13T22:34:36+02:00\"},{\"@type\":\"WebSite\",\"@id\":\"https:\\\/\\\/www.eldigitaldeasturias.com\\\/noticias\\\/#website\",\"url\":\"https:\\\/\\\/www.eldigitaldeasturias.com\\\/noticias\\\/\",\"name\":\"El Digital de Asturias - Diario de actualidad y noticias\",\"alternateName\":\"El Digital de Asturias - Diario de actualidad y noticias\",\"description\":\"Hemeroteca\",\"inLanguage\":\"es-ES\",\"publisher\":{\"@id\":\"https:\\\/\\\/www.eldigitaldeasturias.com\\\/noticias\\\/#organization\"}}]}\n\t\t<\/script>\n\t\t<!-- All in One SEO Pro -->\r\n\t\t<title>El Ej\u00e9rcito entra a escena en el conflicto de Nicaragua - El Digital de Asturias<\/title>\n\n","aioseo_head_json":{"title":"El Ej\u00e9rcito entra a escena en el conflicto de Nicaragua - El Digital de Asturias","description":"Managua, 13 may (dpa) \u2013 El Ej\u00e9rcito entr\u00f3 a escena en el convulso escenario pol\u00edtico de Nicaragua, para advertir que sus soldados no reprimir\u00e1n manifestaciones sociales y para respaldar un di\u00e1logo nacional en el que se podr\u00eda plantear el retiro del presidente Daniel Ortega del poder, opinaron hoy analistas en Managua. La posici\u00f3n de los","canonical_url":"https:\/\/www.eldigitaldeasturias.com\/noticias\/el-ejercito-entra-a-escena-en-el-conflicto-de-nicaragua\/","robots":"max-image-preview:large","keywords":"actualidad","webmasterTools":{"google-site-verification":"UA-38556648-1","msvalidate.01":"7dfe9f3f1b24437ab69f4f2559babe99","miscellaneous":""},"schema":{"@context":"https:\/\/schema.org","@graph":[{"@type":"BlogPosting","@id":"https:\/\/www.eldigitaldeasturias.com\/noticias\/el-ejercito-entra-a-escena-en-el-conflicto-de-nicaragua\/#blogposting","name":"El Ej\u00e9rcito entra a escena en el conflicto de Nicaragua - El Digital de Asturias","headline":"El Ej\u00e9rcito entra a escena en el conflicto de Nicaragua","author":{"@id":"https:\/\/www.eldigitaldeasturias.com\/noticias\/author\/admin\/#author"},"publisher":{"@id":"https:\/\/www.eldigitaldeasturias.com\/noticias\/#organization"},"image":{"@type":"ImageObject","url":979962},"datePublished":"2018-05-13T22:34:36+02:00","dateModified":"2018-05-13T22:34:36+02:00","inLanguage":"es-ES","mainEntityOfPage":{"@id":"https:\/\/www.eldigitaldeasturias.com\/noticias\/el-ejercito-entra-a-escena-en-el-conflicto-de-nicaragua\/#webpage"},"isPartOf":{"@id":"https:\/\/www.eldigitaldeasturias.com\/noticias\/el-ejercito-entra-a-escena-en-el-conflicto-de-nicaragua\/#webpage"},"articleSection":"Actualidad"},{"@type":"BreadcrumbList","@id":"https:\/\/www.eldigitaldeasturias.com\/noticias\/el-ejercito-entra-a-escena-en-el-conflicto-de-nicaragua\/#breadcrumblist","itemListElement":[{"@type":"ListItem","@id":"https:\/\/www.eldigitaldeasturias.com\/noticias#listItem","position":1,"name":"Home","item":"https:\/\/www.eldigitaldeasturias.com\/noticias","nextItem":{"@type":"ListItem","@id":"https:\/\/www.eldigitaldeasturias.com\/noticias\/category\/actualidad\/#listItem","name":"Actualidad"}},{"@type":"ListItem","@id":"https:\/\/www.eldigitaldeasturias.com\/noticias\/category\/actualidad\/#listItem","position":2,"name":"Actualidad","item":"https:\/\/www.eldigitaldeasturias.com\/noticias\/category\/actualidad\/","nextItem":{"@type":"ListItem","@id":"https:\/\/www.eldigitaldeasturias.com\/noticias\/el-ejercito-entra-a-escena-en-el-conflicto-de-nicaragua\/#listItem","name":"El Ej\u00e9rcito entra a escena en el conflicto de Nicaragua"},"previousItem":{"@type":"ListItem","@id":"https:\/\/www.eldigitaldeasturias.com\/noticias#listItem","name":"Home"}},{"@type":"ListItem","@id":"https:\/\/www.eldigitaldeasturias.com\/noticias\/el-ejercito-entra-a-escena-en-el-conflicto-de-nicaragua\/#listItem","position":3,"name":"El Ej\u00e9rcito entra a escena en el conflicto de Nicaragua","previousItem":{"@type":"ListItem","@id":"https:\/\/www.eldigitaldeasturias.com\/noticias\/category\/actualidad\/#listItem","name":"Actualidad"}}]},{"@type":"Organization","@id":"https:\/\/www.eldigitaldeasturias.com\/noticias\/#organization","name":"El Digital de Asturias","description":"Hemeroteca","url":"https:\/\/www.eldigitaldeasturias.com\/noticias\/","email":"info@eldigitaldeasturias.com","telephone":"+34652131393","logo":{"@type":"ImageObject","url":"https:\/\/www.eldigitaldeasturias.com\/noticias\/wp-content\/uploads\/2020\/12\/EDA.jpg","@id":"https:\/\/www.eldigitaldeasturias.com\/noticias\/el-ejercito-entra-a-escena-en-el-conflicto-de-nicaragua\/#organizationLogo"},"image":{"@id":"https:\/\/www.eldigitaldeasturias.com\/noticias\/el-ejercito-entra-a-escena-en-el-conflicto-de-nicaragua\/#organizationLogo"},"sameAs":["https:\/\/facebook.com\/eldigitaldeasturias","https:\/\/www.youtube.com\/channel\/UCZP-2wLEB9Rv6erhFmqVnvg"],"address":{"@id":"https:\/\/www.eldigitaldeasturias.com\/noticias\/#postaladdress","@type":"PostalAddress","streetAddress":"san antonio 4","postalCode":"33430","addressLocality":"Cand\u00e1s","addressRegion":"Asturias","addressCountry":"ES"}},{"@type":"Person","@id":"https:\/\/www.eldigitaldeasturias.com\/noticias\/author\/admin\/#author","url":"https:\/\/www.eldigitaldeasturias.com\/noticias\/author\/admin\/","name":"El Digital de Asturias","image":{"@type":"ImageObject","@id":"https:\/\/www.eldigitaldeasturias.com\/noticias\/el-ejercito-entra-a-escena-en-el-conflicto-de-nicaragua\/#authorImage","url":"https:\/\/secure.gravatar.com\/avatar\/df2aeffc32bcd13f8d26072ef8a91b623d677766deac7f97ca815868cd41bf5e?s=96&d=mm&r=g","width":96,"height":96,"caption":"El Digital de Asturias"}},{"@type":"WebPage","@id":"https:\/\/www.eldigitaldeasturias.com\/noticias\/el-ejercito-entra-a-escena-en-el-conflicto-de-nicaragua\/#webpage","url":"https:\/\/www.eldigitaldeasturias.com\/noticias\/el-ejercito-entra-a-escena-en-el-conflicto-de-nicaragua\/","name":"El Ej\u00e9rcito entra a escena en el conflicto de Nicaragua - El Digital de Asturias","description":"Managua, 13 may (dpa) \u2013 El Ej\u00e9rcito entr\u00f3 a escena en el convulso escenario pol\u00edtico de Nicaragua, para advertir que sus soldados no reprimir\u00e1n manifestaciones sociales y para respaldar un di\u00e1logo nacional en el que se podr\u00eda plantear el retiro del presidente Daniel Ortega del poder, opinaron hoy analistas en Managua. La posici\u00f3n de los","inLanguage":"es-ES","isPartOf":{"@id":"https:\/\/www.eldigitaldeasturias.com\/noticias\/#website"},"breadcrumb":{"@id":"https:\/\/www.eldigitaldeasturias.com\/noticias\/el-ejercito-entra-a-escena-en-el-conflicto-de-nicaragua\/#breadcrumblist"},"author":{"@id":"https:\/\/www.eldigitaldeasturias.com\/noticias\/author\/admin\/#author"},"creator":{"@id":"https:\/\/www.eldigitaldeasturias.com\/noticias\/author\/admin\/#author"},"image":{"@type":"ImageObject","url":979962,"@id":"https:\/\/www.eldigitaldeasturias.com\/noticias\/el-ejercito-entra-a-escena-en-el-conflicto-de-nicaragua\/#mainImage"},"primaryImageOfPage":{"@id":"https:\/\/www.eldigitaldeasturias.com\/noticias\/el-ejercito-entra-a-escena-en-el-conflicto-de-nicaragua\/#mainImage"},"datePublished":"2018-05-13T22:34:36+02:00","dateModified":"2018-05-13T22:34:36+02:00"},{"@type":"WebSite","@id":"https:\/\/www.eldigitaldeasturias.com\/noticias\/#website","url":"https:\/\/www.eldigitaldeasturias.com\/noticias\/","name":"El Digital de Asturias - Diario de actualidad y noticias","alternateName":"El Digital de Asturias - Diario de actualidad y noticias","description":"Hemeroteca","inLanguage":"es-ES","publisher":{"@id":"https:\/\/www.eldigitaldeasturias.com\/noticias\/#organization"}}]},"og:locale":"es_ES","og:site_name":"El Digital de Asturias","og:type":"article","og:title":"El Ej\u00e9rcito entra a escena en el conflicto de Nicaragua - El Digital de Asturias","og:description":"Managua, 13 may (dpa) \u2013 El Ej\u00e9rcito entr\u00f3 a escena en el convulso escenario pol\u00edtico de Nicaragua, para advertir que sus soldados no reprimir\u00e1n manifestaciones sociales y para respaldar un di\u00e1logo nacional en el que se podr\u00eda plantear el retiro del presidente Daniel Ortega del poder, opinaron hoy analistas en Managua. La posici\u00f3n de los","og:url":"https:\/\/www.eldigitaldeasturias.com\/noticias\/el-ejercito-entra-a-escena-en-el-conflicto-de-nicaragua\/","article:tag":["actualidad"],"article:published_time":"2018-05-13T22:34:36+00:00","article:modified_time":"2018-05-13T22:34:36+00:00","article:publisher":"https:\/\/facebook.com\/eldigitaldeasturias","twitter:card":"summary_large_image","twitter:title":"El Ej\u00e9rcito entra a escena en el conflicto de Nicaragua - El Digital de Asturias","twitter:description":"Managua, 13 may (dpa) \u2013 El Ej\u00e9rcito entr\u00f3 a escena en el convulso escenario pol\u00edtico de Nicaragua, para advertir que sus soldados no reprimir\u00e1n manifestaciones sociales y para respaldar un di\u00e1logo nacional en el que se podr\u00eda plantear el retiro del presidente Daniel Ortega del poder, opinaron hoy analistas en Managua. La posici\u00f3n de los","twitter:image":"https:\/\/www.eldigitaldeasturias.com\/noticias\/wp-content\/uploads\/2020\/12\/EDA-1.jpg","twitter:label1":"Escrito por","twitter:data1":"El Digital de Asturias","twitter:label2":"Tiempo de lectura estimado","twitter:data2":"5 minutos"},"aioseo_meta_data":{"post_id":"980162","title":null,"description":null,"keywords":null,"keyphrases":null,"primary_term":null,"canonical_url":null,"og_title":null,"og_description":null,"og_object_type":"default","og_image_type":"default","og_image_url":null,"og_image_width":null,"og_image_height":null,"og_image_custom_url":null,"og_image_custom_fields":null,"og_video":null,"og_custom_url":null,"og_article_section":null,"og_article_tags":null,"twitter_use_og":false,"twitter_card":"default","twitter_image_type":"default","twitter_image_url":null,"twitter_image_custom_url":null,"twitter_image_custom_fields":null,"twitter_title":null,"twitter_description":null,"schema":{"blockGraphs":[],"customGraphs":[],"default":{"data":{"Article":[],"Course":[],"Dataset":[],"FAQPage":[],"Movie":[],"Person":[],"Product":[],"ProductReview":[],"Car":[],"Recipe":[],"Service":[],"SoftwareApplication":[],"WebPage":[]},"graphName":"","isEnabled":true},"graphs":[],"defaultGraph":"","defaultPostTypeGraph":""},"schema_type":null,"schema_type_options":null,"pillar_content":false,"robots_default":true,"robots_noindex":false,"robots_noarchive":false,"robots_nosnippet":false,"robots_nofollow":false,"robots_noimageindex":false,"robots_noodp":false,"robots_notranslate":false,"robots_max_snippet":null,"robots_max_videopreview":null,"robots_max_imagepreview":"large","priority":null,"frequency":null,"local_seo":null,"seo_analyzer_scan_date":"2025-10-08 16:58:02","breadcrumb_settings":null,"limit_modified_date":false,"open_ai":null,"ai":null,"created":"2020-12-21 11:57:40","updated":"2025-10-08 16:58:02","focus_keyword":null,"additional_keywords":null,"truseo_locale":null},"aioseo_breadcrumb":"<div class=\"aioseo-breadcrumbs\"><span class=\"aioseo-breadcrumb\">\n\t<a href=\"https:\/\/www.eldigitaldeasturias.com\/noticias\" title=\"Home\">Home<\/a>\n<\/span><span class=\"aioseo-breadcrumb-separator\">\u2013<\/span><span class=\"aioseo-breadcrumb\">\n\t<a href=\"https:\/\/www.eldigitaldeasturias.com\/noticias\/category\/actualidad\/\" title=\"Actualidad\">Actualidad<\/a>\n<\/span><span class=\"aioseo-breadcrumb-separator\">\u2013<\/span><span class=\"aioseo-breadcrumb\">\n\t<a href=\"https:\/\/www.eldigitaldeasturias.com\/noticias\/el-ejercito-entra-a-escena-en-el-conflicto-de-nicaragua\/\" title=\"El Ej\u00e9rcito entra a escena en el conflicto de Nicaragua\">El Ej\u00e9rcito entra a escena en el conflicto de Nicaragua<\/a>\n<\/span><\/div>","aioseo_breadcrumb_json":[{"label":"Home","link":"https:\/\/www.eldigitaldeasturias.com\/noticias"},{"label":"Actualidad","link":"https:\/\/www.eldigitaldeasturias.com\/noticias\/category\/actualidad\/"},{"label":"El Ej\u00e9rcito entra a escena en el conflicto de Nicaragua","link":"https:\/\/www.eldigitaldeasturias.com\/noticias\/el-ejercito-entra-a-escena-en-el-conflicto-de-nicaragua\/"}],"_links":{"self":[{"href":"https:\/\/www.eldigitaldeasturias.com\/noticias\/wp-json\/wp\/v2\/posts\/980162","targetHints":{"allow":["GET"]}}],"collection":[{"href":"https:\/\/www.eldigitaldeasturias.com\/noticias\/wp-json\/wp\/v2\/posts"}],"about":[{"href":"https:\/\/www.eldigitaldeasturias.com\/noticias\/wp-json\/wp\/v2\/types\/post"}],"author":[{"embeddable":true,"href":"https:\/\/www.eldigitaldeasturias.com\/noticias\/wp-json\/wp\/v2\/users\/1"}],"replies":[{"embeddable":true,"href":"https:\/\/www.eldigitaldeasturias.com\/noticias\/wp-json\/wp\/v2\/comments?post=980162"}],"version-history":[{"count":0,"href":"https:\/\/www.eldigitaldeasturias.com\/noticias\/wp-json\/wp\/v2\/posts\/980162\/revisions"}],"wp:attachment":[{"href":"https:\/\/www.eldigitaldeasturias.com\/noticias\/wp-json\/wp\/v2\/media?parent=980162"}],"wp:term":[{"taxonomy":"category","embeddable":true,"href":"https:\/\/www.eldigitaldeasturias.com\/noticias\/wp-json\/wp\/v2\/categories?post=980162"},{"taxonomy":"post_tag","embeddable":true,"href":"https:\/\/www.eldigitaldeasturias.com\/noticias\/wp-json\/wp\/v2\/tags?post=980162"}],"curies":[{"name":"wp","href":"https:\/\/api.w.org\/{rel}","templated":true}]}}