{"id":980160,"date":"2018-05-13T22:31:09","date_gmt":"2018-05-13T22:31:09","guid":{"rendered":"http:\/\/www.eldigitaldeasturias.com\/noticias\/?p=980160"},"modified":"2018-05-13T22:31:09","modified_gmt":"2018-05-13T22:31:09","slug":"cuestionan-la-politica-antiterrorista-del-gobierno-frances","status":"publish","type":"post","link":"https:\/\/www.eldigitaldeasturias.com\/noticias\/cuestionan-la-politica-antiterrorista-del-gobierno-frances\/","title":{"rendered":"Cuestionan la pol\u00edtica antiterrorista del gobierno franc\u00e9s"},"content":{"rendered":"<p><img loading=\"lazy\" decoding=\"async\" class=\"alignleft size-medium wp-image-653067\" src=\"https:\/\/www.eldigitaldeasturias.com\/noticias\/wp-content\/uploads\/2014\/10\/6773324w-360x250.jpg\" alt=\"\" width=\"360\" height=\"250\" \/>Par\u00eds, 13 may (dpa) &#8211; El Gobierno franc\u00e9s fue cuestionado hoy por la oposici\u00f3n luego de que se supiera que el hombre que mat\u00f3 a una persona e hiri\u00f3 a cuatro en un presunto ataque terrorista la noche del s\u00e1bado en el centro de Par\u00eds estaba en la lista de personas vigiladas por la Polic\u00eda, conocida como \u00abS file\u00bb.<\/p>\n<p>\u00ab\u00bfQu\u00e9 sentido tiene esta lista S si no la utilizamos para garantizar que esas bombas de tiempo no hagan da\u00f1o en suelo franc\u00e9s?\u00bb, escribi\u00f3 en Twitter la l\u00edder del ultraderechista Frente Nacional, Marien Le Pen.<\/p>\n<p>Los investigadores detuvieron esta ma\u00f1ana a los padres del joven nacido en 1997 en la rep\u00fablica norcauc\u00e1sica rusa, que fue abatido por la polic\u00eda la noche del s\u00e1bado despu\u00e9s de acuchillar a los transe\u00fantes cerca de la \u00f3pera de la capital francesa y matar a una persona de 29 a\u00f1os.<\/p>\n<p>La milicia terrorista Estado Isl\u00e1mico (EI) se atribuy\u00f3 el ataque, seg\u00fan su \u00f3rgano de propaganda Amaq. Las autoridades francesas no han confirmado a\u00fan la implicaci\u00f3n de la milicia pero est\u00e1n tratando el suceso como un ataque terrorista.<\/p>\n<p>En las redes circul\u00f3 hoy un video que supuestamente muestra al joven checheno prometiendo lealtad al l\u00edder del EI Abud Bakr al Baghdadi. Usando una m\u00e1scara que le cubre gran parte del rostro, el joven llama a sus \u00abhermanos mujaidines (guerreros isl\u00e1micos) a \u00abmantenerse fuertes, porque la victoria est\u00e1 cerca\u00bb.<\/p>\n<p>Dpa no pudo verificar la autenticidad del video, que aparentemente fue publicado por Amaq.<\/p>\n<p>De todas formas, el solo hecho de que el sospechoso fuera conocido por las fuerzas de seguridad y estuviera en una lista de personas radicalizadas ech\u00f3 m\u00e1s le\u00f1a al fuego a la situaci\u00f3n.<\/p>\n<p>El pasado marzo, otro hombre que se encontraba en esa lista mat\u00f3 a cuatro personas en una serie de ataques en el sur del pa\u00eds. Entonces, el primer ministro, Edouard Philippe, rechaz\u00f3 cr\u00edticas similares de la oposici\u00f3n de extrema derecha, alegando que la lista era una herramienta de inteligencia pero no supon\u00eda que existieran pruebas concretas contra los que estaban en ella.<\/p>\n<p>En Francia m\u00e1s de 240 personas han muerto en ataques terrorista reivindicados en su mayor\u00eda por el EI. La milicia ha llamado reiteradamente a sus seguidores a atacar a civiles en Francia y otros pa\u00edses implicados en la coalici\u00f3n internacional que lucha contra la organizaci\u00f3n en Siria e Irak.<\/p>\n<p>Seg\u00fan dijo Philippe tras el ataque de marzo, las fuerzas de seguridad francesas han frustrado 51 atentados desde comienzos de 2015, mientras otros 17 ataques fallaron. Sin embargo otros 11 se saldaron con muertes.<\/p>\n<p>&nbsp;<\/p>\n","protected":false},"excerpt":{"rendered":"<p>Par\u00eds, 13 may (dpa) &#8211; El Gobierno franc\u00e9s fue cuestionado hoy por la oposici\u00f3n luego de que se supiera que el hombre que mat\u00f3 a una persona e hiri\u00f3 a cuatro en un presunto ataque terrorista la noche del s\u00e1bado en el centro de Par\u00eds estaba en la lista de personas vigiladas por la Polic\u00eda, [&hellip;]<\/p>\n","protected":false},"author":1,"featured_media":653067,"comment_status":"closed","ping_status":"closed","sticky":false,"template":"","format":"standard","meta":{"footnotes":""},"categories":[1],"tags":[],"class_list":["post-980160","post","type-post","status-publish","format-standard","has-post-thumbnail","hentry","category-actualidad"],"aioseo_notices":[],"aioseo_head":"\n\t\t<!-- All in One SEO Pro 5.0.1 - aioseo.com -->\n\t<meta name=\"description\" content=\"Par\u00eds, 13 may (dpa) - El Gobierno franc\u00e9s fue cuestionado hoy por la oposici\u00f3n luego de que se supiera que el hombre que mat\u00f3 a una persona e hiri\u00f3 a cuatro en un presunto ataque terrorista la noche del s\u00e1bado en el centro de Par\u00eds estaba en la lista de personas vigiladas por la Polic\u00eda,\" \/>\n\t<meta name=\"robots\" content=\"max-image-preview:large\" \/>\n\t<meta name=\"author\" content=\"El Digital de Asturias\"\/>\n\t<meta name=\"google-site-verification\" content=\"UA-38556648-1\" \/>\n\t<meta name=\"msvalidate.01\" content=\"7dfe9f3f1b24437ab69f4f2559babe99\" \/>\n\t<meta name=\"keywords\" content=\"actualidad\" \/>\n\t<link rel=\"canonical\" href=\"https:\/\/www.eldigitaldeasturias.com\/noticias\/cuestionan-la-politica-antiterrorista-del-gobierno-frances\/\" \/>\n\t<meta name=\"generator\" content=\"All in One SEO Pro (AIOSEO) 5.0.1\" \/>\n\t\t<meta property=\"og:locale\" content=\"es_ES\" \/>\n\t\t<meta property=\"og:site_name\" content=\"El Digital de Asturias\" \/>\n\t\t<meta property=\"og:type\" content=\"article\" \/>\n\t\t<meta property=\"og:title\" content=\"Cuestionan la pol\u00edtica antiterrorista del gobierno franc\u00e9s - El Digital de Asturias\" \/>\n\t\t<meta property=\"og:description\" content=\"Par\u00eds, 13 may (dpa) - El Gobierno franc\u00e9s fue cuestionado hoy por la oposici\u00f3n luego de que se supiera que el hombre que mat\u00f3 a una persona e hiri\u00f3 a cuatro en un presunto ataque terrorista la noche del s\u00e1bado en el centro de Par\u00eds estaba en la lista de personas vigiladas por la Polic\u00eda,\" \/>\n\t\t<meta property=\"og:url\" content=\"https:\/\/www.eldigitaldeasturias.com\/noticias\/cuestionan-la-politica-antiterrorista-del-gobierno-frances\/\" \/>\n\t\t<meta property=\"article:tag\" content=\"actualidad\" \/>\n\t\t<meta property=\"article:published_time\" content=\"2018-05-13T22:31:09+00:00\" \/>\n\t\t<meta property=\"article:modified_time\" content=\"2018-05-13T22:31:09+00:00\" \/>\n\t\t<meta property=\"article:publisher\" content=\"https:\/\/facebook.com\/eldigitaldeasturias\" \/>\n\t\t<meta name=\"twitter:card\" content=\"summary_large_image\" \/>\n\t\t<meta name=\"twitter:title\" content=\"Cuestionan la pol\u00edtica antiterrorista del gobierno franc\u00e9s - El Digital de Asturias\" \/>\n\t\t<meta name=\"twitter:description\" content=\"Par\u00eds, 13 may (dpa) - El Gobierno franc\u00e9s fue cuestionado hoy por la oposici\u00f3n luego de que se supiera que el hombre que mat\u00f3 a una persona e hiri\u00f3 a cuatro en un presunto ataque terrorista la noche del s\u00e1bado en el centro de Par\u00eds estaba en la lista de personas vigiladas por la Polic\u00eda,\" \/>\n\t\t<meta name=\"twitter:image\" content=\"https:\/\/www.eldigitaldeasturias.com\/noticias\/wp-content\/uploads\/2020\/12\/EDA-1.jpg\" \/>\n\t\t<meta name=\"twitter:label1\" content=\"Escrito por\" \/>\n\t\t<meta name=\"twitter:data1\" content=\"El Digital de Asturias\" \/>\n\t\t<meta name=\"twitter:label2\" content=\"Tiempo de lectura estimado\" \/>\n\t\t<meta name=\"twitter:data2\" content=\"2 minutos\" \/>\n\t\t<script type=\"application\/ld+json\" class=\"aioseo-schema\">\n\t\t\t{\"@context\":\"https:\\\/\\\/schema.org\",\"@graph\":[{\"@type\":\"BlogPosting\",\"@id\":\"https:\\\/\\\/www.eldigitaldeasturias.com\\\/noticias\\\/cuestionan-la-politica-antiterrorista-del-gobierno-frances\\\/#blogposting\",\"name\":\"Cuestionan la pol\\u00edtica antiterrorista del gobierno franc\\u00e9s - El Digital de Asturias\",\"headline\":\"Cuestionan la pol\\u00edtica antiterrorista del gobierno franc\\u00e9s\",\"author\":{\"@id\":\"https:\\\/\\\/www.eldigitaldeasturias.com\\\/noticias\\\/author\\\/admin\\\/#author\"},\"publisher\":{\"@id\":\"https:\\\/\\\/www.eldigitaldeasturias.com\\\/noticias\\\/#organization\"},\"image\":{\"@type\":\"ImageObject\",\"url\":653067},\"datePublished\":\"2018-05-13T22:31:09+02:00\",\"dateModified\":\"2018-05-13T22:31:09+02:00\",\"inLanguage\":\"es-ES\",\"mainEntityOfPage\":{\"@id\":\"https:\\\/\\\/www.eldigitaldeasturias.com\\\/noticias\\\/cuestionan-la-politica-antiterrorista-del-gobierno-frances\\\/#webpage\"},\"isPartOf\":{\"@id\":\"https:\\\/\\\/www.eldigitaldeasturias.com\\\/noticias\\\/cuestionan-la-politica-antiterrorista-del-gobierno-frances\\\/#webpage\"},\"articleSection\":\"Actualidad\"},{\"@type\":\"BreadcrumbList\",\"@id\":\"https:\\\/\\\/www.eldigitaldeasturias.com\\\/noticias\\\/cuestionan-la-politica-antiterrorista-del-gobierno-frances\\\/#breadcrumblist\",\"itemListElement\":[{\"@type\":\"ListItem\",\"@id\":\"https:\\\/\\\/www.eldigitaldeasturias.com\\\/noticias#listItem\",\"position\":1,\"name\":\"Home\",\"item\":\"https:\\\/\\\/www.eldigitaldeasturias.com\\\/noticias\",\"nextItem\":{\"@type\":\"ListItem\",\"@id\":\"https:\\\/\\\/www.eldigitaldeasturias.com\\\/noticias\\\/category\\\/actualidad\\\/#listItem\",\"name\":\"Actualidad\"}},{\"@type\":\"ListItem\",\"@id\":\"https:\\\/\\\/www.eldigitaldeasturias.com\\\/noticias\\\/category\\\/actualidad\\\/#listItem\",\"position\":2,\"name\":\"Actualidad\",\"item\":\"https:\\\/\\\/www.eldigitaldeasturias.com\\\/noticias\\\/category\\\/actualidad\\\/\",\"nextItem\":{\"@type\":\"ListItem\",\"@id\":\"https:\\\/\\\/www.eldigitaldeasturias.com\\\/noticias\\\/cuestionan-la-politica-antiterrorista-del-gobierno-frances\\\/#listItem\",\"name\":\"Cuestionan la pol\\u00edtica antiterrorista del gobierno franc\\u00e9s\"},\"previousItem\":{\"@type\":\"ListItem\",\"@id\":\"https:\\\/\\\/www.eldigitaldeasturias.com\\\/noticias#listItem\",\"name\":\"Home\"}},{\"@type\":\"ListItem\",\"@id\":\"https:\\\/\\\/www.eldigitaldeasturias.com\\\/noticias\\\/cuestionan-la-politica-antiterrorista-del-gobierno-frances\\\/#listItem\",\"position\":3,\"name\":\"Cuestionan la pol\\u00edtica antiterrorista del gobierno franc\\u00e9s\",\"previousItem\":{\"@type\":\"ListItem\",\"@id\":\"https:\\\/\\\/www.eldigitaldeasturias.com\\\/noticias\\\/category\\\/actualidad\\\/#listItem\",\"name\":\"Actualidad\"}}]},{\"@type\":\"Organization\",\"@id\":\"https:\\\/\\\/www.eldigitaldeasturias.com\\\/noticias\\\/#organization\",\"name\":\"El Digital de Asturias\",\"description\":\"Hemeroteca\",\"url\":\"https:\\\/\\\/www.eldigitaldeasturias.com\\\/noticias\\\/\",\"email\":\"info@eldigitaldeasturias.com\",\"telephone\":\"+34652131393\",\"logo\":{\"@type\":\"ImageObject\",\"url\":\"https:\\\/\\\/www.eldigitaldeasturias.com\\\/noticias\\\/wp-content\\\/uploads\\\/2020\\\/12\\\/EDA.jpg\",\"@id\":\"https:\\\/\\\/www.eldigitaldeasturias.com\\\/noticias\\\/cuestionan-la-politica-antiterrorista-del-gobierno-frances\\\/#organizationLogo\"},\"image\":{\"@id\":\"https:\\\/\\\/www.eldigitaldeasturias.com\\\/noticias\\\/cuestionan-la-politica-antiterrorista-del-gobierno-frances\\\/#organizationLogo\"},\"sameAs\":[\"https:\\\/\\\/facebook.com\\\/eldigitaldeasturias\",\"https:\\\/\\\/www.youtube.com\\\/channel\\\/UCZP-2wLEB9Rv6erhFmqVnvg\"],\"address\":{\"@id\":\"https:\\\/\\\/www.eldigitaldeasturias.com\\\/noticias\\\/#postaladdress\",\"@type\":\"PostalAddress\",\"streetAddress\":\"san antonio 4\",\"postalCode\":\"33430\",\"addressLocality\":\"Cand\\u00e1s\",\"addressRegion\":\"Asturias\",\"addressCountry\":\"ES\"}},{\"@type\":\"Person\",\"@id\":\"https:\\\/\\\/www.eldigitaldeasturias.com\\\/noticias\\\/author\\\/admin\\\/#author\",\"url\":\"https:\\\/\\\/www.eldigitaldeasturias.com\\\/noticias\\\/author\\\/admin\\\/\",\"name\":\"El Digital de Asturias\",\"image\":{\"@type\":\"ImageObject\",\"@id\":\"https:\\\/\\\/www.eldigitaldeasturias.com\\\/noticias\\\/cuestionan-la-politica-antiterrorista-del-gobierno-frances\\\/#authorImage\",\"url\":\"https:\\\/\\\/secure.gravatar.com\\\/avatar\\\/df2aeffc32bcd13f8d26072ef8a91b623d677766deac7f97ca815868cd41bf5e?s=96&d=mm&r=g\",\"width\":96,\"height\":96,\"caption\":\"El Digital de Asturias\"}},{\"@type\":\"WebPage\",\"@id\":\"https:\\\/\\\/www.eldigitaldeasturias.com\\\/noticias\\\/cuestionan-la-politica-antiterrorista-del-gobierno-frances\\\/#webpage\",\"url\":\"https:\\\/\\\/www.eldigitaldeasturias.com\\\/noticias\\\/cuestionan-la-politica-antiterrorista-del-gobierno-frances\\\/\",\"name\":\"Cuestionan la pol\\u00edtica antiterrorista del gobierno franc\\u00e9s - El Digital de Asturias\",\"description\":\"Par\\u00eds, 13 may (dpa) - El Gobierno franc\\u00e9s fue cuestionado hoy por la oposici\\u00f3n luego de que se supiera que el hombre que mat\\u00f3 a una persona e hiri\\u00f3 a cuatro en un presunto ataque terrorista la noche del s\\u00e1bado en el centro de Par\\u00eds estaba en la lista de personas vigiladas por la Polic\\u00eda,\",\"inLanguage\":\"es-ES\",\"isPartOf\":{\"@id\":\"https:\\\/\\\/www.eldigitaldeasturias.com\\\/noticias\\\/#website\"},\"breadcrumb\":{\"@id\":\"https:\\\/\\\/www.eldigitaldeasturias.com\\\/noticias\\\/cuestionan-la-politica-antiterrorista-del-gobierno-frances\\\/#breadcrumblist\"},\"author\":{\"@id\":\"https:\\\/\\\/www.eldigitaldeasturias.com\\\/noticias\\\/author\\\/admin\\\/#author\"},\"creator\":{\"@id\":\"https:\\\/\\\/www.eldigitaldeasturias.com\\\/noticias\\\/author\\\/admin\\\/#author\"},\"image\":{\"@type\":\"ImageObject\",\"url\":653067,\"@id\":\"https:\\\/\\\/www.eldigitaldeasturias.com\\\/noticias\\\/cuestionan-la-politica-antiterrorista-del-gobierno-frances\\\/#mainImage\"},\"primaryImageOfPage\":{\"@id\":\"https:\\\/\\\/www.eldigitaldeasturias.com\\\/noticias\\\/cuestionan-la-politica-antiterrorista-del-gobierno-frances\\\/#mainImage\"},\"datePublished\":\"2018-05-13T22:31:09+02:00\",\"dateModified\":\"2018-05-13T22:31:09+02:00\"},{\"@type\":\"WebSite\",\"@id\":\"https:\\\/\\\/www.eldigitaldeasturias.com\\\/noticias\\\/#website\",\"url\":\"https:\\\/\\\/www.eldigitaldeasturias.com\\\/noticias\\\/\",\"name\":\"El Digital de Asturias - Diario de actualidad y noticias\",\"alternateName\":\"El Digital de Asturias - Diario de actualidad y noticias\",\"description\":\"Hemeroteca\",\"inLanguage\":\"es-ES\",\"publisher\":{\"@id\":\"https:\\\/\\\/www.eldigitaldeasturias.com\\\/noticias\\\/#organization\"}}]}\n\t\t<\/script>\n\t\t<!-- All in One SEO Pro -->\r\n\t\t<title>Cuestionan la pol\u00edtica antiterrorista del gobierno franc\u00e9s - El Digital de Asturias<\/title>\n\n","aioseo_head_json":{"title":"Cuestionan la pol\u00edtica antiterrorista del gobierno franc\u00e9s - El Digital de Asturias","description":"Par\u00eds, 13 may (dpa) - El Gobierno franc\u00e9s fue cuestionado hoy por la oposici\u00f3n luego de que se supiera que el hombre que mat\u00f3 a una persona e hiri\u00f3 a cuatro en un presunto ataque terrorista la noche del s\u00e1bado en el centro de Par\u00eds estaba en la lista de personas vigiladas por la Polic\u00eda,","canonical_url":"https:\/\/www.eldigitaldeasturias.com\/noticias\/cuestionan-la-politica-antiterrorista-del-gobierno-frances\/","robots":"max-image-preview:large","keywords":"actualidad","webmasterTools":{"google-site-verification":"UA-38556648-1","msvalidate.01":"7dfe9f3f1b24437ab69f4f2559babe99","miscellaneous":""},"schema":{"@context":"https:\/\/schema.org","@graph":[{"@type":"BlogPosting","@id":"https:\/\/www.eldigitaldeasturias.com\/noticias\/cuestionan-la-politica-antiterrorista-del-gobierno-frances\/#blogposting","name":"Cuestionan la pol\u00edtica antiterrorista del gobierno franc\u00e9s - El Digital de Asturias","headline":"Cuestionan la pol\u00edtica antiterrorista del gobierno franc\u00e9s","author":{"@id":"https:\/\/www.eldigitaldeasturias.com\/noticias\/author\/admin\/#author"},"publisher":{"@id":"https:\/\/www.eldigitaldeasturias.com\/noticias\/#organization"},"image":{"@type":"ImageObject","url":653067},"datePublished":"2018-05-13T22:31:09+02:00","dateModified":"2018-05-13T22:31:09+02:00","inLanguage":"es-ES","mainEntityOfPage":{"@id":"https:\/\/www.eldigitaldeasturias.com\/noticias\/cuestionan-la-politica-antiterrorista-del-gobierno-frances\/#webpage"},"isPartOf":{"@id":"https:\/\/www.eldigitaldeasturias.com\/noticias\/cuestionan-la-politica-antiterrorista-del-gobierno-frances\/#webpage"},"articleSection":"Actualidad"},{"@type":"BreadcrumbList","@id":"https:\/\/www.eldigitaldeasturias.com\/noticias\/cuestionan-la-politica-antiterrorista-del-gobierno-frances\/#breadcrumblist","itemListElement":[{"@type":"ListItem","@id":"https:\/\/www.eldigitaldeasturias.com\/noticias#listItem","position":1,"name":"Home","item":"https:\/\/www.eldigitaldeasturias.com\/noticias","nextItem":{"@type":"ListItem","@id":"https:\/\/www.eldigitaldeasturias.com\/noticias\/category\/actualidad\/#listItem","name":"Actualidad"}},{"@type":"ListItem","@id":"https:\/\/www.eldigitaldeasturias.com\/noticias\/category\/actualidad\/#listItem","position":2,"name":"Actualidad","item":"https:\/\/www.eldigitaldeasturias.com\/noticias\/category\/actualidad\/","nextItem":{"@type":"ListItem","@id":"https:\/\/www.eldigitaldeasturias.com\/noticias\/cuestionan-la-politica-antiterrorista-del-gobierno-frances\/#listItem","name":"Cuestionan la pol\u00edtica antiterrorista del gobierno franc\u00e9s"},"previousItem":{"@type":"ListItem","@id":"https:\/\/www.eldigitaldeasturias.com\/noticias#listItem","name":"Home"}},{"@type":"ListItem","@id":"https:\/\/www.eldigitaldeasturias.com\/noticias\/cuestionan-la-politica-antiterrorista-del-gobierno-frances\/#listItem","position":3,"name":"Cuestionan la pol\u00edtica antiterrorista del gobierno franc\u00e9s","previousItem":{"@type":"ListItem","@id":"https:\/\/www.eldigitaldeasturias.com\/noticias\/category\/actualidad\/#listItem","name":"Actualidad"}}]},{"@type":"Organization","@id":"https:\/\/www.eldigitaldeasturias.com\/noticias\/#organization","name":"El Digital de Asturias","description":"Hemeroteca","url":"https:\/\/www.eldigitaldeasturias.com\/noticias\/","email":"info@eldigitaldeasturias.com","telephone":"+34652131393","logo":{"@type":"ImageObject","url":"https:\/\/www.eldigitaldeasturias.com\/noticias\/wp-content\/uploads\/2020\/12\/EDA.jpg","@id":"https:\/\/www.eldigitaldeasturias.com\/noticias\/cuestionan-la-politica-antiterrorista-del-gobierno-frances\/#organizationLogo"},"image":{"@id":"https:\/\/www.eldigitaldeasturias.com\/noticias\/cuestionan-la-politica-antiterrorista-del-gobierno-frances\/#organizationLogo"},"sameAs":["https:\/\/facebook.com\/eldigitaldeasturias","https:\/\/www.youtube.com\/channel\/UCZP-2wLEB9Rv6erhFmqVnvg"],"address":{"@id":"https:\/\/www.eldigitaldeasturias.com\/noticias\/#postaladdress","@type":"PostalAddress","streetAddress":"san antonio 4","postalCode":"33430","addressLocality":"Cand\u00e1s","addressRegion":"Asturias","addressCountry":"ES"}},{"@type":"Person","@id":"https:\/\/www.eldigitaldeasturias.com\/noticias\/author\/admin\/#author","url":"https:\/\/www.eldigitaldeasturias.com\/noticias\/author\/admin\/","name":"El Digital de Asturias","image":{"@type":"ImageObject","@id":"https:\/\/www.eldigitaldeasturias.com\/noticias\/cuestionan-la-politica-antiterrorista-del-gobierno-frances\/#authorImage","url":"https:\/\/secure.gravatar.com\/avatar\/df2aeffc32bcd13f8d26072ef8a91b623d677766deac7f97ca815868cd41bf5e?s=96&d=mm&r=g","width":96,"height":96,"caption":"El Digital de Asturias"}},{"@type":"WebPage","@id":"https:\/\/www.eldigitaldeasturias.com\/noticias\/cuestionan-la-politica-antiterrorista-del-gobierno-frances\/#webpage","url":"https:\/\/www.eldigitaldeasturias.com\/noticias\/cuestionan-la-politica-antiterrorista-del-gobierno-frances\/","name":"Cuestionan la pol\u00edtica antiterrorista del gobierno franc\u00e9s - El Digital de Asturias","description":"Par\u00eds, 13 may (dpa) - El Gobierno franc\u00e9s fue cuestionado hoy por la oposici\u00f3n luego de que se supiera que el hombre que mat\u00f3 a una persona e hiri\u00f3 a cuatro en un presunto ataque terrorista la noche del s\u00e1bado en el centro de Par\u00eds estaba en la lista de personas vigiladas por la Polic\u00eda,","inLanguage":"es-ES","isPartOf":{"@id":"https:\/\/www.eldigitaldeasturias.com\/noticias\/#website"},"breadcrumb":{"@id":"https:\/\/www.eldigitaldeasturias.com\/noticias\/cuestionan-la-politica-antiterrorista-del-gobierno-frances\/#breadcrumblist"},"author":{"@id":"https:\/\/www.eldigitaldeasturias.com\/noticias\/author\/admin\/#author"},"creator":{"@id":"https:\/\/www.eldigitaldeasturias.com\/noticias\/author\/admin\/#author"},"image":{"@type":"ImageObject","url":653067,"@id":"https:\/\/www.eldigitaldeasturias.com\/noticias\/cuestionan-la-politica-antiterrorista-del-gobierno-frances\/#mainImage"},"primaryImageOfPage":{"@id":"https:\/\/www.eldigitaldeasturias.com\/noticias\/cuestionan-la-politica-antiterrorista-del-gobierno-frances\/#mainImage"},"datePublished":"2018-05-13T22:31:09+02:00","dateModified":"2018-05-13T22:31:09+02:00"},{"@type":"WebSite","@id":"https:\/\/www.eldigitaldeasturias.com\/noticias\/#website","url":"https:\/\/www.eldigitaldeasturias.com\/noticias\/","name":"El Digital de Asturias - Diario de actualidad y noticias","alternateName":"El Digital de Asturias - Diario de actualidad y noticias","description":"Hemeroteca","inLanguage":"es-ES","publisher":{"@id":"https:\/\/www.eldigitaldeasturias.com\/noticias\/#organization"}}]},"og:locale":"es_ES","og:site_name":"El Digital de Asturias","og:type":"article","og:title":"Cuestionan la pol\u00edtica antiterrorista del gobierno franc\u00e9s - El Digital de Asturias","og:description":"Par\u00eds, 13 may (dpa) - El Gobierno franc\u00e9s fue cuestionado hoy por la oposici\u00f3n luego de que se supiera que el hombre que mat\u00f3 a una persona e hiri\u00f3 a cuatro en un presunto ataque terrorista la noche del s\u00e1bado en el centro de Par\u00eds estaba en la lista de personas vigiladas por la Polic\u00eda,","og:url":"https:\/\/www.eldigitaldeasturias.com\/noticias\/cuestionan-la-politica-antiterrorista-del-gobierno-frances\/","article:tag":["actualidad"],"article:published_time":"2018-05-13T22:31:09+00:00","article:modified_time":"2018-05-13T22:31:09+00:00","article:publisher":"https:\/\/facebook.com\/eldigitaldeasturias","twitter:card":"summary_large_image","twitter:title":"Cuestionan la pol\u00edtica antiterrorista del gobierno franc\u00e9s - El Digital de Asturias","twitter:description":"Par\u00eds, 13 may (dpa) - El Gobierno franc\u00e9s fue cuestionado hoy por la oposici\u00f3n luego de que se supiera que el hombre que mat\u00f3 a una persona e hiri\u00f3 a cuatro en un presunto ataque terrorista la noche del s\u00e1bado en el centro de Par\u00eds estaba en la lista de personas vigiladas por la Polic\u00eda,","twitter:image":"https:\/\/www.eldigitaldeasturias.com\/noticias\/wp-content\/uploads\/2020\/12\/EDA-1.jpg","twitter:label1":"Escrito por","twitter:data1":"El Digital de Asturias","twitter:label2":"Tiempo de lectura estimado","twitter:data2":"2 minutos"},"aioseo_meta_data":{"post_id":"980160","title":null,"description":null,"keywords":null,"keyphrases":null,"primary_term":null,"canonical_url":null,"og_title":null,"og_description":null,"og_object_type":"default","og_image_type":"default","og_image_url":null,"og_image_width":null,"og_image_height":null,"og_image_custom_url":null,"og_image_custom_fields":null,"og_video":null,"og_custom_url":null,"og_article_section":null,"og_article_tags":null,"twitter_use_og":false,"twitter_card":"default","twitter_image_type":"default","twitter_image_url":null,"twitter_image_custom_url":null,"twitter_image_custom_fields":null,"twitter_title":null,"twitter_description":null,"schema":{"blockGraphs":[],"customGraphs":[],"default":{"data":{"Article":[],"Course":[],"Dataset":[],"FAQPage":[],"Movie":[],"Person":[],"Product":[],"ProductReview":[],"Car":[],"Recipe":[],"Service":[],"SoftwareApplication":[],"WebPage":[]},"graphName":"","isEnabled":true},"graphs":[],"defaultGraph":"","defaultPostTypeGraph":""},"schema_type":null,"schema_type_options":null,"pillar_content":false,"robots_default":true,"robots_noindex":false,"robots_noarchive":false,"robots_nosnippet":false,"robots_nofollow":false,"robots_noimageindex":false,"robots_noodp":false,"robots_notranslate":false,"robots_max_snippet":null,"robots_max_videopreview":null,"robots_max_imagepreview":"large","priority":null,"frequency":null,"local_seo":null,"seo_analyzer_scan_date":"2025-10-08 16:58:02","breadcrumb_settings":null,"limit_modified_date":false,"open_ai":null,"ai":null,"created":"2020-12-21 11:57:40","updated":"2025-10-08 16:58:02","focus_keyword":null,"additional_keywords":null,"truseo_locale":null},"aioseo_breadcrumb":"<div class=\"aioseo-breadcrumbs\"><span class=\"aioseo-breadcrumb\">\n\t<a href=\"https:\/\/www.eldigitaldeasturias.com\/noticias\" title=\"Home\">Home<\/a>\n<\/span><span class=\"aioseo-breadcrumb-separator\">\u2013<\/span><span class=\"aioseo-breadcrumb\">\n\t<a href=\"https:\/\/www.eldigitaldeasturias.com\/noticias\/category\/actualidad\/\" title=\"Actualidad\">Actualidad<\/a>\n<\/span><span class=\"aioseo-breadcrumb-separator\">\u2013<\/span><span class=\"aioseo-breadcrumb\">\n\t<a href=\"https:\/\/www.eldigitaldeasturias.com\/noticias\/cuestionan-la-politica-antiterrorista-del-gobierno-frances\/\" title=\"Cuestionan la pol\u00edtica antiterrorista del gobierno franc\u00e9s\">Cuestionan la pol\u00edtica antiterrorista del gobierno franc\u00e9s<\/a>\n<\/span><\/div>","aioseo_breadcrumb_json":[{"label":"Home","link":"https:\/\/www.eldigitaldeasturias.com\/noticias"},{"label":"Actualidad","link":"https:\/\/www.eldigitaldeasturias.com\/noticias\/category\/actualidad\/"},{"label":"Cuestionan la pol\u00edtica antiterrorista del gobierno franc\u00e9s","link":"https:\/\/www.eldigitaldeasturias.com\/noticias\/cuestionan-la-politica-antiterrorista-del-gobierno-frances\/"}],"_links":{"self":[{"href":"https:\/\/www.eldigitaldeasturias.com\/noticias\/wp-json\/wp\/v2\/posts\/980160","targetHints":{"allow":["GET"]}}],"collection":[{"href":"https:\/\/www.eldigitaldeasturias.com\/noticias\/wp-json\/wp\/v2\/posts"}],"about":[{"href":"https:\/\/www.eldigitaldeasturias.com\/noticias\/wp-json\/wp\/v2\/types\/post"}],"author":[{"embeddable":true,"href":"https:\/\/www.eldigitaldeasturias.com\/noticias\/wp-json\/wp\/v2\/users\/1"}],"replies":[{"embeddable":true,"href":"https:\/\/www.eldigitaldeasturias.com\/noticias\/wp-json\/wp\/v2\/comments?post=980160"}],"version-history":[{"count":0,"href":"https:\/\/www.eldigitaldeasturias.com\/noticias\/wp-json\/wp\/v2\/posts\/980160\/revisions"}],"wp:attachment":[{"href":"https:\/\/www.eldigitaldeasturias.com\/noticias\/wp-json\/wp\/v2\/media?parent=980160"}],"wp:term":[{"taxonomy":"category","embeddable":true,"href":"https:\/\/www.eldigitaldeasturias.com\/noticias\/wp-json\/wp\/v2\/categories?post=980160"},{"taxonomy":"post_tag","embeddable":true,"href":"https:\/\/www.eldigitaldeasturias.com\/noticias\/wp-json\/wp\/v2\/tags?post=980160"}],"curies":[{"name":"wp","href":"https:\/\/api.w.org\/{rel}","templated":true}]}}