{"id":980154,"date":"2018-05-13T22:22:33","date_gmt":"2018-05-13T22:22:33","guid":{"rendered":"http:\/\/www.eldigitaldeasturias.com\/noticias\/?p=980154"},"modified":"2018-05-13T22:22:33","modified_gmt":"2018-05-13T22:22:33","slug":"torra-sera-elegido-el-lunes-presidente-de-cataluna","status":"publish","type":"post","link":"https:\/\/www.eldigitaldeasturias.com\/noticias\/torra-sera-elegido-el-lunes-presidente-de-cataluna\/","title":{"rendered":"Torra ser\u00e1 elegido el lunes presidente de Catalu\u00f1a"},"content":{"rendered":"<p><img loading=\"lazy\" decoding=\"async\" class=\"alignleft size-medium wp-image-973562\" src=\"https:\/\/www.eldigitaldeasturias.com\/noticias\/wp-content\/uploads\/2018\/03\/marcha1-360x240.jpg\" alt=\"\" width=\"360\" height=\"240\" \/>Barcelona, 13 may (dpa) &#8211; El independentista Quim Torra super\u00f3 hoy el \u00faltimo obst\u00e1culo pendiente y ser\u00e1 investido ma\u00f1ana como nuevo presidente de Catalu\u00f1a en el Parlamento en Barcelona, poniendo as\u00ed fin a casi cinco meses de par\u00e1lisis pol\u00edtica en la regi\u00f3n.<\/p>\n<p>La investidura en el segundo pleno parlamentario convocado para ma\u00f1ana a las 10:30 horas (08:30 GMT) hab\u00eda quedado en duda cuando el peque\u00f1o y decisivo partido antisistema Candidatura de Unidad Popular (CUP) abri\u00f3 la posibilidad de votar contra Torra.<\/p>\n<p>Sin embargo, la formaci\u00f3n independentista decidi\u00f3 hoy en asamblea que sus cuatro diputados se abstengan en la votaci\u00f3n, garantizando as\u00ed al candidato la mayor\u00eda simple que necesita y dando luz verde a la formaci\u00f3n de Gobierno en Catalu\u00f1a.<\/p>\n<p>Las fuerzas soberanistas podr\u00e1n investir a Torra tras fracasar cuatro veces desde las elecciones del 21 de diciembre con candidatos procesados por el plan secesionista: el pr\u00f3fugo Carles Puigdemont y los presos Jordi Turull y Jordi S\u00e0nchez (en dos ocasiones).<\/p>\n<p>A pocos d\u00edas de que venza el plazo del 22 de mayo en que se convocar\u00edan nuevas elecciones si no hubiera Gobierno, Puigdemont opt\u00f3 por destrabar la situaci\u00f3n y propuso el jueves pasado como candidato a Torra, que no est\u00e1 procesado y puede asistir al Parlamento.<\/p>\n<p>La investidura de Torra pondr\u00e1 fin al limbo pol\u00edtico y a la intervenci\u00f3n de la autonom\u00eda de Catalu\u00f1a activada por el Gobierno espa\u00f1ol el 27 de octubre para frenar la escalada del plan soberanista, que culmin\u00f3 ese d\u00eda con el Parlamento regional aprobando crear una rep\u00fablica independiente.<\/p>\n<p>Sin embargo, la tensi\u00f3n en la regi\u00f3n y en Espa\u00f1a est\u00e1 lejos de acabar. El nacionalista de 55 a\u00f1os prometi\u00f3 el s\u00e1bado en su discurso ante el Parlamento seguir adelante con el plan independentista que abri\u00f3 una crisis institucional sin precedentes en Espa\u00f1a y anunci\u00f3 un proceso para crear una Constituci\u00f3n catalana.<\/p>\n<p>Tambi\u00e9n se defini\u00f3 como un presidente provisional hasta que pueda investirse a Puigdemont, a quien consider\u00f3 el \u00abpresidente leg\u00edtimo\u00bb pese a que fue destituido por el Gobierno central el mismo 27 de octubre y se encuentra desde entonces fuera de Espa\u00f1a, donde est\u00e1 procesado por rebeli\u00f3n y malversaci\u00f3n de fondos.<\/p>\n<p>El tono confrontativo del discurso de Torra y las pol\u00edticas unilaterales y \u00abradicales\u00bb que anunci\u00f3 fueron recibidas con preocupaci\u00f3n por las fuerzas no independentistas, mientras que el Gobierno espa\u00f1ol avis\u00f3 de que actuar\u00e1 ante cualquier agresi\u00f3n a la ley o la Constituci\u00f3n.<\/p>\n","protected":false},"excerpt":{"rendered":"<p>Barcelona, 13 may (dpa) &#8211; El independentista Quim Torra super\u00f3 hoy el \u00faltimo obst\u00e1culo pendiente y ser\u00e1 investido ma\u00f1ana como nuevo presidente de Catalu\u00f1a en el Parlamento en Barcelona, poniendo as\u00ed fin a casi cinco meses de par\u00e1lisis pol\u00edtica en la regi\u00f3n. La investidura en el segundo pleno parlamentario convocado para ma\u00f1ana a las 10:30 [&hellip;]<\/p>\n","protected":false},"author":1,"featured_media":973562,"comment_status":"closed","ping_status":"closed","sticky":false,"template":"","format":"standard","meta":{"footnotes":""},"categories":[1],"tags":[],"class_list":["post-980154","post","type-post","status-publish","format-standard","has-post-thumbnail","hentry","category-actualidad"],"aioseo_notices":[],"aioseo_head":"\n\t\t<!-- All in One SEO Pro 5.0.1 - aioseo.com -->\n\t<meta name=\"description\" content=\"Barcelona, 13 may (dpa) - El independentista Quim Torra super\u00f3 hoy el \u00faltimo obst\u00e1culo pendiente y ser\u00e1 investido ma\u00f1ana como nuevo presidente de Catalu\u00f1a en el Parlamento en Barcelona, poniendo as\u00ed fin a casi cinco meses de par\u00e1lisis pol\u00edtica en la regi\u00f3n. La investidura en el segundo pleno parlamentario convocado para ma\u00f1ana a las 10:30\" \/>\n\t<meta name=\"robots\" content=\"max-image-preview:large\" \/>\n\t<meta name=\"author\" content=\"El Digital de Asturias\"\/>\n\t<meta name=\"google-site-verification\" content=\"UA-38556648-1\" \/>\n\t<meta name=\"msvalidate.01\" content=\"7dfe9f3f1b24437ab69f4f2559babe99\" \/>\n\t<meta name=\"keywords\" content=\"actualidad\" \/>\n\t<link rel=\"canonical\" href=\"https:\/\/www.eldigitaldeasturias.com\/noticias\/torra-sera-elegido-el-lunes-presidente-de-cataluna\/\" \/>\n\t<meta name=\"generator\" content=\"All in One SEO Pro (AIOSEO) 5.0.1\" \/>\n\t\t<meta property=\"og:locale\" content=\"es_ES\" \/>\n\t\t<meta property=\"og:site_name\" content=\"El Digital de Asturias\" \/>\n\t\t<meta property=\"og:type\" content=\"article\" \/>\n\t\t<meta property=\"og:title\" content=\"Torra ser\u00e1 elegido el lunes presidente de Catalu\u00f1a - El Digital de Asturias\" \/>\n\t\t<meta property=\"og:description\" content=\"Barcelona, 13 may (dpa) - El independentista Quim Torra super\u00f3 hoy el \u00faltimo obst\u00e1culo pendiente y ser\u00e1 investido ma\u00f1ana como nuevo presidente de Catalu\u00f1a en el Parlamento en Barcelona, poniendo as\u00ed fin a casi cinco meses de par\u00e1lisis pol\u00edtica en la regi\u00f3n. La investidura en el segundo pleno parlamentario convocado para ma\u00f1ana a las 10:30\" \/>\n\t\t<meta property=\"og:url\" content=\"https:\/\/www.eldigitaldeasturias.com\/noticias\/torra-sera-elegido-el-lunes-presidente-de-cataluna\/\" \/>\n\t\t<meta property=\"article:tag\" content=\"actualidad\" \/>\n\t\t<meta property=\"article:published_time\" content=\"2018-05-13T22:22:33+00:00\" \/>\n\t\t<meta property=\"article:modified_time\" content=\"2018-05-13T22:22:33+00:00\" \/>\n\t\t<meta property=\"article:publisher\" content=\"https:\/\/facebook.com\/eldigitaldeasturias\" \/>\n\t\t<meta name=\"twitter:card\" content=\"summary_large_image\" \/>\n\t\t<meta name=\"twitter:title\" content=\"Torra ser\u00e1 elegido el lunes presidente de Catalu\u00f1a - El Digital de Asturias\" \/>\n\t\t<meta name=\"twitter:description\" content=\"Barcelona, 13 may (dpa) - El independentista Quim Torra super\u00f3 hoy el \u00faltimo obst\u00e1culo pendiente y ser\u00e1 investido ma\u00f1ana como nuevo presidente de Catalu\u00f1a en el Parlamento en Barcelona, poniendo as\u00ed fin a casi cinco meses de par\u00e1lisis pol\u00edtica en la regi\u00f3n. La investidura en el segundo pleno parlamentario convocado para ma\u00f1ana a las 10:30\" \/>\n\t\t<meta name=\"twitter:image\" content=\"https:\/\/www.eldigitaldeasturias.com\/noticias\/wp-content\/uploads\/2020\/12\/EDA-1.jpg\" \/>\n\t\t<meta name=\"twitter:label1\" content=\"Escrito por\" \/>\n\t\t<meta name=\"twitter:data1\" content=\"El Digital de Asturias\" \/>\n\t\t<meta name=\"twitter:label2\" content=\"Tiempo de lectura estimado\" \/>\n\t\t<meta name=\"twitter:data2\" content=\"2 minutos\" \/>\n\t\t<script type=\"application\/ld+json\" class=\"aioseo-schema\">\n\t\t\t{\"@context\":\"https:\\\/\\\/schema.org\",\"@graph\":[{\"@type\":\"BlogPosting\",\"@id\":\"https:\\\/\\\/www.eldigitaldeasturias.com\\\/noticias\\\/torra-sera-elegido-el-lunes-presidente-de-cataluna\\\/#blogposting\",\"name\":\"Torra ser\\u00e1 elegido el lunes presidente de Catalu\\u00f1a - El Digital de Asturias\",\"headline\":\"Torra ser\\u00e1 elegido el lunes presidente de Catalu\\u00f1a\",\"author\":{\"@id\":\"https:\\\/\\\/www.eldigitaldeasturias.com\\\/noticias\\\/author\\\/admin\\\/#author\"},\"publisher\":{\"@id\":\"https:\\\/\\\/www.eldigitaldeasturias.com\\\/noticias\\\/#organization\"},\"image\":{\"@type\":\"ImageObject\",\"url\":973562},\"datePublished\":\"2018-05-13T22:22:33+02:00\",\"dateModified\":\"2018-05-13T22:22:33+02:00\",\"inLanguage\":\"es-ES\",\"mainEntityOfPage\":{\"@id\":\"https:\\\/\\\/www.eldigitaldeasturias.com\\\/noticias\\\/torra-sera-elegido-el-lunes-presidente-de-cataluna\\\/#webpage\"},\"isPartOf\":{\"@id\":\"https:\\\/\\\/www.eldigitaldeasturias.com\\\/noticias\\\/torra-sera-elegido-el-lunes-presidente-de-cataluna\\\/#webpage\"},\"articleSection\":\"Actualidad\"},{\"@type\":\"BreadcrumbList\",\"@id\":\"https:\\\/\\\/www.eldigitaldeasturias.com\\\/noticias\\\/torra-sera-elegido-el-lunes-presidente-de-cataluna\\\/#breadcrumblist\",\"itemListElement\":[{\"@type\":\"ListItem\",\"@id\":\"https:\\\/\\\/www.eldigitaldeasturias.com\\\/noticias#listItem\",\"position\":1,\"name\":\"Home\",\"item\":\"https:\\\/\\\/www.eldigitaldeasturias.com\\\/noticias\",\"nextItem\":{\"@type\":\"ListItem\",\"@id\":\"https:\\\/\\\/www.eldigitaldeasturias.com\\\/noticias\\\/category\\\/actualidad\\\/#listItem\",\"name\":\"Actualidad\"}},{\"@type\":\"ListItem\",\"@id\":\"https:\\\/\\\/www.eldigitaldeasturias.com\\\/noticias\\\/category\\\/actualidad\\\/#listItem\",\"position\":2,\"name\":\"Actualidad\",\"item\":\"https:\\\/\\\/www.eldigitaldeasturias.com\\\/noticias\\\/category\\\/actualidad\\\/\",\"nextItem\":{\"@type\":\"ListItem\",\"@id\":\"https:\\\/\\\/www.eldigitaldeasturias.com\\\/noticias\\\/torra-sera-elegido-el-lunes-presidente-de-cataluna\\\/#listItem\",\"name\":\"Torra ser\\u00e1 elegido el lunes presidente de Catalu\\u00f1a\"},\"previousItem\":{\"@type\":\"ListItem\",\"@id\":\"https:\\\/\\\/www.eldigitaldeasturias.com\\\/noticias#listItem\",\"name\":\"Home\"}},{\"@type\":\"ListItem\",\"@id\":\"https:\\\/\\\/www.eldigitaldeasturias.com\\\/noticias\\\/torra-sera-elegido-el-lunes-presidente-de-cataluna\\\/#listItem\",\"position\":3,\"name\":\"Torra ser\\u00e1 elegido el lunes presidente de Catalu\\u00f1a\",\"previousItem\":{\"@type\":\"ListItem\",\"@id\":\"https:\\\/\\\/www.eldigitaldeasturias.com\\\/noticias\\\/category\\\/actualidad\\\/#listItem\",\"name\":\"Actualidad\"}}]},{\"@type\":\"Organization\",\"@id\":\"https:\\\/\\\/www.eldigitaldeasturias.com\\\/noticias\\\/#organization\",\"name\":\"El Digital de Asturias\",\"description\":\"Hemeroteca\",\"url\":\"https:\\\/\\\/www.eldigitaldeasturias.com\\\/noticias\\\/\",\"email\":\"info@eldigitaldeasturias.com\",\"telephone\":\"+34652131393\",\"logo\":{\"@type\":\"ImageObject\",\"url\":\"https:\\\/\\\/www.eldigitaldeasturias.com\\\/noticias\\\/wp-content\\\/uploads\\\/2020\\\/12\\\/EDA.jpg\",\"@id\":\"https:\\\/\\\/www.eldigitaldeasturias.com\\\/noticias\\\/torra-sera-elegido-el-lunes-presidente-de-cataluna\\\/#organizationLogo\"},\"image\":{\"@id\":\"https:\\\/\\\/www.eldigitaldeasturias.com\\\/noticias\\\/torra-sera-elegido-el-lunes-presidente-de-cataluna\\\/#organizationLogo\"},\"sameAs\":[\"https:\\\/\\\/facebook.com\\\/eldigitaldeasturias\",\"https:\\\/\\\/www.youtube.com\\\/channel\\\/UCZP-2wLEB9Rv6erhFmqVnvg\"],\"address\":{\"@id\":\"https:\\\/\\\/www.eldigitaldeasturias.com\\\/noticias\\\/#postaladdress\",\"@type\":\"PostalAddress\",\"streetAddress\":\"san antonio 4\",\"postalCode\":\"33430\",\"addressLocality\":\"Cand\\u00e1s\",\"addressRegion\":\"Asturias\",\"addressCountry\":\"ES\"}},{\"@type\":\"Person\",\"@id\":\"https:\\\/\\\/www.eldigitaldeasturias.com\\\/noticias\\\/author\\\/admin\\\/#author\",\"url\":\"https:\\\/\\\/www.eldigitaldeasturias.com\\\/noticias\\\/author\\\/admin\\\/\",\"name\":\"El Digital de Asturias\",\"image\":{\"@type\":\"ImageObject\",\"@id\":\"https:\\\/\\\/www.eldigitaldeasturias.com\\\/noticias\\\/torra-sera-elegido-el-lunes-presidente-de-cataluna\\\/#authorImage\",\"url\":\"https:\\\/\\\/secure.gravatar.com\\\/avatar\\\/df2aeffc32bcd13f8d26072ef8a91b623d677766deac7f97ca815868cd41bf5e?s=96&d=mm&r=g\",\"width\":96,\"height\":96,\"caption\":\"El Digital de Asturias\"}},{\"@type\":\"WebPage\",\"@id\":\"https:\\\/\\\/www.eldigitaldeasturias.com\\\/noticias\\\/torra-sera-elegido-el-lunes-presidente-de-cataluna\\\/#webpage\",\"url\":\"https:\\\/\\\/www.eldigitaldeasturias.com\\\/noticias\\\/torra-sera-elegido-el-lunes-presidente-de-cataluna\\\/\",\"name\":\"Torra ser\\u00e1 elegido el lunes presidente de Catalu\\u00f1a - El Digital de Asturias\",\"description\":\"Barcelona, 13 may (dpa) - El independentista Quim Torra super\\u00f3 hoy el \\u00faltimo obst\\u00e1culo pendiente y ser\\u00e1 investido ma\\u00f1ana como nuevo presidente de Catalu\\u00f1a en el Parlamento en Barcelona, poniendo as\\u00ed fin a casi cinco meses de par\\u00e1lisis pol\\u00edtica en la regi\\u00f3n. La investidura en el segundo pleno parlamentario convocado para ma\\u00f1ana a las 10:30\",\"inLanguage\":\"es-ES\",\"isPartOf\":{\"@id\":\"https:\\\/\\\/www.eldigitaldeasturias.com\\\/noticias\\\/#website\"},\"breadcrumb\":{\"@id\":\"https:\\\/\\\/www.eldigitaldeasturias.com\\\/noticias\\\/torra-sera-elegido-el-lunes-presidente-de-cataluna\\\/#breadcrumblist\"},\"author\":{\"@id\":\"https:\\\/\\\/www.eldigitaldeasturias.com\\\/noticias\\\/author\\\/admin\\\/#author\"},\"creator\":{\"@id\":\"https:\\\/\\\/www.eldigitaldeasturias.com\\\/noticias\\\/author\\\/admin\\\/#author\"},\"image\":{\"@type\":\"ImageObject\",\"url\":973562,\"@id\":\"https:\\\/\\\/www.eldigitaldeasturias.com\\\/noticias\\\/torra-sera-elegido-el-lunes-presidente-de-cataluna\\\/#mainImage\"},\"primaryImageOfPage\":{\"@id\":\"https:\\\/\\\/www.eldigitaldeasturias.com\\\/noticias\\\/torra-sera-elegido-el-lunes-presidente-de-cataluna\\\/#mainImage\"},\"datePublished\":\"2018-05-13T22:22:33+02:00\",\"dateModified\":\"2018-05-13T22:22:33+02:00\"},{\"@type\":\"WebSite\",\"@id\":\"https:\\\/\\\/www.eldigitaldeasturias.com\\\/noticias\\\/#website\",\"url\":\"https:\\\/\\\/www.eldigitaldeasturias.com\\\/noticias\\\/\",\"name\":\"El Digital de Asturias - Diario de actualidad y noticias\",\"alternateName\":\"El Digital de Asturias - Diario de actualidad y noticias\",\"description\":\"Hemeroteca\",\"inLanguage\":\"es-ES\",\"publisher\":{\"@id\":\"https:\\\/\\\/www.eldigitaldeasturias.com\\\/noticias\\\/#organization\"}}]}\n\t\t<\/script>\n\t\t<!-- All in One SEO Pro -->\r\n\t\t<title>Torra ser\u00e1 elegido el lunes presidente de Catalu\u00f1a - El Digital de Asturias<\/title>\n\n","aioseo_head_json":{"title":"Torra ser\u00e1 elegido el lunes presidente de Catalu\u00f1a - El Digital de Asturias","description":"Barcelona, 13 may (dpa) - El independentista Quim Torra super\u00f3 hoy el \u00faltimo obst\u00e1culo pendiente y ser\u00e1 investido ma\u00f1ana como nuevo presidente de Catalu\u00f1a en el Parlamento en Barcelona, poniendo as\u00ed fin a casi cinco meses de par\u00e1lisis pol\u00edtica en la regi\u00f3n. La investidura en el segundo pleno parlamentario convocado para ma\u00f1ana a las 10:30","canonical_url":"https:\/\/www.eldigitaldeasturias.com\/noticias\/torra-sera-elegido-el-lunes-presidente-de-cataluna\/","robots":"max-image-preview:large","keywords":"actualidad","webmasterTools":{"google-site-verification":"UA-38556648-1","msvalidate.01":"7dfe9f3f1b24437ab69f4f2559babe99","miscellaneous":""},"schema":{"@context":"https:\/\/schema.org","@graph":[{"@type":"BlogPosting","@id":"https:\/\/www.eldigitaldeasturias.com\/noticias\/torra-sera-elegido-el-lunes-presidente-de-cataluna\/#blogposting","name":"Torra ser\u00e1 elegido el lunes presidente de Catalu\u00f1a - El Digital de Asturias","headline":"Torra ser\u00e1 elegido el lunes presidente de Catalu\u00f1a","author":{"@id":"https:\/\/www.eldigitaldeasturias.com\/noticias\/author\/admin\/#author"},"publisher":{"@id":"https:\/\/www.eldigitaldeasturias.com\/noticias\/#organization"},"image":{"@type":"ImageObject","url":973562},"datePublished":"2018-05-13T22:22:33+02:00","dateModified":"2018-05-13T22:22:33+02:00","inLanguage":"es-ES","mainEntityOfPage":{"@id":"https:\/\/www.eldigitaldeasturias.com\/noticias\/torra-sera-elegido-el-lunes-presidente-de-cataluna\/#webpage"},"isPartOf":{"@id":"https:\/\/www.eldigitaldeasturias.com\/noticias\/torra-sera-elegido-el-lunes-presidente-de-cataluna\/#webpage"},"articleSection":"Actualidad"},{"@type":"BreadcrumbList","@id":"https:\/\/www.eldigitaldeasturias.com\/noticias\/torra-sera-elegido-el-lunes-presidente-de-cataluna\/#breadcrumblist","itemListElement":[{"@type":"ListItem","@id":"https:\/\/www.eldigitaldeasturias.com\/noticias#listItem","position":1,"name":"Home","item":"https:\/\/www.eldigitaldeasturias.com\/noticias","nextItem":{"@type":"ListItem","@id":"https:\/\/www.eldigitaldeasturias.com\/noticias\/category\/actualidad\/#listItem","name":"Actualidad"}},{"@type":"ListItem","@id":"https:\/\/www.eldigitaldeasturias.com\/noticias\/category\/actualidad\/#listItem","position":2,"name":"Actualidad","item":"https:\/\/www.eldigitaldeasturias.com\/noticias\/category\/actualidad\/","nextItem":{"@type":"ListItem","@id":"https:\/\/www.eldigitaldeasturias.com\/noticias\/torra-sera-elegido-el-lunes-presidente-de-cataluna\/#listItem","name":"Torra ser\u00e1 elegido el lunes presidente de Catalu\u00f1a"},"previousItem":{"@type":"ListItem","@id":"https:\/\/www.eldigitaldeasturias.com\/noticias#listItem","name":"Home"}},{"@type":"ListItem","@id":"https:\/\/www.eldigitaldeasturias.com\/noticias\/torra-sera-elegido-el-lunes-presidente-de-cataluna\/#listItem","position":3,"name":"Torra ser\u00e1 elegido el lunes presidente de Catalu\u00f1a","previousItem":{"@type":"ListItem","@id":"https:\/\/www.eldigitaldeasturias.com\/noticias\/category\/actualidad\/#listItem","name":"Actualidad"}}]},{"@type":"Organization","@id":"https:\/\/www.eldigitaldeasturias.com\/noticias\/#organization","name":"El Digital de Asturias","description":"Hemeroteca","url":"https:\/\/www.eldigitaldeasturias.com\/noticias\/","email":"info@eldigitaldeasturias.com","telephone":"+34652131393","logo":{"@type":"ImageObject","url":"https:\/\/www.eldigitaldeasturias.com\/noticias\/wp-content\/uploads\/2020\/12\/EDA.jpg","@id":"https:\/\/www.eldigitaldeasturias.com\/noticias\/torra-sera-elegido-el-lunes-presidente-de-cataluna\/#organizationLogo"},"image":{"@id":"https:\/\/www.eldigitaldeasturias.com\/noticias\/torra-sera-elegido-el-lunes-presidente-de-cataluna\/#organizationLogo"},"sameAs":["https:\/\/facebook.com\/eldigitaldeasturias","https:\/\/www.youtube.com\/channel\/UCZP-2wLEB9Rv6erhFmqVnvg"],"address":{"@id":"https:\/\/www.eldigitaldeasturias.com\/noticias\/#postaladdress","@type":"PostalAddress","streetAddress":"san antonio 4","postalCode":"33430","addressLocality":"Cand\u00e1s","addressRegion":"Asturias","addressCountry":"ES"}},{"@type":"Person","@id":"https:\/\/www.eldigitaldeasturias.com\/noticias\/author\/admin\/#author","url":"https:\/\/www.eldigitaldeasturias.com\/noticias\/author\/admin\/","name":"El Digital de Asturias","image":{"@type":"ImageObject","@id":"https:\/\/www.eldigitaldeasturias.com\/noticias\/torra-sera-elegido-el-lunes-presidente-de-cataluna\/#authorImage","url":"https:\/\/secure.gravatar.com\/avatar\/df2aeffc32bcd13f8d26072ef8a91b623d677766deac7f97ca815868cd41bf5e?s=96&d=mm&r=g","width":96,"height":96,"caption":"El Digital de Asturias"}},{"@type":"WebPage","@id":"https:\/\/www.eldigitaldeasturias.com\/noticias\/torra-sera-elegido-el-lunes-presidente-de-cataluna\/#webpage","url":"https:\/\/www.eldigitaldeasturias.com\/noticias\/torra-sera-elegido-el-lunes-presidente-de-cataluna\/","name":"Torra ser\u00e1 elegido el lunes presidente de Catalu\u00f1a - El Digital de Asturias","description":"Barcelona, 13 may (dpa) - El independentista Quim Torra super\u00f3 hoy el \u00faltimo obst\u00e1culo pendiente y ser\u00e1 investido ma\u00f1ana como nuevo presidente de Catalu\u00f1a en el Parlamento en Barcelona, poniendo as\u00ed fin a casi cinco meses de par\u00e1lisis pol\u00edtica en la regi\u00f3n. La investidura en el segundo pleno parlamentario convocado para ma\u00f1ana a las 10:30","inLanguage":"es-ES","isPartOf":{"@id":"https:\/\/www.eldigitaldeasturias.com\/noticias\/#website"},"breadcrumb":{"@id":"https:\/\/www.eldigitaldeasturias.com\/noticias\/torra-sera-elegido-el-lunes-presidente-de-cataluna\/#breadcrumblist"},"author":{"@id":"https:\/\/www.eldigitaldeasturias.com\/noticias\/author\/admin\/#author"},"creator":{"@id":"https:\/\/www.eldigitaldeasturias.com\/noticias\/author\/admin\/#author"},"image":{"@type":"ImageObject","url":973562,"@id":"https:\/\/www.eldigitaldeasturias.com\/noticias\/torra-sera-elegido-el-lunes-presidente-de-cataluna\/#mainImage"},"primaryImageOfPage":{"@id":"https:\/\/www.eldigitaldeasturias.com\/noticias\/torra-sera-elegido-el-lunes-presidente-de-cataluna\/#mainImage"},"datePublished":"2018-05-13T22:22:33+02:00","dateModified":"2018-05-13T22:22:33+02:00"},{"@type":"WebSite","@id":"https:\/\/www.eldigitaldeasturias.com\/noticias\/#website","url":"https:\/\/www.eldigitaldeasturias.com\/noticias\/","name":"El Digital de Asturias - Diario de actualidad y noticias","alternateName":"El Digital de Asturias - Diario de actualidad y noticias","description":"Hemeroteca","inLanguage":"es-ES","publisher":{"@id":"https:\/\/www.eldigitaldeasturias.com\/noticias\/#organization"}}]},"og:locale":"es_ES","og:site_name":"El Digital de Asturias","og:type":"article","og:title":"Torra ser\u00e1 elegido el lunes presidente de Catalu\u00f1a - El Digital de Asturias","og:description":"Barcelona, 13 may (dpa) - El independentista Quim Torra super\u00f3 hoy el \u00faltimo obst\u00e1culo pendiente y ser\u00e1 investido ma\u00f1ana como nuevo presidente de Catalu\u00f1a en el Parlamento en Barcelona, poniendo as\u00ed fin a casi cinco meses de par\u00e1lisis pol\u00edtica en la regi\u00f3n. La investidura en el segundo pleno parlamentario convocado para ma\u00f1ana a las 10:30","og:url":"https:\/\/www.eldigitaldeasturias.com\/noticias\/torra-sera-elegido-el-lunes-presidente-de-cataluna\/","article:tag":["actualidad"],"article:published_time":"2018-05-13T22:22:33+00:00","article:modified_time":"2018-05-13T22:22:33+00:00","article:publisher":"https:\/\/facebook.com\/eldigitaldeasturias","twitter:card":"summary_large_image","twitter:title":"Torra ser\u00e1 elegido el lunes presidente de Catalu\u00f1a - El Digital de Asturias","twitter:description":"Barcelona, 13 may (dpa) - El independentista Quim Torra super\u00f3 hoy el \u00faltimo obst\u00e1culo pendiente y ser\u00e1 investido ma\u00f1ana como nuevo presidente de Catalu\u00f1a en el Parlamento en Barcelona, poniendo as\u00ed fin a casi cinco meses de par\u00e1lisis pol\u00edtica en la regi\u00f3n. La investidura en el segundo pleno parlamentario convocado para ma\u00f1ana a las 10:30","twitter:image":"https:\/\/www.eldigitaldeasturias.com\/noticias\/wp-content\/uploads\/2020\/12\/EDA-1.jpg","twitter:label1":"Escrito por","twitter:data1":"El Digital de Asturias","twitter:label2":"Tiempo de lectura estimado","twitter:data2":"2 minutos"},"aioseo_meta_data":{"post_id":"980154","title":null,"description":null,"keywords":null,"keyphrases":null,"primary_term":null,"canonical_url":null,"og_title":null,"og_description":null,"og_object_type":"default","og_image_type":"default","og_image_url":null,"og_image_width":null,"og_image_height":null,"og_image_custom_url":null,"og_image_custom_fields":null,"og_video":null,"og_custom_url":null,"og_article_section":null,"og_article_tags":null,"twitter_use_og":false,"twitter_card":"default","twitter_image_type":"default","twitter_image_url":null,"twitter_image_custom_url":null,"twitter_image_custom_fields":null,"twitter_title":null,"twitter_description":null,"schema":{"blockGraphs":[],"customGraphs":[],"default":{"data":{"Article":[],"Course":[],"Dataset":[],"FAQPage":[],"Movie":[],"Person":[],"Product":[],"ProductReview":[],"Car":[],"Recipe":[],"Service":[],"SoftwareApplication":[],"WebPage":[]},"graphName":"","isEnabled":true},"graphs":[],"defaultGraph":"","defaultPostTypeGraph":""},"schema_type":null,"schema_type_options":null,"pillar_content":false,"robots_default":true,"robots_noindex":false,"robots_noarchive":false,"robots_nosnippet":false,"robots_nofollow":false,"robots_noimageindex":false,"robots_noodp":false,"robots_notranslate":false,"robots_max_snippet":null,"robots_max_videopreview":null,"robots_max_imagepreview":"large","priority":null,"frequency":null,"local_seo":null,"seo_analyzer_scan_date":"2025-10-08 16:56:11","breadcrumb_settings":null,"limit_modified_date":false,"open_ai":null,"ai":null,"created":"2020-12-21 11:57:40","updated":"2025-10-08 16:56:11","focus_keyword":null,"additional_keywords":null,"truseo_locale":null},"aioseo_breadcrumb":"<div class=\"aioseo-breadcrumbs\"><span class=\"aioseo-breadcrumb\">\n\t<a href=\"https:\/\/www.eldigitaldeasturias.com\/noticias\" title=\"Home\">Home<\/a>\n<\/span><span class=\"aioseo-breadcrumb-separator\">\u2013<\/span><span class=\"aioseo-breadcrumb\">\n\t<a href=\"https:\/\/www.eldigitaldeasturias.com\/noticias\/category\/actualidad\/\" title=\"Actualidad\">Actualidad<\/a>\n<\/span><span class=\"aioseo-breadcrumb-separator\">\u2013<\/span><span class=\"aioseo-breadcrumb\">\n\t<a href=\"https:\/\/www.eldigitaldeasturias.com\/noticias\/torra-sera-elegido-el-lunes-presidente-de-cataluna\/\" title=\"Torra ser\u00e1 elegido el lunes presidente de Catalu\u00f1a\">Torra ser\u00e1 elegido el lunes presidente de Catalu\u00f1a<\/a>\n<\/span><\/div>","aioseo_breadcrumb_json":[{"label":"Home","link":"https:\/\/www.eldigitaldeasturias.com\/noticias"},{"label":"Actualidad","link":"https:\/\/www.eldigitaldeasturias.com\/noticias\/category\/actualidad\/"},{"label":"Torra ser\u00e1 elegido el lunes presidente de Catalu\u00f1a","link":"https:\/\/www.eldigitaldeasturias.com\/noticias\/torra-sera-elegido-el-lunes-presidente-de-cataluna\/"}],"_links":{"self":[{"href":"https:\/\/www.eldigitaldeasturias.com\/noticias\/wp-json\/wp\/v2\/posts\/980154","targetHints":{"allow":["GET"]}}],"collection":[{"href":"https:\/\/www.eldigitaldeasturias.com\/noticias\/wp-json\/wp\/v2\/posts"}],"about":[{"href":"https:\/\/www.eldigitaldeasturias.com\/noticias\/wp-json\/wp\/v2\/types\/post"}],"author":[{"embeddable":true,"href":"https:\/\/www.eldigitaldeasturias.com\/noticias\/wp-json\/wp\/v2\/users\/1"}],"replies":[{"embeddable":true,"href":"https:\/\/www.eldigitaldeasturias.com\/noticias\/wp-json\/wp\/v2\/comments?post=980154"}],"version-history":[{"count":0,"href":"https:\/\/www.eldigitaldeasturias.com\/noticias\/wp-json\/wp\/v2\/posts\/980154\/revisions"}],"wp:attachment":[{"href":"https:\/\/www.eldigitaldeasturias.com\/noticias\/wp-json\/wp\/v2\/media?parent=980154"}],"wp:term":[{"taxonomy":"category","embeddable":true,"href":"https:\/\/www.eldigitaldeasturias.com\/noticias\/wp-json\/wp\/v2\/categories?post=980154"},{"taxonomy":"post_tag","embeddable":true,"href":"https:\/\/www.eldigitaldeasturias.com\/noticias\/wp-json\/wp\/v2\/tags?post=980154"}],"curies":[{"name":"wp","href":"https:\/\/api.w.org\/{rel}","templated":true}]}}