{"id":980146,"date":"2018-05-13T16:29:20","date_gmt":"2018-05-13T16:29:20","guid":{"rendered":"http:\/\/www.eldigitaldeasturias.com\/noticias\/?p=980146"},"modified":"2018-05-13T16:29:20","modified_gmt":"2018-05-13T16:29:20","slug":"la-union-europea-y-cuba-celebran-su-primera-cumbre","status":"publish","type":"post","link":"https:\/\/www.eldigitaldeasturias.com\/noticias\/la-union-europea-y-cuba-celebran-su-primera-cumbre\/","title":{"rendered":"La Uni\u00f3n Europea y Cuba celebran su primera cumbre"},"content":{"rendered":"<p><img loading=\"lazy\" decoding=\"async\" class=\"alignleft size-medium wp-image-976323\" src=\"https:\/\/www.eldigitaldeasturias.com\/noticias\/wp-content\/uploads\/2018\/04\/city-3245250_960_720-360x240.jpg\" alt=\"\" width=\"360\" height=\"240\" \/>La Habana\/Bruselas, 13 may (dpa) &#8211; La Uni\u00f3n Europea (UE) y Cuba celebrar\u00e1n el martes en Bruselas su primera cumbre conjunta para impulsar las relaciones bilaterales en un momento que se han enfriado las relaciones de La Habana con Estados Unidos y pa\u00edses aliados como Nicaragua y Venezuela viven momentos de crisis.<\/p>\n<p>\u00abLa reuni\u00f3n ser\u00e1 en un marco de respeto mutuo para abordar juntos los nuevos retos\u00bb, dijo a dpa Alberto Navarro, embajador europeo en La Habana.<\/p>\n<p>El encuentro servir\u00e1 para revisar \u00ablas relaciones bilaterales y los programas de cooperaci\u00f3n en \u00e1reas como la energ\u00eda y la agricultura\u00bb, inform\u00f3 el Consejo Europeo, en un momento en el que La Habana potencia su relaci\u00f3n con Europa ante otros escenarios que le son complejos.<\/p>\n<p>Desde la llegada a la Casa Blanca del republicano Donald Trump se ha frenado la pol\u00edtica del deshielo que impuls\u00f3 su antecesor Barack Obama, aunque sin llegar a la ruptura. Mientras, la aliada Nicaragua vive varias semanas de violencia y Venezuela encara las elecciones presidenciales del 20 de mayo en medio de una fuerte crisis econ\u00f3mica.<\/p>\n<p>El bloque comunitario ha conseguido ir posicion\u00e1ndose en la isla y actualmente ya es el primer socio comercial, el primer inversionista y el primero en la cooperaci\u00f3n para el desarrollo de Cuba.<\/p>\n<p>La delegaci\u00f3n europea estar\u00e1 encabezada por Federica Mogherini, alta representante de la UE para Asuntos Exteriores y Pol\u00edtica de Seguridad, mientr\u00e1s que la parte cubana estar\u00e1 presidida por su canciller Bruno Rodr\u00edguez.<\/p>\n<p>El encuentro se debi\u00f3 celebrar el pasado 28 de febrero, pero en aquella ocasi\u00f3n se aplaz\u00f3 la reuni\u00f3n por un problema de salud del canciller cubano, seg\u00fan fuentes europeas.<\/p>\n<p>En Bruselas ambas partes firmar\u00e1n un acuerdo sobre energ\u00edas renovables dotado con 19 millones de euros, que ayudar\u00e1 a La Habana en su pol\u00edtica para transformar su matriz energ\u00e9tica y no ser tan dependiente del petr\u00f3leo.<\/p>\n<p>Tambi\u00e9n se formalizar\u00e1 el di\u00e1logo en materia de derechos humanos, que fue iniciado hace tres a\u00f1os, y se abrir\u00e1n \u00abnuevos di\u00e1logos pol\u00edticos en \u00e1mbitos de inter\u00e9s com\u00fan como el desarrollo sostenible, el desarme, la lucha contra el tr\u00e1fico il\u00edcito de armas ligeras o las medidas coercitivas unilaterales\u00bb, se\u00f1alaron fuentes comunitarias.<\/p>\n<p>Durante la reuni\u00f3n, ambas partes tambi\u00e9n abordar\u00e1n cuestiones \u00abregionales y mundiales\u00bb y aunque no se han detallado los temas internacionales, es previsible que se trate la crisis que vive Nicaragua y las pr\u00f3ximas elecciones en Venezuela, dos pa\u00edses aliados de Cuba.<\/p>\n<p>Negociado de abril de 2014 a marzo de 2016, el Acuerdo de Di\u00e1logo Pol\u00edtico y Cooperaci\u00f3n fue firmado el 12 de diciembre de 2016 y entr\u00f3 en vigor provisionalmente el 1 de noviembre de 2017, pero todav\u00eda debe ser ratificado por todos los parlamentos nacionales de los pa\u00edses miembros, aunque no se esperan sorpresas.<\/p>\n<p>El entendimiento permite impulsar el di\u00e1logo pol\u00edtico y la cooperaci\u00f3n, pero no tiene car\u00e1cter preferencial, por lo que no concede a Cuba ventajas arancelarias en su comercio con el espacio europeo.<\/p>\n<p>Con el Acuerdo bilateral atr\u00e1s queda la fracasada \u00abPosici\u00f3n Com\u00fan\u00bb, como se denomin\u00f3 a la pol\u00edtica europea impulsada en 1996 por el presidente conservador espa\u00f1ol Jos\u00e9 Mar\u00eda Aznar, que condicionaba el di\u00e1logo con La Habana al avance en materia de derechos humanos.<\/p>\n<p>La pol\u00edtica de \u00abmano dura\u00bb no consigui\u00f3 frutos y el bloque comunitario tuvo que impulsar el acuerdo que marc\u00f3 el fin del aislamiento de La Habana como el \u00fanico pa\u00eds de la regi\u00f3n con el que la Uni\u00f3n Europea no ten\u00eda a\u00fan un pacto bilateral.<\/p>\n<p>El entendimiento se activ\u00f3 el 1 de noviembre, el mismo d\u00eda que los 28 estados miembros de la Uni\u00f3n Europea votaron en Naciones Unidas por el levantamiento del embargo que Estados Unidos mantiene sobre Cuba, en un claro gesto de evidenciar una autonom\u00eda diplom\u00e1tica europea con la isla respecto a Washington.<\/p>\n<p>\u00abEl embargo impuesto unilateralmente por Estados Unidos ha hecho y sigue haciendo da\u00f1o al pueblo cubano pero tambi\u00e9n a los ciudadanos y a las empresas europeas\u00bb, se\u00f1al\u00f3 a dpa Navarro.<\/p>\n<p>El pasado enero, Mogherini visit\u00f3 La Habana y en marzo defendi\u00f3 en el Parlamento Europeo el nuevo marco de relaciones con Cuba basado en el di\u00e1logo bilateral, que seg\u00fan la diplom\u00e1tica servir\u00e1 para avanzar en la colaboraci\u00f3n con la isla.<\/p>\n<p>Tras la elecci\u00f3n de Miguel D\u00edaz-Canel como nuevo presidente cubano el 19 de abril, la Uni\u00f3n Europea destac\u00f3 que espera que \u00abcontin\u00fae y se profundice\u00bb las relaciones con Cuba gracias al respaldo del Acuerdo bilateral.<\/p>\n<p><i class=\"lang-es\"><span class=\" readonly\" title=\"\">Por Guillermo Nova (dpa)<\/span><\/i><\/p>\n","protected":false},"excerpt":{"rendered":"<p>La Habana\/Bruselas, 13 may (dpa) &#8211; La Uni\u00f3n Europea (UE) y Cuba celebrar\u00e1n el martes en Bruselas su primera cumbre conjunta para impulsar las relaciones bilaterales en un momento que se han enfriado las relaciones de La Habana con Estados Unidos y pa\u00edses aliados como Nicaragua y Venezuela viven momentos de crisis. \u00abLa reuni\u00f3n ser\u00e1 [&hellip;]<\/p>\n","protected":false},"author":1,"featured_media":976323,"comment_status":"closed","ping_status":"closed","sticky":false,"template":"","format":"standard","meta":{"footnotes":""},"categories":[1],"tags":[],"class_list":["post-980146","post","type-post","status-publish","format-standard","has-post-thumbnail","hentry","category-actualidad"],"aioseo_notices":[],"aioseo_head":"\n\t\t<!-- All in One SEO Pro 5.0.1 - aioseo.com -->\n\t<meta name=\"description\" content=\"La Habana\/Bruselas, 13 may (dpa) - La Uni\u00f3n Europea (UE) y Cuba celebrar\u00e1n el martes en Bruselas su primera cumbre conjunta para impulsar las relaciones bilaterales en un momento que se han enfriado las relaciones de La Habana con Estados Unidos y pa\u00edses aliados como Nicaragua y Venezuela viven momentos de crisis. &quot;La reuni\u00f3n ser\u00e1\" \/>\n\t<meta name=\"robots\" content=\"max-image-preview:large\" \/>\n\t<meta name=\"author\" content=\"El Digital de Asturias\"\/>\n\t<meta name=\"google-site-verification\" content=\"UA-38556648-1\" \/>\n\t<meta name=\"msvalidate.01\" content=\"7dfe9f3f1b24437ab69f4f2559babe99\" \/>\n\t<meta name=\"keywords\" content=\"actualidad\" \/>\n\t<link rel=\"canonical\" href=\"https:\/\/www.eldigitaldeasturias.com\/noticias\/la-union-europea-y-cuba-celebran-su-primera-cumbre\/\" \/>\n\t<meta name=\"generator\" content=\"All in One SEO Pro (AIOSEO) 5.0.1\" \/>\n\t\t<meta property=\"og:locale\" content=\"es_ES\" \/>\n\t\t<meta property=\"og:site_name\" content=\"El Digital de Asturias\" \/>\n\t\t<meta property=\"og:type\" content=\"article\" \/>\n\t\t<meta property=\"og:title\" content=\"La Uni\u00f3n Europea y Cuba celebran su primera cumbre - El Digital de Asturias\" \/>\n\t\t<meta property=\"og:description\" content=\"La Habana\/Bruselas, 13 may (dpa) - La Uni\u00f3n Europea (UE) y Cuba celebrar\u00e1n el martes en Bruselas su primera cumbre conjunta para impulsar las relaciones bilaterales en un momento que se han enfriado las relaciones de La Habana con Estados Unidos y pa\u00edses aliados como Nicaragua y Venezuela viven momentos de crisis. &quot;La reuni\u00f3n ser\u00e1\" \/>\n\t\t<meta property=\"og:url\" content=\"https:\/\/www.eldigitaldeasturias.com\/noticias\/la-union-europea-y-cuba-celebran-su-primera-cumbre\/\" \/>\n\t\t<meta property=\"article:tag\" content=\"actualidad\" \/>\n\t\t<meta property=\"article:published_time\" content=\"2018-05-13T16:29:20+00:00\" \/>\n\t\t<meta property=\"article:modified_time\" content=\"2018-05-13T16:29:20+00:00\" \/>\n\t\t<meta property=\"article:publisher\" content=\"https:\/\/facebook.com\/eldigitaldeasturias\" \/>\n\t\t<meta name=\"twitter:card\" content=\"summary_large_image\" \/>\n\t\t<meta name=\"twitter:title\" content=\"La Uni\u00f3n Europea y Cuba celebran su primera cumbre - El Digital de Asturias\" \/>\n\t\t<meta name=\"twitter:description\" content=\"La Habana\/Bruselas, 13 may (dpa) - La Uni\u00f3n Europea (UE) y Cuba celebrar\u00e1n el martes en Bruselas su primera cumbre conjunta para impulsar las relaciones bilaterales en un momento que se han enfriado las relaciones de La Habana con Estados Unidos y pa\u00edses aliados como Nicaragua y Venezuela viven momentos de crisis. &quot;La reuni\u00f3n ser\u00e1\" \/>\n\t\t<meta name=\"twitter:image\" content=\"https:\/\/www.eldigitaldeasturias.com\/noticias\/wp-content\/uploads\/2020\/12\/EDA-1.jpg\" \/>\n\t\t<meta name=\"twitter:label1\" content=\"Escrito por\" \/>\n\t\t<meta name=\"twitter:data1\" content=\"El Digital de Asturias\" \/>\n\t\t<meta name=\"twitter:label2\" content=\"Tiempo de lectura estimado\" \/>\n\t\t<meta name=\"twitter:data2\" content=\"4 minutos\" \/>\n\t\t<script type=\"application\/ld+json\" class=\"aioseo-schema\">\n\t\t\t{\"@context\":\"https:\\\/\\\/schema.org\",\"@graph\":[{\"@type\":\"BlogPosting\",\"@id\":\"https:\\\/\\\/www.eldigitaldeasturias.com\\\/noticias\\\/la-union-europea-y-cuba-celebran-su-primera-cumbre\\\/#blogposting\",\"name\":\"La Uni\\u00f3n Europea y Cuba celebran su primera cumbre - El Digital de Asturias\",\"headline\":\"La Uni\\u00f3n Europea y Cuba celebran su primera cumbre\",\"author\":{\"@id\":\"https:\\\/\\\/www.eldigitaldeasturias.com\\\/noticias\\\/author\\\/admin\\\/#author\"},\"publisher\":{\"@id\":\"https:\\\/\\\/www.eldigitaldeasturias.com\\\/noticias\\\/#organization\"},\"image\":{\"@type\":\"ImageObject\",\"url\":976323},\"datePublished\":\"2018-05-13T16:29:20+02:00\",\"dateModified\":\"2018-05-13T16:29:20+02:00\",\"inLanguage\":\"es-ES\",\"mainEntityOfPage\":{\"@id\":\"https:\\\/\\\/www.eldigitaldeasturias.com\\\/noticias\\\/la-union-europea-y-cuba-celebran-su-primera-cumbre\\\/#webpage\"},\"isPartOf\":{\"@id\":\"https:\\\/\\\/www.eldigitaldeasturias.com\\\/noticias\\\/la-union-europea-y-cuba-celebran-su-primera-cumbre\\\/#webpage\"},\"articleSection\":\"Actualidad\"},{\"@type\":\"BreadcrumbList\",\"@id\":\"https:\\\/\\\/www.eldigitaldeasturias.com\\\/noticias\\\/la-union-europea-y-cuba-celebran-su-primera-cumbre\\\/#breadcrumblist\",\"itemListElement\":[{\"@type\":\"ListItem\",\"@id\":\"https:\\\/\\\/www.eldigitaldeasturias.com\\\/noticias#listItem\",\"position\":1,\"name\":\"Home\",\"item\":\"https:\\\/\\\/www.eldigitaldeasturias.com\\\/noticias\",\"nextItem\":{\"@type\":\"ListItem\",\"@id\":\"https:\\\/\\\/www.eldigitaldeasturias.com\\\/noticias\\\/category\\\/actualidad\\\/#listItem\",\"name\":\"Actualidad\"}},{\"@type\":\"ListItem\",\"@id\":\"https:\\\/\\\/www.eldigitaldeasturias.com\\\/noticias\\\/category\\\/actualidad\\\/#listItem\",\"position\":2,\"name\":\"Actualidad\",\"item\":\"https:\\\/\\\/www.eldigitaldeasturias.com\\\/noticias\\\/category\\\/actualidad\\\/\",\"nextItem\":{\"@type\":\"ListItem\",\"@id\":\"https:\\\/\\\/www.eldigitaldeasturias.com\\\/noticias\\\/la-union-europea-y-cuba-celebran-su-primera-cumbre\\\/#listItem\",\"name\":\"La Uni\\u00f3n Europea y Cuba celebran su primera cumbre\"},\"previousItem\":{\"@type\":\"ListItem\",\"@id\":\"https:\\\/\\\/www.eldigitaldeasturias.com\\\/noticias#listItem\",\"name\":\"Home\"}},{\"@type\":\"ListItem\",\"@id\":\"https:\\\/\\\/www.eldigitaldeasturias.com\\\/noticias\\\/la-union-europea-y-cuba-celebran-su-primera-cumbre\\\/#listItem\",\"position\":3,\"name\":\"La Uni\\u00f3n Europea y Cuba celebran su primera cumbre\",\"previousItem\":{\"@type\":\"ListItem\",\"@id\":\"https:\\\/\\\/www.eldigitaldeasturias.com\\\/noticias\\\/category\\\/actualidad\\\/#listItem\",\"name\":\"Actualidad\"}}]},{\"@type\":\"Organization\",\"@id\":\"https:\\\/\\\/www.eldigitaldeasturias.com\\\/noticias\\\/#organization\",\"name\":\"El Digital de Asturias\",\"description\":\"Hemeroteca\",\"url\":\"https:\\\/\\\/www.eldigitaldeasturias.com\\\/noticias\\\/\",\"email\":\"info@eldigitaldeasturias.com\",\"telephone\":\"+34652131393\",\"logo\":{\"@type\":\"ImageObject\",\"url\":\"https:\\\/\\\/www.eldigitaldeasturias.com\\\/noticias\\\/wp-content\\\/uploads\\\/2020\\\/12\\\/EDA.jpg\",\"@id\":\"https:\\\/\\\/www.eldigitaldeasturias.com\\\/noticias\\\/la-union-europea-y-cuba-celebran-su-primera-cumbre\\\/#organizationLogo\"},\"image\":{\"@id\":\"https:\\\/\\\/www.eldigitaldeasturias.com\\\/noticias\\\/la-union-europea-y-cuba-celebran-su-primera-cumbre\\\/#organizationLogo\"},\"sameAs\":[\"https:\\\/\\\/facebook.com\\\/eldigitaldeasturias\",\"https:\\\/\\\/www.youtube.com\\\/channel\\\/UCZP-2wLEB9Rv6erhFmqVnvg\"],\"address\":{\"@id\":\"https:\\\/\\\/www.eldigitaldeasturias.com\\\/noticias\\\/#postaladdress\",\"@type\":\"PostalAddress\",\"streetAddress\":\"san antonio 4\",\"postalCode\":\"33430\",\"addressLocality\":\"Cand\\u00e1s\",\"addressRegion\":\"Asturias\",\"addressCountry\":\"ES\"}},{\"@type\":\"Person\",\"@id\":\"https:\\\/\\\/www.eldigitaldeasturias.com\\\/noticias\\\/author\\\/admin\\\/#author\",\"url\":\"https:\\\/\\\/www.eldigitaldeasturias.com\\\/noticias\\\/author\\\/admin\\\/\",\"name\":\"El Digital de Asturias\",\"image\":{\"@type\":\"ImageObject\",\"@id\":\"https:\\\/\\\/www.eldigitaldeasturias.com\\\/noticias\\\/la-union-europea-y-cuba-celebran-su-primera-cumbre\\\/#authorImage\",\"url\":\"https:\\\/\\\/secure.gravatar.com\\\/avatar\\\/df2aeffc32bcd13f8d26072ef8a91b623d677766deac7f97ca815868cd41bf5e?s=96&d=mm&r=g\",\"width\":96,\"height\":96,\"caption\":\"El Digital de Asturias\"}},{\"@type\":\"WebPage\",\"@id\":\"https:\\\/\\\/www.eldigitaldeasturias.com\\\/noticias\\\/la-union-europea-y-cuba-celebran-su-primera-cumbre\\\/#webpage\",\"url\":\"https:\\\/\\\/www.eldigitaldeasturias.com\\\/noticias\\\/la-union-europea-y-cuba-celebran-su-primera-cumbre\\\/\",\"name\":\"La Uni\\u00f3n Europea y Cuba celebran su primera cumbre - El Digital de Asturias\",\"description\":\"La Habana\\\/Bruselas, 13 may (dpa) - La Uni\\u00f3n Europea (UE) y Cuba celebrar\\u00e1n el martes en Bruselas su primera cumbre conjunta para impulsar las relaciones bilaterales en un momento que se han enfriado las relaciones de La Habana con Estados Unidos y pa\\u00edses aliados como Nicaragua y Venezuela viven momentos de crisis. \\\"La reuni\\u00f3n ser\\u00e1\",\"inLanguage\":\"es-ES\",\"isPartOf\":{\"@id\":\"https:\\\/\\\/www.eldigitaldeasturias.com\\\/noticias\\\/#website\"},\"breadcrumb\":{\"@id\":\"https:\\\/\\\/www.eldigitaldeasturias.com\\\/noticias\\\/la-union-europea-y-cuba-celebran-su-primera-cumbre\\\/#breadcrumblist\"},\"author\":{\"@id\":\"https:\\\/\\\/www.eldigitaldeasturias.com\\\/noticias\\\/author\\\/admin\\\/#author\"},\"creator\":{\"@id\":\"https:\\\/\\\/www.eldigitaldeasturias.com\\\/noticias\\\/author\\\/admin\\\/#author\"},\"image\":{\"@type\":\"ImageObject\",\"url\":976323,\"@id\":\"https:\\\/\\\/www.eldigitaldeasturias.com\\\/noticias\\\/la-union-europea-y-cuba-celebran-su-primera-cumbre\\\/#mainImage\"},\"primaryImageOfPage\":{\"@id\":\"https:\\\/\\\/www.eldigitaldeasturias.com\\\/noticias\\\/la-union-europea-y-cuba-celebran-su-primera-cumbre\\\/#mainImage\"},\"datePublished\":\"2018-05-13T16:29:20+02:00\",\"dateModified\":\"2018-05-13T16:29:20+02:00\"},{\"@type\":\"WebSite\",\"@id\":\"https:\\\/\\\/www.eldigitaldeasturias.com\\\/noticias\\\/#website\",\"url\":\"https:\\\/\\\/www.eldigitaldeasturias.com\\\/noticias\\\/\",\"name\":\"El Digital de Asturias - Diario de actualidad y noticias\",\"alternateName\":\"El Digital de Asturias - Diario de actualidad y noticias\",\"description\":\"Hemeroteca\",\"inLanguage\":\"es-ES\",\"publisher\":{\"@id\":\"https:\\\/\\\/www.eldigitaldeasturias.com\\\/noticias\\\/#organization\"}}]}\n\t\t<\/script>\n\t\t<!-- All in One SEO Pro -->\r\n\t\t<title>La Uni\u00f3n Europea y Cuba celebran su primera cumbre - El Digital de Asturias<\/title>\n\n","aioseo_head_json":{"title":"La Uni\u00f3n Europea y Cuba celebran su primera cumbre - El Digital de Asturias","description":"La Habana\/Bruselas, 13 may (dpa) - La Uni\u00f3n Europea (UE) y Cuba celebrar\u00e1n el martes en Bruselas su primera cumbre conjunta para impulsar las relaciones bilaterales en un momento que se han enfriado las relaciones de La Habana con Estados Unidos y pa\u00edses aliados como Nicaragua y Venezuela viven momentos de crisis. \"La reuni\u00f3n ser\u00e1","canonical_url":"https:\/\/www.eldigitaldeasturias.com\/noticias\/la-union-europea-y-cuba-celebran-su-primera-cumbre\/","robots":"max-image-preview:large","keywords":"actualidad","webmasterTools":{"google-site-verification":"UA-38556648-1","msvalidate.01":"7dfe9f3f1b24437ab69f4f2559babe99","miscellaneous":""},"schema":{"@context":"https:\/\/schema.org","@graph":[{"@type":"BlogPosting","@id":"https:\/\/www.eldigitaldeasturias.com\/noticias\/la-union-europea-y-cuba-celebran-su-primera-cumbre\/#blogposting","name":"La Uni\u00f3n Europea y Cuba celebran su primera cumbre - El Digital de Asturias","headline":"La Uni\u00f3n Europea y Cuba celebran su primera cumbre","author":{"@id":"https:\/\/www.eldigitaldeasturias.com\/noticias\/author\/admin\/#author"},"publisher":{"@id":"https:\/\/www.eldigitaldeasturias.com\/noticias\/#organization"},"image":{"@type":"ImageObject","url":976323},"datePublished":"2018-05-13T16:29:20+02:00","dateModified":"2018-05-13T16:29:20+02:00","inLanguage":"es-ES","mainEntityOfPage":{"@id":"https:\/\/www.eldigitaldeasturias.com\/noticias\/la-union-europea-y-cuba-celebran-su-primera-cumbre\/#webpage"},"isPartOf":{"@id":"https:\/\/www.eldigitaldeasturias.com\/noticias\/la-union-europea-y-cuba-celebran-su-primera-cumbre\/#webpage"},"articleSection":"Actualidad"},{"@type":"BreadcrumbList","@id":"https:\/\/www.eldigitaldeasturias.com\/noticias\/la-union-europea-y-cuba-celebran-su-primera-cumbre\/#breadcrumblist","itemListElement":[{"@type":"ListItem","@id":"https:\/\/www.eldigitaldeasturias.com\/noticias#listItem","position":1,"name":"Home","item":"https:\/\/www.eldigitaldeasturias.com\/noticias","nextItem":{"@type":"ListItem","@id":"https:\/\/www.eldigitaldeasturias.com\/noticias\/category\/actualidad\/#listItem","name":"Actualidad"}},{"@type":"ListItem","@id":"https:\/\/www.eldigitaldeasturias.com\/noticias\/category\/actualidad\/#listItem","position":2,"name":"Actualidad","item":"https:\/\/www.eldigitaldeasturias.com\/noticias\/category\/actualidad\/","nextItem":{"@type":"ListItem","@id":"https:\/\/www.eldigitaldeasturias.com\/noticias\/la-union-europea-y-cuba-celebran-su-primera-cumbre\/#listItem","name":"La Uni\u00f3n Europea y Cuba celebran su primera cumbre"},"previousItem":{"@type":"ListItem","@id":"https:\/\/www.eldigitaldeasturias.com\/noticias#listItem","name":"Home"}},{"@type":"ListItem","@id":"https:\/\/www.eldigitaldeasturias.com\/noticias\/la-union-europea-y-cuba-celebran-su-primera-cumbre\/#listItem","position":3,"name":"La Uni\u00f3n Europea y Cuba celebran su primera cumbre","previousItem":{"@type":"ListItem","@id":"https:\/\/www.eldigitaldeasturias.com\/noticias\/category\/actualidad\/#listItem","name":"Actualidad"}}]},{"@type":"Organization","@id":"https:\/\/www.eldigitaldeasturias.com\/noticias\/#organization","name":"El Digital de Asturias","description":"Hemeroteca","url":"https:\/\/www.eldigitaldeasturias.com\/noticias\/","email":"info@eldigitaldeasturias.com","telephone":"+34652131393","logo":{"@type":"ImageObject","url":"https:\/\/www.eldigitaldeasturias.com\/noticias\/wp-content\/uploads\/2020\/12\/EDA.jpg","@id":"https:\/\/www.eldigitaldeasturias.com\/noticias\/la-union-europea-y-cuba-celebran-su-primera-cumbre\/#organizationLogo"},"image":{"@id":"https:\/\/www.eldigitaldeasturias.com\/noticias\/la-union-europea-y-cuba-celebran-su-primera-cumbre\/#organizationLogo"},"sameAs":["https:\/\/facebook.com\/eldigitaldeasturias","https:\/\/www.youtube.com\/channel\/UCZP-2wLEB9Rv6erhFmqVnvg"],"address":{"@id":"https:\/\/www.eldigitaldeasturias.com\/noticias\/#postaladdress","@type":"PostalAddress","streetAddress":"san antonio 4","postalCode":"33430","addressLocality":"Cand\u00e1s","addressRegion":"Asturias","addressCountry":"ES"}},{"@type":"Person","@id":"https:\/\/www.eldigitaldeasturias.com\/noticias\/author\/admin\/#author","url":"https:\/\/www.eldigitaldeasturias.com\/noticias\/author\/admin\/","name":"El Digital de Asturias","image":{"@type":"ImageObject","@id":"https:\/\/www.eldigitaldeasturias.com\/noticias\/la-union-europea-y-cuba-celebran-su-primera-cumbre\/#authorImage","url":"https:\/\/secure.gravatar.com\/avatar\/df2aeffc32bcd13f8d26072ef8a91b623d677766deac7f97ca815868cd41bf5e?s=96&d=mm&r=g","width":96,"height":96,"caption":"El Digital de Asturias"}},{"@type":"WebPage","@id":"https:\/\/www.eldigitaldeasturias.com\/noticias\/la-union-europea-y-cuba-celebran-su-primera-cumbre\/#webpage","url":"https:\/\/www.eldigitaldeasturias.com\/noticias\/la-union-europea-y-cuba-celebran-su-primera-cumbre\/","name":"La Uni\u00f3n Europea y Cuba celebran su primera cumbre - El Digital de Asturias","description":"La Habana\/Bruselas, 13 may (dpa) - La Uni\u00f3n Europea (UE) y Cuba celebrar\u00e1n el martes en Bruselas su primera cumbre conjunta para impulsar las relaciones bilaterales en un momento que se han enfriado las relaciones de La Habana con Estados Unidos y pa\u00edses aliados como Nicaragua y Venezuela viven momentos de crisis. \"La reuni\u00f3n ser\u00e1","inLanguage":"es-ES","isPartOf":{"@id":"https:\/\/www.eldigitaldeasturias.com\/noticias\/#website"},"breadcrumb":{"@id":"https:\/\/www.eldigitaldeasturias.com\/noticias\/la-union-europea-y-cuba-celebran-su-primera-cumbre\/#breadcrumblist"},"author":{"@id":"https:\/\/www.eldigitaldeasturias.com\/noticias\/author\/admin\/#author"},"creator":{"@id":"https:\/\/www.eldigitaldeasturias.com\/noticias\/author\/admin\/#author"},"image":{"@type":"ImageObject","url":976323,"@id":"https:\/\/www.eldigitaldeasturias.com\/noticias\/la-union-europea-y-cuba-celebran-su-primera-cumbre\/#mainImage"},"primaryImageOfPage":{"@id":"https:\/\/www.eldigitaldeasturias.com\/noticias\/la-union-europea-y-cuba-celebran-su-primera-cumbre\/#mainImage"},"datePublished":"2018-05-13T16:29:20+02:00","dateModified":"2018-05-13T16:29:20+02:00"},{"@type":"WebSite","@id":"https:\/\/www.eldigitaldeasturias.com\/noticias\/#website","url":"https:\/\/www.eldigitaldeasturias.com\/noticias\/","name":"El Digital de Asturias - Diario de actualidad y noticias","alternateName":"El Digital de Asturias - Diario de actualidad y noticias","description":"Hemeroteca","inLanguage":"es-ES","publisher":{"@id":"https:\/\/www.eldigitaldeasturias.com\/noticias\/#organization"}}]},"og:locale":"es_ES","og:site_name":"El Digital de Asturias","og:type":"article","og:title":"La Uni\u00f3n Europea y Cuba celebran su primera cumbre - El Digital de Asturias","og:description":"La Habana\/Bruselas, 13 may (dpa) - La Uni\u00f3n Europea (UE) y Cuba celebrar\u00e1n el martes en Bruselas su primera cumbre conjunta para impulsar las relaciones bilaterales en un momento que se han enfriado las relaciones de La Habana con Estados Unidos y pa\u00edses aliados como Nicaragua y Venezuela viven momentos de crisis. &quot;La reuni\u00f3n ser\u00e1","og:url":"https:\/\/www.eldigitaldeasturias.com\/noticias\/la-union-europea-y-cuba-celebran-su-primera-cumbre\/","article:tag":["actualidad"],"article:published_time":"2018-05-13T16:29:20+00:00","article:modified_time":"2018-05-13T16:29:20+00:00","article:publisher":"https:\/\/facebook.com\/eldigitaldeasturias","twitter:card":"summary_large_image","twitter:title":"La Uni\u00f3n Europea y Cuba celebran su primera cumbre - El Digital de Asturias","twitter:description":"La Habana\/Bruselas, 13 may (dpa) - La Uni\u00f3n Europea (UE) y Cuba celebrar\u00e1n el martes en Bruselas su primera cumbre conjunta para impulsar las relaciones bilaterales en un momento que se han enfriado las relaciones de La Habana con Estados Unidos y pa\u00edses aliados como Nicaragua y Venezuela viven momentos de crisis. &quot;La reuni\u00f3n ser\u00e1","twitter:image":"https:\/\/www.eldigitaldeasturias.com\/noticias\/wp-content\/uploads\/2020\/12\/EDA-1.jpg","twitter:label1":"Escrito por","twitter:data1":"El Digital de Asturias","twitter:label2":"Tiempo de lectura estimado","twitter:data2":"4 minutos"},"aioseo_meta_data":{"post_id":"980146","title":null,"description":null,"keywords":null,"keyphrases":null,"primary_term":null,"canonical_url":null,"og_title":null,"og_description":null,"og_object_type":"default","og_image_type":"default","og_image_url":null,"og_image_width":null,"og_image_height":null,"og_image_custom_url":null,"og_image_custom_fields":null,"og_video":null,"og_custom_url":null,"og_article_section":null,"og_article_tags":null,"twitter_use_og":false,"twitter_card":"default","twitter_image_type":"default","twitter_image_url":null,"twitter_image_custom_url":null,"twitter_image_custom_fields":null,"twitter_title":null,"twitter_description":null,"schema":{"blockGraphs":[],"customGraphs":[],"default":{"data":{"Article":[],"Course":[],"Dataset":[],"FAQPage":[],"Movie":[],"Person":[],"Product":[],"ProductReview":[],"Car":[],"Recipe":[],"Service":[],"SoftwareApplication":[],"WebPage":[]},"graphName":"","isEnabled":true},"graphs":[],"defaultGraph":"","defaultPostTypeGraph":""},"schema_type":null,"schema_type_options":null,"pillar_content":false,"robots_default":true,"robots_noindex":false,"robots_noarchive":false,"robots_nosnippet":false,"robots_nofollow":false,"robots_noimageindex":false,"robots_noodp":false,"robots_notranslate":false,"robots_max_snippet":null,"robots_max_videopreview":null,"robots_max_imagepreview":"large","priority":null,"frequency":null,"local_seo":null,"seo_analyzer_scan_date":"2025-10-08 16:54:06","breadcrumb_settings":null,"limit_modified_date":false,"open_ai":null,"ai":null,"created":"2020-12-21 11:57:40","updated":"2025-10-08 16:54:06","focus_keyword":null,"additional_keywords":null,"truseo_locale":null},"aioseo_breadcrumb":"<div class=\"aioseo-breadcrumbs\"><span class=\"aioseo-breadcrumb\">\n\t<a href=\"https:\/\/www.eldigitaldeasturias.com\/noticias\" title=\"Home\">Home<\/a>\n<\/span><span class=\"aioseo-breadcrumb-separator\">\u2013<\/span><span class=\"aioseo-breadcrumb\">\n\t<a href=\"https:\/\/www.eldigitaldeasturias.com\/noticias\/category\/actualidad\/\" title=\"Actualidad\">Actualidad<\/a>\n<\/span><span class=\"aioseo-breadcrumb-separator\">\u2013<\/span><span class=\"aioseo-breadcrumb\">\n\t<a href=\"https:\/\/www.eldigitaldeasturias.com\/noticias\/la-union-europea-y-cuba-celebran-su-primera-cumbre\/\" title=\"La Uni\u00f3n Europea y Cuba celebran su primera cumbre\">La Uni\u00f3n Europea y Cuba celebran su primera cumbre<\/a>\n<\/span><\/div>","aioseo_breadcrumb_json":[{"label":"Home","link":"https:\/\/www.eldigitaldeasturias.com\/noticias"},{"label":"Actualidad","link":"https:\/\/www.eldigitaldeasturias.com\/noticias\/category\/actualidad\/"},{"label":"La Uni\u00f3n Europea y Cuba celebran su primera cumbre","link":"https:\/\/www.eldigitaldeasturias.com\/noticias\/la-union-europea-y-cuba-celebran-su-primera-cumbre\/"}],"_links":{"self":[{"href":"https:\/\/www.eldigitaldeasturias.com\/noticias\/wp-json\/wp\/v2\/posts\/980146","targetHints":{"allow":["GET"]}}],"collection":[{"href":"https:\/\/www.eldigitaldeasturias.com\/noticias\/wp-json\/wp\/v2\/posts"}],"about":[{"href":"https:\/\/www.eldigitaldeasturias.com\/noticias\/wp-json\/wp\/v2\/types\/post"}],"author":[{"embeddable":true,"href":"https:\/\/www.eldigitaldeasturias.com\/noticias\/wp-json\/wp\/v2\/users\/1"}],"replies":[{"embeddable":true,"href":"https:\/\/www.eldigitaldeasturias.com\/noticias\/wp-json\/wp\/v2\/comments?post=980146"}],"version-history":[{"count":0,"href":"https:\/\/www.eldigitaldeasturias.com\/noticias\/wp-json\/wp\/v2\/posts\/980146\/revisions"}],"wp:attachment":[{"href":"https:\/\/www.eldigitaldeasturias.com\/noticias\/wp-json\/wp\/v2\/media?parent=980146"}],"wp:term":[{"taxonomy":"category","embeddable":true,"href":"https:\/\/www.eldigitaldeasturias.com\/noticias\/wp-json\/wp\/v2\/categories?post=980146"},{"taxonomy":"post_tag","embeddable":true,"href":"https:\/\/www.eldigitaldeasturias.com\/noticias\/wp-json\/wp\/v2\/tags?post=980146"}],"curies":[{"name":"wp","href":"https:\/\/api.w.org\/{rel}","templated":true}]}}