{"id":980083,"date":"2018-05-13T09:20:17","date_gmt":"2018-05-13T09:20:17","guid":{"rendered":"http:\/\/www.eldigitaldeasturias.com\/noticias\/?p=980083"},"modified":"2018-05-13T09:20:17","modified_gmt":"2018-05-13T09:20:17","slug":"el-polemico-plan-de-quim-torra-en-10-frases","status":"publish","type":"post","link":"https:\/\/www.eldigitaldeasturias.com\/noticias\/el-polemico-plan-de-quim-torra-en-10-frases\/","title":{"rendered":"El pol\u00e9mico plan de Quim Torra, en 10 frases"},"content":{"rendered":"<p><img loading=\"lazy\" decoding=\"async\" class=\"alignleft size-medium wp-image-973562\" src=\"https:\/\/www.eldigitaldeasturias.com\/noticias\/wp-content\/uploads\/2018\/03\/marcha1-360x240.jpg\" alt=\"\" width=\"360\" height=\"240\" \/>Barcelona, 12 may (dpa) &#8211; El independentista Quim Torra present\u00f3 hoy el programa que implementar\u00e1 si es investido este lunes como nuevo presidente de Catalu\u00f1a, centrado en seguir avanzando con el plan de ruptura con Espa\u00f1a que abri\u00f3 una grave crisis en el pa\u00eds.<\/p>\n<p>En tono confrontativo, Torra prometi\u00f3 avanzar hacia la independencia, tach\u00f3 de autoritarias y represivas las medidas implementadas por el Gobierno espa\u00f1ol para frenar ese proceso y asegur\u00f3 que la regi\u00f3n vive una \u00abcrisis humanitaria\u00bb donde la libertad y la democracia est\u00e1n en riesgo. Sus diez definiciones m\u00e1s pol\u00e9micas:<\/p>\n<p><strong>El objetivo: la independencia<\/strong><\/p>\n<p>\u00abSeremos leales al mandato del 1 de octubre: construir un Estado independiente en forma de rep\u00fablica\u00bb, dijo Torra sobre la consulta de autodeterminaci\u00f3n ilegal celebrada ese d\u00eda en Catalu\u00f1a, tomada por los secesionistas como un \u00abmandato\u00bb para la independencia.<\/p>\n<p><strong>Hacia la \u00abConstituci\u00f3n\u00bb de Catalu\u00f1a<\/strong><\/p>\n<p>Como primer paso concreto en ese camino, Torra prometi\u00f3 impulsar un \u00abproceso constituyente\u00bb para crear la Constituci\u00f3n de una rep\u00fablica. Pidi\u00f3 acabar as\u00ed con el \u00abr\u00e9gimen auton\u00f3mico\u00bb actual \u00abque se ha demostrado inviable para las ambiciones de un pa\u00eds que aspira a m\u00e1s, a mucho m\u00e1s. Aspira a tanto que lo quiere todo\u00bb.<\/p>\n<p><strong>Una rep\u00fablica construida sobre la \u00abradicalidad\u00bb<\/strong><\/p>\n<p>Torra se mostr\u00f3 orgulloso de ser \u00abun radical\u00bb como Manuel Carrasco i Formiguera, nacionalista catal\u00e1n fusilado durante la Guerra Civil (1936-1939) y calificado tambi\u00e9n de \u00abradical\u00bb por los franquistas. \u00abPara defender Catalu\u00f1a, la radicalidad que haga falta\u00bb, se\u00f1al\u00f3 Torra.<\/p>\n<p><strong>Catalu\u00f1a vive una \u00abcrisis humanitaria\u00bb<\/strong><\/p>\n<p>\u00abNo saldremos de esto si no ponemos de manifiesto que la crisis pol\u00edtica en Catalu\u00f1a es tambi\u00e9n una crisis humanitaria. Por eso tenemos que hacer todo para pasar de la c\u00e1rcel y el exilio a la vida, para pasar de la represi\u00f3n y el autoritarismo a que todos juntos rescatemos la vida\u00bb.<\/p>\n<p><strong>La opci\u00f3n de la desobediencia<\/strong><\/p>\n<p>En el debate parlamentario, el representante del Partido Popular (PP), Xavier-Garc\u00eda Albiol, pregunt\u00f3 a Torra si est\u00e1 dispuesto a respetar la ley y la Constituci\u00f3n. \u00abYo solo me debo al Parlamento de Catalu\u00f1a\u00bb, dijo el independentista en la r\u00e9plica.<\/p>\n<p><strong>Acusaci\u00f3n de malversaci\u00f3n al Gobierno espa\u00f1ol<\/strong><\/p>\n<p>\u00ab\u00bfC\u00f3mo puede justificar una democracia europea no solo la represi\u00f3n, sino tambi\u00e9n la malversaci\u00f3n de fondos p\u00fablicos sencillamente para prohibir y reprimir una idea?\u00bb, se pregunt\u00f3 sobre el gasto del operativo de seguridad desplegado por el Gobierno espa\u00f1ol en Catalu\u00f1a durante el refer\u00e9ndum del 1 de octubre.<\/p>\n<p><strong>\u00abMajestad , as\u00ed no\u00bb<\/strong><\/p>\n<p>Torra se dirigi\u00f3 al rey Felipe VI: \u00abPues resulta, Majestad, que hay presos pol\u00edticos en este pa\u00eds. Resulta que hay exiliados en este pa\u00eds. Resulta que hay centenares de catalanes investigados por haber expuesto libremente su proyecto, un proyecto democr\u00e1tico, la independencia. Resulta que votamos el primero de octubre y el 21 de diciembre, pero no se respeta la voluntad expresada en las urnas. Majestad, as\u00ed no\u00bb.<\/p>\n<p><strong>La victoria del pueblo<\/strong><\/p>\n<p>\u00abVuestra victoria es la derrota de un Estado que ha usado la violencia contra el pueblo\u00bb, dijo dirigi\u00e9ndose a la ciudadan\u00eda catalana.<\/p>\n<p><strong>Un Gobierno provisional y de transici\u00f3n<\/strong><\/p>\n<p>Torra reconoci\u00f3 que su Gobierno ser\u00e1 \u00abprovisional\u00bb hasta que pueda investirse otra vez a Carles Puigdemont, destituido por Madrid a fines de octubre: \u00abYo hoy no deber\u00eda estar aqu\u00ed. Hoy deber\u00eda estar aqu\u00ed el presidente leg\u00edtimo de Catalu\u00f1a, el se\u00f1or Carles Puigdemont\u00bb.<\/p>\n<p><strong>Oferta de di\u00e1logo a Rajoy<\/strong><\/p>\n<p>Pese al tono de su discurso, Torra pidi\u00f3 di\u00e1logo a Rajoy: \u00ab\u00bfHablamos, se\u00f1or Mariano Rajoy? \u00bfNos sentamos de una vez juntos en una misma mesa, su Gobierno y el Gobierno de Catalu\u00f1a? Nosotros estamos dispuestos a dialogar ma\u00f1ana mismo. Sin condiciones, sin vetar nada\u00bb.<\/p>\n","protected":false},"excerpt":{"rendered":"<p>Barcelona, 12 may (dpa) &#8211; El independentista Quim Torra present\u00f3 hoy el programa que implementar\u00e1 si es investido este lunes como nuevo presidente de Catalu\u00f1a, centrado en seguir avanzando con el plan de ruptura con Espa\u00f1a que abri\u00f3 una grave crisis en el pa\u00eds. En tono confrontativo, Torra prometi\u00f3 avanzar hacia la independencia, tach\u00f3 de [&hellip;]<\/p>\n","protected":false},"author":1,"featured_media":973562,"comment_status":"closed","ping_status":"closed","sticky":false,"template":"","format":"standard","meta":{"footnotes":""},"categories":[1],"tags":[],"class_list":["post-980083","post","type-post","status-publish","format-standard","has-post-thumbnail","hentry","category-actualidad"],"aioseo_notices":[],"aioseo_head":"\n\t\t<!-- All in One SEO Pro 5.0.1 - aioseo.com -->\n\t<meta name=\"description\" content=\"Barcelona, 12 may (dpa) - El independentista Quim Torra present\u00f3 hoy el programa que implementar\u00e1 si es investido este lunes como nuevo presidente de Catalu\u00f1a, centrado en seguir avanzando con el plan de ruptura con Espa\u00f1a que abri\u00f3 una grave crisis en el pa\u00eds. En tono confrontativo, Torra prometi\u00f3 avanzar hacia la independencia, tach\u00f3 de\" \/>\n\t<meta name=\"robots\" content=\"max-image-preview:large\" \/>\n\t<meta name=\"author\" content=\"El Digital de Asturias\"\/>\n\t<meta name=\"google-site-verification\" content=\"UA-38556648-1\" \/>\n\t<meta name=\"msvalidate.01\" content=\"7dfe9f3f1b24437ab69f4f2559babe99\" \/>\n\t<meta name=\"keywords\" content=\"actualidad\" \/>\n\t<link rel=\"canonical\" href=\"https:\/\/www.eldigitaldeasturias.com\/noticias\/el-polemico-plan-de-quim-torra-en-10-frases\/\" \/>\n\t<meta name=\"generator\" content=\"All in One SEO Pro (AIOSEO) 5.0.1\" \/>\n\t\t<meta property=\"og:locale\" content=\"es_ES\" \/>\n\t\t<meta property=\"og:site_name\" content=\"El Digital de Asturias\" \/>\n\t\t<meta property=\"og:type\" content=\"article\" \/>\n\t\t<meta property=\"og:title\" content=\"El pol\u00e9mico plan de Quim Torra, en 10 frases - El Digital de Asturias\" \/>\n\t\t<meta property=\"og:description\" content=\"Barcelona, 12 may (dpa) - El independentista Quim Torra present\u00f3 hoy el programa que implementar\u00e1 si es investido este lunes como nuevo presidente de Catalu\u00f1a, centrado en seguir avanzando con el plan de ruptura con Espa\u00f1a que abri\u00f3 una grave crisis en el pa\u00eds. En tono confrontativo, Torra prometi\u00f3 avanzar hacia la independencia, tach\u00f3 de\" \/>\n\t\t<meta property=\"og:url\" content=\"https:\/\/www.eldigitaldeasturias.com\/noticias\/el-polemico-plan-de-quim-torra-en-10-frases\/\" \/>\n\t\t<meta property=\"article:tag\" content=\"actualidad\" \/>\n\t\t<meta property=\"article:published_time\" content=\"2018-05-13T09:20:17+00:00\" \/>\n\t\t<meta property=\"article:modified_time\" content=\"2018-05-13T09:20:17+00:00\" \/>\n\t\t<meta property=\"article:publisher\" content=\"https:\/\/facebook.com\/eldigitaldeasturias\" \/>\n\t\t<meta name=\"twitter:card\" content=\"summary_large_image\" \/>\n\t\t<meta name=\"twitter:title\" content=\"El pol\u00e9mico plan de Quim Torra, en 10 frases - El Digital de Asturias\" \/>\n\t\t<meta name=\"twitter:description\" content=\"Barcelona, 12 may (dpa) - El independentista Quim Torra present\u00f3 hoy el programa que implementar\u00e1 si es investido este lunes como nuevo presidente de Catalu\u00f1a, centrado en seguir avanzando con el plan de ruptura con Espa\u00f1a que abri\u00f3 una grave crisis en el pa\u00eds. En tono confrontativo, Torra prometi\u00f3 avanzar hacia la independencia, tach\u00f3 de\" \/>\n\t\t<meta name=\"twitter:image\" content=\"https:\/\/www.eldigitaldeasturias.com\/noticias\/wp-content\/uploads\/2020\/12\/EDA-1.jpg\" \/>\n\t\t<meta name=\"twitter:label1\" content=\"Escrito por\" \/>\n\t\t<meta name=\"twitter:data1\" content=\"El Digital de Asturias\" \/>\n\t\t<meta name=\"twitter:label2\" content=\"Tiempo de lectura estimado\" \/>\n\t\t<meta name=\"twitter:data2\" content=\"3 minutos\" \/>\n\t\t<script type=\"application\/ld+json\" class=\"aioseo-schema\">\n\t\t\t{\"@context\":\"https:\\\/\\\/schema.org\",\"@graph\":[{\"@type\":\"BlogPosting\",\"@id\":\"https:\\\/\\\/www.eldigitaldeasturias.com\\\/noticias\\\/el-polemico-plan-de-quim-torra-en-10-frases\\\/#blogposting\",\"name\":\"El pol\\u00e9mico plan de Quim Torra, en 10 frases - El Digital de Asturias\",\"headline\":\"El pol\\u00e9mico plan de Quim Torra, en 10 frases\",\"author\":{\"@id\":\"https:\\\/\\\/www.eldigitaldeasturias.com\\\/noticias\\\/author\\\/admin\\\/#author\"},\"publisher\":{\"@id\":\"https:\\\/\\\/www.eldigitaldeasturias.com\\\/noticias\\\/#organization\"},\"image\":{\"@type\":\"ImageObject\",\"url\":973562},\"datePublished\":\"2018-05-13T09:20:17+02:00\",\"dateModified\":\"2018-05-13T09:20:17+02:00\",\"inLanguage\":\"es-ES\",\"mainEntityOfPage\":{\"@id\":\"https:\\\/\\\/www.eldigitaldeasturias.com\\\/noticias\\\/el-polemico-plan-de-quim-torra-en-10-frases\\\/#webpage\"},\"isPartOf\":{\"@id\":\"https:\\\/\\\/www.eldigitaldeasturias.com\\\/noticias\\\/el-polemico-plan-de-quim-torra-en-10-frases\\\/#webpage\"},\"articleSection\":\"Actualidad\"},{\"@type\":\"BreadcrumbList\",\"@id\":\"https:\\\/\\\/www.eldigitaldeasturias.com\\\/noticias\\\/el-polemico-plan-de-quim-torra-en-10-frases\\\/#breadcrumblist\",\"itemListElement\":[{\"@type\":\"ListItem\",\"@id\":\"https:\\\/\\\/www.eldigitaldeasturias.com\\\/noticias#listItem\",\"position\":1,\"name\":\"Home\",\"item\":\"https:\\\/\\\/www.eldigitaldeasturias.com\\\/noticias\",\"nextItem\":{\"@type\":\"ListItem\",\"@id\":\"https:\\\/\\\/www.eldigitaldeasturias.com\\\/noticias\\\/category\\\/actualidad\\\/#listItem\",\"name\":\"Actualidad\"}},{\"@type\":\"ListItem\",\"@id\":\"https:\\\/\\\/www.eldigitaldeasturias.com\\\/noticias\\\/category\\\/actualidad\\\/#listItem\",\"position\":2,\"name\":\"Actualidad\",\"item\":\"https:\\\/\\\/www.eldigitaldeasturias.com\\\/noticias\\\/category\\\/actualidad\\\/\",\"nextItem\":{\"@type\":\"ListItem\",\"@id\":\"https:\\\/\\\/www.eldigitaldeasturias.com\\\/noticias\\\/el-polemico-plan-de-quim-torra-en-10-frases\\\/#listItem\",\"name\":\"El pol\\u00e9mico plan de Quim Torra, en 10 frases\"},\"previousItem\":{\"@type\":\"ListItem\",\"@id\":\"https:\\\/\\\/www.eldigitaldeasturias.com\\\/noticias#listItem\",\"name\":\"Home\"}},{\"@type\":\"ListItem\",\"@id\":\"https:\\\/\\\/www.eldigitaldeasturias.com\\\/noticias\\\/el-polemico-plan-de-quim-torra-en-10-frases\\\/#listItem\",\"position\":3,\"name\":\"El pol\\u00e9mico plan de Quim Torra, en 10 frases\",\"previousItem\":{\"@type\":\"ListItem\",\"@id\":\"https:\\\/\\\/www.eldigitaldeasturias.com\\\/noticias\\\/category\\\/actualidad\\\/#listItem\",\"name\":\"Actualidad\"}}]},{\"@type\":\"Organization\",\"@id\":\"https:\\\/\\\/www.eldigitaldeasturias.com\\\/noticias\\\/#organization\",\"name\":\"El Digital de Asturias\",\"description\":\"Hemeroteca\",\"url\":\"https:\\\/\\\/www.eldigitaldeasturias.com\\\/noticias\\\/\",\"email\":\"info@eldigitaldeasturias.com\",\"telephone\":\"+34652131393\",\"logo\":{\"@type\":\"ImageObject\",\"url\":\"https:\\\/\\\/www.eldigitaldeasturias.com\\\/noticias\\\/wp-content\\\/uploads\\\/2020\\\/12\\\/EDA.jpg\",\"@id\":\"https:\\\/\\\/www.eldigitaldeasturias.com\\\/noticias\\\/el-polemico-plan-de-quim-torra-en-10-frases\\\/#organizationLogo\"},\"image\":{\"@id\":\"https:\\\/\\\/www.eldigitaldeasturias.com\\\/noticias\\\/el-polemico-plan-de-quim-torra-en-10-frases\\\/#organizationLogo\"},\"sameAs\":[\"https:\\\/\\\/facebook.com\\\/eldigitaldeasturias\",\"https:\\\/\\\/www.youtube.com\\\/channel\\\/UCZP-2wLEB9Rv6erhFmqVnvg\"],\"address\":{\"@id\":\"https:\\\/\\\/www.eldigitaldeasturias.com\\\/noticias\\\/#postaladdress\",\"@type\":\"PostalAddress\",\"streetAddress\":\"san antonio 4\",\"postalCode\":\"33430\",\"addressLocality\":\"Cand\\u00e1s\",\"addressRegion\":\"Asturias\",\"addressCountry\":\"ES\"}},{\"@type\":\"Person\",\"@id\":\"https:\\\/\\\/www.eldigitaldeasturias.com\\\/noticias\\\/author\\\/admin\\\/#author\",\"url\":\"https:\\\/\\\/www.eldigitaldeasturias.com\\\/noticias\\\/author\\\/admin\\\/\",\"name\":\"El Digital de Asturias\",\"image\":{\"@type\":\"ImageObject\",\"@id\":\"https:\\\/\\\/www.eldigitaldeasturias.com\\\/noticias\\\/el-polemico-plan-de-quim-torra-en-10-frases\\\/#authorImage\",\"url\":\"https:\\\/\\\/secure.gravatar.com\\\/avatar\\\/df2aeffc32bcd13f8d26072ef8a91b623d677766deac7f97ca815868cd41bf5e?s=96&d=mm&r=g\",\"width\":96,\"height\":96,\"caption\":\"El Digital de Asturias\"}},{\"@type\":\"WebPage\",\"@id\":\"https:\\\/\\\/www.eldigitaldeasturias.com\\\/noticias\\\/el-polemico-plan-de-quim-torra-en-10-frases\\\/#webpage\",\"url\":\"https:\\\/\\\/www.eldigitaldeasturias.com\\\/noticias\\\/el-polemico-plan-de-quim-torra-en-10-frases\\\/\",\"name\":\"El pol\\u00e9mico plan de Quim Torra, en 10 frases - El Digital de Asturias\",\"description\":\"Barcelona, 12 may (dpa) - El independentista Quim Torra present\\u00f3 hoy el programa que implementar\\u00e1 si es investido este lunes como nuevo presidente de Catalu\\u00f1a, centrado en seguir avanzando con el plan de ruptura con Espa\\u00f1a que abri\\u00f3 una grave crisis en el pa\\u00eds. En tono confrontativo, Torra prometi\\u00f3 avanzar hacia la independencia, tach\\u00f3 de\",\"inLanguage\":\"es-ES\",\"isPartOf\":{\"@id\":\"https:\\\/\\\/www.eldigitaldeasturias.com\\\/noticias\\\/#website\"},\"breadcrumb\":{\"@id\":\"https:\\\/\\\/www.eldigitaldeasturias.com\\\/noticias\\\/el-polemico-plan-de-quim-torra-en-10-frases\\\/#breadcrumblist\"},\"author\":{\"@id\":\"https:\\\/\\\/www.eldigitaldeasturias.com\\\/noticias\\\/author\\\/admin\\\/#author\"},\"creator\":{\"@id\":\"https:\\\/\\\/www.eldigitaldeasturias.com\\\/noticias\\\/author\\\/admin\\\/#author\"},\"image\":{\"@type\":\"ImageObject\",\"url\":973562,\"@id\":\"https:\\\/\\\/www.eldigitaldeasturias.com\\\/noticias\\\/el-polemico-plan-de-quim-torra-en-10-frases\\\/#mainImage\"},\"primaryImageOfPage\":{\"@id\":\"https:\\\/\\\/www.eldigitaldeasturias.com\\\/noticias\\\/el-polemico-plan-de-quim-torra-en-10-frases\\\/#mainImage\"},\"datePublished\":\"2018-05-13T09:20:17+02:00\",\"dateModified\":\"2018-05-13T09:20:17+02:00\"},{\"@type\":\"WebSite\",\"@id\":\"https:\\\/\\\/www.eldigitaldeasturias.com\\\/noticias\\\/#website\",\"url\":\"https:\\\/\\\/www.eldigitaldeasturias.com\\\/noticias\\\/\",\"name\":\"El Digital de Asturias - Diario de actualidad y noticias\",\"alternateName\":\"El Digital de Asturias - Diario de actualidad y noticias\",\"description\":\"Hemeroteca\",\"inLanguage\":\"es-ES\",\"publisher\":{\"@id\":\"https:\\\/\\\/www.eldigitaldeasturias.com\\\/noticias\\\/#organization\"}}]}\n\t\t<\/script>\n\t\t<!-- All in One SEO Pro -->\r\n\t\t<title>El pol\u00e9mico plan de Quim Torra, en 10 frases - El Digital de Asturias<\/title>\n\n","aioseo_head_json":{"title":"El pol\u00e9mico plan de Quim Torra, en 10 frases - El Digital de Asturias","description":"Barcelona, 12 may (dpa) - El independentista Quim Torra present\u00f3 hoy el programa que implementar\u00e1 si es investido este lunes como nuevo presidente de Catalu\u00f1a, centrado en seguir avanzando con el plan de ruptura con Espa\u00f1a que abri\u00f3 una grave crisis en el pa\u00eds. En tono confrontativo, Torra prometi\u00f3 avanzar hacia la independencia, tach\u00f3 de","canonical_url":"https:\/\/www.eldigitaldeasturias.com\/noticias\/el-polemico-plan-de-quim-torra-en-10-frases\/","robots":"max-image-preview:large","keywords":"actualidad","webmasterTools":{"google-site-verification":"UA-38556648-1","msvalidate.01":"7dfe9f3f1b24437ab69f4f2559babe99","miscellaneous":""},"schema":{"@context":"https:\/\/schema.org","@graph":[{"@type":"BlogPosting","@id":"https:\/\/www.eldigitaldeasturias.com\/noticias\/el-polemico-plan-de-quim-torra-en-10-frases\/#blogposting","name":"El pol\u00e9mico plan de Quim Torra, en 10 frases - El Digital de Asturias","headline":"El pol\u00e9mico plan de Quim Torra, en 10 frases","author":{"@id":"https:\/\/www.eldigitaldeasturias.com\/noticias\/author\/admin\/#author"},"publisher":{"@id":"https:\/\/www.eldigitaldeasturias.com\/noticias\/#organization"},"image":{"@type":"ImageObject","url":973562},"datePublished":"2018-05-13T09:20:17+02:00","dateModified":"2018-05-13T09:20:17+02:00","inLanguage":"es-ES","mainEntityOfPage":{"@id":"https:\/\/www.eldigitaldeasturias.com\/noticias\/el-polemico-plan-de-quim-torra-en-10-frases\/#webpage"},"isPartOf":{"@id":"https:\/\/www.eldigitaldeasturias.com\/noticias\/el-polemico-plan-de-quim-torra-en-10-frases\/#webpage"},"articleSection":"Actualidad"},{"@type":"BreadcrumbList","@id":"https:\/\/www.eldigitaldeasturias.com\/noticias\/el-polemico-plan-de-quim-torra-en-10-frases\/#breadcrumblist","itemListElement":[{"@type":"ListItem","@id":"https:\/\/www.eldigitaldeasturias.com\/noticias#listItem","position":1,"name":"Home","item":"https:\/\/www.eldigitaldeasturias.com\/noticias","nextItem":{"@type":"ListItem","@id":"https:\/\/www.eldigitaldeasturias.com\/noticias\/category\/actualidad\/#listItem","name":"Actualidad"}},{"@type":"ListItem","@id":"https:\/\/www.eldigitaldeasturias.com\/noticias\/category\/actualidad\/#listItem","position":2,"name":"Actualidad","item":"https:\/\/www.eldigitaldeasturias.com\/noticias\/category\/actualidad\/","nextItem":{"@type":"ListItem","@id":"https:\/\/www.eldigitaldeasturias.com\/noticias\/el-polemico-plan-de-quim-torra-en-10-frases\/#listItem","name":"El pol\u00e9mico plan de Quim Torra, en 10 frases"},"previousItem":{"@type":"ListItem","@id":"https:\/\/www.eldigitaldeasturias.com\/noticias#listItem","name":"Home"}},{"@type":"ListItem","@id":"https:\/\/www.eldigitaldeasturias.com\/noticias\/el-polemico-plan-de-quim-torra-en-10-frases\/#listItem","position":3,"name":"El pol\u00e9mico plan de Quim Torra, en 10 frases","previousItem":{"@type":"ListItem","@id":"https:\/\/www.eldigitaldeasturias.com\/noticias\/category\/actualidad\/#listItem","name":"Actualidad"}}]},{"@type":"Organization","@id":"https:\/\/www.eldigitaldeasturias.com\/noticias\/#organization","name":"El Digital de Asturias","description":"Hemeroteca","url":"https:\/\/www.eldigitaldeasturias.com\/noticias\/","email":"info@eldigitaldeasturias.com","telephone":"+34652131393","logo":{"@type":"ImageObject","url":"https:\/\/www.eldigitaldeasturias.com\/noticias\/wp-content\/uploads\/2020\/12\/EDA.jpg","@id":"https:\/\/www.eldigitaldeasturias.com\/noticias\/el-polemico-plan-de-quim-torra-en-10-frases\/#organizationLogo"},"image":{"@id":"https:\/\/www.eldigitaldeasturias.com\/noticias\/el-polemico-plan-de-quim-torra-en-10-frases\/#organizationLogo"},"sameAs":["https:\/\/facebook.com\/eldigitaldeasturias","https:\/\/www.youtube.com\/channel\/UCZP-2wLEB9Rv6erhFmqVnvg"],"address":{"@id":"https:\/\/www.eldigitaldeasturias.com\/noticias\/#postaladdress","@type":"PostalAddress","streetAddress":"san antonio 4","postalCode":"33430","addressLocality":"Cand\u00e1s","addressRegion":"Asturias","addressCountry":"ES"}},{"@type":"Person","@id":"https:\/\/www.eldigitaldeasturias.com\/noticias\/author\/admin\/#author","url":"https:\/\/www.eldigitaldeasturias.com\/noticias\/author\/admin\/","name":"El Digital de Asturias","image":{"@type":"ImageObject","@id":"https:\/\/www.eldigitaldeasturias.com\/noticias\/el-polemico-plan-de-quim-torra-en-10-frases\/#authorImage","url":"https:\/\/secure.gravatar.com\/avatar\/df2aeffc32bcd13f8d26072ef8a91b623d677766deac7f97ca815868cd41bf5e?s=96&d=mm&r=g","width":96,"height":96,"caption":"El Digital de Asturias"}},{"@type":"WebPage","@id":"https:\/\/www.eldigitaldeasturias.com\/noticias\/el-polemico-plan-de-quim-torra-en-10-frases\/#webpage","url":"https:\/\/www.eldigitaldeasturias.com\/noticias\/el-polemico-plan-de-quim-torra-en-10-frases\/","name":"El pol\u00e9mico plan de Quim Torra, en 10 frases - El Digital de Asturias","description":"Barcelona, 12 may (dpa) - El independentista Quim Torra present\u00f3 hoy el programa que implementar\u00e1 si es investido este lunes como nuevo presidente de Catalu\u00f1a, centrado en seguir avanzando con el plan de ruptura con Espa\u00f1a que abri\u00f3 una grave crisis en el pa\u00eds. En tono confrontativo, Torra prometi\u00f3 avanzar hacia la independencia, tach\u00f3 de","inLanguage":"es-ES","isPartOf":{"@id":"https:\/\/www.eldigitaldeasturias.com\/noticias\/#website"},"breadcrumb":{"@id":"https:\/\/www.eldigitaldeasturias.com\/noticias\/el-polemico-plan-de-quim-torra-en-10-frases\/#breadcrumblist"},"author":{"@id":"https:\/\/www.eldigitaldeasturias.com\/noticias\/author\/admin\/#author"},"creator":{"@id":"https:\/\/www.eldigitaldeasturias.com\/noticias\/author\/admin\/#author"},"image":{"@type":"ImageObject","url":973562,"@id":"https:\/\/www.eldigitaldeasturias.com\/noticias\/el-polemico-plan-de-quim-torra-en-10-frases\/#mainImage"},"primaryImageOfPage":{"@id":"https:\/\/www.eldigitaldeasturias.com\/noticias\/el-polemico-plan-de-quim-torra-en-10-frases\/#mainImage"},"datePublished":"2018-05-13T09:20:17+02:00","dateModified":"2018-05-13T09:20:17+02:00"},{"@type":"WebSite","@id":"https:\/\/www.eldigitaldeasturias.com\/noticias\/#website","url":"https:\/\/www.eldigitaldeasturias.com\/noticias\/","name":"El Digital de Asturias - Diario de actualidad y noticias","alternateName":"El Digital de Asturias - Diario de actualidad y noticias","description":"Hemeroteca","inLanguage":"es-ES","publisher":{"@id":"https:\/\/www.eldigitaldeasturias.com\/noticias\/#organization"}}]},"og:locale":"es_ES","og:site_name":"El Digital de Asturias","og:type":"article","og:title":"El pol\u00e9mico plan de Quim Torra, en 10 frases - El Digital de Asturias","og:description":"Barcelona, 12 may (dpa) - El independentista Quim Torra present\u00f3 hoy el programa que implementar\u00e1 si es investido este lunes como nuevo presidente de Catalu\u00f1a, centrado en seguir avanzando con el plan de ruptura con Espa\u00f1a que abri\u00f3 una grave crisis en el pa\u00eds. En tono confrontativo, Torra prometi\u00f3 avanzar hacia la independencia, tach\u00f3 de","og:url":"https:\/\/www.eldigitaldeasturias.com\/noticias\/el-polemico-plan-de-quim-torra-en-10-frases\/","article:tag":["actualidad"],"article:published_time":"2018-05-13T09:20:17+00:00","article:modified_time":"2018-05-13T09:20:17+00:00","article:publisher":"https:\/\/facebook.com\/eldigitaldeasturias","twitter:card":"summary_large_image","twitter:title":"El pol\u00e9mico plan de Quim Torra, en 10 frases - El Digital de Asturias","twitter:description":"Barcelona, 12 may (dpa) - El independentista Quim Torra present\u00f3 hoy el programa que implementar\u00e1 si es investido este lunes como nuevo presidente de Catalu\u00f1a, centrado en seguir avanzando con el plan de ruptura con Espa\u00f1a que abri\u00f3 una grave crisis en el pa\u00eds. En tono confrontativo, Torra prometi\u00f3 avanzar hacia la independencia, tach\u00f3 de","twitter:image":"https:\/\/www.eldigitaldeasturias.com\/noticias\/wp-content\/uploads\/2020\/12\/EDA-1.jpg","twitter:label1":"Escrito por","twitter:data1":"El Digital de Asturias","twitter:label2":"Tiempo de lectura estimado","twitter:data2":"3 minutos"},"aioseo_meta_data":{"post_id":"980083","title":null,"description":null,"keywords":null,"keyphrases":null,"primary_term":null,"canonical_url":null,"og_title":null,"og_description":null,"og_object_type":"default","og_image_type":"default","og_image_url":null,"og_image_width":null,"og_image_height":null,"og_image_custom_url":null,"og_image_custom_fields":null,"og_video":null,"og_custom_url":null,"og_article_section":null,"og_article_tags":null,"twitter_use_og":false,"twitter_card":"default","twitter_image_type":"default","twitter_image_url":null,"twitter_image_custom_url":null,"twitter_image_custom_fields":null,"twitter_title":null,"twitter_description":null,"schema":{"blockGraphs":[],"customGraphs":[],"default":{"data":{"Article":[],"Course":[],"Dataset":[],"FAQPage":[],"Movie":[],"Person":[],"Product":[],"ProductReview":[],"Car":[],"Recipe":[],"Service":[],"SoftwareApplication":[],"WebPage":[]},"graphName":"","isEnabled":true},"graphs":[],"defaultGraph":"","defaultPostTypeGraph":""},"schema_type":null,"schema_type_options":null,"pillar_content":false,"robots_default":true,"robots_noindex":false,"robots_noarchive":false,"robots_nosnippet":false,"robots_nofollow":false,"robots_noimageindex":false,"robots_noodp":false,"robots_notranslate":false,"robots_max_snippet":null,"robots_max_videopreview":null,"robots_max_imagepreview":"large","priority":null,"frequency":null,"local_seo":null,"seo_analyzer_scan_date":"2025-10-08 16:40:27","breadcrumb_settings":null,"limit_modified_date":false,"open_ai":null,"ai":null,"created":"2020-12-21 11:57:40","updated":"2025-10-08 16:40:27","focus_keyword":null,"additional_keywords":null,"truseo_locale":null},"aioseo_breadcrumb":"<div class=\"aioseo-breadcrumbs\"><span class=\"aioseo-breadcrumb\">\n\t<a href=\"https:\/\/www.eldigitaldeasturias.com\/noticias\" title=\"Home\">Home<\/a>\n<\/span><span class=\"aioseo-breadcrumb-separator\">\u2013<\/span><span class=\"aioseo-breadcrumb\">\n\t<a href=\"https:\/\/www.eldigitaldeasturias.com\/noticias\/category\/actualidad\/\" title=\"Actualidad\">Actualidad<\/a>\n<\/span><span class=\"aioseo-breadcrumb-separator\">\u2013<\/span><span class=\"aioseo-breadcrumb\">\n\t<a href=\"https:\/\/www.eldigitaldeasturias.com\/noticias\/el-polemico-plan-de-quim-torra-en-10-frases\/\" title=\"El pol\u00e9mico plan de Quim Torra, en 10 frases\">El pol\u00e9mico plan de Quim Torra, en 10 frases<\/a>\n<\/span><\/div>","aioseo_breadcrumb_json":[{"label":"Home","link":"https:\/\/www.eldigitaldeasturias.com\/noticias"},{"label":"Actualidad","link":"https:\/\/www.eldigitaldeasturias.com\/noticias\/category\/actualidad\/"},{"label":"El pol\u00e9mico plan de Quim Torra, en 10 frases","link":"https:\/\/www.eldigitaldeasturias.com\/noticias\/el-polemico-plan-de-quim-torra-en-10-frases\/"}],"_links":{"self":[{"href":"https:\/\/www.eldigitaldeasturias.com\/noticias\/wp-json\/wp\/v2\/posts\/980083","targetHints":{"allow":["GET"]}}],"collection":[{"href":"https:\/\/www.eldigitaldeasturias.com\/noticias\/wp-json\/wp\/v2\/posts"}],"about":[{"href":"https:\/\/www.eldigitaldeasturias.com\/noticias\/wp-json\/wp\/v2\/types\/post"}],"author":[{"embeddable":true,"href":"https:\/\/www.eldigitaldeasturias.com\/noticias\/wp-json\/wp\/v2\/users\/1"}],"replies":[{"embeddable":true,"href":"https:\/\/www.eldigitaldeasturias.com\/noticias\/wp-json\/wp\/v2\/comments?post=980083"}],"version-history":[{"count":0,"href":"https:\/\/www.eldigitaldeasturias.com\/noticias\/wp-json\/wp\/v2\/posts\/980083\/revisions"}],"wp:attachment":[{"href":"https:\/\/www.eldigitaldeasturias.com\/noticias\/wp-json\/wp\/v2\/media?parent=980083"}],"wp:term":[{"taxonomy":"category","embeddable":true,"href":"https:\/\/www.eldigitaldeasturias.com\/noticias\/wp-json\/wp\/v2\/categories?post=980083"},{"taxonomy":"post_tag","embeddable":true,"href":"https:\/\/www.eldigitaldeasturias.com\/noticias\/wp-json\/wp\/v2\/tags?post=980083"}],"curies":[{"name":"wp","href":"https:\/\/api.w.org\/{rel}","templated":true}]}}