{"id":980072,"date":"2018-05-13T08:53:12","date_gmt":"2018-05-13T08:53:12","guid":{"rendered":"http:\/\/www.eldigitaldeasturias.com\/noticias\/?p=980072"},"modified":"2018-05-13T08:53:12","modified_gmt":"2018-05-13T08:53:12","slug":"maduro-sobre-el-fmi-son-los-sicarios-del-mundo","status":"publish","type":"post","link":"https:\/\/www.eldigitaldeasturias.com\/noticias\/maduro-sobre-el-fmi-son-los-sicarios-del-mundo\/","title":{"rendered":"Maduro sobre el FMI: \u00abSon los sicarios del mundo\u00bb"},"content":{"rendered":"<p><img loading=\"lazy\" decoding=\"async\" class=\"alignleft size-medium wp-image-485917\" src=\"https:\/\/www.eldigitaldeasturias.com\/noticias\/wp-content\/uploads\/2014\/02\/5919099w-360x240.jpg\" alt=\"\" width=\"360\" height=\"240\" \/>Caracas, 12 may (dpa) \u2013 El presidente de Venezuela, Nicol\u00e1s Maduro, descart\u00f3 hoy alg\u00fan acuerdo con el Fondo Monetario Internacional (FMI), a pesar de la necesidad de financiamiento externo que tiene la agobiada econom\u00eda del pa\u00eds.<\/p>\n<p>Maduro acus\u00f3 al FMI de ser responsable del hundimiento de pa\u00edses en el mundo. \u00abSon los sicarios del mundo\u00bb, asever\u00f3 en una rueda de prensa en el estado central de Aragua, en medio de su campa\u00f1a por la reelecci\u00f3n en los comicios de la pr\u00f3xima semana.<\/p>\n<p>\u00abEl Fondo Monetario Internacional me tiene sin cuidado, Venezuela es independiente del Fondo Monetario, que se vaya al carajo\u00bb, se\u00f1al\u00f3 entre risas de los asistentes. \u00abAl Fondo Monetario no lo queremos en Venezuela\u00bb, agreg\u00f3.<\/p>\n<p>La econom\u00eda venezolana est\u00e1 atravesando una severa crisis por la ca\u00edda de los ingresos petroleros, que se ha evidenciado en el prolongado desabastecimiento de bienes de consumo masivo y medicinas, adem\u00e1s de deudas sin pagar.<\/p>\n<p>Maduro dijo que el Gobierno debe proteger el salario, aunque se ha negado a aplicar un programa antiinflacionario para detener la hiperinflaci\u00f3n que se instal\u00f3 en el pa\u00eds hace seis meses.<\/p>\n<p>Por otro lado, inst\u00f3 a Europa a no dejarse llevar por el Gobierno de Estados Unidos y reconocer el resultado de las elecciones del 20 de mayo, en las cuales buscar\u00e1 una reelecci\u00f3n sin un rival opositor de peso.<\/p>\n<p>\u00abYo creo que la derecha del Ku Klux Klan, que gobierna Washington, est\u00e1 arrastrando a la derecha europea hacia un gran error hist\u00f3rico. Yo espero que Europa reflexione, espero que tenga un poco de racionalidad y, cuando vea lo que va a suceder en Venezuela el 20 de mayo, no se sume al Ku Klux Klan que dirige Washington\u00bb, dijo.<\/p>\n<p>Maduro dijo que conf\u00eda en que el pueblo saldr\u00e1 a votar, desestimando el llamado de la mayor alianza opositora Mesa de Unidad Democr\u00e1tica (MUD), que declin\u00f3 participar por considerar las elecciones un proceso fraudulento.<\/p>\n<p>\u00abYo espero que el pueblo de Venezuela salga a votar para defender la democracia, la libertad y el domingo 20 de mayo tengamos un gran acto de uni\u00f3n nacional donde nos unamos todos los venezolanos a trav\u00e9s del voto. Eso es lo que yo espero y es lo que va a suceder\u00bb, se\u00f1al\u00f3.<\/p>\n<p>Maduro enfrentar\u00e1 a Henri Falc\u00f3n, el candidato opositor que rompi\u00f3 la linea de boicot a las elecciones de la MUD y decidi\u00f3 participar.<\/p>\n<p>&nbsp;<\/p>\n","protected":false},"excerpt":{"rendered":"<p>Caracas, 12 may (dpa) \u2013 El presidente de Venezuela, Nicol\u00e1s Maduro, descart\u00f3 hoy alg\u00fan acuerdo con el Fondo Monetario Internacional (FMI), a pesar de la necesidad de financiamiento externo que tiene la agobiada econom\u00eda del pa\u00eds. Maduro acus\u00f3 al FMI de ser responsable del hundimiento de pa\u00edses en el mundo. \u00abSon los sicarios del mundo\u00bb, [&hellip;]<\/p>\n","protected":false},"author":1,"featured_media":485917,"comment_status":"closed","ping_status":"closed","sticky":false,"template":"","format":"standard","meta":{"footnotes":""},"categories":[1],"tags":[],"class_list":["post-980072","post","type-post","status-publish","format-standard","has-post-thumbnail","hentry","category-actualidad"],"aioseo_notices":[],"aioseo_head":"\n\t\t<!-- All in One SEO Pro 5.0.1 - aioseo.com -->\n\t<meta name=\"description\" content=\"Caracas, 12 may (dpa) \u2013 El presidente de Venezuela, Nicol\u00e1s Maduro, descart\u00f3 hoy alg\u00fan acuerdo con el Fondo Monetario Internacional (FMI), a pesar de la necesidad de financiamiento externo que tiene la agobiada econom\u00eda del pa\u00eds. Maduro acus\u00f3 al FMI de ser responsable del hundimiento de pa\u00edses en el mundo. &quot;Son los sicarios del mundo&quot;,\" \/>\n\t<meta name=\"robots\" content=\"max-image-preview:large\" \/>\n\t<meta name=\"author\" content=\"El Digital de Asturias\"\/>\n\t<meta name=\"google-site-verification\" content=\"UA-38556648-1\" \/>\n\t<meta name=\"msvalidate.01\" content=\"7dfe9f3f1b24437ab69f4f2559babe99\" \/>\n\t<meta name=\"keywords\" content=\"actualidad\" \/>\n\t<link rel=\"canonical\" href=\"https:\/\/www.eldigitaldeasturias.com\/noticias\/maduro-sobre-el-fmi-son-los-sicarios-del-mundo\/\" \/>\n\t<meta name=\"generator\" content=\"All in One SEO Pro (AIOSEO) 5.0.1\" \/>\n\t\t<meta property=\"og:locale\" content=\"es_ES\" \/>\n\t\t<meta property=\"og:site_name\" content=\"El Digital de Asturias\" \/>\n\t\t<meta property=\"og:type\" content=\"article\" \/>\n\t\t<meta property=\"og:title\" content=\"Maduro sobre el FMI: \u00abSon los sicarios del mundo\u00bb - El Digital de Asturias\" \/>\n\t\t<meta property=\"og:description\" content=\"Caracas, 12 may (dpa) \u2013 El presidente de Venezuela, Nicol\u00e1s Maduro, descart\u00f3 hoy alg\u00fan acuerdo con el Fondo Monetario Internacional (FMI), a pesar de la necesidad de financiamiento externo que tiene la agobiada econom\u00eda del pa\u00eds. Maduro acus\u00f3 al FMI de ser responsable del hundimiento de pa\u00edses en el mundo. &quot;Son los sicarios del mundo&quot;,\" \/>\n\t\t<meta property=\"og:url\" content=\"https:\/\/www.eldigitaldeasturias.com\/noticias\/maduro-sobre-el-fmi-son-los-sicarios-del-mundo\/\" \/>\n\t\t<meta property=\"article:tag\" content=\"actualidad\" \/>\n\t\t<meta property=\"article:published_time\" content=\"2018-05-13T08:53:12+00:00\" \/>\n\t\t<meta property=\"article:modified_time\" content=\"2018-05-13T08:53:12+00:00\" \/>\n\t\t<meta property=\"article:publisher\" content=\"https:\/\/facebook.com\/eldigitaldeasturias\" \/>\n\t\t<meta name=\"twitter:card\" content=\"summary_large_image\" \/>\n\t\t<meta name=\"twitter:title\" content=\"Maduro sobre el FMI: \u00abSon los sicarios del mundo\u00bb - El Digital de Asturias\" \/>\n\t\t<meta name=\"twitter:description\" content=\"Caracas, 12 may (dpa) \u2013 El presidente de Venezuela, Nicol\u00e1s Maduro, descart\u00f3 hoy alg\u00fan acuerdo con el Fondo Monetario Internacional (FMI), a pesar de la necesidad de financiamiento externo que tiene la agobiada econom\u00eda del pa\u00eds. Maduro acus\u00f3 al FMI de ser responsable del hundimiento de pa\u00edses en el mundo. &quot;Son los sicarios del mundo&quot;,\" \/>\n\t\t<meta name=\"twitter:image\" content=\"https:\/\/www.eldigitaldeasturias.com\/noticias\/wp-content\/uploads\/2020\/12\/EDA-1.jpg\" \/>\n\t\t<meta name=\"twitter:label1\" content=\"Escrito por\" \/>\n\t\t<meta name=\"twitter:data1\" content=\"El Digital de Asturias\" \/>\n\t\t<meta name=\"twitter:label2\" content=\"Tiempo de lectura estimado\" \/>\n\t\t<meta name=\"twitter:data2\" content=\"2 minutos\" \/>\n\t\t<script type=\"application\/ld+json\" class=\"aioseo-schema\">\n\t\t\t{\"@context\":\"https:\\\/\\\/schema.org\",\"@graph\":[{\"@type\":\"BlogPosting\",\"@id\":\"https:\\\/\\\/www.eldigitaldeasturias.com\\\/noticias\\\/maduro-sobre-el-fmi-son-los-sicarios-del-mundo\\\/#blogposting\",\"name\":\"Maduro sobre el FMI: \\u00abSon los sicarios del mundo\\u00bb - El Digital de Asturias\",\"headline\":\"Maduro sobre el FMI: \\u00abSon los sicarios del mundo\\u00bb\",\"author\":{\"@id\":\"https:\\\/\\\/www.eldigitaldeasturias.com\\\/noticias\\\/author\\\/admin\\\/#author\"},\"publisher\":{\"@id\":\"https:\\\/\\\/www.eldigitaldeasturias.com\\\/noticias\\\/#organization\"},\"image\":{\"@type\":\"ImageObject\",\"url\":485917},\"datePublished\":\"2018-05-13T08:53:12+02:00\",\"dateModified\":\"2018-05-13T08:53:12+02:00\",\"inLanguage\":\"es-ES\",\"mainEntityOfPage\":{\"@id\":\"https:\\\/\\\/www.eldigitaldeasturias.com\\\/noticias\\\/maduro-sobre-el-fmi-son-los-sicarios-del-mundo\\\/#webpage\"},\"isPartOf\":{\"@id\":\"https:\\\/\\\/www.eldigitaldeasturias.com\\\/noticias\\\/maduro-sobre-el-fmi-son-los-sicarios-del-mundo\\\/#webpage\"},\"articleSection\":\"Actualidad\"},{\"@type\":\"BreadcrumbList\",\"@id\":\"https:\\\/\\\/www.eldigitaldeasturias.com\\\/noticias\\\/maduro-sobre-el-fmi-son-los-sicarios-del-mundo\\\/#breadcrumblist\",\"itemListElement\":[{\"@type\":\"ListItem\",\"@id\":\"https:\\\/\\\/www.eldigitaldeasturias.com\\\/noticias#listItem\",\"position\":1,\"name\":\"Home\",\"item\":\"https:\\\/\\\/www.eldigitaldeasturias.com\\\/noticias\",\"nextItem\":{\"@type\":\"ListItem\",\"@id\":\"https:\\\/\\\/www.eldigitaldeasturias.com\\\/noticias\\\/category\\\/actualidad\\\/#listItem\",\"name\":\"Actualidad\"}},{\"@type\":\"ListItem\",\"@id\":\"https:\\\/\\\/www.eldigitaldeasturias.com\\\/noticias\\\/category\\\/actualidad\\\/#listItem\",\"position\":2,\"name\":\"Actualidad\",\"item\":\"https:\\\/\\\/www.eldigitaldeasturias.com\\\/noticias\\\/category\\\/actualidad\\\/\",\"nextItem\":{\"@type\":\"ListItem\",\"@id\":\"https:\\\/\\\/www.eldigitaldeasturias.com\\\/noticias\\\/maduro-sobre-el-fmi-son-los-sicarios-del-mundo\\\/#listItem\",\"name\":\"Maduro sobre el FMI: \\u00abSon los sicarios del mundo\\u00bb\"},\"previousItem\":{\"@type\":\"ListItem\",\"@id\":\"https:\\\/\\\/www.eldigitaldeasturias.com\\\/noticias#listItem\",\"name\":\"Home\"}},{\"@type\":\"ListItem\",\"@id\":\"https:\\\/\\\/www.eldigitaldeasturias.com\\\/noticias\\\/maduro-sobre-el-fmi-son-los-sicarios-del-mundo\\\/#listItem\",\"position\":3,\"name\":\"Maduro sobre el FMI: \\u00abSon los sicarios del mundo\\u00bb\",\"previousItem\":{\"@type\":\"ListItem\",\"@id\":\"https:\\\/\\\/www.eldigitaldeasturias.com\\\/noticias\\\/category\\\/actualidad\\\/#listItem\",\"name\":\"Actualidad\"}}]},{\"@type\":\"Organization\",\"@id\":\"https:\\\/\\\/www.eldigitaldeasturias.com\\\/noticias\\\/#organization\",\"name\":\"El Digital de Asturias\",\"description\":\"Hemeroteca\",\"url\":\"https:\\\/\\\/www.eldigitaldeasturias.com\\\/noticias\\\/\",\"email\":\"info@eldigitaldeasturias.com\",\"telephone\":\"+34652131393\",\"logo\":{\"@type\":\"ImageObject\",\"url\":\"https:\\\/\\\/www.eldigitaldeasturias.com\\\/noticias\\\/wp-content\\\/uploads\\\/2020\\\/12\\\/EDA.jpg\",\"@id\":\"https:\\\/\\\/www.eldigitaldeasturias.com\\\/noticias\\\/maduro-sobre-el-fmi-son-los-sicarios-del-mundo\\\/#organizationLogo\"},\"image\":{\"@id\":\"https:\\\/\\\/www.eldigitaldeasturias.com\\\/noticias\\\/maduro-sobre-el-fmi-son-los-sicarios-del-mundo\\\/#organizationLogo\"},\"sameAs\":[\"https:\\\/\\\/facebook.com\\\/eldigitaldeasturias\",\"https:\\\/\\\/www.youtube.com\\\/channel\\\/UCZP-2wLEB9Rv6erhFmqVnvg\"],\"address\":{\"@id\":\"https:\\\/\\\/www.eldigitaldeasturias.com\\\/noticias\\\/#postaladdress\",\"@type\":\"PostalAddress\",\"streetAddress\":\"san antonio 4\",\"postalCode\":\"33430\",\"addressLocality\":\"Cand\\u00e1s\",\"addressRegion\":\"Asturias\",\"addressCountry\":\"ES\"}},{\"@type\":\"Person\",\"@id\":\"https:\\\/\\\/www.eldigitaldeasturias.com\\\/noticias\\\/author\\\/admin\\\/#author\",\"url\":\"https:\\\/\\\/www.eldigitaldeasturias.com\\\/noticias\\\/author\\\/admin\\\/\",\"name\":\"El Digital de Asturias\",\"image\":{\"@type\":\"ImageObject\",\"@id\":\"https:\\\/\\\/www.eldigitaldeasturias.com\\\/noticias\\\/maduro-sobre-el-fmi-son-los-sicarios-del-mundo\\\/#authorImage\",\"url\":\"https:\\\/\\\/secure.gravatar.com\\\/avatar\\\/df2aeffc32bcd13f8d26072ef8a91b623d677766deac7f97ca815868cd41bf5e?s=96&d=mm&r=g\",\"width\":96,\"height\":96,\"caption\":\"El Digital de Asturias\"}},{\"@type\":\"WebPage\",\"@id\":\"https:\\\/\\\/www.eldigitaldeasturias.com\\\/noticias\\\/maduro-sobre-el-fmi-son-los-sicarios-del-mundo\\\/#webpage\",\"url\":\"https:\\\/\\\/www.eldigitaldeasturias.com\\\/noticias\\\/maduro-sobre-el-fmi-son-los-sicarios-del-mundo\\\/\",\"name\":\"Maduro sobre el FMI: \\u00abSon los sicarios del mundo\\u00bb - El Digital de Asturias\",\"description\":\"Caracas, 12 may (dpa) \\u2013 El presidente de Venezuela, Nicol\\u00e1s Maduro, descart\\u00f3 hoy alg\\u00fan acuerdo con el Fondo Monetario Internacional (FMI), a pesar de la necesidad de financiamiento externo que tiene la agobiada econom\\u00eda del pa\\u00eds. Maduro acus\\u00f3 al FMI de ser responsable del hundimiento de pa\\u00edses en el mundo. \\\"Son los sicarios del mundo\\\",\",\"inLanguage\":\"es-ES\",\"isPartOf\":{\"@id\":\"https:\\\/\\\/www.eldigitaldeasturias.com\\\/noticias\\\/#website\"},\"breadcrumb\":{\"@id\":\"https:\\\/\\\/www.eldigitaldeasturias.com\\\/noticias\\\/maduro-sobre-el-fmi-son-los-sicarios-del-mundo\\\/#breadcrumblist\"},\"author\":{\"@id\":\"https:\\\/\\\/www.eldigitaldeasturias.com\\\/noticias\\\/author\\\/admin\\\/#author\"},\"creator\":{\"@id\":\"https:\\\/\\\/www.eldigitaldeasturias.com\\\/noticias\\\/author\\\/admin\\\/#author\"},\"image\":{\"@type\":\"ImageObject\",\"url\":485917,\"@id\":\"https:\\\/\\\/www.eldigitaldeasturias.com\\\/noticias\\\/maduro-sobre-el-fmi-son-los-sicarios-del-mundo\\\/#mainImage\"},\"primaryImageOfPage\":{\"@id\":\"https:\\\/\\\/www.eldigitaldeasturias.com\\\/noticias\\\/maduro-sobre-el-fmi-son-los-sicarios-del-mundo\\\/#mainImage\"},\"datePublished\":\"2018-05-13T08:53:12+02:00\",\"dateModified\":\"2018-05-13T08:53:12+02:00\"},{\"@type\":\"WebSite\",\"@id\":\"https:\\\/\\\/www.eldigitaldeasturias.com\\\/noticias\\\/#website\",\"url\":\"https:\\\/\\\/www.eldigitaldeasturias.com\\\/noticias\\\/\",\"name\":\"El Digital de Asturias - Diario de actualidad y noticias\",\"alternateName\":\"El Digital de Asturias - Diario de actualidad y noticias\",\"description\":\"Hemeroteca\",\"inLanguage\":\"es-ES\",\"publisher\":{\"@id\":\"https:\\\/\\\/www.eldigitaldeasturias.com\\\/noticias\\\/#organization\"}}]}\n\t\t<\/script>\n\t\t<!-- All in One SEO Pro -->\r\n\t\t<title>Maduro sobre el FMI: \u00abSon los sicarios del mundo\u00bb - El Digital de Asturias<\/title>\n\n","aioseo_head_json":{"title":"Maduro sobre el FMI: \u00abSon los sicarios del mundo\u00bb - El Digital de Asturias","description":"Caracas, 12 may (dpa) \u2013 El presidente de Venezuela, Nicol\u00e1s Maduro, descart\u00f3 hoy alg\u00fan acuerdo con el Fondo Monetario Internacional (FMI), a pesar de la necesidad de financiamiento externo que tiene la agobiada econom\u00eda del pa\u00eds. Maduro acus\u00f3 al FMI de ser responsable del hundimiento de pa\u00edses en el mundo. \"Son los sicarios del mundo\",","canonical_url":"https:\/\/www.eldigitaldeasturias.com\/noticias\/maduro-sobre-el-fmi-son-los-sicarios-del-mundo\/","robots":"max-image-preview:large","keywords":"actualidad","webmasterTools":{"google-site-verification":"UA-38556648-1","msvalidate.01":"7dfe9f3f1b24437ab69f4f2559babe99","miscellaneous":""},"schema":{"@context":"https:\/\/schema.org","@graph":[{"@type":"BlogPosting","@id":"https:\/\/www.eldigitaldeasturias.com\/noticias\/maduro-sobre-el-fmi-son-los-sicarios-del-mundo\/#blogposting","name":"Maduro sobre el FMI: \u00abSon los sicarios del mundo\u00bb - El Digital de Asturias","headline":"Maduro sobre el FMI: \u00abSon los sicarios del mundo\u00bb","author":{"@id":"https:\/\/www.eldigitaldeasturias.com\/noticias\/author\/admin\/#author"},"publisher":{"@id":"https:\/\/www.eldigitaldeasturias.com\/noticias\/#organization"},"image":{"@type":"ImageObject","url":485917},"datePublished":"2018-05-13T08:53:12+02:00","dateModified":"2018-05-13T08:53:12+02:00","inLanguage":"es-ES","mainEntityOfPage":{"@id":"https:\/\/www.eldigitaldeasturias.com\/noticias\/maduro-sobre-el-fmi-son-los-sicarios-del-mundo\/#webpage"},"isPartOf":{"@id":"https:\/\/www.eldigitaldeasturias.com\/noticias\/maduro-sobre-el-fmi-son-los-sicarios-del-mundo\/#webpage"},"articleSection":"Actualidad"},{"@type":"BreadcrumbList","@id":"https:\/\/www.eldigitaldeasturias.com\/noticias\/maduro-sobre-el-fmi-son-los-sicarios-del-mundo\/#breadcrumblist","itemListElement":[{"@type":"ListItem","@id":"https:\/\/www.eldigitaldeasturias.com\/noticias#listItem","position":1,"name":"Home","item":"https:\/\/www.eldigitaldeasturias.com\/noticias","nextItem":{"@type":"ListItem","@id":"https:\/\/www.eldigitaldeasturias.com\/noticias\/category\/actualidad\/#listItem","name":"Actualidad"}},{"@type":"ListItem","@id":"https:\/\/www.eldigitaldeasturias.com\/noticias\/category\/actualidad\/#listItem","position":2,"name":"Actualidad","item":"https:\/\/www.eldigitaldeasturias.com\/noticias\/category\/actualidad\/","nextItem":{"@type":"ListItem","@id":"https:\/\/www.eldigitaldeasturias.com\/noticias\/maduro-sobre-el-fmi-son-los-sicarios-del-mundo\/#listItem","name":"Maduro sobre el FMI: \u00abSon los sicarios del mundo\u00bb"},"previousItem":{"@type":"ListItem","@id":"https:\/\/www.eldigitaldeasturias.com\/noticias#listItem","name":"Home"}},{"@type":"ListItem","@id":"https:\/\/www.eldigitaldeasturias.com\/noticias\/maduro-sobre-el-fmi-son-los-sicarios-del-mundo\/#listItem","position":3,"name":"Maduro sobre el FMI: \u00abSon los sicarios del mundo\u00bb","previousItem":{"@type":"ListItem","@id":"https:\/\/www.eldigitaldeasturias.com\/noticias\/category\/actualidad\/#listItem","name":"Actualidad"}}]},{"@type":"Organization","@id":"https:\/\/www.eldigitaldeasturias.com\/noticias\/#organization","name":"El Digital de Asturias","description":"Hemeroteca","url":"https:\/\/www.eldigitaldeasturias.com\/noticias\/","email":"info@eldigitaldeasturias.com","telephone":"+34652131393","logo":{"@type":"ImageObject","url":"https:\/\/www.eldigitaldeasturias.com\/noticias\/wp-content\/uploads\/2020\/12\/EDA.jpg","@id":"https:\/\/www.eldigitaldeasturias.com\/noticias\/maduro-sobre-el-fmi-son-los-sicarios-del-mundo\/#organizationLogo"},"image":{"@id":"https:\/\/www.eldigitaldeasturias.com\/noticias\/maduro-sobre-el-fmi-son-los-sicarios-del-mundo\/#organizationLogo"},"sameAs":["https:\/\/facebook.com\/eldigitaldeasturias","https:\/\/www.youtube.com\/channel\/UCZP-2wLEB9Rv6erhFmqVnvg"],"address":{"@id":"https:\/\/www.eldigitaldeasturias.com\/noticias\/#postaladdress","@type":"PostalAddress","streetAddress":"san antonio 4","postalCode":"33430","addressLocality":"Cand\u00e1s","addressRegion":"Asturias","addressCountry":"ES"}},{"@type":"Person","@id":"https:\/\/www.eldigitaldeasturias.com\/noticias\/author\/admin\/#author","url":"https:\/\/www.eldigitaldeasturias.com\/noticias\/author\/admin\/","name":"El Digital de Asturias","image":{"@type":"ImageObject","@id":"https:\/\/www.eldigitaldeasturias.com\/noticias\/maduro-sobre-el-fmi-son-los-sicarios-del-mundo\/#authorImage","url":"https:\/\/secure.gravatar.com\/avatar\/df2aeffc32bcd13f8d26072ef8a91b623d677766deac7f97ca815868cd41bf5e?s=96&d=mm&r=g","width":96,"height":96,"caption":"El Digital de Asturias"}},{"@type":"WebPage","@id":"https:\/\/www.eldigitaldeasturias.com\/noticias\/maduro-sobre-el-fmi-son-los-sicarios-del-mundo\/#webpage","url":"https:\/\/www.eldigitaldeasturias.com\/noticias\/maduro-sobre-el-fmi-son-los-sicarios-del-mundo\/","name":"Maduro sobre el FMI: \u00abSon los sicarios del mundo\u00bb - El Digital de Asturias","description":"Caracas, 12 may (dpa) \u2013 El presidente de Venezuela, Nicol\u00e1s Maduro, descart\u00f3 hoy alg\u00fan acuerdo con el Fondo Monetario Internacional (FMI), a pesar de la necesidad de financiamiento externo que tiene la agobiada econom\u00eda del pa\u00eds. Maduro acus\u00f3 al FMI de ser responsable del hundimiento de pa\u00edses en el mundo. \"Son los sicarios del mundo\",","inLanguage":"es-ES","isPartOf":{"@id":"https:\/\/www.eldigitaldeasturias.com\/noticias\/#website"},"breadcrumb":{"@id":"https:\/\/www.eldigitaldeasturias.com\/noticias\/maduro-sobre-el-fmi-son-los-sicarios-del-mundo\/#breadcrumblist"},"author":{"@id":"https:\/\/www.eldigitaldeasturias.com\/noticias\/author\/admin\/#author"},"creator":{"@id":"https:\/\/www.eldigitaldeasturias.com\/noticias\/author\/admin\/#author"},"image":{"@type":"ImageObject","url":485917,"@id":"https:\/\/www.eldigitaldeasturias.com\/noticias\/maduro-sobre-el-fmi-son-los-sicarios-del-mundo\/#mainImage"},"primaryImageOfPage":{"@id":"https:\/\/www.eldigitaldeasturias.com\/noticias\/maduro-sobre-el-fmi-son-los-sicarios-del-mundo\/#mainImage"},"datePublished":"2018-05-13T08:53:12+02:00","dateModified":"2018-05-13T08:53:12+02:00"},{"@type":"WebSite","@id":"https:\/\/www.eldigitaldeasturias.com\/noticias\/#website","url":"https:\/\/www.eldigitaldeasturias.com\/noticias\/","name":"El Digital de Asturias - Diario de actualidad y noticias","alternateName":"El Digital de Asturias - Diario de actualidad y noticias","description":"Hemeroteca","inLanguage":"es-ES","publisher":{"@id":"https:\/\/www.eldigitaldeasturias.com\/noticias\/#organization"}}]},"og:locale":"es_ES","og:site_name":"El Digital de Asturias","og:type":"article","og:title":"Maduro sobre el FMI: \u00abSon los sicarios del mundo\u00bb - El Digital de Asturias","og:description":"Caracas, 12 may (dpa) \u2013 El presidente de Venezuela, Nicol\u00e1s Maduro, descart\u00f3 hoy alg\u00fan acuerdo con el Fondo Monetario Internacional (FMI), a pesar de la necesidad de financiamiento externo que tiene la agobiada econom\u00eda del pa\u00eds. Maduro acus\u00f3 al FMI de ser responsable del hundimiento de pa\u00edses en el mundo. &quot;Son los sicarios del mundo&quot;,","og:url":"https:\/\/www.eldigitaldeasturias.com\/noticias\/maduro-sobre-el-fmi-son-los-sicarios-del-mundo\/","article:tag":["actualidad"],"article:published_time":"2018-05-13T08:53:12+00:00","article:modified_time":"2018-05-13T08:53:12+00:00","article:publisher":"https:\/\/facebook.com\/eldigitaldeasturias","twitter:card":"summary_large_image","twitter:title":"Maduro sobre el FMI: \u00abSon los sicarios del mundo\u00bb - El Digital de Asturias","twitter:description":"Caracas, 12 may (dpa) \u2013 El presidente de Venezuela, Nicol\u00e1s Maduro, descart\u00f3 hoy alg\u00fan acuerdo con el Fondo Monetario Internacional (FMI), a pesar de la necesidad de financiamiento externo que tiene la agobiada econom\u00eda del pa\u00eds. Maduro acus\u00f3 al FMI de ser responsable del hundimiento de pa\u00edses en el mundo. &quot;Son los sicarios del mundo&quot;,","twitter:image":"https:\/\/www.eldigitaldeasturias.com\/noticias\/wp-content\/uploads\/2020\/12\/EDA-1.jpg","twitter:label1":"Escrito por","twitter:data1":"El Digital de Asturias","twitter:label2":"Tiempo de lectura estimado","twitter:data2":"2 minutos"},"aioseo_meta_data":{"post_id":"980072","title":null,"description":null,"keywords":null,"keyphrases":null,"primary_term":null,"canonical_url":null,"og_title":null,"og_description":null,"og_object_type":"default","og_image_type":"default","og_image_url":null,"og_image_width":null,"og_image_height":null,"og_image_custom_url":null,"og_image_custom_fields":null,"og_video":null,"og_custom_url":null,"og_article_section":null,"og_article_tags":null,"twitter_use_og":false,"twitter_card":"default","twitter_image_type":"default","twitter_image_url":null,"twitter_image_custom_url":null,"twitter_image_custom_fields":null,"twitter_title":null,"twitter_description":null,"schema":{"blockGraphs":[],"customGraphs":[],"default":{"data":{"Article":[],"Course":[],"Dataset":[],"FAQPage":[],"Movie":[],"Person":[],"Product":[],"ProductReview":[],"Car":[],"Recipe":[],"Service":[],"SoftwareApplication":[],"WebPage":[]},"graphName":"","isEnabled":true},"graphs":[],"defaultGraph":"","defaultPostTypeGraph":""},"schema_type":null,"schema_type_options":null,"pillar_content":false,"robots_default":true,"robots_noindex":false,"robots_noarchive":false,"robots_nosnippet":false,"robots_nofollow":false,"robots_noimageindex":false,"robots_noodp":false,"robots_notranslate":false,"robots_max_snippet":null,"robots_max_videopreview":null,"robots_max_imagepreview":"large","priority":null,"frequency":null,"local_seo":null,"seo_analyzer_scan_date":"2025-10-08 16:38:41","breadcrumb_settings":null,"limit_modified_date":false,"open_ai":null,"ai":null,"created":"2020-12-21 11:57:40","updated":"2025-10-08 16:38:41","focus_keyword":null,"additional_keywords":null,"truseo_locale":null},"aioseo_breadcrumb":"<div class=\"aioseo-breadcrumbs\"><span class=\"aioseo-breadcrumb\">\n\t<a href=\"https:\/\/www.eldigitaldeasturias.com\/noticias\" title=\"Home\">Home<\/a>\n<\/span><span class=\"aioseo-breadcrumb-separator\">\u2013<\/span><span class=\"aioseo-breadcrumb\">\n\t<a href=\"https:\/\/www.eldigitaldeasturias.com\/noticias\/category\/actualidad\/\" title=\"Actualidad\">Actualidad<\/a>\n<\/span><span class=\"aioseo-breadcrumb-separator\">\u2013<\/span><span class=\"aioseo-breadcrumb\">\n\t<a href=\"https:\/\/www.eldigitaldeasturias.com\/noticias\/maduro-sobre-el-fmi-son-los-sicarios-del-mundo\/\" title=\"Maduro sobre el FMI: \u00abSon los sicarios del mundo\u00bb\">Maduro sobre el FMI: \u00abSon los sicarios del mundo\u00bb<\/a>\n<\/span><\/div>","aioseo_breadcrumb_json":[{"label":"Home","link":"https:\/\/www.eldigitaldeasturias.com\/noticias"},{"label":"Actualidad","link":"https:\/\/www.eldigitaldeasturias.com\/noticias\/category\/actualidad\/"},{"label":"Maduro sobre el FMI: \u00abSon los sicarios del mundo\u00bb","link":"https:\/\/www.eldigitaldeasturias.com\/noticias\/maduro-sobre-el-fmi-son-los-sicarios-del-mundo\/"}],"_links":{"self":[{"href":"https:\/\/www.eldigitaldeasturias.com\/noticias\/wp-json\/wp\/v2\/posts\/980072","targetHints":{"allow":["GET"]}}],"collection":[{"href":"https:\/\/www.eldigitaldeasturias.com\/noticias\/wp-json\/wp\/v2\/posts"}],"about":[{"href":"https:\/\/www.eldigitaldeasturias.com\/noticias\/wp-json\/wp\/v2\/types\/post"}],"author":[{"embeddable":true,"href":"https:\/\/www.eldigitaldeasturias.com\/noticias\/wp-json\/wp\/v2\/users\/1"}],"replies":[{"embeddable":true,"href":"https:\/\/www.eldigitaldeasturias.com\/noticias\/wp-json\/wp\/v2\/comments?post=980072"}],"version-history":[{"count":0,"href":"https:\/\/www.eldigitaldeasturias.com\/noticias\/wp-json\/wp\/v2\/posts\/980072\/revisions"}],"wp:attachment":[{"href":"https:\/\/www.eldigitaldeasturias.com\/noticias\/wp-json\/wp\/v2\/media?parent=980072"}],"wp:term":[{"taxonomy":"category","embeddable":true,"href":"https:\/\/www.eldigitaldeasturias.com\/noticias\/wp-json\/wp\/v2\/categories?post=980072"},{"taxonomy":"post_tag","embeddable":true,"href":"https:\/\/www.eldigitaldeasturias.com\/noticias\/wp-json\/wp\/v2\/tags?post=980072"}],"curies":[{"name":"wp","href":"https:\/\/api.w.org\/{rel}","templated":true}]}}