{"id":980070,"date":"2018-05-13T08:51:09","date_gmt":"2018-05-13T08:51:09","guid":{"rendered":"http:\/\/www.eldigitaldeasturias.com\/noticias\/?p=980070"},"modified":"2018-05-13T08:51:10","modified_gmt":"2018-05-13T08:51:10","slug":"daniel-ortega-la-paz-es-el-camino-y-la-unica-puerta-a-la-convivencia","status":"publish","type":"post","link":"https:\/\/www.eldigitaldeasturias.com\/noticias\/daniel-ortega-la-paz-es-el-camino-y-la-unica-puerta-a-la-convivencia\/","title":{"rendered":"Daniel Ortega: \u00abLa paz es el camino y la \u00fanica puerta a la convivencia\u00bb"},"content":{"rendered":"<p><img loading=\"lazy\" decoding=\"async\" class=\"alignleft size-medium wp-image-581461\" src=\"https:\/\/www.eldigitaldeasturias.com\/noticias\/wp-content\/uploads\/2014\/08\/6555334w-360x241.jpg\" alt=\"\" width=\"360\" height=\"241\" \/>Managua, 12 may (dpa) &#8211; El presidente de Nicaragua, Daniel Ortega, envi\u00f3 hoy un mensaje a la naci\u00f3n, en medio de graves disturbios y enfrentamientos en Masaya, ciudad vecina a la capital, en el que invoc\u00f3 a dios para pedirle \u00abfortaleza para alcanzar la paz\u00bb.<\/p>\n<p>El breve mensaje de audio de Ortega, difundido en la noche por televisi\u00f3n sin proyectar su imagen en vivo, fue dirigido a la poblaci\u00f3n de Masaya y \u00aba todas las familias que sufren esta tragedia que hoy nos enluta\u00bb.<\/p>\n<p>\u00abQueremos reiterar el llamado y el compromiso de ponerle fin a la muerte y la destrucci\u00f3n. Que no se siga derramando sangre de hermanos\u00bb, dijo el gobernante.<\/p>\n<p>\u00abLa paz es el camino y la \u00fanica puerta a la convivencia y el respeto, para la tranquilidad y seguridad de todos. Le pedimos a dios nos d\u00e9 la fortaleza para alcanzarla\u00bb, concluy\u00f3 Ortega.<\/p>\n<p>El presidente enfrenta la crisis m\u00e1s grave en sus 11 a\u00f1os de gobierno y una de las peores en la historia reciente de Nicaragua.<\/p>\n<p>Las protestas comenzaron hace un mes con manifestaciones de estudiantes en rechazo a una reforma al Seguro Social, que aumentaba las cuotas a trabajadores y empresas; pero se extendieron y agudizaron tras la violenta reacci\u00f3n de la Polic\u00eda y de grupos paramilitares en contra de j\u00f3venes universitarios desarmados.<\/p>\n<p>Antes que Ortega, el cardenal Leopoldo Brenes inst\u00f3 a detener la crisis y dijo que los sucesos de violencia en Masaya, a 25 kil\u00f3metros de la capital, dejaron un muerto y varios heridos.<\/p>\n<p>En Masaya, en medio de enfrentamientos entre polic\u00edas y civiles, fue incendiado un emblem\u00e1tico mercado de artesan\u00edas y otros inmuebles.<\/p>\n<p>\u00abExhorto verdaderamente a todas aquellas personas que de una u otra parte tienen injerencia para parar esta situaci\u00f3n, que lo hagan\u00bb, afirm\u00f3 Brenes, arzobispo de Managua y presidente de la Conferencia Episcopal.<\/p>\n<p>\u00abEs verdaderamente triste que una vez m\u00e1s estemos enfrent\u00e1ndonos los hermanos\u00bb, a\u00f1adi\u00f3 el prelado, en clara alusi\u00f3n a los conflictos b\u00e9licos que sacudieron a Nicaragua durante el siglo pasado.<\/p>\n<p>\u00abInvito a todos a que busquemos c\u00f3mo parar esta situaci\u00f3n (&#8230;) a que sigamos orando a la virgen Mar\u00eda, que seguramente est\u00e1 derramando sus l\u00e1grimas al ver c\u00f3mo entre nosotros nos estamos destruyendo\u00bb, afirm\u00f3.<\/p>\n<p>Por su parte, el Ej\u00e9rcito de Nicaragua asegur\u00f3 que no se involucrar\u00e1 en actos de represi\u00f3n contra civiles y sostuvo que \u00abel di\u00e1logo es la soluci\u00f3n\u00bb al presente conflicto.<\/p>\n<p>\u00abNo hay un solo soldado involucrado en hechos de represi\u00f3n\u00bb, dijo a dpa el portavoz militar, coronel Manuel Guevara. Agreg\u00f3 que en este per\u00edodo de agitaci\u00f3n social, el papel del Ej\u00e9rcito ha sido \u00abresguardar objetivos vitales para el funcionamiento del pa\u00eds\u00bb.<\/p>\n<p>El Ej\u00e9rcito continuar\u00e1 \u00abestrictamente apegado\u00bb a las normas establecidas en la Constituci\u00f3n de la Rep\u00fablica, afirm\u00f3 Guevara mientras ocurr\u00edan los sucesos violentos en Masaya.<\/p>\n<p>Alvaro Leiva, director de la Asociaci\u00f3n Nicarag\u00fcense Pro Derechos Humanos (ANPDH, no gubernamental) dijo al canal 15 de televisi\u00f3n que tres polic\u00edas fueron retenidos por pobladores que los se\u00f1alaron de haber presuntamente incendiado el mercado de artesan\u00edas.<\/p>\n<p>En el barrio ind\u00edgena de Monimb\u00f3, considerado un s\u00edmbolo de la lucha insurreccional en Masaya contra la dictadura de Anastasio Somoza (1979), los enfrentamientos se prolongaron durante horas.<\/p>\n<p>Los uniformados lanzaron gases lacrim\u00f3genos y balas de goma para desalojar a los pobladores, que se resist\u00edan lanzando piedras y morteros (bombas de fabricaci\u00f3n casera).<\/p>\n<p>El portal gubernamental \u00abEl 19\u00bb responsabiliz\u00f3 de los sucesos a \u00abgrupos vand\u00e1licos\u00bb y \u00abmanifestantes violentos\u00bb.<\/p>\n<p>Sin embargo, V\u00edctor Cuadras, l\u00edder del Movimiento Universitario 19 de Abril (M19A) se\u00f1al\u00f3 a polic\u00edas y activistas del Gobierno de haber \u00abreprimido salvajemente\u00bb a manifestantes civiles.<\/p>\n<p>En entrevista con dpa, Cuadras acus\u00f3 al presidente Ortega de \u00absabotear los esfuerzos de di\u00e1logo\u00bb, pese a que el gobernante envi\u00f3 un mensaje aceptando conversar con los estudiantes, la empresa privada y la sociedad civil.<\/p>\n<p>\u00abOrtega envi\u00f3 anoche un mensaje pero simult\u00e1neamente mand\u00f3 a sus fuerzas a reprimir al pueblo. \u00bfC\u00f3mo podemos entender eso?\u00bb, se pregunt\u00f3 Cuadras.<\/p>\n<p>Los l\u00edderes del M19A, junto a representantes del sector privado y de la sociedad civil, anunciaron el viernes estar listos para dialogar e instaron al Gobierno que invite a la Comisi\u00f3n Interamericana de Derechos Humanos (CIDH) de la OEA para que investigue las muertes ocurridas durante las protestas.<\/p>\n<p>El cardenal Brenes, que mediar\u00e1 en el di\u00e1logo, dio al Gobierno un plazo hasta el mediod\u00eda del lunes para que gire invitaci\u00f3n a la CIDH.<\/p>\n<p>Al dar a conocer la casi inmediata respuesta de Ortega, la vicepresidenta Rosario Murillo dijo que desean el di\u00e1logo aunque no hizo menci\u00f3n a la demanda de presencia de la CIDH.<\/p>\n<p>La ANPDH contabiliza 54 muertes en los sucesos de violencia registrados desde abril, mientras las autoridades solo reconocen 13 fallecidos.<\/p>\n<p><i class=\"lang-es\"><span class=\" readonly\" title=\"\">Por Gabriela Selser (dpa)<\/span><\/i><\/p>\n<p>&nbsp;<\/p>\n","protected":false},"excerpt":{"rendered":"<p>Managua, 12 may (dpa) &#8211; El presidente de Nicaragua, Daniel Ortega, envi\u00f3 hoy un mensaje a la naci\u00f3n, en medio de graves disturbios y enfrentamientos en Masaya, ciudad vecina a la capital, en el que invoc\u00f3 a dios para pedirle \u00abfortaleza para alcanzar la paz\u00bb. El breve mensaje de audio de Ortega, difundido en la [&hellip;]<\/p>\n","protected":false},"author":1,"featured_media":581461,"comment_status":"closed","ping_status":"closed","sticky":false,"template":"","format":"standard","meta":{"footnotes":""},"categories":[1],"tags":[],"class_list":["post-980070","post","type-post","status-publish","format-standard","has-post-thumbnail","hentry","category-actualidad"],"aioseo_notices":[],"aioseo_head":"\n\t\t<!-- All in One SEO Pro 5.0.1 - aioseo.com -->\n\t<meta name=\"description\" content=\"Managua, 12 may (dpa) - El presidente de Nicaragua, Daniel Ortega, envi\u00f3 hoy un mensaje a la naci\u00f3n, en medio de graves disturbios y enfrentamientos en Masaya, ciudad vecina a la capital, en el que invoc\u00f3 a dios para pedirle &quot;fortaleza para alcanzar la paz&quot;. El breve mensaje de audio de Ortega, difundido en la\" \/>\n\t<meta name=\"robots\" content=\"max-image-preview:large\" \/>\n\t<meta name=\"author\" content=\"El Digital de Asturias\"\/>\n\t<meta name=\"google-site-verification\" content=\"UA-38556648-1\" \/>\n\t<meta name=\"msvalidate.01\" content=\"7dfe9f3f1b24437ab69f4f2559babe99\" \/>\n\t<meta name=\"keywords\" content=\"actualidad\" \/>\n\t<link rel=\"canonical\" href=\"https:\/\/www.eldigitaldeasturias.com\/noticias\/daniel-ortega-la-paz-es-el-camino-y-la-unica-puerta-a-la-convivencia\/\" \/>\n\t<meta name=\"generator\" content=\"All in One SEO Pro (AIOSEO) 5.0.1\" \/>\n\t\t<meta property=\"og:locale\" content=\"es_ES\" \/>\n\t\t<meta property=\"og:site_name\" content=\"El Digital de Asturias\" \/>\n\t\t<meta property=\"og:type\" content=\"article\" \/>\n\t\t<meta property=\"og:title\" content=\"Daniel Ortega: \u00abLa paz es el camino y la \u00fanica puerta a la convivencia\u00bb - El Digital de Asturias\" \/>\n\t\t<meta property=\"og:description\" content=\"Managua, 12 may (dpa) - El presidente de Nicaragua, Daniel Ortega, envi\u00f3 hoy un mensaje a la naci\u00f3n, en medio de graves disturbios y enfrentamientos en Masaya, ciudad vecina a la capital, en el que invoc\u00f3 a dios para pedirle &quot;fortaleza para alcanzar la paz&quot;. El breve mensaje de audio de Ortega, difundido en la\" \/>\n\t\t<meta property=\"og:url\" content=\"https:\/\/www.eldigitaldeasturias.com\/noticias\/daniel-ortega-la-paz-es-el-camino-y-la-unica-puerta-a-la-convivencia\/\" \/>\n\t\t<meta property=\"article:tag\" content=\"actualidad\" \/>\n\t\t<meta property=\"article:published_time\" content=\"2018-05-13T08:51:09+00:00\" \/>\n\t\t<meta property=\"article:modified_time\" content=\"2018-05-13T08:51:10+00:00\" \/>\n\t\t<meta property=\"article:publisher\" content=\"https:\/\/facebook.com\/eldigitaldeasturias\" \/>\n\t\t<meta name=\"twitter:card\" content=\"summary_large_image\" \/>\n\t\t<meta name=\"twitter:title\" content=\"Daniel Ortega: \u00abLa paz es el camino y la \u00fanica puerta a la convivencia\u00bb - El Digital de Asturias\" \/>\n\t\t<meta name=\"twitter:description\" content=\"Managua, 12 may (dpa) - El presidente de Nicaragua, Daniel Ortega, envi\u00f3 hoy un mensaje a la naci\u00f3n, en medio de graves disturbios y enfrentamientos en Masaya, ciudad vecina a la capital, en el que invoc\u00f3 a dios para pedirle &quot;fortaleza para alcanzar la paz&quot;. El breve mensaje de audio de Ortega, difundido en la\" \/>\n\t\t<meta name=\"twitter:image\" content=\"https:\/\/www.eldigitaldeasturias.com\/noticias\/wp-content\/uploads\/2020\/12\/EDA-1.jpg\" \/>\n\t\t<meta name=\"twitter:label1\" content=\"Escrito por\" \/>\n\t\t<meta name=\"twitter:data1\" content=\"El Digital de Asturias\" \/>\n\t\t<meta name=\"twitter:label2\" content=\"Tiempo de lectura estimado\" \/>\n\t\t<meta name=\"twitter:data2\" content=\"4 minutos\" \/>\n\t\t<script type=\"application\/ld+json\" class=\"aioseo-schema\">\n\t\t\t{\"@context\":\"https:\\\/\\\/schema.org\",\"@graph\":[{\"@type\":\"BlogPosting\",\"@id\":\"https:\\\/\\\/www.eldigitaldeasturias.com\\\/noticias\\\/daniel-ortega-la-paz-es-el-camino-y-la-unica-puerta-a-la-convivencia\\\/#blogposting\",\"name\":\"Daniel Ortega: \\u00abLa paz es el camino y la \\u00fanica puerta a la convivencia\\u00bb - El Digital de Asturias\",\"headline\":\"Daniel Ortega: \\u00abLa paz es el camino y la \\u00fanica puerta a la convivencia\\u00bb\",\"author\":{\"@id\":\"https:\\\/\\\/www.eldigitaldeasturias.com\\\/noticias\\\/author\\\/admin\\\/#author\"},\"publisher\":{\"@id\":\"https:\\\/\\\/www.eldigitaldeasturias.com\\\/noticias\\\/#organization\"},\"image\":{\"@type\":\"ImageObject\",\"url\":581461},\"datePublished\":\"2018-05-13T08:51:09+02:00\",\"dateModified\":\"2018-05-13T08:51:10+02:00\",\"inLanguage\":\"es-ES\",\"mainEntityOfPage\":{\"@id\":\"https:\\\/\\\/www.eldigitaldeasturias.com\\\/noticias\\\/daniel-ortega-la-paz-es-el-camino-y-la-unica-puerta-a-la-convivencia\\\/#webpage\"},\"isPartOf\":{\"@id\":\"https:\\\/\\\/www.eldigitaldeasturias.com\\\/noticias\\\/daniel-ortega-la-paz-es-el-camino-y-la-unica-puerta-a-la-convivencia\\\/#webpage\"},\"articleSection\":\"Actualidad\"},{\"@type\":\"BreadcrumbList\",\"@id\":\"https:\\\/\\\/www.eldigitaldeasturias.com\\\/noticias\\\/daniel-ortega-la-paz-es-el-camino-y-la-unica-puerta-a-la-convivencia\\\/#breadcrumblist\",\"itemListElement\":[{\"@type\":\"ListItem\",\"@id\":\"https:\\\/\\\/www.eldigitaldeasturias.com\\\/noticias#listItem\",\"position\":1,\"name\":\"Home\",\"item\":\"https:\\\/\\\/www.eldigitaldeasturias.com\\\/noticias\",\"nextItem\":{\"@type\":\"ListItem\",\"@id\":\"https:\\\/\\\/www.eldigitaldeasturias.com\\\/noticias\\\/category\\\/actualidad\\\/#listItem\",\"name\":\"Actualidad\"}},{\"@type\":\"ListItem\",\"@id\":\"https:\\\/\\\/www.eldigitaldeasturias.com\\\/noticias\\\/category\\\/actualidad\\\/#listItem\",\"position\":2,\"name\":\"Actualidad\",\"item\":\"https:\\\/\\\/www.eldigitaldeasturias.com\\\/noticias\\\/category\\\/actualidad\\\/\",\"nextItem\":{\"@type\":\"ListItem\",\"@id\":\"https:\\\/\\\/www.eldigitaldeasturias.com\\\/noticias\\\/daniel-ortega-la-paz-es-el-camino-y-la-unica-puerta-a-la-convivencia\\\/#listItem\",\"name\":\"Daniel Ortega: \\u00abLa paz es el camino y la \\u00fanica puerta a la convivencia\\u00bb\"},\"previousItem\":{\"@type\":\"ListItem\",\"@id\":\"https:\\\/\\\/www.eldigitaldeasturias.com\\\/noticias#listItem\",\"name\":\"Home\"}},{\"@type\":\"ListItem\",\"@id\":\"https:\\\/\\\/www.eldigitaldeasturias.com\\\/noticias\\\/daniel-ortega-la-paz-es-el-camino-y-la-unica-puerta-a-la-convivencia\\\/#listItem\",\"position\":3,\"name\":\"Daniel Ortega: \\u00abLa paz es el camino y la \\u00fanica puerta a la convivencia\\u00bb\",\"previousItem\":{\"@type\":\"ListItem\",\"@id\":\"https:\\\/\\\/www.eldigitaldeasturias.com\\\/noticias\\\/category\\\/actualidad\\\/#listItem\",\"name\":\"Actualidad\"}}]},{\"@type\":\"Organization\",\"@id\":\"https:\\\/\\\/www.eldigitaldeasturias.com\\\/noticias\\\/#organization\",\"name\":\"El Digital de Asturias\",\"description\":\"Hemeroteca\",\"url\":\"https:\\\/\\\/www.eldigitaldeasturias.com\\\/noticias\\\/\",\"email\":\"info@eldigitaldeasturias.com\",\"telephone\":\"+34652131393\",\"logo\":{\"@type\":\"ImageObject\",\"url\":\"https:\\\/\\\/www.eldigitaldeasturias.com\\\/noticias\\\/wp-content\\\/uploads\\\/2020\\\/12\\\/EDA.jpg\",\"@id\":\"https:\\\/\\\/www.eldigitaldeasturias.com\\\/noticias\\\/daniel-ortega-la-paz-es-el-camino-y-la-unica-puerta-a-la-convivencia\\\/#organizationLogo\"},\"image\":{\"@id\":\"https:\\\/\\\/www.eldigitaldeasturias.com\\\/noticias\\\/daniel-ortega-la-paz-es-el-camino-y-la-unica-puerta-a-la-convivencia\\\/#organizationLogo\"},\"sameAs\":[\"https:\\\/\\\/facebook.com\\\/eldigitaldeasturias\",\"https:\\\/\\\/www.youtube.com\\\/channel\\\/UCZP-2wLEB9Rv6erhFmqVnvg\"],\"address\":{\"@id\":\"https:\\\/\\\/www.eldigitaldeasturias.com\\\/noticias\\\/#postaladdress\",\"@type\":\"PostalAddress\",\"streetAddress\":\"san antonio 4\",\"postalCode\":\"33430\",\"addressLocality\":\"Cand\\u00e1s\",\"addressRegion\":\"Asturias\",\"addressCountry\":\"ES\"}},{\"@type\":\"Person\",\"@id\":\"https:\\\/\\\/www.eldigitaldeasturias.com\\\/noticias\\\/author\\\/admin\\\/#author\",\"url\":\"https:\\\/\\\/www.eldigitaldeasturias.com\\\/noticias\\\/author\\\/admin\\\/\",\"name\":\"El Digital de Asturias\",\"image\":{\"@type\":\"ImageObject\",\"@id\":\"https:\\\/\\\/www.eldigitaldeasturias.com\\\/noticias\\\/daniel-ortega-la-paz-es-el-camino-y-la-unica-puerta-a-la-convivencia\\\/#authorImage\",\"url\":\"https:\\\/\\\/secure.gravatar.com\\\/avatar\\\/df2aeffc32bcd13f8d26072ef8a91b623d677766deac7f97ca815868cd41bf5e?s=96&d=mm&r=g\",\"width\":96,\"height\":96,\"caption\":\"El Digital de Asturias\"}},{\"@type\":\"WebPage\",\"@id\":\"https:\\\/\\\/www.eldigitaldeasturias.com\\\/noticias\\\/daniel-ortega-la-paz-es-el-camino-y-la-unica-puerta-a-la-convivencia\\\/#webpage\",\"url\":\"https:\\\/\\\/www.eldigitaldeasturias.com\\\/noticias\\\/daniel-ortega-la-paz-es-el-camino-y-la-unica-puerta-a-la-convivencia\\\/\",\"name\":\"Daniel Ortega: \\u00abLa paz es el camino y la \\u00fanica puerta a la convivencia\\u00bb - El Digital de Asturias\",\"description\":\"Managua, 12 may (dpa) - El presidente de Nicaragua, Daniel Ortega, envi\\u00f3 hoy un mensaje a la naci\\u00f3n, en medio de graves disturbios y enfrentamientos en Masaya, ciudad vecina a la capital, en el que invoc\\u00f3 a dios para pedirle \\\"fortaleza para alcanzar la paz\\\". El breve mensaje de audio de Ortega, difundido en la\",\"inLanguage\":\"es-ES\",\"isPartOf\":{\"@id\":\"https:\\\/\\\/www.eldigitaldeasturias.com\\\/noticias\\\/#website\"},\"breadcrumb\":{\"@id\":\"https:\\\/\\\/www.eldigitaldeasturias.com\\\/noticias\\\/daniel-ortega-la-paz-es-el-camino-y-la-unica-puerta-a-la-convivencia\\\/#breadcrumblist\"},\"author\":{\"@id\":\"https:\\\/\\\/www.eldigitaldeasturias.com\\\/noticias\\\/author\\\/admin\\\/#author\"},\"creator\":{\"@id\":\"https:\\\/\\\/www.eldigitaldeasturias.com\\\/noticias\\\/author\\\/admin\\\/#author\"},\"image\":{\"@type\":\"ImageObject\",\"url\":581461,\"@id\":\"https:\\\/\\\/www.eldigitaldeasturias.com\\\/noticias\\\/daniel-ortega-la-paz-es-el-camino-y-la-unica-puerta-a-la-convivencia\\\/#mainImage\"},\"primaryImageOfPage\":{\"@id\":\"https:\\\/\\\/www.eldigitaldeasturias.com\\\/noticias\\\/daniel-ortega-la-paz-es-el-camino-y-la-unica-puerta-a-la-convivencia\\\/#mainImage\"},\"datePublished\":\"2018-05-13T08:51:09+02:00\",\"dateModified\":\"2018-05-13T08:51:10+02:00\"},{\"@type\":\"WebSite\",\"@id\":\"https:\\\/\\\/www.eldigitaldeasturias.com\\\/noticias\\\/#website\",\"url\":\"https:\\\/\\\/www.eldigitaldeasturias.com\\\/noticias\\\/\",\"name\":\"El Digital de Asturias - Diario de actualidad y noticias\",\"alternateName\":\"El Digital de Asturias - Diario de actualidad y noticias\",\"description\":\"Hemeroteca\",\"inLanguage\":\"es-ES\",\"publisher\":{\"@id\":\"https:\\\/\\\/www.eldigitaldeasturias.com\\\/noticias\\\/#organization\"}}]}\n\t\t<\/script>\n\t\t<!-- All in One SEO Pro -->\r\n\t\t<title>Daniel Ortega: \u00abLa paz es el camino y la \u00fanica puerta a la convivencia\u00bb - El Digital de Asturias<\/title>\n\n","aioseo_head_json":{"title":"Daniel Ortega: \u00abLa paz es el camino y la \u00fanica puerta a la convivencia\u00bb - El Digital de Asturias","description":"Managua, 12 may (dpa) - El presidente de Nicaragua, Daniel Ortega, envi\u00f3 hoy un mensaje a la naci\u00f3n, en medio de graves disturbios y enfrentamientos en Masaya, ciudad vecina a la capital, en el que invoc\u00f3 a dios para pedirle \"fortaleza para alcanzar la paz\". El breve mensaje de audio de Ortega, difundido en la","canonical_url":"https:\/\/www.eldigitaldeasturias.com\/noticias\/daniel-ortega-la-paz-es-el-camino-y-la-unica-puerta-a-la-convivencia\/","robots":"max-image-preview:large","keywords":"actualidad","webmasterTools":{"google-site-verification":"UA-38556648-1","msvalidate.01":"7dfe9f3f1b24437ab69f4f2559babe99","miscellaneous":""},"schema":{"@context":"https:\/\/schema.org","@graph":[{"@type":"BlogPosting","@id":"https:\/\/www.eldigitaldeasturias.com\/noticias\/daniel-ortega-la-paz-es-el-camino-y-la-unica-puerta-a-la-convivencia\/#blogposting","name":"Daniel Ortega: \u00abLa paz es el camino y la \u00fanica puerta a la convivencia\u00bb - El Digital de Asturias","headline":"Daniel Ortega: \u00abLa paz es el camino y la \u00fanica puerta a la convivencia\u00bb","author":{"@id":"https:\/\/www.eldigitaldeasturias.com\/noticias\/author\/admin\/#author"},"publisher":{"@id":"https:\/\/www.eldigitaldeasturias.com\/noticias\/#organization"},"image":{"@type":"ImageObject","url":581461},"datePublished":"2018-05-13T08:51:09+02:00","dateModified":"2018-05-13T08:51:10+02:00","inLanguage":"es-ES","mainEntityOfPage":{"@id":"https:\/\/www.eldigitaldeasturias.com\/noticias\/daniel-ortega-la-paz-es-el-camino-y-la-unica-puerta-a-la-convivencia\/#webpage"},"isPartOf":{"@id":"https:\/\/www.eldigitaldeasturias.com\/noticias\/daniel-ortega-la-paz-es-el-camino-y-la-unica-puerta-a-la-convivencia\/#webpage"},"articleSection":"Actualidad"},{"@type":"BreadcrumbList","@id":"https:\/\/www.eldigitaldeasturias.com\/noticias\/daniel-ortega-la-paz-es-el-camino-y-la-unica-puerta-a-la-convivencia\/#breadcrumblist","itemListElement":[{"@type":"ListItem","@id":"https:\/\/www.eldigitaldeasturias.com\/noticias#listItem","position":1,"name":"Home","item":"https:\/\/www.eldigitaldeasturias.com\/noticias","nextItem":{"@type":"ListItem","@id":"https:\/\/www.eldigitaldeasturias.com\/noticias\/category\/actualidad\/#listItem","name":"Actualidad"}},{"@type":"ListItem","@id":"https:\/\/www.eldigitaldeasturias.com\/noticias\/category\/actualidad\/#listItem","position":2,"name":"Actualidad","item":"https:\/\/www.eldigitaldeasturias.com\/noticias\/category\/actualidad\/","nextItem":{"@type":"ListItem","@id":"https:\/\/www.eldigitaldeasturias.com\/noticias\/daniel-ortega-la-paz-es-el-camino-y-la-unica-puerta-a-la-convivencia\/#listItem","name":"Daniel Ortega: \u00abLa paz es el camino y la \u00fanica puerta a la convivencia\u00bb"},"previousItem":{"@type":"ListItem","@id":"https:\/\/www.eldigitaldeasturias.com\/noticias#listItem","name":"Home"}},{"@type":"ListItem","@id":"https:\/\/www.eldigitaldeasturias.com\/noticias\/daniel-ortega-la-paz-es-el-camino-y-la-unica-puerta-a-la-convivencia\/#listItem","position":3,"name":"Daniel Ortega: \u00abLa paz es el camino y la \u00fanica puerta a la convivencia\u00bb","previousItem":{"@type":"ListItem","@id":"https:\/\/www.eldigitaldeasturias.com\/noticias\/category\/actualidad\/#listItem","name":"Actualidad"}}]},{"@type":"Organization","@id":"https:\/\/www.eldigitaldeasturias.com\/noticias\/#organization","name":"El Digital de Asturias","description":"Hemeroteca","url":"https:\/\/www.eldigitaldeasturias.com\/noticias\/","email":"info@eldigitaldeasturias.com","telephone":"+34652131393","logo":{"@type":"ImageObject","url":"https:\/\/www.eldigitaldeasturias.com\/noticias\/wp-content\/uploads\/2020\/12\/EDA.jpg","@id":"https:\/\/www.eldigitaldeasturias.com\/noticias\/daniel-ortega-la-paz-es-el-camino-y-la-unica-puerta-a-la-convivencia\/#organizationLogo"},"image":{"@id":"https:\/\/www.eldigitaldeasturias.com\/noticias\/daniel-ortega-la-paz-es-el-camino-y-la-unica-puerta-a-la-convivencia\/#organizationLogo"},"sameAs":["https:\/\/facebook.com\/eldigitaldeasturias","https:\/\/www.youtube.com\/channel\/UCZP-2wLEB9Rv6erhFmqVnvg"],"address":{"@id":"https:\/\/www.eldigitaldeasturias.com\/noticias\/#postaladdress","@type":"PostalAddress","streetAddress":"san antonio 4","postalCode":"33430","addressLocality":"Cand\u00e1s","addressRegion":"Asturias","addressCountry":"ES"}},{"@type":"Person","@id":"https:\/\/www.eldigitaldeasturias.com\/noticias\/author\/admin\/#author","url":"https:\/\/www.eldigitaldeasturias.com\/noticias\/author\/admin\/","name":"El Digital de Asturias","image":{"@type":"ImageObject","@id":"https:\/\/www.eldigitaldeasturias.com\/noticias\/daniel-ortega-la-paz-es-el-camino-y-la-unica-puerta-a-la-convivencia\/#authorImage","url":"https:\/\/secure.gravatar.com\/avatar\/df2aeffc32bcd13f8d26072ef8a91b623d677766deac7f97ca815868cd41bf5e?s=96&d=mm&r=g","width":96,"height":96,"caption":"El Digital de Asturias"}},{"@type":"WebPage","@id":"https:\/\/www.eldigitaldeasturias.com\/noticias\/daniel-ortega-la-paz-es-el-camino-y-la-unica-puerta-a-la-convivencia\/#webpage","url":"https:\/\/www.eldigitaldeasturias.com\/noticias\/daniel-ortega-la-paz-es-el-camino-y-la-unica-puerta-a-la-convivencia\/","name":"Daniel Ortega: \u00abLa paz es el camino y la \u00fanica puerta a la convivencia\u00bb - El Digital de Asturias","description":"Managua, 12 may (dpa) - El presidente de Nicaragua, Daniel Ortega, envi\u00f3 hoy un mensaje a la naci\u00f3n, en medio de graves disturbios y enfrentamientos en Masaya, ciudad vecina a la capital, en el que invoc\u00f3 a dios para pedirle \"fortaleza para alcanzar la paz\". El breve mensaje de audio de Ortega, difundido en la","inLanguage":"es-ES","isPartOf":{"@id":"https:\/\/www.eldigitaldeasturias.com\/noticias\/#website"},"breadcrumb":{"@id":"https:\/\/www.eldigitaldeasturias.com\/noticias\/daniel-ortega-la-paz-es-el-camino-y-la-unica-puerta-a-la-convivencia\/#breadcrumblist"},"author":{"@id":"https:\/\/www.eldigitaldeasturias.com\/noticias\/author\/admin\/#author"},"creator":{"@id":"https:\/\/www.eldigitaldeasturias.com\/noticias\/author\/admin\/#author"},"image":{"@type":"ImageObject","url":581461,"@id":"https:\/\/www.eldigitaldeasturias.com\/noticias\/daniel-ortega-la-paz-es-el-camino-y-la-unica-puerta-a-la-convivencia\/#mainImage"},"primaryImageOfPage":{"@id":"https:\/\/www.eldigitaldeasturias.com\/noticias\/daniel-ortega-la-paz-es-el-camino-y-la-unica-puerta-a-la-convivencia\/#mainImage"},"datePublished":"2018-05-13T08:51:09+02:00","dateModified":"2018-05-13T08:51:10+02:00"},{"@type":"WebSite","@id":"https:\/\/www.eldigitaldeasturias.com\/noticias\/#website","url":"https:\/\/www.eldigitaldeasturias.com\/noticias\/","name":"El Digital de Asturias - Diario de actualidad y noticias","alternateName":"El Digital de Asturias - Diario de actualidad y noticias","description":"Hemeroteca","inLanguage":"es-ES","publisher":{"@id":"https:\/\/www.eldigitaldeasturias.com\/noticias\/#organization"}}]},"og:locale":"es_ES","og:site_name":"El Digital de Asturias","og:type":"article","og:title":"Daniel Ortega: \u00abLa paz es el camino y la \u00fanica puerta a la convivencia\u00bb - El Digital de Asturias","og:description":"Managua, 12 may (dpa) - El presidente de Nicaragua, Daniel Ortega, envi\u00f3 hoy un mensaje a la naci\u00f3n, en medio de graves disturbios y enfrentamientos en Masaya, ciudad vecina a la capital, en el que invoc\u00f3 a dios para pedirle &quot;fortaleza para alcanzar la paz&quot;. El breve mensaje de audio de Ortega, difundido en la","og:url":"https:\/\/www.eldigitaldeasturias.com\/noticias\/daniel-ortega-la-paz-es-el-camino-y-la-unica-puerta-a-la-convivencia\/","article:tag":["actualidad"],"article:published_time":"2018-05-13T08:51:09+00:00","article:modified_time":"2018-05-13T08:51:10+00:00","article:publisher":"https:\/\/facebook.com\/eldigitaldeasturias","twitter:card":"summary_large_image","twitter:title":"Daniel Ortega: \u00abLa paz es el camino y la \u00fanica puerta a la convivencia\u00bb - El Digital de Asturias","twitter:description":"Managua, 12 may (dpa) - El presidente de Nicaragua, Daniel Ortega, envi\u00f3 hoy un mensaje a la naci\u00f3n, en medio de graves disturbios y enfrentamientos en Masaya, ciudad vecina a la capital, en el que invoc\u00f3 a dios para pedirle &quot;fortaleza para alcanzar la paz&quot;. El breve mensaje de audio de Ortega, difundido en la","twitter:image":"https:\/\/www.eldigitaldeasturias.com\/noticias\/wp-content\/uploads\/2020\/12\/EDA-1.jpg","twitter:label1":"Escrito por","twitter:data1":"El Digital de Asturias","twitter:label2":"Tiempo de lectura estimado","twitter:data2":"4 minutos"},"aioseo_meta_data":{"post_id":"980070","title":null,"description":null,"keywords":null,"keyphrases":null,"primary_term":null,"canonical_url":null,"og_title":null,"og_description":null,"og_object_type":"default","og_image_type":"default","og_image_url":null,"og_image_width":null,"og_image_height":null,"og_image_custom_url":null,"og_image_custom_fields":null,"og_video":null,"og_custom_url":null,"og_article_section":null,"og_article_tags":null,"twitter_use_og":false,"twitter_card":"default","twitter_image_type":"default","twitter_image_url":null,"twitter_image_custom_url":null,"twitter_image_custom_fields":null,"twitter_title":null,"twitter_description":null,"schema":{"blockGraphs":[],"customGraphs":[],"default":{"data":{"Article":[],"Course":[],"Dataset":[],"FAQPage":[],"Movie":[],"Person":[],"Product":[],"ProductReview":[],"Car":[],"Recipe":[],"Service":[],"SoftwareApplication":[],"WebPage":[]},"graphName":"","isEnabled":true},"graphs":[],"defaultGraph":"","defaultPostTypeGraph":""},"schema_type":null,"schema_type_options":null,"pillar_content":false,"robots_default":true,"robots_noindex":false,"robots_noarchive":false,"robots_nosnippet":false,"robots_nofollow":false,"robots_noimageindex":false,"robots_noodp":false,"robots_notranslate":false,"robots_max_snippet":null,"robots_max_videopreview":null,"robots_max_imagepreview":"large","priority":null,"frequency":null,"local_seo":null,"seo_analyzer_scan_date":"2025-10-08 16:38:40","breadcrumb_settings":null,"limit_modified_date":false,"open_ai":null,"ai":null,"created":"2020-12-21 11:57:40","updated":"2025-10-08 16:38:40","focus_keyword":null,"additional_keywords":null,"truseo_locale":null},"aioseo_breadcrumb":"<div class=\"aioseo-breadcrumbs\"><span class=\"aioseo-breadcrumb\">\n\t<a href=\"https:\/\/www.eldigitaldeasturias.com\/noticias\" title=\"Home\">Home<\/a>\n<\/span><span class=\"aioseo-breadcrumb-separator\">\u2013<\/span><span class=\"aioseo-breadcrumb\">\n\t<a href=\"https:\/\/www.eldigitaldeasturias.com\/noticias\/category\/actualidad\/\" title=\"Actualidad\">Actualidad<\/a>\n<\/span><span class=\"aioseo-breadcrumb-separator\">\u2013<\/span><span class=\"aioseo-breadcrumb\">\n\t<a href=\"https:\/\/www.eldigitaldeasturias.com\/noticias\/daniel-ortega-la-paz-es-el-camino-y-la-unica-puerta-a-la-convivencia\/\" title=\"Daniel Ortega: \u00abLa paz es el camino y la \u00fanica puerta a la convivencia\u00bb\">Daniel Ortega: \u00abLa paz es el camino y la \u00fanica puerta a la convivencia\u00bb<\/a>\n<\/span><\/div>","aioseo_breadcrumb_json":[{"label":"Home","link":"https:\/\/www.eldigitaldeasturias.com\/noticias"},{"label":"Actualidad","link":"https:\/\/www.eldigitaldeasturias.com\/noticias\/category\/actualidad\/"},{"label":"Daniel Ortega: \u00abLa paz es el camino y la \u00fanica puerta a la convivencia\u00bb","link":"https:\/\/www.eldigitaldeasturias.com\/noticias\/daniel-ortega-la-paz-es-el-camino-y-la-unica-puerta-a-la-convivencia\/"}],"_links":{"self":[{"href":"https:\/\/www.eldigitaldeasturias.com\/noticias\/wp-json\/wp\/v2\/posts\/980070","targetHints":{"allow":["GET"]}}],"collection":[{"href":"https:\/\/www.eldigitaldeasturias.com\/noticias\/wp-json\/wp\/v2\/posts"}],"about":[{"href":"https:\/\/www.eldigitaldeasturias.com\/noticias\/wp-json\/wp\/v2\/types\/post"}],"author":[{"embeddable":true,"href":"https:\/\/www.eldigitaldeasturias.com\/noticias\/wp-json\/wp\/v2\/users\/1"}],"replies":[{"embeddable":true,"href":"https:\/\/www.eldigitaldeasturias.com\/noticias\/wp-json\/wp\/v2\/comments?post=980070"}],"version-history":[{"count":0,"href":"https:\/\/www.eldigitaldeasturias.com\/noticias\/wp-json\/wp\/v2\/posts\/980070\/revisions"}],"wp:attachment":[{"href":"https:\/\/www.eldigitaldeasturias.com\/noticias\/wp-json\/wp\/v2\/media?parent=980070"}],"wp:term":[{"taxonomy":"category","embeddable":true,"href":"https:\/\/www.eldigitaldeasturias.com\/noticias\/wp-json\/wp\/v2\/categories?post=980070"},{"taxonomy":"post_tag","embeddable":true,"href":"https:\/\/www.eldigitaldeasturias.com\/noticias\/wp-json\/wp\/v2\/tags?post=980070"}],"curies":[{"name":"wp","href":"https:\/\/api.w.org\/{rel}","templated":true}]}}