{"id":979970,"date":"2018-05-11T23:50:58","date_gmt":"2018-05-11T23:50:58","guid":{"rendered":"http:\/\/www.eldigitaldeasturias.com\/noticias\/?p=979970"},"modified":"2018-05-11T23:50:58","modified_gmt":"2018-05-11T23:50:58","slug":"att-califica-de-gran-error-la-contratacion-del-abogado-de-trump","status":"publish","type":"post","link":"https:\/\/www.eldigitaldeasturias.com\/noticias\/att-califica-de-gran-error-la-contratacion-del-abogado-de-trump\/","title":{"rendered":"AT&#038;T califica de \u00abgran error\u00bb la contrataci\u00f3n del abogado de Trump"},"content":{"rendered":"<p><img loading=\"lazy\" decoding=\"async\" class=\"alignleft size-medium wp-image-971860\" src=\"https:\/\/www.eldigitaldeasturias.com\/noticias\/wp-content\/uploads\/2018\/03\/administration-1846270_1280-360x270.jpg\" alt=\"\" width=\"360\" height=\"270\" \/>Washington, 11 may (dpa) &#8211; La farmac\u00e9utica suiza Novartis y la empresa de telecomunicaciones estadounidense AT&amp;T firmaron contratos de consultor\u00eda por un total de 1,8 millones de d\u00f3lares con el abogado personal de Donald Trump inmediatamente tras la asunci\u00f3n del presidente, lo que hoy AT&amp;T consider\u00f3 como \u00abun gran error\u00bb.<\/p>\n<p>\u00abNo se puede decir de otra manera. La contrataci\u00f3n de Michael Cohen fue un gran error\u00bb, se\u00f1al\u00f3 en una toma de posici\u00f3n su CEO Randall Stephenson, quien adem\u00e1s indic\u00f3 que la compa\u00f1\u00eda result\u00f3 afectada por esta decisi\u00f3n.<\/p>\n<p>Novartis, en tanto, explic\u00f3 que esperaban que por 1,2 millones de d\u00f3lares Cohen los asesorara sobre la pol\u00edtica de salud del nuevo Gobierno.<\/p>\n<p>AT&amp;T, que esperaba obtener \u00abperspectivas\u00bb de Cohen sobre la pol\u00edtica gubernamental, desembols\u00f3 en tanto 600.000 d\u00f3lares. El contrato se realiz\u00f3 durante los intentos por adquirir Time Warner.<\/p>\n<p>Los medios de comunicaci\u00f3n estadounidenses especularon que Cohen admiti\u00f3 el dinero para servir como v\u00eda de acceso a Trump. La Casa Blanca no quiso pronunciarse este mi\u00e9rcoles ante reiteradas consultas al respecto y apunt\u00f3 a los abogados personales del mandatario.<\/p>\n<p>\u00abThe Wall Street Journal\u00bb escribi\u00f3 que si bien los pagos de empresas a asesores pol\u00edticos en Washington est\u00e1n a la orden del d\u00eda, el rol de Cohen como abogado del presidente estadounidense hace m\u00e1s compleja la situaci\u00f3n.<\/p>\n<p>Ambas empresas indicaron que debido a los pagos a Cohen fueron contactadas por el investigador especial del FBI Robert Mueller, quien indaga, entre otros, aspectos el entorno financiero de Trump.<\/p>\n<p>La Justicia lleva adelante tambi\u00e9n pesquisas vinculadas con Cohen por haberle pagado 130.000 d\u00f3lares a la actriz porno Stephanie Clifford para que no hablara sobre un presunto affaire con Trump.<\/p>\n<p>El abogado de Clifford Michael Avenatti explic\u00f3 que en los meses que sucedieron a la elecci\u00f3n presidencial de noviembre de 2016 Cohen recibi\u00f3 diferentes pagos de empresas a la misma compa\u00f1\u00eda fantasma utilizada para hacer fluir los fondos para su clienta.<\/p>\n<p>Entre otros se habr\u00eda registrado un pago del oligarca ruso Viktor Vekselberg de medio mill\u00f3n de d\u00f3lares.<\/p>\n","protected":false},"excerpt":{"rendered":"<p>Washington, 11 may (dpa) &#8211; La farmac\u00e9utica suiza Novartis y la empresa de telecomunicaciones estadounidense AT&amp;T firmaron contratos de consultor\u00eda por un total de 1,8 millones de d\u00f3lares con el abogado personal de Donald Trump inmediatamente tras la asunci\u00f3n del presidente, lo que hoy AT&amp;T consider\u00f3 como \u00abun gran error\u00bb. \u00abNo se puede decir de [&hellip;]<\/p>\n","protected":false},"author":1,"featured_media":971860,"comment_status":"closed","ping_status":"closed","sticky":false,"template":"","format":"standard","meta":{"footnotes":""},"categories":[1],"tags":[],"class_list":["post-979970","post","type-post","status-publish","format-standard","has-post-thumbnail","hentry","category-actualidad"],"aioseo_notices":[],"aioseo_head":"\n\t\t<!-- All in One SEO Pro 5.0.1 - aioseo.com -->\n\t<meta name=\"description\" content=\"Washington, 11 may (dpa) - La farmac\u00e9utica suiza Novartis y la empresa de telecomunicaciones estadounidense AT&amp;T firmaron contratos de consultor\u00eda por un total de 1,8 millones de d\u00f3lares con el abogado personal de Donald Trump inmediatamente tras la asunci\u00f3n del presidente, lo que hoy AT&amp;T consider\u00f3 como &quot;un gran error&quot;. &quot;No se puede decir de\" \/>\n\t<meta name=\"robots\" content=\"max-image-preview:large\" \/>\n\t<meta name=\"author\" content=\"El Digital de Asturias\"\/>\n\t<meta name=\"google-site-verification\" content=\"UA-38556648-1\" \/>\n\t<meta name=\"msvalidate.01\" content=\"7dfe9f3f1b24437ab69f4f2559babe99\" \/>\n\t<meta name=\"keywords\" content=\"actualidad\" \/>\n\t<link rel=\"canonical\" href=\"https:\/\/www.eldigitaldeasturias.com\/noticias\/att-califica-de-gran-error-la-contratacion-del-abogado-de-trump\/\" \/>\n\t<meta name=\"generator\" content=\"All in One SEO Pro (AIOSEO) 5.0.1\" \/>\n\t\t<meta property=\"og:locale\" content=\"es_ES\" \/>\n\t\t<meta property=\"og:site_name\" content=\"El Digital de Asturias\" \/>\n\t\t<meta property=\"og:type\" content=\"article\" \/>\n\t\t<meta property=\"og:title\" content=\"AT&amp;T califica de \u00abgran error\u00bb la contrataci\u00f3n del abogado de Trump - El Digital de Asturias\" \/>\n\t\t<meta property=\"og:description\" content=\"Washington, 11 may (dpa) - La farmac\u00e9utica suiza Novartis y la empresa de telecomunicaciones estadounidense AT&amp;T firmaron contratos de consultor\u00eda por un total de 1,8 millones de d\u00f3lares con el abogado personal de Donald Trump inmediatamente tras la asunci\u00f3n del presidente, lo que hoy AT&amp;T consider\u00f3 como &quot;un gran error&quot;. &quot;No se puede decir de\" \/>\n\t\t<meta property=\"og:url\" content=\"https:\/\/www.eldigitaldeasturias.com\/noticias\/att-califica-de-gran-error-la-contratacion-del-abogado-de-trump\/\" \/>\n\t\t<meta property=\"article:tag\" content=\"actualidad\" \/>\n\t\t<meta property=\"article:published_time\" content=\"2018-05-11T23:50:58+00:00\" \/>\n\t\t<meta property=\"article:modified_time\" content=\"2018-05-11T23:50:58+00:00\" \/>\n\t\t<meta property=\"article:publisher\" content=\"https:\/\/facebook.com\/eldigitaldeasturias\" \/>\n\t\t<meta name=\"twitter:card\" content=\"summary_large_image\" \/>\n\t\t<meta name=\"twitter:title\" content=\"AT&amp;T califica de \u00abgran error\u00bb la contrataci\u00f3n del abogado de Trump - El Digital de Asturias\" \/>\n\t\t<meta name=\"twitter:description\" content=\"Washington, 11 may (dpa) - La farmac\u00e9utica suiza Novartis y la empresa de telecomunicaciones estadounidense AT&amp;T firmaron contratos de consultor\u00eda por un total de 1,8 millones de d\u00f3lares con el abogado personal de Donald Trump inmediatamente tras la asunci\u00f3n del presidente, lo que hoy AT&amp;T consider\u00f3 como &quot;un gran error&quot;. &quot;No se puede decir de\" \/>\n\t\t<meta name=\"twitter:image\" content=\"https:\/\/www.eldigitaldeasturias.com\/noticias\/wp-content\/uploads\/2020\/12\/EDA-1.jpg\" \/>\n\t\t<meta name=\"twitter:label1\" content=\"Escrito por\" \/>\n\t\t<meta name=\"twitter:data1\" content=\"El Digital de Asturias\" \/>\n\t\t<meta name=\"twitter:label2\" content=\"Tiempo de lectura estimado\" \/>\n\t\t<meta name=\"twitter:data2\" content=\"2 minutos\" \/>\n\t\t<script type=\"application\/ld+json\" class=\"aioseo-schema\">\n\t\t\t{\"@context\":\"https:\\\/\\\/schema.org\",\"@graph\":[{\"@type\":\"BlogPosting\",\"@id\":\"https:\\\/\\\/www.eldigitaldeasturias.com\\\/noticias\\\/att-califica-de-gran-error-la-contratacion-del-abogado-de-trump\\\/#blogposting\",\"name\":\"AT&T califica de \\u00abgran error\\u00bb la contrataci\\u00f3n del abogado de Trump - El Digital de Asturias\",\"headline\":\"AT&#038;T califica de \\u00abgran error\\u00bb la contrataci\\u00f3n del abogado de Trump\",\"author\":{\"@id\":\"https:\\\/\\\/www.eldigitaldeasturias.com\\\/noticias\\\/author\\\/admin\\\/#author\"},\"publisher\":{\"@id\":\"https:\\\/\\\/www.eldigitaldeasturias.com\\\/noticias\\\/#organization\"},\"image\":{\"@type\":\"ImageObject\",\"url\":971860},\"datePublished\":\"2018-05-11T23:50:58+02:00\",\"dateModified\":\"2018-05-11T23:50:58+02:00\",\"inLanguage\":\"es-ES\",\"mainEntityOfPage\":{\"@id\":\"https:\\\/\\\/www.eldigitaldeasturias.com\\\/noticias\\\/att-califica-de-gran-error-la-contratacion-del-abogado-de-trump\\\/#webpage\"},\"isPartOf\":{\"@id\":\"https:\\\/\\\/www.eldigitaldeasturias.com\\\/noticias\\\/att-califica-de-gran-error-la-contratacion-del-abogado-de-trump\\\/#webpage\"},\"articleSection\":\"Actualidad\"},{\"@type\":\"BreadcrumbList\",\"@id\":\"https:\\\/\\\/www.eldigitaldeasturias.com\\\/noticias\\\/att-califica-de-gran-error-la-contratacion-del-abogado-de-trump\\\/#breadcrumblist\",\"itemListElement\":[{\"@type\":\"ListItem\",\"@id\":\"https:\\\/\\\/www.eldigitaldeasturias.com\\\/noticias#listItem\",\"position\":1,\"name\":\"Home\",\"item\":\"https:\\\/\\\/www.eldigitaldeasturias.com\\\/noticias\",\"nextItem\":{\"@type\":\"ListItem\",\"@id\":\"https:\\\/\\\/www.eldigitaldeasturias.com\\\/noticias\\\/category\\\/actualidad\\\/#listItem\",\"name\":\"Actualidad\"}},{\"@type\":\"ListItem\",\"@id\":\"https:\\\/\\\/www.eldigitaldeasturias.com\\\/noticias\\\/category\\\/actualidad\\\/#listItem\",\"position\":2,\"name\":\"Actualidad\",\"item\":\"https:\\\/\\\/www.eldigitaldeasturias.com\\\/noticias\\\/category\\\/actualidad\\\/\",\"nextItem\":{\"@type\":\"ListItem\",\"@id\":\"https:\\\/\\\/www.eldigitaldeasturias.com\\\/noticias\\\/att-califica-de-gran-error-la-contratacion-del-abogado-de-trump\\\/#listItem\",\"name\":\"AT&#038;T califica de \\u00abgran error\\u00bb la contrataci\\u00f3n del abogado de Trump\"},\"previousItem\":{\"@type\":\"ListItem\",\"@id\":\"https:\\\/\\\/www.eldigitaldeasturias.com\\\/noticias#listItem\",\"name\":\"Home\"}},{\"@type\":\"ListItem\",\"@id\":\"https:\\\/\\\/www.eldigitaldeasturias.com\\\/noticias\\\/att-califica-de-gran-error-la-contratacion-del-abogado-de-trump\\\/#listItem\",\"position\":3,\"name\":\"AT&#038;T califica de \\u00abgran error\\u00bb la contrataci\\u00f3n del abogado de Trump\",\"previousItem\":{\"@type\":\"ListItem\",\"@id\":\"https:\\\/\\\/www.eldigitaldeasturias.com\\\/noticias\\\/category\\\/actualidad\\\/#listItem\",\"name\":\"Actualidad\"}}]},{\"@type\":\"Organization\",\"@id\":\"https:\\\/\\\/www.eldigitaldeasturias.com\\\/noticias\\\/#organization\",\"name\":\"El Digital de Asturias\",\"description\":\"Hemeroteca\",\"url\":\"https:\\\/\\\/www.eldigitaldeasturias.com\\\/noticias\\\/\",\"email\":\"info@eldigitaldeasturias.com\",\"telephone\":\"+34652131393\",\"logo\":{\"@type\":\"ImageObject\",\"url\":\"https:\\\/\\\/www.eldigitaldeasturias.com\\\/noticias\\\/wp-content\\\/uploads\\\/2020\\\/12\\\/EDA.jpg\",\"@id\":\"https:\\\/\\\/www.eldigitaldeasturias.com\\\/noticias\\\/att-califica-de-gran-error-la-contratacion-del-abogado-de-trump\\\/#organizationLogo\"},\"image\":{\"@id\":\"https:\\\/\\\/www.eldigitaldeasturias.com\\\/noticias\\\/att-califica-de-gran-error-la-contratacion-del-abogado-de-trump\\\/#organizationLogo\"},\"sameAs\":[\"https:\\\/\\\/facebook.com\\\/eldigitaldeasturias\",\"https:\\\/\\\/www.youtube.com\\\/channel\\\/UCZP-2wLEB9Rv6erhFmqVnvg\"],\"address\":{\"@id\":\"https:\\\/\\\/www.eldigitaldeasturias.com\\\/noticias\\\/#postaladdress\",\"@type\":\"PostalAddress\",\"streetAddress\":\"san antonio 4\",\"postalCode\":\"33430\",\"addressLocality\":\"Cand\\u00e1s\",\"addressRegion\":\"Asturias\",\"addressCountry\":\"ES\"}},{\"@type\":\"Person\",\"@id\":\"https:\\\/\\\/www.eldigitaldeasturias.com\\\/noticias\\\/author\\\/admin\\\/#author\",\"url\":\"https:\\\/\\\/www.eldigitaldeasturias.com\\\/noticias\\\/author\\\/admin\\\/\",\"name\":\"El Digital de Asturias\",\"image\":{\"@type\":\"ImageObject\",\"@id\":\"https:\\\/\\\/www.eldigitaldeasturias.com\\\/noticias\\\/att-califica-de-gran-error-la-contratacion-del-abogado-de-trump\\\/#authorImage\",\"url\":\"https:\\\/\\\/secure.gravatar.com\\\/avatar\\\/df2aeffc32bcd13f8d26072ef8a91b623d677766deac7f97ca815868cd41bf5e?s=96&d=mm&r=g\",\"width\":96,\"height\":96,\"caption\":\"El Digital de Asturias\"}},{\"@type\":\"WebPage\",\"@id\":\"https:\\\/\\\/www.eldigitaldeasturias.com\\\/noticias\\\/att-califica-de-gran-error-la-contratacion-del-abogado-de-trump\\\/#webpage\",\"url\":\"https:\\\/\\\/www.eldigitaldeasturias.com\\\/noticias\\\/att-califica-de-gran-error-la-contratacion-del-abogado-de-trump\\\/\",\"name\":\"AT&T califica de \\u00abgran error\\u00bb la contrataci\\u00f3n del abogado de Trump - El Digital de Asturias\",\"description\":\"Washington, 11 may (dpa) - La farmac\\u00e9utica suiza Novartis y la empresa de telecomunicaciones estadounidense AT&T firmaron contratos de consultor\\u00eda por un total de 1,8 millones de d\\u00f3lares con el abogado personal de Donald Trump inmediatamente tras la asunci\\u00f3n del presidente, lo que hoy AT&T consider\\u00f3 como \\\"un gran error\\\". \\\"No se puede decir de\",\"inLanguage\":\"es-ES\",\"isPartOf\":{\"@id\":\"https:\\\/\\\/www.eldigitaldeasturias.com\\\/noticias\\\/#website\"},\"breadcrumb\":{\"@id\":\"https:\\\/\\\/www.eldigitaldeasturias.com\\\/noticias\\\/att-califica-de-gran-error-la-contratacion-del-abogado-de-trump\\\/#breadcrumblist\"},\"author\":{\"@id\":\"https:\\\/\\\/www.eldigitaldeasturias.com\\\/noticias\\\/author\\\/admin\\\/#author\"},\"creator\":{\"@id\":\"https:\\\/\\\/www.eldigitaldeasturias.com\\\/noticias\\\/author\\\/admin\\\/#author\"},\"image\":{\"@type\":\"ImageObject\",\"url\":971860,\"@id\":\"https:\\\/\\\/www.eldigitaldeasturias.com\\\/noticias\\\/att-califica-de-gran-error-la-contratacion-del-abogado-de-trump\\\/#mainImage\"},\"primaryImageOfPage\":{\"@id\":\"https:\\\/\\\/www.eldigitaldeasturias.com\\\/noticias\\\/att-califica-de-gran-error-la-contratacion-del-abogado-de-trump\\\/#mainImage\"},\"datePublished\":\"2018-05-11T23:50:58+02:00\",\"dateModified\":\"2018-05-11T23:50:58+02:00\"},{\"@type\":\"WebSite\",\"@id\":\"https:\\\/\\\/www.eldigitaldeasturias.com\\\/noticias\\\/#website\",\"url\":\"https:\\\/\\\/www.eldigitaldeasturias.com\\\/noticias\\\/\",\"name\":\"El Digital de Asturias - Diario de actualidad y noticias\",\"alternateName\":\"El Digital de Asturias - Diario de actualidad y noticias\",\"description\":\"Hemeroteca\",\"inLanguage\":\"es-ES\",\"publisher\":{\"@id\":\"https:\\\/\\\/www.eldigitaldeasturias.com\\\/noticias\\\/#organization\"}}]}\n\t\t<\/script>\n\t\t<!-- All in One SEO Pro -->\r\n\t\t<title>AT&amp;T califica de \u00abgran error\u00bb la contrataci\u00f3n del abogado de Trump - El Digital de Asturias<\/title>\n\n","aioseo_head_json":{"title":"AT&T califica de \u00abgran error\u00bb la contrataci\u00f3n del abogado de Trump - El Digital de Asturias","description":"Washington, 11 may (dpa) - La farmac\u00e9utica suiza Novartis y la empresa de telecomunicaciones estadounidense AT&T firmaron contratos de consultor\u00eda por un total de 1,8 millones de d\u00f3lares con el abogado personal de Donald Trump inmediatamente tras la asunci\u00f3n del presidente, lo que hoy AT&T consider\u00f3 como \"un gran error\". \"No se puede decir de","canonical_url":"https:\/\/www.eldigitaldeasturias.com\/noticias\/att-califica-de-gran-error-la-contratacion-del-abogado-de-trump\/","robots":"max-image-preview:large","keywords":"actualidad","webmasterTools":{"google-site-verification":"UA-38556648-1","msvalidate.01":"7dfe9f3f1b24437ab69f4f2559babe99","miscellaneous":""},"schema":{"@context":"https:\/\/schema.org","@graph":[{"@type":"BlogPosting","@id":"https:\/\/www.eldigitaldeasturias.com\/noticias\/att-califica-de-gran-error-la-contratacion-del-abogado-de-trump\/#blogposting","name":"AT&T califica de \u00abgran error\u00bb la contrataci\u00f3n del abogado de Trump - El Digital de Asturias","headline":"AT&#038;T califica de \u00abgran error\u00bb la contrataci\u00f3n del abogado de Trump","author":{"@id":"https:\/\/www.eldigitaldeasturias.com\/noticias\/author\/admin\/#author"},"publisher":{"@id":"https:\/\/www.eldigitaldeasturias.com\/noticias\/#organization"},"image":{"@type":"ImageObject","url":971860},"datePublished":"2018-05-11T23:50:58+02:00","dateModified":"2018-05-11T23:50:58+02:00","inLanguage":"es-ES","mainEntityOfPage":{"@id":"https:\/\/www.eldigitaldeasturias.com\/noticias\/att-califica-de-gran-error-la-contratacion-del-abogado-de-trump\/#webpage"},"isPartOf":{"@id":"https:\/\/www.eldigitaldeasturias.com\/noticias\/att-califica-de-gran-error-la-contratacion-del-abogado-de-trump\/#webpage"},"articleSection":"Actualidad"},{"@type":"BreadcrumbList","@id":"https:\/\/www.eldigitaldeasturias.com\/noticias\/att-califica-de-gran-error-la-contratacion-del-abogado-de-trump\/#breadcrumblist","itemListElement":[{"@type":"ListItem","@id":"https:\/\/www.eldigitaldeasturias.com\/noticias#listItem","position":1,"name":"Home","item":"https:\/\/www.eldigitaldeasturias.com\/noticias","nextItem":{"@type":"ListItem","@id":"https:\/\/www.eldigitaldeasturias.com\/noticias\/category\/actualidad\/#listItem","name":"Actualidad"}},{"@type":"ListItem","@id":"https:\/\/www.eldigitaldeasturias.com\/noticias\/category\/actualidad\/#listItem","position":2,"name":"Actualidad","item":"https:\/\/www.eldigitaldeasturias.com\/noticias\/category\/actualidad\/","nextItem":{"@type":"ListItem","@id":"https:\/\/www.eldigitaldeasturias.com\/noticias\/att-califica-de-gran-error-la-contratacion-del-abogado-de-trump\/#listItem","name":"AT&#038;T califica de \u00abgran error\u00bb la contrataci\u00f3n del abogado de Trump"},"previousItem":{"@type":"ListItem","@id":"https:\/\/www.eldigitaldeasturias.com\/noticias#listItem","name":"Home"}},{"@type":"ListItem","@id":"https:\/\/www.eldigitaldeasturias.com\/noticias\/att-califica-de-gran-error-la-contratacion-del-abogado-de-trump\/#listItem","position":3,"name":"AT&#038;T califica de \u00abgran error\u00bb la contrataci\u00f3n del abogado de Trump","previousItem":{"@type":"ListItem","@id":"https:\/\/www.eldigitaldeasturias.com\/noticias\/category\/actualidad\/#listItem","name":"Actualidad"}}]},{"@type":"Organization","@id":"https:\/\/www.eldigitaldeasturias.com\/noticias\/#organization","name":"El Digital de Asturias","description":"Hemeroteca","url":"https:\/\/www.eldigitaldeasturias.com\/noticias\/","email":"info@eldigitaldeasturias.com","telephone":"+34652131393","logo":{"@type":"ImageObject","url":"https:\/\/www.eldigitaldeasturias.com\/noticias\/wp-content\/uploads\/2020\/12\/EDA.jpg","@id":"https:\/\/www.eldigitaldeasturias.com\/noticias\/att-califica-de-gran-error-la-contratacion-del-abogado-de-trump\/#organizationLogo"},"image":{"@id":"https:\/\/www.eldigitaldeasturias.com\/noticias\/att-califica-de-gran-error-la-contratacion-del-abogado-de-trump\/#organizationLogo"},"sameAs":["https:\/\/facebook.com\/eldigitaldeasturias","https:\/\/www.youtube.com\/channel\/UCZP-2wLEB9Rv6erhFmqVnvg"],"address":{"@id":"https:\/\/www.eldigitaldeasturias.com\/noticias\/#postaladdress","@type":"PostalAddress","streetAddress":"san antonio 4","postalCode":"33430","addressLocality":"Cand\u00e1s","addressRegion":"Asturias","addressCountry":"ES"}},{"@type":"Person","@id":"https:\/\/www.eldigitaldeasturias.com\/noticias\/author\/admin\/#author","url":"https:\/\/www.eldigitaldeasturias.com\/noticias\/author\/admin\/","name":"El Digital de Asturias","image":{"@type":"ImageObject","@id":"https:\/\/www.eldigitaldeasturias.com\/noticias\/att-califica-de-gran-error-la-contratacion-del-abogado-de-trump\/#authorImage","url":"https:\/\/secure.gravatar.com\/avatar\/df2aeffc32bcd13f8d26072ef8a91b623d677766deac7f97ca815868cd41bf5e?s=96&d=mm&r=g","width":96,"height":96,"caption":"El Digital de Asturias"}},{"@type":"WebPage","@id":"https:\/\/www.eldigitaldeasturias.com\/noticias\/att-califica-de-gran-error-la-contratacion-del-abogado-de-trump\/#webpage","url":"https:\/\/www.eldigitaldeasturias.com\/noticias\/att-califica-de-gran-error-la-contratacion-del-abogado-de-trump\/","name":"AT&T califica de \u00abgran error\u00bb la contrataci\u00f3n del abogado de Trump - El Digital de Asturias","description":"Washington, 11 may (dpa) - La farmac\u00e9utica suiza Novartis y la empresa de telecomunicaciones estadounidense AT&T firmaron contratos de consultor\u00eda por un total de 1,8 millones de d\u00f3lares con el abogado personal de Donald Trump inmediatamente tras la asunci\u00f3n del presidente, lo que hoy AT&T consider\u00f3 como \"un gran error\". \"No se puede decir de","inLanguage":"es-ES","isPartOf":{"@id":"https:\/\/www.eldigitaldeasturias.com\/noticias\/#website"},"breadcrumb":{"@id":"https:\/\/www.eldigitaldeasturias.com\/noticias\/att-califica-de-gran-error-la-contratacion-del-abogado-de-trump\/#breadcrumblist"},"author":{"@id":"https:\/\/www.eldigitaldeasturias.com\/noticias\/author\/admin\/#author"},"creator":{"@id":"https:\/\/www.eldigitaldeasturias.com\/noticias\/author\/admin\/#author"},"image":{"@type":"ImageObject","url":971860,"@id":"https:\/\/www.eldigitaldeasturias.com\/noticias\/att-califica-de-gran-error-la-contratacion-del-abogado-de-trump\/#mainImage"},"primaryImageOfPage":{"@id":"https:\/\/www.eldigitaldeasturias.com\/noticias\/att-califica-de-gran-error-la-contratacion-del-abogado-de-trump\/#mainImage"},"datePublished":"2018-05-11T23:50:58+02:00","dateModified":"2018-05-11T23:50:58+02:00"},{"@type":"WebSite","@id":"https:\/\/www.eldigitaldeasturias.com\/noticias\/#website","url":"https:\/\/www.eldigitaldeasturias.com\/noticias\/","name":"El Digital de Asturias - Diario de actualidad y noticias","alternateName":"El Digital de Asturias - Diario de actualidad y noticias","description":"Hemeroteca","inLanguage":"es-ES","publisher":{"@id":"https:\/\/www.eldigitaldeasturias.com\/noticias\/#organization"}}]},"og:locale":"es_ES","og:site_name":"El Digital de Asturias","og:type":"article","og:title":"AT&amp;T califica de \u00abgran error\u00bb la contrataci\u00f3n del abogado de Trump - El Digital de Asturias","og:description":"Washington, 11 may (dpa) - La farmac\u00e9utica suiza Novartis y la empresa de telecomunicaciones estadounidense AT&amp;T firmaron contratos de consultor\u00eda por un total de 1,8 millones de d\u00f3lares con el abogado personal de Donald Trump inmediatamente tras la asunci\u00f3n del presidente, lo que hoy AT&amp;T consider\u00f3 como &quot;un gran error&quot;. &quot;No se puede decir de","og:url":"https:\/\/www.eldigitaldeasturias.com\/noticias\/att-califica-de-gran-error-la-contratacion-del-abogado-de-trump\/","article:tag":["actualidad"],"article:published_time":"2018-05-11T23:50:58+00:00","article:modified_time":"2018-05-11T23:50:58+00:00","article:publisher":"https:\/\/facebook.com\/eldigitaldeasturias","twitter:card":"summary_large_image","twitter:title":"AT&amp;T califica de \u00abgran error\u00bb la contrataci\u00f3n del abogado de Trump - El Digital de Asturias","twitter:description":"Washington, 11 may (dpa) - La farmac\u00e9utica suiza Novartis y la empresa de telecomunicaciones estadounidense AT&amp;T firmaron contratos de consultor\u00eda por un total de 1,8 millones de d\u00f3lares con el abogado personal de Donald Trump inmediatamente tras la asunci\u00f3n del presidente, lo que hoy AT&amp;T consider\u00f3 como &quot;un gran error&quot;. &quot;No se puede decir de","twitter:image":"https:\/\/www.eldigitaldeasturias.com\/noticias\/wp-content\/uploads\/2020\/12\/EDA-1.jpg","twitter:label1":"Escrito por","twitter:data1":"El Digital de Asturias","twitter:label2":"Tiempo de lectura estimado","twitter:data2":"2 minutos"},"aioseo_meta_data":{"post_id":"979970","title":null,"description":null,"keywords":null,"keyphrases":null,"primary_term":null,"canonical_url":null,"og_title":null,"og_description":null,"og_object_type":"default","og_image_type":"default","og_image_url":null,"og_image_width":null,"og_image_height":null,"og_image_custom_url":null,"og_image_custom_fields":null,"og_video":null,"og_custom_url":null,"og_article_section":null,"og_article_tags":null,"twitter_use_og":false,"twitter_card":"default","twitter_image_type":"default","twitter_image_url":null,"twitter_image_custom_url":null,"twitter_image_custom_fields":null,"twitter_title":null,"twitter_description":null,"schema":{"blockGraphs":[],"customGraphs":[],"default":{"data":{"Article":[],"Course":[],"Dataset":[],"FAQPage":[],"Movie":[],"Person":[],"Product":[],"ProductReview":[],"Car":[],"Recipe":[],"Service":[],"SoftwareApplication":[],"WebPage":[]},"graphName":"","isEnabled":true},"graphs":[],"defaultGraph":"","defaultPostTypeGraph":""},"schema_type":null,"schema_type_options":null,"pillar_content":false,"robots_default":true,"robots_noindex":false,"robots_noarchive":false,"robots_nosnippet":false,"robots_nofollow":false,"robots_noimageindex":false,"robots_noodp":false,"robots_notranslate":false,"robots_max_snippet":null,"robots_max_videopreview":null,"robots_max_imagepreview":"large","priority":null,"frequency":null,"local_seo":null,"seo_analyzer_scan_date":"2025-10-08 16:15:10","breadcrumb_settings":null,"limit_modified_date":false,"open_ai":null,"ai":null,"created":"2020-12-21 11:58:36","updated":"2025-10-08 16:15:10","focus_keyword":null,"additional_keywords":null,"truseo_locale":null},"aioseo_breadcrumb":"<div class=\"aioseo-breadcrumbs\"><span class=\"aioseo-breadcrumb\">\n\t<a href=\"https:\/\/www.eldigitaldeasturias.com\/noticias\" title=\"Home\">Home<\/a>\n<\/span><span class=\"aioseo-breadcrumb-separator\">\u2013<\/span><span class=\"aioseo-breadcrumb\">\n\t<a href=\"https:\/\/www.eldigitaldeasturias.com\/noticias\/category\/actualidad\/\" title=\"Actualidad\">Actualidad<\/a>\n<\/span><span class=\"aioseo-breadcrumb-separator\">\u2013<\/span><span class=\"aioseo-breadcrumb\">\n\t<a href=\"https:\/\/www.eldigitaldeasturias.com\/noticias\/att-califica-de-gran-error-la-contratacion-del-abogado-de-trump\/\" title=\"AT&amp;T califica de \u00abgran error\u00bb la contrataci\u00f3n del abogado de Trump\">AT&amp;T califica de \u00abgran error\u00bb la contrataci\u00f3n del abogado de Trump<\/a>\n<\/span><\/div>","aioseo_breadcrumb_json":[{"label":"Home","link":"https:\/\/www.eldigitaldeasturias.com\/noticias"},{"label":"Actualidad","link":"https:\/\/www.eldigitaldeasturias.com\/noticias\/category\/actualidad\/"},{"label":"AT&#038;T califica de \u00abgran error\u00bb la contrataci\u00f3n del abogado de Trump","link":"https:\/\/www.eldigitaldeasturias.com\/noticias\/att-califica-de-gran-error-la-contratacion-del-abogado-de-trump\/"}],"_links":{"self":[{"href":"https:\/\/www.eldigitaldeasturias.com\/noticias\/wp-json\/wp\/v2\/posts\/979970","targetHints":{"allow":["GET"]}}],"collection":[{"href":"https:\/\/www.eldigitaldeasturias.com\/noticias\/wp-json\/wp\/v2\/posts"}],"about":[{"href":"https:\/\/www.eldigitaldeasturias.com\/noticias\/wp-json\/wp\/v2\/types\/post"}],"author":[{"embeddable":true,"href":"https:\/\/www.eldigitaldeasturias.com\/noticias\/wp-json\/wp\/v2\/users\/1"}],"replies":[{"embeddable":true,"href":"https:\/\/www.eldigitaldeasturias.com\/noticias\/wp-json\/wp\/v2\/comments?post=979970"}],"version-history":[{"count":0,"href":"https:\/\/www.eldigitaldeasturias.com\/noticias\/wp-json\/wp\/v2\/posts\/979970\/revisions"}],"wp:attachment":[{"href":"https:\/\/www.eldigitaldeasturias.com\/noticias\/wp-json\/wp\/v2\/media?parent=979970"}],"wp:term":[{"taxonomy":"category","embeddable":true,"href":"https:\/\/www.eldigitaldeasturias.com\/noticias\/wp-json\/wp\/v2\/categories?post=979970"},{"taxonomy":"post_tag","embeddable":true,"href":"https:\/\/www.eldigitaldeasturias.com\/noticias\/wp-json\/wp\/v2\/tags?post=979970"}],"curies":[{"name":"wp","href":"https:\/\/api.w.org\/{rel}","templated":true}]}}