{"id":979961,"date":"2018-05-11T23:42:12","date_gmt":"2018-05-11T23:42:12","guid":{"rendered":"http:\/\/www.eldigitaldeasturias.com\/noticias\/?p=979961"},"modified":"2018-05-11T23:42:12","modified_gmt":"2018-05-11T23:42:12","slug":"madres-de-abril-unidas-por-el-luto-reclaman-justicia-en-nicaragua","status":"publish","type":"post","link":"https:\/\/www.eldigitaldeasturias.com\/noticias\/madres-de-abril-unidas-por-el-luto-reclaman-justicia-en-nicaragua\/","title":{"rendered":"\u00abMadres de abril\u00bb, unidas por el luto, reclaman justicia en Nicaragua"},"content":{"rendered":"<p><img loading=\"lazy\" decoding=\"async\" class=\"alignleft size-medium wp-image-979962\" src=\"https:\/\/www.eldigitaldeasturias.com\/noticias\/wp-content\/uploads\/2018\/05\/flag-2528952_960_720-360x270.jpg\" alt=\"\" width=\"360\" height=\"270\" srcset=\"https:\/\/www.eldigitaldeasturias.com\/noticias\/wp-content\/uploads\/2018\/05\/flag-2528952_960_720-360x270.jpg 360w, https:\/\/www.eldigitaldeasturias.com\/noticias\/wp-content\/uploads\/2018\/05\/flag-2528952_960_720-768x576.jpg 768w, https:\/\/www.eldigitaldeasturias.com\/noticias\/wp-content\/uploads\/2018\/05\/flag-2528952_960_720-640x480.jpg 640w, https:\/\/www.eldigitaldeasturias.com\/noticias\/wp-content\/uploads\/2018\/05\/flag-2528952_960_720-90x67.jpg 90w, https:\/\/www.eldigitaldeasturias.com\/noticias\/wp-content\/uploads\/2018\/05\/flag-2528952_960_720.jpg 960w\" sizes=\"auto, (max-width: 360px) 100vw, 360px\" \/>Managua, 11 may (dpa) \u2013 Vestidas de negro, con pa\u00f1oletas blancas al cuello o sobre sus cabezas, m\u00e1s de 200 mujeres se reunieron este jueves en una avenida de Managua. En sus manos llevaban las fotos de sus hijos muertos en las protestas que han convulsionado a Nicaragua desde hace tres semanas.<\/p>\n<p>\u201cMadres de abril\u201d es el primer movimiento c\u00edvico integrado por las progenitoras, abuelas, t\u00edas o hermanas de los estudiantes afectados de una u otra forma por los sucesos violentos que sumieron al pa\u00eds centroamericano en la peor crisis de su historia reciente.<\/p>\n<p>\u00abDecidimos unirnos porque nos mueve la solidaridad con las madres de los muchachos asesinados por la Polic\u00eda\u00bb, declar\u00f3 a dpa la conocida poeta y te\u00f3loga Michele Najlis, una de las promotoras del grupo, que se propone mantener reuniones semanales.<\/p>\n<p>\u201cTambi\u00e9n representamos a las madres campesinas cuyos hijos han sido asesinados por este r\u00e9gimen en zonas rurales\u201d, acot\u00f3 la economista Ruth Selma Herrera, coordinadora del movimiento al que ya se han unido abogadas, escritoras, periodistas, ambientalistas, m\u00e9dicas y soci\u00f3logas.<\/p>\n<p>\u201cQueremos demandar justicia porque la muerte de mi hijo no puede quedar en vano. \u00c9l fue asesinado por este Gobierno delincuente y corrupto\u201d, dijo Rosa S\u00e1nchez, madre de Michael Cruz, de 30 a\u00f1os, que cursaba una maestr\u00eda en la Universidad Polit\u00e9cnica y falleci\u00f3 el 20 de abril por un disparo en el pecho.<\/p>\n<p>Ella emigr\u00f3 de Nicaragua a Estados Unidos en busca de trabajo hace 18 a\u00f1os, y hace unos d\u00edas regres\u00f3 para asistir al entierro de su hijo. No conf\u00eda en la comisi\u00f3n de la verdad creada por el Gobierno. \u201cPorque es absurdo pensar que ellos mismos se van a condenar. S\u00f3lo creo en la justicia divina y en la justicia internacional\u201d, dijo.<\/p>\n<p>A pocos metros marchaba la madre del periodista Angel Gahona, de 43 a\u00f1os, asesinado mientras transmit\u00eda por Facebook live los disturbios en la ciudad de Bluefields (surcaribe). Un impactante video que registr\u00f3 los \u00faltimos segundos de su vida estremeci\u00f3 las redes sociales el 21 de abril.<\/p>\n<p>\u201cPor la memoria de mi hijo, yo quiero la verdad sin tapujos\u201d, dijo con tristeza Amanda Gahona, en medio de otras mujeres que se secaban las l\u00e1grimas mientras clamaban \u201c\u00a1Justicia, justicia!\u201d<\/p>\n<p>La Polic\u00eda detuvo a dos j\u00f3venes afrodescendientes y la Fiscal\u00eda los acus\u00f3 por la muerte de Gahona, cuya familia sospecha que el crimen fue cometido por uniformados. \u201cQue se investigue a los verdaderos culpables, que est\u00e1n libres\u201d, insisti\u00f3 la madre.<\/p>\n<p>\u201cVivos se los llevaron, vivos los queremos\u201d, gritaron las mujeres en torno a la rotonda de Metrocentro, una transitada zona comercial de Managua. \u201cEran estudiantes, no eran delincuentes\u201d, corearon otras madres, en un reclamo similar al de los familiares de los 43 normalistas mexicanos de Ayotzinapa desaparecidos en Iguala, en 2014.<\/p>\n<p>Con las \u201cMadres de abril\u201d se solidariz\u00f3 tambi\u00e9n la ginec\u00f3loga argentina Ana Mar\u00eda Pizarro, exiliada por la dictadura militar (1976-1983) y radicada en Nicaragua desde la revoluci\u00f3n sandinista. Trabaj\u00f3 con el primer Gobierno de Daniel Ortega, entonces uno de los nueve comandantes izquierdistas que dirig\u00edan el pa\u00eds.<\/p>\n<p>\u201cEs incre\u00edble para m\u00ed estar viviendo esto ahora en Nicaragua. Despu\u00e9s de haber participado en una revoluci\u00f3n, me encuentro con los mismos reclamos de las madres argentinas frente a la dictadura militar: el cese de la represi\u00f3n y la justicia para los asesinados y desaparecidos\u201d, asever\u00f3.<\/p>\n<p>La crisis que enfrenta Nicaragua estall\u00f3 hace casi un mes, con una manifestaci\u00f3n estudiantil en rechazo a una reforma al Seguro Social, que aumentaba las cuotas de miles de trabajadores, jubilados y empresas. Sin embargo, las protestas se multiplicaron tras la violenta respuesta de la Polic\u00eda y de fuerzas de choque del Gobierno contra los manifestantes.<\/p>\n<p>El Gobierno reconoci\u00f3 diez fallecidos durante cinco d\u00edas de protestas, pero la no gubernamental Comisi\u00f3n Permanente de Derechos Humanos (CPDH) asegura que al menos 59 personas murieron y m\u00e1s de 400 resultaron heridas, en su gran mayor\u00eda j\u00f3venes estudiantes.<\/p>\n<p><i class=\"lang-es\"><span class=\" readonly\" title=\"\">Por Gabriela Selser (dpa)<\/span><\/i><\/p>\n","protected":false},"excerpt":{"rendered":"<p>Managua, 11 may (dpa) \u2013 Vestidas de negro, con pa\u00f1oletas blancas al cuello o sobre sus cabezas, m\u00e1s de 200 mujeres se reunieron este jueves en una avenida de Managua. En sus manos llevaban las fotos de sus hijos muertos en las protestas que han convulsionado a Nicaragua desde hace tres semanas. \u201cMadres de abril\u201d [&hellip;]<\/p>\n","protected":false},"author":1,"featured_media":979962,"comment_status":"closed","ping_status":"closed","sticky":false,"template":"","format":"standard","meta":{"footnotes":""},"categories":[1],"tags":[],"class_list":["post-979961","post","type-post","status-publish","format-standard","has-post-thumbnail","hentry","category-actualidad"],"aioseo_notices":[],"aioseo_head":"\n\t\t<!-- All in One SEO Pro 4.9.6.2 - aioseo.com -->\n\t<meta name=\"description\" content=\"Managua, 11 may (dpa) \u2013 Vestidas de negro, con pa\u00f1oletas blancas al cuello o sobre sus cabezas, m\u00e1s de 200 mujeres se reunieron este jueves en una avenida de Managua. En sus manos llevaban las fotos de sus hijos muertos en las protestas que han convulsionado a Nicaragua desde hace tres semanas. \u201cMadres de abril\u201d\" \/>\n\t<meta name=\"robots\" content=\"max-image-preview:large\" \/>\n\t<meta name=\"author\" content=\"El Digital de Asturias\"\/>\n\t<meta name=\"google-site-verification\" content=\"UA-38556648-1\" \/>\n\t<meta name=\"msvalidate.01\" content=\"7dfe9f3f1b24437ab69f4f2559babe99\" \/>\n\t<meta name=\"keywords\" content=\"actualidad\" \/>\n\t<link rel=\"canonical\" href=\"https:\/\/www.eldigitaldeasturias.com\/noticias\/madres-de-abril-unidas-por-el-luto-reclaman-justicia-en-nicaragua\/\" \/>\n\t<meta name=\"generator\" content=\"All in One SEO Pro (AIOSEO) 4.9.6.2\" \/>\n\t\t<meta property=\"og:locale\" content=\"es_ES\" \/>\n\t\t<meta property=\"og:site_name\" content=\"El Digital de Asturias\" \/>\n\t\t<meta property=\"og:type\" content=\"article\" \/>\n\t\t<meta property=\"og:title\" content=\"\u00abMadres de abril\u00bb, unidas por el luto, reclaman justicia en Nicaragua - El Digital de Asturias\" \/>\n\t\t<meta property=\"og:description\" content=\"Managua, 11 may (dpa) \u2013 Vestidas de negro, con pa\u00f1oletas blancas al cuello o sobre sus cabezas, m\u00e1s de 200 mujeres se reunieron este jueves en una avenida de Managua. En sus manos llevaban las fotos de sus hijos muertos en las protestas que han convulsionado a Nicaragua desde hace tres semanas. \u201cMadres de abril\u201d\" \/>\n\t\t<meta property=\"og:url\" content=\"https:\/\/www.eldigitaldeasturias.com\/noticias\/madres-de-abril-unidas-por-el-luto-reclaman-justicia-en-nicaragua\/\" \/>\n\t\t<meta property=\"og:image\" content=\"https:\/\/www.eldigitaldeasturias.com\/noticias\/wp-content\/uploads\/2018\/05\/flag-2528952_960_720.jpg\" \/>\n\t\t<meta property=\"og:image:secure_url\" content=\"https:\/\/www.eldigitaldeasturias.com\/noticias\/wp-content\/uploads\/2018\/05\/flag-2528952_960_720.jpg\" \/>\n\t\t<meta property=\"og:image:width\" content=\"960\" \/>\n\t\t<meta property=\"og:image:height\" content=\"720\" \/>\n\t\t<meta property=\"article:tag\" content=\"actualidad\" \/>\n\t\t<meta property=\"article:published_time\" content=\"2018-05-11T23:42:12+00:00\" \/>\n\t\t<meta property=\"article:modified_time\" content=\"2018-05-11T23:42:12+00:00\" \/>\n\t\t<meta property=\"article:publisher\" content=\"https:\/\/facebook.com\/eldigitaldeasturias\" \/>\n\t\t<meta name=\"twitter:card\" content=\"summary_large_image\" \/>\n\t\t<meta name=\"twitter:title\" content=\"\u00abMadres de abril\u00bb, unidas por el luto, reclaman justicia en Nicaragua - El Digital de Asturias\" \/>\n\t\t<meta name=\"twitter:description\" content=\"Managua, 11 may (dpa) \u2013 Vestidas de negro, con pa\u00f1oletas blancas al cuello o sobre sus cabezas, m\u00e1s de 200 mujeres se reunieron este jueves en una avenida de Managua. En sus manos llevaban las fotos de sus hijos muertos en las protestas que han convulsionado a Nicaragua desde hace tres semanas. \u201cMadres de abril\u201d\" \/>\n\t\t<meta name=\"twitter:image\" content=\"https:\/\/www.eldigitaldeasturias.com\/noticias\/wp-content\/uploads\/2018\/05\/flag-2528952_960_720.jpg\" \/>\n\t\t<meta name=\"twitter:label1\" content=\"Escrito por\" \/>\n\t\t<meta name=\"twitter:data1\" content=\"El Digital de Asturias\" \/>\n\t\t<meta name=\"twitter:label2\" content=\"Tiempo de lectura estimado\" \/>\n\t\t<meta name=\"twitter:data2\" content=\"3 minutos\" \/>\n\t\t<script type=\"application\/ld+json\" class=\"aioseo-schema\">\n\t\t\t{\"@context\":\"https:\\\/\\\/schema.org\",\"@graph\":[{\"@type\":\"BlogPosting\",\"@id\":\"https:\\\/\\\/www.eldigitaldeasturias.com\\\/noticias\\\/madres-de-abril-unidas-por-el-luto-reclaman-justicia-en-nicaragua\\\/#blogposting\",\"name\":\"\\u00abMadres de abril\\u00bb, unidas por el luto, reclaman justicia en Nicaragua - El Digital de Asturias\",\"headline\":\"\\u00abMadres de abril\\u00bb, unidas por el luto, reclaman justicia en Nicaragua\",\"author\":{\"@id\":\"https:\\\/\\\/www.eldigitaldeasturias.com\\\/noticias\\\/author\\\/admin\\\/#author\"},\"publisher\":{\"@id\":\"https:\\\/\\\/www.eldigitaldeasturias.com\\\/noticias\\\/#organization\"},\"image\":{\"@type\":\"ImageObject\",\"url\":\"https:\\\/\\\/www.eldigitaldeasturias.com\\\/noticias\\\/wp-content\\\/uploads\\\/2018\\\/05\\\/flag-2528952_960_720.jpg\",\"width\":960,\"height\":720},\"datePublished\":\"2018-05-11T23:42:12+02:00\",\"dateModified\":\"2018-05-11T23:42:12+02:00\",\"inLanguage\":\"es-ES\",\"mainEntityOfPage\":{\"@id\":\"https:\\\/\\\/www.eldigitaldeasturias.com\\\/noticias\\\/madres-de-abril-unidas-por-el-luto-reclaman-justicia-en-nicaragua\\\/#webpage\"},\"isPartOf\":{\"@id\":\"https:\\\/\\\/www.eldigitaldeasturias.com\\\/noticias\\\/madres-de-abril-unidas-por-el-luto-reclaman-justicia-en-nicaragua\\\/#webpage\"},\"articleSection\":\"Actualidad\"},{\"@type\":\"BreadcrumbList\",\"@id\":\"https:\\\/\\\/www.eldigitaldeasturias.com\\\/noticias\\\/madres-de-abril-unidas-por-el-luto-reclaman-justicia-en-nicaragua\\\/#breadcrumblist\",\"itemListElement\":[{\"@type\":\"ListItem\",\"@id\":\"https:\\\/\\\/www.eldigitaldeasturias.com\\\/noticias#listItem\",\"position\":1,\"name\":\"Home\",\"item\":\"https:\\\/\\\/www.eldigitaldeasturias.com\\\/noticias\",\"nextItem\":{\"@type\":\"ListItem\",\"@id\":\"https:\\\/\\\/www.eldigitaldeasturias.com\\\/noticias\\\/category\\\/actualidad\\\/#listItem\",\"name\":\"Actualidad\"}},{\"@type\":\"ListItem\",\"@id\":\"https:\\\/\\\/www.eldigitaldeasturias.com\\\/noticias\\\/category\\\/actualidad\\\/#listItem\",\"position\":2,\"name\":\"Actualidad\",\"item\":\"https:\\\/\\\/www.eldigitaldeasturias.com\\\/noticias\\\/category\\\/actualidad\\\/\",\"nextItem\":{\"@type\":\"ListItem\",\"@id\":\"https:\\\/\\\/www.eldigitaldeasturias.com\\\/noticias\\\/madres-de-abril-unidas-por-el-luto-reclaman-justicia-en-nicaragua\\\/#listItem\",\"name\":\"\\u00abMadres de abril\\u00bb, unidas por el luto, reclaman justicia en Nicaragua\"},\"previousItem\":{\"@type\":\"ListItem\",\"@id\":\"https:\\\/\\\/www.eldigitaldeasturias.com\\\/noticias#listItem\",\"name\":\"Home\"}},{\"@type\":\"ListItem\",\"@id\":\"https:\\\/\\\/www.eldigitaldeasturias.com\\\/noticias\\\/madres-de-abril-unidas-por-el-luto-reclaman-justicia-en-nicaragua\\\/#listItem\",\"position\":3,\"name\":\"\\u00abMadres de abril\\u00bb, unidas por el luto, reclaman justicia en Nicaragua\",\"previousItem\":{\"@type\":\"ListItem\",\"@id\":\"https:\\\/\\\/www.eldigitaldeasturias.com\\\/noticias\\\/category\\\/actualidad\\\/#listItem\",\"name\":\"Actualidad\"}}]},{\"@type\":\"Organization\",\"@id\":\"https:\\\/\\\/www.eldigitaldeasturias.com\\\/noticias\\\/#organization\",\"name\":\"El Digital de Asturias\",\"description\":\"Hemeroteca\",\"url\":\"https:\\\/\\\/www.eldigitaldeasturias.com\\\/noticias\\\/\",\"email\":\"info@eldigitaldeasturias.com\",\"telephone\":\"+34652131393\",\"logo\":{\"@type\":\"ImageObject\",\"url\":\"https:\\\/\\\/www.eldigitaldeasturias.com\\\/noticias\\\/wp-content\\\/uploads\\\/2020\\\/12\\\/EDA.jpg\",\"@id\":\"https:\\\/\\\/www.eldigitaldeasturias.com\\\/noticias\\\/madres-de-abril-unidas-por-el-luto-reclaman-justicia-en-nicaragua\\\/#organizationLogo\",\"width\":649,\"height\":297},\"image\":{\"@id\":\"https:\\\/\\\/www.eldigitaldeasturias.com\\\/noticias\\\/madres-de-abril-unidas-por-el-luto-reclaman-justicia-en-nicaragua\\\/#organizationLogo\"},\"sameAs\":[\"https:\\\/\\\/facebook.com\\\/eldigitaldeasturias\",\"https:\\\/\\\/www.youtube.com\\\/channel\\\/UCZP-2wLEB9Rv6erhFmqVnvg\"],\"address\":{\"@id\":\"https:\\\/\\\/www.eldigitaldeasturias.com\\\/noticias\\\/#postaladdress\",\"@type\":\"PostalAddress\",\"streetAddress\":\"san antonio 4,\",\"postalCode\":\"33430\",\"addressLocality\":\"Cand\\u00e1s\",\"addressRegion\":\"Asturias\",\"addressCountry\":\"ES\"}},{\"@type\":\"Person\",\"@id\":\"https:\\\/\\\/www.eldigitaldeasturias.com\\\/noticias\\\/author\\\/admin\\\/#author\",\"url\":\"https:\\\/\\\/www.eldigitaldeasturias.com\\\/noticias\\\/author\\\/admin\\\/\",\"name\":\"El Digital de Asturias\",\"image\":{\"@type\":\"ImageObject\",\"@id\":\"https:\\\/\\\/www.eldigitaldeasturias.com\\\/noticias\\\/madres-de-abril-unidas-por-el-luto-reclaman-justicia-en-nicaragua\\\/#authorImage\",\"url\":\"https:\\\/\\\/www.eldigitaldeasturias.com\\\/noticias\\\/wp-content\\\/litespeed\\\/avatar\\\/18677e78aa0546b92d9dbf31ec7d7668.jpg?ver=1777290358\",\"width\":96,\"height\":96,\"caption\":\"El Digital de Asturias\"}},{\"@type\":\"WebPage\",\"@id\":\"https:\\\/\\\/www.eldigitaldeasturias.com\\\/noticias\\\/madres-de-abril-unidas-por-el-luto-reclaman-justicia-en-nicaragua\\\/#webpage\",\"url\":\"https:\\\/\\\/www.eldigitaldeasturias.com\\\/noticias\\\/madres-de-abril-unidas-por-el-luto-reclaman-justicia-en-nicaragua\\\/\",\"name\":\"\\u00abMadres de abril\\u00bb, unidas por el luto, reclaman justicia en Nicaragua - El Digital de Asturias\",\"description\":\"Managua, 11 may (dpa) \\u2013 Vestidas de negro, con pa\\u00f1oletas blancas al cuello o sobre sus cabezas, m\\u00e1s de 200 mujeres se reunieron este jueves en una avenida de Managua. En sus manos llevaban las fotos de sus hijos muertos en las protestas que han convulsionado a Nicaragua desde hace tres semanas. \\u201cMadres de abril\\u201d\",\"inLanguage\":\"es-ES\",\"isPartOf\":{\"@id\":\"https:\\\/\\\/www.eldigitaldeasturias.com\\\/noticias\\\/#website\"},\"breadcrumb\":{\"@id\":\"https:\\\/\\\/www.eldigitaldeasturias.com\\\/noticias\\\/madres-de-abril-unidas-por-el-luto-reclaman-justicia-en-nicaragua\\\/#breadcrumblist\"},\"author\":{\"@id\":\"https:\\\/\\\/www.eldigitaldeasturias.com\\\/noticias\\\/author\\\/admin\\\/#author\"},\"creator\":{\"@id\":\"https:\\\/\\\/www.eldigitaldeasturias.com\\\/noticias\\\/author\\\/admin\\\/#author\"},\"image\":{\"@type\":\"ImageObject\",\"url\":\"https:\\\/\\\/www.eldigitaldeasturias.com\\\/noticias\\\/wp-content\\\/uploads\\\/2018\\\/05\\\/flag-2528952_960_720.jpg\",\"@id\":\"https:\\\/\\\/www.eldigitaldeasturias.com\\\/noticias\\\/madres-de-abril-unidas-por-el-luto-reclaman-justicia-en-nicaragua\\\/#mainImage\",\"width\":960,\"height\":720},\"primaryImageOfPage\":{\"@id\":\"https:\\\/\\\/www.eldigitaldeasturias.com\\\/noticias\\\/madres-de-abril-unidas-por-el-luto-reclaman-justicia-en-nicaragua\\\/#mainImage\"},\"datePublished\":\"2018-05-11T23:42:12+02:00\",\"dateModified\":\"2018-05-11T23:42:12+02:00\"},{\"@type\":\"WebSite\",\"@id\":\"https:\\\/\\\/www.eldigitaldeasturias.com\\\/noticias\\\/#website\",\"url\":\"https:\\\/\\\/www.eldigitaldeasturias.com\\\/noticias\\\/\",\"name\":\"El Digital de Asturias - Diario de actualidad y noticias\",\"alternateName\":\"El Digital de Asturias - Diario de actualidad y noticias\",\"description\":\"Hemeroteca\",\"inLanguage\":\"es-ES\",\"publisher\":{\"@id\":\"https:\\\/\\\/www.eldigitaldeasturias.com\\\/noticias\\\/#organization\"}}]}\n\t\t<\/script>\n\t\t<!-- All in One SEO Pro -->\r\n\t\t<title>\u00abMadres de abril\u00bb, unidas por el luto, reclaman justicia en Nicaragua - El Digital de Asturias<\/title>\n\n","aioseo_head_json":{"title":"\u00abMadres de abril\u00bb, unidas por el luto, reclaman justicia en Nicaragua - El Digital de Asturias","description":"Managua, 11 may (dpa) \u2013 Vestidas de negro, con pa\u00f1oletas blancas al cuello o sobre sus cabezas, m\u00e1s de 200 mujeres se reunieron este jueves en una avenida de Managua. En sus manos llevaban las fotos de sus hijos muertos en las protestas que han convulsionado a Nicaragua desde hace tres semanas. \u201cMadres de abril\u201d","canonical_url":"https:\/\/www.eldigitaldeasturias.com\/noticias\/madres-de-abril-unidas-por-el-luto-reclaman-justicia-en-nicaragua\/","robots":"max-image-preview:large","keywords":"actualidad","webmasterTools":{"google-site-verification":"UA-38556648-1","msvalidate.01":"7dfe9f3f1b24437ab69f4f2559babe99","miscellaneous":""},"schema":{"@context":"https:\/\/schema.org","@graph":[{"@type":"BlogPosting","@id":"https:\/\/www.eldigitaldeasturias.com\/noticias\/madres-de-abril-unidas-por-el-luto-reclaman-justicia-en-nicaragua\/#blogposting","name":"\u00abMadres de abril\u00bb, unidas por el luto, reclaman justicia en Nicaragua - El Digital de Asturias","headline":"\u00abMadres de abril\u00bb, unidas por el luto, reclaman justicia en Nicaragua","author":{"@id":"https:\/\/www.eldigitaldeasturias.com\/noticias\/author\/admin\/#author"},"publisher":{"@id":"https:\/\/www.eldigitaldeasturias.com\/noticias\/#organization"},"image":{"@type":"ImageObject","url":"https:\/\/www.eldigitaldeasturias.com\/noticias\/wp-content\/uploads\/2018\/05\/flag-2528952_960_720.jpg","width":960,"height":720},"datePublished":"2018-05-11T23:42:12+02:00","dateModified":"2018-05-11T23:42:12+02:00","inLanguage":"es-ES","mainEntityOfPage":{"@id":"https:\/\/www.eldigitaldeasturias.com\/noticias\/madres-de-abril-unidas-por-el-luto-reclaman-justicia-en-nicaragua\/#webpage"},"isPartOf":{"@id":"https:\/\/www.eldigitaldeasturias.com\/noticias\/madres-de-abril-unidas-por-el-luto-reclaman-justicia-en-nicaragua\/#webpage"},"articleSection":"Actualidad"},{"@type":"BreadcrumbList","@id":"https:\/\/www.eldigitaldeasturias.com\/noticias\/madres-de-abril-unidas-por-el-luto-reclaman-justicia-en-nicaragua\/#breadcrumblist","itemListElement":[{"@type":"ListItem","@id":"https:\/\/www.eldigitaldeasturias.com\/noticias#listItem","position":1,"name":"Home","item":"https:\/\/www.eldigitaldeasturias.com\/noticias","nextItem":{"@type":"ListItem","@id":"https:\/\/www.eldigitaldeasturias.com\/noticias\/category\/actualidad\/#listItem","name":"Actualidad"}},{"@type":"ListItem","@id":"https:\/\/www.eldigitaldeasturias.com\/noticias\/category\/actualidad\/#listItem","position":2,"name":"Actualidad","item":"https:\/\/www.eldigitaldeasturias.com\/noticias\/category\/actualidad\/","nextItem":{"@type":"ListItem","@id":"https:\/\/www.eldigitaldeasturias.com\/noticias\/madres-de-abril-unidas-por-el-luto-reclaman-justicia-en-nicaragua\/#listItem","name":"\u00abMadres de abril\u00bb, unidas por el luto, reclaman justicia en Nicaragua"},"previousItem":{"@type":"ListItem","@id":"https:\/\/www.eldigitaldeasturias.com\/noticias#listItem","name":"Home"}},{"@type":"ListItem","@id":"https:\/\/www.eldigitaldeasturias.com\/noticias\/madres-de-abril-unidas-por-el-luto-reclaman-justicia-en-nicaragua\/#listItem","position":3,"name":"\u00abMadres de abril\u00bb, unidas por el luto, reclaman justicia en Nicaragua","previousItem":{"@type":"ListItem","@id":"https:\/\/www.eldigitaldeasturias.com\/noticias\/category\/actualidad\/#listItem","name":"Actualidad"}}]},{"@type":"Organization","@id":"https:\/\/www.eldigitaldeasturias.com\/noticias\/#organization","name":"El Digital de Asturias","description":"Hemeroteca","url":"https:\/\/www.eldigitaldeasturias.com\/noticias\/","email":"info@eldigitaldeasturias.com","telephone":"+34652131393","logo":{"@type":"ImageObject","url":"https:\/\/www.eldigitaldeasturias.com\/noticias\/wp-content\/uploads\/2020\/12\/EDA.jpg","@id":"https:\/\/www.eldigitaldeasturias.com\/noticias\/madres-de-abril-unidas-por-el-luto-reclaman-justicia-en-nicaragua\/#organizationLogo","width":649,"height":297},"image":{"@id":"https:\/\/www.eldigitaldeasturias.com\/noticias\/madres-de-abril-unidas-por-el-luto-reclaman-justicia-en-nicaragua\/#organizationLogo"},"sameAs":["https:\/\/facebook.com\/eldigitaldeasturias","https:\/\/www.youtube.com\/channel\/UCZP-2wLEB9Rv6erhFmqVnvg"],"address":{"@id":"https:\/\/www.eldigitaldeasturias.com\/noticias\/#postaladdress","@type":"PostalAddress","streetAddress":"san antonio 4,","postalCode":"33430","addressLocality":"Cand\u00e1s","addressRegion":"Asturias","addressCountry":"ES"}},{"@type":"Person","@id":"https:\/\/www.eldigitaldeasturias.com\/noticias\/author\/admin\/#author","url":"https:\/\/www.eldigitaldeasturias.com\/noticias\/author\/admin\/","name":"El Digital de Asturias","image":{"@type":"ImageObject","@id":"https:\/\/www.eldigitaldeasturias.com\/noticias\/madres-de-abril-unidas-por-el-luto-reclaman-justicia-en-nicaragua\/#authorImage","url":"https:\/\/www.eldigitaldeasturias.com\/noticias\/wp-content\/litespeed\/avatar\/18677e78aa0546b92d9dbf31ec7d7668.jpg?ver=1777290358","width":96,"height":96,"caption":"El Digital de Asturias"}},{"@type":"WebPage","@id":"https:\/\/www.eldigitaldeasturias.com\/noticias\/madres-de-abril-unidas-por-el-luto-reclaman-justicia-en-nicaragua\/#webpage","url":"https:\/\/www.eldigitaldeasturias.com\/noticias\/madres-de-abril-unidas-por-el-luto-reclaman-justicia-en-nicaragua\/","name":"\u00abMadres de abril\u00bb, unidas por el luto, reclaman justicia en Nicaragua - El Digital de Asturias","description":"Managua, 11 may (dpa) \u2013 Vestidas de negro, con pa\u00f1oletas blancas al cuello o sobre sus cabezas, m\u00e1s de 200 mujeres se reunieron este jueves en una avenida de Managua. En sus manos llevaban las fotos de sus hijos muertos en las protestas que han convulsionado a Nicaragua desde hace tres semanas. \u201cMadres de abril\u201d","inLanguage":"es-ES","isPartOf":{"@id":"https:\/\/www.eldigitaldeasturias.com\/noticias\/#website"},"breadcrumb":{"@id":"https:\/\/www.eldigitaldeasturias.com\/noticias\/madres-de-abril-unidas-por-el-luto-reclaman-justicia-en-nicaragua\/#breadcrumblist"},"author":{"@id":"https:\/\/www.eldigitaldeasturias.com\/noticias\/author\/admin\/#author"},"creator":{"@id":"https:\/\/www.eldigitaldeasturias.com\/noticias\/author\/admin\/#author"},"image":{"@type":"ImageObject","url":"https:\/\/www.eldigitaldeasturias.com\/noticias\/wp-content\/uploads\/2018\/05\/flag-2528952_960_720.jpg","@id":"https:\/\/www.eldigitaldeasturias.com\/noticias\/madres-de-abril-unidas-por-el-luto-reclaman-justicia-en-nicaragua\/#mainImage","width":960,"height":720},"primaryImageOfPage":{"@id":"https:\/\/www.eldigitaldeasturias.com\/noticias\/madres-de-abril-unidas-por-el-luto-reclaman-justicia-en-nicaragua\/#mainImage"},"datePublished":"2018-05-11T23:42:12+02:00","dateModified":"2018-05-11T23:42:12+02:00"},{"@type":"WebSite","@id":"https:\/\/www.eldigitaldeasturias.com\/noticias\/#website","url":"https:\/\/www.eldigitaldeasturias.com\/noticias\/","name":"El Digital de Asturias - Diario de actualidad y noticias","alternateName":"El Digital de Asturias - Diario de actualidad y noticias","description":"Hemeroteca","inLanguage":"es-ES","publisher":{"@id":"https:\/\/www.eldigitaldeasturias.com\/noticias\/#organization"}}]},"og:locale":"es_ES","og:site_name":"El Digital de Asturias","og:type":"article","og:title":"\u00abMadres de abril\u00bb, unidas por el luto, reclaman justicia en Nicaragua - El Digital de Asturias","og:description":"Managua, 11 may (dpa) \u2013 Vestidas de negro, con pa\u00f1oletas blancas al cuello o sobre sus cabezas, m\u00e1s de 200 mujeres se reunieron este jueves en una avenida de Managua. En sus manos llevaban las fotos de sus hijos muertos en las protestas que han convulsionado a Nicaragua desde hace tres semanas. \u201cMadres de abril\u201d","og:url":"https:\/\/www.eldigitaldeasturias.com\/noticias\/madres-de-abril-unidas-por-el-luto-reclaman-justicia-en-nicaragua\/","og:image":"https:\/\/www.eldigitaldeasturias.com\/noticias\/wp-content\/uploads\/2018\/05\/flag-2528952_960_720.jpg","og:image:secure_url":"https:\/\/www.eldigitaldeasturias.com\/noticias\/wp-content\/uploads\/2018\/05\/flag-2528952_960_720.jpg","og:image:width":960,"og:image:height":720,"article:tag":["actualidad"],"article:published_time":"2018-05-11T23:42:12+00:00","article:modified_time":"2018-05-11T23:42:12+00:00","article:publisher":"https:\/\/facebook.com\/eldigitaldeasturias","twitter:card":"summary_large_image","twitter:title":"\u00abMadres de abril\u00bb, unidas por el luto, reclaman justicia en Nicaragua - El Digital de Asturias","twitter:description":"Managua, 11 may (dpa) \u2013 Vestidas de negro, con pa\u00f1oletas blancas al cuello o sobre sus cabezas, m\u00e1s de 200 mujeres se reunieron este jueves en una avenida de Managua. En sus manos llevaban las fotos de sus hijos muertos en las protestas que han convulsionado a Nicaragua desde hace tres semanas. \u201cMadres de abril\u201d","twitter:image":"https:\/\/www.eldigitaldeasturias.com\/noticias\/wp-content\/uploads\/2018\/05\/flag-2528952_960_720.jpg","twitter:label1":"Escrito por","twitter:data1":"El Digital de Asturias","twitter:label2":"Tiempo de lectura estimado","twitter:data2":"3 minutos"},"aioseo_meta_data":{"post_id":"979961","title":null,"description":null,"keywords":null,"keyphrases":null,"primary_term":null,"canonical_url":null,"og_title":null,"og_description":null,"og_object_type":"default","og_image_type":"default","og_image_url":null,"og_image_width":null,"og_image_height":null,"og_image_custom_url":null,"og_image_custom_fields":null,"og_video":null,"og_custom_url":null,"og_article_section":null,"og_article_tags":null,"twitter_use_og":false,"twitter_card":"default","twitter_image_type":"default","twitter_image_url":null,"twitter_image_custom_url":null,"twitter_image_custom_fields":null,"twitter_title":null,"twitter_description":null,"schema":{"blockGraphs":[],"customGraphs":[],"default":{"data":{"Article":[],"Course":[],"Dataset":[],"FAQPage":[],"Movie":[],"Person":[],"Product":[],"ProductReview":[],"Car":[],"Recipe":[],"Service":[],"SoftwareApplication":[],"WebPage":[]},"graphName":"","isEnabled":true},"graphs":[],"defaultGraph":"","defaultPostTypeGraph":""},"schema_type":null,"schema_type_options":null,"pillar_content":false,"robots_default":true,"robots_noindex":false,"robots_noarchive":false,"robots_nosnippet":false,"robots_nofollow":false,"robots_noimageindex":false,"robots_noodp":false,"robots_notranslate":false,"robots_max_snippet":null,"robots_max_videopreview":null,"robots_max_imagepreview":"large","priority":null,"frequency":null,"local_seo":null,"seo_analyzer_scan_date":"2025-10-08 16:13:07","breadcrumb_settings":null,"limit_modified_date":false,"open_ai":null,"ai":null,"created":"2020-12-21 11:58:36","updated":"2025-10-08 16:13:07"},"aioseo_breadcrumb":"<div class=\"aioseo-breadcrumbs\"><span class=\"aioseo-breadcrumb\">\n\t<a href=\"https:\/\/www.eldigitaldeasturias.com\/noticias\" title=\"Home\">Home<\/a>\n<\/span><span class=\"aioseo-breadcrumb-separator\">\u2013<\/span><span class=\"aioseo-breadcrumb\">\n\t<a href=\"https:\/\/www.eldigitaldeasturias.com\/noticias\/category\/actualidad\/\" title=\"Actualidad\">Actualidad<\/a>\n<\/span><span class=\"aioseo-breadcrumb-separator\">\u2013<\/span><span class=\"aioseo-breadcrumb\">\n\t<a href=\"https:\/\/www.eldigitaldeasturias.com\/noticias\/madres-de-abril-unidas-por-el-luto-reclaman-justicia-en-nicaragua\/\" title=\"\u00abMadres de abril\u00bb, unidas por el luto, reclaman justicia en Nicaragua\">\u00abMadres de abril\u00bb, unidas por el luto, reclaman justicia en Nicaragua<\/a>\n<\/span><\/div>","aioseo_breadcrumb_json":[{"label":"Home","link":"https:\/\/www.eldigitaldeasturias.com\/noticias"},{"label":"Actualidad","link":"https:\/\/www.eldigitaldeasturias.com\/noticias\/category\/actualidad\/"},{"label":"\u00abMadres de abril\u00bb, unidas por el luto, reclaman justicia en Nicaragua","link":"https:\/\/www.eldigitaldeasturias.com\/noticias\/madres-de-abril-unidas-por-el-luto-reclaman-justicia-en-nicaragua\/"}],"_links":{"self":[{"href":"https:\/\/www.eldigitaldeasturias.com\/noticias\/wp-json\/wp\/v2\/posts\/979961","targetHints":{"allow":["GET"]}}],"collection":[{"href":"https:\/\/www.eldigitaldeasturias.com\/noticias\/wp-json\/wp\/v2\/posts"}],"about":[{"href":"https:\/\/www.eldigitaldeasturias.com\/noticias\/wp-json\/wp\/v2\/types\/post"}],"author":[{"embeddable":true,"href":"https:\/\/www.eldigitaldeasturias.com\/noticias\/wp-json\/wp\/v2\/users\/1"}],"replies":[{"embeddable":true,"href":"https:\/\/www.eldigitaldeasturias.com\/noticias\/wp-json\/wp\/v2\/comments?post=979961"}],"version-history":[{"count":0,"href":"https:\/\/www.eldigitaldeasturias.com\/noticias\/wp-json\/wp\/v2\/posts\/979961\/revisions"}],"wp:featuredmedia":[{"embeddable":true,"href":"https:\/\/www.eldigitaldeasturias.com\/noticias\/wp-json\/wp\/v2\/media\/979962"}],"wp:attachment":[{"href":"https:\/\/www.eldigitaldeasturias.com\/noticias\/wp-json\/wp\/v2\/media?parent=979961"}],"wp:term":[{"taxonomy":"category","embeddable":true,"href":"https:\/\/www.eldigitaldeasturias.com\/noticias\/wp-json\/wp\/v2\/categories?post=979961"},{"taxonomy":"post_tag","embeddable":true,"href":"https:\/\/www.eldigitaldeasturias.com\/noticias\/wp-json\/wp\/v2\/tags?post=979961"}],"curies":[{"name":"wp","href":"https:\/\/api.w.org\/{rel}","templated":true}]}}